{"id":792,"date":"2007-02-26T00:00:00","date_gmt":"2007-02-26T00:00:00","guid":{"rendered":""},"modified":"2020-04-06T22:35:45","modified_gmt":"2020-04-06T20:35:45","slug":"kremtimi-i-krishtlindjes-ne-tirane-2007","status":"publish","type":"post","link":"https:\/\/orthodoxalbania.org\/2020\/2007\/02\/26\/kremtimi-i-krishtlindjes-ne-tirane-2007\/","title":{"rendered":"Kremtimi i Krishtlindjes n\u00eb Tiran\u00eb. (2007)"},"content":{"rendered":"<p><span style=\"color: #000000;\"><span style=\"font-family: tahoma,geneva,sans-serif;\"><span style=\"font-size: 12px;\"><img decoding=\"async\" class=\"lazyload HAa Eha\" style=\"border-width: 1px; border-style: solid; margin: 10px auto; display: block;\" alt=\"\" src=\"data:image\/gif;base64,R0lGODlhAQABAAAAACH5BAEKAAEALAAAAAABAAEAAAICTAEAOw==\" data-orig-src=\"https:\/\/lh6.googleusercontent.com\/-VFBzgDoqWBk\/VIrnsLRSg2I\/AAAAAAAAHLs\/Z8H6ta-otfc\/w400-h266-no\/8.jpg\" \/><\/span><\/span><\/span><\/p>\n<p style=\"text-align: justify;\"> <span style=\"color: #000000;\"><span style=\"font-family: tahoma,geneva,sans-serif;\"><span style=\"font-size: 12px;\">&nbsp;&nbsp;&nbsp;&nbsp; Atmosfera festive e Krishtlindjes nisi t\u00eb ndihej q\u00eb m\u00eb par\u00eb, me p\u00ebrgatitjet p\u00ebr ta pritur sa m\u00eb mir\u00eb Krishtin-Foshnje, pas nj\u00eb periudhe t\u00eb gjat\u00eb kreshmimi dhe lutjeje, si edhe me veprimtarit\u00eb e t\u00eb rinjve dhe f\u00ebmij\u00ebve etj.<\/span><\/span><\/span><\/p>\n<p style=\"text-align: justify;\"><span style=\"color: #000000;\"><span style=\"font-family: tahoma,geneva,sans-serif;\"><span style=\"font-size: 12px;\">&nbsp;&nbsp;&nbsp;&nbsp; Kremtimi i par\u00eb ishte ai t\u00eb Diel\u00ebn e Para-Krishtlindjes, pasditen e s\u00eb cil\u00ebs besimtar\u00ebt t\u00eb mbledhur n\u00eb kish\u00ebn \u201cUngjill\u00ebzimi i Per\u00ebndilind\u00ebses Mari\u201d, mor\u00ebn pjes\u00eb n\u00eb Misterin e Efqelis\u00eb, at\u00eb t\u00eb lyerjes me vaj t\u00eb shenjt\u00ebruar. Nj\u00eb tradit\u00eb kjo tashm\u00eb e konsoliduar n\u00eb pritje t\u00eb k\u00ebsaj t\u00eb kremteje t\u00eb madhe.<\/span><\/span><\/span><\/p>\n<p style=\"text-align: justify;\"><span style=\"color: #000000;\"><span style=\"font-family: tahoma,geneva,sans-serif;\"><span style=\"font-size: 12px;\">&nbsp;&nbsp;&nbsp;&nbsp; T\u00eb h\u00ebn\u00ebn, 24 dhjetor, her\u00ebt n\u00eb m\u00ebngjes besimtar\u00ebt mor\u00ebn pjes\u00eb n\u00eb sh\u00ebrbes\u00ebn e bukur t\u00eb Or\u00ebve t\u00eb M\u00ebdha t\u00eb Krishtlindjes, t\u00eb mbushur me tropare dhe me lexime nga Dhiata e Vjet\u00ebr dhe e Re, q\u00eb flasin p\u00ebr Lindjen e Krishtit, duke u pasuar m\u00eb pas me sh\u00ebrbes\u00ebn e Mbr\u00ebm\u00ebsores dhe at\u00eb t\u00eb Liturgjis\u00eb Hyjnore t\u00eb Vasilit t\u00eb Madh.<\/span><\/span><\/span><\/p>\n<p style=\"text-align: justify;\"><span style=\"color: #000000;\"><span style=\"font-family: tahoma,geneva,sans-serif;\"><span style=\"font-size: 12px;\">&nbsp;&nbsp;&nbsp;&nbsp; E ve\u00e7anta e k\u00ebsaj dite ishte nj\u00eb grup i madh f\u00ebmij\u00ebsh dhe t\u00eb rinjsh, t\u00eb cil\u00ebt k\u00ebndonin kolendrat tradicionale, duke shkuar n\u00ebp\u00ebr sht\u00ebpit\u00eb e besimtar\u00ebve. Ata shkuan edhe n\u00eb Kryepiskopat\u00ebn e Hirshme dhe g\u00ebzuan e bashk\u00ebbiseduan me Kryepiskopin Anastas.<\/span><\/span><\/span><\/p>\n<table id=\"AutoNumber2\" border=\"0\">\n<tbody>\n<tr>\n<td>\n<p><span style=\"color: #000000;\"><span style=\"font-family: tahoma,geneva,sans-serif;\"><span style=\"font-size: 12px;\"><img decoding=\"async\" class=\"lazyload HAa Eha\" style=\"border-width: 1px; border-style: solid; margin: 10px;\" alt=\"\" src=\"data:image\/gif;base64,R0lGODlhAQABAAAAACH5BAEKAAEALAAAAAABAAEAAAICTAEAOw==\" data-orig-src=\"https:\/\/lh3.googleusercontent.com\/-Oxb9hjVMIH0\/VIrnqVuj-CI\/AAAAAAAAHL4\/T6cH0hrLsTQ\/w400-h225-no\/1.jpg\" \/><\/span><\/span><\/span><\/p>\n<\/td>\n<td>\n<p style=\"text-align: justify;\"><span style=\"color: #000000;\"><span style=\"font-family: tahoma,geneva,sans-serif;\"><span style=\"font-size: 12px;\">&nbsp;&nbsp;&nbsp;&nbsp; T\u00eb gjitha veprimtarit\u00eb dhe p\u00ebrgatitjet shpirt\u00ebrore t\u00eb besimtar\u00ebve orthodhoks\u00eb kulmuan, n\u00eb dat\u00eb 25 Dhjetor, me Sh\u00ebrbesat festive dhe Liturgjin\u00eb Hyjnore t\u00eb Krishtlindjes, t\u00eb cilat u kryen nga Fortlumturia e Tij Anastasi, i cili lexoi Mesazhin e fest\u00ebs, q\u00eb k\u00ebt\u00eb vit kishte si tem\u00eb \u201cM\u00ebrgimin\u201d.<\/span><\/span><\/span><\/p>\n<\/td>\n<\/tr>\n<tr>\n<td>\n<p style=\"text-align: justify;\"><span style=\"color: #000000;\"><span style=\"font-family: tahoma,geneva,sans-serif;\"><span style=\"font-size: 12px;\">&nbsp;&nbsp;&nbsp;&nbsp; Pas kremtimit, g\u00ebzimi dhe atmosfera festive &nbsp;vazhdoi t\u00ebr\u00eb dit\u00ebn, nga mij\u00ebra e mij\u00ebra besimtar\u00eb e banor\u00eb t\u00eb kryeqytetit, q\u00eb vazhdonin t\u00eb vinin n\u00eb kish\u00eb p\u00ebr gjat\u00eb gjith\u00eb dit\u00ebs. Nj\u00eb atmosfer\u00eb e till\u00eb ishte krijuar edhe n\u00eb mjediset e Kryepiskopat\u00ebs s\u00eb Shenjt\u00eb, ku priteshin vizitat e urimit t\u00eb p\u00ebrfaq\u00ebsuesve t\u00eb komuniteteve t\u00eb tjera fetare, personaliteteve t\u00eb larta shtet\u00ebrore, intelektual\u00ebve t\u00eb shquar dhe shum\u00eb besimtar\u00ebve. \u201cNj\u00eb dit\u00eb jo vet\u00ebm e g\u00ebzimit, por edhe e dashuris\u00eb dhe e shpres\u00ebs\u201d, do ta cil\u00ebsonte Kryepiskopi Anastas, t\u00eb kremten e Krishtlindjes, kur Presidenti i Republik\u00ebs, z. Bamir Topi do t\u00eb vinte p\u00ebr t\u00eb uruar Komunitetin Orthodhoks, duke vazhduar: \u201c&#8230;Ne e dim\u00eb q\u00eb n\u00eb p\u00ebrpjekjet tuaja p\u00ebr t\u00eb p\u00ebrmbushur misionin keni v\u00ebshtir\u00ebsi, k\u00ebshtu ne me gjith\u00eb zem\u00ebr ju urojm\u00eb urt\u00ebsin\u00eb e Per\u00ebndis\u00eb,&nbsp; fuqi dhe g\u00ebzim q\u00eb t\u00eb p\u00ebrmbushen t\u00eb gjitha angazhimet tuaja dhe t\u00eb ndihmoni vendin ton\u00eb t\u00eb dashur t\u00eb jet\u00eb n\u00eb ball\u00eb t\u00eb historis\u00eb evropiane, por patjet\u00ebr edhe asaj ballkanike\u201d.&nbsp;<\/span><\/span><\/span><\/p>\n<\/td>\n<td>\n<p><span style=\"color: #000000;\"><span style=\"font-family: tahoma,geneva,sans-serif;\"><span style=\"font-size: 12px;\"><img decoding=\"async\" class=\"lazyload HAa Eha\" style=\"border-width: 1px; border-style: solid; margin: 10px auto; display: block;\" alt=\"\" src=\"data:image\/gif;base64,R0lGODlhAQABAAAAACH5BAEKAAEALAAAAAABAAEAAAICTAEAOw==\" data-orig-src=\"https:\/\/lh4.googleusercontent.com\/-hvDjBkjlbLg\/VIrnqI27T8I\/AAAAAAAAHLM\/bWFxvDtuem8\/w225-h400-no\/2.jpg\" \/><\/span><\/span><\/span><\/p>\n<\/td>\n<\/tr>\n<tr>\n<td>\n<p><span style=\"color: #000000;\"><span style=\"font-family: tahoma,geneva,sans-serif;\"><span style=\"font-size: 12px;\"><img decoding=\"async\" class=\"lazyload HAa Eha\" style=\"border-width: 1px; border-style: solid; margin: 10px;\" alt=\"\" src=\"data:image\/gif;base64,R0lGODlhAQABAAAAACH5BAEKAAEALAAAAAABAAEAAAICTAEAOw==\" data-orig-src=\"https:\/\/lh4.googleusercontent.com\/-PkvqpDU17Nc\/VIrnqWiqcZI\/AAAAAAAAHMA\/bGerLb8zM00\/w400-h225-no\/3.jpg\" \/><\/span><\/span><\/span><\/p>\n<\/td>\n<td>\n<p style=\"text-align: justify;\"><span style=\"color: #000000;\"><span style=\"font-family: tahoma,geneva,sans-serif;\"><span style=\"font-size: 12px;\">&nbsp;&nbsp;&nbsp;&nbsp; &nbsp;M\u00eb pas, Presidenti Topi uroi dhe fal\u00ebnderoi Kryepiskopin Anastas p\u00ebr rolin e madh q\u00eb ka luajtur p\u00ebr bashk\u00ebjetes\u00ebn fetare n\u00eb vend: \u201cNe vler\u00ebsojm\u00eb shum\u00eb rolin tuaj Hir\u00ebsi dhe vler\u00ebsimi juaj \u00ebsht\u00eb tek zemrat e t\u00eb gjith\u00ebve, jo vet\u00ebm tek besimtar\u00ebt, por besoj edhe tek politikan\u00ebt, ku diku e predikojn\u00eb, diku jo. Por besoj se mesazhi m\u00eb i r\u00ebnd\u00ebsish\u00ebm \u00ebsht\u00eb p\u00ebr politikan\u00ebt, q\u00eb t\u2019i kthehen dialogut, t\u00eb shohin m\u00eb shum\u00eb tek njer\u00ebzit e thjesht\u00eb se sa t\u00eb merren me veten e tyre\u201d.<\/span><\/span><\/span><\/p>\n<\/td>\n<\/tr>\n<tr>\n<td>\n<p style=\"text-align: justify;\"><span style=\"color: #000000;\"><span style=\"font-family: tahoma,geneva,sans-serif;\"><span style=\"font-size: 12px;\">&nbsp;&nbsp;&nbsp;&nbsp; P\u00ebr urim erdh\u00ebn e Kryetarja e Parlamentit znj. Jozefina Topalli, p\u00ebrfaq\u00ebsues t\u00eb opozit\u00ebs, drejtues t\u00eb komuniteteve t\u00eb tjera fetare, p\u00ebrfaq\u00ebsues t\u00eb Trupit Diplomatik etj.<\/span><\/span><\/span><\/p>\n<p>&nbsp;<\/p>\n<p>&nbsp;<\/p>\n<\/td>\n<td>\n<p><span style=\"color: #000000;\"><span style=\"font-family: tahoma,geneva,sans-serif;\"><span style=\"font-size: 12px;\"><img decoding=\"async\" class=\"lazyload HAa Eha\" style=\"border-width: 1px; border-style: solid; margin: 10px;\" alt=\"\" src=\"data:image\/gif;base64,R0lGODlhAQABAAAAACH5BAEKAAEALAAAAAABAAEAAAICTAEAOw==\" data-orig-src=\"https:\/\/lh4.googleusercontent.com\/-ddNwBF553_k\/VIrnqqNJ0yI\/AAAAAAAAHL0\/VmVwu-S_XCs\/w400-h261-no\/4.jpg\" \/><\/span><\/span><\/span><\/p>\n<\/td>\n<\/tr>\n<tr>\n<td>\n<p><span style=\"color: #000000;\"><span style=\"font-family: tahoma,geneva,sans-serif;\"><span style=\"font-size: 12px;\"><img decoding=\"async\" class=\"lazyload HAa Eha\" style=\"border-width: 1px; border-style: solid; margin: 10px;\" alt=\"\" src=\"data:image\/gif;base64,R0lGODlhAQABAAAAACH5BAEKAAEALAAAAAABAAEAAAICTAEAOw==\" data-orig-src=\"https:\/\/lh4.googleusercontent.com\/-SLynMj8aqLs\/VIrnrMIjHPI\/AAAAAAAAHLw\/x4MRpkv2BFA\/w400-h225-no\/5.jpg\" \/><\/span><\/span><\/span><\/p>\n<\/td>\n<td>\n<p style=\"text-align: justify;\"><span style=\"color: #000000;\"><span style=\"font-family: tahoma,geneva,sans-serif;\"><span style=\"font-size: 12px;\">&nbsp;&nbsp;&nbsp;&nbsp; Por edhe Kryeministri z. Sali Berisha, pas vizit\u00ebs q\u00eb b\u00ebri n\u00eb qytetin e Kor\u00e7\u00ebs, erdhi p\u00ebr urim n\u00eb or\u00ebt e mesdit\u00ebs n\u00eb Kryepiskopat\u00eb. Ai uroi: \u201c&#8230; besimtar\u00ebt orthodhoks\u00eb, t\u00eb krishter\u00ebt dhe t\u00eb gjith\u00eb besimtar\u00ebt shqiptar\u00eb p\u00ebr k\u00ebt\u00eb dit\u00eb t\u00eb madhe t\u00eb lindjes s\u00eb Krishtit&#8230; Lindja e Krishtit \u00ebsht\u00eb ngjarja m\u00eb e madhe p\u00ebr njer\u00ebzimin dhe prandaj ai \u00ebsht\u00eb i hyjnizuar e i respektuar n\u00eb t\u00eb gjitha besimet\u201d.<\/span><\/span><\/span><\/p>\n<\/td>\n<\/tr>\n<tr>\n<td>\n<p style=\"text-align: justify;\"><span style=\"color: #000000;\"><span style=\"font-family: tahoma,geneva,sans-serif;\"><span style=\"font-size: 12px;\">&nbsp;&nbsp;&nbsp;&nbsp; Kryepiskopi Anastas pasi shprehu g\u00ebzimin p\u00ebr vizit\u00ebn e Kryeministrit cil\u00ebsoi: \u201c&#8230; feja ka p\u00ebrher\u00eb r\u00ebnd\u00ebsi &#8230; Krishtlindjet tregojn\u00eb se Per\u00ebndia erdhi jo thjesht t\u00eb na vizitonte, por t\u00eb banonte me ne. Ky \u00ebsht\u00eb sekreti i madh, q\u00eb Krishti \u00ebsht\u00eb bashk\u00eb me ne dhe t\u00eb gjitha p\u00ebrpjekjet e dashuris\u00eb vijn\u00eb nga Ai\u201d.<\/span><\/span><\/span><\/p>\n<\/td>\n<td>\n<p><span style=\"color: #000000;\"><span style=\"font-family: tahoma,geneva,sans-serif;\"><span style=\"font-size: 12px;\"><img decoding=\"async\" class=\"lazyload HAa Eha\" style=\"border-width: 1px; border-style: solid; margin: 10px;\" alt=\"\" src=\"data:image\/gif;base64,R0lGODlhAQABAAAAACH5BAEKAAEALAAAAAABAAEAAAICTAEAOw==\" data-orig-src=\"https:\/\/lh4.googleusercontent.com\/-62mNMZA3H2M\/VIrnrU-iSxI\/AAAAAAAAHLk\/FGCiif94lRc\/w400-h230-no\/6.jpg\" \/><\/span><\/span><\/span><\/p>\n<\/td>\n<\/tr>\n<tr>\n<td>\n<p><span style=\"color: #000000;\"><span style=\"font-family: tahoma,geneva,sans-serif;\"><span style=\"font-size: 12px;\"><img decoding=\"async\" class=\"lazyload HAa Eha\" style=\"border-width: 1px; border-style: solid; margin: 10px;\" alt=\"\" src=\"data:image\/gif;base64,R0lGODlhAQABAAAAACH5BAEKAAEALAAAAAABAAEAAAICTAEAOw==\" data-orig-src=\"https:\/\/lh5.googleusercontent.com\/-03G1IfPkfX8\/VIrnr-VckBI\/AAAAAAAAHLo\/F5D6E470lIo\/w400-h228-no\/7.jpg\" \/><\/span><\/span><\/span><\/p>\n<\/td>\n<td>\n<p style=\"text-align: justify;\"><span style=\"color: #000000;\"><span style=\"font-family: tahoma,geneva,sans-serif;\"><span style=\"font-size: 12px;\">&nbsp;&nbsp;&nbsp;&nbsp; Po at\u00eb dit\u00eb t\u00eb rinjt\u00eb orthodhoks\u00eb u mblodh\u00ebn s\u00eb bashku n\u00eb nj\u00eb dark\u00eb n\u00eb ambientet e Sht\u00ebpis\u00eb s\u00eb Rinis\u00eb \u201cBethlehem\u201d, duke uruar njeri-tjetrin dhe duke ndar\u00eb mesazhin dhe p\u00ebrvoj\u00ebn festive mes tyre.<\/span><\/span><\/span><\/p>\n<\/td>\n<\/tr>\n<tr>\n<td>&nbsp;<\/td>\n<td>&nbsp;<\/td>\n<\/tr>\n<\/tbody>\n<\/table>\n<p>&nbsp;<\/p>\n<p><span style=\"color: #000000;\"><span style=\"font-family: tahoma,geneva,sans-serif;\"><span style=\"font-size: 12px;\"><strong>Julia Pjetri<\/strong><\/span><\/span><\/span><\/p>\n","protected":false},"excerpt":{"rendered":"<p>&nbsp;&nbsp;&nbsp;&nbsp; Atmosfera festive e Krishtlindjes nisi t\u00eb ndihej q\u00eb m\u00eb par\u00eb, me p\u00ebrgatitjet p\u00ebr ta pritur sa m\u00eb mir\u00eb Krishtin-Foshnje, pas nj\u00eb periudhe t\u00eb gjat\u00eb kreshmimi dhe lutjeje, si edhe me veprimtarit\u00eb e t\u00eb rinjve dhe f\u00ebmij\u00ebve etj. &nbsp;&nbsp;&nbsp;&nbsp; Kremtimi i par\u00eb ishte ai t\u00eb Diel\u00ebn e Para-Krishtlindjes, pasditen e s\u00eb cil\u00ebs besimtar\u00ebt t\u00eb mbledhur n\u00eb kish\u00ebn \u201cUngjill\u00ebzimi i Per\u00ebndilind\u00ebses Mari\u201d, mor\u00ebn pjes\u00eb n\u00eb Misterin<\/p>\n","protected":false},"author":1,"featured_media":0,"comment_status":"open","ping_status":"open","sticky":false,"template":"","format":"standard","meta":{"_acf_changed":false,"pagelayer_contact_templates":[],"_pagelayer_content":"","inline_featured_image":false,"fifu_image_url":"","fifu_image_alt":"","footnotes":""},"categories":[108],"tags":[147,192,196,201,212],"class_list":["post-792","post","type-post","status-publish","format-standard","hentry","category-lajme","tag-147","tag-krishtlindje","tag-tirane","tag-kryepiskopi-anastas","tag-lajme-d27"],"acf":[],"yoast_head":"<!-- This site is optimized with the Yoast SEO plugin v27.2 - https:\/\/yoast.com\/product\/yoast-seo-wordpress\/ -->\n<title>Kremtimi i Krishtlindjes n\u00eb Tiran\u00eb. (2007) - Kisha Orthodh\u03bfkse Autoqefale e Shqip\u00ebris\u00eb<\/title>\n<meta name=\"robots\" content=\"index, follow, max-snippet:-1, max-image-preview:large, max-video-preview:-1\" \/>\n<link rel=\"canonical\" href=\"https:\/\/orthodoxalbania.org\/2020\/2007\/02\/26\/kremtimi-i-krishtlindjes-ne-tirane-2007\/\" \/>\n<meta property=\"og:locale\" content=\"en_US\" \/>\n<meta property=\"og:type\" content=\"article\" \/>\n<meta property=\"og:title\" content=\"Kremtimi i Krishtlindjes n\u00eb Tiran\u00eb. (2007) - Kisha Orthodh\u03bfkse Autoqefale e Shqip\u00ebris\u00eb\" \/>\n<meta property=\"og:description\" content=\"&nbsp;&nbsp;&nbsp;&nbsp; Atmosfera festive e Krishtlindjes nisi t\u00eb ndihej q\u00eb m\u00eb par\u00eb, me p\u00ebrgatitjet p\u00ebr ta pritur sa m\u00eb mir\u00eb Krishtin-Foshnje, pas nj\u00eb periudhe t\u00eb gjat\u00eb kreshmimi dhe lutjeje, si edhe me veprimtarit\u00eb e t\u00eb rinjve dhe f\u00ebmij\u00ebve etj. &nbsp;&nbsp;&nbsp;&nbsp; Kremtimi i par\u00eb ishte ai t\u00eb Diel\u00ebn e Para-Krishtlindjes, pasditen e s\u00eb cil\u00ebs besimtar\u00ebt t\u00eb mbledhur n\u00eb kish\u00ebn \u201cUngjill\u00ebzimi i Per\u00ebndilind\u00ebses Mari\u201d, mor\u00ebn pjes\u00eb n\u00eb Misterin\" \/>\n<meta property=\"og:url\" content=\"https:\/\/orthodoxalbania.org\/2020\/2007\/02\/26\/kremtimi-i-krishtlindjes-ne-tirane-2007\/\" \/>\n<meta property=\"og:site_name\" content=\"Kisha Orthodh\u03bfkse Autoqefale e Shqip\u00ebris\u00eb\" \/>\n<meta property=\"article:publisher\" content=\"https:\/\/www.facebook.com\/koash1991\" \/>\n<meta property=\"article:published_time\" content=\"2007-02-26T00:00:00+00:00\" \/>\n<meta property=\"article:modified_time\" content=\"2020-04-06T20:35:45+00:00\" \/>\n<meta property=\"og:image\" content=\"https:\/\/lh6.googleusercontent.com\/-VFBzgDoqWBk\/VIrnsLRSg2I\/AAAAAAAAHLs\/Z8H6ta-otfc\/w400-h266-no\/8.jpg\" \/>\n<meta name=\"author\" content=\"Kisha Orthodhokse\" \/>\n<meta name=\"twitter:card\" content=\"summary_large_image\" \/>\n<meta name=\"twitter:label1\" content=\"Written by\" \/>\n\t<meta name=\"twitter:data1\" content=\"Kisha Orthodhokse\" \/>\n\t<meta name=\"twitter:label2\" content=\"Est. reading time\" \/>\n\t<meta name=\"twitter:data2\" content=\"4 minutes\" \/>\n<script type=\"application\/ld+json\" class=\"yoast-schema-graph\">{\"@context\":\"https:\/\/schema.org\",\"@graph\":[{\"@type\":\"Article\",\"@id\":\"https:\/\/orthodoxalbania.org\/2020\/2007\/02\/26\/kremtimi-i-krishtlindjes-ne-tirane-2007\/#article\",\"isPartOf\":{\"@id\":\"https:\/\/orthodoxalbania.org\/2020\/2007\/02\/26\/kremtimi-i-krishtlindjes-ne-tirane-2007\/\"},\"author\":{\"name\":\"Kisha Orthodhokse\",\"@id\":\"https:\/\/orthodoxalbania.org\/2020\/#\/schema\/person\/0c387634a7063ac612d7ed9ce71c7e86\"},\"headline\":\"Kremtimi i Krishtlindjes n\u00eb Tiran\u00eb. (2007)\",\"datePublished\":\"2007-02-26T00:00:00+00:00\",\"dateModified\":\"2020-04-06T20:35:45+00:00\",\"mainEntityOfPage\":{\"@id\":\"https:\/\/orthodoxalbania.org\/2020\/2007\/02\/26\/kremtimi-i-krishtlindjes-ne-tirane-2007\/\"},\"wordCount\":824,\"commentCount\":0,\"publisher\":{\"@id\":\"https:\/\/orthodoxalbania.org\/2020\/#organization\"},\"image\":{\"@id\":\"https:\/\/orthodoxalbania.org\/2020\/2007\/02\/26\/kremtimi-i-krishtlindjes-ne-tirane-2007\/#primaryimage\"},\"thumbnailUrl\":\"https:\/\/lh6.googleusercontent.com\/-VFBzgDoqWBk\/VIrnsLRSg2I\/AAAAAAAAHLs\/Z8H6ta-otfc\/w400-h266-no\/8.jpg\",\"keywords\":[\"2007\",\"Krishtlindje\",\"Kryepiskopata Tiran\u00eb\",\"Kryepiskopi Anastas\",\"lajme\"],\"articleSection\":[\"Lajme\"],\"inLanguage\":\"en-US\"},{\"@type\":\"WebPage\",\"@id\":\"https:\/\/orthodoxalbania.org\/2020\/2007\/02\/26\/kremtimi-i-krishtlindjes-ne-tirane-2007\/\",\"url\":\"https:\/\/orthodoxalbania.org\/2020\/2007\/02\/26\/kremtimi-i-krishtlindjes-ne-tirane-2007\/\",\"name\":\"Kremtimi i Krishtlindjes n\u00eb Tiran\u00eb. (2007) - Kisha Orthodh\u03bfkse Autoqefale e Shqip\u00ebris\u00eb\",\"isPartOf\":{\"@id\":\"https:\/\/orthodoxalbania.org\/2020\/#website\"},\"primaryImageOfPage\":{\"@id\":\"https:\/\/orthodoxalbania.org\/2020\/2007\/02\/26\/kremtimi-i-krishtlindjes-ne-tirane-2007\/#primaryimage\"},\"image\":{\"@id\":\"https:\/\/orthodoxalbania.org\/2020\/2007\/02\/26\/kremtimi-i-krishtlindjes-ne-tirane-2007\/#primaryimage\"},\"thumbnailUrl\":\"https:\/\/lh6.googleusercontent.com\/-VFBzgDoqWBk\/VIrnsLRSg2I\/AAAAAAAAHLs\/Z8H6ta-otfc\/w400-h266-no\/8.jpg\",\"datePublished\":\"2007-02-26T00:00:00+00:00\",\"dateModified\":\"2020-04-06T20:35:45+00:00\",\"breadcrumb\":{\"@id\":\"https:\/\/orthodoxalbania.org\/2020\/2007\/02\/26\/kremtimi-i-krishtlindjes-ne-tirane-2007\/#breadcrumb\"},\"inLanguage\":\"en-US\",\"potentialAction\":[{\"@type\":\"ReadAction\",\"target\":[\"https:\/\/orthodoxalbania.org\/2020\/2007\/02\/26\/kremtimi-i-krishtlindjes-ne-tirane-2007\/\"]}]},{\"@type\":\"ImageObject\",\"inLanguage\":\"en-US\",\"@id\":\"https:\/\/orthodoxalbania.org\/2020\/2007\/02\/26\/kremtimi-i-krishtlindjes-ne-tirane-2007\/#primaryimage\",\"url\":\"https:\/\/lh6.googleusercontent.com\/-VFBzgDoqWBk\/VIrnsLRSg2I\/AAAAAAAAHLs\/Z8H6ta-otfc\/w400-h266-no\/8.jpg\",\"contentUrl\":\"https:\/\/lh6.googleusercontent.com\/-VFBzgDoqWBk\/VIrnsLRSg2I\/AAAAAAAAHLs\/Z8H6ta-otfc\/w400-h266-no\/8.jpg\"},{\"@type\":\"BreadcrumbList\",\"@id\":\"https:\/\/orthodoxalbania.org\/2020\/2007\/02\/26\/kremtimi-i-krishtlindjes-ne-tirane-2007\/#breadcrumb\",\"itemListElement\":[{\"@type\":\"ListItem\",\"position\":1,\"name\":\"Home\",\"item\":\"https:\/\/orthodoxalbania.org\/2020\/\"},{\"@type\":\"ListItem\",\"position\":2,\"name\":\"Kremtimi i Krishtlindjes n\u00eb Tiran\u00eb. (2007)\"}]},{\"@type\":\"WebSite\",\"@id\":\"https:\/\/orthodoxalbania.org\/2020\/#website\",\"url\":\"https:\/\/orthodoxalbania.org\/2020\/\",\"name\":\"Kisha Orthodh\u03bfkse Autoqefale e Shqip\u00ebris\u00eb\",\"description\":\"Fqja Zyrtare e Kish\u00ebs Orthodhokse Autoqefale e Shqip\u00ebris\u00eb me lajmet edhe informacionet zyrtare p\u00ebr struktur\u00ebn edhe veprimtarin e saj.\",\"publisher\":{\"@id\":\"https:\/\/orthodoxalbania.org\/2020\/#organization\"},\"potentialAction\":[{\"@type\":\"SearchAction\",\"target\":{\"@type\":\"EntryPoint\",\"urlTemplate\":\"https:\/\/orthodoxalbania.org\/2020\/?s={search_term_string}\"},\"query-input\":{\"@type\":\"PropertyValueSpecification\",\"valueRequired\":true,\"valueName\":\"search_term_string\"}}],\"inLanguage\":\"en-US\"},{\"@type\":\"Organization\",\"@id\":\"https:\/\/orthodoxalbania.org\/2020\/#organization\",\"name\":\"Kisha Orthodhokse Autoqefale e Shqip\u00ebris\u00eb\",\"url\":\"https:\/\/orthodoxalbania.org\/2020\/\",\"logo\":{\"@type\":\"ImageObject\",\"inLanguage\":\"en-US\",\"@id\":\"https:\/\/orthodoxalbania.org\/2020\/#\/schema\/logo\/image\/\",\"url\":\"https:\/\/orthodoxalbania.org\/2020\/wp-content\/uploads\/2020\/05\/albania.jpeg\",\"contentUrl\":\"https:\/\/orthodoxalbania.org\/2020\/wp-content\/uploads\/2020\/05\/albania.jpeg\",\"width\":540,\"height\":540,\"caption\":\"Kisha Orthodhokse Autoqefale e Shqip\u00ebris\u00eb\"},\"image\":{\"@id\":\"https:\/\/orthodoxalbania.org\/2020\/#\/schema\/logo\/image\/\"},\"sameAs\":[\"https:\/\/www.facebook.com\/koash1991\"]},{\"@type\":\"Person\",\"@id\":\"https:\/\/orthodoxalbania.org\/2020\/#\/schema\/person\/0c387634a7063ac612d7ed9ce71c7e86\",\"name\":\"Kisha Orthodhokse\",\"image\":{\"@type\":\"ImageObject\",\"inLanguage\":\"en-US\",\"@id\":\"https:\/\/secure.gravatar.com\/avatar\/596e7c417251e30f2fbb9c00e026fce61a695a00e51c889caded71c96cbbdde5?s=96&d=mm&r=g\",\"url\":\"https:\/\/secure.gravatar.com\/avatar\/596e7c417251e30f2fbb9c00e026fce61a695a00e51c889caded71c96cbbdde5?s=96&d=mm&r=g\",\"contentUrl\":\"https:\/\/secure.gravatar.com\/avatar\/596e7c417251e30f2fbb9c00e026fce61a695a00e51c889caded71c96cbbdde5?s=96&d=mm&r=g\",\"caption\":\"Kisha Orthodhokse\"}}]}<\/script>\n<!-- \/ Yoast SEO plugin. -->","yoast_head_json":{"title":"Kremtimi i Krishtlindjes n\u00eb Tiran\u00eb. (2007) - Kisha Orthodh\u03bfkse Autoqefale e Shqip\u00ebris\u00eb","robots":{"index":"index","follow":"follow","max-snippet":"max-snippet:-1","max-image-preview":"max-image-preview:large","max-video-preview":"max-video-preview:-1"},"canonical":"https:\/\/orthodoxalbania.org\/2020\/2007\/02\/26\/kremtimi-i-krishtlindjes-ne-tirane-2007\/","og_locale":"en_US","og_type":"article","og_title":"Kremtimi i Krishtlindjes n\u00eb Tiran\u00eb. (2007) - Kisha Orthodh\u03bfkse Autoqefale e Shqip\u00ebris\u00eb","og_description":"&nbsp;&nbsp;&nbsp;&nbsp; Atmosfera festive e Krishtlindjes nisi t\u00eb ndihej q\u00eb m\u00eb par\u00eb, me p\u00ebrgatitjet p\u00ebr ta pritur sa m\u00eb mir\u00eb Krishtin-Foshnje, pas nj\u00eb periudhe t\u00eb gjat\u00eb kreshmimi dhe lutjeje, si edhe me veprimtarit\u00eb e t\u00eb rinjve dhe f\u00ebmij\u00ebve etj. &nbsp;&nbsp;&nbsp;&nbsp; Kremtimi i par\u00eb ishte ai t\u00eb Diel\u00ebn e Para-Krishtlindjes, pasditen e s\u00eb cil\u00ebs besimtar\u00ebt t\u00eb mbledhur n\u00eb kish\u00ebn \u201cUngjill\u00ebzimi i Per\u00ebndilind\u00ebses Mari\u201d, mor\u00ebn pjes\u00eb n\u00eb Misterin","og_url":"https:\/\/orthodoxalbania.org\/2020\/2007\/02\/26\/kremtimi-i-krishtlindjes-ne-tirane-2007\/","og_site_name":"Kisha Orthodh\u03bfkse Autoqefale e Shqip\u00ebris\u00eb","article_publisher":"https:\/\/www.facebook.com\/koash1991","article_published_time":"2007-02-26T00:00:00+00:00","article_modified_time":"2020-04-06T20:35:45+00:00","og_image":[{"url":"https:\/\/lh6.googleusercontent.com\/-VFBzgDoqWBk\/VIrnsLRSg2I\/AAAAAAAAHLs\/Z8H6ta-otfc\/w400-h266-no\/8.jpg","type":"","width":"","height":""}],"author":"Kisha Orthodhokse","twitter_card":"summary_large_image","twitter_misc":{"Written by":"Kisha Orthodhokse","Est. reading time":"4 minutes"},"schema":{"@context":"https:\/\/schema.org","@graph":[{"@type":"Article","@id":"https:\/\/orthodoxalbania.org\/2020\/2007\/02\/26\/kremtimi-i-krishtlindjes-ne-tirane-2007\/#article","isPartOf":{"@id":"https:\/\/orthodoxalbania.org\/2020\/2007\/02\/26\/kremtimi-i-krishtlindjes-ne-tirane-2007\/"},"author":{"name":"Kisha Orthodhokse","@id":"https:\/\/orthodoxalbania.org\/2020\/#\/schema\/person\/0c387634a7063ac612d7ed9ce71c7e86"},"headline":"Kremtimi i Krishtlindjes n\u00eb Tiran\u00eb. (2007)","datePublished":"2007-02-26T00:00:00+00:00","dateModified":"2020-04-06T20:35:45+00:00","mainEntityOfPage":{"@id":"https:\/\/orthodoxalbania.org\/2020\/2007\/02\/26\/kremtimi-i-krishtlindjes-ne-tirane-2007\/"},"wordCount":824,"commentCount":0,"publisher":{"@id":"https:\/\/orthodoxalbania.org\/2020\/#organization"},"image":{"@id":"https:\/\/orthodoxalbania.org\/2020\/2007\/02\/26\/kremtimi-i-krishtlindjes-ne-tirane-2007\/#primaryimage"},"thumbnailUrl":"https:\/\/lh6.googleusercontent.com\/-VFBzgDoqWBk\/VIrnsLRSg2I\/AAAAAAAAHLs\/Z8H6ta-otfc\/w400-h266-no\/8.jpg","keywords":["2007","Krishtlindje","Kryepiskopata Tiran\u00eb","Kryepiskopi Anastas","lajme"],"articleSection":["Lajme"],"inLanguage":"en-US"},{"@type":"WebPage","@id":"https:\/\/orthodoxalbania.org\/2020\/2007\/02\/26\/kremtimi-i-krishtlindjes-ne-tirane-2007\/","url":"https:\/\/orthodoxalbania.org\/2020\/2007\/02\/26\/kremtimi-i-krishtlindjes-ne-tirane-2007\/","name":"Kremtimi i Krishtlindjes n\u00eb Tiran\u00eb. (2007) - Kisha Orthodh\u03bfkse Autoqefale e Shqip\u00ebris\u00eb","isPartOf":{"@id":"https:\/\/orthodoxalbania.org\/2020\/#website"},"primaryImageOfPage":{"@id":"https:\/\/orthodoxalbania.org\/2020\/2007\/02\/26\/kremtimi-i-krishtlindjes-ne-tirane-2007\/#primaryimage"},"image":{"@id":"https:\/\/orthodoxalbania.org\/2020\/2007\/02\/26\/kremtimi-i-krishtlindjes-ne-tirane-2007\/#primaryimage"},"thumbnailUrl":"https:\/\/lh6.googleusercontent.com\/-VFBzgDoqWBk\/VIrnsLRSg2I\/AAAAAAAAHLs\/Z8H6ta-otfc\/w400-h266-no\/8.jpg","datePublished":"2007-02-26T00:00:00+00:00","dateModified":"2020-04-06T20:35:45+00:00","breadcrumb":{"@id":"https:\/\/orthodoxalbania.org\/2020\/2007\/02\/26\/kremtimi-i-krishtlindjes-ne-tirane-2007\/#breadcrumb"},"inLanguage":"en-US","potentialAction":[{"@type":"ReadAction","target":["https:\/\/orthodoxalbania.org\/2020\/2007\/02\/26\/kremtimi-i-krishtlindjes-ne-tirane-2007\/"]}]},{"@type":"ImageObject","inLanguage":"en-US","@id":"https:\/\/orthodoxalbania.org\/2020\/2007\/02\/26\/kremtimi-i-krishtlindjes-ne-tirane-2007\/#primaryimage","url":"https:\/\/lh6.googleusercontent.com\/-VFBzgDoqWBk\/VIrnsLRSg2I\/AAAAAAAAHLs\/Z8H6ta-otfc\/w400-h266-no\/8.jpg","contentUrl":"https:\/\/lh6.googleusercontent.com\/-VFBzgDoqWBk\/VIrnsLRSg2I\/AAAAAAAAHLs\/Z8H6ta-otfc\/w400-h266-no\/8.jpg"},{"@type":"BreadcrumbList","@id":"https:\/\/orthodoxalbania.org\/2020\/2007\/02\/26\/kremtimi-i-krishtlindjes-ne-tirane-2007\/#breadcrumb","itemListElement":[{"@type":"ListItem","position":1,"name":"Home","item":"https:\/\/orthodoxalbania.org\/2020\/"},{"@type":"ListItem","position":2,"name":"Kremtimi i Krishtlindjes n\u00eb Tiran\u00eb. (2007)"}]},{"@type":"WebSite","@id":"https:\/\/orthodoxalbania.org\/2020\/#website","url":"https:\/\/orthodoxalbania.org\/2020\/","name":"Kisha Orthodh\u03bfkse Autoqefale e Shqip\u00ebris\u00eb","description":"Fqja Zyrtare e Kish\u00ebs Orthodhokse Autoqefale e Shqip\u00ebris\u00eb me lajmet edhe informacionet zyrtare p\u00ebr struktur\u00ebn edhe veprimtarin e saj.","publisher":{"@id":"https:\/\/orthodoxalbania.org\/2020\/#organization"},"potentialAction":[{"@type":"SearchAction","target":{"@type":"EntryPoint","urlTemplate":"https:\/\/orthodoxalbania.org\/2020\/?s={search_term_string}"},"query-input":{"@type":"PropertyValueSpecification","valueRequired":true,"valueName":"search_term_string"}}],"inLanguage":"en-US"},{"@type":"Organization","@id":"https:\/\/orthodoxalbania.org\/2020\/#organization","name":"Kisha Orthodhokse Autoqefale e Shqip\u00ebris\u00eb","url":"https:\/\/orthodoxalbania.org\/2020\/","logo":{"@type":"ImageObject","inLanguage":"en-US","@id":"https:\/\/orthodoxalbania.org\/2020\/#\/schema\/logo\/image\/","url":"https:\/\/orthodoxalbania.org\/2020\/wp-content\/uploads\/2020\/05\/albania.jpeg","contentUrl":"https:\/\/orthodoxalbania.org\/2020\/wp-content\/uploads\/2020\/05\/albania.jpeg","width":540,"height":540,"caption":"Kisha Orthodhokse Autoqefale e Shqip\u00ebris\u00eb"},"image":{"@id":"https:\/\/orthodoxalbania.org\/2020\/#\/schema\/logo\/image\/"},"sameAs":["https:\/\/www.facebook.com\/koash1991"]},{"@type":"Person","@id":"https:\/\/orthodoxalbania.org\/2020\/#\/schema\/person\/0c387634a7063ac612d7ed9ce71c7e86","name":"Kisha Orthodhokse","image":{"@type":"ImageObject","inLanguage":"en-US","@id":"https:\/\/secure.gravatar.com\/avatar\/596e7c417251e30f2fbb9c00e026fce61a695a00e51c889caded71c96cbbdde5?s=96&d=mm&r=g","url":"https:\/\/secure.gravatar.com\/avatar\/596e7c417251e30f2fbb9c00e026fce61a695a00e51c889caded71c96cbbdde5?s=96&d=mm&r=g","contentUrl":"https:\/\/secure.gravatar.com\/avatar\/596e7c417251e30f2fbb9c00e026fce61a695a00e51c889caded71c96cbbdde5?s=96&d=mm&r=g","caption":"Kisha Orthodhokse"}}]}},"_links":{"self":[{"href":"https:\/\/orthodoxalbania.org\/2020\/wp-json\/wp\/v2\/posts\/792","targetHints":{"allow":["GET"]}}],"collection":[{"href":"https:\/\/orthodoxalbania.org\/2020\/wp-json\/wp\/v2\/posts"}],"about":[{"href":"https:\/\/orthodoxalbania.org\/2020\/wp-json\/wp\/v2\/types\/post"}],"author":[{"embeddable":true,"href":"https:\/\/orthodoxalbania.org\/2020\/wp-json\/wp\/v2\/users\/1"}],"replies":[{"embeddable":true,"href":"https:\/\/orthodoxalbania.org\/2020\/wp-json\/wp\/v2\/comments?post=792"}],"version-history":[{"count":1,"href":"https:\/\/orthodoxalbania.org\/2020\/wp-json\/wp\/v2\/posts\/792\/revisions"}],"predecessor-version":[{"id":15757,"href":"https:\/\/orthodoxalbania.org\/2020\/wp-json\/wp\/v2\/posts\/792\/revisions\/15757"}],"wp:attachment":[{"href":"https:\/\/orthodoxalbania.org\/2020\/wp-json\/wp\/v2\/media?parent=792"}],"wp:term":[{"taxonomy":"category","embeddable":true,"href":"https:\/\/orthodoxalbania.org\/2020\/wp-json\/wp\/v2\/categories?post=792"},{"taxonomy":"post_tag","embeddable":true,"href":"https:\/\/orthodoxalbania.org\/2020\/wp-json\/wp\/v2\/tags?post=792"}],"curies":[{"name":"wp","href":"https:\/\/api.w.org\/{rel}","templated":true}]}}