{"id":790,"date":"2014-12-26T07:45:02","date_gmt":"2014-12-26T07:45:02","guid":{"rendered":""},"modified":"2020-04-06T22:02:19","modified_gmt":"2020-04-06T20:02:19","slug":"kremtimi-i-krishtlindjes-ne-tirane-2014","status":"publish","type":"post","link":"https:\/\/orthodoxalbania.org\/2020\/2014\/12\/26\/kremtimi-i-krishtlindjes-ne-tirane-2014\/","title":{"rendered":"Kremtimi i Krishtlindjes ne Tirane, 2014"},"content":{"rendered":"<p style=\"text-align: center;\">\n\t<span style=\"color: #b22222; font-size: 12pt; font-family: helvetica;\"><strong>Krishtlindje plot lutje dhe dashuri<\/strong><\/span><\/p>\n<p style=\"text-align: center;\">\n\t&nbsp;<\/p>\n<p style=\"text-align: justify;\">\n\t&nbsp;<\/p>\n<p style=\"text-align: justify;\">\n\t<span style=\"color: #000000; font-size: 12pt; font-family: helvetica;\">&nbsp;&nbsp;&nbsp; Liturgjia Hyjnore u drejtua nga Kryepiskopi i Tiran\u00ebs, Durresit dhe i Gjith\u00eb Shqip\u00ebris\u00eb, Fortlumturia e Tij Anastasi, i ndihmuar nga an\u00ebtar\u00ebt e Sinodit t\u00eb Shenjtr\u00eb Episkopi i Apollonis\u00eb Nikolla, Episkopi i Kruj\u00ebs Andoni, Episkopi i Amantias Nathanaili dhe Episkopi i Bylisit Asti, nga Kryesekretari i Sinodit, Protopresviter Jani Trebicka dhe klerik\u00eb t\u00eb kryeqytetit.<\/span><\/p>\n<p style=\"text-align: justify;\">\n\t<span style=\"color: #000000; font-size: 12pt; font-family: helvetica;\"><span style=\"color: #000000;\">&nbsp;&nbsp;&nbsp; N\u00eb fund t\u00eb saj, Kryepiskopi dha edhe Mesazhin-Urim tradicional, q\u00eb sivjet titullohej \u201cT\u00eb mahnitshme jan\u00eb nd\u00ebrhyrjet e Per\u00ebndis\u00eb -Kap\u00ebrcimi i s\u00eb pamundur\u00ebs\u201d. Nd\u00ebr t\u00eb tjera Kryepiskopi tha se:&nbsp; \u201cT\u00eb papritura jan\u00eb m\u00ebnyrat me t\u00eb cilat vepron Per\u00ebndia; t\u00eb pakapshme p\u00ebr logjik\u00ebn njer\u00ebzore. Ngjarjet e Krishtlindjes na sigurojn\u00eb p\u00ebr k\u00ebt\u00eb t\u00eb v\u00ebrtet\u00eb. Jisu Krishti, Shp\u00ebtimtari i bot\u00ebs, nuk vjen n\u00eb historin\u00eb e njer\u00ebzimit si ushtarak apo qeveritar i t\u00ebr\u00ebfuqish\u00ebm. Nuk imponohet me an\u00eb t\u00eb fuqis\u00eb, pasuris\u00eb dhe dituris\u00eb s\u00eb jashtme. Lind n\u00eb nj\u00eb vend t\u00eb varf\u00ebr, n\u00eb grazhdin e nj\u00eb stalle, n\u00eb nj\u00eb ambient jomikprit\u00ebs, indiferent deri n\u00eb armiq\u00ebsor. N\u00ebna e Tij e dhembshur, \u201ce mb\u00ebshtolli me shp\u00ebrg\u00ebnj dhe e vuri t\u00eb rrij\u00eb n\u00eb grazhd, sepse nuk kishte vend p\u00ebr ata atje ku kishin r\u00ebn\u00eb\u201d (Llk.2:7)\u2026.&nbsp;&nbsp;&nbsp;&nbsp; Paralelisht, ngjarjet historike t\u00eb Lindjes s\u00eb Krishtit p\u00ebrcaktojn\u00eb shembullin e jet\u00ebs p\u00ebr ata q\u00eb E pasojn\u00eb me devocion. Jisui u p\u00ebrul, duke theksuar vler\u00ebn e t\u00eb p\u00ebrulurve. Lindi n\u00eb vend t\u00eb varf\u00ebr, q\u00eb t\u00eb mos p\u00ebrbuzen t\u00eb varfrit. U persekutua, duke theksuar dinjitetin e atyre q\u00eb ndiqen me t\u00eb padrejt\u00eb. Vuajti, duke frym\u00ebzuar dhembshurin\u00eb p\u00ebr ata q\u00eb heqin keq. U mundua si f\u00ebmij\u00eb, q\u00eb t\u00eb mos harrojm\u00eb t\u00eb drejtat dhe nevojat e f\u00ebmij\u00ebve t\u00eb bot\u00ebs.\u201d<\/span><\/span><\/p>\n<p style=\"text-align: justify;\">\n\t<span style=\"color: #000000; font-size: 12pt; font-family: helvetica;\">&nbsp;&nbsp;&nbsp; Nj\u00eb e ve\u00e7ant\u00eb n\u00eb fund t\u00eb Liturgjis\u00eb ishte edhe leximi i Mesazhit t\u00eb Presidentit t\u00eb Republik\u00ebs, z. Bujar Nishani, drejtuar Fortlumturis\u00eb s\u00eb tij dhe gjith\u00eb besimtar\u00ebve orthodhoks\u00eb.<\/span><span style=\"font-size: 12pt; font-family: helvetica;\"> &nbsp;<\/span><\/p>\n<p style=\"text-align: justify;\">\n\t<span style=\"color: #000000; font-size: 12pt; font-family: helvetica;\">&nbsp;&nbsp;&nbsp; Ne mesdite pritja tashme tradicionale u organizua ne Seline e Sinodit te Shenjte.<\/span><\/p>\n<p style=\"text-align: justify;\">\n\t<span style=\"color: #000000; font-size: 12pt; font-family: helvetica;\">&nbsp;&nbsp;&nbsp; Kryepiskopin e vizitoi dhe e uroi ndermjet te tjereve edhe Presidenti i Republikes z. Bujar Nishani, Kryetari dhe Nenkryetari i Kuvendit z. Ilir Meta dhe z. Vangjel Dule, Kryetare te komuniteteve fetare ne vend, ministra e autoritete te tjera shteterore, te partive politike, te trupit diplomatik ne vend, personalitete te ndryshme dhe besimtaret.<\/span><span style=\"font-size: 12pt; font-family: helvetica;\"> &nbsp;<\/span><\/p>\n<p style=\"text-align: justify;\">\n\t<span style=\"color: #000000; font-size: 12pt; font-family: helvetica;\">&nbsp;&nbsp;&nbsp; N\u00eb dalje, Presidenti z. Nishani do deklaronte \u201cEdhe nj\u00ebher\u00eb g\u00ebzuar, urimet m\u00eb t\u00eb mira p\u00ebr besimtar\u00ebt e krishter\u00eb shqiptar\u00eb kudo ku jan\u00eb n\u00eb Shqip\u00ebri, n\u00eb t\u00eb gjitha viset shqiptare, n\u00eb diaspor\u00eb, n\u00eb emigracion. Pa\u00e7in gjithmon\u00eb mir\u00ebsi\u201d.<\/span><span style=\"font-size: 12pt; font-family: helvetica;\"> &nbsp;<\/span><\/p>\n<p style=\"text-align: justify;\">\n\t<span style=\"color: #000000; font-size: 12pt; font-family: helvetica;\">&nbsp;&nbsp;&nbsp; Nd\u00ebrsa Kryetari i Kuvendit z. Meta \u201cN\u00eb k\u00ebt\u00eb dit\u00eb Krishtlindje do uroja t\u00eb gjith\u00eb besimtar\u00ebt e krishter\u00eb, por edhe gjith\u00eb popullit shqiptar mbar\u00ebsi p\u00ebr t\u00eb gjith\u00eb, shum\u00eb urime, shum\u00eb bekime dhe g\u00ebzime n\u00eb familjet e tyre, natyrisht edhe n\u00eb gjith\u00eb shoq\u00ebrin\u00eb ton\u00eb\u201d. &nbsp;<\/span><span style=\"font-size: 12pt; font-family: helvetica;\"> &nbsp;<\/span><\/p>\n<p style=\"text-align: justify;\">\n\t<span style=\"color: #000000; font-size: 12pt; font-family: helvetica;\">&nbsp;&nbsp;&nbsp; Nd\u00ebrsa Kryetari i Partis\u00eb Demokratike, z. Lulzim Basha do uronte besimtar\u00ebt e krishter\u00eb nga Shkodra, ku vizitoi edhe kish\u00ebn orthodhokse \u201cLindja e Krishtit\u201d, duke th\u00ebn\u00eb se \u201cNga margaritari i respektit dhe i bashk\u00ebjetes\u00ebs fetare p\u00ebr Shqip\u00ebrin\u00eb, Ballkanin, Europ\u00ebn dhe mbar\u00eb bot\u00ebn, nga zonja Shkod\u00ebr dua t\u00eb uroj t\u00eb gjith\u00eb besimtar\u00ebve t\u00eb krishter\u00eb dhe t\u00eb gjith\u00eb besimtar\u00ebve t\u00eb Zotit, t\u00eb gjith\u00eb shqiptar\u00ebve; G\u00ebzuar Krishtlindjen! Fest\u00ebn e shpres\u00ebs, dashuris\u00eb e t\u00eb besimit. I vet\u00ebdijsh\u00ebm se kjo fest\u00eb e madhe i gjen shum\u00eb shqiptar\u00eb dhe familjet e tyre, ndon\u00ebse n\u00eb dit\u00eb feste jo n\u00eb kushte feste, uroj nga zemra q\u00eb shpresa q\u00eb buron nga simbolika e dit\u00ebs s\u00eb sotme, t\u00eb na frym\u00ebzoj\u00eb e t\u00eb na b\u00ebj\u00eb optimist\u00eb p\u00ebr nj\u00eb t\u00eb nes\u00ebrme m\u00eb t\u00eb mir\u00eb. G\u00ebzuar! \u201d<\/span><\/p>\n<div style=\"text-align: justify;\">\n\t&nbsp;<\/div>\n<div style=\"text-align: justify;\">\n\t&nbsp;<\/div>\n<div>\n\t<img decoding=\"async\" alt=\"\" class=\"lazyload HAa Eha\" src=\"data:image\/gif;base64,R0lGODlhAQABAAAAACH5BAEKAAEALAAAAAABAAEAAAICTAEAOw==\" data-orig-src=\"https:\/\/lh6.googleusercontent.com\/-quh7va8T4SU\/VJ0N6ghHwGI\/AAAAAAAAJm8\/8lDwllSssu0\/w958-h639-no\/10869839_391426864365671_7782792496989710031_o.jpg\" style=\"border-width: 1px; border-style: solid; margin: 10px auto; display: block;\" \/><\/div>\n<div>\n\t<img decoding=\"async\" alt=\"\" class=\"lazyload HAa Eha\" src=\"data:image\/gif;base64,R0lGODlhAQABAAAAACH5BAEKAAEALAAAAAABAAEAAAICTAEAOw==\" data-orig-src=\"https:\/\/lh4.googleusercontent.com\/-UxiGgeRHTOo\/VJ0N6Qy63FI\/AAAAAAAAJm0\/E0zfob1zmGc\/w958-h639-no\/10869509_391426731032351_3450902878998740016_o(1).jpg\" style=\"border-width: 1px; border-style: solid; margin: 10px auto; display: block;\" \/><\/div>\n<div>\n\t<img decoding=\"async\" alt=\"\" class=\"lazyload HAa Eha\" src=\"data:image\/gif;base64,R0lGODlhAQABAAAAACH5BAEKAAEALAAAAAABAAEAAAICTAEAOw==\" data-orig-src=\"https:\/\/lh5.googleusercontent.com\/-c3Ef7uHHcZM\/VJ0N5J5d95I\/AAAAAAAAJmk\/7Zjbho8fW0M\/w549-h823-no\/10863867_391426727699018_4511447750652758739_o.jpg\" style=\"border-width: 1px; border-style: solid; margin: 10px auto; display: block;\" \/><\/div>\n<div>\n\t<img decoding=\"async\" alt=\"\" class=\"lazyload HAa Eha\" src=\"data:image\/gif;base64,R0lGODlhAQABAAAAACH5BAEKAAEALAAAAAABAAEAAAICTAEAOw==\" data-orig-src=\"https:\/\/lh3.googleusercontent.com\/-lRSbfSibbVo\/VJ0N4fntCcI\/AAAAAAAAJmg\/ug7pmGzpbhc\/w958-h639-no\/10863785_391426774365680_3949235494615822509_o.jpg\" style=\"border-width: 1px; border-style: solid; margin: 10px auto; display: block;\" \/><\/div>\n<div>\n\t<img decoding=\"async\" alt=\"\" class=\"lazyload HAa Eha\" src=\"data:image\/gif;base64,R0lGODlhAQABAAAAACH5BAEKAAEALAAAAAABAAEAAAICTAEAOw==\" data-orig-src=\"https:\/\/lh6.googleusercontent.com\/-ZFTd6Yp7pEE\/VJ0N7YHMjiI\/AAAAAAAAJnM\/sC0zhZ98hcU\/w958-h639-no\/10873556_391426724365685_1002121217158483151_o.jpg\" style=\"border-width: 1px; border-style: solid; margin: 10px auto; display: block;\" \/><\/div>\n<div>\n\t<img decoding=\"async\" alt=\"\" class=\"lazyload HAa Eha\" src=\"data:image\/gif;base64,R0lGODlhAQABAAAAACH5BAEKAAEALAAAAAABAAEAAAICTAEAOw==\" data-orig-src=\"https:\/\/lh4.googleusercontent.com\/-qAHH6JL05V8\/VJ0N1evQj1I\/AAAAAAAAJlk\/iXFb4b7Wbqo\/w958-h662-no\/10358971_391426827699008_8457787252686992148_o.jpg\" style=\"border-width: 1px; border-style: solid; margin: 10px auto; display: block;\" \/><\/div>\n<div>\n\t<img decoding=\"async\" alt=\"\" class=\"lazyload HAa Eha\" src=\"data:image\/gif;base64,R0lGODlhAQABAAAAACH5BAEKAAEALAAAAAABAAEAAAICTAEAOw==\" data-orig-src=\"https:\/\/lh5.googleusercontent.com\/-JVVQdZl7C6U\/VJ0N2S3PNmI\/AAAAAAAAJl0\/jS7nR4hTnjQ\/w958-h639-no\/10848650_391426831032341_6973747649768979794_o.jpg\" style=\"border-width: 1px; border-style: solid; margin: 10px auto; display: block;\" \/><\/div>\n<div>\n\t<img decoding=\"async\" alt=\"\" class=\"lazyload HAa Eha\" src=\"data:image\/gif;base64,R0lGODlhAQABAAAAACH5BAEKAAEALAAAAAABAAEAAAICTAEAOw==\" data-orig-src=\"https:\/\/lh5.googleusercontent.com\/-_-vR_akA9CI\/VJ0N8JJhkII\/AAAAAAAAJnU\/FENIcnPJ1sU\/w958-h645-no\/10887128_391426924365665_4144360478747217870_o.jpg\" style=\"border-width: 1px; border-style: solid; margin: 10px auto; display: block;\" \/><\/div>\n<div>\n\t<img decoding=\"async\" alt=\"\" class=\"lazyload HAa Eha\" src=\"data:image\/gif;base64,R0lGODlhAQABAAAAACH5BAEKAAEALAAAAAABAAEAAAICTAEAOw==\" data-orig-src=\"https:\/\/lh4.googleusercontent.com\/-CSh7upePauU\/VJ0N8er0q1I\/AAAAAAAAJnY\/oj5rDMhnaKo\/w958-h750-no\/1502667_391426937698997_4573682647394237625_o.jpg\" style=\"border-width: 1px; border-style: solid; margin: 10px auto; display: block;\" \/><\/div>\n<div>\n\t<img decoding=\"async\" alt=\"\" class=\"lazyload HAa Eha\" src=\"data:image\/gif;base64,R0lGODlhAQABAAAAACH5BAEKAAEALAAAAAABAAEAAAICTAEAOw==\" data-orig-src=\"https:\/\/lh6.googleusercontent.com\/-wkNuSIc7MC4\/VJ0N1QGeRzI\/AAAAAAAAJls\/Z091gTfUveg\/w958-h639-no\/10838053_391427134365644_824133363145969497_o.jpg\" style=\"border-width: 1px; border-style: solid; margin: 10px auto; display: block;\" \/><\/div>\n<div>\n\t<img decoding=\"async\" alt=\"\" class=\"lazyload HAa Eha\" src=\"data:image\/gif;base64,R0lGODlhAQABAAAAACH5BAEKAAEALAAAAAABAAEAAAICTAEAOw==\" data-orig-src=\"https:\/\/lh5.googleusercontent.com\/-pfB3oxA2ayQ\/VJ0N7MZf8ZI\/AAAAAAAAJnE\/mIG94yeFzXI\/w549-h823-no\/10869882_391427101032314_424722388631117107_o.jpg\" style=\"border-width: 1px; border-style: solid; margin: 10px auto; display: block;\" \/><\/div>\n<div>\n\t<img decoding=\"async\" alt=\"\" class=\"lazyload HAa Eha\" src=\"data:image\/gif;base64,R0lGODlhAQABAAAAACH5BAEKAAEALAAAAAABAAEAAAICTAEAOw==\" data-orig-src=\"https:\/\/lh3.googleusercontent.com\/-CMiiXY5hrPo\/VJ0N1RS9HUI\/AAAAAAAAJlg\/to1yne-6RkU\/w958-h639-no\/10339498_391427024365655_460255697153330126_o.jpg\" style=\"border-width: 1px; border-style: solid; margin: 10px auto; display: block;\" \/><\/div>\n<div>\n\t<img decoding=\"async\" alt=\"\" class=\"lazyload HAa Eha\" src=\"data:image\/gif;base64,R0lGODlhAQABAAAAACH5BAEKAAEALAAAAAABAAEAAAICTAEAOw==\" data-orig-src=\"https:\/\/lh6.googleusercontent.com\/-hXqbKSVHex8\/VJ0N3mXSv9I\/AAAAAAAAJmI\/stoI070GRL0\/w958-h786-no\/10860947_391427071032317_5822508946938323886_o.jpg\" style=\"border-width: 1px; border-style: solid; margin: 10px auto; display: block;\" \/><\/div>\n<div>\n\t<img decoding=\"async\" alt=\"\" class=\"lazyload HAa Eha\" src=\"data:image\/gif;base64,R0lGODlhAQABAAAAACH5BAEKAAEALAAAAAABAAEAAAICTAEAOw==\" data-orig-src=\"https:\/\/lh5.googleusercontent.com\/-ndrq0zKaQ1Q\/VJ0N3ePMBZI\/AAAAAAAAJmE\/RkPZQQbfNtU\/w958-h715-no\/10857379_391427157698975_6656995338169443500_o.jpg\" style=\"border-width: 1px; border-style: solid; margin: 10px auto; display: block;\" \/><\/div>\n<div>\n\t<img decoding=\"async\" alt=\"\" class=\"lazyload HAa Eha\" src=\"data:image\/gif;base64,R0lGODlhAQABAAAAACH5BAEKAAEALAAAAAABAAEAAAICTAEAOw==\" data-orig-src=\"https:\/\/lh5.googleusercontent.com\/-wtQgju3GVR8\/VJ0N5lO3pyI\/AAAAAAAAJmw\/bTk3XZwRS1E\/w958-h674-no\/10864006_391426947698996_9019050496369231322_o.jpg\" style=\"border-width: 1px; border-style: solid; margin: 10px auto; display: block;\" \/><\/div>\n<div>\n\t<img decoding=\"async\" alt=\"\" class=\"lazyload HAa Eha\" src=\"data:image\/gif;base64,R0lGODlhAQABAAAAACH5BAEKAAEALAAAAAABAAEAAAICTAEAOw==\" data-orig-src=\"https:\/\/lh6.googleusercontent.com\/-4kd1g2X0CHM\/VJ0N2mor0zI\/AAAAAAAAJmA\/TeKpyA7DD24\/w958-h639-no\/10855125_391431724365185_4496335825938188674_o.jpg\" style=\"border-width: 1px; border-style: solid; margin: 10px auto; display: block;\" \/><\/div>\n<div>\n\t<img decoding=\"async\" alt=\"\" class=\"lazyload HAa Eha\" src=\"data:image\/gif;base64,R0lGODlhAQABAAAAACH5BAEKAAEALAAAAAABAAEAAAICTAEAOw==\" data-orig-src=\"https:\/\/lh4.googleusercontent.com\/-CIS6oPSgIVw\/VJ0N4AuPqXI\/AAAAAAAAJmU\/rGbT5Y0wCMk\/w958-h639-no\/10863784_391431727698518_7821151380249918400_o.jpg\" style=\"border-width: 1px; border-style: solid; margin: 10px auto; display: block;\" \/><\/div>\n<div style=\"text-align: justify;\">\n\t&nbsp;<\/div>\n<p>\n\t&nbsp;<\/p>\n","protected":false},"excerpt":{"rendered":"<p>Krishtlindje plot lutje dhe dashuri &nbsp; &nbsp; &nbsp;&nbsp;&nbsp; Liturgjia Hyjnore u drejtua nga Kryepiskopi i Tiran\u00ebs, Durresit dhe i Gjith\u00eb Shqip\u00ebris\u00eb, Fortlumturia e Tij Anastasi, i ndihmuar nga an\u00ebtar\u00ebt e Sinodit t\u00eb Shenjtr\u00eb Episkopi i Apollonis\u00eb Nikolla, Episkopi i Kruj\u00ebs Andoni, Episkopi i Amantias Nathanaili dhe Episkopi i Bylisit Asti, nga Kryesekretari i Sinodit, Protopresviter Jani Trebicka dhe klerik\u00eb t\u00eb kryeqytetit. &nbsp;&nbsp;&nbsp; N\u00eb fund t\u00eb<\/p>\n","protected":false},"author":1,"featured_media":791,"comment_status":"open","ping_status":"open","sticky":false,"template":"","format":"standard","meta":{"_acf_changed":false,"pagelayer_contact_templates":[],"_pagelayer_content":"","inline_featured_image":false,"fifu_image_url":"","fifu_image_alt":"","footnotes":""},"categories":[108],"tags":[140,184,157,192,196,212],"class_list":["post-790","post","type-post","status-publish","format-standard","has-post-thumbnail","hentry","category-lajme","tag-140","tag-katedralja-ngjallja-e-krishtit-tirane","tag-kremtime","tag-krishtlindje","tag-tirane","tag-lajme-d27"],"acf":[],"yoast_head":"<!-- This site is optimized with the Yoast SEO plugin v27.2 - https:\/\/yoast.com\/product\/yoast-seo-wordpress\/ -->\n<title>Kremtimi i Krishtlindjes ne Tirane, 2014 - Kisha Orthodh\u03bfkse Autoqefale e Shqip\u00ebris\u00eb<\/title>\n<meta name=\"robots\" content=\"index, follow, max-snippet:-1, max-image-preview:large, max-video-preview:-1\" \/>\n<link rel=\"canonical\" href=\"https:\/\/orthodoxalbania.org\/2020\/2014\/12\/26\/kremtimi-i-krishtlindjes-ne-tirane-2014\/\" \/>\n<meta property=\"og:locale\" content=\"en_US\" \/>\n<meta property=\"og:type\" content=\"article\" \/>\n<meta property=\"og:title\" content=\"Kremtimi i Krishtlindjes ne Tirane, 2014 - Kisha Orthodh\u03bfkse Autoqefale e Shqip\u00ebris\u00eb\" \/>\n<meta property=\"og:description\" content=\"Krishtlindje plot lutje dhe dashuri &nbsp; &nbsp; &nbsp;&nbsp;&nbsp; Liturgjia Hyjnore u drejtua nga Kryepiskopi i Tiran\u00ebs, Durresit dhe i Gjith\u00eb Shqip\u00ebris\u00eb, Fortlumturia e Tij Anastasi, i ndihmuar nga an\u00ebtar\u00ebt e Sinodit t\u00eb Shenjtr\u00eb Episkopi i Apollonis\u00eb Nikolla, Episkopi i Kruj\u00ebs Andoni, Episkopi i Amantias Nathanaili dhe Episkopi i Bylisit Asti, nga Kryesekretari i Sinodit, Protopresviter Jani Trebicka dhe klerik\u00eb t\u00eb kryeqytetit. &nbsp;&nbsp;&nbsp; N\u00eb fund t\u00eb\" \/>\n<meta property=\"og:url\" content=\"https:\/\/orthodoxalbania.org\/2020\/2014\/12\/26\/kremtimi-i-krishtlindjes-ne-tirane-2014\/\" \/>\n<meta property=\"og:site_name\" content=\"Kisha Orthodh\u03bfkse Autoqefale e Shqip\u00ebris\u00eb\" \/>\n<meta property=\"article:publisher\" content=\"https:\/\/www.facebook.com\/koash1991\" \/>\n<meta property=\"article:published_time\" content=\"2014-12-26T07:45:02+00:00\" \/>\n<meta property=\"article:modified_time\" content=\"2020-04-06T20:02:19+00:00\" \/>\n<meta property=\"og:image\" content=\"https:\/\/orthodoxalbania.org\/2020\/wp-content\/uploads\/2020\/04\/10869839_391426864365671_7782792496989710031_o.jpg\" \/>\n\t<meta property=\"og:image:width\" content=\"150\" \/>\n\t<meta property=\"og:image:height\" content=\"150\" \/>\n\t<meta property=\"og:image:type\" content=\"image\/jpeg\" \/>\n<meta name=\"author\" content=\"Kisha Orthodhokse\" \/>\n<meta name=\"twitter:card\" content=\"summary_large_image\" \/>\n<meta name=\"twitter:label1\" content=\"Written by\" \/>\n\t<meta name=\"twitter:data1\" content=\"Kisha Orthodhokse\" \/>\n\t<meta name=\"twitter:label2\" content=\"Est. reading time\" \/>\n\t<meta name=\"twitter:data2\" content=\"3 minutes\" \/>\n<script type=\"application\/ld+json\" class=\"yoast-schema-graph\">{\"@context\":\"https:\/\/schema.org\",\"@graph\":[{\"@type\":\"Article\",\"@id\":\"https:\/\/orthodoxalbania.org\/2020\/2014\/12\/26\/kremtimi-i-krishtlindjes-ne-tirane-2014\/#article\",\"isPartOf\":{\"@id\":\"https:\/\/orthodoxalbania.org\/2020\/2014\/12\/26\/kremtimi-i-krishtlindjes-ne-tirane-2014\/\"},\"author\":{\"name\":\"Kisha Orthodhokse\",\"@id\":\"https:\/\/orthodoxalbania.org\/2020\/#\/schema\/person\/0c387634a7063ac612d7ed9ce71c7e86\"},\"headline\":\"Kremtimi i Krishtlindjes ne Tirane, 2014\",\"datePublished\":\"2014-12-26T07:45:02+00:00\",\"dateModified\":\"2020-04-06T20:02:19+00:00\",\"mainEntityOfPage\":{\"@id\":\"https:\/\/orthodoxalbania.org\/2020\/2014\/12\/26\/kremtimi-i-krishtlindjes-ne-tirane-2014\/\"},\"wordCount\":686,\"commentCount\":0,\"publisher\":{\"@id\":\"https:\/\/orthodoxalbania.org\/2020\/#organization\"},\"image\":{\"@id\":\"https:\/\/orthodoxalbania.org\/2020\/2014\/12\/26\/kremtimi-i-krishtlindjes-ne-tirane-2014\/#primaryimage\"},\"thumbnailUrl\":\"https:\/\/orthodoxalbania.org\/2020\/wp-content\/uploads\/2020\/04\/10869839_391426864365671_7782792496989710031_o.jpg\",\"keywords\":[\"2014\",\"Katedralja \u201cNgjallja e Krishtit\u201d Tiran\u00eb\",\"Kremtime\",\"Krishtlindje\",\"Kryepiskopata Tiran\u00eb\",\"lajme\"],\"articleSection\":[\"Lajme\"],\"inLanguage\":\"en-US\"},{\"@type\":\"WebPage\",\"@id\":\"https:\/\/orthodoxalbania.org\/2020\/2014\/12\/26\/kremtimi-i-krishtlindjes-ne-tirane-2014\/\",\"url\":\"https:\/\/orthodoxalbania.org\/2020\/2014\/12\/26\/kremtimi-i-krishtlindjes-ne-tirane-2014\/\",\"name\":\"Kremtimi i Krishtlindjes ne Tirane, 2014 - Kisha Orthodh\u03bfkse Autoqefale e Shqip\u00ebris\u00eb\",\"isPartOf\":{\"@id\":\"https:\/\/orthodoxalbania.org\/2020\/#website\"},\"primaryImageOfPage\":{\"@id\":\"https:\/\/orthodoxalbania.org\/2020\/2014\/12\/26\/kremtimi-i-krishtlindjes-ne-tirane-2014\/#primaryimage\"},\"image\":{\"@id\":\"https:\/\/orthodoxalbania.org\/2020\/2014\/12\/26\/kremtimi-i-krishtlindjes-ne-tirane-2014\/#primaryimage\"},\"thumbnailUrl\":\"https:\/\/orthodoxalbania.org\/2020\/wp-content\/uploads\/2020\/04\/10869839_391426864365671_7782792496989710031_o.jpg\",\"datePublished\":\"2014-12-26T07:45:02+00:00\",\"dateModified\":\"2020-04-06T20:02:19+00:00\",\"breadcrumb\":{\"@id\":\"https:\/\/orthodoxalbania.org\/2020\/2014\/12\/26\/kremtimi-i-krishtlindjes-ne-tirane-2014\/#breadcrumb\"},\"inLanguage\":\"en-US\",\"potentialAction\":[{\"@type\":\"ReadAction\",\"target\":[\"https:\/\/orthodoxalbania.org\/2020\/2014\/12\/26\/kremtimi-i-krishtlindjes-ne-tirane-2014\/\"]}]},{\"@type\":\"ImageObject\",\"inLanguage\":\"en-US\",\"@id\":\"https:\/\/orthodoxalbania.org\/2020\/2014\/12\/26\/kremtimi-i-krishtlindjes-ne-tirane-2014\/#primaryimage\",\"url\":\"https:\/\/orthodoxalbania.org\/2020\/wp-content\/uploads\/2020\/04\/10869839_391426864365671_7782792496989710031_o.jpg\",\"contentUrl\":\"https:\/\/orthodoxalbania.org\/2020\/wp-content\/uploads\/2020\/04\/10869839_391426864365671_7782792496989710031_o.jpg\",\"width\":150,\"height\":150},{\"@type\":\"BreadcrumbList\",\"@id\":\"https:\/\/orthodoxalbania.org\/2020\/2014\/12\/26\/kremtimi-i-krishtlindjes-ne-tirane-2014\/#breadcrumb\",\"itemListElement\":[{\"@type\":\"ListItem\",\"position\":1,\"name\":\"Home\",\"item\":\"https:\/\/orthodoxalbania.org\/2020\/\"},{\"@type\":\"ListItem\",\"position\":2,\"name\":\"Kremtimi i Krishtlindjes ne Tirane, 2014\"}]},{\"@type\":\"WebSite\",\"@id\":\"https:\/\/orthodoxalbania.org\/2020\/#website\",\"url\":\"https:\/\/orthodoxalbania.org\/2020\/\",\"name\":\"Kisha Orthodh\u03bfkse Autoqefale e Shqip\u00ebris\u00eb\",\"description\":\"Fqja Zyrtare e Kish\u00ebs Orthodhokse Autoqefale e Shqip\u00ebris\u00eb me lajmet edhe informacionet zyrtare p\u00ebr struktur\u00ebn edhe veprimtarin e saj.\",\"publisher\":{\"@id\":\"https:\/\/orthodoxalbania.org\/2020\/#organization\"},\"potentialAction\":[{\"@type\":\"SearchAction\",\"target\":{\"@type\":\"EntryPoint\",\"urlTemplate\":\"https:\/\/orthodoxalbania.org\/2020\/?s={search_term_string}\"},\"query-input\":{\"@type\":\"PropertyValueSpecification\",\"valueRequired\":true,\"valueName\":\"search_term_string\"}}],\"inLanguage\":\"en-US\"},{\"@type\":\"Organization\",\"@id\":\"https:\/\/orthodoxalbania.org\/2020\/#organization\",\"name\":\"Kisha Orthodhokse Autoqefale e Shqip\u00ebris\u00eb\",\"url\":\"https:\/\/orthodoxalbania.org\/2020\/\",\"logo\":{\"@type\":\"ImageObject\",\"inLanguage\":\"en-US\",\"@id\":\"https:\/\/orthodoxalbania.org\/2020\/#\/schema\/logo\/image\/\",\"url\":\"https:\/\/orthodoxalbania.org\/2020\/wp-content\/uploads\/2020\/05\/albania.jpeg\",\"contentUrl\":\"https:\/\/orthodoxalbania.org\/2020\/wp-content\/uploads\/2020\/05\/albania.jpeg\",\"width\":540,\"height\":540,\"caption\":\"Kisha Orthodhokse Autoqefale e Shqip\u00ebris\u00eb\"},\"image\":{\"@id\":\"https:\/\/orthodoxalbania.org\/2020\/#\/schema\/logo\/image\/\"},\"sameAs\":[\"https:\/\/www.facebook.com\/koash1991\"]},{\"@type\":\"Person\",\"@id\":\"https:\/\/orthodoxalbania.org\/2020\/#\/schema\/person\/0c387634a7063ac612d7ed9ce71c7e86\",\"name\":\"Kisha Orthodhokse\",\"image\":{\"@type\":\"ImageObject\",\"inLanguage\":\"en-US\",\"@id\":\"https:\/\/secure.gravatar.com\/avatar\/596e7c417251e30f2fbb9c00e026fce61a695a00e51c889caded71c96cbbdde5?s=96&d=mm&r=g\",\"url\":\"https:\/\/secure.gravatar.com\/avatar\/596e7c417251e30f2fbb9c00e026fce61a695a00e51c889caded71c96cbbdde5?s=96&d=mm&r=g\",\"contentUrl\":\"https:\/\/secure.gravatar.com\/avatar\/596e7c417251e30f2fbb9c00e026fce61a695a00e51c889caded71c96cbbdde5?s=96&d=mm&r=g\",\"caption\":\"Kisha Orthodhokse\"}}]}<\/script>\n<!-- \/ Yoast SEO plugin. -->","yoast_head_json":{"title":"Kremtimi i Krishtlindjes ne Tirane, 2014 - Kisha Orthodh\u03bfkse Autoqefale e Shqip\u00ebris\u00eb","robots":{"index":"index","follow":"follow","max-snippet":"max-snippet:-1","max-image-preview":"max-image-preview:large","max-video-preview":"max-video-preview:-1"},"canonical":"https:\/\/orthodoxalbania.org\/2020\/2014\/12\/26\/kremtimi-i-krishtlindjes-ne-tirane-2014\/","og_locale":"en_US","og_type":"article","og_title":"Kremtimi i Krishtlindjes ne Tirane, 2014 - Kisha Orthodh\u03bfkse Autoqefale e Shqip\u00ebris\u00eb","og_description":"Krishtlindje plot lutje dhe dashuri &nbsp; &nbsp; &nbsp;&nbsp;&nbsp; Liturgjia Hyjnore u drejtua nga Kryepiskopi i Tiran\u00ebs, Durresit dhe i Gjith\u00eb Shqip\u00ebris\u00eb, Fortlumturia e Tij Anastasi, i ndihmuar nga an\u00ebtar\u00ebt e Sinodit t\u00eb Shenjtr\u00eb Episkopi i Apollonis\u00eb Nikolla, Episkopi i Kruj\u00ebs Andoni, Episkopi i Amantias Nathanaili dhe Episkopi i Bylisit Asti, nga Kryesekretari i Sinodit, Protopresviter Jani Trebicka dhe klerik\u00eb t\u00eb kryeqytetit. &nbsp;&nbsp;&nbsp; N\u00eb fund t\u00eb","og_url":"https:\/\/orthodoxalbania.org\/2020\/2014\/12\/26\/kremtimi-i-krishtlindjes-ne-tirane-2014\/","og_site_name":"Kisha Orthodh\u03bfkse Autoqefale e Shqip\u00ebris\u00eb","article_publisher":"https:\/\/www.facebook.com\/koash1991","article_published_time":"2014-12-26T07:45:02+00:00","article_modified_time":"2020-04-06T20:02:19+00:00","og_image":[{"width":150,"height":150,"url":"https:\/\/orthodoxalbania.org\/2020\/wp-content\/uploads\/2020\/04\/10869839_391426864365671_7782792496989710031_o.jpg","type":"image\/jpeg"}],"author":"Kisha Orthodhokse","twitter_card":"summary_large_image","twitter_misc":{"Written by":"Kisha Orthodhokse","Est. reading time":"3 minutes"},"schema":{"@context":"https:\/\/schema.org","@graph":[{"@type":"Article","@id":"https:\/\/orthodoxalbania.org\/2020\/2014\/12\/26\/kremtimi-i-krishtlindjes-ne-tirane-2014\/#article","isPartOf":{"@id":"https:\/\/orthodoxalbania.org\/2020\/2014\/12\/26\/kremtimi-i-krishtlindjes-ne-tirane-2014\/"},"author":{"name":"Kisha Orthodhokse","@id":"https:\/\/orthodoxalbania.org\/2020\/#\/schema\/person\/0c387634a7063ac612d7ed9ce71c7e86"},"headline":"Kremtimi i Krishtlindjes ne Tirane, 2014","datePublished":"2014-12-26T07:45:02+00:00","dateModified":"2020-04-06T20:02:19+00:00","mainEntityOfPage":{"@id":"https:\/\/orthodoxalbania.org\/2020\/2014\/12\/26\/kremtimi-i-krishtlindjes-ne-tirane-2014\/"},"wordCount":686,"commentCount":0,"publisher":{"@id":"https:\/\/orthodoxalbania.org\/2020\/#organization"},"image":{"@id":"https:\/\/orthodoxalbania.org\/2020\/2014\/12\/26\/kremtimi-i-krishtlindjes-ne-tirane-2014\/#primaryimage"},"thumbnailUrl":"https:\/\/orthodoxalbania.org\/2020\/wp-content\/uploads\/2020\/04\/10869839_391426864365671_7782792496989710031_o.jpg","keywords":["2014","Katedralja \u201cNgjallja e Krishtit\u201d Tiran\u00eb","Kremtime","Krishtlindje","Kryepiskopata Tiran\u00eb","lajme"],"articleSection":["Lajme"],"inLanguage":"en-US"},{"@type":"WebPage","@id":"https:\/\/orthodoxalbania.org\/2020\/2014\/12\/26\/kremtimi-i-krishtlindjes-ne-tirane-2014\/","url":"https:\/\/orthodoxalbania.org\/2020\/2014\/12\/26\/kremtimi-i-krishtlindjes-ne-tirane-2014\/","name":"Kremtimi i Krishtlindjes ne Tirane, 2014 - Kisha Orthodh\u03bfkse Autoqefale e Shqip\u00ebris\u00eb","isPartOf":{"@id":"https:\/\/orthodoxalbania.org\/2020\/#website"},"primaryImageOfPage":{"@id":"https:\/\/orthodoxalbania.org\/2020\/2014\/12\/26\/kremtimi-i-krishtlindjes-ne-tirane-2014\/#primaryimage"},"image":{"@id":"https:\/\/orthodoxalbania.org\/2020\/2014\/12\/26\/kremtimi-i-krishtlindjes-ne-tirane-2014\/#primaryimage"},"thumbnailUrl":"https:\/\/orthodoxalbania.org\/2020\/wp-content\/uploads\/2020\/04\/10869839_391426864365671_7782792496989710031_o.jpg","datePublished":"2014-12-26T07:45:02+00:00","dateModified":"2020-04-06T20:02:19+00:00","breadcrumb":{"@id":"https:\/\/orthodoxalbania.org\/2020\/2014\/12\/26\/kremtimi-i-krishtlindjes-ne-tirane-2014\/#breadcrumb"},"inLanguage":"en-US","potentialAction":[{"@type":"ReadAction","target":["https:\/\/orthodoxalbania.org\/2020\/2014\/12\/26\/kremtimi-i-krishtlindjes-ne-tirane-2014\/"]}]},{"@type":"ImageObject","inLanguage":"en-US","@id":"https:\/\/orthodoxalbania.org\/2020\/2014\/12\/26\/kremtimi-i-krishtlindjes-ne-tirane-2014\/#primaryimage","url":"https:\/\/orthodoxalbania.org\/2020\/wp-content\/uploads\/2020\/04\/10869839_391426864365671_7782792496989710031_o.jpg","contentUrl":"https:\/\/orthodoxalbania.org\/2020\/wp-content\/uploads\/2020\/04\/10869839_391426864365671_7782792496989710031_o.jpg","width":150,"height":150},{"@type":"BreadcrumbList","@id":"https:\/\/orthodoxalbania.org\/2020\/2014\/12\/26\/kremtimi-i-krishtlindjes-ne-tirane-2014\/#breadcrumb","itemListElement":[{"@type":"ListItem","position":1,"name":"Home","item":"https:\/\/orthodoxalbania.org\/2020\/"},{"@type":"ListItem","position":2,"name":"Kremtimi i Krishtlindjes ne Tirane, 2014"}]},{"@type":"WebSite","@id":"https:\/\/orthodoxalbania.org\/2020\/#website","url":"https:\/\/orthodoxalbania.org\/2020\/","name":"Kisha Orthodh\u03bfkse Autoqefale e Shqip\u00ebris\u00eb","description":"Fqja Zyrtare e Kish\u00ebs Orthodhokse Autoqefale e Shqip\u00ebris\u00eb me lajmet edhe informacionet zyrtare p\u00ebr struktur\u00ebn edhe veprimtarin e saj.","publisher":{"@id":"https:\/\/orthodoxalbania.org\/2020\/#organization"},"potentialAction":[{"@type":"SearchAction","target":{"@type":"EntryPoint","urlTemplate":"https:\/\/orthodoxalbania.org\/2020\/?s={search_term_string}"},"query-input":{"@type":"PropertyValueSpecification","valueRequired":true,"valueName":"search_term_string"}}],"inLanguage":"en-US"},{"@type":"Organization","@id":"https:\/\/orthodoxalbania.org\/2020\/#organization","name":"Kisha Orthodhokse Autoqefale e Shqip\u00ebris\u00eb","url":"https:\/\/orthodoxalbania.org\/2020\/","logo":{"@type":"ImageObject","inLanguage":"en-US","@id":"https:\/\/orthodoxalbania.org\/2020\/#\/schema\/logo\/image\/","url":"https:\/\/orthodoxalbania.org\/2020\/wp-content\/uploads\/2020\/05\/albania.jpeg","contentUrl":"https:\/\/orthodoxalbania.org\/2020\/wp-content\/uploads\/2020\/05\/albania.jpeg","width":540,"height":540,"caption":"Kisha Orthodhokse Autoqefale e Shqip\u00ebris\u00eb"},"image":{"@id":"https:\/\/orthodoxalbania.org\/2020\/#\/schema\/logo\/image\/"},"sameAs":["https:\/\/www.facebook.com\/koash1991"]},{"@type":"Person","@id":"https:\/\/orthodoxalbania.org\/2020\/#\/schema\/person\/0c387634a7063ac612d7ed9ce71c7e86","name":"Kisha Orthodhokse","image":{"@type":"ImageObject","inLanguage":"en-US","@id":"https:\/\/secure.gravatar.com\/avatar\/596e7c417251e30f2fbb9c00e026fce61a695a00e51c889caded71c96cbbdde5?s=96&d=mm&r=g","url":"https:\/\/secure.gravatar.com\/avatar\/596e7c417251e30f2fbb9c00e026fce61a695a00e51c889caded71c96cbbdde5?s=96&d=mm&r=g","contentUrl":"https:\/\/secure.gravatar.com\/avatar\/596e7c417251e30f2fbb9c00e026fce61a695a00e51c889caded71c96cbbdde5?s=96&d=mm&r=g","caption":"Kisha Orthodhokse"}}]}},"_links":{"self":[{"href":"https:\/\/orthodoxalbania.org\/2020\/wp-json\/wp\/v2\/posts\/790","targetHints":{"allow":["GET"]}}],"collection":[{"href":"https:\/\/orthodoxalbania.org\/2020\/wp-json\/wp\/v2\/posts"}],"about":[{"href":"https:\/\/orthodoxalbania.org\/2020\/wp-json\/wp\/v2\/types\/post"}],"author":[{"embeddable":true,"href":"https:\/\/orthodoxalbania.org\/2020\/wp-json\/wp\/v2\/users\/1"}],"replies":[{"embeddable":true,"href":"https:\/\/orthodoxalbania.org\/2020\/wp-json\/wp\/v2\/comments?post=790"}],"version-history":[{"count":1,"href":"https:\/\/orthodoxalbania.org\/2020\/wp-json\/wp\/v2\/posts\/790\/revisions"}],"predecessor-version":[{"id":15036,"href":"https:\/\/orthodoxalbania.org\/2020\/wp-json\/wp\/v2\/posts\/790\/revisions\/15036"}],"wp:featuredmedia":[{"embeddable":true,"href":"https:\/\/orthodoxalbania.org\/2020\/wp-json\/wp\/v2\/media\/791"}],"wp:attachment":[{"href":"https:\/\/orthodoxalbania.org\/2020\/wp-json\/wp\/v2\/media?parent=790"}],"wp:term":[{"taxonomy":"category","embeddable":true,"href":"https:\/\/orthodoxalbania.org\/2020\/wp-json\/wp\/v2\/categories?post=790"},{"taxonomy":"post_tag","embeddable":true,"href":"https:\/\/orthodoxalbania.org\/2020\/wp-json\/wp\/v2\/tags?post=790"}],"curies":[{"name":"wp","href":"https:\/\/api.w.org\/{rel}","templated":true}]}}