{"id":788,"date":"2008-02-26T00:00:00","date_gmt":"2008-02-26T00:00:00","guid":{"rendered":""},"modified":"2020-04-06T22:35:22","modified_gmt":"2020-04-06T20:35:22","slug":"kremtimi-i-krishtlindjes-ne-gjirokaster-2008","status":"publish","type":"post","link":"https:\/\/orthodoxalbania.org\/2020\/2008\/02\/26\/kremtimi-i-krishtlindjes-ne-gjirokaster-2008\/","title":{"rendered":"Kremtimi i Krishtlindjes n\u00eb Gjirokast\u00ebr. (2008)"},"content":{"rendered":"<div style=\"text-align: justify;\"><span style=\"font-family: tahoma,geneva,sans-serif;\"><span style=\"font-size: 12px;\"><span style=\"color: #000000;\"><img decoding=\"async\" class=\"lazyload HAa Eha\" style=\"border-width: 1px; border-style: solid; margin: 10px; width: 316px; height: 237px; float: left;\" alt=\"\" src=\"data:image\/gif;base64,R0lGODlhAQABAAAAACH5BAEKAAEALAAAAAABAAEAAAICTAEAOw==\" data-orig-src=\"https:\/\/lh4.googleusercontent.com\/-P08c1ryZYa0\/VJKBcZHFEQI\/AAAAAAAAISM\/JxT9mkiNd84\/w448-h336-no\/1.JPG\" \/>&nbsp;&nbsp;&nbsp;&nbsp; <\/span><span style=\"color: #000000;\">Ndon\u00ebse e mbuluar nga d\u00ebbora dhe i ftohti, Gjirokastra i ka t\u00eb gjitha ngjyrat e festave t\u00eb fundvitit. Mes shum\u00eb urimeve dhe sloganeve t\u00eb vendosura n\u00ebp\u00ebr qytet me titullin \u201cG\u00ebzuar Krishtlindjet\u201d, besimtar\u00ebt orthodhoks\u00eb n\u00eb Mitropolin\u00eb e Gjirokastr\u00ebs e kremtuan ardhjen e Shp\u00ebtimtarit Jisu Krisht me lutje dhe g\u00ebzim, n\u00eb nj\u00eb atmosfer\u00eb t\u00eb ndri\u00e7uar nga dritat e shumta t\u00eb fest\u00ebs. N\u00eb t\u00eb gjitha kishat e k\u00ebsaj dioqeze, festa u p\u00ebrjetua me entuziaz\u00ebm, si nga banor\u00ebt e qytetit, por edhe nga emigrant\u00ebt e shumt\u00eb q\u00eb kishin ardhur p\u00ebr festat e fundvitit.<\/span><\/span><\/span><\/div>\n<div style=\"text-align: center;\">&nbsp;<\/div>\n<div style=\"text-align: center;\"><strong><span style=\"color: #b22222;\"><span style=\"font-family: tahoma,geneva,sans-serif;\"><span style=\"font-size: 12px;\"><span class=\"style15\">*&nbsp;&nbsp; *&nbsp;&nbsp; *<\/span><\/span><\/span><\/span><\/strong><\/div>\n<div style=\"text-align: justify;\"> <span style=\"color: #000000;\"><span style=\"font-family: tahoma,geneva,sans-serif;\"><span style=\"font-size: 12px;\">&nbsp;&nbsp;&nbsp; Mitropoliti i Gjirokastr\u00ebs, Hir\u00ebsi Dhimitri, i ftoi besimtar\u00ebt orthodhoks\u00eb gjirokastrit\u00eb t\u00eb merrnin pjes\u00eb n\u00eb sh\u00ebrbes\u00ebn e Liturgjis\u00eb Hyjnore q\u00eb do t\u00eb zhvillohej n\u00eb kish\u00ebn \u201cMetamorfoza e Shp\u00ebtimtarit\u201d, m\u00eb 25 dhjetor, me q\u00ebllim q\u00eb ata t\u00eb ishin s\u00eb bashku k\u00ebt\u00eb t\u00eb kremte. Q\u00eb n\u00eb or\u00ebt e para t\u00eb m\u00ebngjesit, besimtar\u00ebt kishin ardhur p\u00ebr t\u00eb marr\u00eb pjes\u00eb n\u00eb sh\u00ebrbesat e dit\u00ebs festive. Para besimtar\u00ebve orthodhoks\u00eb, pjes\u00ebmarr\u00ebs n\u00eb k\u00ebt\u00eb Liturgji Hyjnore, u lexua mesazhi i Kryepiskopit Anastas, Krishtlindjet 2008.<br \/> <\/span><\/span><\/span><\/div>\n<div style=\"text-align: justify;\">&nbsp;<\/div>\n<div style=\"text-align: justify;\"><span style=\"color: #000000;\"><span style=\"font-family: tahoma,geneva,sans-serif;\"><span style=\"font-size: 12px;\">&nbsp;&nbsp;&nbsp; Atmosfera e fest\u00ebs vijoi p\u00ebr disa dit\u00eb, me takime t\u00eb shumta, urime dhe p\u00ebrsh\u00ebndetje mes klerik\u00ebve e besimtar\u00ebve, t\u00eb cil\u00ebt k\u00ebto dit\u00eb t\u00eb bekuara i festuan s\u00eb bashku sipas tradit\u00ebs s\u00eb shenjt\u00eb orthodhokse. M\u00eb 25 dhe 26 dhjetor, Mitropoliti i Gjirokastr\u00ebs, Hir\u00ebsi Dhimitri, priti personalitete t\u00eb qytetit si edhe besimtar\u00eb t\u00eb shumt\u00eb n\u00eb ambientet e Mitropolis\u00eb s\u00eb Shenjt\u00eb.<\/span><\/span><\/span><\/div>\n<div style=\"text-align: justify;\"> <span style=\"color: #000000;\"><span style=\"font-family: tahoma,geneva,sans-serif;\"><span style=\"font-size: 12px;\"><img decoding=\"async\" class=\"lazyload HAa Eha\" style=\"border-width: 1px; border-style: solid; margin: 10px; float: right;\" alt=\"\" src=\"data:image\/svg+xml,%3Csvg%20xmlns%3D%27http%3A%2F%2Fwww.w3.org%2F2000%2Fsvg%27%20width%3D%27287%27%20height%3D%27203%27%20viewBox%3D%270%200%20287%20203%27%3E%3Crect%20width%3D%27287%27%20height%3D%27203%27%20fill-opacity%3D%220%22%2F%3E%3C%2Fsvg%3E\" data-orig-src=\"https:\/\/lh3.googleusercontent.com\/-Iig_yy50QJk\/VJKBcisgsiI\/AAAAAAAAISQ\/smCNj4GHRFw\/w422-h298-no\/2.JPG\" height=\"203\" width=\"287\" \/><\/span><\/span><\/span><\/div>\n<div style=\"text-align: justify;\"><span style=\"color: #000000;\"><span style=\"font-family: tahoma,geneva,sans-serif;\"><span style=\"font-size: 12px;\">&nbsp;&nbsp;&nbsp; Brenda k\u00ebsaj periudhe festive u organizua edhe nj\u00eb aktivitet p\u00ebr t\u00eb rinjt\u00eb, tashm\u00eb tradicional. Dit\u00ebn e diel, m\u00eb 28 dhjetor, pas Liturgjis\u00eb Hyjnore, u zhvillua takimi i p\u00ebrvitsh\u00ebm, ku u mbajt edhe nj\u00eb tem\u00eb rreth perspektiv\u00ebs s\u00eb rinis\u00eb n\u00eb dit\u00ebt e sotme dhe si duhet t\u00eb q\u00ebndrojn\u00eb t\u00eb rinjt\u00eb n\u00eb besim.<br \/> <\/span><\/span><\/span><\/div>\n<div style=\"text-align: justify;\">&nbsp;<\/div>\n<div style=\"text-align: justify;\"><span style=\"font-family: tahoma,geneva,sans-serif;\"><span style=\"font-size: 12px;\"><span style=\"color: #000000;\">&nbsp;&nbsp;&nbsp; Pas referatit, t\u00eb rinjt\u00eb b\u00ebn\u00eb komente dhe diskutime me Mitropolitin dhe t\u00eb ftuarit, duke folur mbi \u00e7\u00ebshtjet m\u00eb t\u00eb r\u00ebnd\u00ebsishme t\u00eb jet\u00ebs shpirt\u00ebrore dhe sociale. N\u00eb fund t\u00eb k\u00ebtij takimi u shtrua nj\u00eb drek\u00eb, ku pjes\u00ebmarr\u00ebsit mor\u00ebn si bekim p\u00ebr festat edhe nj\u00eb dhurat\u00eb nga Mitropoliti.<\/span><br \/> <span style=\"color: #000000;\"> <strong>&nbsp;&nbsp;&nbsp;&nbsp;&nbsp;&nbsp;&nbsp;&nbsp;&nbsp;&nbsp;&nbsp;&nbsp;&nbsp;&nbsp;&nbsp;&nbsp;&nbsp;&nbsp;&nbsp;&nbsp;&nbsp;&nbsp;&nbsp;&nbsp;&nbsp;&nbsp;&nbsp;&nbsp;&nbsp;&nbsp;&nbsp;&nbsp;&nbsp;&nbsp;&nbsp;&nbsp;&nbsp;&nbsp;&nbsp;&nbsp;&nbsp;&nbsp;&nbsp;&nbsp;&nbsp;&nbsp;&nbsp;&nbsp;&nbsp;&nbsp;&nbsp;&nbsp;&nbsp;<\/strong><\/span><\/span><\/span><\/div>\n<div style=\"text-align: center;\"><strong><span style=\"color: #b22222;\"><span style=\"font-family: tahoma,geneva,sans-serif;\"><span style=\"font-size: 12px;\"><span class=\"style15\">*&nbsp;&nbsp; *&nbsp;&nbsp; *<\/span><br \/> <\/span><\/span><\/span><\/strong><\/div>\n<div style=\"text-align: justify;\">&nbsp;<\/div>\n<div style=\"text-align: justify;\"><span style=\"color: #000000;\"><span style=\"font-family: tahoma,geneva,sans-serif;\"><span style=\"font-size: 12px;\">&nbsp;&nbsp;&nbsp; Atmosfer\u00eb festive p\u00ebrcolli edhe festa e Sh\u00ebn Vasilit t\u00eb Madh, m\u00eb 1 Janar, n\u00eb kish\u00ebn e Krye\u00ebngj\u00ebjve, drejtuar nga Hir\u00ebsi Dhimitri, ku merrnin pjes\u00eb edhe klerik\u00eb dhe besimtar\u00eb t\u00eb shumt\u00eb t\u00eb qytetit t\u00eb Gjirokastr\u00ebs.<br \/> <\/span><\/span><\/span><\/div>\n<div style=\"text-align: justify;\">&nbsp;<\/div>\n<div style=\"text-align: justify;\"><span style=\"color: #000000;\"><span style=\"font-family: tahoma,geneva,sans-serif;\"><span style=\"font-size: 12px;\">&nbsp;&nbsp;&nbsp; N\u00eb fund t\u00eb Liturgjis\u00eb, Mitropoliti i ftoi besimtar\u00ebt t\u00eb merrnin pjes\u00eb n\u00eb qendr\u00ebn shpirt\u00ebrore q\u00eb ndodhet pran\u00eb kish\u00ebs p\u00ebr ndarjen e kekut t\u00eb Sh\u00ebn Vasilit. Pas k\u00ebtij aktiviteti, i cili krijon nj\u00eb atmosfer\u00eb shum\u00eb t\u00eb g\u00ebzueshme, Mitropoliti Dhimit\u00ebr s\u00eb bashku me t\u00eb rinj dhe t\u00eb reja orthodhokse t\u00eb qytetit shkuan n\u00eb azilin e qytetit, p\u00ebr t\u00eb shp\u00ebrndar\u00eb dhurata p\u00ebr t\u00eb moshuarit si edhe mesazhet e urimit. Ata u mir\u00ebprit\u00ebn me shum\u00eb ngroht\u00ebsi dhe dashuri nga pjes\u00ebtar\u00ebt e azilit, duke kaluar k\u00ebshtu s\u00eb bashku momente festive dhe g\u00ebzimi.<br \/> <\/span><\/span><\/span><\/div>\n<div style=\"text-align: justify;\">&nbsp;<\/div>\n<div style=\"text-align: justify;\"><span style=\"color: #000000;\"><span style=\"font-family: tahoma,geneva,sans-serif;\"><span style=\"font-size: 12px;\">&nbsp;&nbsp;&nbsp; Vlen t\u00eb theksohet se me iniciativ\u00ebn e rinis\u00eb orthodhokse, gjat\u00eb dit\u00ebve festive t\u00eb Krishtlindjes, u shp\u00ebrndan\u00eb ndihma dhe dhurata edhe p\u00ebr familjet e d\u00ebmtuara t\u00eb pallatit q\u00eb u shkat\u00ebrrua para pak koh\u00ebsh n\u00eb nj\u00eb nga lagjet kryesore t\u00eb qytetit t\u00eb Gjirokastr\u00ebs.<\/span><\/span><\/span><\/div>\n<div style=\"text-align: justify;\">&nbsp;<\/div>\n<div style=\"text-align: right;\"><span style=\"color: #000000;\"><span style=\"font-family: tahoma,geneva,sans-serif;\"><span style=\"font-size: 12px;\"><span class=\"style14\"><strong>Isidor Koti <\/strong><\/span><\/span><\/span><\/span><\/div>\n","protected":false},"excerpt":{"rendered":"<p>&nbsp;&nbsp;&nbsp;&nbsp; Ndon\u00ebse e mbuluar nga d\u00ebbora dhe i ftohti, Gjirokastra i ka t\u00eb gjitha ngjyrat e festave t\u00eb fundvitit. Mes shum\u00eb urimeve dhe sloganeve t\u00eb vendosura n\u00ebp\u00ebr qytet me titullin \u201cG\u00ebzuar Krishtlindjet\u201d, besimtar\u00ebt orthodhoks\u00eb n\u00eb Mitropolin\u00eb e Gjirokastr\u00ebs e kremtuan ardhjen e Shp\u00ebtimtarit Jisu Krisht me lutje dhe g\u00ebzim, n\u00eb nj\u00eb atmosfer\u00eb t\u00eb ndri\u00e7uar nga dritat e shumta t\u00eb fest\u00ebs. N\u00eb t\u00eb gjitha kishat e<\/p>\n","protected":false},"author":1,"featured_media":0,"comment_status":"open","ping_status":"open","sticky":false,"template":"","format":"standard","meta":{"_acf_changed":false,"pagelayer_contact_templates":[],"_pagelayer_content":"","inline_featured_image":false,"fifu_image_url":"","fifu_image_alt":"","footnotes":""},"categories":[108],"tags":[146,192,212,198],"class_list":["post-788","post","type-post","status-publish","format-standard","hentry","category-lajme","tag-146","tag-krishtlindje","tag-lajme-d27","tag-gjirokaster"],"acf":[],"yoast_head":"<!-- This site is optimized with the Yoast SEO plugin v27.2 - https:\/\/yoast.com\/product\/yoast-seo-wordpress\/ -->\n<title>Kremtimi i Krishtlindjes n\u00eb Gjirokast\u00ebr. (2008) - Kisha Orthodh\u03bfkse Autoqefale e Shqip\u00ebris\u00eb<\/title>\n<meta name=\"robots\" content=\"index, follow, max-snippet:-1, max-image-preview:large, max-video-preview:-1\" \/>\n<link rel=\"canonical\" href=\"https:\/\/orthodoxalbania.org\/2020\/2008\/02\/26\/kremtimi-i-krishtlindjes-ne-gjirokaster-2008\/\" \/>\n<meta property=\"og:locale\" content=\"en_US\" \/>\n<meta property=\"og:type\" content=\"article\" \/>\n<meta property=\"og:title\" content=\"Kremtimi i Krishtlindjes n\u00eb Gjirokast\u00ebr. (2008) - Kisha Orthodh\u03bfkse Autoqefale e Shqip\u00ebris\u00eb\" \/>\n<meta property=\"og:description\" content=\"&nbsp;&nbsp;&nbsp;&nbsp; Ndon\u00ebse e mbuluar nga d\u00ebbora dhe i ftohti, Gjirokastra i ka t\u00eb gjitha ngjyrat e festave t\u00eb fundvitit. Mes shum\u00eb urimeve dhe sloganeve t\u00eb vendosura n\u00ebp\u00ebr qytet me titullin \u201cG\u00ebzuar Krishtlindjet\u201d, besimtar\u00ebt orthodhoks\u00eb n\u00eb Mitropolin\u00eb e Gjirokastr\u00ebs e kremtuan ardhjen e Shp\u00ebtimtarit Jisu Krisht me lutje dhe g\u00ebzim, n\u00eb nj\u00eb atmosfer\u00eb t\u00eb ndri\u00e7uar nga dritat e shumta t\u00eb fest\u00ebs. N\u00eb t\u00eb gjitha kishat e\" \/>\n<meta property=\"og:url\" content=\"https:\/\/orthodoxalbania.org\/2020\/2008\/02\/26\/kremtimi-i-krishtlindjes-ne-gjirokaster-2008\/\" \/>\n<meta property=\"og:site_name\" content=\"Kisha Orthodh\u03bfkse Autoqefale e Shqip\u00ebris\u00eb\" \/>\n<meta property=\"article:publisher\" content=\"https:\/\/www.facebook.com\/koash1991\" \/>\n<meta property=\"article:published_time\" content=\"2008-02-26T00:00:00+00:00\" \/>\n<meta property=\"article:modified_time\" content=\"2020-04-06T20:35:22+00:00\" \/>\n<meta property=\"og:image\" content=\"https:\/\/lh4.googleusercontent.com\/-P08c1ryZYa0\/VJKBcZHFEQI\/AAAAAAAAISM\/JxT9mkiNd84\/w448-h336-no\/1.JPG\" \/>\n<meta name=\"author\" content=\"Kisha Orthodhokse\" \/>\n<meta name=\"twitter:card\" content=\"summary_large_image\" \/>\n<meta name=\"twitter:label1\" content=\"Written by\" \/>\n\t<meta name=\"twitter:data1\" content=\"Kisha Orthodhokse\" \/>\n\t<meta name=\"twitter:label2\" content=\"Est. reading time\" \/>\n\t<meta name=\"twitter:data2\" content=\"3 minutes\" \/>\n<script type=\"application\/ld+json\" class=\"yoast-schema-graph\">{\"@context\":\"https:\/\/schema.org\",\"@graph\":[{\"@type\":\"Article\",\"@id\":\"https:\/\/orthodoxalbania.org\/2020\/2008\/02\/26\/kremtimi-i-krishtlindjes-ne-gjirokaster-2008\/#article\",\"isPartOf\":{\"@id\":\"https:\/\/orthodoxalbania.org\/2020\/2008\/02\/26\/kremtimi-i-krishtlindjes-ne-gjirokaster-2008\/\"},\"author\":{\"name\":\"Kisha Orthodhokse\",\"@id\":\"https:\/\/orthodoxalbania.org\/2020\/#\/schema\/person\/0c387634a7063ac612d7ed9ce71c7e86\"},\"headline\":\"Kremtimi i Krishtlindjes n\u00eb Gjirokast\u00ebr. (2008)\",\"datePublished\":\"2008-02-26T00:00:00+00:00\",\"dateModified\":\"2020-04-06T20:35:22+00:00\",\"mainEntityOfPage\":{\"@id\":\"https:\/\/orthodoxalbania.org\/2020\/2008\/02\/26\/kremtimi-i-krishtlindjes-ne-gjirokaster-2008\/\"},\"wordCount\":676,\"commentCount\":0,\"publisher\":{\"@id\":\"https:\/\/orthodoxalbania.org\/2020\/#organization\"},\"image\":{\"@id\":\"https:\/\/orthodoxalbania.org\/2020\/2008\/02\/26\/kremtimi-i-krishtlindjes-ne-gjirokaster-2008\/#primaryimage\"},\"thumbnailUrl\":\"https:\/\/lh4.googleusercontent.com\/-P08c1ryZYa0\/VJKBcZHFEQI\/AAAAAAAAISM\/JxT9mkiNd84\/w448-h336-no\/1.JPG\",\"keywords\":[\"2008\",\"Krishtlindje\",\"lajme\",\"Mitropolia Gjirokast\u00ebr\"],\"articleSection\":[\"Lajme\"],\"inLanguage\":\"en-US\"},{\"@type\":\"WebPage\",\"@id\":\"https:\/\/orthodoxalbania.org\/2020\/2008\/02\/26\/kremtimi-i-krishtlindjes-ne-gjirokaster-2008\/\",\"url\":\"https:\/\/orthodoxalbania.org\/2020\/2008\/02\/26\/kremtimi-i-krishtlindjes-ne-gjirokaster-2008\/\",\"name\":\"Kremtimi i Krishtlindjes n\u00eb Gjirokast\u00ebr. (2008) - Kisha Orthodh\u03bfkse Autoqefale e Shqip\u00ebris\u00eb\",\"isPartOf\":{\"@id\":\"https:\/\/orthodoxalbania.org\/2020\/#website\"},\"primaryImageOfPage\":{\"@id\":\"https:\/\/orthodoxalbania.org\/2020\/2008\/02\/26\/kremtimi-i-krishtlindjes-ne-gjirokaster-2008\/#primaryimage\"},\"image\":{\"@id\":\"https:\/\/orthodoxalbania.org\/2020\/2008\/02\/26\/kremtimi-i-krishtlindjes-ne-gjirokaster-2008\/#primaryimage\"},\"thumbnailUrl\":\"https:\/\/lh4.googleusercontent.com\/-P08c1ryZYa0\/VJKBcZHFEQI\/AAAAAAAAISM\/JxT9mkiNd84\/w448-h336-no\/1.JPG\",\"datePublished\":\"2008-02-26T00:00:00+00:00\",\"dateModified\":\"2020-04-06T20:35:22+00:00\",\"breadcrumb\":{\"@id\":\"https:\/\/orthodoxalbania.org\/2020\/2008\/02\/26\/kremtimi-i-krishtlindjes-ne-gjirokaster-2008\/#breadcrumb\"},\"inLanguage\":\"en-US\",\"potentialAction\":[{\"@type\":\"ReadAction\",\"target\":[\"https:\/\/orthodoxalbania.org\/2020\/2008\/02\/26\/kremtimi-i-krishtlindjes-ne-gjirokaster-2008\/\"]}]},{\"@type\":\"ImageObject\",\"inLanguage\":\"en-US\",\"@id\":\"https:\/\/orthodoxalbania.org\/2020\/2008\/02\/26\/kremtimi-i-krishtlindjes-ne-gjirokaster-2008\/#primaryimage\",\"url\":\"https:\/\/lh4.googleusercontent.com\/-P08c1ryZYa0\/VJKBcZHFEQI\/AAAAAAAAISM\/JxT9mkiNd84\/w448-h336-no\/1.JPG\",\"contentUrl\":\"https:\/\/lh4.googleusercontent.com\/-P08c1ryZYa0\/VJKBcZHFEQI\/AAAAAAAAISM\/JxT9mkiNd84\/w448-h336-no\/1.JPG\"},{\"@type\":\"BreadcrumbList\",\"@id\":\"https:\/\/orthodoxalbania.org\/2020\/2008\/02\/26\/kremtimi-i-krishtlindjes-ne-gjirokaster-2008\/#breadcrumb\",\"itemListElement\":[{\"@type\":\"ListItem\",\"position\":1,\"name\":\"Home\",\"item\":\"https:\/\/orthodoxalbania.org\/2020\/\"},{\"@type\":\"ListItem\",\"position\":2,\"name\":\"Kremtimi i Krishtlindjes n\u00eb Gjirokast\u00ebr. (2008)\"}]},{\"@type\":\"WebSite\",\"@id\":\"https:\/\/orthodoxalbania.org\/2020\/#website\",\"url\":\"https:\/\/orthodoxalbania.org\/2020\/\",\"name\":\"Kisha Orthodh\u03bfkse Autoqefale e Shqip\u00ebris\u00eb\",\"description\":\"Fqja Zyrtare e Kish\u00ebs Orthodhokse Autoqefale e Shqip\u00ebris\u00eb me lajmet edhe informacionet zyrtare p\u00ebr struktur\u00ebn edhe veprimtarin e saj.\",\"publisher\":{\"@id\":\"https:\/\/orthodoxalbania.org\/2020\/#organization\"},\"potentialAction\":[{\"@type\":\"SearchAction\",\"target\":{\"@type\":\"EntryPoint\",\"urlTemplate\":\"https:\/\/orthodoxalbania.org\/2020\/?s={search_term_string}\"},\"query-input\":{\"@type\":\"PropertyValueSpecification\",\"valueRequired\":true,\"valueName\":\"search_term_string\"}}],\"inLanguage\":\"en-US\"},{\"@type\":\"Organization\",\"@id\":\"https:\/\/orthodoxalbania.org\/2020\/#organization\",\"name\":\"Kisha Orthodhokse Autoqefale e Shqip\u00ebris\u00eb\",\"url\":\"https:\/\/orthodoxalbania.org\/2020\/\",\"logo\":{\"@type\":\"ImageObject\",\"inLanguage\":\"en-US\",\"@id\":\"https:\/\/orthodoxalbania.org\/2020\/#\/schema\/logo\/image\/\",\"url\":\"https:\/\/orthodoxalbania.org\/2020\/wp-content\/uploads\/2020\/05\/albania.jpeg\",\"contentUrl\":\"https:\/\/orthodoxalbania.org\/2020\/wp-content\/uploads\/2020\/05\/albania.jpeg\",\"width\":540,\"height\":540,\"caption\":\"Kisha Orthodhokse Autoqefale e Shqip\u00ebris\u00eb\"},\"image\":{\"@id\":\"https:\/\/orthodoxalbania.org\/2020\/#\/schema\/logo\/image\/\"},\"sameAs\":[\"https:\/\/www.facebook.com\/koash1991\"]},{\"@type\":\"Person\",\"@id\":\"https:\/\/orthodoxalbania.org\/2020\/#\/schema\/person\/0c387634a7063ac612d7ed9ce71c7e86\",\"name\":\"Kisha Orthodhokse\",\"image\":{\"@type\":\"ImageObject\",\"inLanguage\":\"en-US\",\"@id\":\"https:\/\/secure.gravatar.com\/avatar\/596e7c417251e30f2fbb9c00e026fce61a695a00e51c889caded71c96cbbdde5?s=96&d=mm&r=g\",\"url\":\"https:\/\/secure.gravatar.com\/avatar\/596e7c417251e30f2fbb9c00e026fce61a695a00e51c889caded71c96cbbdde5?s=96&d=mm&r=g\",\"contentUrl\":\"https:\/\/secure.gravatar.com\/avatar\/596e7c417251e30f2fbb9c00e026fce61a695a00e51c889caded71c96cbbdde5?s=96&d=mm&r=g\",\"caption\":\"Kisha Orthodhokse\"}}]}<\/script>\n<!-- \/ Yoast SEO plugin. -->","yoast_head_json":{"title":"Kremtimi i Krishtlindjes n\u00eb Gjirokast\u00ebr. (2008) - Kisha Orthodh\u03bfkse Autoqefale e Shqip\u00ebris\u00eb","robots":{"index":"index","follow":"follow","max-snippet":"max-snippet:-1","max-image-preview":"max-image-preview:large","max-video-preview":"max-video-preview:-1"},"canonical":"https:\/\/orthodoxalbania.org\/2020\/2008\/02\/26\/kremtimi-i-krishtlindjes-ne-gjirokaster-2008\/","og_locale":"en_US","og_type":"article","og_title":"Kremtimi i Krishtlindjes n\u00eb Gjirokast\u00ebr. (2008) - Kisha Orthodh\u03bfkse Autoqefale e Shqip\u00ebris\u00eb","og_description":"&nbsp;&nbsp;&nbsp;&nbsp; Ndon\u00ebse e mbuluar nga d\u00ebbora dhe i ftohti, Gjirokastra i ka t\u00eb gjitha ngjyrat e festave t\u00eb fundvitit. Mes shum\u00eb urimeve dhe sloganeve t\u00eb vendosura n\u00ebp\u00ebr qytet me titullin \u201cG\u00ebzuar Krishtlindjet\u201d, besimtar\u00ebt orthodhoks\u00eb n\u00eb Mitropolin\u00eb e Gjirokastr\u00ebs e kremtuan ardhjen e Shp\u00ebtimtarit Jisu Krisht me lutje dhe g\u00ebzim, n\u00eb nj\u00eb atmosfer\u00eb t\u00eb ndri\u00e7uar nga dritat e shumta t\u00eb fest\u00ebs. N\u00eb t\u00eb gjitha kishat e","og_url":"https:\/\/orthodoxalbania.org\/2020\/2008\/02\/26\/kremtimi-i-krishtlindjes-ne-gjirokaster-2008\/","og_site_name":"Kisha Orthodh\u03bfkse Autoqefale e Shqip\u00ebris\u00eb","article_publisher":"https:\/\/www.facebook.com\/koash1991","article_published_time":"2008-02-26T00:00:00+00:00","article_modified_time":"2020-04-06T20:35:22+00:00","og_image":[{"url":"https:\/\/lh4.googleusercontent.com\/-P08c1ryZYa0\/VJKBcZHFEQI\/AAAAAAAAISM\/JxT9mkiNd84\/w448-h336-no\/1.JPG","type":"","width":"","height":""}],"author":"Kisha Orthodhokse","twitter_card":"summary_large_image","twitter_misc":{"Written by":"Kisha Orthodhokse","Est. reading time":"3 minutes"},"schema":{"@context":"https:\/\/schema.org","@graph":[{"@type":"Article","@id":"https:\/\/orthodoxalbania.org\/2020\/2008\/02\/26\/kremtimi-i-krishtlindjes-ne-gjirokaster-2008\/#article","isPartOf":{"@id":"https:\/\/orthodoxalbania.org\/2020\/2008\/02\/26\/kremtimi-i-krishtlindjes-ne-gjirokaster-2008\/"},"author":{"name":"Kisha Orthodhokse","@id":"https:\/\/orthodoxalbania.org\/2020\/#\/schema\/person\/0c387634a7063ac612d7ed9ce71c7e86"},"headline":"Kremtimi i Krishtlindjes n\u00eb Gjirokast\u00ebr. (2008)","datePublished":"2008-02-26T00:00:00+00:00","dateModified":"2020-04-06T20:35:22+00:00","mainEntityOfPage":{"@id":"https:\/\/orthodoxalbania.org\/2020\/2008\/02\/26\/kremtimi-i-krishtlindjes-ne-gjirokaster-2008\/"},"wordCount":676,"commentCount":0,"publisher":{"@id":"https:\/\/orthodoxalbania.org\/2020\/#organization"},"image":{"@id":"https:\/\/orthodoxalbania.org\/2020\/2008\/02\/26\/kremtimi-i-krishtlindjes-ne-gjirokaster-2008\/#primaryimage"},"thumbnailUrl":"https:\/\/lh4.googleusercontent.com\/-P08c1ryZYa0\/VJKBcZHFEQI\/AAAAAAAAISM\/JxT9mkiNd84\/w448-h336-no\/1.JPG","keywords":["2008","Krishtlindje","lajme","Mitropolia Gjirokast\u00ebr"],"articleSection":["Lajme"],"inLanguage":"en-US"},{"@type":"WebPage","@id":"https:\/\/orthodoxalbania.org\/2020\/2008\/02\/26\/kremtimi-i-krishtlindjes-ne-gjirokaster-2008\/","url":"https:\/\/orthodoxalbania.org\/2020\/2008\/02\/26\/kremtimi-i-krishtlindjes-ne-gjirokaster-2008\/","name":"Kremtimi i Krishtlindjes n\u00eb Gjirokast\u00ebr. (2008) - Kisha Orthodh\u03bfkse Autoqefale e Shqip\u00ebris\u00eb","isPartOf":{"@id":"https:\/\/orthodoxalbania.org\/2020\/#website"},"primaryImageOfPage":{"@id":"https:\/\/orthodoxalbania.org\/2020\/2008\/02\/26\/kremtimi-i-krishtlindjes-ne-gjirokaster-2008\/#primaryimage"},"image":{"@id":"https:\/\/orthodoxalbania.org\/2020\/2008\/02\/26\/kremtimi-i-krishtlindjes-ne-gjirokaster-2008\/#primaryimage"},"thumbnailUrl":"https:\/\/lh4.googleusercontent.com\/-P08c1ryZYa0\/VJKBcZHFEQI\/AAAAAAAAISM\/JxT9mkiNd84\/w448-h336-no\/1.JPG","datePublished":"2008-02-26T00:00:00+00:00","dateModified":"2020-04-06T20:35:22+00:00","breadcrumb":{"@id":"https:\/\/orthodoxalbania.org\/2020\/2008\/02\/26\/kremtimi-i-krishtlindjes-ne-gjirokaster-2008\/#breadcrumb"},"inLanguage":"en-US","potentialAction":[{"@type":"ReadAction","target":["https:\/\/orthodoxalbania.org\/2020\/2008\/02\/26\/kremtimi-i-krishtlindjes-ne-gjirokaster-2008\/"]}]},{"@type":"ImageObject","inLanguage":"en-US","@id":"https:\/\/orthodoxalbania.org\/2020\/2008\/02\/26\/kremtimi-i-krishtlindjes-ne-gjirokaster-2008\/#primaryimage","url":"https:\/\/lh4.googleusercontent.com\/-P08c1ryZYa0\/VJKBcZHFEQI\/AAAAAAAAISM\/JxT9mkiNd84\/w448-h336-no\/1.JPG","contentUrl":"https:\/\/lh4.googleusercontent.com\/-P08c1ryZYa0\/VJKBcZHFEQI\/AAAAAAAAISM\/JxT9mkiNd84\/w448-h336-no\/1.JPG"},{"@type":"BreadcrumbList","@id":"https:\/\/orthodoxalbania.org\/2020\/2008\/02\/26\/kremtimi-i-krishtlindjes-ne-gjirokaster-2008\/#breadcrumb","itemListElement":[{"@type":"ListItem","position":1,"name":"Home","item":"https:\/\/orthodoxalbania.org\/2020\/"},{"@type":"ListItem","position":2,"name":"Kremtimi i Krishtlindjes n\u00eb Gjirokast\u00ebr. (2008)"}]},{"@type":"WebSite","@id":"https:\/\/orthodoxalbania.org\/2020\/#website","url":"https:\/\/orthodoxalbania.org\/2020\/","name":"Kisha Orthodh\u03bfkse Autoqefale e Shqip\u00ebris\u00eb","description":"Fqja Zyrtare e Kish\u00ebs Orthodhokse Autoqefale e Shqip\u00ebris\u00eb me lajmet edhe informacionet zyrtare p\u00ebr struktur\u00ebn edhe veprimtarin e saj.","publisher":{"@id":"https:\/\/orthodoxalbania.org\/2020\/#organization"},"potentialAction":[{"@type":"SearchAction","target":{"@type":"EntryPoint","urlTemplate":"https:\/\/orthodoxalbania.org\/2020\/?s={search_term_string}"},"query-input":{"@type":"PropertyValueSpecification","valueRequired":true,"valueName":"search_term_string"}}],"inLanguage":"en-US"},{"@type":"Organization","@id":"https:\/\/orthodoxalbania.org\/2020\/#organization","name":"Kisha Orthodhokse Autoqefale e Shqip\u00ebris\u00eb","url":"https:\/\/orthodoxalbania.org\/2020\/","logo":{"@type":"ImageObject","inLanguage":"en-US","@id":"https:\/\/orthodoxalbania.org\/2020\/#\/schema\/logo\/image\/","url":"https:\/\/orthodoxalbania.org\/2020\/wp-content\/uploads\/2020\/05\/albania.jpeg","contentUrl":"https:\/\/orthodoxalbania.org\/2020\/wp-content\/uploads\/2020\/05\/albania.jpeg","width":540,"height":540,"caption":"Kisha Orthodhokse Autoqefale e Shqip\u00ebris\u00eb"},"image":{"@id":"https:\/\/orthodoxalbania.org\/2020\/#\/schema\/logo\/image\/"},"sameAs":["https:\/\/www.facebook.com\/koash1991"]},{"@type":"Person","@id":"https:\/\/orthodoxalbania.org\/2020\/#\/schema\/person\/0c387634a7063ac612d7ed9ce71c7e86","name":"Kisha Orthodhokse","image":{"@type":"ImageObject","inLanguage":"en-US","@id":"https:\/\/secure.gravatar.com\/avatar\/596e7c417251e30f2fbb9c00e026fce61a695a00e51c889caded71c96cbbdde5?s=96&d=mm&r=g","url":"https:\/\/secure.gravatar.com\/avatar\/596e7c417251e30f2fbb9c00e026fce61a695a00e51c889caded71c96cbbdde5?s=96&d=mm&r=g","contentUrl":"https:\/\/secure.gravatar.com\/avatar\/596e7c417251e30f2fbb9c00e026fce61a695a00e51c889caded71c96cbbdde5?s=96&d=mm&r=g","caption":"Kisha Orthodhokse"}}]}},"_links":{"self":[{"href":"https:\/\/orthodoxalbania.org\/2020\/wp-json\/wp\/v2\/posts\/788","targetHints":{"allow":["GET"]}}],"collection":[{"href":"https:\/\/orthodoxalbania.org\/2020\/wp-json\/wp\/v2\/posts"}],"about":[{"href":"https:\/\/orthodoxalbania.org\/2020\/wp-json\/wp\/v2\/types\/post"}],"author":[{"embeddable":true,"href":"https:\/\/orthodoxalbania.org\/2020\/wp-json\/wp\/v2\/users\/1"}],"replies":[{"embeddable":true,"href":"https:\/\/orthodoxalbania.org\/2020\/wp-json\/wp\/v2\/comments?post=788"}],"version-history":[{"count":1,"href":"https:\/\/orthodoxalbania.org\/2020\/wp-json\/wp\/v2\/posts\/788\/revisions"}],"predecessor-version":[{"id":15662,"href":"https:\/\/orthodoxalbania.org\/2020\/wp-json\/wp\/v2\/posts\/788\/revisions\/15662"}],"wp:attachment":[{"href":"https:\/\/orthodoxalbania.org\/2020\/wp-json\/wp\/v2\/media?parent=788"}],"wp:term":[{"taxonomy":"category","embeddable":true,"href":"https:\/\/orthodoxalbania.org\/2020\/wp-json\/wp\/v2\/categories?post=788"},{"taxonomy":"post_tag","embeddable":true,"href":"https:\/\/orthodoxalbania.org\/2020\/wp-json\/wp\/v2\/tags?post=788"}],"curies":[{"name":"wp","href":"https:\/\/api.w.org\/{rel}","templated":true}]}}