{"id":787,"date":"2007-02-26T00:00:00","date_gmt":"2007-02-26T00:00:00","guid":{"rendered":""},"modified":"2020-04-06T22:35:40","modified_gmt":"2020-04-06T20:35:40","slug":"kremtimi-i-krishtlindjes-ne-durres-2007","status":"publish","type":"post","link":"https:\/\/orthodoxalbania.org\/2020\/2007\/02\/26\/kremtimi-i-krishtlindjes-ne-durres-2007\/","title":{"rendered":"Kremtimi i Krishtlindjes n\u00eb Durr\u00ebs. (2007)"},"content":{"rendered":"<p style=\"text-align: justify;\"><span style=\"font-family: tahoma,geneva,sans-serif;\"><span style=\"font-size: 12px;\"><span style=\"color: #000000;\"><img decoding=\"async\" class=\"lazyload HAa Eha\" style=\"border-width: 1px; border-style: solid; margin: 10px; float: right;\" alt=\"\" src=\"data:image\/svg+xml,%3Csvg%20xmlns%3D%27http%3A%2F%2Fwww.w3.org%2F2000%2Fsvg%27%20width%3D%27216%27%20height%3D%27162%27%20viewBox%3D%270%200%20216%20162%27%3E%3Crect%20width%3D%27216%27%20height%3D%27162%27%20fill-opacity%3D%220%22%2F%3E%3C%2Fsvg%3E\" data-orig-src=\"https:\/\/lh3.googleusercontent.com\/-ogtOlDozn1s\/VIrpOpBG74I\/AAAAAAAAHMc\/3_KuIKdd73o\/w400-h300-no\/1.jpg\" height=\"162\" width=\"216\" \/>&nbsp;&nbsp;&nbsp;&nbsp; Krishti lind, lavd\u00ebrojeni! Ky \u00ebsht\u00eb lajmmotivi q\u00eb shoq\u00ebroi besimtar\u00ebt orthodhoks\u00eb t\u00eb qytetit t\u00eb Durr\u00ebsit gjat\u00eb festimit t\u00eb Krishtlindjeve. Kisha katedrale orthodhokse \u201cApostull Pavli dhe Sh\u00ebn Asti\u201d erdhi n\u00eb festimin e k\u00ebtyre Krishtlindjeve paskremtimeve t\u00eb nj\u00ebpasnj\u00ebshme t\u00eb p\u00ebrvjetorit t\u00eb Pavar\u00ebsis\u00eb s\u00eb vendit, t\u00eb Apostull Qesarit episkopit t\u00eb par\u00eb t\u00eb Durr\u00ebsit dhe t\u00eb Sh\u00ebn Spiridhonit, madje edhe me nj\u00eb k\u00ebshill t\u00eb ri t\u00eb rifreskuar kishtar t\u00eb porsa zgjedhur, me kandidatura t\u00eb reja nga vet\u00eb besimtar\u00ebt.<\/span><\/span><\/span><\/p>\n<p style=\"text-align: justify;\"><span style=\"font-family: tahoma,geneva,sans-serif;\"><span style=\"font-size: 12px;\"><span style=\"color: #000000;\">&nbsp;&nbsp;&nbsp;&nbsp; N\u00eb k\u00ebt\u00eb atmosfer\u00eb t\u00eb prag Krishtlindjes, m\u00eb 23 Dhjetor, n\u00eb Liturgjin\u00eb Hyjnore t\u00eb s\u00eb Diel\u00ebs, t\u00eb zhvilluar n\u00eb k\u00ebt\u00eb kish\u00eb katedrale t\u00eb qytetit, u kujtuan ve\u00e7an\u00ebrisht me mir\u00ebnjohje t\u00eb madhe ndihm\u00ebtar\u00ebt q\u00eb jetojn\u00eb apo q\u00eb kan\u00eb dh\u00ebn\u00eb shpirt tek Per\u00ebndia, t\u00eb cil\u00ebt me kontributin e tyre vazhdojn\u00eb ta forcojn\u00eb dhurat\u00ebn e madhe q\u00eb dha Kryepiskopi i Tiran\u00ebs, Durr\u00ebsit dhe gjith\u00eb Shqip\u00ebris\u00eb, Imzot Anastasi, besimtar\u00ebve t\u00eb qytetit t\u00eb Durr\u00ebsit, me kish\u00ebn \u201cApostull Pavli &amp; Sh\u00ebn Asti\u201d. K\u00ebt\u00eb Liturgji Hyjnore e udh\u00ebhoqi Episkopi i Apollonis\u00eb, nj\u00ebkoh\u00ebsisht dhe zv\/drejtori i Akademis\u00eb Teologjike \u201cNgjallja e Krishtit\u201d, Imzot Nikolla, i cili me prezenc\u00ebn, q\u00ebndrimin dhe ndihm\u00ebn e tij i ka dh\u00ebn\u00eb nj\u00eb shtytje t\u00eb fuqishme funksionimit sa m\u00eb t\u00eb mir\u00eb t\u00eb organizimit t\u00eb kish\u00ebs s\u00eb Durr\u00ebsit.<\/span><\/span><\/span><\/p>\n<p style=\"text-align: justify;\"><span style=\"font-family: tahoma,geneva,sans-serif;\"><span style=\"font-size: 12px;\"><span style=\"color: #000000;\">&nbsp;&nbsp;&nbsp;&nbsp;&nbsp; Ky festim i periudh\u00ebs s\u00eb Krishtlindjeve vazhdoi m\u00eb 24 dhjetor, ku edhe u krye Sh\u00ebrbesa e Or\u00ebve t\u00eb M\u00ebdha t\u00eb Krishtlindjeve, M\u00ebngjesorja, Mbr\u00ebm\u00ebsorja dhe Liturgjia Hyjnore. Po k\u00ebt\u00eb dit\u00eb f\u00ebmij\u00ebt dhe rinia e kish\u00ebs son\u00eb p\u00ebrhap\u00ebn lajmin e Lindjes s\u00eb Krishtit n\u00eb sht\u00ebpit\u00eb e besimtar\u00ebve me an\u00eb t\u00eb vizitave, duke k\u00ebnduar kolendrat, k\u00ebto k\u00ebng\u00eb tradicionale t\u00eb Krishtlindjeve aq shum\u00eb t\u00eb p\u00eblqyera nga besimtar\u00ebt orthodhoks\u00eb t\u00eb qytetit. I madh ishte g\u00ebzimi i familjeve t\u00eb cil\u00ebt prisnin k\u00ebta f\u00ebmij\u00eb e t\u00eb rinj t\u2019u vinin n\u00ebp\u00ebr dyert e sht\u00ebpive t\u00eb tyre, por edhe f\u00ebmij\u00ebt e t\u00eb rinjt\u00eb ishin mjaft entuziast\u00eb p\u00ebr k\u00ebt\u00eb aktivitet q\u00eb kishin marr\u00eb p\u00ebrsip\u00ebr ta \u00e7onin deri n\u00eb fund. Deri von\u00eb n\u00eb mbr\u00ebmje ata trokisnin der\u00eb me der\u00eb dhe nuk munguan dhe rastet kur mes lot\u00ebsh takuam dhe njer\u00ebz, t\u00eb cil\u00ebt tashm\u00eb n\u00eb mosh\u00eb t\u00eb thyer, na treguan q\u00eb t\u00eb nj\u00ebjt\u00ebn gj\u00eb kishin b\u00ebr\u00eb dhe ata n\u00eb mosh\u00eb t\u00eb re dhe kjo tradit\u00eb u kujtoi atyre vitet kur vet\u00eb ata ishin pjes\u00eb e grupit t\u00eb kolendrave q\u00eb at\u00ebher\u00eb organizohej n\u00eb m\u00ebngjes duke gdhir\u00eb dita e Krishtlindjeve. Pasi p\u00ebrfunduan k\u00ebt\u00eb aktivitet t\u00eb r\u00ebnd\u00ebsish\u00ebm, f\u00ebmij\u00ebt e t\u00eb rinjt\u00eb v\u00ebrtet\u00eb ishin t\u00eb lodhur, por ishin gjithashtu t\u00eb g\u00ebzuar dhe shprehnin d\u00ebshir\u00ebn q\u00eb n\u00eb vitet e ardhshme do t\u00eb ishin s\u00ebrish t\u00eb gatsh\u00ebm t\u00eb organizonin e t\u00eb k\u00ebndonin kolendrat s\u00eb bashku.<\/span><\/span><\/span><\/p>\n<p style=\"text-align: justify;\"><span style=\"font-family: tahoma,geneva,sans-serif;\"><span style=\"font-size: 12px;\"><span style=\"color: #000000;\"><img decoding=\"async\" class=\"lazyload HAa Eha\" style=\"border-width: 1px; border-style: solid; margin: 10px; float: left;\" alt=\"\" src=\"data:image\/svg+xml,%3Csvg%20xmlns%3D%27http%3A%2F%2Fwww.w3.org%2F2000%2Fsvg%27%20width%3D%27220%27%20height%3D%27164%27%20viewBox%3D%270%200%20220%20164%27%3E%3Crect%20width%3D%27220%27%20height%3D%27164%27%20fill-opacity%3D%220%22%2F%3E%3C%2Fsvg%3E\" data-orig-src=\"https:\/\/lh6.googleusercontent.com\/-RxhXxF6UYtc\/VIrpOvUrqGI\/AAAAAAAAHMo\/MGVj6FLaDq0\/w400-h298-no\/2.jpg\" height=\"164\" width=\"220\" \/><img decoding=\"async\" class=\"lazyload HAa Eha\" style=\"border-width: 1px; border-style: solid; margin: 10px; float: right;\" alt=\"\" src=\"data:image\/svg+xml,%3Csvg%20xmlns%3D%27http%3A%2F%2Fwww.w3.org%2F2000%2Fsvg%27%20width%3D%27269%27%20height%3D%27202%27%20viewBox%3D%270%200%20269%20202%27%3E%3Crect%20width%3D%27269%27%20height%3D%27202%27%20fill-opacity%3D%220%22%2F%3E%3C%2Fsvg%3E\" data-orig-src=\"https:\/\/lh5.googleusercontent.com\/-lA99OyaUzKQ\/VIrpOlhoUQI\/AAAAAAAAHMY\/cpfC8KF_XYU\/w400-h300-no\/4.jpg\" height=\"202\" width=\"269\" \/> &nbsp;&nbsp;&nbsp; E nj\u00ebjta gj\u00eb u b\u00eb dhe n\u00eb dat\u00ebn 25 n\u00eb m\u00ebngjes, por me nj\u00eb m\u00ebnyr\u00eb tjet\u00ebr tashm\u00eb q\u00eb \u00ebsht\u00eb b\u00ebr\u00eb disi tradicionale k\u00ebto 15 vjet\u00ebt e fundit, ku nj\u00eb makin\u00eb dhe qend\u00ebr z\u00ebri e l\u00ebvizshme, t\u00eb ofruar nga 2 besimtar\u00eb t\u00eb kish\u00ebs son\u00eb, sh\u00ebtisnin n\u00ebp\u00ebr rrug\u00ebt e qytetit q\u00eb nga ora 04.00 e m\u00ebngjesit duke p\u00ebrhapur lajmin e Lindjes s\u00eb Krishtit me k\u00ebng\u00ebt dhe muzik\u00ebn tradicionale festive, sidomos at\u00eb m\u00eb tradicionalen p\u00ebr qytetin ton\u00eb \u201cMir\u00ebm\u00ebngjes zonja zot\u00ebrinj&#8230;\u201d, t\u00eb krijuar po nga nj\u00eb durrsak orthodhoks z. Aleks Pjetri dhe k\u00ebnduar p\u00ebr her\u00eb t\u00eb par\u00eb p\u00ebr Krishtlindje n\u00eb Durr\u00ebs n\u00eb vitin 1928.<\/span><\/span><\/span><\/p>\n<p style=\"text-align: justify;\"><span style=\"font-family: tahoma,geneva,sans-serif;\"><span style=\"font-size: 12px;\"><span style=\"color: #000000;\">&nbsp;&nbsp;&nbsp;&nbsp; N\u00eb or\u00ebn 06:00 filloi sh\u00ebrbesa e M\u00ebngjesores dhe m\u00eb pas Liturgjia Hyjnore, n\u00eb t\u00eb cil\u00ebn pjes\u00ebmarrja e besimtar\u00ebve ishte shum\u00eb e madhe, p\u00ebr t\u00eb treguar dhe nj\u00eb her\u00eb besimin e tyre, por dhe nevoj\u00ebn q\u00eb ka bota e sotme p\u00ebr fuqin\u00eb, prezenc\u00ebn dhe ndihm\u00ebn e Per\u00ebndis\u00eb. Gjat\u00eb Liturgjis\u00eb Hyjnore u lexua dhe mesazhi kremtues i Kryepiskopit Anastas drejtuar klerit dhe besimtar\u00ebve orthodhoks\u00eb. N\u00eb fund f\u00ebmij\u00ebt e t\u00eb rinjt\u00eb, t\u00eb cil\u00ebt kishin qen\u00eb nj\u00eb dit\u00eb m\u00eb par\u00eb n\u00ebp\u00ebr sht\u00ebpit\u00eb e besimtar\u00ebve k\u00ebnduan dhe nj\u00eb her\u00eb p\u00ebrpara besimtar\u00ebve n\u00eb kish\u00eb kolendrat p\u00ebr lajmin e g\u00ebzuar t\u00eb Lindjes Trupore t\u00eb Zotit dhe t\u00eb Shp\u00ebtimtarit ton\u00eb Jisu Krisht.&nbsp;&nbsp;&nbsp;&nbsp;&nbsp;&nbsp;&nbsp;&nbsp;&nbsp;&nbsp;&nbsp;&nbsp;&nbsp;&nbsp;&nbsp;&nbsp;<\/span><\/span><\/span><\/p>\n<p style=\"text-align: justify;\"><span style=\"font-family: tahoma,geneva,sans-serif;\"><span style=\"font-size: 12px;\"><span style=\"color: #000000;\"><img decoding=\"async\" class=\"lazyload HAa Eha\" style=\"border-width: 1px; border-style: solid; margin: 10px; float: left;\" alt=\"\" src=\"data:image\/svg+xml,%3Csvg%20xmlns%3D%27http%3A%2F%2Fwww.w3.org%2F2000%2Fsvg%27%20width%3D%27198%27%20height%3D%27149%27%20viewBox%3D%270%200%20198%20149%27%3E%3Crect%20width%3D%27198%27%20height%3D%27149%27%20fill-opacity%3D%220%22%2F%3E%3C%2Fsvg%3E\" data-orig-src=\"https:\/\/lh6.googleusercontent.com\/-xjLccJ6FcaI\/VIrpPa7gUbI\/AAAAAAAAHMg\/C0fTB6EpkDg\/w400-h300-no\/5.jpg\" height=\"149\" width=\"198\" \/>&nbsp;&nbsp;&nbsp;&nbsp;&nbsp; Karakteristike e k\u00ebsaj dite ishte edhe fakti se, dhe pas mbarimit t\u00eb Liturgjis\u00eb Hyjnore, kisha vazhdonte t\u00eb ishte plot me njer\u00ebz, t\u00eb cil\u00ebt me shprestarin\u00eb e tyre, lutjet, ndezjen e qirinjve, nderimin e ikonave k\u00ebrkonin nga Per\u00ebndia at\u00eb q\u00eb bota e sotme e ka t\u00eb v\u00ebshtir\u00eb t\u2019u afroj\u00eb, qet\u00ebsin\u00eb shpirt\u00ebrore dhe shp\u00ebtimin e shpirtit.<\/span><\/span><\/span><\/p>\n<p style=\"text-align: justify;\"><span style=\"font-family: tahoma,geneva,sans-serif;\"><span style=\"font-size: 12px;\"><span style=\"color: #000000;\">&nbsp;&nbsp;&nbsp;&nbsp; Po n\u00eb or\u00ebt e paradites u prit\u00ebn edhe vizitat e autoriteteve t\u00eb pushtetit vendor, t\u00eb partive politike, t\u00eb organizatave joqeveritare, t\u00eb drejtuesve t\u00eb mjaft institucioneve shtet\u00ebrore t\u00eb qytetit si dhe vizitat e mjaft dhuruesve, t\u00eb cil\u00ebt me dhuratat e tyre ndihmojn\u00eb n\u00eb mir\u00ebfunksionimin e kish\u00ebs. Duhet theksuar se n\u00eb gjith\u00eb k\u00ebt\u00eb veprimtari t\u00eb dendur t\u00eb kish\u00ebs gjat\u00eb k\u00ebsaj periudhe pune intensive ndihma dhe prezenca e k\u00ebshillit kishtar ishte e vler\u00ebsueshme dhe mjaft e organizuar.<\/span><\/span><\/span><\/p>\n<p style=\"text-align: justify;\">&nbsp;<\/p>\n<p style=\"text-align: justify;\"><span style=\"font-family: tahoma,geneva,sans-serif;\"><span style=\"font-size: 12px;\"><span style=\"color: #000000;\">&nbsp;&nbsp;&nbsp;&nbsp; <strong>Thoma \u00c7om\u00ebni dhe Joan Meni<\/strong><\/span><\/span><\/span><\/p>\n","protected":false},"excerpt":{"rendered":"<p>&nbsp;&nbsp;&nbsp;&nbsp; Krishti lind, lavd\u00ebrojeni! Ky \u00ebsht\u00eb lajmmotivi q\u00eb shoq\u00ebroi besimtar\u00ebt orthodhoks\u00eb t\u00eb qytetit t\u00eb Durr\u00ebsit gjat\u00eb festimit t\u00eb Krishtlindjeve. Kisha katedrale orthodhokse \u201cApostull Pavli dhe Sh\u00ebn Asti\u201d erdhi n\u00eb festimin e k\u00ebtyre Krishtlindjeve paskremtimeve t\u00eb nj\u00ebpasnj\u00ebshme t\u00eb p\u00ebrvjetorit t\u00eb Pavar\u00ebsis\u00eb s\u00eb vendit, t\u00eb Apostull Qesarit episkopit t\u00eb par\u00eb t\u00eb Durr\u00ebsit dhe t\u00eb Sh\u00ebn Spiridhonit, madje edhe me nj\u00eb k\u00ebshill t\u00eb ri t\u00eb rifreskuar kishtar t\u00eb<\/p>\n","protected":false},"author":1,"featured_media":0,"comment_status":"open","ping_status":"open","sticky":false,"template":"","format":"standard","meta":{"_acf_changed":false,"pagelayer_contact_templates":[],"_pagelayer_content":"","inline_featured_image":false,"fifu_image_url":"","fifu_image_alt":"","footnotes":""},"categories":[108],"tags":[147,192,196,212],"class_list":["post-787","post","type-post","status-publish","format-standard","hentry","category-lajme","tag-147","tag-krishtlindje","tag-tirane","tag-lajme-d27"],"acf":[],"yoast_head":"<!-- This site is optimized with the Yoast SEO plugin v27.2 - https:\/\/yoast.com\/product\/yoast-seo-wordpress\/ -->\n<title>Kremtimi i Krishtlindjes n\u00eb Durr\u00ebs. (2007) - Kisha Orthodh\u03bfkse Autoqefale e Shqip\u00ebris\u00eb<\/title>\n<meta name=\"robots\" content=\"index, follow, max-snippet:-1, max-image-preview:large, max-video-preview:-1\" \/>\n<link rel=\"canonical\" href=\"https:\/\/orthodoxalbania.org\/2020\/2007\/02\/26\/kremtimi-i-krishtlindjes-ne-durres-2007\/\" \/>\n<meta property=\"og:locale\" content=\"en_US\" \/>\n<meta property=\"og:type\" content=\"article\" \/>\n<meta property=\"og:title\" content=\"Kremtimi i Krishtlindjes n\u00eb Durr\u00ebs. (2007) - Kisha Orthodh\u03bfkse Autoqefale e Shqip\u00ebris\u00eb\" \/>\n<meta property=\"og:description\" content=\"&nbsp;&nbsp;&nbsp;&nbsp; Krishti lind, lavd\u00ebrojeni! Ky \u00ebsht\u00eb lajmmotivi q\u00eb shoq\u00ebroi besimtar\u00ebt orthodhoks\u00eb t\u00eb qytetit t\u00eb Durr\u00ebsit gjat\u00eb festimit t\u00eb Krishtlindjeve. Kisha katedrale orthodhokse \u201cApostull Pavli dhe Sh\u00ebn Asti\u201d erdhi n\u00eb festimin e k\u00ebtyre Krishtlindjeve paskremtimeve t\u00eb nj\u00ebpasnj\u00ebshme t\u00eb p\u00ebrvjetorit t\u00eb Pavar\u00ebsis\u00eb s\u00eb vendit, t\u00eb Apostull Qesarit episkopit t\u00eb par\u00eb t\u00eb Durr\u00ebsit dhe t\u00eb Sh\u00ebn Spiridhonit, madje edhe me nj\u00eb k\u00ebshill t\u00eb ri t\u00eb rifreskuar kishtar t\u00eb\" \/>\n<meta property=\"og:url\" content=\"https:\/\/orthodoxalbania.org\/2020\/2007\/02\/26\/kremtimi-i-krishtlindjes-ne-durres-2007\/\" \/>\n<meta property=\"og:site_name\" content=\"Kisha Orthodh\u03bfkse Autoqefale e Shqip\u00ebris\u00eb\" \/>\n<meta property=\"article:publisher\" content=\"https:\/\/www.facebook.com\/koash1991\" \/>\n<meta property=\"article:published_time\" content=\"2007-02-26T00:00:00+00:00\" \/>\n<meta property=\"article:modified_time\" content=\"2020-04-06T20:35:40+00:00\" \/>\n<meta property=\"og:image\" content=\"https:\/\/lh3.googleusercontent.com\/-ogtOlDozn1s\/VIrpOpBG74I\/AAAAAAAAHMc\/3_KuIKdd73o\/w400-h300-no\/1.jpg\" \/>\n<meta name=\"author\" content=\"Kisha Orthodhokse\" \/>\n<meta name=\"twitter:card\" content=\"summary_large_image\" \/>\n<meta name=\"twitter:label1\" content=\"Written by\" \/>\n\t<meta name=\"twitter:data1\" content=\"Kisha Orthodhokse\" \/>\n\t<meta name=\"twitter:label2\" content=\"Est. reading time\" \/>\n\t<meta name=\"twitter:data2\" content=\"5 minutes\" \/>\n<script type=\"application\/ld+json\" class=\"yoast-schema-graph\">{\"@context\":\"https:\/\/schema.org\",\"@graph\":[{\"@type\":\"Article\",\"@id\":\"https:\/\/orthodoxalbania.org\/2020\/2007\/02\/26\/kremtimi-i-krishtlindjes-ne-durres-2007\/#article\",\"isPartOf\":{\"@id\":\"https:\/\/orthodoxalbania.org\/2020\/2007\/02\/26\/kremtimi-i-krishtlindjes-ne-durres-2007\/\"},\"author\":{\"name\":\"Kisha Orthodhokse\",\"@id\":\"https:\/\/orthodoxalbania.org\/2020\/#\/schema\/person\/0c387634a7063ac612d7ed9ce71c7e86\"},\"headline\":\"Kremtimi i Krishtlindjes n\u00eb Durr\u00ebs. (2007)\",\"datePublished\":\"2007-02-26T00:00:00+00:00\",\"dateModified\":\"2020-04-06T20:35:40+00:00\",\"mainEntityOfPage\":{\"@id\":\"https:\/\/orthodoxalbania.org\/2020\/2007\/02\/26\/kremtimi-i-krishtlindjes-ne-durres-2007\/\"},\"wordCount\":974,\"commentCount\":0,\"publisher\":{\"@id\":\"https:\/\/orthodoxalbania.org\/2020\/#organization\"},\"image\":{\"@id\":\"https:\/\/orthodoxalbania.org\/2020\/2007\/02\/26\/kremtimi-i-krishtlindjes-ne-durres-2007\/#primaryimage\"},\"thumbnailUrl\":\"https:\/\/lh3.googleusercontent.com\/-ogtOlDozn1s\/VIrpOpBG74I\/AAAAAAAAHMc\/3_KuIKdd73o\/w400-h300-no\/1.jpg\",\"keywords\":[\"2007\",\"Krishtlindje\",\"Kryepiskopata Tiran\u00eb\",\"lajme\"],\"articleSection\":[\"Lajme\"],\"inLanguage\":\"en-US\"},{\"@type\":\"WebPage\",\"@id\":\"https:\/\/orthodoxalbania.org\/2020\/2007\/02\/26\/kremtimi-i-krishtlindjes-ne-durres-2007\/\",\"url\":\"https:\/\/orthodoxalbania.org\/2020\/2007\/02\/26\/kremtimi-i-krishtlindjes-ne-durres-2007\/\",\"name\":\"Kremtimi i Krishtlindjes n\u00eb Durr\u00ebs. (2007) - Kisha Orthodh\u03bfkse Autoqefale e Shqip\u00ebris\u00eb\",\"isPartOf\":{\"@id\":\"https:\/\/orthodoxalbania.org\/2020\/#website\"},\"primaryImageOfPage\":{\"@id\":\"https:\/\/orthodoxalbania.org\/2020\/2007\/02\/26\/kremtimi-i-krishtlindjes-ne-durres-2007\/#primaryimage\"},\"image\":{\"@id\":\"https:\/\/orthodoxalbania.org\/2020\/2007\/02\/26\/kremtimi-i-krishtlindjes-ne-durres-2007\/#primaryimage\"},\"thumbnailUrl\":\"https:\/\/lh3.googleusercontent.com\/-ogtOlDozn1s\/VIrpOpBG74I\/AAAAAAAAHMc\/3_KuIKdd73o\/w400-h300-no\/1.jpg\",\"datePublished\":\"2007-02-26T00:00:00+00:00\",\"dateModified\":\"2020-04-06T20:35:40+00:00\",\"breadcrumb\":{\"@id\":\"https:\/\/orthodoxalbania.org\/2020\/2007\/02\/26\/kremtimi-i-krishtlindjes-ne-durres-2007\/#breadcrumb\"},\"inLanguage\":\"en-US\",\"potentialAction\":[{\"@type\":\"ReadAction\",\"target\":[\"https:\/\/orthodoxalbania.org\/2020\/2007\/02\/26\/kremtimi-i-krishtlindjes-ne-durres-2007\/\"]}]},{\"@type\":\"ImageObject\",\"inLanguage\":\"en-US\",\"@id\":\"https:\/\/orthodoxalbania.org\/2020\/2007\/02\/26\/kremtimi-i-krishtlindjes-ne-durres-2007\/#primaryimage\",\"url\":\"https:\/\/lh3.googleusercontent.com\/-ogtOlDozn1s\/VIrpOpBG74I\/AAAAAAAAHMc\/3_KuIKdd73o\/w400-h300-no\/1.jpg\",\"contentUrl\":\"https:\/\/lh3.googleusercontent.com\/-ogtOlDozn1s\/VIrpOpBG74I\/AAAAAAAAHMc\/3_KuIKdd73o\/w400-h300-no\/1.jpg\"},{\"@type\":\"BreadcrumbList\",\"@id\":\"https:\/\/orthodoxalbania.org\/2020\/2007\/02\/26\/kremtimi-i-krishtlindjes-ne-durres-2007\/#breadcrumb\",\"itemListElement\":[{\"@type\":\"ListItem\",\"position\":1,\"name\":\"Home\",\"item\":\"https:\/\/orthodoxalbania.org\/2020\/\"},{\"@type\":\"ListItem\",\"position\":2,\"name\":\"Kremtimi i Krishtlindjes n\u00eb Durr\u00ebs. (2007)\"}]},{\"@type\":\"WebSite\",\"@id\":\"https:\/\/orthodoxalbania.org\/2020\/#website\",\"url\":\"https:\/\/orthodoxalbania.org\/2020\/\",\"name\":\"Kisha Orthodh\u03bfkse Autoqefale e Shqip\u00ebris\u00eb\",\"description\":\"Fqja Zyrtare e Kish\u00ebs Orthodhokse Autoqefale e Shqip\u00ebris\u00eb me lajmet edhe informacionet zyrtare p\u00ebr struktur\u00ebn edhe veprimtarin e saj.\",\"publisher\":{\"@id\":\"https:\/\/orthodoxalbania.org\/2020\/#organization\"},\"potentialAction\":[{\"@type\":\"SearchAction\",\"target\":{\"@type\":\"EntryPoint\",\"urlTemplate\":\"https:\/\/orthodoxalbania.org\/2020\/?s={search_term_string}\"},\"query-input\":{\"@type\":\"PropertyValueSpecification\",\"valueRequired\":true,\"valueName\":\"search_term_string\"}}],\"inLanguage\":\"en-US\"},{\"@type\":\"Organization\",\"@id\":\"https:\/\/orthodoxalbania.org\/2020\/#organization\",\"name\":\"Kisha Orthodhokse Autoqefale e Shqip\u00ebris\u00eb\",\"url\":\"https:\/\/orthodoxalbania.org\/2020\/\",\"logo\":{\"@type\":\"ImageObject\",\"inLanguage\":\"en-US\",\"@id\":\"https:\/\/orthodoxalbania.org\/2020\/#\/schema\/logo\/image\/\",\"url\":\"https:\/\/orthodoxalbania.org\/2020\/wp-content\/uploads\/2020\/05\/albania.jpeg\",\"contentUrl\":\"https:\/\/orthodoxalbania.org\/2020\/wp-content\/uploads\/2020\/05\/albania.jpeg\",\"width\":540,\"height\":540,\"caption\":\"Kisha Orthodhokse Autoqefale e Shqip\u00ebris\u00eb\"},\"image\":{\"@id\":\"https:\/\/orthodoxalbania.org\/2020\/#\/schema\/logo\/image\/\"},\"sameAs\":[\"https:\/\/www.facebook.com\/koash1991\"]},{\"@type\":\"Person\",\"@id\":\"https:\/\/orthodoxalbania.org\/2020\/#\/schema\/person\/0c387634a7063ac612d7ed9ce71c7e86\",\"name\":\"Kisha Orthodhokse\",\"image\":{\"@type\":\"ImageObject\",\"inLanguage\":\"en-US\",\"@id\":\"https:\/\/secure.gravatar.com\/avatar\/596e7c417251e30f2fbb9c00e026fce61a695a00e51c889caded71c96cbbdde5?s=96&d=mm&r=g\",\"url\":\"https:\/\/secure.gravatar.com\/avatar\/596e7c417251e30f2fbb9c00e026fce61a695a00e51c889caded71c96cbbdde5?s=96&d=mm&r=g\",\"contentUrl\":\"https:\/\/secure.gravatar.com\/avatar\/596e7c417251e30f2fbb9c00e026fce61a695a00e51c889caded71c96cbbdde5?s=96&d=mm&r=g\",\"caption\":\"Kisha Orthodhokse\"}}]}<\/script>\n<!-- \/ Yoast SEO plugin. -->","yoast_head_json":{"title":"Kremtimi i Krishtlindjes n\u00eb Durr\u00ebs. (2007) - Kisha Orthodh\u03bfkse Autoqefale e Shqip\u00ebris\u00eb","robots":{"index":"index","follow":"follow","max-snippet":"max-snippet:-1","max-image-preview":"max-image-preview:large","max-video-preview":"max-video-preview:-1"},"canonical":"https:\/\/orthodoxalbania.org\/2020\/2007\/02\/26\/kremtimi-i-krishtlindjes-ne-durres-2007\/","og_locale":"en_US","og_type":"article","og_title":"Kremtimi i Krishtlindjes n\u00eb Durr\u00ebs. (2007) - Kisha Orthodh\u03bfkse Autoqefale e Shqip\u00ebris\u00eb","og_description":"&nbsp;&nbsp;&nbsp;&nbsp; Krishti lind, lavd\u00ebrojeni! Ky \u00ebsht\u00eb lajmmotivi q\u00eb shoq\u00ebroi besimtar\u00ebt orthodhoks\u00eb t\u00eb qytetit t\u00eb Durr\u00ebsit gjat\u00eb festimit t\u00eb Krishtlindjeve. Kisha katedrale orthodhokse \u201cApostull Pavli dhe Sh\u00ebn Asti\u201d erdhi n\u00eb festimin e k\u00ebtyre Krishtlindjeve paskremtimeve t\u00eb nj\u00ebpasnj\u00ebshme t\u00eb p\u00ebrvjetorit t\u00eb Pavar\u00ebsis\u00eb s\u00eb vendit, t\u00eb Apostull Qesarit episkopit t\u00eb par\u00eb t\u00eb Durr\u00ebsit dhe t\u00eb Sh\u00ebn Spiridhonit, madje edhe me nj\u00eb k\u00ebshill t\u00eb ri t\u00eb rifreskuar kishtar t\u00eb","og_url":"https:\/\/orthodoxalbania.org\/2020\/2007\/02\/26\/kremtimi-i-krishtlindjes-ne-durres-2007\/","og_site_name":"Kisha Orthodh\u03bfkse Autoqefale e Shqip\u00ebris\u00eb","article_publisher":"https:\/\/www.facebook.com\/koash1991","article_published_time":"2007-02-26T00:00:00+00:00","article_modified_time":"2020-04-06T20:35:40+00:00","og_image":[{"url":"https:\/\/lh3.googleusercontent.com\/-ogtOlDozn1s\/VIrpOpBG74I\/AAAAAAAAHMc\/3_KuIKdd73o\/w400-h300-no\/1.jpg","type":"","width":"","height":""}],"author":"Kisha Orthodhokse","twitter_card":"summary_large_image","twitter_misc":{"Written by":"Kisha Orthodhokse","Est. reading time":"5 minutes"},"schema":{"@context":"https:\/\/schema.org","@graph":[{"@type":"Article","@id":"https:\/\/orthodoxalbania.org\/2020\/2007\/02\/26\/kremtimi-i-krishtlindjes-ne-durres-2007\/#article","isPartOf":{"@id":"https:\/\/orthodoxalbania.org\/2020\/2007\/02\/26\/kremtimi-i-krishtlindjes-ne-durres-2007\/"},"author":{"name":"Kisha Orthodhokse","@id":"https:\/\/orthodoxalbania.org\/2020\/#\/schema\/person\/0c387634a7063ac612d7ed9ce71c7e86"},"headline":"Kremtimi i Krishtlindjes n\u00eb Durr\u00ebs. (2007)","datePublished":"2007-02-26T00:00:00+00:00","dateModified":"2020-04-06T20:35:40+00:00","mainEntityOfPage":{"@id":"https:\/\/orthodoxalbania.org\/2020\/2007\/02\/26\/kremtimi-i-krishtlindjes-ne-durres-2007\/"},"wordCount":974,"commentCount":0,"publisher":{"@id":"https:\/\/orthodoxalbania.org\/2020\/#organization"},"image":{"@id":"https:\/\/orthodoxalbania.org\/2020\/2007\/02\/26\/kremtimi-i-krishtlindjes-ne-durres-2007\/#primaryimage"},"thumbnailUrl":"https:\/\/lh3.googleusercontent.com\/-ogtOlDozn1s\/VIrpOpBG74I\/AAAAAAAAHMc\/3_KuIKdd73o\/w400-h300-no\/1.jpg","keywords":["2007","Krishtlindje","Kryepiskopata Tiran\u00eb","lajme"],"articleSection":["Lajme"],"inLanguage":"en-US"},{"@type":"WebPage","@id":"https:\/\/orthodoxalbania.org\/2020\/2007\/02\/26\/kremtimi-i-krishtlindjes-ne-durres-2007\/","url":"https:\/\/orthodoxalbania.org\/2020\/2007\/02\/26\/kremtimi-i-krishtlindjes-ne-durres-2007\/","name":"Kremtimi i Krishtlindjes n\u00eb Durr\u00ebs. (2007) - Kisha Orthodh\u03bfkse Autoqefale e Shqip\u00ebris\u00eb","isPartOf":{"@id":"https:\/\/orthodoxalbania.org\/2020\/#website"},"primaryImageOfPage":{"@id":"https:\/\/orthodoxalbania.org\/2020\/2007\/02\/26\/kremtimi-i-krishtlindjes-ne-durres-2007\/#primaryimage"},"image":{"@id":"https:\/\/orthodoxalbania.org\/2020\/2007\/02\/26\/kremtimi-i-krishtlindjes-ne-durres-2007\/#primaryimage"},"thumbnailUrl":"https:\/\/lh3.googleusercontent.com\/-ogtOlDozn1s\/VIrpOpBG74I\/AAAAAAAAHMc\/3_KuIKdd73o\/w400-h300-no\/1.jpg","datePublished":"2007-02-26T00:00:00+00:00","dateModified":"2020-04-06T20:35:40+00:00","breadcrumb":{"@id":"https:\/\/orthodoxalbania.org\/2020\/2007\/02\/26\/kremtimi-i-krishtlindjes-ne-durres-2007\/#breadcrumb"},"inLanguage":"en-US","potentialAction":[{"@type":"ReadAction","target":["https:\/\/orthodoxalbania.org\/2020\/2007\/02\/26\/kremtimi-i-krishtlindjes-ne-durres-2007\/"]}]},{"@type":"ImageObject","inLanguage":"en-US","@id":"https:\/\/orthodoxalbania.org\/2020\/2007\/02\/26\/kremtimi-i-krishtlindjes-ne-durres-2007\/#primaryimage","url":"https:\/\/lh3.googleusercontent.com\/-ogtOlDozn1s\/VIrpOpBG74I\/AAAAAAAAHMc\/3_KuIKdd73o\/w400-h300-no\/1.jpg","contentUrl":"https:\/\/lh3.googleusercontent.com\/-ogtOlDozn1s\/VIrpOpBG74I\/AAAAAAAAHMc\/3_KuIKdd73o\/w400-h300-no\/1.jpg"},{"@type":"BreadcrumbList","@id":"https:\/\/orthodoxalbania.org\/2020\/2007\/02\/26\/kremtimi-i-krishtlindjes-ne-durres-2007\/#breadcrumb","itemListElement":[{"@type":"ListItem","position":1,"name":"Home","item":"https:\/\/orthodoxalbania.org\/2020\/"},{"@type":"ListItem","position":2,"name":"Kremtimi i Krishtlindjes n\u00eb Durr\u00ebs. (2007)"}]},{"@type":"WebSite","@id":"https:\/\/orthodoxalbania.org\/2020\/#website","url":"https:\/\/orthodoxalbania.org\/2020\/","name":"Kisha Orthodh\u03bfkse Autoqefale e Shqip\u00ebris\u00eb","description":"Fqja Zyrtare e Kish\u00ebs Orthodhokse Autoqefale e Shqip\u00ebris\u00eb me lajmet edhe informacionet zyrtare p\u00ebr struktur\u00ebn edhe veprimtarin e saj.","publisher":{"@id":"https:\/\/orthodoxalbania.org\/2020\/#organization"},"potentialAction":[{"@type":"SearchAction","target":{"@type":"EntryPoint","urlTemplate":"https:\/\/orthodoxalbania.org\/2020\/?s={search_term_string}"},"query-input":{"@type":"PropertyValueSpecification","valueRequired":true,"valueName":"search_term_string"}}],"inLanguage":"en-US"},{"@type":"Organization","@id":"https:\/\/orthodoxalbania.org\/2020\/#organization","name":"Kisha Orthodhokse Autoqefale e Shqip\u00ebris\u00eb","url":"https:\/\/orthodoxalbania.org\/2020\/","logo":{"@type":"ImageObject","inLanguage":"en-US","@id":"https:\/\/orthodoxalbania.org\/2020\/#\/schema\/logo\/image\/","url":"https:\/\/orthodoxalbania.org\/2020\/wp-content\/uploads\/2020\/05\/albania.jpeg","contentUrl":"https:\/\/orthodoxalbania.org\/2020\/wp-content\/uploads\/2020\/05\/albania.jpeg","width":540,"height":540,"caption":"Kisha Orthodhokse Autoqefale e Shqip\u00ebris\u00eb"},"image":{"@id":"https:\/\/orthodoxalbania.org\/2020\/#\/schema\/logo\/image\/"},"sameAs":["https:\/\/www.facebook.com\/koash1991"]},{"@type":"Person","@id":"https:\/\/orthodoxalbania.org\/2020\/#\/schema\/person\/0c387634a7063ac612d7ed9ce71c7e86","name":"Kisha Orthodhokse","image":{"@type":"ImageObject","inLanguage":"en-US","@id":"https:\/\/secure.gravatar.com\/avatar\/596e7c417251e30f2fbb9c00e026fce61a695a00e51c889caded71c96cbbdde5?s=96&d=mm&r=g","url":"https:\/\/secure.gravatar.com\/avatar\/596e7c417251e30f2fbb9c00e026fce61a695a00e51c889caded71c96cbbdde5?s=96&d=mm&r=g","contentUrl":"https:\/\/secure.gravatar.com\/avatar\/596e7c417251e30f2fbb9c00e026fce61a695a00e51c889caded71c96cbbdde5?s=96&d=mm&r=g","caption":"Kisha Orthodhokse"}}]}},"_links":{"self":[{"href":"https:\/\/orthodoxalbania.org\/2020\/wp-json\/wp\/v2\/posts\/787","targetHints":{"allow":["GET"]}}],"collection":[{"href":"https:\/\/orthodoxalbania.org\/2020\/wp-json\/wp\/v2\/posts"}],"about":[{"href":"https:\/\/orthodoxalbania.org\/2020\/wp-json\/wp\/v2\/types\/post"}],"author":[{"embeddable":true,"href":"https:\/\/orthodoxalbania.org\/2020\/wp-json\/wp\/v2\/users\/1"}],"replies":[{"embeddable":true,"href":"https:\/\/orthodoxalbania.org\/2020\/wp-json\/wp\/v2\/comments?post=787"}],"version-history":[{"count":1,"href":"https:\/\/orthodoxalbania.org\/2020\/wp-json\/wp\/v2\/posts\/787\/revisions"}],"predecessor-version":[{"id":15736,"href":"https:\/\/orthodoxalbania.org\/2020\/wp-json\/wp\/v2\/posts\/787\/revisions\/15736"}],"wp:attachment":[{"href":"https:\/\/orthodoxalbania.org\/2020\/wp-json\/wp\/v2\/media?parent=787"}],"wp:term":[{"taxonomy":"category","embeddable":true,"href":"https:\/\/orthodoxalbania.org\/2020\/wp-json\/wp\/v2\/categories?post=787"},{"taxonomy":"post_tag","embeddable":true,"href":"https:\/\/orthodoxalbania.org\/2020\/wp-json\/wp\/v2\/tags?post=787"}],"curies":[{"name":"wp","href":"https:\/\/api.w.org\/{rel}","templated":true}]}}