{"id":786,"date":"2008-02-26T00:00:00","date_gmt":"2008-02-26T00:00:00","guid":{"rendered":""},"modified":"2020-04-06T22:35:18","modified_gmt":"2020-04-06T20:35:18","slug":"kremtimi-i-krishtlindjes-ne-berat-2008","status":"publish","type":"post","link":"https:\/\/orthodoxalbania.org\/2020\/2008\/02\/26\/kremtimi-i-krishtlindjes-ne-berat-2008\/","title":{"rendered":"Kremtimi i Krishtlindjes n\u00eb Berat. (2008)"},"content":{"rendered":"<table style=\"width: 912px; height: 2177px;\" border=\"0\">\n<tbody>\n<tr>\n<td>\n<div><span style=\"color: #000000;\"><span style=\"font-family: tahoma,geneva,sans-serif;\"><span style=\"font-size: 12px;\"><img decoding=\"async\" class=\"lazyload HAa Eha\" style=\"border-width: 1px; border-style: solid; margin: 10px auto; display: block;\" alt=\"\" src=\"data:image\/gif;base64,R0lGODlhAQABAAAAACH5BAEKAAEALAAAAAABAAEAAAICTAEAOw==\" data-orig-src=\"https:\/\/lh6.googleusercontent.com\/-Ae2NEvB4ZNw\/VJJ_FMEOseI\/AAAAAAAAIRs\/56DQHCf9SJ4\/w448-h336-no\/1.JPG\" \/><\/span><\/span><\/span><\/div>\n<\/td>\n<td>\n<div class=\"style6\">\n<p style=\"text-align: justify;\"><span style=\"color: #000000;\"><span style=\"font-family: tahoma,geneva,sans-serif;\"><span style=\"font-size: 12px;\">&nbsp;&nbsp;&nbsp; Edhe k\u00ebt\u00eb vit, Per\u00ebndia yn\u00eb i sapolindur na bekoi, duke na mbledhur s\u00eb bashku n\u00eb k\u00ebt\u00eb ngjarje mbar\u00eb bot\u00ebrore e cila ndryshoi bot\u00ebn. Atmosfera e Krishtlindjeve ndihej dhe u p\u00ebrjetua gjer\u00ebsisht n\u00eb Beratin e traditave t\u00eb shumta. Zbukurimet, gatimet tradicionale, grupet e shumta rinore me yjet n\u00eb duar, q\u00eb disa dit\u00eb m\u00eb p\u00ebrpara, soll\u00ebn nj\u00eb atmosfer\u00eb ngaz\u00eblluese t\u00eb Krishtlindjeve. Kulmin kjo fest\u00eb, si gjithmon\u00eb, e ka n\u00eb t\u00eb aguar t\u00eb dat\u00ebs 25, n\u00eb Liturgjin\u00eb Hyjnore. Sipas tradit\u00ebs shum\u00ebvje\u00e7are, kjo Liturgji filloi n\u00eb or\u00ebn 06.00 t\u00eb m\u00ebngjesit, n\u00eb Kish\u00ebn e Sh\u00ebn Spiridhonit.<\/span><\/span><\/span><\/p>\n<\/div>\n<\/td>\n<\/tr>\n<tr>\n<td>\n<div class=\"style7\" style=\"text-align: justify;\"><span style=\"color: #000000;\"><span style=\"font-family: tahoma,geneva,sans-serif;\"><span style=\"font-size: 12px;\">&nbsp;&nbsp;&nbsp; Qindra besimtar\u00eb ndoq\u00ebn Liturgjin\u00eb e Krishtlindjes, t\u00eb kryesuar nga Mitropoliti i Beratit, Vlor\u00ebs, Kanin\u00ebs dhe i gjith\u00eb Myzeqes\u00eb, Imzot Ignati. Shum\u00eb besimtar\u00eb kuror\u00ebzuan p\u00ebrgatitjen e tyre p\u00ebr pritjen e Shp\u00ebtimtarit t\u00eb bot\u00ebs me marrjen e Trupit dhe Gjakut t\u00eb Jisu Krishtit, i Cili lindi n\u00eb grazhdin e thjesht\u00eb n\u00eb Betlehem p\u00ebr t\u00eb gjith\u00eb ne.<br \/> <\/span><\/span><\/span><\/div>\n<div class=\"style7\" style=\"text-align: justify;\">&nbsp;<\/div>\n<div class=\"style7\" style=\"text-align: justify;\"><span style=\"color: #000000;\"><span style=\"font-family: tahoma,geneva,sans-serif;\"><span style=\"font-size: 12px;\">&nbsp;&nbsp;&nbsp; Hir\u00ebsi Ignati si \u00e7do t\u00eb kremte t\u00eb madhe dha p\u00ebr t\u00eb gjith\u00eb besimtar\u00ebt n\u00eb kish\u00eb nj\u00eb mesazh. N\u00eb k\u00ebt\u00eb mesazh ngadh\u00ebnjimtar t\u00eb Krishtlindjeve, nd\u00ebr t\u00eb tjera ai tha:<\/span><\/span><\/span><\/div>\n<\/td>\n<td>\n<div><span style=\"color: #000000;\"><span style=\"font-family: tahoma,geneva,sans-serif;\"><span style=\"font-size: 12px;\"><img decoding=\"async\" class=\"lazyload HAa Eha\" style=\"border-width: 1px; border-style: solid; margin: 10px auto; display: block;\" alt=\"\" src=\"data:image\/gif;base64,R0lGODlhAQABAAAAACH5BAEKAAEALAAAAAABAAEAAAICTAEAOw==\" data-orig-src=\"https:\/\/lh5.googleusercontent.com\/-JBeiyAX0iFM\/VJJ_FP9bDnI\/AAAAAAAAIR4\/IQchXjaJnUc\/w448-h336-no\/2.jpg\" \/><\/span><\/span><\/span><\/div>\n<\/td>\n<\/tr>\n<tr>\n<td>\n<div><span style=\"color: #000000;\"><span style=\"font-family: tahoma,geneva,sans-serif;\"><span style=\"font-size: 12px;\"><img decoding=\"async\" class=\"lazyload HAa Eha\" style=\"border-width: 1px; border-style: solid; margin: 10px auto; display: block;\" alt=\"\" src=\"data:image\/gif;base64,R0lGODlhAQABAAAAACH5BAEKAAEALAAAAAABAAEAAAICTAEAOw==\" data-orig-src=\"https:\/\/lh3.googleusercontent.com\/-RFKu7leMuC0\/VJJ_FJyHVvI\/AAAAAAAAIRw\/A861RJWtw5U\/w448-h336-no\/3.jpg\" \/><\/span><\/span><\/span><\/div>\n<\/td>\n<td>\n<div>\n<p class=\"style8\" style=\"text-align: justify;\"><span style=\"color: #000000;\"><span style=\"font-family: tahoma,geneva,sans-serif;\"><span style=\"font-size: 12px;\">&nbsp;&nbsp;&nbsp; \u201c<em>Ngjarja m\u00eb e madhe n\u00eb historin\u00eb e bot\u00ebs \u00ebsht\u00eb trup\u00ebzimi i Jisu Krishtit, q\u00eb ndodhi brenda nj\u00eb heshtjeje t\u00eb skajshme. Tet\u00ebqind vjet m\u00eb par\u00eb profeti Isaia, i frym\u00ebzuar nga Per\u00ebndia, paralajm\u00ebroi se Shp\u00ebtimtari q\u00eb do t\u00eb lindte \u00ebsht\u00eb: \u201cPer\u00ebndia i gjith\u00ebfuqish\u00ebm, sunduesi, princi i paqes\u201d. <\/em><br \/> <\/span><\/span><\/span><\/p>\n<p class=\"style8\" style=\"text-align: justify;\"><span style=\"color: #000000;\"><span style=\"font-family: tahoma,geneva,sans-serif;\"><span style=\"font-size: 12px;\"><em>&nbsp;&nbsp;&nbsp; Kur, prej Virgj\u00ebresh\u00ebs, \u201cdjal\u00eb u lind p\u00ebr ne\u201d nj\u00eb shumic\u00eb ushtrie engj\u00ebllore, duke himnuar pa pushim madh\u00ebshtin\u00eb hyjnore, zbriti menj\u00ebher\u00eb n\u00eb horizontin e Betlehemit, q\u00eb t\u00eb shpall\u00eb \u00e7\u2019\u00ebsht\u00eb ky djal\u00eb i \u00e7uditsh\u00ebm.<\/em><\/span><\/span><\/span><\/p>\n<\/div>\n<\/td>\n<\/tr>\n<tr>\n<td>\n<div style=\"text-align: justify;\"><span style=\"color: #000000;\"><span style=\"font-family: tahoma,geneva,sans-serif;\"><span style=\"font-size: 12px;\"><span class=\"style9\">&nbsp;&nbsp;&nbsp; Dhe nj\u00eb prej engj\u00ebjve vrapon tek barinjt\u00eb dhe i lajm\u00ebron se \u201clindi sot shp\u00ebtimtari, i cili \u00ebsht\u00eb Zoti Krisht\u201d. Shumic\u00eb ushtrish engj\u00ebllore, me ton t\u00eb ngaz\u00eblluesh\u00ebm dhe melodi engj\u00ebllore, shpallte se ky djal\u00eb \u00ebsht\u00eb \u201cpaqe mbi dh\u00e9\u201d; se u d\u00ebrgua nga Ati i Tij qiellor q\u00eb t\u00eb vendos \u201cpaqe mbi dh\u00e9\u201d.<\/span> <span class=\"style10\">Krishti erdhi n\u00eb bot\u00eb q\u00eb nd\u00ebrmjet njer\u00ebzve t\u00eb mbizot\u00ebroj\u00eb paqja; por, p\u00ebrkundrazi, n\u00eb vend q\u00eb t\u00eb b\u00ebhet realitet, nga ana jon\u00eb, q\u00ebllimi i ardhjes s\u00eb Tij dhe k\u00ebshtu i gjith\u00eb njer\u00ebzimi t\u00eb jetoj\u00eb paq\u00ebsisht; v\u00ebrejm\u00eb t\u00eb mbizot\u00ebrojn\u00eb luft\u00ebra, kryengritje, grindje, lig\u00ebsi, armiq\u00ebsi, egoizma dhe lavdidashje t\u00eb pangopura &#8230; A e pyet\u00ebm ndonj\u00ebher\u00eb veten, p\u00ebrse ndodhin rreth nesh t\u00eb gjitha k\u00ebto gj\u00ebra t\u00eb pahijshme?<\/span><\/span><\/span><\/span><\/div>\n<\/td>\n<td>\n<div><span style=\"color: #000000;\"><span style=\"font-family: tahoma,geneva,sans-serif;\"><span style=\"font-size: 12px;\"><img decoding=\"async\" class=\"lazyload HAa Eha\" style=\"border-width: 1px; border-style: solid; margin: 10px auto; display: block;\" alt=\"\" src=\"data:image\/gif;base64,R0lGODlhAQABAAAAACH5BAEKAAEALAAAAAABAAEAAAICTAEAOw==\" data-orig-src=\"https:\/\/lh6.googleusercontent.com\/-G1Yypxa8x8o\/VJJ_Flu6lAI\/AAAAAAAAIRg\/k3vBU7uCaZo\/w448-h336-no\/4.jpg\" \/><\/span><\/span><\/span><\/div>\n<\/td>\n<\/tr>\n<tr>\n<td>\n<div><span style=\"color: #000000;\"><span style=\"font-family: tahoma,geneva,sans-serif;\"><span style=\"font-size: 12px;\"><img decoding=\"async\" class=\"lazyload HAa Eha\" style=\"border-width: 1px; border-style: solid; margin: 10px auto; display: block;\" alt=\"\" src=\"data:image\/gif;base64,R0lGODlhAQABAAAAACH5BAEKAAEALAAAAAABAAEAAAICTAEAOw==\" data-orig-src=\"https:\/\/lh6.googleusercontent.com\/-EBVW_Vcaols\/VJJ_F1YLPdI\/AAAAAAAAIRk\/6cDx70bgfiY\/w448-h336-no\/5.jpg\" \/><\/span><\/span><\/span><\/div>\n<\/td>\n<td>\n<div>\n<p style=\"text-align: justify;\"><span style=\"color: #000000;\"><span style=\"font-family: tahoma,geneva,sans-serif;\"><span style=\"font-size: 12px;\"><span class=\"style11\"><em>&nbsp;&nbsp;&nbsp; Kjo pyetje gjithmon\u00eb do t\u00eb ekzistoj\u00eb tek ata q\u00eb k\u00ebrkojn\u00eb paqen jasht\u00eb Jisu Krishtit, i cili \u00ebsht\u00eb \u201cpaqja jon\u00eb\u201d (Efesian\u00ebve 2: 14) dhe jasht\u00eb vetes s\u00eb tyre, e cila duhet t\u00eb \u00e7lirohet nga m\u00ebkati, q\u00eb e b\u00ebn njeriun armik me Per\u00ebndin\u00eb, me veten e tij, dhe me t\u00eb af\u00ebrmin e tij. Paqja fillon nga pendimi dhe nga kthimi i zemr\u00ebs son\u00eb. \u00cbsht\u00eb nj\u00eb gjendje shpirt\u00ebrore. Fryt i Shpirtit t\u00eb Shenjt\u00eb. \u00cbsht\u00eb gjendje bashkekzistence v\u00ebllaz\u00ebrore dhe bashk\u00ebpunimi i t\u00eb gjith\u00eb njer\u00ebzve me \u201cthjesht\u00ebsi zemre\u201d, si\u00e7 p\u00ebrmendin Veprat e Apostujve (2: 46), e cila kultivohet dhe zhvillohet nga dashuria e Zotit Krisht.<\/em><br \/> <\/span><\/span><\/span><\/span><\/p>\n<\/div>\n<\/td>\n<\/tr>\n<tr>\n<td>\n<div style=\"text-align: justify;\"><span style=\"color: #000000;\"><span style=\"font-family: tahoma,geneva,sans-serif;\"><span style=\"font-size: 12px;\"><span class=\"style12\"><em>&nbsp;&nbsp;&nbsp; Por q\u00eb t\u00eb qet\u00ebsohet njeriu duhet q\u00eb t\u00eb mund\u00eb pasionet e tij; dhe p\u00ebr k\u00ebt\u00eb gj\u00eb nevojitet p\u00ebrpjekje e vazhdueshme p\u00ebr paqen dhe p\u00ebr shenjt\u00ebrimin &#8230; Nevojitet shum\u00eb luft\u00eb shpirt\u00ebrore q\u00eb t\u00eb largojm\u00eb nga zemra jon\u00eb urrejtjen, antipatin\u00eb, hakmarrjen, armiq\u00ebsin\u00eb dhe t\u00eb fron\u00ebzojm\u00eb brenda nesh paqen q\u00eb ka Per\u00ebndia dhe q\u00eb e transmeton tek t\u00eb tijt\u00eb. <\/em><em>P\u00ebrsosm\u00ebrin\u00eb e s\u00eb cil\u00ebs dhe t\u00eb mirat \u201casnj\u00eb m\u00ebndje, as njer\u00ebzore as engj\u00ebllore, nuk mund ta kuptoj\u00eb\u201d. (Filipian\u00ebve 4: 7) &#8230; Paqja nuk mund t\u00eb ekzistoj\u00eb n\u00eb t\u00eb gjith\u00eb bot\u00ebn pa dh\u00ebn\u00ebsin e paqes q\u00eb \u00ebsht\u00eb \u201cPer\u00ebndia i trup\u00ebzuar\u201d, \u201cAi q\u00eb uli qiejt dhe zbriti\u201d, dometh\u00ebn\u00eb foshnja hyjnore e Betlehemit. <\/em><\/span><\/span><\/span><\/span><\/div>\n<\/td>\n<td><span style=\"color: #000000;\"><span style=\"font-family: tahoma,geneva,sans-serif;\"><span style=\"font-size: 12px;\"><img decoding=\"async\" class=\"lazyload HAa Eha\" style=\"border-width: 1px; border-style: solid; margin: 10px auto; display: block;\" alt=\"\" src=\"data:image\/gif;base64,R0lGODlhAQABAAAAACH5BAEKAAEALAAAAAABAAEAAAICTAEAOw==\" data-orig-src=\"https:\/\/lh4.googleusercontent.com\/-ySD_aD7Do7g\/VJJ_GA14ttI\/AAAAAAAAIRo\/5NiKhRciKiw\/w448-h336-no\/6.jpg\" \/><\/span><\/span><\/span><\/td>\n<\/tr>\n<\/tbody>\n<\/table>\n<table style=\"width: 917px; height: 178px;\" border=\"0\">\n<tbody>\n<tr>\n<td>\n<div style=\"text-align: justify;\"><span style=\"color: #000000;\"><span style=\"font-family: tahoma,geneva,sans-serif;\"><span style=\"font-size: 12px;\"><span class=\"style13\"><em>&nbsp; &nbsp; T\u00eb gjitha k\u00ebto fenomene, q\u00eb takojm\u00eb p\u00ebrdit\u00eb n\u00eb shoq\u00ebrin\u00eb ku jetojm\u00eb; marr\u00ebdh\u00ebniet e tendosura njer\u00ebzore, p\u00ebrplasjet n\u00eb vendet e pun\u00ebs, m\u00ebnjanimi nga fqinj\u00ebt tan\u00eb t\u00eb ngusht\u00eb, v\u00ebllez\u00ebrit tan\u00eb, djemt\u00eb tan\u00eb, dallimet racore, armiq\u00ebsit\u00eb nd\u00ebrmjet popujve. T\u00eb gjitha k\u00ebto kan\u00eb shkak kryesor largimin ton\u00eb nga Per\u00ebndia dhe nga ligji i Tij paqeb\u00ebr\u00ebs.<\/em><br \/> <em>&nbsp;&nbsp;&nbsp;&nbsp; <\/em><\/span><\/span><\/span><\/span><\/div>\n<div style=\"text-align: justify;\"><span style=\"color: #000000;\"><span style=\"font-family: tahoma,geneva,sans-serif;\"><span style=\"font-size: 12px;\"><span class=\"style13\"><em>&nbsp;&nbsp;&nbsp; V\u00ebllez\u00ebrit e mi t\u00eb dashur m\u00eb Krishtin.<\/em><\/span><\/span><\/span><\/span><\/div>\n<div style=\"text-align: justify;\"> <span style=\"color: #000000;\"><span style=\"font-family: tahoma,geneva,sans-serif;\"><span style=\"font-size: 12px;\"><span class=\"style13\"><em>&nbsp;&nbsp;&nbsp; Le t\u00eb jet\u00eb i nxeht\u00eb fal\u00ebnderimi jon\u00eb ndaj paqeb\u00ebr\u00ebsit, Zotit ton\u00eb Jisu Krisht, q\u00eb p\u00ebr shp\u00ebtimin ton\u00eb u b\u00eb njeri; dhe le t\u00eb jet\u00eb nj\u00eb d\u00ebshir\u00eb dhe p\u00ebrpjekje e jona t\u00eb jetojm\u00eb shp\u00ebtimin ton\u00eb dhe t\u00eb b\u00ebhemi me t\u00eb v\u00ebrtet\u00eb \u201cbij t\u00eb Per\u00ebndis\u00eb\u201d. G\u00ebzimi, q\u00eb vjen si rrjedhim tek ata q\u00eb shijojn\u00eb \u00e7lirimin n\u00ebp\u00ebrmjet pendimit dhe rr\u00ebfimit hyjnor, nuk p\u00ebrb\u00ebn nj\u00eb d\u00ebshir\u00eb t\u00eb paarritshme, por \u00ebsht\u00eb p\u00ebr secilindo nj\u00eb realitet i preksh\u00ebm, nj\u00eb p\u00ebrjetim personal. Me t\u00eb drejt\u00eb admirojm\u00eb dhe habitemi p\u00ebr k\u00ebt\u00eb p\u00ebrul\u00ebsi t\u00eb skajshme t\u00eb Zotit. A kemi nevoj\u00eb p\u00ebr di\u00e7ka tjet\u00ebr? P\u00ebrul\u00ebsia jon\u00eb, gjendja e paqm\u00eb dhe thjesht\u00ebsia \u00ebsht\u00eb rruga q\u00eb duhet t\u00eb p\u00ebrshkojm\u00eb p\u00ebr tek Zoti. Vet\u00ebm k\u00ebshtu do t\u00eb ndjejm\u00eb t\u00ebr\u00eb madh\u00ebshtin\u00eb dhe bukurin\u00eb e Krishtlindjeve. U b\u00ebft\u00eb<\/em>!\u201d<br \/> <\/span><\/span><\/span><\/span><\/div>\n<div style=\"text-align: justify;\">&nbsp;<\/div>\n<div style=\"text-align: justify;\"><span style=\"color: #000000;\"><span style=\"font-family: tahoma,geneva,sans-serif;\"><span style=\"font-size: 12px;\"><span class=\"style13\">&nbsp;&nbsp;&nbsp; Me k\u00ebt\u00eb mesazh kaq frym\u00ebzues dhe me urimet Krishtlindje t\u00eb bekuara, besimtar\u00ebt u larguan nga kisha p\u00ebr t\u00eb vazhduar festimin e k\u00ebsaj feste kaq t\u00eb madhe n\u00eb sht\u00ebpit\u00eb e tyre, n\u00eb vizitat tek njer\u00ebzit e af\u00ebrm, tradit\u00eb kjo e cila karakterizon k\u00ebt\u00eb fest\u00eb.<\/span><\/span><\/span><\/span><\/div>\n<div>&nbsp;<\/div>\n<div style=\"text-align: right;\"><span style=\"color: #000000;\"><span style=\"font-family: tahoma,geneva,sans-serif;\"><span style=\"font-size: 12px;\"><strong>Joan Qako<\/strong><\/span><\/span><\/span><\/div>\n<\/td>\n<\/tr>\n<\/tbody>\n<\/table>\n","protected":false},"excerpt":{"rendered":"<p>&nbsp;&nbsp;&nbsp; Edhe k\u00ebt\u00eb vit, Per\u00ebndia yn\u00eb i sapolindur na bekoi, duke na mbledhur s\u00eb bashku n\u00eb k\u00ebt\u00eb ngjarje mbar\u00eb bot\u00ebrore e cila ndryshoi bot\u00ebn. Atmosfera e Krishtlindjeve ndihej dhe u p\u00ebrjetua gjer\u00ebsisht n\u00eb Beratin e traditave t\u00eb shumta. Zbukurimet, gatimet tradicionale, grupet e shumta rinore me yjet n\u00eb duar, q\u00eb disa dit\u00eb m\u00eb p\u00ebrpara, soll\u00ebn nj\u00eb atmosfer\u00eb ngaz\u00eblluese t\u00eb Krishtlindjeve. Kulmin kjo fest\u00eb, si gjithmon\u00eb,<\/p>\n","protected":false},"author":1,"featured_media":0,"comment_status":"open","ping_status":"open","sticky":false,"template":"","format":"standard","meta":{"_acf_changed":false,"pagelayer_contact_templates":[],"_pagelayer_content":"","inline_featured_image":false,"fifu_image_url":"","fifu_image_alt":"","footnotes":""},"categories":[108],"tags":[146,192,212,197],"class_list":["post-786","post","type-post","status-publish","format-standard","hentry","category-lajme","tag-146","tag-krishtlindje","tag-lajme-d27","tag-berat"],"acf":[],"yoast_head":"<!-- This site is optimized with the Yoast SEO plugin v27.2 - https:\/\/yoast.com\/product\/yoast-seo-wordpress\/ -->\n<title>Kremtimi i Krishtlindjes n\u00eb Berat. (2008) - Kisha Orthodh\u03bfkse Autoqefale e Shqip\u00ebris\u00eb<\/title>\n<meta name=\"robots\" content=\"index, follow, max-snippet:-1, max-image-preview:large, max-video-preview:-1\" \/>\n<link rel=\"canonical\" href=\"https:\/\/orthodoxalbania.org\/2020\/2008\/02\/26\/kremtimi-i-krishtlindjes-ne-berat-2008\/\" \/>\n<meta property=\"og:locale\" content=\"en_US\" \/>\n<meta property=\"og:type\" content=\"article\" \/>\n<meta property=\"og:title\" content=\"Kremtimi i Krishtlindjes n\u00eb Berat. (2008) - Kisha Orthodh\u03bfkse Autoqefale e Shqip\u00ebris\u00eb\" \/>\n<meta property=\"og:description\" content=\"&nbsp;&nbsp;&nbsp; Edhe k\u00ebt\u00eb vit, Per\u00ebndia yn\u00eb i sapolindur na bekoi, duke na mbledhur s\u00eb bashku n\u00eb k\u00ebt\u00eb ngjarje mbar\u00eb bot\u00ebrore e cila ndryshoi bot\u00ebn. Atmosfera e Krishtlindjeve ndihej dhe u p\u00ebrjetua gjer\u00ebsisht n\u00eb Beratin e traditave t\u00eb shumta. Zbukurimet, gatimet tradicionale, grupet e shumta rinore me yjet n\u00eb duar, q\u00eb disa dit\u00eb m\u00eb p\u00ebrpara, soll\u00ebn nj\u00eb atmosfer\u00eb ngaz\u00eblluese t\u00eb Krishtlindjeve. Kulmin kjo fest\u00eb, si gjithmon\u00eb,\" \/>\n<meta property=\"og:url\" content=\"https:\/\/orthodoxalbania.org\/2020\/2008\/02\/26\/kremtimi-i-krishtlindjes-ne-berat-2008\/\" \/>\n<meta property=\"og:site_name\" content=\"Kisha Orthodh\u03bfkse Autoqefale e Shqip\u00ebris\u00eb\" \/>\n<meta property=\"article:publisher\" content=\"https:\/\/www.facebook.com\/koash1991\" \/>\n<meta property=\"article:published_time\" content=\"2008-02-26T00:00:00+00:00\" \/>\n<meta property=\"article:modified_time\" content=\"2020-04-06T20:35:18+00:00\" \/>\n<meta property=\"og:image\" content=\"https:\/\/lh6.googleusercontent.com\/-Ae2NEvB4ZNw\/VJJ_FMEOseI\/AAAAAAAAIRs\/56DQHCf9SJ4\/w448-h336-no\/1.JPG\" \/>\n<meta name=\"author\" content=\"Kisha Orthodhokse\" \/>\n<meta name=\"twitter:card\" content=\"summary_large_image\" \/>\n<meta name=\"twitter:label1\" content=\"Written by\" \/>\n\t<meta name=\"twitter:data1\" content=\"Kisha Orthodhokse\" \/>\n\t<meta name=\"twitter:label2\" content=\"Est. reading time\" \/>\n\t<meta name=\"twitter:data2\" content=\"5 minutes\" \/>\n<script type=\"application\/ld+json\" class=\"yoast-schema-graph\">{\"@context\":\"https:\/\/schema.org\",\"@graph\":[{\"@type\":\"Article\",\"@id\":\"https:\/\/orthodoxalbania.org\/2020\/2008\/02\/26\/kremtimi-i-krishtlindjes-ne-berat-2008\/#article\",\"isPartOf\":{\"@id\":\"https:\/\/orthodoxalbania.org\/2020\/2008\/02\/26\/kremtimi-i-krishtlindjes-ne-berat-2008\/\"},\"author\":{\"name\":\"Kisha Orthodhokse\",\"@id\":\"https:\/\/orthodoxalbania.org\/2020\/#\/schema\/person\/0c387634a7063ac612d7ed9ce71c7e86\"},\"headline\":\"Kremtimi i Krishtlindjes n\u00eb Berat. (2008)\",\"datePublished\":\"2008-02-26T00:00:00+00:00\",\"dateModified\":\"2020-04-06T20:35:18+00:00\",\"mainEntityOfPage\":{\"@id\":\"https:\/\/orthodoxalbania.org\/2020\/2008\/02\/26\/kremtimi-i-krishtlindjes-ne-berat-2008\/\"},\"wordCount\":1014,\"commentCount\":0,\"publisher\":{\"@id\":\"https:\/\/orthodoxalbania.org\/2020\/#organization\"},\"image\":{\"@id\":\"https:\/\/orthodoxalbania.org\/2020\/2008\/02\/26\/kremtimi-i-krishtlindjes-ne-berat-2008\/#primaryimage\"},\"thumbnailUrl\":\"https:\/\/lh6.googleusercontent.com\/-Ae2NEvB4ZNw\/VJJ_FMEOseI\/AAAAAAAAIRs\/56DQHCf9SJ4\/w448-h336-no\/1.JPG\",\"keywords\":[\"2008\",\"Krishtlindje\",\"lajme\",\"Mitropolia Berat\"],\"articleSection\":[\"Lajme\"],\"inLanguage\":\"en-US\"},{\"@type\":\"WebPage\",\"@id\":\"https:\/\/orthodoxalbania.org\/2020\/2008\/02\/26\/kremtimi-i-krishtlindjes-ne-berat-2008\/\",\"url\":\"https:\/\/orthodoxalbania.org\/2020\/2008\/02\/26\/kremtimi-i-krishtlindjes-ne-berat-2008\/\",\"name\":\"Kremtimi i Krishtlindjes n\u00eb Berat. (2008) - Kisha Orthodh\u03bfkse Autoqefale e Shqip\u00ebris\u00eb\",\"isPartOf\":{\"@id\":\"https:\/\/orthodoxalbania.org\/2020\/#website\"},\"primaryImageOfPage\":{\"@id\":\"https:\/\/orthodoxalbania.org\/2020\/2008\/02\/26\/kremtimi-i-krishtlindjes-ne-berat-2008\/#primaryimage\"},\"image\":{\"@id\":\"https:\/\/orthodoxalbania.org\/2020\/2008\/02\/26\/kremtimi-i-krishtlindjes-ne-berat-2008\/#primaryimage\"},\"thumbnailUrl\":\"https:\/\/lh6.googleusercontent.com\/-Ae2NEvB4ZNw\/VJJ_FMEOseI\/AAAAAAAAIRs\/56DQHCf9SJ4\/w448-h336-no\/1.JPG\",\"datePublished\":\"2008-02-26T00:00:00+00:00\",\"dateModified\":\"2020-04-06T20:35:18+00:00\",\"breadcrumb\":{\"@id\":\"https:\/\/orthodoxalbania.org\/2020\/2008\/02\/26\/kremtimi-i-krishtlindjes-ne-berat-2008\/#breadcrumb\"},\"inLanguage\":\"en-US\",\"potentialAction\":[{\"@type\":\"ReadAction\",\"target\":[\"https:\/\/orthodoxalbania.org\/2020\/2008\/02\/26\/kremtimi-i-krishtlindjes-ne-berat-2008\/\"]}]},{\"@type\":\"ImageObject\",\"inLanguage\":\"en-US\",\"@id\":\"https:\/\/orthodoxalbania.org\/2020\/2008\/02\/26\/kremtimi-i-krishtlindjes-ne-berat-2008\/#primaryimage\",\"url\":\"https:\/\/lh6.googleusercontent.com\/-Ae2NEvB4ZNw\/VJJ_FMEOseI\/AAAAAAAAIRs\/56DQHCf9SJ4\/w448-h336-no\/1.JPG\",\"contentUrl\":\"https:\/\/lh6.googleusercontent.com\/-Ae2NEvB4ZNw\/VJJ_FMEOseI\/AAAAAAAAIRs\/56DQHCf9SJ4\/w448-h336-no\/1.JPG\"},{\"@type\":\"BreadcrumbList\",\"@id\":\"https:\/\/orthodoxalbania.org\/2020\/2008\/02\/26\/kremtimi-i-krishtlindjes-ne-berat-2008\/#breadcrumb\",\"itemListElement\":[{\"@type\":\"ListItem\",\"position\":1,\"name\":\"Home\",\"item\":\"https:\/\/orthodoxalbania.org\/2020\/\"},{\"@type\":\"ListItem\",\"position\":2,\"name\":\"Kremtimi i Krishtlindjes n\u00eb Berat. (2008)\"}]},{\"@type\":\"WebSite\",\"@id\":\"https:\/\/orthodoxalbania.org\/2020\/#website\",\"url\":\"https:\/\/orthodoxalbania.org\/2020\/\",\"name\":\"Kisha Orthodh\u03bfkse Autoqefale e Shqip\u00ebris\u00eb\",\"description\":\"Fqja Zyrtare e Kish\u00ebs Orthodhokse Autoqefale e Shqip\u00ebris\u00eb me lajmet edhe informacionet zyrtare p\u00ebr struktur\u00ebn edhe veprimtarin e saj.\",\"publisher\":{\"@id\":\"https:\/\/orthodoxalbania.org\/2020\/#organization\"},\"potentialAction\":[{\"@type\":\"SearchAction\",\"target\":{\"@type\":\"EntryPoint\",\"urlTemplate\":\"https:\/\/orthodoxalbania.org\/2020\/?s={search_term_string}\"},\"query-input\":{\"@type\":\"PropertyValueSpecification\",\"valueRequired\":true,\"valueName\":\"search_term_string\"}}],\"inLanguage\":\"en-US\"},{\"@type\":\"Organization\",\"@id\":\"https:\/\/orthodoxalbania.org\/2020\/#organization\",\"name\":\"Kisha Orthodhokse Autoqefale e Shqip\u00ebris\u00eb\",\"url\":\"https:\/\/orthodoxalbania.org\/2020\/\",\"logo\":{\"@type\":\"ImageObject\",\"inLanguage\":\"en-US\",\"@id\":\"https:\/\/orthodoxalbania.org\/2020\/#\/schema\/logo\/image\/\",\"url\":\"https:\/\/orthodoxalbania.org\/2020\/wp-content\/uploads\/2020\/05\/albania.jpeg\",\"contentUrl\":\"https:\/\/orthodoxalbania.org\/2020\/wp-content\/uploads\/2020\/05\/albania.jpeg\",\"width\":540,\"height\":540,\"caption\":\"Kisha Orthodhokse Autoqefale e Shqip\u00ebris\u00eb\"},\"image\":{\"@id\":\"https:\/\/orthodoxalbania.org\/2020\/#\/schema\/logo\/image\/\"},\"sameAs\":[\"https:\/\/www.facebook.com\/koash1991\"]},{\"@type\":\"Person\",\"@id\":\"https:\/\/orthodoxalbania.org\/2020\/#\/schema\/person\/0c387634a7063ac612d7ed9ce71c7e86\",\"name\":\"Kisha Orthodhokse\",\"image\":{\"@type\":\"ImageObject\",\"inLanguage\":\"en-US\",\"@id\":\"https:\/\/secure.gravatar.com\/avatar\/596e7c417251e30f2fbb9c00e026fce61a695a00e51c889caded71c96cbbdde5?s=96&d=mm&r=g\",\"url\":\"https:\/\/secure.gravatar.com\/avatar\/596e7c417251e30f2fbb9c00e026fce61a695a00e51c889caded71c96cbbdde5?s=96&d=mm&r=g\",\"contentUrl\":\"https:\/\/secure.gravatar.com\/avatar\/596e7c417251e30f2fbb9c00e026fce61a695a00e51c889caded71c96cbbdde5?s=96&d=mm&r=g\",\"caption\":\"Kisha Orthodhokse\"}}]}<\/script>\n<!-- \/ Yoast SEO plugin. -->","yoast_head_json":{"title":"Kremtimi i Krishtlindjes n\u00eb Berat. (2008) - Kisha Orthodh\u03bfkse Autoqefale e Shqip\u00ebris\u00eb","robots":{"index":"index","follow":"follow","max-snippet":"max-snippet:-1","max-image-preview":"max-image-preview:large","max-video-preview":"max-video-preview:-1"},"canonical":"https:\/\/orthodoxalbania.org\/2020\/2008\/02\/26\/kremtimi-i-krishtlindjes-ne-berat-2008\/","og_locale":"en_US","og_type":"article","og_title":"Kremtimi i Krishtlindjes n\u00eb Berat. (2008) - Kisha Orthodh\u03bfkse Autoqefale e Shqip\u00ebris\u00eb","og_description":"&nbsp;&nbsp;&nbsp; Edhe k\u00ebt\u00eb vit, Per\u00ebndia yn\u00eb i sapolindur na bekoi, duke na mbledhur s\u00eb bashku n\u00eb k\u00ebt\u00eb ngjarje mbar\u00eb bot\u00ebrore e cila ndryshoi bot\u00ebn. Atmosfera e Krishtlindjeve ndihej dhe u p\u00ebrjetua gjer\u00ebsisht n\u00eb Beratin e traditave t\u00eb shumta. Zbukurimet, gatimet tradicionale, grupet e shumta rinore me yjet n\u00eb duar, q\u00eb disa dit\u00eb m\u00eb p\u00ebrpara, soll\u00ebn nj\u00eb atmosfer\u00eb ngaz\u00eblluese t\u00eb Krishtlindjeve. Kulmin kjo fest\u00eb, si gjithmon\u00eb,","og_url":"https:\/\/orthodoxalbania.org\/2020\/2008\/02\/26\/kremtimi-i-krishtlindjes-ne-berat-2008\/","og_site_name":"Kisha Orthodh\u03bfkse Autoqefale e Shqip\u00ebris\u00eb","article_publisher":"https:\/\/www.facebook.com\/koash1991","article_published_time":"2008-02-26T00:00:00+00:00","article_modified_time":"2020-04-06T20:35:18+00:00","og_image":[{"url":"https:\/\/lh6.googleusercontent.com\/-Ae2NEvB4ZNw\/VJJ_FMEOseI\/AAAAAAAAIRs\/56DQHCf9SJ4\/w448-h336-no\/1.JPG","type":"","width":"","height":""}],"author":"Kisha Orthodhokse","twitter_card":"summary_large_image","twitter_misc":{"Written by":"Kisha Orthodhokse","Est. reading time":"5 minutes"},"schema":{"@context":"https:\/\/schema.org","@graph":[{"@type":"Article","@id":"https:\/\/orthodoxalbania.org\/2020\/2008\/02\/26\/kremtimi-i-krishtlindjes-ne-berat-2008\/#article","isPartOf":{"@id":"https:\/\/orthodoxalbania.org\/2020\/2008\/02\/26\/kremtimi-i-krishtlindjes-ne-berat-2008\/"},"author":{"name":"Kisha Orthodhokse","@id":"https:\/\/orthodoxalbania.org\/2020\/#\/schema\/person\/0c387634a7063ac612d7ed9ce71c7e86"},"headline":"Kremtimi i Krishtlindjes n\u00eb Berat. (2008)","datePublished":"2008-02-26T00:00:00+00:00","dateModified":"2020-04-06T20:35:18+00:00","mainEntityOfPage":{"@id":"https:\/\/orthodoxalbania.org\/2020\/2008\/02\/26\/kremtimi-i-krishtlindjes-ne-berat-2008\/"},"wordCount":1014,"commentCount":0,"publisher":{"@id":"https:\/\/orthodoxalbania.org\/2020\/#organization"},"image":{"@id":"https:\/\/orthodoxalbania.org\/2020\/2008\/02\/26\/kremtimi-i-krishtlindjes-ne-berat-2008\/#primaryimage"},"thumbnailUrl":"https:\/\/lh6.googleusercontent.com\/-Ae2NEvB4ZNw\/VJJ_FMEOseI\/AAAAAAAAIRs\/56DQHCf9SJ4\/w448-h336-no\/1.JPG","keywords":["2008","Krishtlindje","lajme","Mitropolia Berat"],"articleSection":["Lajme"],"inLanguage":"en-US"},{"@type":"WebPage","@id":"https:\/\/orthodoxalbania.org\/2020\/2008\/02\/26\/kremtimi-i-krishtlindjes-ne-berat-2008\/","url":"https:\/\/orthodoxalbania.org\/2020\/2008\/02\/26\/kremtimi-i-krishtlindjes-ne-berat-2008\/","name":"Kremtimi i Krishtlindjes n\u00eb Berat. (2008) - Kisha Orthodh\u03bfkse Autoqefale e Shqip\u00ebris\u00eb","isPartOf":{"@id":"https:\/\/orthodoxalbania.org\/2020\/#website"},"primaryImageOfPage":{"@id":"https:\/\/orthodoxalbania.org\/2020\/2008\/02\/26\/kremtimi-i-krishtlindjes-ne-berat-2008\/#primaryimage"},"image":{"@id":"https:\/\/orthodoxalbania.org\/2020\/2008\/02\/26\/kremtimi-i-krishtlindjes-ne-berat-2008\/#primaryimage"},"thumbnailUrl":"https:\/\/lh6.googleusercontent.com\/-Ae2NEvB4ZNw\/VJJ_FMEOseI\/AAAAAAAAIRs\/56DQHCf9SJ4\/w448-h336-no\/1.JPG","datePublished":"2008-02-26T00:00:00+00:00","dateModified":"2020-04-06T20:35:18+00:00","breadcrumb":{"@id":"https:\/\/orthodoxalbania.org\/2020\/2008\/02\/26\/kremtimi-i-krishtlindjes-ne-berat-2008\/#breadcrumb"},"inLanguage":"en-US","potentialAction":[{"@type":"ReadAction","target":["https:\/\/orthodoxalbania.org\/2020\/2008\/02\/26\/kremtimi-i-krishtlindjes-ne-berat-2008\/"]}]},{"@type":"ImageObject","inLanguage":"en-US","@id":"https:\/\/orthodoxalbania.org\/2020\/2008\/02\/26\/kremtimi-i-krishtlindjes-ne-berat-2008\/#primaryimage","url":"https:\/\/lh6.googleusercontent.com\/-Ae2NEvB4ZNw\/VJJ_FMEOseI\/AAAAAAAAIRs\/56DQHCf9SJ4\/w448-h336-no\/1.JPG","contentUrl":"https:\/\/lh6.googleusercontent.com\/-Ae2NEvB4ZNw\/VJJ_FMEOseI\/AAAAAAAAIRs\/56DQHCf9SJ4\/w448-h336-no\/1.JPG"},{"@type":"BreadcrumbList","@id":"https:\/\/orthodoxalbania.org\/2020\/2008\/02\/26\/kremtimi-i-krishtlindjes-ne-berat-2008\/#breadcrumb","itemListElement":[{"@type":"ListItem","position":1,"name":"Home","item":"https:\/\/orthodoxalbania.org\/2020\/"},{"@type":"ListItem","position":2,"name":"Kremtimi i Krishtlindjes n\u00eb Berat. (2008)"}]},{"@type":"WebSite","@id":"https:\/\/orthodoxalbania.org\/2020\/#website","url":"https:\/\/orthodoxalbania.org\/2020\/","name":"Kisha Orthodh\u03bfkse Autoqefale e Shqip\u00ebris\u00eb","description":"Fqja Zyrtare e Kish\u00ebs Orthodhokse Autoqefale e Shqip\u00ebris\u00eb me lajmet edhe informacionet zyrtare p\u00ebr struktur\u00ebn edhe veprimtarin e saj.","publisher":{"@id":"https:\/\/orthodoxalbania.org\/2020\/#organization"},"potentialAction":[{"@type":"SearchAction","target":{"@type":"EntryPoint","urlTemplate":"https:\/\/orthodoxalbania.org\/2020\/?s={search_term_string}"},"query-input":{"@type":"PropertyValueSpecification","valueRequired":true,"valueName":"search_term_string"}}],"inLanguage":"en-US"},{"@type":"Organization","@id":"https:\/\/orthodoxalbania.org\/2020\/#organization","name":"Kisha Orthodhokse Autoqefale e Shqip\u00ebris\u00eb","url":"https:\/\/orthodoxalbania.org\/2020\/","logo":{"@type":"ImageObject","inLanguage":"en-US","@id":"https:\/\/orthodoxalbania.org\/2020\/#\/schema\/logo\/image\/","url":"https:\/\/orthodoxalbania.org\/2020\/wp-content\/uploads\/2020\/05\/albania.jpeg","contentUrl":"https:\/\/orthodoxalbania.org\/2020\/wp-content\/uploads\/2020\/05\/albania.jpeg","width":540,"height":540,"caption":"Kisha Orthodhokse Autoqefale e Shqip\u00ebris\u00eb"},"image":{"@id":"https:\/\/orthodoxalbania.org\/2020\/#\/schema\/logo\/image\/"},"sameAs":["https:\/\/www.facebook.com\/koash1991"]},{"@type":"Person","@id":"https:\/\/orthodoxalbania.org\/2020\/#\/schema\/person\/0c387634a7063ac612d7ed9ce71c7e86","name":"Kisha Orthodhokse","image":{"@type":"ImageObject","inLanguage":"en-US","@id":"https:\/\/secure.gravatar.com\/avatar\/596e7c417251e30f2fbb9c00e026fce61a695a00e51c889caded71c96cbbdde5?s=96&d=mm&r=g","url":"https:\/\/secure.gravatar.com\/avatar\/596e7c417251e30f2fbb9c00e026fce61a695a00e51c889caded71c96cbbdde5?s=96&d=mm&r=g","contentUrl":"https:\/\/secure.gravatar.com\/avatar\/596e7c417251e30f2fbb9c00e026fce61a695a00e51c889caded71c96cbbdde5?s=96&d=mm&r=g","caption":"Kisha Orthodhokse"}}]}},"_links":{"self":[{"href":"https:\/\/orthodoxalbania.org\/2020\/wp-json\/wp\/v2\/posts\/786","targetHints":{"allow":["GET"]}}],"collection":[{"href":"https:\/\/orthodoxalbania.org\/2020\/wp-json\/wp\/v2\/posts"}],"about":[{"href":"https:\/\/orthodoxalbania.org\/2020\/wp-json\/wp\/v2\/types\/post"}],"author":[{"embeddable":true,"href":"https:\/\/orthodoxalbania.org\/2020\/wp-json\/wp\/v2\/users\/1"}],"replies":[{"embeddable":true,"href":"https:\/\/orthodoxalbania.org\/2020\/wp-json\/wp\/v2\/comments?post=786"}],"version-history":[{"count":1,"href":"https:\/\/orthodoxalbania.org\/2020\/wp-json\/wp\/v2\/posts\/786\/revisions"}],"predecessor-version":[{"id":15646,"href":"https:\/\/orthodoxalbania.org\/2020\/wp-json\/wp\/v2\/posts\/786\/revisions\/15646"}],"wp:attachment":[{"href":"https:\/\/orthodoxalbania.org\/2020\/wp-json\/wp\/v2\/media?parent=786"}],"wp:term":[{"taxonomy":"category","embeddable":true,"href":"https:\/\/orthodoxalbania.org\/2020\/wp-json\/wp\/v2\/categories?post=786"},{"taxonomy":"post_tag","embeddable":true,"href":"https:\/\/orthodoxalbania.org\/2020\/wp-json\/wp\/v2\/tags?post=786"}],"curies":[{"name":"wp","href":"https:\/\/api.w.org\/{rel}","templated":true}]}}