{"id":785,"date":"2007-02-26T00:00:00","date_gmt":"2007-02-26T00:00:00","guid":{"rendered":""},"modified":"2020-04-06T22:35:37","modified_gmt":"2020-04-06T20:35:37","slug":"kremtimi-i-javes-se-shenjte-ne-tirane-2007","status":"publish","type":"post","link":"https:\/\/orthodoxalbania.org\/2020\/2007\/02\/26\/kremtimi-i-javes-se-shenjte-ne-tirane-2007\/","title":{"rendered":"Kremtimi i Jav\u00ebs s\u00eb Shenjt\u00eb n\u00eb Tiran\u00eb 2007"},"content":{"rendered":"<div style=\"text-align: justify;\"><span style=\"color: #000000;\"><span style=\"font-family: tahoma,geneva,sans-serif;\"><span style=\"font-size: 12px;\">&nbsp;&nbsp;&nbsp; Triumfi i Ngjalljes pushtoi zemrat e besimtar\u00ebve orthodhoks\u00eb t\u00eb Tiran\u00ebs. Madh\u00ebshtia e Jav\u00ebs s\u00eb P\u00ebsimeve t\u00eb Zotit Krisht dhe shk\u00eblqimi i Ngjalljes ndri\u00e7oi n\u00eb t\u00eb gjitha zonat e Mitropolis\u00eb s\u00eb Tiran\u00ebs.<\/span><\/span><\/span><\/div>\n<table id=\"AutoNumber2\" style=\"width: 758px; height: 3146px;\" border=\"0\">\n<tbody>\n<tr>\n<td rowspan=\"13\" colspan=\"2\">\n<table id=\"AutoNumber3\" border=\"0\">\n<tbody>\n<tr>\n<td>\n<div style=\"text-align: justify;\"><span style=\"color: #000000;\"><span style=\"font-family: tahoma,geneva,sans-serif;\"><span style=\"font-size: 12px;\">&nbsp;&nbsp;&nbsp; N\u00eb Kryeqytet sh\u00ebrbesat, t\u00eb cilat u ndoq\u00ebn gjat\u00eb gjith\u00eb jav\u00ebs nga besimtar\u00eb t\u00eb shumt\u00eb, u kryen n\u00eb kish\u00ebn \u201cUngjill\u00ebzimi i Per\u00ebndilind\u00ebses\u201d dhe u kryesuan nga Kryepiskopi Anastas. Ai p\u00ebrcolli p\u00ebr t\u00eb gjith\u00eb besimtar\u00ebt gjat\u00eb \u00e7do t\u00eb kremteje mesazhe jet\u00ebsore. \u201c\u2026Pa fryte t\u00eb dashuris\u00eb, t\u00eb durimit, t\u00eb faljes dhe pa gatishm\u00ebri n\u00eb shpirt p\u00ebr t\u00eb d\u00ebgjuar &nbsp;mesazhet e Per\u00ebndis\u00eb, pa k\u00ebt\u00eb shpres\u00eb, besimi yn\u00eb mbetet si nj\u00eb pem\u00eb pa fryte.<\/span><\/span><\/span><\/div>\n<\/td>\n<td style=\"text-align: justify;\">\n<div><span style=\"color: #000000;\"><span style=\"font-family: tahoma,geneva,sans-serif;\"><span style=\"font-size: 12px;\"><img decoding=\"async\" class=\"lazyload HAa Eha\" style=\"border-width: 1px; border-style: solid; margin: 10px auto; display: block;\" alt=\"\" src=\"data:image\/gif;base64,R0lGODlhAQABAAAAACH5BAEKAAEALAAAAAABAAEAAAICTAEAOw==\" data-orig-src=\"https:\/\/lh4.googleusercontent.com\/-_hcM9eL0ofE\/VIlSNxZA8yI\/AAAAAAAAGNk\/_e9ILOza3kc\/w370-h246-no\/-1-%2Bdjathtas.jpg\" \/><\/span><\/span><\/span><\/div>\n<\/td>\n<\/tr>\n<tr>\n<td style=\"text-align: justify;\">\n<div><span style=\"color: #000000;\"><span style=\"font-family: tahoma,geneva,sans-serif;\"><span style=\"font-size: 12px;\"><img decoding=\"async\" class=\"lazyload HAa Eha\" style=\"border-width: 1px; border-style: solid; margin: 10px auto; display: block;\" alt=\"\" src=\"data:image\/gif;base64,R0lGODlhAQABAAAAACH5BAEKAAEALAAAAAABAAEAAAICTAEAOw==\" data-orig-src=\"https:\/\/lh3.googleusercontent.com\/-wDAKjE7121Y\/VIlSOZIFgrI\/AAAAAAAAGNc\/OHF2ZhMtlCI\/w370-h246-no\/-2-%2Bmajtas.jpg\" \/><\/span><\/span><\/span><\/div>\n<\/td>\n<td>\n<div style=\"text-align: justify;\"><span style=\"color: #000000;\"><span style=\"font-family: tahoma,geneva,sans-serif;\"><span style=\"font-size: 12px;\">&nbsp;&nbsp;&nbsp; Duhet q\u00eb lutja t\u00eb ket\u00eb besim dhe jo thjesht nj\u00eb p\u00ebrs\u00ebritje fjal\u00ebsh. Zoti thot\u00eb q\u00eb t\u00eb gjitha t\u2019i k\u00ebrkoni me besim dhe t\u00eb gjitha do t\u2019i merrni&#8230;\u201d &#8211; theksoi Kryepiskopi.<\/span><\/span><\/span><\/div>\n<div style=\"text-align: justify;\">&nbsp;<\/div>\n<div style=\"text-align: justify;\">&nbsp;<\/div>\n<\/td>\n<\/tr>\n<tr>\n<td>\n<div style=\"text-align: justify;\"><span style=\"color: #000000;\"><span style=\"font-family: tahoma,geneva,sans-serif;\"><span style=\"font-size: 12px;\">&nbsp;&nbsp;&nbsp; T\u00eb gjitha himnet e p\u00ebsimeve t\u00eb Zotit kujtuan ngjarjen tragjike t\u00eb vdekjes s\u00eb Tij. Kryepiskopi n\u00ebnvizoi se Kisha Orthodhokse k\u00ebmb\u00ebngul q\u00eb t\u00eb kujtohet krahasimi i Jud\u00ebs me gruan m\u00ebkatare p\u00ebr t\u00eb p\u00ebrjetuar pendimin q\u00eb t\u00eb jemi pran\u00eb Krishtit. \u201c\u2026Sot ka njer\u00ebz q\u00eb e gjykojn\u00eb Krishtin sipas konceptit t\u00eb tyre.<\/span><\/span><\/span><\/div>\n<\/td>\n<td>\n<div><span style=\"color: #000000;\"><span style=\"font-family: tahoma,geneva,sans-serif;\"><span style=\"font-size: 12px;\"><img decoding=\"async\" class=\"lazyload HAa Eha\" style=\"border-width: 1px; border-style: solid; margin: 10px auto; display: block;\" alt=\"\" src=\"data:image\/gif;base64,R0lGODlhAQABAAAAACH5BAEKAAEALAAAAAABAAEAAAICTAEAOw==\" data-orig-src=\"https:\/\/lh4.googleusercontent.com\/-wG8dqrO4joI\/VIlSOwUAhyI\/AAAAAAAAGNs\/GNByyC0fHdc\/w370-h246-no\/-3-%2Bdjathtas.jpg\" \/><\/span><\/span><\/span><\/div>\n<\/td>\n<\/tr>\n<tr>\n<td>\n<div><span style=\"color: #000000;\"><span style=\"font-family: tahoma,geneva,sans-serif;\"><span style=\"font-size: 12px;\"><img decoding=\"async\" class=\"lazyload HAa Eha\" style=\"border-width: 1px; border-style: solid; margin: 10px auto; display: block;\" alt=\"\" src=\"data:image\/gif;base64,R0lGODlhAQABAAAAACH5BAEKAAEALAAAAAABAAEAAAICTAEAOw==\" data-orig-src=\"https:\/\/lh3.googleusercontent.com\/-Pc4PFCIykiw\/VIlS-KlAZ0I\/AAAAAAAAGQI\/_K5jLhIxuLU\/w251-h370-no\/-4-%2Bmajtas.jpg\" \/><\/span><\/span><\/span><\/div>\n<\/td>\n<td>\n<div style=\"text-align: justify;\"><span style=\"color: #000000;\"><span style=\"font-family: tahoma,geneva,sans-serif;\"><span style=\"font-size: 12px;\">&nbsp;&nbsp;&nbsp; Ata nuk e pranojn\u00eb realitetin hyjnor si\u00e7 paraqitet n\u00eb Shkrimin e Shenjt\u00eb dhe n\u00eb Kish\u00eb. Shum\u00eb shpirtra ndodhen larg Krishtit, por n\u00eb nj\u00eb \u00e7ast ata i vijn\u00eb pran\u00eb dhe Zoti e pranon k\u00ebt\u00eb veprim t\u00eb dashuris\u00eb. Le t\u00eb mos shqet\u00ebsohemi kur veprojm\u00eb me dashurin\u00eb ton\u00eb, por rrezikohemi nga teprime me gj\u00ebra t\u00eb tjera.<\/span><\/span><\/span><\/div>\n<\/td>\n<\/tr>\n<tr>\n<td>\n<div style=\"text-align: justify;\"><span style=\"color: #000000;\"><span style=\"font-family: tahoma,geneva,sans-serif;\"><span style=\"font-size: 12px;\">&nbsp;&nbsp;&nbsp; \u00c7do dashuri ka p\u00ebrbrenda di\u00e7ka nga jeta e p\u00ebrjetshme&#8230; Krishti pret nga ne dashurin\u00eb ton\u00eb dhe q\u00eb t\u2019i afrohemi me sinqeritet. Nuk duhet ta humbasim k\u00ebt\u00eb rast. Ta l\u00ebm\u00eb zemr\u00ebn ton\u00eb t\u2019i shpreh\u00eb Zotit dashurin\u00eb. N\u00eb rast se duhet t\u2019i sh\u00ebrbejm\u00eb Zotit duhet t\u00eb ecim n\u00eb vullnetin e Tij. Zoti dha jet\u00ebn q\u00eb t\u00eb \u00e7elej nj\u00eb jet\u00eb e re p\u00ebr t\u00eb gjith\u00eb. \u201d<\/span><\/span><\/span><\/div>\n<\/td>\n<td>\n<div><span style=\"color: #000000;\"><span style=\"font-family: tahoma,geneva,sans-serif;\"><span style=\"font-size: 12px;\"><img decoding=\"async\" class=\"lazyload HAa Eha\" style=\"border-width: 1px; border-style: solid; margin: 10px auto; display: block;\" alt=\"\" src=\"data:image\/gif;base64,R0lGODlhAQABAAAAACH5BAEKAAEALAAAAAABAAEAAAICTAEAOw==\" data-orig-src=\"https:\/\/lh3.googleusercontent.com\/-qSFEPqWPoM8\/VIlSOyOzOJI\/AAAAAAAAGQA\/ROeSoedZDbs\/w370-h246-no\/-5-%2Bdjathtas.jpg\" \/><\/span><\/span><\/span><\/div>\n<\/td>\n<\/tr>\n<tr>\n<td>\n<div><span style=\"color: #000000;\"><span style=\"font-family: tahoma,geneva,sans-serif;\"><span style=\"font-size: 12px;\"><img decoding=\"async\" class=\"lazyload HAa Eha\" style=\"border-width: 1px; border-style: solid; margin: 10px auto; display: block;\" alt=\"\" src=\"data:image\/gif;base64,R0lGODlhAQABAAAAACH5BAEKAAEALAAAAAABAAEAAAICTAEAOw==\" data-orig-src=\"https:\/\/lh5.googleusercontent.com\/-32g2Ldn81gc\/VIlSPVXeM_I\/AAAAAAAAGQA\/EoHOGIPPSNg\/w241-h370-no\/-6-%2Bmajtas.jpg\" \/><\/span><\/span><\/span><\/div>\n<\/td>\n<td>\n<div style=\"text-align: justify;\"><span style=\"color: #000000;\"><span style=\"font-family: tahoma,geneva,sans-serif;\"><span style=\"font-size: 12px;\">&nbsp;&nbsp;&nbsp; T\u00eb Premten e Madhe Kryepiskopi n\u00ebnvizoi n\u00eb omelin\u00eb e tij, se ishte nj\u00eb koh\u00eb kur disa persona n\u00eb Shqip\u00ebri p\u00ebr 23 vjet me radh\u00eb u p\u00ebrpoq\u00ebn ta shuanin besimin. Por ja q\u00eb besimi zuri vend p\u00ebrs\u00ebri n\u00eb shpirtin e njer\u00ebzve ndaj duhet t\u00eb fal\u00ebnderojm\u00eb Zotin p\u00ebr k\u00ebt\u00eb fakt. Pas nj\u00eb persekutimi kaq t\u00eb friksh\u00ebm, Kisha jon\u00eb pa nj\u00eb zhvillim, ndaj duhet t\u00eb g\u00ebzohemi me k\u00ebt\u00eb g\u00ebzim.<\/span><\/span><\/span><\/div>\n<\/td>\n<\/tr>\n<tr>\n<td>\n<div style=\"text-align: justify;\"><span style=\"color: #000000;\"><span style=\"font-family: tahoma,geneva,sans-serif;\"><span style=\"font-size: 12px;\">&nbsp;&nbsp;&nbsp; N\u00eb mbr\u00ebmjen e asaj dite, mij\u00ebra besimtar\u00eb shoq\u00ebruan Epitafin e Zotit Krisht, i cili p\u00ebrshkroi rrug\u00ebn e Kavaj\u00ebs, i shoq\u00ebruar nga psaljet e himneve t\u00eb mrekullueshme orthodhokse.&nbsp;<\/span><\/span><\/span><\/div>\n<div style=\"text-align: justify;\">&nbsp;<\/div>\n<div style=\"text-align: justify;\">&nbsp;<\/div>\n<\/td>\n<td>\n<div><span style=\"color: #000000;\"><span style=\"font-family: tahoma,geneva,sans-serif;\"><span style=\"font-size: 12px;\"><img decoding=\"async\" class=\"lazyload HAa Eha\" style=\"border-width: 1px; border-style: solid; margin: 10px auto; display: block;\" alt=\"\" src=\"data:image\/gif;base64,R0lGODlhAQABAAAAACH5BAEKAAEALAAAAAABAAEAAAICTAEAOw==\" data-orig-src=\"https:\/\/lh3.googleusercontent.com\/-mO2yOyQohHU\/VIlSPoyM2RI\/AAAAAAAAGN8\/sg2-6BnLPWM\/w246-h370-no\/-7-%2Bdjathtas.jpg\" \/><\/span><\/span><\/span><\/div>\n<\/td>\n<\/tr>\n<tr>\n<td style=\"text-align: justify;\">\n<div><span style=\"color: #000000;\"><span style=\"font-family: tahoma,geneva,sans-serif;\"><span style=\"font-size: 12px;\"><img decoding=\"async\" class=\"lazyload HAa Eha\" style=\"border-width: 1px; border-style: solid; margin: 10px auto; display: block;\" alt=\"\" src=\"data:image\/svg+xml,%3Csvg%20xmlns%3D%27http%3A%2F%2Fwww.w3.org%2F2000%2Fsvg%27%20width%3D%27311%27%20height%3D%27207%27%20viewBox%3D%270%200%20311%20207%27%3E%3Crect%20width%3D%27311%27%20height%3D%27207%27%20fill-opacity%3D%220%22%2F%3E%3C%2Fsvg%3E\" data-orig-src=\"https:\/\/lh5.googleusercontent.com\/-n2kIteMfvTc\/VIlSP1Cx2RI\/AAAAAAAAGPw\/UvtPAX4Betw\/w370-h246-no\/-8-%2Bmajtas.jpg\" height=\"207\" width=\"311\" \/><\/span><\/span><\/span><\/div>\n<\/td>\n<td>\n<div style=\"text-align: justify;\"><span style=\"color: #000000;\"><span style=\"font-family: tahoma,geneva,sans-serif;\"><span style=\"font-size: 12px;\">&nbsp;&nbsp;&nbsp; T\u00eb Shtun\u00ebn n\u00eb mbr\u00ebmje Kisha dhe gjith\u00eb sheshi p\u00ebrreth saj ishin tejmbushur nga besimtar\u00eb dhe banor\u00eb t\u00eb kryeqytetit, t\u00eb cil\u00ebt me qirinj n\u00ebp\u00ebr duar prisnin t\u00eb merrnin \u201cDrit\u00eb nga drita q\u00eb nuk per\u00ebndon!\u201d Pas leximit t\u00eb mesazhit t\u00eb Pashk\u00ebve nga Kryepiskopi, kur ora sh\u00ebnoi 00.00, tropari i Ngjalljes pushtoi zemrat e besimtar\u00ebve.<\/span><\/span><\/span><\/div>\n<\/td>\n<\/tr>\n<tr>\n<td>\n<div style=\"text-align: justify;\"><span style=\"color: #000000;\"><span style=\"font-family: tahoma,geneva,sans-serif;\"><span style=\"font-size: 12px;\">&nbsp;&nbsp;&nbsp; Shk\u00eblqimi i fest\u00ebs u shoq\u00ebrua me fishekzjarr\u00eb, dhe trokitjet e vez\u00ebve t\u00eb Pashk\u00ebs, por mbi t\u00eb gjitha me urimin \u201cKrishti u Ngjall!\u201d dhe emocionet e v\u00ebrteta t\u00eb nj\u00eb feste madh\u00ebshtore, m\u00eb e madhja e t\u00eb gjitha koh\u00ebrave.<\/span><\/span><\/span><\/div>\n<\/td>\n<td style=\"text-align: justify;\">\n<div><span style=\"color: #000000;\"><span style=\"font-family: tahoma,geneva,sans-serif;\"><span style=\"font-size: 12px;\"><img decoding=\"async\" class=\"lazyload HAa Eha\" style=\"border-width: 1px; border-style: solid; margin: 10px auto; display: block;\" alt=\"\" src=\"data:image\/svg+xml,%3Csvg%20xmlns%3D%27http%3A%2F%2Fwww.w3.org%2F2000%2Fsvg%27%20width%3D%27300%27%20height%3D%27204%27%20viewBox%3D%270%200%20300%20204%27%3E%3Crect%20width%3D%27300%27%20height%3D%27204%27%20fill-opacity%3D%220%22%2F%3E%3C%2Fsvg%3E\" data-orig-src=\"https:\/\/lh6.googleusercontent.com\/-wdv2RGuoRyA\/VIlSQDJKeBI\/AAAAAAAAGPs\/LQiZdIDZSuE\/w370-h252-no\/-9-%2Bdjathtas.jpg\" height=\"204\" width=\"300\" \/><\/span><\/span><\/span><\/div>\n<\/td>\n<\/tr>\n<tr>\n<td style=\"text-align: justify;\">\n<div><span style=\"color: #000000;\"><span style=\"font-family: tahoma,geneva,sans-serif;\"><span style=\"font-size: 12px;\"><img decoding=\"async\" class=\"lazyload HAa Eha\" style=\"border-width: 1px; border-style: solid; margin: 10px auto; display: block;\" alt=\"\" src=\"data:image\/svg+xml,%3Csvg%20xmlns%3D%27http%3A%2F%2Fwww.w3.org%2F2000%2Fsvg%27%20width%3D%27296%27%20height%3D%27197%27%20viewBox%3D%270%200%20296%20197%27%3E%3Crect%20width%3D%27296%27%20height%3D%27197%27%20fill-opacity%3D%220%22%2F%3E%3C%2Fsvg%3E\" data-orig-src=\"https:\/\/lh4.googleusercontent.com\/-JJeMQaKlb3Y\/VIlSOOu9PfI\/AAAAAAAAGNg\/TZUd-CfZHXs\/w370-h246-no\/-10-%2Bmajtas.jpg\" height=\"197\" width=\"296\" \/><\/span><\/span><\/span><\/div>\n<\/td>\n<td>\n<div style=\"text-align: justify;\"><span style=\"color: #000000;\"><span style=\"font-family: tahoma,geneva,sans-serif;\"><span style=\"font-size: 12px;\">&nbsp;&nbsp;&nbsp; Nj\u00eb interesim t\u00eb ve\u00e7ant\u00eb p\u00ebr k\u00ebto dit\u00eb tregoi edhe media komb\u00ebtare dhe ajo lokale. Televizioni publik transmetoi Sh\u00ebrbes\u00ebn e Ngjalljes dhe Liturgjin\u00eb Hyjnore q\u00eb&nbsp; e pasoi, nd\u00ebrsa televizionet dhan\u00eb mesazhin e Kryepiskopit dhe \u00e7aste nga sh\u00ebrbesat e dit\u00ebve t\u00eb ndryshme.<\/span><\/span><\/span><\/div>\n<\/td>\n<\/tr>\n<\/tbody>\n<\/table>\n<\/td>\n<td>\n<div style=\"text-align: justify;\">&nbsp;<\/div>\n<div style=\"text-align: justify;\">&nbsp;<\/div>\n<\/td>\n<\/tr>\n<tr>\n<td style=\"text-align: justify;\">\n<div>&nbsp;<\/div>\n<\/td>\n<\/tr>\n<tr>\n<td style=\"text-align: justify;\">\n<div>&nbsp;<\/div>\n<\/td>\n<\/tr>\n<tr>\n<td style=\"text-align: justify;\">\n<div>&nbsp;<\/div>\n<\/td>\n<\/tr>\n<tr>\n<td style=\"text-align: justify;\">\n<div>&nbsp;<\/div>\n<\/td>\n<\/tr>\n<tr>\n<td style=\"text-align: justify;\">\n<div>&nbsp;<\/div>\n<\/td>\n<\/tr>\n<tr>\n<td style=\"text-align: justify;\">\n<div>&nbsp;<\/div>\n<\/td>\n<\/tr>\n<tr>\n<td style=\"text-align: justify;\">\n<div>&nbsp;<\/div>\n<\/td>\n<\/tr>\n<tr>\n<td style=\"text-align: justify;\">\n<div>&nbsp;<\/div>\n<\/td>\n<\/tr>\n<tr>\n<td style=\"text-align: justify;\">\n<div>&nbsp;<\/div>\n<\/td>\n<\/tr>\n<tr>\n<td style=\"text-align: justify;\">\n<div>&nbsp;<\/div>\n<\/td>\n<\/tr>\n<tr>\n<td style=\"text-align: justify;\">\n<div>&nbsp;<\/div>\n<\/td>\n<\/tr>\n<tr>\n<td style=\"text-align: justify;\">\n<div>&nbsp;<\/div>\n<\/td>\n<\/tr>\n<tr>\n<td>\n<div style=\"text-align: justify;\"><span style=\"color: #000000;\"><span style=\"font-family: tahoma,geneva,sans-serif;\"><span style=\"font-size: 12px;\"><img decoding=\"async\" class=\"lazyload HAa Eha\" style=\"margin: 10px; border: 1px solid; float: right;\" alt=\"\" src=\"data:image\/svg+xml,%3Csvg%20xmlns%3D%27http%3A%2F%2Fwww.w3.org%2F2000%2Fsvg%27%20width%3D%27272%27%20height%3D%27153%27%20viewBox%3D%270%200%20272%20153%27%3E%3Crect%20width%3D%27272%27%20height%3D%27153%27%20fill-opacity%3D%220%22%2F%3E%3C%2Fsvg%3E\" data-orig-src=\"https:\/\/lh5.googleusercontent.com\/-PgkN6wS-MCk\/VIlSVdrPXxI\/AAAAAAAAGPk\/xBSgvp5E320\/w370-h208-no\/-11-+djathtas.jpg\" height=\"153\" width=\"272\" \/>&nbsp;&nbsp;&nbsp; T\u00eb diel\u00ebn paradite n\u00eb Kryepiskopat\u00ebn e Shenjt\u00eb, n\u00eb Tiran\u00eb, erdh\u00ebn p\u00ebr t\u00eb b\u00ebr\u00eb urimet e rastit p\u00ebr Pashk\u00ebt drejtues t\u00eb komuniteteve t\u00eb tjera fetare, politikan\u00eb dhe personalitete t\u00eb ndryshme. Mes tyre ishin edhe Presidenti i Republik\u00ebs, Alfred Moisiu, Kryeministri Sali Berisha, Kryetari i PS dhe bashkis\u00eb s\u00eb Tiran\u00ebs Edi Rama, kryetari i Komunitetit Mysliman Hafiz Selim Mu\u00e7a, i atij Bektashi Haxhi Dede Reshat Bardhi, krer\u00eb t\u00eb partive politike, diplomat\u00eb, akademik\u00eb e profesor\u00eb dhe besimtar\u00eb t\u00eb shumt\u00eb, t\u00eb cil\u00ebt uruan Kryepiskopin Anastas n\u00eb em\u00ebr t\u00eb t\u00eb gjith\u00eb besimtar\u00ebve orthodhoks\u00eb shqiptar\u00eb, duke vler\u00ebsuar kontributin e tij dhe t\u00eb Kish\u00ebs Orthodhokse Autoqefale t\u00eb Shqip\u00ebris\u00eb n\u00eb zhvillimin e shoq\u00ebris\u00eb shqiptare.<\/span><\/span><\/span><\/div>\n<\/td>\n<td style=\"text-align: justify;\">\n<div>&nbsp;<\/div>\n<\/td>\n<td style=\"text-align: justify;\">\n<div>&nbsp;<\/div>\n<\/td>\n<\/tr>\n<\/tbody>\n<\/table>\n<div style=\"text-align: justify;\">&nbsp;<\/div>\n<div style=\"text-align: justify;\">&nbsp;<\/div>\n<div style=\"text-align: justify;\"><span style=\"color: #000000;\"><span style=\"font-family: tahoma,geneva,sans-serif;\"><span style=\"font-size: 12px;\">&nbsp;<strong>I. Koti<\/strong><\/span><\/span><\/span><\/div>\n<div style=\"text-align: justify;\">&nbsp;<\/div>\n<div style=\"text-align: justify;\"><span style=\"color: #000000;\"><span style=\"font-family: tahoma,geneva,sans-serif;\"><span style=\"font-size: 12px;\"><img decoding=\"async\" class=\"lazyload HAa Eha\" style=\"border-width: 1px; border-style: solid; margin: 10px;\" alt=\"\" src=\"data:image\/gif;base64,R0lGODlhAQABAAAAACH5BAEKAAEALAAAAAABAAEAAAICTAEAOw==\" data-orig-src=\"https:\/\/lh6.googleusercontent.com\/-mK4xpfT34Xk\/VIlSQcAxHUI\/AAAAAAAAGPQ\/g3ivVwFIC_0\/w600-h399-no\/1%2Banash.jpg\" \/><\/span><\/span><\/span><\/div>\n<div style=\"text-align: justify;\"><span style=\"color: #000000;\"><span style=\"font-family: tahoma,geneva,sans-serif;\"><span style=\"font-size: 12px;\"><img decoding=\"async\" class=\"lazyload HAa Eha\" style=\"border-width: 1px; border-style: solid; margin: 10px;\" alt=\"\" src=\"data:image\/gif;base64,R0lGODlhAQABAAAAACH5BAEKAAEALAAAAAABAAEAAAICTAEAOw==\" data-orig-src=\"https:\/\/lh3.googleusercontent.com\/-cGOOSosgopA\/VIlSRtRR26I\/AAAAAAAAGOo\/yD22OLkQKUU\/w600-h399-no\/2%2Banash.jpg\" \/><\/span><\/span><\/span><\/div>\n<div style=\"text-align: justify;\"><span style=\"color: #000000;\"><span style=\"font-family: tahoma,geneva,sans-serif;\"><span style=\"font-size: 12px;\"><img decoding=\"async\" class=\"lazyload HAa Eha\" style=\"border-width: 1px; border-style: solid; margin: 10px;\" alt=\"\" src=\"data:image\/gif;base64,R0lGODlhAQABAAAAACH5BAEKAAEALAAAAAABAAEAAAICTAEAOw==\" data-orig-src=\"https:\/\/lh4.googleusercontent.com\/-i_DKTqDtU7A\/VIlSSND2GnI\/AAAAAAAAGPA\/KZ_8an8ithc\/w600-h399-no\/3%2Banash.jpg\" \/><\/span><\/span><\/span><\/div>\n<div style=\"text-align: justify;\"><span style=\"color: #000000;\"><span style=\"font-family: tahoma,geneva,sans-serif;\"><span style=\"font-size: 12px;\"><img decoding=\"async\" class=\"lazyload HAa Eha\" style=\"border-width: 1px; border-style: solid; margin: 10px;\" alt=\"\" src=\"data:image\/gif;base64,R0lGODlhAQABAAAAACH5BAEKAAEALAAAAAABAAEAAAICTAEAOw==\" data-orig-src=\"https:\/\/lh5.googleusercontent.com\/-JmRsnQSVY1M\/VIlSSS0AHMI\/AAAAAAAAGOw\/yO9GHaZ6AyI\/w600-h399-no\/4%2Banash.jpg\" \/><\/span><\/span><\/span><\/div>\n<div style=\"text-align: justify;\"><span style=\"color: #000000;\"><span style=\"font-family: tahoma,geneva,sans-serif;\"><span style=\"font-size: 12px;\"><img decoding=\"async\" class=\"lazyload HAa Eha\" style=\"border-width: 1px; border-style: solid; margin: 10px;\" alt=\"\" src=\"data:image\/gif;base64,R0lGODlhAQABAAAAACH5BAEKAAEALAAAAAABAAEAAAICTAEAOw==\" data-orig-src=\"https:\/\/lh4.googleusercontent.com\/-Sn9LId2GvVk\/VIlSS3yBOjI\/AAAAAAAAGO8\/TeaRwm4BKzg\/w600-h399-no\/5%2Banash.jpg\" \/><\/span><\/span><\/span><\/div>\n<div style=\"text-align: justify;\"><span style=\"color: #000000;\"><span style=\"font-family: tahoma,geneva,sans-serif;\"><span style=\"font-size: 12px;\"><img decoding=\"async\" class=\"lazyload HAa Eha\" style=\"border-width: 1px; border-style: solid; margin: 10px;\" alt=\"\" src=\"data:image\/gif;base64,R0lGODlhAQABAAAAACH5BAEKAAEALAAAAAABAAEAAAICTAEAOw==\" data-orig-src=\"https:\/\/lh4.googleusercontent.com\/-6XIlQjIIwxk\/VIlSTy6nuYI\/AAAAAAAAGPE\/tWeozTmJ0X0\/w600-h399-no\/6%2Banash.jpg\" \/><\/span><\/span><\/span><\/div>\n<div style=\"text-align: justify;\"><span style=\"color: #000000;\"><span style=\"font-family: tahoma,geneva,sans-serif;\"><span style=\"font-size: 12px;\"><img decoding=\"async\" class=\"lazyload HAa Eha\" style=\"border-width: 1px; border-style: solid; margin: 10px;\" alt=\"\" src=\"data:image\/gif;base64,R0lGODlhAQABAAAAACH5BAEKAAEALAAAAAABAAEAAAICTAEAOw==\" data-orig-src=\"https:\/\/lh5.googleusercontent.com\/-GDn448ggehY\/VIlSUS5YHXI\/AAAAAAAAGP0\/KQ2o5kOaSA4\/w600-h399-no\/7%2Banash.jpg\" \/><\/span><\/span><\/span><\/div>\n<div style=\"text-align: justify;\"><span style=\"color: #000000;\"><span style=\"font-family: tahoma,geneva,sans-serif;\"><span style=\"font-size: 12px;\"><img decoding=\"async\" class=\"lazyload HAa Eha\" style=\"border-width: 1px; border-style: solid; margin: 10px;\" alt=\"\" src=\"data:image\/gif;base64,R0lGODlhAQABAAAAACH5BAEKAAEALAAAAAABAAEAAAICTAEAOw==\" data-orig-src=\"https:\/\/lh6.googleusercontent.com\/-qM6EHYV0-ak\/VIlSUSa5NiI\/AAAAAAAAGPY\/LW7WPofYIh0\/w600-h399-no\/8%2Banash.jpg\" \/><\/span><\/span><\/span><\/div>\n<div style=\"text-align: justify;\"><span style=\"color: #000000;\"><span style=\"font-family: tahoma,geneva,sans-serif;\"><span style=\"font-size: 12px;\"><img decoding=\"async\" class=\"lazyload HAa Eha\" style=\"border-width: 1px; border-style: solid; margin: 10px;\" alt=\"\" src=\"data:image\/gif;base64,R0lGODlhAQABAAAAACH5BAEKAAEALAAAAAABAAEAAAICTAEAOw==\" data-orig-src=\"https:\/\/lh3.googleusercontent.com\/-ujCjw4HBDlk\/VIlSVEoTyXI\/AAAAAAAAGPg\/wLpheN4x6f0\/w600-h399-no\/9%2Banash.jpg\" \/><\/span><\/span><\/span><\/div>\n<div style=\"text-align: justify;\"><span style=\"color: #000000;\"><span style=\"font-family: tahoma,geneva,sans-serif;\"><span style=\"font-size: 12px;\"><img decoding=\"async\" class=\"lazyload HAa Eha\" style=\"border-width: 1px; border-style: solid; margin: 10px;\" alt=\"\" src=\"data:image\/gif;base64,R0lGODlhAQABAAAAACH5BAEKAAEALAAAAAABAAEAAAICTAEAOw==\" data-orig-src=\"https:\/\/lh4.googleusercontent.com\/-vrhcXkUqCTQ\/VIlSQ-OHGpI\/AAAAAAAAGOQ\/zmc93eY1KKw\/w600-h399-no\/10%2Banash.jpg\" \/><\/span><\/span><\/span><\/div>\n<div style=\"text-align: justify;\"><span style=\"color: #000000;\"><span style=\"font-family: tahoma,geneva,sans-serif;\"><span style=\"font-size: 12px;\"><img decoding=\"async\" class=\"lazyload HAa Eha\" style=\"border-width: 1px; border-style: solid; margin: 10px;\" alt=\"\" src=\"data:image\/gif;base64,R0lGODlhAQABAAAAACH5BAEKAAEALAAAAAABAAEAAAICTAEAOw==\" data-orig-src=\"https:\/\/lh5.googleusercontent.com\/-Hq9Aoh1gwco\/VIlSRD_7MJI\/AAAAAAAAGOg\/pcLJ6VOH_pQ\/w600-h399-no\/11%2Banash.jpg\" \/><\/span><\/span><\/span><\/div>\n<div style=\"text-align: justify;\"><span style=\"color: #000000;\"><span style=\"font-family: tahoma,geneva,sans-serif;\"><span style=\"font-size: 12px;\"><img decoding=\"async\" class=\"lazyload HAa Eha\" style=\"border-width: 1px; border-style: solid; margin: 10px;\" alt=\"\" src=\"data:image\/gif;base64,R0lGODlhAQABAAAAACH5BAEKAAEALAAAAAABAAEAAAICTAEAOw==\" data-orig-src=\"https:\/\/lh5.googleusercontent.com\/-tgHBTFqYVVE\/VIlSRVX2blI\/AAAAAAAAGOc\/vS9BEXCN7vc\/w600-h399-no\/12%2Banash.jpg\" \/><\/span><\/span><\/span><\/div>\n","protected":false},"excerpt":{"rendered":"<p>&nbsp;&nbsp;&nbsp; Triumfi i Ngjalljes pushtoi zemrat e besimtar\u00ebve orthodhoks\u00eb t\u00eb Tiran\u00ebs. Madh\u00ebshtia e Jav\u00ebs s\u00eb P\u00ebsimeve t\u00eb Zotit Krisht dhe shk\u00eblqimi i Ngjalljes ndri\u00e7oi n\u00eb t\u00eb gjitha zonat e Mitropolis\u00eb s\u00eb Tiran\u00ebs. &nbsp;&nbsp;&nbsp; N\u00eb Kryeqytet sh\u00ebrbesat, t\u00eb cilat u ndoq\u00ebn gjat\u00eb gjith\u00eb jav\u00ebs nga besimtar\u00eb t\u00eb shumt\u00eb, u kryen n\u00eb kish\u00ebn \u201cUngjill\u00ebzimi i Per\u00ebndilind\u00ebses\u201d dhe u kryesuan nga Kryepiskopi Anastas. Ai p\u00ebrcolli p\u00ebr t\u00eb gjith\u00eb<\/p>\n","protected":false},"author":1,"featured_media":0,"comment_status":"open","ping_status":"open","sticky":false,"template":"","format":"standard","meta":{"_acf_changed":false,"pagelayer_contact_templates":[],"_pagelayer_content":"","inline_featured_image":false,"fifu_image_url":"","fifu_image_alt":"","footnotes":""},"categories":[108],"tags":[147,196,201,212,189],"class_list":["post-785","post","type-post","status-publish","format-standard","hentry","category-lajme","tag-147","tag-tirane","tag-kryepiskopi-anastas","tag-lajme-d27","tag-pashke-2014"],"acf":[],"yoast_head":"<!-- This site is optimized with the Yoast SEO plugin v27.2 - https:\/\/yoast.com\/product\/yoast-seo-wordpress\/ -->\n<title>Kremtimi i Jav\u00ebs s\u00eb Shenjt\u00eb n\u00eb Tiran\u00eb 2007 - Kisha Orthodh\u03bfkse Autoqefale e Shqip\u00ebris\u00eb<\/title>\n<meta name=\"robots\" content=\"index, follow, max-snippet:-1, max-image-preview:large, max-video-preview:-1\" \/>\n<link rel=\"canonical\" href=\"https:\/\/orthodoxalbania.org\/2020\/2007\/02\/26\/kremtimi-i-javes-se-shenjte-ne-tirane-2007\/\" \/>\n<meta property=\"og:locale\" content=\"en_US\" \/>\n<meta property=\"og:type\" content=\"article\" \/>\n<meta property=\"og:title\" content=\"Kremtimi i Jav\u00ebs s\u00eb Shenjt\u00eb n\u00eb Tiran\u00eb 2007 - Kisha Orthodh\u03bfkse Autoqefale e Shqip\u00ebris\u00eb\" \/>\n<meta property=\"og:description\" content=\"&nbsp;&nbsp;&nbsp; Triumfi i Ngjalljes pushtoi zemrat e besimtar\u00ebve orthodhoks\u00eb t\u00eb Tiran\u00ebs. Madh\u00ebshtia e Jav\u00ebs s\u00eb P\u00ebsimeve t\u00eb Zotit Krisht dhe shk\u00eblqimi i Ngjalljes ndri\u00e7oi n\u00eb t\u00eb gjitha zonat e Mitropolis\u00eb s\u00eb Tiran\u00ebs. &nbsp;&nbsp;&nbsp; N\u00eb Kryeqytet sh\u00ebrbesat, t\u00eb cilat u ndoq\u00ebn gjat\u00eb gjith\u00eb jav\u00ebs nga besimtar\u00eb t\u00eb shumt\u00eb, u kryen n\u00eb kish\u00ebn \u201cUngjill\u00ebzimi i Per\u00ebndilind\u00ebses\u201d dhe u kryesuan nga Kryepiskopi Anastas. Ai p\u00ebrcolli p\u00ebr t\u00eb gjith\u00eb\" \/>\n<meta property=\"og:url\" content=\"https:\/\/orthodoxalbania.org\/2020\/2007\/02\/26\/kremtimi-i-javes-se-shenjte-ne-tirane-2007\/\" \/>\n<meta property=\"og:site_name\" content=\"Kisha Orthodh\u03bfkse Autoqefale e Shqip\u00ebris\u00eb\" \/>\n<meta property=\"article:publisher\" content=\"https:\/\/www.facebook.com\/koash1991\" \/>\n<meta property=\"article:published_time\" content=\"2007-02-26T00:00:00+00:00\" \/>\n<meta property=\"article:modified_time\" content=\"2020-04-06T20:35:37+00:00\" \/>\n<meta property=\"og:image\" content=\"https:\/\/lh4.googleusercontent.com\/-_hcM9eL0ofE\/VIlSNxZA8yI\/AAAAAAAAGNk\/_e9ILOza3kc\/w370-h246-no\/-1-%2Bdjathtas.jpg\" \/>\n<meta name=\"author\" content=\"Kisha Orthodhokse\" \/>\n<meta name=\"twitter:card\" content=\"summary_large_image\" \/>\n<meta name=\"twitter:label1\" content=\"Written by\" \/>\n\t<meta name=\"twitter:data1\" content=\"Kisha Orthodhokse\" \/>\n\t<meta name=\"twitter:label2\" content=\"Est. reading time\" \/>\n\t<meta name=\"twitter:data2\" content=\"4 minutes\" \/>\n<script type=\"application\/ld+json\" class=\"yoast-schema-graph\">{\"@context\":\"https:\/\/schema.org\",\"@graph\":[{\"@type\":\"Article\",\"@id\":\"https:\/\/orthodoxalbania.org\/2020\/2007\/02\/26\/kremtimi-i-javes-se-shenjte-ne-tirane-2007\/#article\",\"isPartOf\":{\"@id\":\"https:\/\/orthodoxalbania.org\/2020\/2007\/02\/26\/kremtimi-i-javes-se-shenjte-ne-tirane-2007\/\"},\"author\":{\"name\":\"Kisha Orthodhokse\",\"@id\":\"https:\/\/orthodoxalbania.org\/2020\/#\/schema\/person\/0c387634a7063ac612d7ed9ce71c7e86\"},\"headline\":\"Kremtimi i Jav\u00ebs s\u00eb Shenjt\u00eb n\u00eb Tiran\u00eb 2007\",\"datePublished\":\"2007-02-26T00:00:00+00:00\",\"dateModified\":\"2020-04-06T20:35:37+00:00\",\"mainEntityOfPage\":{\"@id\":\"https:\/\/orthodoxalbania.org\/2020\/2007\/02\/26\/kremtimi-i-javes-se-shenjte-ne-tirane-2007\/\"},\"wordCount\":813,\"commentCount\":0,\"publisher\":{\"@id\":\"https:\/\/orthodoxalbania.org\/2020\/#organization\"},\"image\":{\"@id\":\"https:\/\/orthodoxalbania.org\/2020\/2007\/02\/26\/kremtimi-i-javes-se-shenjte-ne-tirane-2007\/#primaryimage\"},\"thumbnailUrl\":\"https:\/\/lh4.googleusercontent.com\/-_hcM9eL0ofE\/VIlSNxZA8yI\/AAAAAAAAGNk\/_e9ILOza3kc\/w370-h246-no\/-1-%2Bdjathtas.jpg\",\"keywords\":[\"2007\",\"Kryepiskopata Tiran\u00eb\",\"Kryepiskopi Anastas\",\"lajme\",\"Pashk\u00eb\"],\"articleSection\":[\"Lajme\"],\"inLanguage\":\"en-US\"},{\"@type\":\"WebPage\",\"@id\":\"https:\/\/orthodoxalbania.org\/2020\/2007\/02\/26\/kremtimi-i-javes-se-shenjte-ne-tirane-2007\/\",\"url\":\"https:\/\/orthodoxalbania.org\/2020\/2007\/02\/26\/kremtimi-i-javes-se-shenjte-ne-tirane-2007\/\",\"name\":\"Kremtimi i Jav\u00ebs s\u00eb Shenjt\u00eb n\u00eb Tiran\u00eb 2007 - Kisha Orthodh\u03bfkse Autoqefale e Shqip\u00ebris\u00eb\",\"isPartOf\":{\"@id\":\"https:\/\/orthodoxalbania.org\/2020\/#website\"},\"primaryImageOfPage\":{\"@id\":\"https:\/\/orthodoxalbania.org\/2020\/2007\/02\/26\/kremtimi-i-javes-se-shenjte-ne-tirane-2007\/#primaryimage\"},\"image\":{\"@id\":\"https:\/\/orthodoxalbania.org\/2020\/2007\/02\/26\/kremtimi-i-javes-se-shenjte-ne-tirane-2007\/#primaryimage\"},\"thumbnailUrl\":\"https:\/\/lh4.googleusercontent.com\/-_hcM9eL0ofE\/VIlSNxZA8yI\/AAAAAAAAGNk\/_e9ILOza3kc\/w370-h246-no\/-1-%2Bdjathtas.jpg\",\"datePublished\":\"2007-02-26T00:00:00+00:00\",\"dateModified\":\"2020-04-06T20:35:37+00:00\",\"breadcrumb\":{\"@id\":\"https:\/\/orthodoxalbania.org\/2020\/2007\/02\/26\/kremtimi-i-javes-se-shenjte-ne-tirane-2007\/#breadcrumb\"},\"inLanguage\":\"en-US\",\"potentialAction\":[{\"@type\":\"ReadAction\",\"target\":[\"https:\/\/orthodoxalbania.org\/2020\/2007\/02\/26\/kremtimi-i-javes-se-shenjte-ne-tirane-2007\/\"]}]},{\"@type\":\"ImageObject\",\"inLanguage\":\"en-US\",\"@id\":\"https:\/\/orthodoxalbania.org\/2020\/2007\/02\/26\/kremtimi-i-javes-se-shenjte-ne-tirane-2007\/#primaryimage\",\"url\":\"https:\/\/lh4.googleusercontent.com\/-_hcM9eL0ofE\/VIlSNxZA8yI\/AAAAAAAAGNk\/_e9ILOza3kc\/w370-h246-no\/-1-%2Bdjathtas.jpg\",\"contentUrl\":\"https:\/\/lh4.googleusercontent.com\/-_hcM9eL0ofE\/VIlSNxZA8yI\/AAAAAAAAGNk\/_e9ILOza3kc\/w370-h246-no\/-1-%2Bdjathtas.jpg\"},{\"@type\":\"BreadcrumbList\",\"@id\":\"https:\/\/orthodoxalbania.org\/2020\/2007\/02\/26\/kremtimi-i-javes-se-shenjte-ne-tirane-2007\/#breadcrumb\",\"itemListElement\":[{\"@type\":\"ListItem\",\"position\":1,\"name\":\"Home\",\"item\":\"https:\/\/orthodoxalbania.org\/2020\/\"},{\"@type\":\"ListItem\",\"position\":2,\"name\":\"Kremtimi i Jav\u00ebs s\u00eb Shenjt\u00eb n\u00eb Tiran\u00eb 2007\"}]},{\"@type\":\"WebSite\",\"@id\":\"https:\/\/orthodoxalbania.org\/2020\/#website\",\"url\":\"https:\/\/orthodoxalbania.org\/2020\/\",\"name\":\"Kisha Orthodh\u03bfkse Autoqefale e Shqip\u00ebris\u00eb\",\"description\":\"Fqja Zyrtare e Kish\u00ebs Orthodhokse Autoqefale e Shqip\u00ebris\u00eb me lajmet edhe informacionet zyrtare p\u00ebr struktur\u00ebn edhe veprimtarin e saj.\",\"publisher\":{\"@id\":\"https:\/\/orthodoxalbania.org\/2020\/#organization\"},\"potentialAction\":[{\"@type\":\"SearchAction\",\"target\":{\"@type\":\"EntryPoint\",\"urlTemplate\":\"https:\/\/orthodoxalbania.org\/2020\/?s={search_term_string}\"},\"query-input\":{\"@type\":\"PropertyValueSpecification\",\"valueRequired\":true,\"valueName\":\"search_term_string\"}}],\"inLanguage\":\"en-US\"},{\"@type\":\"Organization\",\"@id\":\"https:\/\/orthodoxalbania.org\/2020\/#organization\",\"name\":\"Kisha Orthodhokse Autoqefale e Shqip\u00ebris\u00eb\",\"url\":\"https:\/\/orthodoxalbania.org\/2020\/\",\"logo\":{\"@type\":\"ImageObject\",\"inLanguage\":\"en-US\",\"@id\":\"https:\/\/orthodoxalbania.org\/2020\/#\/schema\/logo\/image\/\",\"url\":\"https:\/\/orthodoxalbania.org\/2020\/wp-content\/uploads\/2020\/05\/albania.jpeg\",\"contentUrl\":\"https:\/\/orthodoxalbania.org\/2020\/wp-content\/uploads\/2020\/05\/albania.jpeg\",\"width\":540,\"height\":540,\"caption\":\"Kisha Orthodhokse Autoqefale e Shqip\u00ebris\u00eb\"},\"image\":{\"@id\":\"https:\/\/orthodoxalbania.org\/2020\/#\/schema\/logo\/image\/\"},\"sameAs\":[\"https:\/\/www.facebook.com\/koash1991\"]},{\"@type\":\"Person\",\"@id\":\"https:\/\/orthodoxalbania.org\/2020\/#\/schema\/person\/0c387634a7063ac612d7ed9ce71c7e86\",\"name\":\"Kisha Orthodhokse\",\"image\":{\"@type\":\"ImageObject\",\"inLanguage\":\"en-US\",\"@id\":\"https:\/\/secure.gravatar.com\/avatar\/596e7c417251e30f2fbb9c00e026fce61a695a00e51c889caded71c96cbbdde5?s=96&d=mm&r=g\",\"url\":\"https:\/\/secure.gravatar.com\/avatar\/596e7c417251e30f2fbb9c00e026fce61a695a00e51c889caded71c96cbbdde5?s=96&d=mm&r=g\",\"contentUrl\":\"https:\/\/secure.gravatar.com\/avatar\/596e7c417251e30f2fbb9c00e026fce61a695a00e51c889caded71c96cbbdde5?s=96&d=mm&r=g\",\"caption\":\"Kisha Orthodhokse\"}}]}<\/script>\n<!-- \/ Yoast SEO plugin. -->","yoast_head_json":{"title":"Kremtimi i Jav\u00ebs s\u00eb Shenjt\u00eb n\u00eb Tiran\u00eb 2007 - Kisha Orthodh\u03bfkse Autoqefale e Shqip\u00ebris\u00eb","robots":{"index":"index","follow":"follow","max-snippet":"max-snippet:-1","max-image-preview":"max-image-preview:large","max-video-preview":"max-video-preview:-1"},"canonical":"https:\/\/orthodoxalbania.org\/2020\/2007\/02\/26\/kremtimi-i-javes-se-shenjte-ne-tirane-2007\/","og_locale":"en_US","og_type":"article","og_title":"Kremtimi i Jav\u00ebs s\u00eb Shenjt\u00eb n\u00eb Tiran\u00eb 2007 - Kisha Orthodh\u03bfkse Autoqefale e Shqip\u00ebris\u00eb","og_description":"&nbsp;&nbsp;&nbsp; Triumfi i Ngjalljes pushtoi zemrat e besimtar\u00ebve orthodhoks\u00eb t\u00eb Tiran\u00ebs. Madh\u00ebshtia e Jav\u00ebs s\u00eb P\u00ebsimeve t\u00eb Zotit Krisht dhe shk\u00eblqimi i Ngjalljes ndri\u00e7oi n\u00eb t\u00eb gjitha zonat e Mitropolis\u00eb s\u00eb Tiran\u00ebs. &nbsp;&nbsp;&nbsp; N\u00eb Kryeqytet sh\u00ebrbesat, t\u00eb cilat u ndoq\u00ebn gjat\u00eb gjith\u00eb jav\u00ebs nga besimtar\u00eb t\u00eb shumt\u00eb, u kryen n\u00eb kish\u00ebn \u201cUngjill\u00ebzimi i Per\u00ebndilind\u00ebses\u201d dhe u kryesuan nga Kryepiskopi Anastas. Ai p\u00ebrcolli p\u00ebr t\u00eb gjith\u00eb","og_url":"https:\/\/orthodoxalbania.org\/2020\/2007\/02\/26\/kremtimi-i-javes-se-shenjte-ne-tirane-2007\/","og_site_name":"Kisha Orthodh\u03bfkse Autoqefale e Shqip\u00ebris\u00eb","article_publisher":"https:\/\/www.facebook.com\/koash1991","article_published_time":"2007-02-26T00:00:00+00:00","article_modified_time":"2020-04-06T20:35:37+00:00","og_image":[{"url":"https:\/\/lh4.googleusercontent.com\/-_hcM9eL0ofE\/VIlSNxZA8yI\/AAAAAAAAGNk\/_e9ILOza3kc\/w370-h246-no\/-1-%2Bdjathtas.jpg","type":"","width":"","height":""}],"author":"Kisha Orthodhokse","twitter_card":"summary_large_image","twitter_misc":{"Written by":"Kisha Orthodhokse","Est. reading time":"4 minutes"},"schema":{"@context":"https:\/\/schema.org","@graph":[{"@type":"Article","@id":"https:\/\/orthodoxalbania.org\/2020\/2007\/02\/26\/kremtimi-i-javes-se-shenjte-ne-tirane-2007\/#article","isPartOf":{"@id":"https:\/\/orthodoxalbania.org\/2020\/2007\/02\/26\/kremtimi-i-javes-se-shenjte-ne-tirane-2007\/"},"author":{"name":"Kisha Orthodhokse","@id":"https:\/\/orthodoxalbania.org\/2020\/#\/schema\/person\/0c387634a7063ac612d7ed9ce71c7e86"},"headline":"Kremtimi i Jav\u00ebs s\u00eb Shenjt\u00eb n\u00eb Tiran\u00eb 2007","datePublished":"2007-02-26T00:00:00+00:00","dateModified":"2020-04-06T20:35:37+00:00","mainEntityOfPage":{"@id":"https:\/\/orthodoxalbania.org\/2020\/2007\/02\/26\/kremtimi-i-javes-se-shenjte-ne-tirane-2007\/"},"wordCount":813,"commentCount":0,"publisher":{"@id":"https:\/\/orthodoxalbania.org\/2020\/#organization"},"image":{"@id":"https:\/\/orthodoxalbania.org\/2020\/2007\/02\/26\/kremtimi-i-javes-se-shenjte-ne-tirane-2007\/#primaryimage"},"thumbnailUrl":"https:\/\/lh4.googleusercontent.com\/-_hcM9eL0ofE\/VIlSNxZA8yI\/AAAAAAAAGNk\/_e9ILOza3kc\/w370-h246-no\/-1-%2Bdjathtas.jpg","keywords":["2007","Kryepiskopata Tiran\u00eb","Kryepiskopi Anastas","lajme","Pashk\u00eb"],"articleSection":["Lajme"],"inLanguage":"en-US"},{"@type":"WebPage","@id":"https:\/\/orthodoxalbania.org\/2020\/2007\/02\/26\/kremtimi-i-javes-se-shenjte-ne-tirane-2007\/","url":"https:\/\/orthodoxalbania.org\/2020\/2007\/02\/26\/kremtimi-i-javes-se-shenjte-ne-tirane-2007\/","name":"Kremtimi i Jav\u00ebs s\u00eb Shenjt\u00eb n\u00eb Tiran\u00eb 2007 - Kisha Orthodh\u03bfkse Autoqefale e Shqip\u00ebris\u00eb","isPartOf":{"@id":"https:\/\/orthodoxalbania.org\/2020\/#website"},"primaryImageOfPage":{"@id":"https:\/\/orthodoxalbania.org\/2020\/2007\/02\/26\/kremtimi-i-javes-se-shenjte-ne-tirane-2007\/#primaryimage"},"image":{"@id":"https:\/\/orthodoxalbania.org\/2020\/2007\/02\/26\/kremtimi-i-javes-se-shenjte-ne-tirane-2007\/#primaryimage"},"thumbnailUrl":"https:\/\/lh4.googleusercontent.com\/-_hcM9eL0ofE\/VIlSNxZA8yI\/AAAAAAAAGNk\/_e9ILOza3kc\/w370-h246-no\/-1-%2Bdjathtas.jpg","datePublished":"2007-02-26T00:00:00+00:00","dateModified":"2020-04-06T20:35:37+00:00","breadcrumb":{"@id":"https:\/\/orthodoxalbania.org\/2020\/2007\/02\/26\/kremtimi-i-javes-se-shenjte-ne-tirane-2007\/#breadcrumb"},"inLanguage":"en-US","potentialAction":[{"@type":"ReadAction","target":["https:\/\/orthodoxalbania.org\/2020\/2007\/02\/26\/kremtimi-i-javes-se-shenjte-ne-tirane-2007\/"]}]},{"@type":"ImageObject","inLanguage":"en-US","@id":"https:\/\/orthodoxalbania.org\/2020\/2007\/02\/26\/kremtimi-i-javes-se-shenjte-ne-tirane-2007\/#primaryimage","url":"https:\/\/lh4.googleusercontent.com\/-_hcM9eL0ofE\/VIlSNxZA8yI\/AAAAAAAAGNk\/_e9ILOza3kc\/w370-h246-no\/-1-%2Bdjathtas.jpg","contentUrl":"https:\/\/lh4.googleusercontent.com\/-_hcM9eL0ofE\/VIlSNxZA8yI\/AAAAAAAAGNk\/_e9ILOza3kc\/w370-h246-no\/-1-%2Bdjathtas.jpg"},{"@type":"BreadcrumbList","@id":"https:\/\/orthodoxalbania.org\/2020\/2007\/02\/26\/kremtimi-i-javes-se-shenjte-ne-tirane-2007\/#breadcrumb","itemListElement":[{"@type":"ListItem","position":1,"name":"Home","item":"https:\/\/orthodoxalbania.org\/2020\/"},{"@type":"ListItem","position":2,"name":"Kremtimi i Jav\u00ebs s\u00eb Shenjt\u00eb n\u00eb Tiran\u00eb 2007"}]},{"@type":"WebSite","@id":"https:\/\/orthodoxalbania.org\/2020\/#website","url":"https:\/\/orthodoxalbania.org\/2020\/","name":"Kisha Orthodh\u03bfkse Autoqefale e Shqip\u00ebris\u00eb","description":"Fqja Zyrtare e Kish\u00ebs Orthodhokse Autoqefale e Shqip\u00ebris\u00eb me lajmet edhe informacionet zyrtare p\u00ebr struktur\u00ebn edhe veprimtarin e saj.","publisher":{"@id":"https:\/\/orthodoxalbania.org\/2020\/#organization"},"potentialAction":[{"@type":"SearchAction","target":{"@type":"EntryPoint","urlTemplate":"https:\/\/orthodoxalbania.org\/2020\/?s={search_term_string}"},"query-input":{"@type":"PropertyValueSpecification","valueRequired":true,"valueName":"search_term_string"}}],"inLanguage":"en-US"},{"@type":"Organization","@id":"https:\/\/orthodoxalbania.org\/2020\/#organization","name":"Kisha Orthodhokse Autoqefale e Shqip\u00ebris\u00eb","url":"https:\/\/orthodoxalbania.org\/2020\/","logo":{"@type":"ImageObject","inLanguage":"en-US","@id":"https:\/\/orthodoxalbania.org\/2020\/#\/schema\/logo\/image\/","url":"https:\/\/orthodoxalbania.org\/2020\/wp-content\/uploads\/2020\/05\/albania.jpeg","contentUrl":"https:\/\/orthodoxalbania.org\/2020\/wp-content\/uploads\/2020\/05\/albania.jpeg","width":540,"height":540,"caption":"Kisha Orthodhokse Autoqefale e Shqip\u00ebris\u00eb"},"image":{"@id":"https:\/\/orthodoxalbania.org\/2020\/#\/schema\/logo\/image\/"},"sameAs":["https:\/\/www.facebook.com\/koash1991"]},{"@type":"Person","@id":"https:\/\/orthodoxalbania.org\/2020\/#\/schema\/person\/0c387634a7063ac612d7ed9ce71c7e86","name":"Kisha Orthodhokse","image":{"@type":"ImageObject","inLanguage":"en-US","@id":"https:\/\/secure.gravatar.com\/avatar\/596e7c417251e30f2fbb9c00e026fce61a695a00e51c889caded71c96cbbdde5?s=96&d=mm&r=g","url":"https:\/\/secure.gravatar.com\/avatar\/596e7c417251e30f2fbb9c00e026fce61a695a00e51c889caded71c96cbbdde5?s=96&d=mm&r=g","contentUrl":"https:\/\/secure.gravatar.com\/avatar\/596e7c417251e30f2fbb9c00e026fce61a695a00e51c889caded71c96cbbdde5?s=96&d=mm&r=g","caption":"Kisha Orthodhokse"}}]}},"_links":{"self":[{"href":"https:\/\/orthodoxalbania.org\/2020\/wp-json\/wp\/v2\/posts\/785","targetHints":{"allow":["GET"]}}],"collection":[{"href":"https:\/\/orthodoxalbania.org\/2020\/wp-json\/wp\/v2\/posts"}],"about":[{"href":"https:\/\/orthodoxalbania.org\/2020\/wp-json\/wp\/v2\/types\/post"}],"author":[{"embeddable":true,"href":"https:\/\/orthodoxalbania.org\/2020\/wp-json\/wp\/v2\/users\/1"}],"replies":[{"embeddable":true,"href":"https:\/\/orthodoxalbania.org\/2020\/wp-json\/wp\/v2\/comments?post=785"}],"version-history":[{"count":1,"href":"https:\/\/orthodoxalbania.org\/2020\/wp-json\/wp\/v2\/posts\/785\/revisions"}],"predecessor-version":[{"id":15724,"href":"https:\/\/orthodoxalbania.org\/2020\/wp-json\/wp\/v2\/posts\/785\/revisions\/15724"}],"wp:attachment":[{"href":"https:\/\/orthodoxalbania.org\/2020\/wp-json\/wp\/v2\/media?parent=785"}],"wp:term":[{"taxonomy":"category","embeddable":true,"href":"https:\/\/orthodoxalbania.org\/2020\/wp-json\/wp\/v2\/categories?post=785"},{"taxonomy":"post_tag","embeddable":true,"href":"https:\/\/orthodoxalbania.org\/2020\/wp-json\/wp\/v2\/tags?post=785"}],"curies":[{"name":"wp","href":"https:\/\/api.w.org\/{rel}","templated":true}]}}