{"id":784,"date":"2007-02-26T00:00:00","date_gmt":"2007-02-26T00:00:00","guid":{"rendered":""},"modified":"2020-04-06T22:35:36","modified_gmt":"2020-04-06T20:35:36","slug":"kremtimi-i-javes-se-shenjte-ne-korce-prill-07","status":"publish","type":"post","link":"https:\/\/orthodoxalbania.org\/2020\/2007\/02\/26\/kremtimi-i-javes-se-shenjte-ne-korce-prill-07\/","title":{"rendered":"Kremtimi i Jav\u00ebs s\u00eb Shenjt\u00eb n\u00eb Kor\u00e7\u00eb. (Prill 2007)"},"content":{"rendered":"<div style=\"text-align: justify;\"><span style=\"color: #000000;\"><span style=\"font-family: tahoma,geneva,sans-serif;\"><span style=\"font-size: 12px;\"><img class=\"lazyload\" decoding=\"async\" style=\"width: 300px; height: 449px; margin: 10px; float: left; border-width: 1px; border-style: solid;\" alt=\"\" src=\"data:image\/gif;base64,R0lGODlhAQABAAAAACH5BAEKAAEALAAAAAABAAEAAAICTAEAOw==\" data-orig-src=\"https:\/\/lh6.googleusercontent.com\/-ktR1JiJmewY\/UeOuppccsTI\/AAAAAAAAFsA\/LRU5htv_xWg\/s400\/ko1.jpg\" \/>&nbsp;&nbsp;&nbsp; Atmosfera e Pashk\u00ebs filloi t\u00eb ndihej me intensivisht q\u00eb nga e Diela e Dafinave, dit\u00eb e cila sh\u00ebnon dhe fillimin e Jav\u00ebs s\u00eb Madhe t\u00eb p\u00ebsimeve shp\u00ebtimtare. Kjo atmosfer\u00eb n\u00eb qytetin e Kor\u00e7\u00ebs shprehej jo vet\u00ebm n\u00eb zbukurimin e objekteve t\u00eb kultit, dhe intensitetin e lutjeve dhe sh\u00ebrbesave kishtare, por edhe banderolat me urime paskale n\u00eb rrug\u00ebt e qytetit demonstronin nj\u00eb atmosfer\u00eb festive. Sh\u00ebrbesat kishtare u zhvilluan n\u00eb t\u00eb gjitha kishat e qytetit dhe u ndoq\u00ebn nga besimtar\u00eb t\u00eb shumt\u00eb.<br \/> <\/span><\/span><\/span><\/div>\n<div style=\"text-align: justify;\">&nbsp;<\/div>\n<div style=\"text-align: justify;\"><span style=\"color: #000000;\"><span style=\"font-family: tahoma,geneva,sans-serif;\"><span style=\"font-size: 12px;\">&nbsp;&nbsp;&nbsp; T\u00eb mart\u00ebn n\u00eb sh\u00ebrbes\u00ebn e tret\u00eb t\u00eb Dh\u00ebndrit Mitropoliti i Kor\u00e7\u00ebs Hir\u00ebsia e Tij Imzot Joani, foli p\u00ebr r\u00ebnd\u00ebsin\u00eb liturgjike t\u00eb k\u00ebsaj jave dhe p\u00ebr p\u00ebrjetimin e saj. Ai shpjegoi se krishterimi \u00ebsht\u00eb nj\u00eb m\u00ebnyr\u00eb t\u00eb jetuari dhe jo nj\u00eb m\u00ebnyr\u00eb t\u00eb menduari dhe ky p\u00ebrjetim mund t\u00eb arrihet vet\u00ebm n\u00ebp\u00ebrmjet pastrimit t\u00eb zemr\u00ebs: N\u00eb Kish\u00ebn e vjet\u00ebr ishte nj\u00eb karakteristik\u00eb q\u00eb misteret nuk u shpjegoheshin katikumen\u00ebve, vet\u00ebm mbas pag\u00ebzimit fillonte dhe shpjegohej misteri. Ndoshta njer\u00ebzve sot mund t\u2019iu duket pak e habitshme, p\u00ebrse nuk u flitej rreth mistereve katikumen\u00ebve. Kjo, sepse Kisha e vjet\u00ebr besonte fort q\u00eb Ungjilli dhe Krishterimi, \u00ebsht\u00eb nj\u00eb m\u00ebnyr\u00eb t\u00eb jetuari, nuk \u00ebsht\u00eb nj\u00eb filozofi q\u00eb mund t\u00eb shpjegohet dhe t\u00eb kuptohet vet\u00ebm me arsye. Duhej t\u00eb zbriste n\u00eb shpirt hiri i Shpirtit t\u00eb Shenjt\u00eb q\u00eb mendja t\u00eb ndri\u00e7ohej dhe t\u00eb kuptonte mbi misteret. Jo m\u00eb kot Kisha gjat\u00eb 40 dit\u00ebve e paraprin Jav\u00ebn e Madhe me nj\u00eb agj\u00ebrim dhe me lutje, pik\u00ebrisht p\u00ebr t\u00eb na b\u00ebr\u00eb ne t\u00eb denj\u00eb q\u00eb t\u00eb kapim misteret shpirt\u00ebrore t\u00eb m\u00ebdha, sepse pa u thyer korja e zemr\u00ebs edhe shpirtit, nuk mund t\u00eb zbres\u00eb dot hiri i Shpirtit t\u00eb Shenjt\u00eb, dhe n\u00ebse ne do t\u00eb vijm\u00eb t\u00eb penduar dhe hiri i Shpirtit t\u00eb Shenjt\u00eb do t\u00eb ket\u00eb zbritur mbi zemr\u00ebn dhe shpirtin ton\u00eb at\u00ebher\u00eb dhe zemra dhe shpirti do t\u00eb jen\u00eb t\u00eb but\u00eb. Duke u zbutur shpirti sado t\u00eb duket e habitshme p\u00ebr racionalist\u00ebt edhe mendja ndri\u00e7ohet. Jo m\u00eb kot feja e ka vendosur zemr\u00ebn si qendr\u00ebn e njeriut, zemra mund t\u00eb kuptoj\u00eb gj\u00ebra q\u00eb mendja nuk mund t\u2019i kuptoj\u00eb dot kurr\u00eb. Shpirti i njeriut \u00ebsht\u00eb mendja m\u00eb e lart\u00eb, jo m\u00eb kot fuqit\u00eb shpirt\u00ebrore n\u00eb Kish\u00ebn e vjet\u00ebr, quheshin fuqit\u00eb e arsyeshme, p\u00ebr t\u00eb th\u00ebn\u00eb se nj\u00eb arsye e v\u00ebrtet\u00eb \u00ebsht\u00eb nj\u00eb fuqi shpirt\u00ebrore. N\u00ebse ne do t\u00eb b\u00ebhemi qenie shpirt\u00ebrore t\u00eb v\u00ebrteta at\u00ebher\u00eb edhe mendja jon\u00eb do t\u00eb jet\u00eb e kthjell\u00ebt dhe do t\u00eb kuptoj\u00eb. Ne kemi nj\u00eb mendje q\u00eb kupton vet\u00ebm nga ana e jashtme, nj\u00eb mendje q\u00eb kupton vet\u00ebm me prova dhe shpjegime dhe nuk mund t\u00eb kap\u00eb dot shpeshher\u00eb misteret e shenjta t\u00eb Kish\u00ebs, sepse q\u00eb t\u00eb kuptohen k\u00ebto mistere duhet t\u00eb ndodh\u00eb procesi i pendimit, i kthimit dhe i afrimit me Per\u00ebndin\u00eb.<br \/> <\/span><\/span><\/span><\/div>\n<div style=\"text-align: justify;\">&nbsp;<\/div>\n<div style=\"text-align: justify;\"><span style=\"color: #000000;\"><span style=\"font-family: tahoma,geneva,sans-serif;\"><span style=\"font-size: 12px;\">&nbsp;&nbsp;&nbsp; Ne e kemi p\u00ebrmendur shum\u00eb her\u00eb q\u00eb fjal\u00ebt e Ungjillit nuk jan\u00eb fjal\u00eb t\u00eb kota, n\u00eb vetvete ato kan\u00eb nj\u00eb fuqi. Asnj\u00eb fjal\u00eb e th\u00ebn\u00eb nga Per\u00ebndia, nuk \u00ebsht\u00eb nj\u00eb fjal\u00eb e kot\u00eb, fjala \u00ebsht\u00eb nj\u00eb fuqi n\u00eb vetvete. Ky \u00ebsht\u00eb dhe shpjegimi q\u00eb ka b\u00ebr\u00eb edhe Sh\u00ebn Pavli, q\u00eb fjal\u00ebt e Ungjillit, kan\u00eb fuqi n\u00eb vetvete dhe kjo fuqi \u00ebsht\u00eb nj\u00eb fuqi transformuese, n\u00ebse ato do t\u00eb hyjn\u00eb n\u00eb shpirt ato do t\u00eb japin fruta, n\u00ebse ato do t\u00eb gjejn\u00eb nj\u00eb tok\u00eb t\u00eb mir\u00eb, fara e fjal\u00ebs s\u00eb Ungjillit do t\u00eb mbij\u00eb dhe do t\u00eb jap\u00eb shum\u00eb fruta dhe ata q\u00eb do t\u00eb g\u00ebzohen m\u00eb shum\u00eb nga frutat do t\u00eb jemi pik\u00ebrisht ne, sepse ato fruta Per\u00ebndia i ka p\u00ebrgatitur p\u00ebr ne. Ungjilli ka fuqin\u00eb e madhe p\u00ebr t\u00eb transmetuar t\u00eb v\u00ebrteta q\u00eb \u00ebsht\u00eb shum\u00eb e v\u00ebshtir\u00eb t\u00eb transmetohen me an\u00eb t\u00eb mendjes, prandaj edhe shenjtor\u00ebt duke jetuar nj\u00eb jet\u00eb t\u00eb krishter\u00eb, arrit\u00ebn t\u00eb kishin nj\u00eb mendje t\u00eb ndritur dhe jo m\u00eb kot thuhet n\u00eb Ungjill \u201cLum zem\u00ebrpastrit se do t\u00eb shohin Per\u00ebndin\u00eb.\u201d Nuk thot\u00eb mendjendriturit, por zem\u00ebrpastrit, sepse past\u00ebrtia e zemr\u00ebs do t\u00eb sjell\u00eb edhe ndri\u00e7imin e zemr\u00ebs dhe t\u00eb mendjes.<br \/> <\/span><\/span><\/span><\/div>\n<div style=\"text-align: justify;\">&nbsp;<\/div>\n<div style=\"text-align: justify;\"><span style=\"color: #000000;\"><span style=\"font-family: tahoma,geneva,sans-serif;\"><span style=\"font-size: 12px;\">&nbsp;&nbsp;&nbsp; Prandaj t\u00eb dashur motra dhe v\u00ebllez\u00ebr n\u00eb k\u00ebto dit\u00eb t\u00eb Jav\u00ebs s\u00eb Madhe kur jetohet n\u00eb m\u00ebnyr\u00eb intensive, jeta e Krishtit, kur ne e sjellim para syve tan\u00eb dhe e p\u00ebrjetojm\u00eb edhe ne gjith\u00eb p\u00ebsimin shp\u00ebtimtar t\u00eb Zotit dhe Per\u00ebndis\u00eb ton\u00eb Jisu Krisht, gjithsekush le t\u00eb mendoj\u00eb pak m\u00eb thell\u00eb p\u00ebr jet\u00ebn e tij shpirt\u00ebrore, le t\u00eb mendoj\u00eb pak m\u00eb thell\u00eb q\u00eb gjithsecili nga ne ka nevoj\u00eb p\u00ebr nj\u00eb ushqim shpirt\u00ebror. Ne nuk mund t\u00eb jetojm\u00eb dot pa Zotin, nj\u00eb jet\u00eb pa Zotin \u00ebsht\u00eb nj\u00eb jet\u00eb e zbraz\u00ebt dhe nj\u00eb jet\u00eb m\u00ebrzie. Nuk mund t\u00eb ket\u00eb g\u00ebzim n\u00eb shpirt, n\u00ebse nuk \u00ebsht\u00eb i pranish\u00ebm Zoti. Le t\u00eb mundohemi q\u00eb t\u2019i d\u00ebgjojm\u00eb pak m\u00eb tep\u00ebr si fjal\u00ebt e Ungjillit, ashtu edhe psalmet dhe troparet p\u00ebr t\u00eb kuptuar pak m\u00eb shum\u00eb, sepse si\u00e7 e thash\u00eb edhe n\u00eb fillim Krishterimi \u00ebsht\u00eb nj\u00eb m\u00ebnyr\u00eb t\u00eb jetuari dhe jo nj\u00eb m\u00ebnyr\u00eb t\u00eb menduari. N\u00ebse ne nuk e p\u00ebrjetojm\u00eb Ungjillin ai do t\u00eb mbetet gjithmon\u00eb nj\u00eb lib\u00ebr i mbyllur. Le t\u2019i lutemi Zotit q\u00eb t\u00eb derdh\u00eb mbi shpirtrat tan\u00eb, hirin e Shpirtit t\u00eb Shenjt\u00eb p\u00ebr t\u00eb na b\u00ebr\u00eb t\u00eb aft\u00eb q\u00eb t\u00eb kuptojm\u00eb misteret dhe shkrimin e Tij. Amin.\u201d<br \/> <\/span><\/span><\/span><\/div>\n<div style=\"text-align: justify;\">&nbsp;<\/div>\n<div style=\"text-align: justify;\"><span style=\"color: #000000;\"><span style=\"font-family: tahoma,geneva,sans-serif;\"><span style=\"font-size: 12px;\">&nbsp;&nbsp;&nbsp; M\u00eb intensive pjes\u00ebmarrja u b\u00eb t\u00eb M\u00ebrkur\u00ebn e Madhe n\u00eb mbr\u00ebmje, ku si\u00e7 \u00ebsht\u00eb b\u00ebr\u00eb tashm\u00eb tradit\u00eb t\u00eb gjith\u00eb besimtar\u00ebt u mblodh\u00ebn n\u00eb katedralen e Burimit Jet\u00ebdh\u00ebn\u00ebs dhe ndoq\u00ebn Sh\u00ebrbes\u00ebn e Efqelis\u00eb, e cila u celebrua nga Imzot Joani, kjo sh\u00ebrbes\u00eb monoklise u mbyll me vajosjen e shenjt\u00eb t\u00eb besimtar\u00ebve. <\/span><\/span><\/span><\/div>\n<div style=\"text-align: justify;\">&nbsp;<\/div>\n<div style=\"text-align: justify;\"><span style=\"color: #000000;\"><span style=\"font-family: tahoma,geneva,sans-serif;\"><span style=\"font-size: 12px;\">T\u00eb Enjten e Madhe sh\u00ebrbesat vazhduan n\u00eb t\u00eb gjitha kishat. Nd\u00ebrsa n\u00eb or\u00ebt e mbr\u00ebmjes, sipas tipikos\u00eb t\u00eb dit\u00ebs Zoti i varur mbi kryq u vendos n\u00eb mes t\u00eb kish\u00ebs dhe ku mij\u00ebra njer\u00ebz u p\u00ebrgjunj\u00ebn p\u00ebrpara t\u00eb Kryq\u00ebzuarit.<br \/> <\/span><\/span><\/span><\/div>\n<div style=\"text-align: justify;\">&nbsp;<\/div>\n<div style=\"text-align: justify;\"><span style=\"color: #000000;\"><span style=\"font-family: tahoma,geneva,sans-serif;\"><span style=\"font-size: 12px;\">&nbsp;&nbsp;&nbsp; Dita e premte n\u00eb m\u00ebngjes filloi me sh\u00ebrbes\u00ebn e zbritjes s\u00eb Zotit nga kryqi. Menj\u00ebher\u00eb pas k\u00ebtij momenti tingujt e kambanave filluan t\u00eb p\u00ebrshkojn\u00eb vajtuesh\u00ebm qytetin. P\u00ebrs\u00ebri mij\u00ebra njer\u00ebz u fal\u00ebn p\u00ebrpara Epitafit t\u00eb Zotit. Zhvillimet e k\u00ebsaj dite mbartin me vete edhe nj\u00eb tradit\u00eb e cila nuk dihet kur dhe si i ka fillesat. T\u00eb gjith\u00eb shkojn\u00eb dhe p\u00ebrsh\u00ebndoshin Epitafin n\u00eb t\u00eb gjitha kishat n\u00eb shenj\u00eb mir\u00ebnjohjeje dhe fal\u00ebnderimi p\u00ebr sakrific\u00ebn sublime q\u00eb Zoti Jisu Krisht b\u00ebri p\u00ebr njer\u00ebzimin. Kjo tradit\u00eb b\u00ebn q\u00eb n\u00eb rrug\u00ebt e qytetit njer\u00ebzit t\u00eb mos rreshtin gjat\u00eb gjith\u00eb dit\u00ebs, ndon\u00ebse n\u00eb tonet e natyrshme vajtuese. Mbasditja e s\u00eb premtes mblodhi p\u00ebrs\u00ebri besimtar\u00ebt n\u00eb kishat e enorive t\u00eb tyre, ku pas Vajtimeve t\u00eb P\u00ebrmbivarrshme n\u00eb or\u00ebn 18:45 u b\u00eb takimi i pes\u00eb Epitafeve t\u00eb t\u00eb gjitha kishave. M\u00eb pas procesioni vazhdoi, banda e qytetit shoq\u00ebronte Epitafet me marshe funebre dhe n\u00ebn melodin\u00eb e stanc\u00ebs s\u00eb tret\u00eb t\u00eb vajtimeve. Procesion i cili u ndoq nga mij\u00ebra njer\u00ebz t\u00eb cil\u00ebt shoq\u00ebronin nga pas kortezhin p\u00ebrgjat\u00eb l\u00ebvizjes s\u00eb tij n\u00eb unaz\u00ebn e vog\u00ebl t\u00eb qytetit. K\u00ebshtu duke u kthyer p\u00ebrs\u00ebri n\u00eb kishat p\u00ebrkat\u00ebse u mbyll kjo dit\u00eb vajtimi dhe g\u00ebzimi, ku Ngjallja kalon nga Kryqi dhe jeta nga vdekja.<\/span><\/span><\/span><\/div>\n<div style=\"text-align: justify;\"><span style=\"color: #000000;\"><span style=\"font-family: tahoma,geneva,sans-serif;\"><span style=\"font-size: 12px;\">Kulmi i festimeve arriti natyrsh\u00ebm n\u00eb mesnat\u00ebn e s\u00eb shtun\u00ebs. Mitropoliti i Kor\u00e7\u00ebs, Hir\u00ebsia e Tij, Imzot Joani shpalli lajmin e g\u00ebzuar dhe triumfal t\u00eb Ngjalljes dhe tha n\u00eb&nbsp; urimin e tij:<br \/> <\/span><\/span><\/span><\/div>\n<div style=\"text-align: justify;\">&nbsp;<\/div>\n<div style=\"text-align: justify;\"><span style=\"color: #000000;\"><span style=\"font-family: tahoma,geneva,sans-serif;\"><span style=\"font-size: 12px;\">&nbsp;&nbsp;&nbsp; \u201cP\u00ebr k\u00ebt\u00eb arsye Kisha na fton t\u00eb marrim pjes\u00eb n\u00eb drit\u00ebn e Ngjalljes s\u00eb Krishtit, p\u00ebr t\u00eb p\u00ebrjetuar g\u00ebzimin q\u00eb vjen nga kjo drit\u00eb. Ajo na fton ta p\u00ebrjetojm\u00eb Ngjalljen e Zotit, sepse vet\u00ebm n\u00ebp\u00ebrmjet k\u00ebtij p\u00ebrjetimi ne mund t\u00eb ndiejm\u00eb g\u00ebzimin e gjall\u00eb dhe ngaz\u00ebllimin e pap\u00ebrshkruar t\u00eb k\u00ebsaj ngjarje, q\u00eb \u00ebsht\u00eb dhurata m\u00eb e madhe q\u00eb Per\u00ebndia i ka b\u00ebr\u00eb t\u00eb gjith\u00eb njer\u00ebzve n\u00ebp\u00ebrmjet Jisu Krishtit.<br \/> <\/span><\/span><\/span><\/div>\n<div style=\"text-align: justify;\">&nbsp;<\/div>\n<div style=\"text-align: justify;\"><span style=\"color: #000000;\"><span style=\"font-family: tahoma,geneva,sans-serif;\"><span style=\"font-size: 12px;\">&nbsp;&nbsp;&nbsp; Duke u ngjallur s\u00eb vdekurish Zoti hapi rrug\u00ebn e \u00e7lirimit, duke mund\u00ebsuar realisht shpres\u00ebn p\u00ebr mundjen e vdekjes p\u00ebr t\u00eb gjith\u00eb ne. Duke mundur vdekjen na aft\u00ebsoi t\u00eb mundim frik\u00ebn dhe d\u00ebshp\u00ebrimin dhe t\u2019i japim k\u00ebshtu jet\u00ebs son\u00eb shpres\u00eb, kuptim dhe g\u00ebzim.<br \/> <\/span><\/span><\/span><\/div>\n<div style=\"text-align: justify;\">&nbsp;<\/div>\n<div style=\"text-align: justify;\"><span style=\"color: #000000;\"><span style=\"font-family: tahoma,geneva,sans-serif;\"><span style=\"font-size: 12px;\">&nbsp;&nbsp;&nbsp; N\u00eb k\u00ebt\u00eb dit\u00eb t\u00eb shenjt\u00eb do t\u00eb doja t\u2019i p\u00ebrsh\u00ebndes t\u00eb gjith\u00eb me lajmin e g\u00ebzuar se Krishti u Ngjall!\u201d Fitorja e Zotit t\u00eb ngjallur mbi vdekjen \u00ebsht\u00eb fitore e cila i prek t\u00eb gjith\u00eb pa p\u00ebrjashtim, sepse Zoti me ngjalljen e tij mundi vdekjen armikun e p\u00ebrbashk\u00ebt t\u00eb njer\u00ebzimit dhe na dha t\u00eb gjith\u00ebve mund\u00ebsin\u00eb t\u00eb triumfojm\u00eb mbi vdekjen n\u00ebp\u00ebrmjet tij.<br \/> <\/span><\/span><\/span><\/div>\n<div style=\"text-align: justify;\">&nbsp;<\/div>\n<div style=\"text-align: justify;\"><span style=\"color: #000000;\"><span style=\"font-family: tahoma,geneva,sans-serif;\"><span style=\"font-size: 12px;\">&nbsp;&nbsp;&nbsp; Dit\u00ebn e diel n\u00eb ora 10:00 sikund\u00ebr \u00ebsht\u00eb tradit\u00eb u celebrua Mbr\u00ebm\u00ebsorja e Dashuris\u00eb, e cila n\u00eb Kor\u00e7\u00eb \u00ebsht\u00eb nj\u00eb sh\u00ebrbes\u00eb monoklise dhe kryhet gjithmon\u00eb n\u00eb kish\u00ebn e Burimit Jet\u00ebdh\u00ebn\u00ebs. M\u00eb pas nga ballkoni I Selis\u00eb s\u00eb Mitropolis\u00eb s\u00eb Shenjt\u00eb t\u00eb Kor\u00e7\u00ebs Hir\u00ebsia e Tij Imzot Joani si\u00e7 \u00ebsht\u00eb tradit\u00eb shpalli p\u00ebrs\u00ebri lajmin e Ngjalljes q\u00eb nga kor\u00e7ar\u00ebt njihet me emrin Dhefteri Anastasi Ngjallja e dyt\u00eb. K\u00ebshtu n\u00eb vazhdim n\u00eb Selin\u00eb e Mitropolis\u00eb u prit\u00ebn vizita me rastin e Pashk\u00ebs. Mor\u00ebn pjes\u00eb pushtetar\u00ebt lokal\u00eb, njer\u00ebz t\u00eb artit dhe kultur\u00ebs, personalitete t\u00eb bot\u00ebs akademike edhe qindra besimtar\u00eb, t\u00eb cil\u00ebt me urimin Krishti u Ngjall, mor\u00ebn dhe bekimet at\u00ebrore t\u00eb Mitropolitit Joan. Gjith\u00e7ka ishte e mbushur me urimin Krishti u Ngjall!<\/p>\n<p> &nbsp;<br \/> <strong>Mihal Sonellari<\/strong><\/span><\/span><\/span><\/div>\n","protected":false},"excerpt":{"rendered":"<p>&nbsp;&nbsp;&nbsp; Atmosfera e Pashk\u00ebs filloi t\u00eb ndihej me intensivisht q\u00eb nga e Diela e Dafinave, dit\u00eb e cila sh\u00ebnon dhe fillimin e Jav\u00ebs s\u00eb Madhe t\u00eb p\u00ebsimeve shp\u00ebtimtare. Kjo atmosfer\u00eb n\u00eb qytetin e Kor\u00e7\u00ebs shprehej jo vet\u00ebm n\u00eb zbukurimin e objekteve t\u00eb kultit, dhe intensitetin e lutjeve dhe sh\u00ebrbesave kishtare, por edhe banderolat me urime paskale n\u00eb rrug\u00ebt e qytetit demonstronin nj\u00eb atmosfer\u00eb festive. Sh\u00ebrbesat<\/p>\n","protected":false},"author":1,"featured_media":0,"comment_status":"open","ping_status":"open","sticky":false,"template":"","format":"standard","meta":{"_acf_changed":false,"pagelayer_contact_templates":[],"_pagelayer_content":"","inline_featured_image":false,"fifu_image_url":"","fifu_image_alt":"","footnotes":""},"categories":[108],"tags":[147,212,181,189],"class_list":["post-784","post","type-post","status-publish","format-standard","hentry","category-lajme","tag-147","tag-lajme-d27","tag-korce","tag-pashke-2014"],"acf":[],"yoast_head":"<!-- This site is optimized with the Yoast SEO plugin v27.2 - https:\/\/yoast.com\/product\/yoast-seo-wordpress\/ -->\n<title>Kremtimi i Jav\u00ebs s\u00eb Shenjt\u00eb n\u00eb Kor\u00e7\u00eb. (Prill 2007) - Kisha Orthodh\u03bfkse Autoqefale e Shqip\u00ebris\u00eb<\/title>\n<meta name=\"robots\" content=\"index, follow, max-snippet:-1, max-image-preview:large, max-video-preview:-1\" \/>\n<link rel=\"canonical\" href=\"https:\/\/orthodoxalbania.org\/2020\/2007\/02\/26\/kremtimi-i-javes-se-shenjte-ne-korce-prill-07\/\" \/>\n<meta property=\"og:locale\" content=\"en_US\" \/>\n<meta property=\"og:type\" content=\"article\" \/>\n<meta property=\"og:title\" content=\"Kremtimi i Jav\u00ebs s\u00eb Shenjt\u00eb n\u00eb Kor\u00e7\u00eb. (Prill 2007) - Kisha Orthodh\u03bfkse Autoqefale e Shqip\u00ebris\u00eb\" \/>\n<meta property=\"og:description\" content=\"&nbsp;&nbsp;&nbsp; Atmosfera e Pashk\u00ebs filloi t\u00eb ndihej me intensivisht q\u00eb nga e Diela e Dafinave, dit\u00eb e cila sh\u00ebnon dhe fillimin e Jav\u00ebs s\u00eb Madhe t\u00eb p\u00ebsimeve shp\u00ebtimtare. Kjo atmosfer\u00eb n\u00eb qytetin e Kor\u00e7\u00ebs shprehej jo vet\u00ebm n\u00eb zbukurimin e objekteve t\u00eb kultit, dhe intensitetin e lutjeve dhe sh\u00ebrbesave kishtare, por edhe banderolat me urime paskale n\u00eb rrug\u00ebt e qytetit demonstronin nj\u00eb atmosfer\u00eb festive. Sh\u00ebrbesat\" \/>\n<meta property=\"og:url\" content=\"https:\/\/orthodoxalbania.org\/2020\/2007\/02\/26\/kremtimi-i-javes-se-shenjte-ne-korce-prill-07\/\" \/>\n<meta property=\"og:site_name\" content=\"Kisha Orthodh\u03bfkse Autoqefale e Shqip\u00ebris\u00eb\" \/>\n<meta property=\"article:publisher\" content=\"https:\/\/www.facebook.com\/koash1991\" \/>\n<meta property=\"article:published_time\" content=\"2007-02-26T00:00:00+00:00\" \/>\n<meta property=\"article:modified_time\" content=\"2020-04-06T20:35:36+00:00\" \/>\n<meta property=\"og:image\" content=\"https:\/\/lh6.googleusercontent.com\/-ktR1JiJmewY\/UeOuppccsTI\/AAAAAAAAFsA\/LRU5htv_xWg\/s400\/ko1.jpg\" \/>\n<meta name=\"author\" content=\"Kisha Orthodhokse\" \/>\n<meta name=\"twitter:card\" content=\"summary_large_image\" \/>\n<meta name=\"twitter:label1\" content=\"Written by\" \/>\n\t<meta name=\"twitter:data1\" content=\"Kisha Orthodhokse\" \/>\n\t<meta name=\"twitter:label2\" content=\"Est. reading time\" \/>\n\t<meta name=\"twitter:data2\" content=\"9 minutes\" \/>\n<script type=\"application\/ld+json\" class=\"yoast-schema-graph\">{\"@context\":\"https:\/\/schema.org\",\"@graph\":[{\"@type\":\"Article\",\"@id\":\"https:\/\/orthodoxalbania.org\/2020\/2007\/02\/26\/kremtimi-i-javes-se-shenjte-ne-korce-prill-07\/#article\",\"isPartOf\":{\"@id\":\"https:\/\/orthodoxalbania.org\/2020\/2007\/02\/26\/kremtimi-i-javes-se-shenjte-ne-korce-prill-07\/\"},\"author\":{\"name\":\"Kisha Orthodhokse\",\"@id\":\"https:\/\/orthodoxalbania.org\/2020\/#\/schema\/person\/0c387634a7063ac612d7ed9ce71c7e86\"},\"headline\":\"Kremtimi i Jav\u00ebs s\u00eb Shenjt\u00eb n\u00eb Kor\u00e7\u00eb. (Prill 2007)\",\"datePublished\":\"2007-02-26T00:00:00+00:00\",\"dateModified\":\"2020-04-06T20:35:36+00:00\",\"mainEntityOfPage\":{\"@id\":\"https:\/\/orthodoxalbania.org\/2020\/2007\/02\/26\/kremtimi-i-javes-se-shenjte-ne-korce-prill-07\/\"},\"wordCount\":1794,\"commentCount\":0,\"publisher\":{\"@id\":\"https:\/\/orthodoxalbania.org\/2020\/#organization\"},\"image\":{\"@id\":\"https:\/\/orthodoxalbania.org\/2020\/2007\/02\/26\/kremtimi-i-javes-se-shenjte-ne-korce-prill-07\/#primaryimage\"},\"thumbnailUrl\":\"https:\/\/lh6.googleusercontent.com\/-ktR1JiJmewY\/UeOuppccsTI\/AAAAAAAAFsA\/LRU5htv_xWg\/s400\/ko1.jpg\",\"keywords\":[\"2007\",\"lajme\",\"Mitropolia Kor\u00e7\u00eb\",\"Pashk\u00eb\"],\"articleSection\":[\"Lajme\"],\"inLanguage\":\"en-US\"},{\"@type\":\"WebPage\",\"@id\":\"https:\/\/orthodoxalbania.org\/2020\/2007\/02\/26\/kremtimi-i-javes-se-shenjte-ne-korce-prill-07\/\",\"url\":\"https:\/\/orthodoxalbania.org\/2020\/2007\/02\/26\/kremtimi-i-javes-se-shenjte-ne-korce-prill-07\/\",\"name\":\"Kremtimi i Jav\u00ebs s\u00eb Shenjt\u00eb n\u00eb Kor\u00e7\u00eb. (Prill 2007) - Kisha Orthodh\u03bfkse Autoqefale e Shqip\u00ebris\u00eb\",\"isPartOf\":{\"@id\":\"https:\/\/orthodoxalbania.org\/2020\/#website\"},\"primaryImageOfPage\":{\"@id\":\"https:\/\/orthodoxalbania.org\/2020\/2007\/02\/26\/kremtimi-i-javes-se-shenjte-ne-korce-prill-07\/#primaryimage\"},\"image\":{\"@id\":\"https:\/\/orthodoxalbania.org\/2020\/2007\/02\/26\/kremtimi-i-javes-se-shenjte-ne-korce-prill-07\/#primaryimage\"},\"thumbnailUrl\":\"https:\/\/lh6.googleusercontent.com\/-ktR1JiJmewY\/UeOuppccsTI\/AAAAAAAAFsA\/LRU5htv_xWg\/s400\/ko1.jpg\",\"datePublished\":\"2007-02-26T00:00:00+00:00\",\"dateModified\":\"2020-04-06T20:35:36+00:00\",\"breadcrumb\":{\"@id\":\"https:\/\/orthodoxalbania.org\/2020\/2007\/02\/26\/kremtimi-i-javes-se-shenjte-ne-korce-prill-07\/#breadcrumb\"},\"inLanguage\":\"en-US\",\"potentialAction\":[{\"@type\":\"ReadAction\",\"target\":[\"https:\/\/orthodoxalbania.org\/2020\/2007\/02\/26\/kremtimi-i-javes-se-shenjte-ne-korce-prill-07\/\"]}]},{\"@type\":\"ImageObject\",\"inLanguage\":\"en-US\",\"@id\":\"https:\/\/orthodoxalbania.org\/2020\/2007\/02\/26\/kremtimi-i-javes-se-shenjte-ne-korce-prill-07\/#primaryimage\",\"url\":\"https:\/\/lh6.googleusercontent.com\/-ktR1JiJmewY\/UeOuppccsTI\/AAAAAAAAFsA\/LRU5htv_xWg\/s400\/ko1.jpg\",\"contentUrl\":\"https:\/\/lh6.googleusercontent.com\/-ktR1JiJmewY\/UeOuppccsTI\/AAAAAAAAFsA\/LRU5htv_xWg\/s400\/ko1.jpg\"},{\"@type\":\"BreadcrumbList\",\"@id\":\"https:\/\/orthodoxalbania.org\/2020\/2007\/02\/26\/kremtimi-i-javes-se-shenjte-ne-korce-prill-07\/#breadcrumb\",\"itemListElement\":[{\"@type\":\"ListItem\",\"position\":1,\"name\":\"Home\",\"item\":\"https:\/\/orthodoxalbania.org\/2020\/\"},{\"@type\":\"ListItem\",\"position\":2,\"name\":\"Kremtimi i Jav\u00ebs s\u00eb Shenjt\u00eb n\u00eb Kor\u00e7\u00eb. (Prill 2007)\"}]},{\"@type\":\"WebSite\",\"@id\":\"https:\/\/orthodoxalbania.org\/2020\/#website\",\"url\":\"https:\/\/orthodoxalbania.org\/2020\/\",\"name\":\"Kisha Orthodh\u03bfkse Autoqefale e Shqip\u00ebris\u00eb\",\"description\":\"Fqja Zyrtare e Kish\u00ebs Orthodhokse Autoqefale e Shqip\u00ebris\u00eb me lajmet edhe informacionet zyrtare p\u00ebr struktur\u00ebn edhe veprimtarin e saj.\",\"publisher\":{\"@id\":\"https:\/\/orthodoxalbania.org\/2020\/#organization\"},\"potentialAction\":[{\"@type\":\"SearchAction\",\"target\":{\"@type\":\"EntryPoint\",\"urlTemplate\":\"https:\/\/orthodoxalbania.org\/2020\/?s={search_term_string}\"},\"query-input\":{\"@type\":\"PropertyValueSpecification\",\"valueRequired\":true,\"valueName\":\"search_term_string\"}}],\"inLanguage\":\"en-US\"},{\"@type\":\"Organization\",\"@id\":\"https:\/\/orthodoxalbania.org\/2020\/#organization\",\"name\":\"Kisha Orthodhokse Autoqefale e Shqip\u00ebris\u00eb\",\"url\":\"https:\/\/orthodoxalbania.org\/2020\/\",\"logo\":{\"@type\":\"ImageObject\",\"inLanguage\":\"en-US\",\"@id\":\"https:\/\/orthodoxalbania.org\/2020\/#\/schema\/logo\/image\/\",\"url\":\"https:\/\/orthodoxalbania.org\/2020\/wp-content\/uploads\/2020\/05\/albania.jpeg\",\"contentUrl\":\"https:\/\/orthodoxalbania.org\/2020\/wp-content\/uploads\/2020\/05\/albania.jpeg\",\"width\":540,\"height\":540,\"caption\":\"Kisha Orthodhokse Autoqefale e Shqip\u00ebris\u00eb\"},\"image\":{\"@id\":\"https:\/\/orthodoxalbania.org\/2020\/#\/schema\/logo\/image\/\"},\"sameAs\":[\"https:\/\/www.facebook.com\/koash1991\"]},{\"@type\":\"Person\",\"@id\":\"https:\/\/orthodoxalbania.org\/2020\/#\/schema\/person\/0c387634a7063ac612d7ed9ce71c7e86\",\"name\":\"Kisha Orthodhokse\",\"image\":{\"@type\":\"ImageObject\",\"inLanguage\":\"en-US\",\"@id\":\"https:\/\/secure.gravatar.com\/avatar\/596e7c417251e30f2fbb9c00e026fce61a695a00e51c889caded71c96cbbdde5?s=96&d=mm&r=g\",\"url\":\"https:\/\/secure.gravatar.com\/avatar\/596e7c417251e30f2fbb9c00e026fce61a695a00e51c889caded71c96cbbdde5?s=96&d=mm&r=g\",\"contentUrl\":\"https:\/\/secure.gravatar.com\/avatar\/596e7c417251e30f2fbb9c00e026fce61a695a00e51c889caded71c96cbbdde5?s=96&d=mm&r=g\",\"caption\":\"Kisha Orthodhokse\"}}]}<\/script>\n<!-- \/ Yoast SEO plugin. -->","yoast_head_json":{"title":"Kremtimi i Jav\u00ebs s\u00eb Shenjt\u00eb n\u00eb Kor\u00e7\u00eb. (Prill 2007) - Kisha Orthodh\u03bfkse Autoqefale e Shqip\u00ebris\u00eb","robots":{"index":"index","follow":"follow","max-snippet":"max-snippet:-1","max-image-preview":"max-image-preview:large","max-video-preview":"max-video-preview:-1"},"canonical":"https:\/\/orthodoxalbania.org\/2020\/2007\/02\/26\/kremtimi-i-javes-se-shenjte-ne-korce-prill-07\/","og_locale":"en_US","og_type":"article","og_title":"Kremtimi i Jav\u00ebs s\u00eb Shenjt\u00eb n\u00eb Kor\u00e7\u00eb. (Prill 2007) - Kisha Orthodh\u03bfkse Autoqefale e Shqip\u00ebris\u00eb","og_description":"&nbsp;&nbsp;&nbsp; Atmosfera e Pashk\u00ebs filloi t\u00eb ndihej me intensivisht q\u00eb nga e Diela e Dafinave, dit\u00eb e cila sh\u00ebnon dhe fillimin e Jav\u00ebs s\u00eb Madhe t\u00eb p\u00ebsimeve shp\u00ebtimtare. Kjo atmosfer\u00eb n\u00eb qytetin e Kor\u00e7\u00ebs shprehej jo vet\u00ebm n\u00eb zbukurimin e objekteve t\u00eb kultit, dhe intensitetin e lutjeve dhe sh\u00ebrbesave kishtare, por edhe banderolat me urime paskale n\u00eb rrug\u00ebt e qytetit demonstronin nj\u00eb atmosfer\u00eb festive. Sh\u00ebrbesat","og_url":"https:\/\/orthodoxalbania.org\/2020\/2007\/02\/26\/kremtimi-i-javes-se-shenjte-ne-korce-prill-07\/","og_site_name":"Kisha Orthodh\u03bfkse Autoqefale e Shqip\u00ebris\u00eb","article_publisher":"https:\/\/www.facebook.com\/koash1991","article_published_time":"2007-02-26T00:00:00+00:00","article_modified_time":"2020-04-06T20:35:36+00:00","og_image":[{"url":"https:\/\/lh6.googleusercontent.com\/-ktR1JiJmewY\/UeOuppccsTI\/AAAAAAAAFsA\/LRU5htv_xWg\/s400\/ko1.jpg","type":"","width":"","height":""}],"author":"Kisha Orthodhokse","twitter_card":"summary_large_image","twitter_misc":{"Written by":"Kisha Orthodhokse","Est. reading time":"9 minutes"},"schema":{"@context":"https:\/\/schema.org","@graph":[{"@type":"Article","@id":"https:\/\/orthodoxalbania.org\/2020\/2007\/02\/26\/kremtimi-i-javes-se-shenjte-ne-korce-prill-07\/#article","isPartOf":{"@id":"https:\/\/orthodoxalbania.org\/2020\/2007\/02\/26\/kremtimi-i-javes-se-shenjte-ne-korce-prill-07\/"},"author":{"name":"Kisha Orthodhokse","@id":"https:\/\/orthodoxalbania.org\/2020\/#\/schema\/person\/0c387634a7063ac612d7ed9ce71c7e86"},"headline":"Kremtimi i Jav\u00ebs s\u00eb Shenjt\u00eb n\u00eb Kor\u00e7\u00eb. (Prill 2007)","datePublished":"2007-02-26T00:00:00+00:00","dateModified":"2020-04-06T20:35:36+00:00","mainEntityOfPage":{"@id":"https:\/\/orthodoxalbania.org\/2020\/2007\/02\/26\/kremtimi-i-javes-se-shenjte-ne-korce-prill-07\/"},"wordCount":1794,"commentCount":0,"publisher":{"@id":"https:\/\/orthodoxalbania.org\/2020\/#organization"},"image":{"@id":"https:\/\/orthodoxalbania.org\/2020\/2007\/02\/26\/kremtimi-i-javes-se-shenjte-ne-korce-prill-07\/#primaryimage"},"thumbnailUrl":"https:\/\/lh6.googleusercontent.com\/-ktR1JiJmewY\/UeOuppccsTI\/AAAAAAAAFsA\/LRU5htv_xWg\/s400\/ko1.jpg","keywords":["2007","lajme","Mitropolia Kor\u00e7\u00eb","Pashk\u00eb"],"articleSection":["Lajme"],"inLanguage":"en-US"},{"@type":"WebPage","@id":"https:\/\/orthodoxalbania.org\/2020\/2007\/02\/26\/kremtimi-i-javes-se-shenjte-ne-korce-prill-07\/","url":"https:\/\/orthodoxalbania.org\/2020\/2007\/02\/26\/kremtimi-i-javes-se-shenjte-ne-korce-prill-07\/","name":"Kremtimi i Jav\u00ebs s\u00eb Shenjt\u00eb n\u00eb Kor\u00e7\u00eb. (Prill 2007) - Kisha Orthodh\u03bfkse Autoqefale e Shqip\u00ebris\u00eb","isPartOf":{"@id":"https:\/\/orthodoxalbania.org\/2020\/#website"},"primaryImageOfPage":{"@id":"https:\/\/orthodoxalbania.org\/2020\/2007\/02\/26\/kremtimi-i-javes-se-shenjte-ne-korce-prill-07\/#primaryimage"},"image":{"@id":"https:\/\/orthodoxalbania.org\/2020\/2007\/02\/26\/kremtimi-i-javes-se-shenjte-ne-korce-prill-07\/#primaryimage"},"thumbnailUrl":"https:\/\/lh6.googleusercontent.com\/-ktR1JiJmewY\/UeOuppccsTI\/AAAAAAAAFsA\/LRU5htv_xWg\/s400\/ko1.jpg","datePublished":"2007-02-26T00:00:00+00:00","dateModified":"2020-04-06T20:35:36+00:00","breadcrumb":{"@id":"https:\/\/orthodoxalbania.org\/2020\/2007\/02\/26\/kremtimi-i-javes-se-shenjte-ne-korce-prill-07\/#breadcrumb"},"inLanguage":"en-US","potentialAction":[{"@type":"ReadAction","target":["https:\/\/orthodoxalbania.org\/2020\/2007\/02\/26\/kremtimi-i-javes-se-shenjte-ne-korce-prill-07\/"]}]},{"@type":"ImageObject","inLanguage":"en-US","@id":"https:\/\/orthodoxalbania.org\/2020\/2007\/02\/26\/kremtimi-i-javes-se-shenjte-ne-korce-prill-07\/#primaryimage","url":"https:\/\/lh6.googleusercontent.com\/-ktR1JiJmewY\/UeOuppccsTI\/AAAAAAAAFsA\/LRU5htv_xWg\/s400\/ko1.jpg","contentUrl":"https:\/\/lh6.googleusercontent.com\/-ktR1JiJmewY\/UeOuppccsTI\/AAAAAAAAFsA\/LRU5htv_xWg\/s400\/ko1.jpg"},{"@type":"BreadcrumbList","@id":"https:\/\/orthodoxalbania.org\/2020\/2007\/02\/26\/kremtimi-i-javes-se-shenjte-ne-korce-prill-07\/#breadcrumb","itemListElement":[{"@type":"ListItem","position":1,"name":"Home","item":"https:\/\/orthodoxalbania.org\/2020\/"},{"@type":"ListItem","position":2,"name":"Kremtimi i Jav\u00ebs s\u00eb Shenjt\u00eb n\u00eb Kor\u00e7\u00eb. (Prill 2007)"}]},{"@type":"WebSite","@id":"https:\/\/orthodoxalbania.org\/2020\/#website","url":"https:\/\/orthodoxalbania.org\/2020\/","name":"Kisha Orthodh\u03bfkse Autoqefale e Shqip\u00ebris\u00eb","description":"Fqja Zyrtare e Kish\u00ebs Orthodhokse Autoqefale e Shqip\u00ebris\u00eb me lajmet edhe informacionet zyrtare p\u00ebr struktur\u00ebn edhe veprimtarin e saj.","publisher":{"@id":"https:\/\/orthodoxalbania.org\/2020\/#organization"},"potentialAction":[{"@type":"SearchAction","target":{"@type":"EntryPoint","urlTemplate":"https:\/\/orthodoxalbania.org\/2020\/?s={search_term_string}"},"query-input":{"@type":"PropertyValueSpecification","valueRequired":true,"valueName":"search_term_string"}}],"inLanguage":"en-US"},{"@type":"Organization","@id":"https:\/\/orthodoxalbania.org\/2020\/#organization","name":"Kisha Orthodhokse Autoqefale e Shqip\u00ebris\u00eb","url":"https:\/\/orthodoxalbania.org\/2020\/","logo":{"@type":"ImageObject","inLanguage":"en-US","@id":"https:\/\/orthodoxalbania.org\/2020\/#\/schema\/logo\/image\/","url":"https:\/\/orthodoxalbania.org\/2020\/wp-content\/uploads\/2020\/05\/albania.jpeg","contentUrl":"https:\/\/orthodoxalbania.org\/2020\/wp-content\/uploads\/2020\/05\/albania.jpeg","width":540,"height":540,"caption":"Kisha Orthodhokse Autoqefale e Shqip\u00ebris\u00eb"},"image":{"@id":"https:\/\/orthodoxalbania.org\/2020\/#\/schema\/logo\/image\/"},"sameAs":["https:\/\/www.facebook.com\/koash1991"]},{"@type":"Person","@id":"https:\/\/orthodoxalbania.org\/2020\/#\/schema\/person\/0c387634a7063ac612d7ed9ce71c7e86","name":"Kisha Orthodhokse","image":{"@type":"ImageObject","inLanguage":"en-US","@id":"https:\/\/secure.gravatar.com\/avatar\/596e7c417251e30f2fbb9c00e026fce61a695a00e51c889caded71c96cbbdde5?s=96&d=mm&r=g","url":"https:\/\/secure.gravatar.com\/avatar\/596e7c417251e30f2fbb9c00e026fce61a695a00e51c889caded71c96cbbdde5?s=96&d=mm&r=g","contentUrl":"https:\/\/secure.gravatar.com\/avatar\/596e7c417251e30f2fbb9c00e026fce61a695a00e51c889caded71c96cbbdde5?s=96&d=mm&r=g","caption":"Kisha Orthodhokse"}}]}},"_links":{"self":[{"href":"https:\/\/orthodoxalbania.org\/2020\/wp-json\/wp\/v2\/posts\/784","targetHints":{"allow":["GET"]}}],"collection":[{"href":"https:\/\/orthodoxalbania.org\/2020\/wp-json\/wp\/v2\/posts"}],"about":[{"href":"https:\/\/orthodoxalbania.org\/2020\/wp-json\/wp\/v2\/types\/post"}],"author":[{"embeddable":true,"href":"https:\/\/orthodoxalbania.org\/2020\/wp-json\/wp\/v2\/users\/1"}],"replies":[{"embeddable":true,"href":"https:\/\/orthodoxalbania.org\/2020\/wp-json\/wp\/v2\/comments?post=784"}],"version-history":[{"count":1,"href":"https:\/\/orthodoxalbania.org\/2020\/wp-json\/wp\/v2\/posts\/784\/revisions"}],"predecessor-version":[{"id":15721,"href":"https:\/\/orthodoxalbania.org\/2020\/wp-json\/wp\/v2\/posts\/784\/revisions\/15721"}],"wp:attachment":[{"href":"https:\/\/orthodoxalbania.org\/2020\/wp-json\/wp\/v2\/media?parent=784"}],"wp:term":[{"taxonomy":"category","embeddable":true,"href":"https:\/\/orthodoxalbania.org\/2020\/wp-json\/wp\/v2\/categories?post=784"},{"taxonomy":"post_tag","embeddable":true,"href":"https:\/\/orthodoxalbania.org\/2020\/wp-json\/wp\/v2\/tags?post=784"}],"curies":[{"name":"wp","href":"https:\/\/api.w.org\/{rel}","templated":true}]}}