{"id":783,"date":"2007-02-26T00:00:00","date_gmt":"2007-02-26T00:00:00","guid":{"rendered":""},"modified":"2020-04-06T22:35:35","modified_gmt":"2020-04-06T20:35:35","slug":"kremtimi-i-javes-se-shenjte-ne-berat","status":"publish","type":"post","link":"https:\/\/orthodoxalbania.org\/2020\/2007\/02\/26\/kremtimi-i-javes-se-shenjte-ne-berat\/","title":{"rendered":"Kremtimi i Jav\u00ebs s\u00eb Shenjt\u00eb n\u00eb Berat. (Prill 2007)"},"content":{"rendered":"<div style=\"text-align: justify;\"><span style=\"color: #000000;\"><span style=\"font-family: tahoma,geneva,sans-serif;\"><span style=\"font-size: 12px;\">&nbsp;&nbsp;&nbsp; \u201cJava e madhe e shenjt\u00eb nisi me shk\u00eblqim, me p\u00ebsimet e Krishtit plot me vajtim; eni pra dhe priteni, dhe kremtojeni bes\u00ebrisht\u201d.<\/span><\/span><\/span><\/div>\n<table id=\"AutoNumber3\" style=\"width: 802px; height: 2528px;\" border=\"0\">\n<tbody>\n<tr>\n<td>\n<div style=\"text-align: justify;\"><span style=\"color: #000000;\"><span style=\"font-family: tahoma,geneva,sans-serif;\"><span style=\"font-size: 12px;\">&nbsp;&nbsp;&nbsp;&nbsp; N\u00ebn madh\u00ebshtin\u00eb e tropareve mbres\u00ebl\u00ebn\u00ebse nisi dhe n\u00eb Berat ashtu si n\u00eb mbar\u00eb bot\u00ebn e krishter\u00eb Java e Madhe dhe e Shenjt\u00eb e p\u00ebsimeve t\u00eb Zotit ton\u00eb Jisu Krisht. T\u00eb gjith\u00eb ne p\u00ebrjetuam m\u00eb s\u00eb miri ngjarjen q\u00eb ndryshoi bot\u00ebn, sepse Kisha jon\u00eb k\u00ebt\u00eb ngjarje e cila p\u00ebrb\u00ebn epiqendr\u00ebn e gjith\u00eb vitit liturgjik e ka thurur aq bukur me nj\u00eb mjesht\u00ebri hyjnore.<\/span><\/span><\/span><\/div>\n<\/td>\n<td>\n<div style=\"text-align: justify;\">&nbsp;<\/div>\n<p><span style=\"color: #000000;\"><img decoding=\"async\" class=\"lazyload HAa Eha\" style=\"border-width: 1px; border-style: solid; margin: 10px auto; display: block;\" alt=\"\" src=\"data:image\/gif;base64,R0lGODlhAQABAAAAACH5BAEKAAEALAAAAAABAAEAAAICTAEAOw==\" data-orig-src=\"https:\/\/lh3.googleusercontent.com\/-iMV6aSpEq7A\/VIlNlA8cW8I\/AAAAAAAAGNA\/bSEN3q2_fcw\/w370-h273-no\/1%2Bdjathtas.jpg\" \/><\/span><\/p>\n<\/td>\n<\/tr>\n<tr>\n<td>\n<div><span style=\"color: #000000;\"><span style=\"font-family: tahoma,geneva,sans-serif;\"><span style=\"font-size: 12px;\"><img decoding=\"async\" class=\"lazyload HAa Eha\" style=\"border-width: 1px; border-style: solid; margin: 10px auto; display: block;\" alt=\"\" src=\"data:image\/gif;base64,R0lGODlhAQABAAAAACH5BAEKAAEALAAAAAABAAEAAAICTAEAOw==\" data-orig-src=\"https:\/\/lh6.googleusercontent.com\/-BWVSO2FLoXo\/VIlNlEFyc-I\/AAAAAAAAGM8\/GvXXdorp66c\/w370-h278-no\/2%2Bmajtas.jpg\" \/><\/span><\/span><\/span><\/div>\n<\/td>\n<td>\n<div style=\"text-align: justify;\"><span style=\"color: #000000;\"><span style=\"font-family: tahoma,geneva,sans-serif;\"><span style=\"font-size: 12px;\">&nbsp;&nbsp;&nbsp;&nbsp; T\u00eb gjith\u00eb ne p\u00ebrjetuam p\u00ebsimet e Shenjta, shp\u00ebtimtare dhe t\u00eb tmerrshme t\u00eb Zotit dhe Per\u00ebndis\u00eb dhe Shp\u00ebtimtarit ton\u00eb Jisu Krisht; p\u00ebshtyrjet, shuplakat, rrahjet, sharjet, p\u00ebrqeshjet, rrob\u00ebn e kuqe, kallamin, sfungjerin, uthull\u00ebn, gozhd\u00ebt, shtiz\u00ebn, dhe para s\u00eb gjithash kryqin dhe vdekjen, t\u00eb cilat i duroi p\u00ebr ne duke dashur; bashk\u00eb me k\u00ebto dhe rr\u00ebfimin shp\u00ebtimtar t\u00eb kusarit mir\u00ebnjoh\u00ebs q\u00eb u kryq\u00ebzua me T\u00eb.<\/span><\/span><\/span><\/div>\n<\/td>\n<\/tr>\n<tr>\n<td>\n<div style=\"text-align: justify;\"><span style=\"color: #000000;\"><span style=\"font-family: tahoma,geneva,sans-serif;\"><span style=\"font-size: 12px;\">&nbsp;&nbsp;&nbsp; &nbsp;Gjithashtu nuk munguan s\u00eb p\u00ebrjetuari dhe emocionet e m\u00ebdha t\u00eb varrimit t\u00eb Hyjtrupsh\u00ebm t\u00eb Zotit dhe Shp\u00ebtimtarit ton\u00eb Jisu Krisht dhe zbritjen e Tij n\u00eb Ferr, me an\u00ebn e t\u00eb cilave qenia jon\u00eb u thirr prej prishjes dhe vajti te jeta e amshuar.&nbsp;<\/span><\/span><\/span><\/div>\n<\/td>\n<td>\n<div><span style=\"color: #000000;\"><span style=\"font-family: tahoma,geneva,sans-serif;\"><span style=\"font-size: 12px;\"><img decoding=\"async\" class=\"lazyload HAa Eha\" style=\"border-width: 1px; border-style: solid; margin: 10px auto; display: block;\" alt=\"\" src=\"data:image\/gif;base64,R0lGODlhAQABAAAAACH5BAEKAAEALAAAAAABAAEAAAICTAEAOw==\" data-orig-src=\"https:\/\/lh5.googleusercontent.com\/-6-qKWho8su8\/VIlNlPitMrI\/AAAAAAAAGM0\/ekas3rZ7sdQ\/w370-h278-no\/3%2Bdjathtas.jpg\" \/><\/span><\/span><\/span><\/div>\n<\/td>\n<\/tr>\n<tr>\n<td>\n<div style=\"text-align: justify;\">&nbsp;<\/div>\n<p><span style=\"color: #000000;\"><img decoding=\"async\" class=\"lazyload HAa Eha\" style=\"border-width: 1px; border-style: solid; margin: 10px auto; display: block;\" alt=\"\" src=\"data:image\/gif;base64,R0lGODlhAQABAAAAACH5BAEKAAEALAAAAAABAAEAAAICTAEAOw==\" data-orig-src=\"https:\/\/lh6.googleusercontent.com\/-wTMgHEl2YNQ\/VIlNlqZASdI\/AAAAAAAAGMw\/BU4FSK2ubyo\/w370-h278-no\/4%2Bmajtas.jpg\" \/><\/span><\/p>\n<\/td>\n<td>\n<div style=\"text-align: justify;\"><span style=\"color: #000000;\"><span style=\"font-family: tahoma,geneva,sans-serif;\"><span style=\"font-size: 12px;\">&nbsp;&nbsp;&nbsp;&nbsp; Sh\u00ebrbesat e Shenjta, t\u00eb cilat u ndoq\u00ebn nga nj\u00eb num\u00ebr i madh besimtar\u00ebsh, u celebruan n\u00ebn drejtimin e Mitropolitit t\u00eb Beratit Imzot Ignatit n\u00eb Kish\u00ebn e Sh\u00ebn Spiridhonit. Java e Madhe, e cila filloi me Sh\u00ebrbes\u00ebn e Dh\u00ebndrit arriti kulmin e saj n\u00eb tre dit\u00ebt e fundit, ku nj\u00ebra pas tjetr\u00ebs u kremtuan Kryq\u00ebzimi, varrimi dhe Ngjallja.<\/span><\/span><\/span><\/div>\n<\/td>\n<\/tr>\n<tr>\n<td>\n<div style=\"text-align: justify;\"><span style=\"color: #000000;\"><span style=\"font-family: tahoma,geneva,sans-serif;\"><span style=\"font-size: 12px;\">&nbsp;&nbsp;&nbsp;&nbsp; \u00c7do dit\u00eb ishte nj\u00eb emocion m\u00eb vete: dita e kryq\u00ebzimit, ku u pa i kryq\u00ebzuar mbi dru, Ai q\u00eb varri dhen\u00eb mbi uj\u00ebrat; Varrimi i Hyjsh\u00ebm, ku p\u00ebr t\u2019u theksuar ishin himnet t\u00eb vajtimeve, t\u00eb cilat u k\u00ebnduan nga koret e besimtar\u00ebve, si dhe dalja e Epitafit p\u00ebrreth lagjes Goric\u00eb, q\u00eb u shoq\u00ebrua nga nj\u00eb kortezh i madh besimtar\u00ebsh. <\/span><\/span><\/span><\/div>\n<\/td>\n<td>\n<div><span style=\"color: #000000;\"><span style=\"font-family: tahoma,geneva,sans-serif;\"><span style=\"font-size: 12px;\"><img decoding=\"async\" class=\"lazyload HAa Eha\" style=\"border-width: 1px; border-style: solid; margin: 10px auto; display: block;\" alt=\"\" src=\"data:image\/gif;base64,R0lGODlhAQABAAAAACH5BAEKAAEALAAAAAABAAEAAAICTAEAOw==\" data-orig-src=\"https:\/\/lh4.googleusercontent.com\/-C7tSwX2kW-g\/VIlNlziZVZI\/AAAAAAAAGNE\/BhVIJn9W3-Y\/w370-h278-no\/5%2Bdjathtas.jpg\" \/><\/span><\/span><\/span><\/div>\n<\/td>\n<\/tr>\n<tr>\n<td>\n<div><span style=\"color: #000000;\"><span style=\"font-family: tahoma,geneva,sans-serif;\"><span style=\"font-size: 12px;\"><img decoding=\"async\" class=\"lazyload HAa Eha\" style=\"border-width: 1px; border-style: solid; margin: 10px auto; display: block;\" alt=\"\" src=\"data:image\/gif;base64,R0lGODlhAQABAAAAACH5BAEKAAEALAAAAAABAAEAAAICTAEAOw==\" data-orig-src=\"https:\/\/lh5.googleusercontent.com\/-raZktc-_v3Y\/VIlNl3YCN3I\/AAAAAAAAGMo\/IbjDklvjBvg\/w370-h278-no\/6%2Bmajtas.jpg\" \/><\/span><\/span><\/span><\/div>\n<\/td>\n<td>\n<div style=\"text-align: justify;\"><span style=\"color: #000000;\"><span style=\"font-family: tahoma,geneva,sans-serif;\"><span style=\"font-size: 12px;\">&nbsp;&nbsp;&nbsp;&nbsp; \u00c7do moment tragjik kaloi tashm\u00eb, kishte ardhur dita e g\u00ebzueshme e s\u00eb Diel\u00ebs s\u00eb Shenjt\u00eb t\u00eb Pashk\u00ebs s\u00eb Madhe, n\u00eb t\u00eb cil\u00ebn kremtojm\u00eb vet\u00eb Ngjalljen jet\u00ebprur\u00ebse t\u00eb Zotit dhe Per\u00ebndis\u00eb dhe Shp\u00ebtimtarit ton\u00eb Jisu Krisht. \u00cbsht\u00eb dita kur vazhdimisht k\u00ebndojm\u00eb himnin triumfues: \u201dKrishti u ngjall s\u00eb vdekur\u00ebsh me vdekje vdekjen shkeli edhe t\u00eb varrosurve jet\u00ebn u fali\u201d.<\/span><\/span><\/span><\/div>\n<\/td>\n<\/tr>\n<tr>\n<td>\n<div style=\"text-align: justify;\"><span style=\"color: #000000;\"><span style=\"font-family: tahoma,geneva,sans-serif;\"><span style=\"font-size: 12px;\">&nbsp;&nbsp;&nbsp;&nbsp;&nbsp; Liturgjia Hyjnore e Ngjalljes s\u00eb Zotit u kremtua n\u00eb mesnat\u00ebn e s\u00eb shtun\u00ebs p\u00ebrve\u00e7se n\u00eb Kish\u00ebn e Sh\u00ebn Spiridhonit dhe n\u00eb Kish\u00ebn Historike t\u00eb \u201dFjetjes s\u00eb Sh\u00ebn Maris\u00eb\u201d, ku bashkangjitur me t\u00eb ndodhet dhe Muzeu Komb\u00ebtar \u201dOnufri\u201d, n\u00eb kalan\u00eb e qytetit. P\u00ebr t\u00eb dh\u00ebn\u00eb Lajmin e g\u00ebzuesh\u00ebm t\u00eb Ngjalljes n\u00eb k\u00ebt\u00eb Kish\u00eb kishte ardhur Kryebariu i Dioqez\u00ebs s\u00eb Beratit Imzot Ignati, i cili n\u00eb p\u00ebrsh\u00ebndetjen e rastit tha: \u201cTek Apostujt u paraqit i gjall\u00eb me shum\u00eb shenja pas p\u00ebsimit t\u00eb Tij, duke u dukur nd\u00ebr ata dyzet dit\u00eb e duke folur p\u00ebr pun\u00ebt e Mbret\u00ebris\u00eb s\u00eb Per\u00ebndis\u00eb\u201d (Vep: 1,3).<\/span><\/span><\/span><\/div>\n<\/td>\n<td>\n<div><span style=\"color: #000000;\"><span style=\"font-family: tahoma,geneva,sans-serif;\"><span style=\"font-size: 12px;\"><img decoding=\"async\" class=\"lazyload HAa Eha\" style=\"border-width: 1px; border-style: solid; margin: 10px auto; display: block;\" alt=\"\" src=\"data:image\/gif;base64,R0lGODlhAQABAAAAACH5BAEKAAEALAAAAAABAAEAAAICTAEAOw==\" data-orig-src=\"https:\/\/lh3.googleusercontent.com\/-X8vReQvjpTo\/VIlNmVyC71I\/AAAAAAAAGMk\/VaBp68Z1pJg\/w370-h278-no\/7%2Bdjathtas.jpg\" \/><\/span><\/span><\/span><\/div>\n<\/td>\n<\/tr>\n<tr>\n<td>\n<div style=\"text-align: justify;\">&nbsp;<\/div>\n<p><span style=\"color: #000000;\"><img decoding=\"async\" class=\"lazyload HAa Eha\" style=\"border-width: 1px; border-style: solid; margin: 10px auto; display: block;\" alt=\"\" src=\"data:image\/gif;base64,R0lGODlhAQABAAAAACH5BAEKAAEALAAAAAABAAEAAAICTAEAOw==\" data-orig-src=\"https:\/\/lh5.googleusercontent.com\/-Fr8pmNBE60Q\/VIlNmlsX4yI\/AAAAAAAAGMs\/Q9iJEUksSDE\/w370-h278-no\/8%2Bmajtas.jpg\" \/><\/span><\/p>\n<\/td>\n<td>\n<div style=\"text-align: justify;\"><span style=\"color: #000000;\"><span style=\"font-family: tahoma,geneva,sans-serif;\"><span style=\"font-size: 12px;\">&nbsp;&nbsp;&nbsp;&nbsp; P\u00ebrsh\u00ebndetja e ngaz\u00ebllueshme: \u201cKrishti u Ngjall! \u2013 V\u00ebrtet u Ngjall!\u201d jehon kudo ku ekzistojn\u00eb t\u00eb krishter\u00eb. Si diell pranveror ngroh zemrat. I mbush me shpres\u00eb dhe me d\u00ebshir\u00eb p\u00ebrt\u00ebritjeje p\u00ebr fitoren e jet\u00ebs. Sa her\u00eb q\u00eb themi p\u00ebrsh\u00ebndetjen paskale, di\u00e7ka e gjall\u00eb k\u00ebrcen brenda nesh. Sepse, n\u00eb t\u00eb v\u00ebrtet\u00eb, nuk ekziston dhurat\u00eb m\u00eb e \u00e7muar p\u00ebr njeriun se sa dhurata e jet\u00ebs, q\u00eb na blatoi Krishti me ngjalljen e Tij! Jet\u00ebn e v\u00ebrtet\u00eb e cila fillon p\u00ebr cilindo prej nesh n\u00eb &nbsp;\u00e7astin kur ai pranon brenda vetes Zotin e ngjallur dhe nuk mbaron kurr\u00eb. Vazhdon n\u00eb jet\u00ebn e amshuar.<\/span><\/span><\/span><\/div>\n<\/td>\n<\/tr>\n<tr>\n<td colspan=\"2\">\n<div style=\"text-align: justify;\"><span style=\"color: #000000;\"><span style=\"font-family: tahoma,geneva,sans-serif;\"><span style=\"font-size: 12px;\">&nbsp;&nbsp;&nbsp;&nbsp;<br \/> &nbsp;&nbsp;&nbsp;&nbsp; Dita e Ngjalljes vazhdoi me t\u00eb nj\u00ebjt\u00ebn madh\u00ebshti dhe n\u00eb sh\u00ebrbes\u00ebn e Mbr\u00ebm\u00ebsores s\u00eb Dashuris\u00eb, n\u00eb t\u00eb cil\u00ebn Ungjilli u lexua n\u00eb gjasht\u00eb gjuh\u00eb t\u00eb ndryshme. Pas Sh\u00ebrbes\u00ebs s\u00eb Dashuris\u00eb, n\u00eb Mitropolin\u00eb e Beratit u organizuan pritjet e rastit, n\u00eb t\u00eb cil\u00ebn erdh\u00ebn dhe uruan p\u00ebrfaq\u00ebsuesit m\u00eb t\u00eb lart\u00eb t\u00eb pushtetit vendor, p\u00ebrfaq\u00ebsues t\u00eb komuniteteve fetare, si dhe besimtar\u00eb t\u00eb shumt\u00eb.<\/span><\/span><\/span><\/div>\n<\/td>\n<\/tr>\n<\/tbody>\n<\/table>\n<div style=\"text-align: justify;\">&nbsp;<\/div>\n<div style=\"text-align: justify;\"><span style=\"color: #000000;\"><span style=\"font-family: tahoma,geneva,sans-serif;\"><span style=\"font-size: 12px;\"><strong>&nbsp;&nbsp;&nbsp;&nbsp;&nbsp;<br \/> &nbsp;&nbsp;&nbsp;&nbsp; Joan Qako<\/strong><\/span><\/span><\/span><\/div>\n","protected":false},"excerpt":{"rendered":"<p>&nbsp;&nbsp;&nbsp; \u201cJava e madhe e shenjt\u00eb nisi me shk\u00eblqim, me p\u00ebsimet e Krishtit plot me vajtim; eni pra dhe priteni, dhe kremtojeni bes\u00ebrisht\u201d. &nbsp;&nbsp;&nbsp;&nbsp; N\u00ebn madh\u00ebshtin\u00eb e tropareve mbres\u00ebl\u00ebn\u00ebse nisi dhe n\u00eb Berat ashtu si n\u00eb mbar\u00eb bot\u00ebn e krishter\u00eb Java e Madhe dhe e Shenjt\u00eb e p\u00ebsimeve t\u00eb Zotit ton\u00eb Jisu Krisht. T\u00eb gjith\u00eb ne p\u00ebrjetuam m\u00eb s\u00eb miri ngjarjen q\u00eb ndryshoi bot\u00ebn, sepse<\/p>\n","protected":false},"author":1,"featured_media":0,"comment_status":"open","ping_status":"open","sticky":false,"template":"","format":"standard","meta":{"_acf_changed":false,"pagelayer_contact_templates":[],"_pagelayer_content":"","inline_featured_image":false,"fifu_image_url":"","fifu_image_alt":"","footnotes":""},"categories":[108],"tags":[147,212,197,189],"class_list":["post-783","post","type-post","status-publish","format-standard","hentry","category-lajme","tag-147","tag-lajme-d27","tag-berat","tag-pashke-2014"],"acf":[],"yoast_head":"<!-- This site is optimized with the Yoast SEO plugin v27.2 - https:\/\/yoast.com\/product\/yoast-seo-wordpress\/ -->\n<title>Kremtimi i Jav\u00ebs s\u00eb Shenjt\u00eb n\u00eb Berat. (Prill 2007) - Kisha Orthodh\u03bfkse Autoqefale e Shqip\u00ebris\u00eb<\/title>\n<meta name=\"robots\" content=\"index, follow, max-snippet:-1, max-image-preview:large, max-video-preview:-1\" \/>\n<link rel=\"canonical\" href=\"https:\/\/orthodoxalbania.org\/2020\/2007\/02\/26\/kremtimi-i-javes-se-shenjte-ne-berat\/\" \/>\n<meta property=\"og:locale\" content=\"en_US\" \/>\n<meta property=\"og:type\" content=\"article\" \/>\n<meta property=\"og:title\" content=\"Kremtimi i Jav\u00ebs s\u00eb Shenjt\u00eb n\u00eb Berat. (Prill 2007) - Kisha Orthodh\u03bfkse Autoqefale e Shqip\u00ebris\u00eb\" \/>\n<meta property=\"og:description\" content=\"&nbsp;&nbsp;&nbsp; \u201cJava e madhe e shenjt\u00eb nisi me shk\u00eblqim, me p\u00ebsimet e Krishtit plot me vajtim; eni pra dhe priteni, dhe kremtojeni bes\u00ebrisht\u201d. &nbsp;&nbsp;&nbsp;&nbsp; N\u00ebn madh\u00ebshtin\u00eb e tropareve mbres\u00ebl\u00ebn\u00ebse nisi dhe n\u00eb Berat ashtu si n\u00eb mbar\u00eb bot\u00ebn e krishter\u00eb Java e Madhe dhe e Shenjt\u00eb e p\u00ebsimeve t\u00eb Zotit ton\u00eb Jisu Krisht. T\u00eb gjith\u00eb ne p\u00ebrjetuam m\u00eb s\u00eb miri ngjarjen q\u00eb ndryshoi bot\u00ebn, sepse\" \/>\n<meta property=\"og:url\" content=\"https:\/\/orthodoxalbania.org\/2020\/2007\/02\/26\/kremtimi-i-javes-se-shenjte-ne-berat\/\" \/>\n<meta property=\"og:site_name\" content=\"Kisha Orthodh\u03bfkse Autoqefale e Shqip\u00ebris\u00eb\" \/>\n<meta property=\"article:publisher\" content=\"https:\/\/www.facebook.com\/koash1991\" \/>\n<meta property=\"article:published_time\" content=\"2007-02-26T00:00:00+00:00\" \/>\n<meta property=\"article:modified_time\" content=\"2020-04-06T20:35:35+00:00\" \/>\n<meta property=\"og:image\" content=\"https:\/\/lh3.googleusercontent.com\/-iMV6aSpEq7A\/VIlNlA8cW8I\/AAAAAAAAGNA\/bSEN3q2_fcw\/w370-h273-no\/1%2Bdjathtas.jpg\" \/>\n<meta name=\"author\" content=\"Kisha Orthodhokse\" \/>\n<meta name=\"twitter:card\" content=\"summary_large_image\" \/>\n<meta name=\"twitter:label1\" content=\"Written by\" \/>\n\t<meta name=\"twitter:data1\" content=\"Kisha Orthodhokse\" \/>\n\t<meta name=\"twitter:label2\" content=\"Est. reading time\" \/>\n\t<meta name=\"twitter:data2\" content=\"4 minutes\" \/>\n<script type=\"application\/ld+json\" class=\"yoast-schema-graph\">{\"@context\":\"https:\/\/schema.org\",\"@graph\":[{\"@type\":\"Article\",\"@id\":\"https:\/\/orthodoxalbania.org\/2020\/2007\/02\/26\/kremtimi-i-javes-se-shenjte-ne-berat\/#article\",\"isPartOf\":{\"@id\":\"https:\/\/orthodoxalbania.org\/2020\/2007\/02\/26\/kremtimi-i-javes-se-shenjte-ne-berat\/\"},\"author\":{\"name\":\"Kisha Orthodhokse\",\"@id\":\"https:\/\/orthodoxalbania.org\/2020\/#\/schema\/person\/0c387634a7063ac612d7ed9ce71c7e86\"},\"headline\":\"Kremtimi i Jav\u00ebs s\u00eb Shenjt\u00eb n\u00eb Berat. (Prill 2007)\",\"datePublished\":\"2007-02-26T00:00:00+00:00\",\"dateModified\":\"2020-04-06T20:35:35+00:00\",\"mainEntityOfPage\":{\"@id\":\"https:\/\/orthodoxalbania.org\/2020\/2007\/02\/26\/kremtimi-i-javes-se-shenjte-ne-berat\/\"},\"wordCount\":824,\"commentCount\":0,\"publisher\":{\"@id\":\"https:\/\/orthodoxalbania.org\/2020\/#organization\"},\"image\":{\"@id\":\"https:\/\/orthodoxalbania.org\/2020\/2007\/02\/26\/kremtimi-i-javes-se-shenjte-ne-berat\/#primaryimage\"},\"thumbnailUrl\":\"https:\/\/lh3.googleusercontent.com\/-iMV6aSpEq7A\/VIlNlA8cW8I\/AAAAAAAAGNA\/bSEN3q2_fcw\/w370-h273-no\/1%2Bdjathtas.jpg\",\"keywords\":[\"2007\",\"lajme\",\"Mitropolia Berat\",\"Pashk\u00eb\"],\"articleSection\":[\"Lajme\"],\"inLanguage\":\"en-US\"},{\"@type\":\"WebPage\",\"@id\":\"https:\/\/orthodoxalbania.org\/2020\/2007\/02\/26\/kremtimi-i-javes-se-shenjte-ne-berat\/\",\"url\":\"https:\/\/orthodoxalbania.org\/2020\/2007\/02\/26\/kremtimi-i-javes-se-shenjte-ne-berat\/\",\"name\":\"Kremtimi i Jav\u00ebs s\u00eb Shenjt\u00eb n\u00eb Berat. (Prill 2007) - Kisha Orthodh\u03bfkse Autoqefale e Shqip\u00ebris\u00eb\",\"isPartOf\":{\"@id\":\"https:\/\/orthodoxalbania.org\/2020\/#website\"},\"primaryImageOfPage\":{\"@id\":\"https:\/\/orthodoxalbania.org\/2020\/2007\/02\/26\/kremtimi-i-javes-se-shenjte-ne-berat\/#primaryimage\"},\"image\":{\"@id\":\"https:\/\/orthodoxalbania.org\/2020\/2007\/02\/26\/kremtimi-i-javes-se-shenjte-ne-berat\/#primaryimage\"},\"thumbnailUrl\":\"https:\/\/lh3.googleusercontent.com\/-iMV6aSpEq7A\/VIlNlA8cW8I\/AAAAAAAAGNA\/bSEN3q2_fcw\/w370-h273-no\/1%2Bdjathtas.jpg\",\"datePublished\":\"2007-02-26T00:00:00+00:00\",\"dateModified\":\"2020-04-06T20:35:35+00:00\",\"breadcrumb\":{\"@id\":\"https:\/\/orthodoxalbania.org\/2020\/2007\/02\/26\/kremtimi-i-javes-se-shenjte-ne-berat\/#breadcrumb\"},\"inLanguage\":\"en-US\",\"potentialAction\":[{\"@type\":\"ReadAction\",\"target\":[\"https:\/\/orthodoxalbania.org\/2020\/2007\/02\/26\/kremtimi-i-javes-se-shenjte-ne-berat\/\"]}]},{\"@type\":\"ImageObject\",\"inLanguage\":\"en-US\",\"@id\":\"https:\/\/orthodoxalbania.org\/2020\/2007\/02\/26\/kremtimi-i-javes-se-shenjte-ne-berat\/#primaryimage\",\"url\":\"https:\/\/lh3.googleusercontent.com\/-iMV6aSpEq7A\/VIlNlA8cW8I\/AAAAAAAAGNA\/bSEN3q2_fcw\/w370-h273-no\/1%2Bdjathtas.jpg\",\"contentUrl\":\"https:\/\/lh3.googleusercontent.com\/-iMV6aSpEq7A\/VIlNlA8cW8I\/AAAAAAAAGNA\/bSEN3q2_fcw\/w370-h273-no\/1%2Bdjathtas.jpg\"},{\"@type\":\"BreadcrumbList\",\"@id\":\"https:\/\/orthodoxalbania.org\/2020\/2007\/02\/26\/kremtimi-i-javes-se-shenjte-ne-berat\/#breadcrumb\",\"itemListElement\":[{\"@type\":\"ListItem\",\"position\":1,\"name\":\"Home\",\"item\":\"https:\/\/orthodoxalbania.org\/2020\/\"},{\"@type\":\"ListItem\",\"position\":2,\"name\":\"Kremtimi i Jav\u00ebs s\u00eb Shenjt\u00eb n\u00eb Berat. (Prill 2007)\"}]},{\"@type\":\"WebSite\",\"@id\":\"https:\/\/orthodoxalbania.org\/2020\/#website\",\"url\":\"https:\/\/orthodoxalbania.org\/2020\/\",\"name\":\"Kisha Orthodh\u03bfkse Autoqefale e Shqip\u00ebris\u00eb\",\"description\":\"Fqja Zyrtare e Kish\u00ebs Orthodhokse Autoqefale e Shqip\u00ebris\u00eb me lajmet edhe informacionet zyrtare p\u00ebr struktur\u00ebn edhe veprimtarin e saj.\",\"publisher\":{\"@id\":\"https:\/\/orthodoxalbania.org\/2020\/#organization\"},\"potentialAction\":[{\"@type\":\"SearchAction\",\"target\":{\"@type\":\"EntryPoint\",\"urlTemplate\":\"https:\/\/orthodoxalbania.org\/2020\/?s={search_term_string}\"},\"query-input\":{\"@type\":\"PropertyValueSpecification\",\"valueRequired\":true,\"valueName\":\"search_term_string\"}}],\"inLanguage\":\"en-US\"},{\"@type\":\"Organization\",\"@id\":\"https:\/\/orthodoxalbania.org\/2020\/#organization\",\"name\":\"Kisha Orthodhokse Autoqefale e Shqip\u00ebris\u00eb\",\"url\":\"https:\/\/orthodoxalbania.org\/2020\/\",\"logo\":{\"@type\":\"ImageObject\",\"inLanguage\":\"en-US\",\"@id\":\"https:\/\/orthodoxalbania.org\/2020\/#\/schema\/logo\/image\/\",\"url\":\"https:\/\/orthodoxalbania.org\/2020\/wp-content\/uploads\/2020\/05\/albania.jpeg\",\"contentUrl\":\"https:\/\/orthodoxalbania.org\/2020\/wp-content\/uploads\/2020\/05\/albania.jpeg\",\"width\":540,\"height\":540,\"caption\":\"Kisha Orthodhokse Autoqefale e Shqip\u00ebris\u00eb\"},\"image\":{\"@id\":\"https:\/\/orthodoxalbania.org\/2020\/#\/schema\/logo\/image\/\"},\"sameAs\":[\"https:\/\/www.facebook.com\/koash1991\"]},{\"@type\":\"Person\",\"@id\":\"https:\/\/orthodoxalbania.org\/2020\/#\/schema\/person\/0c387634a7063ac612d7ed9ce71c7e86\",\"name\":\"Kisha Orthodhokse\",\"image\":{\"@type\":\"ImageObject\",\"inLanguage\":\"en-US\",\"@id\":\"https:\/\/secure.gravatar.com\/avatar\/596e7c417251e30f2fbb9c00e026fce61a695a00e51c889caded71c96cbbdde5?s=96&d=mm&r=g\",\"url\":\"https:\/\/secure.gravatar.com\/avatar\/596e7c417251e30f2fbb9c00e026fce61a695a00e51c889caded71c96cbbdde5?s=96&d=mm&r=g\",\"contentUrl\":\"https:\/\/secure.gravatar.com\/avatar\/596e7c417251e30f2fbb9c00e026fce61a695a00e51c889caded71c96cbbdde5?s=96&d=mm&r=g\",\"caption\":\"Kisha Orthodhokse\"}}]}<\/script>\n<!-- \/ Yoast SEO plugin. -->","yoast_head_json":{"title":"Kremtimi i Jav\u00ebs s\u00eb Shenjt\u00eb n\u00eb Berat. (Prill 2007) - Kisha Orthodh\u03bfkse Autoqefale e Shqip\u00ebris\u00eb","robots":{"index":"index","follow":"follow","max-snippet":"max-snippet:-1","max-image-preview":"max-image-preview:large","max-video-preview":"max-video-preview:-1"},"canonical":"https:\/\/orthodoxalbania.org\/2020\/2007\/02\/26\/kremtimi-i-javes-se-shenjte-ne-berat\/","og_locale":"en_US","og_type":"article","og_title":"Kremtimi i Jav\u00ebs s\u00eb Shenjt\u00eb n\u00eb Berat. (Prill 2007) - Kisha Orthodh\u03bfkse Autoqefale e Shqip\u00ebris\u00eb","og_description":"&nbsp;&nbsp;&nbsp; \u201cJava e madhe e shenjt\u00eb nisi me shk\u00eblqim, me p\u00ebsimet e Krishtit plot me vajtim; eni pra dhe priteni, dhe kremtojeni bes\u00ebrisht\u201d. &nbsp;&nbsp;&nbsp;&nbsp; N\u00ebn madh\u00ebshtin\u00eb e tropareve mbres\u00ebl\u00ebn\u00ebse nisi dhe n\u00eb Berat ashtu si n\u00eb mbar\u00eb bot\u00ebn e krishter\u00eb Java e Madhe dhe e Shenjt\u00eb e p\u00ebsimeve t\u00eb Zotit ton\u00eb Jisu Krisht. T\u00eb gjith\u00eb ne p\u00ebrjetuam m\u00eb s\u00eb miri ngjarjen q\u00eb ndryshoi bot\u00ebn, sepse","og_url":"https:\/\/orthodoxalbania.org\/2020\/2007\/02\/26\/kremtimi-i-javes-se-shenjte-ne-berat\/","og_site_name":"Kisha Orthodh\u03bfkse Autoqefale e Shqip\u00ebris\u00eb","article_publisher":"https:\/\/www.facebook.com\/koash1991","article_published_time":"2007-02-26T00:00:00+00:00","article_modified_time":"2020-04-06T20:35:35+00:00","og_image":[{"url":"https:\/\/lh3.googleusercontent.com\/-iMV6aSpEq7A\/VIlNlA8cW8I\/AAAAAAAAGNA\/bSEN3q2_fcw\/w370-h273-no\/1%2Bdjathtas.jpg","type":"","width":"","height":""}],"author":"Kisha Orthodhokse","twitter_card":"summary_large_image","twitter_misc":{"Written by":"Kisha Orthodhokse","Est. reading time":"4 minutes"},"schema":{"@context":"https:\/\/schema.org","@graph":[{"@type":"Article","@id":"https:\/\/orthodoxalbania.org\/2020\/2007\/02\/26\/kremtimi-i-javes-se-shenjte-ne-berat\/#article","isPartOf":{"@id":"https:\/\/orthodoxalbania.org\/2020\/2007\/02\/26\/kremtimi-i-javes-se-shenjte-ne-berat\/"},"author":{"name":"Kisha Orthodhokse","@id":"https:\/\/orthodoxalbania.org\/2020\/#\/schema\/person\/0c387634a7063ac612d7ed9ce71c7e86"},"headline":"Kremtimi i Jav\u00ebs s\u00eb Shenjt\u00eb n\u00eb Berat. (Prill 2007)","datePublished":"2007-02-26T00:00:00+00:00","dateModified":"2020-04-06T20:35:35+00:00","mainEntityOfPage":{"@id":"https:\/\/orthodoxalbania.org\/2020\/2007\/02\/26\/kremtimi-i-javes-se-shenjte-ne-berat\/"},"wordCount":824,"commentCount":0,"publisher":{"@id":"https:\/\/orthodoxalbania.org\/2020\/#organization"},"image":{"@id":"https:\/\/orthodoxalbania.org\/2020\/2007\/02\/26\/kremtimi-i-javes-se-shenjte-ne-berat\/#primaryimage"},"thumbnailUrl":"https:\/\/lh3.googleusercontent.com\/-iMV6aSpEq7A\/VIlNlA8cW8I\/AAAAAAAAGNA\/bSEN3q2_fcw\/w370-h273-no\/1%2Bdjathtas.jpg","keywords":["2007","lajme","Mitropolia Berat","Pashk\u00eb"],"articleSection":["Lajme"],"inLanguage":"en-US"},{"@type":"WebPage","@id":"https:\/\/orthodoxalbania.org\/2020\/2007\/02\/26\/kremtimi-i-javes-se-shenjte-ne-berat\/","url":"https:\/\/orthodoxalbania.org\/2020\/2007\/02\/26\/kremtimi-i-javes-se-shenjte-ne-berat\/","name":"Kremtimi i Jav\u00ebs s\u00eb Shenjt\u00eb n\u00eb Berat. (Prill 2007) - Kisha Orthodh\u03bfkse Autoqefale e Shqip\u00ebris\u00eb","isPartOf":{"@id":"https:\/\/orthodoxalbania.org\/2020\/#website"},"primaryImageOfPage":{"@id":"https:\/\/orthodoxalbania.org\/2020\/2007\/02\/26\/kremtimi-i-javes-se-shenjte-ne-berat\/#primaryimage"},"image":{"@id":"https:\/\/orthodoxalbania.org\/2020\/2007\/02\/26\/kremtimi-i-javes-se-shenjte-ne-berat\/#primaryimage"},"thumbnailUrl":"https:\/\/lh3.googleusercontent.com\/-iMV6aSpEq7A\/VIlNlA8cW8I\/AAAAAAAAGNA\/bSEN3q2_fcw\/w370-h273-no\/1%2Bdjathtas.jpg","datePublished":"2007-02-26T00:00:00+00:00","dateModified":"2020-04-06T20:35:35+00:00","breadcrumb":{"@id":"https:\/\/orthodoxalbania.org\/2020\/2007\/02\/26\/kremtimi-i-javes-se-shenjte-ne-berat\/#breadcrumb"},"inLanguage":"en-US","potentialAction":[{"@type":"ReadAction","target":["https:\/\/orthodoxalbania.org\/2020\/2007\/02\/26\/kremtimi-i-javes-se-shenjte-ne-berat\/"]}]},{"@type":"ImageObject","inLanguage":"en-US","@id":"https:\/\/orthodoxalbania.org\/2020\/2007\/02\/26\/kremtimi-i-javes-se-shenjte-ne-berat\/#primaryimage","url":"https:\/\/lh3.googleusercontent.com\/-iMV6aSpEq7A\/VIlNlA8cW8I\/AAAAAAAAGNA\/bSEN3q2_fcw\/w370-h273-no\/1%2Bdjathtas.jpg","contentUrl":"https:\/\/lh3.googleusercontent.com\/-iMV6aSpEq7A\/VIlNlA8cW8I\/AAAAAAAAGNA\/bSEN3q2_fcw\/w370-h273-no\/1%2Bdjathtas.jpg"},{"@type":"BreadcrumbList","@id":"https:\/\/orthodoxalbania.org\/2020\/2007\/02\/26\/kremtimi-i-javes-se-shenjte-ne-berat\/#breadcrumb","itemListElement":[{"@type":"ListItem","position":1,"name":"Home","item":"https:\/\/orthodoxalbania.org\/2020\/"},{"@type":"ListItem","position":2,"name":"Kremtimi i Jav\u00ebs s\u00eb Shenjt\u00eb n\u00eb Berat. (Prill 2007)"}]},{"@type":"WebSite","@id":"https:\/\/orthodoxalbania.org\/2020\/#website","url":"https:\/\/orthodoxalbania.org\/2020\/","name":"Kisha Orthodh\u03bfkse Autoqefale e Shqip\u00ebris\u00eb","description":"Fqja Zyrtare e Kish\u00ebs Orthodhokse Autoqefale e Shqip\u00ebris\u00eb me lajmet edhe informacionet zyrtare p\u00ebr struktur\u00ebn edhe veprimtarin e saj.","publisher":{"@id":"https:\/\/orthodoxalbania.org\/2020\/#organization"},"potentialAction":[{"@type":"SearchAction","target":{"@type":"EntryPoint","urlTemplate":"https:\/\/orthodoxalbania.org\/2020\/?s={search_term_string}"},"query-input":{"@type":"PropertyValueSpecification","valueRequired":true,"valueName":"search_term_string"}}],"inLanguage":"en-US"},{"@type":"Organization","@id":"https:\/\/orthodoxalbania.org\/2020\/#organization","name":"Kisha Orthodhokse Autoqefale e Shqip\u00ebris\u00eb","url":"https:\/\/orthodoxalbania.org\/2020\/","logo":{"@type":"ImageObject","inLanguage":"en-US","@id":"https:\/\/orthodoxalbania.org\/2020\/#\/schema\/logo\/image\/","url":"https:\/\/orthodoxalbania.org\/2020\/wp-content\/uploads\/2020\/05\/albania.jpeg","contentUrl":"https:\/\/orthodoxalbania.org\/2020\/wp-content\/uploads\/2020\/05\/albania.jpeg","width":540,"height":540,"caption":"Kisha Orthodhokse Autoqefale e Shqip\u00ebris\u00eb"},"image":{"@id":"https:\/\/orthodoxalbania.org\/2020\/#\/schema\/logo\/image\/"},"sameAs":["https:\/\/www.facebook.com\/koash1991"]},{"@type":"Person","@id":"https:\/\/orthodoxalbania.org\/2020\/#\/schema\/person\/0c387634a7063ac612d7ed9ce71c7e86","name":"Kisha Orthodhokse","image":{"@type":"ImageObject","inLanguage":"en-US","@id":"https:\/\/secure.gravatar.com\/avatar\/596e7c417251e30f2fbb9c00e026fce61a695a00e51c889caded71c96cbbdde5?s=96&d=mm&r=g","url":"https:\/\/secure.gravatar.com\/avatar\/596e7c417251e30f2fbb9c00e026fce61a695a00e51c889caded71c96cbbdde5?s=96&d=mm&r=g","contentUrl":"https:\/\/secure.gravatar.com\/avatar\/596e7c417251e30f2fbb9c00e026fce61a695a00e51c889caded71c96cbbdde5?s=96&d=mm&r=g","caption":"Kisha Orthodhokse"}}]}},"_links":{"self":[{"href":"https:\/\/orthodoxalbania.org\/2020\/wp-json\/wp\/v2\/posts\/783","targetHints":{"allow":["GET"]}}],"collection":[{"href":"https:\/\/orthodoxalbania.org\/2020\/wp-json\/wp\/v2\/posts"}],"about":[{"href":"https:\/\/orthodoxalbania.org\/2020\/wp-json\/wp\/v2\/types\/post"}],"author":[{"embeddable":true,"href":"https:\/\/orthodoxalbania.org\/2020\/wp-json\/wp\/v2\/users\/1"}],"replies":[{"embeddable":true,"href":"https:\/\/orthodoxalbania.org\/2020\/wp-json\/wp\/v2\/comments?post=783"}],"version-history":[{"count":1,"href":"https:\/\/orthodoxalbania.org\/2020\/wp-json\/wp\/v2\/posts\/783\/revisions"}],"predecessor-version":[{"id":15716,"href":"https:\/\/orthodoxalbania.org\/2020\/wp-json\/wp\/v2\/posts\/783\/revisions\/15716"}],"wp:attachment":[{"href":"https:\/\/orthodoxalbania.org\/2020\/wp-json\/wp\/v2\/media?parent=783"}],"wp:term":[{"taxonomy":"category","embeddable":true,"href":"https:\/\/orthodoxalbania.org\/2020\/wp-json\/wp\/v2\/categories?post=783"},{"taxonomy":"post_tag","embeddable":true,"href":"https:\/\/orthodoxalbania.org\/2020\/wp-json\/wp\/v2\/tags?post=783"}],"curies":[{"name":"wp","href":"https:\/\/api.w.org\/{rel}","templated":true}]}}