{"id":781,"date":"2007-02-26T00:00:00","date_gmt":"2007-02-26T00:00:00","guid":{"rendered":""},"modified":"2020-04-06T22:35:53","modified_gmt":"2020-04-06T20:35:53","slug":"p","status":"publish","type":"post","link":"https:\/\/orthodoxalbania.org\/2020\/2007\/02\/26\/p\/","title":{"rendered":"Kremtimi i 70-vjetorit t\u00eb dh\u00ebnies s\u00eb Autoqefalis\u00eb. (Prill 2007)"},"content":{"rendered":"<div style=\"text-align: center;\"><strong><span style=\"color: #b22222;\"><span style=\"font-family: tahoma,geneva,sans-serif;\"><span style=\"font-size: 12px;\">\u201cForcimi i Autoqefalis\u00eb s\u00eb v\u00ebrtet\u00eb dhe plot\u00ebsimi i hierarkis\u00eb kishtare \u00ebsht\u00eb pa diskutim vep\u00ebr e Kryepiskopit Anastas\u201d &nbsp;<br \/> &nbsp;&nbsp;&nbsp;&nbsp;&nbsp; &#8211; tha Hir\u00ebsi Joani.<\/span><\/span><\/span><\/strong><\/div>\n<div style=\"text-align: justify;\">&nbsp;<\/div>\n<table id=\"AutoNumber3\" style=\"width: 820px; height: 2315px; margin-right: auto; margin-left: auto;\">\n<tbody>\n<tr>\n<td>\n<div><span style=\"color: #000000;\"><span style=\"font-family: tahoma,geneva,sans-serif;\"><span style=\"font-size: 12px;\"><img decoding=\"async\" class=\"lazyload HAa Eha\" style=\"border-width: 1px; border-style: solid; margin: 10px auto; display: block;\" alt=\"\" src=\"data:image\/gif;base64,R0lGODlhAQABAAAAACH5BAEKAAEALAAAAAABAAEAAAICTAEAOw==\" data-orig-src=\"https:\/\/lh3.googleusercontent.com\/-AIzuuQtJV3E\/VIlfve0JpVI\/AAAAAAAAGQ0\/27XS82Btx2g\/w400-h266-no\/foto1majtas.jpg\" \/><\/span><\/span><\/span><\/div>\n<\/td>\n<td>\n<div style=\"text-align: justify;\"><span style=\"color: #000000;\"><span style=\"font-family: tahoma,geneva,sans-serif;\"><span style=\"font-size: 12px;\">&nbsp;&nbsp;&nbsp;&nbsp; T\u00eb Diel\u00ebn e Thomait, m\u00eb15 prill 2007, n\u00eb kish\u00ebn \u201cUngjill\u00ebzimi i Hyjlind\u00ebses Mari\u201d, n\u00eb Tiran\u00eb, besimtar\u00ebt e shumt\u00eb t\u00eb mbledhur p\u00ebr Liturgjin\u00eb Hyjnore, nj\u00ebkoh\u00ebsisht mor\u00ebn pjes\u00eb edhe n\u00eb kremtimin e g\u00ebzuar p\u00ebr 70-vjetorin e Autoqefalis\u00eb t\u00eb Kish\u00ebs son\u00eb Orthodhokse. 12 prilli i vitit 1937 sh\u00ebnon n\u00eb m\u00ebnyr\u00eb thelb\u00ebsore nj\u00eb ngjarje shum\u00eb t\u00eb r\u00ebnd\u00ebsishme, si\u00e7 u shpreh Kryepiskopi Anastas, p\u00ebr vet\u00eb jet\u00ebn e Kish\u00ebs son\u00eb. Ajo sh\u00ebnon 70-vjetorin e dh\u00ebnies t\u00eb Tomosit t\u00eb Autoqefalis\u00eb nga Patriarkana Ekumenike.<\/span><\/span><\/span><\/div>\n<\/td>\n<\/tr>\n<tr>\n<td>\n<div style=\"text-align: justify;\"><span style=\"color: #000000;\"><span style=\"font-family: tahoma,geneva,sans-serif;\"><span style=\"font-size: 12px;\">&nbsp;&nbsp;&nbsp; &nbsp;<\/span><\/span><\/span><\/div>\n<div style=\"text-align: justify;\"><span style=\"color: #000000;\"><span style=\"font-family: tahoma,geneva,sans-serif;\"><span style=\"font-size: 12px;\">&nbsp;&nbsp; \u201c\u2026N\u00eb mbledhjen e Sinodit t\u00eb Shenjt\u00eb, t\u00eb mbajtur m\u00eb 14 prill 2007, e cila ishte nj\u00eb mbledhje panagjirike \u2013iu drejtua Fortlumturia e Tij besimtar\u00ebve t\u00eb pranish\u00ebm\u2013 vendos\u00ebm q\u00eb sot t\u00eb b\u00ebjm\u00eb Liturgji t\u00eb gjith\u00eb s\u00eb bashku dhe ta g\u00ebzojm\u00eb t\u00eb gjith\u00eb s\u00eb bashku k\u00ebt\u00eb dit\u00eb\u2026\u201d<\/span><\/span><\/span><\/div>\n<div style=\"text-align: justify;\">&nbsp;<\/div>\n<\/td>\n<td>\n<div><span style=\"color: #000000;\"><span style=\"font-family: tahoma,geneva,sans-serif;\"><span style=\"font-size: 12px;\"><img decoding=\"async\" class=\"lazyload HAa Eha\" style=\"border-width: 1px; border-style: solid; margin: 10px auto; display: block;\" alt=\"\" src=\"data:image\/gif;base64,R0lGODlhAQABAAAAACH5BAEKAAEALAAAAAABAAEAAAICTAEAOw==\" data-orig-src=\"https:\/\/lh5.googleusercontent.com\/-Q4YBSQ_VGOk\/VIlfvQuDdiI\/AAAAAAAAGRE\/fVqyfmW_ZnE\/w400-h266-no\/foto2djathtas.jpg\" \/><\/span><\/span><\/span><\/div>\n<\/td>\n<\/tr>\n<tr>\n<td>\n<div><span style=\"color: #000000;\"><span style=\"font-family: tahoma,geneva,sans-serif;\"><span style=\"font-size: 12px;\"><img decoding=\"async\" class=\"lazyload HAa Eha\" style=\"border-width: 1px; border-style: solid; margin: 10px auto; display: block;\" alt=\"\" src=\"data:image\/gif;base64,R0lGODlhAQABAAAAACH5BAEKAAEALAAAAAABAAEAAAICTAEAOw==\" data-orig-src=\"https:\/\/lh3.googleusercontent.com\/-PBRTXwXRQgQ\/VIlfvWVjoxI\/AAAAAAAAGRA\/IatyqBFiBqg\/w242-h400-no\/foto3majtas.jpg\" \/><\/span><\/span><\/span><\/div>\n<\/td>\n<td>\n<div style=\"text-align: justify;\"><span style=\"color: #000000;\"><span style=\"font-family: tahoma,geneva,sans-serif;\"><span style=\"font-size: 12px;\">&nbsp;&nbsp;&nbsp;&nbsp; N\u00eb k\u00ebt\u00eb Liturgji Hyjnore festive dhe sinodike, q\u00eb u krye nga an\u00ebtar\u00ebt e Sinodit t\u00eb Shenjt\u00eb, Hir\u00ebsia e Tij Joani, Mitropolit i Kor\u00e7\u00ebs, lexoi para besimtar\u00ebve t\u00eb pranish\u00ebm TOMOSIN e Patriarkan\u00ebs Ekumenike p\u00ebr dh\u00ebnien e Autoqefalis\u00eb Kish\u00ebs son\u00eb.<\/span><\/span><\/span><\/div>\n<\/td>\n<\/tr>\n<tr>\n<td>\n<div style=\"text-align: justify;\"><span style=\"color: #000000;\"><span style=\"font-family: tahoma,geneva,sans-serif;\"><span style=\"font-size: 12px;\">&nbsp;&nbsp;&nbsp;&nbsp;<\/span><\/span><\/span><\/div>\n<div style=\"text-align: justify;\"><span style=\"color: #000000;\"><span style=\"font-family: tahoma,geneva,sans-serif;\"><span style=\"font-size: 12px;\">&nbsp;&nbsp;&nbsp; \u201cKisha jon\u00eb mori vendin e saj n\u00eb gjith\u00eb sistemin organik t\u00eb Kish\u00ebs Orthodhokse \u2013tha m\u00eb pas Kryepiskopi Anastas. N\u00ebse nuk do t\u00eb kishim k\u00ebt\u00eb Tomos, \u00e7far\u00ebdo q\u00eb t\u00eb thoshim nuk do t\u00eb ishim t\u00eb njohur zyrtarisht si Kish\u00eb Autoqefale, sikund\u00ebr ndodh tani me kish\u00ebn fqinj\u00eb me qend\u00ebr n\u00eb Shkup, q\u00eb thon\u00eb se jan\u00eb t\u00eb pavarur, por deri tani nuk i njeh askush. Termin \u201cAutoqefal\u201d, madje nuk e kuptojn\u00eb edhe disa pseudointelektual\u00eb, q\u00eb b\u00ebjn\u00eb pjes\u00eb n\u00eb disa organizata t\u00eb tjera, n\u00eb komunitete t\u00eb tjera fetare, ose q\u00eb nuk jan\u00eb askund, t\u00eb cil\u00ebt mendojn\u00eb se kjo do t\u00eb thot\u00eb t\u00eb pavarur nga ndonj\u00eb fuqi e jashtme.<\/span><\/span><\/span><\/div>\n<\/td>\n<td>\n<div style=\"text-align: center;\"><span style=\"color: #000000;\"><span style=\"font-family: tahoma,geneva,sans-serif;\"><span style=\"font-size: 12px;\"><img decoding=\"async\" class=\"lazyload HAa Eha\" style=\"margin: 10px auto; display: block; border: 1px solid;\" alt=\"\" src=\"data:image\/gif;base64,R0lGODlhAQABAAAAACH5BAEKAAEALAAAAAABAAEAAAICTAEAOw==\" data-orig-src=\"https:\/\/lh5.googleusercontent.com\/-5zx-R3ykYn0\/VIlfv-3Pb5I\/AAAAAAAAGQw\/eET_8jfV9Sw\/w266-h400-no\/foto4djathtas.jpg\" \/> &nbsp;&nbsp;&nbsp;&nbsp;<\/span><\/span><\/span><\/div>\n<\/td>\n<\/tr>\n<tr>\n<td>\n<div><span style=\"color: #000000;\"><span style=\"font-family: tahoma,geneva,sans-serif;\"><span style=\"font-size: 12px;\"><img decoding=\"async\" class=\"lazyload HAa Eha\" style=\"border-width: 1px; border-style: solid; margin: 10px auto; display: block;\" alt=\"\" src=\"data:image\/gif;base64,R0lGODlhAQABAAAAACH5BAEKAAEALAAAAAABAAEAAAICTAEAOw==\" data-orig-src=\"https:\/\/lh5.googleusercontent.com\/-1cWLvNYMP6M\/VIlfwBvs6FI\/AAAAAAAAGRI\/heHRjoiHI4E\/w400-h266-no\/foto5majtas.jpg\" \/><br \/> &nbsp;&nbsp;&nbsp;&nbsp;<\/span><\/span><\/span><\/div>\n<\/td>\n<td>\n<div style=\"text-align: justify;\"><span style=\"color: #000000;\"><span style=\"font-family: tahoma,geneva,sans-serif;\"><span style=\"font-size: 12px;\">&nbsp;&nbsp;&nbsp; Por fakti \u00ebsht\u00eb se ne jemi autoqefal\u00eb, t\u00eb pavarur, nga \u00e7do gj\u00eb q\u00eb ndodhet jasht\u00eb Kish\u00ebs Orthodhokse, nga \u00e7do organ shtet\u00ebror apo nga kushdo q\u00eb k\u00ebrkon t\u00eb nd\u00ebrhyj\u00eb n\u00eb pun\u00ebt e brendshme t\u00eb Kish\u00ebs. Kjo ka nj\u00eb r\u00ebnd\u00ebsi t\u00eb ve\u00e7ant\u00eb dhe duhet ta kuptojm\u00eb, sepse shum\u00eb njer\u00ebz q\u00eb nuk i kan\u00eb njohurit\u00eb p\u00ebrkat\u00ebse shkruajn\u00eb n\u00ebp\u00ebr gazeta artikuj krejt t\u00eb pavend e t\u00eb pamend, ku p\u00ebrdorin shum\u00eb her\u00eb fjal\u00ebn \u201cAutoqefale\u201d. Tomosi, \u00ebsht\u00eb dokumenti q\u00eb ndalon \u00e7do nd\u00ebrhyrje q\u00eb mund t\u00eb b\u00ebhet, madje edhe nga parlamenti apo organe t\u00eb tjera n\u00eb pun\u00ebt e brendshme t\u00eb Kish\u00ebs s\u00eb Shqip\u00ebris\u00eb.\u201d<\/span><\/span><\/span><\/div>\n<\/td>\n<\/tr>\n<tr>\n<td dir=\"ltr\">\n<div style=\"text-align: justify;\"> <span style=\"color: #000000;\"><span style=\"font-family: tahoma,geneva,sans-serif;\"><span style=\"font-size: 12px;\">&nbsp;&nbsp;&nbsp;&nbsp; M\u00eb tej, e mori fjal\u00ebn Hir\u00ebsi Joani, i cili tha: \u201cP\u00ebrve\u00e7 shpalljes, Autoqefalia e dh\u00ebn\u00eb para 70 vjet\u00ebsh nuk pati nj\u00eb jet\u00eb t\u00eb gjat\u00eb. Madje vet\u00ebm dy vite ishin realisht me nj\u00eb Kish\u00eb Autoqefale, sepse m\u00eb 1939 erdhi pushtimi italian dhe m\u00eb pas regjimi komunist, ku Kisha ndodhej n\u00eb nj\u00eb presion shum\u00eb t\u00eb madh. Kur u rihap Kisha jon\u00eb, Patriarkana Ekumenike mori iniciativ\u00ebn dhe caktoi Kryepiskopin ton\u00eb t\u00eb dashur p\u00ebr t\u00eb ardhur k\u00ebtu. Dhe ju t\u00eb gjith\u00eb duhet t\u00eb dini se nj\u00eb nga mbrojt\u00ebsit e Autoqefalis\u00eb s\u00eb Kish\u00ebs son\u00eb u tregua Kryepiskopi Anastas, sepse shum\u00eb z\u00ebra filluan t\u00eb flisnin se n\u00ebse Kisha ishte shkat\u00ebrruar dhe nuk ekziston, at\u00ebher\u00eb edhe Autoqefalia nuk ekziston m\u00eb.<\/span><\/span><\/span><\/div>\n<\/td>\n<td dir=\"ltr\">\n<div><span style=\"color: #000000;\"><span style=\"font-family: tahoma,geneva,sans-serif;\"><span style=\"font-size: 12px;\"><img decoding=\"async\" class=\"lazyload HAa Eha\" style=\"border-width: 1px; border-style: solid; margin: 10px auto; display: block;\" alt=\"\" src=\"data:image\/gif;base64,R0lGODlhAQABAAAAACH5BAEKAAEALAAAAAABAAEAAAICTAEAOw==\" data-orig-src=\"https:\/\/lh6.googleusercontent.com\/-WZUrOD4n8o4\/VIlfwDthlyI\/AAAAAAAAGQ4\/rFCpt9Gdnro\/w400-h246-no\/foto6djathtas.jpg\" \/><\/span><\/span><\/span><\/div>\n<\/td>\n<\/tr>\n<tr>\n<td colspan=\"2\">\n<div style=\"text-align: justify;\"><span style=\"color: #000000;\"><span style=\"font-family: tahoma,geneva,sans-serif;\"><span style=\"font-size: 12px;\">&nbsp;<br \/> &nbsp;&nbsp;&nbsp;&nbsp; E n\u00eb k\u00ebto z\u00ebra ishin edhe kanonist\u00eb t\u00eb d\u00ebgjuar, njer\u00ebz t\u00eb shquar t\u00eb Kishave Orthodhokse, ndaj p\u00ebr ardhjen k\u00ebtu Kryepiskopi vendosi tri kushte, nj\u00eb nga t\u00eb cilat ishte njohja e Autoqefalis\u00eb. Dhe jo vet\u00ebm njohja e Autoqefalis\u00eb, por k\u00ebrkesa duhej t\u00eb vinte, si\u00e7 erdhi p\u00ebr Tomosin, nga vet\u00eb Kisha k\u00ebtu. K\u00ebshtu q\u00eb ishte Kisha jon\u00eb e cila i k\u00ebrkoi p\u00ebrs\u00ebri Patriarkan\u00ebs Ekumenike t\u00eb themelonte e t\u00eb rivendoste Sinodin dhe Kryepiskopin.<\/span><\/span><\/span><\/div>\n<div style=\"text-align: justify;\">&nbsp;<\/div>\n<div style=\"text-align: justify;\"><span style=\"color: #000000;\"><span style=\"font-family: tahoma,geneva,sans-serif;\"><span style=\"font-size: 12px;\">&nbsp;&nbsp;&nbsp; Forcimi i Autoqefalis\u00eb s\u00eb v\u00ebrtet\u00eb dhe plot\u00ebsimi i hierarkis\u00eb kishtare \u00ebsht\u00eb pa diskutim vep\u00ebr e Kryepiskopit Anastas. Un\u00eb besoj se disa gj\u00ebra q\u00eb shkruajn\u00eb jan\u00eb jo vet\u00ebm t\u00eb pav\u00ebrteta, por e kund\u00ebrta \u00ebsht\u00eb e v\u00ebrtet\u00eb, sepse Kryepiskopi Anastas u tregua gjat\u00eb gjith\u00eb k\u00ebtyre viteve mbrojt\u00ebsi, konsoliduesi dhe forcuesi i k\u00ebsaj Autoqefalie. Si\u00e7 e p\u00ebrmendi Kryepiskopi, Autoqefalia nuk \u00ebsht\u00eb vet\u00ebm thjesht i pavarur nga kishat e tjera, sepse me kishat e tjera orthodhokse ne jemi t\u00eb lidhur n\u00eb m\u00ebnyr\u00eb dogmatike, por Autoqefali do t\u00eb thot\u00eb e pavarur nga \u00e7do grupim q\u00eb ndodhet jasht\u00eb apo brenda vendit, si\u00e7 theksohet edhe te Tomosi, p\u00ebr t\u00eb cilin Shteti Shqiptar i asaj kohe i dha garanci Patriarkan\u00ebs, q\u00eb nuk do t\u00eb nd\u00ebrhynte n\u00eb \u00e7\u00ebshtjet e brendshme t\u00eb Kish\u00ebs. Pik\u00ebrisht kjo ishte edhe nj\u00eb nga arsyet q\u00eb Patriarkana dha Autoqefalin\u00eb. Kjo Autoqefali \u00ebsht\u00eb e nj\u00ebjta edhe sot, q\u00eb shteti duhet t\u00eb garantoj\u00eb pavar\u00ebsin\u00eb e brendshme t\u00eb Kish\u00ebs son\u00eb Orthodhokse.<\/span><\/span><\/span><\/div>\n<div style=\"text-align: justify;\">&nbsp;<\/div>\n<div style=\"text-align: justify;\"><span style=\"color: #000000;\"><span style=\"font-family: tahoma,geneva,sans-serif;\"><span style=\"font-size: 12px;\">&nbsp;&nbsp;&nbsp; Un\u00eb, meqen\u00ebse kam sot rastin, do t\u00eb shpreh fal\u00ebnderimin p\u00ebr Kryepiskopin, p\u00ebr vepr\u00ebn e tij t\u00eb madhe jo vet\u00ebm n\u00eb rind\u00ebrtimin e Kish\u00ebs, q\u00eb \u00ebsht\u00eb gj\u00ebja themelore, por edhe n\u00eb forcimin dhe konsolidimin e k\u00ebsaj Autoqefalie. Per\u00ebndia t\u2019i jap\u00eb jet\u00eb t\u00eb gjat\u00eb, t\u2019i jap\u00eb fuqi p\u00ebr t\u00eb mir\u00ebn ton\u00eb dhe t\u00eb mir\u00ebn e Krishterimit kudo n\u00eb bot\u00eb.<\/span><\/span><\/span><\/div>\n<div style=\"text-align: justify;\">&nbsp;<\/div>\n<div style=\"text-align: justify;\"><span style=\"color: #000000;\"><span style=\"font-family: tahoma,geneva,sans-serif;\"><span style=\"font-size: 12px;\">&nbsp;&nbsp;&nbsp; Gjat\u00eb k\u00ebsaj Liturgjie Hyjnore u b\u00eb dor\u00ebzimi n\u00eb dhjak i z. Spiro Kostoli, i cili ka mbaruar studimet n\u00eb Akademin\u00eb ton\u00eb Teologjike dhe m\u00eb pas ka studiuar jasht\u00eb p\u00ebr Muzik\u00eb Bizantine, l\u00ebnd\u00eb t\u00eb cil\u00ebn e jep si pedagog n\u00eb Akademin\u00eb ton\u00eb Teologjike n\u00eb Sh\u00ebn Vlash, duke qen\u00eb shum\u00eb aktiv edhe n\u00eb koret e Kish\u00ebs. Gjithashtu, ai vjen nga nj\u00eb familje orthodhokse me tradita dhe ka edhe nj\u00eb mot\u00ebr murgesh\u00eb.<\/span><\/span><\/span><\/div>\n<div style=\"text-align: justify;\">&nbsp;<\/div>\n<div dir=\"ltr\" style=\"text-align: justify;\">&nbsp;<\/div>\n<\/td>\n<\/tr>\n<tr>\n<td colspan=\"2\">\n<div style=\"text-align: justify;\"><span style=\"color: #000000;\"><span style=\"font-family: tahoma,geneva,sans-serif;\"><span style=\"font-size: 12px;\"><strong>Luljeta Pjetri<\/strong><\/span><\/span><\/span><\/div>\n<\/td>\n<\/tr>\n<\/tbody>\n<\/table>\n","protected":false},"excerpt":{"rendered":"<p>\u201cForcimi i Autoqefalis\u00eb s\u00eb v\u00ebrtet\u00eb dhe plot\u00ebsimi i hierarkis\u00eb kishtare \u00ebsht\u00eb pa diskutim vep\u00ebr e Kryepiskopit Anastas\u201d &nbsp; &nbsp;&nbsp;&nbsp;&nbsp;&nbsp; &#8211; tha Hir\u00ebsi Joani. &nbsp; &nbsp;&nbsp;&nbsp;&nbsp; T\u00eb Diel\u00ebn e Thomait, m\u00eb15 prill 2007, n\u00eb kish\u00ebn \u201cUngjill\u00ebzimi i Hyjlind\u00ebses Mari\u201d, n\u00eb Tiran\u00eb, besimtar\u00ebt e shumt\u00eb t\u00eb mbledhur p\u00ebr Liturgjin\u00eb Hyjnore, nj\u00ebkoh\u00ebsisht mor\u00ebn pjes\u00eb edhe n\u00eb kremtimin e g\u00ebzuar p\u00ebr 70-vjetorin e Autoqefalis\u00eb t\u00eb Kish\u00ebs son\u00eb Orthodhokse. 12<\/p>\n","protected":false},"author":1,"featured_media":0,"comment_status":"open","ping_status":"open","sticky":false,"template":"","format":"standard","meta":{"_acf_changed":false,"pagelayer_contact_templates":[],"_pagelayer_content":"","inline_featured_image":false,"fifu_image_url":"","fifu_image_alt":"","footnotes":""},"categories":[108],"tags":[147,153,196,201,212],"class_list":["post-781","post","type-post","status-publish","format-standard","hentry","category-lajme","tag-147","tag-deklarata-njoftime-zyrtare-d75","tag-tirane","tag-kryepiskopi-anastas","tag-lajme-d27"],"acf":[],"yoast_head":"<!-- This site is optimized with the Yoast SEO plugin v27.2 - https:\/\/yoast.com\/product\/yoast-seo-wordpress\/ -->\n<title>Kremtimi i 70-vjetorit t\u00eb dh\u00ebnies s\u00eb Autoqefalis\u00eb. (Prill 2007) - Kisha Orthodh\u03bfkse Autoqefale e Shqip\u00ebris\u00eb<\/title>\n<meta name=\"robots\" content=\"index, follow, max-snippet:-1, max-image-preview:large, max-video-preview:-1\" \/>\n<link rel=\"canonical\" href=\"https:\/\/orthodoxalbania.org\/2020\/2007\/02\/26\/p\/\" \/>\n<meta property=\"og:locale\" content=\"en_US\" \/>\n<meta property=\"og:type\" content=\"article\" \/>\n<meta property=\"og:title\" content=\"Kremtimi i 70-vjetorit t\u00eb dh\u00ebnies s\u00eb Autoqefalis\u00eb. (Prill 2007) - Kisha Orthodh\u03bfkse Autoqefale e Shqip\u00ebris\u00eb\" \/>\n<meta property=\"og:description\" content=\"\u201cForcimi i Autoqefalis\u00eb s\u00eb v\u00ebrtet\u00eb dhe plot\u00ebsimi i hierarkis\u00eb kishtare \u00ebsht\u00eb pa diskutim vep\u00ebr e Kryepiskopit Anastas\u201d &nbsp; &nbsp;&nbsp;&nbsp;&nbsp;&nbsp; &#8211; tha Hir\u00ebsi Joani. &nbsp; &nbsp;&nbsp;&nbsp;&nbsp; T\u00eb Diel\u00ebn e Thomait, m\u00eb15 prill 2007, n\u00eb kish\u00ebn \u201cUngjill\u00ebzimi i Hyjlind\u00ebses Mari\u201d, n\u00eb Tiran\u00eb, besimtar\u00ebt e shumt\u00eb t\u00eb mbledhur p\u00ebr Liturgjin\u00eb Hyjnore, nj\u00ebkoh\u00ebsisht mor\u00ebn pjes\u00eb edhe n\u00eb kremtimin e g\u00ebzuar p\u00ebr 70-vjetorin e Autoqefalis\u00eb t\u00eb Kish\u00ebs son\u00eb Orthodhokse. 12\" \/>\n<meta property=\"og:url\" content=\"https:\/\/orthodoxalbania.org\/2020\/2007\/02\/26\/p\/\" \/>\n<meta property=\"og:site_name\" content=\"Kisha Orthodh\u03bfkse Autoqefale e Shqip\u00ebris\u00eb\" \/>\n<meta property=\"article:publisher\" content=\"https:\/\/www.facebook.com\/koash1991\" \/>\n<meta property=\"article:published_time\" content=\"2007-02-26T00:00:00+00:00\" \/>\n<meta property=\"article:modified_time\" content=\"2020-04-06T20:35:53+00:00\" \/>\n<meta property=\"og:image\" content=\"https:\/\/lh3.googleusercontent.com\/-AIzuuQtJV3E\/VIlfve0JpVI\/AAAAAAAAGQ0\/27XS82Btx2g\/w400-h266-no\/foto1majtas.jpg\" \/>\n<meta name=\"author\" content=\"Kisha Orthodhokse\" \/>\n<meta name=\"twitter:card\" content=\"summary_large_image\" \/>\n<meta name=\"twitter:label1\" content=\"Written by\" \/>\n\t<meta name=\"twitter:data1\" content=\"Kisha Orthodhokse\" \/>\n\t<meta name=\"twitter:label2\" content=\"Est. reading time\" \/>\n\t<meta name=\"twitter:data2\" content=\"5 minutes\" \/>\n<script type=\"application\/ld+json\" class=\"yoast-schema-graph\">{\"@context\":\"https:\/\/schema.org\",\"@graph\":[{\"@type\":\"Article\",\"@id\":\"https:\/\/orthodoxalbania.org\/2020\/2007\/02\/26\/p\/#article\",\"isPartOf\":{\"@id\":\"https:\/\/orthodoxalbania.org\/2020\/2007\/02\/26\/p\/\"},\"author\":{\"name\":\"Kisha Orthodhokse\",\"@id\":\"https:\/\/orthodoxalbania.org\/2020\/#\/schema\/person\/0c387634a7063ac612d7ed9ce71c7e86\"},\"headline\":\"Kremtimi i 70-vjetorit t\u00eb dh\u00ebnies s\u00eb Autoqefalis\u00eb. (Prill 2007)\",\"datePublished\":\"2007-02-26T00:00:00+00:00\",\"dateModified\":\"2020-04-06T20:35:53+00:00\",\"mainEntityOfPage\":{\"@id\":\"https:\/\/orthodoxalbania.org\/2020\/2007\/02\/26\/p\/\"},\"wordCount\":1058,\"commentCount\":0,\"publisher\":{\"@id\":\"https:\/\/orthodoxalbania.org\/2020\/#organization\"},\"image\":{\"@id\":\"https:\/\/orthodoxalbania.org\/2020\/2007\/02\/26\/p\/#primaryimage\"},\"thumbnailUrl\":\"https:\/\/lh3.googleusercontent.com\/-AIzuuQtJV3E\/VIlfve0JpVI\/AAAAAAAAGQ0\/27XS82Btx2g\/w400-h266-no\/foto1majtas.jpg\",\"keywords\":[\"2007\",\"Deklarata - Njoftime Zyrtare\",\"Kryepiskopata Tiran\u00eb\",\"Kryepiskopi Anastas\",\"lajme\"],\"articleSection\":[\"Lajme\"],\"inLanguage\":\"en-US\"},{\"@type\":\"WebPage\",\"@id\":\"https:\/\/orthodoxalbania.org\/2020\/2007\/02\/26\/p\/\",\"url\":\"https:\/\/orthodoxalbania.org\/2020\/2007\/02\/26\/p\/\",\"name\":\"Kremtimi i 70-vjetorit t\u00eb dh\u00ebnies s\u00eb Autoqefalis\u00eb. (Prill 2007) - Kisha Orthodh\u03bfkse Autoqefale e Shqip\u00ebris\u00eb\",\"isPartOf\":{\"@id\":\"https:\/\/orthodoxalbania.org\/2020\/#website\"},\"primaryImageOfPage\":{\"@id\":\"https:\/\/orthodoxalbania.org\/2020\/2007\/02\/26\/p\/#primaryimage\"},\"image\":{\"@id\":\"https:\/\/orthodoxalbania.org\/2020\/2007\/02\/26\/p\/#primaryimage\"},\"thumbnailUrl\":\"https:\/\/lh3.googleusercontent.com\/-AIzuuQtJV3E\/VIlfve0JpVI\/AAAAAAAAGQ0\/27XS82Btx2g\/w400-h266-no\/foto1majtas.jpg\",\"datePublished\":\"2007-02-26T00:00:00+00:00\",\"dateModified\":\"2020-04-06T20:35:53+00:00\",\"breadcrumb\":{\"@id\":\"https:\/\/orthodoxalbania.org\/2020\/2007\/02\/26\/p\/#breadcrumb\"},\"inLanguage\":\"en-US\",\"potentialAction\":[{\"@type\":\"ReadAction\",\"target\":[\"https:\/\/orthodoxalbania.org\/2020\/2007\/02\/26\/p\/\"]}]},{\"@type\":\"ImageObject\",\"inLanguage\":\"en-US\",\"@id\":\"https:\/\/orthodoxalbania.org\/2020\/2007\/02\/26\/p\/#primaryimage\",\"url\":\"https:\/\/lh3.googleusercontent.com\/-AIzuuQtJV3E\/VIlfve0JpVI\/AAAAAAAAGQ0\/27XS82Btx2g\/w400-h266-no\/foto1majtas.jpg\",\"contentUrl\":\"https:\/\/lh3.googleusercontent.com\/-AIzuuQtJV3E\/VIlfve0JpVI\/AAAAAAAAGQ0\/27XS82Btx2g\/w400-h266-no\/foto1majtas.jpg\"},{\"@type\":\"BreadcrumbList\",\"@id\":\"https:\/\/orthodoxalbania.org\/2020\/2007\/02\/26\/p\/#breadcrumb\",\"itemListElement\":[{\"@type\":\"ListItem\",\"position\":1,\"name\":\"Home\",\"item\":\"https:\/\/orthodoxalbania.org\/2020\/\"},{\"@type\":\"ListItem\",\"position\":2,\"name\":\"Kremtimi i 70-vjetorit t\u00eb dh\u00ebnies s\u00eb Autoqefalis\u00eb. (Prill 2007)\"}]},{\"@type\":\"WebSite\",\"@id\":\"https:\/\/orthodoxalbania.org\/2020\/#website\",\"url\":\"https:\/\/orthodoxalbania.org\/2020\/\",\"name\":\"Kisha Orthodh\u03bfkse Autoqefale e Shqip\u00ebris\u00eb\",\"description\":\"Fqja Zyrtare e Kish\u00ebs Orthodhokse Autoqefale e Shqip\u00ebris\u00eb me lajmet edhe informacionet zyrtare p\u00ebr struktur\u00ebn edhe veprimtarin e saj.\",\"publisher\":{\"@id\":\"https:\/\/orthodoxalbania.org\/2020\/#organization\"},\"potentialAction\":[{\"@type\":\"SearchAction\",\"target\":{\"@type\":\"EntryPoint\",\"urlTemplate\":\"https:\/\/orthodoxalbania.org\/2020\/?s={search_term_string}\"},\"query-input\":{\"@type\":\"PropertyValueSpecification\",\"valueRequired\":true,\"valueName\":\"search_term_string\"}}],\"inLanguage\":\"en-US\"},{\"@type\":\"Organization\",\"@id\":\"https:\/\/orthodoxalbania.org\/2020\/#organization\",\"name\":\"Kisha Orthodhokse Autoqefale e Shqip\u00ebris\u00eb\",\"url\":\"https:\/\/orthodoxalbania.org\/2020\/\",\"logo\":{\"@type\":\"ImageObject\",\"inLanguage\":\"en-US\",\"@id\":\"https:\/\/orthodoxalbania.org\/2020\/#\/schema\/logo\/image\/\",\"url\":\"https:\/\/orthodoxalbania.org\/2020\/wp-content\/uploads\/2020\/05\/albania.jpeg\",\"contentUrl\":\"https:\/\/orthodoxalbania.org\/2020\/wp-content\/uploads\/2020\/05\/albania.jpeg\",\"width\":540,\"height\":540,\"caption\":\"Kisha Orthodhokse Autoqefale e Shqip\u00ebris\u00eb\"},\"image\":{\"@id\":\"https:\/\/orthodoxalbania.org\/2020\/#\/schema\/logo\/image\/\"},\"sameAs\":[\"https:\/\/www.facebook.com\/koash1991\"]},{\"@type\":\"Person\",\"@id\":\"https:\/\/orthodoxalbania.org\/2020\/#\/schema\/person\/0c387634a7063ac612d7ed9ce71c7e86\",\"name\":\"Kisha Orthodhokse\",\"image\":{\"@type\":\"ImageObject\",\"inLanguage\":\"en-US\",\"@id\":\"https:\/\/secure.gravatar.com\/avatar\/596e7c417251e30f2fbb9c00e026fce61a695a00e51c889caded71c96cbbdde5?s=96&d=mm&r=g\",\"url\":\"https:\/\/secure.gravatar.com\/avatar\/596e7c417251e30f2fbb9c00e026fce61a695a00e51c889caded71c96cbbdde5?s=96&d=mm&r=g\",\"contentUrl\":\"https:\/\/secure.gravatar.com\/avatar\/596e7c417251e30f2fbb9c00e026fce61a695a00e51c889caded71c96cbbdde5?s=96&d=mm&r=g\",\"caption\":\"Kisha Orthodhokse\"}}]}<\/script>\n<!-- \/ Yoast SEO plugin. -->","yoast_head_json":{"title":"Kremtimi i 70-vjetorit t\u00eb dh\u00ebnies s\u00eb Autoqefalis\u00eb. (Prill 2007) - Kisha Orthodh\u03bfkse Autoqefale e Shqip\u00ebris\u00eb","robots":{"index":"index","follow":"follow","max-snippet":"max-snippet:-1","max-image-preview":"max-image-preview:large","max-video-preview":"max-video-preview:-1"},"canonical":"https:\/\/orthodoxalbania.org\/2020\/2007\/02\/26\/p\/","og_locale":"en_US","og_type":"article","og_title":"Kremtimi i 70-vjetorit t\u00eb dh\u00ebnies s\u00eb Autoqefalis\u00eb. (Prill 2007) - Kisha Orthodh\u03bfkse Autoqefale e Shqip\u00ebris\u00eb","og_description":"\u201cForcimi i Autoqefalis\u00eb s\u00eb v\u00ebrtet\u00eb dhe plot\u00ebsimi i hierarkis\u00eb kishtare \u00ebsht\u00eb pa diskutim vep\u00ebr e Kryepiskopit Anastas\u201d &nbsp; &nbsp;&nbsp;&nbsp;&nbsp;&nbsp; &#8211; tha Hir\u00ebsi Joani. &nbsp; &nbsp;&nbsp;&nbsp;&nbsp; T\u00eb Diel\u00ebn e Thomait, m\u00eb15 prill 2007, n\u00eb kish\u00ebn \u201cUngjill\u00ebzimi i Hyjlind\u00ebses Mari\u201d, n\u00eb Tiran\u00eb, besimtar\u00ebt e shumt\u00eb t\u00eb mbledhur p\u00ebr Liturgjin\u00eb Hyjnore, nj\u00ebkoh\u00ebsisht mor\u00ebn pjes\u00eb edhe n\u00eb kremtimin e g\u00ebzuar p\u00ebr 70-vjetorin e Autoqefalis\u00eb t\u00eb Kish\u00ebs son\u00eb Orthodhokse. 12","og_url":"https:\/\/orthodoxalbania.org\/2020\/2007\/02\/26\/p\/","og_site_name":"Kisha Orthodh\u03bfkse Autoqefale e Shqip\u00ebris\u00eb","article_publisher":"https:\/\/www.facebook.com\/koash1991","article_published_time":"2007-02-26T00:00:00+00:00","article_modified_time":"2020-04-06T20:35:53+00:00","og_image":[{"url":"https:\/\/lh3.googleusercontent.com\/-AIzuuQtJV3E\/VIlfve0JpVI\/AAAAAAAAGQ0\/27XS82Btx2g\/w400-h266-no\/foto1majtas.jpg","type":"","width":"","height":""}],"author":"Kisha Orthodhokse","twitter_card":"summary_large_image","twitter_misc":{"Written by":"Kisha Orthodhokse","Est. reading time":"5 minutes"},"schema":{"@context":"https:\/\/schema.org","@graph":[{"@type":"Article","@id":"https:\/\/orthodoxalbania.org\/2020\/2007\/02\/26\/p\/#article","isPartOf":{"@id":"https:\/\/orthodoxalbania.org\/2020\/2007\/02\/26\/p\/"},"author":{"name":"Kisha Orthodhokse","@id":"https:\/\/orthodoxalbania.org\/2020\/#\/schema\/person\/0c387634a7063ac612d7ed9ce71c7e86"},"headline":"Kremtimi i 70-vjetorit t\u00eb dh\u00ebnies s\u00eb Autoqefalis\u00eb. (Prill 2007)","datePublished":"2007-02-26T00:00:00+00:00","dateModified":"2020-04-06T20:35:53+00:00","mainEntityOfPage":{"@id":"https:\/\/orthodoxalbania.org\/2020\/2007\/02\/26\/p\/"},"wordCount":1058,"commentCount":0,"publisher":{"@id":"https:\/\/orthodoxalbania.org\/2020\/#organization"},"image":{"@id":"https:\/\/orthodoxalbania.org\/2020\/2007\/02\/26\/p\/#primaryimage"},"thumbnailUrl":"https:\/\/lh3.googleusercontent.com\/-AIzuuQtJV3E\/VIlfve0JpVI\/AAAAAAAAGQ0\/27XS82Btx2g\/w400-h266-no\/foto1majtas.jpg","keywords":["2007","Deklarata - Njoftime Zyrtare","Kryepiskopata Tiran\u00eb","Kryepiskopi Anastas","lajme"],"articleSection":["Lajme"],"inLanguage":"en-US"},{"@type":"WebPage","@id":"https:\/\/orthodoxalbania.org\/2020\/2007\/02\/26\/p\/","url":"https:\/\/orthodoxalbania.org\/2020\/2007\/02\/26\/p\/","name":"Kremtimi i 70-vjetorit t\u00eb dh\u00ebnies s\u00eb Autoqefalis\u00eb. (Prill 2007) - Kisha Orthodh\u03bfkse Autoqefale e Shqip\u00ebris\u00eb","isPartOf":{"@id":"https:\/\/orthodoxalbania.org\/2020\/#website"},"primaryImageOfPage":{"@id":"https:\/\/orthodoxalbania.org\/2020\/2007\/02\/26\/p\/#primaryimage"},"image":{"@id":"https:\/\/orthodoxalbania.org\/2020\/2007\/02\/26\/p\/#primaryimage"},"thumbnailUrl":"https:\/\/lh3.googleusercontent.com\/-AIzuuQtJV3E\/VIlfve0JpVI\/AAAAAAAAGQ0\/27XS82Btx2g\/w400-h266-no\/foto1majtas.jpg","datePublished":"2007-02-26T00:00:00+00:00","dateModified":"2020-04-06T20:35:53+00:00","breadcrumb":{"@id":"https:\/\/orthodoxalbania.org\/2020\/2007\/02\/26\/p\/#breadcrumb"},"inLanguage":"en-US","potentialAction":[{"@type":"ReadAction","target":["https:\/\/orthodoxalbania.org\/2020\/2007\/02\/26\/p\/"]}]},{"@type":"ImageObject","inLanguage":"en-US","@id":"https:\/\/orthodoxalbania.org\/2020\/2007\/02\/26\/p\/#primaryimage","url":"https:\/\/lh3.googleusercontent.com\/-AIzuuQtJV3E\/VIlfve0JpVI\/AAAAAAAAGQ0\/27XS82Btx2g\/w400-h266-no\/foto1majtas.jpg","contentUrl":"https:\/\/lh3.googleusercontent.com\/-AIzuuQtJV3E\/VIlfve0JpVI\/AAAAAAAAGQ0\/27XS82Btx2g\/w400-h266-no\/foto1majtas.jpg"},{"@type":"BreadcrumbList","@id":"https:\/\/orthodoxalbania.org\/2020\/2007\/02\/26\/p\/#breadcrumb","itemListElement":[{"@type":"ListItem","position":1,"name":"Home","item":"https:\/\/orthodoxalbania.org\/2020\/"},{"@type":"ListItem","position":2,"name":"Kremtimi i 70-vjetorit t\u00eb dh\u00ebnies s\u00eb Autoqefalis\u00eb. (Prill 2007)"}]},{"@type":"WebSite","@id":"https:\/\/orthodoxalbania.org\/2020\/#website","url":"https:\/\/orthodoxalbania.org\/2020\/","name":"Kisha Orthodh\u03bfkse Autoqefale e Shqip\u00ebris\u00eb","description":"Fqja Zyrtare e Kish\u00ebs Orthodhokse Autoqefale e Shqip\u00ebris\u00eb me lajmet edhe informacionet zyrtare p\u00ebr struktur\u00ebn edhe veprimtarin e saj.","publisher":{"@id":"https:\/\/orthodoxalbania.org\/2020\/#organization"},"potentialAction":[{"@type":"SearchAction","target":{"@type":"EntryPoint","urlTemplate":"https:\/\/orthodoxalbania.org\/2020\/?s={search_term_string}"},"query-input":{"@type":"PropertyValueSpecification","valueRequired":true,"valueName":"search_term_string"}}],"inLanguage":"en-US"},{"@type":"Organization","@id":"https:\/\/orthodoxalbania.org\/2020\/#organization","name":"Kisha Orthodhokse Autoqefale e Shqip\u00ebris\u00eb","url":"https:\/\/orthodoxalbania.org\/2020\/","logo":{"@type":"ImageObject","inLanguage":"en-US","@id":"https:\/\/orthodoxalbania.org\/2020\/#\/schema\/logo\/image\/","url":"https:\/\/orthodoxalbania.org\/2020\/wp-content\/uploads\/2020\/05\/albania.jpeg","contentUrl":"https:\/\/orthodoxalbania.org\/2020\/wp-content\/uploads\/2020\/05\/albania.jpeg","width":540,"height":540,"caption":"Kisha Orthodhokse Autoqefale e Shqip\u00ebris\u00eb"},"image":{"@id":"https:\/\/orthodoxalbania.org\/2020\/#\/schema\/logo\/image\/"},"sameAs":["https:\/\/www.facebook.com\/koash1991"]},{"@type":"Person","@id":"https:\/\/orthodoxalbania.org\/2020\/#\/schema\/person\/0c387634a7063ac612d7ed9ce71c7e86","name":"Kisha Orthodhokse","image":{"@type":"ImageObject","inLanguage":"en-US","@id":"https:\/\/secure.gravatar.com\/avatar\/596e7c417251e30f2fbb9c00e026fce61a695a00e51c889caded71c96cbbdde5?s=96&d=mm&r=g","url":"https:\/\/secure.gravatar.com\/avatar\/596e7c417251e30f2fbb9c00e026fce61a695a00e51c889caded71c96cbbdde5?s=96&d=mm&r=g","contentUrl":"https:\/\/secure.gravatar.com\/avatar\/596e7c417251e30f2fbb9c00e026fce61a695a00e51c889caded71c96cbbdde5?s=96&d=mm&r=g","caption":"Kisha Orthodhokse"}}]}},"_links":{"self":[{"href":"https:\/\/orthodoxalbania.org\/2020\/wp-json\/wp\/v2\/posts\/781","targetHints":{"allow":["GET"]}}],"collection":[{"href":"https:\/\/orthodoxalbania.org\/2020\/wp-json\/wp\/v2\/posts"}],"about":[{"href":"https:\/\/orthodoxalbania.org\/2020\/wp-json\/wp\/v2\/types\/post"}],"author":[{"embeddable":true,"href":"https:\/\/orthodoxalbania.org\/2020\/wp-json\/wp\/v2\/users\/1"}],"replies":[{"embeddable":true,"href":"https:\/\/orthodoxalbania.org\/2020\/wp-json\/wp\/v2\/comments?post=781"}],"version-history":[{"count":1,"href":"https:\/\/orthodoxalbania.org\/2020\/wp-json\/wp\/v2\/posts\/781\/revisions"}],"predecessor-version":[{"id":15789,"href":"https:\/\/orthodoxalbania.org\/2020\/wp-json\/wp\/v2\/posts\/781\/revisions\/15789"}],"wp:attachment":[{"href":"https:\/\/orthodoxalbania.org\/2020\/wp-json\/wp\/v2\/media?parent=781"}],"wp:term":[{"taxonomy":"category","embeddable":true,"href":"https:\/\/orthodoxalbania.org\/2020\/wp-json\/wp\/v2\/categories?post=781"},{"taxonomy":"post_tag","embeddable":true,"href":"https:\/\/orthodoxalbania.org\/2020\/wp-json\/wp\/v2\/tags?post=781"}],"curies":[{"name":"wp","href":"https:\/\/api.w.org\/{rel}","templated":true}]}}