{"id":779,"date":"2009-03-13T10:20:30","date_gmt":"2009-03-13T10:20:30","guid":{"rendered":""},"modified":"2020-04-06T22:35:10","modified_gmt":"2020-04-06T20:35:10","slug":"kremtim-plot-drite-i-shen-nikolles","status":"publish","type":"post","link":"https:\/\/orthodoxalbania.org\/2020\/2009\/03\/13\/kremtim-plot-drite-i-shen-nikolles\/","title":{"rendered":"Kremtim plot drit\u00eb i sh\u00ebn Nikoll\u00ebs. (6 Dhjetor 2009)"},"content":{"rendered":"<div style=\"text-align: justify;\">&nbsp;<\/div>\n<div style=\"text-align: justify;\"><span style=\"font-family: tahoma,geneva,sans-serif;\"><span style=\"font-size: 12px;\"><span style=\"color: #000000;\"><img decoding=\"async\" class=\"lazyload HAa Eha\" style=\"height: 412px; width: 300px; border-width: 1px; border-style: solid; margin: 10px; float: left;\" alt=\"\" src=\"data:image\/gif;base64,R0lGODlhAQABAAAAACH5BAEKAAEALAAAAAABAAEAAAICTAEAOw==\" data-orig-src=\"https:\/\/lh6.googleusercontent.com\/-5f8vjSRAbQU\/U_2KIf-Bl_I\/AAAAAAAABP4\/wvVTgFsigb4\/w500-h686-no\/Shen%2BNikolla.jpg\" \/>&nbsp;&nbsp;<\/span><span style=\"color: #000000;\">&nbsp; Sh\u00ebn Nikolla ose sh\u00ebn Kolli \u00ebsht\u00eb nj\u00eb nd\u00ebr shenjtor\u00ebt m\u00eb t\u00eb nderuar e popullor\u00eb n\u00eb t\u00eb gjitha enorit\u00eb e Kish\u00ebs son\u00eb t\u00eb Shenjt\u00eb Orthodhokse. P\u00ebr nder t\u00eb k\u00ebtij shenjtori, i shquar p\u00ebr mbrojtjen e besimit t\u00eb v\u00ebrtet\u00eb dhe bamir\u00ebsit\u00eb e lum\u00ebruara, shum\u00eb kisha n\u00eb vendin ton\u00eb kan\u00eb qen\u00eb nd\u00ebrtuar, jan\u00eb rikonstruktuar ose jan\u00eb nd\u00ebrtuar t\u00eb reja, duke mbajtur emrin e tij. M\u00eb 6 dhjetor, n\u00eb dit\u00ebn e kremtimit t\u00eb shenjtit t\u00eb lavd\u00ebruar Nikoll\u00eb, n\u00eb kishat e tij erdh\u00ebn qindra e mij\u00ebra besimtar\u00eb.<\/span><\/span><\/span><\/div>\n<div style=\"text-align: justify;\">&nbsp;<\/div>\n<div style=\"text-align: justify;\"><span style=\"color: #000000;\"><span style=\"font-family: tahoma,geneva,sans-serif;\"><span style=\"font-size: 12px;\">&nbsp;&nbsp;&nbsp; Sh\u00ebrbesat kishtare filluan n\u00eb mbr\u00ebmjen e 5 dhjetorit. N\u00eb dy kisha t\u00eb njohura q\u00eb mbajn\u00eb emrin e tij n\u00eb Mitropolin\u00eb e Tiran\u00ebs, pik\u00ebrisht n\u00eb Elbasan dhe n\u00eb Kavaj\u00eb, besimtar\u00eb t\u00eb shumt\u00eb t\u00eb t\u00eb gjitha moshave q\u00ebndruan deri n\u00eb or\u00ebt e vona, duke k\u00ebrkuar m\u00ebshir\u00ebn e Per\u00ebndis\u00eb p\u00ebrmes lutjeve t\u00eb shenjtorit. M\u00ebngjesi dhe dita e re soll\u00ebn nj\u00eb mori besimtar\u00ebsh nga qytetet dhe rrethina e tyre. Mbar\u00eb orthodhoks\u00ebt me goj\u00eb e zem\u00ebr i k\u00ebnduan himne lavd\u00ebrimi sh\u00ebn Nikoll\u00ebs, shenjtit t\u00eb tyre t\u00eb dashur p\u00ebr shp\u00ebtimin e shpirtrave dhe begatin\u00eb e jet\u00ebs s\u00eb tyre. Ka qen\u00eb tradit\u00eb, e cila vazhdon t\u00eb mbahet edhe n\u00eb dit\u00ebt e sotme, q\u00eb pas Liturgjis\u00eb Hyjnore, orthodhoks\u00ebt e k\u00ebtyre zonave vizitojn\u00eb e urojn\u00eb n\u00eb ambientet familjare miqt\u00eb dhe t\u00eb af\u00ebrmit q\u00eb kan\u00eb emrin Nikolla, emrin e shenjtit. <\/span><\/span><\/span><\/div>\n<div style=\"text-align: justify;\">&nbsp;<\/div>\n<div style=\"text-align: center;\"><span style=\"color: #b22222;\"><span style=\"font-family: tahoma,geneva,sans-serif;\"><span style=\"font-size: 12px;\"><span class=\"style10\">*&nbsp;&nbsp;&nbsp; *&nbsp;&nbsp;&nbsp; *<\/span><\/span><\/span><\/span><\/div>\n<div style=\"text-align: justify;\">&nbsp;<\/div>\n<div style=\"text-align: justify;\"><span style=\"color: #000000;\"><span style=\"font-family: tahoma,geneva,sans-serif;\"><span style=\"font-size: 12px;\">&nbsp;&nbsp;&nbsp; N\u00eb Mitropolin\u00eb e Beratit, festa u p\u00ebrq\u00ebndrua n\u00eb fshatin Poro t\u00eb Vlor\u00ebs, kisha e t\u00eb cilit mban emrin e sh\u00ebn Nikoll\u00ebs. P\u00ebr besimtar\u00ebt e Poros g\u00ebzimi ishte i dyfisht\u00eb, pasi k\u00ebt\u00eb t\u00eb kremte ata e festuan n\u00eb kish\u00ebn e re, e rikonstruktuar t\u00ebr\u00ebsisht, me fonde t\u00eb dhuruara nga Kryepiskopi Anastas. P\u00ebr t\u00eb marr\u00eb pjes\u00eb dhe p\u00ebr t\u00eb qen\u00eb sa m\u00eb pran\u00eb besimtar\u00ebve n\u00eb k\u00ebt\u00eb g\u00ebzim, erdhi edhe Kryebariu i tyre Mitropoliti i Beratit, Vlor\u00ebs, Kanin\u00ebs, dhe i gjith\u00eb Myzeqes\u00eb, Imzot Ignati, i cili drejtoi edhe Liturgjin\u00eb Hyjnore, i ndihmuar&nbsp; nga klerik\u00ebt e zon\u00ebs. Imzot Ignati mbajti fjal\u00ebn e rastit ku midis t\u00eb tjerash ai tha: \u201dT\u00eb fal\u00ebnderojm\u00eb Zotin q\u00eb na dha k\u00ebt\u00eb dhurat\u00eb q\u00eb t\u00eb meshojm\u00eb sivjet n\u00eb panairin e sh\u00ebn Nikoll\u00ebs n\u00eb kish\u00ebn e re. T\u00eb fal\u00ebnderojm\u00eb nga zemra Kryepiskopin Anastas q\u00eb dha kontributin, lejen dhe bekimet p\u00ebr k\u00ebt\u00eb pun\u00eb t\u00eb shk\u00eblqyer, se patjet\u00ebr, \u00ebsht\u00eb m\u00ebnyra e njeriut e para q\u00eb adhuron Zotin, por \u00ebsht\u00eb edhe vendi ku kryhet kjo nevoj\u00eb, prandaj edhe Davidi, Profeti dhe Mbreti thot\u00eb: \u2018n\u00eb kisha lavd\u00ebroni Per\u00ebndin\u00eb\u2019 \u201d. M\u00eb pas Mitropoliti foli p\u00ebr jet\u00ebn e sh\u00ebn Nikoll\u00ebs, duke e quajtur at\u00eb si shenjtor popullor p\u00ebr shkak t\u00eb urt\u00ebsis\u00eb q\u00eb e karakterizonte. <\/span><\/span><\/span><\/div>\n<div style=\"text-align: justify;\">&nbsp;<\/div>\n<div style=\"text-align: center;\"><span style=\"color: #b22222;\"><span style=\"font-family: tahoma,geneva,sans-serif;\"><span style=\"font-size: 12px;\"><span class=\"style10\">*&nbsp;&nbsp;&nbsp; *&nbsp;&nbsp;&nbsp; *<\/span><\/span><\/span><\/span><\/div>\n<div style=\"text-align: justify;\">&nbsp;<\/div>\n<div style=\"text-align: justify;\"><span style=\"color: #000000;\"><span style=\"font-family: tahoma,geneva,sans-serif;\"><span style=\"font-size: 12px;\">&nbsp;&nbsp;&nbsp; Edhe n\u00eb Mitropolin\u00eb e Gjirokastr\u00ebs, shum\u00eb kisha mbajn\u00eb emrin e sh\u00ebn Nikoll\u00ebs. Me qindra besimtar\u00eb e kujtuan k\u00ebt\u00eb dit\u00eb me lutje dhe p\u00ebrq\u00ebndrim tek jeta dhe veprat e shenjtit. Mitropoliti i Gjirokastr\u00ebs, Hir\u00ebsia e Tij, Dhimitri mori pjes\u00eb n\u00eb Liturgjin\u00eb Hyjnore kryer n\u00eb kish\u00ebn e sh\u00ebn Nikoll\u00ebs n\u00eb P\u00ebrmet, duke b\u00ebr\u00eb thirrje te besimtar\u00ebt q\u00eb t\u00eb imitojn\u00eb t\u00eb gjith\u00eb sh\u00ebn Nikoll\u00ebn, veprat dhe filantropin\u00eb e tij si edhe t\u00eb kultivojm\u00eb unitetin brenda komunitetit ton\u00eb orthodhoks. <\/span><\/span><\/span><\/div>\n<div style=\"text-align: justify;\">&nbsp;<\/div>\n<div style=\"text-align: center;\"><span style=\"color: #b22222;\"><span style=\"font-family: tahoma,geneva,sans-serif;\"><span style=\"font-size: 12px;\"><span class=\"style10\">*&nbsp;&nbsp;&nbsp; *&nbsp;&nbsp;&nbsp; *<\/span><\/span><\/span><\/span><\/div>\n<div style=\"text-align: center;\">&nbsp;<\/div>\n<div style=\"text-align: justify;\"><span style=\"color: #000000;\"><span style=\"font-family: tahoma,geneva,sans-serif;\"><span style=\"font-size: 12px;\">&nbsp;&nbsp;&nbsp; Edhe n\u00eb Mitropolin\u00eb e Kor\u00e7\u00ebs, e diela e 6 dhjetorit ishte e ve\u00e7ant\u00eb p\u00ebr qytetin me tradita t\u00eb lashta n\u00eb besimin orthodhoks. Vlen t\u00eb ve\u00e7ohet manastiri tashm\u00eb i rikonstruktuar i fshatit Kamenic\u00eb, ku me dhjet\u00ebra besimtar\u00eb kishin ardhur p\u00ebr t\u00eb kremtuar dit\u00ebn e shenjtit mbrojt\u00ebs. Pas Liturgjis\u00eb Hyjnore besimtar\u00ebt u larguan n\u00ebp\u00ebr sht\u00ebpit\u00eb e tyre duke mar\u00eb me vete edhe bekimet e k\u00ebsaj dite t\u00eb shenjt\u00eb.<\/span><\/span><\/span><\/div>\n<div style=\"text-align: justify;\">&nbsp;<\/div>\n<div style=\"text-align: center;\"><span style=\"color: #b22222;\"><span style=\"font-family: tahoma,geneva,sans-serif;\"><span style=\"font-size: 12px;\"><span class=\"style10\">*&nbsp;&nbsp;&nbsp; *&nbsp;&nbsp;&nbsp; *<\/span><\/span><\/span><\/span><\/div>\n<div style=\"text-align: center;\">&nbsp;<\/div>\n<div style=\"text-align: justify;\"><span style=\"color: #000000;\"><span style=\"font-family: tahoma,geneva,sans-serif;\"><span style=\"font-size: 12px;\">&nbsp;&nbsp;&nbsp; Sh\u00ebn Nikolla \u00ebsht\u00eb pran\u00eb nesh sa her\u00eb e k\u00ebrkojm\u00eb dhe kemi nevoj\u00eb p\u00ebr t\u00eb, prandaj edhe shum\u00eb besimtar\u00eb mbajn\u00eb emrin e tij; anijet mbajn\u00eb ikon\u00ebn e shenjtit, po ashtu ikona e tij mbahet edhe n\u00eb shum\u00eb limane e porte n\u00eb bot\u00eb, sepse sh\u00ebn Nikolla \u00ebsht\u00eb mbrojt\u00ebsi i marinar\u00ebve. Panairi n\u00eb nder t\u00eb k\u00ebtij shenjti ishte kudo madh\u00ebshtor, por sigurisht q\u00eb stolia m\u00eb e bukur e kishave ishin besimtar\u00ebt t\u00eb cil\u00ebt festuan me devotshm\u00ebri k\u00ebt\u00eb fest\u00eb.<\/span><\/span><\/span><\/div>\n<div style=\"text-align: justify;\"><span style=\"font-family: tahoma,geneva,sans-serif;\"><span style=\"font-size: 12px;\"><span style=\"color: #000000;\"><\/span><\/span><\/span><\/div>\n<blockquote>\n<div style=\"text-align: justify;\"><span style=\"color: #000000;\"><span style=\"font-family: tahoma,geneva,sans-serif;\"><span style=\"font-size: 12px;\"><em>N\u00eb k\u00ebt\u00eb artikull kontribuan:<\/em><br \/> <strong> At\u00eb Spiro Bulika, At\u00eb Stavri \u00c7ipi,<br \/> dhjakon Kristofor Malaveci, Orfea Beci, Aleks Curi,<br \/> <\/strong><em>Redaktor p\u00ebrgjegj\u00ebs<strong>:<\/strong><\/em><strong> Isidor Koti <\/strong><\/span><\/span><\/span><\/div>\n<\/blockquote>\n","protected":false},"excerpt":{"rendered":"<p>&nbsp; &nbsp;&nbsp;&nbsp; Sh\u00ebn Nikolla ose sh\u00ebn Kolli \u00ebsht\u00eb nj\u00eb nd\u00ebr shenjtor\u00ebt m\u00eb t\u00eb nderuar e popullor\u00eb n\u00eb t\u00eb gjitha enorit\u00eb e Kish\u00ebs son\u00eb t\u00eb Shenjt\u00eb Orthodhokse. P\u00ebr nder t\u00eb k\u00ebtij shenjtori, i shquar p\u00ebr mbrojtjen e besimit t\u00eb v\u00ebrtet\u00eb dhe bamir\u00ebsit\u00eb e lum\u00ebruara, shum\u00eb kisha n\u00eb vendin ton\u00eb kan\u00eb qen\u00eb nd\u00ebrtuar, jan\u00eb rikonstruktuar ose jan\u00eb nd\u00ebrtuar t\u00eb reja, duke mbajtur emrin e tij. M\u00eb 6<\/p>\n","protected":false},"author":1,"featured_media":0,"comment_status":"open","ping_status":"open","sticky":false,"template":"","format":"standard","meta":{"_acf_changed":false,"pagelayer_contact_templates":[],"_pagelayer_content":"","inline_featured_image":false,"fifu_image_url":"","fifu_image_alt":"","footnotes":""},"categories":[108],"tags":[145,157,196,212],"class_list":["post-779","post","type-post","status-publish","format-standard","hentry","category-lajme","tag-145","tag-kremtime","tag-tirane","tag-lajme-d27"],"acf":[],"yoast_head":"<!-- This site is optimized with the Yoast SEO plugin v27.2 - https:\/\/yoast.com\/product\/yoast-seo-wordpress\/ -->\n<title>Kremtim plot drit\u00eb i sh\u00ebn Nikoll\u00ebs. (6 Dhjetor 2009) - Kisha Orthodh\u03bfkse Autoqefale e Shqip\u00ebris\u00eb<\/title>\n<meta name=\"robots\" content=\"index, follow, max-snippet:-1, max-image-preview:large, max-video-preview:-1\" \/>\n<link rel=\"canonical\" href=\"https:\/\/orthodoxalbania.org\/2020\/2009\/03\/13\/kremtim-plot-drite-i-shen-nikolles\/\" \/>\n<meta property=\"og:locale\" content=\"en_US\" \/>\n<meta property=\"og:type\" content=\"article\" \/>\n<meta property=\"og:title\" content=\"Kremtim plot drit\u00eb i sh\u00ebn Nikoll\u00ebs. (6 Dhjetor 2009) - Kisha Orthodh\u03bfkse Autoqefale e Shqip\u00ebris\u00eb\" \/>\n<meta property=\"og:description\" content=\"&nbsp; &nbsp;&nbsp;&nbsp; Sh\u00ebn Nikolla ose sh\u00ebn Kolli \u00ebsht\u00eb nj\u00eb nd\u00ebr shenjtor\u00ebt m\u00eb t\u00eb nderuar e popullor\u00eb n\u00eb t\u00eb gjitha enorit\u00eb e Kish\u00ebs son\u00eb t\u00eb Shenjt\u00eb Orthodhokse. P\u00ebr nder t\u00eb k\u00ebtij shenjtori, i shquar p\u00ebr mbrojtjen e besimit t\u00eb v\u00ebrtet\u00eb dhe bamir\u00ebsit\u00eb e lum\u00ebruara, shum\u00eb kisha n\u00eb vendin ton\u00eb kan\u00eb qen\u00eb nd\u00ebrtuar, jan\u00eb rikonstruktuar ose jan\u00eb nd\u00ebrtuar t\u00eb reja, duke mbajtur emrin e tij. M\u00eb 6\" \/>\n<meta property=\"og:url\" content=\"https:\/\/orthodoxalbania.org\/2020\/2009\/03\/13\/kremtim-plot-drite-i-shen-nikolles\/\" \/>\n<meta property=\"og:site_name\" content=\"Kisha Orthodh\u03bfkse Autoqefale e Shqip\u00ebris\u00eb\" \/>\n<meta property=\"article:publisher\" content=\"https:\/\/www.facebook.com\/koash1991\" \/>\n<meta property=\"article:published_time\" content=\"2009-03-13T10:20:30+00:00\" \/>\n<meta property=\"article:modified_time\" content=\"2020-04-06T20:35:10+00:00\" \/>\n<meta property=\"og:image\" content=\"https:\/\/lh6.googleusercontent.com\/-5f8vjSRAbQU\/U_2KIf-Bl_I\/AAAAAAAABP4\/wvVTgFsigb4\/w500-h686-no\/Shen%2BNikolla.jpg\" \/>\n<meta name=\"author\" content=\"Kisha Orthodhokse\" \/>\n<meta name=\"twitter:card\" content=\"summary_large_image\" \/>\n<meta name=\"twitter:label1\" content=\"Written by\" \/>\n\t<meta name=\"twitter:data1\" content=\"Kisha Orthodhokse\" \/>\n\t<meta name=\"twitter:label2\" content=\"Est. reading time\" \/>\n\t<meta name=\"twitter:data2\" content=\"4 minutes\" \/>\n<script type=\"application\/ld+json\" class=\"yoast-schema-graph\">{\"@context\":\"https:\/\/schema.org\",\"@graph\":[{\"@type\":\"Article\",\"@id\":\"https:\/\/orthodoxalbania.org\/2020\/2009\/03\/13\/kremtim-plot-drite-i-shen-nikolles\/#article\",\"isPartOf\":{\"@id\":\"https:\/\/orthodoxalbania.org\/2020\/2009\/03\/13\/kremtim-plot-drite-i-shen-nikolles\/\"},\"author\":{\"name\":\"Kisha Orthodhokse\",\"@id\":\"https:\/\/orthodoxalbania.org\/2020\/#\/schema\/person\/0c387634a7063ac612d7ed9ce71c7e86\"},\"headline\":\"Kremtim plot drit\u00eb i sh\u00ebn Nikoll\u00ebs. (6 Dhjetor 2009)\",\"datePublished\":\"2009-03-13T10:20:30+00:00\",\"dateModified\":\"2020-04-06T20:35:10+00:00\",\"mainEntityOfPage\":{\"@id\":\"https:\/\/orthodoxalbania.org\/2020\/2009\/03\/13\/kremtim-plot-drite-i-shen-nikolles\/\"},\"wordCount\":834,\"commentCount\":0,\"publisher\":{\"@id\":\"https:\/\/orthodoxalbania.org\/2020\/#organization\"},\"image\":{\"@id\":\"https:\/\/orthodoxalbania.org\/2020\/2009\/03\/13\/kremtim-plot-drite-i-shen-nikolles\/#primaryimage\"},\"thumbnailUrl\":\"https:\/\/lh6.googleusercontent.com\/-5f8vjSRAbQU\/U_2KIf-Bl_I\/AAAAAAAABP4\/wvVTgFsigb4\/w500-h686-no\/Shen%2BNikolla.jpg\",\"keywords\":[\"2009\",\"Kremtime\",\"Kryepiskopata Tiran\u00eb\",\"lajme\"],\"articleSection\":[\"Lajme\"],\"inLanguage\":\"en-US\"},{\"@type\":\"WebPage\",\"@id\":\"https:\/\/orthodoxalbania.org\/2020\/2009\/03\/13\/kremtim-plot-drite-i-shen-nikolles\/\",\"url\":\"https:\/\/orthodoxalbania.org\/2020\/2009\/03\/13\/kremtim-plot-drite-i-shen-nikolles\/\",\"name\":\"Kremtim plot drit\u00eb i sh\u00ebn Nikoll\u00ebs. (6 Dhjetor 2009) - Kisha Orthodh\u03bfkse Autoqefale e Shqip\u00ebris\u00eb\",\"isPartOf\":{\"@id\":\"https:\/\/orthodoxalbania.org\/2020\/#website\"},\"primaryImageOfPage\":{\"@id\":\"https:\/\/orthodoxalbania.org\/2020\/2009\/03\/13\/kremtim-plot-drite-i-shen-nikolles\/#primaryimage\"},\"image\":{\"@id\":\"https:\/\/orthodoxalbania.org\/2020\/2009\/03\/13\/kremtim-plot-drite-i-shen-nikolles\/#primaryimage\"},\"thumbnailUrl\":\"https:\/\/lh6.googleusercontent.com\/-5f8vjSRAbQU\/U_2KIf-Bl_I\/AAAAAAAABP4\/wvVTgFsigb4\/w500-h686-no\/Shen%2BNikolla.jpg\",\"datePublished\":\"2009-03-13T10:20:30+00:00\",\"dateModified\":\"2020-04-06T20:35:10+00:00\",\"breadcrumb\":{\"@id\":\"https:\/\/orthodoxalbania.org\/2020\/2009\/03\/13\/kremtim-plot-drite-i-shen-nikolles\/#breadcrumb\"},\"inLanguage\":\"en-US\",\"potentialAction\":[{\"@type\":\"ReadAction\",\"target\":[\"https:\/\/orthodoxalbania.org\/2020\/2009\/03\/13\/kremtim-plot-drite-i-shen-nikolles\/\"]}]},{\"@type\":\"ImageObject\",\"inLanguage\":\"en-US\",\"@id\":\"https:\/\/orthodoxalbania.org\/2020\/2009\/03\/13\/kremtim-plot-drite-i-shen-nikolles\/#primaryimage\",\"url\":\"https:\/\/lh6.googleusercontent.com\/-5f8vjSRAbQU\/U_2KIf-Bl_I\/AAAAAAAABP4\/wvVTgFsigb4\/w500-h686-no\/Shen%2BNikolla.jpg\",\"contentUrl\":\"https:\/\/lh6.googleusercontent.com\/-5f8vjSRAbQU\/U_2KIf-Bl_I\/AAAAAAAABP4\/wvVTgFsigb4\/w500-h686-no\/Shen%2BNikolla.jpg\"},{\"@type\":\"BreadcrumbList\",\"@id\":\"https:\/\/orthodoxalbania.org\/2020\/2009\/03\/13\/kremtim-plot-drite-i-shen-nikolles\/#breadcrumb\",\"itemListElement\":[{\"@type\":\"ListItem\",\"position\":1,\"name\":\"Home\",\"item\":\"https:\/\/orthodoxalbania.org\/2020\/\"},{\"@type\":\"ListItem\",\"position\":2,\"name\":\"Kremtim plot drit\u00eb i sh\u00ebn Nikoll\u00ebs. (6 Dhjetor 2009)\"}]},{\"@type\":\"WebSite\",\"@id\":\"https:\/\/orthodoxalbania.org\/2020\/#website\",\"url\":\"https:\/\/orthodoxalbania.org\/2020\/\",\"name\":\"Kisha Orthodh\u03bfkse Autoqefale e Shqip\u00ebris\u00eb\",\"description\":\"Fqja Zyrtare e Kish\u00ebs Orthodhokse Autoqefale e Shqip\u00ebris\u00eb me lajmet edhe informacionet zyrtare p\u00ebr struktur\u00ebn edhe veprimtarin e saj.\",\"publisher\":{\"@id\":\"https:\/\/orthodoxalbania.org\/2020\/#organization\"},\"potentialAction\":[{\"@type\":\"SearchAction\",\"target\":{\"@type\":\"EntryPoint\",\"urlTemplate\":\"https:\/\/orthodoxalbania.org\/2020\/?s={search_term_string}\"},\"query-input\":{\"@type\":\"PropertyValueSpecification\",\"valueRequired\":true,\"valueName\":\"search_term_string\"}}],\"inLanguage\":\"en-US\"},{\"@type\":\"Organization\",\"@id\":\"https:\/\/orthodoxalbania.org\/2020\/#organization\",\"name\":\"Kisha Orthodhokse Autoqefale e Shqip\u00ebris\u00eb\",\"url\":\"https:\/\/orthodoxalbania.org\/2020\/\",\"logo\":{\"@type\":\"ImageObject\",\"inLanguage\":\"en-US\",\"@id\":\"https:\/\/orthodoxalbania.org\/2020\/#\/schema\/logo\/image\/\",\"url\":\"https:\/\/orthodoxalbania.org\/2020\/wp-content\/uploads\/2020\/05\/albania.jpeg\",\"contentUrl\":\"https:\/\/orthodoxalbania.org\/2020\/wp-content\/uploads\/2020\/05\/albania.jpeg\",\"width\":540,\"height\":540,\"caption\":\"Kisha Orthodhokse Autoqefale e Shqip\u00ebris\u00eb\"},\"image\":{\"@id\":\"https:\/\/orthodoxalbania.org\/2020\/#\/schema\/logo\/image\/\"},\"sameAs\":[\"https:\/\/www.facebook.com\/koash1991\"]},{\"@type\":\"Person\",\"@id\":\"https:\/\/orthodoxalbania.org\/2020\/#\/schema\/person\/0c387634a7063ac612d7ed9ce71c7e86\",\"name\":\"Kisha Orthodhokse\",\"image\":{\"@type\":\"ImageObject\",\"inLanguage\":\"en-US\",\"@id\":\"https:\/\/secure.gravatar.com\/avatar\/596e7c417251e30f2fbb9c00e026fce61a695a00e51c889caded71c96cbbdde5?s=96&d=mm&r=g\",\"url\":\"https:\/\/secure.gravatar.com\/avatar\/596e7c417251e30f2fbb9c00e026fce61a695a00e51c889caded71c96cbbdde5?s=96&d=mm&r=g\",\"contentUrl\":\"https:\/\/secure.gravatar.com\/avatar\/596e7c417251e30f2fbb9c00e026fce61a695a00e51c889caded71c96cbbdde5?s=96&d=mm&r=g\",\"caption\":\"Kisha Orthodhokse\"}}]}<\/script>\n<!-- \/ Yoast SEO plugin. -->","yoast_head_json":{"title":"Kremtim plot drit\u00eb i sh\u00ebn Nikoll\u00ebs. (6 Dhjetor 2009) - Kisha Orthodh\u03bfkse Autoqefale e Shqip\u00ebris\u00eb","robots":{"index":"index","follow":"follow","max-snippet":"max-snippet:-1","max-image-preview":"max-image-preview:large","max-video-preview":"max-video-preview:-1"},"canonical":"https:\/\/orthodoxalbania.org\/2020\/2009\/03\/13\/kremtim-plot-drite-i-shen-nikolles\/","og_locale":"en_US","og_type":"article","og_title":"Kremtim plot drit\u00eb i sh\u00ebn Nikoll\u00ebs. (6 Dhjetor 2009) - Kisha Orthodh\u03bfkse Autoqefale e Shqip\u00ebris\u00eb","og_description":"&nbsp; &nbsp;&nbsp;&nbsp; Sh\u00ebn Nikolla ose sh\u00ebn Kolli \u00ebsht\u00eb nj\u00eb nd\u00ebr shenjtor\u00ebt m\u00eb t\u00eb nderuar e popullor\u00eb n\u00eb t\u00eb gjitha enorit\u00eb e Kish\u00ebs son\u00eb t\u00eb Shenjt\u00eb Orthodhokse. P\u00ebr nder t\u00eb k\u00ebtij shenjtori, i shquar p\u00ebr mbrojtjen e besimit t\u00eb v\u00ebrtet\u00eb dhe bamir\u00ebsit\u00eb e lum\u00ebruara, shum\u00eb kisha n\u00eb vendin ton\u00eb kan\u00eb qen\u00eb nd\u00ebrtuar, jan\u00eb rikonstruktuar ose jan\u00eb nd\u00ebrtuar t\u00eb reja, duke mbajtur emrin e tij. M\u00eb 6","og_url":"https:\/\/orthodoxalbania.org\/2020\/2009\/03\/13\/kremtim-plot-drite-i-shen-nikolles\/","og_site_name":"Kisha Orthodh\u03bfkse Autoqefale e Shqip\u00ebris\u00eb","article_publisher":"https:\/\/www.facebook.com\/koash1991","article_published_time":"2009-03-13T10:20:30+00:00","article_modified_time":"2020-04-06T20:35:10+00:00","og_image":[{"url":"https:\/\/lh6.googleusercontent.com\/-5f8vjSRAbQU\/U_2KIf-Bl_I\/AAAAAAAABP4\/wvVTgFsigb4\/w500-h686-no\/Shen%2BNikolla.jpg","type":"","width":"","height":""}],"author":"Kisha Orthodhokse","twitter_card":"summary_large_image","twitter_misc":{"Written by":"Kisha Orthodhokse","Est. reading time":"4 minutes"},"schema":{"@context":"https:\/\/schema.org","@graph":[{"@type":"Article","@id":"https:\/\/orthodoxalbania.org\/2020\/2009\/03\/13\/kremtim-plot-drite-i-shen-nikolles\/#article","isPartOf":{"@id":"https:\/\/orthodoxalbania.org\/2020\/2009\/03\/13\/kremtim-plot-drite-i-shen-nikolles\/"},"author":{"name":"Kisha Orthodhokse","@id":"https:\/\/orthodoxalbania.org\/2020\/#\/schema\/person\/0c387634a7063ac612d7ed9ce71c7e86"},"headline":"Kremtim plot drit\u00eb i sh\u00ebn Nikoll\u00ebs. (6 Dhjetor 2009)","datePublished":"2009-03-13T10:20:30+00:00","dateModified":"2020-04-06T20:35:10+00:00","mainEntityOfPage":{"@id":"https:\/\/orthodoxalbania.org\/2020\/2009\/03\/13\/kremtim-plot-drite-i-shen-nikolles\/"},"wordCount":834,"commentCount":0,"publisher":{"@id":"https:\/\/orthodoxalbania.org\/2020\/#organization"},"image":{"@id":"https:\/\/orthodoxalbania.org\/2020\/2009\/03\/13\/kremtim-plot-drite-i-shen-nikolles\/#primaryimage"},"thumbnailUrl":"https:\/\/lh6.googleusercontent.com\/-5f8vjSRAbQU\/U_2KIf-Bl_I\/AAAAAAAABP4\/wvVTgFsigb4\/w500-h686-no\/Shen%2BNikolla.jpg","keywords":["2009","Kremtime","Kryepiskopata Tiran\u00eb","lajme"],"articleSection":["Lajme"],"inLanguage":"en-US"},{"@type":"WebPage","@id":"https:\/\/orthodoxalbania.org\/2020\/2009\/03\/13\/kremtim-plot-drite-i-shen-nikolles\/","url":"https:\/\/orthodoxalbania.org\/2020\/2009\/03\/13\/kremtim-plot-drite-i-shen-nikolles\/","name":"Kremtim plot drit\u00eb i sh\u00ebn Nikoll\u00ebs. (6 Dhjetor 2009) - Kisha Orthodh\u03bfkse Autoqefale e Shqip\u00ebris\u00eb","isPartOf":{"@id":"https:\/\/orthodoxalbania.org\/2020\/#website"},"primaryImageOfPage":{"@id":"https:\/\/orthodoxalbania.org\/2020\/2009\/03\/13\/kremtim-plot-drite-i-shen-nikolles\/#primaryimage"},"image":{"@id":"https:\/\/orthodoxalbania.org\/2020\/2009\/03\/13\/kremtim-plot-drite-i-shen-nikolles\/#primaryimage"},"thumbnailUrl":"https:\/\/lh6.googleusercontent.com\/-5f8vjSRAbQU\/U_2KIf-Bl_I\/AAAAAAAABP4\/wvVTgFsigb4\/w500-h686-no\/Shen%2BNikolla.jpg","datePublished":"2009-03-13T10:20:30+00:00","dateModified":"2020-04-06T20:35:10+00:00","breadcrumb":{"@id":"https:\/\/orthodoxalbania.org\/2020\/2009\/03\/13\/kremtim-plot-drite-i-shen-nikolles\/#breadcrumb"},"inLanguage":"en-US","potentialAction":[{"@type":"ReadAction","target":["https:\/\/orthodoxalbania.org\/2020\/2009\/03\/13\/kremtim-plot-drite-i-shen-nikolles\/"]}]},{"@type":"ImageObject","inLanguage":"en-US","@id":"https:\/\/orthodoxalbania.org\/2020\/2009\/03\/13\/kremtim-plot-drite-i-shen-nikolles\/#primaryimage","url":"https:\/\/lh6.googleusercontent.com\/-5f8vjSRAbQU\/U_2KIf-Bl_I\/AAAAAAAABP4\/wvVTgFsigb4\/w500-h686-no\/Shen%2BNikolla.jpg","contentUrl":"https:\/\/lh6.googleusercontent.com\/-5f8vjSRAbQU\/U_2KIf-Bl_I\/AAAAAAAABP4\/wvVTgFsigb4\/w500-h686-no\/Shen%2BNikolla.jpg"},{"@type":"BreadcrumbList","@id":"https:\/\/orthodoxalbania.org\/2020\/2009\/03\/13\/kremtim-plot-drite-i-shen-nikolles\/#breadcrumb","itemListElement":[{"@type":"ListItem","position":1,"name":"Home","item":"https:\/\/orthodoxalbania.org\/2020\/"},{"@type":"ListItem","position":2,"name":"Kremtim plot drit\u00eb i sh\u00ebn Nikoll\u00ebs. (6 Dhjetor 2009)"}]},{"@type":"WebSite","@id":"https:\/\/orthodoxalbania.org\/2020\/#website","url":"https:\/\/orthodoxalbania.org\/2020\/","name":"Kisha Orthodh\u03bfkse Autoqefale e Shqip\u00ebris\u00eb","description":"Fqja Zyrtare e Kish\u00ebs Orthodhokse Autoqefale e Shqip\u00ebris\u00eb me lajmet edhe informacionet zyrtare p\u00ebr struktur\u00ebn edhe veprimtarin e saj.","publisher":{"@id":"https:\/\/orthodoxalbania.org\/2020\/#organization"},"potentialAction":[{"@type":"SearchAction","target":{"@type":"EntryPoint","urlTemplate":"https:\/\/orthodoxalbania.org\/2020\/?s={search_term_string}"},"query-input":{"@type":"PropertyValueSpecification","valueRequired":true,"valueName":"search_term_string"}}],"inLanguage":"en-US"},{"@type":"Organization","@id":"https:\/\/orthodoxalbania.org\/2020\/#organization","name":"Kisha Orthodhokse Autoqefale e Shqip\u00ebris\u00eb","url":"https:\/\/orthodoxalbania.org\/2020\/","logo":{"@type":"ImageObject","inLanguage":"en-US","@id":"https:\/\/orthodoxalbania.org\/2020\/#\/schema\/logo\/image\/","url":"https:\/\/orthodoxalbania.org\/2020\/wp-content\/uploads\/2020\/05\/albania.jpeg","contentUrl":"https:\/\/orthodoxalbania.org\/2020\/wp-content\/uploads\/2020\/05\/albania.jpeg","width":540,"height":540,"caption":"Kisha Orthodhokse Autoqefale e Shqip\u00ebris\u00eb"},"image":{"@id":"https:\/\/orthodoxalbania.org\/2020\/#\/schema\/logo\/image\/"},"sameAs":["https:\/\/www.facebook.com\/koash1991"]},{"@type":"Person","@id":"https:\/\/orthodoxalbania.org\/2020\/#\/schema\/person\/0c387634a7063ac612d7ed9ce71c7e86","name":"Kisha Orthodhokse","image":{"@type":"ImageObject","inLanguage":"en-US","@id":"https:\/\/secure.gravatar.com\/avatar\/596e7c417251e30f2fbb9c00e026fce61a695a00e51c889caded71c96cbbdde5?s=96&d=mm&r=g","url":"https:\/\/secure.gravatar.com\/avatar\/596e7c417251e30f2fbb9c00e026fce61a695a00e51c889caded71c96cbbdde5?s=96&d=mm&r=g","contentUrl":"https:\/\/secure.gravatar.com\/avatar\/596e7c417251e30f2fbb9c00e026fce61a695a00e51c889caded71c96cbbdde5?s=96&d=mm&r=g","caption":"Kisha Orthodhokse"}}]}},"_links":{"self":[{"href":"https:\/\/orthodoxalbania.org\/2020\/wp-json\/wp\/v2\/posts\/779","targetHints":{"allow":["GET"]}}],"collection":[{"href":"https:\/\/orthodoxalbania.org\/2020\/wp-json\/wp\/v2\/posts"}],"about":[{"href":"https:\/\/orthodoxalbania.org\/2020\/wp-json\/wp\/v2\/types\/post"}],"author":[{"embeddable":true,"href":"https:\/\/orthodoxalbania.org\/2020\/wp-json\/wp\/v2\/users\/1"}],"replies":[{"embeddable":true,"href":"https:\/\/orthodoxalbania.org\/2020\/wp-json\/wp\/v2\/comments?post=779"}],"version-history":[{"count":1,"href":"https:\/\/orthodoxalbania.org\/2020\/wp-json\/wp\/v2\/posts\/779\/revisions"}],"predecessor-version":[{"id":15608,"href":"https:\/\/orthodoxalbania.org\/2020\/wp-json\/wp\/v2\/posts\/779\/revisions\/15608"}],"wp:attachment":[{"href":"https:\/\/orthodoxalbania.org\/2020\/wp-json\/wp\/v2\/media?parent=779"}],"wp:term":[{"taxonomy":"category","embeddable":true,"href":"https:\/\/orthodoxalbania.org\/2020\/wp-json\/wp\/v2\/categories?post=779"},{"taxonomy":"post_tag","embeddable":true,"href":"https:\/\/orthodoxalbania.org\/2020\/wp-json\/wp\/v2\/tags?post=779"}],"curies":[{"name":"wp","href":"https:\/\/api.w.org\/{rel}","templated":true}]}}