{"id":777,"date":"2013-03-21T12:38:17","date_gmt":"2013-03-21T12:38:17","guid":{"rendered":""},"modified":"2020-04-06T22:05:52","modified_gmt":"2020-04-06T20:05:52","slug":"kremtim-madheshtor-i-krishtlindjes-ne-mjediset-e-kompleksit-te-katedrales-se-re-ngjallja-e-krishtit-tirane","status":"publish","type":"post","link":"https:\/\/orthodoxalbania.org\/2020\/2013\/03\/21\/kremtim-madheshtor-i-krishtlindjes-ne-mjediset-e-kompleksit-te-katedrales-se-re-ngjallja-e-krishtit-tirane\/","title":{"rendered":"Kremtim madh\u00ebshtor i Krishtlindjes n\u00eb mjediset e Kompleksit t\u00eb Katedrales s\u00eb re \u201cNgjallja e Krishtit\u201d, Tiran\u00eb. (25 Dhjetor 2012)"},"content":{"rendered":"<div style=\"text-align: justify;\">\n\t<span style=\"color:#000000;\"><span style=\"font-size: 12px;\"><span style=\"font-family: tahoma,geneva,sans-serif;\"><img class=\"lazyload\" decoding=\"async\" src=\"data:image\/gif;base64,R0lGODlhAQABAAAAACH5BAEKAAEALAAAAAABAAEAAAICTAEAOw==\" data-orig-src=\"https:\/\/lh6.googleusercontent.com\/-51JHUD6tcIg\/UNr4qgv5zmI\/AAAAAAAABpA\/PMg2T0cyP14\/s640\/3.JPG\" style=\"width: 200px; height: 197px; border-width: 1px; border-style: solid; margin: 10px; float: left;\" \/>&nbsp;&nbsp;&nbsp; Atmosfera festive e Krishtlindjes nisi t\u00eb ndihej q\u00eb dit\u00eb m\u00eb par\u00eb, me p\u00ebrgatitjet p\u00ebr ta pritur sa m\u00eb mire Krishtin-Foshnj\u00eb, pas nj\u00eb periudhe t\u00eb gjat\u00eb kreshmimi dhe lutjeje dhe me veprimtarit\u00eb e shumta e t\u00eb bukura t\u00eb t\u00eb rinjve e f\u00ebmij\u00ebve.<\/span><\/span><\/span><\/div>\n<div style=\"text-align: justify;\">\n\t<br \/>\n\t<span style=\"color:#000000;\"><span style=\"font-size: 12px;\"><span style=\"font-family: tahoma,geneva,sans-serif;\">&nbsp;&nbsp;&nbsp; Kremtimi i par\u00eb ishte n\u00eb pasditen e t\u00eb Diel\u00ebs para Krishtlindjes, kur besimtar\u00ebt u mblodh\u00ebn si\u00e7 \u00ebsht\u00eb b\u00ebr\u00eb tradit\u00eb n\u00eb kish\u00ebn \u201cUngjill\u00ebzimi i Hyjlind\u00ebses\u201d, n\u00eb Misterin e Efqelis\u00eb, lyerjes me vaj t\u00eb shenjt\u00ebruar. T\u00eb h\u00ebn\u00ebn, 24 dhjetor, her\u00ebt n\u00eb m\u00ebngjes besimtar\u00ebt mor\u00ebn pjes\u00eb n\u00eb Sh\u00ebrbes\u00ebn e Or\u00ebve t\u00eb M\u00ebdha t\u00eb Krishtlindjes, t\u00eb mbushur me tropare dhe me lexime nga Dhiata e Vjet\u00ebr dhe e Re, q\u00eb flasin p\u00ebr Lindjen e Krishtit, duke u pasuar m\u00eb pas me Sh\u00ebrbes\u00ebn e Mbr\u00ebm\u00ebsores dhe Liturgjin\u00eb Hyjnore. Nd\u00ebrsa f\u00ebmij\u00eb orthodhoks\u00eb t\u00eb organizuar nga katekist\u00eb t\u00eb Zyr\u00ebs s\u00eb F\u00ebmij\u00ebve vazhduan gjat\u00eb gjith\u00eb dit\u00ebs vizita n\u00ebp\u00ebr sht\u00ebpi besimtar\u00ebsh orthodhoks\u00eb duke k\u00ebnduar kolendrat &#8211; k\u00ebng\u00ebt tradicionale t\u00eb Krishtlindjes mjaft popullore p\u00ebr besimtar\u00ebt.<\/span><\/span><\/span><\/div>\n<div style=\"text-align: justify;\">\n\t<br \/>\n\t<span style=\"color:#000000;\"><span style=\"font-size: 12px;\"><span style=\"font-family: tahoma,geneva,sans-serif;\">&nbsp;&nbsp; Veprimtarit\u00eb dhe p\u00ebrgatitjet shpirt\u00ebrore t\u00eb besimtar\u00ebve orthodhoks\u00eb kulmuan n\u00eb dat\u00ebn 25 Dhjetor, me Liturgjin\u00eb Hyjnore t\u00eb Krishtlindjes, q\u00eb p\u00ebr her\u00eb t\u00eb par\u00eb u b\u00eb n\u00eb Katedralen e re madh\u00ebshtore \u201cNgjallja e Krishtit\u201d. Liturgjia u krye nga Kryepiskopi Anastas, i ndihmuar nga Hir\u00ebsi Nikolla, Hir\u00ebsi Andoni, Hir\u00ebsi Nathanaili, Hir\u00ebsi Asti dhe klerik\u00eb t\u00eb shumt\u00eb.<\/span><\/span><\/span><\/div>\n<div style=\"text-align: justify;\">\n\t<br \/>\n\t<span style=\"color:#000000;\"><span style=\"font-size: 12px;\"><span style=\"font-family: tahoma,geneva,sans-serif;\">&nbsp;&nbsp;&nbsp; Fortlumturia e Tij Anastasi, lexoi Mesazhin e Krishtlindjeve, q\u00eb k\u00ebt\u00eb vit kishte si titull \u201cDurim me zem\u00ebr t\u00eb gjer\u00eb\u201d, duke theksuar nd\u00ebr t\u00eb tjera se \u201cT\u00eb gjith\u00eb e dim\u00eb se kushtet e sotme n\u00eb vendin ton\u00eb jan\u00eb jasht\u00ebzakonisht t\u00eb v\u00ebshtira. Mos e lejojm\u00eb shkurajimin t\u00eb na pak\u00ebsoj\u00eb fuqin\u00eb e shpirtit, t\u00eb paralizoj\u00eb forcat tona\u2026 \u201cDielli i drejt\u00ebsis\u00eb\u201d, fitimtar do t\u00eb shndris\u00eb p\u00ebrs\u00ebri brenda reve t\u00eb zeza, p\u00ebr t\u00eb ndri\u00e7uar dhe p\u00ebr t\u00eb ngrohur zemrat tona. Me durim me zem\u00ebr t\u00eb gjer\u00eb le t\u00eb ecim sidomos gjat\u00eb vitit t\u00eb ri, q\u00eb t\u00eb kap\u00ebrcejm\u00eb problemet e shum\u00ebllojta dhe kund\u00ebrshtit\u00eb e paparashikuara.\u201d<\/span><\/span><\/span><\/div>\n<div style=\"text-align: justify;\">\n\t<br \/>\n\t<span style=\"color:#000000;\"><span style=\"font-size: 12px;\"><span style=\"font-family: tahoma,geneva,sans-serif;\">&nbsp;&nbsp;&nbsp; Festimet vazhduan me pritjen tradicionale, e cila k\u00ebt\u00eb vit u b\u00eb p\u00ebr her\u00eb t\u00eb par\u00eb n\u00eb mjediset e Qendr\u00ebs Sinodike, pjes\u00eb e kompleksit t\u00eb Katedrales. Erdh\u00ebn p\u00ebr t\u00eb uruar p\u00ebrfaq\u00ebsues t\u00eb komuniteteve t\u00eb tjera fetare, ministra, p\u00ebrfaq\u00ebsues t\u00eb partive politike, ambasador\u00eb, personalitete dhe intelektual\u00eb t\u00eb njohur, besimtar\u00eb etj.<\/span><\/span><\/span><\/div>\n<div style=\"text-align: justify;\">\n\t<br \/>\n\t<span style=\"color:#000000;\"><span style=\"font-size: 12px;\"><span style=\"font-family: tahoma,geneva,sans-serif;\">&nbsp;&nbsp;&nbsp; P\u00ebr t\u00eb uruar besimtar\u00ebt orthodhoks\u00eb erdhi Kryetarja e Kuvendit, Znj. Jozefina Topalli dhe Kryeministri, Z. Sali Berisha, t\u00eb cil\u00ebt uruan besimtar\u00ebt dhe vler\u00ebsuan p\u00ebrpjekjen e Kryepiskopit Anastas p\u00ebr ngritjen e katedrales, si nj\u00eb vep\u00ebr q\u00eb ka zbukuruar Kryeqytetin. Vler\u00ebsim t\u00eb ve\u00e7ant\u00eb mori edhe dhurimi nga Fortlumturia e Tij Anastasi e Kodikut t\u00eb Kor\u00e7\u00ebs nr 93, i shek. X, i cili u ribotua n\u00eb bashk\u00ebpunim me Arkivin Qendror t\u00eb Shtetit dhe Shoq\u00ebrin\u00eb Biblike Nd\u00ebrkonfensionale.<\/span><\/span><\/span><\/div>\n<div style=\"text-align: justify;\">\n\t&nbsp;<\/div>\n<div style=\"text-align: justify;\">\n\t<span style=\"color:#000000;\"><span style=\"font-size: 12px;\"><span style=\"font-family: tahoma,geneva,sans-serif;\"><img class=\"lazyload\" decoding=\"async\" src=\"data:image\/gif;base64,R0lGODlhAQABAAAAACH5BAEKAAEALAAAAAABAAEAAAICTAEAOw==\" data-orig-src=\"https:\/\/lh3.googleusercontent.com\/-DW3iuiuVndU\/UNr4qxjNuDI\/AAAAAAAABpE\/sbG_j6-jqvw\/s640\/1.JPG\" style=\"width: 600px; height: 324px; border-width: 1px; border-style: solid; margin: 10px; float: left;\" \/><\/span><\/span><\/span><\/div>\n<div style=\"text-align: justify;\">\n\t<span style=\"color:#000000;\"><span style=\"font-size: 12px;\"><span style=\"font-family: tahoma,geneva,sans-serif;\"><img class=\"lazyload\" decoding=\"async\" src=\"data:image\/gif;base64,R0lGODlhAQABAAAAACH5BAEKAAEALAAAAAABAAEAAAICTAEAOw==\" data-orig-src=\"https:\/\/lh3.googleusercontent.com\/-vrx72Dbx_Ng\/UNr4rGmELYI\/AAAAAAAABpI\/c3dLiyfvK58\/s640\/2.JPG\" style=\"width: 600px; height: 400px; border-width: 1px; border-style: solid; margin: 10px; float: left;\" \/><\/span><\/span><\/span><\/div>\n<div style=\"text-align: justify;\">\n\t<span style=\"color:#000000;\"><span style=\"font-size: 12px;\"><span style=\"font-family: tahoma,geneva,sans-serif;\"><img class=\"lazyload\" decoding=\"async\" src=\"data:image\/gif;base64,R0lGODlhAQABAAAAACH5BAEKAAEALAAAAAABAAEAAAICTAEAOw==\" data-orig-src=\"https:\/\/lh5.googleusercontent.com\/-GhmQ2o1cHAo\/UNr4yLVGinI\/AAAAAAAABpw\/Q37-h8v7w-I\/s640\/4.JPG\" style=\"width: 600px; height: 345px; border-width: 1px; border-style: solid; margin: 10px; float: left;\" \/><\/span><\/span><\/span><\/div>\n<div style=\"text-align: justify;\">\n\t<span style=\"color:#000000;\"><span style=\"font-size: 12px;\"><span style=\"font-family: tahoma,geneva,sans-serif;\"><img class=\"lazyload\" decoding=\"async\" src=\"data:image\/gif;base64,R0lGODlhAQABAAAAACH5BAEKAAEALAAAAAABAAEAAAICTAEAOw==\" data-orig-src=\"https:\/\/lh3.googleusercontent.com\/-ST-Noe_l-PE\/UNr4xbZXPQI\/AAAAAAAABps\/lvizjEjw5ZI\/s640\/5.JPG\" style=\"width: 600px; height: 400px; border-width: 1px; border-style: solid; margin: 10px; float: left;\" \/><\/span><\/span><\/span><\/div>\n<div style=\"text-align: justify;\">\n\t<span style=\"color:#000000;\"><span style=\"font-size: 12px;\"><span style=\"font-family: tahoma,geneva,sans-serif;\"><img class=\"lazyload\" decoding=\"async\" src=\"data:image\/gif;base64,R0lGODlhAQABAAAAACH5BAEKAAEALAAAAAABAAEAAAICTAEAOw==\" data-orig-src=\"https:\/\/lh4.googleusercontent.com\/-qc-2piRJ9g4\/UNr4zndH_6I\/AAAAAAAABqE\/ievU3A1oBZ4\/s640\/6.JPG\" style=\"width: 600px; height: 293px; border-width: 1px; border-style: solid; margin: 10px; float: left;\" \/><\/span><\/span><\/span><\/div>\n<div style=\"text-align: justify;\">\n\t<span style=\"color:#000000;\"><span style=\"font-size: 12px;\"><span style=\"font-family: tahoma,geneva,sans-serif;\"><img class=\"lazyload\" decoding=\"async\" src=\"data:image\/gif;base64,R0lGODlhAQABAAAAACH5BAEKAAEALAAAAAABAAEAAAICTAEAOw==\" data-orig-src=\"https:\/\/lh3.googleusercontent.com\/-pCmxUR_S8Wc\/UNxIhKyWo_I\/AAAAAAAABq4\/7mveq6LK-pw\/s519\/7.JPG\" style=\"width: 600px; height: 572px; border-width: 1px; border-style: solid; margin: 10px; float: left;\" \/><\/span><\/span><\/span><\/div>\n<div style=\"text-align: justify;\">\n\t<span style=\"color:#000000;\"><span style=\"font-size: 12px;\"><span style=\"font-family: tahoma,geneva,sans-serif;\"><img class=\"lazyload\" decoding=\"async\" src=\"data:image\/gif;base64,R0lGODlhAQABAAAAACH5BAEKAAEALAAAAAABAAEAAAICTAEAOw==\" data-orig-src=\"https:\/\/lh3.googleusercontent.com\/-I-SUKePcg20\/UNxIngXctwI\/AAAAAAAABrA\/g-XbSLOoaYM\/s640\/8.JPG\" style=\"width: 600px; height: 400px; border-width: 1px; border-style: solid; margin: 10px; float: left;\" \/><\/span><\/span><\/span><\/div>\n<div style=\"text-align: justify;\">\n\t<span style=\"color:#000000;\"><span style=\"font-size: 12px;\"><span style=\"font-family: tahoma,geneva,sans-serif;\"><img class=\"lazyload\" decoding=\"async\" src=\"data:image\/gif;base64,R0lGODlhAQABAAAAACH5BAEKAAEALAAAAAABAAEAAAICTAEAOw==\" data-orig-src=\"https:\/\/lh3.googleusercontent.com\/-IVQM7Y0Ri7U\/UNxIrFsWLoI\/AAAAAAAABrI\/CFzbQV0r30Q\/s640\/9.JPG\" style=\"width: 600px; height: 354px; border-width: 1px; border-style: solid; margin: 10px; float: left;\" \/><\/span><\/span><\/span><\/div>\n<div style=\"text-align: justify;\">\n\t<span style=\"color:#000000;\"><span style=\"font-size: 12px;\"><span style=\"font-family: tahoma,geneva,sans-serif;\"><img class=\"lazyload\" decoding=\"async\" src=\"data:image\/gif;base64,R0lGODlhAQABAAAAACH5BAEKAAEALAAAAAABAAEAAAICTAEAOw==\" data-orig-src=\"https:\/\/lh4.googleusercontent.com\/-53YxTfgCOGE\/UNxJTPbLi4I\/AAAAAAAABrY\/QxqosVLwQpE\/s640\/10.JPG\" style=\"width: 600px; height: 400px; border-width: 1px; border-style: solid; margin: 10px; float: left;\" \/><\/span><\/span><\/span><\/div>\n<div style=\"text-align: justify;\">\n\t<span style=\"color:#000000;\"><span style=\"font-size: 12px;\"><span style=\"font-family: tahoma,geneva,sans-serif;\"><img class=\"lazyload\" decoding=\"async\" src=\"data:image\/gif;base64,R0lGODlhAQABAAAAACH5BAEKAAEALAAAAAABAAEAAAICTAEAOw==\" data-orig-src=\"https:\/\/lh5.googleusercontent.com\/-dW7xFW2OKyY\/UNxJRoj2QNI\/AAAAAAAABrQ\/c4goe4E3fo4\/s640\/11.JPG\" style=\"width: 600px; height: 400px; border-width: 1px; border-style: solid; margin: 10px; float: left;\" \/><\/span><\/span><\/span><\/div>\n<div style=\"text-align: justify;\">\n\t<span style=\"color:#000000;\"><span style=\"font-size: 12px;\"><span style=\"font-family: tahoma,geneva,sans-serif;\"><img class=\"lazyload\" decoding=\"async\" src=\"data:image\/gif;base64,R0lGODlhAQABAAAAACH5BAEKAAEALAAAAAABAAEAAAICTAEAOw==\" data-orig-src=\"https:\/\/lh3.googleusercontent.com\/-wWeI1Tg1GfU\/UNxIXP4C9QI\/AAAAAAAABqY\/qiqnM-c4UOc\/s640\/12.JPG\" style=\"width: 600px; height: 301px; border-width: 1px; border-style: solid; margin: 10px; float: left;\" \/><\/span><\/span><\/span><\/div>\n<div style=\"text-align: justify;\">\n\t&nbsp;<\/div>\n<div style=\"text-align: justify;\">\n\t&nbsp;<\/div>\n<div style=\"text-align: justify;\">\n\t&nbsp;<\/div>\n<div style=\"text-align: justify;\">\n\t&nbsp;<\/div>\n<div style=\"text-align: justify;\">\n\t&nbsp;<\/div>\n<div style=\"text-align: justify;\">\n<p>\t&nbsp;<\/p><\/div>\n","protected":false},"excerpt":{"rendered":"<p>&nbsp;&nbsp;&nbsp; Atmosfera festive e Krishtlindjes nisi t\u00eb ndihej q\u00eb dit\u00eb m\u00eb par\u00eb, me p\u00ebrgatitjet p\u00ebr ta pritur sa m\u00eb mire Krishtin-Foshnj\u00eb, pas nj\u00eb periudhe t\u00eb gjat\u00eb kreshmimi dhe lutjeje dhe me veprimtarit\u00eb e shumta e t\u00eb bukura t\u00eb t\u00eb rinjve e f\u00ebmij\u00ebve. &nbsp;&nbsp;&nbsp; Kremtimi i par\u00eb ishte n\u00eb pasditen e t\u00eb Diel\u00ebs para Krishtlindjes, kur besimtar\u00ebt u mblodh\u00ebn si\u00e7 \u00ebsht\u00eb b\u00ebr\u00eb tradit\u00eb n\u00eb kish\u00ebn \u201cUngjill\u00ebzimi<\/p>\n","protected":false},"author":1,"featured_media":0,"comment_status":"open","ping_status":"open","sticky":false,"template":"","format":"standard","meta":{"_acf_changed":false,"pagelayer_contact_templates":[],"_pagelayer_content":"","inline_featured_image":false,"fifu_image_url":"","fifu_image_alt":"","footnotes":""},"categories":[108],"tags":[142,184,192,196,201,212],"class_list":["post-777","post","type-post","status-publish","format-standard","hentry","category-lajme","tag-142","tag-katedralja-ngjallja-e-krishtit-tirane","tag-krishtlindje","tag-tirane","tag-kryepiskopi-anastas","tag-lajme-d27"],"acf":[],"yoast_head":"<!-- This site is optimized with the Yoast SEO plugin v27.2 - https:\/\/yoast.com\/product\/yoast-seo-wordpress\/ -->\n<title>Kremtim madh\u00ebshtor i Krishtlindjes n\u00eb mjediset e Kompleksit t\u00eb Katedrales s\u00eb re \u201cNgjallja e Krishtit\u201d, Tiran\u00eb. (25 Dhjetor 2012) - Kisha Orthodh\u03bfkse Autoqefale e Shqip\u00ebris\u00eb<\/title>\n<meta name=\"robots\" content=\"index, follow, max-snippet:-1, max-image-preview:large, max-video-preview:-1\" \/>\n<link rel=\"canonical\" href=\"https:\/\/orthodoxalbania.org\/2020\/2013\/03\/21\/kremtim-madheshtor-i-krishtlindjes-ne-mjediset-e-kompleksit-te-katedrales-se-re-ngjallja-e-krishtit-tirane\/\" \/>\n<meta property=\"og:locale\" content=\"en_US\" \/>\n<meta property=\"og:type\" content=\"article\" \/>\n<meta property=\"og:title\" content=\"Kremtim madh\u00ebshtor i Krishtlindjes n\u00eb mjediset e Kompleksit t\u00eb Katedrales s\u00eb re \u201cNgjallja e Krishtit\u201d, Tiran\u00eb. (25 Dhjetor 2012) - Kisha Orthodh\u03bfkse Autoqefale e Shqip\u00ebris\u00eb\" \/>\n<meta property=\"og:description\" content=\"&nbsp;&nbsp;&nbsp; Atmosfera festive e Krishtlindjes nisi t\u00eb ndihej q\u00eb dit\u00eb m\u00eb par\u00eb, me p\u00ebrgatitjet p\u00ebr ta pritur sa m\u00eb mire Krishtin-Foshnj\u00eb, pas nj\u00eb periudhe t\u00eb gjat\u00eb kreshmimi dhe lutjeje dhe me veprimtarit\u00eb e shumta e t\u00eb bukura t\u00eb t\u00eb rinjve e f\u00ebmij\u00ebve. &nbsp;&nbsp;&nbsp; Kremtimi i par\u00eb ishte n\u00eb pasditen e t\u00eb Diel\u00ebs para Krishtlindjes, kur besimtar\u00ebt u mblodh\u00ebn si\u00e7 \u00ebsht\u00eb b\u00ebr\u00eb tradit\u00eb n\u00eb kish\u00ebn \u201cUngjill\u00ebzimi\" \/>\n<meta property=\"og:url\" content=\"https:\/\/orthodoxalbania.org\/2020\/2013\/03\/21\/kremtim-madheshtor-i-krishtlindjes-ne-mjediset-e-kompleksit-te-katedrales-se-re-ngjallja-e-krishtit-tirane\/\" \/>\n<meta property=\"og:site_name\" content=\"Kisha Orthodh\u03bfkse Autoqefale e Shqip\u00ebris\u00eb\" \/>\n<meta property=\"article:publisher\" content=\"https:\/\/www.facebook.com\/koash1991\" \/>\n<meta property=\"article:published_time\" content=\"2013-03-21T12:38:17+00:00\" \/>\n<meta property=\"article:modified_time\" content=\"2020-04-06T20:05:52+00:00\" \/>\n<meta property=\"og:image\" content=\"https:\/\/lh6.googleusercontent.com\/-51JHUD6tcIg\/UNr4qgv5zmI\/AAAAAAAABpA\/PMg2T0cyP14\/s640\/3.JPG\" \/>\n<meta name=\"author\" content=\"Kisha Orthodhokse\" \/>\n<meta name=\"twitter:card\" content=\"summary_large_image\" \/>\n<meta name=\"twitter:label1\" content=\"Written by\" \/>\n\t<meta name=\"twitter:data1\" content=\"Kisha Orthodhokse\" \/>\n\t<meta name=\"twitter:label2\" content=\"Est. reading time\" \/>\n\t<meta name=\"twitter:data2\" content=\"3 minutes\" \/>\n<script type=\"application\/ld+json\" class=\"yoast-schema-graph\">{\"@context\":\"https:\/\/schema.org\",\"@graph\":[{\"@type\":\"Article\",\"@id\":\"https:\/\/orthodoxalbania.org\/2020\/2013\/03\/21\/kremtim-madheshtor-i-krishtlindjes-ne-mjediset-e-kompleksit-te-katedrales-se-re-ngjallja-e-krishtit-tirane\/#article\",\"isPartOf\":{\"@id\":\"https:\/\/orthodoxalbania.org\/2020\/2013\/03\/21\/kremtim-madheshtor-i-krishtlindjes-ne-mjediset-e-kompleksit-te-katedrales-se-re-ngjallja-e-krishtit-tirane\/\"},\"author\":{\"name\":\"Kisha Orthodhokse\",\"@id\":\"https:\/\/orthodoxalbania.org\/2020\/#\/schema\/person\/0c387634a7063ac612d7ed9ce71c7e86\"},\"headline\":\"Kremtim madh\u00ebshtor i Krishtlindjes n\u00eb mjediset e Kompleksit t\u00eb Katedrales s\u00eb re \u201cNgjallja e Krishtit\u201d, Tiran\u00eb. (25 Dhjetor 2012)\",\"datePublished\":\"2013-03-21T12:38:17+00:00\",\"dateModified\":\"2020-04-06T20:05:52+00:00\",\"mainEntityOfPage\":{\"@id\":\"https:\/\/orthodoxalbania.org\/2020\/2013\/03\/21\/kremtim-madheshtor-i-krishtlindjes-ne-mjediset-e-kompleksit-te-katedrales-se-re-ngjallja-e-krishtit-tirane\/\"},\"wordCount\":560,\"commentCount\":0,\"publisher\":{\"@id\":\"https:\/\/orthodoxalbania.org\/2020\/#organization\"},\"image\":{\"@id\":\"https:\/\/orthodoxalbania.org\/2020\/2013\/03\/21\/kremtim-madheshtor-i-krishtlindjes-ne-mjediset-e-kompleksit-te-katedrales-se-re-ngjallja-e-krishtit-tirane\/#primaryimage\"},\"thumbnailUrl\":\"https:\/\/lh6.googleusercontent.com\/-51JHUD6tcIg\/UNr4qgv5zmI\/AAAAAAAABpA\/PMg2T0cyP14\/s640\/3.JPG\",\"keywords\":[\"2012\",\"Katedralja \u201cNgjallja e Krishtit\u201d Tiran\u00eb\",\"Krishtlindje\",\"Kryepiskopata Tiran\u00eb\",\"Kryepiskopi Anastas\",\"lajme\"],\"articleSection\":[\"Lajme\"],\"inLanguage\":\"en-US\"},{\"@type\":\"WebPage\",\"@id\":\"https:\/\/orthodoxalbania.org\/2020\/2013\/03\/21\/kremtim-madheshtor-i-krishtlindjes-ne-mjediset-e-kompleksit-te-katedrales-se-re-ngjallja-e-krishtit-tirane\/\",\"url\":\"https:\/\/orthodoxalbania.org\/2020\/2013\/03\/21\/kremtim-madheshtor-i-krishtlindjes-ne-mjediset-e-kompleksit-te-katedrales-se-re-ngjallja-e-krishtit-tirane\/\",\"name\":\"Kremtim madh\u00ebshtor i Krishtlindjes n\u00eb mjediset e Kompleksit t\u00eb Katedrales s\u00eb re \u201cNgjallja e Krishtit\u201d, Tiran\u00eb. (25 Dhjetor 2012) - Kisha Orthodh\u03bfkse Autoqefale e Shqip\u00ebris\u00eb\",\"isPartOf\":{\"@id\":\"https:\/\/orthodoxalbania.org\/2020\/#website\"},\"primaryImageOfPage\":{\"@id\":\"https:\/\/orthodoxalbania.org\/2020\/2013\/03\/21\/kremtim-madheshtor-i-krishtlindjes-ne-mjediset-e-kompleksit-te-katedrales-se-re-ngjallja-e-krishtit-tirane\/#primaryimage\"},\"image\":{\"@id\":\"https:\/\/orthodoxalbania.org\/2020\/2013\/03\/21\/kremtim-madheshtor-i-krishtlindjes-ne-mjediset-e-kompleksit-te-katedrales-se-re-ngjallja-e-krishtit-tirane\/#primaryimage\"},\"thumbnailUrl\":\"https:\/\/lh6.googleusercontent.com\/-51JHUD6tcIg\/UNr4qgv5zmI\/AAAAAAAABpA\/PMg2T0cyP14\/s640\/3.JPG\",\"datePublished\":\"2013-03-21T12:38:17+00:00\",\"dateModified\":\"2020-04-06T20:05:52+00:00\",\"breadcrumb\":{\"@id\":\"https:\/\/orthodoxalbania.org\/2020\/2013\/03\/21\/kremtim-madheshtor-i-krishtlindjes-ne-mjediset-e-kompleksit-te-katedrales-se-re-ngjallja-e-krishtit-tirane\/#breadcrumb\"},\"inLanguage\":\"en-US\",\"potentialAction\":[{\"@type\":\"ReadAction\",\"target\":[\"https:\/\/orthodoxalbania.org\/2020\/2013\/03\/21\/kremtim-madheshtor-i-krishtlindjes-ne-mjediset-e-kompleksit-te-katedrales-se-re-ngjallja-e-krishtit-tirane\/\"]}]},{\"@type\":\"ImageObject\",\"inLanguage\":\"en-US\",\"@id\":\"https:\/\/orthodoxalbania.org\/2020\/2013\/03\/21\/kremtim-madheshtor-i-krishtlindjes-ne-mjediset-e-kompleksit-te-katedrales-se-re-ngjallja-e-krishtit-tirane\/#primaryimage\",\"url\":\"https:\/\/lh6.googleusercontent.com\/-51JHUD6tcIg\/UNr4qgv5zmI\/AAAAAAAABpA\/PMg2T0cyP14\/s640\/3.JPG\",\"contentUrl\":\"https:\/\/lh6.googleusercontent.com\/-51JHUD6tcIg\/UNr4qgv5zmI\/AAAAAAAABpA\/PMg2T0cyP14\/s640\/3.JPG\"},{\"@type\":\"BreadcrumbList\",\"@id\":\"https:\/\/orthodoxalbania.org\/2020\/2013\/03\/21\/kremtim-madheshtor-i-krishtlindjes-ne-mjediset-e-kompleksit-te-katedrales-se-re-ngjallja-e-krishtit-tirane\/#breadcrumb\",\"itemListElement\":[{\"@type\":\"ListItem\",\"position\":1,\"name\":\"Home\",\"item\":\"https:\/\/orthodoxalbania.org\/2020\/\"},{\"@type\":\"ListItem\",\"position\":2,\"name\":\"Kremtim madh\u00ebshtor i Krishtlindjes n\u00eb mjediset e Kompleksit t\u00eb Katedrales s\u00eb re \u201cNgjallja e Krishtit\u201d, Tiran\u00eb. (25 Dhjetor 2012)\"}]},{\"@type\":\"WebSite\",\"@id\":\"https:\/\/orthodoxalbania.org\/2020\/#website\",\"url\":\"https:\/\/orthodoxalbania.org\/2020\/\",\"name\":\"Kisha Orthodh\u03bfkse Autoqefale e Shqip\u00ebris\u00eb\",\"description\":\"Fqja Zyrtare e Kish\u00ebs Orthodhokse Autoqefale e Shqip\u00ebris\u00eb me lajmet edhe informacionet zyrtare p\u00ebr struktur\u00ebn edhe veprimtarin e saj.\",\"publisher\":{\"@id\":\"https:\/\/orthodoxalbania.org\/2020\/#organization\"},\"potentialAction\":[{\"@type\":\"SearchAction\",\"target\":{\"@type\":\"EntryPoint\",\"urlTemplate\":\"https:\/\/orthodoxalbania.org\/2020\/?s={search_term_string}\"},\"query-input\":{\"@type\":\"PropertyValueSpecification\",\"valueRequired\":true,\"valueName\":\"search_term_string\"}}],\"inLanguage\":\"en-US\"},{\"@type\":\"Organization\",\"@id\":\"https:\/\/orthodoxalbania.org\/2020\/#organization\",\"name\":\"Kisha Orthodhokse Autoqefale e Shqip\u00ebris\u00eb\",\"url\":\"https:\/\/orthodoxalbania.org\/2020\/\",\"logo\":{\"@type\":\"ImageObject\",\"inLanguage\":\"en-US\",\"@id\":\"https:\/\/orthodoxalbania.org\/2020\/#\/schema\/logo\/image\/\",\"url\":\"https:\/\/orthodoxalbania.org\/2020\/wp-content\/uploads\/2020\/05\/albania.jpeg\",\"contentUrl\":\"https:\/\/orthodoxalbania.org\/2020\/wp-content\/uploads\/2020\/05\/albania.jpeg\",\"width\":540,\"height\":540,\"caption\":\"Kisha Orthodhokse Autoqefale e Shqip\u00ebris\u00eb\"},\"image\":{\"@id\":\"https:\/\/orthodoxalbania.org\/2020\/#\/schema\/logo\/image\/\"},\"sameAs\":[\"https:\/\/www.facebook.com\/koash1991\"]},{\"@type\":\"Person\",\"@id\":\"https:\/\/orthodoxalbania.org\/2020\/#\/schema\/person\/0c387634a7063ac612d7ed9ce71c7e86\",\"name\":\"Kisha Orthodhokse\",\"image\":{\"@type\":\"ImageObject\",\"inLanguage\":\"en-US\",\"@id\":\"https:\/\/secure.gravatar.com\/avatar\/596e7c417251e30f2fbb9c00e026fce61a695a00e51c889caded71c96cbbdde5?s=96&d=mm&r=g\",\"url\":\"https:\/\/secure.gravatar.com\/avatar\/596e7c417251e30f2fbb9c00e026fce61a695a00e51c889caded71c96cbbdde5?s=96&d=mm&r=g\",\"contentUrl\":\"https:\/\/secure.gravatar.com\/avatar\/596e7c417251e30f2fbb9c00e026fce61a695a00e51c889caded71c96cbbdde5?s=96&d=mm&r=g\",\"caption\":\"Kisha Orthodhokse\"}}]}<\/script>\n<!-- \/ Yoast SEO plugin. -->","yoast_head_json":{"title":"Kremtim madh\u00ebshtor i Krishtlindjes n\u00eb mjediset e Kompleksit t\u00eb Katedrales s\u00eb re \u201cNgjallja e Krishtit\u201d, Tiran\u00eb. (25 Dhjetor 2012) - Kisha Orthodh\u03bfkse Autoqefale e Shqip\u00ebris\u00eb","robots":{"index":"index","follow":"follow","max-snippet":"max-snippet:-1","max-image-preview":"max-image-preview:large","max-video-preview":"max-video-preview:-1"},"canonical":"https:\/\/orthodoxalbania.org\/2020\/2013\/03\/21\/kremtim-madheshtor-i-krishtlindjes-ne-mjediset-e-kompleksit-te-katedrales-se-re-ngjallja-e-krishtit-tirane\/","og_locale":"en_US","og_type":"article","og_title":"Kremtim madh\u00ebshtor i Krishtlindjes n\u00eb mjediset e Kompleksit t\u00eb Katedrales s\u00eb re \u201cNgjallja e Krishtit\u201d, Tiran\u00eb. (25 Dhjetor 2012) - Kisha Orthodh\u03bfkse Autoqefale e Shqip\u00ebris\u00eb","og_description":"&nbsp;&nbsp;&nbsp; Atmosfera festive e Krishtlindjes nisi t\u00eb ndihej q\u00eb dit\u00eb m\u00eb par\u00eb, me p\u00ebrgatitjet p\u00ebr ta pritur sa m\u00eb mire Krishtin-Foshnj\u00eb, pas nj\u00eb periudhe t\u00eb gjat\u00eb kreshmimi dhe lutjeje dhe me veprimtarit\u00eb e shumta e t\u00eb bukura t\u00eb t\u00eb rinjve e f\u00ebmij\u00ebve. &nbsp;&nbsp;&nbsp; Kremtimi i par\u00eb ishte n\u00eb pasditen e t\u00eb Diel\u00ebs para Krishtlindjes, kur besimtar\u00ebt u mblodh\u00ebn si\u00e7 \u00ebsht\u00eb b\u00ebr\u00eb tradit\u00eb n\u00eb kish\u00ebn \u201cUngjill\u00ebzimi","og_url":"https:\/\/orthodoxalbania.org\/2020\/2013\/03\/21\/kremtim-madheshtor-i-krishtlindjes-ne-mjediset-e-kompleksit-te-katedrales-se-re-ngjallja-e-krishtit-tirane\/","og_site_name":"Kisha Orthodh\u03bfkse Autoqefale e Shqip\u00ebris\u00eb","article_publisher":"https:\/\/www.facebook.com\/koash1991","article_published_time":"2013-03-21T12:38:17+00:00","article_modified_time":"2020-04-06T20:05:52+00:00","og_image":[{"url":"https:\/\/lh6.googleusercontent.com\/-51JHUD6tcIg\/UNr4qgv5zmI\/AAAAAAAABpA\/PMg2T0cyP14\/s640\/3.JPG","type":"","width":"","height":""}],"author":"Kisha Orthodhokse","twitter_card":"summary_large_image","twitter_misc":{"Written by":"Kisha Orthodhokse","Est. reading time":"3 minutes"},"schema":{"@context":"https:\/\/schema.org","@graph":[{"@type":"Article","@id":"https:\/\/orthodoxalbania.org\/2020\/2013\/03\/21\/kremtim-madheshtor-i-krishtlindjes-ne-mjediset-e-kompleksit-te-katedrales-se-re-ngjallja-e-krishtit-tirane\/#article","isPartOf":{"@id":"https:\/\/orthodoxalbania.org\/2020\/2013\/03\/21\/kremtim-madheshtor-i-krishtlindjes-ne-mjediset-e-kompleksit-te-katedrales-se-re-ngjallja-e-krishtit-tirane\/"},"author":{"name":"Kisha Orthodhokse","@id":"https:\/\/orthodoxalbania.org\/2020\/#\/schema\/person\/0c387634a7063ac612d7ed9ce71c7e86"},"headline":"Kremtim madh\u00ebshtor i Krishtlindjes n\u00eb mjediset e Kompleksit t\u00eb Katedrales s\u00eb re \u201cNgjallja e Krishtit\u201d, Tiran\u00eb. (25 Dhjetor 2012)","datePublished":"2013-03-21T12:38:17+00:00","dateModified":"2020-04-06T20:05:52+00:00","mainEntityOfPage":{"@id":"https:\/\/orthodoxalbania.org\/2020\/2013\/03\/21\/kremtim-madheshtor-i-krishtlindjes-ne-mjediset-e-kompleksit-te-katedrales-se-re-ngjallja-e-krishtit-tirane\/"},"wordCount":560,"commentCount":0,"publisher":{"@id":"https:\/\/orthodoxalbania.org\/2020\/#organization"},"image":{"@id":"https:\/\/orthodoxalbania.org\/2020\/2013\/03\/21\/kremtim-madheshtor-i-krishtlindjes-ne-mjediset-e-kompleksit-te-katedrales-se-re-ngjallja-e-krishtit-tirane\/#primaryimage"},"thumbnailUrl":"https:\/\/lh6.googleusercontent.com\/-51JHUD6tcIg\/UNr4qgv5zmI\/AAAAAAAABpA\/PMg2T0cyP14\/s640\/3.JPG","keywords":["2012","Katedralja \u201cNgjallja e Krishtit\u201d Tiran\u00eb","Krishtlindje","Kryepiskopata Tiran\u00eb","Kryepiskopi Anastas","lajme"],"articleSection":["Lajme"],"inLanguage":"en-US"},{"@type":"WebPage","@id":"https:\/\/orthodoxalbania.org\/2020\/2013\/03\/21\/kremtim-madheshtor-i-krishtlindjes-ne-mjediset-e-kompleksit-te-katedrales-se-re-ngjallja-e-krishtit-tirane\/","url":"https:\/\/orthodoxalbania.org\/2020\/2013\/03\/21\/kremtim-madheshtor-i-krishtlindjes-ne-mjediset-e-kompleksit-te-katedrales-se-re-ngjallja-e-krishtit-tirane\/","name":"Kremtim madh\u00ebshtor i Krishtlindjes n\u00eb mjediset e Kompleksit t\u00eb Katedrales s\u00eb re \u201cNgjallja e Krishtit\u201d, Tiran\u00eb. (25 Dhjetor 2012) - Kisha Orthodh\u03bfkse Autoqefale e Shqip\u00ebris\u00eb","isPartOf":{"@id":"https:\/\/orthodoxalbania.org\/2020\/#website"},"primaryImageOfPage":{"@id":"https:\/\/orthodoxalbania.org\/2020\/2013\/03\/21\/kremtim-madheshtor-i-krishtlindjes-ne-mjediset-e-kompleksit-te-katedrales-se-re-ngjallja-e-krishtit-tirane\/#primaryimage"},"image":{"@id":"https:\/\/orthodoxalbania.org\/2020\/2013\/03\/21\/kremtim-madheshtor-i-krishtlindjes-ne-mjediset-e-kompleksit-te-katedrales-se-re-ngjallja-e-krishtit-tirane\/#primaryimage"},"thumbnailUrl":"https:\/\/lh6.googleusercontent.com\/-51JHUD6tcIg\/UNr4qgv5zmI\/AAAAAAAABpA\/PMg2T0cyP14\/s640\/3.JPG","datePublished":"2013-03-21T12:38:17+00:00","dateModified":"2020-04-06T20:05:52+00:00","breadcrumb":{"@id":"https:\/\/orthodoxalbania.org\/2020\/2013\/03\/21\/kremtim-madheshtor-i-krishtlindjes-ne-mjediset-e-kompleksit-te-katedrales-se-re-ngjallja-e-krishtit-tirane\/#breadcrumb"},"inLanguage":"en-US","potentialAction":[{"@type":"ReadAction","target":["https:\/\/orthodoxalbania.org\/2020\/2013\/03\/21\/kremtim-madheshtor-i-krishtlindjes-ne-mjediset-e-kompleksit-te-katedrales-se-re-ngjallja-e-krishtit-tirane\/"]}]},{"@type":"ImageObject","inLanguage":"en-US","@id":"https:\/\/orthodoxalbania.org\/2020\/2013\/03\/21\/kremtim-madheshtor-i-krishtlindjes-ne-mjediset-e-kompleksit-te-katedrales-se-re-ngjallja-e-krishtit-tirane\/#primaryimage","url":"https:\/\/lh6.googleusercontent.com\/-51JHUD6tcIg\/UNr4qgv5zmI\/AAAAAAAABpA\/PMg2T0cyP14\/s640\/3.JPG","contentUrl":"https:\/\/lh6.googleusercontent.com\/-51JHUD6tcIg\/UNr4qgv5zmI\/AAAAAAAABpA\/PMg2T0cyP14\/s640\/3.JPG"},{"@type":"BreadcrumbList","@id":"https:\/\/orthodoxalbania.org\/2020\/2013\/03\/21\/kremtim-madheshtor-i-krishtlindjes-ne-mjediset-e-kompleksit-te-katedrales-se-re-ngjallja-e-krishtit-tirane\/#breadcrumb","itemListElement":[{"@type":"ListItem","position":1,"name":"Home","item":"https:\/\/orthodoxalbania.org\/2020\/"},{"@type":"ListItem","position":2,"name":"Kremtim madh\u00ebshtor i Krishtlindjes n\u00eb mjediset e Kompleksit t\u00eb Katedrales s\u00eb re \u201cNgjallja e Krishtit\u201d, Tiran\u00eb. (25 Dhjetor 2012)"}]},{"@type":"WebSite","@id":"https:\/\/orthodoxalbania.org\/2020\/#website","url":"https:\/\/orthodoxalbania.org\/2020\/","name":"Kisha Orthodh\u03bfkse Autoqefale e Shqip\u00ebris\u00eb","description":"Fqja Zyrtare e Kish\u00ebs Orthodhokse Autoqefale e Shqip\u00ebris\u00eb me lajmet edhe informacionet zyrtare p\u00ebr struktur\u00ebn edhe veprimtarin e saj.","publisher":{"@id":"https:\/\/orthodoxalbania.org\/2020\/#organization"},"potentialAction":[{"@type":"SearchAction","target":{"@type":"EntryPoint","urlTemplate":"https:\/\/orthodoxalbania.org\/2020\/?s={search_term_string}"},"query-input":{"@type":"PropertyValueSpecification","valueRequired":true,"valueName":"search_term_string"}}],"inLanguage":"en-US"},{"@type":"Organization","@id":"https:\/\/orthodoxalbania.org\/2020\/#organization","name":"Kisha Orthodhokse Autoqefale e Shqip\u00ebris\u00eb","url":"https:\/\/orthodoxalbania.org\/2020\/","logo":{"@type":"ImageObject","inLanguage":"en-US","@id":"https:\/\/orthodoxalbania.org\/2020\/#\/schema\/logo\/image\/","url":"https:\/\/orthodoxalbania.org\/2020\/wp-content\/uploads\/2020\/05\/albania.jpeg","contentUrl":"https:\/\/orthodoxalbania.org\/2020\/wp-content\/uploads\/2020\/05\/albania.jpeg","width":540,"height":540,"caption":"Kisha Orthodhokse Autoqefale e Shqip\u00ebris\u00eb"},"image":{"@id":"https:\/\/orthodoxalbania.org\/2020\/#\/schema\/logo\/image\/"},"sameAs":["https:\/\/www.facebook.com\/koash1991"]},{"@type":"Person","@id":"https:\/\/orthodoxalbania.org\/2020\/#\/schema\/person\/0c387634a7063ac612d7ed9ce71c7e86","name":"Kisha Orthodhokse","image":{"@type":"ImageObject","inLanguage":"en-US","@id":"https:\/\/secure.gravatar.com\/avatar\/596e7c417251e30f2fbb9c00e026fce61a695a00e51c889caded71c96cbbdde5?s=96&d=mm&r=g","url":"https:\/\/secure.gravatar.com\/avatar\/596e7c417251e30f2fbb9c00e026fce61a695a00e51c889caded71c96cbbdde5?s=96&d=mm&r=g","contentUrl":"https:\/\/secure.gravatar.com\/avatar\/596e7c417251e30f2fbb9c00e026fce61a695a00e51c889caded71c96cbbdde5?s=96&d=mm&r=g","caption":"Kisha Orthodhokse"}}]}},"_links":{"self":[{"href":"https:\/\/orthodoxalbania.org\/2020\/wp-json\/wp\/v2\/posts\/777","targetHints":{"allow":["GET"]}}],"collection":[{"href":"https:\/\/orthodoxalbania.org\/2020\/wp-json\/wp\/v2\/posts"}],"about":[{"href":"https:\/\/orthodoxalbania.org\/2020\/wp-json\/wp\/v2\/types\/post"}],"author":[{"embeddable":true,"href":"https:\/\/orthodoxalbania.org\/2020\/wp-json\/wp\/v2\/users\/1"}],"replies":[{"embeddable":true,"href":"https:\/\/orthodoxalbania.org\/2020\/wp-json\/wp\/v2\/comments?post=777"}],"version-history":[{"count":1,"href":"https:\/\/orthodoxalbania.org\/2020\/wp-json\/wp\/v2\/posts\/777\/revisions"}],"predecessor-version":[{"id":15267,"href":"https:\/\/orthodoxalbania.org\/2020\/wp-json\/wp\/v2\/posts\/777\/revisions\/15267"}],"wp:attachment":[{"href":"https:\/\/orthodoxalbania.org\/2020\/wp-json\/wp\/v2\/media?parent=777"}],"wp:term":[{"taxonomy":"category","embeddable":true,"href":"https:\/\/orthodoxalbania.org\/2020\/wp-json\/wp\/v2\/categories?post=777"},{"taxonomy":"post_tag","embeddable":true,"href":"https:\/\/orthodoxalbania.org\/2020\/wp-json\/wp\/v2\/tags?post=777"}],"curies":[{"name":"wp","href":"https:\/\/api.w.org\/{rel}","templated":true}]}}