{"id":776,"date":"2013-12-26T14:20:37","date_gmt":"2013-12-26T14:20:37","guid":{"rendered":""},"modified":"2020-04-06T22:05:24","modified_gmt":"2020-04-06T20:05:24","slug":"kremtim-festiv-ne-katedralen-ngjallja-e-krishtit","status":"publish","type":"post","link":"https:\/\/orthodoxalbania.org\/2020\/2013\/12\/26\/kremtim-festiv-ne-katedralen-ngjallja-e-krishtit\/","title":{"rendered":"Kremtim festiv i Krishtlindjeve n\u00eb Katedralen \u201cNgjallja e Krishtit\u201d. (Dhjetor 2013)"},"content":{"rendered":"<div style=\"text-align: justify;\"><span style=\"color: #000000;\"><span style=\"font-size: 12px;\"><span style=\"font-family: tahoma,geneva,sans-serif;\"><span style=\"font-size: 12px;\"><span style=\"font-family: tahoma,geneva,sans-serif;\"><img decoding=\"async\" class=\"lazyload HAa Eha\" style=\"width: 300px; border-width: 1px; border-style: solid; margin: 10px; height: 200px; float: left;\" alt=\"\" src=\"data:image\/gif;base64,R0lGODlhAQABAAAAACH5BAEKAAEALAAAAAABAAEAAAICTAEAOw==\" data-orig-src=\"https:\/\/lh4.googleusercontent.com\/-x-gnRdm7QaE\/Ury6ZoByJ1I\/AAAAAAAAHIw\/UJyy63oEefk\/w958-h639-no\/DSC_0053.JPG\" \/><\/span><\/span>&nbsp;&nbsp;&nbsp; \u201cN\u00eb epok\u00ebn ton\u00eb, n\u00eb deklaratat publike, mbisundon theksimi i dinjitetit t\u00eb njeriut. Por ngjarja q\u00eb tregon me forc\u00eb unikale vler\u00ebn e jet\u00ebs njer\u00ebzore, \u00ebsht\u00eb ajo q\u00eb zot\u00ebron n\u00eb t\u00eb kremten e sotme: Biri i Per\u00ebndis\u00eb s\u00eb gjall\u00eb, t\u00eb paafruesh\u00ebm dhe t\u00eb t\u00ebr\u00ebfuqish\u00ebm, mori natyr\u00ebn njer\u00ebzore, u b\u00eb njeri. Ky vazhdon t\u00eb jet\u00eb mesazhi qendror mahnit\u00ebs i Krishtlindjes. Per\u00ebndia nuk d\u00ebrgoi engj\u00ebj p\u00ebr shp\u00ebtimin e bot\u00ebs, nuk mori form\u00ebn e nj\u00eb krijese tjet\u00ebr, por u b\u00eb njeri. N\u00eb k\u00ebt\u00eb m\u00ebnyr\u00eb theksoi qartazi vler\u00ebn e jet\u00ebs s\u00eb njeriut n\u00eb vetvete dhe shfaqi shenjt\u00ebrin\u00eb e \u00e7do qenieje njer\u00ebzore.\u201d K\u00ebshtu e nisi Kryepiskopi Anastas Mesazhin tradicional t\u00eb Krishtlindjes, q\u00eb u lexua n\u00eb mbarim t\u00eb Liturgjis\u00eb Hyjnore festive, q\u00eb u krye n\u00eb Katedralen e re \u201cNgjallja e Krishtit\u201d. Ai bashk\u00ebmeshoi me an\u00ebtar\u00eb t\u00eb tjer\u00eb t\u00eb Sinodit t\u00eb Shenjt\u00eb, Episkopin e Apolonis\u00eb Nikoll\u00ebn, Episkopin e Kruj\u00ebs Andonin, Episkopin e Amantias Nathanailin dhe Episkopin e Bylisit, Astin.<\/span><\/span><\/span><\/div>\n<div style=\"text-align: justify;\"> <span style=\"color: #000000;\"><span style=\"font-size: 12px;\"><span style=\"font-family: tahoma,geneva,sans-serif;\">&nbsp;&nbsp;&nbsp; Atmosfera e Krishtlindjeve kishte dit\u00eb q\u00eb ndihej n\u00eb t\u00eb gjith\u00eb Kryeqytetin edhe p\u00ebrpara dat\u00ebs 25. Krishtlindja u b\u00eb edhe m\u00eb e ve\u00e7ant\u00eb nga veprimtarit\u00eb e shumta me f\u00ebmij\u00ebt, si koncertet, kolendrat etj., por edhe me veprimtarit\u00eb bamir\u00ebse, duke shp\u00ebrndar\u00eb dhuratat dhe ushqimet q\u00eb ata vet\u00eb kishin mbledhur. K\u00ebt\u00eb atmosfer\u00eb e theksonin dhe sh\u00ebrbesat e ve\u00e7anta t\u00eb k\u00ebsaj periudhe, si Efqelia, Sh\u00ebrbesa e Or\u00ebve etj.<\/span><\/span><\/span><\/div>\n<div style=\"text-align: justify;\"> <span style=\"color: #000000;\"><span style=\"font-size: 12px;\"><span style=\"font-family: tahoma,geneva,sans-serif;\">&nbsp;&nbsp;&nbsp; Ato kulmuan dit\u00ebn e Krishtlindjes me Liturgjin\u00eb Hyjnore t\u00eb Sh\u00ebn Vasilit, q\u00eb nisi n\u00eb or\u00ebn 6.30, n\u00eb Katedralen \u201cNgjallja e Krishtit\u201d. Ajo ishte e mbushur q\u00eb her\u00ebt, por edhe gjat\u00eb gjith\u00eb dit\u00ebs nuk rreshti lumi i besimtar\u00ebve q\u00eb vinin p\u00ebr t\u00eb ndezur qirinj dhe p\u00ebr t\u2019u lutur. Ata q\u00eb nuk mund\u00ebn t\u00eb vijn\u00eb n\u00eb kish\u00eb e ndoq\u00ebn mesh\u00ebn n\u00eb transmetimin e drejtp\u00ebrdrejt n\u00eb RTSH, por edhe n\u00eb lidhjet direkte dhe kronik<\/span><\/span><span style=\"font-size: 12px;\"><span style=\"font-family: tahoma,geneva,sans-serif;\">at e televizioneve t\u00eb tjera.<\/span><\/span><\/span><\/div>\n<div style=\"text-align: justify;\"> <span style=\"color: #000000;\"><span style=\"font-size: 12px;\"><span style=\"font-family: tahoma,geneva,sans-serif;\">&nbsp;&nbsp;&nbsp; Mesazhi i Krishtlindjes i Kryepiskopit Anastas&nbsp; ishte i p\u00ebrqendruar tek \u201cVlera e pakonceptueshme e jet\u00ebs njer\u00ebzore\u201d, t\u00eb cil\u00ebn e thekson n\u00eb m\u00ebnyr\u00eb t\u00eb ve\u00e7ant\u00eb kjo e kremte, duke u ndalur n\u00eb m\u00ebnyr\u00eb t\u00eb ve\u00e7ant\u00eb edhe tek lufta kund\u00ebr indiferentizmit ndaj njer\u00ebzve t\u00eb tjer\u00eb dhe tek r\u00ebnd\u00ebsia e solidaritetit, respektit dhe ndihm\u00ebs p\u00ebr ta. Por u theksua edhe dimensioni i jet\u00ebs s\u00eb p\u00ebrjetshme, q\u00eb ajo sjell. \u201c&#8230;P\u00ebrpos jet\u00ebs biologjike, ekziston edhe nj\u00eb jet\u00eb e nj\u00eb cil\u00ebsie m\u00eb t\u00eb lart\u00eb; ajo shpirt\u00ebrore, q\u00eb fal dhe nxit besimin, q\u00eb mund\u00ebson hapjen e&nbsp; zemr\u00ebs son\u00eb n\u00eb zon\u00ebn e shpirtit\u201d, &#8211; do t\u00eb n\u00ebnvizonte Fortlumturia e Tij n\u00eb k\u00ebt\u00eb Mesazh.<\/p>\n<p> &nbsp;&nbsp;&nbsp;&nbsp; <strong>Thoma Dhima<\/strong><\/span><\/span><\/span><\/div>\n<div style=\"text-align: justify;\">&nbsp;<\/div>\n<p><span style=\"font-size: 12px;\"><span style=\"font-family: tahoma,geneva,sans-serif;\"><strong><img decoding=\"async\" class=\"lazyload Bea VLb\" style=\"width: 600px; height: 399px; margin: 10px auto; border-width: 1px; border-style: solid; display: block;\" alt=\"Photo\" src=\"data:image\/gif;base64,R0lGODlhAQABAAAAACH5BAEKAAEALAAAAAABAAEAAAICTAEAOw==\" data-orig-src=\"https:\/\/lh4.googleusercontent.com\/Dv439EyX-CfTXygGq8JlMjYTHmc_h3t7J2fj7a1Di3U=w320-h213-p-no\" \/><\/strong><\/span><\/span><\/p>\n<p><span style=\"font-size: 12px;\"><span style=\"font-family: tahoma,geneva,sans-serif;\"><strong><img decoding=\"async\" class=\"lazyload HAa Eha\" style=\"height: 400px; width: 600px; margin: 10px auto; border-width: 1px; border-style: solid; display: block;\" alt=\"\" src=\"data:image\/gif;base64,R0lGODlhAQABAAAAACH5BAEKAAEALAAAAAABAAEAAAICTAEAOw==\" data-orig-src=\"https:\/\/lh5.googleusercontent.com\/-He3J9BiiWMs\/Urw2Zs81AWI\/AAAAAAAAHG4\/j6fY7u0-_2U\/w863-h575-no\/DSC_0031.JPG\" \/><\/strong><\/span><\/span><\/p>\n<p><span style=\"font-size: 12px;\"><span style=\"font-family: tahoma,geneva,sans-serif;\"><span style=\"font-size: 12px;\"><span style=\"font-family: tahoma,geneva,sans-serif;\"><img decoding=\"async\" class=\"lazyload HAa Eha\" style=\"height: 400px; width: 600px; border-width: 1px; border-style: solid; margin: 10px auto; display: block;\" alt=\"\" src=\"data:image\/gif;base64,R0lGODlhAQABAAAAACH5BAEKAAEALAAAAAABAAEAAAICTAEAOw==\" data-orig-src=\"https:\/\/lh4.googleusercontent.com\/-x-gnRdm7QaE\/Ury6ZoByJ1I\/AAAAAAAAHIw\/UJyy63oEefk\/w958-h639-no\/DSC_0053.JPG\" \/><\/span><\/span><img decoding=\"async\" class=\"lazyload HAa Eha\" style=\"height: 400px; width: 600px; margin: 10px auto; border-width: 1px; border-style: solid; display: block;\" alt=\"\" src=\"data:image\/gif;base64,R0lGODlhAQABAAAAACH5BAEKAAEALAAAAAABAAEAAAICTAEAOw==\" data-orig-src=\"https:\/\/lh3.googleusercontent.com\/-r_KyPKcFFzo\/Urw2WDq1JZI\/AAAAAAAAHGw\/Loo0xwj4oU8\/w863-h575-no\/DSC_0048.JPG\" \/><\/span><\/span><\/p>\n<p><span style=\"font-size: 12px;\"><span style=\"font-family: tahoma,geneva,sans-serif;\"><img decoding=\"async\" class=\"lazyload HAa Eha\" style=\"height: 400px; width: 600px; border-width: 1px; border-style: solid; margin: 10px auto; display: block;\" alt=\"\" src=\"data:image\/gif;base64,R0lGODlhAQABAAAAACH5BAEKAAEALAAAAAABAAEAAAICTAEAOw==\" data-orig-src=\"https:\/\/lh6.googleusercontent.com\/-i_BulZyDOaM\/Ury8HSCBrgI\/AAAAAAAAHJI\/8Wjw-aixYCA\/w958-h639-no\/DSC_0009.JPG\" \/><\/span><\/span><\/p>\n<p style=\"text-align: justify;\">&nbsp;<\/p>\n","protected":false},"excerpt":{"rendered":"<p>&nbsp;&nbsp;&nbsp; \u201cN\u00eb epok\u00ebn ton\u00eb, n\u00eb deklaratat publike, mbisundon theksimi i dinjitetit t\u00eb njeriut. Por ngjarja q\u00eb tregon me forc\u00eb unikale vler\u00ebn e jet\u00ebs njer\u00ebzore, \u00ebsht\u00eb ajo q\u00eb zot\u00ebron n\u00eb t\u00eb kremten e sotme: Biri i Per\u00ebndis\u00eb s\u00eb gjall\u00eb, t\u00eb paafruesh\u00ebm dhe t\u00eb t\u00ebr\u00ebfuqish\u00ebm, mori natyr\u00ebn njer\u00ebzore, u b\u00eb njeri. Ky vazhdon t\u00eb jet\u00eb mesazhi qendror mahnit\u00ebs i Krishtlindjes. Per\u00ebndia nuk d\u00ebrgoi engj\u00ebj p\u00ebr shp\u00ebtimin e<\/p>\n","protected":false},"author":1,"featured_media":0,"comment_status":"open","ping_status":"open","sticky":false,"template":"","format":"standard","meta":{"_acf_changed":false,"pagelayer_contact_templates":[],"_pagelayer_content":"","inline_featured_image":false,"fifu_image_url":"","fifu_image_alt":"","footnotes":""},"categories":[108],"tags":[141,184,192,196,201,212],"class_list":["post-776","post","type-post","status-publish","format-standard","hentry","category-lajme","tag-141","tag-katedralja-ngjallja-e-krishtit-tirane","tag-krishtlindje","tag-tirane","tag-kryepiskopi-anastas","tag-lajme-d27"],"acf":[],"yoast_head":"<!-- This site is optimized with the Yoast SEO plugin v27.2 - https:\/\/yoast.com\/product\/yoast-seo-wordpress\/ -->\n<title>Kremtim festiv i Krishtlindjeve n\u00eb Katedralen \u201cNgjallja e Krishtit\u201d. (Dhjetor 2013) - Kisha Orthodh\u03bfkse Autoqefale e Shqip\u00ebris\u00eb<\/title>\n<meta name=\"robots\" content=\"index, follow, max-snippet:-1, max-image-preview:large, max-video-preview:-1\" \/>\n<link rel=\"canonical\" href=\"https:\/\/orthodoxalbania.org\/2020\/2013\/12\/26\/kremtim-festiv-ne-katedralen-ngjallja-e-krishtit\/\" \/>\n<meta property=\"og:locale\" content=\"en_US\" \/>\n<meta property=\"og:type\" content=\"article\" \/>\n<meta property=\"og:title\" content=\"Kremtim festiv i Krishtlindjeve n\u00eb Katedralen \u201cNgjallja e Krishtit\u201d. (Dhjetor 2013) - Kisha Orthodh\u03bfkse Autoqefale e Shqip\u00ebris\u00eb\" \/>\n<meta property=\"og:description\" content=\"&nbsp;&nbsp;&nbsp; \u201cN\u00eb epok\u00ebn ton\u00eb, n\u00eb deklaratat publike, mbisundon theksimi i dinjitetit t\u00eb njeriut. Por ngjarja q\u00eb tregon me forc\u00eb unikale vler\u00ebn e jet\u00ebs njer\u00ebzore, \u00ebsht\u00eb ajo q\u00eb zot\u00ebron n\u00eb t\u00eb kremten e sotme: Biri i Per\u00ebndis\u00eb s\u00eb gjall\u00eb, t\u00eb paafruesh\u00ebm dhe t\u00eb t\u00ebr\u00ebfuqish\u00ebm, mori natyr\u00ebn njer\u00ebzore, u b\u00eb njeri. Ky vazhdon t\u00eb jet\u00eb mesazhi qendror mahnit\u00ebs i Krishtlindjes. Per\u00ebndia nuk d\u00ebrgoi engj\u00ebj p\u00ebr shp\u00ebtimin e\" \/>\n<meta property=\"og:url\" content=\"https:\/\/orthodoxalbania.org\/2020\/2013\/12\/26\/kremtim-festiv-ne-katedralen-ngjallja-e-krishtit\/\" \/>\n<meta property=\"og:site_name\" content=\"Kisha Orthodh\u03bfkse Autoqefale e Shqip\u00ebris\u00eb\" \/>\n<meta property=\"article:publisher\" content=\"https:\/\/www.facebook.com\/koash1991\" \/>\n<meta property=\"article:published_time\" content=\"2013-12-26T14:20:37+00:00\" \/>\n<meta property=\"article:modified_time\" content=\"2020-04-06T20:05:24+00:00\" \/>\n<meta property=\"og:image\" content=\"https:\/\/lh4.googleusercontent.com\/-x-gnRdm7QaE\/Ury6ZoByJ1I\/AAAAAAAAHIw\/UJyy63oEefk\/w958-h639-no\/DSC_0053.JPG\" \/>\n<meta name=\"author\" content=\"Kisha Orthodhokse\" \/>\n<meta name=\"twitter:card\" content=\"summary_large_image\" \/>\n<meta name=\"twitter:label1\" content=\"Written by\" \/>\n\t<meta name=\"twitter:data1\" content=\"Kisha Orthodhokse\" \/>\n\t<meta name=\"twitter:label2\" content=\"Est. reading time\" \/>\n\t<meta name=\"twitter:data2\" content=\"2 minutes\" \/>\n<script type=\"application\/ld+json\" class=\"yoast-schema-graph\">{\"@context\":\"https:\/\/schema.org\",\"@graph\":[{\"@type\":\"Article\",\"@id\":\"https:\/\/orthodoxalbania.org\/2020\/2013\/12\/26\/kremtim-festiv-ne-katedralen-ngjallja-e-krishtit\/#article\",\"isPartOf\":{\"@id\":\"https:\/\/orthodoxalbania.org\/2020\/2013\/12\/26\/kremtim-festiv-ne-katedralen-ngjallja-e-krishtit\/\"},\"author\":{\"name\":\"Kisha Orthodhokse\",\"@id\":\"https:\/\/orthodoxalbania.org\/2020\/#\/schema\/person\/0c387634a7063ac612d7ed9ce71c7e86\"},\"headline\":\"Kremtim festiv i Krishtlindjeve n\u00eb Katedralen \u201cNgjallja e Krishtit\u201d. (Dhjetor 2013)\",\"datePublished\":\"2013-12-26T14:20:37+00:00\",\"dateModified\":\"2020-04-06T20:05:24+00:00\",\"mainEntityOfPage\":{\"@id\":\"https:\/\/orthodoxalbania.org\/2020\/2013\/12\/26\/kremtim-festiv-ne-katedralen-ngjallja-e-krishtit\/\"},\"wordCount\":508,\"commentCount\":0,\"publisher\":{\"@id\":\"https:\/\/orthodoxalbania.org\/2020\/#organization\"},\"image\":{\"@id\":\"https:\/\/orthodoxalbania.org\/2020\/2013\/12\/26\/kremtim-festiv-ne-katedralen-ngjallja-e-krishtit\/#primaryimage\"},\"thumbnailUrl\":\"https:\/\/lh4.googleusercontent.com\/-x-gnRdm7QaE\/Ury6ZoByJ1I\/AAAAAAAAHIw\/UJyy63oEefk\/w958-h639-no\/DSC_0053.JPG\",\"keywords\":[\"2013\",\"Katedralja \u201cNgjallja e Krishtit\u201d Tiran\u00eb\",\"Krishtlindje\",\"Kryepiskopata Tiran\u00eb\",\"Kryepiskopi Anastas\",\"lajme\"],\"articleSection\":[\"Lajme\"],\"inLanguage\":\"en-US\"},{\"@type\":\"WebPage\",\"@id\":\"https:\/\/orthodoxalbania.org\/2020\/2013\/12\/26\/kremtim-festiv-ne-katedralen-ngjallja-e-krishtit\/\",\"url\":\"https:\/\/orthodoxalbania.org\/2020\/2013\/12\/26\/kremtim-festiv-ne-katedralen-ngjallja-e-krishtit\/\",\"name\":\"Kremtim festiv i Krishtlindjeve n\u00eb Katedralen \u201cNgjallja e Krishtit\u201d. (Dhjetor 2013) - Kisha Orthodh\u03bfkse Autoqefale e Shqip\u00ebris\u00eb\",\"isPartOf\":{\"@id\":\"https:\/\/orthodoxalbania.org\/2020\/#website\"},\"primaryImageOfPage\":{\"@id\":\"https:\/\/orthodoxalbania.org\/2020\/2013\/12\/26\/kremtim-festiv-ne-katedralen-ngjallja-e-krishtit\/#primaryimage\"},\"image\":{\"@id\":\"https:\/\/orthodoxalbania.org\/2020\/2013\/12\/26\/kremtim-festiv-ne-katedralen-ngjallja-e-krishtit\/#primaryimage\"},\"thumbnailUrl\":\"https:\/\/lh4.googleusercontent.com\/-x-gnRdm7QaE\/Ury6ZoByJ1I\/AAAAAAAAHIw\/UJyy63oEefk\/w958-h639-no\/DSC_0053.JPG\",\"datePublished\":\"2013-12-26T14:20:37+00:00\",\"dateModified\":\"2020-04-06T20:05:24+00:00\",\"breadcrumb\":{\"@id\":\"https:\/\/orthodoxalbania.org\/2020\/2013\/12\/26\/kremtim-festiv-ne-katedralen-ngjallja-e-krishtit\/#breadcrumb\"},\"inLanguage\":\"en-US\",\"potentialAction\":[{\"@type\":\"ReadAction\",\"target\":[\"https:\/\/orthodoxalbania.org\/2020\/2013\/12\/26\/kremtim-festiv-ne-katedralen-ngjallja-e-krishtit\/\"]}]},{\"@type\":\"ImageObject\",\"inLanguage\":\"en-US\",\"@id\":\"https:\/\/orthodoxalbania.org\/2020\/2013\/12\/26\/kremtim-festiv-ne-katedralen-ngjallja-e-krishtit\/#primaryimage\",\"url\":\"https:\/\/lh4.googleusercontent.com\/-x-gnRdm7QaE\/Ury6ZoByJ1I\/AAAAAAAAHIw\/UJyy63oEefk\/w958-h639-no\/DSC_0053.JPG\",\"contentUrl\":\"https:\/\/lh4.googleusercontent.com\/-x-gnRdm7QaE\/Ury6ZoByJ1I\/AAAAAAAAHIw\/UJyy63oEefk\/w958-h639-no\/DSC_0053.JPG\"},{\"@type\":\"BreadcrumbList\",\"@id\":\"https:\/\/orthodoxalbania.org\/2020\/2013\/12\/26\/kremtim-festiv-ne-katedralen-ngjallja-e-krishtit\/#breadcrumb\",\"itemListElement\":[{\"@type\":\"ListItem\",\"position\":1,\"name\":\"Home\",\"item\":\"https:\/\/orthodoxalbania.org\/2020\/\"},{\"@type\":\"ListItem\",\"position\":2,\"name\":\"Kremtim festiv i Krishtlindjeve n\u00eb Katedralen \u201cNgjallja e Krishtit\u201d. (Dhjetor 2013)\"}]},{\"@type\":\"WebSite\",\"@id\":\"https:\/\/orthodoxalbania.org\/2020\/#website\",\"url\":\"https:\/\/orthodoxalbania.org\/2020\/\",\"name\":\"Kisha Orthodh\u03bfkse Autoqefale e Shqip\u00ebris\u00eb\",\"description\":\"Fqja Zyrtare e Kish\u00ebs Orthodhokse Autoqefale e Shqip\u00ebris\u00eb me lajmet edhe informacionet zyrtare p\u00ebr struktur\u00ebn edhe veprimtarin e saj.\",\"publisher\":{\"@id\":\"https:\/\/orthodoxalbania.org\/2020\/#organization\"},\"potentialAction\":[{\"@type\":\"SearchAction\",\"target\":{\"@type\":\"EntryPoint\",\"urlTemplate\":\"https:\/\/orthodoxalbania.org\/2020\/?s={search_term_string}\"},\"query-input\":{\"@type\":\"PropertyValueSpecification\",\"valueRequired\":true,\"valueName\":\"search_term_string\"}}],\"inLanguage\":\"en-US\"},{\"@type\":\"Organization\",\"@id\":\"https:\/\/orthodoxalbania.org\/2020\/#organization\",\"name\":\"Kisha Orthodhokse Autoqefale e Shqip\u00ebris\u00eb\",\"url\":\"https:\/\/orthodoxalbania.org\/2020\/\",\"logo\":{\"@type\":\"ImageObject\",\"inLanguage\":\"en-US\",\"@id\":\"https:\/\/orthodoxalbania.org\/2020\/#\/schema\/logo\/image\/\",\"url\":\"https:\/\/orthodoxalbania.org\/2020\/wp-content\/uploads\/2020\/05\/albania.jpeg\",\"contentUrl\":\"https:\/\/orthodoxalbania.org\/2020\/wp-content\/uploads\/2020\/05\/albania.jpeg\",\"width\":540,\"height\":540,\"caption\":\"Kisha Orthodhokse Autoqefale e Shqip\u00ebris\u00eb\"},\"image\":{\"@id\":\"https:\/\/orthodoxalbania.org\/2020\/#\/schema\/logo\/image\/\"},\"sameAs\":[\"https:\/\/www.facebook.com\/koash1991\"]},{\"@type\":\"Person\",\"@id\":\"https:\/\/orthodoxalbania.org\/2020\/#\/schema\/person\/0c387634a7063ac612d7ed9ce71c7e86\",\"name\":\"Kisha Orthodhokse\",\"image\":{\"@type\":\"ImageObject\",\"inLanguage\":\"en-US\",\"@id\":\"https:\/\/secure.gravatar.com\/avatar\/596e7c417251e30f2fbb9c00e026fce61a695a00e51c889caded71c96cbbdde5?s=96&d=mm&r=g\",\"url\":\"https:\/\/secure.gravatar.com\/avatar\/596e7c417251e30f2fbb9c00e026fce61a695a00e51c889caded71c96cbbdde5?s=96&d=mm&r=g\",\"contentUrl\":\"https:\/\/secure.gravatar.com\/avatar\/596e7c417251e30f2fbb9c00e026fce61a695a00e51c889caded71c96cbbdde5?s=96&d=mm&r=g\",\"caption\":\"Kisha Orthodhokse\"}}]}<\/script>\n<!-- \/ Yoast SEO plugin. -->","yoast_head_json":{"title":"Kremtim festiv i Krishtlindjeve n\u00eb Katedralen \u201cNgjallja e Krishtit\u201d. (Dhjetor 2013) - Kisha Orthodh\u03bfkse Autoqefale e Shqip\u00ebris\u00eb","robots":{"index":"index","follow":"follow","max-snippet":"max-snippet:-1","max-image-preview":"max-image-preview:large","max-video-preview":"max-video-preview:-1"},"canonical":"https:\/\/orthodoxalbania.org\/2020\/2013\/12\/26\/kremtim-festiv-ne-katedralen-ngjallja-e-krishtit\/","og_locale":"en_US","og_type":"article","og_title":"Kremtim festiv i Krishtlindjeve n\u00eb Katedralen \u201cNgjallja e Krishtit\u201d. (Dhjetor 2013) - Kisha Orthodh\u03bfkse Autoqefale e Shqip\u00ebris\u00eb","og_description":"&nbsp;&nbsp;&nbsp; \u201cN\u00eb epok\u00ebn ton\u00eb, n\u00eb deklaratat publike, mbisundon theksimi i dinjitetit t\u00eb njeriut. Por ngjarja q\u00eb tregon me forc\u00eb unikale vler\u00ebn e jet\u00ebs njer\u00ebzore, \u00ebsht\u00eb ajo q\u00eb zot\u00ebron n\u00eb t\u00eb kremten e sotme: Biri i Per\u00ebndis\u00eb s\u00eb gjall\u00eb, t\u00eb paafruesh\u00ebm dhe t\u00eb t\u00ebr\u00ebfuqish\u00ebm, mori natyr\u00ebn njer\u00ebzore, u b\u00eb njeri. Ky vazhdon t\u00eb jet\u00eb mesazhi qendror mahnit\u00ebs i Krishtlindjes. Per\u00ebndia nuk d\u00ebrgoi engj\u00ebj p\u00ebr shp\u00ebtimin e","og_url":"https:\/\/orthodoxalbania.org\/2020\/2013\/12\/26\/kremtim-festiv-ne-katedralen-ngjallja-e-krishtit\/","og_site_name":"Kisha Orthodh\u03bfkse Autoqefale e Shqip\u00ebris\u00eb","article_publisher":"https:\/\/www.facebook.com\/koash1991","article_published_time":"2013-12-26T14:20:37+00:00","article_modified_time":"2020-04-06T20:05:24+00:00","og_image":[{"url":"https:\/\/lh4.googleusercontent.com\/-x-gnRdm7QaE\/Ury6ZoByJ1I\/AAAAAAAAHIw\/UJyy63oEefk\/w958-h639-no\/DSC_0053.JPG","type":"","width":"","height":""}],"author":"Kisha Orthodhokse","twitter_card":"summary_large_image","twitter_misc":{"Written by":"Kisha Orthodhokse","Est. reading time":"2 minutes"},"schema":{"@context":"https:\/\/schema.org","@graph":[{"@type":"Article","@id":"https:\/\/orthodoxalbania.org\/2020\/2013\/12\/26\/kremtim-festiv-ne-katedralen-ngjallja-e-krishtit\/#article","isPartOf":{"@id":"https:\/\/orthodoxalbania.org\/2020\/2013\/12\/26\/kremtim-festiv-ne-katedralen-ngjallja-e-krishtit\/"},"author":{"name":"Kisha Orthodhokse","@id":"https:\/\/orthodoxalbania.org\/2020\/#\/schema\/person\/0c387634a7063ac612d7ed9ce71c7e86"},"headline":"Kremtim festiv i Krishtlindjeve n\u00eb Katedralen \u201cNgjallja e Krishtit\u201d. (Dhjetor 2013)","datePublished":"2013-12-26T14:20:37+00:00","dateModified":"2020-04-06T20:05:24+00:00","mainEntityOfPage":{"@id":"https:\/\/orthodoxalbania.org\/2020\/2013\/12\/26\/kremtim-festiv-ne-katedralen-ngjallja-e-krishtit\/"},"wordCount":508,"commentCount":0,"publisher":{"@id":"https:\/\/orthodoxalbania.org\/2020\/#organization"},"image":{"@id":"https:\/\/orthodoxalbania.org\/2020\/2013\/12\/26\/kremtim-festiv-ne-katedralen-ngjallja-e-krishtit\/#primaryimage"},"thumbnailUrl":"https:\/\/lh4.googleusercontent.com\/-x-gnRdm7QaE\/Ury6ZoByJ1I\/AAAAAAAAHIw\/UJyy63oEefk\/w958-h639-no\/DSC_0053.JPG","keywords":["2013","Katedralja \u201cNgjallja e Krishtit\u201d Tiran\u00eb","Krishtlindje","Kryepiskopata Tiran\u00eb","Kryepiskopi Anastas","lajme"],"articleSection":["Lajme"],"inLanguage":"en-US"},{"@type":"WebPage","@id":"https:\/\/orthodoxalbania.org\/2020\/2013\/12\/26\/kremtim-festiv-ne-katedralen-ngjallja-e-krishtit\/","url":"https:\/\/orthodoxalbania.org\/2020\/2013\/12\/26\/kremtim-festiv-ne-katedralen-ngjallja-e-krishtit\/","name":"Kremtim festiv i Krishtlindjeve n\u00eb Katedralen \u201cNgjallja e Krishtit\u201d. (Dhjetor 2013) - Kisha Orthodh\u03bfkse Autoqefale e Shqip\u00ebris\u00eb","isPartOf":{"@id":"https:\/\/orthodoxalbania.org\/2020\/#website"},"primaryImageOfPage":{"@id":"https:\/\/orthodoxalbania.org\/2020\/2013\/12\/26\/kremtim-festiv-ne-katedralen-ngjallja-e-krishtit\/#primaryimage"},"image":{"@id":"https:\/\/orthodoxalbania.org\/2020\/2013\/12\/26\/kremtim-festiv-ne-katedralen-ngjallja-e-krishtit\/#primaryimage"},"thumbnailUrl":"https:\/\/lh4.googleusercontent.com\/-x-gnRdm7QaE\/Ury6ZoByJ1I\/AAAAAAAAHIw\/UJyy63oEefk\/w958-h639-no\/DSC_0053.JPG","datePublished":"2013-12-26T14:20:37+00:00","dateModified":"2020-04-06T20:05:24+00:00","breadcrumb":{"@id":"https:\/\/orthodoxalbania.org\/2020\/2013\/12\/26\/kremtim-festiv-ne-katedralen-ngjallja-e-krishtit\/#breadcrumb"},"inLanguage":"en-US","potentialAction":[{"@type":"ReadAction","target":["https:\/\/orthodoxalbania.org\/2020\/2013\/12\/26\/kremtim-festiv-ne-katedralen-ngjallja-e-krishtit\/"]}]},{"@type":"ImageObject","inLanguage":"en-US","@id":"https:\/\/orthodoxalbania.org\/2020\/2013\/12\/26\/kremtim-festiv-ne-katedralen-ngjallja-e-krishtit\/#primaryimage","url":"https:\/\/lh4.googleusercontent.com\/-x-gnRdm7QaE\/Ury6ZoByJ1I\/AAAAAAAAHIw\/UJyy63oEefk\/w958-h639-no\/DSC_0053.JPG","contentUrl":"https:\/\/lh4.googleusercontent.com\/-x-gnRdm7QaE\/Ury6ZoByJ1I\/AAAAAAAAHIw\/UJyy63oEefk\/w958-h639-no\/DSC_0053.JPG"},{"@type":"BreadcrumbList","@id":"https:\/\/orthodoxalbania.org\/2020\/2013\/12\/26\/kremtim-festiv-ne-katedralen-ngjallja-e-krishtit\/#breadcrumb","itemListElement":[{"@type":"ListItem","position":1,"name":"Home","item":"https:\/\/orthodoxalbania.org\/2020\/"},{"@type":"ListItem","position":2,"name":"Kremtim festiv i Krishtlindjeve n\u00eb Katedralen \u201cNgjallja e Krishtit\u201d. (Dhjetor 2013)"}]},{"@type":"WebSite","@id":"https:\/\/orthodoxalbania.org\/2020\/#website","url":"https:\/\/orthodoxalbania.org\/2020\/","name":"Kisha Orthodh\u03bfkse Autoqefale e Shqip\u00ebris\u00eb","description":"Fqja Zyrtare e Kish\u00ebs Orthodhokse Autoqefale e Shqip\u00ebris\u00eb me lajmet edhe informacionet zyrtare p\u00ebr struktur\u00ebn edhe veprimtarin e saj.","publisher":{"@id":"https:\/\/orthodoxalbania.org\/2020\/#organization"},"potentialAction":[{"@type":"SearchAction","target":{"@type":"EntryPoint","urlTemplate":"https:\/\/orthodoxalbania.org\/2020\/?s={search_term_string}"},"query-input":{"@type":"PropertyValueSpecification","valueRequired":true,"valueName":"search_term_string"}}],"inLanguage":"en-US"},{"@type":"Organization","@id":"https:\/\/orthodoxalbania.org\/2020\/#organization","name":"Kisha Orthodhokse Autoqefale e Shqip\u00ebris\u00eb","url":"https:\/\/orthodoxalbania.org\/2020\/","logo":{"@type":"ImageObject","inLanguage":"en-US","@id":"https:\/\/orthodoxalbania.org\/2020\/#\/schema\/logo\/image\/","url":"https:\/\/orthodoxalbania.org\/2020\/wp-content\/uploads\/2020\/05\/albania.jpeg","contentUrl":"https:\/\/orthodoxalbania.org\/2020\/wp-content\/uploads\/2020\/05\/albania.jpeg","width":540,"height":540,"caption":"Kisha Orthodhokse Autoqefale e Shqip\u00ebris\u00eb"},"image":{"@id":"https:\/\/orthodoxalbania.org\/2020\/#\/schema\/logo\/image\/"},"sameAs":["https:\/\/www.facebook.com\/koash1991"]},{"@type":"Person","@id":"https:\/\/orthodoxalbania.org\/2020\/#\/schema\/person\/0c387634a7063ac612d7ed9ce71c7e86","name":"Kisha Orthodhokse","image":{"@type":"ImageObject","inLanguage":"en-US","@id":"https:\/\/secure.gravatar.com\/avatar\/596e7c417251e30f2fbb9c00e026fce61a695a00e51c889caded71c96cbbdde5?s=96&d=mm&r=g","url":"https:\/\/secure.gravatar.com\/avatar\/596e7c417251e30f2fbb9c00e026fce61a695a00e51c889caded71c96cbbdde5?s=96&d=mm&r=g","contentUrl":"https:\/\/secure.gravatar.com\/avatar\/596e7c417251e30f2fbb9c00e026fce61a695a00e51c889caded71c96cbbdde5?s=96&d=mm&r=g","caption":"Kisha Orthodhokse"}}]}},"_links":{"self":[{"href":"https:\/\/orthodoxalbania.org\/2020\/wp-json\/wp\/v2\/posts\/776","targetHints":{"allow":["GET"]}}],"collection":[{"href":"https:\/\/orthodoxalbania.org\/2020\/wp-json\/wp\/v2\/posts"}],"about":[{"href":"https:\/\/orthodoxalbania.org\/2020\/wp-json\/wp\/v2\/types\/post"}],"author":[{"embeddable":true,"href":"https:\/\/orthodoxalbania.org\/2020\/wp-json\/wp\/v2\/users\/1"}],"replies":[{"embeddable":true,"href":"https:\/\/orthodoxalbania.org\/2020\/wp-json\/wp\/v2\/comments?post=776"}],"version-history":[{"count":1,"href":"https:\/\/orthodoxalbania.org\/2020\/wp-json\/wp\/v2\/posts\/776\/revisions"}],"predecessor-version":[{"id":15139,"href":"https:\/\/orthodoxalbania.org\/2020\/wp-json\/wp\/v2\/posts\/776\/revisions\/15139"}],"wp:attachment":[{"href":"https:\/\/orthodoxalbania.org\/2020\/wp-json\/wp\/v2\/media?parent=776"}],"wp:term":[{"taxonomy":"category","embeddable":true,"href":"https:\/\/orthodoxalbania.org\/2020\/wp-json\/wp\/v2\/categories?post=776"},{"taxonomy":"post_tag","embeddable":true,"href":"https:\/\/orthodoxalbania.org\/2020\/wp-json\/wp\/v2\/tags?post=776"}],"curies":[{"name":"wp","href":"https:\/\/api.w.org\/{rel}","templated":true}]}}