{"id":775,"date":"2007-02-26T00:00:00","date_gmt":"2007-02-26T00:00:00","guid":{"rendered":""},"modified":"2020-04-06T22:35:45","modified_gmt":"2020-04-06T20:35:45","slug":"korce-festohet-e-kremtja-e-theofanise-janar-07","status":"publish","type":"post","link":"https:\/\/orthodoxalbania.org\/2020\/2007\/02\/26\/korce-festohet-e-kremtja-e-theofanise-janar-07\/","title":{"rendered":"Kor\u00e7\u00eb &#8211; Festohet e kremtja e Theofanis\u00eb. (6 Janar 2007)"},"content":{"rendered":"<table id=\"AutoNumber4\" style=\"width: 773px; height: 743px;\" border=\"0\">\n<tbody>\n<tr>\n<td>\n<div style=\"line-height: 150%; text-align: justify;\"><span style=\"color: #000000;\"><span style=\"font-family: tahoma,geneva,sans-serif;\"><span style=\"font-size: 12px;\"><span style=\"line-height: 150%;\">&nbsp;&nbsp;&nbsp; Kremtimet e shumta u finalizuan me fest\u00ebn e Theofanis\u00eb, ku mij\u00ebra qytetar\u00eb mor\u00ebn pjes\u00eb n\u00eb festimet e k\u00ebsaj dite, n\u00eb k\u00ebt\u00eb dit\u00eb kur gjith\u00eb natyra shenjt\u00ebrohet me Pag\u00ebzimin e Zotit Jisu Krisht prej Sh\u00ebn Joanit n\u00eb Jordan. <\/span><\/span><\/span><\/span><\/div>\n<\/td>\n<td>\n<div><span style=\"color: #000000;\"><span style=\"font-family: tahoma,geneva,sans-serif;\"><span style=\"font-size: 12px;\"><img decoding=\"async\" class=\"lazyload HAa Eha\" style=\"border-width: 1px; border-style: solid; margin: 10px auto; display: block;\" alt=\"\" src=\"data:image\/gif;base64,R0lGODlhAQABAAAAACH5BAEKAAEALAAAAAABAAEAAAICTAEAOw==\" data-orig-src=\"https:\/\/lh6.googleusercontent.com\/-8n8CVOlQB0o\/VIg4h5aC57I\/AAAAAAAAF_Q\/OK-gU8dDU4A\/w370-h216-no\/untitled1.jpg\" \/><\/span><\/span><\/span><\/div>\n<\/td>\n<\/tr>\n<tr>\n<td>\n<div><span style=\"color: #000000;\"><span style=\"font-family: tahoma,geneva,sans-serif;\"><span style=\"font-size: 12px;\"><img decoding=\"async\" class=\"lazyload HAa Eha\" style=\"border-width: 1px; border-style: solid; margin: 10px auto; display: block;\" alt=\"\" src=\"data:image\/gif;base64,R0lGODlhAQABAAAAACH5BAEKAAEALAAAAAABAAEAAAICTAEAOw==\" data-orig-src=\"https:\/\/lh4.googleusercontent.com\/-pbWm_qr2haA\/VIg4h3Geh3I\/AAAAAAAAF_M\/I7FheAzPn5E\/w370-h227-no\/untitled2.jpg\" \/><\/span><\/span><\/span><\/div>\n<\/td>\n<td>\n<div style=\"line-height: 150%; text-align: justify;\"><span style=\"color: #000000;\"><span style=\"font-family: tahoma,geneva,sans-serif;\"><span style=\"font-size: 12px;\"><span style=\"line-height: 150%;\">&nbsp;&nbsp;&nbsp;&nbsp; <\/span> <span style=\"line-height: 150%;\">Hir\u00ebsia e Tij Imzot Joani theksoi r\u00ebnd\u00ebsin\u00eb e k\u00ebsaj dite si dita e shfaqjes s\u00eb Per\u00ebndis\u00eb Triadik prej s\u00eb larti, si edhe hapjen e rrug\u00ebs p\u00ebr t\u00eb gjith\u00eb drejt shp\u00ebtimit. M\u00eb pas n\u00eb sheshin para Katedrales \u201cNgjallja e Krishtit\u201d, u hodh kryqi, ku disa t\u00eb rinj, pavar\u00ebsisht nga uj\u00ebrat e ftohta, u hodh\u00ebn p\u00ebr t\u00eb marr\u00eb kryqin dhe bekimin q\u00eb buron prej Zotit t\u00eb pag\u00ebzuar.<\/span><\/span><\/span><\/span><\/div>\n<\/td>\n<\/tr>\n<tr>\n<td>\n<div style=\"line-height: 150%; text-align: justify;\"><span style=\"color: #000000;\"><span style=\"font-family: tahoma,geneva,sans-serif;\"><span style=\"font-size: 12px;\"><span style=\"line-height: 150%;\">&nbsp; &nbsp;<\/span> <span style=\"line-height: 150%;\">Ky ishte udh\u00ebtimi nga Betlehemi n\u00eb Jordan n\u00eb Mitropolin\u00eb e Shenjt\u00eb t\u00eb Kor\u00e7\u00ebs. Me shpres\u00ebn se ky udh\u00ebtim do t\u00eb jet\u00eb nj\u00eb udh\u00ebtim real p\u00ebr t\u00eb gjith\u00eb ne besimtar\u00ebt orthodhoks\u00eb n\u00eb Kor\u00e7\u00eb.&nbsp; <\/span><\/span><\/span><\/span><\/div>\n<\/td>\n<td>\n<div><span style=\"color: #000000;\"><span style=\"font-family: tahoma,geneva,sans-serif;\"><span style=\"font-size: 12px;\"><img decoding=\"async\" class=\"lazyload HAa Eha\" style=\"border-width: 1px; border-style: solid; margin: 10px auto; display: block;\" alt=\"\" src=\"data:image\/gif;base64,R0lGODlhAQABAAAAACH5BAEKAAEALAAAAAABAAEAAAICTAEAOw==\" data-orig-src=\"https:\/\/lh4.googleusercontent.com\/-HH2WkXVNF7k\/VIg4h53TXxI\/AAAAAAAAF_I\/nUXCrY-FjG4\/w370-h220-no\/untitled3.jpg\" \/><\/span><\/span><\/span><\/div>\n<\/td>\n<\/tr>\n<\/tbody>\n<\/table>\n","protected":false},"excerpt":{"rendered":"<p>&nbsp;&nbsp;&nbsp; Kremtimet e shumta u finalizuan me fest\u00ebn e Theofanis\u00eb, ku mij\u00ebra qytetar\u00eb mor\u00ebn pjes\u00eb n\u00eb festimet e k\u00ebsaj dite, n\u00eb k\u00ebt\u00eb dit\u00eb kur gjith\u00eb natyra shenjt\u00ebrohet me Pag\u00ebzimin e Zotit Jisu Krisht prej Sh\u00ebn Joanit n\u00eb Jordan. &nbsp;&nbsp;&nbsp;&nbsp; Hir\u00ebsia e Tij Imzot Joani theksoi r\u00ebnd\u00ebsin\u00eb e k\u00ebsaj dite si dita e shfaqjes s\u00eb Per\u00ebndis\u00eb Triadik prej s\u00eb larti, si edhe hapjen e rrug\u00ebs p\u00ebr<\/p>\n","protected":false},"author":1,"featured_media":0,"comment_status":"open","ping_status":"open","sticky":false,"template":"","format":"standard","meta":{"_acf_changed":false,"pagelayer_contact_templates":[],"_pagelayer_content":"","inline_featured_image":false,"fifu_image_url":"","fifu_image_alt":"","footnotes":""},"categories":[108],"tags":[147,157,212,181,193],"class_list":["post-775","post","type-post","status-publish","format-standard","hentry","category-lajme","tag-147","tag-kremtime","tag-lajme-d27","tag-korce","tag-uji-i-bekuar"],"acf":[],"yoast_head":"<!-- This site is optimized with the Yoast SEO plugin v27.2 - https:\/\/yoast.com\/product\/yoast-seo-wordpress\/ -->\n<title>Kor\u00e7\u00eb - Festohet e kremtja e Theofanis\u00eb. (6 Janar 2007) - Kisha Orthodh\u03bfkse Autoqefale e Shqip\u00ebris\u00eb<\/title>\n<meta name=\"robots\" content=\"index, follow, max-snippet:-1, max-image-preview:large, max-video-preview:-1\" \/>\n<link rel=\"canonical\" href=\"https:\/\/orthodoxalbania.org\/2020\/2007\/02\/26\/korce-festohet-e-kremtja-e-theofanise-janar-07\/\" \/>\n<meta property=\"og:locale\" content=\"en_US\" \/>\n<meta property=\"og:type\" content=\"article\" \/>\n<meta property=\"og:title\" content=\"Kor\u00e7\u00eb - Festohet e kremtja e Theofanis\u00eb. (6 Janar 2007) - Kisha Orthodh\u03bfkse Autoqefale e Shqip\u00ebris\u00eb\" \/>\n<meta property=\"og:description\" content=\"&nbsp;&nbsp;&nbsp; Kremtimet e shumta u finalizuan me fest\u00ebn e Theofanis\u00eb, ku mij\u00ebra qytetar\u00eb mor\u00ebn pjes\u00eb n\u00eb festimet e k\u00ebsaj dite, n\u00eb k\u00ebt\u00eb dit\u00eb kur gjith\u00eb natyra shenjt\u00ebrohet me Pag\u00ebzimin e Zotit Jisu Krisht prej Sh\u00ebn Joanit n\u00eb Jordan. &nbsp;&nbsp;&nbsp;&nbsp; Hir\u00ebsia e Tij Imzot Joani theksoi r\u00ebnd\u00ebsin\u00eb e k\u00ebsaj dite si dita e shfaqjes s\u00eb Per\u00ebndis\u00eb Triadik prej s\u00eb larti, si edhe hapjen e rrug\u00ebs p\u00ebr\" \/>\n<meta property=\"og:url\" content=\"https:\/\/orthodoxalbania.org\/2020\/2007\/02\/26\/korce-festohet-e-kremtja-e-theofanise-janar-07\/\" \/>\n<meta property=\"og:site_name\" content=\"Kisha Orthodh\u03bfkse Autoqefale e Shqip\u00ebris\u00eb\" \/>\n<meta property=\"article:publisher\" content=\"https:\/\/www.facebook.com\/koash1991\" \/>\n<meta property=\"article:published_time\" content=\"2007-02-26T00:00:00+00:00\" \/>\n<meta property=\"article:modified_time\" content=\"2020-04-06T20:35:45+00:00\" \/>\n<meta property=\"og:image\" content=\"https:\/\/lh6.googleusercontent.com\/-8n8CVOlQB0o\/VIg4h5aC57I\/AAAAAAAAF_Q\/OK-gU8dDU4A\/w370-h216-no\/untitled1.jpg\" \/>\n<meta name=\"author\" content=\"Kisha Orthodhokse\" \/>\n<meta name=\"twitter:card\" content=\"summary_large_image\" \/>\n<meta name=\"twitter:label1\" content=\"Written by\" \/>\n\t<meta name=\"twitter:data1\" content=\"Kisha Orthodhokse\" \/>\n\t<meta name=\"twitter:label2\" content=\"Est. reading time\" \/>\n\t<meta name=\"twitter:data2\" content=\"1 minute\" \/>\n<script type=\"application\/ld+json\" class=\"yoast-schema-graph\">{\"@context\":\"https:\/\/schema.org\",\"@graph\":[{\"@type\":\"Article\",\"@id\":\"https:\/\/orthodoxalbania.org\/2020\/2007\/02\/26\/korce-festohet-e-kremtja-e-theofanise-janar-07\/#article\",\"isPartOf\":{\"@id\":\"https:\/\/orthodoxalbania.org\/2020\/2007\/02\/26\/korce-festohet-e-kremtja-e-theofanise-janar-07\/\"},\"author\":{\"name\":\"Kisha Orthodhokse\",\"@id\":\"https:\/\/orthodoxalbania.org\/2020\/#\/schema\/person\/0c387634a7063ac612d7ed9ce71c7e86\"},\"headline\":\"Kor\u00e7\u00eb &#8211; Festohet e kremtja e Theofanis\u00eb. (6 Janar 2007)\",\"datePublished\":\"2007-02-26T00:00:00+00:00\",\"dateModified\":\"2020-04-06T20:35:45+00:00\",\"mainEntityOfPage\":{\"@id\":\"https:\/\/orthodoxalbania.org\/2020\/2007\/02\/26\/korce-festohet-e-kremtja-e-theofanise-janar-07\/\"},\"wordCount\":180,\"commentCount\":0,\"publisher\":{\"@id\":\"https:\/\/orthodoxalbania.org\/2020\/#organization\"},\"image\":{\"@id\":\"https:\/\/orthodoxalbania.org\/2020\/2007\/02\/26\/korce-festohet-e-kremtja-e-theofanise-janar-07\/#primaryimage\"},\"thumbnailUrl\":\"https:\/\/lh6.googleusercontent.com\/-8n8CVOlQB0o\/VIg4h5aC57I\/AAAAAAAAF_Q\/OK-gU8dDU4A\/w370-h216-no\/untitled1.jpg\",\"keywords\":[\"2007\",\"Kremtime\",\"lajme\",\"Mitropolia Kor\u00e7\u00eb\",\"Uji i Bekuar\"],\"articleSection\":[\"Lajme\"],\"inLanguage\":\"en-US\"},{\"@type\":\"WebPage\",\"@id\":\"https:\/\/orthodoxalbania.org\/2020\/2007\/02\/26\/korce-festohet-e-kremtja-e-theofanise-janar-07\/\",\"url\":\"https:\/\/orthodoxalbania.org\/2020\/2007\/02\/26\/korce-festohet-e-kremtja-e-theofanise-janar-07\/\",\"name\":\"Kor\u00e7\u00eb - Festohet e kremtja e Theofanis\u00eb. (6 Janar 2007) - Kisha Orthodh\u03bfkse Autoqefale e Shqip\u00ebris\u00eb\",\"isPartOf\":{\"@id\":\"https:\/\/orthodoxalbania.org\/2020\/#website\"},\"primaryImageOfPage\":{\"@id\":\"https:\/\/orthodoxalbania.org\/2020\/2007\/02\/26\/korce-festohet-e-kremtja-e-theofanise-janar-07\/#primaryimage\"},\"image\":{\"@id\":\"https:\/\/orthodoxalbania.org\/2020\/2007\/02\/26\/korce-festohet-e-kremtja-e-theofanise-janar-07\/#primaryimage\"},\"thumbnailUrl\":\"https:\/\/lh6.googleusercontent.com\/-8n8CVOlQB0o\/VIg4h5aC57I\/AAAAAAAAF_Q\/OK-gU8dDU4A\/w370-h216-no\/untitled1.jpg\",\"datePublished\":\"2007-02-26T00:00:00+00:00\",\"dateModified\":\"2020-04-06T20:35:45+00:00\",\"breadcrumb\":{\"@id\":\"https:\/\/orthodoxalbania.org\/2020\/2007\/02\/26\/korce-festohet-e-kremtja-e-theofanise-janar-07\/#breadcrumb\"},\"inLanguage\":\"en-US\",\"potentialAction\":[{\"@type\":\"ReadAction\",\"target\":[\"https:\/\/orthodoxalbania.org\/2020\/2007\/02\/26\/korce-festohet-e-kremtja-e-theofanise-janar-07\/\"]}]},{\"@type\":\"ImageObject\",\"inLanguage\":\"en-US\",\"@id\":\"https:\/\/orthodoxalbania.org\/2020\/2007\/02\/26\/korce-festohet-e-kremtja-e-theofanise-janar-07\/#primaryimage\",\"url\":\"https:\/\/lh6.googleusercontent.com\/-8n8CVOlQB0o\/VIg4h5aC57I\/AAAAAAAAF_Q\/OK-gU8dDU4A\/w370-h216-no\/untitled1.jpg\",\"contentUrl\":\"https:\/\/lh6.googleusercontent.com\/-8n8CVOlQB0o\/VIg4h5aC57I\/AAAAAAAAF_Q\/OK-gU8dDU4A\/w370-h216-no\/untitled1.jpg\"},{\"@type\":\"BreadcrumbList\",\"@id\":\"https:\/\/orthodoxalbania.org\/2020\/2007\/02\/26\/korce-festohet-e-kremtja-e-theofanise-janar-07\/#breadcrumb\",\"itemListElement\":[{\"@type\":\"ListItem\",\"position\":1,\"name\":\"Home\",\"item\":\"https:\/\/orthodoxalbania.org\/2020\/\"},{\"@type\":\"ListItem\",\"position\":2,\"name\":\"Kor\u00e7\u00eb &#8211; Festohet e kremtja e Theofanis\u00eb. (6 Janar 2007)\"}]},{\"@type\":\"WebSite\",\"@id\":\"https:\/\/orthodoxalbania.org\/2020\/#website\",\"url\":\"https:\/\/orthodoxalbania.org\/2020\/\",\"name\":\"Kisha Orthodh\u03bfkse Autoqefale e Shqip\u00ebris\u00eb\",\"description\":\"Fqja Zyrtare e Kish\u00ebs Orthodhokse Autoqefale e Shqip\u00ebris\u00eb me lajmet edhe informacionet zyrtare p\u00ebr struktur\u00ebn edhe veprimtarin e saj.\",\"publisher\":{\"@id\":\"https:\/\/orthodoxalbania.org\/2020\/#organization\"},\"potentialAction\":[{\"@type\":\"SearchAction\",\"target\":{\"@type\":\"EntryPoint\",\"urlTemplate\":\"https:\/\/orthodoxalbania.org\/2020\/?s={search_term_string}\"},\"query-input\":{\"@type\":\"PropertyValueSpecification\",\"valueRequired\":true,\"valueName\":\"search_term_string\"}}],\"inLanguage\":\"en-US\"},{\"@type\":\"Organization\",\"@id\":\"https:\/\/orthodoxalbania.org\/2020\/#organization\",\"name\":\"Kisha Orthodhokse Autoqefale e Shqip\u00ebris\u00eb\",\"url\":\"https:\/\/orthodoxalbania.org\/2020\/\",\"logo\":{\"@type\":\"ImageObject\",\"inLanguage\":\"en-US\",\"@id\":\"https:\/\/orthodoxalbania.org\/2020\/#\/schema\/logo\/image\/\",\"url\":\"https:\/\/orthodoxalbania.org\/2020\/wp-content\/uploads\/2020\/05\/albania.jpeg\",\"contentUrl\":\"https:\/\/orthodoxalbania.org\/2020\/wp-content\/uploads\/2020\/05\/albania.jpeg\",\"width\":540,\"height\":540,\"caption\":\"Kisha Orthodhokse Autoqefale e Shqip\u00ebris\u00eb\"},\"image\":{\"@id\":\"https:\/\/orthodoxalbania.org\/2020\/#\/schema\/logo\/image\/\"},\"sameAs\":[\"https:\/\/www.facebook.com\/koash1991\"]},{\"@type\":\"Person\",\"@id\":\"https:\/\/orthodoxalbania.org\/2020\/#\/schema\/person\/0c387634a7063ac612d7ed9ce71c7e86\",\"name\":\"Kisha Orthodhokse\",\"image\":{\"@type\":\"ImageObject\",\"inLanguage\":\"en-US\",\"@id\":\"https:\/\/secure.gravatar.com\/avatar\/596e7c417251e30f2fbb9c00e026fce61a695a00e51c889caded71c96cbbdde5?s=96&d=mm&r=g\",\"url\":\"https:\/\/secure.gravatar.com\/avatar\/596e7c417251e30f2fbb9c00e026fce61a695a00e51c889caded71c96cbbdde5?s=96&d=mm&r=g\",\"contentUrl\":\"https:\/\/secure.gravatar.com\/avatar\/596e7c417251e30f2fbb9c00e026fce61a695a00e51c889caded71c96cbbdde5?s=96&d=mm&r=g\",\"caption\":\"Kisha Orthodhokse\"}}]}<\/script>\n<!-- \/ Yoast SEO plugin. -->","yoast_head_json":{"title":"Kor\u00e7\u00eb - Festohet e kremtja e Theofanis\u00eb. (6 Janar 2007) - Kisha Orthodh\u03bfkse Autoqefale e Shqip\u00ebris\u00eb","robots":{"index":"index","follow":"follow","max-snippet":"max-snippet:-1","max-image-preview":"max-image-preview:large","max-video-preview":"max-video-preview:-1"},"canonical":"https:\/\/orthodoxalbania.org\/2020\/2007\/02\/26\/korce-festohet-e-kremtja-e-theofanise-janar-07\/","og_locale":"en_US","og_type":"article","og_title":"Kor\u00e7\u00eb - Festohet e kremtja e Theofanis\u00eb. (6 Janar 2007) - Kisha Orthodh\u03bfkse Autoqefale e Shqip\u00ebris\u00eb","og_description":"&nbsp;&nbsp;&nbsp; Kremtimet e shumta u finalizuan me fest\u00ebn e Theofanis\u00eb, ku mij\u00ebra qytetar\u00eb mor\u00ebn pjes\u00eb n\u00eb festimet e k\u00ebsaj dite, n\u00eb k\u00ebt\u00eb dit\u00eb kur gjith\u00eb natyra shenjt\u00ebrohet me Pag\u00ebzimin e Zotit Jisu Krisht prej Sh\u00ebn Joanit n\u00eb Jordan. &nbsp;&nbsp;&nbsp;&nbsp; Hir\u00ebsia e Tij Imzot Joani theksoi r\u00ebnd\u00ebsin\u00eb e k\u00ebsaj dite si dita e shfaqjes s\u00eb Per\u00ebndis\u00eb Triadik prej s\u00eb larti, si edhe hapjen e rrug\u00ebs p\u00ebr","og_url":"https:\/\/orthodoxalbania.org\/2020\/2007\/02\/26\/korce-festohet-e-kremtja-e-theofanise-janar-07\/","og_site_name":"Kisha Orthodh\u03bfkse Autoqefale e Shqip\u00ebris\u00eb","article_publisher":"https:\/\/www.facebook.com\/koash1991","article_published_time":"2007-02-26T00:00:00+00:00","article_modified_time":"2020-04-06T20:35:45+00:00","og_image":[{"url":"https:\/\/lh6.googleusercontent.com\/-8n8CVOlQB0o\/VIg4h5aC57I\/AAAAAAAAF_Q\/OK-gU8dDU4A\/w370-h216-no\/untitled1.jpg","type":"","width":"","height":""}],"author":"Kisha Orthodhokse","twitter_card":"summary_large_image","twitter_misc":{"Written by":"Kisha Orthodhokse","Est. reading time":"1 minute"},"schema":{"@context":"https:\/\/schema.org","@graph":[{"@type":"Article","@id":"https:\/\/orthodoxalbania.org\/2020\/2007\/02\/26\/korce-festohet-e-kremtja-e-theofanise-janar-07\/#article","isPartOf":{"@id":"https:\/\/orthodoxalbania.org\/2020\/2007\/02\/26\/korce-festohet-e-kremtja-e-theofanise-janar-07\/"},"author":{"name":"Kisha Orthodhokse","@id":"https:\/\/orthodoxalbania.org\/2020\/#\/schema\/person\/0c387634a7063ac612d7ed9ce71c7e86"},"headline":"Kor\u00e7\u00eb &#8211; Festohet e kremtja e Theofanis\u00eb. (6 Janar 2007)","datePublished":"2007-02-26T00:00:00+00:00","dateModified":"2020-04-06T20:35:45+00:00","mainEntityOfPage":{"@id":"https:\/\/orthodoxalbania.org\/2020\/2007\/02\/26\/korce-festohet-e-kremtja-e-theofanise-janar-07\/"},"wordCount":180,"commentCount":0,"publisher":{"@id":"https:\/\/orthodoxalbania.org\/2020\/#organization"},"image":{"@id":"https:\/\/orthodoxalbania.org\/2020\/2007\/02\/26\/korce-festohet-e-kremtja-e-theofanise-janar-07\/#primaryimage"},"thumbnailUrl":"https:\/\/lh6.googleusercontent.com\/-8n8CVOlQB0o\/VIg4h5aC57I\/AAAAAAAAF_Q\/OK-gU8dDU4A\/w370-h216-no\/untitled1.jpg","keywords":["2007","Kremtime","lajme","Mitropolia Kor\u00e7\u00eb","Uji i Bekuar"],"articleSection":["Lajme"],"inLanguage":"en-US"},{"@type":"WebPage","@id":"https:\/\/orthodoxalbania.org\/2020\/2007\/02\/26\/korce-festohet-e-kremtja-e-theofanise-janar-07\/","url":"https:\/\/orthodoxalbania.org\/2020\/2007\/02\/26\/korce-festohet-e-kremtja-e-theofanise-janar-07\/","name":"Kor\u00e7\u00eb - Festohet e kremtja e Theofanis\u00eb. (6 Janar 2007) - Kisha Orthodh\u03bfkse Autoqefale e Shqip\u00ebris\u00eb","isPartOf":{"@id":"https:\/\/orthodoxalbania.org\/2020\/#website"},"primaryImageOfPage":{"@id":"https:\/\/orthodoxalbania.org\/2020\/2007\/02\/26\/korce-festohet-e-kremtja-e-theofanise-janar-07\/#primaryimage"},"image":{"@id":"https:\/\/orthodoxalbania.org\/2020\/2007\/02\/26\/korce-festohet-e-kremtja-e-theofanise-janar-07\/#primaryimage"},"thumbnailUrl":"https:\/\/lh6.googleusercontent.com\/-8n8CVOlQB0o\/VIg4h5aC57I\/AAAAAAAAF_Q\/OK-gU8dDU4A\/w370-h216-no\/untitled1.jpg","datePublished":"2007-02-26T00:00:00+00:00","dateModified":"2020-04-06T20:35:45+00:00","breadcrumb":{"@id":"https:\/\/orthodoxalbania.org\/2020\/2007\/02\/26\/korce-festohet-e-kremtja-e-theofanise-janar-07\/#breadcrumb"},"inLanguage":"en-US","potentialAction":[{"@type":"ReadAction","target":["https:\/\/orthodoxalbania.org\/2020\/2007\/02\/26\/korce-festohet-e-kremtja-e-theofanise-janar-07\/"]}]},{"@type":"ImageObject","inLanguage":"en-US","@id":"https:\/\/orthodoxalbania.org\/2020\/2007\/02\/26\/korce-festohet-e-kremtja-e-theofanise-janar-07\/#primaryimage","url":"https:\/\/lh6.googleusercontent.com\/-8n8CVOlQB0o\/VIg4h5aC57I\/AAAAAAAAF_Q\/OK-gU8dDU4A\/w370-h216-no\/untitled1.jpg","contentUrl":"https:\/\/lh6.googleusercontent.com\/-8n8CVOlQB0o\/VIg4h5aC57I\/AAAAAAAAF_Q\/OK-gU8dDU4A\/w370-h216-no\/untitled1.jpg"},{"@type":"BreadcrumbList","@id":"https:\/\/orthodoxalbania.org\/2020\/2007\/02\/26\/korce-festohet-e-kremtja-e-theofanise-janar-07\/#breadcrumb","itemListElement":[{"@type":"ListItem","position":1,"name":"Home","item":"https:\/\/orthodoxalbania.org\/2020\/"},{"@type":"ListItem","position":2,"name":"Kor\u00e7\u00eb &#8211; Festohet e kremtja e Theofanis\u00eb. (6 Janar 2007)"}]},{"@type":"WebSite","@id":"https:\/\/orthodoxalbania.org\/2020\/#website","url":"https:\/\/orthodoxalbania.org\/2020\/","name":"Kisha Orthodh\u03bfkse Autoqefale e Shqip\u00ebris\u00eb","description":"Fqja Zyrtare e Kish\u00ebs Orthodhokse Autoqefale e Shqip\u00ebris\u00eb me lajmet edhe informacionet zyrtare p\u00ebr struktur\u00ebn edhe veprimtarin e saj.","publisher":{"@id":"https:\/\/orthodoxalbania.org\/2020\/#organization"},"potentialAction":[{"@type":"SearchAction","target":{"@type":"EntryPoint","urlTemplate":"https:\/\/orthodoxalbania.org\/2020\/?s={search_term_string}"},"query-input":{"@type":"PropertyValueSpecification","valueRequired":true,"valueName":"search_term_string"}}],"inLanguage":"en-US"},{"@type":"Organization","@id":"https:\/\/orthodoxalbania.org\/2020\/#organization","name":"Kisha Orthodhokse Autoqefale e Shqip\u00ebris\u00eb","url":"https:\/\/orthodoxalbania.org\/2020\/","logo":{"@type":"ImageObject","inLanguage":"en-US","@id":"https:\/\/orthodoxalbania.org\/2020\/#\/schema\/logo\/image\/","url":"https:\/\/orthodoxalbania.org\/2020\/wp-content\/uploads\/2020\/05\/albania.jpeg","contentUrl":"https:\/\/orthodoxalbania.org\/2020\/wp-content\/uploads\/2020\/05\/albania.jpeg","width":540,"height":540,"caption":"Kisha Orthodhokse Autoqefale e Shqip\u00ebris\u00eb"},"image":{"@id":"https:\/\/orthodoxalbania.org\/2020\/#\/schema\/logo\/image\/"},"sameAs":["https:\/\/www.facebook.com\/koash1991"]},{"@type":"Person","@id":"https:\/\/orthodoxalbania.org\/2020\/#\/schema\/person\/0c387634a7063ac612d7ed9ce71c7e86","name":"Kisha Orthodhokse","image":{"@type":"ImageObject","inLanguage":"en-US","@id":"https:\/\/secure.gravatar.com\/avatar\/596e7c417251e30f2fbb9c00e026fce61a695a00e51c889caded71c96cbbdde5?s=96&d=mm&r=g","url":"https:\/\/secure.gravatar.com\/avatar\/596e7c417251e30f2fbb9c00e026fce61a695a00e51c889caded71c96cbbdde5?s=96&d=mm&r=g","contentUrl":"https:\/\/secure.gravatar.com\/avatar\/596e7c417251e30f2fbb9c00e026fce61a695a00e51c889caded71c96cbbdde5?s=96&d=mm&r=g","caption":"Kisha Orthodhokse"}}]}},"_links":{"self":[{"href":"https:\/\/orthodoxalbania.org\/2020\/wp-json\/wp\/v2\/posts\/775","targetHints":{"allow":["GET"]}}],"collection":[{"href":"https:\/\/orthodoxalbania.org\/2020\/wp-json\/wp\/v2\/posts"}],"about":[{"href":"https:\/\/orthodoxalbania.org\/2020\/wp-json\/wp\/v2\/types\/post"}],"author":[{"embeddable":true,"href":"https:\/\/orthodoxalbania.org\/2020\/wp-json\/wp\/v2\/users\/1"}],"replies":[{"embeddable":true,"href":"https:\/\/orthodoxalbania.org\/2020\/wp-json\/wp\/v2\/comments?post=775"}],"version-history":[{"count":1,"href":"https:\/\/orthodoxalbania.org\/2020\/wp-json\/wp\/v2\/posts\/775\/revisions"}],"predecessor-version":[{"id":15756,"href":"https:\/\/orthodoxalbania.org\/2020\/wp-json\/wp\/v2\/posts\/775\/revisions\/15756"}],"wp:attachment":[{"href":"https:\/\/orthodoxalbania.org\/2020\/wp-json\/wp\/v2\/media?parent=775"}],"wp:term":[{"taxonomy":"category","embeddable":true,"href":"https:\/\/orthodoxalbania.org\/2020\/wp-json\/wp\/v2\/categories?post=775"},{"taxonomy":"post_tag","embeddable":true,"href":"https:\/\/orthodoxalbania.org\/2020\/wp-json\/wp\/v2\/tags?post=775"}],"curies":[{"name":"wp","href":"https:\/\/api.w.org\/{rel}","templated":true}]}}