{"id":773,"date":"2006-02-26T00:00:00","date_gmt":"2006-02-26T00:00:00","guid":{"rendered":""},"modified":"2020-04-06T22:36:04","modified_gmt":"2020-04-06T20:36:04","slug":"korce-atmosfera-e-krishtlindjes-krishtlindje-06","status":"publish","type":"post","link":"https:\/\/orthodoxalbania.org\/2020\/2006\/02\/26\/korce-atmosfera-e-krishtlindjes-krishtlindje-06\/","title":{"rendered":"Kor\u00e7\u00eb &#8211; Atmosfera e Krishtlindjes. (Dhjetor 2006)"},"content":{"rendered":"<table id=\"AutoNumber3\" border=\"0\">\n<tbody>\n<tr>\n<td colspan=\"2\">\n<div style=\"text-align: justify;\"><span style=\"color: #000000;\"><span style=\"font-family: tahoma,geneva,sans-serif;\"><span style=\"font-size: 12px;\">&nbsp;&nbsp;&nbsp; N\u00eb qytetin e Kor\u00e7\u00ebs, n\u00eb k\u00ebt\u00eb qytet me tradita t\u00eb vjetra orthodhokse edhe k\u00ebt\u00eb vit u zhvilluan nj\u00eb s\u00ebr\u00eb aktivitetesh me rastin e Krishtlindjes. Festimet i hapi Festivali Rinor i k\u00ebsaj Mitropolie, aktivitet q\u00eb mbledh t\u00eb rinj nga e gjith\u00eb dioqeza e Kor\u00e7\u00ebs. Ky aktivitet tashm\u00eb nj\u00eb tradit\u00eb n\u00eb k\u00ebt\u00eb Mitropoli, mir\u00ebpriti t\u00eb rinj nga Erseka, Pogradeci, Prespa, Devolli, si edhe grupe q\u00eb p\u00ebrsh\u00ebndet\u00ebn k\u00ebt\u00eb aktivitet. Mes k\u00ebng\u00ebve dhe valleve, ky aktivitet hapi rrug\u00ebn e fillimit t\u00eb festimeve me rastin e Krishtlindjes. Por duhet theksuar se atmosfera e fest\u00ebs kishte filluar t\u00eb ndihej q\u00eb n\u00eb dit\u00ebt e para t\u00eb muajit dhjetor, dhe si padashur t\u00eb gjith\u00eb qen\u00eb b\u00ebr\u00eb pjes\u00eb e g\u00ebzimit q\u00eb ofronte festa.<\/span><\/span><\/span><\/div>\n<div style=\"text-align: justify;\">&nbsp;<\/div>\n<div style=\"text-align: justify;\"><span style=\"color: #000000;\"><span style=\"font-family: tahoma,geneva,sans-serif;\"><span style=\"font-size: 12px;\">&nbsp;&nbsp;&nbsp; N\u00eb mbr\u00ebmjen e dat\u00ebs 23 dhjetor, n\u00eb t\u00eb gjitha rrug\u00ebt e qytetit shihje njer\u00ebz t\u00eb t\u00eb gjitha moshave q\u00eb festonin kolendrat dhe jepnin tek t\u00eb gjith\u00eb lajmin se: \u201cN\u00eb qytetin e shenjt\u00ebruar u lind foshnja e bekuar\u2026\u201d. T\u00eb gjith\u00ebve na ishte dh\u00ebn\u00eb rasti t\u00eb ishim pjes\u00eb e korit engj\u00ebllor duke p\u00ebrhapur lajmin e lindjes s\u00eb Shp\u00ebtimtarit t\u00eb bot\u00ebs.<\/span><\/span><\/span><\/div>\n<div style=\"text-align: justify;\">&nbsp;<\/div>\n<div style=\"text-align: justify;\"><span style=\"color: #000000;\"><span style=\"font-family: tahoma,geneva,sans-serif;\"><span style=\"font-size: 12px;\">&nbsp;&nbsp;&nbsp; N\u00eb dat\u00ebn 25, n\u00eb t\u00eb gjitha kishat e qytetit u celebrua Liturgjia Hyjnore, t\u00eb cil\u00ebn n\u00eb kish\u00ebn katedrale e drejtoi Mitropoliti i Kor\u00e7\u00ebs, Hir\u00ebsia e Tij Imzot Joani. Ai iu b\u00ebri thirrje besimtar\u00ebve t\u00eb shumt\u00eb q\u00eb merrnin pjes\u00eb, q\u00eb t\u00eb kishin shpres\u00eb dhe kuraj\u00eb, sepse drita e mundi err\u00ebsir\u00ebn, se Foshnja e Betlehemit ka ardhur p\u00ebr t\u00eb gjith\u00eb dhe t\u00eb gjith\u00eb duhet t\u00eb g\u00ebzohemi. M\u00eb pas vazhduan pritjet n\u00eb selin\u00eb e Mitropolis\u00eb s\u00eb Hirshme t\u00eb Kor\u00e7\u00ebs, ku uruan Kryebariun e tyre qindra besimtar\u00eb, p\u00ebrfaq\u00ebsues t\u00eb pushtetit vendor si edhe p\u00ebrfaq\u00ebsues t\u00eb komuniteteve fetare. T\u00eb gjith\u00eb p\u00ebrcoll\u00ebn mesazhe paqeje dhe dashurie p\u00ebr t\u00eb gjith\u00eb komunitetin e Kor\u00e7\u00ebs.<\/span><\/span><\/span><\/div>\n<div style=\"text-align: justify;\">&nbsp;<\/div>\n<div style=\"text-align: justify;\"><span style=\"color: #000000;\"><span style=\"font-family: tahoma,geneva,sans-serif;\"><span style=\"font-size: 12px;\">&nbsp;&nbsp;&nbsp; Data 26, vazhdoi me drek\u00ebn tradicionale q\u00eb shtrohet p\u00ebr njer\u00ebzit n\u00eb nevoj\u00eb t\u00eb k\u00ebtij qyteti, drek\u00eb n\u00eb t\u00eb cil\u00ebn ndihmoi edhe shoqata \u201cGruaja Kor\u00e7are\u201d. Edhe n\u00eb k\u00ebt\u00eb dit\u00eb Hir\u00ebsia e Tij Imzot Joani theksoi se: \u201cedhe k\u00ebta njer\u00ebz kan\u00eb nevoj\u00eb p\u00ebr m\u00eb tep\u00ebr dinjitet dhe dashuri nga e gjith\u00eb shoq\u00ebria jon\u00eb\u201d.<\/span><\/span><\/span><\/div>\n<\/td>\n<\/tr>\n<tr>\n<td>\n<div style=\"text-align: justify;\"><span style=\"color: #000000;\"><span style=\"font-family: tahoma,geneva,sans-serif;\"><span style=\"font-size: 12px;\">&nbsp;&nbsp;&nbsp;&nbsp; N\u00eb dat\u00ebn 27, p\u00ebr t\u00eb gjith\u00eb nx\u00ebn\u00ebsit m\u00eb t\u00eb mir\u00eb t\u00eb shkollave 9-vje\u00e7are t\u00eb qytetit t\u00eb Kor\u00e7\u00ebs u shp\u00ebrndan\u00eb dhurata. N\u00eb k\u00ebt\u00eb dit\u00eb Imzot Joani theksoi se m\u00eb shum\u00eb se kurr\u00eb vendi yn\u00eb ka nevoj\u00eb p\u00ebr njer\u00ebz t\u00eb arsimuar dhe t\u00eb devotsh\u00ebm, t\u00eb cil\u00ebt do t\u00eb jen\u00eb vazhduesit e rrug\u00ebs s\u00eb mundimshme p\u00ebr lul\u00ebzimin e k\u00ebtij vendi.<\/span><\/span><\/span><\/div>\n<\/td>\n<td>\n<div>&nbsp;<\/div>\n<p><span style=\"color: #000000;\"><img decoding=\"async\" class=\"lazyload HAa Eha\" style=\"border-width: 1px; border-style: solid; margin: 10px auto; display: block;\" alt=\"\" src=\"data:image\/gif;base64,R0lGODlhAQABAAAAACH5BAEKAAEALAAAAAABAAEAAAICTAEAOw==\" data-orig-src=\"https:\/\/lh6.googleusercontent.com\/-kXo0vTFPpCc\/VIgyPAaRiUI\/AAAAAAAAF6g\/ZMWZK0oL8mE\/w370-h278-no\/untitled1.jpg\" \/><\/span><\/p>\n<\/td>\n<\/tr>\n<tr>\n<td>\n<div><span style=\"color: #000000;\"><span style=\"font-family: tahoma,geneva,sans-serif;\"><span style=\"font-size: 12px;\"><img decoding=\"async\" class=\"lazyload HAa Eha\" style=\"border-width: 1px; border-style: solid; margin: 10px auto; display: block;\" alt=\"\" src=\"data:image\/gif;base64,R0lGODlhAQABAAAAACH5BAEKAAEALAAAAAABAAEAAAICTAEAOw==\" data-orig-src=\"https:\/\/lh6.googleusercontent.com\/-N3Kru8i6FkE\/VIgyO-B6ceI\/AAAAAAAAF6c\/QnNEIg4A4SA\/w370-h278-no\/untitled2.jpg\" \/><\/span><\/span><\/span><\/div>\n<\/td>\n<td>\n<div style=\"text-align: justify;\"><span style=\"color: #000000;\"><span style=\"font-family: tahoma,geneva,sans-serif;\"><span style=\"font-size: 12px;\">&nbsp;&nbsp;&nbsp;&nbsp; Edhe n\u00eb dat\u00ebn 28 n\u00eb bashk\u00ebpunim me shoqat\u00ebn \u201cGruaja Kor\u00e7are\u201d, si \u00e7do vit u ndan\u00eb dhurata p\u00ebr f\u00ebmij\u00ebt n\u00eb nevoj\u00eb. N\u00eb k\u00ebt\u00eb dit\u00eb Hir\u00ebsia e Tij b\u00ebri apel p\u00ebr t\u00eb gjith\u00eb, se sa e nevojshme \u00ebsht\u00eb q\u00eb t\u2019iu q\u00ebndrojm\u00eb af\u00ebr k\u00ebtyre f\u00ebmij\u00ebve dhe t\u2019iu japim edhe atyre mund\u00ebsin\u00eb q\u00eb t\u00eb g\u00ebzojn\u00eb n\u00eb k\u00ebt\u00eb dit\u00eb t\u00eb madhe t\u00eb Lindjes s\u00eb Krishtit.<\/span><\/span><\/span><\/div>\n<\/td>\n<\/tr>\n<\/tbody>\n<\/table>\n","protected":false},"excerpt":{"rendered":"<p>&nbsp;&nbsp;&nbsp; N\u00eb qytetin e Kor\u00e7\u00ebs, n\u00eb k\u00ebt\u00eb qytet me tradita t\u00eb vjetra orthodhokse edhe k\u00ebt\u00eb vit u zhvilluan nj\u00eb s\u00ebr\u00eb aktivitetesh me rastin e Krishtlindjes. Festimet i hapi Festivali Rinor i k\u00ebsaj Mitropolie, aktivitet q\u00eb mbledh t\u00eb rinj nga e gjith\u00eb dioqeza e Kor\u00e7\u00ebs. Ky aktivitet tashm\u00eb nj\u00eb tradit\u00eb n\u00eb k\u00ebt\u00eb Mitropoli, mir\u00ebpriti t\u00eb rinj nga Erseka, Pogradeci, Prespa, Devolli, si edhe grupe q\u00eb p\u00ebrsh\u00ebndet\u00ebn<\/p>\n","protected":false},"author":1,"featured_media":0,"comment_status":"open","ping_status":"open","sticky":false,"template":"","format":"standard","meta":{"_acf_changed":false,"pagelayer_contact_templates":[],"_pagelayer_content":"","inline_featured_image":false,"fifu_image_url":"","fifu_image_alt":"","footnotes":""},"categories":[108],"tags":[148,192,212,181],"class_list":["post-773","post","type-post","status-publish","format-standard","hentry","category-lajme","tag-148","tag-krishtlindje","tag-lajme-d27","tag-korce"],"acf":[],"yoast_head":"<!-- This site is optimized with the Yoast SEO plugin v27.2 - https:\/\/yoast.com\/product\/yoast-seo-wordpress\/ -->\n<title>Kor\u00e7\u00eb - Atmosfera e Krishtlindjes. (Dhjetor 2006) - Kisha Orthodh\u03bfkse Autoqefale e Shqip\u00ebris\u00eb<\/title>\n<meta name=\"robots\" content=\"index, follow, max-snippet:-1, max-image-preview:large, max-video-preview:-1\" \/>\n<link rel=\"canonical\" href=\"https:\/\/orthodoxalbania.org\/2020\/2006\/02\/26\/korce-atmosfera-e-krishtlindjes-krishtlindje-06\/\" \/>\n<meta property=\"og:locale\" content=\"en_US\" \/>\n<meta property=\"og:type\" content=\"article\" \/>\n<meta property=\"og:title\" content=\"Kor\u00e7\u00eb - Atmosfera e Krishtlindjes. (Dhjetor 2006) - Kisha Orthodh\u03bfkse Autoqefale e Shqip\u00ebris\u00eb\" \/>\n<meta property=\"og:description\" content=\"&nbsp;&nbsp;&nbsp; N\u00eb qytetin e Kor\u00e7\u00ebs, n\u00eb k\u00ebt\u00eb qytet me tradita t\u00eb vjetra orthodhokse edhe k\u00ebt\u00eb vit u zhvilluan nj\u00eb s\u00ebr\u00eb aktivitetesh me rastin e Krishtlindjes. Festimet i hapi Festivali Rinor i k\u00ebsaj Mitropolie, aktivitet q\u00eb mbledh t\u00eb rinj nga e gjith\u00eb dioqeza e Kor\u00e7\u00ebs. Ky aktivitet tashm\u00eb nj\u00eb tradit\u00eb n\u00eb k\u00ebt\u00eb Mitropoli, mir\u00ebpriti t\u00eb rinj nga Erseka, Pogradeci, Prespa, Devolli, si edhe grupe q\u00eb p\u00ebrsh\u00ebndet\u00ebn\" \/>\n<meta property=\"og:url\" content=\"https:\/\/orthodoxalbania.org\/2020\/2006\/02\/26\/korce-atmosfera-e-krishtlindjes-krishtlindje-06\/\" \/>\n<meta property=\"og:site_name\" content=\"Kisha Orthodh\u03bfkse Autoqefale e Shqip\u00ebris\u00eb\" \/>\n<meta property=\"article:publisher\" content=\"https:\/\/www.facebook.com\/koash1991\" \/>\n<meta property=\"article:published_time\" content=\"2006-02-26T00:00:00+00:00\" \/>\n<meta property=\"article:modified_time\" content=\"2020-04-06T20:36:04+00:00\" \/>\n<meta property=\"og:image\" content=\"https:\/\/lh6.googleusercontent.com\/-kXo0vTFPpCc\/VIgyPAaRiUI\/AAAAAAAAF6g\/ZMWZK0oL8mE\/w370-h278-no\/untitled1.jpg\" \/>\n<meta name=\"author\" content=\"Kisha Orthodhokse\" \/>\n<meta name=\"twitter:card\" content=\"summary_large_image\" \/>\n<meta name=\"twitter:label1\" content=\"Written by\" \/>\n\t<meta name=\"twitter:data1\" content=\"Kisha Orthodhokse\" \/>\n\t<meta name=\"twitter:label2\" content=\"Est. reading time\" \/>\n\t<meta name=\"twitter:data2\" content=\"3 minutes\" \/>\n<script type=\"application\/ld+json\" class=\"yoast-schema-graph\">{\"@context\":\"https:\/\/schema.org\",\"@graph\":[{\"@type\":\"Article\",\"@id\":\"https:\/\/orthodoxalbania.org\/2020\/2006\/02\/26\/korce-atmosfera-e-krishtlindjes-krishtlindje-06\/#article\",\"isPartOf\":{\"@id\":\"https:\/\/orthodoxalbania.org\/2020\/2006\/02\/26\/korce-atmosfera-e-krishtlindjes-krishtlindje-06\/\"},\"author\":{\"name\":\"Kisha Orthodhokse\",\"@id\":\"https:\/\/orthodoxalbania.org\/2020\/#\/schema\/person\/0c387634a7063ac612d7ed9ce71c7e86\"},\"headline\":\"Kor\u00e7\u00eb &#8211; Atmosfera e Krishtlindjes. (Dhjetor 2006)\",\"datePublished\":\"2006-02-26T00:00:00+00:00\",\"dateModified\":\"2020-04-06T20:36:04+00:00\",\"mainEntityOfPage\":{\"@id\":\"https:\/\/orthodoxalbania.org\/2020\/2006\/02\/26\/korce-atmosfera-e-krishtlindjes-krishtlindje-06\/\"},\"wordCount\":571,\"commentCount\":0,\"publisher\":{\"@id\":\"https:\/\/orthodoxalbania.org\/2020\/#organization\"},\"image\":{\"@id\":\"https:\/\/orthodoxalbania.org\/2020\/2006\/02\/26\/korce-atmosfera-e-krishtlindjes-krishtlindje-06\/#primaryimage\"},\"thumbnailUrl\":\"https:\/\/lh6.googleusercontent.com\/-kXo0vTFPpCc\/VIgyPAaRiUI\/AAAAAAAAF6g\/ZMWZK0oL8mE\/w370-h278-no\/untitled1.jpg\",\"keywords\":[\"2006\",\"Krishtlindje\",\"lajme\",\"Mitropolia Kor\u00e7\u00eb\"],\"articleSection\":[\"Lajme\"],\"inLanguage\":\"en-US\"},{\"@type\":\"WebPage\",\"@id\":\"https:\/\/orthodoxalbania.org\/2020\/2006\/02\/26\/korce-atmosfera-e-krishtlindjes-krishtlindje-06\/\",\"url\":\"https:\/\/orthodoxalbania.org\/2020\/2006\/02\/26\/korce-atmosfera-e-krishtlindjes-krishtlindje-06\/\",\"name\":\"Kor\u00e7\u00eb - Atmosfera e Krishtlindjes. (Dhjetor 2006) - Kisha Orthodh\u03bfkse Autoqefale e Shqip\u00ebris\u00eb\",\"isPartOf\":{\"@id\":\"https:\/\/orthodoxalbania.org\/2020\/#website\"},\"primaryImageOfPage\":{\"@id\":\"https:\/\/orthodoxalbania.org\/2020\/2006\/02\/26\/korce-atmosfera-e-krishtlindjes-krishtlindje-06\/#primaryimage\"},\"image\":{\"@id\":\"https:\/\/orthodoxalbania.org\/2020\/2006\/02\/26\/korce-atmosfera-e-krishtlindjes-krishtlindje-06\/#primaryimage\"},\"thumbnailUrl\":\"https:\/\/lh6.googleusercontent.com\/-kXo0vTFPpCc\/VIgyPAaRiUI\/AAAAAAAAF6g\/ZMWZK0oL8mE\/w370-h278-no\/untitled1.jpg\",\"datePublished\":\"2006-02-26T00:00:00+00:00\",\"dateModified\":\"2020-04-06T20:36:04+00:00\",\"breadcrumb\":{\"@id\":\"https:\/\/orthodoxalbania.org\/2020\/2006\/02\/26\/korce-atmosfera-e-krishtlindjes-krishtlindje-06\/#breadcrumb\"},\"inLanguage\":\"en-US\",\"potentialAction\":[{\"@type\":\"ReadAction\",\"target\":[\"https:\/\/orthodoxalbania.org\/2020\/2006\/02\/26\/korce-atmosfera-e-krishtlindjes-krishtlindje-06\/\"]}]},{\"@type\":\"ImageObject\",\"inLanguage\":\"en-US\",\"@id\":\"https:\/\/orthodoxalbania.org\/2020\/2006\/02\/26\/korce-atmosfera-e-krishtlindjes-krishtlindje-06\/#primaryimage\",\"url\":\"https:\/\/lh6.googleusercontent.com\/-kXo0vTFPpCc\/VIgyPAaRiUI\/AAAAAAAAF6g\/ZMWZK0oL8mE\/w370-h278-no\/untitled1.jpg\",\"contentUrl\":\"https:\/\/lh6.googleusercontent.com\/-kXo0vTFPpCc\/VIgyPAaRiUI\/AAAAAAAAF6g\/ZMWZK0oL8mE\/w370-h278-no\/untitled1.jpg\"},{\"@type\":\"BreadcrumbList\",\"@id\":\"https:\/\/orthodoxalbania.org\/2020\/2006\/02\/26\/korce-atmosfera-e-krishtlindjes-krishtlindje-06\/#breadcrumb\",\"itemListElement\":[{\"@type\":\"ListItem\",\"position\":1,\"name\":\"Home\",\"item\":\"https:\/\/orthodoxalbania.org\/2020\/\"},{\"@type\":\"ListItem\",\"position\":2,\"name\":\"Kor\u00e7\u00eb &#8211; Atmosfera e Krishtlindjes. (Dhjetor 2006)\"}]},{\"@type\":\"WebSite\",\"@id\":\"https:\/\/orthodoxalbania.org\/2020\/#website\",\"url\":\"https:\/\/orthodoxalbania.org\/2020\/\",\"name\":\"Kisha Orthodh\u03bfkse Autoqefale e Shqip\u00ebris\u00eb\",\"description\":\"Fqja Zyrtare e Kish\u00ebs Orthodhokse Autoqefale e Shqip\u00ebris\u00eb me lajmet edhe informacionet zyrtare p\u00ebr struktur\u00ebn edhe veprimtarin e saj.\",\"publisher\":{\"@id\":\"https:\/\/orthodoxalbania.org\/2020\/#organization\"},\"potentialAction\":[{\"@type\":\"SearchAction\",\"target\":{\"@type\":\"EntryPoint\",\"urlTemplate\":\"https:\/\/orthodoxalbania.org\/2020\/?s={search_term_string}\"},\"query-input\":{\"@type\":\"PropertyValueSpecification\",\"valueRequired\":true,\"valueName\":\"search_term_string\"}}],\"inLanguage\":\"en-US\"},{\"@type\":\"Organization\",\"@id\":\"https:\/\/orthodoxalbania.org\/2020\/#organization\",\"name\":\"Kisha Orthodhokse Autoqefale e Shqip\u00ebris\u00eb\",\"url\":\"https:\/\/orthodoxalbania.org\/2020\/\",\"logo\":{\"@type\":\"ImageObject\",\"inLanguage\":\"en-US\",\"@id\":\"https:\/\/orthodoxalbania.org\/2020\/#\/schema\/logo\/image\/\",\"url\":\"https:\/\/orthodoxalbania.org\/2020\/wp-content\/uploads\/2020\/05\/albania.jpeg\",\"contentUrl\":\"https:\/\/orthodoxalbania.org\/2020\/wp-content\/uploads\/2020\/05\/albania.jpeg\",\"width\":540,\"height\":540,\"caption\":\"Kisha Orthodhokse Autoqefale e Shqip\u00ebris\u00eb\"},\"image\":{\"@id\":\"https:\/\/orthodoxalbania.org\/2020\/#\/schema\/logo\/image\/\"},\"sameAs\":[\"https:\/\/www.facebook.com\/koash1991\"]},{\"@type\":\"Person\",\"@id\":\"https:\/\/orthodoxalbania.org\/2020\/#\/schema\/person\/0c387634a7063ac612d7ed9ce71c7e86\",\"name\":\"Kisha Orthodhokse\",\"image\":{\"@type\":\"ImageObject\",\"inLanguage\":\"en-US\",\"@id\":\"https:\/\/secure.gravatar.com\/avatar\/596e7c417251e30f2fbb9c00e026fce61a695a00e51c889caded71c96cbbdde5?s=96&d=mm&r=g\",\"url\":\"https:\/\/secure.gravatar.com\/avatar\/596e7c417251e30f2fbb9c00e026fce61a695a00e51c889caded71c96cbbdde5?s=96&d=mm&r=g\",\"contentUrl\":\"https:\/\/secure.gravatar.com\/avatar\/596e7c417251e30f2fbb9c00e026fce61a695a00e51c889caded71c96cbbdde5?s=96&d=mm&r=g\",\"caption\":\"Kisha Orthodhokse\"}}]}<\/script>\n<!-- \/ Yoast SEO plugin. -->","yoast_head_json":{"title":"Kor\u00e7\u00eb - Atmosfera e Krishtlindjes. (Dhjetor 2006) - Kisha Orthodh\u03bfkse Autoqefale e Shqip\u00ebris\u00eb","robots":{"index":"index","follow":"follow","max-snippet":"max-snippet:-1","max-image-preview":"max-image-preview:large","max-video-preview":"max-video-preview:-1"},"canonical":"https:\/\/orthodoxalbania.org\/2020\/2006\/02\/26\/korce-atmosfera-e-krishtlindjes-krishtlindje-06\/","og_locale":"en_US","og_type":"article","og_title":"Kor\u00e7\u00eb - Atmosfera e Krishtlindjes. (Dhjetor 2006) - Kisha Orthodh\u03bfkse Autoqefale e Shqip\u00ebris\u00eb","og_description":"&nbsp;&nbsp;&nbsp; N\u00eb qytetin e Kor\u00e7\u00ebs, n\u00eb k\u00ebt\u00eb qytet me tradita t\u00eb vjetra orthodhokse edhe k\u00ebt\u00eb vit u zhvilluan nj\u00eb s\u00ebr\u00eb aktivitetesh me rastin e Krishtlindjes. Festimet i hapi Festivali Rinor i k\u00ebsaj Mitropolie, aktivitet q\u00eb mbledh t\u00eb rinj nga e gjith\u00eb dioqeza e Kor\u00e7\u00ebs. Ky aktivitet tashm\u00eb nj\u00eb tradit\u00eb n\u00eb k\u00ebt\u00eb Mitropoli, mir\u00ebpriti t\u00eb rinj nga Erseka, Pogradeci, Prespa, Devolli, si edhe grupe q\u00eb p\u00ebrsh\u00ebndet\u00ebn","og_url":"https:\/\/orthodoxalbania.org\/2020\/2006\/02\/26\/korce-atmosfera-e-krishtlindjes-krishtlindje-06\/","og_site_name":"Kisha Orthodh\u03bfkse Autoqefale e Shqip\u00ebris\u00eb","article_publisher":"https:\/\/www.facebook.com\/koash1991","article_published_time":"2006-02-26T00:00:00+00:00","article_modified_time":"2020-04-06T20:36:04+00:00","og_image":[{"url":"https:\/\/lh6.googleusercontent.com\/-kXo0vTFPpCc\/VIgyPAaRiUI\/AAAAAAAAF6g\/ZMWZK0oL8mE\/w370-h278-no\/untitled1.jpg","type":"","width":"","height":""}],"author":"Kisha Orthodhokse","twitter_card":"summary_large_image","twitter_misc":{"Written by":"Kisha Orthodhokse","Est. reading time":"3 minutes"},"schema":{"@context":"https:\/\/schema.org","@graph":[{"@type":"Article","@id":"https:\/\/orthodoxalbania.org\/2020\/2006\/02\/26\/korce-atmosfera-e-krishtlindjes-krishtlindje-06\/#article","isPartOf":{"@id":"https:\/\/orthodoxalbania.org\/2020\/2006\/02\/26\/korce-atmosfera-e-krishtlindjes-krishtlindje-06\/"},"author":{"name":"Kisha Orthodhokse","@id":"https:\/\/orthodoxalbania.org\/2020\/#\/schema\/person\/0c387634a7063ac612d7ed9ce71c7e86"},"headline":"Kor\u00e7\u00eb &#8211; Atmosfera e Krishtlindjes. (Dhjetor 2006)","datePublished":"2006-02-26T00:00:00+00:00","dateModified":"2020-04-06T20:36:04+00:00","mainEntityOfPage":{"@id":"https:\/\/orthodoxalbania.org\/2020\/2006\/02\/26\/korce-atmosfera-e-krishtlindjes-krishtlindje-06\/"},"wordCount":571,"commentCount":0,"publisher":{"@id":"https:\/\/orthodoxalbania.org\/2020\/#organization"},"image":{"@id":"https:\/\/orthodoxalbania.org\/2020\/2006\/02\/26\/korce-atmosfera-e-krishtlindjes-krishtlindje-06\/#primaryimage"},"thumbnailUrl":"https:\/\/lh6.googleusercontent.com\/-kXo0vTFPpCc\/VIgyPAaRiUI\/AAAAAAAAF6g\/ZMWZK0oL8mE\/w370-h278-no\/untitled1.jpg","keywords":["2006","Krishtlindje","lajme","Mitropolia Kor\u00e7\u00eb"],"articleSection":["Lajme"],"inLanguage":"en-US"},{"@type":"WebPage","@id":"https:\/\/orthodoxalbania.org\/2020\/2006\/02\/26\/korce-atmosfera-e-krishtlindjes-krishtlindje-06\/","url":"https:\/\/orthodoxalbania.org\/2020\/2006\/02\/26\/korce-atmosfera-e-krishtlindjes-krishtlindje-06\/","name":"Kor\u00e7\u00eb - Atmosfera e Krishtlindjes. (Dhjetor 2006) - Kisha Orthodh\u03bfkse Autoqefale e Shqip\u00ebris\u00eb","isPartOf":{"@id":"https:\/\/orthodoxalbania.org\/2020\/#website"},"primaryImageOfPage":{"@id":"https:\/\/orthodoxalbania.org\/2020\/2006\/02\/26\/korce-atmosfera-e-krishtlindjes-krishtlindje-06\/#primaryimage"},"image":{"@id":"https:\/\/orthodoxalbania.org\/2020\/2006\/02\/26\/korce-atmosfera-e-krishtlindjes-krishtlindje-06\/#primaryimage"},"thumbnailUrl":"https:\/\/lh6.googleusercontent.com\/-kXo0vTFPpCc\/VIgyPAaRiUI\/AAAAAAAAF6g\/ZMWZK0oL8mE\/w370-h278-no\/untitled1.jpg","datePublished":"2006-02-26T00:00:00+00:00","dateModified":"2020-04-06T20:36:04+00:00","breadcrumb":{"@id":"https:\/\/orthodoxalbania.org\/2020\/2006\/02\/26\/korce-atmosfera-e-krishtlindjes-krishtlindje-06\/#breadcrumb"},"inLanguage":"en-US","potentialAction":[{"@type":"ReadAction","target":["https:\/\/orthodoxalbania.org\/2020\/2006\/02\/26\/korce-atmosfera-e-krishtlindjes-krishtlindje-06\/"]}]},{"@type":"ImageObject","inLanguage":"en-US","@id":"https:\/\/orthodoxalbania.org\/2020\/2006\/02\/26\/korce-atmosfera-e-krishtlindjes-krishtlindje-06\/#primaryimage","url":"https:\/\/lh6.googleusercontent.com\/-kXo0vTFPpCc\/VIgyPAaRiUI\/AAAAAAAAF6g\/ZMWZK0oL8mE\/w370-h278-no\/untitled1.jpg","contentUrl":"https:\/\/lh6.googleusercontent.com\/-kXo0vTFPpCc\/VIgyPAaRiUI\/AAAAAAAAF6g\/ZMWZK0oL8mE\/w370-h278-no\/untitled1.jpg"},{"@type":"BreadcrumbList","@id":"https:\/\/orthodoxalbania.org\/2020\/2006\/02\/26\/korce-atmosfera-e-krishtlindjes-krishtlindje-06\/#breadcrumb","itemListElement":[{"@type":"ListItem","position":1,"name":"Home","item":"https:\/\/orthodoxalbania.org\/2020\/"},{"@type":"ListItem","position":2,"name":"Kor\u00e7\u00eb &#8211; Atmosfera e Krishtlindjes. (Dhjetor 2006)"}]},{"@type":"WebSite","@id":"https:\/\/orthodoxalbania.org\/2020\/#website","url":"https:\/\/orthodoxalbania.org\/2020\/","name":"Kisha Orthodh\u03bfkse Autoqefale e Shqip\u00ebris\u00eb","description":"Fqja Zyrtare e Kish\u00ebs Orthodhokse Autoqefale e Shqip\u00ebris\u00eb me lajmet edhe informacionet zyrtare p\u00ebr struktur\u00ebn edhe veprimtarin e saj.","publisher":{"@id":"https:\/\/orthodoxalbania.org\/2020\/#organization"},"potentialAction":[{"@type":"SearchAction","target":{"@type":"EntryPoint","urlTemplate":"https:\/\/orthodoxalbania.org\/2020\/?s={search_term_string}"},"query-input":{"@type":"PropertyValueSpecification","valueRequired":true,"valueName":"search_term_string"}}],"inLanguage":"en-US"},{"@type":"Organization","@id":"https:\/\/orthodoxalbania.org\/2020\/#organization","name":"Kisha Orthodhokse Autoqefale e Shqip\u00ebris\u00eb","url":"https:\/\/orthodoxalbania.org\/2020\/","logo":{"@type":"ImageObject","inLanguage":"en-US","@id":"https:\/\/orthodoxalbania.org\/2020\/#\/schema\/logo\/image\/","url":"https:\/\/orthodoxalbania.org\/2020\/wp-content\/uploads\/2020\/05\/albania.jpeg","contentUrl":"https:\/\/orthodoxalbania.org\/2020\/wp-content\/uploads\/2020\/05\/albania.jpeg","width":540,"height":540,"caption":"Kisha Orthodhokse Autoqefale e Shqip\u00ebris\u00eb"},"image":{"@id":"https:\/\/orthodoxalbania.org\/2020\/#\/schema\/logo\/image\/"},"sameAs":["https:\/\/www.facebook.com\/koash1991"]},{"@type":"Person","@id":"https:\/\/orthodoxalbania.org\/2020\/#\/schema\/person\/0c387634a7063ac612d7ed9ce71c7e86","name":"Kisha Orthodhokse","image":{"@type":"ImageObject","inLanguage":"en-US","@id":"https:\/\/secure.gravatar.com\/avatar\/596e7c417251e30f2fbb9c00e026fce61a695a00e51c889caded71c96cbbdde5?s=96&d=mm&r=g","url":"https:\/\/secure.gravatar.com\/avatar\/596e7c417251e30f2fbb9c00e026fce61a695a00e51c889caded71c96cbbdde5?s=96&d=mm&r=g","contentUrl":"https:\/\/secure.gravatar.com\/avatar\/596e7c417251e30f2fbb9c00e026fce61a695a00e51c889caded71c96cbbdde5?s=96&d=mm&r=g","caption":"Kisha Orthodhokse"}}]}},"_links":{"self":[{"href":"https:\/\/orthodoxalbania.org\/2020\/wp-json\/wp\/v2\/posts\/773","targetHints":{"allow":["GET"]}}],"collection":[{"href":"https:\/\/orthodoxalbania.org\/2020\/wp-json\/wp\/v2\/posts"}],"about":[{"href":"https:\/\/orthodoxalbania.org\/2020\/wp-json\/wp\/v2\/types\/post"}],"author":[{"embeddable":true,"href":"https:\/\/orthodoxalbania.org\/2020\/wp-json\/wp\/v2\/users\/1"}],"replies":[{"embeddable":true,"href":"https:\/\/orthodoxalbania.org\/2020\/wp-json\/wp\/v2\/comments?post=773"}],"version-history":[{"count":1,"href":"https:\/\/orthodoxalbania.org\/2020\/wp-json\/wp\/v2\/posts\/773\/revisions"}],"predecessor-version":[{"id":15835,"href":"https:\/\/orthodoxalbania.org\/2020\/wp-json\/wp\/v2\/posts\/773\/revisions\/15835"}],"wp:attachment":[{"href":"https:\/\/orthodoxalbania.org\/2020\/wp-json\/wp\/v2\/media?parent=773"}],"wp:term":[{"taxonomy":"category","embeddable":true,"href":"https:\/\/orthodoxalbania.org\/2020\/wp-json\/wp\/v2\/categories?post=773"},{"taxonomy":"post_tag","embeddable":true,"href":"https:\/\/orthodoxalbania.org\/2020\/wp-json\/wp\/v2\/tags?post=773"}],"curies":[{"name":"wp","href":"https:\/\/api.w.org\/{rel}","templated":true}]}}