{"id":771,"date":"2013-03-21T09:32:42","date_gmt":"2013-03-21T09:32:42","guid":{"rendered":""},"modified":"2020-04-06T22:32:05","modified_gmt":"2020-04-06T20:32:05","slug":"kontributi-i-grave-orthodhokse-gjate-pashkes-se-madhe","status":"publish","type":"post","link":"https:\/\/orthodoxalbania.org\/2020\/2013\/03\/21\/kontributi-i-grave-orthodhokse-gjate-pashkes-se-madhe\/","title":{"rendered":"Kontributi i grave orthodhokse gjat\u00eb Pashk\u00ebs s\u00eb Madhe 2011."},"content":{"rendered":"<div class=\"style7\">\n<div><span style=\"font-size: 12px;\"><span style=\"color: #000000;\"><span style=\"font-family: Arial;\"><img decoding=\"async\" class=\"lazyload HAa Eha\" style=\"height: 175px; width: 233px; border-width: 1px; border-style: solid; margin: 10px; float: left;\" alt=\"\" src=\"data:image\/gif;base64,R0lGODlhAQABAAAAACH5BAEKAAEALAAAAAABAAEAAAICTAEAOw==\" data-orig-src=\"https:\/\/lh4.googleusercontent.com\/-7hZ6CF6wGvo\/VAF-qyqKMBI\/AAAAAAAACVc\/rN416tEdkb8\/w448-h336-no\/1.JPG\" \/><span style=\"font-family: tahoma,geneva,sans-serif;\"> &nbsp; &nbsp; N\u00eb periudh\u00ebn e Kreshm\u00ebs s\u00eb Madhe dhe n\u00eb pritje t\u00eb vigjiljes s\u00eb Pashk\u00ebs, grat\u00eb e lidhjes orthodhokse t\u00eb grave \u201cP\u00ebrhapja e Dashuris\u00eb\u201d, t\u00eb qytetit t\u00eb Tiran\u00ebs zhvilluan shum\u00eb aktivitete t\u00eb larmishme shpirt\u00ebrore dhe sociale. Nj\u00eb aktivitet i r\u00ebnd\u00ebsish\u00ebm ishte shp\u00ebrndarja e ndihmave n\u00eb 300 familje nevojtare, familje me persona t\u00eb s\u00ebmur\u00eb, me persona me aft\u00ebsi t\u00eb kufizuara, jetim\u00eb, n\u00ebna me shum\u00eb f\u00ebmij\u00eb, t\u00eb moshuar, t\u00eb braktisur, etj. Grat\u00eb vullnetare p\u00ebrgatit\u00ebn pako me ushqime dhe veshmbathje, nd\u00ebrsa 80 familjeve t\u00eb tjera iu ofrua ndihm\u00eb ekonomike.<\/span><\/span><\/span><\/span><\/div>\n<div> <span style=\"font-size: 12px;\"><span style=\"color: #000000;\"><span style=\"font-family: Arial;\"><span style=\"font-family: tahoma,geneva,sans-serif;\">&nbsp;&nbsp;&nbsp; T\u00eb moshuarit jan\u00eb p\u00ebrher\u00eb pjes\u00eb e vizitave dhe e kujdesit treguar nga grupi i grave orthodhokse. Nj\u00eb grup grash vullnetare shoq\u00ebruar edhe nga nj\u00eb klerik vizituan t\u00eb moshuarit n\u00eb azilin e motrave t\u00eb n\u00ebn\u00eb Terez\u00ebs. Gjat\u00eb k\u00ebsaj vizite u krye edhe sh\u00ebrbesa e Fal\u00ebnderimit Hyjnor, p\u00ebr t\u00eb gjith\u00eb ato q\u00eb ishin p\u00ebrgatitur p\u00ebr k\u00ebt\u00eb dhurat\u00eb. Pas sh\u00ebrbes\u00ebs, grat\u00eb ndan\u00eb disa dhurata simbolike dhe transmetuan dashurin\u00eb at\u00ebrore t\u00eb Kryepiskopit Anastas dhe t\u00eb gjith\u00eb komunitetit orthodhoks me rastin e Pashk\u00ebs.<\/span><\/span><\/span><\/span><\/div>\n<div><span style=\"font-size: 12px;\"><span style=\"color: #000000;\"><span style=\"font-family: Arial;\"><span style=\"font-family: tahoma,geneva,sans-serif;\"><img decoding=\"async\" class=\"lazyload HAa Eha\" style=\"height: 198px; width: 264px; border-width: 1px; border-style: solid; margin: 10px; float: right;\" alt=\"\" src=\"data:image\/gif;base64,R0lGODlhAQABAAAAACH5BAEKAAEALAAAAAABAAEAAAICTAEAOw==\" data-orig-src=\"https:\/\/lh6.googleusercontent.com\/-dLiJIEUgY2g\/VAF-qod1wbI\/AAAAAAAACVU\/_X1cK45Sfi0\/w448-h336-no\/2.JPG\" \/><br \/> &nbsp;&nbsp;&nbsp; Lajmin e Ngjalljes s\u00eb Zotit, e prit\u00ebn me g\u00ebzim t\u00eb madh, edhe k\u00ebt\u00eb vit, dhe t\u00eb d\u00ebnuarit e Burgut 325 n\u00eb Tiran\u00eb. Grupi vizitor i Kish\u00ebs p\u00ebrb\u00ebhej prej 13 grash e t\u00eb rinjsh, t\u00eb kryesuar nga kleriku At\u00eb Ilia Mazniku. Fillimisht ai p\u00ebrcolli mesazhin e Pashk\u00ebs mbi dashurin\u00eb sakrifikuese t\u00eb Zotit n\u00eb kryq dhe Ngjalljen e Tij t\u00eb lavdishme. M\u00eb pas u dha nj\u00eb koncert me k\u00ebng\u00eb nga grupi rinor orthodhoks, p\u00ebrgatitur enkas p\u00ebr k\u00ebt\u00eb vizit\u00eb. N\u00eb fund t\u00eb takimit u ndan\u00eb pako me dhurata p\u00ebr 270 persona t\u00eb d\u00ebnuar n\u00eb k\u00ebt\u00eb institucion. Atmosfera e ngroht\u00eb q\u00eb u krijua ishte nj\u00eb d\u00ebshmi e Dashuris\u00eb s\u00eb Krishtit n\u00eb zemrat e t\u00eb gjith\u00eb t\u00eb pranishm\u00ebve.<\/span><\/span><\/span><\/span><\/div>\n<div>&nbsp;<\/div>\n<div><span style=\"font-size: 12px;\"><span style=\"color: #000000;\"><span style=\"font-family: tahoma,geneva,sans-serif;\">&nbsp;&nbsp;&nbsp; Mb\u00ebshtetja shpirt\u00ebrore dhe financiare e Kryepiskopit Anastas s\u00eb bashku me kontributin vullnetar t\u00eb komunitetit orthodhoks dhe i t\u00eb gjitha grave n\u00eb ve\u00e7anti, b\u00ebn\u00eb t\u00eb mundur realizimin e k\u00ebtyre aktiviteteve kaq t\u00eb r\u00ebnd\u00ebsishme p\u00ebr shoq\u00ebrin\u00eb ton\u00eb. <\/span><\/span><\/span><\/div>\n<div>&nbsp;<\/div>\n<div style=\"text-align: right;\">&nbsp;<\/div>\n<div style=\"text-align: right;\">&nbsp;<\/div>\n<div style=\"text-align: right;\"><span style=\"font-size: 12px;\"><span style=\"color: #000000;\"><span style=\"font-family: tahoma,geneva,sans-serif;\"><strong>Rajmonda Shqevi<\/strong><\/span><\/span><\/span><\/div>\n<div style=\"text-align: right;\">&nbsp;<\/div>\n<table style=\"width: 691px; height: 586px; margin-right: auto; margin-left: auto;\">\n<tbody>\n<tr>\n<td><span style=\"font-size: 12px;\"><span style=\"color: #000000;\"><img decoding=\"async\" class=\"lazyload HAa Eha\" style=\"height: 245px; width: 326px; margin: 10px auto; display: block; border: 1px solid;\" alt=\"\" src=\"data:image\/svg+xml,%3Csvg%20xmlns%3D%27http%3A%2F%2Fwww.w3.org%2F2000%2Fsvg%27%20width%3D%27350%27%20height%3D%270%27%20viewBox%3D%270%200%20350%200%27%3E%3Crect%20width%3D%27350%27%20height%3D%270%27%20fill-opacity%3D%220%22%2F%3E%3C%2Fsvg%3E\" data-orig-src=\"https:\/\/lh6.googleusercontent.com\/-zYUV7mpG5v0\/VAF-qzgCQMI\/AAAAAAAACVg\/6hk0UwMkhyQ\/w448-h336-no\/3.JPG\" height=\"NaN\" width=\"350\" \/><\/span><\/span><\/td>\n<td><span style=\"font-size: 12px;\"><span style=\"color: #000000;\"><img decoding=\"async\" class=\"lazyload HAa Eha\" style=\"height: 243px; width: 323px; border-width: 1px; border-style: solid; margin: 10px auto; display: block;\" alt=\"\" src=\"data:image\/gif;base64,R0lGODlhAQABAAAAACH5BAEKAAEALAAAAAABAAEAAAICTAEAOw==\" data-orig-src=\"https:\/\/lh6.googleusercontent.com\/-2uG8TAIRk_I\/VAF-rlQDZ1I\/AAAAAAAACV0\/YCqUHyPbP3I\/w448-h336-no\/4.JPG\" \/><\/span><\/span><\/td>\n<\/tr>\n<tr>\n<td><span style=\"font-size: 12px;\"><span style=\"color: #000000;\"><img decoding=\"async\" class=\"lazyload HAa Eha\" style=\"height: 242px; width: 322px; border-width: 1px; border-style: solid; margin: 10px auto; display: block;\" alt=\"\" src=\"data:image\/gif;base64,R0lGODlhAQABAAAAACH5BAEKAAEALAAAAAABAAEAAAICTAEAOw==\" data-orig-src=\"https:\/\/lh6.googleusercontent.com\/-05t1lryDbH0\/VAF-sRcQyPI\/AAAAAAAACVs\/AiQcPbltnVA\/w448-h336-no\/5.JPG\" \/><\/span><\/span><\/td>\n<td><span style=\"font-size: 12px;\"><span style=\"color: #000000;\"><img decoding=\"async\" class=\"lazyload HAa Eha\" style=\"height: 242px; width: 322px; border-width: 1px; border-style: solid; margin: 10px auto; display: block;\" alt=\"\" src=\"data:image\/gif;base64,R0lGODlhAQABAAAAACH5BAEKAAEALAAAAAABAAEAAAICTAEAOw==\" data-orig-src=\"https:\/\/lh5.googleusercontent.com\/-kJ4BHmqRTOY\/VAF-tEE-QgI\/AAAAAAAACV4\/x6f_DYK0LWw\/w448-h336-no\/6.JPG\" \/><\/span><\/span><\/td>\n<\/tr>\n<\/tbody>\n<\/table>\n<p class=\"style10\">&nbsp;<\/p>\n<\/div>\n","protected":false},"excerpt":{"rendered":"<p>&nbsp; &nbsp; N\u00eb periudh\u00ebn e Kreshm\u00ebs s\u00eb Madhe dhe n\u00eb pritje t\u00eb vigjiljes s\u00eb Pashk\u00ebs, grat\u00eb e lidhjes orthodhokse t\u00eb grave \u201cP\u00ebrhapja e Dashuris\u00eb\u201d, t\u00eb qytetit t\u00eb Tiran\u00ebs zhvilluan shum\u00eb aktivitete t\u00eb larmishme shpirt\u00ebrore dhe sociale. Nj\u00eb aktivitet i r\u00ebnd\u00ebsish\u00ebm ishte shp\u00ebrndarja e ndihmave n\u00eb 300 familje nevojtare, familje me persona t\u00eb s\u00ebmur\u00eb, me persona me aft\u00ebsi t\u00eb kufizuara, jetim\u00eb, n\u00ebna me shum\u00eb f\u00ebmij\u00eb, t\u00eb<\/p>\n","protected":false},"author":1,"featured_media":0,"comment_status":"open","ping_status":"open","sticky":false,"template":"","format":"standard","meta":{"_acf_changed":false,"pagelayer_contact_templates":[],"_pagelayer_content":"","inline_featured_image":false,"fifu_image_url":"","fifu_image_alt":"","footnotes":""},"categories":[108],"tags":[143,196,212,187,189],"class_list":["post-771","post","type-post","status-publish","format-standard","hentry","category-lajme","tag-143","tag-tirane","tag-lajme-d27","tag-lidhja-e-grave-orthodhokse","tag-pashke-2014"],"acf":[],"yoast_head":"<!-- This site is optimized with the Yoast SEO plugin v27.2 - https:\/\/yoast.com\/product\/yoast-seo-wordpress\/ -->\n<title>Kontributi i grave orthodhokse gjat\u00eb Pashk\u00ebs s\u00eb Madhe 2011. - Kisha Orthodh\u03bfkse Autoqefale e Shqip\u00ebris\u00eb<\/title>\n<meta name=\"robots\" content=\"index, follow, max-snippet:-1, max-image-preview:large, max-video-preview:-1\" \/>\n<link rel=\"canonical\" href=\"https:\/\/orthodoxalbania.org\/2020\/2013\/03\/21\/kontributi-i-grave-orthodhokse-gjate-pashkes-se-madhe\/\" \/>\n<meta property=\"og:locale\" content=\"en_US\" \/>\n<meta property=\"og:type\" content=\"article\" \/>\n<meta property=\"og:title\" content=\"Kontributi i grave orthodhokse gjat\u00eb Pashk\u00ebs s\u00eb Madhe 2011. - Kisha Orthodh\u03bfkse Autoqefale e Shqip\u00ebris\u00eb\" \/>\n<meta property=\"og:description\" content=\"&nbsp; &nbsp; N\u00eb periudh\u00ebn e Kreshm\u00ebs s\u00eb Madhe dhe n\u00eb pritje t\u00eb vigjiljes s\u00eb Pashk\u00ebs, grat\u00eb e lidhjes orthodhokse t\u00eb grave \u201cP\u00ebrhapja e Dashuris\u00eb\u201d, t\u00eb qytetit t\u00eb Tiran\u00ebs zhvilluan shum\u00eb aktivitete t\u00eb larmishme shpirt\u00ebrore dhe sociale. Nj\u00eb aktivitet i r\u00ebnd\u00ebsish\u00ebm ishte shp\u00ebrndarja e ndihmave n\u00eb 300 familje nevojtare, familje me persona t\u00eb s\u00ebmur\u00eb, me persona me aft\u00ebsi t\u00eb kufizuara, jetim\u00eb, n\u00ebna me shum\u00eb f\u00ebmij\u00eb, t\u00eb\" \/>\n<meta property=\"og:url\" content=\"https:\/\/orthodoxalbania.org\/2020\/2013\/03\/21\/kontributi-i-grave-orthodhokse-gjate-pashkes-se-madhe\/\" \/>\n<meta property=\"og:site_name\" content=\"Kisha Orthodh\u03bfkse Autoqefale e Shqip\u00ebris\u00eb\" \/>\n<meta property=\"article:publisher\" content=\"https:\/\/www.facebook.com\/koash1991\" \/>\n<meta property=\"article:published_time\" content=\"2013-03-21T09:32:42+00:00\" \/>\n<meta property=\"article:modified_time\" content=\"2020-04-06T20:32:05+00:00\" \/>\n<meta property=\"og:image\" content=\"https:\/\/lh4.googleusercontent.com\/-7hZ6CF6wGvo\/VAF-qyqKMBI\/AAAAAAAACVc\/rN416tEdkb8\/w448-h336-no\/1.JPG\" \/>\n<meta name=\"author\" content=\"Kisha Orthodhokse\" \/>\n<meta name=\"twitter:card\" content=\"summary_large_image\" \/>\n<meta name=\"twitter:label1\" content=\"Written by\" \/>\n\t<meta name=\"twitter:data1\" content=\"Kisha Orthodhokse\" \/>\n\t<meta name=\"twitter:label2\" content=\"Est. reading time\" \/>\n\t<meta name=\"twitter:data2\" content=\"2 minutes\" \/>\n<script type=\"application\/ld+json\" class=\"yoast-schema-graph\">{\"@context\":\"https:\/\/schema.org\",\"@graph\":[{\"@type\":\"Article\",\"@id\":\"https:\/\/orthodoxalbania.org\/2020\/2013\/03\/21\/kontributi-i-grave-orthodhokse-gjate-pashkes-se-madhe\/#article\",\"isPartOf\":{\"@id\":\"https:\/\/orthodoxalbania.org\/2020\/2013\/03\/21\/kontributi-i-grave-orthodhokse-gjate-pashkes-se-madhe\/\"},\"author\":{\"name\":\"Kisha Orthodhokse\",\"@id\":\"https:\/\/orthodoxalbania.org\/2020\/#\/schema\/person\/0c387634a7063ac612d7ed9ce71c7e86\"},\"headline\":\"Kontributi i grave orthodhokse gjat\u00eb Pashk\u00ebs s\u00eb Madhe 2011.\",\"datePublished\":\"2013-03-21T09:32:42+00:00\",\"dateModified\":\"2020-04-06T20:32:05+00:00\",\"mainEntityOfPage\":{\"@id\":\"https:\/\/orthodoxalbania.org\/2020\/2013\/03\/21\/kontributi-i-grave-orthodhokse-gjate-pashkes-se-madhe\/\"},\"wordCount\":392,\"commentCount\":0,\"publisher\":{\"@id\":\"https:\/\/orthodoxalbania.org\/2020\/#organization\"},\"image\":{\"@id\":\"https:\/\/orthodoxalbania.org\/2020\/2013\/03\/21\/kontributi-i-grave-orthodhokse-gjate-pashkes-se-madhe\/#primaryimage\"},\"thumbnailUrl\":\"https:\/\/lh4.googleusercontent.com\/-7hZ6CF6wGvo\/VAF-qyqKMBI\/AAAAAAAACVc\/rN416tEdkb8\/w448-h336-no\/1.JPG\",\"keywords\":[\"2011\",\"Kryepiskopata Tiran\u00eb\",\"lajme\",\"Lidhja e Grave Orthodhokse\",\"Pashk\u00eb\"],\"articleSection\":[\"Lajme\"],\"inLanguage\":\"en-US\"},{\"@type\":\"WebPage\",\"@id\":\"https:\/\/orthodoxalbania.org\/2020\/2013\/03\/21\/kontributi-i-grave-orthodhokse-gjate-pashkes-se-madhe\/\",\"url\":\"https:\/\/orthodoxalbania.org\/2020\/2013\/03\/21\/kontributi-i-grave-orthodhokse-gjate-pashkes-se-madhe\/\",\"name\":\"Kontributi i grave orthodhokse gjat\u00eb Pashk\u00ebs s\u00eb Madhe 2011. - Kisha Orthodh\u03bfkse Autoqefale e Shqip\u00ebris\u00eb\",\"isPartOf\":{\"@id\":\"https:\/\/orthodoxalbania.org\/2020\/#website\"},\"primaryImageOfPage\":{\"@id\":\"https:\/\/orthodoxalbania.org\/2020\/2013\/03\/21\/kontributi-i-grave-orthodhokse-gjate-pashkes-se-madhe\/#primaryimage\"},\"image\":{\"@id\":\"https:\/\/orthodoxalbania.org\/2020\/2013\/03\/21\/kontributi-i-grave-orthodhokse-gjate-pashkes-se-madhe\/#primaryimage\"},\"thumbnailUrl\":\"https:\/\/lh4.googleusercontent.com\/-7hZ6CF6wGvo\/VAF-qyqKMBI\/AAAAAAAACVc\/rN416tEdkb8\/w448-h336-no\/1.JPG\",\"datePublished\":\"2013-03-21T09:32:42+00:00\",\"dateModified\":\"2020-04-06T20:32:05+00:00\",\"breadcrumb\":{\"@id\":\"https:\/\/orthodoxalbania.org\/2020\/2013\/03\/21\/kontributi-i-grave-orthodhokse-gjate-pashkes-se-madhe\/#breadcrumb\"},\"inLanguage\":\"en-US\",\"potentialAction\":[{\"@type\":\"ReadAction\",\"target\":[\"https:\/\/orthodoxalbania.org\/2020\/2013\/03\/21\/kontributi-i-grave-orthodhokse-gjate-pashkes-se-madhe\/\"]}]},{\"@type\":\"ImageObject\",\"inLanguage\":\"en-US\",\"@id\":\"https:\/\/orthodoxalbania.org\/2020\/2013\/03\/21\/kontributi-i-grave-orthodhokse-gjate-pashkes-se-madhe\/#primaryimage\",\"url\":\"https:\/\/lh4.googleusercontent.com\/-7hZ6CF6wGvo\/VAF-qyqKMBI\/AAAAAAAACVc\/rN416tEdkb8\/w448-h336-no\/1.JPG\",\"contentUrl\":\"https:\/\/lh4.googleusercontent.com\/-7hZ6CF6wGvo\/VAF-qyqKMBI\/AAAAAAAACVc\/rN416tEdkb8\/w448-h336-no\/1.JPG\"},{\"@type\":\"BreadcrumbList\",\"@id\":\"https:\/\/orthodoxalbania.org\/2020\/2013\/03\/21\/kontributi-i-grave-orthodhokse-gjate-pashkes-se-madhe\/#breadcrumb\",\"itemListElement\":[{\"@type\":\"ListItem\",\"position\":1,\"name\":\"Home\",\"item\":\"https:\/\/orthodoxalbania.org\/2020\/\"},{\"@type\":\"ListItem\",\"position\":2,\"name\":\"Kontributi i grave orthodhokse gjat\u00eb Pashk\u00ebs s\u00eb Madhe 2011.\"}]},{\"@type\":\"WebSite\",\"@id\":\"https:\/\/orthodoxalbania.org\/2020\/#website\",\"url\":\"https:\/\/orthodoxalbania.org\/2020\/\",\"name\":\"Kisha Orthodh\u03bfkse Autoqefale e Shqip\u00ebris\u00eb\",\"description\":\"Fqja Zyrtare e Kish\u00ebs Orthodhokse Autoqefale e Shqip\u00ebris\u00eb me lajmet edhe informacionet zyrtare p\u00ebr struktur\u00ebn edhe veprimtarin e saj.\",\"publisher\":{\"@id\":\"https:\/\/orthodoxalbania.org\/2020\/#organization\"},\"potentialAction\":[{\"@type\":\"SearchAction\",\"target\":{\"@type\":\"EntryPoint\",\"urlTemplate\":\"https:\/\/orthodoxalbania.org\/2020\/?s={search_term_string}\"},\"query-input\":{\"@type\":\"PropertyValueSpecification\",\"valueRequired\":true,\"valueName\":\"search_term_string\"}}],\"inLanguage\":\"en-US\"},{\"@type\":\"Organization\",\"@id\":\"https:\/\/orthodoxalbania.org\/2020\/#organization\",\"name\":\"Kisha Orthodhokse Autoqefale e Shqip\u00ebris\u00eb\",\"url\":\"https:\/\/orthodoxalbania.org\/2020\/\",\"logo\":{\"@type\":\"ImageObject\",\"inLanguage\":\"en-US\",\"@id\":\"https:\/\/orthodoxalbania.org\/2020\/#\/schema\/logo\/image\/\",\"url\":\"https:\/\/orthodoxalbania.org\/2020\/wp-content\/uploads\/2020\/05\/albania.jpeg\",\"contentUrl\":\"https:\/\/orthodoxalbania.org\/2020\/wp-content\/uploads\/2020\/05\/albania.jpeg\",\"width\":540,\"height\":540,\"caption\":\"Kisha Orthodhokse Autoqefale e Shqip\u00ebris\u00eb\"},\"image\":{\"@id\":\"https:\/\/orthodoxalbania.org\/2020\/#\/schema\/logo\/image\/\"},\"sameAs\":[\"https:\/\/www.facebook.com\/koash1991\"]},{\"@type\":\"Person\",\"@id\":\"https:\/\/orthodoxalbania.org\/2020\/#\/schema\/person\/0c387634a7063ac612d7ed9ce71c7e86\",\"name\":\"Kisha Orthodhokse\",\"image\":{\"@type\":\"ImageObject\",\"inLanguage\":\"en-US\",\"@id\":\"https:\/\/secure.gravatar.com\/avatar\/596e7c417251e30f2fbb9c00e026fce61a695a00e51c889caded71c96cbbdde5?s=96&d=mm&r=g\",\"url\":\"https:\/\/secure.gravatar.com\/avatar\/596e7c417251e30f2fbb9c00e026fce61a695a00e51c889caded71c96cbbdde5?s=96&d=mm&r=g\",\"contentUrl\":\"https:\/\/secure.gravatar.com\/avatar\/596e7c417251e30f2fbb9c00e026fce61a695a00e51c889caded71c96cbbdde5?s=96&d=mm&r=g\",\"caption\":\"Kisha Orthodhokse\"}}]}<\/script>\n<!-- \/ Yoast SEO plugin. -->","yoast_head_json":{"title":"Kontributi i grave orthodhokse gjat\u00eb Pashk\u00ebs s\u00eb Madhe 2011. - Kisha Orthodh\u03bfkse Autoqefale e Shqip\u00ebris\u00eb","robots":{"index":"index","follow":"follow","max-snippet":"max-snippet:-1","max-image-preview":"max-image-preview:large","max-video-preview":"max-video-preview:-1"},"canonical":"https:\/\/orthodoxalbania.org\/2020\/2013\/03\/21\/kontributi-i-grave-orthodhokse-gjate-pashkes-se-madhe\/","og_locale":"en_US","og_type":"article","og_title":"Kontributi i grave orthodhokse gjat\u00eb Pashk\u00ebs s\u00eb Madhe 2011. - Kisha Orthodh\u03bfkse Autoqefale e Shqip\u00ebris\u00eb","og_description":"&nbsp; &nbsp; N\u00eb periudh\u00ebn e Kreshm\u00ebs s\u00eb Madhe dhe n\u00eb pritje t\u00eb vigjiljes s\u00eb Pashk\u00ebs, grat\u00eb e lidhjes orthodhokse t\u00eb grave \u201cP\u00ebrhapja e Dashuris\u00eb\u201d, t\u00eb qytetit t\u00eb Tiran\u00ebs zhvilluan shum\u00eb aktivitete t\u00eb larmishme shpirt\u00ebrore dhe sociale. Nj\u00eb aktivitet i r\u00ebnd\u00ebsish\u00ebm ishte shp\u00ebrndarja e ndihmave n\u00eb 300 familje nevojtare, familje me persona t\u00eb s\u00ebmur\u00eb, me persona me aft\u00ebsi t\u00eb kufizuara, jetim\u00eb, n\u00ebna me shum\u00eb f\u00ebmij\u00eb, t\u00eb","og_url":"https:\/\/orthodoxalbania.org\/2020\/2013\/03\/21\/kontributi-i-grave-orthodhokse-gjate-pashkes-se-madhe\/","og_site_name":"Kisha Orthodh\u03bfkse Autoqefale e Shqip\u00ebris\u00eb","article_publisher":"https:\/\/www.facebook.com\/koash1991","article_published_time":"2013-03-21T09:32:42+00:00","article_modified_time":"2020-04-06T20:32:05+00:00","og_image":[{"url":"https:\/\/lh4.googleusercontent.com\/-7hZ6CF6wGvo\/VAF-qyqKMBI\/AAAAAAAACVc\/rN416tEdkb8\/w448-h336-no\/1.JPG","type":"","width":"","height":""}],"author":"Kisha Orthodhokse","twitter_card":"summary_large_image","twitter_misc":{"Written by":"Kisha Orthodhokse","Est. reading time":"2 minutes"},"schema":{"@context":"https:\/\/schema.org","@graph":[{"@type":"Article","@id":"https:\/\/orthodoxalbania.org\/2020\/2013\/03\/21\/kontributi-i-grave-orthodhokse-gjate-pashkes-se-madhe\/#article","isPartOf":{"@id":"https:\/\/orthodoxalbania.org\/2020\/2013\/03\/21\/kontributi-i-grave-orthodhokse-gjate-pashkes-se-madhe\/"},"author":{"name":"Kisha Orthodhokse","@id":"https:\/\/orthodoxalbania.org\/2020\/#\/schema\/person\/0c387634a7063ac612d7ed9ce71c7e86"},"headline":"Kontributi i grave orthodhokse gjat\u00eb Pashk\u00ebs s\u00eb Madhe 2011.","datePublished":"2013-03-21T09:32:42+00:00","dateModified":"2020-04-06T20:32:05+00:00","mainEntityOfPage":{"@id":"https:\/\/orthodoxalbania.org\/2020\/2013\/03\/21\/kontributi-i-grave-orthodhokse-gjate-pashkes-se-madhe\/"},"wordCount":392,"commentCount":0,"publisher":{"@id":"https:\/\/orthodoxalbania.org\/2020\/#organization"},"image":{"@id":"https:\/\/orthodoxalbania.org\/2020\/2013\/03\/21\/kontributi-i-grave-orthodhokse-gjate-pashkes-se-madhe\/#primaryimage"},"thumbnailUrl":"https:\/\/lh4.googleusercontent.com\/-7hZ6CF6wGvo\/VAF-qyqKMBI\/AAAAAAAACVc\/rN416tEdkb8\/w448-h336-no\/1.JPG","keywords":["2011","Kryepiskopata Tiran\u00eb","lajme","Lidhja e Grave Orthodhokse","Pashk\u00eb"],"articleSection":["Lajme"],"inLanguage":"en-US"},{"@type":"WebPage","@id":"https:\/\/orthodoxalbania.org\/2020\/2013\/03\/21\/kontributi-i-grave-orthodhokse-gjate-pashkes-se-madhe\/","url":"https:\/\/orthodoxalbania.org\/2020\/2013\/03\/21\/kontributi-i-grave-orthodhokse-gjate-pashkes-se-madhe\/","name":"Kontributi i grave orthodhokse gjat\u00eb Pashk\u00ebs s\u00eb Madhe 2011. - Kisha Orthodh\u03bfkse Autoqefale e Shqip\u00ebris\u00eb","isPartOf":{"@id":"https:\/\/orthodoxalbania.org\/2020\/#website"},"primaryImageOfPage":{"@id":"https:\/\/orthodoxalbania.org\/2020\/2013\/03\/21\/kontributi-i-grave-orthodhokse-gjate-pashkes-se-madhe\/#primaryimage"},"image":{"@id":"https:\/\/orthodoxalbania.org\/2020\/2013\/03\/21\/kontributi-i-grave-orthodhokse-gjate-pashkes-se-madhe\/#primaryimage"},"thumbnailUrl":"https:\/\/lh4.googleusercontent.com\/-7hZ6CF6wGvo\/VAF-qyqKMBI\/AAAAAAAACVc\/rN416tEdkb8\/w448-h336-no\/1.JPG","datePublished":"2013-03-21T09:32:42+00:00","dateModified":"2020-04-06T20:32:05+00:00","breadcrumb":{"@id":"https:\/\/orthodoxalbania.org\/2020\/2013\/03\/21\/kontributi-i-grave-orthodhokse-gjate-pashkes-se-madhe\/#breadcrumb"},"inLanguage":"en-US","potentialAction":[{"@type":"ReadAction","target":["https:\/\/orthodoxalbania.org\/2020\/2013\/03\/21\/kontributi-i-grave-orthodhokse-gjate-pashkes-se-madhe\/"]}]},{"@type":"ImageObject","inLanguage":"en-US","@id":"https:\/\/orthodoxalbania.org\/2020\/2013\/03\/21\/kontributi-i-grave-orthodhokse-gjate-pashkes-se-madhe\/#primaryimage","url":"https:\/\/lh4.googleusercontent.com\/-7hZ6CF6wGvo\/VAF-qyqKMBI\/AAAAAAAACVc\/rN416tEdkb8\/w448-h336-no\/1.JPG","contentUrl":"https:\/\/lh4.googleusercontent.com\/-7hZ6CF6wGvo\/VAF-qyqKMBI\/AAAAAAAACVc\/rN416tEdkb8\/w448-h336-no\/1.JPG"},{"@type":"BreadcrumbList","@id":"https:\/\/orthodoxalbania.org\/2020\/2013\/03\/21\/kontributi-i-grave-orthodhokse-gjate-pashkes-se-madhe\/#breadcrumb","itemListElement":[{"@type":"ListItem","position":1,"name":"Home","item":"https:\/\/orthodoxalbania.org\/2020\/"},{"@type":"ListItem","position":2,"name":"Kontributi i grave orthodhokse gjat\u00eb Pashk\u00ebs s\u00eb Madhe 2011."}]},{"@type":"WebSite","@id":"https:\/\/orthodoxalbania.org\/2020\/#website","url":"https:\/\/orthodoxalbania.org\/2020\/","name":"Kisha Orthodh\u03bfkse Autoqefale e Shqip\u00ebris\u00eb","description":"Fqja Zyrtare e Kish\u00ebs Orthodhokse Autoqefale e Shqip\u00ebris\u00eb me lajmet edhe informacionet zyrtare p\u00ebr struktur\u00ebn edhe veprimtarin e saj.","publisher":{"@id":"https:\/\/orthodoxalbania.org\/2020\/#organization"},"potentialAction":[{"@type":"SearchAction","target":{"@type":"EntryPoint","urlTemplate":"https:\/\/orthodoxalbania.org\/2020\/?s={search_term_string}"},"query-input":{"@type":"PropertyValueSpecification","valueRequired":true,"valueName":"search_term_string"}}],"inLanguage":"en-US"},{"@type":"Organization","@id":"https:\/\/orthodoxalbania.org\/2020\/#organization","name":"Kisha Orthodhokse Autoqefale e Shqip\u00ebris\u00eb","url":"https:\/\/orthodoxalbania.org\/2020\/","logo":{"@type":"ImageObject","inLanguage":"en-US","@id":"https:\/\/orthodoxalbania.org\/2020\/#\/schema\/logo\/image\/","url":"https:\/\/orthodoxalbania.org\/2020\/wp-content\/uploads\/2020\/05\/albania.jpeg","contentUrl":"https:\/\/orthodoxalbania.org\/2020\/wp-content\/uploads\/2020\/05\/albania.jpeg","width":540,"height":540,"caption":"Kisha Orthodhokse Autoqefale e Shqip\u00ebris\u00eb"},"image":{"@id":"https:\/\/orthodoxalbania.org\/2020\/#\/schema\/logo\/image\/"},"sameAs":["https:\/\/www.facebook.com\/koash1991"]},{"@type":"Person","@id":"https:\/\/orthodoxalbania.org\/2020\/#\/schema\/person\/0c387634a7063ac612d7ed9ce71c7e86","name":"Kisha Orthodhokse","image":{"@type":"ImageObject","inLanguage":"en-US","@id":"https:\/\/secure.gravatar.com\/avatar\/596e7c417251e30f2fbb9c00e026fce61a695a00e51c889caded71c96cbbdde5?s=96&d=mm&r=g","url":"https:\/\/secure.gravatar.com\/avatar\/596e7c417251e30f2fbb9c00e026fce61a695a00e51c889caded71c96cbbdde5?s=96&d=mm&r=g","contentUrl":"https:\/\/secure.gravatar.com\/avatar\/596e7c417251e30f2fbb9c00e026fce61a695a00e51c889caded71c96cbbdde5?s=96&d=mm&r=g","caption":"Kisha Orthodhokse"}}]}},"_links":{"self":[{"href":"https:\/\/orthodoxalbania.org\/2020\/wp-json\/wp\/v2\/posts\/771","targetHints":{"allow":["GET"]}}],"collection":[{"href":"https:\/\/orthodoxalbania.org\/2020\/wp-json\/wp\/v2\/posts"}],"about":[{"href":"https:\/\/orthodoxalbania.org\/2020\/wp-json\/wp\/v2\/types\/post"}],"author":[{"embeddable":true,"href":"https:\/\/orthodoxalbania.org\/2020\/wp-json\/wp\/v2\/users\/1"}],"replies":[{"embeddable":true,"href":"https:\/\/orthodoxalbania.org\/2020\/wp-json\/wp\/v2\/comments?post=771"}],"version-history":[{"count":1,"href":"https:\/\/orthodoxalbania.org\/2020\/wp-json\/wp\/v2\/posts\/771\/revisions"}],"predecessor-version":[{"id":15393,"href":"https:\/\/orthodoxalbania.org\/2020\/wp-json\/wp\/v2\/posts\/771\/revisions\/15393"}],"wp:attachment":[{"href":"https:\/\/orthodoxalbania.org\/2020\/wp-json\/wp\/v2\/media?parent=771"}],"wp:term":[{"taxonomy":"category","embeddable":true,"href":"https:\/\/orthodoxalbania.org\/2020\/wp-json\/wp\/v2\/categories?post=771"},{"taxonomy":"post_tag","embeddable":true,"href":"https:\/\/orthodoxalbania.org\/2020\/wp-json\/wp\/v2\/tags?post=771"}],"curies":[{"name":"wp","href":"https:\/\/api.w.org\/{rel}","templated":true}]}}