{"id":769,"date":"2015-02-11T12:14:02","date_gmt":"2015-02-11T12:14:02","guid":{"rendered":""},"modified":"2020-04-06T22:02:19","modified_gmt":"2020-04-06T20:02:19","slug":"kontigjent-i-pare-ndihmash-per-zonat-e-permbytura-ne-vend-nga-kisha-orthodhokse","status":"publish","type":"post","link":"https:\/\/orthodoxalbania.org\/2020\/2015\/02\/11\/kontigjent-i-pare-ndihmash-per-zonat-e-permbytura-ne-vend-nga-kisha-orthodhokse\/","title":{"rendered":"Kontigjent i par\u00eb ndihmash p\u00ebr zonat e p\u00ebrmbytura n\u00eb vend nga Kisha Orthodhokse"},"content":{"rendered":"<p style=\"text-align: justify;\"><span style=\"font-family: tahoma,geneva,sans-serif; font-size: 10pt;\"><span style=\"color: #000000;\"><span style=\"font-size: 12pt; font-family: helvetica;\"><\/span><\/span><\/span><\/p>\n<p> <\/p>\n<p style=\"text-align: justify;\"><span style=\"font-family: tahoma,geneva,sans-serif; font-size: 10pt;\"><span style=\"color: #000000;\"><span style=\"font-size: 12pt; font-family: helvetica;\">&nbsp;&nbsp;&nbsp; <\/span><\/span><span style=\"font-size: 12pt; font-family: helvetica; color: #000000;\">Reshjet masive t\u00eb r\u00ebna n\u00eb fillim t\u00eb muajit shkurt u b\u00ebn\u00eb shkak p\u00ebrmbytjesh n\u00eb shum\u00eb qytete t\u00eb Shqip\u00ebris\u00eb. Zona m\u00eb e prekur ishte ajo e Jugut t\u00eb Shqip\u00ebris\u00eb e cila p\u00ebrkon me Mitropolin\u00eb e Beratit, Vlor\u00ebs dhe Kanin\u00ebs. Fshatra t\u00eb shumt\u00eb n\u00eb qytetet e Vlor\u00ebs, Fierit dhe Beratit u prek\u00ebn nga k\u00ebto p\u00ebrmbytje duke sjell\u00eb d\u00ebme t\u00eb m\u00ebdha ekonomike p\u00ebr banor\u00ebt. Shum\u00eb sht\u00ebpi u p\u00ebrmbyt\u00ebn nga uji dhe u d\u00ebmtuan kryesisht pajisjet dhe orendit\u00eb sht\u00ebpiake. Reshjet shkaktuan d\u00ebme t\u00eb m\u00ebdha n\u00eb prodhimin bujq\u00ebsor si dhe n\u00eb gj\u00ebn\u00eb e gjall\u00eb.<\/span><\/span><\/p>\n<p style=\"text-align: justify;\"><span style=\"font-family: tahoma,geneva,sans-serif; font-size: 10pt;\"><span style=\"font-size: 12pt; font-family: helvetica; color: #000000;\"><\/span><\/span><span style=\"font-size: 12pt; font-family: helvetica; color: #000000;\">&nbsp;<span class=\"text_exposed_show\">&nbsp;&nbsp;&nbsp; Duke u solidarizuar me personat qe ndodhen n\u00eb k\u00ebto v\u00ebshtir\u00ebsi t\u00eb m\u00ebdha, t\u00eb gjitha enorit\u00eb e Mitropolis\u00eb son\u00eb u angazhuan p\u00ebr t\u00eb mbledhur ndihma ushqimore dhe veshmbathje. N\u00ebn p\u00ebrkujdesjen e Mitropolitit u p\u00ebrgatit\u00ebn 50 pako me ushqime si dhe 50 pako me veshmbathje. Z\u00ebvend\u00ebsia e Beratit, p\u00ebrgatiti 50 pako ushqimore gjithashtu dhe Z\u00ebvend\u00ebsia e Vlor\u00ebs p\u00ebrgatiti 50 pako t\u00eb tilla. Kontingjenti i m\u00ebsip\u00ebrm u dor\u00ebzua pran\u00eb Shtabit t\u00eb Emergjencave Civile pran\u00eb Komun\u00ebs Novosel\u00eb dhe u erdhi n\u00eb ndihm\u00eb t\u00eb d\u00ebmtuarve n\u00eb zon\u00ebn e Vlor\u00ebs.<\/span><\/span><\/p>\n<p style=\"text-align: justify;\"><span style=\"font-size: 12pt; font-family: helvetica; color: #000000;\"><span class=\"text_exposed_show\">&nbsp;&nbsp;&nbsp; Z\u00ebvend\u00ebsia Fier p\u00ebrgatiti 100 pako ushqimore si dhe Z\u00ebvend\u00ebsia Lushnj\u00eb p\u00ebrgatiti 90 pako t\u00eb tilla. E ve\u00e7ant\u00eb n\u00eb Z\u00ebvend\u00ebsin\u00eb e Lushnj\u00ebs ishte kontributi i besimtar\u00ebve t\u00eb Enoris\u00eb s\u00eb Ungjill\u00ebzimit n\u00eb Divjak\u00eb, familjet e s\u00eb cil\u00ebs p\u00ebrgatit\u00ebn nga 1 pako ushqimore, gjithsej 40 t\u00eb tilla, duke l\u00ebn\u00eb n\u00eb to dhe nga nj\u00eb sh\u00ebnim. Ky kontingjent u dor\u00ebzua pran\u00eb Shtabit t\u00eb Emergjencave Civile pran\u00eb Komun\u00ebs Levan dhe shkoi n\u00eb ndihm\u00eb t\u00eb t\u00eb prekurve n\u00eb zon\u00ebn e Fierit. \u00c7do pako ushqimore kishte koston prej 750 lek\u00ebsh, shuma totale e k\u00ebsaj ndihme arrin 255 000 lek\u00eb.<\/span><\/span><\/p>\n<p style=\"text-align: justify;\"><span style=\"font-size: 12pt; font-family: helvetica; color: #000000;\"><span class=\"text_exposed_show\">&nbsp;&nbsp;&nbsp; Mitropolia e Hirshme e Beratit, Vlor\u00ebs dhe Kanin\u00ebs n\u00eb bashk\u00ebpunim me disa besimtar\u00eb dhe donator\u00eb zem\u00ebrgjer\u00eb do t\u00eb vazhdoj\u00eb ende n\u00eb dit\u00ebt n\u00eb vijim, ndihmat p\u00ebr familjet e d\u00ebmtuara nga kjo p\u00ebrmbytje.<\/span><\/span><\/p>\n<p style=\"text-align: justify;\"><span style=\"font-size: 12pt; font-family: helvetica;\"><\/span><\/p>\n<p style=\"text-align: justify;\">&nbsp;<\/p>\n<p style=\"text-align: justify;\"><span style=\"font-size: 12pt; font-family: helvetica;\"><\/span><\/p>\n<p style=\"text-align: justify;\">&nbsp;<\/p>\n<p><span style=\"font-size: 12pt; font-family: helvetica;\"><img decoding=\"async\" class=\"lazyload HAa Eha\" style=\"height: 375px; width: 500px; border-width: 1px; border-style: solid; margin: 10px auto; display: block;\" alt=\"\" src=\"data:image\/gif;base64,R0lGODlhAQABAAAAACH5BAEKAAEALAAAAAABAAEAAAICTAEAOw==\" data-orig-src=\"https:\/\/lh3.googleusercontent.com\/-ofzXRnP98hQ\/VNtFkfD05fI\/AAAAAAAALMc\/Ut_kWJGNUsY\/w958-h719-no\/10003467_659807130798039_8654641036656838529_n.jpg\" \/><\/span><\/p>\n<p><span style=\"font-size: 12pt; font-family: helvetica;\"><img decoding=\"async\" class=\"lazyload HAa Eha\" style=\"height: 375px; width: 500px; border-width: 1px; border-style: solid; margin: 10px auto; display: block;\" alt=\"\" src=\"data:image\/gif;base64,R0lGODlhAQABAAAAACH5BAEKAAEALAAAAAABAAEAAAICTAEAOw==\" data-orig-src=\"https:\/\/lh5.googleusercontent.com\/-BRcCpPgg7Bk\/VNtFlTbebpI\/AAAAAAAALMY\/x285CuNLaCg\/w958-h719-no\/13653_659807150798037_5221043167727248043_n.jpg\" \/><\/span><\/p>\n<p><span style=\"font-size: 12pt; font-family: helvetica;\"><img decoding=\"async\" class=\"lazyload HAa Eha\" style=\"height: 341px; width: 500px; border-width: 1px; border-style: solid; margin: 10px auto; display: block;\" alt=\"\" src=\"data:image\/gif;base64,R0lGODlhAQABAAAAACH5BAEKAAEALAAAAAABAAEAAAICTAEAOw==\" data-orig-src=\"https:\/\/lh5.googleusercontent.com\/-s_4qRb75Fnw\/VNtFkXRlG_I\/AAAAAAAALMk\/hidwNyz15kU\/w958-h653-no\/10982692_659807154131370_1239469052670125594_n.jpg\" \/><\/span><\/p>\n<p><span style=\"font-size: 12pt; font-family: helvetica;\"><img decoding=\"async\" class=\"lazyload HAa Eha\" style=\"height: 300px; width: 500px; border-width: 1px; border-style: solid; margin: 10px auto; display: block;\" alt=\"\" src=\"data:image\/gif;base64,R0lGODlhAQABAAAAACH5BAEKAAEALAAAAAABAAEAAAICTAEAOw==\" data-orig-src=\"https:\/\/lh4.googleusercontent.com\/-fHjDX7G6kRQ\/VNtFkrFwVQI\/AAAAAAAALMg\/mdhYGiKc2uU\/w958-h575-no\/10917117_659807164131369_6801778823403118315_n.jpg\" \/><\/span><\/p>\n<p><span style=\"font-size: 12pt; font-family: helvetica;\"><img decoding=\"async\" class=\"lazyload HAa Eha\" style=\"height: 375px; width: 500px; border-width: 1px; border-style: solid; margin: 10px auto; display: block;\" alt=\"\" src=\"data:image\/gif;base64,R0lGODlhAQABAAAAACH5BAEKAAEALAAAAAABAAEAAAICTAEAOw==\" data-orig-src=\"https:\/\/lh6.googleusercontent.com\/-o0JKcn4oylo\/VNtFk87FmGI\/AAAAAAAALMU\/g31UFPhVBL0\/w958-h719-no\/10986667_659807230798029_7467978680337915603_n.jpg\" \/><\/span><\/p>\n<p><span style=\"font-size: 12pt; font-family: helvetica;\"><img decoding=\"async\" class=\"lazyload HAa Eha\" style=\"height: 375px; width: 500px; border-width: 1px; border-style: solid; margin: 10px auto; display: block;\" alt=\"\" src=\"data:image\/gif;base64,R0lGODlhAQABAAAAACH5BAEKAAEALAAAAAABAAEAAAICTAEAOw==\" data-orig-src=\"https:\/\/lh4.googleusercontent.com\/-IwNOW-zW9SA\/VNtFlJnGRhI\/AAAAAAAALMM\/qVuigORj8kk\/w958-h719-no\/10987404_659807240798028_534721736490707471_n.jpg\" \/><\/span><\/p>\n<p><span style=\"font-size: 12pt; font-family: helvetica;\"><img decoding=\"async\" class=\"lazyload HAa Eha\" style=\"height: 373px; width: 500px; border-width: 1px; border-style: solid; margin: 10px auto; display: block;\" alt=\"\" src=\"data:image\/gif;base64,R0lGODlhAQABAAAAACH5BAEKAAEALAAAAAABAAEAAAICTAEAOw==\" data-orig-src=\"https:\/\/lh3.googleusercontent.com\/-mwGxiK46x3o\/VNtFlfRgYOI\/AAAAAAAALMQ\/snMPM7myUsI\/w958-h715-no\/10991319_659807267464692_42174165998886396_n.jpg\" \/><\/span><\/p>\n","protected":false},"excerpt":{"rendered":"<p>&nbsp;&nbsp;&nbsp; Reshjet masive t\u00eb r\u00ebna n\u00eb fillim t\u00eb muajit shkurt u b\u00ebn\u00eb shkak p\u00ebrmbytjesh n\u00eb shum\u00eb qytete t\u00eb Shqip\u00ebris\u00eb. Zona m\u00eb e prekur ishte ajo e Jugut t\u00eb Shqip\u00ebris\u00eb e cila p\u00ebrkon me Mitropolin\u00eb e Beratit, Vlor\u00ebs dhe Kanin\u00ebs. Fshatra t\u00eb shumt\u00eb n\u00eb qytetet e Vlor\u00ebs, Fierit dhe Beratit u prek\u00ebn nga k\u00ebto p\u00ebrmbytje duke sjell\u00eb d\u00ebme t\u00eb m\u00ebdha ekonomike p\u00ebr banor\u00ebt. Shum\u00eb sht\u00ebpi u<\/p>\n","protected":false},"author":1,"featured_media":770,"comment_status":"open","ping_status":"open","sticky":false,"template":"","format":"standard","meta":{"_acf_changed":false,"pagelayer_contact_templates":[],"_pagelayer_content":"","inline_featured_image":false,"fifu_image_url":"","fifu_image_alt":"","footnotes":""},"categories":[108],"tags":[139,633,212,197],"class_list":["post-769","post","type-post","status-publish","format-standard","has-post-thumbnail","hentry","category-lajme","tag-139","tag-donacionendihma","tag-lajme-d27","tag-berat"],"acf":[],"yoast_head":"<!-- This site is optimized with the Yoast SEO plugin v27.2 - https:\/\/yoast.com\/product\/yoast-seo-wordpress\/ -->\n<title>Kontigjent i par\u00eb ndihmash p\u00ebr zonat e p\u00ebrmbytura n\u00eb vend nga Kisha Orthodhokse - Kisha Orthodh\u03bfkse Autoqefale e Shqip\u00ebris\u00eb<\/title>\n<meta name=\"robots\" content=\"index, follow, max-snippet:-1, max-image-preview:large, max-video-preview:-1\" \/>\n<link rel=\"canonical\" href=\"https:\/\/orthodoxalbania.org\/2020\/2015\/02\/11\/kontigjent-i-pare-ndihmash-per-zonat-e-permbytura-ne-vend-nga-kisha-orthodhokse\/\" \/>\n<meta property=\"og:locale\" content=\"en_US\" \/>\n<meta property=\"og:type\" content=\"article\" \/>\n<meta property=\"og:title\" content=\"Kontigjent i par\u00eb ndihmash p\u00ebr zonat e p\u00ebrmbytura n\u00eb vend nga Kisha Orthodhokse - Kisha Orthodh\u03bfkse Autoqefale e Shqip\u00ebris\u00eb\" \/>\n<meta property=\"og:description\" content=\"&nbsp;&nbsp;&nbsp; Reshjet masive t\u00eb r\u00ebna n\u00eb fillim t\u00eb muajit shkurt u b\u00ebn\u00eb shkak p\u00ebrmbytjesh n\u00eb shum\u00eb qytete t\u00eb Shqip\u00ebris\u00eb. Zona m\u00eb e prekur ishte ajo e Jugut t\u00eb Shqip\u00ebris\u00eb e cila p\u00ebrkon me Mitropolin\u00eb e Beratit, Vlor\u00ebs dhe Kanin\u00ebs. Fshatra t\u00eb shumt\u00eb n\u00eb qytetet e Vlor\u00ebs, Fierit dhe Beratit u prek\u00ebn nga k\u00ebto p\u00ebrmbytje duke sjell\u00eb d\u00ebme t\u00eb m\u00ebdha ekonomike p\u00ebr banor\u00ebt. Shum\u00eb sht\u00ebpi u\" \/>\n<meta property=\"og:url\" content=\"https:\/\/orthodoxalbania.org\/2020\/2015\/02\/11\/kontigjent-i-pare-ndihmash-per-zonat-e-permbytura-ne-vend-nga-kisha-orthodhokse\/\" \/>\n<meta property=\"og:site_name\" content=\"Kisha Orthodh\u03bfkse Autoqefale e Shqip\u00ebris\u00eb\" \/>\n<meta property=\"article:publisher\" content=\"https:\/\/www.facebook.com\/koash1991\" \/>\n<meta property=\"article:published_time\" content=\"2015-02-11T12:14:02+00:00\" \/>\n<meta property=\"article:modified_time\" content=\"2020-04-06T20:02:19+00:00\" \/>\n<meta property=\"og:image\" content=\"https:\/\/orthodoxalbania.org\/2020\/wp-content\/uploads\/2020\/04\/10991319_659807267464692_42174165998886396_n.jpg\" \/>\n\t<meta property=\"og:image:width\" content=\"150\" \/>\n\t<meta property=\"og:image:height\" content=\"150\" \/>\n\t<meta property=\"og:image:type\" content=\"image\/jpeg\" \/>\n<meta name=\"author\" content=\"Kisha Orthodhokse\" \/>\n<meta name=\"twitter:card\" content=\"summary_large_image\" \/>\n<meta name=\"twitter:label1\" content=\"Written by\" \/>\n\t<meta name=\"twitter:data1\" content=\"Kisha Orthodhokse\" \/>\n\t<meta name=\"twitter:label2\" content=\"Est. reading time\" \/>\n\t<meta name=\"twitter:data2\" content=\"2 minutes\" \/>\n<script type=\"application\/ld+json\" class=\"yoast-schema-graph\">{\"@context\":\"https:\/\/schema.org\",\"@graph\":[{\"@type\":\"Article\",\"@id\":\"https:\/\/orthodoxalbania.org\/2020\/2015\/02\/11\/kontigjent-i-pare-ndihmash-per-zonat-e-permbytura-ne-vend-nga-kisha-orthodhokse\/#article\",\"isPartOf\":{\"@id\":\"https:\/\/orthodoxalbania.org\/2020\/2015\/02\/11\/kontigjent-i-pare-ndihmash-per-zonat-e-permbytura-ne-vend-nga-kisha-orthodhokse\/\"},\"author\":{\"name\":\"Kisha Orthodhokse\",\"@id\":\"https:\/\/orthodoxalbania.org\/2020\/#\/schema\/person\/0c387634a7063ac612d7ed9ce71c7e86\"},\"headline\":\"Kontigjent i par\u00eb ndihmash p\u00ebr zonat e p\u00ebrmbytura n\u00eb vend nga Kisha Orthodhokse\",\"datePublished\":\"2015-02-11T12:14:02+00:00\",\"dateModified\":\"2020-04-06T20:02:19+00:00\",\"mainEntityOfPage\":{\"@id\":\"https:\/\/orthodoxalbania.org\/2020\/2015\/02\/11\/kontigjent-i-pare-ndihmash-per-zonat-e-permbytura-ne-vend-nga-kisha-orthodhokse\/\"},\"wordCount\":394,\"commentCount\":0,\"publisher\":{\"@id\":\"https:\/\/orthodoxalbania.org\/2020\/#organization\"},\"image\":{\"@id\":\"https:\/\/orthodoxalbania.org\/2020\/2015\/02\/11\/kontigjent-i-pare-ndihmash-per-zonat-e-permbytura-ne-vend-nga-kisha-orthodhokse\/#primaryimage\"},\"thumbnailUrl\":\"https:\/\/orthodoxalbania.org\/2020\/wp-content\/uploads\/2020\/04\/10991319_659807267464692_42174165998886396_n.jpg\",\"keywords\":[\"2015\",\"DonacioneNdihma\",\"lajme\",\"Mitropolia Berat\"],\"articleSection\":[\"Lajme\"],\"inLanguage\":\"en-US\"},{\"@type\":\"WebPage\",\"@id\":\"https:\/\/orthodoxalbania.org\/2020\/2015\/02\/11\/kontigjent-i-pare-ndihmash-per-zonat-e-permbytura-ne-vend-nga-kisha-orthodhokse\/\",\"url\":\"https:\/\/orthodoxalbania.org\/2020\/2015\/02\/11\/kontigjent-i-pare-ndihmash-per-zonat-e-permbytura-ne-vend-nga-kisha-orthodhokse\/\",\"name\":\"Kontigjent i par\u00eb ndihmash p\u00ebr zonat e p\u00ebrmbytura n\u00eb vend nga Kisha Orthodhokse - Kisha Orthodh\u03bfkse Autoqefale e Shqip\u00ebris\u00eb\",\"isPartOf\":{\"@id\":\"https:\/\/orthodoxalbania.org\/2020\/#website\"},\"primaryImageOfPage\":{\"@id\":\"https:\/\/orthodoxalbania.org\/2020\/2015\/02\/11\/kontigjent-i-pare-ndihmash-per-zonat-e-permbytura-ne-vend-nga-kisha-orthodhokse\/#primaryimage\"},\"image\":{\"@id\":\"https:\/\/orthodoxalbania.org\/2020\/2015\/02\/11\/kontigjent-i-pare-ndihmash-per-zonat-e-permbytura-ne-vend-nga-kisha-orthodhokse\/#primaryimage\"},\"thumbnailUrl\":\"https:\/\/orthodoxalbania.org\/2020\/wp-content\/uploads\/2020\/04\/10991319_659807267464692_42174165998886396_n.jpg\",\"datePublished\":\"2015-02-11T12:14:02+00:00\",\"dateModified\":\"2020-04-06T20:02:19+00:00\",\"breadcrumb\":{\"@id\":\"https:\/\/orthodoxalbania.org\/2020\/2015\/02\/11\/kontigjent-i-pare-ndihmash-per-zonat-e-permbytura-ne-vend-nga-kisha-orthodhokse\/#breadcrumb\"},\"inLanguage\":\"en-US\",\"potentialAction\":[{\"@type\":\"ReadAction\",\"target\":[\"https:\/\/orthodoxalbania.org\/2020\/2015\/02\/11\/kontigjent-i-pare-ndihmash-per-zonat-e-permbytura-ne-vend-nga-kisha-orthodhokse\/\"]}]},{\"@type\":\"ImageObject\",\"inLanguage\":\"en-US\",\"@id\":\"https:\/\/orthodoxalbania.org\/2020\/2015\/02\/11\/kontigjent-i-pare-ndihmash-per-zonat-e-permbytura-ne-vend-nga-kisha-orthodhokse\/#primaryimage\",\"url\":\"https:\/\/orthodoxalbania.org\/2020\/wp-content\/uploads\/2020\/04\/10991319_659807267464692_42174165998886396_n.jpg\",\"contentUrl\":\"https:\/\/orthodoxalbania.org\/2020\/wp-content\/uploads\/2020\/04\/10991319_659807267464692_42174165998886396_n.jpg\",\"width\":150,\"height\":150},{\"@type\":\"BreadcrumbList\",\"@id\":\"https:\/\/orthodoxalbania.org\/2020\/2015\/02\/11\/kontigjent-i-pare-ndihmash-per-zonat-e-permbytura-ne-vend-nga-kisha-orthodhokse\/#breadcrumb\",\"itemListElement\":[{\"@type\":\"ListItem\",\"position\":1,\"name\":\"Home\",\"item\":\"https:\/\/orthodoxalbania.org\/2020\/\"},{\"@type\":\"ListItem\",\"position\":2,\"name\":\"Kontigjent i par\u00eb ndihmash p\u00ebr zonat e p\u00ebrmbytura n\u00eb vend nga Kisha Orthodhokse\"}]},{\"@type\":\"WebSite\",\"@id\":\"https:\/\/orthodoxalbania.org\/2020\/#website\",\"url\":\"https:\/\/orthodoxalbania.org\/2020\/\",\"name\":\"Kisha Orthodh\u03bfkse Autoqefale e Shqip\u00ebris\u00eb\",\"description\":\"Fqja Zyrtare e Kish\u00ebs Orthodhokse Autoqefale e Shqip\u00ebris\u00eb me lajmet edhe informacionet zyrtare p\u00ebr struktur\u00ebn edhe veprimtarin e saj.\",\"publisher\":{\"@id\":\"https:\/\/orthodoxalbania.org\/2020\/#organization\"},\"potentialAction\":[{\"@type\":\"SearchAction\",\"target\":{\"@type\":\"EntryPoint\",\"urlTemplate\":\"https:\/\/orthodoxalbania.org\/2020\/?s={search_term_string}\"},\"query-input\":{\"@type\":\"PropertyValueSpecification\",\"valueRequired\":true,\"valueName\":\"search_term_string\"}}],\"inLanguage\":\"en-US\"},{\"@type\":\"Organization\",\"@id\":\"https:\/\/orthodoxalbania.org\/2020\/#organization\",\"name\":\"Kisha Orthodhokse Autoqefale e Shqip\u00ebris\u00eb\",\"url\":\"https:\/\/orthodoxalbania.org\/2020\/\",\"logo\":{\"@type\":\"ImageObject\",\"inLanguage\":\"en-US\",\"@id\":\"https:\/\/orthodoxalbania.org\/2020\/#\/schema\/logo\/image\/\",\"url\":\"https:\/\/orthodoxalbania.org\/2020\/wp-content\/uploads\/2020\/05\/albania.jpeg\",\"contentUrl\":\"https:\/\/orthodoxalbania.org\/2020\/wp-content\/uploads\/2020\/05\/albania.jpeg\",\"width\":540,\"height\":540,\"caption\":\"Kisha Orthodhokse Autoqefale e Shqip\u00ebris\u00eb\"},\"image\":{\"@id\":\"https:\/\/orthodoxalbania.org\/2020\/#\/schema\/logo\/image\/\"},\"sameAs\":[\"https:\/\/www.facebook.com\/koash1991\"]},{\"@type\":\"Person\",\"@id\":\"https:\/\/orthodoxalbania.org\/2020\/#\/schema\/person\/0c387634a7063ac612d7ed9ce71c7e86\",\"name\":\"Kisha Orthodhokse\",\"image\":{\"@type\":\"ImageObject\",\"inLanguage\":\"en-US\",\"@id\":\"https:\/\/secure.gravatar.com\/avatar\/596e7c417251e30f2fbb9c00e026fce61a695a00e51c889caded71c96cbbdde5?s=96&d=mm&r=g\",\"url\":\"https:\/\/secure.gravatar.com\/avatar\/596e7c417251e30f2fbb9c00e026fce61a695a00e51c889caded71c96cbbdde5?s=96&d=mm&r=g\",\"contentUrl\":\"https:\/\/secure.gravatar.com\/avatar\/596e7c417251e30f2fbb9c00e026fce61a695a00e51c889caded71c96cbbdde5?s=96&d=mm&r=g\",\"caption\":\"Kisha Orthodhokse\"}}]}<\/script>\n<!-- \/ Yoast SEO plugin. -->","yoast_head_json":{"title":"Kontigjent i par\u00eb ndihmash p\u00ebr zonat e p\u00ebrmbytura n\u00eb vend nga Kisha Orthodhokse - Kisha Orthodh\u03bfkse Autoqefale e Shqip\u00ebris\u00eb","robots":{"index":"index","follow":"follow","max-snippet":"max-snippet:-1","max-image-preview":"max-image-preview:large","max-video-preview":"max-video-preview:-1"},"canonical":"https:\/\/orthodoxalbania.org\/2020\/2015\/02\/11\/kontigjent-i-pare-ndihmash-per-zonat-e-permbytura-ne-vend-nga-kisha-orthodhokse\/","og_locale":"en_US","og_type":"article","og_title":"Kontigjent i par\u00eb ndihmash p\u00ebr zonat e p\u00ebrmbytura n\u00eb vend nga Kisha Orthodhokse - Kisha Orthodh\u03bfkse Autoqefale e Shqip\u00ebris\u00eb","og_description":"&nbsp;&nbsp;&nbsp; Reshjet masive t\u00eb r\u00ebna n\u00eb fillim t\u00eb muajit shkurt u b\u00ebn\u00eb shkak p\u00ebrmbytjesh n\u00eb shum\u00eb qytete t\u00eb Shqip\u00ebris\u00eb. Zona m\u00eb e prekur ishte ajo e Jugut t\u00eb Shqip\u00ebris\u00eb e cila p\u00ebrkon me Mitropolin\u00eb e Beratit, Vlor\u00ebs dhe Kanin\u00ebs. Fshatra t\u00eb shumt\u00eb n\u00eb qytetet e Vlor\u00ebs, Fierit dhe Beratit u prek\u00ebn nga k\u00ebto p\u00ebrmbytje duke sjell\u00eb d\u00ebme t\u00eb m\u00ebdha ekonomike p\u00ebr banor\u00ebt. Shum\u00eb sht\u00ebpi u","og_url":"https:\/\/orthodoxalbania.org\/2020\/2015\/02\/11\/kontigjent-i-pare-ndihmash-per-zonat-e-permbytura-ne-vend-nga-kisha-orthodhokse\/","og_site_name":"Kisha Orthodh\u03bfkse Autoqefale e Shqip\u00ebris\u00eb","article_publisher":"https:\/\/www.facebook.com\/koash1991","article_published_time":"2015-02-11T12:14:02+00:00","article_modified_time":"2020-04-06T20:02:19+00:00","og_image":[{"width":150,"height":150,"url":"https:\/\/orthodoxalbania.org\/2020\/wp-content\/uploads\/2020\/04\/10991319_659807267464692_42174165998886396_n.jpg","type":"image\/jpeg"}],"author":"Kisha Orthodhokse","twitter_card":"summary_large_image","twitter_misc":{"Written by":"Kisha Orthodhokse","Est. reading time":"2 minutes"},"schema":{"@context":"https:\/\/schema.org","@graph":[{"@type":"Article","@id":"https:\/\/orthodoxalbania.org\/2020\/2015\/02\/11\/kontigjent-i-pare-ndihmash-per-zonat-e-permbytura-ne-vend-nga-kisha-orthodhokse\/#article","isPartOf":{"@id":"https:\/\/orthodoxalbania.org\/2020\/2015\/02\/11\/kontigjent-i-pare-ndihmash-per-zonat-e-permbytura-ne-vend-nga-kisha-orthodhokse\/"},"author":{"name":"Kisha Orthodhokse","@id":"https:\/\/orthodoxalbania.org\/2020\/#\/schema\/person\/0c387634a7063ac612d7ed9ce71c7e86"},"headline":"Kontigjent i par\u00eb ndihmash p\u00ebr zonat e p\u00ebrmbytura n\u00eb vend nga Kisha Orthodhokse","datePublished":"2015-02-11T12:14:02+00:00","dateModified":"2020-04-06T20:02:19+00:00","mainEntityOfPage":{"@id":"https:\/\/orthodoxalbania.org\/2020\/2015\/02\/11\/kontigjent-i-pare-ndihmash-per-zonat-e-permbytura-ne-vend-nga-kisha-orthodhokse\/"},"wordCount":394,"commentCount":0,"publisher":{"@id":"https:\/\/orthodoxalbania.org\/2020\/#organization"},"image":{"@id":"https:\/\/orthodoxalbania.org\/2020\/2015\/02\/11\/kontigjent-i-pare-ndihmash-per-zonat-e-permbytura-ne-vend-nga-kisha-orthodhokse\/#primaryimage"},"thumbnailUrl":"https:\/\/orthodoxalbania.org\/2020\/wp-content\/uploads\/2020\/04\/10991319_659807267464692_42174165998886396_n.jpg","keywords":["2015","DonacioneNdihma","lajme","Mitropolia Berat"],"articleSection":["Lajme"],"inLanguage":"en-US"},{"@type":"WebPage","@id":"https:\/\/orthodoxalbania.org\/2020\/2015\/02\/11\/kontigjent-i-pare-ndihmash-per-zonat-e-permbytura-ne-vend-nga-kisha-orthodhokse\/","url":"https:\/\/orthodoxalbania.org\/2020\/2015\/02\/11\/kontigjent-i-pare-ndihmash-per-zonat-e-permbytura-ne-vend-nga-kisha-orthodhokse\/","name":"Kontigjent i par\u00eb ndihmash p\u00ebr zonat e p\u00ebrmbytura n\u00eb vend nga Kisha Orthodhokse - Kisha Orthodh\u03bfkse Autoqefale e Shqip\u00ebris\u00eb","isPartOf":{"@id":"https:\/\/orthodoxalbania.org\/2020\/#website"},"primaryImageOfPage":{"@id":"https:\/\/orthodoxalbania.org\/2020\/2015\/02\/11\/kontigjent-i-pare-ndihmash-per-zonat-e-permbytura-ne-vend-nga-kisha-orthodhokse\/#primaryimage"},"image":{"@id":"https:\/\/orthodoxalbania.org\/2020\/2015\/02\/11\/kontigjent-i-pare-ndihmash-per-zonat-e-permbytura-ne-vend-nga-kisha-orthodhokse\/#primaryimage"},"thumbnailUrl":"https:\/\/orthodoxalbania.org\/2020\/wp-content\/uploads\/2020\/04\/10991319_659807267464692_42174165998886396_n.jpg","datePublished":"2015-02-11T12:14:02+00:00","dateModified":"2020-04-06T20:02:19+00:00","breadcrumb":{"@id":"https:\/\/orthodoxalbania.org\/2020\/2015\/02\/11\/kontigjent-i-pare-ndihmash-per-zonat-e-permbytura-ne-vend-nga-kisha-orthodhokse\/#breadcrumb"},"inLanguage":"en-US","potentialAction":[{"@type":"ReadAction","target":["https:\/\/orthodoxalbania.org\/2020\/2015\/02\/11\/kontigjent-i-pare-ndihmash-per-zonat-e-permbytura-ne-vend-nga-kisha-orthodhokse\/"]}]},{"@type":"ImageObject","inLanguage":"en-US","@id":"https:\/\/orthodoxalbania.org\/2020\/2015\/02\/11\/kontigjent-i-pare-ndihmash-per-zonat-e-permbytura-ne-vend-nga-kisha-orthodhokse\/#primaryimage","url":"https:\/\/orthodoxalbania.org\/2020\/wp-content\/uploads\/2020\/04\/10991319_659807267464692_42174165998886396_n.jpg","contentUrl":"https:\/\/orthodoxalbania.org\/2020\/wp-content\/uploads\/2020\/04\/10991319_659807267464692_42174165998886396_n.jpg","width":150,"height":150},{"@type":"BreadcrumbList","@id":"https:\/\/orthodoxalbania.org\/2020\/2015\/02\/11\/kontigjent-i-pare-ndihmash-per-zonat-e-permbytura-ne-vend-nga-kisha-orthodhokse\/#breadcrumb","itemListElement":[{"@type":"ListItem","position":1,"name":"Home","item":"https:\/\/orthodoxalbania.org\/2020\/"},{"@type":"ListItem","position":2,"name":"Kontigjent i par\u00eb ndihmash p\u00ebr zonat e p\u00ebrmbytura n\u00eb vend nga Kisha Orthodhokse"}]},{"@type":"WebSite","@id":"https:\/\/orthodoxalbania.org\/2020\/#website","url":"https:\/\/orthodoxalbania.org\/2020\/","name":"Kisha Orthodh\u03bfkse Autoqefale e Shqip\u00ebris\u00eb","description":"Fqja Zyrtare e Kish\u00ebs Orthodhokse Autoqefale e Shqip\u00ebris\u00eb me lajmet edhe informacionet zyrtare p\u00ebr struktur\u00ebn edhe veprimtarin e saj.","publisher":{"@id":"https:\/\/orthodoxalbania.org\/2020\/#organization"},"potentialAction":[{"@type":"SearchAction","target":{"@type":"EntryPoint","urlTemplate":"https:\/\/orthodoxalbania.org\/2020\/?s={search_term_string}"},"query-input":{"@type":"PropertyValueSpecification","valueRequired":true,"valueName":"search_term_string"}}],"inLanguage":"en-US"},{"@type":"Organization","@id":"https:\/\/orthodoxalbania.org\/2020\/#organization","name":"Kisha Orthodhokse Autoqefale e Shqip\u00ebris\u00eb","url":"https:\/\/orthodoxalbania.org\/2020\/","logo":{"@type":"ImageObject","inLanguage":"en-US","@id":"https:\/\/orthodoxalbania.org\/2020\/#\/schema\/logo\/image\/","url":"https:\/\/orthodoxalbania.org\/2020\/wp-content\/uploads\/2020\/05\/albania.jpeg","contentUrl":"https:\/\/orthodoxalbania.org\/2020\/wp-content\/uploads\/2020\/05\/albania.jpeg","width":540,"height":540,"caption":"Kisha Orthodhokse Autoqefale e Shqip\u00ebris\u00eb"},"image":{"@id":"https:\/\/orthodoxalbania.org\/2020\/#\/schema\/logo\/image\/"},"sameAs":["https:\/\/www.facebook.com\/koash1991"]},{"@type":"Person","@id":"https:\/\/orthodoxalbania.org\/2020\/#\/schema\/person\/0c387634a7063ac612d7ed9ce71c7e86","name":"Kisha Orthodhokse","image":{"@type":"ImageObject","inLanguage":"en-US","@id":"https:\/\/secure.gravatar.com\/avatar\/596e7c417251e30f2fbb9c00e026fce61a695a00e51c889caded71c96cbbdde5?s=96&d=mm&r=g","url":"https:\/\/secure.gravatar.com\/avatar\/596e7c417251e30f2fbb9c00e026fce61a695a00e51c889caded71c96cbbdde5?s=96&d=mm&r=g","contentUrl":"https:\/\/secure.gravatar.com\/avatar\/596e7c417251e30f2fbb9c00e026fce61a695a00e51c889caded71c96cbbdde5?s=96&d=mm&r=g","caption":"Kisha Orthodhokse"}}]}},"_links":{"self":[{"href":"https:\/\/orthodoxalbania.org\/2020\/wp-json\/wp\/v2\/posts\/769","targetHints":{"allow":["GET"]}}],"collection":[{"href":"https:\/\/orthodoxalbania.org\/2020\/wp-json\/wp\/v2\/posts"}],"about":[{"href":"https:\/\/orthodoxalbania.org\/2020\/wp-json\/wp\/v2\/types\/post"}],"author":[{"embeddable":true,"href":"https:\/\/orthodoxalbania.org\/2020\/wp-json\/wp\/v2\/users\/1"}],"replies":[{"embeddable":true,"href":"https:\/\/orthodoxalbania.org\/2020\/wp-json\/wp\/v2\/comments?post=769"}],"version-history":[{"count":1,"href":"https:\/\/orthodoxalbania.org\/2020\/wp-json\/wp\/v2\/posts\/769\/revisions"}],"predecessor-version":[{"id":15032,"href":"https:\/\/orthodoxalbania.org\/2020\/wp-json\/wp\/v2\/posts\/769\/revisions\/15032"}],"wp:featuredmedia":[{"embeddable":true,"href":"https:\/\/orthodoxalbania.org\/2020\/wp-json\/wp\/v2\/media\/770"}],"wp:attachment":[{"href":"https:\/\/orthodoxalbania.org\/2020\/wp-json\/wp\/v2\/media?parent=769"}],"wp:term":[{"taxonomy":"category","embeddable":true,"href":"https:\/\/orthodoxalbania.org\/2020\/wp-json\/wp\/v2\/categories?post=769"},{"taxonomy":"post_tag","embeddable":true,"href":"https:\/\/orthodoxalbania.org\/2020\/wp-json\/wp\/v2\/tags?post=769"}],"curies":[{"name":"wp","href":"https:\/\/api.w.org\/{rel}","templated":true}]}}