{"id":766,"date":"2006-02-26T00:00:00","date_gmt":"2006-02-26T00:00:00","guid":{"rendered":""},"modified":"2020-04-06T22:35:59","modified_gmt":"2020-04-06T20:35:59","slug":"konferencat-rinore-te-fundvitit-krishtlindje-06","status":"publish","type":"post","link":"https:\/\/orthodoxalbania.org\/2020\/2006\/02\/26\/konferencat-rinore-te-fundvitit-krishtlindje-06\/","title":{"rendered":"Konferencat rinore t\u00eb fundvitit. (10 \u2013 12 N\u00ebntor 2006)"},"content":{"rendered":"<table id=\"AutoNumber4\" style=\"width: 777px; height: 2907px;\" border=\"0\">\n<tbody>\n<tr>\n<td>\n<div style=\"text-align: justify;\"><span style=\"color: #000000;\"><span style=\"font-family: tahoma,geneva,sans-serif;\"><span style=\"font-size: 12px;\">&nbsp;&nbsp; Konferencat studentore jan\u00eb kthyer tashm\u00eb n\u00eb nj\u00eb tradit\u00eb t\u00eb pasur t\u00eb rinis\u00eb orthodhokse shqiptare. P\u00ebrmes k\u00ebtyre aktiviteteve, Kisha jon\u00eb u jep mund\u00ebsin\u00eb grupmoshave t\u00eb reja p\u00ebr t\u00eb njohur besimin orthodhoks dhe t\u00eb b\u00ebhen an\u00ebtar\u00eb t\u00eb nj\u00eb komuniteti t\u00eb madh dashurie, me Krishtin n\u00eb qend\u00ebr. Konferencat e fundvjesht\u00ebs u organizuan edhe k\u00ebt\u00eb her\u00eb nga Zyra Qendrore e Rinis\u00eb Orthodhokse dhe Qendra Studentore Orthodhokse e Qytetit Studenti.<br \/> <\/span><\/span><\/span><\/div>\n<div style=\"text-align: justify;\">&nbsp;<\/div>\n<div style=\"text-align: justify;\"><span style=\"color: #000000;\"><span style=\"font-family: tahoma,geneva,sans-serif;\"><span style=\"font-size: 12px;\">&nbsp;&nbsp;&nbsp; Sapo p\u00ebrfunduan konferencat rinore t\u00eb Dioqez\u00ebs s\u00eb Tiran\u00ebs zhvilluar n\u00eb Sh\u00ebngjin t\u00eb Lezh\u00ebs dhe ajo e Dioqez\u00ebs s\u00eb Kor\u00e7\u00ebs zhvilluar n\u00eb Pogradec nga mesi dhe fundi i muajit tetor, aktivitete q\u00eb u pasqyruan edhe n\u00eb gazet\u00ebn \u201cNgjallja\u201d.<\/span><\/span><\/span><\/div>\n<\/td>\n<td>\n<div><span style=\"color: #000000;\"><span style=\"font-family: tahoma,geneva,sans-serif;\"><span style=\"font-size: 12px;\">&nbsp; <img decoding=\"async\" class=\"lazyload HAa Eha\" style=\"border-width: 1px; border-style: solid; margin: 10px auto; display: block;\" alt=\"\" src=\"data:image\/gif;base64,R0lGODlhAQABAAAAACH5BAEKAAEALAAAAAABAAEAAAICTAEAOw==\" data-orig-src=\"https:\/\/lh4.googleusercontent.com\/-ljPjF1KhleE\/VIgkAbm4__I\/AAAAAAAAFyo\/Ws1utIC0DBE\/w350-h263-no\/text1.jpg\" \/>&nbsp; <\/span><\/span><\/span><\/div>\n<\/td>\n<\/tr>\n<tr>\n<td>\n<div><span style=\"color: #000000;\"><span style=\"font-family: tahoma,geneva,sans-serif;\"><span style=\"font-size: 12px;\">&nbsp;&nbsp;&nbsp;&nbsp;&nbsp; <img decoding=\"async\" class=\"lazyload HAa Eha\" style=\"border-width: 1px; border-style: solid; margin: 10px auto; display: block;\" alt=\"\" src=\"data:image\/gif;base64,R0lGODlhAQABAAAAACH5BAEKAAEALAAAAAABAAEAAAICTAEAOw==\" data-orig-src=\"https:\/\/lh4.googleusercontent.com\/-eRm8GwufE5Y\/VIgkAn772iI\/AAAAAAAAFyw\/HqzJYIW3Hvs\/w350-h263-no\/text2.jpg\" \/><\/span><\/span><\/span><\/div>\n<\/td>\n<td>\n<div style=\"text-align: justify;\"><span style=\"color: #000000;\"><span style=\"font-family: tahoma,geneva,sans-serif;\"><span style=\"font-size: 12px;\">&nbsp;&nbsp;&nbsp; Konferenca n\u00eb vazhdim ishte ajo e student\u00ebve e cila u zhvillua n\u00eb ambientet e bukura t\u00eb Manastirit t\u00eb Hirsh\u00ebm t\u00eb Sh\u00ebn Vlashit, ku mor\u00ebn pjes\u00eb rreth 100 student\u00eb, t\u00eb ardhur nga shum\u00eb qytete t\u00eb Shqip\u00ebris\u00eb. Gjithashtu t\u00eb ftuar n\u00eb k\u00ebt\u00eb veprimtari ishin edhe t\u00eb rinj t\u00eb tjer\u00eb nga dioqezat e Kish\u00ebs son\u00eb si edhe student\u00ebt e Akademis\u00eb Teologjike \u201cNgjallja e Krishtit\u201d, t\u00eb cil\u00ebt dhan\u00eb nj\u00eb ndihmes\u00eb t\u00eb ve\u00e7ant\u00eb p\u00ebr mbar\u00ebvajtjen e konferenc\u00ebs.<\/span><\/span><\/span><\/div>\n<\/td>\n<\/tr>\n<tr>\n<td>\n<div style=\"text-align: justify;\"><span style=\"color: #000000;\"><span style=\"font-family: tahoma,geneva,sans-serif;\"><span style=\"font-size: 12px;\">&nbsp;&nbsp;&nbsp; Programi u realizua p\u00ebrgjat\u00eb tre dit\u00ebve (10 \u2013 12 n\u00ebntor) dhe duke qen\u00eb i larmish\u00ebm e b\u00ebri t\u00eb k\u00ebndshme fundjav\u00ebn e t\u00eb rinjve. Ata pat\u00ebn mund\u00ebsi t\u00eb ndiqnin 3 referatet e at\u00eb Patrikut, i cili erdhi nga SHBA, i ftuar p\u00ebr t\u00eb referuar n\u00eb k\u00ebt\u00eb konferenc\u00eb n\u00eb lidhje me tem\u00ebn \u201cJeta e Krishtit dhe jeta n\u00eb Krishtin\u201d. Pjes\u00eb e programit ishin edhe lutjet s\u00eb bashku, diskutimet n\u00eb grupe, vizitat baritore n\u00eb spitalet, jetimoret dhe azilet e Durr\u00ebsit dhe Kavaj\u00ebs, vallet popullore dhe aktivitetet e ndryshme kulturore.<\/span><\/span><\/span><\/div>\n<\/td>\n<td>\n<div><span style=\"color: #000000;\"><span style=\"font-family: tahoma,geneva,sans-serif;\"><span style=\"font-size: 12px;\">&nbsp;&nbsp;&nbsp; <img decoding=\"async\" class=\"lazyload HAa Eha\" style=\"border-width: 1px; border-style: solid; margin: 10px auto; display: block;\" alt=\"\" src=\"data:image\/gif;base64,R0lGODlhAQABAAAAACH5BAEKAAEALAAAAAABAAEAAAICTAEAOw==\" data-orig-src=\"https:\/\/lh4.googleusercontent.com\/-UgYIU8AAAf8\/VIgkBu3xFmI\/AAAAAAAAFzI\/D2q1VFB0kek\/w350-h263-no\/text4.jpg\" \/><\/span><\/span><\/span><\/div>\n<\/td>\n<\/tr>\n<tr>\n<td>\n<div><span style=\"color: #000000;\"><span style=\"font-family: tahoma,geneva,sans-serif;\"><span style=\"font-size: 12px;\">&nbsp;&nbsp;&nbsp;&nbsp;&nbsp; <img decoding=\"async\" class=\"lazyload HAa Eha\" style=\"border-width: 1px; border-style: solid; margin: 10px auto; display: block;\" alt=\"\" src=\"data:image\/gif;base64,R0lGODlhAQABAAAAACH5BAEKAAEALAAAAAABAAEAAAICTAEAOw==\" data-orig-src=\"https:\/\/lh4.googleusercontent.com\/-qd6DWMg2BW8\/VIgj_wAh3JI\/AAAAAAAAFzY\/iDDgphNpW_8\/w350-h262-no\/anash1.jpg\" \/><\/span><\/span><\/span><\/div>\n<\/td>\n<td>\n<div style=\"text-align: justify;\"><span style=\"color: #000000;\"><span style=\"font-family: tahoma,geneva,sans-serif;\"><span style=\"font-size: 12px;\">&nbsp;&nbsp;&nbsp; Vlen t\u00eb theksohet se pika qendrore e konferenc\u00ebs u fokusua n\u00eb referatet e at\u00eb Patrikut, i cili solli para t\u00eb rinjve d\u00ebshmi t\u00eb besimit orthodhoks dhe me elokuenc\u00ebn e tij t\u00ebrhoqi v\u00ebmendjen e t\u00eb gjith\u00eb pjes\u00ebmarr\u00ebsve. \u201cNjohuria e shp\u00ebtimit n\u00eb Jisu Krishtin na \u00ebsht\u00eb dh\u00ebn\u00eb n\u00eb m\u00ebnyr\u00eb t\u00eb ve\u00e7ant\u00eb nga Per\u00ebndia. Mishi dhe gjaku nuk na i shfaqin, vet\u00ebm Per\u00ebndia mund t\u00eb n\u00eb jap\u00eb dije p\u00ebr principet n\u00eb zemrat tona.<\/span><\/span><\/span><\/div>\n<\/td>\n<\/tr>\n<tr>\n<td>\n<div style=\"text-align: justify;\"><span style=\"color: #000000;\"><span style=\"font-family: tahoma,geneva,sans-serif;\"><span style=\"font-size: 12px;\">&nbsp;&nbsp; Principi kryesor q\u00eb vendos Per\u00ebndia \u00ebsht\u00eb dashuria dhe njohja, \u00ebsht\u00eb hiri hyjnor, i cili \u00ebsht\u00eb dhurat\u00eb e Shpirtit t\u00eb Shenjt\u00eb. Pra Shpirti i Shenjt\u00eb \u00ebsht\u00eb principi i v\u00ebrtet\u00eb i jet\u00ebs son\u00eb\u201d- theksoi at\u00eb Patriku. Gjithashtu ai u ndal edhe n\u00eb tipet e shenjtor\u00ebve, si mund ta fitojn\u00eb shenjt\u00ebrin\u00eb t\u00eb krishter\u00ebt, foli p\u00ebr disa probleme aktuale t\u00eb shoq\u00ebris\u00eb bot\u00ebrore dhe u b\u00ebri thirrje t\u00eb rinjve shqiptar\u00eb t\u00eb ken\u00eb Krishtin n\u00eb qend\u00ebr t\u00eb jet\u00ebs s\u00eb tyre.<\/span><\/span><\/span><\/div>\n<\/td>\n<td>\n<div><span style=\"color: #000000;\"><span style=\"font-family: tahoma,geneva,sans-serif;\"><span style=\"font-size: 12px;\">&nbsp;&nbsp;&nbsp; <img decoding=\"async\" class=\"lazyload HAa Eha\" style=\"border-width: 1px; border-style: solid; margin: 10px auto; display: block;\" alt=\"\" src=\"data:image\/gif;base64,R0lGODlhAQABAAAAACH5BAEKAAEALAAAAAABAAEAAAICTAEAOw==\" data-orig-src=\"https:\/\/lh4.googleusercontent.com\/-3F1e_wCIskQ\/VIgkBhX9-jI\/AAAAAAAAFzA\/t9ARteaeQ4c\/w350-h263-no\/text5.jpg\" \/> <\/span><\/span><\/span><\/div>\n<\/td>\n<\/tr>\n<tr>\n<td>\n<div><span style=\"color: #000000;\"><span style=\"font-family: tahoma,geneva,sans-serif;\"><span style=\"font-size: 12px;\"><img decoding=\"async\" class=\"lazyload HAa Eha\" style=\"border-width: 1px; border-style: solid; margin: 10px auto; display: block;\" alt=\"\" src=\"data:image\/gif;base64,R0lGODlhAQABAAAAACH5BAEKAAEALAAAAAABAAEAAAICTAEAOw==\" data-orig-src=\"https:\/\/lh6.googleusercontent.com\/-T5O6k8Cgrik\/VIgj_zDfrSI\/AAAAAAAAFzM\/2qm-XIBkM-U\/w350-h262-no\/anash2.jpg\" \/>&nbsp;&nbsp;&nbsp; <\/span><\/span><\/span><\/div>\n<\/td>\n<td>\n<div style=\"text-align: justify;\"><span style=\"color: #000000;\"><span style=\"font-family: tahoma,geneva,sans-serif;\"><span style=\"font-size: 12px;\">&nbsp;&nbsp;&nbsp; Nj\u00eb tjet\u00ebr konferenc\u00eb ishte ajo e Rinis\u00eb s\u00eb Mitropolis\u00eb s\u00eb Beratit. Rinia Orthodhokse e Mitropolis\u00eb s\u00eb Beratit ishte e ftuar edhe k\u00ebt\u00eb fundvit n\u00eb konferenc\u00ebn me tem\u00eb \u201cQ\u00ebllimi i jet\u00ebs son\u00eb\u201d, nj\u00eb aktivitet i organizuar nga Zyra Komb\u00ebtare e Rinis\u00eb Orthodhokse. Rreth 80 t\u00eb rinj t\u00eb ardhur nga shum\u00eb enori t\u00eb k\u00ebsaj dioqeze ndoq\u00ebn me entuziaz\u00ebm veprimtarit\u00eb e ndryshme shpirt\u00ebrore dhe kulturore, referatet e loj\u00ebrat sportive, ekskursionin, k\u00ebnduan e k\u00ebrcyen valle popullore. Nuk munguan bisedat shpirt\u00ebrore, t\u00eb cilat krijuan mund\u00ebsi tek t\u00eb rinjt\u00eb p\u00ebr t\u2019u njohur me nj\u00ebri-tjetrin dhe p\u00ebr t\u00eb folur rreth aspekteve t\u00eb ndryshme t\u00eb besimit.<\/span><\/span><\/span><\/div>\n<\/td>\n<\/tr>\n<tr>\n<td>\n<div>&nbsp;<\/div>\n<div style=\"text-align: justify;\"><span style=\"color: #000000;\"><span style=\"font-family: tahoma,geneva,sans-serif;\"><span style=\"font-size: 12px;\">&nbsp;&nbsp;&nbsp; Referati i par\u00eb u mbajt nga Mitropoliti i Beratit, Hir\u00ebsia e Tij Ignati, rreth q\u00ebllimit t\u00eb jet\u00ebs si t\u00eb krishter\u00eb orthodhoks\u00eb. \u201cDisa njer\u00ebz mendojn\u00eb p\u00ebr bukurin\u00eb fizike dhe p\u00ebr pasurin\u00eb. Por bukuria vyshket dhe pasuria kalbet. N\u00ebse i p\u00ebrkushtohemi t\u00ebr\u00ebsisht bot\u00ebs kemi p\u00ebr t\u00eb mbetur t\u00eb p\u00eblqyer vet\u00ebm nga bota. Nuk duhet t\u00eb harrojm\u00eb se p\u00ebr ne njer\u00ebzit ka r\u00ebnd\u00ebsi t\u00eb jemi t\u00eb p\u00eblqyer nga Per\u00ebndia\u201d,theksoi gjat\u00eb fjal\u00ebs s\u00eb tij, imzot Ignati.<br \/> <\/span><\/span><\/span><\/div>\n<div style=\"text-align: justify;\">&nbsp;<\/div>\n<div style=\"text-align: justify;\"><span style=\"color: #000000;\"><span style=\"font-family: tahoma,geneva,sans-serif;\"><span style=\"font-size: 12px;\">&nbsp;&nbsp;&nbsp; Referati i dyt\u00eb u mbajt nga drejtori i Zyr\u00ebs s\u00eb Katekizmit t\u00eb Kish\u00ebs, z. Miron \u00c7ako, i cili foli p\u00ebr misterin e Kungat\u00ebs Hyjnore. Ai u b\u00ebri thirrje t\u00eb rinjve t\u00eb parap\u00ebrgatiten p\u00ebr t\u00eb marr\u00eb Trupin dhe Gjakun e Krishtit, n\u00ebp\u00ebrmjet Kungat\u00ebs, sepse ky mister na lidh drejtp\u00ebrdrejt me Krishtin, duke u b\u00ebr\u00eb nj\u00eb me T\u00eb. K\u00ebto tema u shoq\u00ebruan me pyetje e diskutime nga vet\u00eb t\u00eb rinjt\u00eb.<\/span><\/span><\/span><\/div>\n<\/td>\n<td>\n<div><span style=\"color: #000000;\"><span style=\"font-family: tahoma,geneva,sans-serif;\"><span style=\"font-size: 12px;\"><img decoding=\"async\" class=\"lazyload HAa Eha\" style=\"border-width: 1px; border-style: solid; margin: 10px auto; display: block;\" alt=\"\" src=\"data:image\/gif;base64,R0lGODlhAQABAAAAACH5BAEKAAEALAAAAAABAAEAAAICTAEAOw==\" data-orig-src=\"https:\/\/lh3.googleusercontent.com\/-Nn-xmM-EZOA\/VIgkA-jPTHI\/AAAAAAAAFzE\/mDuKMO_3_us\/w350-h263-no\/text3.jpg\" \/><\/span><\/span><\/span><\/div>\n<\/td>\n<\/tr>\n<tr>\n<td>\n<div><span style=\"color: #000000;\"><span style=\"font-family: tahoma,geneva,sans-serif;\"><span style=\"font-size: 12px;\"><img decoding=\"async\" class=\"lazyload HAa Eha\" style=\"border-width: 1px; border-style: solid; margin: 10px auto; display: block;\" alt=\"\" src=\"data:image\/gif;base64,R0lGODlhAQABAAAAACH5BAEKAAEALAAAAAABAAEAAAICTAEAOw==\" data-orig-src=\"https:\/\/lh5.googleusercontent.com\/-XX3vgQY5VUg\/VIgj_wHMVpI\/AAAAAAAAFzQ\/TBBM8sPMcBo\/w350-h279-no\/anash3.jpg\" \/><\/span><\/span><\/span><\/div>\n<\/td>\n<td>\n<div style=\"text-align: justify;\"><span style=\"color: #000000;\"><span style=\"font-family: tahoma,geneva,sans-serif;\"><span style=\"font-size: 12px;\">&nbsp;&nbsp;&nbsp; Nd\u00ebrsa n\u00eb datat 1-3 dhjetor u zhvillua n\u00eb P\u00ebrmet Konferenca Rinore e Mitropolis\u00eb s\u00eb Gjirokastr\u00ebs, me nj\u00eb pjes\u00ebmarrje t\u00eb gjer\u00eb t\u00eb t\u00eb rinjve dhe t\u00eb rejave orthodhokse nga enorit\u00eb e k\u00ebsaj Mitropolie. Kjo konferenc\u00eb priti edhe t\u00eb rinj nga Tirana dhe Elbasani, nx\u00ebn\u00ebsit e liceut kishtar \u201cKryqi i nderuar\u201d n\u00eb Gjirokast\u00ebr dhe t\u00eb shkoll\u00ebs s\u00eb mesme n\u00eb Mesopotam t\u00eb Sarand\u00ebs,&nbsp; t\u00eb cil\u00ebt mor\u00ebn pjes\u00eb aktive n\u00eb t\u00eb gjitha veprimtarit\u00eb shpirt\u00ebrore dhe kulturore q\u00eb u organizuan gjat\u00eb tre dit\u00ebve, duke e \u00e7uar n\u00eb af\u00ebrsisht 200 numrin e pjes\u00ebmarr\u00ebsve, si rrall\u00ebher\u00eb n\u00eb t\u00eb tilla konferencat.<\/span><\/span><\/span><\/div>\n<\/td>\n<\/tr>\n<tr>\n<td>\n<div style=\"text-align: justify;\"><span style=\"color: #000000;\"><span style=\"font-family: tahoma,geneva,sans-serif;\"><span style=\"font-size: 12px;\">&nbsp;&nbsp;&nbsp; G\u00ebzimi dhe entuziazmi i t\u00eb rinjve mbushi vakuumin e k\u00ebtij qyteti t\u00eb vog\u00ebl, por shum\u00eb mikprit\u00ebs. Ashtu sikurse n\u00eb konferencat e zhvilluara edhe n\u00ebp\u00ebr dioqezat e tjera, tema ishte: \u201cQ\u00ebllimi i jet\u00ebs son\u00eb si t\u00eb krishter\u00eb orthodhoks\u00eb\u201d,&nbsp; q\u00eb u referua nga Mot\u00ebr Thekla. \u201cQ\u00ebllimi i jet\u00ebs son\u00eb gjendet brenda Shkrimit t\u00eb Shenjt\u00eb. Ne duhet t\u2019i ngjajm\u00eb Per\u00ebndis\u00eb. Kjo dhurat\u00eb lidhet ngusht\u00eb me zgjedhjen ton\u00eb, sepse q\u00ebllimi i v\u00ebrtet\u00eb \u00ebsht\u00eb Parajsa, atdheu yn\u00eb i humbur, si dhe bashkimi me Per\u00ebndin\u00eb. Bota \u00ebsht\u00eb p\u00ebr shkat\u00ebrrimin, nd\u00ebrsa ne t\u00eb krishter\u00ebt p\u00ebr pavdek\u00ebsin\u00eb\u201d \u2013 theksoi ajo.<\/span><\/span><\/span><\/div>\n<\/td>\n<td>\n<div><span style=\"color: #000000;\"><span style=\"font-family: tahoma,geneva,sans-serif;\"><span style=\"font-size: 12px;\"><img decoding=\"async\" class=\"lazyload HAa Eha\" style=\"border-width: 1px; border-style: solid; margin: 10px auto; display: block;\" alt=\"\" src=\"data:image\/gif;base64,R0lGODlhAQABAAAAACH5BAEKAAEALAAAAAABAAEAAAICTAEAOw==\" data-orig-src=\"https:\/\/lh4.googleusercontent.com\/-0XQZVhk76r4\/VIgkAdvnxrI\/AAAAAAAAFy0\/EC_kZYyjkrs\/w350-h262-no\/anash4.jpg\" \/><\/span><\/span><\/span><\/div>\n<\/td>\n<\/tr>\n<tr>\n<td colspan=\"2\">\n<div style=\"text-align: justify;\"><span style=\"color: #000000;\"><span style=\"font-family: tahoma,geneva,sans-serif;\"><span style=\"font-size: 12px;\">&nbsp;&nbsp;&nbsp;&nbsp;<br \/> &nbsp;&nbsp;&nbsp;&nbsp; Referati i dyt\u00eb u mbajt nga Z. Dhimit\u00ebr Vavakas me tem\u00ebn \u201cEnoria dhe jeta brenda saj\u201d. Referuesi u ndal n\u00eb disa nga pikat kryesore p\u00ebr m\u00ebnyr\u00ebn se si duhet t\u00eb funksionoj\u00eb nj\u00eb enori dhe \u00e7far\u00eb duhet t\u00eb b\u00ebjm\u00eb ne sot p\u00ebr ta pasuruar at\u00eb. Lutjet e p\u00ebrbashk\u00ebta ishin nj\u00eb tjet\u00ebr aktivitet i r\u00ebnd\u00ebsish\u00ebm i k\u00ebsaj konference, duke filluar me sh\u00ebrbes\u00ebn e Paraklisit t\u00eb T\u00ebr\u00ebshenjt\u00ebs Mari t\u00eb premten. T\u00eb shtun\u00ebn n\u00eb m\u00ebngjes n\u00eb kish\u00ebn e Sh\u00ebn e Premtes vazhdoi me sh\u00ebrbes\u00ebn e M\u00ebngjesores, nd\u00ebrsa n\u00eb kish\u00ebn e Sh\u00ebn Nikoll\u00ebs u zhvillua sh\u00ebrbesa e Mbr\u00ebm\u00ebsores. Loj\u00ebrat Olimpike arg\u00ebtuan t\u00eb gjith\u00eb t\u00eb rinjt\u00eb, bashk\u00eb me k\u00ebng\u00ebt e vallet karakteristike p\u00ebrmetare. T\u00eb diel\u00ebn n\u00eb m\u00ebngjes, pjes\u00ebmarr\u00ebsit e k\u00ebsaj konference ishin t\u00eb ftuar nga Mitropoliti i ri i Gjirokastr\u00ebs, Hir\u00ebsia e Tij Dhimitri p\u00ebr t\u00eb ndjekur Liturgjin\u00eb Hyjnore n\u00eb kish\u00ebn e Shp\u00ebrfytyrimit t\u00eb Zotit Krisht. N\u00eb fund t\u00eb Liturgjis\u00eb, Hir\u00ebsi Dhimitri i takoi t\u00eb gjith\u00eb t\u00eb rinjt\u00eb, duke u k\u00ebrkuar atyre t\u00eb jen\u00eb sa m\u00eb aktiv\u00eb n\u00eb veprimtarit\u00eb e Kish\u00ebs dhe t\u00eb japin kontributin e tyre p\u00ebr zhvillimin e m\u00ebtejsh\u00ebm t\u00eb saj. Kjo ishte konferenca e fundit p\u00ebr k\u00ebt\u00eb vit q\u00eb organizoi Zyra Komb\u00ebtare e Rinis\u00eb Orthodhokse n\u00eb kat\u00ebr dioqezat e Kish\u00ebs son\u00eb.<\/span><\/span><\/span><\/div>\n<div style=\"text-align: justify;\">&nbsp;<\/div>\n<div style=\"text-align: justify;\">&nbsp;<\/div>\n<div><span style=\"color: #000000;\"><span style=\"font-family: tahoma,geneva,sans-serif;\"><span style=\"font-size: 12px;\"><strong>Isidor Koti<\/strong><\/span><\/span><\/span><\/div>\n<\/td>\n<\/tr>\n<\/tbody>\n<\/table>\n","protected":false},"excerpt":{"rendered":"<p>&nbsp;&nbsp; Konferencat studentore jan\u00eb kthyer tashm\u00eb n\u00eb nj\u00eb tradit\u00eb t\u00eb pasur t\u00eb rinis\u00eb orthodhokse shqiptare. P\u00ebrmes k\u00ebtyre aktiviteteve, Kisha jon\u00eb u jep mund\u00ebsin\u00eb grupmoshave t\u00eb reja p\u00ebr t\u00eb njohur besimin orthodhoks dhe t\u00eb b\u00ebhen an\u00ebtar\u00eb t\u00eb nj\u00eb komuniteti t\u00eb madh dashurie, me Krishtin n\u00eb qend\u00ebr. Konferencat e fundvjesht\u00ebs u organizuan edhe k\u00ebt\u00eb her\u00eb nga Zyra Qendrore e Rinis\u00eb Orthodhokse dhe Qendra Studentore Orthodhokse e Qytetit<\/p>\n","protected":false},"author":1,"featured_media":0,"comment_status":"open","ping_status":"open","sticky":false,"template":"","format":"standard","meta":{"_acf_changed":false,"pagelayer_contact_templates":[],"_pagelayer_content":"","inline_featured_image":false,"fifu_image_url":"","fifu_image_alt":"","footnotes":""},"categories":[108],"tags":[148,196,212,176],"class_list":["post-766","post","type-post","status-publish","format-standard","hentry","category-lajme","tag-148","tag-tirane","tag-lajme-d27","tag-rinia-orthodhokse"],"acf":[],"yoast_head":"<!-- This site is optimized with the Yoast SEO plugin v27.2 - https:\/\/yoast.com\/product\/yoast-seo-wordpress\/ -->\n<title>Konferencat rinore t\u00eb fundvitit. (10 \u2013 12 N\u00ebntor 2006) - Kisha Orthodh\u03bfkse Autoqefale e Shqip\u00ebris\u00eb<\/title>\n<meta name=\"robots\" content=\"index, follow, max-snippet:-1, max-image-preview:large, max-video-preview:-1\" \/>\n<link rel=\"canonical\" href=\"https:\/\/orthodoxalbania.org\/2020\/2006\/02\/26\/konferencat-rinore-te-fundvitit-krishtlindje-06\/\" \/>\n<meta property=\"og:locale\" content=\"en_US\" \/>\n<meta property=\"og:type\" content=\"article\" \/>\n<meta property=\"og:title\" content=\"Konferencat rinore t\u00eb fundvitit. (10 \u2013 12 N\u00ebntor 2006) - Kisha Orthodh\u03bfkse Autoqefale e Shqip\u00ebris\u00eb\" \/>\n<meta property=\"og:description\" content=\"&nbsp;&nbsp; Konferencat studentore jan\u00eb kthyer tashm\u00eb n\u00eb nj\u00eb tradit\u00eb t\u00eb pasur t\u00eb rinis\u00eb orthodhokse shqiptare. P\u00ebrmes k\u00ebtyre aktiviteteve, Kisha jon\u00eb u jep mund\u00ebsin\u00eb grupmoshave t\u00eb reja p\u00ebr t\u00eb njohur besimin orthodhoks dhe t\u00eb b\u00ebhen an\u00ebtar\u00eb t\u00eb nj\u00eb komuniteti t\u00eb madh dashurie, me Krishtin n\u00eb qend\u00ebr. Konferencat e fundvjesht\u00ebs u organizuan edhe k\u00ebt\u00eb her\u00eb nga Zyra Qendrore e Rinis\u00eb Orthodhokse dhe Qendra Studentore Orthodhokse e Qytetit\" \/>\n<meta property=\"og:url\" content=\"https:\/\/orthodoxalbania.org\/2020\/2006\/02\/26\/konferencat-rinore-te-fundvitit-krishtlindje-06\/\" \/>\n<meta property=\"og:site_name\" content=\"Kisha Orthodh\u03bfkse Autoqefale e Shqip\u00ebris\u00eb\" \/>\n<meta property=\"article:publisher\" content=\"https:\/\/www.facebook.com\/koash1991\" \/>\n<meta property=\"article:published_time\" content=\"2006-02-26T00:00:00+00:00\" \/>\n<meta property=\"article:modified_time\" content=\"2020-04-06T20:35:59+00:00\" \/>\n<meta property=\"og:image\" content=\"https:\/\/lh4.googleusercontent.com\/-ljPjF1KhleE\/VIgkAbm4__I\/AAAAAAAAFyo\/Ws1utIC0DBE\/w350-h263-no\/text1.jpg\" \/>\n<meta name=\"author\" content=\"Kisha Orthodhokse\" \/>\n<meta name=\"twitter:card\" content=\"summary_large_image\" \/>\n<meta name=\"twitter:label1\" content=\"Written by\" \/>\n\t<meta name=\"twitter:data1\" content=\"Kisha Orthodhokse\" \/>\n\t<meta name=\"twitter:label2\" content=\"Est. reading time\" \/>\n\t<meta name=\"twitter:data2\" content=\"7 minutes\" \/>\n<script type=\"application\/ld+json\" class=\"yoast-schema-graph\">{\"@context\":\"https:\/\/schema.org\",\"@graph\":[{\"@type\":\"Article\",\"@id\":\"https:\/\/orthodoxalbania.org\/2020\/2006\/02\/26\/konferencat-rinore-te-fundvitit-krishtlindje-06\/#article\",\"isPartOf\":{\"@id\":\"https:\/\/orthodoxalbania.org\/2020\/2006\/02\/26\/konferencat-rinore-te-fundvitit-krishtlindje-06\/\"},\"author\":{\"name\":\"Kisha Orthodhokse\",\"@id\":\"https:\/\/orthodoxalbania.org\/2020\/#\/schema\/person\/0c387634a7063ac612d7ed9ce71c7e86\"},\"headline\":\"Konferencat rinore t\u00eb fundvitit. (10 \u2013 12 N\u00ebntor 2006)\",\"datePublished\":\"2006-02-26T00:00:00+00:00\",\"dateModified\":\"2020-04-06T20:35:59+00:00\",\"mainEntityOfPage\":{\"@id\":\"https:\/\/orthodoxalbania.org\/2020\/2006\/02\/26\/konferencat-rinore-te-fundvitit-krishtlindje-06\/\"},\"wordCount\":1318,\"commentCount\":0,\"publisher\":{\"@id\":\"https:\/\/orthodoxalbania.org\/2020\/#organization\"},\"image\":{\"@id\":\"https:\/\/orthodoxalbania.org\/2020\/2006\/02\/26\/konferencat-rinore-te-fundvitit-krishtlindje-06\/#primaryimage\"},\"thumbnailUrl\":\"https:\/\/lh4.googleusercontent.com\/-ljPjF1KhleE\/VIgkAbm4__I\/AAAAAAAAFyo\/Ws1utIC0DBE\/w350-h263-no\/text1.jpg\",\"keywords\":[\"2006\",\"Kryepiskopata Tiran\u00eb\",\"lajme\",\"Rinia Orthodhokse\"],\"articleSection\":[\"Lajme\"],\"inLanguage\":\"en-US\"},{\"@type\":\"WebPage\",\"@id\":\"https:\/\/orthodoxalbania.org\/2020\/2006\/02\/26\/konferencat-rinore-te-fundvitit-krishtlindje-06\/\",\"url\":\"https:\/\/orthodoxalbania.org\/2020\/2006\/02\/26\/konferencat-rinore-te-fundvitit-krishtlindje-06\/\",\"name\":\"Konferencat rinore t\u00eb fundvitit. (10 \u2013 12 N\u00ebntor 2006) - Kisha Orthodh\u03bfkse Autoqefale e Shqip\u00ebris\u00eb\",\"isPartOf\":{\"@id\":\"https:\/\/orthodoxalbania.org\/2020\/#website\"},\"primaryImageOfPage\":{\"@id\":\"https:\/\/orthodoxalbania.org\/2020\/2006\/02\/26\/konferencat-rinore-te-fundvitit-krishtlindje-06\/#primaryimage\"},\"image\":{\"@id\":\"https:\/\/orthodoxalbania.org\/2020\/2006\/02\/26\/konferencat-rinore-te-fundvitit-krishtlindje-06\/#primaryimage\"},\"thumbnailUrl\":\"https:\/\/lh4.googleusercontent.com\/-ljPjF1KhleE\/VIgkAbm4__I\/AAAAAAAAFyo\/Ws1utIC0DBE\/w350-h263-no\/text1.jpg\",\"datePublished\":\"2006-02-26T00:00:00+00:00\",\"dateModified\":\"2020-04-06T20:35:59+00:00\",\"breadcrumb\":{\"@id\":\"https:\/\/orthodoxalbania.org\/2020\/2006\/02\/26\/konferencat-rinore-te-fundvitit-krishtlindje-06\/#breadcrumb\"},\"inLanguage\":\"en-US\",\"potentialAction\":[{\"@type\":\"ReadAction\",\"target\":[\"https:\/\/orthodoxalbania.org\/2020\/2006\/02\/26\/konferencat-rinore-te-fundvitit-krishtlindje-06\/\"]}]},{\"@type\":\"ImageObject\",\"inLanguage\":\"en-US\",\"@id\":\"https:\/\/orthodoxalbania.org\/2020\/2006\/02\/26\/konferencat-rinore-te-fundvitit-krishtlindje-06\/#primaryimage\",\"url\":\"https:\/\/lh4.googleusercontent.com\/-ljPjF1KhleE\/VIgkAbm4__I\/AAAAAAAAFyo\/Ws1utIC0DBE\/w350-h263-no\/text1.jpg\",\"contentUrl\":\"https:\/\/lh4.googleusercontent.com\/-ljPjF1KhleE\/VIgkAbm4__I\/AAAAAAAAFyo\/Ws1utIC0DBE\/w350-h263-no\/text1.jpg\"},{\"@type\":\"BreadcrumbList\",\"@id\":\"https:\/\/orthodoxalbania.org\/2020\/2006\/02\/26\/konferencat-rinore-te-fundvitit-krishtlindje-06\/#breadcrumb\",\"itemListElement\":[{\"@type\":\"ListItem\",\"position\":1,\"name\":\"Home\",\"item\":\"https:\/\/orthodoxalbania.org\/2020\/\"},{\"@type\":\"ListItem\",\"position\":2,\"name\":\"Konferencat rinore t\u00eb fundvitit. (10 \u2013 12 N\u00ebntor 2006)\"}]},{\"@type\":\"WebSite\",\"@id\":\"https:\/\/orthodoxalbania.org\/2020\/#website\",\"url\":\"https:\/\/orthodoxalbania.org\/2020\/\",\"name\":\"Kisha Orthodh\u03bfkse Autoqefale e Shqip\u00ebris\u00eb\",\"description\":\"Fqja Zyrtare e Kish\u00ebs Orthodhokse Autoqefale e Shqip\u00ebris\u00eb me lajmet edhe informacionet zyrtare p\u00ebr struktur\u00ebn edhe veprimtarin e saj.\",\"publisher\":{\"@id\":\"https:\/\/orthodoxalbania.org\/2020\/#organization\"},\"potentialAction\":[{\"@type\":\"SearchAction\",\"target\":{\"@type\":\"EntryPoint\",\"urlTemplate\":\"https:\/\/orthodoxalbania.org\/2020\/?s={search_term_string}\"},\"query-input\":{\"@type\":\"PropertyValueSpecification\",\"valueRequired\":true,\"valueName\":\"search_term_string\"}}],\"inLanguage\":\"en-US\"},{\"@type\":\"Organization\",\"@id\":\"https:\/\/orthodoxalbania.org\/2020\/#organization\",\"name\":\"Kisha Orthodhokse Autoqefale e Shqip\u00ebris\u00eb\",\"url\":\"https:\/\/orthodoxalbania.org\/2020\/\",\"logo\":{\"@type\":\"ImageObject\",\"inLanguage\":\"en-US\",\"@id\":\"https:\/\/orthodoxalbania.org\/2020\/#\/schema\/logo\/image\/\",\"url\":\"https:\/\/orthodoxalbania.org\/2020\/wp-content\/uploads\/2020\/05\/albania.jpeg\",\"contentUrl\":\"https:\/\/orthodoxalbania.org\/2020\/wp-content\/uploads\/2020\/05\/albania.jpeg\",\"width\":540,\"height\":540,\"caption\":\"Kisha Orthodhokse Autoqefale e Shqip\u00ebris\u00eb\"},\"image\":{\"@id\":\"https:\/\/orthodoxalbania.org\/2020\/#\/schema\/logo\/image\/\"},\"sameAs\":[\"https:\/\/www.facebook.com\/koash1991\"]},{\"@type\":\"Person\",\"@id\":\"https:\/\/orthodoxalbania.org\/2020\/#\/schema\/person\/0c387634a7063ac612d7ed9ce71c7e86\",\"name\":\"Kisha Orthodhokse\",\"image\":{\"@type\":\"ImageObject\",\"inLanguage\":\"en-US\",\"@id\":\"https:\/\/secure.gravatar.com\/avatar\/596e7c417251e30f2fbb9c00e026fce61a695a00e51c889caded71c96cbbdde5?s=96&d=mm&r=g\",\"url\":\"https:\/\/secure.gravatar.com\/avatar\/596e7c417251e30f2fbb9c00e026fce61a695a00e51c889caded71c96cbbdde5?s=96&d=mm&r=g\",\"contentUrl\":\"https:\/\/secure.gravatar.com\/avatar\/596e7c417251e30f2fbb9c00e026fce61a695a00e51c889caded71c96cbbdde5?s=96&d=mm&r=g\",\"caption\":\"Kisha Orthodhokse\"}}]}<\/script>\n<!-- \/ Yoast SEO plugin. -->","yoast_head_json":{"title":"Konferencat rinore t\u00eb fundvitit. (10 \u2013 12 N\u00ebntor 2006) - Kisha Orthodh\u03bfkse Autoqefale e Shqip\u00ebris\u00eb","robots":{"index":"index","follow":"follow","max-snippet":"max-snippet:-1","max-image-preview":"max-image-preview:large","max-video-preview":"max-video-preview:-1"},"canonical":"https:\/\/orthodoxalbania.org\/2020\/2006\/02\/26\/konferencat-rinore-te-fundvitit-krishtlindje-06\/","og_locale":"en_US","og_type":"article","og_title":"Konferencat rinore t\u00eb fundvitit. (10 \u2013 12 N\u00ebntor 2006) - Kisha Orthodh\u03bfkse Autoqefale e Shqip\u00ebris\u00eb","og_description":"&nbsp;&nbsp; Konferencat studentore jan\u00eb kthyer tashm\u00eb n\u00eb nj\u00eb tradit\u00eb t\u00eb pasur t\u00eb rinis\u00eb orthodhokse shqiptare. P\u00ebrmes k\u00ebtyre aktiviteteve, Kisha jon\u00eb u jep mund\u00ebsin\u00eb grupmoshave t\u00eb reja p\u00ebr t\u00eb njohur besimin orthodhoks dhe t\u00eb b\u00ebhen an\u00ebtar\u00eb t\u00eb nj\u00eb komuniteti t\u00eb madh dashurie, me Krishtin n\u00eb qend\u00ebr. Konferencat e fundvjesht\u00ebs u organizuan edhe k\u00ebt\u00eb her\u00eb nga Zyra Qendrore e Rinis\u00eb Orthodhokse dhe Qendra Studentore Orthodhokse e Qytetit","og_url":"https:\/\/orthodoxalbania.org\/2020\/2006\/02\/26\/konferencat-rinore-te-fundvitit-krishtlindje-06\/","og_site_name":"Kisha Orthodh\u03bfkse Autoqefale e Shqip\u00ebris\u00eb","article_publisher":"https:\/\/www.facebook.com\/koash1991","article_published_time":"2006-02-26T00:00:00+00:00","article_modified_time":"2020-04-06T20:35:59+00:00","og_image":[{"url":"https:\/\/lh4.googleusercontent.com\/-ljPjF1KhleE\/VIgkAbm4__I\/AAAAAAAAFyo\/Ws1utIC0DBE\/w350-h263-no\/text1.jpg","type":"","width":"","height":""}],"author":"Kisha Orthodhokse","twitter_card":"summary_large_image","twitter_misc":{"Written by":"Kisha Orthodhokse","Est. reading time":"7 minutes"},"schema":{"@context":"https:\/\/schema.org","@graph":[{"@type":"Article","@id":"https:\/\/orthodoxalbania.org\/2020\/2006\/02\/26\/konferencat-rinore-te-fundvitit-krishtlindje-06\/#article","isPartOf":{"@id":"https:\/\/orthodoxalbania.org\/2020\/2006\/02\/26\/konferencat-rinore-te-fundvitit-krishtlindje-06\/"},"author":{"name":"Kisha Orthodhokse","@id":"https:\/\/orthodoxalbania.org\/2020\/#\/schema\/person\/0c387634a7063ac612d7ed9ce71c7e86"},"headline":"Konferencat rinore t\u00eb fundvitit. (10 \u2013 12 N\u00ebntor 2006)","datePublished":"2006-02-26T00:00:00+00:00","dateModified":"2020-04-06T20:35:59+00:00","mainEntityOfPage":{"@id":"https:\/\/orthodoxalbania.org\/2020\/2006\/02\/26\/konferencat-rinore-te-fundvitit-krishtlindje-06\/"},"wordCount":1318,"commentCount":0,"publisher":{"@id":"https:\/\/orthodoxalbania.org\/2020\/#organization"},"image":{"@id":"https:\/\/orthodoxalbania.org\/2020\/2006\/02\/26\/konferencat-rinore-te-fundvitit-krishtlindje-06\/#primaryimage"},"thumbnailUrl":"https:\/\/lh4.googleusercontent.com\/-ljPjF1KhleE\/VIgkAbm4__I\/AAAAAAAAFyo\/Ws1utIC0DBE\/w350-h263-no\/text1.jpg","keywords":["2006","Kryepiskopata Tiran\u00eb","lajme","Rinia Orthodhokse"],"articleSection":["Lajme"],"inLanguage":"en-US"},{"@type":"WebPage","@id":"https:\/\/orthodoxalbania.org\/2020\/2006\/02\/26\/konferencat-rinore-te-fundvitit-krishtlindje-06\/","url":"https:\/\/orthodoxalbania.org\/2020\/2006\/02\/26\/konferencat-rinore-te-fundvitit-krishtlindje-06\/","name":"Konferencat rinore t\u00eb fundvitit. (10 \u2013 12 N\u00ebntor 2006) - Kisha Orthodh\u03bfkse Autoqefale e Shqip\u00ebris\u00eb","isPartOf":{"@id":"https:\/\/orthodoxalbania.org\/2020\/#website"},"primaryImageOfPage":{"@id":"https:\/\/orthodoxalbania.org\/2020\/2006\/02\/26\/konferencat-rinore-te-fundvitit-krishtlindje-06\/#primaryimage"},"image":{"@id":"https:\/\/orthodoxalbania.org\/2020\/2006\/02\/26\/konferencat-rinore-te-fundvitit-krishtlindje-06\/#primaryimage"},"thumbnailUrl":"https:\/\/lh4.googleusercontent.com\/-ljPjF1KhleE\/VIgkAbm4__I\/AAAAAAAAFyo\/Ws1utIC0DBE\/w350-h263-no\/text1.jpg","datePublished":"2006-02-26T00:00:00+00:00","dateModified":"2020-04-06T20:35:59+00:00","breadcrumb":{"@id":"https:\/\/orthodoxalbania.org\/2020\/2006\/02\/26\/konferencat-rinore-te-fundvitit-krishtlindje-06\/#breadcrumb"},"inLanguage":"en-US","potentialAction":[{"@type":"ReadAction","target":["https:\/\/orthodoxalbania.org\/2020\/2006\/02\/26\/konferencat-rinore-te-fundvitit-krishtlindje-06\/"]}]},{"@type":"ImageObject","inLanguage":"en-US","@id":"https:\/\/orthodoxalbania.org\/2020\/2006\/02\/26\/konferencat-rinore-te-fundvitit-krishtlindje-06\/#primaryimage","url":"https:\/\/lh4.googleusercontent.com\/-ljPjF1KhleE\/VIgkAbm4__I\/AAAAAAAAFyo\/Ws1utIC0DBE\/w350-h263-no\/text1.jpg","contentUrl":"https:\/\/lh4.googleusercontent.com\/-ljPjF1KhleE\/VIgkAbm4__I\/AAAAAAAAFyo\/Ws1utIC0DBE\/w350-h263-no\/text1.jpg"},{"@type":"BreadcrumbList","@id":"https:\/\/orthodoxalbania.org\/2020\/2006\/02\/26\/konferencat-rinore-te-fundvitit-krishtlindje-06\/#breadcrumb","itemListElement":[{"@type":"ListItem","position":1,"name":"Home","item":"https:\/\/orthodoxalbania.org\/2020\/"},{"@type":"ListItem","position":2,"name":"Konferencat rinore t\u00eb fundvitit. (10 \u2013 12 N\u00ebntor 2006)"}]},{"@type":"WebSite","@id":"https:\/\/orthodoxalbania.org\/2020\/#website","url":"https:\/\/orthodoxalbania.org\/2020\/","name":"Kisha Orthodh\u03bfkse Autoqefale e Shqip\u00ebris\u00eb","description":"Fqja Zyrtare e Kish\u00ebs Orthodhokse Autoqefale e Shqip\u00ebris\u00eb me lajmet edhe informacionet zyrtare p\u00ebr struktur\u00ebn edhe veprimtarin e saj.","publisher":{"@id":"https:\/\/orthodoxalbania.org\/2020\/#organization"},"potentialAction":[{"@type":"SearchAction","target":{"@type":"EntryPoint","urlTemplate":"https:\/\/orthodoxalbania.org\/2020\/?s={search_term_string}"},"query-input":{"@type":"PropertyValueSpecification","valueRequired":true,"valueName":"search_term_string"}}],"inLanguage":"en-US"},{"@type":"Organization","@id":"https:\/\/orthodoxalbania.org\/2020\/#organization","name":"Kisha Orthodhokse Autoqefale e Shqip\u00ebris\u00eb","url":"https:\/\/orthodoxalbania.org\/2020\/","logo":{"@type":"ImageObject","inLanguage":"en-US","@id":"https:\/\/orthodoxalbania.org\/2020\/#\/schema\/logo\/image\/","url":"https:\/\/orthodoxalbania.org\/2020\/wp-content\/uploads\/2020\/05\/albania.jpeg","contentUrl":"https:\/\/orthodoxalbania.org\/2020\/wp-content\/uploads\/2020\/05\/albania.jpeg","width":540,"height":540,"caption":"Kisha Orthodhokse Autoqefale e Shqip\u00ebris\u00eb"},"image":{"@id":"https:\/\/orthodoxalbania.org\/2020\/#\/schema\/logo\/image\/"},"sameAs":["https:\/\/www.facebook.com\/koash1991"]},{"@type":"Person","@id":"https:\/\/orthodoxalbania.org\/2020\/#\/schema\/person\/0c387634a7063ac612d7ed9ce71c7e86","name":"Kisha Orthodhokse","image":{"@type":"ImageObject","inLanguage":"en-US","@id":"https:\/\/secure.gravatar.com\/avatar\/596e7c417251e30f2fbb9c00e026fce61a695a00e51c889caded71c96cbbdde5?s=96&d=mm&r=g","url":"https:\/\/secure.gravatar.com\/avatar\/596e7c417251e30f2fbb9c00e026fce61a695a00e51c889caded71c96cbbdde5?s=96&d=mm&r=g","contentUrl":"https:\/\/secure.gravatar.com\/avatar\/596e7c417251e30f2fbb9c00e026fce61a695a00e51c889caded71c96cbbdde5?s=96&d=mm&r=g","caption":"Kisha Orthodhokse"}}]}},"_links":{"self":[{"href":"https:\/\/orthodoxalbania.org\/2020\/wp-json\/wp\/v2\/posts\/766","targetHints":{"allow":["GET"]}}],"collection":[{"href":"https:\/\/orthodoxalbania.org\/2020\/wp-json\/wp\/v2\/posts"}],"about":[{"href":"https:\/\/orthodoxalbania.org\/2020\/wp-json\/wp\/v2\/types\/post"}],"author":[{"embeddable":true,"href":"https:\/\/orthodoxalbania.org\/2020\/wp-json\/wp\/v2\/users\/1"}],"replies":[{"embeddable":true,"href":"https:\/\/orthodoxalbania.org\/2020\/wp-json\/wp\/v2\/comments?post=766"}],"version-history":[{"count":1,"href":"https:\/\/orthodoxalbania.org\/2020\/wp-json\/wp\/v2\/posts\/766\/revisions"}],"predecessor-version":[{"id":15814,"href":"https:\/\/orthodoxalbania.org\/2020\/wp-json\/wp\/v2\/posts\/766\/revisions\/15814"}],"wp:attachment":[{"href":"https:\/\/orthodoxalbania.org\/2020\/wp-json\/wp\/v2\/media?parent=766"}],"wp:term":[{"taxonomy":"category","embeddable":true,"href":"https:\/\/orthodoxalbania.org\/2020\/wp-json\/wp\/v2\/categories?post=766"},{"taxonomy":"post_tag","embeddable":true,"href":"https:\/\/orthodoxalbania.org\/2020\/wp-json\/wp\/v2\/tags?post=766"}],"curies":[{"name":"wp","href":"https:\/\/api.w.org\/{rel}","templated":true}]}}