{"id":764,"date":"2007-02-26T00:00:00","date_gmt":"2007-02-26T00:00:00","guid":{"rendered":""},"modified":"2020-04-06T22:35:54","modified_gmt":"2020-04-06T20:35:54","slug":"konferenca-pas-pashkes-me-maturante-dhe-studente-maj-2007","status":"publish","type":"post","link":"https:\/\/orthodoxalbania.org\/2020\/2007\/02\/26\/konferenca-pas-pashkes-me-maturante-dhe-studente-maj-2007\/","title":{"rendered":"Konferenca pas Pashk\u00ebs me maturant\u00eb dhe student\u00eb. (Maj 2007)"},"content":{"rendered":"<div style=\"text-align: justify;\"><span style=\"color: #000000;\"><span style=\"font-family: tahoma,geneva,sans-serif;\"><span style=\"font-size: 12px;\">&nbsp;&nbsp;&nbsp; Emra dhe fytyra t\u00eb reja mes maturant\u00ebve dhe student\u00ebve orthodhoks\u00eb. Ata erdh\u00ebn me frym\u00eb t\u00eb thell\u00eb besimi dhe p\u00ebrjetimi paskal n\u00eb konferenc\u00ebn e maturant\u00ebve dhe t\u00eb student\u00ebve.<\/span><\/span><\/span><\/div>\n<div style=\"text-align: justify;\">&nbsp;<\/div>\n<div style=\"text-align: justify;\">&nbsp;<\/div>\n<table id=\"AutoNumber3\" style=\"width: 841px; height: 4233px;\" border=\"0\">\n<tbody>\n<tr>\n<td>\n<div><span style=\"color: #000000;\"><span style=\"font-family: tahoma,geneva,sans-serif;\"><span style=\"font-size: 12px;\"><img decoding=\"async\" class=\"lazyload HAa Eha\" style=\"border-width: 1px; border-style: solid; margin: 10px auto; display: block;\" alt=\"\" src=\"data:image\/gif;base64,R0lGODlhAQABAAAAACH5BAEKAAEALAAAAAABAAEAAAICTAEAOw==\" data-orig-src=\"https:\/\/lh3.googleusercontent.com\/-cnckcUMzhlU\/VIltjVu4F6I\/AAAAAAAAGWI\/fbOy9VlM15g\/w400-h300-no\/1majtas.jpg\" \/><\/span><\/span><\/span><\/div>\n<\/td>\n<td>\n<div style=\"text-align: justify;\"><span style=\"color: #000000;\"><span style=\"font-family: tahoma,geneva,sans-serif;\"><span style=\"font-size: 12px;\">&nbsp;&nbsp;&nbsp; Pjes\u00ebmarrje q\u00eb i kap\u00ebrceu parashikimet. Plot 80 maturant\u00eb dhe 120 student\u00eb shijuan tre dit\u00eb t\u00eb ve\u00e7anta n\u00eb dy jav\u00eb t\u00eb ndryshme. Nuk munguan risit\u00eb, gjith\u00e7ka e organizuar n\u00eb p\u00ebrmasat e nj\u00eb aktiviteti t\u00eb mir\u00ebfillt\u00eb dhe serioz, me program t\u00eb pasur dhe i p\u00eblqyer nga t\u00eb gjith\u00eb pjes\u00ebmarr\u00ebsit.<\/span><\/span><\/span><\/div>\n<\/td>\n<\/tr>\n<tr>\n<td>\n<div style=\"text-align: justify;\"><span style=\"color: #000000;\"><span style=\"font-family: tahoma,geneva,sans-serif;\"><span style=\"font-size: 12px;\">&nbsp;&nbsp;&nbsp; &nbsp;<\/span><\/span><\/span><\/div>\n<div style=\"text-align: justify;\"><span style=\"color: #000000;\"><span style=\"font-family: tahoma,geneva,sans-serif;\"><span style=\"font-size: 12px;\">&nbsp;&nbsp;&nbsp; Datat 4 \u2013 6 maj p\u00ebr maturant\u00ebt dhe nj\u00eb jav\u00eb m\u00eb pas 11 \u2013 13 maj p\u00ebr student\u00ebt do t\u00eb sh\u00ebnohen n\u00eb historin\u00eb e konferencave pranverore si dit\u00ebt m\u00eb t\u00eb spikatura t\u00eb k\u00ebsaj periudhe, kur t\u00eb rinjt\u00eb dhe t\u00eb rejat orthodhokse u larguan prej ritualit t\u00eb p\u00ebrditshm\u00ebris\u00eb s\u00eb studimeve, jet\u00ebs familjare ose konviktore, p\u00ebrgatitjet p\u00ebr provimet e fundit t\u00eb vitit shkollor.<\/span><\/span><\/span><\/div>\n<div style=\"text-align: justify;\">&nbsp;<\/div>\n<\/td>\n<td>\n<div><span style=\"color: #000000;\"><span style=\"font-family: tahoma,geneva,sans-serif;\"><span style=\"font-size: 12px;\"><img decoding=\"async\" class=\"lazyload HAa Eha\" style=\"border-width: 1px; border-style: solid; margin: 10px auto; display: block;\" alt=\"\" src=\"data:image\/gif;base64,R0lGODlhAQABAAAAACH5BAEKAAEALAAAAAABAAEAAAICTAEAOw==\" data-orig-src=\"https:\/\/lh3.googleusercontent.com\/-8QbCIbqBRjA\/VIltjljlSMI\/AAAAAAAAGWE\/NeZHAvG8fiU\/w400-h300-no\/2djathtas.jpg\" \/><\/span><\/span><\/span><\/div>\n<\/td>\n<\/tr>\n<tr>\n<td>\n<div><span style=\"color: #000000;\"><span style=\"font-family: tahoma,geneva,sans-serif;\"><span style=\"font-size: 12px;\"><img decoding=\"async\" class=\"lazyload HAa Eha\" style=\"border-width: 1px; border-style: solid; margin: 10px auto; display: block;\" alt=\"\" src=\"data:image\/gif;base64,R0lGODlhAQABAAAAACH5BAEKAAEALAAAAAABAAEAAAICTAEAOw==\" data-orig-src=\"https:\/\/lh4.googleusercontent.com\/-BzrQvQlgzWQ\/VIltjlNG8iI\/AAAAAAAAGVE\/HA3oRvXUae0\/w400-h300-no\/3majtas.jpg\" \/><\/span><\/span><\/span><\/div>\n<\/td>\n<td>\n<div style=\"text-align: justify;\"><span style=\"color: #000000;\"><span style=\"font-family: tahoma,geneva,sans-serif;\"><span style=\"font-size: 12px;\">&nbsp;&nbsp;&nbsp; Tre dit\u00eb n\u00eb Manastirin e Hirsh\u00ebm dhe t\u00eb bukur t\u00eb Sh\u00ebn Vlashit e g\u00ebrvisht\u00ebn monotonin\u00eb e dit\u00ebve t\u00eb zakonshme, duke sjell\u00eb nj\u00eb tjet\u00ebr p\u00ebrjetim shpirt\u00ebror dhe jet\u00eb rinore n\u00eb konferenc\u00ebn e titulluar \u201cNgjallja e Krishtit \u2013 burim jete\u201d.<\/span><\/span><\/span><\/div>\n<\/td>\n<\/tr>\n<tr>\n<td>\n<div style=\"text-align: justify;\"><span style=\"color: #000000;\"><span style=\"font-family: tahoma,geneva,sans-serif;\"><span style=\"font-size: 12px;\">&nbsp;&nbsp;&nbsp; Me t\u00eb v\u00ebrtet\u00eb, n\u00eb k\u00ebt\u00eb atmosfer\u00eb Ngjalljeje, gjall\u00ebria e maturant\u00ebve dhe e student\u00ebve e mbushi Manastirin me g\u00ebzim e dashuri v\u00ebllaz\u00ebrore mes t\u00eb rinjve dhe t\u00eb rejave q\u00eb kishin ardhur nga pothuajse t\u00eb gjitha Mitropolit\u00eb e Kish\u00ebs son\u00eb, nga qytete si: Tirana, Elbasani, Kor\u00e7a, Pogradeci, Berati, Lushnja, Gjirokastra etj.<\/span><\/span><\/span><\/div>\n<\/td>\n<td>\n<div><span style=\"color: #000000;\"><span style=\"font-family: tahoma,geneva,sans-serif;\"><span style=\"font-size: 12px;\"><img decoding=\"async\" class=\"lazyload HAa Eha\" style=\"border-width: 1px; border-style: solid; margin: 10px auto; display: block;\" alt=\"\" src=\"data:image\/gif;base64,R0lGODlhAQABAAAAACH5BAEKAAEALAAAAAABAAEAAAICTAEAOw==\" data-orig-src=\"https:\/\/lh4.googleusercontent.com\/-3s2ckcf1zgY\/VIltj8dhhwI\/AAAAAAAAGV8\/AK3bcjL0ZXg\/w400-h300-no\/4djathtas.jpg\" \/><\/span><\/span><\/span><\/div>\n<\/td>\n<\/tr>\n<tr>\n<td>\n<div><span style=\"color: #000000;\"><span style=\"font-family: tahoma,geneva,sans-serif;\"><span style=\"font-size: 12px;\">&nbsp;&nbsp;&nbsp; <img decoding=\"async\" class=\"lazyload HAa Eha\" style=\"border-width: 1px; border-style: solid; margin: 10px auto; display: block;\" alt=\"\" src=\"data:image\/gif;base64,R0lGODlhAQABAAAAACH5BAEKAAEALAAAAAABAAEAAAICTAEAOw==\" data-orig-src=\"https:\/\/lh6.googleusercontent.com\/-iZwUAK2qXcw\/VIltkLmMLDI\/AAAAAAAAGWM\/NMx-dsinNMs\/w400-h300-no\/5majtas.jpg\" \/><\/span><\/span><\/span><\/div>\n<\/td>\n<td>\n<div style=\"text-align: justify;\"><span style=\"color: #000000;\"><span style=\"font-family: tahoma,geneva,sans-serif;\"><span style=\"font-size: 12px;\">&nbsp;&nbsp;&nbsp; Gjat\u00eb konferenc\u00ebs s\u00eb gjimnazist\u00ebve programi ishte i pasur me sh\u00ebrbesa fetare, aktivitete n\u00eb grupe, loj\u00ebra t\u00eb ndryshme e konkurse. Fjal\u00ebn e mir\u00ebseardhjes e mbajti Hir\u00ebsi Nikolla, i&nbsp; cili theksoi se nevojat e Kish\u00ebs tani dhe n\u00eb t\u00eb ardhmen jan\u00eb shumta. \u201cJu jeni f\u00ebmij\u00ebt dhe bijt\u00eb e Kish\u00ebs dhe juve ju duhet t\u00eb punoni dhe t\u00eb vazhdoni vepr\u00ebn e saj\u201d.<\/span><\/span><\/span><\/div>\n<\/td>\n<\/tr>\n<tr>\n<td dir=\"ltr\">\n<div style=\"text-align: justify;\"> <span style=\"color: #000000;\"><span style=\"font-family: tahoma,geneva,sans-serif;\"><span style=\"font-size: 12px;\">&nbsp;&nbsp;&nbsp; Maturant\u00ebt ndoq\u00ebn m\u00eb v\u00ebmendje prezantimin e student\u00ebve t\u00eb Akademis\u00eb Teologjike, t\u00eb jet\u00ebs dhe veprimtarive t\u00eb saj, bashk\u00ebbiseduan me student\u00ebt. Ata mor\u00ebn ftes\u00eb p\u00ebr t\u00eb ndjekur studimet n\u00eb k\u00ebt\u00eb shkoll\u00eb, duke i sh\u00ebrbyer Krishtit dhe Kish\u00ebs dhe shum\u00eb besimtar\u00ebve e brezave t\u00eb ardhsh\u00ebm. Disa prej tyre shpreh\u00ebn interes p\u00ebr t\u00eb ndjekur studimet n\u00eb Akademi.<\/span><\/span><\/span><\/div>\n<\/td>\n<td dir=\"ltr\">\n<div><span style=\"color: #000000;\"><span style=\"font-family: tahoma,geneva,sans-serif;\"><span style=\"font-size: 12px;\"><img decoding=\"async\" class=\"lazyload HAa Eha\" style=\"border-width: 1px; border-style: solid; margin: 10px auto; display: block;\" alt=\"\" src=\"data:image\/gif;base64,R0lGODlhAQABAAAAACH5BAEKAAEALAAAAAABAAEAAAICTAEAOw==\" data-orig-src=\"https:\/\/lh4.googleusercontent.com\/-E1XcPJt68hk\/VIltkQhJAII\/AAAAAAAAGVQ\/2NBDHUqaMsY\/w400-h300-no\/6djathtas.jpg\" \/><\/span><\/span><\/span><\/div>\n<\/td>\n<\/tr>\n<tr>\n<td dir=\"ltr\">\n<div><span style=\"color: #000000;\"><span style=\"font-family: tahoma,geneva,sans-serif;\"><span style=\"font-size: 12px;\"><img decoding=\"async\" class=\"lazyload HAa Eha\" style=\"border-width: 1px; border-style: solid; margin: 10px auto; display: block;\" alt=\"\" src=\"data:image\/gif;base64,R0lGODlhAQABAAAAACH5BAEKAAEALAAAAAABAAEAAAICTAEAOw==\" data-orig-src=\"https:\/\/lh3.googleusercontent.com\/-K34CvXUMMAE\/VIltkjwldvI\/AAAAAAAAGV4\/VqA6FQnM9EU\/w300-h400-no\/7majtas.jpg\" \/><\/span><\/span><\/span><\/div>\n<\/td>\n<td dir=\"ltr\">\n<div style=\"text-align: justify;\"><span style=\"color: #000000;\"><span style=\"font-family: tahoma,geneva,sans-serif;\"><span style=\"font-size: 12px;\">&nbsp;&nbsp;&nbsp; Nd\u00ebrsa n\u00eb konferenc\u00ebn studentore, dit\u00ebn e par\u00eb student\u00ebt mor\u00ebn pjes\u00eb n\u00eb sh\u00ebrbes\u00ebn lut\u00ebsore t\u00eb Kanonit t\u00eb Pashk\u00ebs dhe d\u00ebgjuan fjal\u00ebt e mir\u00ebseardhjes t\u00eb ndihm\u00ebs drejtorit t\u00eb Akademis\u00eb Teologjike, Episkopit t\u00eb Apolonis\u00eb, Hir\u00ebsi Nikolla. Referati i par\u00eb u mbajt nga i ftuari special i konferenc\u00ebs, At\u00eb Davidi, i cili punon n\u00eb detyr\u00ebn e zv\/drejtorit t\u00eb Qendr\u00ebs Misionare n\u00eb SHBA. Ai foli p\u00ebr m\u00ebnyr\u00ebn se si duhet ta rrisim besimin te Per\u00ebndia.<\/span><\/span><\/span><\/div>\n<\/td>\n<\/tr>\n<tr>\n<td dir=\"ltr\">\n<div style=\"text-align: justify;\"><span style=\"color: #000000;\"><span style=\"font-family: tahoma,geneva,sans-serif;\"><span style=\"font-size: 12px;\">&nbsp;&nbsp;&nbsp;&nbsp; \u201cShpeshher\u00eb ne mendojm\u00eb se duhet t\u00eb punojm\u00eb shum\u00eb q\u00eb t\u00eb marrim dashurin\u00eb e Per\u00ebndis\u00eb. Nuk ka asnj\u00eb q\u00eb do ta b\u00ebj\u00eb Per\u00ebndin\u00eb ta ndaloj\u00eb k\u00ebt\u00eb dashuri. Sepse Ai \u00ebsht\u00eb dashuri dhe ju do gjithmon\u00eb. Ne duhet t\u2019i z\u00ebm\u00eb bes\u00eb. Ka gj\u00ebra q\u00eb duhen rregulluar n\u00eb jet\u00ebn ton\u00eb dhe kjo duke e pranuar dashurin\u00eb e Per\u00ebndis\u00eb\u201d \u2013 n\u00ebnvizoi At\u00eb Davidi.<\/span><\/span><\/span><\/div>\n<\/td>\n<td dir=\"ltr\">\n<div><span style=\"color: #000000;\"><span style=\"font-family: tahoma,geneva,sans-serif;\"><span style=\"font-size: 12px;\"><img decoding=\"async\" class=\"lazyload HAa Eha\" style=\"border-width: 1px; border-style: solid; margin: 10px auto; display: block;\" alt=\"\" src=\"data:image\/gif;base64,R0lGODlhAQABAAAAACH5BAEKAAEALAAAAAABAAEAAAICTAEAOw==\" data-orig-src=\"https:\/\/lh6.googleusercontent.com\/-Hzgd6INkcZ4\/VIltmOI6EFI\/AAAAAAAAGVs\/LOK4Cdhbx8w\/w400-h300-no\/pic8.jpg\" \/><\/span><\/span><\/span><\/div>\n<\/td>\n<\/tr>\n<tr>\n<td dir=\"ltr\">\n<div style=\"text-align: justify;\">&nbsp;<\/div>\n<p><span style=\"color: #000000;\"><img decoding=\"async\" class=\"lazyload HAa Eha\" style=\"border-width: 1px; border-style: solid; margin: 10px auto; display: block;\" alt=\"\" src=\"data:image\/gif;base64,R0lGODlhAQABAAAAACH5BAEKAAEALAAAAAABAAEAAAICTAEAOw==\" data-orig-src=\"https:\/\/lh3.googleusercontent.com\/-gruHc6ZAOnA\/VIltmSJeDMI\/AAAAAAAAGV0\/AxO4fTOyww0\/w400-h300-no\/pic9.jpg\" \/><\/span><\/p>\n<\/td>\n<td dir=\"ltr\">\n<div style=\"text-align: justify;\"><span style=\"color: #000000;\"><span style=\"font-family: tahoma,geneva,sans-serif;\"><span style=\"font-size: 12px;\">&nbsp;&nbsp;&nbsp; P\u00ebrmes p\u00ebrvoj\u00ebs s\u00eb tij si misionar dhe historive t\u00eb ndryshme q\u00eb flisnin n\u00eb analogji me jet\u00ebn e nj\u00eb besimtari, gjat\u00eb referatit t\u00eb par\u00eb ai p\u00ebrcolli tek student\u00ebt mesazhin e dashuris\u00eb dhe shpres\u00ebs q\u00eb burojn\u00eb nga Per\u00ebndia, t\u00eb cilat njer\u00ebzit duhet t\u2019ia besojn\u00eb gjat\u00eb gjith\u00eb jet\u00ebs s\u00eb tyre. Pas referatit, student\u00ebt u ndan\u00eb n\u00eb grupe, duke u njohur me nj\u00ebri-tjetrin dhe duke zhvilluar s\u00eb bashku biseda e loj\u00ebra t\u00eb ndryshme. N\u00eb mbr\u00ebmje u organizua nj\u00eb fest\u00eb e ve\u00e7ant\u00eb p\u00ebr nj\u00eb nga studentet pjes\u00ebmarr\u00ebse t\u00eb konferenc\u00ebs, e cila festoi 22-vjetorin mes miqve t\u00eb saj orthodhoks\u00eb.<\/span><\/span><\/span><\/div>\n<\/td>\n<\/tr>\n<tr>\n<td dir=\"ltr\">\n<div style=\"text-align: justify;\"><span style=\"color: #000000;\"><span style=\"font-family: tahoma,geneva,sans-serif;\"><span style=\"font-size: 12px;\">&nbsp;&nbsp;&nbsp; E shtuna ishte dit\u00eb e mbushur me larmi aktivitetesh. Pas Sh\u00ebrbes\u00eb s\u00eb M\u00ebngjesit, u mbajt referati i dyt\u00eb nga pedagogu i Akademis\u00eb Teologjike, z. Thoma \u00c7om\u00ebni me tem\u00ebn: \u201cRoli i rinis\u00eb n\u00eb shoq\u00ebrin\u00eb bashk\u00ebkohore\u201d. Ai tha se \u201c\u2026besimi nuk \u00ebsht\u00eb vet\u00ebm nj\u00eb \u00e7\u00ebshtje llogjike apo ndjenjash. Nj\u00eb besimtari t\u00eb cilit i mungon nj\u00ebra nga k\u00ebto t\u00eb dyja \u00ebsht\u00eb e v\u00ebshtir\u00eb q\u00eb t\u00eb jet\u00eb nj\u00eb njeri me besim. Pra neve shoq\u00ebria, na e ofron k\u00ebt\u00eb mund\u00ebsi q\u00eb t\u00eb jemi besimtar\u00eb.<\/span><\/span><\/span><\/div>\n<\/td>\n<td dir=\"ltr\">\n<div style=\"text-align: justify;\">&nbsp;<\/div>\n<p><span style=\"color: #000000;\"><img decoding=\"async\" class=\"lazyload HAa Eha\" style=\"border-width: 1px; border-style: solid; margin: 10px auto; display: block;\" alt=\"\" src=\"data:image\/gif;base64,R0lGODlhAQABAAAAACH5BAEKAAEALAAAAAABAAEAAAICTAEAOw==\" data-orig-src=\"https:\/\/lh4.googleusercontent.com\/-K1I76tLqnKA\/VIltk_Wb2KI\/AAAAAAAAGVU\/VdUckkQhHkY\/w400-h300-no\/pic10.jpg\" \/><\/span><\/p>\n<\/td>\n<\/tr>\n<tr>\n<td dir=\"ltr\">\n<div><span style=\"color: #000000;\"><span style=\"font-family: tahoma,geneva,sans-serif;\"><span style=\"font-size: 12px;\"><img decoding=\"async\" class=\"lazyload HAa Eha\" style=\"border-width: 1px; border-style: solid; margin: 10px auto; display: block;\" alt=\"\" src=\"data:image\/gif;base64,R0lGODlhAQABAAAAACH5BAEKAAEALAAAAAABAAEAAAICTAEAOw==\" data-orig-src=\"https:\/\/lh6.googleusercontent.com\/-r206WXpRQ78\/VIltlUASANI\/AAAAAAAAGVw\/RlFZ_uniNN8\/w400-h279-no\/pic11.jpg\" \/><\/span><\/span><\/span><\/div>\n<\/td>\n<td dir=\"ltr\">\n<div style=\"text-align: justify;\"><span style=\"color: #000000;\"><span style=\"font-family: tahoma,geneva,sans-serif;\"><span style=\"font-size: 12px;\">&nbsp;&nbsp;&nbsp; Roli yn\u00eb brenda n\u00eb shoq\u00ebri \u00ebsht\u00eb t\u00eb ofrojm\u00eb shpres\u00eb. Duhet t\u00eb mendojm\u00eb dhe t\u00eb marrim role brenda k\u00ebsaj shoq\u00ebrie. Edhe sikur mos t\u00eb jemi duke sh\u00ebrbyer brenda Kish\u00ebs, rolet e ndryshme q\u00eb do t\u00eb b\u00ebjm\u00eb n\u00eb shoq\u00ebri me profesionin ton\u00eb, do t\u00eb na duhet q\u00eb ta kemi n\u00eb mendje, rolin par\u00ebsor t\u00eb Per\u00ebndis\u00eb, at\u00eb q\u00eb t\u00eb duam Per\u00ebndin\u00eb dhe t\u2019i sh\u00ebrbejm\u00eb njer\u00ebzve t\u00eb tjer\u00eb.\u201d<\/span><\/span><\/span><\/div>\n<\/td>\n<\/tr>\n<tr>\n<td dir=\"ltr\">\n<div style=\"text-align: justify;\"><span style=\"color: #000000;\"><span style=\"font-family: tahoma,geneva,sans-serif;\"><span style=\"font-size: 12px;\">&nbsp;&nbsp;&nbsp; M\u00eb tej, t\u00eb ndar\u00eb n\u00eb grupe, student\u00ebt mor\u00ebn pjes\u00eb n\u00eb studimin biblik rreth lutjes s\u00eb Apostull Pavlit p\u00ebr Efesian\u00ebt. Ata mor\u00ebn pjes\u00eb aktive duke rrahur mendime dhe p\u00ebrvoja t\u00eb ndryshme nga jeta e tyre shpirt\u00ebrore dhe shoq\u00ebrore. Gjat\u00eb mesdit\u00ebs u zhvillua edhe kampionati i volejbollit, nd\u00ebrsa n\u00eb pasdite u kryen vizita baritore n\u00eb qendr\u00ebn rehabilituese t\u00eb f\u00ebmij\u00ebve handikapat\u00eb, n\u00eb 2 jetimore dhe n\u00eb spital. Student\u00ebt orthodhoks\u00eb biseduan me ta, u dhan\u00eb dhurata dhe premtuan se do t\u2019i vizitonin p\u00ebrs\u00ebri.<\/span><\/span><\/span><\/div>\n<\/td>\n<td dir=\"ltr\">\n<div><span style=\"color: #000000;\"><span style=\"font-family: tahoma,geneva,sans-serif;\"><span style=\"font-size: 12px;\"><img decoding=\"async\" class=\"lazyload HAa Eha\" style=\"border-width: 1px; border-style: solid; margin: 10px auto; display: block;\" alt=\"\" src=\"data:image\/gif;base64,R0lGODlhAQABAAAAACH5BAEKAAEALAAAAAABAAEAAAICTAEAOw==\" data-orig-src=\"https:\/\/lh4.googleusercontent.com\/-LX1hNhd4O9Q\/VIltlnf8HFI\/AAAAAAAAGVk\/i9_QqmKqiLU\/w400-h300-no\/pic12.jpg\" \/><\/span><\/span><\/span><\/div>\n<\/td>\n<\/tr>\n<tr>\n<td dir=\"ltr\" colspan=\"2\">\n<div style=\"text-align: justify;\"> <span style=\"color: #000000;\"><span style=\"font-family: tahoma,geneva,sans-serif;\"><span style=\"font-size: 12px;\">&nbsp;&nbsp;&nbsp; Pasditja vijoi me koh\u00ebn e lir\u00eb n\u00eb plazhin e Durr\u00ebsit, loj\u00ebra sportive e sh\u00ebtitje buz\u00eb detit. N\u00eb mbr\u00ebmje, student\u00ebt ndoq\u00ebn referatin e dyt\u00eb t\u00eb At\u00eb Davidit, i cili theksoi se jeta jon\u00eb \u00ebsht\u00eb nj\u00eb proces p\u00ebr t\u2019u afruar tek Per\u00ebndia. \u201c\u00c7do njeri nga ne ka t\u00eb drejta e pritshm\u00ebri n\u00eb jet\u00eb. Ungjilli na sfidon dhe na thot\u00eb se k\u00ebto t\u00eb drejta duhet t\u2019ia japim Per\u00ebndis\u00eb. A jeni t\u00eb gatsh\u00ebm t\u2019ia jepni k\u00ebt\u00eb Per\u00ebndis\u00eb? Sa her\u00eb q\u00eb shkoni drejt Altarit, ju jepni veten dhe shpresat tek Per\u00ebndia\u201d.<\/span><\/span><\/span><\/div>\n<div style=\"text-align: justify;\">&nbsp;<\/div>\n<div style=\"text-align: justify;\"><span style=\"color: #000000;\"><span style=\"font-family: tahoma,geneva,sans-serif;\"><span style=\"font-size: 12px;\">&nbsp;&nbsp;&nbsp; Dit\u00ebn e fundit t\u00eb konferenc\u00ebs, student\u00ebt mor\u00ebn pjes\u00eb n\u00eb Liturgjin\u00eb Hyjnore t\u00eb s\u00eb diel\u00ebs. Pas Liturgjis\u00eb, ata ndoq\u00ebn prezantimin e student\u00ebve t\u00eb Akademis\u00eb Teologjike, t\u00eb cil\u00ebt fol\u00ebn rreth jet\u00ebs dhe aktiviteteve t\u00eb Akademis\u00eb. Gjithashtu p\u00ebr grupet fituese t\u00eb loj\u00ebrave sportive u shp\u00ebrndan\u00eb edhe dhurata t\u00eb ve\u00e7anta, nd\u00ebrkoh\u00eb q\u00eb p\u00ebr t\u00eb gjith\u00eb pjes\u00ebmarr\u00ebsit n\u00eb konferenc\u00eb u dhurua nj\u00eb \u00e7ant\u00eb me librin e Kryepiskopit Anastas \u201cTani t\u00eb gjitha u mbush\u00ebn me drit\u00eb\u201d, nj\u00eb kryq i punuar me dor\u00eb, mesazhe paskale dhe temjan. Konferenca studentore p\u00ebrfundoi me sukses dhe student\u00ebt u larguan me mbresat m\u00eb t\u00eb mira nga aktiviteti.<\/span><\/span><\/span><\/div>\n<\/td>\n<\/tr>\n<tr>\n<td colspan=\"2\">\n<div style=\"text-align: justify;\"><span style=\"color: #000000;\"><span style=\"font-family: tahoma,geneva,sans-serif;\"><span style=\"font-size: 12px;\">&nbsp;<br \/> &nbsp;&nbsp;&nbsp;&nbsp;<\/span><\/span><\/span><\/div>\n<div dir=\"ltr\" style=\"text-align: justify;\">&nbsp;<\/div>\n<\/td>\n<\/tr>\n<tr>\n<td colspan=\"2\">\n<div style=\"text-align: justify;\"><span style=\"color: #000000;\"><span style=\"font-family: tahoma,geneva,sans-serif;\"><span style=\"font-size: 12px;\"><strong>Isidor Koti &nbsp;dhe &nbsp;Nestilda Dangaj<\/strong><\/span><\/span><\/span><\/div>\n<\/td>\n<\/tr>\n<\/tbody>\n<\/table>\n","protected":false},"excerpt":{"rendered":"<p>&nbsp;&nbsp;&nbsp; Emra dhe fytyra t\u00eb reja mes maturant\u00ebve dhe student\u00ebve orthodhoks\u00eb. Ata erdh\u00ebn me frym\u00eb t\u00eb thell\u00eb besimi dhe p\u00ebrjetimi paskal n\u00eb konferenc\u00ebn e maturant\u00ebve dhe t\u00eb student\u00ebve. &nbsp; &nbsp; &nbsp;&nbsp;&nbsp; Pjes\u00ebmarrje q\u00eb i kap\u00ebrceu parashikimet. Plot 80 maturant\u00eb dhe 120 student\u00eb shijuan tre dit\u00eb t\u00eb ve\u00e7anta n\u00eb dy jav\u00eb t\u00eb ndryshme. Nuk munguan risit\u00eb, gjith\u00e7ka e organizuar n\u00eb p\u00ebrmasat e nj\u00eb aktiviteti t\u00eb mir\u00ebfillt\u00eb<\/p>\n","protected":false},"author":1,"featured_media":0,"comment_status":"open","ping_status":"open","sticky":false,"template":"","format":"standard","meta":{"_acf_changed":false,"pagelayer_contact_templates":[],"_pagelayer_content":"","inline_featured_image":false,"fifu_image_url":"","fifu_image_alt":"","footnotes":""},"categories":[108],"tags":[147,196,212,176],"class_list":["post-764","post","type-post","status-publish","format-standard","hentry","category-lajme","tag-147","tag-tirane","tag-lajme-d27","tag-rinia-orthodhokse"],"acf":[],"yoast_head":"<!-- This site is optimized with the Yoast SEO plugin v27.2 - https:\/\/yoast.com\/product\/yoast-seo-wordpress\/ -->\n<title>Konferenca pas Pashk\u00ebs me maturant\u00eb dhe student\u00eb. (Maj 2007) - Kisha Orthodh\u03bfkse Autoqefale e Shqip\u00ebris\u00eb<\/title>\n<meta name=\"robots\" content=\"index, follow, max-snippet:-1, max-image-preview:large, max-video-preview:-1\" \/>\n<link rel=\"canonical\" href=\"https:\/\/orthodoxalbania.org\/2020\/2007\/02\/26\/konferenca-pas-pashkes-me-maturante-dhe-studente-maj-2007\/\" \/>\n<meta property=\"og:locale\" content=\"en_US\" \/>\n<meta property=\"og:type\" content=\"article\" \/>\n<meta property=\"og:title\" content=\"Konferenca pas Pashk\u00ebs me maturant\u00eb dhe student\u00eb. (Maj 2007) - Kisha Orthodh\u03bfkse Autoqefale e Shqip\u00ebris\u00eb\" \/>\n<meta property=\"og:description\" content=\"&nbsp;&nbsp;&nbsp; Emra dhe fytyra t\u00eb reja mes maturant\u00ebve dhe student\u00ebve orthodhoks\u00eb. Ata erdh\u00ebn me frym\u00eb t\u00eb thell\u00eb besimi dhe p\u00ebrjetimi paskal n\u00eb konferenc\u00ebn e maturant\u00ebve dhe t\u00eb student\u00ebve. &nbsp; &nbsp; &nbsp;&nbsp;&nbsp; Pjes\u00ebmarrje q\u00eb i kap\u00ebrceu parashikimet. Plot 80 maturant\u00eb dhe 120 student\u00eb shijuan tre dit\u00eb t\u00eb ve\u00e7anta n\u00eb dy jav\u00eb t\u00eb ndryshme. Nuk munguan risit\u00eb, gjith\u00e7ka e organizuar n\u00eb p\u00ebrmasat e nj\u00eb aktiviteti t\u00eb mir\u00ebfillt\u00eb\" \/>\n<meta property=\"og:url\" content=\"https:\/\/orthodoxalbania.org\/2020\/2007\/02\/26\/konferenca-pas-pashkes-me-maturante-dhe-studente-maj-2007\/\" \/>\n<meta property=\"og:site_name\" content=\"Kisha Orthodh\u03bfkse Autoqefale e Shqip\u00ebris\u00eb\" \/>\n<meta property=\"article:publisher\" content=\"https:\/\/www.facebook.com\/koash1991\" \/>\n<meta property=\"article:published_time\" content=\"2007-02-26T00:00:00+00:00\" \/>\n<meta property=\"article:modified_time\" content=\"2020-04-06T20:35:54+00:00\" \/>\n<meta property=\"og:image\" content=\"https:\/\/lh3.googleusercontent.com\/-cnckcUMzhlU\/VIltjVu4F6I\/AAAAAAAAGWI\/fbOy9VlM15g\/w400-h300-no\/1majtas.jpg\" \/>\n<meta name=\"author\" content=\"Kisha Orthodhokse\" \/>\n<meta name=\"twitter:card\" content=\"summary_large_image\" \/>\n<meta name=\"twitter:label1\" content=\"Written by\" \/>\n\t<meta name=\"twitter:data1\" content=\"Kisha Orthodhokse\" \/>\n\t<meta name=\"twitter:label2\" content=\"Est. reading time\" \/>\n\t<meta name=\"twitter:data2\" content=\"6 minutes\" \/>\n<script type=\"application\/ld+json\" class=\"yoast-schema-graph\">{\"@context\":\"https:\/\/schema.org\",\"@graph\":[{\"@type\":\"Article\",\"@id\":\"https:\/\/orthodoxalbania.org\/2020\/2007\/02\/26\/konferenca-pas-pashkes-me-maturante-dhe-studente-maj-2007\/#article\",\"isPartOf\":{\"@id\":\"https:\/\/orthodoxalbania.org\/2020\/2007\/02\/26\/konferenca-pas-pashkes-me-maturante-dhe-studente-maj-2007\/\"},\"author\":{\"name\":\"Kisha Orthodhokse\",\"@id\":\"https:\/\/orthodoxalbania.org\/2020\/#\/schema\/person\/0c387634a7063ac612d7ed9ce71c7e86\"},\"headline\":\"Konferenca pas Pashk\u00ebs me maturant\u00eb dhe student\u00eb. (Maj 2007)\",\"datePublished\":\"2007-02-26T00:00:00+00:00\",\"dateModified\":\"2020-04-06T20:35:54+00:00\",\"mainEntityOfPage\":{\"@id\":\"https:\/\/orthodoxalbania.org\/2020\/2007\/02\/26\/konferenca-pas-pashkes-me-maturante-dhe-studente-maj-2007\/\"},\"wordCount\":1241,\"commentCount\":0,\"publisher\":{\"@id\":\"https:\/\/orthodoxalbania.org\/2020\/#organization\"},\"image\":{\"@id\":\"https:\/\/orthodoxalbania.org\/2020\/2007\/02\/26\/konferenca-pas-pashkes-me-maturante-dhe-studente-maj-2007\/#primaryimage\"},\"thumbnailUrl\":\"https:\/\/lh3.googleusercontent.com\/-cnckcUMzhlU\/VIltjVu4F6I\/AAAAAAAAGWI\/fbOy9VlM15g\/w400-h300-no\/1majtas.jpg\",\"keywords\":[\"2007\",\"Kryepiskopata Tiran\u00eb\",\"lajme\",\"Rinia Orthodhokse\"],\"articleSection\":[\"Lajme\"],\"inLanguage\":\"en-US\"},{\"@type\":\"WebPage\",\"@id\":\"https:\/\/orthodoxalbania.org\/2020\/2007\/02\/26\/konferenca-pas-pashkes-me-maturante-dhe-studente-maj-2007\/\",\"url\":\"https:\/\/orthodoxalbania.org\/2020\/2007\/02\/26\/konferenca-pas-pashkes-me-maturante-dhe-studente-maj-2007\/\",\"name\":\"Konferenca pas Pashk\u00ebs me maturant\u00eb dhe student\u00eb. (Maj 2007) - Kisha Orthodh\u03bfkse Autoqefale e Shqip\u00ebris\u00eb\",\"isPartOf\":{\"@id\":\"https:\/\/orthodoxalbania.org\/2020\/#website\"},\"primaryImageOfPage\":{\"@id\":\"https:\/\/orthodoxalbania.org\/2020\/2007\/02\/26\/konferenca-pas-pashkes-me-maturante-dhe-studente-maj-2007\/#primaryimage\"},\"image\":{\"@id\":\"https:\/\/orthodoxalbania.org\/2020\/2007\/02\/26\/konferenca-pas-pashkes-me-maturante-dhe-studente-maj-2007\/#primaryimage\"},\"thumbnailUrl\":\"https:\/\/lh3.googleusercontent.com\/-cnckcUMzhlU\/VIltjVu4F6I\/AAAAAAAAGWI\/fbOy9VlM15g\/w400-h300-no\/1majtas.jpg\",\"datePublished\":\"2007-02-26T00:00:00+00:00\",\"dateModified\":\"2020-04-06T20:35:54+00:00\",\"breadcrumb\":{\"@id\":\"https:\/\/orthodoxalbania.org\/2020\/2007\/02\/26\/konferenca-pas-pashkes-me-maturante-dhe-studente-maj-2007\/#breadcrumb\"},\"inLanguage\":\"en-US\",\"potentialAction\":[{\"@type\":\"ReadAction\",\"target\":[\"https:\/\/orthodoxalbania.org\/2020\/2007\/02\/26\/konferenca-pas-pashkes-me-maturante-dhe-studente-maj-2007\/\"]}]},{\"@type\":\"ImageObject\",\"inLanguage\":\"en-US\",\"@id\":\"https:\/\/orthodoxalbania.org\/2020\/2007\/02\/26\/konferenca-pas-pashkes-me-maturante-dhe-studente-maj-2007\/#primaryimage\",\"url\":\"https:\/\/lh3.googleusercontent.com\/-cnckcUMzhlU\/VIltjVu4F6I\/AAAAAAAAGWI\/fbOy9VlM15g\/w400-h300-no\/1majtas.jpg\",\"contentUrl\":\"https:\/\/lh3.googleusercontent.com\/-cnckcUMzhlU\/VIltjVu4F6I\/AAAAAAAAGWI\/fbOy9VlM15g\/w400-h300-no\/1majtas.jpg\"},{\"@type\":\"BreadcrumbList\",\"@id\":\"https:\/\/orthodoxalbania.org\/2020\/2007\/02\/26\/konferenca-pas-pashkes-me-maturante-dhe-studente-maj-2007\/#breadcrumb\",\"itemListElement\":[{\"@type\":\"ListItem\",\"position\":1,\"name\":\"Home\",\"item\":\"https:\/\/orthodoxalbania.org\/2020\/\"},{\"@type\":\"ListItem\",\"position\":2,\"name\":\"Konferenca pas Pashk\u00ebs me maturant\u00eb dhe student\u00eb. (Maj 2007)\"}]},{\"@type\":\"WebSite\",\"@id\":\"https:\/\/orthodoxalbania.org\/2020\/#website\",\"url\":\"https:\/\/orthodoxalbania.org\/2020\/\",\"name\":\"Kisha Orthodh\u03bfkse Autoqefale e Shqip\u00ebris\u00eb\",\"description\":\"Fqja Zyrtare e Kish\u00ebs Orthodhokse Autoqefale e Shqip\u00ebris\u00eb me lajmet edhe informacionet zyrtare p\u00ebr struktur\u00ebn edhe veprimtarin e saj.\",\"publisher\":{\"@id\":\"https:\/\/orthodoxalbania.org\/2020\/#organization\"},\"potentialAction\":[{\"@type\":\"SearchAction\",\"target\":{\"@type\":\"EntryPoint\",\"urlTemplate\":\"https:\/\/orthodoxalbania.org\/2020\/?s={search_term_string}\"},\"query-input\":{\"@type\":\"PropertyValueSpecification\",\"valueRequired\":true,\"valueName\":\"search_term_string\"}}],\"inLanguage\":\"en-US\"},{\"@type\":\"Organization\",\"@id\":\"https:\/\/orthodoxalbania.org\/2020\/#organization\",\"name\":\"Kisha Orthodhokse Autoqefale e Shqip\u00ebris\u00eb\",\"url\":\"https:\/\/orthodoxalbania.org\/2020\/\",\"logo\":{\"@type\":\"ImageObject\",\"inLanguage\":\"en-US\",\"@id\":\"https:\/\/orthodoxalbania.org\/2020\/#\/schema\/logo\/image\/\",\"url\":\"https:\/\/orthodoxalbania.org\/2020\/wp-content\/uploads\/2020\/05\/albania.jpeg\",\"contentUrl\":\"https:\/\/orthodoxalbania.org\/2020\/wp-content\/uploads\/2020\/05\/albania.jpeg\",\"width\":540,\"height\":540,\"caption\":\"Kisha Orthodhokse Autoqefale e Shqip\u00ebris\u00eb\"},\"image\":{\"@id\":\"https:\/\/orthodoxalbania.org\/2020\/#\/schema\/logo\/image\/\"},\"sameAs\":[\"https:\/\/www.facebook.com\/koash1991\"]},{\"@type\":\"Person\",\"@id\":\"https:\/\/orthodoxalbania.org\/2020\/#\/schema\/person\/0c387634a7063ac612d7ed9ce71c7e86\",\"name\":\"Kisha Orthodhokse\",\"image\":{\"@type\":\"ImageObject\",\"inLanguage\":\"en-US\",\"@id\":\"https:\/\/secure.gravatar.com\/avatar\/596e7c417251e30f2fbb9c00e026fce61a695a00e51c889caded71c96cbbdde5?s=96&d=mm&r=g\",\"url\":\"https:\/\/secure.gravatar.com\/avatar\/596e7c417251e30f2fbb9c00e026fce61a695a00e51c889caded71c96cbbdde5?s=96&d=mm&r=g\",\"contentUrl\":\"https:\/\/secure.gravatar.com\/avatar\/596e7c417251e30f2fbb9c00e026fce61a695a00e51c889caded71c96cbbdde5?s=96&d=mm&r=g\",\"caption\":\"Kisha Orthodhokse\"}}]}<\/script>\n<!-- \/ Yoast SEO plugin. -->","yoast_head_json":{"title":"Konferenca pas Pashk\u00ebs me maturant\u00eb dhe student\u00eb. (Maj 2007) - Kisha Orthodh\u03bfkse Autoqefale e Shqip\u00ebris\u00eb","robots":{"index":"index","follow":"follow","max-snippet":"max-snippet:-1","max-image-preview":"max-image-preview:large","max-video-preview":"max-video-preview:-1"},"canonical":"https:\/\/orthodoxalbania.org\/2020\/2007\/02\/26\/konferenca-pas-pashkes-me-maturante-dhe-studente-maj-2007\/","og_locale":"en_US","og_type":"article","og_title":"Konferenca pas Pashk\u00ebs me maturant\u00eb dhe student\u00eb. (Maj 2007) - Kisha Orthodh\u03bfkse Autoqefale e Shqip\u00ebris\u00eb","og_description":"&nbsp;&nbsp;&nbsp; Emra dhe fytyra t\u00eb reja mes maturant\u00ebve dhe student\u00ebve orthodhoks\u00eb. Ata erdh\u00ebn me frym\u00eb t\u00eb thell\u00eb besimi dhe p\u00ebrjetimi paskal n\u00eb konferenc\u00ebn e maturant\u00ebve dhe t\u00eb student\u00ebve. &nbsp; &nbsp; &nbsp;&nbsp;&nbsp; Pjes\u00ebmarrje q\u00eb i kap\u00ebrceu parashikimet. Plot 80 maturant\u00eb dhe 120 student\u00eb shijuan tre dit\u00eb t\u00eb ve\u00e7anta n\u00eb dy jav\u00eb t\u00eb ndryshme. Nuk munguan risit\u00eb, gjith\u00e7ka e organizuar n\u00eb p\u00ebrmasat e nj\u00eb aktiviteti t\u00eb mir\u00ebfillt\u00eb","og_url":"https:\/\/orthodoxalbania.org\/2020\/2007\/02\/26\/konferenca-pas-pashkes-me-maturante-dhe-studente-maj-2007\/","og_site_name":"Kisha Orthodh\u03bfkse Autoqefale e Shqip\u00ebris\u00eb","article_publisher":"https:\/\/www.facebook.com\/koash1991","article_published_time":"2007-02-26T00:00:00+00:00","article_modified_time":"2020-04-06T20:35:54+00:00","og_image":[{"url":"https:\/\/lh3.googleusercontent.com\/-cnckcUMzhlU\/VIltjVu4F6I\/AAAAAAAAGWI\/fbOy9VlM15g\/w400-h300-no\/1majtas.jpg","type":"","width":"","height":""}],"author":"Kisha Orthodhokse","twitter_card":"summary_large_image","twitter_misc":{"Written by":"Kisha Orthodhokse","Est. reading time":"6 minutes"},"schema":{"@context":"https:\/\/schema.org","@graph":[{"@type":"Article","@id":"https:\/\/orthodoxalbania.org\/2020\/2007\/02\/26\/konferenca-pas-pashkes-me-maturante-dhe-studente-maj-2007\/#article","isPartOf":{"@id":"https:\/\/orthodoxalbania.org\/2020\/2007\/02\/26\/konferenca-pas-pashkes-me-maturante-dhe-studente-maj-2007\/"},"author":{"name":"Kisha Orthodhokse","@id":"https:\/\/orthodoxalbania.org\/2020\/#\/schema\/person\/0c387634a7063ac612d7ed9ce71c7e86"},"headline":"Konferenca pas Pashk\u00ebs me maturant\u00eb dhe student\u00eb. (Maj 2007)","datePublished":"2007-02-26T00:00:00+00:00","dateModified":"2020-04-06T20:35:54+00:00","mainEntityOfPage":{"@id":"https:\/\/orthodoxalbania.org\/2020\/2007\/02\/26\/konferenca-pas-pashkes-me-maturante-dhe-studente-maj-2007\/"},"wordCount":1241,"commentCount":0,"publisher":{"@id":"https:\/\/orthodoxalbania.org\/2020\/#organization"},"image":{"@id":"https:\/\/orthodoxalbania.org\/2020\/2007\/02\/26\/konferenca-pas-pashkes-me-maturante-dhe-studente-maj-2007\/#primaryimage"},"thumbnailUrl":"https:\/\/lh3.googleusercontent.com\/-cnckcUMzhlU\/VIltjVu4F6I\/AAAAAAAAGWI\/fbOy9VlM15g\/w400-h300-no\/1majtas.jpg","keywords":["2007","Kryepiskopata Tiran\u00eb","lajme","Rinia Orthodhokse"],"articleSection":["Lajme"],"inLanguage":"en-US"},{"@type":"WebPage","@id":"https:\/\/orthodoxalbania.org\/2020\/2007\/02\/26\/konferenca-pas-pashkes-me-maturante-dhe-studente-maj-2007\/","url":"https:\/\/orthodoxalbania.org\/2020\/2007\/02\/26\/konferenca-pas-pashkes-me-maturante-dhe-studente-maj-2007\/","name":"Konferenca pas Pashk\u00ebs me maturant\u00eb dhe student\u00eb. (Maj 2007) - Kisha Orthodh\u03bfkse Autoqefale e Shqip\u00ebris\u00eb","isPartOf":{"@id":"https:\/\/orthodoxalbania.org\/2020\/#website"},"primaryImageOfPage":{"@id":"https:\/\/orthodoxalbania.org\/2020\/2007\/02\/26\/konferenca-pas-pashkes-me-maturante-dhe-studente-maj-2007\/#primaryimage"},"image":{"@id":"https:\/\/orthodoxalbania.org\/2020\/2007\/02\/26\/konferenca-pas-pashkes-me-maturante-dhe-studente-maj-2007\/#primaryimage"},"thumbnailUrl":"https:\/\/lh3.googleusercontent.com\/-cnckcUMzhlU\/VIltjVu4F6I\/AAAAAAAAGWI\/fbOy9VlM15g\/w400-h300-no\/1majtas.jpg","datePublished":"2007-02-26T00:00:00+00:00","dateModified":"2020-04-06T20:35:54+00:00","breadcrumb":{"@id":"https:\/\/orthodoxalbania.org\/2020\/2007\/02\/26\/konferenca-pas-pashkes-me-maturante-dhe-studente-maj-2007\/#breadcrumb"},"inLanguage":"en-US","potentialAction":[{"@type":"ReadAction","target":["https:\/\/orthodoxalbania.org\/2020\/2007\/02\/26\/konferenca-pas-pashkes-me-maturante-dhe-studente-maj-2007\/"]}]},{"@type":"ImageObject","inLanguage":"en-US","@id":"https:\/\/orthodoxalbania.org\/2020\/2007\/02\/26\/konferenca-pas-pashkes-me-maturante-dhe-studente-maj-2007\/#primaryimage","url":"https:\/\/lh3.googleusercontent.com\/-cnckcUMzhlU\/VIltjVu4F6I\/AAAAAAAAGWI\/fbOy9VlM15g\/w400-h300-no\/1majtas.jpg","contentUrl":"https:\/\/lh3.googleusercontent.com\/-cnckcUMzhlU\/VIltjVu4F6I\/AAAAAAAAGWI\/fbOy9VlM15g\/w400-h300-no\/1majtas.jpg"},{"@type":"BreadcrumbList","@id":"https:\/\/orthodoxalbania.org\/2020\/2007\/02\/26\/konferenca-pas-pashkes-me-maturante-dhe-studente-maj-2007\/#breadcrumb","itemListElement":[{"@type":"ListItem","position":1,"name":"Home","item":"https:\/\/orthodoxalbania.org\/2020\/"},{"@type":"ListItem","position":2,"name":"Konferenca pas Pashk\u00ebs me maturant\u00eb dhe student\u00eb. (Maj 2007)"}]},{"@type":"WebSite","@id":"https:\/\/orthodoxalbania.org\/2020\/#website","url":"https:\/\/orthodoxalbania.org\/2020\/","name":"Kisha Orthodh\u03bfkse Autoqefale e Shqip\u00ebris\u00eb","description":"Fqja Zyrtare e Kish\u00ebs Orthodhokse Autoqefale e Shqip\u00ebris\u00eb me lajmet edhe informacionet zyrtare p\u00ebr struktur\u00ebn edhe veprimtarin e saj.","publisher":{"@id":"https:\/\/orthodoxalbania.org\/2020\/#organization"},"potentialAction":[{"@type":"SearchAction","target":{"@type":"EntryPoint","urlTemplate":"https:\/\/orthodoxalbania.org\/2020\/?s={search_term_string}"},"query-input":{"@type":"PropertyValueSpecification","valueRequired":true,"valueName":"search_term_string"}}],"inLanguage":"en-US"},{"@type":"Organization","@id":"https:\/\/orthodoxalbania.org\/2020\/#organization","name":"Kisha Orthodhokse Autoqefale e Shqip\u00ebris\u00eb","url":"https:\/\/orthodoxalbania.org\/2020\/","logo":{"@type":"ImageObject","inLanguage":"en-US","@id":"https:\/\/orthodoxalbania.org\/2020\/#\/schema\/logo\/image\/","url":"https:\/\/orthodoxalbania.org\/2020\/wp-content\/uploads\/2020\/05\/albania.jpeg","contentUrl":"https:\/\/orthodoxalbania.org\/2020\/wp-content\/uploads\/2020\/05\/albania.jpeg","width":540,"height":540,"caption":"Kisha Orthodhokse Autoqefale e Shqip\u00ebris\u00eb"},"image":{"@id":"https:\/\/orthodoxalbania.org\/2020\/#\/schema\/logo\/image\/"},"sameAs":["https:\/\/www.facebook.com\/koash1991"]},{"@type":"Person","@id":"https:\/\/orthodoxalbania.org\/2020\/#\/schema\/person\/0c387634a7063ac612d7ed9ce71c7e86","name":"Kisha Orthodhokse","image":{"@type":"ImageObject","inLanguage":"en-US","@id":"https:\/\/secure.gravatar.com\/avatar\/596e7c417251e30f2fbb9c00e026fce61a695a00e51c889caded71c96cbbdde5?s=96&d=mm&r=g","url":"https:\/\/secure.gravatar.com\/avatar\/596e7c417251e30f2fbb9c00e026fce61a695a00e51c889caded71c96cbbdde5?s=96&d=mm&r=g","contentUrl":"https:\/\/secure.gravatar.com\/avatar\/596e7c417251e30f2fbb9c00e026fce61a695a00e51c889caded71c96cbbdde5?s=96&d=mm&r=g","caption":"Kisha Orthodhokse"}}]}},"_links":{"self":[{"href":"https:\/\/orthodoxalbania.org\/2020\/wp-json\/wp\/v2\/posts\/764","targetHints":{"allow":["GET"]}}],"collection":[{"href":"https:\/\/orthodoxalbania.org\/2020\/wp-json\/wp\/v2\/posts"}],"about":[{"href":"https:\/\/orthodoxalbania.org\/2020\/wp-json\/wp\/v2\/types\/post"}],"author":[{"embeddable":true,"href":"https:\/\/orthodoxalbania.org\/2020\/wp-json\/wp\/v2\/users\/1"}],"replies":[{"embeddable":true,"href":"https:\/\/orthodoxalbania.org\/2020\/wp-json\/wp\/v2\/comments?post=764"}],"version-history":[{"count":1,"href":"https:\/\/orthodoxalbania.org\/2020\/wp-json\/wp\/v2\/posts\/764\/revisions"}],"predecessor-version":[{"id":15795,"href":"https:\/\/orthodoxalbania.org\/2020\/wp-json\/wp\/v2\/posts\/764\/revisions\/15795"}],"wp:attachment":[{"href":"https:\/\/orthodoxalbania.org\/2020\/wp-json\/wp\/v2\/media?parent=764"}],"wp:term":[{"taxonomy":"category","embeddable":true,"href":"https:\/\/orthodoxalbania.org\/2020\/wp-json\/wp\/v2\/categories?post=764"},{"taxonomy":"post_tag","embeddable":true,"href":"https:\/\/orthodoxalbania.org\/2020\/wp-json\/wp\/v2\/tags?post=764"}],"curies":[{"name":"wp","href":"https:\/\/api.w.org\/{rel}","templated":true}]}}