{"id":762,"date":"2013-03-20T13:09:14","date_gmt":"2013-03-20T13:09:14","guid":{"rendered":""},"modified":"2020-04-06T22:32:17","modified_gmt":"2020-04-06T20:32:17","slug":"konferenca-e-rinise-orthodhokse-te-mitropolise-se-beratit-nentor-2010","status":"publish","type":"post","link":"https:\/\/orthodoxalbania.org\/2020\/2013\/03\/20\/konferenca-e-rinise-orthodhokse-te-mitropolise-se-beratit-nentor-2010\/","title":{"rendered":"Konferenca e rinis\u00eb orthodhoks\u00eb t\u00eb Mitropolis\u00eb s\u00eb Beratit. (N\u00ebntor 2010)"},"content":{"rendered":"<div style=\"text-align: justify;\"><span style=\"color: #000000;\"><span style=\"font-family: tahoma,geneva,sans-serif;\"><span style=\"font-size: 12px;\"><span class=\"style10\"><img decoding=\"async\" class=\"lazyload HAa Eha\" style=\"height: 225px; width: 300px; border-width: 1px; border-style: solid; margin: 10px; float: left;\" alt=\"\" src=\"data:image\/gif;base64,R0lGODlhAQABAAAAACH5BAEKAAEALAAAAAABAAEAAAICTAEAOw==\" data-orig-src=\"https:\/\/lh4.googleusercontent.com\/-PxFYbXe0MQE\/VKpY-GB2Q2I\/AAAAAAAAJ1U\/VuiSg90BO-k\/w640-h480-no\/1.jpg\" \/> &nbsp; &nbsp; N\u00eb datat 20 &#8211; 21 n\u00ebntor 2010, u zhvillua n\u00eb qytetin e Vlor\u00ebs, konferenca e rinis\u00eb orthodhokse e Mitropolis\u00eb s\u00eb Beratit, q\u00eb u mbajt n\u00eb ambientet e Hotel \u201cVlora Internacional\u201d. P\u00ebr zhvillimin sa m\u00eb normal dhe komod t\u00eb k\u00ebsaj konference, duhet t\u00eb fal\u00ebnderojm\u00eb s\u00eb pari Fortlumturin\u00eb e Tij, Kryepiskopin e Tiran\u00ebs, Durr\u00ebsit dhe t\u00eb gjith\u00eb Shqip\u00ebris\u00eb, Imzot Anastasin, i cili i kushton nj\u00eb r\u00ebnd\u00ebsi t\u00eb ve\u00e7ant\u00eb edukimit shpirt\u00ebror t\u00eb rinis\u00eb son\u00eb orthodhokse, Mitropolitin e Beratit, Vlor\u00ebs, Kanin\u00ebs dhe gjith\u00eb Myzeqes\u00eb, Hir\u00ebsin\u00eb e Tij, Imzot Ignatin, q\u00eb \u00ebsht\u00eb i pranish\u00ebm me k\u00ebshillat dhe urt\u00ebsin\u00eb e tij n\u00eb \u00e7do aktivitet q\u00eb organizon rinia e Mitropolis\u00eb son\u00eb, si dhe zonj\u00ebn Vasilika Hanxhari, e cila na mir\u00ebpriti me filantropin\u00eb e saj me mjaft dashuri dhe na ofroi ambientet dhe sallat e k\u00ebtij hoteli luksoz me nj\u00eb bujari dhe kujdes t\u00eb ve\u00e7ant\u00eb.<\/span><\/span><\/span><\/span><\/div>\n<div style=\"text-align: justify;\"> <span style=\"color: #000000;\"><span style=\"font-family: tahoma,geneva,sans-serif;\"><span style=\"font-size: 12px;\"><span class=\"style13\">&nbsp;&nbsp;&nbsp; N\u00eb k\u00ebt\u00eb konferenc\u00eb mor\u00ebn pjes\u00eb rreth 80 t\u00eb rinj, gjimnazist\u00eb dhe student\u00eb, t\u00eb cil\u00ebt vinin nga rrethe t\u00eb ndryshme t\u00eb Mitropolis\u00eb son\u00eb t\u00eb Beratit. Stafi organizues i k\u00ebsaj konference: Dhjakon Nikolla Lushi, q\u00eb \u00ebsht\u00eb dhe p\u00ebrgjegj\u00ebs p\u00ebr katekizmin n\u00eb k\u00ebt\u00eb mitropoli, katekist\u00ebt: Leonidha Todri, Agustin Nako, Aurel Bardho, Sevastiani Qako dhe Gabriel Shani, dhan\u00eb kontributin e tyre p\u00ebr mbar\u00ebvajtjen e programit t\u00eb k\u00ebsaj konference.<\/span><\/span><\/span><\/span><\/div>\n<div class=\"style16\" style=\"text-align: justify;\"> <span style=\"color: #000000;\"><span style=\"font-family: tahoma,geneva,sans-serif;\"><span style=\"font-size: 12px;\"><span class=\"style13\">&nbsp;&nbsp;&nbsp; Referati i par\u00eb u mbajt nga katekistja Sevastiani Qako, e cila foli mbi tem\u00ebn: \u201cSi t\u2019i alternoj n\u00eb jet\u00ebn time t\u00eb mirat q\u00eb m\u00eb ofron bota dhe shoq\u00ebria moderne, q\u00eb t\u00eb mund t\u00eb eci n\u00eb rrug\u00ebn e drejt\u00eb t\u00eb Krishterimit\u201d. Pasdite, t\u00eb rinjt\u00eb pat\u00ebn mund\u00ebsin\u00eb t\u00eb vizitonin Sht\u00ebpin\u00eb Muze t\u00eb Shpalljes s\u00eb Pavar\u00ebsis\u00eb, ku u njoh\u00ebn m\u00eb tep\u00ebr me historin\u00eb e popullit ton\u00eb. Pas sh\u00ebrbes\u00ebs s\u00eb Mbr\u00ebm\u00ebsores, q\u00eb u mbajt n\u00eb kish\u00ebn e Sh\u00ebn Theodhor\u00ebve, t\u00eb rinjt\u00eb pjes\u00ebmarr\u00ebs ndoq\u00ebn referatin e dyt\u00eb me tem\u00eb: \u201cSi do t\u00eb besojm\u00eb po t\u00eb mos d\u00ebgjojm\u00eb?\u201d, p\u00ebrgatitur nga katekisti Leonidha Todri.&nbsp;<\/span><\/span><\/span><\/span><\/div>\n<div class=\"style16\" style=\"text-align: justify;\"> <span style=\"color: #000000;\"><span style=\"font-family: tahoma,geneva,sans-serif;\"><span style=\"font-size: 12px;\"><span class=\"style13\"><img decoding=\"async\" class=\"lazyload HAa Eha\" style=\"height: 225px; width: 300px; border-width: 1px; border-style: solid; margin: 10px; float: right;\" alt=\"\" src=\"data:image\/gif;base64,R0lGODlhAQABAAAAACH5BAEKAAEALAAAAAABAAEAAAICTAEAOw==\" data-orig-src=\"https:\/\/lh6.googleusercontent.com\/-f9lqqP9YWAI\/VKpY-CTQi9I\/AAAAAAAAJ1Q\/KdCoSbOKFkQ\/w640-h480-no\/2.jpg\" \/> &nbsp; &nbsp; T\u00eb shtun\u00ebn n\u00eb dark\u00eb, t\u00eb rinjt\u00eb pat\u00ebn bekimin e madh t\u00eb kishin mes tyre, Mitropolitin e Beratit, Hir\u00ebsin\u00eb e Tij, Imzot Ignatin, i cili mbajti referatin e tret\u00eb dhe t\u00eb fundit n\u00eb k\u00ebt\u00eb konferenc\u00eb me tem\u00eb: \u201cDilemat e njeriut n\u00eb shoq\u00ebrin\u00eb moderne\u201d. N\u00eb k\u00ebt\u00eb referat, Hir\u00ebsi Ignati iu drejtua t\u00eb rinjve duke th\u00ebn\u00eb: \u201cJetojm\u00eb n\u00eb shekullin XXI, q\u00eb \u00ebsht\u00eb nj\u00eb shekull i jasht\u00ebzakonsh\u00ebm i kultur\u00ebs teknologjike, ku t\u00eb gjitha v\u00ebrtiten me shpejt\u00ebsi marramend\u00ebse. Por, nuk duhet t\u00eb harrojm\u00eb se epoka jon\u00eb \u00ebsht\u00eb epoka e r\u00ebnies shpirt\u00ebrore dhe e materializmit, ku tronditja e vlerave t\u00eb p\u00ebrjetshme, kryengritja morale, paq\u00ebndrueshm\u00ebria dhe pasiguria mbizot\u00ebrojn\u00eb kudo.\u201d <\/span><\/span><\/span><\/span><\/div>\n<div class=\"style16\" style=\"text-align: justify;\"> <span style=\"color: #000000;\"><span style=\"font-family: tahoma,geneva,sans-serif;\"><span style=\"font-size: 12px;\"><span class=\"style13\">&nbsp;&nbsp;&nbsp; M\u00eb tej, ai theksoi se t\u00eb rinjt\u00eb rrezikohen nga udh\u00ebheq\u00ebsit e rrem\u00eb dhe largohen nga burimet jet\u00ebprur\u00ebse t\u00eb bes\u00ebs tek Per\u00ebndia dhe Tradita jon\u00eb e pasur. Sipas tij, tre faktor\u00ebt q\u00eb ndihmojn\u00eb n\u00eb k\u00ebt\u00eb orientim jan\u00eb: familja, shkolla dhe Kisha.<\/span><\/span><\/span><\/span><\/div>\n<div style=\"text-align: justify;\"> <span style=\"color: #000000;\"><span style=\"font-family: tahoma,geneva,sans-serif;\"><span style=\"font-size: 12px;\"><span class=\"style10\">&nbsp;&nbsp;&nbsp; N\u00eb p\u00ebrfundim t\u00eb referatit t\u00eb tij, Imzot Ignati tha se jo vet\u00ebm n\u00eb t\u00eb shkuar\u00ebn, por edhe sot, Kisha nuk harron detyrat e saj p\u00ebr rinin\u00eb e krishter\u00eb me predikimin, t\u00eb kremtet, meshat, misteret, let\u00ebrsin\u00eb dhe botimet e krishtera t\u00eb saj, me t\u00eb cilat forcon moralin fetar t\u00eb t\u00eb rinjve.<\/span><\/span><\/span><\/span><\/div>\n<div style=\"text-align: justify;\"> <span style=\"color: #000000;\"><span style=\"font-family: tahoma,geneva,sans-serif;\"><span style=\"font-size: 12px;\"><span class=\"style10\">&nbsp;&nbsp;&nbsp; Dit\u00ebn e diel, t\u00eb gjith\u00eb t\u00eb rinjt\u00eb pjes\u00ebmarr\u00ebs n\u00eb konferenc\u00eb, mor\u00ebn pjes\u00eb n\u00eb Liturgjin\u00eb Hyjnore q\u00eb u mbajt n\u00eb kish\u00ebn e Sh\u00ebn Theodhor\u00ebve n\u00eb Vlor\u00eb. Kjo ishte nj\u00eb dit\u00eb mjaft e ve\u00e7ant\u00eb, sepse n\u00eb k\u00ebt\u00eb dit\u00eb Kisha jon\u00eb kremton Hyrjen n\u00eb Tempull t\u00eb Hyjlind\u00ebses Mari. N\u00eb k\u00ebt\u00eb liturgji, mor\u00ebn pjes\u00eb p\u00ebrve\u00e7 Mitropolitit t\u00eb Beratit, Hir\u00ebsis\u00eb s\u00eb Tij, Imzot Ignatit dhe At\u00eb Kostandin Prifti dhe dy dhjakon\u00ebt, Nikolla Lushi dhe Anastas Vrapi. Pas p\u00ebrfundimit t\u00eb Liturgjis\u00eb Hyjnore dhe mbylljes s\u00eb programit t\u00eb konferenc\u00ebs t\u00eb gjith\u00eb u larguan me p\u00ebrshtypje nga m\u00eb t\u00eb mirat nga kjo konferenc\u00eb, e cila i ndihmoi k\u00ebta t\u00eb rinj dhe t\u00eb reja q\u00eb t\u00eb rriten edhe m\u00eb shum\u00eb n\u00eb nivelin shpirt\u00ebror t\u00eb tyre si dhe t\u00eb p\u00ebrforcojn\u00eb m\u00eb tej besimin ton\u00eb t\u00eb krishter\u00eb orthodhoks\u00eb.<br \/> &nbsp;&nbsp;&nbsp;&nbsp;&nbsp;&nbsp;&nbsp;&nbsp;&nbsp;&nbsp;&nbsp;&nbsp;&nbsp;&nbsp;&nbsp;&nbsp;&nbsp;&nbsp;&nbsp;&nbsp;&nbsp;&nbsp;&nbsp;&nbsp;&nbsp;&nbsp;&nbsp;&nbsp;&nbsp;&nbsp;&nbsp;&nbsp;&nbsp;&nbsp;&nbsp;&nbsp;&nbsp; &nbsp;&nbsp;&nbsp;&nbsp;&nbsp;&nbsp;&nbsp;&nbsp;&nbsp;&nbsp;&nbsp;&nbsp;&nbsp;&nbsp;&nbsp;&nbsp;&nbsp;&nbsp;&nbsp;&nbsp;&nbsp;&nbsp;&nbsp;&nbsp;&nbsp;&nbsp;&nbsp;&nbsp;&nbsp;&nbsp;&nbsp;&nbsp;&nbsp;&nbsp;&nbsp;&nbsp;&nbsp;&nbsp;&nbsp;&nbsp;&nbsp;&nbsp;<br \/> <strong>&nbsp;&nbsp;&nbsp;&nbsp;&nbsp;&nbsp;&nbsp;&nbsp;&nbsp;&nbsp;<\/strong><\/span><\/span><\/span><\/span><\/div>\n<div style=\"text-align: right;\">&nbsp;<\/div>\n<div style=\"text-align: right;\"><span style=\"color: #000000;\"><span style=\"font-family: tahoma,geneva,sans-serif;\"><span style=\"font-size: 12px;\"><span class=\"style10\"><strong>&nbsp; <\/strong><br \/> <strong>Agustin Nako<\/strong><\/span><\/span><\/span><\/span><\/div>\n<div style=\"text-align: right;\">&nbsp;<\/div>\n<table style=\"width: 847px; height: 1100px;\" border=\"1\">\n<tbody>\n<tr>\n<td style=\"text-align: center;\">\n<div><span style=\"color: #000000;\"><span style=\"font-family: tahoma,geneva,sans-serif;\"><span style=\"font-size: 12px;\"><img decoding=\"async\" class=\"lazyload HAa Eha\" style=\"width: 450px; margin: 10px auto; height: 338px; display: block; border: 1px solid;\" alt=\"\" src=\"data:image\/svg+xml,%3Csvg%20xmlns%3D%27http%3A%2F%2Fwww.w3.org%2F2000%2Fsvg%27%20width%3D%27450%27%20height%3D%27338%27%20viewBox%3D%270%200%20450%20338%27%3E%3Crect%20width%3D%27450%27%20height%3D%27338%27%20fill-opacity%3D%220%22%2F%3E%3C%2Fsvg%3E\" data-orig-src=\"https:\/\/lh4.googleusercontent.com\/-LdO3cBrJAnU\/VKpY-KOomkI\/AAAAAAAAJ1E\/B9pTbXmQLPM\/w640-h480-no\/3.jpg\" height=\"338px\" width=\"450px\" \/><\/span><\/span><\/span><\/div>\n<\/td>\n<td style=\"text-align: center;\">\n<div><span style=\"color: #000000;\"><span style=\"font-family: tahoma,geneva,sans-serif;\"><span style=\"font-size: 12px;\"><img decoding=\"async\" class=\"lazyload HAa Eha\" style=\"height: 338px; width: 450px; margin: 10px auto; display: block; border: 1px solid;\" alt=\"\" src=\"data:image\/svg+xml,%3Csvg%20xmlns%3D%27http%3A%2F%2Fwww.w3.org%2F2000%2Fsvg%27%20width%3D%27450%27%20height%3D%27338%27%20viewBox%3D%270%200%20450%20338%27%3E%3Crect%20width%3D%27450%27%20height%3D%27338%27%20fill-opacity%3D%220%22%2F%3E%3C%2Fsvg%3E\" data-orig-src=\"https:\/\/lh6.googleusercontent.com\/-CoBOhHhQtIk\/VKpY-iS6rnI\/AAAAAAAAJ04\/mS6Ocswf860\/w640-h480-no\/4.jpg\" height=\"338px\" width=\"450px\" \/><\/span><\/span><\/span><\/div>\n<\/td>\n<\/tr>\n<tr>\n<td style=\"text-align: center;\">\n<div><span style=\"color: #000000;\"><span style=\"font-family: tahoma,geneva,sans-serif;\"><span style=\"font-size: 12px;\"><img decoding=\"async\" class=\"lazyload HAa Eha\" style=\"height: 338px; width: 450px; margin: 10px auto; display: block; border: 1px solid;\" alt=\"\" src=\"data:image\/svg+xml,%3Csvg%20xmlns%3D%27http%3A%2F%2Fwww.w3.org%2F2000%2Fsvg%27%20width%3D%27450%27%20height%3D%27338%27%20viewBox%3D%270%200%20450%20338%27%3E%3Crect%20width%3D%27450%27%20height%3D%27338%27%20fill-opacity%3D%220%22%2F%3E%3C%2Fsvg%3E\" data-orig-src=\"https:\/\/lh5.googleusercontent.com\/-NKvam35GrEc\/VKpY-wzE5kI\/AAAAAAAAJ1Y\/TsKbXUKbtrk\/w640-h480-no\/5.jpg\" height=\"338px\" width=\"450px\" \/><\/span><\/span><\/span><\/div>\n<\/td>\n<td style=\"text-align: center;\">\n<div><span style=\"color: #000000;\"><span style=\"font-family: tahoma,geneva,sans-serif;\"><span style=\"font-size: 12px;\"><img decoding=\"async\" class=\"lazyload HAa Eha\" style=\"height: 338px; width: 450px; margin: 10px auto; display: block; border: 1px solid;\" alt=\"\" src=\"data:image\/svg+xml,%3Csvg%20xmlns%3D%27http%3A%2F%2Fwww.w3.org%2F2000%2Fsvg%27%20width%3D%27450%27%20height%3D%27338%27%20viewBox%3D%270%200%20450%20338%27%3E%3Crect%20width%3D%27450%27%20height%3D%27338%27%20fill-opacity%3D%220%22%2F%3E%3C%2Fsvg%3E\" data-orig-src=\"https:\/\/lh5.googleusercontent.com\/-H8qj0lWV3Fk\/VKpY-0PAqGI\/AAAAAAAAJ1A\/LyoeLXzIqso\/w640-h480-no\/6.jpg\" height=\"338px\" width=\"450px\" \/><\/span><\/span><\/span><\/div>\n<\/td>\n<\/tr>\n<tr>\n<td style=\"text-align: center;\">\n<div><span style=\"color: #000000;\"><span style=\"font-family: tahoma,geneva,sans-serif;\"><span style=\"font-size: 12px;\"><img decoding=\"async\" class=\"lazyload HAa Eha\" style=\"height: 338px; width: 450px; margin: 10px auto; display: block; border: 1px solid;\" alt=\"\" src=\"data:image\/svg+xml,%3Csvg%20xmlns%3D%27http%3A%2F%2Fwww.w3.org%2F2000%2Fsvg%27%20width%3D%27450%27%20height%3D%27338%27%20viewBox%3D%270%200%20450%20338%27%3E%3Crect%20width%3D%27450%27%20height%3D%27338%27%20fill-opacity%3D%220%22%2F%3E%3C%2Fsvg%3E\" data-orig-src=\"https:\/\/lh6.googleusercontent.com\/-Kkk_IwvRaZ8\/VKpY_DESyXI\/AAAAAAAAJ1I\/q3ZnBVmYg0o\/w640-h480-no\/7.jpg\" height=\"338px\" width=\"450px\" \/><\/span><\/span><\/span><\/div>\n<\/td>\n<td>\n<div>&nbsp;<\/div>\n<\/td>\n<\/tr>\n<\/tbody>\n<\/table>\n","protected":false},"excerpt":{"rendered":"<p>&nbsp; &nbsp; N\u00eb datat 20 &#8211; 21 n\u00ebntor 2010, u zhvillua n\u00eb qytetin e Vlor\u00ebs, konferenca e rinis\u00eb orthodhokse e Mitropolis\u00eb s\u00eb Beratit, q\u00eb u mbajt n\u00eb ambientet e Hotel \u201cVlora Internacional\u201d. P\u00ebr zhvillimin sa m\u00eb normal dhe komod t\u00eb k\u00ebsaj konference, duhet t\u00eb fal\u00ebnderojm\u00eb s\u00eb pari Fortlumturin\u00eb e Tij, Kryepiskopin e Tiran\u00ebs, Durr\u00ebsit dhe t\u00eb gjith\u00eb Shqip\u00ebris\u00eb, Imzot Anastasin, i cili i kushton nj\u00eb<\/p>\n","protected":false},"author":1,"featured_media":0,"comment_status":"open","ping_status":"open","sticky":false,"template":"","format":"standard","meta":{"_acf_changed":false,"pagelayer_contact_templates":[],"_pagelayer_content":"","inline_featured_image":false,"fifu_image_url":"","fifu_image_alt":"","footnotes":""},"categories":[108],"tags":[144,212,197,176],"class_list":["post-762","post","type-post","status-publish","format-standard","hentry","category-lajme","tag-144","tag-lajme-d27","tag-berat","tag-rinia-orthodhokse"],"acf":[],"yoast_head":"<!-- This site is optimized with the Yoast SEO plugin v27.2 - https:\/\/yoast.com\/product\/yoast-seo-wordpress\/ -->\n<title>Konferenca e rinis\u00eb orthodhoks\u00eb t\u00eb Mitropolis\u00eb s\u00eb Beratit. (N\u00ebntor 2010) - Kisha Orthodh\u03bfkse Autoqefale e Shqip\u00ebris\u00eb<\/title>\n<meta name=\"robots\" content=\"index, follow, max-snippet:-1, max-image-preview:large, max-video-preview:-1\" \/>\n<link rel=\"canonical\" href=\"https:\/\/orthodoxalbania.org\/2020\/2013\/03\/20\/konferenca-e-rinise-orthodhokse-te-mitropolise-se-beratit-nentor-2010\/\" \/>\n<meta property=\"og:locale\" content=\"en_US\" \/>\n<meta property=\"og:type\" content=\"article\" \/>\n<meta property=\"og:title\" content=\"Konferenca e rinis\u00eb orthodhoks\u00eb t\u00eb Mitropolis\u00eb s\u00eb Beratit. (N\u00ebntor 2010) - Kisha Orthodh\u03bfkse Autoqefale e Shqip\u00ebris\u00eb\" \/>\n<meta property=\"og:description\" content=\"&nbsp; &nbsp; N\u00eb datat 20 &#8211; 21 n\u00ebntor 2010, u zhvillua n\u00eb qytetin e Vlor\u00ebs, konferenca e rinis\u00eb orthodhokse e Mitropolis\u00eb s\u00eb Beratit, q\u00eb u mbajt n\u00eb ambientet e Hotel \u201cVlora Internacional\u201d. P\u00ebr zhvillimin sa m\u00eb normal dhe komod t\u00eb k\u00ebsaj konference, duhet t\u00eb fal\u00ebnderojm\u00eb s\u00eb pari Fortlumturin\u00eb e Tij, Kryepiskopin e Tiran\u00ebs, Durr\u00ebsit dhe t\u00eb gjith\u00eb Shqip\u00ebris\u00eb, Imzot Anastasin, i cili i kushton nj\u00eb\" \/>\n<meta property=\"og:url\" content=\"https:\/\/orthodoxalbania.org\/2020\/2013\/03\/20\/konferenca-e-rinise-orthodhokse-te-mitropolise-se-beratit-nentor-2010\/\" \/>\n<meta property=\"og:site_name\" content=\"Kisha Orthodh\u03bfkse Autoqefale e Shqip\u00ebris\u00eb\" \/>\n<meta property=\"article:publisher\" content=\"https:\/\/www.facebook.com\/koash1991\" \/>\n<meta property=\"article:published_time\" content=\"2013-03-20T13:09:14+00:00\" \/>\n<meta property=\"article:modified_time\" content=\"2020-04-06T20:32:17+00:00\" \/>\n<meta property=\"og:image\" content=\"https:\/\/lh4.googleusercontent.com\/-PxFYbXe0MQE\/VKpY-GB2Q2I\/AAAAAAAAJ1U\/VuiSg90BO-k\/w640-h480-no\/1.jpg\" \/>\n<meta name=\"author\" content=\"Kisha Orthodhokse\" \/>\n<meta name=\"twitter:card\" content=\"summary_large_image\" \/>\n<meta name=\"twitter:label1\" content=\"Written by\" \/>\n\t<meta name=\"twitter:data1\" content=\"Kisha Orthodhokse\" \/>\n\t<meta name=\"twitter:label2\" content=\"Est. reading time\" \/>\n\t<meta name=\"twitter:data2\" content=\"4 minutes\" \/>\n<script type=\"application\/ld+json\" class=\"yoast-schema-graph\">{\"@context\":\"https:\/\/schema.org\",\"@graph\":[{\"@type\":\"Article\",\"@id\":\"https:\/\/orthodoxalbania.org\/2020\/2013\/03\/20\/konferenca-e-rinise-orthodhokse-te-mitropolise-se-beratit-nentor-2010\/#article\",\"isPartOf\":{\"@id\":\"https:\/\/orthodoxalbania.org\/2020\/2013\/03\/20\/konferenca-e-rinise-orthodhokse-te-mitropolise-se-beratit-nentor-2010\/\"},\"author\":{\"name\":\"Kisha Orthodhokse\",\"@id\":\"https:\/\/orthodoxalbania.org\/2020\/#\/schema\/person\/0c387634a7063ac612d7ed9ce71c7e86\"},\"headline\":\"Konferenca e rinis\u00eb orthodhoks\u00eb t\u00eb Mitropolis\u00eb s\u00eb Beratit. (N\u00ebntor 2010)\",\"datePublished\":\"2013-03-20T13:09:14+00:00\",\"dateModified\":\"2020-04-06T20:32:17+00:00\",\"mainEntityOfPage\":{\"@id\":\"https:\/\/orthodoxalbania.org\/2020\/2013\/03\/20\/konferenca-e-rinise-orthodhokse-te-mitropolise-se-beratit-nentor-2010\/\"},\"wordCount\":849,\"commentCount\":0,\"publisher\":{\"@id\":\"https:\/\/orthodoxalbania.org\/2020\/#organization\"},\"image\":{\"@id\":\"https:\/\/orthodoxalbania.org\/2020\/2013\/03\/20\/konferenca-e-rinise-orthodhokse-te-mitropolise-se-beratit-nentor-2010\/#primaryimage\"},\"thumbnailUrl\":\"https:\/\/lh4.googleusercontent.com\/-PxFYbXe0MQE\/VKpY-GB2Q2I\/AAAAAAAAJ1U\/VuiSg90BO-k\/w640-h480-no\/1.jpg\",\"keywords\":[\"2010\",\"lajme\",\"Mitropolia Berat\",\"Rinia Orthodhokse\"],\"articleSection\":[\"Lajme\"],\"inLanguage\":\"en-US\"},{\"@type\":\"WebPage\",\"@id\":\"https:\/\/orthodoxalbania.org\/2020\/2013\/03\/20\/konferenca-e-rinise-orthodhokse-te-mitropolise-se-beratit-nentor-2010\/\",\"url\":\"https:\/\/orthodoxalbania.org\/2020\/2013\/03\/20\/konferenca-e-rinise-orthodhokse-te-mitropolise-se-beratit-nentor-2010\/\",\"name\":\"Konferenca e rinis\u00eb orthodhoks\u00eb t\u00eb Mitropolis\u00eb s\u00eb Beratit. (N\u00ebntor 2010) - Kisha Orthodh\u03bfkse Autoqefale e Shqip\u00ebris\u00eb\",\"isPartOf\":{\"@id\":\"https:\/\/orthodoxalbania.org\/2020\/#website\"},\"primaryImageOfPage\":{\"@id\":\"https:\/\/orthodoxalbania.org\/2020\/2013\/03\/20\/konferenca-e-rinise-orthodhokse-te-mitropolise-se-beratit-nentor-2010\/#primaryimage\"},\"image\":{\"@id\":\"https:\/\/orthodoxalbania.org\/2020\/2013\/03\/20\/konferenca-e-rinise-orthodhokse-te-mitropolise-se-beratit-nentor-2010\/#primaryimage\"},\"thumbnailUrl\":\"https:\/\/lh4.googleusercontent.com\/-PxFYbXe0MQE\/VKpY-GB2Q2I\/AAAAAAAAJ1U\/VuiSg90BO-k\/w640-h480-no\/1.jpg\",\"datePublished\":\"2013-03-20T13:09:14+00:00\",\"dateModified\":\"2020-04-06T20:32:17+00:00\",\"breadcrumb\":{\"@id\":\"https:\/\/orthodoxalbania.org\/2020\/2013\/03\/20\/konferenca-e-rinise-orthodhokse-te-mitropolise-se-beratit-nentor-2010\/#breadcrumb\"},\"inLanguage\":\"en-US\",\"potentialAction\":[{\"@type\":\"ReadAction\",\"target\":[\"https:\/\/orthodoxalbania.org\/2020\/2013\/03\/20\/konferenca-e-rinise-orthodhokse-te-mitropolise-se-beratit-nentor-2010\/\"]}]},{\"@type\":\"ImageObject\",\"inLanguage\":\"en-US\",\"@id\":\"https:\/\/orthodoxalbania.org\/2020\/2013\/03\/20\/konferenca-e-rinise-orthodhokse-te-mitropolise-se-beratit-nentor-2010\/#primaryimage\",\"url\":\"https:\/\/lh4.googleusercontent.com\/-PxFYbXe0MQE\/VKpY-GB2Q2I\/AAAAAAAAJ1U\/VuiSg90BO-k\/w640-h480-no\/1.jpg\",\"contentUrl\":\"https:\/\/lh4.googleusercontent.com\/-PxFYbXe0MQE\/VKpY-GB2Q2I\/AAAAAAAAJ1U\/VuiSg90BO-k\/w640-h480-no\/1.jpg\"},{\"@type\":\"BreadcrumbList\",\"@id\":\"https:\/\/orthodoxalbania.org\/2020\/2013\/03\/20\/konferenca-e-rinise-orthodhokse-te-mitropolise-se-beratit-nentor-2010\/#breadcrumb\",\"itemListElement\":[{\"@type\":\"ListItem\",\"position\":1,\"name\":\"Home\",\"item\":\"https:\/\/orthodoxalbania.org\/2020\/\"},{\"@type\":\"ListItem\",\"position\":2,\"name\":\"Konferenca e rinis\u00eb orthodhoks\u00eb t\u00eb Mitropolis\u00eb s\u00eb Beratit. (N\u00ebntor 2010)\"}]},{\"@type\":\"WebSite\",\"@id\":\"https:\/\/orthodoxalbania.org\/2020\/#website\",\"url\":\"https:\/\/orthodoxalbania.org\/2020\/\",\"name\":\"Kisha Orthodh\u03bfkse Autoqefale e Shqip\u00ebris\u00eb\",\"description\":\"Fqja Zyrtare e Kish\u00ebs Orthodhokse Autoqefale e Shqip\u00ebris\u00eb me lajmet edhe informacionet zyrtare p\u00ebr struktur\u00ebn edhe veprimtarin e saj.\",\"publisher\":{\"@id\":\"https:\/\/orthodoxalbania.org\/2020\/#organization\"},\"potentialAction\":[{\"@type\":\"SearchAction\",\"target\":{\"@type\":\"EntryPoint\",\"urlTemplate\":\"https:\/\/orthodoxalbania.org\/2020\/?s={search_term_string}\"},\"query-input\":{\"@type\":\"PropertyValueSpecification\",\"valueRequired\":true,\"valueName\":\"search_term_string\"}}],\"inLanguage\":\"en-US\"},{\"@type\":\"Organization\",\"@id\":\"https:\/\/orthodoxalbania.org\/2020\/#organization\",\"name\":\"Kisha Orthodhokse Autoqefale e Shqip\u00ebris\u00eb\",\"url\":\"https:\/\/orthodoxalbania.org\/2020\/\",\"logo\":{\"@type\":\"ImageObject\",\"inLanguage\":\"en-US\",\"@id\":\"https:\/\/orthodoxalbania.org\/2020\/#\/schema\/logo\/image\/\",\"url\":\"https:\/\/orthodoxalbania.org\/2020\/wp-content\/uploads\/2020\/05\/albania.jpeg\",\"contentUrl\":\"https:\/\/orthodoxalbania.org\/2020\/wp-content\/uploads\/2020\/05\/albania.jpeg\",\"width\":540,\"height\":540,\"caption\":\"Kisha Orthodhokse Autoqefale e Shqip\u00ebris\u00eb\"},\"image\":{\"@id\":\"https:\/\/orthodoxalbania.org\/2020\/#\/schema\/logo\/image\/\"},\"sameAs\":[\"https:\/\/www.facebook.com\/koash1991\"]},{\"@type\":\"Person\",\"@id\":\"https:\/\/orthodoxalbania.org\/2020\/#\/schema\/person\/0c387634a7063ac612d7ed9ce71c7e86\",\"name\":\"Kisha Orthodhokse\",\"image\":{\"@type\":\"ImageObject\",\"inLanguage\":\"en-US\",\"@id\":\"https:\/\/secure.gravatar.com\/avatar\/596e7c417251e30f2fbb9c00e026fce61a695a00e51c889caded71c96cbbdde5?s=96&d=mm&r=g\",\"url\":\"https:\/\/secure.gravatar.com\/avatar\/596e7c417251e30f2fbb9c00e026fce61a695a00e51c889caded71c96cbbdde5?s=96&d=mm&r=g\",\"contentUrl\":\"https:\/\/secure.gravatar.com\/avatar\/596e7c417251e30f2fbb9c00e026fce61a695a00e51c889caded71c96cbbdde5?s=96&d=mm&r=g\",\"caption\":\"Kisha Orthodhokse\"}}]}<\/script>\n<!-- \/ Yoast SEO plugin. -->","yoast_head_json":{"title":"Konferenca e rinis\u00eb orthodhoks\u00eb t\u00eb Mitropolis\u00eb s\u00eb Beratit. (N\u00ebntor 2010) - Kisha Orthodh\u03bfkse Autoqefale e Shqip\u00ebris\u00eb","robots":{"index":"index","follow":"follow","max-snippet":"max-snippet:-1","max-image-preview":"max-image-preview:large","max-video-preview":"max-video-preview:-1"},"canonical":"https:\/\/orthodoxalbania.org\/2020\/2013\/03\/20\/konferenca-e-rinise-orthodhokse-te-mitropolise-se-beratit-nentor-2010\/","og_locale":"en_US","og_type":"article","og_title":"Konferenca e rinis\u00eb orthodhoks\u00eb t\u00eb Mitropolis\u00eb s\u00eb Beratit. (N\u00ebntor 2010) - Kisha Orthodh\u03bfkse Autoqefale e Shqip\u00ebris\u00eb","og_description":"&nbsp; &nbsp; N\u00eb datat 20 &#8211; 21 n\u00ebntor 2010, u zhvillua n\u00eb qytetin e Vlor\u00ebs, konferenca e rinis\u00eb orthodhokse e Mitropolis\u00eb s\u00eb Beratit, q\u00eb u mbajt n\u00eb ambientet e Hotel \u201cVlora Internacional\u201d. P\u00ebr zhvillimin sa m\u00eb normal dhe komod t\u00eb k\u00ebsaj konference, duhet t\u00eb fal\u00ebnderojm\u00eb s\u00eb pari Fortlumturin\u00eb e Tij, Kryepiskopin e Tiran\u00ebs, Durr\u00ebsit dhe t\u00eb gjith\u00eb Shqip\u00ebris\u00eb, Imzot Anastasin, i cili i kushton nj\u00eb","og_url":"https:\/\/orthodoxalbania.org\/2020\/2013\/03\/20\/konferenca-e-rinise-orthodhokse-te-mitropolise-se-beratit-nentor-2010\/","og_site_name":"Kisha Orthodh\u03bfkse Autoqefale e Shqip\u00ebris\u00eb","article_publisher":"https:\/\/www.facebook.com\/koash1991","article_published_time":"2013-03-20T13:09:14+00:00","article_modified_time":"2020-04-06T20:32:17+00:00","og_image":[{"url":"https:\/\/lh4.googleusercontent.com\/-PxFYbXe0MQE\/VKpY-GB2Q2I\/AAAAAAAAJ1U\/VuiSg90BO-k\/w640-h480-no\/1.jpg","type":"","width":"","height":""}],"author":"Kisha Orthodhokse","twitter_card":"summary_large_image","twitter_misc":{"Written by":"Kisha Orthodhokse","Est. reading time":"4 minutes"},"schema":{"@context":"https:\/\/schema.org","@graph":[{"@type":"Article","@id":"https:\/\/orthodoxalbania.org\/2020\/2013\/03\/20\/konferenca-e-rinise-orthodhokse-te-mitropolise-se-beratit-nentor-2010\/#article","isPartOf":{"@id":"https:\/\/orthodoxalbania.org\/2020\/2013\/03\/20\/konferenca-e-rinise-orthodhokse-te-mitropolise-se-beratit-nentor-2010\/"},"author":{"name":"Kisha Orthodhokse","@id":"https:\/\/orthodoxalbania.org\/2020\/#\/schema\/person\/0c387634a7063ac612d7ed9ce71c7e86"},"headline":"Konferenca e rinis\u00eb orthodhoks\u00eb t\u00eb Mitropolis\u00eb s\u00eb Beratit. (N\u00ebntor 2010)","datePublished":"2013-03-20T13:09:14+00:00","dateModified":"2020-04-06T20:32:17+00:00","mainEntityOfPage":{"@id":"https:\/\/orthodoxalbania.org\/2020\/2013\/03\/20\/konferenca-e-rinise-orthodhokse-te-mitropolise-se-beratit-nentor-2010\/"},"wordCount":849,"commentCount":0,"publisher":{"@id":"https:\/\/orthodoxalbania.org\/2020\/#organization"},"image":{"@id":"https:\/\/orthodoxalbania.org\/2020\/2013\/03\/20\/konferenca-e-rinise-orthodhokse-te-mitropolise-se-beratit-nentor-2010\/#primaryimage"},"thumbnailUrl":"https:\/\/lh4.googleusercontent.com\/-PxFYbXe0MQE\/VKpY-GB2Q2I\/AAAAAAAAJ1U\/VuiSg90BO-k\/w640-h480-no\/1.jpg","keywords":["2010","lajme","Mitropolia Berat","Rinia Orthodhokse"],"articleSection":["Lajme"],"inLanguage":"en-US"},{"@type":"WebPage","@id":"https:\/\/orthodoxalbania.org\/2020\/2013\/03\/20\/konferenca-e-rinise-orthodhokse-te-mitropolise-se-beratit-nentor-2010\/","url":"https:\/\/orthodoxalbania.org\/2020\/2013\/03\/20\/konferenca-e-rinise-orthodhokse-te-mitropolise-se-beratit-nentor-2010\/","name":"Konferenca e rinis\u00eb orthodhoks\u00eb t\u00eb Mitropolis\u00eb s\u00eb Beratit. (N\u00ebntor 2010) - Kisha Orthodh\u03bfkse Autoqefale e Shqip\u00ebris\u00eb","isPartOf":{"@id":"https:\/\/orthodoxalbania.org\/2020\/#website"},"primaryImageOfPage":{"@id":"https:\/\/orthodoxalbania.org\/2020\/2013\/03\/20\/konferenca-e-rinise-orthodhokse-te-mitropolise-se-beratit-nentor-2010\/#primaryimage"},"image":{"@id":"https:\/\/orthodoxalbania.org\/2020\/2013\/03\/20\/konferenca-e-rinise-orthodhokse-te-mitropolise-se-beratit-nentor-2010\/#primaryimage"},"thumbnailUrl":"https:\/\/lh4.googleusercontent.com\/-PxFYbXe0MQE\/VKpY-GB2Q2I\/AAAAAAAAJ1U\/VuiSg90BO-k\/w640-h480-no\/1.jpg","datePublished":"2013-03-20T13:09:14+00:00","dateModified":"2020-04-06T20:32:17+00:00","breadcrumb":{"@id":"https:\/\/orthodoxalbania.org\/2020\/2013\/03\/20\/konferenca-e-rinise-orthodhokse-te-mitropolise-se-beratit-nentor-2010\/#breadcrumb"},"inLanguage":"en-US","potentialAction":[{"@type":"ReadAction","target":["https:\/\/orthodoxalbania.org\/2020\/2013\/03\/20\/konferenca-e-rinise-orthodhokse-te-mitropolise-se-beratit-nentor-2010\/"]}]},{"@type":"ImageObject","inLanguage":"en-US","@id":"https:\/\/orthodoxalbania.org\/2020\/2013\/03\/20\/konferenca-e-rinise-orthodhokse-te-mitropolise-se-beratit-nentor-2010\/#primaryimage","url":"https:\/\/lh4.googleusercontent.com\/-PxFYbXe0MQE\/VKpY-GB2Q2I\/AAAAAAAAJ1U\/VuiSg90BO-k\/w640-h480-no\/1.jpg","contentUrl":"https:\/\/lh4.googleusercontent.com\/-PxFYbXe0MQE\/VKpY-GB2Q2I\/AAAAAAAAJ1U\/VuiSg90BO-k\/w640-h480-no\/1.jpg"},{"@type":"BreadcrumbList","@id":"https:\/\/orthodoxalbania.org\/2020\/2013\/03\/20\/konferenca-e-rinise-orthodhokse-te-mitropolise-se-beratit-nentor-2010\/#breadcrumb","itemListElement":[{"@type":"ListItem","position":1,"name":"Home","item":"https:\/\/orthodoxalbania.org\/2020\/"},{"@type":"ListItem","position":2,"name":"Konferenca e rinis\u00eb orthodhoks\u00eb t\u00eb Mitropolis\u00eb s\u00eb Beratit. (N\u00ebntor 2010)"}]},{"@type":"WebSite","@id":"https:\/\/orthodoxalbania.org\/2020\/#website","url":"https:\/\/orthodoxalbania.org\/2020\/","name":"Kisha Orthodh\u03bfkse Autoqefale e Shqip\u00ebris\u00eb","description":"Fqja Zyrtare e Kish\u00ebs Orthodhokse Autoqefale e Shqip\u00ebris\u00eb me lajmet edhe informacionet zyrtare p\u00ebr struktur\u00ebn edhe veprimtarin e saj.","publisher":{"@id":"https:\/\/orthodoxalbania.org\/2020\/#organization"},"potentialAction":[{"@type":"SearchAction","target":{"@type":"EntryPoint","urlTemplate":"https:\/\/orthodoxalbania.org\/2020\/?s={search_term_string}"},"query-input":{"@type":"PropertyValueSpecification","valueRequired":true,"valueName":"search_term_string"}}],"inLanguage":"en-US"},{"@type":"Organization","@id":"https:\/\/orthodoxalbania.org\/2020\/#organization","name":"Kisha Orthodhokse Autoqefale e Shqip\u00ebris\u00eb","url":"https:\/\/orthodoxalbania.org\/2020\/","logo":{"@type":"ImageObject","inLanguage":"en-US","@id":"https:\/\/orthodoxalbania.org\/2020\/#\/schema\/logo\/image\/","url":"https:\/\/orthodoxalbania.org\/2020\/wp-content\/uploads\/2020\/05\/albania.jpeg","contentUrl":"https:\/\/orthodoxalbania.org\/2020\/wp-content\/uploads\/2020\/05\/albania.jpeg","width":540,"height":540,"caption":"Kisha Orthodhokse Autoqefale e Shqip\u00ebris\u00eb"},"image":{"@id":"https:\/\/orthodoxalbania.org\/2020\/#\/schema\/logo\/image\/"},"sameAs":["https:\/\/www.facebook.com\/koash1991"]},{"@type":"Person","@id":"https:\/\/orthodoxalbania.org\/2020\/#\/schema\/person\/0c387634a7063ac612d7ed9ce71c7e86","name":"Kisha Orthodhokse","image":{"@type":"ImageObject","inLanguage":"en-US","@id":"https:\/\/secure.gravatar.com\/avatar\/596e7c417251e30f2fbb9c00e026fce61a695a00e51c889caded71c96cbbdde5?s=96&d=mm&r=g","url":"https:\/\/secure.gravatar.com\/avatar\/596e7c417251e30f2fbb9c00e026fce61a695a00e51c889caded71c96cbbdde5?s=96&d=mm&r=g","contentUrl":"https:\/\/secure.gravatar.com\/avatar\/596e7c417251e30f2fbb9c00e026fce61a695a00e51c889caded71c96cbbdde5?s=96&d=mm&r=g","caption":"Kisha Orthodhokse"}}]}},"_links":{"self":[{"href":"https:\/\/orthodoxalbania.org\/2020\/wp-json\/wp\/v2\/posts\/762","targetHints":{"allow":["GET"]}}],"collection":[{"href":"https:\/\/orthodoxalbania.org\/2020\/wp-json\/wp\/v2\/posts"}],"about":[{"href":"https:\/\/orthodoxalbania.org\/2020\/wp-json\/wp\/v2\/types\/post"}],"author":[{"embeddable":true,"href":"https:\/\/orthodoxalbania.org\/2020\/wp-json\/wp\/v2\/users\/1"}],"replies":[{"embeddable":true,"href":"https:\/\/orthodoxalbania.org\/2020\/wp-json\/wp\/v2\/comments?post=762"}],"version-history":[{"count":1,"href":"https:\/\/orthodoxalbania.org\/2020\/wp-json\/wp\/v2\/posts\/762\/revisions"}],"predecessor-version":[{"id":15451,"href":"https:\/\/orthodoxalbania.org\/2020\/wp-json\/wp\/v2\/posts\/762\/revisions\/15451"}],"wp:attachment":[{"href":"https:\/\/orthodoxalbania.org\/2020\/wp-json\/wp\/v2\/media?parent=762"}],"wp:term":[{"taxonomy":"category","embeddable":true,"href":"https:\/\/orthodoxalbania.org\/2020\/wp-json\/wp\/v2\/categories?post=762"},{"taxonomy":"post_tag","embeddable":true,"href":"https:\/\/orthodoxalbania.org\/2020\/wp-json\/wp\/v2\/tags?post=762"}],"curies":[{"name":"wp","href":"https:\/\/api.w.org\/{rel}","templated":true}]}}