{"id":761,"date":"2008-02-26T00:00:00","date_gmt":"2008-02-26T00:00:00","guid":{"rendered":""},"modified":"2020-04-06T22:35:29","modified_gmt":"2020-04-06T20:35:29","slug":"koncert-per-krishtlindje-i-korit-joan-kukuzeli-2008","status":"publish","type":"post","link":"https:\/\/orthodoxalbania.org\/2020\/2008\/02\/26\/koncert-per-krishtlindje-i-korit-joan-kukuzeli-2008\/","title":{"rendered":"Koncert p\u00ebr Krishtlindje i korit \u201cJoan Kukuzeli\u201d. (2008)"},"content":{"rendered":"<div>\n<p class=\"style15\"><span style=\"color: #000000;\"><span style=\"font-family: tahoma,geneva,sans-serif;\"><span style=\"font-size: 12px;\"><img decoding=\"async\" class=\"lazyload HAa Eha\" style=\"border-width: 1px; border-style: solid; margin: 10px; float: left;\" alt=\"\" src=\"data:image\/svg+xml,%3Csvg%20xmlns%3D%27http%3A%2F%2Fwww.w3.org%2F2000%2Fsvg%27%20width%3D%27265%27%20height%3D%27199%27%20viewBox%3D%270%200%20265%20199%27%3E%3Crect%20width%3D%27265%27%20height%3D%27199%27%20fill-opacity%3D%220%22%2F%3E%3C%2Fsvg%3E\" data-orig-src=\"https:\/\/lh6.googleusercontent.com\/-v4CVwIj0fcI\/VJF7voK186I\/AAAAAAAAIPc\/cNhxJx3SP2A\/w448-h336-no\/1.jpg\" height=\"199\" width=\"265\" \/>&nbsp;&nbsp;&nbsp; Pasuria e thesarit estetik dhe, kryesisht, shpirt\u00ebror i Muzik\u00ebs Kishtare u p\u00ebrcoll me sukses gjat\u00eb periudh\u00ebs p\u00ebrgatitore t\u00eb Krishtlindjes, n\u00eb nj\u00eb koncert me titull \u201c\u00c7\u2019t\u00eb t\u00eb blatojm\u00eb o Krisht, q\u00eb u duke mbi dh\u00e9!\u201d, nga kori kishtar bizantin \u201cJoan Kukuzeli\u201d. Koncerti \u201cudh\u00ebtoi\u201d n\u00eb disa qytete si: Kavaj\u00eb, Vlor\u00eb, Fier dhe Berat, duke u pritur me dashamir\u00ebsi nga besimtar\u00ebt orthodhoks\u00eb dhe kultur\u00ebdash\u00ebsit e k\u00ebtyre enorive.<\/p>\n<p> &nbsp;&nbsp;&nbsp; M\u00eb dat\u00eb 22 dhjetor, kori dha koncert edhe n\u00eb sall\u00ebn e Muzeut Historik Komb\u00ebtar, n\u00eb Tiran\u00eb, ku mes pjes\u00ebmarr\u00ebsve ishin edhe Fortlumturia e Tij, Kryepiskopi Anastas, Episkopi i Apollonis\u00eb, imzot Nikolla, Episkopi i Kruj\u00ebs, imzot Andoni, si edhe klerik\u00eb t\u00eb tjer\u00eb, besimtar\u00eb dhe artdash\u00ebs t\u00eb kryeqytetit.<\/p>\n<p> <img decoding=\"async\" class=\"lazyload HAa Eha\" style=\"border-width: 1px; border-style: solid; margin: 10px; float: right;\" alt=\"\" src=\"data:image\/svg+xml,%3Csvg%20xmlns%3D%27http%3A%2F%2Fwww.w3.org%2F2000%2Fsvg%27%20width%3D%27254%27%20height%3D%27143%27%20viewBox%3D%270%200%20254%20143%27%3E%3Crect%20width%3D%27254%27%20height%3D%27143%27%20fill-opacity%3D%220%22%2F%3E%3C%2Fsvg%3E\" data-orig-src=\"https:\/\/lh5.googleusercontent.com\/-FKmEiMINnAM\/VJF7vlmFIaI\/AAAAAAAAIPg\/0vvd80RNW74\/w448-h252-no\/2.jpg\" height=\"143\" width=\"254\" \/>&nbsp;&nbsp;&nbsp; \u201cPsalim p\u00ebr Krishtlindjen, pasi kur ndodhi ajo psal\u00ebn edhe engj\u00ebjt, gj\u00eb unike midis festave t\u00eb m\u00ebdha! Psal\u00ebn himnin e g\u00ebzuesh\u00ebm p\u00ebr bot\u00ebn e t\u00ebr\u00eb &#8211; <em>\u201cLavdi Per\u00ebndis\u00eb q\u00eb \u00ebsht\u00eb n\u00eb m\u00eb t\u00eb lartat dhe mbi dhen\u00eb paqe dhe mbi njer\u00ebzit mir\u00ebdashje.\u201d<\/em> \u2013 u tha gjat\u00eb programit nga prezantuesi i korit. Koncerti kishte si q\u00ebllim t\u00eb jepte nj\u00eb shijim t\u00eb vog\u00ebl nga pasuria e thesarit muzikor t\u00eb Orthodhoksis\u00eb, t\u00eb cil\u00ebt diktator\u00ebt dhe ateist\u00ebt e shk\u00ebput\u00ebn nga populli n\u00eb m\u00ebnyr\u00eb barbare dhe brutale nga rr\u00ebnj\u00ebt e tij shpirt\u00ebrore dhe kulturore, ndaj dhe Muzika Bizantine, e mrekullueshme dhe qiellore, sot nuk \u00ebsht\u00eb mjaft e njohur.<\/p>\n<p> &nbsp;&nbsp;&nbsp; Programi nisi si tek Sh\u00ebrbesa e Mbr\u00ebm\u00ebsores, <em>\u201cO Zot thirra tek ty\u201d (Psalmi 140)<\/em> dhe pastaj me tropare tep\u00ebr t\u00eb bukur dhe vijoi p\u00ebr rreth 90 minuta, duke u mbyllur me vargjet nga Polielei <em>\u201cLavd\u00ebroni Zotin\u201d (Psalmi 135).<\/em><\/p>\n<p> <img decoding=\"async\" class=\"lazyload HAa Eha\" style=\"border-width: 1px; border-style: solid; margin: 10px; float: left;\" alt=\"\" src=\"data:image\/svg+xml,%3Csvg%20xmlns%3D%27http%3A%2F%2Fwww.w3.org%2F2000%2Fsvg%27%20width%3D%27250%27%20height%3D%27142%27%20viewBox%3D%270%200%20250%20142%27%3E%3Crect%20width%3D%27250%27%20height%3D%27142%27%20fill-opacity%3D%220%22%2F%3E%3C%2Fsvg%3E\" data-orig-src=\"https:\/\/lh5.googleusercontent.com\/-_reuuu8OZsM\/VJF7vjO7O7I\/AAAAAAAAIPY\/wPgNAFPQOj4\/w448-h252-no\/3.jpg\" height=\"142\" width=\"250\" \/>&nbsp;&nbsp;&nbsp; Kori kishtar bizantin \u201cJoan Kukuzeli\u201d, i Kish\u00ebs Orthodhokse Autoqefale t\u00eb Shqip\u00ebris\u00eb u formua n\u00eb Tiran\u00eb, n\u00eb vitin 1995. Pjes\u00ebmarr\u00ebs n\u00eb t\u00eb jan\u00eb kryesisht t\u00eb rinj orthodhoks\u00eb, t\u00eb cil\u00ebt kan\u00eb mbaruar Akademin\u00eb Teologjike \u201cNgjallja e Krishtit\u201d, n\u00eb Sh\u00ebn Vlash, Durr\u00ebs, apo kurset e her\u00ebpashershme t\u00eb muzik\u00ebs bizantine n\u00eb Tiran\u00eb. Kat\u00ebr nga ata kan\u00eb mbaruar studime p\u00ebr muzik\u00eb bizantine jasht\u00eb vendit.<\/p>\n<p> &nbsp;&nbsp;&nbsp; Drejtues dhe themelues i korit \u00ebsht\u00eb At\u00eb Justini, murg-prift nga Mali i Shenjt\u00eb, i cili sh\u00ebrben n\u00eb vendin ton\u00eb q\u00eb nga viti 1992.<\/p>\n<p> &nbsp;&nbsp;&nbsp; Ky kor, i cili sot p\u00ebrb\u00ebhet nga rreth 20 an\u00ebtar\u00eb, ka dh\u00ebn\u00eb edhe shum\u00eb koncerte n\u00eb qytete t\u00eb ndryshme t\u00eb vendit dhe jasht\u00eb Shqip\u00ebris\u00eb, si p.sh. koncerti n\u00eb Izrael me rastin e 2 mij\u00eb vjet Krishterim. Gjithashtu ka realizuar edhe regjistrime t\u00eb ndryshme dhe ka nxjerr\u00eb deri tani 6 CD me himne kishtare n\u00eb shqip.<\/span><\/span><\/span><\/p>\n<p>&nbsp;<\/p>\n<p>&nbsp;<\/p>\n<p style=\"text-align: right;\"><span style=\"color: #000000;\"><span style=\"font-family: tahoma,geneva,sans-serif;\"><span style=\"font-size: 12px;\"><strong>Th. Dhima &amp; I.Koti<\/strong><\/span><\/span><\/span><\/p>\n<\/div>\n","protected":false},"excerpt":{"rendered":"<p>&nbsp;&nbsp;&nbsp; Pasuria e thesarit estetik dhe, kryesisht, shpirt\u00ebror i Muzik\u00ebs Kishtare u p\u00ebrcoll me sukses gjat\u00eb periudh\u00ebs p\u00ebrgatitore t\u00eb Krishtlindjes, n\u00eb nj\u00eb koncert me titull \u201c\u00c7\u2019t\u00eb t\u00eb blatojm\u00eb o Krisht, q\u00eb u duke mbi dh\u00e9!\u201d, nga kori kishtar bizantin \u201cJoan Kukuzeli\u201d. Koncerti \u201cudh\u00ebtoi\u201d n\u00eb disa qytete si: Kavaj\u00eb, Vlor\u00eb, Fier dhe Berat, duke u pritur me dashamir\u00ebsi nga besimtar\u00ebt orthodhoks\u00eb dhe kultur\u00ebdash\u00ebsit e k\u00ebtyre enorive.<\/p>\n","protected":false},"author":1,"featured_media":0,"comment_status":"open","ping_status":"open","sticky":false,"template":"","format":"standard","meta":{"_acf_changed":false,"pagelayer_contact_templates":[],"_pagelayer_content":"","inline_featured_image":false,"fifu_image_url":"","fifu_image_alt":"","footnotes":""},"categories":[108],"tags":[146,192,196,201,212],"class_list":["post-761","post","type-post","status-publish","format-standard","hentry","category-lajme","tag-146","tag-krishtlindje","tag-tirane","tag-kryepiskopi-anastas","tag-lajme-d27"],"acf":[],"yoast_head":"<!-- This site is optimized with the Yoast SEO plugin v27.2 - https:\/\/yoast.com\/product\/yoast-seo-wordpress\/ -->\n<title>Koncert p\u00ebr Krishtlindje i korit \u201cJoan Kukuzeli\u201d. (2008) - Kisha Orthodh\u03bfkse Autoqefale e Shqip\u00ebris\u00eb<\/title>\n<meta name=\"robots\" content=\"index, follow, max-snippet:-1, max-image-preview:large, max-video-preview:-1\" \/>\n<link rel=\"canonical\" href=\"https:\/\/orthodoxalbania.org\/2020\/2008\/02\/26\/koncert-per-krishtlindje-i-korit-joan-kukuzeli-2008\/\" \/>\n<meta property=\"og:locale\" content=\"en_US\" \/>\n<meta property=\"og:type\" content=\"article\" \/>\n<meta property=\"og:title\" content=\"Koncert p\u00ebr Krishtlindje i korit \u201cJoan Kukuzeli\u201d. (2008) - Kisha Orthodh\u03bfkse Autoqefale e Shqip\u00ebris\u00eb\" \/>\n<meta property=\"og:description\" content=\"&nbsp;&nbsp;&nbsp; Pasuria e thesarit estetik dhe, kryesisht, shpirt\u00ebror i Muzik\u00ebs Kishtare u p\u00ebrcoll me sukses gjat\u00eb periudh\u00ebs p\u00ebrgatitore t\u00eb Krishtlindjes, n\u00eb nj\u00eb koncert me titull \u201c\u00c7\u2019t\u00eb t\u00eb blatojm\u00eb o Krisht, q\u00eb u duke mbi dh\u00e9!\u201d, nga kori kishtar bizantin \u201cJoan Kukuzeli\u201d. Koncerti \u201cudh\u00ebtoi\u201d n\u00eb disa qytete si: Kavaj\u00eb, Vlor\u00eb, Fier dhe Berat, duke u pritur me dashamir\u00ebsi nga besimtar\u00ebt orthodhoks\u00eb dhe kultur\u00ebdash\u00ebsit e k\u00ebtyre enorive.\" \/>\n<meta property=\"og:url\" content=\"https:\/\/orthodoxalbania.org\/2020\/2008\/02\/26\/koncert-per-krishtlindje-i-korit-joan-kukuzeli-2008\/\" \/>\n<meta property=\"og:site_name\" content=\"Kisha Orthodh\u03bfkse Autoqefale e Shqip\u00ebris\u00eb\" \/>\n<meta property=\"article:publisher\" content=\"https:\/\/www.facebook.com\/koash1991\" \/>\n<meta property=\"article:published_time\" content=\"2008-02-26T00:00:00+00:00\" \/>\n<meta property=\"article:modified_time\" content=\"2020-04-06T20:35:29+00:00\" \/>\n<meta property=\"og:image\" content=\"https:\/\/lh6.googleusercontent.com\/-v4CVwIj0fcI\/VJF7voK186I\/AAAAAAAAIPc\/cNhxJx3SP2A\/w448-h336-no\/1.jpg\" \/>\n<meta name=\"author\" content=\"Kisha Orthodhokse\" \/>\n<meta name=\"twitter:card\" content=\"summary_large_image\" \/>\n<meta name=\"twitter:label1\" content=\"Written by\" \/>\n\t<meta name=\"twitter:data1\" content=\"Kisha Orthodhokse\" \/>\n\t<meta name=\"twitter:label2\" content=\"Est. reading time\" \/>\n\t<meta name=\"twitter:data2\" content=\"2 minutes\" \/>\n<script type=\"application\/ld+json\" class=\"yoast-schema-graph\">{\"@context\":\"https:\/\/schema.org\",\"@graph\":[{\"@type\":\"Article\",\"@id\":\"https:\/\/orthodoxalbania.org\/2020\/2008\/02\/26\/koncert-per-krishtlindje-i-korit-joan-kukuzeli-2008\/#article\",\"isPartOf\":{\"@id\":\"https:\/\/orthodoxalbania.org\/2020\/2008\/02\/26\/koncert-per-krishtlindje-i-korit-joan-kukuzeli-2008\/\"},\"author\":{\"name\":\"Kisha Orthodhokse\",\"@id\":\"https:\/\/orthodoxalbania.org\/2020\/#\/schema\/person\/0c387634a7063ac612d7ed9ce71c7e86\"},\"headline\":\"Koncert p\u00ebr Krishtlindje i korit \u201cJoan Kukuzeli\u201d. (2008)\",\"datePublished\":\"2008-02-26T00:00:00+00:00\",\"dateModified\":\"2020-04-06T20:35:29+00:00\",\"mainEntityOfPage\":{\"@id\":\"https:\/\/orthodoxalbania.org\/2020\/2008\/02\/26\/koncert-per-krishtlindje-i-korit-joan-kukuzeli-2008\/\"},\"wordCount\":478,\"commentCount\":0,\"publisher\":{\"@id\":\"https:\/\/orthodoxalbania.org\/2020\/#organization\"},\"image\":{\"@id\":\"https:\/\/orthodoxalbania.org\/2020\/2008\/02\/26\/koncert-per-krishtlindje-i-korit-joan-kukuzeli-2008\/#primaryimage\"},\"thumbnailUrl\":\"https:\/\/lh6.googleusercontent.com\/-v4CVwIj0fcI\/VJF7voK186I\/AAAAAAAAIPc\/cNhxJx3SP2A\/w448-h336-no\/1.jpg\",\"keywords\":[\"2008\",\"Krishtlindje\",\"Kryepiskopata Tiran\u00eb\",\"Kryepiskopi Anastas\",\"lajme\"],\"articleSection\":[\"Lajme\"],\"inLanguage\":\"en-US\"},{\"@type\":\"WebPage\",\"@id\":\"https:\/\/orthodoxalbania.org\/2020\/2008\/02\/26\/koncert-per-krishtlindje-i-korit-joan-kukuzeli-2008\/\",\"url\":\"https:\/\/orthodoxalbania.org\/2020\/2008\/02\/26\/koncert-per-krishtlindje-i-korit-joan-kukuzeli-2008\/\",\"name\":\"Koncert p\u00ebr Krishtlindje i korit \u201cJoan Kukuzeli\u201d. (2008) - Kisha Orthodh\u03bfkse Autoqefale e Shqip\u00ebris\u00eb\",\"isPartOf\":{\"@id\":\"https:\/\/orthodoxalbania.org\/2020\/#website\"},\"primaryImageOfPage\":{\"@id\":\"https:\/\/orthodoxalbania.org\/2020\/2008\/02\/26\/koncert-per-krishtlindje-i-korit-joan-kukuzeli-2008\/#primaryimage\"},\"image\":{\"@id\":\"https:\/\/orthodoxalbania.org\/2020\/2008\/02\/26\/koncert-per-krishtlindje-i-korit-joan-kukuzeli-2008\/#primaryimage\"},\"thumbnailUrl\":\"https:\/\/lh6.googleusercontent.com\/-v4CVwIj0fcI\/VJF7voK186I\/AAAAAAAAIPc\/cNhxJx3SP2A\/w448-h336-no\/1.jpg\",\"datePublished\":\"2008-02-26T00:00:00+00:00\",\"dateModified\":\"2020-04-06T20:35:29+00:00\",\"breadcrumb\":{\"@id\":\"https:\/\/orthodoxalbania.org\/2020\/2008\/02\/26\/koncert-per-krishtlindje-i-korit-joan-kukuzeli-2008\/#breadcrumb\"},\"inLanguage\":\"en-US\",\"potentialAction\":[{\"@type\":\"ReadAction\",\"target\":[\"https:\/\/orthodoxalbania.org\/2020\/2008\/02\/26\/koncert-per-krishtlindje-i-korit-joan-kukuzeli-2008\/\"]}]},{\"@type\":\"ImageObject\",\"inLanguage\":\"en-US\",\"@id\":\"https:\/\/orthodoxalbania.org\/2020\/2008\/02\/26\/koncert-per-krishtlindje-i-korit-joan-kukuzeli-2008\/#primaryimage\",\"url\":\"https:\/\/lh6.googleusercontent.com\/-v4CVwIj0fcI\/VJF7voK186I\/AAAAAAAAIPc\/cNhxJx3SP2A\/w448-h336-no\/1.jpg\",\"contentUrl\":\"https:\/\/lh6.googleusercontent.com\/-v4CVwIj0fcI\/VJF7voK186I\/AAAAAAAAIPc\/cNhxJx3SP2A\/w448-h336-no\/1.jpg\"},{\"@type\":\"BreadcrumbList\",\"@id\":\"https:\/\/orthodoxalbania.org\/2020\/2008\/02\/26\/koncert-per-krishtlindje-i-korit-joan-kukuzeli-2008\/#breadcrumb\",\"itemListElement\":[{\"@type\":\"ListItem\",\"position\":1,\"name\":\"Home\",\"item\":\"https:\/\/orthodoxalbania.org\/2020\/\"},{\"@type\":\"ListItem\",\"position\":2,\"name\":\"Koncert p\u00ebr Krishtlindje i korit \u201cJoan Kukuzeli\u201d. (2008)\"}]},{\"@type\":\"WebSite\",\"@id\":\"https:\/\/orthodoxalbania.org\/2020\/#website\",\"url\":\"https:\/\/orthodoxalbania.org\/2020\/\",\"name\":\"Kisha Orthodh\u03bfkse Autoqefale e Shqip\u00ebris\u00eb\",\"description\":\"Fqja Zyrtare e Kish\u00ebs Orthodhokse Autoqefale e Shqip\u00ebris\u00eb me lajmet edhe informacionet zyrtare p\u00ebr struktur\u00ebn edhe veprimtarin e saj.\",\"publisher\":{\"@id\":\"https:\/\/orthodoxalbania.org\/2020\/#organization\"},\"potentialAction\":[{\"@type\":\"SearchAction\",\"target\":{\"@type\":\"EntryPoint\",\"urlTemplate\":\"https:\/\/orthodoxalbania.org\/2020\/?s={search_term_string}\"},\"query-input\":{\"@type\":\"PropertyValueSpecification\",\"valueRequired\":true,\"valueName\":\"search_term_string\"}}],\"inLanguage\":\"en-US\"},{\"@type\":\"Organization\",\"@id\":\"https:\/\/orthodoxalbania.org\/2020\/#organization\",\"name\":\"Kisha Orthodhokse Autoqefale e Shqip\u00ebris\u00eb\",\"url\":\"https:\/\/orthodoxalbania.org\/2020\/\",\"logo\":{\"@type\":\"ImageObject\",\"inLanguage\":\"en-US\",\"@id\":\"https:\/\/orthodoxalbania.org\/2020\/#\/schema\/logo\/image\/\",\"url\":\"https:\/\/orthodoxalbania.org\/2020\/wp-content\/uploads\/2020\/05\/albania.jpeg\",\"contentUrl\":\"https:\/\/orthodoxalbania.org\/2020\/wp-content\/uploads\/2020\/05\/albania.jpeg\",\"width\":540,\"height\":540,\"caption\":\"Kisha Orthodhokse Autoqefale e Shqip\u00ebris\u00eb\"},\"image\":{\"@id\":\"https:\/\/orthodoxalbania.org\/2020\/#\/schema\/logo\/image\/\"},\"sameAs\":[\"https:\/\/www.facebook.com\/koash1991\"]},{\"@type\":\"Person\",\"@id\":\"https:\/\/orthodoxalbania.org\/2020\/#\/schema\/person\/0c387634a7063ac612d7ed9ce71c7e86\",\"name\":\"Kisha Orthodhokse\",\"image\":{\"@type\":\"ImageObject\",\"inLanguage\":\"en-US\",\"@id\":\"https:\/\/secure.gravatar.com\/avatar\/596e7c417251e30f2fbb9c00e026fce61a695a00e51c889caded71c96cbbdde5?s=96&d=mm&r=g\",\"url\":\"https:\/\/secure.gravatar.com\/avatar\/596e7c417251e30f2fbb9c00e026fce61a695a00e51c889caded71c96cbbdde5?s=96&d=mm&r=g\",\"contentUrl\":\"https:\/\/secure.gravatar.com\/avatar\/596e7c417251e30f2fbb9c00e026fce61a695a00e51c889caded71c96cbbdde5?s=96&d=mm&r=g\",\"caption\":\"Kisha Orthodhokse\"}}]}<\/script>\n<!-- \/ Yoast SEO plugin. -->","yoast_head_json":{"title":"Koncert p\u00ebr Krishtlindje i korit \u201cJoan Kukuzeli\u201d. (2008) - Kisha Orthodh\u03bfkse Autoqefale e Shqip\u00ebris\u00eb","robots":{"index":"index","follow":"follow","max-snippet":"max-snippet:-1","max-image-preview":"max-image-preview:large","max-video-preview":"max-video-preview:-1"},"canonical":"https:\/\/orthodoxalbania.org\/2020\/2008\/02\/26\/koncert-per-krishtlindje-i-korit-joan-kukuzeli-2008\/","og_locale":"en_US","og_type":"article","og_title":"Koncert p\u00ebr Krishtlindje i korit \u201cJoan Kukuzeli\u201d. (2008) - Kisha Orthodh\u03bfkse Autoqefale e Shqip\u00ebris\u00eb","og_description":"&nbsp;&nbsp;&nbsp; Pasuria e thesarit estetik dhe, kryesisht, shpirt\u00ebror i Muzik\u00ebs Kishtare u p\u00ebrcoll me sukses gjat\u00eb periudh\u00ebs p\u00ebrgatitore t\u00eb Krishtlindjes, n\u00eb nj\u00eb koncert me titull \u201c\u00c7\u2019t\u00eb t\u00eb blatojm\u00eb o Krisht, q\u00eb u duke mbi dh\u00e9!\u201d, nga kori kishtar bizantin \u201cJoan Kukuzeli\u201d. Koncerti \u201cudh\u00ebtoi\u201d n\u00eb disa qytete si: Kavaj\u00eb, Vlor\u00eb, Fier dhe Berat, duke u pritur me dashamir\u00ebsi nga besimtar\u00ebt orthodhoks\u00eb dhe kultur\u00ebdash\u00ebsit e k\u00ebtyre enorive.","og_url":"https:\/\/orthodoxalbania.org\/2020\/2008\/02\/26\/koncert-per-krishtlindje-i-korit-joan-kukuzeli-2008\/","og_site_name":"Kisha Orthodh\u03bfkse Autoqefale e Shqip\u00ebris\u00eb","article_publisher":"https:\/\/www.facebook.com\/koash1991","article_published_time":"2008-02-26T00:00:00+00:00","article_modified_time":"2020-04-06T20:35:29+00:00","og_image":[{"url":"https:\/\/lh6.googleusercontent.com\/-v4CVwIj0fcI\/VJF7voK186I\/AAAAAAAAIPc\/cNhxJx3SP2A\/w448-h336-no\/1.jpg","type":"","width":"","height":""}],"author":"Kisha Orthodhokse","twitter_card":"summary_large_image","twitter_misc":{"Written by":"Kisha Orthodhokse","Est. reading time":"2 minutes"},"schema":{"@context":"https:\/\/schema.org","@graph":[{"@type":"Article","@id":"https:\/\/orthodoxalbania.org\/2020\/2008\/02\/26\/koncert-per-krishtlindje-i-korit-joan-kukuzeli-2008\/#article","isPartOf":{"@id":"https:\/\/orthodoxalbania.org\/2020\/2008\/02\/26\/koncert-per-krishtlindje-i-korit-joan-kukuzeli-2008\/"},"author":{"name":"Kisha Orthodhokse","@id":"https:\/\/orthodoxalbania.org\/2020\/#\/schema\/person\/0c387634a7063ac612d7ed9ce71c7e86"},"headline":"Koncert p\u00ebr Krishtlindje i korit \u201cJoan Kukuzeli\u201d. (2008)","datePublished":"2008-02-26T00:00:00+00:00","dateModified":"2020-04-06T20:35:29+00:00","mainEntityOfPage":{"@id":"https:\/\/orthodoxalbania.org\/2020\/2008\/02\/26\/koncert-per-krishtlindje-i-korit-joan-kukuzeli-2008\/"},"wordCount":478,"commentCount":0,"publisher":{"@id":"https:\/\/orthodoxalbania.org\/2020\/#organization"},"image":{"@id":"https:\/\/orthodoxalbania.org\/2020\/2008\/02\/26\/koncert-per-krishtlindje-i-korit-joan-kukuzeli-2008\/#primaryimage"},"thumbnailUrl":"https:\/\/lh6.googleusercontent.com\/-v4CVwIj0fcI\/VJF7voK186I\/AAAAAAAAIPc\/cNhxJx3SP2A\/w448-h336-no\/1.jpg","keywords":["2008","Krishtlindje","Kryepiskopata Tiran\u00eb","Kryepiskopi Anastas","lajme"],"articleSection":["Lajme"],"inLanguage":"en-US"},{"@type":"WebPage","@id":"https:\/\/orthodoxalbania.org\/2020\/2008\/02\/26\/koncert-per-krishtlindje-i-korit-joan-kukuzeli-2008\/","url":"https:\/\/orthodoxalbania.org\/2020\/2008\/02\/26\/koncert-per-krishtlindje-i-korit-joan-kukuzeli-2008\/","name":"Koncert p\u00ebr Krishtlindje i korit \u201cJoan Kukuzeli\u201d. (2008) - Kisha Orthodh\u03bfkse Autoqefale e Shqip\u00ebris\u00eb","isPartOf":{"@id":"https:\/\/orthodoxalbania.org\/2020\/#website"},"primaryImageOfPage":{"@id":"https:\/\/orthodoxalbania.org\/2020\/2008\/02\/26\/koncert-per-krishtlindje-i-korit-joan-kukuzeli-2008\/#primaryimage"},"image":{"@id":"https:\/\/orthodoxalbania.org\/2020\/2008\/02\/26\/koncert-per-krishtlindje-i-korit-joan-kukuzeli-2008\/#primaryimage"},"thumbnailUrl":"https:\/\/lh6.googleusercontent.com\/-v4CVwIj0fcI\/VJF7voK186I\/AAAAAAAAIPc\/cNhxJx3SP2A\/w448-h336-no\/1.jpg","datePublished":"2008-02-26T00:00:00+00:00","dateModified":"2020-04-06T20:35:29+00:00","breadcrumb":{"@id":"https:\/\/orthodoxalbania.org\/2020\/2008\/02\/26\/koncert-per-krishtlindje-i-korit-joan-kukuzeli-2008\/#breadcrumb"},"inLanguage":"en-US","potentialAction":[{"@type":"ReadAction","target":["https:\/\/orthodoxalbania.org\/2020\/2008\/02\/26\/koncert-per-krishtlindje-i-korit-joan-kukuzeli-2008\/"]}]},{"@type":"ImageObject","inLanguage":"en-US","@id":"https:\/\/orthodoxalbania.org\/2020\/2008\/02\/26\/koncert-per-krishtlindje-i-korit-joan-kukuzeli-2008\/#primaryimage","url":"https:\/\/lh6.googleusercontent.com\/-v4CVwIj0fcI\/VJF7voK186I\/AAAAAAAAIPc\/cNhxJx3SP2A\/w448-h336-no\/1.jpg","contentUrl":"https:\/\/lh6.googleusercontent.com\/-v4CVwIj0fcI\/VJF7voK186I\/AAAAAAAAIPc\/cNhxJx3SP2A\/w448-h336-no\/1.jpg"},{"@type":"BreadcrumbList","@id":"https:\/\/orthodoxalbania.org\/2020\/2008\/02\/26\/koncert-per-krishtlindje-i-korit-joan-kukuzeli-2008\/#breadcrumb","itemListElement":[{"@type":"ListItem","position":1,"name":"Home","item":"https:\/\/orthodoxalbania.org\/2020\/"},{"@type":"ListItem","position":2,"name":"Koncert p\u00ebr Krishtlindje i korit \u201cJoan Kukuzeli\u201d. (2008)"}]},{"@type":"WebSite","@id":"https:\/\/orthodoxalbania.org\/2020\/#website","url":"https:\/\/orthodoxalbania.org\/2020\/","name":"Kisha Orthodh\u03bfkse Autoqefale e Shqip\u00ebris\u00eb","description":"Fqja Zyrtare e Kish\u00ebs Orthodhokse Autoqefale e Shqip\u00ebris\u00eb me lajmet edhe informacionet zyrtare p\u00ebr struktur\u00ebn edhe veprimtarin e saj.","publisher":{"@id":"https:\/\/orthodoxalbania.org\/2020\/#organization"},"potentialAction":[{"@type":"SearchAction","target":{"@type":"EntryPoint","urlTemplate":"https:\/\/orthodoxalbania.org\/2020\/?s={search_term_string}"},"query-input":{"@type":"PropertyValueSpecification","valueRequired":true,"valueName":"search_term_string"}}],"inLanguage":"en-US"},{"@type":"Organization","@id":"https:\/\/orthodoxalbania.org\/2020\/#organization","name":"Kisha Orthodhokse Autoqefale e Shqip\u00ebris\u00eb","url":"https:\/\/orthodoxalbania.org\/2020\/","logo":{"@type":"ImageObject","inLanguage":"en-US","@id":"https:\/\/orthodoxalbania.org\/2020\/#\/schema\/logo\/image\/","url":"https:\/\/orthodoxalbania.org\/2020\/wp-content\/uploads\/2020\/05\/albania.jpeg","contentUrl":"https:\/\/orthodoxalbania.org\/2020\/wp-content\/uploads\/2020\/05\/albania.jpeg","width":540,"height":540,"caption":"Kisha Orthodhokse Autoqefale e Shqip\u00ebris\u00eb"},"image":{"@id":"https:\/\/orthodoxalbania.org\/2020\/#\/schema\/logo\/image\/"},"sameAs":["https:\/\/www.facebook.com\/koash1991"]},{"@type":"Person","@id":"https:\/\/orthodoxalbania.org\/2020\/#\/schema\/person\/0c387634a7063ac612d7ed9ce71c7e86","name":"Kisha Orthodhokse","image":{"@type":"ImageObject","inLanguage":"en-US","@id":"https:\/\/secure.gravatar.com\/avatar\/596e7c417251e30f2fbb9c00e026fce61a695a00e51c889caded71c96cbbdde5?s=96&d=mm&r=g","url":"https:\/\/secure.gravatar.com\/avatar\/596e7c417251e30f2fbb9c00e026fce61a695a00e51c889caded71c96cbbdde5?s=96&d=mm&r=g","contentUrl":"https:\/\/secure.gravatar.com\/avatar\/596e7c417251e30f2fbb9c00e026fce61a695a00e51c889caded71c96cbbdde5?s=96&d=mm&r=g","caption":"Kisha Orthodhokse"}}]}},"_links":{"self":[{"href":"https:\/\/orthodoxalbania.org\/2020\/wp-json\/wp\/v2\/posts\/761","targetHints":{"allow":["GET"]}}],"collection":[{"href":"https:\/\/orthodoxalbania.org\/2020\/wp-json\/wp\/v2\/posts"}],"about":[{"href":"https:\/\/orthodoxalbania.org\/2020\/wp-json\/wp\/v2\/types\/post"}],"author":[{"embeddable":true,"href":"https:\/\/orthodoxalbania.org\/2020\/wp-json\/wp\/v2\/users\/1"}],"replies":[{"embeddable":true,"href":"https:\/\/orthodoxalbania.org\/2020\/wp-json\/wp\/v2\/comments?post=761"}],"version-history":[{"count":1,"href":"https:\/\/orthodoxalbania.org\/2020\/wp-json\/wp\/v2\/posts\/761\/revisions"}],"predecessor-version":[{"id":15694,"href":"https:\/\/orthodoxalbania.org\/2020\/wp-json\/wp\/v2\/posts\/761\/revisions\/15694"}],"wp:attachment":[{"href":"https:\/\/orthodoxalbania.org\/2020\/wp-json\/wp\/v2\/media?parent=761"}],"wp:term":[{"taxonomy":"category","embeddable":true,"href":"https:\/\/orthodoxalbania.org\/2020\/wp-json\/wp\/v2\/categories?post=761"},{"taxonomy":"post_tag","embeddable":true,"href":"https:\/\/orthodoxalbania.org\/2020\/wp-json\/wp\/v2\/tags?post=761"}],"curies":[{"name":"wp","href":"https:\/\/api.w.org\/{rel}","templated":true}]}}