{"id":759,"date":"2014-06-03T06:56:21","date_gmt":"2014-06-03T06:56:21","guid":{"rendered":""},"modified":"2020-04-06T22:02:28","modified_gmt":"2020-04-06T20:02:28","slug":"koncert-festiv-me-rastin-e-shenjterimit-te-katedrales","status":"publish","type":"post","link":"https:\/\/orthodoxalbania.org\/2020\/2014\/06\/03\/koncert-festiv-me-rastin-e-shenjterimit-te-katedrales\/","title":{"rendered":"Koncert festiv me rastin e Shenjt\u00ebrimit t\u00eb Katedrales. (1 Qershor 2014)"},"content":{"rendered":"<p style=\"text-align: justify;\">\n\t<span style=\"color: #000000; font-size: 12pt; font-family: helvetica;\">&nbsp; &nbsp; Pasditen e s\u00eb diel\u00ebs, dt.1.qershor 2014, ora 18.oo, programi i dit\u00ebs vijoi nj\u00eb koncert festiv rinor n\u00eb Qendr\u00ebn Kulturore moderne, n\u00eb amfiteatrin posht\u00eb Kish\u00ebs Katedrale. N\u00eb t\u00eb mor\u00ebn pjes\u00eb t\u00eb gjitha delegacionet, miqt\u00eb e ftuar, politikan\u00eb, intelektual\u00eb e besimtar\u00eb orthodhoks\u00eb dhe ve\u00e7an\u00ebrisht shum\u00eb t\u00eb rinj, q\u00eb e b\u00ebn\u00eb atmosfer\u00ebn t\u00eb hareshme. Koncerti u hap me Himnin \u201cKrishti u Ngjall\u201d t\u00eb k\u00ebnduar nga Kori i Kish\u00ebs i drejtuar nga dirigjenti Milto Vako, i shoq\u00ebruar nga Orkestra Simfonike e Teatrit Komb\u00ebtar t\u00eb Oper\u00ebs dhe Baletit, n\u00ebn drejtimin e dirigjentit Edmond (Aristotel) Doko, t\u00eb interpretuar n\u00eb 6 gjuh\u00eb (shqip, greqisht, sllavisht, rumanisht, arabisht dhe anglisht). M\u00eb pas vijuan tri pjes\u00eb orkestrale nga tre autor\u00eb orthodhoks\u00eb, Josif Minga, Thoma Gaqi dhe Vasil Tole. Shfaqja vijoi me himnin me \u201cBeko Zotin\u201d, interpretuar nga kori i Katedrales \u201cNgjallja e Krishtit\u201d, n\u00ebn drejtimin e Milto Vako.<\/span><\/p>\n<p style=\"text-align: justify;\">\n\t<span style=\"font-size: 12pt; font-family: helvetica;\">&nbsp;<span style=\"color: #000000;\">&nbsp; &nbsp; M\u00eb pas sken\u00ebn do ta \u201cpushtonin\u201d t\u00eb rinjt\u00eb orthodhoks\u00eb, me grupet e tyre t\u00eb himneve bizantine, k\u00ebng\u00ebs s\u00eb leht\u00eb t\u00eb krishter\u00eb, asaj popullore dhe t\u00eb valleve. Publiku duartrokiti Korin \u201cSh\u00ebn Joan Kukuzeli\u201d, me student\u00eb t\u00eb Shkoll\u00ebs s\u00eb Muzik\u00ebs Bizantine, Tiran\u00eb, n\u00ebn drejtimin e Theodhor Peci. Korin \u201cSh\u00ebn Joan Damaskini\u201d, p\u00ebrb\u00ebr\u00eb nga student\u00eb t\u00eb Akademis\u00eb Teologjike \u201cNgjallja e Krishtit, Sh\u00ebn Vlash &#8211; Durr\u00ebs\u201d dhe nx\u00ebn\u00ebs t\u00eb Liceut kishtar \u201cKryqi i Nderuar\u201d, Sukth &#8211; Durr\u00ebs &#8211; n\u00ebn drejtimin e Harallamb Tereziu. U vler\u00ebsuan dhe mor\u00ebn duartrokitje edhe kori i t\u00eb rinjve t\u00eb Beratit, n\u00ebn drejtimin e Agron Gjyzarit , Kori i shkoll\u00ebs Shqiptaro-Amerikane \u201cProtagonist\u00ebt\u201d, Tiran\u00eb, n\u00ebn drejtimin e znj. Agi Nano, grupi artistik i vajzave te konviktit \u201cTr\u00ebndafili i pafishkur\u201d, Bularat, Gjirokast\u00ebr, grupi artistik i t\u00eb rinjve orthodhoks\u00eb t\u00eb Kor\u00e7\u00ebs dhe orkestrina popullore e Qendr\u00ebs shpirt\u00ebrore \u201cNgjallja e Krishtit\u201d, K\u00eblcyr\u00eb &#8211; n\u00ebn drejtimin e At\u00eb Romano Tralos. Shfaqja pastaj ia la vendin valleve t\u00eb hareshme t\u00eb grupit t\u00eb Gjinarit, krahina e Shpatit dhe grupit artistik t\u00eb f\u00ebmij\u00ebve t\u00eb Sht\u00ebpis\u00eb Orthodhokse t\u00eb Shpres\u00ebs, Sh\u00ebn Vlash &#8211; Durr\u00ebs. M\u00eb pas shfaqja vijoi me Korin dhe Orkestrin\u00ebn e Radios \u201cNgjallja\u201d, Tiran\u00eb, n\u00ebn drejtimin znj. Joli Goro dhe pjes\u00ebn \u201cDedikim\u201d, krijuar dhe interpretuar nga Kristian Koroveshi.<\/span><\/span><\/p>\n<p style=\"text-align: justify;\">\n\t<span style=\"font-size: 12pt; font-family: helvetica;\">&nbsp;<span style=\"color: #000000;\">&nbsp;&nbsp; Shfaqja u mbyll me dy filma dokumentar\u00eb q\u00eb u ndoq\u00ebn me shum\u00eb interes nga t\u00eb pranishmit: \u201cFaza nga nd\u00ebrtimi i Katedrales s\u00eb re \u201cNgjallja e Krishtit\u201d dhe \u201c\u00c7aste nga ringritja e Kish\u00ebs Orthodhokse Autoqefale t\u00eb Shqip\u00ebris\u00eb\u201d.<\/span><\/span><\/p>\n<p style=\"text-align: justify;\">\n\t<span style=\"font-size: 12pt; font-family: helvetica;\">&nbsp;<span style=\"color: #000000;\">&nbsp;&nbsp; N\u00eb fund t\u00eb rinjt\u00eb i p\u00ebrsh\u00ebndeti Patriarku Ekumenik Vartholomeu dhe Kryepiskopi Anastas.<\/span><\/span><\/p>\n<p style=\"text-align: justify;\">\n\t&nbsp;<\/p>\n<p>\n\t<img class=\"lazyload\" decoding=\"async\" alt=\"\" src=\"data:image\/gif;base64,R0lGODlhAQABAAAAACH5BAEKAAEALAAAAAABAAEAAAICTAEAOw==\" data-orig-src=\"https:\/\/lh3.googleusercontent.com\/-Hq-Rsqb-LTg\/U47YFkRLLBI\/AAAAAAAABHI\/XRh7Ln2L94M\/w958-h639-no\/2014-06-04\" style=\"height: 667px; width: 1000px; border-width: 1px; border-style: solid; margin: 10px auto; display: block;\" \/><\/p>\n<p>\n\t<img class=\"lazyload\" decoding=\"async\" alt=\"\" src=\"data:image\/gif;base64,R0lGODlhAQABAAAAACH5BAEKAAEALAAAAAABAAEAAAICTAEAOw==\" data-orig-src=\"https:\/\/lh5.googleusercontent.com\/-NnHt3Be63AY\/U4zSHu1GjXI\/AAAAAAAAA2M\/XpHxJHsXEqU\/w801-h534-no\/2014-06-02\" style=\"height: 667px; width: 1000px; border-width: 1px; border-style: solid; margin: 10px auto; display: block;\" \/><\/p>\n<p>\n\t<img class=\"lazyload\" decoding=\"async\" alt=\"\" src=\"data:image\/gif;base64,R0lGODlhAQABAAAAACH5BAEKAAEALAAAAAABAAEAAAICTAEAOw==\" data-orig-src=\"https:\/\/lh6.googleusercontent.com\/1faykN2MyXEhAirVUTConmzEKOu87kbfialmhhU9iU4=w801-h534-no\" style=\"height: 667px; width: 1000px; border-width: 1px; border-style: solid; margin: 10px auto; display: block;\" \/><\/p>\n<p>\n\t<img class=\"lazyload\" decoding=\"async\" alt=\"\" src=\"data:image\/gif;base64,R0lGODlhAQABAAAAACH5BAEKAAEALAAAAAABAAEAAAICTAEAOw==\" data-orig-src=\"https:\/\/lh4.googleusercontent.com\/-T4xHWOFngoI\/U4zOP5oMsiI\/AAAAAAAAA1E\/9pIFNCw2wDM\/w801-h534-no\/2014-06-02\" style=\"height: 667px; width: 1000px; border-width: 1px; border-style: solid; margin: 10px auto; display: block;\" \/><\/p>\n<p>\n\t<img class=\"lazyload\" decoding=\"async\" alt=\"\" src=\"data:image\/gif;base64,R0lGODlhAQABAAAAACH5BAEKAAEALAAAAAABAAEAAAICTAEAOw==\" data-orig-src=\"https:\/\/lh5.googleusercontent.com\/-8F_9cUa2pDU\/U4zUYL-Y7DI\/AAAAAAAAA3I\/j7881l_3Y7U\/w801-h534-no\/2014-06-02\" style=\"height: 667px; width: 1000px; border-width: 1px; border-style: solid; margin: 10px auto; display: block;\" \/><\/p>\n<p>\n\t<img class=\"lazyload\" decoding=\"async\" alt=\"\" src=\"data:image\/gif;base64,R0lGODlhAQABAAAAACH5BAEKAAEALAAAAAABAAEAAAICTAEAOw==\" data-orig-src=\"https:\/\/lh5.googleusercontent.com\/-kVh0OnESBpY\/U4zSHiFiiPI\/AAAAAAAAA2M\/9O5eRHk0AAc\/w866-h577-no\/2014-06-02\" style=\"height: 667px; width: 1000px; border-width: 1px; border-style: solid; margin: 10px auto; display: block;\" \/><\/p>\n<p>\n\t<img class=\"lazyload\" decoding=\"async\" alt=\"\" src=\"data:image\/gif;base64,R0lGODlhAQABAAAAACH5BAEKAAEALAAAAAABAAEAAAICTAEAOw==\" data-orig-src=\"https:\/\/lh4.googleusercontent.com\/m3TOZtmAlcSyck334AhrO1QlKpDmSL_qBFpQ3sAtIFw=w964-h577-no\" style=\"height: 599px; width: 1000px; border-width: 1px; border-style: solid; margin: 10px auto; display: block;\" \/><\/p>\n<p>\n\t<img class=\"lazyload\" decoding=\"async\" alt=\"\" src=\"data:image\/gif;base64,R0lGODlhAQABAAAAACH5BAEKAAEALAAAAAABAAEAAAICTAEAOw==\" data-orig-src=\"https:\/\/lh5.googleusercontent.com\/-eomyiyh3HaE\/U4zUYCVYoMI\/AAAAAAAAA3I\/hgJda6yzHs4\/w1043-h472-no\/2014-06-02\" style=\"height: 453px; width: 1000px; border-width: 1px; border-style: solid; margin: 10px auto; display: block;\" \/><\/p>\n<p>\n\t<img class=\"lazyload\" decoding=\"async\" alt=\"\" src=\"data:image\/gif;base64,R0lGODlhAQABAAAAACH5BAEKAAEALAAAAAABAAEAAAICTAEAOw==\" data-orig-src=\"https:\/\/lh4.googleusercontent.com\/-kTrri4MdNxM\/U41_hxWJl8I\/AAAAAAAAA6U\/4uJXFxbBcEo\/w953-h534-no\/IMG_3227.jpg\" style=\"height: 560px; width: 1000px; border-width: 1px; border-style: solid; margin: 10px auto; display: block;\" \/><\/p>\n<p>\n\t<img class=\"lazyload\" decoding=\"async\" alt=\"\" src=\"data:image\/gif;base64,R0lGODlhAQABAAAAACH5BAEKAAEALAAAAAABAAEAAAICTAEAOw==\" data-orig-src=\"https:\/\/lh4.googleusercontent.com\/-7-uiNdDHr0g\/U44HJPZAo7I\/AAAAAAAAA-g\/kHLqz9posh4\/w822-h534-no\/kontserto+ston+Kathedriko.jpg\" style=\"height: 650px; width: 1000px; border-width: 1px; border-style: solid; margin: 10px auto; display: block;\" \/><\/p>\n<p>\n\t<img class=\"lazyload\" decoding=\"async\" alt=\"\" src=\"data:image\/gif;base64,R0lGODlhAQABAAAAACH5BAEKAAEALAAAAAABAAEAAAICTAEAOw==\" data-orig-src=\"https:\/\/lh4.googleusercontent.com\/-UhecDEpVGiw\/U4zUYJhbW4I\/AAAAAAAAA3I\/ITrNT3mZDIs\/w866-h577-no\/2014-06-02\" style=\"height: 667px; width: 1000px; border-width: 1px; border-style: solid; margin: 10px auto; display: block;\" \/><\/p>\n<p>\n\t<img class=\"lazyload\" decoding=\"async\" alt=\"\" src=\"data:image\/gif;base64,R0lGODlhAQABAAAAACH5BAEKAAEALAAAAAABAAEAAAICTAEAOw==\" data-orig-src=\"https:\/\/lh5.googleusercontent.com\/-VIPPo6xKUGQ\/U42CIYD16fI\/AAAAAAAAA7I\/i5xHFKiVI2g\/w1044-h517-no\/IMG_3203.jpg\" style=\"height: 495px; width: 1000px; border-width: 1px; border-style: solid; margin: 10px auto; display: block;\" \/><\/p>\n<p>\n\t<img class=\"lazyload\" decoding=\"async\" alt=\"\" src=\"data:image\/gif;base64,R0lGODlhAQABAAAAACH5BAEKAAEALAAAAAABAAEAAAICTAEAOw==\" data-orig-src=\"https:\/\/lh5.googleusercontent.com\/-4WocUplDUE4\/U42CLA8KTUI\/AAAAAAAAA7Y\/c6UJb-I7cG0\/w1018-h534-no\/IMG_3308.jpg\" style=\"height: 525px; width: 1000px; border-width: 1px; border-style: solid; margin: 10px auto; display: block;\" \/><\/p>\n<p>\n\t<img class=\"lazyload\" decoding=\"async\" alt=\"\" src=\"data:image\/gif;base64,R0lGODlhAQABAAAAACH5BAEKAAEALAAAAAABAAEAAAICTAEAOw==\" data-orig-src=\"https:\/\/lh5.googleusercontent.com\/-4Eb9PlYwcJg\/U42Cfb3mRWI\/AAAAAAAAA70\/bY5lzKgzCL4\/w801-h534-no\/IMG_3361.jpg\" style=\"height: 667px; width: 1000px; border-width: 1px; border-style: solid; margin: 10px auto; display: block;\" \/><\/p>\n<p>\n\t<img class=\"lazyload\" decoding=\"async\" alt=\"\" src=\"data:image\/gif;base64,R0lGODlhAQABAAAAACH5BAEKAAEALAAAAAABAAEAAAICTAEAOw==\" data-orig-src=\"https:\/\/lh3.googleusercontent.com\/--lewMjN7zQE\/U5ENRPfq3SI\/AAAAAAAABUY\/LjZyvXzGVrI\/w958-h639-no\/10393180_540331379412282_2076673701642261247_n.jpg\" style=\"height: 667px; width: 1000px; border-width: 1px; border-style: solid; margin: 10px auto; display: block;\" \/><\/p>\n<p>\n\t<img class=\"lazyload\" decoding=\"async\" alt=\"\" src=\"data:image\/gif;base64,R0lGODlhAQABAAAAACH5BAEKAAEALAAAAAABAAEAAAICTAEAOw==\" data-orig-src=\"https:\/\/lh5.googleusercontent.com\/-fR_zvfO7Izg\/U4zUYBAYlrI\/AAAAAAAAA3I\/GFY47TSn1bE\/w969-h577-no\/2014-06-02\" style=\"height: 595px; width: 1000px; border-width: 1px; border-style: solid; margin: 10px auto; display: block;\" \/><\/p>\n<p>\n\t<img class=\"lazyload\" decoding=\"async\" alt=\"\" src=\"data:image\/gif;base64,R0lGODlhAQABAAAAACH5BAEKAAEALAAAAAABAAEAAAICTAEAOw==\" data-orig-src=\"https:\/\/lh4.googleusercontent.com\/-qDXOEjKW6jI\/U4zUYLQHK4I\/AAAAAAAAA3I\/QbY0m5TF988\/w866-h577-no\/2014-06-02\" style=\"height: 667px; width: 1000px; border-width: 1px; border-style: solid; margin: 10px auto; display: block;\" \/><\/p>\n<p>\n\t<img class=\"lazyload\" decoding=\"async\" alt=\"\" src=\"data:image\/gif;base64,R0lGODlhAQABAAAAACH5BAEKAAEALAAAAAABAAEAAAICTAEAOw==\" data-orig-src=\"https:\/\/lh5.googleusercontent.com\/-QluJ1b2e28w\/U42APN3fsPI\/AAAAAAAAA6o\/RaF1E1Z64sM\/w801-h534-no\/IMG_3328.jpg\" style=\"height: 667px; width: 1000px; border-width: 1px; border-style: solid; margin: 10px auto; display: block;\" \/><\/p>\n<p>\n\t<img class=\"lazyload\" decoding=\"async\" alt=\"\" src=\"data:image\/gif;base64,R0lGODlhAQABAAAAACH5BAEKAAEALAAAAAABAAEAAAICTAEAOw==\" data-orig-src=\"https:\/\/lh6.googleusercontent.com\/-snuhSZuuu8A\/U5EN-5kLNzI\/AAAAAAAABU4\/vNNhS-tj8hk\/w958-h719-no\/10337748_556965601083017_1074043365030517279_n.jpg\" style=\"height: 749px; width: 1000px; border-width: 1px; border-style: solid; margin: 10px auto; display: block;\" \/><\/p>\n<p>\n\t<img class=\"lazyload\" decoding=\"async\" alt=\"\" src=\"data:image\/gif;base64,R0lGODlhAQABAAAAACH5BAEKAAEALAAAAAABAAEAAAICTAEAOw==\" data-orig-src=\"https:\/\/lh4.googleusercontent.com\/-LcdNjtIuScM\/U44EfENZKUI\/AAAAAAAAA94\/rGutlDue9K0\/w866-h577-no\/10155645_257746597763840_1035365422804401586_n.jpg\" style=\"height: 666px; width: 1000px; border-width: 1px; border-style: solid; margin: 10px auto; display: block;\" \/><\/p>\n<p>\n\t<img decoding=\"async\" alt=\"\" class=\"lazyload HAa Eha\" src=\"data:image\/gif;base64,R0lGODlhAQABAAAAACH5BAEKAAEALAAAAAABAAEAAAICTAEAOw==\" data-orig-src=\"https:\/\/lh5.googleusercontent.com\/-MC477SWtL4g\/VHWMutRtKKI\/AAAAAAAACcw\/-muTvxlubzQ\/w408-h823-no\/10342914_301417520033273_6640785479537289030_n.jpg\" style=\"width: 667px; border-width: 1px; border-style: solid; margin: 10px auto; height: 1345px; display: block;\" \/><\/p>\n<p>\n\t<img decoding=\"async\" alt=\"\" class=\"lazyload HAa Eha\" src=\"data:image\/gif;base64,R0lGODlhAQABAAAAACH5BAEKAAEALAAAAAABAAEAAAICTAEAOw==\" data-orig-src=\"https:\/\/lh3.googleusercontent.com\/-CJwei72OycI\/VHWMugZt-WI\/AAAAAAAACc0\/eGPHuLP67YU\/w549-h823-no\/10367708_301417483366610_9174296474661020220_n.jpg\" style=\"height: 1000px; width: 667px; border-width: 1px; border-style: solid; margin: 10px auto; display: block;\" \/><\/p>\n<p>\n\t<img class=\"lazyload\" decoding=\"async\" alt=\"\" src=\"data:image\/gif;base64,R0lGODlhAQABAAAAACH5BAEKAAEALAAAAAABAAEAAAICTAEAOw==\" data-orig-src=\"https:\/\/lh5.googleusercontent.com\/-ubKum8phSnk\/U5ENQxXUvOI\/AAAAAAAABUo\/VKt0AA7YNEs\/w958-h629-no\/10343533_540331509412269_1727804822015883484_n.jpg\" style=\"height: 657px; width: 1000px; border-width: 1px; border-style: solid; margin: 10px auto; display: block;\" \/><\/p>\n<p>\n\t<img decoding=\"async\" alt=\"\" class=\"lazyload HAa Eha\" src=\"data:image\/gif;base64,R0lGODlhAQABAAAAACH5BAEKAAEALAAAAAABAAEAAAICTAEAOw==\" data-orig-src=\"https:\/\/lh5.googleusercontent.com\/-csqad_PjONU\/VHWOpGC1OaI\/AAAAAAAACdE\/x2ao7FGWDzw\/w549-h823-no\/10409411_794017337275562_2126009471303640160_n.jpg\" style=\"height: 1000px; width: 667px; border-width: 1px; border-style: solid; margin: 10px auto; display: block;\" \/><\/p>\n<p>\n\t<img class=\"lazyload\" decoding=\"async\" alt=\"\" src=\"data:image\/gif;base64,R0lGODlhAQABAAAAACH5BAEKAAEALAAAAAABAAEAAAICTAEAOw==\" data-orig-src=\"https:\/\/lh3.googleusercontent.com\/-E02kE7uc8-8\/U47YFjg71YI\/AAAAAAAABHI\/Z9vcxft1PVQ\/w958-h639-no\/2014-06-04\" style=\"height: 667px; width: 1000px; border-width: 1px; border-style: solid; margin: 10px auto; display: block;\" \/><\/p>\n<p>\n\t<img class=\"lazyload\" decoding=\"async\" alt=\"\" src=\"data:image\/gif;base64,R0lGODlhAQABAAAAACH5BAEKAAEALAAAAAABAAEAAAICTAEAOw==\" data-orig-src=\"https:\/\/lh4.googleusercontent.com\/-EwvIXyvXd-s\/U47YFq2g2fI\/AAAAAAAABHI\/SdvLmJXGLH0\/w958-h639-no\/2014-06-04\" style=\"height: 667px; width: 1000px; border-width: 1px; border-style: solid; margin: 10px auto; display: block;\" \/><\/p>\n<p>\n\t<img class=\"lazyload\" decoding=\"async\" alt=\"\" src=\"data:image\/gif;base64,R0lGODlhAQABAAAAACH5BAEKAAEALAAAAAABAAEAAAICTAEAOw==\" data-orig-src=\"https:\/\/lh3.googleusercontent.com\/-lsqDtliZ_PA\/U42mkzerA2I\/AAAAAAAAA8Q\/lUSEWkvNqO0\/w958-h639-no\/2014-06-03\" style=\"height: 667px; width: 1000px; border-width: 1px; border-style: solid; margin: 10px auto; display: block;\" \/><\/p>\n<p>\n\t<img class=\"lazyload\" decoding=\"async\" alt=\"\" src=\"data:image\/gif;base64,R0lGODlhAQABAAAAACH5BAEKAAEALAAAAAABAAEAAAICTAEAOw==\" data-orig-src=\"https:\/\/lh3.googleusercontent.com\/-GYjl6YwE8b0\/U4zOJ07DViI\/AAAAAAAAA08\/2RyQe6GSuFI\/w801-h534-no\/2014-06-02\" style=\"height: 667px; width: 1000px; border-width: 1px; border-style: solid; margin: 10px auto; display: block;\" \/><\/p>\n<p>\n\t&nbsp;<\/p>\n<p>\n\t&nbsp;<\/p>\n<p>\n\t&nbsp;<\/p>\n<p>\n\t&nbsp;<\/p>\n<p>\n\t&nbsp;<\/p>\n<p>\n\t&nbsp;<\/p>\n<p>\n\t&nbsp;<\/p>\n<p>\n\t&nbsp;<\/p>\n<p>\n\t&nbsp;<\/p>\n<p>\n\t&nbsp;<\/p>\n<p>\n\t&nbsp;<\/p>\n<p>\n\t&nbsp;<\/p>\n","protected":false},"excerpt":{"rendered":"<p>&nbsp; &nbsp; Pasditen e s\u00eb diel\u00ebs, dt.1.qershor 2014, ora 18.oo, programi i dit\u00ebs vijoi nj\u00eb koncert festiv rinor n\u00eb Qendr\u00ebn Kulturore moderne, n\u00eb amfiteatrin posht\u00eb Kish\u00ebs Katedrale. N\u00eb t\u00eb mor\u00ebn pjes\u00eb t\u00eb gjitha delegacionet, miqt\u00eb e ftuar, politikan\u00eb, intelektual\u00eb e besimtar\u00eb orthodhoks\u00eb dhe ve\u00e7an\u00ebrisht shum\u00eb t\u00eb rinj, q\u00eb e b\u00ebn\u00eb atmosfer\u00ebn t\u00eb hareshme. Koncerti u hap me Himnin \u201cKrishti u Ngjall\u201d t\u00eb k\u00ebnduar nga Kori<\/p>\n","protected":false},"author":5,"featured_media":536,"comment_status":"open","ping_status":"open","sticky":false,"template":"","format":"standard","meta":{"_acf_changed":false,"pagelayer_contact_templates":[],"_pagelayer_content":"","inline_featured_image":false,"fifu_image_url":"","fifu_image_alt":"","footnotes":""},"categories":[108],"tags":[140,184,196,212,182],"class_list":["post-759","post","type-post","status-publish","format-standard","has-post-thumbnail","hentry","category-lajme","tag-140","tag-katedralja-ngjallja-e-krishtit-tirane","tag-tirane","tag-lajme-d27","tag-shenjterimi-i-katedrales"],"acf":[],"yoast_head":"<!-- This site is optimized with the Yoast SEO plugin v27.2 - https:\/\/yoast.com\/product\/yoast-seo-wordpress\/ -->\n<title>Koncert festiv me rastin e Shenjt\u00ebrimit t\u00eb Katedrales. (1 Qershor 2014) - Kisha Orthodh\u03bfkse Autoqefale e Shqip\u00ebris\u00eb<\/title>\n<meta name=\"robots\" content=\"index, follow, max-snippet:-1, max-image-preview:large, max-video-preview:-1\" \/>\n<link rel=\"canonical\" href=\"https:\/\/orthodoxalbania.org\/2020\/2014\/06\/03\/koncert-festiv-me-rastin-e-shenjterimit-te-katedrales\/\" \/>\n<meta property=\"og:locale\" content=\"en_US\" \/>\n<meta property=\"og:type\" content=\"article\" \/>\n<meta property=\"og:title\" content=\"Koncert festiv me rastin e Shenjt\u00ebrimit t\u00eb Katedrales. (1 Qershor 2014) - Kisha Orthodh\u03bfkse Autoqefale e Shqip\u00ebris\u00eb\" \/>\n<meta property=\"og:description\" content=\"&nbsp; &nbsp; Pasditen e s\u00eb diel\u00ebs, dt.1.qershor 2014, ora 18.oo, programi i dit\u00ebs vijoi nj\u00eb koncert festiv rinor n\u00eb Qendr\u00ebn Kulturore moderne, n\u00eb amfiteatrin posht\u00eb Kish\u00ebs Katedrale. N\u00eb t\u00eb mor\u00ebn pjes\u00eb t\u00eb gjitha delegacionet, miqt\u00eb e ftuar, politikan\u00eb, intelektual\u00eb e besimtar\u00eb orthodhoks\u00eb dhe ve\u00e7an\u00ebrisht shum\u00eb t\u00eb rinj, q\u00eb e b\u00ebn\u00eb atmosfer\u00ebn t\u00eb hareshme. Koncerti u hap me Himnin \u201cKrishti u Ngjall\u201d t\u00eb k\u00ebnduar nga Kori\" \/>\n<meta property=\"og:url\" content=\"https:\/\/orthodoxalbania.org\/2020\/2014\/06\/03\/koncert-festiv-me-rastin-e-shenjterimit-te-katedrales\/\" \/>\n<meta property=\"og:site_name\" content=\"Kisha Orthodh\u03bfkse Autoqefale e Shqip\u00ebris\u00eb\" \/>\n<meta property=\"article:publisher\" content=\"https:\/\/www.facebook.com\/koash1991\" \/>\n<meta property=\"article:published_time\" content=\"2014-06-03T06:56:21+00:00\" \/>\n<meta property=\"article:modified_time\" content=\"2020-04-06T20:02:28+00:00\" \/>\n<meta property=\"og:image\" content=\"https:\/\/orthodoxalbania.org\/2020\/wp-content\/uploads\/2020\/04\/2014-06-02.jpg\" \/>\n\t<meta property=\"og:image:width\" content=\"801\" \/>\n\t<meta property=\"og:image:height\" content=\"534\" \/>\n\t<meta property=\"og:image:type\" content=\"image\/jpeg\" \/>\n<meta name=\"author\" content=\"Administrator3\" \/>\n<meta name=\"twitter:card\" content=\"summary_large_image\" \/>\n<meta name=\"twitter:label1\" content=\"Written by\" \/>\n\t<meta name=\"twitter:data1\" content=\"Administrator3\" \/>\n\t<meta name=\"twitter:label2\" content=\"Est. reading time\" \/>\n\t<meta name=\"twitter:data2\" content=\"2 minutes\" \/>\n<script type=\"application\/ld+json\" class=\"yoast-schema-graph\">{\"@context\":\"https:\/\/schema.org\",\"@graph\":[{\"@type\":\"Article\",\"@id\":\"https:\/\/orthodoxalbania.org\/2020\/2014\/06\/03\/koncert-festiv-me-rastin-e-shenjterimit-te-katedrales\/#article\",\"isPartOf\":{\"@id\":\"https:\/\/orthodoxalbania.org\/2020\/2014\/06\/03\/koncert-festiv-me-rastin-e-shenjterimit-te-katedrales\/\"},\"author\":{\"name\":\"Administrator3\",\"@id\":\"https:\/\/orthodoxalbania.org\/2020\/#\/schema\/person\/8f81792a8d818674e96c380e1085eb43\"},\"headline\":\"Koncert festiv me rastin e Shenjt\u00ebrimit t\u00eb Katedrales. (1 Qershor 2014)\",\"datePublished\":\"2014-06-03T06:56:21+00:00\",\"dateModified\":\"2020-04-06T20:02:28+00:00\",\"mainEntityOfPage\":{\"@id\":\"https:\/\/orthodoxalbania.org\/2020\/2014\/06\/03\/koncert-festiv-me-rastin-e-shenjterimit-te-katedrales\/\"},\"wordCount\":479,\"commentCount\":0,\"publisher\":{\"@id\":\"https:\/\/orthodoxalbania.org\/2020\/#organization\"},\"image\":{\"@id\":\"https:\/\/orthodoxalbania.org\/2020\/2014\/06\/03\/koncert-festiv-me-rastin-e-shenjterimit-te-katedrales\/#primaryimage\"},\"thumbnailUrl\":\"https:\/\/orthodoxalbania.org\/2020\/wp-content\/uploads\/2020\/04\/2014-06-02.jpg\",\"keywords\":[\"2014\",\"Katedralja \u201cNgjallja e Krishtit\u201d Tiran\u00eb\",\"Kryepiskopata Tiran\u00eb\",\"lajme\",\"Shenjt\u00ebrimi i Katedrales \u201cNgjallja e Krishtit\u201d\"],\"articleSection\":[\"Lajme\"],\"inLanguage\":\"en-US\"},{\"@type\":\"WebPage\",\"@id\":\"https:\/\/orthodoxalbania.org\/2020\/2014\/06\/03\/koncert-festiv-me-rastin-e-shenjterimit-te-katedrales\/\",\"url\":\"https:\/\/orthodoxalbania.org\/2020\/2014\/06\/03\/koncert-festiv-me-rastin-e-shenjterimit-te-katedrales\/\",\"name\":\"Koncert festiv me rastin e Shenjt\u00ebrimit t\u00eb Katedrales. (1 Qershor 2014) - Kisha Orthodh\u03bfkse Autoqefale e Shqip\u00ebris\u00eb\",\"isPartOf\":{\"@id\":\"https:\/\/orthodoxalbania.org\/2020\/#website\"},\"primaryImageOfPage\":{\"@id\":\"https:\/\/orthodoxalbania.org\/2020\/2014\/06\/03\/koncert-festiv-me-rastin-e-shenjterimit-te-katedrales\/#primaryimage\"},\"image\":{\"@id\":\"https:\/\/orthodoxalbania.org\/2020\/2014\/06\/03\/koncert-festiv-me-rastin-e-shenjterimit-te-katedrales\/#primaryimage\"},\"thumbnailUrl\":\"https:\/\/orthodoxalbania.org\/2020\/wp-content\/uploads\/2020\/04\/2014-06-02.jpg\",\"datePublished\":\"2014-06-03T06:56:21+00:00\",\"dateModified\":\"2020-04-06T20:02:28+00:00\",\"breadcrumb\":{\"@id\":\"https:\/\/orthodoxalbania.org\/2020\/2014\/06\/03\/koncert-festiv-me-rastin-e-shenjterimit-te-katedrales\/#breadcrumb\"},\"inLanguage\":\"en-US\",\"potentialAction\":[{\"@type\":\"ReadAction\",\"target\":[\"https:\/\/orthodoxalbania.org\/2020\/2014\/06\/03\/koncert-festiv-me-rastin-e-shenjterimit-te-katedrales\/\"]}]},{\"@type\":\"ImageObject\",\"inLanguage\":\"en-US\",\"@id\":\"https:\/\/orthodoxalbania.org\/2020\/2014\/06\/03\/koncert-festiv-me-rastin-e-shenjterimit-te-katedrales\/#primaryimage\",\"url\":\"https:\/\/orthodoxalbania.org\/2020\/wp-content\/uploads\/2020\/04\/2014-06-02.jpg\",\"contentUrl\":\"https:\/\/orthodoxalbania.org\/2020\/wp-content\/uploads\/2020\/04\/2014-06-02.jpg\",\"width\":801,\"height\":534},{\"@type\":\"BreadcrumbList\",\"@id\":\"https:\/\/orthodoxalbania.org\/2020\/2014\/06\/03\/koncert-festiv-me-rastin-e-shenjterimit-te-katedrales\/#breadcrumb\",\"itemListElement\":[{\"@type\":\"ListItem\",\"position\":1,\"name\":\"Home\",\"item\":\"https:\/\/orthodoxalbania.org\/2020\/\"},{\"@type\":\"ListItem\",\"position\":2,\"name\":\"Koncert festiv me rastin e Shenjt\u00ebrimit t\u00eb Katedrales. (1 Qershor 2014)\"}]},{\"@type\":\"WebSite\",\"@id\":\"https:\/\/orthodoxalbania.org\/2020\/#website\",\"url\":\"https:\/\/orthodoxalbania.org\/2020\/\",\"name\":\"Kisha Orthodh\u03bfkse Autoqefale e Shqip\u00ebris\u00eb\",\"description\":\"Fqja Zyrtare e Kish\u00ebs Orthodhokse Autoqefale e Shqip\u00ebris\u00eb me lajmet edhe informacionet zyrtare p\u00ebr struktur\u00ebn edhe veprimtarin e saj.\",\"publisher\":{\"@id\":\"https:\/\/orthodoxalbania.org\/2020\/#organization\"},\"potentialAction\":[{\"@type\":\"SearchAction\",\"target\":{\"@type\":\"EntryPoint\",\"urlTemplate\":\"https:\/\/orthodoxalbania.org\/2020\/?s={search_term_string}\"},\"query-input\":{\"@type\":\"PropertyValueSpecification\",\"valueRequired\":true,\"valueName\":\"search_term_string\"}}],\"inLanguage\":\"en-US\"},{\"@type\":\"Organization\",\"@id\":\"https:\/\/orthodoxalbania.org\/2020\/#organization\",\"name\":\"Kisha Orthodhokse Autoqefale e Shqip\u00ebris\u00eb\",\"url\":\"https:\/\/orthodoxalbania.org\/2020\/\",\"logo\":{\"@type\":\"ImageObject\",\"inLanguage\":\"en-US\",\"@id\":\"https:\/\/orthodoxalbania.org\/2020\/#\/schema\/logo\/image\/\",\"url\":\"https:\/\/orthodoxalbania.org\/2020\/wp-content\/uploads\/2020\/05\/albania.jpeg\",\"contentUrl\":\"https:\/\/orthodoxalbania.org\/2020\/wp-content\/uploads\/2020\/05\/albania.jpeg\",\"width\":540,\"height\":540,\"caption\":\"Kisha Orthodhokse Autoqefale e Shqip\u00ebris\u00eb\"},\"image\":{\"@id\":\"https:\/\/orthodoxalbania.org\/2020\/#\/schema\/logo\/image\/\"},\"sameAs\":[\"https:\/\/www.facebook.com\/koash1991\"]},{\"@type\":\"Person\",\"@id\":\"https:\/\/orthodoxalbania.org\/2020\/#\/schema\/person\/8f81792a8d818674e96c380e1085eb43\",\"name\":\"Administrator3\",\"image\":{\"@type\":\"ImageObject\",\"inLanguage\":\"en-US\",\"@id\":\"https:\/\/secure.gravatar.com\/avatar\/f6b85b21b3f9159ff2c0d0cf50724456629c45a3e9069c9124ecd8a6cb95f6ca?s=96&d=mm&r=g\",\"url\":\"https:\/\/secure.gravatar.com\/avatar\/f6b85b21b3f9159ff2c0d0cf50724456629c45a3e9069c9124ecd8a6cb95f6ca?s=96&d=mm&r=g\",\"contentUrl\":\"https:\/\/secure.gravatar.com\/avatar\/f6b85b21b3f9159ff2c0d0cf50724456629c45a3e9069c9124ecd8a6cb95f6ca?s=96&d=mm&r=g\",\"caption\":\"Administrator3\"}}]}<\/script>\n<!-- \/ Yoast SEO plugin. -->","yoast_head_json":{"title":"Koncert festiv me rastin e Shenjt\u00ebrimit t\u00eb Katedrales. (1 Qershor 2014) - Kisha Orthodh\u03bfkse Autoqefale e Shqip\u00ebris\u00eb","robots":{"index":"index","follow":"follow","max-snippet":"max-snippet:-1","max-image-preview":"max-image-preview:large","max-video-preview":"max-video-preview:-1"},"canonical":"https:\/\/orthodoxalbania.org\/2020\/2014\/06\/03\/koncert-festiv-me-rastin-e-shenjterimit-te-katedrales\/","og_locale":"en_US","og_type":"article","og_title":"Koncert festiv me rastin e Shenjt\u00ebrimit t\u00eb Katedrales. (1 Qershor 2014) - Kisha Orthodh\u03bfkse Autoqefale e Shqip\u00ebris\u00eb","og_description":"&nbsp; &nbsp; Pasditen e s\u00eb diel\u00ebs, dt.1.qershor 2014, ora 18.oo, programi i dit\u00ebs vijoi nj\u00eb koncert festiv rinor n\u00eb Qendr\u00ebn Kulturore moderne, n\u00eb amfiteatrin posht\u00eb Kish\u00ebs Katedrale. N\u00eb t\u00eb mor\u00ebn pjes\u00eb t\u00eb gjitha delegacionet, miqt\u00eb e ftuar, politikan\u00eb, intelektual\u00eb e besimtar\u00eb orthodhoks\u00eb dhe ve\u00e7an\u00ebrisht shum\u00eb t\u00eb rinj, q\u00eb e b\u00ebn\u00eb atmosfer\u00ebn t\u00eb hareshme. Koncerti u hap me Himnin \u201cKrishti u Ngjall\u201d t\u00eb k\u00ebnduar nga Kori","og_url":"https:\/\/orthodoxalbania.org\/2020\/2014\/06\/03\/koncert-festiv-me-rastin-e-shenjterimit-te-katedrales\/","og_site_name":"Kisha Orthodh\u03bfkse Autoqefale e Shqip\u00ebris\u00eb","article_publisher":"https:\/\/www.facebook.com\/koash1991","article_published_time":"2014-06-03T06:56:21+00:00","article_modified_time":"2020-04-06T20:02:28+00:00","og_image":[{"width":801,"height":534,"url":"https:\/\/orthodoxalbania.org\/2020\/wp-content\/uploads\/2020\/04\/2014-06-02.jpg","type":"image\/jpeg"}],"author":"Administrator3","twitter_card":"summary_large_image","twitter_misc":{"Written by":"Administrator3","Est. reading time":"2 minutes"},"schema":{"@context":"https:\/\/schema.org","@graph":[{"@type":"Article","@id":"https:\/\/orthodoxalbania.org\/2020\/2014\/06\/03\/koncert-festiv-me-rastin-e-shenjterimit-te-katedrales\/#article","isPartOf":{"@id":"https:\/\/orthodoxalbania.org\/2020\/2014\/06\/03\/koncert-festiv-me-rastin-e-shenjterimit-te-katedrales\/"},"author":{"name":"Administrator3","@id":"https:\/\/orthodoxalbania.org\/2020\/#\/schema\/person\/8f81792a8d818674e96c380e1085eb43"},"headline":"Koncert festiv me rastin e Shenjt\u00ebrimit t\u00eb Katedrales. (1 Qershor 2014)","datePublished":"2014-06-03T06:56:21+00:00","dateModified":"2020-04-06T20:02:28+00:00","mainEntityOfPage":{"@id":"https:\/\/orthodoxalbania.org\/2020\/2014\/06\/03\/koncert-festiv-me-rastin-e-shenjterimit-te-katedrales\/"},"wordCount":479,"commentCount":0,"publisher":{"@id":"https:\/\/orthodoxalbania.org\/2020\/#organization"},"image":{"@id":"https:\/\/orthodoxalbania.org\/2020\/2014\/06\/03\/koncert-festiv-me-rastin-e-shenjterimit-te-katedrales\/#primaryimage"},"thumbnailUrl":"https:\/\/orthodoxalbania.org\/2020\/wp-content\/uploads\/2020\/04\/2014-06-02.jpg","keywords":["2014","Katedralja \u201cNgjallja e Krishtit\u201d Tiran\u00eb","Kryepiskopata Tiran\u00eb","lajme","Shenjt\u00ebrimi i Katedrales \u201cNgjallja e Krishtit\u201d"],"articleSection":["Lajme"],"inLanguage":"en-US"},{"@type":"WebPage","@id":"https:\/\/orthodoxalbania.org\/2020\/2014\/06\/03\/koncert-festiv-me-rastin-e-shenjterimit-te-katedrales\/","url":"https:\/\/orthodoxalbania.org\/2020\/2014\/06\/03\/koncert-festiv-me-rastin-e-shenjterimit-te-katedrales\/","name":"Koncert festiv me rastin e Shenjt\u00ebrimit t\u00eb Katedrales. (1 Qershor 2014) - Kisha Orthodh\u03bfkse Autoqefale e Shqip\u00ebris\u00eb","isPartOf":{"@id":"https:\/\/orthodoxalbania.org\/2020\/#website"},"primaryImageOfPage":{"@id":"https:\/\/orthodoxalbania.org\/2020\/2014\/06\/03\/koncert-festiv-me-rastin-e-shenjterimit-te-katedrales\/#primaryimage"},"image":{"@id":"https:\/\/orthodoxalbania.org\/2020\/2014\/06\/03\/koncert-festiv-me-rastin-e-shenjterimit-te-katedrales\/#primaryimage"},"thumbnailUrl":"https:\/\/orthodoxalbania.org\/2020\/wp-content\/uploads\/2020\/04\/2014-06-02.jpg","datePublished":"2014-06-03T06:56:21+00:00","dateModified":"2020-04-06T20:02:28+00:00","breadcrumb":{"@id":"https:\/\/orthodoxalbania.org\/2020\/2014\/06\/03\/koncert-festiv-me-rastin-e-shenjterimit-te-katedrales\/#breadcrumb"},"inLanguage":"en-US","potentialAction":[{"@type":"ReadAction","target":["https:\/\/orthodoxalbania.org\/2020\/2014\/06\/03\/koncert-festiv-me-rastin-e-shenjterimit-te-katedrales\/"]}]},{"@type":"ImageObject","inLanguage":"en-US","@id":"https:\/\/orthodoxalbania.org\/2020\/2014\/06\/03\/koncert-festiv-me-rastin-e-shenjterimit-te-katedrales\/#primaryimage","url":"https:\/\/orthodoxalbania.org\/2020\/wp-content\/uploads\/2020\/04\/2014-06-02.jpg","contentUrl":"https:\/\/orthodoxalbania.org\/2020\/wp-content\/uploads\/2020\/04\/2014-06-02.jpg","width":801,"height":534},{"@type":"BreadcrumbList","@id":"https:\/\/orthodoxalbania.org\/2020\/2014\/06\/03\/koncert-festiv-me-rastin-e-shenjterimit-te-katedrales\/#breadcrumb","itemListElement":[{"@type":"ListItem","position":1,"name":"Home","item":"https:\/\/orthodoxalbania.org\/2020\/"},{"@type":"ListItem","position":2,"name":"Koncert festiv me rastin e Shenjt\u00ebrimit t\u00eb Katedrales. (1 Qershor 2014)"}]},{"@type":"WebSite","@id":"https:\/\/orthodoxalbania.org\/2020\/#website","url":"https:\/\/orthodoxalbania.org\/2020\/","name":"Kisha Orthodh\u03bfkse Autoqefale e Shqip\u00ebris\u00eb","description":"Fqja Zyrtare e Kish\u00ebs Orthodhokse Autoqefale e Shqip\u00ebris\u00eb me lajmet edhe informacionet zyrtare p\u00ebr struktur\u00ebn edhe veprimtarin e saj.","publisher":{"@id":"https:\/\/orthodoxalbania.org\/2020\/#organization"},"potentialAction":[{"@type":"SearchAction","target":{"@type":"EntryPoint","urlTemplate":"https:\/\/orthodoxalbania.org\/2020\/?s={search_term_string}"},"query-input":{"@type":"PropertyValueSpecification","valueRequired":true,"valueName":"search_term_string"}}],"inLanguage":"en-US"},{"@type":"Organization","@id":"https:\/\/orthodoxalbania.org\/2020\/#organization","name":"Kisha Orthodhokse Autoqefale e Shqip\u00ebris\u00eb","url":"https:\/\/orthodoxalbania.org\/2020\/","logo":{"@type":"ImageObject","inLanguage":"en-US","@id":"https:\/\/orthodoxalbania.org\/2020\/#\/schema\/logo\/image\/","url":"https:\/\/orthodoxalbania.org\/2020\/wp-content\/uploads\/2020\/05\/albania.jpeg","contentUrl":"https:\/\/orthodoxalbania.org\/2020\/wp-content\/uploads\/2020\/05\/albania.jpeg","width":540,"height":540,"caption":"Kisha Orthodhokse Autoqefale e Shqip\u00ebris\u00eb"},"image":{"@id":"https:\/\/orthodoxalbania.org\/2020\/#\/schema\/logo\/image\/"},"sameAs":["https:\/\/www.facebook.com\/koash1991"]},{"@type":"Person","@id":"https:\/\/orthodoxalbania.org\/2020\/#\/schema\/person\/8f81792a8d818674e96c380e1085eb43","name":"Administrator3","image":{"@type":"ImageObject","inLanguage":"en-US","@id":"https:\/\/secure.gravatar.com\/avatar\/f6b85b21b3f9159ff2c0d0cf50724456629c45a3e9069c9124ecd8a6cb95f6ca?s=96&d=mm&r=g","url":"https:\/\/secure.gravatar.com\/avatar\/f6b85b21b3f9159ff2c0d0cf50724456629c45a3e9069c9124ecd8a6cb95f6ca?s=96&d=mm&r=g","contentUrl":"https:\/\/secure.gravatar.com\/avatar\/f6b85b21b3f9159ff2c0d0cf50724456629c45a3e9069c9124ecd8a6cb95f6ca?s=96&d=mm&r=g","caption":"Administrator3"}}]}},"_links":{"self":[{"href":"https:\/\/orthodoxalbania.org\/2020\/wp-json\/wp\/v2\/posts\/759","targetHints":{"allow":["GET"]}}],"collection":[{"href":"https:\/\/orthodoxalbania.org\/2020\/wp-json\/wp\/v2\/posts"}],"about":[{"href":"https:\/\/orthodoxalbania.org\/2020\/wp-json\/wp\/v2\/types\/post"}],"author":[{"embeddable":true,"href":"https:\/\/orthodoxalbania.org\/2020\/wp-json\/wp\/v2\/users\/5"}],"replies":[{"embeddable":true,"href":"https:\/\/orthodoxalbania.org\/2020\/wp-json\/wp\/v2\/comments?post=759"}],"version-history":[{"count":1,"href":"https:\/\/orthodoxalbania.org\/2020\/wp-json\/wp\/v2\/posts\/759\/revisions"}],"predecessor-version":[{"id":15088,"href":"https:\/\/orthodoxalbania.org\/2020\/wp-json\/wp\/v2\/posts\/759\/revisions\/15088"}],"wp:featuredmedia":[{"embeddable":true,"href":"https:\/\/orthodoxalbania.org\/2020\/wp-json\/wp\/v2\/media\/536"}],"wp:attachment":[{"href":"https:\/\/orthodoxalbania.org\/2020\/wp-json\/wp\/v2\/media?parent=759"}],"wp:term":[{"taxonomy":"category","embeddable":true,"href":"https:\/\/orthodoxalbania.org\/2020\/wp-json\/wp\/v2\/categories?post=759"},{"taxonomy":"post_tag","embeddable":true,"href":"https:\/\/orthodoxalbania.org\/2020\/wp-json\/wp\/v2\/tags?post=759"}],"curies":[{"name":"wp","href":"https:\/\/api.w.org\/{rel}","templated":true}]}}