{"id":750,"date":"2013-03-21T00:00:00","date_gmt":"2013-03-21T00:00:00","guid":{"rendered":""},"modified":"2020-04-06T22:32:14","modified_gmt":"2020-04-06T20:32:14","slug":"kompleksi-i-katedrales-se-re-ngjallja-e-krishtit","status":"publish","type":"post","link":"https:\/\/orthodoxalbania.org\/2020\/2013\/03\/21\/kompleksi-i-katedrales-se-re-ngjallja-e-krishtit\/","title":{"rendered":"Kompleksi i Katedrales s\u00eb re  \u201cNgjallja e Krishtit\u201d."},"content":{"rendered":"<p>\n\t&nbsp;<\/p>\n<div class=\"MsoNormal\" style=\"text-align: justify; text-indent: 14.15pt; line-height: 16.5pt;\">\n\t<span style=\"color:#000000;\"><img class=\"lazyload\" decoding=\"async\" alt=\"\" src=\"data:image\/gif;base64,R0lGODlhAQABAAAAACH5BAEKAAEALAAAAAABAAEAAAICTAEAOw==\" data-orig-src=\"https:\/\/lh3.googleusercontent.com\/-sxHgGE3isdU\/T-SjPvPw4MI\/AAAAAAAAALY\/YGYV2X4421A\/s800\/Faqja%207%2C%20brendesia%20kishes.jpg\" style=\"border-width: 1px; border-style: solid; margin: 10px; float: left; width: 280px; height: 188px;\" \/><span style=\"font-family:tahoma,geneva,sans-serif;\"><span style=\"font-size: 12px;\"><span lang=\"SQ\">Kompleksi i Katedrales s\u00eb re t\u00eb Tiran\u00ebs \u201cNgjallja e Krishtit\u201d, \u00ebsht\u00eb nd\u00ebrtuar n\u00eb qe-nd\u00ebr t\u00eb kryeqytetit, n\u00eb nj\u00eb truall q\u00eb u dha gradualisht nga autoritetet shtet\u00ebrore (2001-2005) n\u00eb kompensim t\u00eb truallit t\u00eb kish\u00ebs s\u00eb vjet\u00ebr katedrale t\u00eb Tiran\u00ebs, e cila u shkat\u00ebrrua nga regjimi ateist m\u00eb 1967. P\u00ebr studimin arkitekturor t\u00eb vepr\u00ebs, n\u00eb vitin 2002 u zhvillua nj\u00eb konkurs nd\u00ebrkomb\u00ebtar, ku fitues u shpall zyra \u201cPapadatos Partnership LLP Architects\u201d, nga Nju Jorku. N\u00eb vijim, projektit fillestar iu b\u00ebn\u00eb p\u00ebrpunime t\u00eb m\u00ebtejshme. <\/span><\/span><\/span><\/span><\/div>\n<div class=\"MsoNormal\" style=\"text-align: justify; text-indent: 14.15pt; line-height: 16.5pt;\">\n\t<br \/>\n\t<span style=\"color:#000000;\"><span style=\"font-family:tahoma,geneva,sans-serif;\"><span style=\"font-size: 12px;\">&nbsp;&nbsp;&nbsp;&nbsp;&nbsp; <span lang=\"SQ\">Kompleksi i vepr\u00ebs p\u00ebrb\u00ebhet nga k\u00ebto korpuse: Kisha katedrale, Kish\u00ebza, Kambanorja, Selia e Sinodit t\u00eb Shenjt\u00eb dhe Qendra Kulturore.<\/span><\/span><\/span><\/span><\/div>\n<div class=\"MsoNormal\" style=\"text-align: justify; text-indent: 14.15pt; line-height: 16.5pt;\">\n\t<br \/>\n\t<span style=\"color:#000000;\"><span style=\"font-family:tahoma,geneva,sans-serif;\"><span style=\"font-size: 12px;\">&nbsp;&nbsp;&nbsp;&nbsp; <span lang=\"SQ\">Koncepti arkitekturor i <\/span><\/span><\/span><\/span><span style=\"color:#b22222;\"><span style=\"font-family: tahoma,geneva,sans-serif;\"><span style=\"font-size: 12px;\"><span lang=\"SQ\"><strong>Kish\u00ebs katedrale<\/strong><\/span><\/span><\/span><\/span><span style=\"color:#000000;\"><span style=\"font-family:tahoma,geneva,sans-serif;\"><span style=\"font-size: 12px;\"><span lang=\"SQ\"> mb\u00ebshtetet n\u00eb ciklin, q\u00eb p\u00ebrmban kuptimin e koh\u00ebs s\u00eb pafundme (s\u00eb p\u00ebrjetshme), aksi kulmor i t\u00eb cilit (ai q\u00eb lidh tok\u00ebn me Qiejt) p\u00ebrb\u00ebn edhe qendr\u00ebn e t\u00eb gjith\u00eb ansamblit. Ky aks \u00ebsht\u00eb po ashtu edhe qendra e nj\u00eb kryqi t\u00eb madh, me gjat\u00ebsi dhe gjer\u00ebsi 49 m, krah\u00ebt e t\u00eb cilit p\u00ebrb\u00ebjn\u00eb masat kryesore mb\u00ebshtet\u00ebse t\u00eb kish\u00ebs. Kisha mbulohet me kupol\u00eb, me dia-met\u00ebr t\u00eb brendsh\u00ebm 26 m dhe lart\u00ebsi 23 m, nd\u00ebrsa kat\u00ebr masat mb\u00ebshtet\u00ebse p\u00ebrfundojn\u00eb me mbulesa gjysm\u00ebcilindrike. <\/span><\/span><\/span><\/span><\/div>\n<div class=\"MsoNormal\" style=\"text-align: justify; text-indent: 14.15pt; line-height: 16.5pt;\">\n\t<br \/>\n\t<span style=\"color:#000000;\"><span style=\"font-family:tahoma,geneva,sans-serif;\"><span style=\"font-size: 12px;\">&nbsp;&nbsp;&nbsp;&nbsp; <span lang=\"SQ\">Kryqi i kupol\u00ebs, kat\u00ebr mbulesat gjysm\u00ebcilindrike t\u00eb masave mb\u00ebshtet\u00ebse dhe tri absidat e Hierores jan\u00eb t\u00eb veshura me flet\u00eb bakri ngjyr\u00eb floriri. N\u00eb ndarjet nd\u00ebrmjet dritareve t\u00eb kupol\u00ebs jan\u00eb vendosur perimetrikisht 52 element\u00eb dekorativ\u00eb n\u00eb reliev, nd\u00ebrsa kat\u00ebr masat mb\u00ebshtet\u00ebse dekorohen me basoreliev, me tem\u00eb sigl\u00ebn dhe kallirin, si simbol i sakrific\u00ebs dhe pjelloris\u00eb.<\/span><\/span><\/span><\/span><\/div>\n<div class=\"MsoNormal\" style=\"text-align: justify; text-indent: 14.15pt; line-height: 16.5pt;\">\n\t<br \/>\n\t<span style=\"color:#000000;\"><span style=\"font-family:tahoma,geneva,sans-serif;\"><span style=\"font-size: 12px;\">&nbsp;&nbsp;&nbsp;&nbsp; <span lang=\"SQ\">Pamja per\u00ebndimore &#8211; fasada e kish\u00ebs formohet nga nj\u00eb hark i madh. Ky hark krijon p\u00ebrshtypjen e mikpritjes dhe shiriti i ndritsh\u00ebm i qelqt\u00eb, n\u00eb ngjyr\u00eb t\u00eb kalt\u00ebr, t\u00eb jep p\u00ebrshtypjen e harkut t\u00eb ylberit. Muri per\u00ebndimor \u00ebsht\u00eb i veshur me mermer t\u00eb bardh\u00eb dhe n\u00eb qend\u00ebr t\u00eb tij ndodhet hyrja kryesore. Mbi hyrjen kryesore \u00ebsht\u00eb vendosur nj\u00eb kryq i madh i bronzt\u00eb, i qarkuar nga dy kallinj, simbol i dashuris\u00eb sakrifikuese dhe i p\u00ebrkushtimit (Joani, 12.24).<\/span><\/span><\/span><\/span><\/div>\n<div class=\"MsoNormal\" style=\"text-align: justify; text-indent: 14.15pt; line-height: 16.5pt;\">\n\t<br \/>\n\t<span style=\"color:#000000;\"><span style=\"font-family:tahoma,geneva,sans-serif;\"><span style=\"font-size: 12px;\">&nbsp;&nbsp;&nbsp;&nbsp; <span lang=\"SQ\">Lozha (gjinekoniti), q\u00eb ndodhet mbi narteksin dhe dy hajatet an\u00ebsore, disponon dysheme t\u00eb shkall\u00ebzuar, n\u00eb m\u00ebnyr\u00eb q\u00eb t\u00eb gjith\u00eb besimtar\u00ebt t\u00eb ken\u00eb kontakt pamor me naosin qendror, amvonin dhe ikonostasin. Kupola p\u00ebrbrenda \u00ebsht\u00eb me reliev t\u00eb dekoruar me mozaik, n\u00eb qend\u00ebr t\u00eb t\u00eb cilit mbizot\u00ebron \u201ci Gjith\u00ebpushtetshmi\u201d, nd\u00ebrsa dymb\u00ebdhjet\u00eb ndarjet p\u00ebrreth mbulohen me paraqitjen e dekoruar t\u00eb qiellit. P\u00ebrqark t\u00eb Gjith\u00ebpushtetshmit, dymb\u00ebdhjet\u00eb rreze t\u00eb krijojn\u00eb ndjesin\u00eb e rrezeve t\u00eb Drit\u00ebs Hyjnore, e cila&nbsp; n\u00ebp\u00ebrmjet dritareve p\u00ebr\u00e7ohet n\u00eb t\u00eb gjith\u00eb qytetin. Po ashtu me mozaik \u00ebsht\u00eb zbukuruar absida e hierores dhe kat\u00ebr harqet q\u00eb mbajn\u00eb kupol\u00ebn. <\/span><\/span><\/span><\/span><\/div>\n<div class=\"MsoNormal\" style=\"text-align: justify; text-indent: 14.15pt; line-height: 16.5pt;\">\n\t<br \/>\n\t<span style=\"color:#000000;\"><span style=\"font-family:tahoma,geneva,sans-serif;\"><span style=\"font-size: 12px;\">&nbsp;&nbsp;&nbsp;&nbsp; <span lang=\"SQ\">Llambadari qendror \u00ebsht\u00eb kompozuar me flet\u00eb bronzi, duke krijuar nivele t\u00eb nj\u00ebpasnj\u00ebshme qirinjsh n\u00eb form\u00eb rrethore dhe gjysm\u00ebrrethore. Po ashtu, 120 qirinj, t\u00eb shp\u00ebrndar\u00eb n\u00eb m\u00ebnyr\u00eb perimetrike, plot\u00ebsojn\u00eb ndri\u00e7imin e kish\u00ebs.<\/span><\/span><\/span><\/span><\/div>\n<div class=\"MsoNormal\" style=\"text-align: justify; text-indent: 14.15pt; line-height: 16.5pt;\">\n\t<br \/>\n\t<span style=\"color:#000000;\"><span style=\"font-family:tahoma,geneva,sans-serif;\"><span style=\"font-size: 12px;\">&nbsp;&nbsp;&nbsp;&nbsp; <span lang=\"SQ\">N\u00eb qoshen veriper\u00ebndimore t\u00eb truallit \u00ebsht\u00eb nd\u00ebrtuar <\/span><\/span><\/span><\/span><span style=\"color:#b22222;\"><span style=\"font-family: tahoma,geneva,sans-serif;\"><span style=\"font-size: 12px;\"><span lang=\"SQ\"><strong>Kish\u00ebza<\/strong><\/span><\/span><\/span><\/span><span style=\"color:#000000;\"><span style=\"font-family:tahoma,geneva,sans-serif;\"><span style=\"font-size: 12px;\"><span lang=\"SQ\">, e cila mbulohet me \u00e7ati n\u00eb form\u00eb kryqi. Kubeja e saj, e veshur me flet\u00eb bakri, p\u00ebrfundon me dritare rrethore. Hierorja ve\u00e7ohet nga nj\u00eb ikonostas i gdhendur n\u00eb dru, nd\u00ebrsa nga nj\u00eb dritare rrethore e qelqt\u00eb, n\u00eb qend\u00ebr t\u00eb dyshemes\u00eb, drita natyrale hyn n\u00eb pag\u00ebzimoren, e cila gjendet pik\u00ebrisht posht\u00eb kish\u00ebz\u00ebs, n\u00eb katin e n\u00ebndhesh\u00ebm. Kish\u00ebza <\/span><\/span><\/span><\/span><span style=\"color:#b22222;\"><span style=\"font-family: tahoma,geneva,sans-serif;\"><span style=\"font-size: 12px;\"><span lang=\"SQ\"><strong style=\"mso-bidi-font-weight: normal;\">i kushtohet Lindjes s\u00eb Krishtit<\/strong><\/span><\/span><\/span><\/span><span style=\"color:#000000;\"><span style=\"font-family:tahoma,geneva,sans-serif;\"><span style=\"font-size: 12px;\"><span lang=\"SQ\"> dhe \u00ebsht\u00eb e zbukuruar me ikonografi murale. <\/span><\/span><\/span><\/span><\/div>\n<div class=\"MsoNormal\" style=\"text-align: justify; text-indent: 14.15pt; line-height: 16.5pt;\">\n\t<br \/>\n\t<span style=\"color:#000000;\"><span style=\"font-family:tahoma,geneva,sans-serif;\"><span style=\"font-size: 12px;\">&nbsp;&nbsp;&nbsp;&nbsp;&nbsp; <span lang=\"SQ\">Konceptimi arkitekturor i <\/span><\/span><\/span><\/span><span style=\"color:#b22222;\"><span style=\"font-family: tahoma,geneva,sans-serif;\"><span style=\"font-size: 12px;\"><span lang=\"SQ\"><strong>Kambanores<\/strong><\/span><\/span><\/span><\/span><span style=\"color:#000000;\"><span style=\"font-family:tahoma,geneva,sans-serif;\"><span style=\"font-size: 12px;\"><span lang=\"SQ\"> me lart\u00ebsi 46 m u b\u00eb nga Kryepiskopi Anastas, nd\u00ebrsa projektimi p\u00ebrfundimtar u krye nga nj\u00eb grup projektuesish. Ajo p\u00ebrb\u00ebhet nga kat\u00ebr llambadhe Pashke, t\u00eb cilat simbolizojn\u00eb kat\u00ebr Ungjillor\u00ebt q\u00eb shpallin Ngjalljen. Ato bashkohen rreth boshtit qendror t\u00eb shkall\u00ebve. Shkalla rrethore t\u00eb \u00e7on n\u00eb dy kate t\u00eb hapura, ku jan\u00eb vendosur 16 kambana. Mbi kambana, ka nj\u00eb or\u00eb kat\u00ebrfaq\u00ebshe sh\u00ebnon koh\u00ebn. <\/span><\/span><\/span><\/span><\/div>\n<div class=\"MsoNormal\" style=\"text-align: justify; text-indent: 14.15pt; line-height: 16.5pt;\">\n\t<br \/>\n\t<span style=\"color:#000000;\"><span style=\"font-family:tahoma,geneva,sans-serif;\"><span style=\"font-size: 12px;\">&nbsp;&nbsp;&nbsp;&nbsp; <span lang=\"SQ\">N\u00eb an\u00ebn lindore t\u00eb Kompleksit gjendet <\/span><\/span><\/span><\/span><span style=\"color:#b22222;\"><span style=\"font-family: tahoma,geneva,sans-serif;\"><span style=\"font-size: 12px;\"><span lang=\"SQ\"><strong>Selia e Sinodit t\u00eb Shenjt\u00eb<\/strong><\/span><\/span><\/span><\/span><span style=\"color:#000000;\"><span style=\"font-family:tahoma,geneva,sans-serif;\"><span style=\"font-size: 12px;\"><span lang=\"SQ\">, ku do t\u00eb vendosen zyrat e Sinodit, t\u00eb Kryepiskopat\u00ebs, biblioteka dhe dy kish\u00ebza. K\u00ebto mjedise jan\u00eb t\u00eb vendosura n\u00eb kat\u00ebr kate t\u00eb mbidheshme e n\u00eb dy t\u00eb n\u00ebndheshme. N\u00eb katin e tret\u00eb, tri veranda t\u00eb m\u00ebdha shikojn\u00eb drejt qendr\u00ebs s\u00eb Tiran\u00ebs e Kish\u00ebs katedrale.<\/span><\/span><\/span><\/span><\/div>\n<div class=\"MsoNormal\" style=\"text-align: justify; text-indent: 14.15pt; line-height: 16.5pt;\">\n\t<br \/>\n\t<span style=\"color:#000000;\"><span style=\"font-family:tahoma,geneva,sans-serif;\"><span style=\"font-size: 12px;\">&nbsp;&nbsp;&nbsp;&nbsp; <span lang=\"SQ\">Plot\u00ebsimi i nevojave p\u00ebr nj\u00eb <\/span><\/span><\/span><\/span><span style=\"color:#b22222;\"><span style=\"font-family: tahoma,geneva,sans-serif;\"><span style=\"font-size: 12px;\"><span lang=\"SQ\"><strong>Qend\u00ebr Kulturore dhe Konferencash<\/strong><\/span><\/span><\/span><\/span><span style=\"color:#000000;\"><span style=\"font-family:tahoma,geneva,sans-serif;\"><span style=\"font-size: 12px;\"><span lang=\"SQ\"> u realizua me shfryt\u00ebzimin e dy kateve t\u00eb n\u00ebndheshme, n\u00ebn sheshin e kish\u00ebs katedrale. Qendra p\u00ebrmban amfiteat\u00ebr, me kapacitet prej 500-850 vendesh, q\u00eb mund t\u00eb p\u00ebrdoret, gjithashtu, edhe p\u00ebr referate, shfaqje dhe veprimtari muzikore. Krahu i mjediseve ndihm\u00ebse &#8211; prapaskenave, krijojn\u00eb mund\u00ebsi q\u00eb salla t\u00eb p\u00ebrdoret edhe si teat\u00ebr. <\/span><\/span><\/span><\/span><\/div>\n<div class=\"MsoNormal\" style=\"text-align: justify; text-indent: 14.15pt; line-height: 16.5pt;\">\n\t<br \/>\n\t<span style=\"color:#000000;\"><span style=\"font-family:tahoma,geneva,sans-serif;\"><span style=\"font-size: 12px;\">&nbsp;&nbsp;&nbsp;&nbsp; <span lang=\"SQ\">N\u00eb pjes\u00ebn lindore t\u00eb amfiteatrit, \u00ebsht\u00eb krijuar nj\u00eb muze i vog\u00ebl, nj\u00eb sall\u00eb referatesh, mjedise p\u00ebr bankete dhe nj\u00eb sall\u00eb p\u00ebr ekspozitat dhe veprimtarit\u00eb e f\u00ebmij\u00ebve.&nbsp; <\/span><\/span><\/span><\/span><\/div>\n<div class=\"MsoNormal\" style=\"text-align: justify; text-indent: 14.15pt; line-height: 16.5pt;\">\n\t<br \/>\n\t<span style=\"color:#000000;\"><span style=\"font-family:tahoma,geneva,sans-serif;\"><span style=\"font-size: 12px;\">&nbsp;&nbsp;&nbsp; <span lang=\"SQ\">N\u00eb t\u00eb djatht\u00eb t\u00eb shkall\u00ebve t\u00eb mermerta madh\u00ebshtore q\u00eb t\u00eb \u00e7ojn\u00eb drejt Kish\u00ebs katedrale, ekziston nj\u00eb hap\u00ebsir\u00eb e bollshme p\u00ebr ambientet e<\/span><\/span><\/span><\/span><span style=\"color:#b22222;\"><span style=\"font-family: tahoma,geneva,sans-serif;\"><span style=\"font-size: 12px;\"><span lang=\"SQ\"> <strong>libraris\u00eb<\/strong><\/span><\/span><\/span><\/span><span style=\"color:#000000;\"><span style=\"font-family:tahoma,geneva,sans-serif;\"><span style=\"font-size: 12px;\"><span lang=\"SQ\"> dhe t\u00eb dyqanit t\u00eb objekteve kishtare. Nd\u00ebrkoh\u00eb, n\u00eb krahun e majt\u00eb t\u00eb shkall\u00ebve ndodhen dy salla p\u00ebr takimet e t\u00eb rinjve dhe e besimtar\u00ebve pas mbarimit t\u00eb sh\u00ebrbesave kishtare. N\u00eb an\u00ebn veriore, p\u00ebrpara Qendr\u00ebs Kulturore, \u00ebsht\u00eb krijuar nj\u00eb <\/span><\/span><\/span><\/span><span style=\"color:#b22222;\"><span style=\"font-family: tahoma,geneva,sans-serif;\"><span style=\"font-size: 12px;\"><span lang=\"SQ\"><strong>amfiteat\u00ebr<\/strong><\/span><\/span><\/span><\/span><span style=\"color:#000000;\"><span style=\"font-family:tahoma,geneva,sans-serif;\"><span style=\"font-size: 12px;\"><span lang=\"SQ\"> i vog\u00ebl, i hapur, p\u00ebr veprimtari verore.<\/span><\/span><\/span><\/span><\/div>\n<div class=\"MsoNormal\" style=\"text-align: justify; text-indent: 14.15pt; line-height: 16.5pt;\">\n\t<br \/>\n\t<span style=\"color:#000000;\"><span style=\"font-family:tahoma,geneva,sans-serif;\"><span style=\"font-size: 12px;\">&nbsp;&nbsp;&nbsp; <span lang=\"SQ\">Me k\u00ebt\u00eb vep\u00ebr, Kisha Orthodhokse Autoqefale e Shqip\u00ebris\u00eb synon t\u00eb kontribuoj\u00eb n\u00eb plot\u00ebsimin esencial t\u00eb nevojave fetare t\u00eb besimtar\u00ebve, n\u00eb kultivimin shpirt\u00ebror t\u00eb t\u00eb rinjve, n\u00eb rim\u00ebk\u00ebmbjen e jet\u00ebs kulturore dhe sociale t\u00eb Tiran\u00ebs dhe, m\u00eb gjer\u00eb, t\u00eb t\u00eb gjith\u00eb Shqip\u00ebris\u00eb. Gjithashtu, ajo ka si q\u00ebllim t\u00eb kontribuoj\u00eb n\u00eb zhvillimin e marr\u00ebdh\u00ebnieve nd\u00ebrkulturore nd\u00ebrmjet grupeve sociale dhe n\u00eb plot\u00ebsimin e nevojave strehimore t\u00eb Sinodit t\u00eb Shenjt\u00eb dhe t\u00eb Kryepiskopat\u00ebs s\u00eb Tiran\u00ebs. Morfologjia e jashtme e Kompleksit g\u00ebrshetohet si me form\u00ebn e Kish\u00ebs katedrale, ashtu edhe me arkitektur\u00ebn karakteristike t\u00eb godinave ministrore rreth saj dhe integrohet harmonikisht n\u00eb qendr\u00ebn historike t\u00eb kryeqytetit, duke i shtuar asaj element\u00eb evolutiv\u00eb t\u00eb shek. XXI.<\/span><\/span><\/span><\/span><\/div>\n<div class=\"MsoNormal\" style=\"text-align: justify; text-indent: 14.15pt; line-height: 16.5pt;\">\n\t<br \/>\n\t<span style=\"color:#000000;\"><span style=\"font-family:tahoma,geneva,sans-serif;\"><span style=\"font-size: 12px;\">&nbsp;&nbsp;&nbsp;&nbsp; <span lang=\"SQ\">Iniciativa, mbledhja e fondeve dhe mbik\u00ebqyrja e vepr\u00ebs u b\u00eb n\u00ebn kujdesin personal t\u00eb Kryepiskopit.<\/span><\/span><\/span><\/span><\/div>\n<p class=\"MsoNormal\" style=\"text-align: justify; text-indent: 14.15pt; line-height: 16.5pt;\">\n\t&nbsp;<\/p>\n<p align=\"center\" class=\"MsoNormal\" style=\"text-align: center; line-height: 16.4pt;\">\n\t<span style=\"color:#b22222;\"><span style=\"font-family: tahoma,geneva,sans-serif;\"><span style=\"font-size: 12px;\"><strong><span style=\"text-decoration: underline;\"><span lang=\"SQ\">T\u00eb dh\u00ebna p\u00ebr Kompleksin<\/span><\/span><\/strong><\/span><\/span><\/span><\/p>\n<p class=\"MsoNormal\" style=\"text-align: justify; text-indent: 4.25pt; line-height: 16.4pt;\">\n\t&nbsp;<\/p>\n<p>\n\t&nbsp;<\/p>\n<div class=\"MsoNormal\" style=\"text-align: justify; text-indent: 4.25pt; line-height: 16.4pt;\">\n\t<span style=\"font-size:12px;\"><span style=\"color: rgb(0, 0, 0);\"><span style=\"font-family: tahoma,geneva,sans-serif;\"><span lang=\"SQ\">Sip\u00ebrfaqja e truallit: 5039 m<span style=\"position: relative; top: -3.5pt;\">2<\/span><\/span><\/span><\/span><\/span><\/div>\n<div>\n\t&nbsp;<\/div>\n<div class=\"MsoNormal\" style=\"text-align: justify; text-indent: 4.25pt; line-height: 16.4pt;\">\n\t<span style=\"font-size:12px;\"><span style=\"color: rgb(0, 0, 0);\"><span style=\"font-family: tahoma,geneva,sans-serif;\"><span lang=\"SQ\">Sip\u00ebrfaqja e kish\u00ebs katedrale: 1660 m<span style=\"position: relative; top: -3.5pt;\">2<\/span><\/span><\/span><\/span><\/span><\/div>\n<div class=\"MsoNormal\" style=\"text-align: justify; text-indent: 4.25pt; line-height: 16.4pt;\">\n\t&nbsp;<\/div>\n<div class=\"MsoNormal\" style=\"text-align: justify; text-indent: 4.25pt; line-height: 16.4pt;\">\n\t<span style=\"font-size:12px;\"><span style=\"color: rgb(0, 0, 0);\"><span style=\"font-family: tahoma,geneva,sans-serif;\"><span lang=\"SQ\">Lart\u00ebsia e kish\u00ebs katedrale: kupola 29.2 m, <\/span><\/span><\/span><\/span><\/div>\n<div class=\"MsoNormal\" style=\"text-align: justify; text-indent: 4.25pt; line-height: 16.4pt;\">\n\t&nbsp;<\/div>\n<div class=\"MsoNormal\" style=\"text-align: justify; text-indent: 4.25pt; line-height: 16.4pt;\">\n\t<span style=\"font-size:12px;\"><span style=\"color: rgb(0, 0, 0);\"><span style=\"font-family: tahoma,geneva,sans-serif;\"><span lang=\"SQ\">&nbsp;&nbsp;&nbsp;&nbsp;&nbsp;&nbsp;&nbsp;&nbsp;&nbsp;&nbsp;&nbsp;&nbsp;&nbsp;&nbsp;&nbsp;&nbsp;&nbsp;&nbsp;&nbsp;&nbsp;&nbsp;&nbsp;&nbsp;&nbsp;&nbsp;&nbsp;&nbsp;&nbsp;&nbsp;&nbsp;&nbsp;&nbsp;&nbsp;&nbsp;&nbsp;&nbsp;&nbsp;&nbsp;&nbsp;&nbsp;&nbsp; kryqi 32.2 m<\/span><\/span><\/span><\/span><\/div>\n<div>\n\t&nbsp;<\/div>\n<div class=\"MsoNormal\" style=\"text-align: justify; text-indent: 4.25pt; line-height: 16.4pt;\">\n\t<span style=\"font-size:12px;\"><span style=\"color: rgb(0, 0, 0);\"><span style=\"font-family: tahoma,geneva,sans-serif;\"><span lang=\"SQ\">Sip\u00ebrfaqja e kish\u00ebz\u00ebs: 55 m<span style=\"position: relative; top: -3.5pt;\">2<\/span><\/span><\/span><\/span><\/span><\/div>\n<div class=\"MsoNormal\" style=\"text-align: justify; text-indent: 4.25pt; line-height: 16.4pt;\">\n\t&nbsp;<\/div>\n<div class=\"MsoNormal\" style=\"text-align: justify; text-indent: 4.25pt; line-height: 16.4pt;\">\n\t<span style=\"font-size:12px;\"><span style=\"color: rgb(0, 0, 0);\"><span style=\"font-family: tahoma,geneva,sans-serif;\"><span lang=\"SQ\">Lart\u00ebsia e kish\u00ebz\u00ebs: 6.3 m<\/span><\/span><\/span><\/span><\/div>\n<div>\n\t&nbsp;<\/div>\n<div class=\"MsoNormal\" style=\"text-align: justify; text-indent: 4.25pt; line-height: 16.4pt;\">\n\t<span style=\"font-size:12px;\"><span style=\"color: rgb(0, 0, 0);\"><span style=\"font-family: tahoma,geneva,sans-serif;\"><span lang=\"SQ\">Sip\u00ebrfaqja e qendr\u00ebs sinodike: 830 m<span style=\"position: relative; top: -3.5pt;\">2<\/span><\/span><\/span><\/span><\/span><\/div>\n<div class=\"MsoNormal\" style=\"text-align: justify; text-indent: 4.25pt; line-height: 16.4pt;\">\n\t&nbsp;<\/div>\n<div class=\"MsoNormal\" style=\"text-align: justify; text-indent: 4.25pt; line-height: 16.4pt;\">\n\t<span style=\"font-size:12px;\"><span style=\"color: rgb(0, 0, 0);\"><span style=\"font-family: tahoma,geneva,sans-serif;\"><span lang=\"SQ\">Lart\u00ebsia e qendr\u00ebs sinodike: 22 m<\/span><\/span><\/span><\/span><\/div>\n<div>\n\t&nbsp;<\/div>\n<div class=\"MsoNormal\" style=\"text-align: justify; text-indent: 4.25pt;\">\n\t<span style=\"font-size:12px;\"><span style=\"color: rgb(0, 0, 0);\"><span style=\"font-family: tahoma,geneva,sans-serif;\"><span lang=\"SQ\">Sip\u00ebrfaqja e kambanores: 42 m<span style=\"position: relative; top: -3.5pt;\">2<\/span><\/span><\/span><\/span><\/span><\/div>\n<div class=\"MsoNormal\" style=\"text-align: justify; text-indent: 4.25pt;\">\n\t&nbsp;<\/div>\n<div class=\"MsoNormal\" style=\"text-align: justify; text-indent: 4.25pt;\">\n\t<span style=\"font-size:12px;\"><span style=\"color: rgb(0, 0, 0);\"><span style=\"font-family: tahoma,geneva,sans-serif;\"><span lang=\"SQ\">Lart\u00ebsia e kambanores: kubeja 43 m, <\/span><\/span><\/span><\/span><\/div>\n<div class=\"MsoNormal\" style=\"text-align: justify; text-indent: 4.25pt;\">\n\t&nbsp;<\/div>\n<div class=\"MsoNormal\" style=\"text-align: justify; text-indent: 4.25pt;\">\n\t<span style=\"font-size:12px;\"><span style=\"color: rgb(0, 0, 0);\"><span style=\"font-family: tahoma,geneva,sans-serif;\"><span lang=\"SQ\">&nbsp;&nbsp;&nbsp;&nbsp;&nbsp;&nbsp;&nbsp;&nbsp;&nbsp;&nbsp;&nbsp;&nbsp;&nbsp;&nbsp;&nbsp;&nbsp;&nbsp;&nbsp;&nbsp;&nbsp;&nbsp;&nbsp;&nbsp;&nbsp;&nbsp;&nbsp;&nbsp;&nbsp;&nbsp;&nbsp;&nbsp;&nbsp;&nbsp;&nbsp;&nbsp;&nbsp; kryqi 46 m<\/span><\/span><\/span><\/span><\/div>\n<div>\n\t&nbsp;<\/div>\n<div class=\"MsoNormal\" style=\"text-align: right;\">\n\t<span style=\"font-size:12px;\"><span style=\"color: rgb(0, 0, 0);\"><span style=\"font-family: tahoma,geneva,sans-serif;\"><strong><span lang=\"SQ\">Fillimi i vepr\u00ebs: korrik 2004<\/span><\/strong><\/span><\/span><\/span><\/div>\n<div class=\"MsoNormal\" style=\"text-align: right;\">\n\t&nbsp;<\/div>\n<div class=\"MsoNormal\" style=\"text-align: right;\">\n\t<span style=\"font-size:12px;\"><span style=\"color: rgb(0, 0, 0);\"><span style=\"font-family: tahoma,geneva,sans-serif;\"><strong><span lang=\"SQ\">P\u00ebrfundimi i vepr\u00ebs: maj 2012<\/span><\/strong><\/span><\/span><\/span><\/div>\n<div class=\"MsoNormal\" style=\"text-align: justify;\">\n\t&nbsp;<\/div>\n<p class=\"MsoNormal\" style=\"text-align: center;\">\n\t<span style=\"color:#000000;\"><img class=\"lazyload\" decoding=\"async\" alt=\"\" src=\"data:image\/gif;base64,R0lGODlhAQABAAAAACH5BAEKAAEALAAAAAABAAEAAAICTAEAOw==\" data-orig-src=\"https:\/\/lh6.googleusercontent.com\/-7VGwBPd1bk4\/T-SjkIvZn4I\/AAAAAAAAALg\/OMk-28MHKfk\/s512\/faqja%2012%20kompozim.jpg\" style=\"border-width: 1px; border-style: solid; width: 700px; height: 933px; margin: 10px;\" \/><\/span><\/p>\n<p class=\"MsoNormal\" style=\"text-align: center;\">\n\t<span style=\"color:#000000;\"><img class=\"lazyload\" decoding=\"async\" alt=\"\" src=\"data:image\/gif;base64,R0lGODlhAQABAAAAACH5BAEKAAEALAAAAAABAAEAAAICTAEAOw==\" data-orig-src=\"https:\/\/lh6.googleusercontent.com\/-WKN-aer5OOc\/T-Sj5-KGtyI\/AAAAAAAAALo\/_8Ele4qVwu0\/s720\/faqja%207%20poshte.jpg\" style=\"width: 682px; height: 412px; border-width: 1px; border-style: solid; margin: 10px;\" \/><\/span><\/p>\n<p class=\"MsoNormal\" style=\"text-align: center;\">\n\t<span style=\"color:#000000;\"><img class=\"lazyload\" decoding=\"async\" alt=\"\" src=\"data:image\/gif;base64,R0lGODlhAQABAAAAACH5BAEKAAEALAAAAAABAAEAAAICTAEAOw==\" data-orig-src=\"https:\/\/lh5.googleusercontent.com\/-ZXwch_BXq4E\/T-Sj8dcDWVI\/AAAAAAAAALw\/LEQ0u0lO3Dk\/s1024\/katedralja.jpg\" style=\"border-width: 1px; border-style: solid; width: 700px; height: 350px; margin: 10px;\" \/><img class=\"lazyload\" decoding=\"async\" align=\"middle\" alt=\"\" src=\"data:image\/gif;base64,R0lGODlhAQABAAAAACH5BAEKAAEALAAAAAABAAEAAAICTAEAOw==\" data-orig-src=\"https:\/\/lh3.googleusercontent.com\/-Qxln9v7IVIo\/T-SjH6EnqfI\/AAAAAAAAALQ\/lWMsiysmRqo\/s1152\/Faqja6%2C%20Salla%20koncerteve.jpg\" style=\"border-width: 1px; border-style: solid; margin: 10px; width: 700px; height: 235px;\" \/><\/span><\/p>\n","protected":false},"excerpt":{"rendered":"<p>&nbsp; Kompleksi i Katedrales s\u00eb re t\u00eb Tiran\u00ebs \u201cNgjallja e Krishtit\u201d, \u00ebsht\u00eb nd\u00ebrtuar n\u00eb qe-nd\u00ebr t\u00eb kryeqytetit, n\u00eb nj\u00eb truall q\u00eb u dha gradualisht nga autoritetet shtet\u00ebrore (2001-2005) n\u00eb kompensim t\u00eb truallit t\u00eb kish\u00ebs s\u00eb vjet\u00ebr katedrale t\u00eb Tiran\u00ebs, e cila u shkat\u00ebrrua nga regjimi ateist m\u00eb 1967. P\u00ebr studimin arkitekturor t\u00eb vepr\u00ebs, n\u00eb vitin 2002 u zhvillua nj\u00eb konkurs nd\u00ebrkomb\u00ebtar, ku fitues u shpall<\/p>\n","protected":false},"author":1,"featured_media":0,"comment_status":"open","ping_status":"open","sticky":false,"template":"","format":"standard","meta":{"_acf_changed":false,"pagelayer_contact_templates":[],"_pagelayer_content":"","inline_featured_image":false,"fifu_image_url":"","fifu_image_alt":"","footnotes":""},"categories":[108],"tags":[144,184,196,212],"class_list":["post-750","post","type-post","status-publish","format-standard","hentry","category-lajme","tag-144","tag-katedralja-ngjallja-e-krishtit-tirane","tag-tirane","tag-lajme-d27"],"acf":[],"yoast_head":"<!-- This site is optimized with the Yoast SEO plugin v27.2 - https:\/\/yoast.com\/product\/yoast-seo-wordpress\/ -->\n<title>Kompleksi i Katedrales s\u00eb re \u201cNgjallja e Krishtit\u201d. - Kisha Orthodh\u03bfkse Autoqefale e Shqip\u00ebris\u00eb<\/title>\n<meta name=\"robots\" content=\"index, follow, max-snippet:-1, max-image-preview:large, max-video-preview:-1\" \/>\n<link rel=\"canonical\" href=\"https:\/\/orthodoxalbania.org\/2020\/2013\/03\/21\/kompleksi-i-katedrales-se-re-ngjallja-e-krishtit\/\" \/>\n<meta property=\"og:locale\" content=\"en_US\" \/>\n<meta property=\"og:type\" content=\"article\" \/>\n<meta property=\"og:title\" content=\"Kompleksi i Katedrales s\u00eb re \u201cNgjallja e Krishtit\u201d. - Kisha Orthodh\u03bfkse Autoqefale e Shqip\u00ebris\u00eb\" \/>\n<meta property=\"og:description\" content=\"&nbsp; Kompleksi i Katedrales s\u00eb re t\u00eb Tiran\u00ebs \u201cNgjallja e Krishtit\u201d, \u00ebsht\u00eb nd\u00ebrtuar n\u00eb qe-nd\u00ebr t\u00eb kryeqytetit, n\u00eb nj\u00eb truall q\u00eb u dha gradualisht nga autoritetet shtet\u00ebrore (2001-2005) n\u00eb kompensim t\u00eb truallit t\u00eb kish\u00ebs s\u00eb vjet\u00ebr katedrale t\u00eb Tiran\u00ebs, e cila u shkat\u00ebrrua nga regjimi ateist m\u00eb 1967. P\u00ebr studimin arkitekturor t\u00eb vepr\u00ebs, n\u00eb vitin 2002 u zhvillua nj\u00eb konkurs nd\u00ebrkomb\u00ebtar, ku fitues u shpall\" \/>\n<meta property=\"og:url\" content=\"https:\/\/orthodoxalbania.org\/2020\/2013\/03\/21\/kompleksi-i-katedrales-se-re-ngjallja-e-krishtit\/\" \/>\n<meta property=\"og:site_name\" content=\"Kisha Orthodh\u03bfkse Autoqefale e Shqip\u00ebris\u00eb\" \/>\n<meta property=\"article:publisher\" content=\"https:\/\/www.facebook.com\/koash1991\" \/>\n<meta property=\"article:published_time\" content=\"2013-03-21T00:00:00+00:00\" \/>\n<meta property=\"article:modified_time\" content=\"2020-04-06T20:32:14+00:00\" \/>\n<meta property=\"og:image\" content=\"https:\/\/lh3.googleusercontent.com\/-sxHgGE3isdU\/T-SjPvPw4MI\/AAAAAAAAALY\/YGYV2X4421A\/s800\/Faqja%207%2C%20brendesia%20kishes.jpg\" \/>\n<meta name=\"author\" content=\"Kisha Orthodhokse\" \/>\n<meta name=\"twitter:card\" content=\"summary_large_image\" \/>\n<meta name=\"twitter:label1\" content=\"Written by\" \/>\n\t<meta name=\"twitter:data1\" content=\"Kisha Orthodhokse\" \/>\n\t<meta name=\"twitter:label2\" content=\"Est. reading time\" \/>\n\t<meta name=\"twitter:data2\" content=\"7 minutes\" \/>\n<script type=\"application\/ld+json\" class=\"yoast-schema-graph\">{\"@context\":\"https:\/\/schema.org\",\"@graph\":[{\"@type\":\"Article\",\"@id\":\"https:\/\/orthodoxalbania.org\/2020\/2013\/03\/21\/kompleksi-i-katedrales-se-re-ngjallja-e-krishtit\/#article\",\"isPartOf\":{\"@id\":\"https:\/\/orthodoxalbania.org\/2020\/2013\/03\/21\/kompleksi-i-katedrales-se-re-ngjallja-e-krishtit\/\"},\"author\":{\"name\":\"Kisha Orthodhokse\",\"@id\":\"https:\/\/orthodoxalbania.org\/2020\/#\/schema\/person\/0c387634a7063ac612d7ed9ce71c7e86\"},\"headline\":\"Kompleksi i Katedrales s\u00eb re \u201cNgjallja e Krishtit\u201d.\",\"datePublished\":\"2013-03-21T00:00:00+00:00\",\"dateModified\":\"2020-04-06T20:32:14+00:00\",\"mainEntityOfPage\":{\"@id\":\"https:\/\/orthodoxalbania.org\/2020\/2013\/03\/21\/kompleksi-i-katedrales-se-re-ngjallja-e-krishtit\/\"},\"wordCount\":1344,\"commentCount\":0,\"publisher\":{\"@id\":\"https:\/\/orthodoxalbania.org\/2020\/#organization\"},\"image\":{\"@id\":\"https:\/\/orthodoxalbania.org\/2020\/2013\/03\/21\/kompleksi-i-katedrales-se-re-ngjallja-e-krishtit\/#primaryimage\"},\"thumbnailUrl\":\"https:\/\/lh3.googleusercontent.com\/-sxHgGE3isdU\/T-SjPvPw4MI\/AAAAAAAAALY\/YGYV2X4421A\/s800\/Faqja%207%2C%20brendesia%20kishes.jpg\",\"keywords\":[\"2010\",\"Katedralja \u201cNgjallja e Krishtit\u201d Tiran\u00eb\",\"Kryepiskopata Tiran\u00eb\",\"lajme\"],\"articleSection\":[\"Lajme\"],\"inLanguage\":\"en-US\"},{\"@type\":\"WebPage\",\"@id\":\"https:\/\/orthodoxalbania.org\/2020\/2013\/03\/21\/kompleksi-i-katedrales-se-re-ngjallja-e-krishtit\/\",\"url\":\"https:\/\/orthodoxalbania.org\/2020\/2013\/03\/21\/kompleksi-i-katedrales-se-re-ngjallja-e-krishtit\/\",\"name\":\"Kompleksi i Katedrales s\u00eb re \u201cNgjallja e Krishtit\u201d. - Kisha Orthodh\u03bfkse Autoqefale e Shqip\u00ebris\u00eb\",\"isPartOf\":{\"@id\":\"https:\/\/orthodoxalbania.org\/2020\/#website\"},\"primaryImageOfPage\":{\"@id\":\"https:\/\/orthodoxalbania.org\/2020\/2013\/03\/21\/kompleksi-i-katedrales-se-re-ngjallja-e-krishtit\/#primaryimage\"},\"image\":{\"@id\":\"https:\/\/orthodoxalbania.org\/2020\/2013\/03\/21\/kompleksi-i-katedrales-se-re-ngjallja-e-krishtit\/#primaryimage\"},\"thumbnailUrl\":\"https:\/\/lh3.googleusercontent.com\/-sxHgGE3isdU\/T-SjPvPw4MI\/AAAAAAAAALY\/YGYV2X4421A\/s800\/Faqja%207%2C%20brendesia%20kishes.jpg\",\"datePublished\":\"2013-03-21T00:00:00+00:00\",\"dateModified\":\"2020-04-06T20:32:14+00:00\",\"breadcrumb\":{\"@id\":\"https:\/\/orthodoxalbania.org\/2020\/2013\/03\/21\/kompleksi-i-katedrales-se-re-ngjallja-e-krishtit\/#breadcrumb\"},\"inLanguage\":\"en-US\",\"potentialAction\":[{\"@type\":\"ReadAction\",\"target\":[\"https:\/\/orthodoxalbania.org\/2020\/2013\/03\/21\/kompleksi-i-katedrales-se-re-ngjallja-e-krishtit\/\"]}]},{\"@type\":\"ImageObject\",\"inLanguage\":\"en-US\",\"@id\":\"https:\/\/orthodoxalbania.org\/2020\/2013\/03\/21\/kompleksi-i-katedrales-se-re-ngjallja-e-krishtit\/#primaryimage\",\"url\":\"https:\/\/lh3.googleusercontent.com\/-sxHgGE3isdU\/T-SjPvPw4MI\/AAAAAAAAALY\/YGYV2X4421A\/s800\/Faqja%207%2C%20brendesia%20kishes.jpg\",\"contentUrl\":\"https:\/\/lh3.googleusercontent.com\/-sxHgGE3isdU\/T-SjPvPw4MI\/AAAAAAAAALY\/YGYV2X4421A\/s800\/Faqja%207%2C%20brendesia%20kishes.jpg\"},{\"@type\":\"BreadcrumbList\",\"@id\":\"https:\/\/orthodoxalbania.org\/2020\/2013\/03\/21\/kompleksi-i-katedrales-se-re-ngjallja-e-krishtit\/#breadcrumb\",\"itemListElement\":[{\"@type\":\"ListItem\",\"position\":1,\"name\":\"Home\",\"item\":\"https:\/\/orthodoxalbania.org\/2020\/\"},{\"@type\":\"ListItem\",\"position\":2,\"name\":\"Kompleksi i Katedrales s\u00eb re \u201cNgjallja e Krishtit\u201d.\"}]},{\"@type\":\"WebSite\",\"@id\":\"https:\/\/orthodoxalbania.org\/2020\/#website\",\"url\":\"https:\/\/orthodoxalbania.org\/2020\/\",\"name\":\"Kisha Orthodh\u03bfkse Autoqefale e Shqip\u00ebris\u00eb\",\"description\":\"Fqja Zyrtare e Kish\u00ebs Orthodhokse Autoqefale e Shqip\u00ebris\u00eb me lajmet edhe informacionet zyrtare p\u00ebr struktur\u00ebn edhe veprimtarin e saj.\",\"publisher\":{\"@id\":\"https:\/\/orthodoxalbania.org\/2020\/#organization\"},\"potentialAction\":[{\"@type\":\"SearchAction\",\"target\":{\"@type\":\"EntryPoint\",\"urlTemplate\":\"https:\/\/orthodoxalbania.org\/2020\/?s={search_term_string}\"},\"query-input\":{\"@type\":\"PropertyValueSpecification\",\"valueRequired\":true,\"valueName\":\"search_term_string\"}}],\"inLanguage\":\"en-US\"},{\"@type\":\"Organization\",\"@id\":\"https:\/\/orthodoxalbania.org\/2020\/#organization\",\"name\":\"Kisha Orthodhokse Autoqefale e Shqip\u00ebris\u00eb\",\"url\":\"https:\/\/orthodoxalbania.org\/2020\/\",\"logo\":{\"@type\":\"ImageObject\",\"inLanguage\":\"en-US\",\"@id\":\"https:\/\/orthodoxalbania.org\/2020\/#\/schema\/logo\/image\/\",\"url\":\"https:\/\/orthodoxalbania.org\/2020\/wp-content\/uploads\/2020\/05\/albania.jpeg\",\"contentUrl\":\"https:\/\/orthodoxalbania.org\/2020\/wp-content\/uploads\/2020\/05\/albania.jpeg\",\"width\":540,\"height\":540,\"caption\":\"Kisha Orthodhokse Autoqefale e Shqip\u00ebris\u00eb\"},\"image\":{\"@id\":\"https:\/\/orthodoxalbania.org\/2020\/#\/schema\/logo\/image\/\"},\"sameAs\":[\"https:\/\/www.facebook.com\/koash1991\"]},{\"@type\":\"Person\",\"@id\":\"https:\/\/orthodoxalbania.org\/2020\/#\/schema\/person\/0c387634a7063ac612d7ed9ce71c7e86\",\"name\":\"Kisha Orthodhokse\",\"image\":{\"@type\":\"ImageObject\",\"inLanguage\":\"en-US\",\"@id\":\"https:\/\/secure.gravatar.com\/avatar\/596e7c417251e30f2fbb9c00e026fce61a695a00e51c889caded71c96cbbdde5?s=96&d=mm&r=g\",\"url\":\"https:\/\/secure.gravatar.com\/avatar\/596e7c417251e30f2fbb9c00e026fce61a695a00e51c889caded71c96cbbdde5?s=96&d=mm&r=g\",\"contentUrl\":\"https:\/\/secure.gravatar.com\/avatar\/596e7c417251e30f2fbb9c00e026fce61a695a00e51c889caded71c96cbbdde5?s=96&d=mm&r=g\",\"caption\":\"Kisha Orthodhokse\"}}]}<\/script>\n<!-- \/ Yoast SEO plugin. -->","yoast_head_json":{"title":"Kompleksi i Katedrales s\u00eb re \u201cNgjallja e Krishtit\u201d. - Kisha Orthodh\u03bfkse Autoqefale e Shqip\u00ebris\u00eb","robots":{"index":"index","follow":"follow","max-snippet":"max-snippet:-1","max-image-preview":"max-image-preview:large","max-video-preview":"max-video-preview:-1"},"canonical":"https:\/\/orthodoxalbania.org\/2020\/2013\/03\/21\/kompleksi-i-katedrales-se-re-ngjallja-e-krishtit\/","og_locale":"en_US","og_type":"article","og_title":"Kompleksi i Katedrales s\u00eb re \u201cNgjallja e Krishtit\u201d. - Kisha Orthodh\u03bfkse Autoqefale e Shqip\u00ebris\u00eb","og_description":"&nbsp; Kompleksi i Katedrales s\u00eb re t\u00eb Tiran\u00ebs \u201cNgjallja e Krishtit\u201d, \u00ebsht\u00eb nd\u00ebrtuar n\u00eb qe-nd\u00ebr t\u00eb kryeqytetit, n\u00eb nj\u00eb truall q\u00eb u dha gradualisht nga autoritetet shtet\u00ebrore (2001-2005) n\u00eb kompensim t\u00eb truallit t\u00eb kish\u00ebs s\u00eb vjet\u00ebr katedrale t\u00eb Tiran\u00ebs, e cila u shkat\u00ebrrua nga regjimi ateist m\u00eb 1967. P\u00ebr studimin arkitekturor t\u00eb vepr\u00ebs, n\u00eb vitin 2002 u zhvillua nj\u00eb konkurs nd\u00ebrkomb\u00ebtar, ku fitues u shpall","og_url":"https:\/\/orthodoxalbania.org\/2020\/2013\/03\/21\/kompleksi-i-katedrales-se-re-ngjallja-e-krishtit\/","og_site_name":"Kisha Orthodh\u03bfkse Autoqefale e Shqip\u00ebris\u00eb","article_publisher":"https:\/\/www.facebook.com\/koash1991","article_published_time":"2013-03-21T00:00:00+00:00","article_modified_time":"2020-04-06T20:32:14+00:00","og_image":[{"url":"https:\/\/lh3.googleusercontent.com\/-sxHgGE3isdU\/T-SjPvPw4MI\/AAAAAAAAALY\/YGYV2X4421A\/s800\/Faqja%207%2C%20brendesia%20kishes.jpg","type":"","width":"","height":""}],"author":"Kisha Orthodhokse","twitter_card":"summary_large_image","twitter_misc":{"Written by":"Kisha Orthodhokse","Est. reading time":"7 minutes"},"schema":{"@context":"https:\/\/schema.org","@graph":[{"@type":"Article","@id":"https:\/\/orthodoxalbania.org\/2020\/2013\/03\/21\/kompleksi-i-katedrales-se-re-ngjallja-e-krishtit\/#article","isPartOf":{"@id":"https:\/\/orthodoxalbania.org\/2020\/2013\/03\/21\/kompleksi-i-katedrales-se-re-ngjallja-e-krishtit\/"},"author":{"name":"Kisha Orthodhokse","@id":"https:\/\/orthodoxalbania.org\/2020\/#\/schema\/person\/0c387634a7063ac612d7ed9ce71c7e86"},"headline":"Kompleksi i Katedrales s\u00eb re \u201cNgjallja e Krishtit\u201d.","datePublished":"2013-03-21T00:00:00+00:00","dateModified":"2020-04-06T20:32:14+00:00","mainEntityOfPage":{"@id":"https:\/\/orthodoxalbania.org\/2020\/2013\/03\/21\/kompleksi-i-katedrales-se-re-ngjallja-e-krishtit\/"},"wordCount":1344,"commentCount":0,"publisher":{"@id":"https:\/\/orthodoxalbania.org\/2020\/#organization"},"image":{"@id":"https:\/\/orthodoxalbania.org\/2020\/2013\/03\/21\/kompleksi-i-katedrales-se-re-ngjallja-e-krishtit\/#primaryimage"},"thumbnailUrl":"https:\/\/lh3.googleusercontent.com\/-sxHgGE3isdU\/T-SjPvPw4MI\/AAAAAAAAALY\/YGYV2X4421A\/s800\/Faqja%207%2C%20brendesia%20kishes.jpg","keywords":["2010","Katedralja \u201cNgjallja e Krishtit\u201d Tiran\u00eb","Kryepiskopata Tiran\u00eb","lajme"],"articleSection":["Lajme"],"inLanguage":"en-US"},{"@type":"WebPage","@id":"https:\/\/orthodoxalbania.org\/2020\/2013\/03\/21\/kompleksi-i-katedrales-se-re-ngjallja-e-krishtit\/","url":"https:\/\/orthodoxalbania.org\/2020\/2013\/03\/21\/kompleksi-i-katedrales-se-re-ngjallja-e-krishtit\/","name":"Kompleksi i Katedrales s\u00eb re \u201cNgjallja e Krishtit\u201d. - Kisha Orthodh\u03bfkse Autoqefale e Shqip\u00ebris\u00eb","isPartOf":{"@id":"https:\/\/orthodoxalbania.org\/2020\/#website"},"primaryImageOfPage":{"@id":"https:\/\/orthodoxalbania.org\/2020\/2013\/03\/21\/kompleksi-i-katedrales-se-re-ngjallja-e-krishtit\/#primaryimage"},"image":{"@id":"https:\/\/orthodoxalbania.org\/2020\/2013\/03\/21\/kompleksi-i-katedrales-se-re-ngjallja-e-krishtit\/#primaryimage"},"thumbnailUrl":"https:\/\/lh3.googleusercontent.com\/-sxHgGE3isdU\/T-SjPvPw4MI\/AAAAAAAAALY\/YGYV2X4421A\/s800\/Faqja%207%2C%20brendesia%20kishes.jpg","datePublished":"2013-03-21T00:00:00+00:00","dateModified":"2020-04-06T20:32:14+00:00","breadcrumb":{"@id":"https:\/\/orthodoxalbania.org\/2020\/2013\/03\/21\/kompleksi-i-katedrales-se-re-ngjallja-e-krishtit\/#breadcrumb"},"inLanguage":"en-US","potentialAction":[{"@type":"ReadAction","target":["https:\/\/orthodoxalbania.org\/2020\/2013\/03\/21\/kompleksi-i-katedrales-se-re-ngjallja-e-krishtit\/"]}]},{"@type":"ImageObject","inLanguage":"en-US","@id":"https:\/\/orthodoxalbania.org\/2020\/2013\/03\/21\/kompleksi-i-katedrales-se-re-ngjallja-e-krishtit\/#primaryimage","url":"https:\/\/lh3.googleusercontent.com\/-sxHgGE3isdU\/T-SjPvPw4MI\/AAAAAAAAALY\/YGYV2X4421A\/s800\/Faqja%207%2C%20brendesia%20kishes.jpg","contentUrl":"https:\/\/lh3.googleusercontent.com\/-sxHgGE3isdU\/T-SjPvPw4MI\/AAAAAAAAALY\/YGYV2X4421A\/s800\/Faqja%207%2C%20brendesia%20kishes.jpg"},{"@type":"BreadcrumbList","@id":"https:\/\/orthodoxalbania.org\/2020\/2013\/03\/21\/kompleksi-i-katedrales-se-re-ngjallja-e-krishtit\/#breadcrumb","itemListElement":[{"@type":"ListItem","position":1,"name":"Home","item":"https:\/\/orthodoxalbania.org\/2020\/"},{"@type":"ListItem","position":2,"name":"Kompleksi i Katedrales s\u00eb re \u201cNgjallja e Krishtit\u201d."}]},{"@type":"WebSite","@id":"https:\/\/orthodoxalbania.org\/2020\/#website","url":"https:\/\/orthodoxalbania.org\/2020\/","name":"Kisha Orthodh\u03bfkse Autoqefale e Shqip\u00ebris\u00eb","description":"Fqja Zyrtare e Kish\u00ebs Orthodhokse Autoqefale e Shqip\u00ebris\u00eb me lajmet edhe informacionet zyrtare p\u00ebr struktur\u00ebn edhe veprimtarin e saj.","publisher":{"@id":"https:\/\/orthodoxalbania.org\/2020\/#organization"},"potentialAction":[{"@type":"SearchAction","target":{"@type":"EntryPoint","urlTemplate":"https:\/\/orthodoxalbania.org\/2020\/?s={search_term_string}"},"query-input":{"@type":"PropertyValueSpecification","valueRequired":true,"valueName":"search_term_string"}}],"inLanguage":"en-US"},{"@type":"Organization","@id":"https:\/\/orthodoxalbania.org\/2020\/#organization","name":"Kisha Orthodhokse Autoqefale e Shqip\u00ebris\u00eb","url":"https:\/\/orthodoxalbania.org\/2020\/","logo":{"@type":"ImageObject","inLanguage":"en-US","@id":"https:\/\/orthodoxalbania.org\/2020\/#\/schema\/logo\/image\/","url":"https:\/\/orthodoxalbania.org\/2020\/wp-content\/uploads\/2020\/05\/albania.jpeg","contentUrl":"https:\/\/orthodoxalbania.org\/2020\/wp-content\/uploads\/2020\/05\/albania.jpeg","width":540,"height":540,"caption":"Kisha Orthodhokse Autoqefale e Shqip\u00ebris\u00eb"},"image":{"@id":"https:\/\/orthodoxalbania.org\/2020\/#\/schema\/logo\/image\/"},"sameAs":["https:\/\/www.facebook.com\/koash1991"]},{"@type":"Person","@id":"https:\/\/orthodoxalbania.org\/2020\/#\/schema\/person\/0c387634a7063ac612d7ed9ce71c7e86","name":"Kisha Orthodhokse","image":{"@type":"ImageObject","inLanguage":"en-US","@id":"https:\/\/secure.gravatar.com\/avatar\/596e7c417251e30f2fbb9c00e026fce61a695a00e51c889caded71c96cbbdde5?s=96&d=mm&r=g","url":"https:\/\/secure.gravatar.com\/avatar\/596e7c417251e30f2fbb9c00e026fce61a695a00e51c889caded71c96cbbdde5?s=96&d=mm&r=g","contentUrl":"https:\/\/secure.gravatar.com\/avatar\/596e7c417251e30f2fbb9c00e026fce61a695a00e51c889caded71c96cbbdde5?s=96&d=mm&r=g","caption":"Kisha Orthodhokse"}}]}},"_links":{"self":[{"href":"https:\/\/orthodoxalbania.org\/2020\/wp-json\/wp\/v2\/posts\/750","targetHints":{"allow":["GET"]}}],"collection":[{"href":"https:\/\/orthodoxalbania.org\/2020\/wp-json\/wp\/v2\/posts"}],"about":[{"href":"https:\/\/orthodoxalbania.org\/2020\/wp-json\/wp\/v2\/types\/post"}],"author":[{"embeddable":true,"href":"https:\/\/orthodoxalbania.org\/2020\/wp-json\/wp\/v2\/users\/1"}],"replies":[{"embeddable":true,"href":"https:\/\/orthodoxalbania.org\/2020\/wp-json\/wp\/v2\/comments?post=750"}],"version-history":[{"count":1,"href":"https:\/\/orthodoxalbania.org\/2020\/wp-json\/wp\/v2\/posts\/750\/revisions"}],"predecessor-version":[{"id":15440,"href":"https:\/\/orthodoxalbania.org\/2020\/wp-json\/wp\/v2\/posts\/750\/revisions\/15440"}],"wp:attachment":[{"href":"https:\/\/orthodoxalbania.org\/2020\/wp-json\/wp\/v2\/media?parent=750"}],"wp:term":[{"taxonomy":"category","embeddable":true,"href":"https:\/\/orthodoxalbania.org\/2020\/wp-json\/wp\/v2\/categories?post=750"},{"taxonomy":"post_tag","embeddable":true,"href":"https:\/\/orthodoxalbania.org\/2020\/wp-json\/wp\/v2\/tags?post=750"}],"curies":[{"name":"wp","href":"https:\/\/api.w.org\/{rel}","templated":true}]}}