{"id":745,"date":"2007-02-26T00:00:00","date_gmt":"2007-02-26T00:00:00","guid":{"rendered":""},"modified":"2020-04-06T22:35:52","modified_gmt":"2020-04-06T20:35:52","slug":"kolendrat-dhe-krishtlindjet-ne-berat-dhjetor-2007","status":"publish","type":"post","link":"https:\/\/orthodoxalbania.org\/2020\/2007\/02\/26\/kolendrat-dhe-krishtlindjet-ne-berat-dhjetor-2007\/","title":{"rendered":"Kolendrat dhe Krishtlindjet n\u00eb Berat. (Dhjetor 2007)"},"content":{"rendered":"<table id=\"AutoNumber2\" style=\"width: 785px; height: 2581px;\" border=\"0\">\n<tbody>\n<tr>\n<td>\n<p style=\"text-align: justify;\"><span style=\"color: #000000;\"><span style=\"font-family: tahoma,geneva,sans-serif;\"><span style=\"font-size: 12px;\">&nbsp;&nbsp;&nbsp; Fundi i dhjetorit t\u00eb gjitha familjet orthodhokse t\u00eb Beratit i gjeti n\u00eb p\u00ebrgatitje e sip\u00ebr p\u00ebr t\u00eb pritur festat e m\u00ebdha t\u00eb fund vitit, Krishtlindjeve, Sh\u00ebn Vasilit dhe Pag\u00ebzimit t\u00eb Krishtit (Ujit t\u00eb Bekuar).<\/span><\/span><\/span><\/p>\n<p style=\"text-align: justify;\"><span style=\"color: #000000;\"><span style=\"font-family: tahoma,geneva,sans-serif;\"><span style=\"font-size: 12px;\">&nbsp;&nbsp; Si gjithmon\u00eb p\u00ebrgatitja e par\u00eb \u00ebsht\u00eb ajo e pastrimit dhe zbukurimit t\u00eb sht\u00ebpive. Dritat e bukura shum\u00ebngjyr\u00ebshe q\u00eb shprehin madh\u00ebshtin\u00eb e k\u00ebtyre festave dukeshin kudo si n\u00eb rrug\u00ebt e qytetit ashtu dhe n\u00eb sht\u00ebpit\u00eb e shumta t\u00eb qytetar\u00ebve beratas.<\/span><\/span><\/span><\/p>\n<p style=\"text-align: justify;\">&nbsp;<\/p>\n<\/td>\n<td>\n<p><span style=\"color: #000000;\"><span style=\"font-family: tahoma,geneva,sans-serif;\"><span style=\"font-size: 12px;\"><img decoding=\"async\" class=\"lazyload HAa Eha\" style=\"border-width: 1px; border-style: solid; margin: 10px auto; display: block;\" alt=\"\" src=\"data:image\/gif;base64,R0lGODlhAQABAAAAACH5BAEKAAEALAAAAAABAAEAAAICTAEAOw==\" data-orig-src=\"https:\/\/lh5.googleusercontent.com\/-Al9_xXXOLSY\/VIvlpPNjCNI\/AAAAAAAAHNs\/LW2_jsY-Owg\/w300-h400-no\/1.jpg\" \/><\/span><\/span><\/span><\/p>\n<\/td>\n<\/tr>\n<tr>\n<td>\n<p><span style=\"color: #000000;\"><span style=\"font-family: tahoma,geneva,sans-serif;\"><span style=\"font-size: 12px;\"><img decoding=\"async\" class=\"lazyload HAa Eha\" style=\"border-width: 1px; border-style: solid; margin: 10px auto; display: block;\" alt=\"\" src=\"data:image\/gif;base64,R0lGODlhAQABAAAAACH5BAEKAAEALAAAAAABAAEAAAICTAEAOw==\" data-orig-src=\"https:\/\/lh5.googleusercontent.com\/-Cdw9DaR-8XU\/VIvlo_ogOZI\/AAAAAAAAHNk\/ipCNnxPvIj4\/w300-h400-no\/2.jpg\" \/><\/span><\/span><\/span><\/p>\n<\/td>\n<td>\n<p style=\"text-align: justify;\"><span style=\"color: #000000;\"><span style=\"font-family: tahoma,geneva,sans-serif;\"><span style=\"font-size: 12px;\">&nbsp;&nbsp;&nbsp; I afrohemi periudh\u00ebs s\u00eb Krishtlindjeve ku n\u00eb Berat traditat e k\u00ebsaj feste jan\u00eb t\u00eb shumta. Atmosfera e Krishtlindjeve ndihesh q\u00eb disa dit\u00eb m\u00eb p\u00ebrpara, por festa e Krishtlindjeve fillon realisht q\u00eb momentet e para t\u00eb m\u00ebngjesit t\u00eb dat\u00ebs 23 dhjetor, e cila do t\u00eb jet\u00eb nj\u00eb dit\u00eb e mbushur me aktivitete t\u00eb ndryshme t\u00eb trash\u00ebguar nga t\u00eb par\u00ebt tan\u00eb. \u00cbsht\u00eb zakon n\u00eb familjet e qytetit q\u00eb zonja e sht\u00ebpis\u00eb t\u00eb ngrihet e para nga gjumi n\u00eb k\u00ebt\u00eb dit\u00eb dhe t\u00eb p\u00ebrgatis\u00eb kolindet, gatim q\u00eb simbolizon lindjen e shp\u00ebtimtarit ton\u00eb Jisu Krishtit.<\/span><\/span><\/span><\/p>\n<\/td>\n<\/tr>\n<tr>\n<td>\n<p style=\"text-align: justify;\"><span style=\"color: #000000;\"><span style=\"font-family: tahoma,geneva,sans-serif;\"><span style=\"font-size: 12px;\">&nbsp;&nbsp;&nbsp; Duke b\u00ebr\u00eb fillimisht Kryqin, simbolin ton\u00eb si t\u00eb krishter\u00eb, fillojn\u00eb t\u00eb gatuajn\u00eb, duke i b\u00ebr\u00eb kolindet n\u00eb forma t\u00eb ndryshme. Spikat forma e nj\u00eb gruaje me nj\u00eb f\u00ebmij\u00eb nd\u00ebr duar, q\u00eb natyrisht simbolizon Zonj\u00ebn Sh\u00ebn Mari duke mbajtur nd\u00ebr duar Birin e saj, Zotin ton\u00eb Jisu Krishtin. Kolindet b\u00ebhen dhe n\u00eb forma t\u00eb tjera si ato n\u00eb form\u00eb ylli q\u00eb simbolizon yllin e Betlehemit, q\u00eb lajm\u00ebroi dhe drejtoi mag\u00ebt se Shp\u00ebtimtari lindi, kemi dhe&nbsp; kolinde n\u00eb form\u00ebn e nj\u00eb luleje q\u00eb simbolizon bukurin\u00eb e Krishtlindjeve etj.<\/span><\/span><\/span><\/p>\n<\/td>\n<td>\n<p><span style=\"color: #000000;\"><span style=\"font-family: tahoma,geneva,sans-serif;\"><span style=\"font-size: 12px;\"><img decoding=\"async\" class=\"lazyload HAa Eha\" style=\"border-width: 1px; border-style: solid; margin: 10px auto; display: block;\" alt=\"\" src=\"data:image\/gif;base64,R0lGODlhAQABAAAAACH5BAEKAAEALAAAAAABAAEAAAICTAEAOw==\" data-orig-src=\"https:\/\/lh5.googleusercontent.com\/-GgkSMu93dLI\/VIvlo1nyzDI\/AAAAAAAAHNg\/Vjz6nFAjlcE\/w400-h300-no\/3.jpg\" \/><\/span><\/span><\/span><\/p>\n<\/td>\n<\/tr>\n<tr>\n<td>\n<p><span style=\"color: #000000;\"><span style=\"font-family: tahoma,geneva,sans-serif;\"><span style=\"font-size: 12px;\"><img decoding=\"async\" class=\"lazyload HAa Eha\" style=\"border-width: 1px; border-style: solid; margin: 10px auto; display: block;\" alt=\"\" src=\"data:image\/gif;base64,R0lGODlhAQABAAAAACH5BAEKAAEALAAAAAABAAEAAAICTAEAOw==\" data-orig-src=\"https:\/\/lh3.googleusercontent.com\/-oPMfwKt_r10\/VIvlpdIuXDI\/AAAAAAAAHNY\/mJZ2scgAiqE\/w400-h300-no\/4.jpg\" \/><\/span><\/span><\/span><\/p>\n<\/td>\n<td>\n<p style=\"text-align: justify;\"><span style=\"color: #000000;\"><span style=\"font-family: tahoma,geneva,sans-serif;\"><span style=\"font-size: 12px;\">&nbsp;&nbsp;&nbsp; Kolindet kan\u00eb nj\u00eb recet\u00eb t\u00eb thjesht\u00eb, duke gatuar brumin me sheqer dhe duke e prer\u00eb n\u00eb format e sip\u00ebrp\u00ebrmendura, dhe theksohet fakti se \u00e7do sht\u00ebpi b\u00ebn nj\u00eb num\u00ebr t\u00eb madh kolindesh, t\u00eb cilat do t\u2019ia dhuroj\u00eb \u00e7do f\u00ebmije q\u00eb do t\u00eb vij\u00eb n\u00eb sht\u00ebpi si dhe p\u00ebr konsumim familjar n\u00eb dit\u00ebt p\u00ebrpara Krishtlindjes, pasi kolindet jan\u00eb gatime kreshmore.<\/span><\/span><\/span><\/p>\n<\/td>\n<\/tr>\n<tr>\n<td>\n<p style=\"text-align: justify;\"><span style=\"color: #000000;\"><span style=\"font-family: tahoma,geneva,sans-serif;\"><span style=\"font-size: 12px;\">&nbsp;&nbsp;&nbsp; Kjo dit\u00eb \u00ebsht\u00eb e lodhshme kryesisht p\u00ebr f\u00ebmij\u00ebt, sepse data 23 dhjetor m\u00eb shum\u00eb se kurr\u00eb do t\u00eb jet\u00eb festa e tyre. Dhe jan\u00eb k\u00ebta f\u00ebmij\u00eb q\u00eb gjat\u00eb gjith\u00eb mbasdites u gjend\u00ebn n\u00eb grupe t\u00eb vogla 3 &#8211; 4 veta, duke l\u00ebvizur n\u00ebp\u00ebr rrug\u00ebt e qytetit, me kutin\u00eb e cila ka t\u00eb ndri\u00e7uar nj\u00eb yll, i cili simbolizon yllin e Betlehemit, duke shkuar sht\u00ebpi m\u00eb sht\u00ebpi, duke lajm\u00ebruar lindjen e Shp\u00ebtimtarit.<\/span><\/span><\/span><\/p>\n<\/td>\n<td>\n<p><span style=\"color: #000000;\"><span style=\"font-family: tahoma,geneva,sans-serif;\"><span style=\"font-size: 12px;\"><img decoding=\"async\" class=\"lazyload HAa Eha\" style=\"border-width: 1px; border-style: solid; margin: 10px auto; display: block;\" alt=\"\" src=\"data:image\/gif;base64,R0lGODlhAQABAAAAACH5BAEKAAEALAAAAAABAAEAAAICTAEAOw==\" data-orig-src=\"https:\/\/lh3.googleusercontent.com\/-Yd8OAIGqY9k\/VIvlp6aqcmI\/AAAAAAAAHNU\/1GA48t2G_1Q\/w400-h300-no\/5.jpg\" \/><\/span><\/span><\/span><\/p>\n<\/td>\n<\/tr>\n<tr>\n<td>\n<p><span style=\"color: #000000;\"><span style=\"font-family: tahoma,geneva,sans-serif;\"><span style=\"font-size: 12px;\"><img decoding=\"async\" class=\"lazyload HAa Eha\" style=\"border-width: 1px; border-style: solid; margin: 10px auto; display: block;\" alt=\"\" src=\"data:image\/gif;base64,R0lGODlhAQABAAAAACH5BAEKAAEALAAAAAABAAEAAAICTAEAOw==\" data-orig-src=\"https:\/\/lh3.googleusercontent.com\/-hfuNJ_Qkxgo\/VIvlqErFfNI\/AAAAAAAAHNc\/dNGnnDlllz8\/w400-h300-no\/6.jpg\" \/><\/span><\/span><\/span><\/p>\n<\/td>\n<td>\n<p style=\"text-align: justify;\"><span style=\"color: #000000;\"><span style=\"font-family: tahoma,geneva,sans-serif;\"><span style=\"font-size: 12px;\">&nbsp;&nbsp;&nbsp; T\u00eb gjitha grupet udh\u00ebhiqen nga nj\u00eb yll ashtu si\u00e7 u udh\u00ebhoq\u00ebn barinjt\u00eb apo mag\u00ebt e famsh\u00ebm n\u00eb lindjen e mrekullueshme t\u00eb Zotit ton\u00eb Jisu Krishtit. T\u00eb bie n\u00eb sy dashuria dhe \u00ebmb\u00eblsia e z\u00ebrave f\u00ebminor\u00eb q\u00eb p\u00ebrhapin lajmin e mir\u00eb: se ylli i bukur q\u00eb ndri\u00e7oi lart n\u00eb qiell u tregoi njer\u00ebzve rrug\u00ebn e dituris\u00eb dhe t\u00eb shp\u00ebtimit. T\u00eb gjith\u00eb k\u00ebta f\u00ebmij\u00eb p\u00ebrhapin lajmin se, sot dashuria dhe shp\u00ebtimi u mish\u00ebrua me an\u00eb t\u00eb Zotit ton\u00eb Jisu Krisht, sot ndriti nj\u00eb shpres\u00eb, ndriti \u201cYlli i Bukur i Dituris\u00eb\u201d.<\/span><\/span><\/span><\/p>\n<\/td>\n<\/tr>\n<tr>\n<td colspan=\"2\">\n<p style=\"text-align: justify;\"> <span style=\"color: #000000;\"><span style=\"font-family: tahoma,geneva,sans-serif;\"><span style=\"font-size: 12px;\">&nbsp;&nbsp;&nbsp; Nga ana tjet\u00ebr mikpritja e familjeve beratase nuk mungoi n\u00eb k\u00ebt\u00eb mbr\u00ebmje, ata prit\u00ebn dhe p\u00ebrcoll\u00ebn shum\u00eb grupe f\u00ebmij\u00ebsh deri n\u00eb or\u00ebt e vona t\u00eb nat\u00ebs, duke i qerasur f\u00ebmij\u00ebt me \u00ebmb\u00eblsira t\u00eb ndryshme dhe duke iu dh\u00ebn\u00eb shp\u00ebrblime t\u00eb vogla simbolike n\u00eb para, pasi sipas tradit\u00ebs s\u00eb k\u00ebtij vendi kush sjell lajmin e nj\u00eb f\u00ebmije q\u00eb lind, shp\u00ebrblehet me nj\u00eb shum\u00eb simbolike. T\u00eb gjitha familjet e quajn\u00eb k\u00ebt\u00eb nat\u00eb t\u00eb shenjt\u00eb dhe t\u00eb mrekullueshme sepse kjo nat\u00eb p\u00ebrmban brenda saj shum\u00eb dashuri, harmoni dhe g\u00ebzim.<\/span><\/span><\/span><\/p>\n<p style=\"text-align: justify;\"><span style=\"color: #000000;\"><span style=\"font-family: tahoma,geneva,sans-serif;\"><span style=\"font-size: 12px;\">&nbsp;&nbsp;&nbsp; T\u00eb gjitha k\u00ebto tradita t\u00eb cilat sh\u00ebrbejn\u00eb p\u00ebr t\u00eb pritur Shp\u00ebtimtarin p\u00ebrmbushen m\u00eb dat\u00ebn 25 dhjetor, dit\u00eb, e cila p\u00ebrkon me Lindjen e Shp\u00ebtimtarit ton\u00eb Jisu Krisht. Me nj\u00eb atmosfer\u00eb t\u00eb g\u00ebzueshme erdhi dita e shum\u00ebpritur, n\u00eb t\u00eb cil\u00ebn besimtar\u00eb t\u00eb panum\u00ebrt u nis\u00ebn qysh n\u00eb or\u00ebn 06 t\u00eb m\u00ebngjesit nga drejtime t\u00eb ndryshme p\u00ebr n\u00eb kish\u00ebn e Sh\u00ebn Spiridhonit, n\u00eb Goric\u00eb, dhe n\u00eb kish\u00ebn e Sh\u00ebn Gjergjit, n\u00eb Kala, ku u celebruan me madh\u00ebshti sh\u00ebrbesat e Krishtlindjeve.<\/span><\/span><\/span><\/p>\n<p style=\"text-align: justify;\"><span style=\"color: #000000;\"><span style=\"font-family: tahoma,geneva,sans-serif;\"><span style=\"font-size: 12px;\">&nbsp;&nbsp;&nbsp; N\u00eb t\u00eb dyja k\u00ebto kisha, n\u00eb mbarim t\u00eb Mesh\u00ebs Hyjnore, u lexua dhe u d\u00ebgjua me v\u00ebmendje t\u00eb posa\u00e7me mesazhi i Hir\u00ebsi Ignatit, drejtuar klerit dhe besimtar\u00ebve shpres\u00ebtar\u00eb orthodhoks\u00eb, ku, nd\u00ebr t\u00eb tjera, theksohet: <em>\u201c&#8230;..Ky Shp\u00ebtimtar, t\u00eb cilin e priste njer\u00ebzimi, dhe u ishte shfaqur profet\u00ebve dhe q\u00eb e d\u00ebshironin popujt, erdhi! Lajmi, se \u201cLindi p\u00ebr ne sot Shp\u00ebtimtari\u201d, u p\u00ebrhap nga qiejt, p\u00ebrmes goj\u00ebve engj\u00ebllore, p\u00ebr t\u00eb mbushur zemrat tona me shpres\u00eb, paqe dhe g\u00ebzim&#8230;..&nbsp; V\u00ebllez\u00ebrit e mi t\u00eb dashur m\u00eb Krishtin! Le t\u00eb d\u00ebshirojm\u00eb t\u00eb vijm\u00eb pran\u00eb Krishtit t\u00eb porsalindur, Shp\u00ebtimtarit ton\u00eb, me thjesht\u00ebsin\u00eb e barinjve t\u00eb Betlehemit. <\/em><\/span><\/span><\/span><\/p>\n<p style=\"text-align: justify;\"><span style=\"color: #000000;\"><span style=\"font-family: tahoma,geneva,sans-serif;\"><span style=\"font-size: 12px;\"><em>&nbsp;&nbsp;&nbsp; Le t\u2019i afrohemi me respektin dhe shpres\u00ebtarin\u00eb e mag\u00ebve t\u00eb Lindjes, duke i ofruar temjanin e lutjes s\u00eb past\u00ebr, arin e veprave tona t\u00eb virtytshme dhe smirn\u00ebn e lot\u00ebve t\u00eb pendimit ton\u00eb. Le t\u2019i duam armiqt\u00eb tan\u00eb, ashtu si\u00e7 na deshi Ai neve. Le t\u2019i m\u00ebshirojm\u00eb t\u00eb varfrit, ashtu si\u00e7 na m\u00ebshiroi Ai neve.<\/em><\/span><\/span><\/span><\/p>\n<p style=\"text-align: justify;\"><span style=\"color: #000000;\"><span style=\"font-family: tahoma,geneva,sans-serif;\"><span style=\"font-size: 12px;\"><em>&nbsp;&nbsp;&nbsp; Le t\u00eb b\u00ebhet zemra jon\u00eb Grazhd p\u00ebr ta mir\u00ebpritur. Dhe kur t\u00eb ndri\u00e7ohemi me drit\u00ebn e Tij, le t\u00eb b\u00ebhemi rreze t\u00eb ndritshme dhe yje t\u00eb Betlehemit p\u00ebr t\u00eb trumbetuar kudo dhe p\u00ebrher\u00eb tek t\u00eb gjith\u00eb njer\u00ebzit, me fjal\u00eb dhe me vepra, se \u201cLindi p\u00ebr ne sot Shp\u00ebtimtari, i cili \u00ebsht\u00eb Zoti Krisht\u201d(Llk. 2:11).<\/em>\u201d<\/span><\/span><\/span><\/p>\n<p style=\"text-align: justify;\"><span style=\"color: #000000;\"><span style=\"font-family: tahoma,geneva,sans-serif;\"><span style=\"font-size: 12px;\">&nbsp;&nbsp;&nbsp; T\u00eb ngaz\u00eblluar nga kjo fest\u00eb madh\u00ebshtore e mbar\u00eb njer\u00ebzimit, besimtar\u00eb t\u00eb shumt\u00eb b\u00ebn\u00eb nj\u00eb vizit\u00eb t\u00eb paharruar n\u00eb Selin\u00eb Mitropolitane, ku gjithashtu erdh\u00ebn p\u00ebr t\u00eb uruar edhe Prefekti i Beratit, i shoq\u00ebruar nga bashk\u00ebpun\u00ebtor\u00ebt e tij, Kryetari i Bashkis\u00eb me an\u00ebtar\u00ebt e K\u00ebshillit Bashkiak, p\u00ebrfaq\u00ebsues t\u00eb Myftinis\u00eb s\u00eb Beratit, p\u00ebrfaq\u00ebsues t\u00eb Komunitetit Romano-Katolik, t\u00eb cil\u00ebt t\u00eb gjith\u00eb k\u00ebta vizitor\u00eb dhe persona t\u00eb nderuar i priti me ngroht\u00ebsi dhe p\u00ebrzem\u00ebrsi t\u00eb ve\u00e7ant\u00eb Mitropoliti i Mitropolis\u00eb s\u00eb Shenjt\u00eb t\u00eb Beratit, Vlor\u00ebs, Kanin\u00ebs dhe gjith\u00eb Myzeqes\u00eb, Imzot Ignati, i cili shk\u00ebmbeu me t\u00eb gjith\u00eb thirrjen e zjarrt\u00eb t\u00eb paqes, bashk\u00ebpunimit, toleranc\u00ebs, v\u00ebllaz\u00ebrimit p\u00ebr t\u00eb mir\u00ebn dhe begatin\u00eb e bashk\u00ebqytetar\u00ebve tan\u00eb.<\/span><\/span><\/span><\/p>\n<p style=\"text-align: justify;\"><span style=\"color: #000000;\"><span style=\"font-family: tahoma,geneva,sans-serif;\"><span style=\"font-size: 12px;\">&nbsp;&nbsp;&nbsp; P\u00ebrfundoi k\u00ebshtu nj\u00eb prej festave kulmore t\u00eb k\u00ebsaj periudhe festive dymb\u00ebdhjet\u00ebdit\u00ebshe, periudh\u00eb shum\u00eb e ngjeshur me festa e aktivitete, e cila p\u00ebrb\u00ebn edhe nj\u00eb nga periudhat m\u00eb t\u00eb bukura t\u00eb vitit. P\u00ebrjetuam nj\u00eb g\u00ebzim t\u00eb ve\u00e7ant\u00eb q\u00eb gjendet vet\u00ebm n\u00eb fest\u00ebn e Krishtlindjeve.<\/span><\/span><\/span><\/p>\n<p style=\"text-align: justify;\">&nbsp;<\/p>\n<p style=\"text-align: right;\"><span style=\"color: #000000;\"><span style=\"font-family: tahoma,geneva,sans-serif;\"><span style=\"font-size: 12px;\"><strong>Joan Qako<\/strong><\/span><\/span><\/span><\/p>\n<\/td>\n<\/tr>\n<\/tbody>\n<\/table>\n","protected":false},"excerpt":{"rendered":"<p>&nbsp;&nbsp;&nbsp; Fundi i dhjetorit t\u00eb gjitha familjet orthodhokse t\u00eb Beratit i gjeti n\u00eb p\u00ebrgatitje e sip\u00ebr p\u00ebr t\u00eb pritur festat e m\u00ebdha t\u00eb fund vitit, Krishtlindjeve, Sh\u00ebn Vasilit dhe Pag\u00ebzimit t\u00eb Krishtit (Ujit t\u00eb Bekuar). &nbsp;&nbsp; Si gjithmon\u00eb p\u00ebrgatitja e par\u00eb \u00ebsht\u00eb ajo e pastrimit dhe zbukurimit t\u00eb sht\u00ebpive. Dritat e bukura shum\u00ebngjyr\u00ebshe q\u00eb shprehin madh\u00ebshtin\u00eb e k\u00ebtyre festave dukeshin kudo si n\u00eb rrug\u00ebt e<\/p>\n","protected":false},"author":1,"featured_media":0,"comment_status":"open","ping_status":"open","sticky":false,"template":"","format":"standard","meta":{"_acf_changed":false,"pagelayer_contact_templates":[],"_pagelayer_content":"","inline_featured_image":false,"fifu_image_url":"","fifu_image_alt":"","footnotes":""},"categories":[108],"tags":[147,192,212,197],"class_list":["post-745","post","type-post","status-publish","format-standard","hentry","category-lajme","tag-147","tag-krishtlindje","tag-lajme-d27","tag-berat"],"acf":[],"yoast_head":"<!-- This site is optimized with the Yoast SEO plugin v27.2 - https:\/\/yoast.com\/product\/yoast-seo-wordpress\/ -->\n<title>Kolendrat dhe Krishtlindjet n\u00eb Berat. (Dhjetor 2007) - Kisha Orthodh\u03bfkse Autoqefale e Shqip\u00ebris\u00eb<\/title>\n<meta name=\"robots\" content=\"index, follow, max-snippet:-1, max-image-preview:large, max-video-preview:-1\" \/>\n<link rel=\"canonical\" href=\"https:\/\/orthodoxalbania.org\/2020\/2007\/02\/26\/kolendrat-dhe-krishtlindjet-ne-berat-dhjetor-2007\/\" \/>\n<meta property=\"og:locale\" content=\"en_US\" \/>\n<meta property=\"og:type\" content=\"article\" \/>\n<meta property=\"og:title\" content=\"Kolendrat dhe Krishtlindjet n\u00eb Berat. (Dhjetor 2007) - Kisha Orthodh\u03bfkse Autoqefale e Shqip\u00ebris\u00eb\" \/>\n<meta property=\"og:description\" content=\"&nbsp;&nbsp;&nbsp; Fundi i dhjetorit t\u00eb gjitha familjet orthodhokse t\u00eb Beratit i gjeti n\u00eb p\u00ebrgatitje e sip\u00ebr p\u00ebr t\u00eb pritur festat e m\u00ebdha t\u00eb fund vitit, Krishtlindjeve, Sh\u00ebn Vasilit dhe Pag\u00ebzimit t\u00eb Krishtit (Ujit t\u00eb Bekuar). &nbsp;&nbsp; Si gjithmon\u00eb p\u00ebrgatitja e par\u00eb \u00ebsht\u00eb ajo e pastrimit dhe zbukurimit t\u00eb sht\u00ebpive. Dritat e bukura shum\u00ebngjyr\u00ebshe q\u00eb shprehin madh\u00ebshtin\u00eb e k\u00ebtyre festave dukeshin kudo si n\u00eb rrug\u00ebt e\" \/>\n<meta property=\"og:url\" content=\"https:\/\/orthodoxalbania.org\/2020\/2007\/02\/26\/kolendrat-dhe-krishtlindjet-ne-berat-dhjetor-2007\/\" \/>\n<meta property=\"og:site_name\" content=\"Kisha Orthodh\u03bfkse Autoqefale e Shqip\u00ebris\u00eb\" \/>\n<meta property=\"article:publisher\" content=\"https:\/\/www.facebook.com\/koash1991\" \/>\n<meta property=\"article:published_time\" content=\"2007-02-26T00:00:00+00:00\" \/>\n<meta property=\"article:modified_time\" content=\"2020-04-06T20:35:52+00:00\" \/>\n<meta property=\"og:image\" content=\"https:\/\/lh5.googleusercontent.com\/-Al9_xXXOLSY\/VIvlpPNjCNI\/AAAAAAAAHNs\/LW2_jsY-Owg\/w300-h400-no\/1.jpg\" \/>\n<meta name=\"author\" content=\"Kisha Orthodhokse\" \/>\n<meta name=\"twitter:card\" content=\"summary_large_image\" \/>\n<meta name=\"twitter:label1\" content=\"Written by\" \/>\n\t<meta name=\"twitter:data1\" content=\"Kisha Orthodhokse\" \/>\n\t<meta name=\"twitter:label2\" content=\"Est. reading time\" \/>\n\t<meta name=\"twitter:data2\" content=\"6 minutes\" \/>\n<script type=\"application\/ld+json\" class=\"yoast-schema-graph\">{\"@context\":\"https:\/\/schema.org\",\"@graph\":[{\"@type\":\"Article\",\"@id\":\"https:\/\/orthodoxalbania.org\/2020\/2007\/02\/26\/kolendrat-dhe-krishtlindjet-ne-berat-dhjetor-2007\/#article\",\"isPartOf\":{\"@id\":\"https:\/\/orthodoxalbania.org\/2020\/2007\/02\/26\/kolendrat-dhe-krishtlindjet-ne-berat-dhjetor-2007\/\"},\"author\":{\"name\":\"Kisha Orthodhokse\",\"@id\":\"https:\/\/orthodoxalbania.org\/2020\/#\/schema\/person\/0c387634a7063ac612d7ed9ce71c7e86\"},\"headline\":\"Kolendrat dhe Krishtlindjet n\u00eb Berat. (Dhjetor 2007)\",\"datePublished\":\"2007-02-26T00:00:00+00:00\",\"dateModified\":\"2020-04-06T20:35:52+00:00\",\"mainEntityOfPage\":{\"@id\":\"https:\/\/orthodoxalbania.org\/2020\/2007\/02\/26\/kolendrat-dhe-krishtlindjet-ne-berat-dhjetor-2007\/\"},\"wordCount\":1256,\"commentCount\":0,\"publisher\":{\"@id\":\"https:\/\/orthodoxalbania.org\/2020\/#organization\"},\"image\":{\"@id\":\"https:\/\/orthodoxalbania.org\/2020\/2007\/02\/26\/kolendrat-dhe-krishtlindjet-ne-berat-dhjetor-2007\/#primaryimage\"},\"thumbnailUrl\":\"https:\/\/lh5.googleusercontent.com\/-Al9_xXXOLSY\/VIvlpPNjCNI\/AAAAAAAAHNs\/LW2_jsY-Owg\/w300-h400-no\/1.jpg\",\"keywords\":[\"2007\",\"Krishtlindje\",\"lajme\",\"Mitropolia Berat\"],\"articleSection\":[\"Lajme\"],\"inLanguage\":\"en-US\"},{\"@type\":\"WebPage\",\"@id\":\"https:\/\/orthodoxalbania.org\/2020\/2007\/02\/26\/kolendrat-dhe-krishtlindjet-ne-berat-dhjetor-2007\/\",\"url\":\"https:\/\/orthodoxalbania.org\/2020\/2007\/02\/26\/kolendrat-dhe-krishtlindjet-ne-berat-dhjetor-2007\/\",\"name\":\"Kolendrat dhe Krishtlindjet n\u00eb Berat. (Dhjetor 2007) - Kisha Orthodh\u03bfkse Autoqefale e Shqip\u00ebris\u00eb\",\"isPartOf\":{\"@id\":\"https:\/\/orthodoxalbania.org\/2020\/#website\"},\"primaryImageOfPage\":{\"@id\":\"https:\/\/orthodoxalbania.org\/2020\/2007\/02\/26\/kolendrat-dhe-krishtlindjet-ne-berat-dhjetor-2007\/#primaryimage\"},\"image\":{\"@id\":\"https:\/\/orthodoxalbania.org\/2020\/2007\/02\/26\/kolendrat-dhe-krishtlindjet-ne-berat-dhjetor-2007\/#primaryimage\"},\"thumbnailUrl\":\"https:\/\/lh5.googleusercontent.com\/-Al9_xXXOLSY\/VIvlpPNjCNI\/AAAAAAAAHNs\/LW2_jsY-Owg\/w300-h400-no\/1.jpg\",\"datePublished\":\"2007-02-26T00:00:00+00:00\",\"dateModified\":\"2020-04-06T20:35:52+00:00\",\"breadcrumb\":{\"@id\":\"https:\/\/orthodoxalbania.org\/2020\/2007\/02\/26\/kolendrat-dhe-krishtlindjet-ne-berat-dhjetor-2007\/#breadcrumb\"},\"inLanguage\":\"en-US\",\"potentialAction\":[{\"@type\":\"ReadAction\",\"target\":[\"https:\/\/orthodoxalbania.org\/2020\/2007\/02\/26\/kolendrat-dhe-krishtlindjet-ne-berat-dhjetor-2007\/\"]}]},{\"@type\":\"ImageObject\",\"inLanguage\":\"en-US\",\"@id\":\"https:\/\/orthodoxalbania.org\/2020\/2007\/02\/26\/kolendrat-dhe-krishtlindjet-ne-berat-dhjetor-2007\/#primaryimage\",\"url\":\"https:\/\/lh5.googleusercontent.com\/-Al9_xXXOLSY\/VIvlpPNjCNI\/AAAAAAAAHNs\/LW2_jsY-Owg\/w300-h400-no\/1.jpg\",\"contentUrl\":\"https:\/\/lh5.googleusercontent.com\/-Al9_xXXOLSY\/VIvlpPNjCNI\/AAAAAAAAHNs\/LW2_jsY-Owg\/w300-h400-no\/1.jpg\"},{\"@type\":\"BreadcrumbList\",\"@id\":\"https:\/\/orthodoxalbania.org\/2020\/2007\/02\/26\/kolendrat-dhe-krishtlindjet-ne-berat-dhjetor-2007\/#breadcrumb\",\"itemListElement\":[{\"@type\":\"ListItem\",\"position\":1,\"name\":\"Home\",\"item\":\"https:\/\/orthodoxalbania.org\/2020\/\"},{\"@type\":\"ListItem\",\"position\":2,\"name\":\"Kolendrat dhe Krishtlindjet n\u00eb Berat. (Dhjetor 2007)\"}]},{\"@type\":\"WebSite\",\"@id\":\"https:\/\/orthodoxalbania.org\/2020\/#website\",\"url\":\"https:\/\/orthodoxalbania.org\/2020\/\",\"name\":\"Kisha Orthodh\u03bfkse Autoqefale e Shqip\u00ebris\u00eb\",\"description\":\"Fqja Zyrtare e Kish\u00ebs Orthodhokse Autoqefale e Shqip\u00ebris\u00eb me lajmet edhe informacionet zyrtare p\u00ebr struktur\u00ebn edhe veprimtarin e saj.\",\"publisher\":{\"@id\":\"https:\/\/orthodoxalbania.org\/2020\/#organization\"},\"potentialAction\":[{\"@type\":\"SearchAction\",\"target\":{\"@type\":\"EntryPoint\",\"urlTemplate\":\"https:\/\/orthodoxalbania.org\/2020\/?s={search_term_string}\"},\"query-input\":{\"@type\":\"PropertyValueSpecification\",\"valueRequired\":true,\"valueName\":\"search_term_string\"}}],\"inLanguage\":\"en-US\"},{\"@type\":\"Organization\",\"@id\":\"https:\/\/orthodoxalbania.org\/2020\/#organization\",\"name\":\"Kisha Orthodhokse Autoqefale e Shqip\u00ebris\u00eb\",\"url\":\"https:\/\/orthodoxalbania.org\/2020\/\",\"logo\":{\"@type\":\"ImageObject\",\"inLanguage\":\"en-US\",\"@id\":\"https:\/\/orthodoxalbania.org\/2020\/#\/schema\/logo\/image\/\",\"url\":\"https:\/\/orthodoxalbania.org\/2020\/wp-content\/uploads\/2020\/05\/albania.jpeg\",\"contentUrl\":\"https:\/\/orthodoxalbania.org\/2020\/wp-content\/uploads\/2020\/05\/albania.jpeg\",\"width\":540,\"height\":540,\"caption\":\"Kisha Orthodhokse Autoqefale e Shqip\u00ebris\u00eb\"},\"image\":{\"@id\":\"https:\/\/orthodoxalbania.org\/2020\/#\/schema\/logo\/image\/\"},\"sameAs\":[\"https:\/\/www.facebook.com\/koash1991\"]},{\"@type\":\"Person\",\"@id\":\"https:\/\/orthodoxalbania.org\/2020\/#\/schema\/person\/0c387634a7063ac612d7ed9ce71c7e86\",\"name\":\"Kisha Orthodhokse\",\"image\":{\"@type\":\"ImageObject\",\"inLanguage\":\"en-US\",\"@id\":\"https:\/\/secure.gravatar.com\/avatar\/596e7c417251e30f2fbb9c00e026fce61a695a00e51c889caded71c96cbbdde5?s=96&d=mm&r=g\",\"url\":\"https:\/\/secure.gravatar.com\/avatar\/596e7c417251e30f2fbb9c00e026fce61a695a00e51c889caded71c96cbbdde5?s=96&d=mm&r=g\",\"contentUrl\":\"https:\/\/secure.gravatar.com\/avatar\/596e7c417251e30f2fbb9c00e026fce61a695a00e51c889caded71c96cbbdde5?s=96&d=mm&r=g\",\"caption\":\"Kisha Orthodhokse\"}}]}<\/script>\n<!-- \/ Yoast SEO plugin. -->","yoast_head_json":{"title":"Kolendrat dhe Krishtlindjet n\u00eb Berat. (Dhjetor 2007) - Kisha Orthodh\u03bfkse Autoqefale e Shqip\u00ebris\u00eb","robots":{"index":"index","follow":"follow","max-snippet":"max-snippet:-1","max-image-preview":"max-image-preview:large","max-video-preview":"max-video-preview:-1"},"canonical":"https:\/\/orthodoxalbania.org\/2020\/2007\/02\/26\/kolendrat-dhe-krishtlindjet-ne-berat-dhjetor-2007\/","og_locale":"en_US","og_type":"article","og_title":"Kolendrat dhe Krishtlindjet n\u00eb Berat. (Dhjetor 2007) - Kisha Orthodh\u03bfkse Autoqefale e Shqip\u00ebris\u00eb","og_description":"&nbsp;&nbsp;&nbsp; Fundi i dhjetorit t\u00eb gjitha familjet orthodhokse t\u00eb Beratit i gjeti n\u00eb p\u00ebrgatitje e sip\u00ebr p\u00ebr t\u00eb pritur festat e m\u00ebdha t\u00eb fund vitit, Krishtlindjeve, Sh\u00ebn Vasilit dhe Pag\u00ebzimit t\u00eb Krishtit (Ujit t\u00eb Bekuar). &nbsp;&nbsp; Si gjithmon\u00eb p\u00ebrgatitja e par\u00eb \u00ebsht\u00eb ajo e pastrimit dhe zbukurimit t\u00eb sht\u00ebpive. Dritat e bukura shum\u00ebngjyr\u00ebshe q\u00eb shprehin madh\u00ebshtin\u00eb e k\u00ebtyre festave dukeshin kudo si n\u00eb rrug\u00ebt e","og_url":"https:\/\/orthodoxalbania.org\/2020\/2007\/02\/26\/kolendrat-dhe-krishtlindjet-ne-berat-dhjetor-2007\/","og_site_name":"Kisha Orthodh\u03bfkse Autoqefale e Shqip\u00ebris\u00eb","article_publisher":"https:\/\/www.facebook.com\/koash1991","article_published_time":"2007-02-26T00:00:00+00:00","article_modified_time":"2020-04-06T20:35:52+00:00","og_image":[{"url":"https:\/\/lh5.googleusercontent.com\/-Al9_xXXOLSY\/VIvlpPNjCNI\/AAAAAAAAHNs\/LW2_jsY-Owg\/w300-h400-no\/1.jpg","type":"","width":"","height":""}],"author":"Kisha Orthodhokse","twitter_card":"summary_large_image","twitter_misc":{"Written by":"Kisha Orthodhokse","Est. reading time":"6 minutes"},"schema":{"@context":"https:\/\/schema.org","@graph":[{"@type":"Article","@id":"https:\/\/orthodoxalbania.org\/2020\/2007\/02\/26\/kolendrat-dhe-krishtlindjet-ne-berat-dhjetor-2007\/#article","isPartOf":{"@id":"https:\/\/orthodoxalbania.org\/2020\/2007\/02\/26\/kolendrat-dhe-krishtlindjet-ne-berat-dhjetor-2007\/"},"author":{"name":"Kisha Orthodhokse","@id":"https:\/\/orthodoxalbania.org\/2020\/#\/schema\/person\/0c387634a7063ac612d7ed9ce71c7e86"},"headline":"Kolendrat dhe Krishtlindjet n\u00eb Berat. (Dhjetor 2007)","datePublished":"2007-02-26T00:00:00+00:00","dateModified":"2020-04-06T20:35:52+00:00","mainEntityOfPage":{"@id":"https:\/\/orthodoxalbania.org\/2020\/2007\/02\/26\/kolendrat-dhe-krishtlindjet-ne-berat-dhjetor-2007\/"},"wordCount":1256,"commentCount":0,"publisher":{"@id":"https:\/\/orthodoxalbania.org\/2020\/#organization"},"image":{"@id":"https:\/\/orthodoxalbania.org\/2020\/2007\/02\/26\/kolendrat-dhe-krishtlindjet-ne-berat-dhjetor-2007\/#primaryimage"},"thumbnailUrl":"https:\/\/lh5.googleusercontent.com\/-Al9_xXXOLSY\/VIvlpPNjCNI\/AAAAAAAAHNs\/LW2_jsY-Owg\/w300-h400-no\/1.jpg","keywords":["2007","Krishtlindje","lajme","Mitropolia Berat"],"articleSection":["Lajme"],"inLanguage":"en-US"},{"@type":"WebPage","@id":"https:\/\/orthodoxalbania.org\/2020\/2007\/02\/26\/kolendrat-dhe-krishtlindjet-ne-berat-dhjetor-2007\/","url":"https:\/\/orthodoxalbania.org\/2020\/2007\/02\/26\/kolendrat-dhe-krishtlindjet-ne-berat-dhjetor-2007\/","name":"Kolendrat dhe Krishtlindjet n\u00eb Berat. (Dhjetor 2007) - Kisha Orthodh\u03bfkse Autoqefale e Shqip\u00ebris\u00eb","isPartOf":{"@id":"https:\/\/orthodoxalbania.org\/2020\/#website"},"primaryImageOfPage":{"@id":"https:\/\/orthodoxalbania.org\/2020\/2007\/02\/26\/kolendrat-dhe-krishtlindjet-ne-berat-dhjetor-2007\/#primaryimage"},"image":{"@id":"https:\/\/orthodoxalbania.org\/2020\/2007\/02\/26\/kolendrat-dhe-krishtlindjet-ne-berat-dhjetor-2007\/#primaryimage"},"thumbnailUrl":"https:\/\/lh5.googleusercontent.com\/-Al9_xXXOLSY\/VIvlpPNjCNI\/AAAAAAAAHNs\/LW2_jsY-Owg\/w300-h400-no\/1.jpg","datePublished":"2007-02-26T00:00:00+00:00","dateModified":"2020-04-06T20:35:52+00:00","breadcrumb":{"@id":"https:\/\/orthodoxalbania.org\/2020\/2007\/02\/26\/kolendrat-dhe-krishtlindjet-ne-berat-dhjetor-2007\/#breadcrumb"},"inLanguage":"en-US","potentialAction":[{"@type":"ReadAction","target":["https:\/\/orthodoxalbania.org\/2020\/2007\/02\/26\/kolendrat-dhe-krishtlindjet-ne-berat-dhjetor-2007\/"]}]},{"@type":"ImageObject","inLanguage":"en-US","@id":"https:\/\/orthodoxalbania.org\/2020\/2007\/02\/26\/kolendrat-dhe-krishtlindjet-ne-berat-dhjetor-2007\/#primaryimage","url":"https:\/\/lh5.googleusercontent.com\/-Al9_xXXOLSY\/VIvlpPNjCNI\/AAAAAAAAHNs\/LW2_jsY-Owg\/w300-h400-no\/1.jpg","contentUrl":"https:\/\/lh5.googleusercontent.com\/-Al9_xXXOLSY\/VIvlpPNjCNI\/AAAAAAAAHNs\/LW2_jsY-Owg\/w300-h400-no\/1.jpg"},{"@type":"BreadcrumbList","@id":"https:\/\/orthodoxalbania.org\/2020\/2007\/02\/26\/kolendrat-dhe-krishtlindjet-ne-berat-dhjetor-2007\/#breadcrumb","itemListElement":[{"@type":"ListItem","position":1,"name":"Home","item":"https:\/\/orthodoxalbania.org\/2020\/"},{"@type":"ListItem","position":2,"name":"Kolendrat dhe Krishtlindjet n\u00eb Berat. (Dhjetor 2007)"}]},{"@type":"WebSite","@id":"https:\/\/orthodoxalbania.org\/2020\/#website","url":"https:\/\/orthodoxalbania.org\/2020\/","name":"Kisha Orthodh\u03bfkse Autoqefale e Shqip\u00ebris\u00eb","description":"Fqja Zyrtare e Kish\u00ebs Orthodhokse Autoqefale e Shqip\u00ebris\u00eb me lajmet edhe informacionet zyrtare p\u00ebr struktur\u00ebn edhe veprimtarin e saj.","publisher":{"@id":"https:\/\/orthodoxalbania.org\/2020\/#organization"},"potentialAction":[{"@type":"SearchAction","target":{"@type":"EntryPoint","urlTemplate":"https:\/\/orthodoxalbania.org\/2020\/?s={search_term_string}"},"query-input":{"@type":"PropertyValueSpecification","valueRequired":true,"valueName":"search_term_string"}}],"inLanguage":"en-US"},{"@type":"Organization","@id":"https:\/\/orthodoxalbania.org\/2020\/#organization","name":"Kisha Orthodhokse Autoqefale e Shqip\u00ebris\u00eb","url":"https:\/\/orthodoxalbania.org\/2020\/","logo":{"@type":"ImageObject","inLanguage":"en-US","@id":"https:\/\/orthodoxalbania.org\/2020\/#\/schema\/logo\/image\/","url":"https:\/\/orthodoxalbania.org\/2020\/wp-content\/uploads\/2020\/05\/albania.jpeg","contentUrl":"https:\/\/orthodoxalbania.org\/2020\/wp-content\/uploads\/2020\/05\/albania.jpeg","width":540,"height":540,"caption":"Kisha Orthodhokse Autoqefale e Shqip\u00ebris\u00eb"},"image":{"@id":"https:\/\/orthodoxalbania.org\/2020\/#\/schema\/logo\/image\/"},"sameAs":["https:\/\/www.facebook.com\/koash1991"]},{"@type":"Person","@id":"https:\/\/orthodoxalbania.org\/2020\/#\/schema\/person\/0c387634a7063ac612d7ed9ce71c7e86","name":"Kisha Orthodhokse","image":{"@type":"ImageObject","inLanguage":"en-US","@id":"https:\/\/secure.gravatar.com\/avatar\/596e7c417251e30f2fbb9c00e026fce61a695a00e51c889caded71c96cbbdde5?s=96&d=mm&r=g","url":"https:\/\/secure.gravatar.com\/avatar\/596e7c417251e30f2fbb9c00e026fce61a695a00e51c889caded71c96cbbdde5?s=96&d=mm&r=g","contentUrl":"https:\/\/secure.gravatar.com\/avatar\/596e7c417251e30f2fbb9c00e026fce61a695a00e51c889caded71c96cbbdde5?s=96&d=mm&r=g","caption":"Kisha Orthodhokse"}}]}},"_links":{"self":[{"href":"https:\/\/orthodoxalbania.org\/2020\/wp-json\/wp\/v2\/posts\/745","targetHints":{"allow":["GET"]}}],"collection":[{"href":"https:\/\/orthodoxalbania.org\/2020\/wp-json\/wp\/v2\/posts"}],"about":[{"href":"https:\/\/orthodoxalbania.org\/2020\/wp-json\/wp\/v2\/types\/post"}],"author":[{"embeddable":true,"href":"https:\/\/orthodoxalbania.org\/2020\/wp-json\/wp\/v2\/users\/1"}],"replies":[{"embeddable":true,"href":"https:\/\/orthodoxalbania.org\/2020\/wp-json\/wp\/v2\/comments?post=745"}],"version-history":[{"count":1,"href":"https:\/\/orthodoxalbania.org\/2020\/wp-json\/wp\/v2\/posts\/745\/revisions"}],"predecessor-version":[{"id":15788,"href":"https:\/\/orthodoxalbania.org\/2020\/wp-json\/wp\/v2\/posts\/745\/revisions\/15788"}],"wp:attachment":[{"href":"https:\/\/orthodoxalbania.org\/2020\/wp-json\/wp\/v2\/media?parent=745"}],"wp:term":[{"taxonomy":"category","embeddable":true,"href":"https:\/\/orthodoxalbania.org\/2020\/wp-json\/wp\/v2\/categories?post=745"},{"taxonomy":"post_tag","embeddable":true,"href":"https:\/\/orthodoxalbania.org\/2020\/wp-json\/wp\/v2\/tags?post=745"}],"curies":[{"name":"wp","href":"https:\/\/api.w.org\/{rel}","templated":true}]}}