{"id":740,"date":"2013-03-21T09:10:34","date_gmt":"2013-03-21T09:10:34","guid":{"rendered":""},"modified":"2020-04-06T22:32:11","modified_gmt":"2020-04-06T20:32:11","slug":"klerike-dhe-besimtare-urojne-kryepiskopin-anastas-per-diten-e-emrit","status":"publish","type":"post","link":"https:\/\/orthodoxalbania.org\/2020\/2013\/03\/21\/klerike-dhe-besimtare-urojne-kryepiskopin-anastas-per-diten-e-emrit\/","title":{"rendered":"Klerik\u00eb dhe besimtar\u00eb urojn\u00eb Kryepiskopin Anastas p\u00ebr dit\u00ebn e emrit. (22 Janar 2011)"},"content":{"rendered":"<div class=\"style10\"><span style=\"color: #000000;\"><span style=\"font-size: 14px;\"><span style=\"font-family: Arial;\"><img decoding=\"async\" class=\"lazyload HAa Eha\" style=\"height: 115px; width: 204px; border-width: 1px; border-style: solid; margin: 10px; float: left;\" alt=\"\" src=\"data:image\/gif;base64,R0lGODlhAQABAAAAACH5BAEKAAEALAAAAAABAAEAAAICTAEAOw==\" data-orig-src=\"https:\/\/lh5.googleusercontent.com\/-EfUngxm3D7c\/VAA-ZyeZcfI\/AAAAAAAAB8M\/___60ciHLwo\/w600-h337-no\/ne%2BKishe%2B-%2B2_600x337.JPG\" \/><span style=\"font-family: tahoma,geneva,sans-serif;\"><span style=\"font-size: 12px;\">&nbsp;&nbsp;&nbsp; 22 janari, e kremtja e sh\u00ebn Anastas Persianit \u00ebsht\u00eb nj\u00eb dit\u00eb e sh\u00ebnuar edhe p\u00ebr Kish\u00ebn ton\u00eb, sepse kujton dit\u00ebn e emrit t\u00eb Kryebariut, Fortlumturis\u00eb s\u00eb Tij, Imzot Anastasit. Me k\u00ebt\u00eb rast, si \u00e7do vit, klerik\u00eb, besimtar\u00eb dhe miq t\u00eb shumt\u00eb t\u00eb Kryepiskopit e urojn\u00eb at\u00eb: \u201cP\u00ebr shum\u00eb vjet o Kryezot\u201d, q\u00eb Per\u00ebndia t\u2019i fal\u00eb vite t\u00eb gjata e t\u00eb bekuara.<\/span><\/span><\/span><\/span><\/span><\/div>\n<div class=\"style10\"> <span style=\"color: #000000;\"><span style=\"font-size: 14px;\"><span style=\"font-family: Arial;\"><span style=\"font-family: tahoma,geneva,sans-serif;\"><span style=\"font-size: 12px;\">&nbsp; &nbsp; Festa e k\u00ebsaj dite nisi me Liturgjin\u00eb Hyjnore n\u00eb Katedralen e Tiran\u00ebs, ku merrnin pjes\u00eb mitropolit\u00ebt dhe klerik\u00eb t\u00eb shumt\u00eb t\u00eb<img decoding=\"async\" class=\"lazyload HAa Eha\" style=\"height: 104px; width: 185px; border-width: 1px; border-style: solid; margin: 10px; float: right;\" alt=\"\" src=\"data:image\/gif;base64,R0lGODlhAQABAAAAACH5BAEKAAEALAAAAAABAAEAAAICTAEAOw==\" data-orig-src=\"https:\/\/lh4.googleusercontent.com\/-IrT4-oSRDFU\/VAA-diCHMmI\/AAAAAAAAB8g\/bnI-HlPpEq8\/w600-h337-no\/duke%2Bkenduar%2Bper%2BKryepiskopin_600x337.JPG\" \/> enorive si dhe qindra besimtar\u00eb t\u00eb t\u00eb gjitha moshave. Pas Liturgjis\u00eb Hyjnore, n\u00eb sall\u00ebn p\u00ebrball\u00eb Katedrales, Kryepiskopi priti urimet e t\u00eb pranishm\u00ebve dhe shum\u00eb dhurata e lule.&nbsp;<\/span><\/span><\/span><\/span><\/span><\/div>\n<div class=\"style10\"> <span style=\"color: #000000;\"><span style=\"font-size: 14px;\"><span style=\"font-family: Arial;\"><span style=\"font-family: tahoma,geneva,sans-serif;\"><span style=\"font-size: 12px;\">&nbsp; &nbsp; N\u00eb pasdite u rezervua nj\u00eb tjet\u00ebr pritje n\u00eb ambjentet e Kryepiskopat\u00ebs. Personalitete, besimtar\u00eb dhe njer\u00ebz t\u00eb thjesht\u00eb krijuan nj\u00eb atmosfer\u00eb t\u00eb ngroht\u00eb familjare mes g\u00ebzimit dhe urimeve t\u00eb p\u00ebrzem\u00ebrta.<\/span><\/span><\/span><\/span><\/span><\/div>\n<div class=\"style10\">&nbsp;<\/div>\n<div class=\"style10\">&nbsp;<\/div>\n<div class=\"style10\"><span style=\"color: #b22222;\"><span style=\"font-family: tahoma,geneva,sans-serif;\"><span style=\"font-size: 12px;\"><strong><em>&nbsp;&nbsp;&nbsp; Festa vijoi n\u00eb nj\u00eb m\u00ebnyr\u00eb t\u00eb ve\u00e7ant\u00eb<\/em><\/strong><\/span><\/span><\/span><br \/> <span style=\"color: #000000;\"><span style=\"font-family: tahoma,geneva,sans-serif;\"><span style=\"font-size: 12px;\"> <img decoding=\"async\" class=\"lazyload HAa Eha\" style=\"height: 113px; width: 150px; border-width: 1px; border-style: solid; margin: 10px; float: left;\" alt=\"\" src=\"data:image\/gif;base64,R0lGODlhAQABAAAAACH5BAEKAAEALAAAAAABAAEAAAICTAEAOw==\" data-orig-src=\"https:\/\/lh3.googleusercontent.com\/-T0yvf_wZyLQ\/VAA-XVS9otI\/AAAAAAAAB7g\/gX1gNrGxWQ0\/w600-h450-no\/foto%2B2%2B-%2Bndarja%2Be%2Bluleve_600x450.jpg\" \/> &nbsp; &nbsp; Kjo dit\u00eb nuk \u00ebsht\u00eb vet\u00ebm dita e emrit t\u00eb tij, por ai vet\u00eb e ka b\u00ebr\u00eb dit\u00eb g\u00ebzimi edhe p\u00ebr shum\u00eb t\u00eb tjer\u00eb. P\u00ebr vite me radh\u00eb, Kryepiskopi Anastas e ndan g\u00ebzimin e tij, edhe me shum\u00eb njer\u00ebz, t\u00eb cil\u00ebve u d\u00ebrgon nga lulet e dhuruara.<\/span><\/span><\/span><\/div>\n<div class=\"style10\"> <span style=\"color: #000000;\"><span style=\"font-family: tahoma,geneva,sans-serif;\"><span style=\"font-size: 12px;\">&nbsp;&nbsp;&nbsp; Grat\u00eb orthodhokse bashk\u00eb me t\u00eb rinjt\u00eb p\u00ebrcoll\u00ebn g\u00ebzim n\u00eb shum\u00eb persona dhe n\u00eb azil. T\u00eb rinjt\u00eb n\u00ebn drejtimin e p\u00ebrgjegj\u00ebses s\u00eb Zyr\u00ebs s\u00eb grave znj. Rajmonda Shqevi, shp\u00ebrndan\u00eb lulet te azili i grave t\u00eb&nbsp; motrave t\u00eb N\u00ebn\u00eb Terez\u00ebs. G\u00ebzimi dhe mir\u00ebnjohja mbushi zemrat e tyre, t\u00eb cilat me gjith\u00eb shpirt uronin vite t\u00eb bekuara, si dhe shprehnin fal\u00ebnderimin p\u00ebr gjith\u00e7ka q\u00eb Kisha jon\u00eb ka ofruar p\u00ebr vite t\u00eb t\u00ebra n\u00eb sh\u00ebrbim t\u00eb tyre.<\/span><\/span><\/span><\/div>\n<div class=\"style10\">&nbsp;<\/div>\n<div class=\"style10\">&nbsp;<\/div>\n<div class=\"style10\">&nbsp;<\/div>\n<div class=\"style10\" style=\"text-align: right;\"><span style=\"color: #000000;\"><span style=\"font-family: tahoma,geneva,sans-serif;\"><span style=\"font-size: 12px;\"><\/span><\/span><\/span><\/div>\n<div class=\"style10\" style=\"text-align: right;\"><span style=\"color: #000000;\"><span style=\"font-family: tahoma,geneva,sans-serif;\"><span style=\"font-size: 12px;\"><strong>Isidor Koti &amp; Ana Baba<\/strong><\/span><\/span><\/span><\/div>\n<div class=\"style10\">&nbsp;<\/div>\n<table style=\"width: 839px; height: 1566px;\" border=\"0\">\n<tbody>\n<tr>\n<td><span style=\"color: #000000;\"><img decoding=\"async\" class=\"lazyload HAa Eha\" style=\"width: 400px; height: 297px; border-width: 1px; border-style: solid; margin: 10px auto; display: block;\" alt=\"\" src=\"data:image\/gif;base64,R0lGODlhAQABAAAAACH5BAEKAAEALAAAAAABAAEAAAICTAEAOw==\" data-orig-src=\"https:\/\/lh4.googleusercontent.com\/-IrT4-oSRDFU\/VAA-diCHMmI\/AAAAAAAAB8g\/bnI-HlPpEq8\/w600-h337-no\/duke%2Bkenduar%2Bper%2BKryepiskopin_600x337.JPG\" \/><\/span><\/td>\n<td><span style=\"color: #000000;\"><img decoding=\"async\" class=\"lazyload HAa Eha\" style=\"height: 300px; width: 400px; border-width: 1px; border-style: solid; margin: 10px auto; display: block;\" alt=\"\" src=\"data:image\/gif;base64,R0lGODlhAQABAAAAACH5BAEKAAEALAAAAAABAAEAAAICTAEAOw==\" data-orig-src=\"https:\/\/lh3.googleusercontent.com\/-J6zpW_xCCHE\/VAA-WkqYInI\/AAAAAAAAB8Q\/UIklyKJjxFY\/w600-h450-no\/foto%2B1%2B-%2Bndarja%2Be%2Bluleve_600x450.jpg\" \/><\/span><\/td>\n<\/tr>\n<tr>\n<td><span style=\"color: #000000;\"><img decoding=\"async\" class=\"lazyload HAa Eha\" style=\"height: 300px; width: 400px; border-width: 1px; border-style: solid; margin: 10px auto; display: block;\" alt=\"\" src=\"data:image\/gif;base64,R0lGODlhAQABAAAAACH5BAEKAAEALAAAAAABAAEAAAICTAEAOw==\" data-orig-src=\"https:\/\/lh3.googleusercontent.com\/-T0yvf_wZyLQ\/VAA-XVS9otI\/AAAAAAAAB7g\/gX1gNrGxWQ0\/w600-h450-no\/foto%2B2%2B-%2Bndarja%2Be%2Bluleve_600x450.jpg\" \/><\/span><\/td>\n<td><span style=\"color: #000000;\"><img decoding=\"async\" class=\"lazyload HAa Eha\" style=\"height: 300px; width: 400px; border-width: 1px; border-style: solid; margin: 10px auto; display: block;\" alt=\"\" src=\"data:image\/gif;base64,R0lGODlhAQABAAAAACH5BAEKAAEALAAAAAABAAEAAAICTAEAOw==\" data-orig-src=\"https:\/\/lh4.googleusercontent.com\/-vtOs8kdTBWs\/VAA-X6lUu5I\/AAAAAAAAB78\/Cp-Ra8051J8\/w600-h450-no\/foto%2B3%2B-%2Bndarja%2Be%2Bluleve_600x450.jpg\" \/><\/span><\/td>\n<\/tr>\n<tr>\n<td><span style=\"color: #000000;\"><img decoding=\"async\" class=\"lazyload HAa Eha\" style=\"height: 300px; width: 400px; border-width: 1px; border-style: solid; margin: 10px auto; display: block;\" alt=\"\" src=\"data:image\/gif;base64,R0lGODlhAQABAAAAACH5BAEKAAEALAAAAAABAAEAAAICTAEAOw==\" data-orig-src=\"https:\/\/lh6.googleusercontent.com\/-6vXJ4_I3CtM\/VAA-YKJFU-I\/AAAAAAAAB7o\/zVYhLHze9No\/w600-h450-no\/foto%2B4%2Bndarja%2Be%2Bluleve_600x450.jpg\" \/><\/span><\/td>\n<td><span style=\"color: #000000;\"><img decoding=\"async\" class=\"lazyload HAa Eha\" style=\"width: 400px; height: 296px; border-width: 1px; border-style: solid; margin: 10px auto; display: block;\" alt=\"\" src=\"data:image\/gif;base64,R0lGODlhAQABAAAAACH5BAEKAAEALAAAAAABAAEAAAICTAEAOw==\" data-orig-src=\"https:\/\/lh6.googleusercontent.com\/-h-H47DowJRg\/VAA-ZJtlNZI\/AAAAAAAAB7s\/DKKYzw0sDME\/w600-h337-no\/me%2Bfemije%2Bne%2Bduar_600x337.JPG\" \/><\/span><\/td>\n<\/tr>\n<tr>\n<td><span style=\"color: #000000;\"><img decoding=\"async\" class=\"lazyload HAa Eha\" style=\"height: 300px; width: 400px; border-width: 1px; border-style: solid; margin: 10px auto; display: block;\" alt=\"\" src=\"data:image\/gif;base64,R0lGODlhAQABAAAAACH5BAEKAAEALAAAAAABAAEAAAICTAEAOw==\" data-orig-src=\"https:\/\/lh6.googleusercontent.com\/-fGF6Gxu0VKc\/VAA-a2Z-J5I\/AAAAAAAAB8E\/rCv0keSCXOE\/w600-h450-no\/te%2Bsalla%2B-%2Burimi%2Bi%2Bfemijeve_600x450.JPG\" \/><\/span><\/td>\n<td><span style=\"color: #000000;\"><img decoding=\"async\" class=\"lazyload HAa Eha\" style=\"width: 400px; height: 298px; border-width: 1px; border-style: solid; margin: 10px auto; display: block;\" alt=\"\" src=\"data:image\/gif;base64,R0lGODlhAQABAAAAACH5BAEKAAEALAAAAAABAAEAAAICTAEAOw==\" data-orig-src=\"https:\/\/lh4.googleusercontent.com\/-OvjXJODfM9U\/VAA-WUSOSwI\/AAAAAAAAB7Y\/tGSZ2v-S0BQ\/w600-h337-no\/Pritje%2Bintelektualeve%2Bte%2BLOGOS-it_600x337.JPG\" \/><\/span><\/td>\n<\/tr>\n<tr>\n<td><span style=\"color: #000000;\"><img decoding=\"async\" class=\"lazyload HAa Eha\" style=\"height: 225px; width: 400px; border-width: 1px; border-style: solid; margin: 10px auto; display: block;\" alt=\"\" src=\"data:image\/gif;base64,R0lGODlhAQABAAAAACH5BAEKAAEALAAAAAABAAEAAAICTAEAOw==\" data-orig-src=\"https:\/\/lh6.googleusercontent.com\/-Qx8VBvv9mTo\/VAA-bdqMMHI\/AAAAAAAAB8I\/LKLGtzczVd0\/w600-h337-no\/te%2Bsalla%2Be%2Bpritjes%2B1_600x337.JPG\" \/><\/span><\/td>\n<td><span style=\"color: #000000;\"><span style=\"font-size: 14px;\"><span style=\"font-family: Arial;\"><\/span><\/span><\/span><\/td>\n<\/tr>\n<\/tbody>\n<\/table>\n","protected":false},"excerpt":{"rendered":"<p>&nbsp;&nbsp;&nbsp; 22 janari, e kremtja e sh\u00ebn Anastas Persianit \u00ebsht\u00eb nj\u00eb dit\u00eb e sh\u00ebnuar edhe p\u00ebr Kish\u00ebn ton\u00eb, sepse kujton dit\u00ebn e emrit t\u00eb Kryebariut, Fortlumturis\u00eb s\u00eb Tij, Imzot Anastasit. Me k\u00ebt\u00eb rast, si \u00e7do vit, klerik\u00eb, besimtar\u00eb dhe miq t\u00eb shumt\u00eb t\u00eb Kryepiskopit e urojn\u00eb at\u00eb: \u201cP\u00ebr shum\u00eb vjet o Kryezot\u201d, q\u00eb Per\u00ebndia t\u2019i fal\u00eb vite t\u00eb gjata e t\u00eb bekuara. &nbsp; &nbsp; Festa<\/p>\n","protected":false},"author":1,"featured_media":0,"comment_status":"open","ping_status":"open","sticky":false,"template":"","format":"standard","meta":{"_acf_changed":false,"pagelayer_contact_templates":[],"_pagelayer_content":"","inline_featured_image":false,"fifu_image_url":"","fifu_image_alt":"","footnotes":""},"categories":[108],"tags":[143,196,201,212],"class_list":["post-740","post","type-post","status-publish","format-standard","hentry","category-lajme","tag-143","tag-tirane","tag-kryepiskopi-anastas","tag-lajme-d27"],"acf":[],"yoast_head":"<!-- This site is optimized with the Yoast SEO plugin v27.2 - https:\/\/yoast.com\/product\/yoast-seo-wordpress\/ -->\n<title>Klerik\u00eb dhe besimtar\u00eb urojn\u00eb Kryepiskopin Anastas p\u00ebr dit\u00ebn e emrit. (22 Janar 2011) - Kisha Orthodh\u03bfkse Autoqefale e Shqip\u00ebris\u00eb<\/title>\n<meta name=\"robots\" content=\"index, follow, max-snippet:-1, max-image-preview:large, max-video-preview:-1\" \/>\n<link rel=\"canonical\" href=\"https:\/\/orthodoxalbania.org\/2020\/2013\/03\/21\/klerike-dhe-besimtare-urojne-kryepiskopin-anastas-per-diten-e-emrit\/\" \/>\n<meta property=\"og:locale\" content=\"en_US\" \/>\n<meta property=\"og:type\" content=\"article\" \/>\n<meta property=\"og:title\" content=\"Klerik\u00eb dhe besimtar\u00eb urojn\u00eb Kryepiskopin Anastas p\u00ebr dit\u00ebn e emrit. (22 Janar 2011) - Kisha Orthodh\u03bfkse Autoqefale e Shqip\u00ebris\u00eb\" \/>\n<meta property=\"og:description\" content=\"&nbsp;&nbsp;&nbsp; 22 janari, e kremtja e sh\u00ebn Anastas Persianit \u00ebsht\u00eb nj\u00eb dit\u00eb e sh\u00ebnuar edhe p\u00ebr Kish\u00ebn ton\u00eb, sepse kujton dit\u00ebn e emrit t\u00eb Kryebariut, Fortlumturis\u00eb s\u00eb Tij, Imzot Anastasit. Me k\u00ebt\u00eb rast, si \u00e7do vit, klerik\u00eb, besimtar\u00eb dhe miq t\u00eb shumt\u00eb t\u00eb Kryepiskopit e urojn\u00eb at\u00eb: \u201cP\u00ebr shum\u00eb vjet o Kryezot\u201d, q\u00eb Per\u00ebndia t\u2019i fal\u00eb vite t\u00eb gjata e t\u00eb bekuara. &nbsp; &nbsp; Festa\" \/>\n<meta property=\"og:url\" content=\"https:\/\/orthodoxalbania.org\/2020\/2013\/03\/21\/klerike-dhe-besimtare-urojne-kryepiskopin-anastas-per-diten-e-emrit\/\" \/>\n<meta property=\"og:site_name\" content=\"Kisha Orthodh\u03bfkse Autoqefale e Shqip\u00ebris\u00eb\" \/>\n<meta property=\"article:publisher\" content=\"https:\/\/www.facebook.com\/koash1991\" \/>\n<meta property=\"article:published_time\" content=\"2013-03-21T09:10:34+00:00\" \/>\n<meta property=\"article:modified_time\" content=\"2020-04-06T20:32:11+00:00\" \/>\n<meta property=\"og:image\" content=\"https:\/\/lh5.googleusercontent.com\/-EfUngxm3D7c\/VAA-ZyeZcfI\/AAAAAAAAB8M\/___60ciHLwo\/w600-h337-no\/ne%2BKishe%2B-%2B2_600x337.JPG\" \/>\n<meta name=\"author\" content=\"Kisha Orthodhokse\" \/>\n<meta name=\"twitter:card\" content=\"summary_large_image\" \/>\n<meta name=\"twitter:label1\" content=\"Written by\" \/>\n\t<meta name=\"twitter:data1\" content=\"Kisha Orthodhokse\" \/>\n\t<meta name=\"twitter:label2\" content=\"Est. reading time\" \/>\n\t<meta name=\"twitter:data2\" content=\"2 minutes\" \/>\n<script type=\"application\/ld+json\" class=\"yoast-schema-graph\">{\"@context\":\"https:\/\/schema.org\",\"@graph\":[{\"@type\":\"Article\",\"@id\":\"https:\/\/orthodoxalbania.org\/2020\/2013\/03\/21\/klerike-dhe-besimtare-urojne-kryepiskopin-anastas-per-diten-e-emrit\/#article\",\"isPartOf\":{\"@id\":\"https:\/\/orthodoxalbania.org\/2020\/2013\/03\/21\/klerike-dhe-besimtare-urojne-kryepiskopin-anastas-per-diten-e-emrit\/\"},\"author\":{\"name\":\"Kisha Orthodhokse\",\"@id\":\"https:\/\/orthodoxalbania.org\/2020\/#\/schema\/person\/0c387634a7063ac612d7ed9ce71c7e86\"},\"headline\":\"Klerik\u00eb dhe besimtar\u00eb urojn\u00eb Kryepiskopin Anastas p\u00ebr dit\u00ebn e emrit. (22 Janar 2011)\",\"datePublished\":\"2013-03-21T09:10:34+00:00\",\"dateModified\":\"2020-04-06T20:32:11+00:00\",\"mainEntityOfPage\":{\"@id\":\"https:\/\/orthodoxalbania.org\/2020\/2013\/03\/21\/klerike-dhe-besimtare-urojne-kryepiskopin-anastas-per-diten-e-emrit\/\"},\"wordCount\":354,\"commentCount\":0,\"publisher\":{\"@id\":\"https:\/\/orthodoxalbania.org\/2020\/#organization\"},\"image\":{\"@id\":\"https:\/\/orthodoxalbania.org\/2020\/2013\/03\/21\/klerike-dhe-besimtare-urojne-kryepiskopin-anastas-per-diten-e-emrit\/#primaryimage\"},\"thumbnailUrl\":\"https:\/\/lh5.googleusercontent.com\/-EfUngxm3D7c\/VAA-ZyeZcfI\/AAAAAAAAB8M\/___60ciHLwo\/w600-h337-no\/ne%2BKishe%2B-%2B2_600x337.JPG\",\"keywords\":[\"2011\",\"Kryepiskopata Tiran\u00eb\",\"Kryepiskopi Anastas\",\"lajme\"],\"articleSection\":[\"Lajme\"],\"inLanguage\":\"en-US\"},{\"@type\":\"WebPage\",\"@id\":\"https:\/\/orthodoxalbania.org\/2020\/2013\/03\/21\/klerike-dhe-besimtare-urojne-kryepiskopin-anastas-per-diten-e-emrit\/\",\"url\":\"https:\/\/orthodoxalbania.org\/2020\/2013\/03\/21\/klerike-dhe-besimtare-urojne-kryepiskopin-anastas-per-diten-e-emrit\/\",\"name\":\"Klerik\u00eb dhe besimtar\u00eb urojn\u00eb Kryepiskopin Anastas p\u00ebr dit\u00ebn e emrit. (22 Janar 2011) - Kisha Orthodh\u03bfkse Autoqefale e Shqip\u00ebris\u00eb\",\"isPartOf\":{\"@id\":\"https:\/\/orthodoxalbania.org\/2020\/#website\"},\"primaryImageOfPage\":{\"@id\":\"https:\/\/orthodoxalbania.org\/2020\/2013\/03\/21\/klerike-dhe-besimtare-urojne-kryepiskopin-anastas-per-diten-e-emrit\/#primaryimage\"},\"image\":{\"@id\":\"https:\/\/orthodoxalbania.org\/2020\/2013\/03\/21\/klerike-dhe-besimtare-urojne-kryepiskopin-anastas-per-diten-e-emrit\/#primaryimage\"},\"thumbnailUrl\":\"https:\/\/lh5.googleusercontent.com\/-EfUngxm3D7c\/VAA-ZyeZcfI\/AAAAAAAAB8M\/___60ciHLwo\/w600-h337-no\/ne%2BKishe%2B-%2B2_600x337.JPG\",\"datePublished\":\"2013-03-21T09:10:34+00:00\",\"dateModified\":\"2020-04-06T20:32:11+00:00\",\"breadcrumb\":{\"@id\":\"https:\/\/orthodoxalbania.org\/2020\/2013\/03\/21\/klerike-dhe-besimtare-urojne-kryepiskopin-anastas-per-diten-e-emrit\/#breadcrumb\"},\"inLanguage\":\"en-US\",\"potentialAction\":[{\"@type\":\"ReadAction\",\"target\":[\"https:\/\/orthodoxalbania.org\/2020\/2013\/03\/21\/klerike-dhe-besimtare-urojne-kryepiskopin-anastas-per-diten-e-emrit\/\"]}]},{\"@type\":\"ImageObject\",\"inLanguage\":\"en-US\",\"@id\":\"https:\/\/orthodoxalbania.org\/2020\/2013\/03\/21\/klerike-dhe-besimtare-urojne-kryepiskopin-anastas-per-diten-e-emrit\/#primaryimage\",\"url\":\"https:\/\/lh5.googleusercontent.com\/-EfUngxm3D7c\/VAA-ZyeZcfI\/AAAAAAAAB8M\/___60ciHLwo\/w600-h337-no\/ne%2BKishe%2B-%2B2_600x337.JPG\",\"contentUrl\":\"https:\/\/lh5.googleusercontent.com\/-EfUngxm3D7c\/VAA-ZyeZcfI\/AAAAAAAAB8M\/___60ciHLwo\/w600-h337-no\/ne%2BKishe%2B-%2B2_600x337.JPG\"},{\"@type\":\"BreadcrumbList\",\"@id\":\"https:\/\/orthodoxalbania.org\/2020\/2013\/03\/21\/klerike-dhe-besimtare-urojne-kryepiskopin-anastas-per-diten-e-emrit\/#breadcrumb\",\"itemListElement\":[{\"@type\":\"ListItem\",\"position\":1,\"name\":\"Home\",\"item\":\"https:\/\/orthodoxalbania.org\/2020\/\"},{\"@type\":\"ListItem\",\"position\":2,\"name\":\"Klerik\u00eb dhe besimtar\u00eb urojn\u00eb Kryepiskopin Anastas p\u00ebr dit\u00ebn e emrit. (22 Janar 2011)\"}]},{\"@type\":\"WebSite\",\"@id\":\"https:\/\/orthodoxalbania.org\/2020\/#website\",\"url\":\"https:\/\/orthodoxalbania.org\/2020\/\",\"name\":\"Kisha Orthodh\u03bfkse Autoqefale e Shqip\u00ebris\u00eb\",\"description\":\"Fqja Zyrtare e Kish\u00ebs Orthodhokse Autoqefale e Shqip\u00ebris\u00eb me lajmet edhe informacionet zyrtare p\u00ebr struktur\u00ebn edhe veprimtarin e saj.\",\"publisher\":{\"@id\":\"https:\/\/orthodoxalbania.org\/2020\/#organization\"},\"potentialAction\":[{\"@type\":\"SearchAction\",\"target\":{\"@type\":\"EntryPoint\",\"urlTemplate\":\"https:\/\/orthodoxalbania.org\/2020\/?s={search_term_string}\"},\"query-input\":{\"@type\":\"PropertyValueSpecification\",\"valueRequired\":true,\"valueName\":\"search_term_string\"}}],\"inLanguage\":\"en-US\"},{\"@type\":\"Organization\",\"@id\":\"https:\/\/orthodoxalbania.org\/2020\/#organization\",\"name\":\"Kisha Orthodhokse Autoqefale e Shqip\u00ebris\u00eb\",\"url\":\"https:\/\/orthodoxalbania.org\/2020\/\",\"logo\":{\"@type\":\"ImageObject\",\"inLanguage\":\"en-US\",\"@id\":\"https:\/\/orthodoxalbania.org\/2020\/#\/schema\/logo\/image\/\",\"url\":\"https:\/\/orthodoxalbania.org\/2020\/wp-content\/uploads\/2020\/05\/albania.jpeg\",\"contentUrl\":\"https:\/\/orthodoxalbania.org\/2020\/wp-content\/uploads\/2020\/05\/albania.jpeg\",\"width\":540,\"height\":540,\"caption\":\"Kisha Orthodhokse Autoqefale e Shqip\u00ebris\u00eb\"},\"image\":{\"@id\":\"https:\/\/orthodoxalbania.org\/2020\/#\/schema\/logo\/image\/\"},\"sameAs\":[\"https:\/\/www.facebook.com\/koash1991\"]},{\"@type\":\"Person\",\"@id\":\"https:\/\/orthodoxalbania.org\/2020\/#\/schema\/person\/0c387634a7063ac612d7ed9ce71c7e86\",\"name\":\"Kisha Orthodhokse\",\"image\":{\"@type\":\"ImageObject\",\"inLanguage\":\"en-US\",\"@id\":\"https:\/\/secure.gravatar.com\/avatar\/596e7c417251e30f2fbb9c00e026fce61a695a00e51c889caded71c96cbbdde5?s=96&d=mm&r=g\",\"url\":\"https:\/\/secure.gravatar.com\/avatar\/596e7c417251e30f2fbb9c00e026fce61a695a00e51c889caded71c96cbbdde5?s=96&d=mm&r=g\",\"contentUrl\":\"https:\/\/secure.gravatar.com\/avatar\/596e7c417251e30f2fbb9c00e026fce61a695a00e51c889caded71c96cbbdde5?s=96&d=mm&r=g\",\"caption\":\"Kisha Orthodhokse\"}}]}<\/script>\n<!-- \/ Yoast SEO plugin. -->","yoast_head_json":{"title":"Klerik\u00eb dhe besimtar\u00eb urojn\u00eb Kryepiskopin Anastas p\u00ebr dit\u00ebn e emrit. (22 Janar 2011) - Kisha Orthodh\u03bfkse Autoqefale e Shqip\u00ebris\u00eb","robots":{"index":"index","follow":"follow","max-snippet":"max-snippet:-1","max-image-preview":"max-image-preview:large","max-video-preview":"max-video-preview:-1"},"canonical":"https:\/\/orthodoxalbania.org\/2020\/2013\/03\/21\/klerike-dhe-besimtare-urojne-kryepiskopin-anastas-per-diten-e-emrit\/","og_locale":"en_US","og_type":"article","og_title":"Klerik\u00eb dhe besimtar\u00eb urojn\u00eb Kryepiskopin Anastas p\u00ebr dit\u00ebn e emrit. (22 Janar 2011) - Kisha Orthodh\u03bfkse Autoqefale e Shqip\u00ebris\u00eb","og_description":"&nbsp;&nbsp;&nbsp; 22 janari, e kremtja e sh\u00ebn Anastas Persianit \u00ebsht\u00eb nj\u00eb dit\u00eb e sh\u00ebnuar edhe p\u00ebr Kish\u00ebn ton\u00eb, sepse kujton dit\u00ebn e emrit t\u00eb Kryebariut, Fortlumturis\u00eb s\u00eb Tij, Imzot Anastasit. Me k\u00ebt\u00eb rast, si \u00e7do vit, klerik\u00eb, besimtar\u00eb dhe miq t\u00eb shumt\u00eb t\u00eb Kryepiskopit e urojn\u00eb at\u00eb: \u201cP\u00ebr shum\u00eb vjet o Kryezot\u201d, q\u00eb Per\u00ebndia t\u2019i fal\u00eb vite t\u00eb gjata e t\u00eb bekuara. &nbsp; &nbsp; Festa","og_url":"https:\/\/orthodoxalbania.org\/2020\/2013\/03\/21\/klerike-dhe-besimtare-urojne-kryepiskopin-anastas-per-diten-e-emrit\/","og_site_name":"Kisha Orthodh\u03bfkse Autoqefale e Shqip\u00ebris\u00eb","article_publisher":"https:\/\/www.facebook.com\/koash1991","article_published_time":"2013-03-21T09:10:34+00:00","article_modified_time":"2020-04-06T20:32:11+00:00","og_image":[{"url":"https:\/\/lh5.googleusercontent.com\/-EfUngxm3D7c\/VAA-ZyeZcfI\/AAAAAAAAB8M\/___60ciHLwo\/w600-h337-no\/ne%2BKishe%2B-%2B2_600x337.JPG","type":"","width":"","height":""}],"author":"Kisha Orthodhokse","twitter_card":"summary_large_image","twitter_misc":{"Written by":"Kisha Orthodhokse","Est. reading time":"2 minutes"},"schema":{"@context":"https:\/\/schema.org","@graph":[{"@type":"Article","@id":"https:\/\/orthodoxalbania.org\/2020\/2013\/03\/21\/klerike-dhe-besimtare-urojne-kryepiskopin-anastas-per-diten-e-emrit\/#article","isPartOf":{"@id":"https:\/\/orthodoxalbania.org\/2020\/2013\/03\/21\/klerike-dhe-besimtare-urojne-kryepiskopin-anastas-per-diten-e-emrit\/"},"author":{"name":"Kisha Orthodhokse","@id":"https:\/\/orthodoxalbania.org\/2020\/#\/schema\/person\/0c387634a7063ac612d7ed9ce71c7e86"},"headline":"Klerik\u00eb dhe besimtar\u00eb urojn\u00eb Kryepiskopin Anastas p\u00ebr dit\u00ebn e emrit. (22 Janar 2011)","datePublished":"2013-03-21T09:10:34+00:00","dateModified":"2020-04-06T20:32:11+00:00","mainEntityOfPage":{"@id":"https:\/\/orthodoxalbania.org\/2020\/2013\/03\/21\/klerike-dhe-besimtare-urojne-kryepiskopin-anastas-per-diten-e-emrit\/"},"wordCount":354,"commentCount":0,"publisher":{"@id":"https:\/\/orthodoxalbania.org\/2020\/#organization"},"image":{"@id":"https:\/\/orthodoxalbania.org\/2020\/2013\/03\/21\/klerike-dhe-besimtare-urojne-kryepiskopin-anastas-per-diten-e-emrit\/#primaryimage"},"thumbnailUrl":"https:\/\/lh5.googleusercontent.com\/-EfUngxm3D7c\/VAA-ZyeZcfI\/AAAAAAAAB8M\/___60ciHLwo\/w600-h337-no\/ne%2BKishe%2B-%2B2_600x337.JPG","keywords":["2011","Kryepiskopata Tiran\u00eb","Kryepiskopi Anastas","lajme"],"articleSection":["Lajme"],"inLanguage":"en-US"},{"@type":"WebPage","@id":"https:\/\/orthodoxalbania.org\/2020\/2013\/03\/21\/klerike-dhe-besimtare-urojne-kryepiskopin-anastas-per-diten-e-emrit\/","url":"https:\/\/orthodoxalbania.org\/2020\/2013\/03\/21\/klerike-dhe-besimtare-urojne-kryepiskopin-anastas-per-diten-e-emrit\/","name":"Klerik\u00eb dhe besimtar\u00eb urojn\u00eb Kryepiskopin Anastas p\u00ebr dit\u00ebn e emrit. (22 Janar 2011) - Kisha Orthodh\u03bfkse Autoqefale e Shqip\u00ebris\u00eb","isPartOf":{"@id":"https:\/\/orthodoxalbania.org\/2020\/#website"},"primaryImageOfPage":{"@id":"https:\/\/orthodoxalbania.org\/2020\/2013\/03\/21\/klerike-dhe-besimtare-urojne-kryepiskopin-anastas-per-diten-e-emrit\/#primaryimage"},"image":{"@id":"https:\/\/orthodoxalbania.org\/2020\/2013\/03\/21\/klerike-dhe-besimtare-urojne-kryepiskopin-anastas-per-diten-e-emrit\/#primaryimage"},"thumbnailUrl":"https:\/\/lh5.googleusercontent.com\/-EfUngxm3D7c\/VAA-ZyeZcfI\/AAAAAAAAB8M\/___60ciHLwo\/w600-h337-no\/ne%2BKishe%2B-%2B2_600x337.JPG","datePublished":"2013-03-21T09:10:34+00:00","dateModified":"2020-04-06T20:32:11+00:00","breadcrumb":{"@id":"https:\/\/orthodoxalbania.org\/2020\/2013\/03\/21\/klerike-dhe-besimtare-urojne-kryepiskopin-anastas-per-diten-e-emrit\/#breadcrumb"},"inLanguage":"en-US","potentialAction":[{"@type":"ReadAction","target":["https:\/\/orthodoxalbania.org\/2020\/2013\/03\/21\/klerike-dhe-besimtare-urojne-kryepiskopin-anastas-per-diten-e-emrit\/"]}]},{"@type":"ImageObject","inLanguage":"en-US","@id":"https:\/\/orthodoxalbania.org\/2020\/2013\/03\/21\/klerike-dhe-besimtare-urojne-kryepiskopin-anastas-per-diten-e-emrit\/#primaryimage","url":"https:\/\/lh5.googleusercontent.com\/-EfUngxm3D7c\/VAA-ZyeZcfI\/AAAAAAAAB8M\/___60ciHLwo\/w600-h337-no\/ne%2BKishe%2B-%2B2_600x337.JPG","contentUrl":"https:\/\/lh5.googleusercontent.com\/-EfUngxm3D7c\/VAA-ZyeZcfI\/AAAAAAAAB8M\/___60ciHLwo\/w600-h337-no\/ne%2BKishe%2B-%2B2_600x337.JPG"},{"@type":"BreadcrumbList","@id":"https:\/\/orthodoxalbania.org\/2020\/2013\/03\/21\/klerike-dhe-besimtare-urojne-kryepiskopin-anastas-per-diten-e-emrit\/#breadcrumb","itemListElement":[{"@type":"ListItem","position":1,"name":"Home","item":"https:\/\/orthodoxalbania.org\/2020\/"},{"@type":"ListItem","position":2,"name":"Klerik\u00eb dhe besimtar\u00eb urojn\u00eb Kryepiskopin Anastas p\u00ebr dit\u00ebn e emrit. (22 Janar 2011)"}]},{"@type":"WebSite","@id":"https:\/\/orthodoxalbania.org\/2020\/#website","url":"https:\/\/orthodoxalbania.org\/2020\/","name":"Kisha Orthodh\u03bfkse Autoqefale e Shqip\u00ebris\u00eb","description":"Fqja Zyrtare e Kish\u00ebs Orthodhokse Autoqefale e Shqip\u00ebris\u00eb me lajmet edhe informacionet zyrtare p\u00ebr struktur\u00ebn edhe veprimtarin e saj.","publisher":{"@id":"https:\/\/orthodoxalbania.org\/2020\/#organization"},"potentialAction":[{"@type":"SearchAction","target":{"@type":"EntryPoint","urlTemplate":"https:\/\/orthodoxalbania.org\/2020\/?s={search_term_string}"},"query-input":{"@type":"PropertyValueSpecification","valueRequired":true,"valueName":"search_term_string"}}],"inLanguage":"en-US"},{"@type":"Organization","@id":"https:\/\/orthodoxalbania.org\/2020\/#organization","name":"Kisha Orthodhokse Autoqefale e Shqip\u00ebris\u00eb","url":"https:\/\/orthodoxalbania.org\/2020\/","logo":{"@type":"ImageObject","inLanguage":"en-US","@id":"https:\/\/orthodoxalbania.org\/2020\/#\/schema\/logo\/image\/","url":"https:\/\/orthodoxalbania.org\/2020\/wp-content\/uploads\/2020\/05\/albania.jpeg","contentUrl":"https:\/\/orthodoxalbania.org\/2020\/wp-content\/uploads\/2020\/05\/albania.jpeg","width":540,"height":540,"caption":"Kisha Orthodhokse Autoqefale e Shqip\u00ebris\u00eb"},"image":{"@id":"https:\/\/orthodoxalbania.org\/2020\/#\/schema\/logo\/image\/"},"sameAs":["https:\/\/www.facebook.com\/koash1991"]},{"@type":"Person","@id":"https:\/\/orthodoxalbania.org\/2020\/#\/schema\/person\/0c387634a7063ac612d7ed9ce71c7e86","name":"Kisha Orthodhokse","image":{"@type":"ImageObject","inLanguage":"en-US","@id":"https:\/\/secure.gravatar.com\/avatar\/596e7c417251e30f2fbb9c00e026fce61a695a00e51c889caded71c96cbbdde5?s=96&d=mm&r=g","url":"https:\/\/secure.gravatar.com\/avatar\/596e7c417251e30f2fbb9c00e026fce61a695a00e51c889caded71c96cbbdde5?s=96&d=mm&r=g","contentUrl":"https:\/\/secure.gravatar.com\/avatar\/596e7c417251e30f2fbb9c00e026fce61a695a00e51c889caded71c96cbbdde5?s=96&d=mm&r=g","caption":"Kisha Orthodhokse"}}]}},"_links":{"self":[{"href":"https:\/\/orthodoxalbania.org\/2020\/wp-json\/wp\/v2\/posts\/740","targetHints":{"allow":["GET"]}}],"collection":[{"href":"https:\/\/orthodoxalbania.org\/2020\/wp-json\/wp\/v2\/posts"}],"about":[{"href":"https:\/\/orthodoxalbania.org\/2020\/wp-json\/wp\/v2\/types\/post"}],"author":[{"embeddable":true,"href":"https:\/\/orthodoxalbania.org\/2020\/wp-json\/wp\/v2\/users\/1"}],"replies":[{"embeddable":true,"href":"https:\/\/orthodoxalbania.org\/2020\/wp-json\/wp\/v2\/comments?post=740"}],"version-history":[{"count":1,"href":"https:\/\/orthodoxalbania.org\/2020\/wp-json\/wp\/v2\/posts\/740\/revisions"}],"predecessor-version":[{"id":15421,"href":"https:\/\/orthodoxalbania.org\/2020\/wp-json\/wp\/v2\/posts\/740\/revisions\/15421"}],"wp:attachment":[{"href":"https:\/\/orthodoxalbania.org\/2020\/wp-json\/wp\/v2\/media?parent=740"}],"wp:term":[{"taxonomy":"category","embeddable":true,"href":"https:\/\/orthodoxalbania.org\/2020\/wp-json\/wp\/v2\/categories?post=740"},{"taxonomy":"post_tag","embeddable":true,"href":"https:\/\/orthodoxalbania.org\/2020\/wp-json\/wp\/v2\/tags?post=740"}],"curies":[{"name":"wp","href":"https:\/\/api.w.org\/{rel}","templated":true}]}}