{"id":737,"date":"2008-02-26T00:00:00","date_gmt":"2008-02-26T00:00:00","guid":{"rendered":""},"modified":"2020-04-06T22:35:23","modified_gmt":"2020-04-06T20:35:23","slug":"kisha-orthodhokse-prane-dhe-ne-ndihme-te-viktimave-te-tragjedise-se-gerdecit-mars-2008","status":"publish","type":"post","link":"https:\/\/orthodoxalbania.org\/2020\/2008\/02\/26\/kisha-orthodhokse-prane-dhe-ne-ndihme-te-viktimave-te-tragjedise-se-gerdecit-mars-2008\/","title":{"rendered":"Kisha Orthodhokse pran\u00eb dhe n\u00eb ndihm\u00eb t\u00eb viktimave t\u00eb tragjedis\u00eb s\u00eb G\u00ebrdecit. (Mars 2008)"},"content":{"rendered":"<p><span style=\"color: #000000;\"><span style=\"font-family: tahoma,geneva,sans-serif;\"><span style=\"font-size: 12px;\">&nbsp;&nbsp;&nbsp; Tragjedia e ndodhur n\u00eb G\u00ebrdec tronditi thell\u00eb edhe besimtar\u00ebt orthodhoks\u00eb, t\u00eb cil\u00ebt si gjith\u00eb qytetar\u00ebt e tjer\u00eb u mobilizuan me \u00e7far\u00eb kishin mund\u00ebsi, n\u00eb ndihm\u00eb t\u00eb t\u00eb prekurve dhe sidomos t\u00eb t\u00eb plagosurve.<\/span><\/span><\/span><\/p>\n<p style=\"text-align: justify;\"><span style=\"color: #000000;\"><span style=\"font-family: tahoma,geneva,sans-serif;\"><span style=\"font-size: 12px;\"><img decoding=\"async\" class=\"lazyload HAa Eha\" style=\"border-width: 1px; border-style: solid; margin: 10px; float: left;\" alt=\"\" src=\"data:image\/gif;base64,R0lGODlhAQABAAAAACH5BAEKAAEALAAAAAABAAEAAAICTAEAOw==\" data-orig-src=\"https:\/\/lh5.googleusercontent.com\/-2hl6IU6UCcE\/VI6kPZUTvaI\/AAAAAAAAHg0\/l5kUIIHTTXE\/w314-h223-no\/Vore1.jpg\" \/>&nbsp;&nbsp;&nbsp; Kisha Orthodhokse Autoqefale e Shqip\u00ebris\u00eb u vu menj\u00ebher\u00eb n\u00eb krah t\u00eb tyre, me lutje dhe mobilizim p\u00ebr t\u00eb ndihmuar. K\u00ebshtu, q\u00eb n\u00eb or\u00ebt e para pas k\u00ebsaj tragjedie, Hir\u00ebsi Andoni, Episkopi ndihm\u00ebs i Kryepiskopit, u lidh m\u00eb shtabin e emergjenc\u00ebs, t\u00eb cil\u00ebve iu komunikua gatishm\u00ebria e Kish\u00ebs Orthodhokse p\u00ebr t\u00eb ndihmuar n\u00eb nevojat m\u00eb urgjente q\u00eb ishin t\u00eb domosdoshme p\u00ebr momentin. Pas sugjerimit t\u00eb tyre, u lidh\u00ebm me Kryetarin e Bashkis\u00eb Vor\u00eb Z. Fiqiri Ismaili, i cili pasi fal\u00ebnderoi p\u00ebr gatishm\u00ebrin\u00eb parashtroi k\u00ebrkesat m\u00eb emergjente: ushqime, veshmbathje, \u00e7adra ushtrie, dyshek\u00eb dhe batanije. Ndihmat do t\u00eb d\u00ebrgoheshin n\u00eb Bashkin\u00eb e Vor\u00ebs.<\/span><\/span><\/span><\/p>\n<p style=\"text-align: justify;\"><span style=\"color: #000000;\"><span style=\"font-family: tahoma,geneva,sans-serif;\"><span style=\"font-size: 12px;\">&nbsp;&nbsp;&nbsp; Gjithashtu, disa or\u00eb pas k\u00ebsaj katastrofe, nj\u00eb grup t\u00eb rinjsh dhe gra orthodhokse, t\u00eb drejtuar nga Arkimandrit Kozma Prifti shkuan n\u00eb Qendr\u00ebn Universitare \u201cN\u00ebn\u00eb Tereza\u201d n\u00eb Tiran\u00eb, p\u00ebr t\u00eb dhuruar gjak. Stacioni radiofonik \u201cNgjallja\u201d, n\u00eb Fm 88.5 MHz, q\u00eb dit\u00ebn e shtun\u00eb, pak or\u00eb pas shp\u00ebrthimeve n\u00eb G\u00ebrdec, u b\u00ebri thirrje t\u00eb gjith\u00eb d\u00ebgjuesve dhe besimtarve p\u00ebr mobilizim dhe ndihm\u00eb p\u00ebr t\u00eb d\u00ebmtuarit e k\u00ebsaj tragjedie.<img decoding=\"async\" class=\"lazyload HAa Eha\" style=\"border-width: 1px; border-style: solid; margin: 10px; float: right;\" alt=\"\" src=\"data:image\/gif;base64,R0lGODlhAQABAAAAACH5BAEKAAEALAAAAAABAAEAAAICTAEAOw==\" data-orig-src=\"https:\/\/lh5.googleusercontent.com\/-5a5zrFwX77U\/VI6kPWYvHdI\/AAAAAAAAHg4\/pIMatyvgykg\/w314-h223-no\/Vore2.jpg\" \/><\/span><\/span><\/span><\/p>\n<p style=\"text-align: justify;\"><span style=\"color: #000000;\"><span style=\"font-family: tahoma,geneva,sans-serif;\"><span style=\"font-size: 12px;\">&nbsp;&nbsp;&nbsp; T\u00eb diel\u00ebn, n\u00eb dat\u00ebn 16 mars, Hir\u00ebsia e Tij Andoni kujtoi n\u00eb lutje viktimat e tragjedis\u00eb s\u00eb G\u00ebrdecit. Gjithashtu n\u00eb fund t\u00eb Liturgjis\u00eb Hyjnore iu b\u00eb thirrje t\u00eb gjith\u00eb besimtar\u00ebve p\u00ebr t\u00eb ofruar ndihm\u00ebn e tyre n\u00eb lek\u00eb dhe p\u00ebr k\u00ebt\u00eb u vendos nj\u00eb ark\u00eb p\u00ebr mbledhjen e k\u00ebtyre ndihmave. Me fondin e mbledhur u p\u00ebrgatit\u00ebn 100 pako me ushqime n\u00eb ndihm\u00eb t\u00eb viktimave t\u00eb k\u00ebsaj tragjedie.<\/span><\/span><\/span><\/p>\n<p style=\"text-align: justify;\"><span style=\"color: #000000;\"><span style=\"font-family: tahoma,geneva,sans-serif;\"><span style=\"font-size: 12px;\">&nbsp;&nbsp;&nbsp; Nj\u00eb dit\u00eb m\u00eb pas, t\u00eb h\u00ebn\u00ebn, 17 mars ora 10.30 nj\u00eb grup i Kish\u00ebs Orthodhokse Autoqefale t\u00eb Shqip\u00ebris\u00eb, i kryesuar nga Kryesekretari i Sinodit t\u00eb Shenjt\u00eb, At\u00eb Jani Trebicka, u ndodh\u00ebn n\u00eb Bashkin\u00eb e Vor\u00ebs p\u00ebr t\u00eb dor\u00ebzuar pakot me ushqime, n\u00eb ndihm\u00eb t\u00eb t\u00eb d\u00ebnuarve nga shp\u00ebrthimet e G\u00ebrdecit. Personeli i k\u00ebsaj Bashkie fal\u00ebnderoi grupin e Kish\u00ebs Orthodhokse p\u00ebr gatishm\u00ebrin\u00eb e treguar, duke theksuar n\u00eb t\u00eb nj\u00ebjt\u00ebn koh\u00eb q\u00eb kjo ndihm\u00eb ishte e para q\u00eb dor\u00ebzohej n\u00eb k\u00ebt\u00eb Bashki p\u00ebr t\u00eb d\u00ebmtuarit.<\/span><\/span><\/span><\/p>\n<p><span style=\"color: #000000;\"><span style=\"font-family: tahoma,geneva,sans-serif;\"><span style=\"font-size: 12px;\">&nbsp;&nbsp;&nbsp; Ndihma do t\u00eb vazhdoj\u00eb edhe n\u00eb dit\u00ebt e ardhshme.<\/span><\/span><\/span><\/p>\n","protected":false},"excerpt":{"rendered":"<p>&nbsp;&nbsp;&nbsp; Tragjedia e ndodhur n\u00eb G\u00ebrdec tronditi thell\u00eb edhe besimtar\u00ebt orthodhoks\u00eb, t\u00eb cil\u00ebt si gjith\u00eb qytetar\u00ebt e tjer\u00eb u mobilizuan me \u00e7far\u00eb kishin mund\u00ebsi, n\u00eb ndihm\u00eb t\u00eb t\u00eb prekurve dhe sidomos t\u00eb t\u00eb plagosurve. &nbsp;&nbsp;&nbsp; Kisha Orthodhokse Autoqefale e Shqip\u00ebris\u00eb u vu menj\u00ebher\u00eb n\u00eb krah t\u00eb tyre, me lutje dhe mobilizim p\u00ebr t\u00eb ndihmuar. K\u00ebshtu, q\u00eb n\u00eb or\u00ebt e para pas k\u00ebsaj tragjedie, Hir\u00ebsi Andoni,<\/p>\n","protected":false},"author":1,"featured_media":0,"comment_status":"open","ping_status":"open","sticky":false,"template":"","format":"standard","meta":{"_acf_changed":false,"pagelayer_contact_templates":[],"_pagelayer_content":"","inline_featured_image":false,"fifu_image_url":"","fifu_image_alt":"","footnotes":""},"categories":[108],"tags":[146,633,196,212],"class_list":["post-737","post","type-post","status-publish","format-standard","hentry","category-lajme","tag-146","tag-donacionendihma","tag-tirane","tag-lajme-d27"],"acf":[],"yoast_head":"<!-- This site is optimized with the Yoast SEO plugin v27.2 - https:\/\/yoast.com\/product\/yoast-seo-wordpress\/ -->\n<title>Kisha Orthodhokse pran\u00eb dhe n\u00eb ndihm\u00eb t\u00eb viktimave t\u00eb tragjedis\u00eb s\u00eb G\u00ebrdecit. (Mars 2008) - Kisha Orthodh\u03bfkse Autoqefale e Shqip\u00ebris\u00eb<\/title>\n<meta name=\"robots\" content=\"index, follow, max-snippet:-1, max-image-preview:large, max-video-preview:-1\" \/>\n<link rel=\"canonical\" href=\"https:\/\/orthodoxalbania.org\/2020\/2008\/02\/26\/kisha-orthodhokse-prane-dhe-ne-ndihme-te-viktimave-te-tragjedise-se-gerdecit-mars-2008\/\" \/>\n<meta property=\"og:locale\" content=\"en_US\" \/>\n<meta property=\"og:type\" content=\"article\" \/>\n<meta property=\"og:title\" content=\"Kisha Orthodhokse pran\u00eb dhe n\u00eb ndihm\u00eb t\u00eb viktimave t\u00eb tragjedis\u00eb s\u00eb G\u00ebrdecit. (Mars 2008) - Kisha Orthodh\u03bfkse Autoqefale e Shqip\u00ebris\u00eb\" \/>\n<meta property=\"og:description\" content=\"&nbsp;&nbsp;&nbsp; Tragjedia e ndodhur n\u00eb G\u00ebrdec tronditi thell\u00eb edhe besimtar\u00ebt orthodhoks\u00eb, t\u00eb cil\u00ebt si gjith\u00eb qytetar\u00ebt e tjer\u00eb u mobilizuan me \u00e7far\u00eb kishin mund\u00ebsi, n\u00eb ndihm\u00eb t\u00eb t\u00eb prekurve dhe sidomos t\u00eb t\u00eb plagosurve. &nbsp;&nbsp;&nbsp; Kisha Orthodhokse Autoqefale e Shqip\u00ebris\u00eb u vu menj\u00ebher\u00eb n\u00eb krah t\u00eb tyre, me lutje dhe mobilizim p\u00ebr t\u00eb ndihmuar. K\u00ebshtu, q\u00eb n\u00eb or\u00ebt e para pas k\u00ebsaj tragjedie, Hir\u00ebsi Andoni,\" \/>\n<meta property=\"og:url\" content=\"https:\/\/orthodoxalbania.org\/2020\/2008\/02\/26\/kisha-orthodhokse-prane-dhe-ne-ndihme-te-viktimave-te-tragjedise-se-gerdecit-mars-2008\/\" \/>\n<meta property=\"og:site_name\" content=\"Kisha Orthodh\u03bfkse Autoqefale e Shqip\u00ebris\u00eb\" \/>\n<meta property=\"article:publisher\" content=\"https:\/\/www.facebook.com\/koash1991\" \/>\n<meta property=\"article:published_time\" content=\"2008-02-26T00:00:00+00:00\" \/>\n<meta property=\"article:modified_time\" content=\"2020-04-06T20:35:23+00:00\" \/>\n<meta property=\"og:image\" content=\"https:\/\/lh5.googleusercontent.com\/-2hl6IU6UCcE\/VI6kPZUTvaI\/AAAAAAAAHg0\/l5kUIIHTTXE\/w314-h223-no\/Vore1.jpg\" \/>\n<meta name=\"author\" content=\"Kisha Orthodhokse\" \/>\n<meta name=\"twitter:card\" content=\"summary_large_image\" \/>\n<meta name=\"twitter:label1\" content=\"Written by\" \/>\n\t<meta name=\"twitter:data1\" content=\"Kisha Orthodhokse\" \/>\n\t<meta name=\"twitter:label2\" content=\"Est. reading time\" \/>\n\t<meta name=\"twitter:data2\" content=\"2 minutes\" \/>\n<script type=\"application\/ld+json\" class=\"yoast-schema-graph\">{\"@context\":\"https:\/\/schema.org\",\"@graph\":[{\"@type\":\"Article\",\"@id\":\"https:\/\/orthodoxalbania.org\/2020\/2008\/02\/26\/kisha-orthodhokse-prane-dhe-ne-ndihme-te-viktimave-te-tragjedise-se-gerdecit-mars-2008\/#article\",\"isPartOf\":{\"@id\":\"https:\/\/orthodoxalbania.org\/2020\/2008\/02\/26\/kisha-orthodhokse-prane-dhe-ne-ndihme-te-viktimave-te-tragjedise-se-gerdecit-mars-2008\/\"},\"author\":{\"name\":\"Kisha Orthodhokse\",\"@id\":\"https:\/\/orthodoxalbania.org\/2020\/#\/schema\/person\/0c387634a7063ac612d7ed9ce71c7e86\"},\"headline\":\"Kisha Orthodhokse pran\u00eb dhe n\u00eb ndihm\u00eb t\u00eb viktimave t\u00eb tragjedis\u00eb s\u00eb G\u00ebrdecit. (Mars 2008)\",\"datePublished\":\"2008-02-26T00:00:00+00:00\",\"dateModified\":\"2020-04-06T20:35:23+00:00\",\"mainEntityOfPage\":{\"@id\":\"https:\/\/orthodoxalbania.org\/2020\/2008\/02\/26\/kisha-orthodhokse-prane-dhe-ne-ndihme-te-viktimave-te-tragjedise-se-gerdecit-mars-2008\/\"},\"wordCount\":461,\"commentCount\":0,\"publisher\":{\"@id\":\"https:\/\/orthodoxalbania.org\/2020\/#organization\"},\"image\":{\"@id\":\"https:\/\/orthodoxalbania.org\/2020\/2008\/02\/26\/kisha-orthodhokse-prane-dhe-ne-ndihme-te-viktimave-te-tragjedise-se-gerdecit-mars-2008\/#primaryimage\"},\"thumbnailUrl\":\"https:\/\/lh5.googleusercontent.com\/-2hl6IU6UCcE\/VI6kPZUTvaI\/AAAAAAAAHg0\/l5kUIIHTTXE\/w314-h223-no\/Vore1.jpg\",\"keywords\":[\"2008\",\"DonacioneNdihma\",\"Kryepiskopata Tiran\u00eb\",\"lajme\"],\"articleSection\":[\"Lajme\"],\"inLanguage\":\"en-US\"},{\"@type\":\"WebPage\",\"@id\":\"https:\/\/orthodoxalbania.org\/2020\/2008\/02\/26\/kisha-orthodhokse-prane-dhe-ne-ndihme-te-viktimave-te-tragjedise-se-gerdecit-mars-2008\/\",\"url\":\"https:\/\/orthodoxalbania.org\/2020\/2008\/02\/26\/kisha-orthodhokse-prane-dhe-ne-ndihme-te-viktimave-te-tragjedise-se-gerdecit-mars-2008\/\",\"name\":\"Kisha Orthodhokse pran\u00eb dhe n\u00eb ndihm\u00eb t\u00eb viktimave t\u00eb tragjedis\u00eb s\u00eb G\u00ebrdecit. (Mars 2008) - Kisha Orthodh\u03bfkse Autoqefale e Shqip\u00ebris\u00eb\",\"isPartOf\":{\"@id\":\"https:\/\/orthodoxalbania.org\/2020\/#website\"},\"primaryImageOfPage\":{\"@id\":\"https:\/\/orthodoxalbania.org\/2020\/2008\/02\/26\/kisha-orthodhokse-prane-dhe-ne-ndihme-te-viktimave-te-tragjedise-se-gerdecit-mars-2008\/#primaryimage\"},\"image\":{\"@id\":\"https:\/\/orthodoxalbania.org\/2020\/2008\/02\/26\/kisha-orthodhokse-prane-dhe-ne-ndihme-te-viktimave-te-tragjedise-se-gerdecit-mars-2008\/#primaryimage\"},\"thumbnailUrl\":\"https:\/\/lh5.googleusercontent.com\/-2hl6IU6UCcE\/VI6kPZUTvaI\/AAAAAAAAHg0\/l5kUIIHTTXE\/w314-h223-no\/Vore1.jpg\",\"datePublished\":\"2008-02-26T00:00:00+00:00\",\"dateModified\":\"2020-04-06T20:35:23+00:00\",\"breadcrumb\":{\"@id\":\"https:\/\/orthodoxalbania.org\/2020\/2008\/02\/26\/kisha-orthodhokse-prane-dhe-ne-ndihme-te-viktimave-te-tragjedise-se-gerdecit-mars-2008\/#breadcrumb\"},\"inLanguage\":\"en-US\",\"potentialAction\":[{\"@type\":\"ReadAction\",\"target\":[\"https:\/\/orthodoxalbania.org\/2020\/2008\/02\/26\/kisha-orthodhokse-prane-dhe-ne-ndihme-te-viktimave-te-tragjedise-se-gerdecit-mars-2008\/\"]}]},{\"@type\":\"ImageObject\",\"inLanguage\":\"en-US\",\"@id\":\"https:\/\/orthodoxalbania.org\/2020\/2008\/02\/26\/kisha-orthodhokse-prane-dhe-ne-ndihme-te-viktimave-te-tragjedise-se-gerdecit-mars-2008\/#primaryimage\",\"url\":\"https:\/\/lh5.googleusercontent.com\/-2hl6IU6UCcE\/VI6kPZUTvaI\/AAAAAAAAHg0\/l5kUIIHTTXE\/w314-h223-no\/Vore1.jpg\",\"contentUrl\":\"https:\/\/lh5.googleusercontent.com\/-2hl6IU6UCcE\/VI6kPZUTvaI\/AAAAAAAAHg0\/l5kUIIHTTXE\/w314-h223-no\/Vore1.jpg\"},{\"@type\":\"BreadcrumbList\",\"@id\":\"https:\/\/orthodoxalbania.org\/2020\/2008\/02\/26\/kisha-orthodhokse-prane-dhe-ne-ndihme-te-viktimave-te-tragjedise-se-gerdecit-mars-2008\/#breadcrumb\",\"itemListElement\":[{\"@type\":\"ListItem\",\"position\":1,\"name\":\"Home\",\"item\":\"https:\/\/orthodoxalbania.org\/2020\/\"},{\"@type\":\"ListItem\",\"position\":2,\"name\":\"Kisha Orthodhokse pran\u00eb dhe n\u00eb ndihm\u00eb t\u00eb viktimave t\u00eb tragjedis\u00eb s\u00eb G\u00ebrdecit. (Mars 2008)\"}]},{\"@type\":\"WebSite\",\"@id\":\"https:\/\/orthodoxalbania.org\/2020\/#website\",\"url\":\"https:\/\/orthodoxalbania.org\/2020\/\",\"name\":\"Kisha Orthodh\u03bfkse Autoqefale e Shqip\u00ebris\u00eb\",\"description\":\"Fqja Zyrtare e Kish\u00ebs Orthodhokse Autoqefale e Shqip\u00ebris\u00eb me lajmet edhe informacionet zyrtare p\u00ebr struktur\u00ebn edhe veprimtarin e saj.\",\"publisher\":{\"@id\":\"https:\/\/orthodoxalbania.org\/2020\/#organization\"},\"potentialAction\":[{\"@type\":\"SearchAction\",\"target\":{\"@type\":\"EntryPoint\",\"urlTemplate\":\"https:\/\/orthodoxalbania.org\/2020\/?s={search_term_string}\"},\"query-input\":{\"@type\":\"PropertyValueSpecification\",\"valueRequired\":true,\"valueName\":\"search_term_string\"}}],\"inLanguage\":\"en-US\"},{\"@type\":\"Organization\",\"@id\":\"https:\/\/orthodoxalbania.org\/2020\/#organization\",\"name\":\"Kisha Orthodhokse Autoqefale e Shqip\u00ebris\u00eb\",\"url\":\"https:\/\/orthodoxalbania.org\/2020\/\",\"logo\":{\"@type\":\"ImageObject\",\"inLanguage\":\"en-US\",\"@id\":\"https:\/\/orthodoxalbania.org\/2020\/#\/schema\/logo\/image\/\",\"url\":\"https:\/\/orthodoxalbania.org\/2020\/wp-content\/uploads\/2020\/05\/albania.jpeg\",\"contentUrl\":\"https:\/\/orthodoxalbania.org\/2020\/wp-content\/uploads\/2020\/05\/albania.jpeg\",\"width\":540,\"height\":540,\"caption\":\"Kisha Orthodhokse Autoqefale e Shqip\u00ebris\u00eb\"},\"image\":{\"@id\":\"https:\/\/orthodoxalbania.org\/2020\/#\/schema\/logo\/image\/\"},\"sameAs\":[\"https:\/\/www.facebook.com\/koash1991\"]},{\"@type\":\"Person\",\"@id\":\"https:\/\/orthodoxalbania.org\/2020\/#\/schema\/person\/0c387634a7063ac612d7ed9ce71c7e86\",\"name\":\"Kisha Orthodhokse\",\"image\":{\"@type\":\"ImageObject\",\"inLanguage\":\"en-US\",\"@id\":\"https:\/\/secure.gravatar.com\/avatar\/596e7c417251e30f2fbb9c00e026fce61a695a00e51c889caded71c96cbbdde5?s=96&d=mm&r=g\",\"url\":\"https:\/\/secure.gravatar.com\/avatar\/596e7c417251e30f2fbb9c00e026fce61a695a00e51c889caded71c96cbbdde5?s=96&d=mm&r=g\",\"contentUrl\":\"https:\/\/secure.gravatar.com\/avatar\/596e7c417251e30f2fbb9c00e026fce61a695a00e51c889caded71c96cbbdde5?s=96&d=mm&r=g\",\"caption\":\"Kisha Orthodhokse\"}}]}<\/script>\n<!-- \/ Yoast SEO plugin. -->","yoast_head_json":{"title":"Kisha Orthodhokse pran\u00eb dhe n\u00eb ndihm\u00eb t\u00eb viktimave t\u00eb tragjedis\u00eb s\u00eb G\u00ebrdecit. (Mars 2008) - Kisha Orthodh\u03bfkse Autoqefale e Shqip\u00ebris\u00eb","robots":{"index":"index","follow":"follow","max-snippet":"max-snippet:-1","max-image-preview":"max-image-preview:large","max-video-preview":"max-video-preview:-1"},"canonical":"https:\/\/orthodoxalbania.org\/2020\/2008\/02\/26\/kisha-orthodhokse-prane-dhe-ne-ndihme-te-viktimave-te-tragjedise-se-gerdecit-mars-2008\/","og_locale":"en_US","og_type":"article","og_title":"Kisha Orthodhokse pran\u00eb dhe n\u00eb ndihm\u00eb t\u00eb viktimave t\u00eb tragjedis\u00eb s\u00eb G\u00ebrdecit. (Mars 2008) - Kisha Orthodh\u03bfkse Autoqefale e Shqip\u00ebris\u00eb","og_description":"&nbsp;&nbsp;&nbsp; Tragjedia e ndodhur n\u00eb G\u00ebrdec tronditi thell\u00eb edhe besimtar\u00ebt orthodhoks\u00eb, t\u00eb cil\u00ebt si gjith\u00eb qytetar\u00ebt e tjer\u00eb u mobilizuan me \u00e7far\u00eb kishin mund\u00ebsi, n\u00eb ndihm\u00eb t\u00eb t\u00eb prekurve dhe sidomos t\u00eb t\u00eb plagosurve. &nbsp;&nbsp;&nbsp; Kisha Orthodhokse Autoqefale e Shqip\u00ebris\u00eb u vu menj\u00ebher\u00eb n\u00eb krah t\u00eb tyre, me lutje dhe mobilizim p\u00ebr t\u00eb ndihmuar. K\u00ebshtu, q\u00eb n\u00eb or\u00ebt e para pas k\u00ebsaj tragjedie, Hir\u00ebsi Andoni,","og_url":"https:\/\/orthodoxalbania.org\/2020\/2008\/02\/26\/kisha-orthodhokse-prane-dhe-ne-ndihme-te-viktimave-te-tragjedise-se-gerdecit-mars-2008\/","og_site_name":"Kisha Orthodh\u03bfkse Autoqefale e Shqip\u00ebris\u00eb","article_publisher":"https:\/\/www.facebook.com\/koash1991","article_published_time":"2008-02-26T00:00:00+00:00","article_modified_time":"2020-04-06T20:35:23+00:00","og_image":[{"url":"https:\/\/lh5.googleusercontent.com\/-2hl6IU6UCcE\/VI6kPZUTvaI\/AAAAAAAAHg0\/l5kUIIHTTXE\/w314-h223-no\/Vore1.jpg","type":"","width":"","height":""}],"author":"Kisha Orthodhokse","twitter_card":"summary_large_image","twitter_misc":{"Written by":"Kisha Orthodhokse","Est. reading time":"2 minutes"},"schema":{"@context":"https:\/\/schema.org","@graph":[{"@type":"Article","@id":"https:\/\/orthodoxalbania.org\/2020\/2008\/02\/26\/kisha-orthodhokse-prane-dhe-ne-ndihme-te-viktimave-te-tragjedise-se-gerdecit-mars-2008\/#article","isPartOf":{"@id":"https:\/\/orthodoxalbania.org\/2020\/2008\/02\/26\/kisha-orthodhokse-prane-dhe-ne-ndihme-te-viktimave-te-tragjedise-se-gerdecit-mars-2008\/"},"author":{"name":"Kisha Orthodhokse","@id":"https:\/\/orthodoxalbania.org\/2020\/#\/schema\/person\/0c387634a7063ac612d7ed9ce71c7e86"},"headline":"Kisha Orthodhokse pran\u00eb dhe n\u00eb ndihm\u00eb t\u00eb viktimave t\u00eb tragjedis\u00eb s\u00eb G\u00ebrdecit. (Mars 2008)","datePublished":"2008-02-26T00:00:00+00:00","dateModified":"2020-04-06T20:35:23+00:00","mainEntityOfPage":{"@id":"https:\/\/orthodoxalbania.org\/2020\/2008\/02\/26\/kisha-orthodhokse-prane-dhe-ne-ndihme-te-viktimave-te-tragjedise-se-gerdecit-mars-2008\/"},"wordCount":461,"commentCount":0,"publisher":{"@id":"https:\/\/orthodoxalbania.org\/2020\/#organization"},"image":{"@id":"https:\/\/orthodoxalbania.org\/2020\/2008\/02\/26\/kisha-orthodhokse-prane-dhe-ne-ndihme-te-viktimave-te-tragjedise-se-gerdecit-mars-2008\/#primaryimage"},"thumbnailUrl":"https:\/\/lh5.googleusercontent.com\/-2hl6IU6UCcE\/VI6kPZUTvaI\/AAAAAAAAHg0\/l5kUIIHTTXE\/w314-h223-no\/Vore1.jpg","keywords":["2008","DonacioneNdihma","Kryepiskopata Tiran\u00eb","lajme"],"articleSection":["Lajme"],"inLanguage":"en-US"},{"@type":"WebPage","@id":"https:\/\/orthodoxalbania.org\/2020\/2008\/02\/26\/kisha-orthodhokse-prane-dhe-ne-ndihme-te-viktimave-te-tragjedise-se-gerdecit-mars-2008\/","url":"https:\/\/orthodoxalbania.org\/2020\/2008\/02\/26\/kisha-orthodhokse-prane-dhe-ne-ndihme-te-viktimave-te-tragjedise-se-gerdecit-mars-2008\/","name":"Kisha Orthodhokse pran\u00eb dhe n\u00eb ndihm\u00eb t\u00eb viktimave t\u00eb tragjedis\u00eb s\u00eb G\u00ebrdecit. (Mars 2008) - Kisha Orthodh\u03bfkse Autoqefale e Shqip\u00ebris\u00eb","isPartOf":{"@id":"https:\/\/orthodoxalbania.org\/2020\/#website"},"primaryImageOfPage":{"@id":"https:\/\/orthodoxalbania.org\/2020\/2008\/02\/26\/kisha-orthodhokse-prane-dhe-ne-ndihme-te-viktimave-te-tragjedise-se-gerdecit-mars-2008\/#primaryimage"},"image":{"@id":"https:\/\/orthodoxalbania.org\/2020\/2008\/02\/26\/kisha-orthodhokse-prane-dhe-ne-ndihme-te-viktimave-te-tragjedise-se-gerdecit-mars-2008\/#primaryimage"},"thumbnailUrl":"https:\/\/lh5.googleusercontent.com\/-2hl6IU6UCcE\/VI6kPZUTvaI\/AAAAAAAAHg0\/l5kUIIHTTXE\/w314-h223-no\/Vore1.jpg","datePublished":"2008-02-26T00:00:00+00:00","dateModified":"2020-04-06T20:35:23+00:00","breadcrumb":{"@id":"https:\/\/orthodoxalbania.org\/2020\/2008\/02\/26\/kisha-orthodhokse-prane-dhe-ne-ndihme-te-viktimave-te-tragjedise-se-gerdecit-mars-2008\/#breadcrumb"},"inLanguage":"en-US","potentialAction":[{"@type":"ReadAction","target":["https:\/\/orthodoxalbania.org\/2020\/2008\/02\/26\/kisha-orthodhokse-prane-dhe-ne-ndihme-te-viktimave-te-tragjedise-se-gerdecit-mars-2008\/"]}]},{"@type":"ImageObject","inLanguage":"en-US","@id":"https:\/\/orthodoxalbania.org\/2020\/2008\/02\/26\/kisha-orthodhokse-prane-dhe-ne-ndihme-te-viktimave-te-tragjedise-se-gerdecit-mars-2008\/#primaryimage","url":"https:\/\/lh5.googleusercontent.com\/-2hl6IU6UCcE\/VI6kPZUTvaI\/AAAAAAAAHg0\/l5kUIIHTTXE\/w314-h223-no\/Vore1.jpg","contentUrl":"https:\/\/lh5.googleusercontent.com\/-2hl6IU6UCcE\/VI6kPZUTvaI\/AAAAAAAAHg0\/l5kUIIHTTXE\/w314-h223-no\/Vore1.jpg"},{"@type":"BreadcrumbList","@id":"https:\/\/orthodoxalbania.org\/2020\/2008\/02\/26\/kisha-orthodhokse-prane-dhe-ne-ndihme-te-viktimave-te-tragjedise-se-gerdecit-mars-2008\/#breadcrumb","itemListElement":[{"@type":"ListItem","position":1,"name":"Home","item":"https:\/\/orthodoxalbania.org\/2020\/"},{"@type":"ListItem","position":2,"name":"Kisha Orthodhokse pran\u00eb dhe n\u00eb ndihm\u00eb t\u00eb viktimave t\u00eb tragjedis\u00eb s\u00eb G\u00ebrdecit. (Mars 2008)"}]},{"@type":"WebSite","@id":"https:\/\/orthodoxalbania.org\/2020\/#website","url":"https:\/\/orthodoxalbania.org\/2020\/","name":"Kisha Orthodh\u03bfkse Autoqefale e Shqip\u00ebris\u00eb","description":"Fqja Zyrtare e Kish\u00ebs Orthodhokse Autoqefale e Shqip\u00ebris\u00eb me lajmet edhe informacionet zyrtare p\u00ebr struktur\u00ebn edhe veprimtarin e saj.","publisher":{"@id":"https:\/\/orthodoxalbania.org\/2020\/#organization"},"potentialAction":[{"@type":"SearchAction","target":{"@type":"EntryPoint","urlTemplate":"https:\/\/orthodoxalbania.org\/2020\/?s={search_term_string}"},"query-input":{"@type":"PropertyValueSpecification","valueRequired":true,"valueName":"search_term_string"}}],"inLanguage":"en-US"},{"@type":"Organization","@id":"https:\/\/orthodoxalbania.org\/2020\/#organization","name":"Kisha Orthodhokse Autoqefale e Shqip\u00ebris\u00eb","url":"https:\/\/orthodoxalbania.org\/2020\/","logo":{"@type":"ImageObject","inLanguage":"en-US","@id":"https:\/\/orthodoxalbania.org\/2020\/#\/schema\/logo\/image\/","url":"https:\/\/orthodoxalbania.org\/2020\/wp-content\/uploads\/2020\/05\/albania.jpeg","contentUrl":"https:\/\/orthodoxalbania.org\/2020\/wp-content\/uploads\/2020\/05\/albania.jpeg","width":540,"height":540,"caption":"Kisha Orthodhokse Autoqefale e Shqip\u00ebris\u00eb"},"image":{"@id":"https:\/\/orthodoxalbania.org\/2020\/#\/schema\/logo\/image\/"},"sameAs":["https:\/\/www.facebook.com\/koash1991"]},{"@type":"Person","@id":"https:\/\/orthodoxalbania.org\/2020\/#\/schema\/person\/0c387634a7063ac612d7ed9ce71c7e86","name":"Kisha Orthodhokse","image":{"@type":"ImageObject","inLanguage":"en-US","@id":"https:\/\/secure.gravatar.com\/avatar\/596e7c417251e30f2fbb9c00e026fce61a695a00e51c889caded71c96cbbdde5?s=96&d=mm&r=g","url":"https:\/\/secure.gravatar.com\/avatar\/596e7c417251e30f2fbb9c00e026fce61a695a00e51c889caded71c96cbbdde5?s=96&d=mm&r=g","contentUrl":"https:\/\/secure.gravatar.com\/avatar\/596e7c417251e30f2fbb9c00e026fce61a695a00e51c889caded71c96cbbdde5?s=96&d=mm&r=g","caption":"Kisha Orthodhokse"}}]}},"_links":{"self":[{"href":"https:\/\/orthodoxalbania.org\/2020\/wp-json\/wp\/v2\/posts\/737","targetHints":{"allow":["GET"]}}],"collection":[{"href":"https:\/\/orthodoxalbania.org\/2020\/wp-json\/wp\/v2\/posts"}],"about":[{"href":"https:\/\/orthodoxalbania.org\/2020\/wp-json\/wp\/v2\/types\/post"}],"author":[{"embeddable":true,"href":"https:\/\/orthodoxalbania.org\/2020\/wp-json\/wp\/v2\/users\/1"}],"replies":[{"embeddable":true,"href":"https:\/\/orthodoxalbania.org\/2020\/wp-json\/wp\/v2\/comments?post=737"}],"version-history":[{"count":1,"href":"https:\/\/orthodoxalbania.org\/2020\/wp-json\/wp\/v2\/posts\/737\/revisions"}],"predecessor-version":[{"id":15669,"href":"https:\/\/orthodoxalbania.org\/2020\/wp-json\/wp\/v2\/posts\/737\/revisions\/15669"}],"wp:attachment":[{"href":"https:\/\/orthodoxalbania.org\/2020\/wp-json\/wp\/v2\/media?parent=737"}],"wp:term":[{"taxonomy":"category","embeddable":true,"href":"https:\/\/orthodoxalbania.org\/2020\/wp-json\/wp\/v2\/categories?post=737"},{"taxonomy":"post_tag","embeddable":true,"href":"https:\/\/orthodoxalbania.org\/2020\/wp-json\/wp\/v2\/tags?post=737"}],"curies":[{"name":"wp","href":"https:\/\/api.w.org\/{rel}","templated":true}]}}