{"id":736,"date":"2013-03-21T09:36:03","date_gmt":"2013-03-21T09:36:03","guid":{"rendered":""},"modified":"2020-04-06T22:32:04","modified_gmt":"2020-04-06T20:32:04","slug":"kisha-orthodhokse-merr-pjese-ne-panairin-gjithcka-per-femijet-tirane-2011","status":"publish","type":"post","link":"https:\/\/orthodoxalbania.org\/2020\/2013\/03\/21\/kisha-orthodhokse-merr-pjese-ne-panairin-gjithcka-per-femijet-tirane-2011\/","title":{"rendered":"Kisha Orthodhokse merr pjes\u00eb n\u00eb Panairin \u201cGjith\u00e7ka p\u00ebr f\u00ebmij\u00ebt\u201d, Tiran\u00eb. (Qershor 2011)"},"content":{"rendered":"<div class=\"style10\" style=\"text-align: justify;\">\n\t<span style=\"color:#000000;\"><span style=\"font-family: tahoma,geneva,sans-serif;\"><span style=\"font-size: 12px;\"><span class=\"style10\"><img decoding=\"async\" class=\"lazyload HAa Eha\" src=\"data:image\/gif;base64,R0lGODlhAQABAAAAACH5BAEKAAEALAAAAAABAAEAAAICTAEAOw==\" data-orig-src=\"https:\/\/lh6.googleusercontent.com\/-NSWTQf3XEMY\/VAGE2shEvfI\/AAAAAAAACXY\/ubJLmmd1nR0\/w448-h278-no\/IMG_2969.jpg\" style=\"height: 120px; width: 193px; border-width: 1px; border-style: solid; margin: 10px; float: left;\" \/> &nbsp; &nbsp; Kisha jon\u00eb Orthodhokse merr pjes\u00eb n\u00eb \u201cPanairin e F\u00ebmij\u00ebve 2011\u201d, n\u00eb Pallatin e Kongreseve n\u00eb Tiran\u00eb. N\u00eb nj\u00eb stend\u00eb t\u00eb larmishme, f\u00ebmij\u00ebt dhe prind\u00ebrit e tyre nuk kishte si t\u00eb mos ndalonin p\u00ebr t\u00eb par\u00eb nga af\u00ebr jet\u00ebn e gjall\u00eb t\u00eb f\u00ebmij\u00ebve t\u00eb Kish\u00ebs son\u00eb dhe sa Ajo ka ofruar dhe ofron p\u00ebr f\u00ebmij\u00ebt pa dallim fetar dhe niveli ekonomik. E gjith\u00eb kjo ishte pasqyruar thjesht, bukur p\u00ebrmes posterave t\u00eb m\u00ebdha dhe sloganit \u201cP\u00ebr nj\u00eb shoq\u00ebri me dashuri dhe<img decoding=\"async\" class=\"lazyload HAa Eha\" src=\"data:image\/gif;base64,R0lGODlhAQABAAAAACH5BAEKAAEALAAAAAABAAEAAAICTAEAOw==\" data-orig-src=\"https:\/\/lh5.googleusercontent.com\/-atTzc_9pWsg\/VAGE2vBEYJI\/AAAAAAAACXk\/H3pbxtOWfvY\/w448-h336-no\/IMG_2971.jpg\" style=\"height: 201px; width: 268px; border-width: 1px; border-style: solid; margin: 10px; float: right;\" \/> shpres\u00eb\u201d, prezantimit audioviziv n\u00eb kompjuter, fletushkave informuese, botimeve kishtare p\u00ebr f\u00ebmij\u00eb, punimeve t\u00ebtyre t\u00eb k\u00ebndshme, duke treguar nj\u00ebra pas tjetr\u00ebs pjes\u00eb nga jeta e f\u00ebmij\u00ebve n\u00eb kopshtet dhe shkollat e Kish\u00ebs, aktivitete t\u00eb ndryshme, punime dore, krijimtarietj. Grupi organizator i prezantimit kishtar n\u00eb k\u00ebt\u00eb panair u shpreh i k\u00ebnaqur p\u00ebrinteresimin dhe vullnetin pozitiv t\u00eb shum\u00eb f\u00ebmij\u00ebve (orthodhoks\u00eb dhe jo orthodhoks\u00eb), t\u00eb cil\u00ebt pan\u00eb nga af\u00ebr pun\u00ebn e jasht\u00ebzakonshme q\u00eb \u00ebsht\u00eb kryer n\u00eb k\u00ebto vite nga KishaOrthodhokse dhe Kryebariu i saj, Fortlumturia e Tij, Imzot Anastasi.<\/span><\/span><\/span><\/span><\/div>\n<div class=\"style10\" style=\"text-align: justify;\">\n\t<br \/>\n\t<span style=\"color:#000000;\"><span style=\"font-family: tahoma,geneva,sans-serif;\"><span style=\"font-size: 12px;\"><span class=\"style10\">&nbsp;&nbsp;&nbsp; Panairi \u201cGjith\u00e7ka p\u00ebr f\u00ebmij\u00ebt\u201d u organizua nga Dhoma e Tregtis\u00eb dhe Industris\u00eb Tiran\u00eb dhe Smart Advertising n\u00ebn kujdesin e znj. Liri Berisha Presidente e Fondacionit \u201cF\u00ebmij\u00ebt shqiptar\u201d, me mb\u00ebshtetjen e zv\/ministres s\u00eb Arsimit dhe Shkenc\u00ebs znj. Nora Malaj, t\u00eb UNICEF dhe t\u00eb Qendr\u00ebsKultur\u00ebs Komb\u00ebtare t\u00eb F\u00ebmij\u00ebve. N\u00eb fokus t\u00eb k\u00ebtij panairi ishin: rritja e edukimi, sh\u00ebndeti, arg\u00ebtimi dhe ushqimi i f\u00ebmij\u00ebve. Q\u00ebllimi i k\u00ebtij aktiviteti \u00ebsht\u00eb t\u00eb forcoj\u00eb konceptin tek prind\u00ebrit,m\u00ebsuesit dhe shoq\u00ebria n\u00eb p\u00ebrgjith\u00ebsi, se zhvillimi i sh\u00ebndetsh\u00ebm i f\u00ebmij\u00ebve \u00ebsht\u00eb investim p\u00ebr t\u00eb ardhmen e familjes dhe t\u00eb shoq\u00ebris\u00eb shqiptare.T\u00eb pranish\u00ebm n\u00eb p\u00ebrurimin e k\u00ebtij panairi ishin edhe znj. Liri Berisha dhe zv\/ministrja e arsimit Nora Malaj. Ato p\u00ebrg\u00ebzuan hapjen e k\u00ebtij panairi si dhe i kan\u00eb shprehur urimet e tyre f\u00ebmij\u00ebve me rastin e 1 Qershorit. Ky panair p\u00ebrfundon n\u00eb 3 qersho<\/span>r.<\/span><\/span><\/span><\/div>\n<div class=\"style10\" style=\"text-align: right;\">\n\t<span style=\"color:#000000;\"><span style=\"font-family: tahoma,geneva,sans-serif;\"><span style=\"font-size: 12px;\"><strong>Isidor Koti<\/strong><\/span><\/span><\/span><\/div>\n","protected":false},"excerpt":{"rendered":"<p>&nbsp; &nbsp; Kisha jon\u00eb Orthodhokse merr pjes\u00eb n\u00eb \u201cPanairin e F\u00ebmij\u00ebve 2011\u201d, n\u00eb Pallatin e Kongreseve n\u00eb Tiran\u00eb. N\u00eb nj\u00eb stend\u00eb t\u00eb larmishme, f\u00ebmij\u00ebt dhe prind\u00ebrit e tyre nuk kishte si t\u00eb mos ndalonin p\u00ebr t\u00eb par\u00eb nga af\u00ebr jet\u00ebn e gjall\u00eb t\u00eb f\u00ebmij\u00ebve t\u00eb Kish\u00ebs son\u00eb dhe sa Ajo ka ofruar dhe ofron p\u00ebr f\u00ebmij\u00ebt pa dallim fetar dhe niveli ekonomik. E gjith\u00eb kjo<\/p>\n","protected":false},"author":1,"featured_media":0,"comment_status":"open","ping_status":"open","sticky":false,"template":"","format":"standard","meta":{"_acf_changed":false,"pagelayer_contact_templates":[],"_pagelayer_content":"","inline_featured_image":false,"fifu_image_url":"","fifu_image_alt":"","footnotes":""},"categories":[108],"tags":[143,154,196,212],"class_list":["post-736","post","type-post","status-publish","format-standard","hentry","category-lajme","tag-143","tag-aktivitete","tag-tirane","tag-lajme-d27"],"acf":[],"yoast_head":"<!-- This site is optimized with the Yoast SEO plugin v27.2 - https:\/\/yoast.com\/product\/yoast-seo-wordpress\/ -->\n<title>Kisha Orthodhokse merr pjes\u00eb n\u00eb Panairin \u201cGjith\u00e7ka p\u00ebr f\u00ebmij\u00ebt\u201d, Tiran\u00eb. (Qershor 2011) - Kisha Orthodh\u03bfkse Autoqefale e Shqip\u00ebris\u00eb<\/title>\n<meta name=\"robots\" content=\"index, follow, max-snippet:-1, max-image-preview:large, max-video-preview:-1\" \/>\n<link rel=\"canonical\" href=\"https:\/\/orthodoxalbania.org\/2020\/2013\/03\/21\/kisha-orthodhokse-merr-pjese-ne-panairin-gjithcka-per-femijet-tirane-2011\/\" \/>\n<meta property=\"og:locale\" content=\"en_US\" \/>\n<meta property=\"og:type\" content=\"article\" \/>\n<meta property=\"og:title\" content=\"Kisha Orthodhokse merr pjes\u00eb n\u00eb Panairin \u201cGjith\u00e7ka p\u00ebr f\u00ebmij\u00ebt\u201d, Tiran\u00eb. (Qershor 2011) - Kisha Orthodh\u03bfkse Autoqefale e Shqip\u00ebris\u00eb\" \/>\n<meta property=\"og:description\" content=\"&nbsp; &nbsp; Kisha jon\u00eb Orthodhokse merr pjes\u00eb n\u00eb \u201cPanairin e F\u00ebmij\u00ebve 2011\u201d, n\u00eb Pallatin e Kongreseve n\u00eb Tiran\u00eb. N\u00eb nj\u00eb stend\u00eb t\u00eb larmishme, f\u00ebmij\u00ebt dhe prind\u00ebrit e tyre nuk kishte si t\u00eb mos ndalonin p\u00ebr t\u00eb par\u00eb nga af\u00ebr jet\u00ebn e gjall\u00eb t\u00eb f\u00ebmij\u00ebve t\u00eb Kish\u00ebs son\u00eb dhe sa Ajo ka ofruar dhe ofron p\u00ebr f\u00ebmij\u00ebt pa dallim fetar dhe niveli ekonomik. E gjith\u00eb kjo\" \/>\n<meta property=\"og:url\" content=\"https:\/\/orthodoxalbania.org\/2020\/2013\/03\/21\/kisha-orthodhokse-merr-pjese-ne-panairin-gjithcka-per-femijet-tirane-2011\/\" \/>\n<meta property=\"og:site_name\" content=\"Kisha Orthodh\u03bfkse Autoqefale e Shqip\u00ebris\u00eb\" \/>\n<meta property=\"article:publisher\" content=\"https:\/\/www.facebook.com\/koash1991\" \/>\n<meta property=\"article:published_time\" content=\"2013-03-21T09:36:03+00:00\" \/>\n<meta property=\"article:modified_time\" content=\"2020-04-06T20:32:04+00:00\" \/>\n<meta property=\"og:image\" content=\"https:\/\/lh6.googleusercontent.com\/-NSWTQf3XEMY\/VAGE2shEvfI\/AAAAAAAACXY\/ubJLmmd1nR0\/w448-h278-no\/IMG_2969.jpg\" \/>\n<meta name=\"author\" content=\"Kisha Orthodhokse\" \/>\n<meta name=\"twitter:card\" content=\"summary_large_image\" \/>\n<meta name=\"twitter:label1\" content=\"Written by\" \/>\n\t<meta name=\"twitter:data1\" content=\"Kisha Orthodhokse\" \/>\n\t<meta name=\"twitter:label2\" content=\"Est. reading time\" \/>\n\t<meta name=\"twitter:data2\" content=\"2 minutes\" \/>\n<script type=\"application\/ld+json\" class=\"yoast-schema-graph\">{\"@context\":\"https:\/\/schema.org\",\"@graph\":[{\"@type\":\"Article\",\"@id\":\"https:\/\/orthodoxalbania.org\/2020\/2013\/03\/21\/kisha-orthodhokse-merr-pjese-ne-panairin-gjithcka-per-femijet-tirane-2011\/#article\",\"isPartOf\":{\"@id\":\"https:\/\/orthodoxalbania.org\/2020\/2013\/03\/21\/kisha-orthodhokse-merr-pjese-ne-panairin-gjithcka-per-femijet-tirane-2011\/\"},\"author\":{\"name\":\"Kisha Orthodhokse\",\"@id\":\"https:\/\/orthodoxalbania.org\/2020\/#\/schema\/person\/0c387634a7063ac612d7ed9ce71c7e86\"},\"headline\":\"Kisha Orthodhokse merr pjes\u00eb n\u00eb Panairin \u201cGjith\u00e7ka p\u00ebr f\u00ebmij\u00ebt\u201d, Tiran\u00eb. (Qershor 2011)\",\"datePublished\":\"2013-03-21T09:36:03+00:00\",\"dateModified\":\"2020-04-06T20:32:04+00:00\",\"mainEntityOfPage\":{\"@id\":\"https:\/\/orthodoxalbania.org\/2020\/2013\/03\/21\/kisha-orthodhokse-merr-pjese-ne-panairin-gjithcka-per-femijet-tirane-2011\/\"},\"wordCount\":400,\"commentCount\":0,\"publisher\":{\"@id\":\"https:\/\/orthodoxalbania.org\/2020\/#organization\"},\"image\":{\"@id\":\"https:\/\/orthodoxalbania.org\/2020\/2013\/03\/21\/kisha-orthodhokse-merr-pjese-ne-panairin-gjithcka-per-femijet-tirane-2011\/#primaryimage\"},\"thumbnailUrl\":\"https:\/\/lh6.googleusercontent.com\/-NSWTQf3XEMY\/VAGE2shEvfI\/AAAAAAAACXY\/ubJLmmd1nR0\/w448-h278-no\/IMG_2969.jpg\",\"keywords\":[\"2011\",\"Aktivitete\",\"Kryepiskopata Tiran\u00eb\",\"lajme\"],\"articleSection\":[\"Lajme\"],\"inLanguage\":\"en-US\"},{\"@type\":\"WebPage\",\"@id\":\"https:\/\/orthodoxalbania.org\/2020\/2013\/03\/21\/kisha-orthodhokse-merr-pjese-ne-panairin-gjithcka-per-femijet-tirane-2011\/\",\"url\":\"https:\/\/orthodoxalbania.org\/2020\/2013\/03\/21\/kisha-orthodhokse-merr-pjese-ne-panairin-gjithcka-per-femijet-tirane-2011\/\",\"name\":\"Kisha Orthodhokse merr pjes\u00eb n\u00eb Panairin \u201cGjith\u00e7ka p\u00ebr f\u00ebmij\u00ebt\u201d, Tiran\u00eb. (Qershor 2011) - Kisha Orthodh\u03bfkse Autoqefale e Shqip\u00ebris\u00eb\",\"isPartOf\":{\"@id\":\"https:\/\/orthodoxalbania.org\/2020\/#website\"},\"primaryImageOfPage\":{\"@id\":\"https:\/\/orthodoxalbania.org\/2020\/2013\/03\/21\/kisha-orthodhokse-merr-pjese-ne-panairin-gjithcka-per-femijet-tirane-2011\/#primaryimage\"},\"image\":{\"@id\":\"https:\/\/orthodoxalbania.org\/2020\/2013\/03\/21\/kisha-orthodhokse-merr-pjese-ne-panairin-gjithcka-per-femijet-tirane-2011\/#primaryimage\"},\"thumbnailUrl\":\"https:\/\/lh6.googleusercontent.com\/-NSWTQf3XEMY\/VAGE2shEvfI\/AAAAAAAACXY\/ubJLmmd1nR0\/w448-h278-no\/IMG_2969.jpg\",\"datePublished\":\"2013-03-21T09:36:03+00:00\",\"dateModified\":\"2020-04-06T20:32:04+00:00\",\"breadcrumb\":{\"@id\":\"https:\/\/orthodoxalbania.org\/2020\/2013\/03\/21\/kisha-orthodhokse-merr-pjese-ne-panairin-gjithcka-per-femijet-tirane-2011\/#breadcrumb\"},\"inLanguage\":\"en-US\",\"potentialAction\":[{\"@type\":\"ReadAction\",\"target\":[\"https:\/\/orthodoxalbania.org\/2020\/2013\/03\/21\/kisha-orthodhokse-merr-pjese-ne-panairin-gjithcka-per-femijet-tirane-2011\/\"]}]},{\"@type\":\"ImageObject\",\"inLanguage\":\"en-US\",\"@id\":\"https:\/\/orthodoxalbania.org\/2020\/2013\/03\/21\/kisha-orthodhokse-merr-pjese-ne-panairin-gjithcka-per-femijet-tirane-2011\/#primaryimage\",\"url\":\"https:\/\/lh6.googleusercontent.com\/-NSWTQf3XEMY\/VAGE2shEvfI\/AAAAAAAACXY\/ubJLmmd1nR0\/w448-h278-no\/IMG_2969.jpg\",\"contentUrl\":\"https:\/\/lh6.googleusercontent.com\/-NSWTQf3XEMY\/VAGE2shEvfI\/AAAAAAAACXY\/ubJLmmd1nR0\/w448-h278-no\/IMG_2969.jpg\"},{\"@type\":\"BreadcrumbList\",\"@id\":\"https:\/\/orthodoxalbania.org\/2020\/2013\/03\/21\/kisha-orthodhokse-merr-pjese-ne-panairin-gjithcka-per-femijet-tirane-2011\/#breadcrumb\",\"itemListElement\":[{\"@type\":\"ListItem\",\"position\":1,\"name\":\"Home\",\"item\":\"https:\/\/orthodoxalbania.org\/2020\/\"},{\"@type\":\"ListItem\",\"position\":2,\"name\":\"Kisha Orthodhokse merr pjes\u00eb n\u00eb Panairin \u201cGjith\u00e7ka p\u00ebr f\u00ebmij\u00ebt\u201d, Tiran\u00eb. (Qershor 2011)\"}]},{\"@type\":\"WebSite\",\"@id\":\"https:\/\/orthodoxalbania.org\/2020\/#website\",\"url\":\"https:\/\/orthodoxalbania.org\/2020\/\",\"name\":\"Kisha Orthodh\u03bfkse Autoqefale e Shqip\u00ebris\u00eb\",\"description\":\"Fqja Zyrtare e Kish\u00ebs Orthodhokse Autoqefale e Shqip\u00ebris\u00eb me lajmet edhe informacionet zyrtare p\u00ebr struktur\u00ebn edhe veprimtarin e saj.\",\"publisher\":{\"@id\":\"https:\/\/orthodoxalbania.org\/2020\/#organization\"},\"potentialAction\":[{\"@type\":\"SearchAction\",\"target\":{\"@type\":\"EntryPoint\",\"urlTemplate\":\"https:\/\/orthodoxalbania.org\/2020\/?s={search_term_string}\"},\"query-input\":{\"@type\":\"PropertyValueSpecification\",\"valueRequired\":true,\"valueName\":\"search_term_string\"}}],\"inLanguage\":\"en-US\"},{\"@type\":\"Organization\",\"@id\":\"https:\/\/orthodoxalbania.org\/2020\/#organization\",\"name\":\"Kisha Orthodhokse Autoqefale e Shqip\u00ebris\u00eb\",\"url\":\"https:\/\/orthodoxalbania.org\/2020\/\",\"logo\":{\"@type\":\"ImageObject\",\"inLanguage\":\"en-US\",\"@id\":\"https:\/\/orthodoxalbania.org\/2020\/#\/schema\/logo\/image\/\",\"url\":\"https:\/\/orthodoxalbania.org\/2020\/wp-content\/uploads\/2020\/05\/albania.jpeg\",\"contentUrl\":\"https:\/\/orthodoxalbania.org\/2020\/wp-content\/uploads\/2020\/05\/albania.jpeg\",\"width\":540,\"height\":540,\"caption\":\"Kisha Orthodhokse Autoqefale e Shqip\u00ebris\u00eb\"},\"image\":{\"@id\":\"https:\/\/orthodoxalbania.org\/2020\/#\/schema\/logo\/image\/\"},\"sameAs\":[\"https:\/\/www.facebook.com\/koash1991\"]},{\"@type\":\"Person\",\"@id\":\"https:\/\/orthodoxalbania.org\/2020\/#\/schema\/person\/0c387634a7063ac612d7ed9ce71c7e86\",\"name\":\"Kisha Orthodhokse\",\"image\":{\"@type\":\"ImageObject\",\"inLanguage\":\"en-US\",\"@id\":\"https:\/\/secure.gravatar.com\/avatar\/596e7c417251e30f2fbb9c00e026fce61a695a00e51c889caded71c96cbbdde5?s=96&d=mm&r=g\",\"url\":\"https:\/\/secure.gravatar.com\/avatar\/596e7c417251e30f2fbb9c00e026fce61a695a00e51c889caded71c96cbbdde5?s=96&d=mm&r=g\",\"contentUrl\":\"https:\/\/secure.gravatar.com\/avatar\/596e7c417251e30f2fbb9c00e026fce61a695a00e51c889caded71c96cbbdde5?s=96&d=mm&r=g\",\"caption\":\"Kisha Orthodhokse\"}}]}<\/script>\n<!-- \/ Yoast SEO plugin. -->","yoast_head_json":{"title":"Kisha Orthodhokse merr pjes\u00eb n\u00eb Panairin \u201cGjith\u00e7ka p\u00ebr f\u00ebmij\u00ebt\u201d, Tiran\u00eb. (Qershor 2011) - Kisha Orthodh\u03bfkse Autoqefale e Shqip\u00ebris\u00eb","robots":{"index":"index","follow":"follow","max-snippet":"max-snippet:-1","max-image-preview":"max-image-preview:large","max-video-preview":"max-video-preview:-1"},"canonical":"https:\/\/orthodoxalbania.org\/2020\/2013\/03\/21\/kisha-orthodhokse-merr-pjese-ne-panairin-gjithcka-per-femijet-tirane-2011\/","og_locale":"en_US","og_type":"article","og_title":"Kisha Orthodhokse merr pjes\u00eb n\u00eb Panairin \u201cGjith\u00e7ka p\u00ebr f\u00ebmij\u00ebt\u201d, Tiran\u00eb. (Qershor 2011) - Kisha Orthodh\u03bfkse Autoqefale e Shqip\u00ebris\u00eb","og_description":"&nbsp; &nbsp; Kisha jon\u00eb Orthodhokse merr pjes\u00eb n\u00eb \u201cPanairin e F\u00ebmij\u00ebve 2011\u201d, n\u00eb Pallatin e Kongreseve n\u00eb Tiran\u00eb. N\u00eb nj\u00eb stend\u00eb t\u00eb larmishme, f\u00ebmij\u00ebt dhe prind\u00ebrit e tyre nuk kishte si t\u00eb mos ndalonin p\u00ebr t\u00eb par\u00eb nga af\u00ebr jet\u00ebn e gjall\u00eb t\u00eb f\u00ebmij\u00ebve t\u00eb Kish\u00ebs son\u00eb dhe sa Ajo ka ofruar dhe ofron p\u00ebr f\u00ebmij\u00ebt pa dallim fetar dhe niveli ekonomik. E gjith\u00eb kjo","og_url":"https:\/\/orthodoxalbania.org\/2020\/2013\/03\/21\/kisha-orthodhokse-merr-pjese-ne-panairin-gjithcka-per-femijet-tirane-2011\/","og_site_name":"Kisha Orthodh\u03bfkse Autoqefale e Shqip\u00ebris\u00eb","article_publisher":"https:\/\/www.facebook.com\/koash1991","article_published_time":"2013-03-21T09:36:03+00:00","article_modified_time":"2020-04-06T20:32:04+00:00","og_image":[{"url":"https:\/\/lh6.googleusercontent.com\/-NSWTQf3XEMY\/VAGE2shEvfI\/AAAAAAAACXY\/ubJLmmd1nR0\/w448-h278-no\/IMG_2969.jpg","type":"","width":"","height":""}],"author":"Kisha Orthodhokse","twitter_card":"summary_large_image","twitter_misc":{"Written by":"Kisha Orthodhokse","Est. reading time":"2 minutes"},"schema":{"@context":"https:\/\/schema.org","@graph":[{"@type":"Article","@id":"https:\/\/orthodoxalbania.org\/2020\/2013\/03\/21\/kisha-orthodhokse-merr-pjese-ne-panairin-gjithcka-per-femijet-tirane-2011\/#article","isPartOf":{"@id":"https:\/\/orthodoxalbania.org\/2020\/2013\/03\/21\/kisha-orthodhokse-merr-pjese-ne-panairin-gjithcka-per-femijet-tirane-2011\/"},"author":{"name":"Kisha Orthodhokse","@id":"https:\/\/orthodoxalbania.org\/2020\/#\/schema\/person\/0c387634a7063ac612d7ed9ce71c7e86"},"headline":"Kisha Orthodhokse merr pjes\u00eb n\u00eb Panairin \u201cGjith\u00e7ka p\u00ebr f\u00ebmij\u00ebt\u201d, Tiran\u00eb. (Qershor 2011)","datePublished":"2013-03-21T09:36:03+00:00","dateModified":"2020-04-06T20:32:04+00:00","mainEntityOfPage":{"@id":"https:\/\/orthodoxalbania.org\/2020\/2013\/03\/21\/kisha-orthodhokse-merr-pjese-ne-panairin-gjithcka-per-femijet-tirane-2011\/"},"wordCount":400,"commentCount":0,"publisher":{"@id":"https:\/\/orthodoxalbania.org\/2020\/#organization"},"image":{"@id":"https:\/\/orthodoxalbania.org\/2020\/2013\/03\/21\/kisha-orthodhokse-merr-pjese-ne-panairin-gjithcka-per-femijet-tirane-2011\/#primaryimage"},"thumbnailUrl":"https:\/\/lh6.googleusercontent.com\/-NSWTQf3XEMY\/VAGE2shEvfI\/AAAAAAAACXY\/ubJLmmd1nR0\/w448-h278-no\/IMG_2969.jpg","keywords":["2011","Aktivitete","Kryepiskopata Tiran\u00eb","lajme"],"articleSection":["Lajme"],"inLanguage":"en-US"},{"@type":"WebPage","@id":"https:\/\/orthodoxalbania.org\/2020\/2013\/03\/21\/kisha-orthodhokse-merr-pjese-ne-panairin-gjithcka-per-femijet-tirane-2011\/","url":"https:\/\/orthodoxalbania.org\/2020\/2013\/03\/21\/kisha-orthodhokse-merr-pjese-ne-panairin-gjithcka-per-femijet-tirane-2011\/","name":"Kisha Orthodhokse merr pjes\u00eb n\u00eb Panairin \u201cGjith\u00e7ka p\u00ebr f\u00ebmij\u00ebt\u201d, Tiran\u00eb. (Qershor 2011) - Kisha Orthodh\u03bfkse Autoqefale e Shqip\u00ebris\u00eb","isPartOf":{"@id":"https:\/\/orthodoxalbania.org\/2020\/#website"},"primaryImageOfPage":{"@id":"https:\/\/orthodoxalbania.org\/2020\/2013\/03\/21\/kisha-orthodhokse-merr-pjese-ne-panairin-gjithcka-per-femijet-tirane-2011\/#primaryimage"},"image":{"@id":"https:\/\/orthodoxalbania.org\/2020\/2013\/03\/21\/kisha-orthodhokse-merr-pjese-ne-panairin-gjithcka-per-femijet-tirane-2011\/#primaryimage"},"thumbnailUrl":"https:\/\/lh6.googleusercontent.com\/-NSWTQf3XEMY\/VAGE2shEvfI\/AAAAAAAACXY\/ubJLmmd1nR0\/w448-h278-no\/IMG_2969.jpg","datePublished":"2013-03-21T09:36:03+00:00","dateModified":"2020-04-06T20:32:04+00:00","breadcrumb":{"@id":"https:\/\/orthodoxalbania.org\/2020\/2013\/03\/21\/kisha-orthodhokse-merr-pjese-ne-panairin-gjithcka-per-femijet-tirane-2011\/#breadcrumb"},"inLanguage":"en-US","potentialAction":[{"@type":"ReadAction","target":["https:\/\/orthodoxalbania.org\/2020\/2013\/03\/21\/kisha-orthodhokse-merr-pjese-ne-panairin-gjithcka-per-femijet-tirane-2011\/"]}]},{"@type":"ImageObject","inLanguage":"en-US","@id":"https:\/\/orthodoxalbania.org\/2020\/2013\/03\/21\/kisha-orthodhokse-merr-pjese-ne-panairin-gjithcka-per-femijet-tirane-2011\/#primaryimage","url":"https:\/\/lh6.googleusercontent.com\/-NSWTQf3XEMY\/VAGE2shEvfI\/AAAAAAAACXY\/ubJLmmd1nR0\/w448-h278-no\/IMG_2969.jpg","contentUrl":"https:\/\/lh6.googleusercontent.com\/-NSWTQf3XEMY\/VAGE2shEvfI\/AAAAAAAACXY\/ubJLmmd1nR0\/w448-h278-no\/IMG_2969.jpg"},{"@type":"BreadcrumbList","@id":"https:\/\/orthodoxalbania.org\/2020\/2013\/03\/21\/kisha-orthodhokse-merr-pjese-ne-panairin-gjithcka-per-femijet-tirane-2011\/#breadcrumb","itemListElement":[{"@type":"ListItem","position":1,"name":"Home","item":"https:\/\/orthodoxalbania.org\/2020\/"},{"@type":"ListItem","position":2,"name":"Kisha Orthodhokse merr pjes\u00eb n\u00eb Panairin \u201cGjith\u00e7ka p\u00ebr f\u00ebmij\u00ebt\u201d, Tiran\u00eb. (Qershor 2011)"}]},{"@type":"WebSite","@id":"https:\/\/orthodoxalbania.org\/2020\/#website","url":"https:\/\/orthodoxalbania.org\/2020\/","name":"Kisha Orthodh\u03bfkse Autoqefale e Shqip\u00ebris\u00eb","description":"Fqja Zyrtare e Kish\u00ebs Orthodhokse Autoqefale e Shqip\u00ebris\u00eb me lajmet edhe informacionet zyrtare p\u00ebr struktur\u00ebn edhe veprimtarin e saj.","publisher":{"@id":"https:\/\/orthodoxalbania.org\/2020\/#organization"},"potentialAction":[{"@type":"SearchAction","target":{"@type":"EntryPoint","urlTemplate":"https:\/\/orthodoxalbania.org\/2020\/?s={search_term_string}"},"query-input":{"@type":"PropertyValueSpecification","valueRequired":true,"valueName":"search_term_string"}}],"inLanguage":"en-US"},{"@type":"Organization","@id":"https:\/\/orthodoxalbania.org\/2020\/#organization","name":"Kisha Orthodhokse Autoqefale e Shqip\u00ebris\u00eb","url":"https:\/\/orthodoxalbania.org\/2020\/","logo":{"@type":"ImageObject","inLanguage":"en-US","@id":"https:\/\/orthodoxalbania.org\/2020\/#\/schema\/logo\/image\/","url":"https:\/\/orthodoxalbania.org\/2020\/wp-content\/uploads\/2020\/05\/albania.jpeg","contentUrl":"https:\/\/orthodoxalbania.org\/2020\/wp-content\/uploads\/2020\/05\/albania.jpeg","width":540,"height":540,"caption":"Kisha Orthodhokse Autoqefale e Shqip\u00ebris\u00eb"},"image":{"@id":"https:\/\/orthodoxalbania.org\/2020\/#\/schema\/logo\/image\/"},"sameAs":["https:\/\/www.facebook.com\/koash1991"]},{"@type":"Person","@id":"https:\/\/orthodoxalbania.org\/2020\/#\/schema\/person\/0c387634a7063ac612d7ed9ce71c7e86","name":"Kisha Orthodhokse","image":{"@type":"ImageObject","inLanguage":"en-US","@id":"https:\/\/secure.gravatar.com\/avatar\/596e7c417251e30f2fbb9c00e026fce61a695a00e51c889caded71c96cbbdde5?s=96&d=mm&r=g","url":"https:\/\/secure.gravatar.com\/avatar\/596e7c417251e30f2fbb9c00e026fce61a695a00e51c889caded71c96cbbdde5?s=96&d=mm&r=g","contentUrl":"https:\/\/secure.gravatar.com\/avatar\/596e7c417251e30f2fbb9c00e026fce61a695a00e51c889caded71c96cbbdde5?s=96&d=mm&r=g","caption":"Kisha Orthodhokse"}}]}},"_links":{"self":[{"href":"https:\/\/orthodoxalbania.org\/2020\/wp-json\/wp\/v2\/posts\/736","targetHints":{"allow":["GET"]}}],"collection":[{"href":"https:\/\/orthodoxalbania.org\/2020\/wp-json\/wp\/v2\/posts"}],"about":[{"href":"https:\/\/orthodoxalbania.org\/2020\/wp-json\/wp\/v2\/types\/post"}],"author":[{"embeddable":true,"href":"https:\/\/orthodoxalbania.org\/2020\/wp-json\/wp\/v2\/users\/1"}],"replies":[{"embeddable":true,"href":"https:\/\/orthodoxalbania.org\/2020\/wp-json\/wp\/v2\/comments?post=736"}],"version-history":[{"count":1,"href":"https:\/\/orthodoxalbania.org\/2020\/wp-json\/wp\/v2\/posts\/736\/revisions"}],"predecessor-version":[{"id":15389,"href":"https:\/\/orthodoxalbania.org\/2020\/wp-json\/wp\/v2\/posts\/736\/revisions\/15389"}],"wp:attachment":[{"href":"https:\/\/orthodoxalbania.org\/2020\/wp-json\/wp\/v2\/media?parent=736"}],"wp:term":[{"taxonomy":"category","embeddable":true,"href":"https:\/\/orthodoxalbania.org\/2020\/wp-json\/wp\/v2\/categories?post=736"},{"taxonomy":"post_tag","embeddable":true,"href":"https:\/\/orthodoxalbania.org\/2020\/wp-json\/wp\/v2\/tags?post=736"}],"curies":[{"name":"wp","href":"https:\/\/api.w.org\/{rel}","templated":true}]}}