{"id":735,"date":"2013-03-22T10:41:36","date_gmt":"2013-03-22T10:41:36","guid":{"rendered":""},"modified":"2020-04-06T22:05:47","modified_gmt":"2020-04-06T20:05:47","slug":"kisha-orthodhokse-e-shqiperise-ne-panairin-e-qytetit-te-elbasanit","status":"publish","type":"post","link":"https:\/\/orthodoxalbania.org\/2020\/2013\/03\/22\/kisha-orthodhokse-e-shqiperise-ne-panairin-e-qytetit-te-elbasanit\/","title":{"rendered":"Kisha Orthodhokse e Shqip\u00ebris\u00eb n\u00eb panairin e qytetit t\u00eb Elbasanit. (12-14 Mars 2013)"},"content":{"rendered":"<p style=\"text-align: justify;\"><span style=\"font-size: 12px;\"><span style=\"font-family: tahoma,geneva,sans-serif;\"><img class=\"lazyload\" decoding=\"async\" style=\"border-width: 1px; border-style: solid; margin: 10px; float: left;\" alt=\"\" src=\"data:image\/svg+xml,%3Csvg%20xmlns%3D%27http%3A%2F%2Fwww.w3.org%2F2000%2Fsvg%27%20width%3D%27245%27%20height%3D%27184%27%20viewBox%3D%270%200%20245%20184%27%3E%3Crect%20width%3D%27245%27%20height%3D%27184%27%20fill-opacity%3D%220%22%2F%3E%3C%2Fsvg%3E\" data-orig-src=\"https:\/\/lh6.googleusercontent.com\/-zqxnFridjUc\/UUcgmKhS8aI\/AAAAAAAACGA\/LBzMrkC97_U\/s640\/1 - e vogel .jpg?gl=GB\" height=\"184\" width=\"245\" \/>&nbsp;&nbsp;&nbsp; <span style=\"color: #000000;\">Kisha jon\u00eb Orthodhokse n\u00eb Elbasan, n\u00ebp\u00ebrmjet famullive t\u00eb Sh\u00ebn Nikoll\u00ebs dhe Sh\u00ebn Athanasit, mor\u00ebn pjes\u00eb n\u00eb panairin 3 ditor (12-14 mars 2013) t\u00eb organizuar nga Bashkia e Elbasanit. Ky panair kishte si q\u00ebllim shpalosjen dhe paraqitjen e veprimtarive t\u00eb organizmave sociale, edukues, kulturor\u00eb e tregtar\u00eb t\u00eb Elbasanit.<\/span><\/span><\/span><\/p>\n<p style=\"text-align: justify;\"><span style=\"font-size: 12px;\"><span style=\"font-family: tahoma,geneva,sans-serif;\"><span style=\"color: #000000;\">&nbsp;&nbsp;&nbsp; Me iniciativ\u00ebn dhe organizimin e At\u00eb Heliodor Demirit dhe katekistit Armand Oga Kisha jon\u00eb u prezantua me botimet e saj, punimet kishtare dhe me ekspozit\u00eb fotografike t\u00eb veprimtarive t\u00eb ndryshme sociale t\u00eb saj si: shkollat 9-vje\u00e7are, t\u00eb mesme e t\u00eb larta, kontributin publik, kujdesin sh\u00ebndet\u00ebsor, p\u00ebrkujdesjet ditore (kopshtet), sht\u00ebpin\u00eb e f\u00ebmij\u00ebve \u201cShpresa\u201d, edukimin e krishter\u00eb, kampet, nd\u00ebrtimet dhe restaurimet e kishave, duke shfaqur k\u00ebshtu nj\u00eb prezantim dinjitoz t\u00eb ringritjes s\u00eb Kish\u00ebs Orthodhokse.<\/span><\/span><\/span><\/p>\n<p style=\"text-align: justify;\"><span style=\"font-size: 12px;\"><span style=\"font-family: tahoma,geneva,sans-serif;\"><span style=\"color: #000000;\">&nbsp;&nbsp;&nbsp; Tenda e Kish\u00ebs Orthodhokse u vizitua nga shum\u00eb pjes\u00ebmarr\u00ebs t\u00eb panairit, t\u00eb cil\u00ebt mor\u00ebn shum\u00eb informacione rreth veprimtarive t\u00eb saj por edhe t\u00eb 2 famullive tona t\u00eb Elbasanit, ku nj\u00eb pjes\u00eb e vizitor\u00ebve nuk i kishin d\u00ebgjuar m\u00eb par\u00eb.&nbsp; Vizitor\u00ebt shpreh\u00ebn shum\u00eb mir\u00ebnjohje p\u00ebr k\u00ebt\u00eb iniciativ\u00eb prezantuese. Gjithashtu tenda u vizitua edhe nga Z\u00ebvend\u00ebs Kryeministri nj\u00ebher\u00ebsh dhe Ministri i Ekonomis\u00eb z. Edmond Haxhinasto, nga Kryebashkiaku dhe Prefekti i Elbasanit, por edhe nga deputet\u00eb t\u00eb ndrysh\u00ebm.<\/span><\/span><\/span><\/p>\n<p><span style=\"font-size: 12px;\"><span style=\"font-family: tahoma,geneva,sans-serif;\"><span style=\"color: #000000;\">&nbsp;&nbsp;&nbsp; N\u00eb zhvillimin e panairit ndihmuan edhe student\u00ebt elbasanas t\u00eb Akademis\u00eb Teologjike dhe t\u00eb rinj orthodhoks t\u00eb qytetit.<\/span><\/span><\/span><\/p>\n<p style=\"text-align: right;\"><span style=\"font-size: 12px;\"><span style=\"font-family: tahoma,geneva,sans-serif;\"><span style=\"color: #000000;\"><strong>Armand Oga<\/strong><\/span><\/span><\/span><\/p>\n<p><span style=\"font-size: 12px;\"><span style=\"font-family: tahoma,geneva,sans-serif;\"><img class=\"lazyload\" decoding=\"async\" style=\"width: 600px; height: 450px; border-width: 1px; border-style: solid; margin: 10px auto; display: block;\" alt=\"\" src=\"data:image\/gif;base64,R0lGODlhAQABAAAAACH5BAEKAAEALAAAAAABAAEAAAICTAEAOw==\" data-orig-src=\"https:\/\/lh3.googleusercontent.com\/-8aIYvSEha0c\/UUcgmSeOX1I\/AAAAAAAACGI\/5iZXDmAPEAQ\/s640\/1.jpg?gl=GB\" \/><\/span><\/span><\/p>\n<p><span style=\"font-size: 12px;\"><span style=\"font-family: tahoma,geneva,sans-serif;\"><img class=\"lazyload\" decoding=\"async\" style=\"width: 600px; height: 450px; border-width: 1px; border-style: solid; margin: 10px auto; display: block;\" alt=\"\" src=\"data:image\/gif;base64,R0lGODlhAQABAAAAACH5BAEKAAEALAAAAAABAAEAAAICTAEAOw==\" data-orig-src=\"https:\/\/lh4.googleusercontent.com\/-rkfE818arG4\/UUcgmGmwoPI\/AAAAAAAACF4\/o_tElPn60Ik\/s640\/2.jpg?gl=GB\" \/><\/span><\/span><\/p>\n<p><span style=\"font-size: 12px;\"><span style=\"font-family: tahoma,geneva,sans-serif;\"><img class=\"lazyload\" decoding=\"async\" style=\"width: 384px; height: 512px; border-width: 1px; border-style: solid; margin: 10px auto; display: block;\" alt=\"\" src=\"data:image\/gif;base64,R0lGODlhAQABAAAAACH5BAEKAAEALAAAAAABAAEAAAICTAEAOw==\" data-orig-src=\"https:\/\/lh4.googleusercontent.com\/-U0FrCUtxUPU\/UUcgngSiOZI\/AAAAAAAACGM\/MNWJM7VNZss\/s512\/3.jpg?gl=GB\" \/><\/span><\/span><\/p>\n","protected":false},"excerpt":{"rendered":"<p>&nbsp;&nbsp;&nbsp; Kisha jon\u00eb Orthodhokse n\u00eb Elbasan, n\u00ebp\u00ebrmjet famullive t\u00eb Sh\u00ebn Nikoll\u00ebs dhe Sh\u00ebn Athanasit, mor\u00ebn pjes\u00eb n\u00eb panairin 3 ditor (12-14 mars 2013) t\u00eb organizuar nga Bashkia e Elbasanit. Ky panair kishte si q\u00ebllim shpalosjen dhe paraqitjen e veprimtarive t\u00eb organizmave sociale, edukues, kulturor\u00eb e tregtar\u00eb t\u00eb Elbasanit. &nbsp;&nbsp;&nbsp; Me iniciativ\u00ebn dhe organizimin e At\u00eb Heliodor Demirit dhe katekistit Armand Oga Kisha jon\u00eb u prezantua<\/p>\n","protected":false},"author":1,"featured_media":0,"comment_status":"open","ping_status":"open","sticky":false,"template":"","format":"standard","meta":{"_acf_changed":false,"pagelayer_contact_templates":[],"_pagelayer_content":"","inline_featured_image":false,"fifu_image_url":"","fifu_image_alt":"","footnotes":""},"categories":[108],"tags":[141,154,196,212],"class_list":["post-735","post","type-post","status-publish","format-standard","hentry","category-lajme","tag-141","tag-aktivitete","tag-tirane","tag-lajme-d27"],"acf":[],"yoast_head":"<!-- This site is optimized with the Yoast SEO plugin v27.2 - https:\/\/yoast.com\/product\/yoast-seo-wordpress\/ -->\n<title>Kisha Orthodhokse e Shqip\u00ebris\u00eb n\u00eb panairin e qytetit t\u00eb Elbasanit. (12-14 Mars 2013) - Kisha Orthodh\u03bfkse Autoqefale e Shqip\u00ebris\u00eb<\/title>\n<meta name=\"robots\" content=\"index, follow, max-snippet:-1, max-image-preview:large, max-video-preview:-1\" \/>\n<link rel=\"canonical\" href=\"https:\/\/orthodoxalbania.org\/2020\/2013\/03\/22\/kisha-orthodhokse-e-shqiperise-ne-panairin-e-qytetit-te-elbasanit\/\" \/>\n<meta property=\"og:locale\" content=\"en_US\" \/>\n<meta property=\"og:type\" content=\"article\" \/>\n<meta property=\"og:title\" content=\"Kisha Orthodhokse e Shqip\u00ebris\u00eb n\u00eb panairin e qytetit t\u00eb Elbasanit. (12-14 Mars 2013) - Kisha Orthodh\u03bfkse Autoqefale e Shqip\u00ebris\u00eb\" \/>\n<meta property=\"og:description\" content=\"&nbsp;&nbsp;&nbsp; Kisha jon\u00eb Orthodhokse n\u00eb Elbasan, n\u00ebp\u00ebrmjet famullive t\u00eb Sh\u00ebn Nikoll\u00ebs dhe Sh\u00ebn Athanasit, mor\u00ebn pjes\u00eb n\u00eb panairin 3 ditor (12-14 mars 2013) t\u00eb organizuar nga Bashkia e Elbasanit. Ky panair kishte si q\u00ebllim shpalosjen dhe paraqitjen e veprimtarive t\u00eb organizmave sociale, edukues, kulturor\u00eb e tregtar\u00eb t\u00eb Elbasanit. &nbsp;&nbsp;&nbsp; Me iniciativ\u00ebn dhe organizimin e At\u00eb Heliodor Demirit dhe katekistit Armand Oga Kisha jon\u00eb u prezantua\" \/>\n<meta property=\"og:url\" content=\"https:\/\/orthodoxalbania.org\/2020\/2013\/03\/22\/kisha-orthodhokse-e-shqiperise-ne-panairin-e-qytetit-te-elbasanit\/\" \/>\n<meta property=\"og:site_name\" content=\"Kisha Orthodh\u03bfkse Autoqefale e Shqip\u00ebris\u00eb\" \/>\n<meta property=\"article:publisher\" content=\"https:\/\/www.facebook.com\/koash1991\" \/>\n<meta property=\"article:published_time\" content=\"2013-03-22T10:41:36+00:00\" \/>\n<meta property=\"article:modified_time\" content=\"2020-04-06T20:05:47+00:00\" \/>\n<meta property=\"og:image\" content=\"https:\/\/lh6.googleusercontent.com\/-zqxnFridjUc\/UUcgmKhS8aI\/AAAAAAAACGA\/LBzMrkC97_U\/s640\/1%20-%20e%20vogel%20.jpg?gl=GB\" \/>\n<meta name=\"author\" content=\"Kisha Orthodhokse\" \/>\n<meta name=\"twitter:card\" content=\"summary_large_image\" \/>\n<meta name=\"twitter:label1\" content=\"Written by\" \/>\n\t<meta name=\"twitter:data1\" content=\"Kisha Orthodhokse\" \/>\n\t<meta name=\"twitter:label2\" content=\"Est. reading time\" \/>\n\t<meta name=\"twitter:data2\" content=\"1 minute\" \/>\n<script type=\"application\/ld+json\" class=\"yoast-schema-graph\">{\"@context\":\"https:\/\/schema.org\",\"@graph\":[{\"@type\":\"Article\",\"@id\":\"https:\/\/orthodoxalbania.org\/2020\/2013\/03\/22\/kisha-orthodhokse-e-shqiperise-ne-panairin-e-qytetit-te-elbasanit\/#article\",\"isPartOf\":{\"@id\":\"https:\/\/orthodoxalbania.org\/2020\/2013\/03\/22\/kisha-orthodhokse-e-shqiperise-ne-panairin-e-qytetit-te-elbasanit\/\"},\"author\":{\"name\":\"Kisha Orthodhokse\",\"@id\":\"https:\/\/orthodoxalbania.org\/2020\/#\/schema\/person\/0c387634a7063ac612d7ed9ce71c7e86\"},\"headline\":\"Kisha Orthodhokse e Shqip\u00ebris\u00eb n\u00eb panairin e qytetit t\u00eb Elbasanit. (12-14 Mars 2013)\",\"datePublished\":\"2013-03-22T10:41:36+00:00\",\"dateModified\":\"2020-04-06T20:05:47+00:00\",\"mainEntityOfPage\":{\"@id\":\"https:\/\/orthodoxalbania.org\/2020\/2013\/03\/22\/kisha-orthodhokse-e-shqiperise-ne-panairin-e-qytetit-te-elbasanit\/\"},\"wordCount\":272,\"commentCount\":0,\"publisher\":{\"@id\":\"https:\/\/orthodoxalbania.org\/2020\/#organization\"},\"image\":{\"@id\":\"https:\/\/orthodoxalbania.org\/2020\/2013\/03\/22\/kisha-orthodhokse-e-shqiperise-ne-panairin-e-qytetit-te-elbasanit\/#primaryimage\"},\"thumbnailUrl\":\"https:\/\/lh3.googleusercontent.com\/-8aIYvSEha0c\/UUcgmSeOX1I\/AAAAAAAACGI\/5iZXDmAPEAQ\/s640\/1.jpg?gl=GB\",\"keywords\":[\"2013\",\"Aktivitete\",\"Kryepiskopata Tiran\u00eb\",\"lajme\"],\"articleSection\":[\"Lajme\"],\"inLanguage\":\"en-US\"},{\"@type\":\"WebPage\",\"@id\":\"https:\/\/orthodoxalbania.org\/2020\/2013\/03\/22\/kisha-orthodhokse-e-shqiperise-ne-panairin-e-qytetit-te-elbasanit\/\",\"url\":\"https:\/\/orthodoxalbania.org\/2020\/2013\/03\/22\/kisha-orthodhokse-e-shqiperise-ne-panairin-e-qytetit-te-elbasanit\/\",\"name\":\"Kisha Orthodhokse e Shqip\u00ebris\u00eb n\u00eb panairin e qytetit t\u00eb Elbasanit. (12-14 Mars 2013) - Kisha Orthodh\u03bfkse Autoqefale e Shqip\u00ebris\u00eb\",\"isPartOf\":{\"@id\":\"https:\/\/orthodoxalbania.org\/2020\/#website\"},\"primaryImageOfPage\":{\"@id\":\"https:\/\/orthodoxalbania.org\/2020\/2013\/03\/22\/kisha-orthodhokse-e-shqiperise-ne-panairin-e-qytetit-te-elbasanit\/#primaryimage\"},\"image\":{\"@id\":\"https:\/\/orthodoxalbania.org\/2020\/2013\/03\/22\/kisha-orthodhokse-e-shqiperise-ne-panairin-e-qytetit-te-elbasanit\/#primaryimage\"},\"thumbnailUrl\":\"https:\/\/lh3.googleusercontent.com\/-8aIYvSEha0c\/UUcgmSeOX1I\/AAAAAAAACGI\/5iZXDmAPEAQ\/s640\/1.jpg?gl=GB\",\"datePublished\":\"2013-03-22T10:41:36+00:00\",\"dateModified\":\"2020-04-06T20:05:47+00:00\",\"breadcrumb\":{\"@id\":\"https:\/\/orthodoxalbania.org\/2020\/2013\/03\/22\/kisha-orthodhokse-e-shqiperise-ne-panairin-e-qytetit-te-elbasanit\/#breadcrumb\"},\"inLanguage\":\"en-US\",\"potentialAction\":[{\"@type\":\"ReadAction\",\"target\":[\"https:\/\/orthodoxalbania.org\/2020\/2013\/03\/22\/kisha-orthodhokse-e-shqiperise-ne-panairin-e-qytetit-te-elbasanit\/\"]}]},{\"@type\":\"ImageObject\",\"inLanguage\":\"en-US\",\"@id\":\"https:\/\/orthodoxalbania.org\/2020\/2013\/03\/22\/kisha-orthodhokse-e-shqiperise-ne-panairin-e-qytetit-te-elbasanit\/#primaryimage\",\"url\":\"https:\/\/lh3.googleusercontent.com\/-8aIYvSEha0c\/UUcgmSeOX1I\/AAAAAAAACGI\/5iZXDmAPEAQ\/s640\/1.jpg?gl=GB\",\"contentUrl\":\"https:\/\/lh3.googleusercontent.com\/-8aIYvSEha0c\/UUcgmSeOX1I\/AAAAAAAACGI\/5iZXDmAPEAQ\/s640\/1.jpg?gl=GB\"},{\"@type\":\"BreadcrumbList\",\"@id\":\"https:\/\/orthodoxalbania.org\/2020\/2013\/03\/22\/kisha-orthodhokse-e-shqiperise-ne-panairin-e-qytetit-te-elbasanit\/#breadcrumb\",\"itemListElement\":[{\"@type\":\"ListItem\",\"position\":1,\"name\":\"Home\",\"item\":\"https:\/\/orthodoxalbania.org\/2020\/\"},{\"@type\":\"ListItem\",\"position\":2,\"name\":\"Kisha Orthodhokse e Shqip\u00ebris\u00eb n\u00eb panairin e qytetit t\u00eb Elbasanit. (12-14 Mars 2013)\"}]},{\"@type\":\"WebSite\",\"@id\":\"https:\/\/orthodoxalbania.org\/2020\/#website\",\"url\":\"https:\/\/orthodoxalbania.org\/2020\/\",\"name\":\"Kisha Orthodh\u03bfkse Autoqefale e Shqip\u00ebris\u00eb\",\"description\":\"Fqja Zyrtare e Kish\u00ebs Orthodhokse Autoqefale e Shqip\u00ebris\u00eb me lajmet edhe informacionet zyrtare p\u00ebr struktur\u00ebn edhe veprimtarin e saj.\",\"publisher\":{\"@id\":\"https:\/\/orthodoxalbania.org\/2020\/#organization\"},\"potentialAction\":[{\"@type\":\"SearchAction\",\"target\":{\"@type\":\"EntryPoint\",\"urlTemplate\":\"https:\/\/orthodoxalbania.org\/2020\/?s={search_term_string}\"},\"query-input\":{\"@type\":\"PropertyValueSpecification\",\"valueRequired\":true,\"valueName\":\"search_term_string\"}}],\"inLanguage\":\"en-US\"},{\"@type\":\"Organization\",\"@id\":\"https:\/\/orthodoxalbania.org\/2020\/#organization\",\"name\":\"Kisha Orthodhokse Autoqefale e Shqip\u00ebris\u00eb\",\"url\":\"https:\/\/orthodoxalbania.org\/2020\/\",\"logo\":{\"@type\":\"ImageObject\",\"inLanguage\":\"en-US\",\"@id\":\"https:\/\/orthodoxalbania.org\/2020\/#\/schema\/logo\/image\/\",\"url\":\"https:\/\/orthodoxalbania.org\/2020\/wp-content\/uploads\/2020\/05\/albania.jpeg\",\"contentUrl\":\"https:\/\/orthodoxalbania.org\/2020\/wp-content\/uploads\/2020\/05\/albania.jpeg\",\"width\":540,\"height\":540,\"caption\":\"Kisha Orthodhokse Autoqefale e Shqip\u00ebris\u00eb\"},\"image\":{\"@id\":\"https:\/\/orthodoxalbania.org\/2020\/#\/schema\/logo\/image\/\"},\"sameAs\":[\"https:\/\/www.facebook.com\/koash1991\"]},{\"@type\":\"Person\",\"@id\":\"https:\/\/orthodoxalbania.org\/2020\/#\/schema\/person\/0c387634a7063ac612d7ed9ce71c7e86\",\"name\":\"Kisha Orthodhokse\",\"image\":{\"@type\":\"ImageObject\",\"inLanguage\":\"en-US\",\"@id\":\"https:\/\/secure.gravatar.com\/avatar\/596e7c417251e30f2fbb9c00e026fce61a695a00e51c889caded71c96cbbdde5?s=96&d=mm&r=g\",\"url\":\"https:\/\/secure.gravatar.com\/avatar\/596e7c417251e30f2fbb9c00e026fce61a695a00e51c889caded71c96cbbdde5?s=96&d=mm&r=g\",\"contentUrl\":\"https:\/\/secure.gravatar.com\/avatar\/596e7c417251e30f2fbb9c00e026fce61a695a00e51c889caded71c96cbbdde5?s=96&d=mm&r=g\",\"caption\":\"Kisha Orthodhokse\"}}]}<\/script>\n<!-- \/ Yoast SEO plugin. -->","yoast_head_json":{"title":"Kisha Orthodhokse e Shqip\u00ebris\u00eb n\u00eb panairin e qytetit t\u00eb Elbasanit. (12-14 Mars 2013) - Kisha Orthodh\u03bfkse Autoqefale e Shqip\u00ebris\u00eb","robots":{"index":"index","follow":"follow","max-snippet":"max-snippet:-1","max-image-preview":"max-image-preview:large","max-video-preview":"max-video-preview:-1"},"canonical":"https:\/\/orthodoxalbania.org\/2020\/2013\/03\/22\/kisha-orthodhokse-e-shqiperise-ne-panairin-e-qytetit-te-elbasanit\/","og_locale":"en_US","og_type":"article","og_title":"Kisha Orthodhokse e Shqip\u00ebris\u00eb n\u00eb panairin e qytetit t\u00eb Elbasanit. (12-14 Mars 2013) - Kisha Orthodh\u03bfkse Autoqefale e Shqip\u00ebris\u00eb","og_description":"&nbsp;&nbsp;&nbsp; Kisha jon\u00eb Orthodhokse n\u00eb Elbasan, n\u00ebp\u00ebrmjet famullive t\u00eb Sh\u00ebn Nikoll\u00ebs dhe Sh\u00ebn Athanasit, mor\u00ebn pjes\u00eb n\u00eb panairin 3 ditor (12-14 mars 2013) t\u00eb organizuar nga Bashkia e Elbasanit. Ky panair kishte si q\u00ebllim shpalosjen dhe paraqitjen e veprimtarive t\u00eb organizmave sociale, edukues, kulturor\u00eb e tregtar\u00eb t\u00eb Elbasanit. &nbsp;&nbsp;&nbsp; Me iniciativ\u00ebn dhe organizimin e At\u00eb Heliodor Demirit dhe katekistit Armand Oga Kisha jon\u00eb u prezantua","og_url":"https:\/\/orthodoxalbania.org\/2020\/2013\/03\/22\/kisha-orthodhokse-e-shqiperise-ne-panairin-e-qytetit-te-elbasanit\/","og_site_name":"Kisha Orthodh\u03bfkse Autoqefale e Shqip\u00ebris\u00eb","article_publisher":"https:\/\/www.facebook.com\/koash1991","article_published_time":"2013-03-22T10:41:36+00:00","article_modified_time":"2020-04-06T20:05:47+00:00","og_image":[{"url":"https:\/\/lh6.googleusercontent.com\/-zqxnFridjUc\/UUcgmKhS8aI\/AAAAAAAACGA\/LBzMrkC97_U\/s640\/1 - e vogel .jpg?gl=GB","type":"","width":"","height":""}],"author":"Kisha Orthodhokse","twitter_card":"summary_large_image","twitter_misc":{"Written by":"Kisha Orthodhokse","Est. reading time":"1 minute"},"schema":{"@context":"https:\/\/schema.org","@graph":[{"@type":"Article","@id":"https:\/\/orthodoxalbania.org\/2020\/2013\/03\/22\/kisha-orthodhokse-e-shqiperise-ne-panairin-e-qytetit-te-elbasanit\/#article","isPartOf":{"@id":"https:\/\/orthodoxalbania.org\/2020\/2013\/03\/22\/kisha-orthodhokse-e-shqiperise-ne-panairin-e-qytetit-te-elbasanit\/"},"author":{"name":"Kisha Orthodhokse","@id":"https:\/\/orthodoxalbania.org\/2020\/#\/schema\/person\/0c387634a7063ac612d7ed9ce71c7e86"},"headline":"Kisha Orthodhokse e Shqip\u00ebris\u00eb n\u00eb panairin e qytetit t\u00eb Elbasanit. (12-14 Mars 2013)","datePublished":"2013-03-22T10:41:36+00:00","dateModified":"2020-04-06T20:05:47+00:00","mainEntityOfPage":{"@id":"https:\/\/orthodoxalbania.org\/2020\/2013\/03\/22\/kisha-orthodhokse-e-shqiperise-ne-panairin-e-qytetit-te-elbasanit\/"},"wordCount":272,"commentCount":0,"publisher":{"@id":"https:\/\/orthodoxalbania.org\/2020\/#organization"},"image":{"@id":"https:\/\/orthodoxalbania.org\/2020\/2013\/03\/22\/kisha-orthodhokse-e-shqiperise-ne-panairin-e-qytetit-te-elbasanit\/#primaryimage"},"thumbnailUrl":"https:\/\/lh3.googleusercontent.com\/-8aIYvSEha0c\/UUcgmSeOX1I\/AAAAAAAACGI\/5iZXDmAPEAQ\/s640\/1.jpg?gl=GB","keywords":["2013","Aktivitete","Kryepiskopata Tiran\u00eb","lajme"],"articleSection":["Lajme"],"inLanguage":"en-US"},{"@type":"WebPage","@id":"https:\/\/orthodoxalbania.org\/2020\/2013\/03\/22\/kisha-orthodhokse-e-shqiperise-ne-panairin-e-qytetit-te-elbasanit\/","url":"https:\/\/orthodoxalbania.org\/2020\/2013\/03\/22\/kisha-orthodhokse-e-shqiperise-ne-panairin-e-qytetit-te-elbasanit\/","name":"Kisha Orthodhokse e Shqip\u00ebris\u00eb n\u00eb panairin e qytetit t\u00eb Elbasanit. (12-14 Mars 2013) - Kisha Orthodh\u03bfkse Autoqefale e Shqip\u00ebris\u00eb","isPartOf":{"@id":"https:\/\/orthodoxalbania.org\/2020\/#website"},"primaryImageOfPage":{"@id":"https:\/\/orthodoxalbania.org\/2020\/2013\/03\/22\/kisha-orthodhokse-e-shqiperise-ne-panairin-e-qytetit-te-elbasanit\/#primaryimage"},"image":{"@id":"https:\/\/orthodoxalbania.org\/2020\/2013\/03\/22\/kisha-orthodhokse-e-shqiperise-ne-panairin-e-qytetit-te-elbasanit\/#primaryimage"},"thumbnailUrl":"https:\/\/lh3.googleusercontent.com\/-8aIYvSEha0c\/UUcgmSeOX1I\/AAAAAAAACGI\/5iZXDmAPEAQ\/s640\/1.jpg?gl=GB","datePublished":"2013-03-22T10:41:36+00:00","dateModified":"2020-04-06T20:05:47+00:00","breadcrumb":{"@id":"https:\/\/orthodoxalbania.org\/2020\/2013\/03\/22\/kisha-orthodhokse-e-shqiperise-ne-panairin-e-qytetit-te-elbasanit\/#breadcrumb"},"inLanguage":"en-US","potentialAction":[{"@type":"ReadAction","target":["https:\/\/orthodoxalbania.org\/2020\/2013\/03\/22\/kisha-orthodhokse-e-shqiperise-ne-panairin-e-qytetit-te-elbasanit\/"]}]},{"@type":"ImageObject","inLanguage":"en-US","@id":"https:\/\/orthodoxalbania.org\/2020\/2013\/03\/22\/kisha-orthodhokse-e-shqiperise-ne-panairin-e-qytetit-te-elbasanit\/#primaryimage","url":"https:\/\/lh3.googleusercontent.com\/-8aIYvSEha0c\/UUcgmSeOX1I\/AAAAAAAACGI\/5iZXDmAPEAQ\/s640\/1.jpg?gl=GB","contentUrl":"https:\/\/lh3.googleusercontent.com\/-8aIYvSEha0c\/UUcgmSeOX1I\/AAAAAAAACGI\/5iZXDmAPEAQ\/s640\/1.jpg?gl=GB"},{"@type":"BreadcrumbList","@id":"https:\/\/orthodoxalbania.org\/2020\/2013\/03\/22\/kisha-orthodhokse-e-shqiperise-ne-panairin-e-qytetit-te-elbasanit\/#breadcrumb","itemListElement":[{"@type":"ListItem","position":1,"name":"Home","item":"https:\/\/orthodoxalbania.org\/2020\/"},{"@type":"ListItem","position":2,"name":"Kisha Orthodhokse e Shqip\u00ebris\u00eb n\u00eb panairin e qytetit t\u00eb Elbasanit. (12-14 Mars 2013)"}]},{"@type":"WebSite","@id":"https:\/\/orthodoxalbania.org\/2020\/#website","url":"https:\/\/orthodoxalbania.org\/2020\/","name":"Kisha Orthodh\u03bfkse Autoqefale e Shqip\u00ebris\u00eb","description":"Fqja Zyrtare e Kish\u00ebs Orthodhokse Autoqefale e Shqip\u00ebris\u00eb me lajmet edhe informacionet zyrtare p\u00ebr struktur\u00ebn edhe veprimtarin e saj.","publisher":{"@id":"https:\/\/orthodoxalbania.org\/2020\/#organization"},"potentialAction":[{"@type":"SearchAction","target":{"@type":"EntryPoint","urlTemplate":"https:\/\/orthodoxalbania.org\/2020\/?s={search_term_string}"},"query-input":{"@type":"PropertyValueSpecification","valueRequired":true,"valueName":"search_term_string"}}],"inLanguage":"en-US"},{"@type":"Organization","@id":"https:\/\/orthodoxalbania.org\/2020\/#organization","name":"Kisha Orthodhokse Autoqefale e Shqip\u00ebris\u00eb","url":"https:\/\/orthodoxalbania.org\/2020\/","logo":{"@type":"ImageObject","inLanguage":"en-US","@id":"https:\/\/orthodoxalbania.org\/2020\/#\/schema\/logo\/image\/","url":"https:\/\/orthodoxalbania.org\/2020\/wp-content\/uploads\/2020\/05\/albania.jpeg","contentUrl":"https:\/\/orthodoxalbania.org\/2020\/wp-content\/uploads\/2020\/05\/albania.jpeg","width":540,"height":540,"caption":"Kisha Orthodhokse Autoqefale e Shqip\u00ebris\u00eb"},"image":{"@id":"https:\/\/orthodoxalbania.org\/2020\/#\/schema\/logo\/image\/"},"sameAs":["https:\/\/www.facebook.com\/koash1991"]},{"@type":"Person","@id":"https:\/\/orthodoxalbania.org\/2020\/#\/schema\/person\/0c387634a7063ac612d7ed9ce71c7e86","name":"Kisha Orthodhokse","image":{"@type":"ImageObject","inLanguage":"en-US","@id":"https:\/\/secure.gravatar.com\/avatar\/596e7c417251e30f2fbb9c00e026fce61a695a00e51c889caded71c96cbbdde5?s=96&d=mm&r=g","url":"https:\/\/secure.gravatar.com\/avatar\/596e7c417251e30f2fbb9c00e026fce61a695a00e51c889caded71c96cbbdde5?s=96&d=mm&r=g","contentUrl":"https:\/\/secure.gravatar.com\/avatar\/596e7c417251e30f2fbb9c00e026fce61a695a00e51c889caded71c96cbbdde5?s=96&d=mm&r=g","caption":"Kisha Orthodhokse"}}]}},"_links":{"self":[{"href":"https:\/\/orthodoxalbania.org\/2020\/wp-json\/wp\/v2\/posts\/735","targetHints":{"allow":["GET"]}}],"collection":[{"href":"https:\/\/orthodoxalbania.org\/2020\/wp-json\/wp\/v2\/posts"}],"about":[{"href":"https:\/\/orthodoxalbania.org\/2020\/wp-json\/wp\/v2\/types\/post"}],"author":[{"embeddable":true,"href":"https:\/\/orthodoxalbania.org\/2020\/wp-json\/wp\/v2\/users\/1"}],"replies":[{"embeddable":true,"href":"https:\/\/orthodoxalbania.org\/2020\/wp-json\/wp\/v2\/comments?post=735"}],"version-history":[{"count":1,"href":"https:\/\/orthodoxalbania.org\/2020\/wp-json\/wp\/v2\/posts\/735\/revisions"}],"predecessor-version":[{"id":15240,"href":"https:\/\/orthodoxalbania.org\/2020\/wp-json\/wp\/v2\/posts\/735\/revisions\/15240"}],"wp:attachment":[{"href":"https:\/\/orthodoxalbania.org\/2020\/wp-json\/wp\/v2\/media?parent=735"}],"wp:term":[{"taxonomy":"category","embeddable":true,"href":"https:\/\/orthodoxalbania.org\/2020\/wp-json\/wp\/v2\/categories?post=735"},{"taxonomy":"post_tag","embeddable":true,"href":"https:\/\/orthodoxalbania.org\/2020\/wp-json\/wp\/v2\/tags?post=735"}],"curies":[{"name":"wp","href":"https:\/\/api.w.org\/{rel}","templated":true}]}}