{"id":733,"date":"2014-03-16T18:04:34","date_gmt":"2014-03-16T18:04:34","guid":{"rendered":""},"modified":"2020-04-06T22:05:19","modified_gmt":"2020-04-06T20:05:19","slug":"kisha-orthodhokse-e-shqiperise-merr-pjese-ne-panairin-e-dites-se-veres-elbasan-12-14-mars-2014","status":"publish","type":"post","link":"https:\/\/orthodoxalbania.org\/2020\/2014\/03\/16\/kisha-orthodhokse-e-shqiperise-merr-pjese-ne-panairin-e-dites-se-veres-elbasan-12-14-mars-2014\/","title":{"rendered":"Kisha Orthodhokse e Shqip\u00ebris\u00eb merr pjes\u00eb n\u00eb Panairin e Dit\u00ebs s\u00eb Ver\u00ebs &#8211; Elbasan, 12-14 mars 2014."},"content":{"rendered":"<p style=\"text-align: justify;\"><span style=\"color: #000000; font-size: 12pt; font-family: helvetica;\"><\/span><\/p>\n<p> <\/p>\n<p style=\"text-align: justify;\"><span style=\"color: #000000; font-size: 12pt; font-family: helvetica;\">&nbsp;&nbsp;&nbsp; Kisha jon\u00eb Orthodhokse n\u00eb Elbasan mori pjes\u00eb n\u00eb panairin triditor (12-14 mars 2014) t\u00eb organizuar nga Bashkia e qytetit. Ky panair kishte si q\u00ebllim shpalosjen dhe paraqitjen e veprimtarive t\u00eb organizmave sociale, edukues, kulturor\u00eb e tregtar\u00eb t\u00eb krahin\u00ebs. N\u00eb qytetin e Elbasanit prej shum\u00eb vitesh tashm\u00eb festohet n\u00eb 14 mars Dita e Ver\u00ebs, cila karakterizon largimin e dimri dhe ardhjen e pranver\u00ebs. P\u00ebr k\u00ebt\u00eb festim tradicional organizohen veprimtari t\u00eb ndryshme festive mes s\u00eb cilave edhe ky panairi i madh. &nbsp;<\/span><\/p>\n<p style=\"text-align: justify;\"><span style=\"color: #000000; font-size: 12pt; font-family: helvetica;\">&nbsp;&nbsp;&nbsp; P\u00ebr t\u00eb dytin vit radhazi, me bekimin e Kryepiskopit Anastas edhe n\u00ebn kujdesin e Episkop Andonit, Kisha Orthodhokse Autoqefale e Shqip\u00ebris\u00eb u prezantua me botimet e saj, punime kishtare dhe me ekspozit\u00eb fotografike t\u00ebveprimtarive t\u00eb ndryshme social-shpirt\u00ebrore si: shkollat 9-vje\u00e7are, t\u00eb mesme e t\u00eb larta, kontributin publik, kujdesin sh\u00ebndet\u00ebsor, p\u00ebrkujdesjet ditore (kopshtet), sht\u00ebpin\u00eb e f\u00ebmij\u00ebve \u201cShpresa\u201d, edukimin e krishter\u00eb, kampet, nd\u00ebrtimet dhe restaurimet e kishave, duke shfaqur k\u00ebshtu nj\u00eb prezantim dinjitoz t\u00eb ringritjes s\u00eb Kish\u00ebs Orthodhokse.<\/span><\/p>\n<p style=\"text-align: justify;\"><span style=\"color: #000000; font-size: 12pt; font-family: helvetica;\">&nbsp;&nbsp;&nbsp; Tenda e Kish\u00ebs Orthodhokse u vizitua nga shum\u00eb pjes\u00ebmarr\u00ebs t\u00eb Panairit, t\u00eb cil\u00ebt mor\u00ebn shum\u00eb informacione rreth veprimtarive t\u00eb saj por edhe t\u00eb 2 famullive tona t\u00eb Elbasanit, ku edhe shpreh\u00ebn mir\u00ebnjohjen e tyre p\u00ebr pjesmarrjen dhe prezantimin ton\u00eb. Gjithashtu tenda u vizitua edhe nga personalitete t\u00eb larta si: Kryeministri i Shqip\u00ebris\u00eb z. Edi Rama, Kryetari i Parlamentit z. Ilir Meta, Ministri i Transportit dhe i Infrastruktur\u00ebs z. Edmond Haxhinasto, Kryetari i Partis\u00eb Demokratike nj<span style=\"color: #000000;\">\u00ebkoh<span style=\"color: #000000;\">\u00ebsisht dhe <\/span><\/span>Kryetar i Bashkis\u00eb s<span style=\"color: #000000;\">\u00eb <\/span>Tiran\u00ebs z. Lulzim Basha, Kryebashkiaku dhe Prefekti i Elbasanit, deputet\u00eb etj. Ky prezantim i Kish\u00ebs son\u00eb n\u00eb k\u00ebt\u00eb panair u organizua nga katekisti Armand Oga dhe At\u00eb Heliodor Demiri. N\u00eb t\u00eb ndihmuan edhe t\u00eb rinjt\u00eb e Rinis\u00eb Orthodhokse t\u00eb fshatit Fikas si edhe t\u00eb rinjt\u00eb e Rinis\u00eb s\u00eb Kish\u00ebs s\u00eb Sh\u00ebn Athanasit, Elbasan.<\/span><\/p>\n<p>&nbsp;<\/p>\n<p style=\"text-align: right;\"><span style=\"color: #000000; font-size: 12pt; font-family: helvetica;\"><strong>Armand Oga<\/strong><\/span><\/p>\n<p>&nbsp;<\/p>\n<p><span style=\"color: #000000;\"><span style=\"font-size: 12px;\"><strong><img decoding=\"async\" class=\"lazyload HAa Eha\" style=\"width: 700px; border-width: 1px; border-style: solid; margin: 15px; height: 525px;\" alt=\"\" src=\"data:image\/gif;base64,R0lGODlhAQABAAAAACH5BAEKAAEALAAAAAABAAEAAAICTAEAOw==\" data-orig-src=\"https:\/\/lh6.googleusercontent.com\/-sZnVWKghdV4\/UyXkKMh1FkI\/AAAAAAAAHp4\/SONq44DBH1I\/w640-h480-no\/01+-+Edi+Rama.jpg\" \/><\/strong><\/span><\/span><\/p>\n<p><span style=\"color: #000000;\"><span style=\"font-size: 12px;\"><strong><img decoding=\"async\" class=\"lazyload HAa Eha\" style=\"height: 525px; width: 700px; border-width: 1px; border-style: solid; margin: 15px;\" alt=\"\" src=\"data:image\/gif;base64,R0lGODlhAQABAAAAACH5BAEKAAEALAAAAAABAAEAAAICTAEAOw==\" data-orig-src=\"https:\/\/lh4.googleusercontent.com\/-pFINMUq8Gtk\/UyXkLTFt-_I\/AAAAAAAAHqI\/etqKgi-bchk\/w675-h506-no\/02+-+Ilir+Meta.jpg\" \/><\/strong><\/span><\/span><\/p>\n<p><span style=\"color: #000000;\"><span style=\"font-size: 12px;\"><strong><img decoding=\"async\" class=\"lazyload HAa Eha\" style=\"width: 700px; margin: 15px; border-width: 1px; border-style: solid; height: 525px;\" alt=\"\" src=\"data:image\/gif;base64,R0lGODlhAQABAAAAACH5BAEKAAEALAAAAAABAAEAAAICTAEAOw==\" data-orig-src=\"https:\/\/lh5.googleusercontent.com\/-LnKZ5M_zess\/UyXkKvBoFfI\/AAAAAAAAHp8\/g8DQaybXDwQ\/w640-h480-no\/03+-+Lulzim+Basha.jpg\" \/><\/strong><\/span><\/span><\/p>\n<p><span style=\"color: #000000;\"><span style=\"font-size: 12px;\"><strong><img decoding=\"async\" class=\"lazyload HAa Eha\" style=\"height: 525px; width: 700px; border-width: 1px; border-style: solid; margin: 15px;\" alt=\"\" src=\"data:image\/gif;base64,R0lGODlhAQABAAAAACH5BAEKAAEALAAAAAABAAEAAAICTAEAOw==\" data-orig-src=\"https:\/\/lh3.googleusercontent.com\/-oTl9msKR-mc\/UyXkL1aJHnI\/AAAAAAAAHqM\/H22c0yI6bG0\/w640-h480-no\/04.jpg\" \/><\/strong><\/span><\/span><\/p>\n<p><span style=\"color: #000000;\"><span style=\"font-size: 12px;\"><strong><img decoding=\"async\" class=\"lazyload HAa Eha\" style=\"height: 525px; width: 700px; border-width: 1px; border-style: solid; margin: 15px;\" alt=\"\" src=\"data:image\/gif;base64,R0lGODlhAQABAAAAACH5BAEKAAEALAAAAAABAAEAAAICTAEAOw==\" data-orig-src=\"https:\/\/lh6.googleusercontent.com\/-TymS3SPknbY\/UyXkM6YgGRI\/AAAAAAAAHqU\/lbDISQ5LfCI\/w640-h480-no\/05.jpg\" \/><\/strong><\/span><\/span><\/p>\n<p><span style=\"color: #000000;\"><span style=\"font-size: 12px;\"><strong><img decoding=\"async\" class=\"lazyload HAa Eha\" style=\"height: 525px; width: 700px; border-width: 1px; border-style: solid; margin: 15px;\" alt=\"\" src=\"data:image\/gif;base64,R0lGODlhAQABAAAAACH5BAEKAAEALAAAAAABAAEAAAICTAEAOw==\" data-orig-src=\"https:\/\/lh5.googleusercontent.com\/-tdWkuZAGKEU\/UyXkN0YaDLI\/AAAAAAAAHqg\/rTEjEPj8EUY\/w675-h506-no\/06.jpg\" \/><\/strong><\/span><\/span><\/p>\n<p><span style=\"color: #000000;\"><span style=\"font-size: 12px;\"><strong><img decoding=\"async\" class=\"lazyload HAa Eha\" style=\"height: 525px; width: 700px; border-width: 1px; border-style: solid; margin: 15px;\" alt=\"\" src=\"data:image\/gif;base64,R0lGODlhAQABAAAAACH5BAEKAAEALAAAAAABAAEAAAICTAEAOw==\" data-orig-src=\"https:\/\/lh5.googleusercontent.com\/-015PTCsVt3o\/UyXkOXOoNII\/AAAAAAAAHqk\/Y2nWgMC93Gk\/w675-h506-no\/07.jpg\" \/><\/strong><\/span><\/span><\/p>\n<p><span style=\"color: #000000;\"><span style=\"font-size: 12px;\"><strong><img decoding=\"async\" class=\"lazyload HAa Eha\" style=\"height: 525px; width: 700px; border-width: 1px; border-style: solid; margin: 15px;\" alt=\"\" src=\"data:image\/gif;base64,R0lGODlhAQABAAAAACH5BAEKAAEALAAAAAABAAEAAAICTAEAOw==\" data-orig-src=\"https:\/\/lh4.googleusercontent.com\/-Cruy3WZ8zGs\/UyXkPZ4w5VI\/AAAAAAAAHqs\/lPj6n7sSpXk\/w640-h480-no\/08.jpg\" \/><\/strong><\/span><\/span><\/p>\n<p><span style=\"color: #000000;\"><span style=\"font-size: 12px;\"><strong><img decoding=\"async\" class=\"lazyload HAa Eha\" style=\"height: 525px; width: 700px; border-width: 1px; border-style: solid; margin: 15px;\" alt=\"\" src=\"data:image\/gif;base64,R0lGODlhAQABAAAAACH5BAEKAAEALAAAAAABAAEAAAICTAEAOw==\" data-orig-src=\"https:\/\/lh4.googleusercontent.com\/-iv1w8st1kW8\/UyXkQp1ja2I\/AAAAAAAAHq8\/gSvxYSU6ctA\/w640-h480-no\/09.jpg\" \/><\/strong><\/span><\/span><\/p>\n<p><span style=\"color: #000000;\"><span style=\"font-size: 12px;\"><strong><img decoding=\"async\" class=\"lazyload HAa Eha\" style=\"height: 525px; width: 700px; border-width: 1px; border-style: solid; margin: 15px;\" alt=\"\" src=\"data:image\/gif;base64,R0lGODlhAQABAAAAACH5BAEKAAEALAAAAAABAAEAAAICTAEAOw==\" data-orig-src=\"https:\/\/lh5.googleusercontent.com\/-3B74WM-WJ2A\/UyXkRUf0lcI\/AAAAAAAAHq4\/if_7ZAFhwc8\/w675-h506-no\/10.jpg\" \/><\/strong><\/span><\/span><\/p>\n","protected":false},"excerpt":{"rendered":"<p>&nbsp;&nbsp;&nbsp; Kisha jon\u00eb Orthodhokse n\u00eb Elbasan mori pjes\u00eb n\u00eb panairin triditor (12-14 mars 2014) t\u00eb organizuar nga Bashkia e qytetit. Ky panair kishte si q\u00ebllim shpalosjen dhe paraqitjen e veprimtarive t\u00eb organizmave sociale, edukues, kulturor\u00eb e tregtar\u00eb t\u00eb krahin\u00ebs. N\u00eb qytetin e Elbasanit prej shum\u00eb vitesh tashm\u00eb festohet n\u00eb 14 mars Dita e Ver\u00ebs, cila karakterizon largimin e dimri dhe ardhjen e pranver\u00ebs. P\u00ebr k\u00ebt\u00eb<\/p>\n","protected":false},"author":5,"featured_media":734,"comment_status":"open","ping_status":"open","sticky":false,"template":"","format":"standard","meta":{"_acf_changed":false,"pagelayer_contact_templates":[],"_pagelayer_content":"","inline_featured_image":false,"fifu_image_url":"","fifu_image_alt":"","footnotes":""},"categories":[108],"tags":[140,154,196,212],"class_list":["post-733","post","type-post","status-publish","format-standard","has-post-thumbnail","hentry","category-lajme","tag-140","tag-aktivitete","tag-tirane","tag-lajme-d27"],"acf":[],"yoast_head":"<!-- This site is optimized with the Yoast SEO plugin v27.2 - https:\/\/yoast.com\/product\/yoast-seo-wordpress\/ -->\n<title>Kisha Orthodhokse e Shqip\u00ebris\u00eb merr pjes\u00eb n\u00eb Panairin e Dit\u00ebs s\u00eb Ver\u00ebs - Elbasan, 12-14 mars 2014. - Kisha Orthodh\u03bfkse Autoqefale e Shqip\u00ebris\u00eb<\/title>\n<meta name=\"robots\" content=\"index, follow, max-snippet:-1, max-image-preview:large, max-video-preview:-1\" \/>\n<link rel=\"canonical\" href=\"https:\/\/orthodoxalbania.org\/2020\/2014\/03\/16\/kisha-orthodhokse-e-shqiperise-merr-pjese-ne-panairin-e-dites-se-veres-elbasan-12-14-mars-2014\/\" \/>\n<meta property=\"og:locale\" content=\"en_US\" \/>\n<meta property=\"og:type\" content=\"article\" \/>\n<meta property=\"og:title\" content=\"Kisha Orthodhokse e Shqip\u00ebris\u00eb merr pjes\u00eb n\u00eb Panairin e Dit\u00ebs s\u00eb Ver\u00ebs - Elbasan, 12-14 mars 2014. - Kisha Orthodh\u03bfkse Autoqefale e Shqip\u00ebris\u00eb\" \/>\n<meta property=\"og:description\" content=\"&nbsp;&nbsp;&nbsp; Kisha jon\u00eb Orthodhokse n\u00eb Elbasan mori pjes\u00eb n\u00eb panairin triditor (12-14 mars 2014) t\u00eb organizuar nga Bashkia e qytetit. Ky panair kishte si q\u00ebllim shpalosjen dhe paraqitjen e veprimtarive t\u00eb organizmave sociale, edukues, kulturor\u00eb e tregtar\u00eb t\u00eb krahin\u00ebs. N\u00eb qytetin e Elbasanit prej shum\u00eb vitesh tashm\u00eb festohet n\u00eb 14 mars Dita e Ver\u00ebs, cila karakterizon largimin e dimri dhe ardhjen e pranver\u00ebs. P\u00ebr k\u00ebt\u00eb\" \/>\n<meta property=\"og:url\" content=\"https:\/\/orthodoxalbania.org\/2020\/2014\/03\/16\/kisha-orthodhokse-e-shqiperise-merr-pjese-ne-panairin-e-dites-se-veres-elbasan-12-14-mars-2014\/\" \/>\n<meta property=\"og:site_name\" content=\"Kisha Orthodh\u03bfkse Autoqefale e Shqip\u00ebris\u00eb\" \/>\n<meta property=\"article:publisher\" content=\"https:\/\/www.facebook.com\/koash1991\" \/>\n<meta property=\"article:published_time\" content=\"2014-03-16T18:04:34+00:00\" \/>\n<meta property=\"article:modified_time\" content=\"2020-04-06T20:05:19+00:00\" \/>\n<meta property=\"og:image\" content=\"https:\/\/orthodoxalbania.org\/2020\/wp-content\/uploads\/2020\/04\/01---Edi-Rama.jpg\" \/>\n\t<meta property=\"og:image:width\" content=\"640\" \/>\n\t<meta property=\"og:image:height\" content=\"480\" \/>\n\t<meta property=\"og:image:type\" content=\"image\/jpeg\" \/>\n<meta name=\"author\" content=\"Administrator3\" \/>\n<meta name=\"twitter:card\" content=\"summary_large_image\" \/>\n<meta name=\"twitter:label1\" content=\"Written by\" \/>\n\t<meta name=\"twitter:data1\" content=\"Administrator3\" \/>\n\t<meta name=\"twitter:label2\" content=\"Est. reading time\" \/>\n\t<meta name=\"twitter:data2\" content=\"2 minutes\" \/>\n<script type=\"application\/ld+json\" class=\"yoast-schema-graph\">{\"@context\":\"https:\/\/schema.org\",\"@graph\":[{\"@type\":\"Article\",\"@id\":\"https:\/\/orthodoxalbania.org\/2020\/2014\/03\/16\/kisha-orthodhokse-e-shqiperise-merr-pjese-ne-panairin-e-dites-se-veres-elbasan-12-14-mars-2014\/#article\",\"isPartOf\":{\"@id\":\"https:\/\/orthodoxalbania.org\/2020\/2014\/03\/16\/kisha-orthodhokse-e-shqiperise-merr-pjese-ne-panairin-e-dites-se-veres-elbasan-12-14-mars-2014\/\"},\"author\":{\"name\":\"Administrator3\",\"@id\":\"https:\/\/orthodoxalbania.org\/2020\/#\/schema\/person\/8f81792a8d818674e96c380e1085eb43\"},\"headline\":\"Kisha Orthodhokse e Shqip\u00ebris\u00eb merr pjes\u00eb n\u00eb Panairin e Dit\u00ebs s\u00eb Ver\u00ebs &#8211; Elbasan, 12-14 mars 2014.\",\"datePublished\":\"2014-03-16T18:04:34+00:00\",\"dateModified\":\"2020-04-06T20:05:19+00:00\",\"mainEntityOfPage\":{\"@id\":\"https:\/\/orthodoxalbania.org\/2020\/2014\/03\/16\/kisha-orthodhokse-e-shqiperise-merr-pjese-ne-panairin-e-dites-se-veres-elbasan-12-14-mars-2014\/\"},\"wordCount\":356,\"commentCount\":0,\"publisher\":{\"@id\":\"https:\/\/orthodoxalbania.org\/2020\/#organization\"},\"image\":{\"@id\":\"https:\/\/orthodoxalbania.org\/2020\/2014\/03\/16\/kisha-orthodhokse-e-shqiperise-merr-pjese-ne-panairin-e-dites-se-veres-elbasan-12-14-mars-2014\/#primaryimage\"},\"thumbnailUrl\":\"https:\/\/orthodoxalbania.org\/2020\/wp-content\/uploads\/2020\/04\/01---Edi-Rama.jpg\",\"keywords\":[\"2014\",\"Aktivitete\",\"Kryepiskopata Tiran\u00eb\",\"lajme\"],\"articleSection\":[\"Lajme\"],\"inLanguage\":\"en-US\"},{\"@type\":\"WebPage\",\"@id\":\"https:\/\/orthodoxalbania.org\/2020\/2014\/03\/16\/kisha-orthodhokse-e-shqiperise-merr-pjese-ne-panairin-e-dites-se-veres-elbasan-12-14-mars-2014\/\",\"url\":\"https:\/\/orthodoxalbania.org\/2020\/2014\/03\/16\/kisha-orthodhokse-e-shqiperise-merr-pjese-ne-panairin-e-dites-se-veres-elbasan-12-14-mars-2014\/\",\"name\":\"Kisha Orthodhokse e Shqip\u00ebris\u00eb merr pjes\u00eb n\u00eb Panairin e Dit\u00ebs s\u00eb Ver\u00ebs - Elbasan, 12-14 mars 2014. - Kisha Orthodh\u03bfkse Autoqefale e Shqip\u00ebris\u00eb\",\"isPartOf\":{\"@id\":\"https:\/\/orthodoxalbania.org\/2020\/#website\"},\"primaryImageOfPage\":{\"@id\":\"https:\/\/orthodoxalbania.org\/2020\/2014\/03\/16\/kisha-orthodhokse-e-shqiperise-merr-pjese-ne-panairin-e-dites-se-veres-elbasan-12-14-mars-2014\/#primaryimage\"},\"image\":{\"@id\":\"https:\/\/orthodoxalbania.org\/2020\/2014\/03\/16\/kisha-orthodhokse-e-shqiperise-merr-pjese-ne-panairin-e-dites-se-veres-elbasan-12-14-mars-2014\/#primaryimage\"},\"thumbnailUrl\":\"https:\/\/orthodoxalbania.org\/2020\/wp-content\/uploads\/2020\/04\/01---Edi-Rama.jpg\",\"datePublished\":\"2014-03-16T18:04:34+00:00\",\"dateModified\":\"2020-04-06T20:05:19+00:00\",\"breadcrumb\":{\"@id\":\"https:\/\/orthodoxalbania.org\/2020\/2014\/03\/16\/kisha-orthodhokse-e-shqiperise-merr-pjese-ne-panairin-e-dites-se-veres-elbasan-12-14-mars-2014\/#breadcrumb\"},\"inLanguage\":\"en-US\",\"potentialAction\":[{\"@type\":\"ReadAction\",\"target\":[\"https:\/\/orthodoxalbania.org\/2020\/2014\/03\/16\/kisha-orthodhokse-e-shqiperise-merr-pjese-ne-panairin-e-dites-se-veres-elbasan-12-14-mars-2014\/\"]}]},{\"@type\":\"ImageObject\",\"inLanguage\":\"en-US\",\"@id\":\"https:\/\/orthodoxalbania.org\/2020\/2014\/03\/16\/kisha-orthodhokse-e-shqiperise-merr-pjese-ne-panairin-e-dites-se-veres-elbasan-12-14-mars-2014\/#primaryimage\",\"url\":\"https:\/\/orthodoxalbania.org\/2020\/wp-content\/uploads\/2020\/04\/01---Edi-Rama.jpg\",\"contentUrl\":\"https:\/\/orthodoxalbania.org\/2020\/wp-content\/uploads\/2020\/04\/01---Edi-Rama.jpg\",\"width\":640,\"height\":480},{\"@type\":\"BreadcrumbList\",\"@id\":\"https:\/\/orthodoxalbania.org\/2020\/2014\/03\/16\/kisha-orthodhokse-e-shqiperise-merr-pjese-ne-panairin-e-dites-se-veres-elbasan-12-14-mars-2014\/#breadcrumb\",\"itemListElement\":[{\"@type\":\"ListItem\",\"position\":1,\"name\":\"Home\",\"item\":\"https:\/\/orthodoxalbania.org\/2020\/\"},{\"@type\":\"ListItem\",\"position\":2,\"name\":\"Kisha Orthodhokse e Shqip\u00ebris\u00eb merr pjes\u00eb n\u00eb Panairin e Dit\u00ebs s\u00eb Ver\u00ebs &#8211; Elbasan, 12-14 mars 2014.\"}]},{\"@type\":\"WebSite\",\"@id\":\"https:\/\/orthodoxalbania.org\/2020\/#website\",\"url\":\"https:\/\/orthodoxalbania.org\/2020\/\",\"name\":\"Kisha Orthodh\u03bfkse Autoqefale e Shqip\u00ebris\u00eb\",\"description\":\"Fqja Zyrtare e Kish\u00ebs Orthodhokse Autoqefale e Shqip\u00ebris\u00eb me lajmet edhe informacionet zyrtare p\u00ebr struktur\u00ebn edhe veprimtarin e saj.\",\"publisher\":{\"@id\":\"https:\/\/orthodoxalbania.org\/2020\/#organization\"},\"potentialAction\":[{\"@type\":\"SearchAction\",\"target\":{\"@type\":\"EntryPoint\",\"urlTemplate\":\"https:\/\/orthodoxalbania.org\/2020\/?s={search_term_string}\"},\"query-input\":{\"@type\":\"PropertyValueSpecification\",\"valueRequired\":true,\"valueName\":\"search_term_string\"}}],\"inLanguage\":\"en-US\"},{\"@type\":\"Organization\",\"@id\":\"https:\/\/orthodoxalbania.org\/2020\/#organization\",\"name\":\"Kisha Orthodhokse Autoqefale e Shqip\u00ebris\u00eb\",\"url\":\"https:\/\/orthodoxalbania.org\/2020\/\",\"logo\":{\"@type\":\"ImageObject\",\"inLanguage\":\"en-US\",\"@id\":\"https:\/\/orthodoxalbania.org\/2020\/#\/schema\/logo\/image\/\",\"url\":\"https:\/\/orthodoxalbania.org\/2020\/wp-content\/uploads\/2020\/05\/albania.jpeg\",\"contentUrl\":\"https:\/\/orthodoxalbania.org\/2020\/wp-content\/uploads\/2020\/05\/albania.jpeg\",\"width\":540,\"height\":540,\"caption\":\"Kisha Orthodhokse Autoqefale e Shqip\u00ebris\u00eb\"},\"image\":{\"@id\":\"https:\/\/orthodoxalbania.org\/2020\/#\/schema\/logo\/image\/\"},\"sameAs\":[\"https:\/\/www.facebook.com\/koash1991\"]},{\"@type\":\"Person\",\"@id\":\"https:\/\/orthodoxalbania.org\/2020\/#\/schema\/person\/8f81792a8d818674e96c380e1085eb43\",\"name\":\"Administrator3\",\"image\":{\"@type\":\"ImageObject\",\"inLanguage\":\"en-US\",\"@id\":\"https:\/\/secure.gravatar.com\/avatar\/f6b85b21b3f9159ff2c0d0cf50724456629c45a3e9069c9124ecd8a6cb95f6ca?s=96&d=mm&r=g\",\"url\":\"https:\/\/secure.gravatar.com\/avatar\/f6b85b21b3f9159ff2c0d0cf50724456629c45a3e9069c9124ecd8a6cb95f6ca?s=96&d=mm&r=g\",\"contentUrl\":\"https:\/\/secure.gravatar.com\/avatar\/f6b85b21b3f9159ff2c0d0cf50724456629c45a3e9069c9124ecd8a6cb95f6ca?s=96&d=mm&r=g\",\"caption\":\"Administrator3\"}}]}<\/script>\n<!-- \/ Yoast SEO plugin. -->","yoast_head_json":{"title":"Kisha Orthodhokse e Shqip\u00ebris\u00eb merr pjes\u00eb n\u00eb Panairin e Dit\u00ebs s\u00eb Ver\u00ebs - Elbasan, 12-14 mars 2014. - Kisha Orthodh\u03bfkse Autoqefale e Shqip\u00ebris\u00eb","robots":{"index":"index","follow":"follow","max-snippet":"max-snippet:-1","max-image-preview":"max-image-preview:large","max-video-preview":"max-video-preview:-1"},"canonical":"https:\/\/orthodoxalbania.org\/2020\/2014\/03\/16\/kisha-orthodhokse-e-shqiperise-merr-pjese-ne-panairin-e-dites-se-veres-elbasan-12-14-mars-2014\/","og_locale":"en_US","og_type":"article","og_title":"Kisha Orthodhokse e Shqip\u00ebris\u00eb merr pjes\u00eb n\u00eb Panairin e Dit\u00ebs s\u00eb Ver\u00ebs - Elbasan, 12-14 mars 2014. - Kisha Orthodh\u03bfkse Autoqefale e Shqip\u00ebris\u00eb","og_description":"&nbsp;&nbsp;&nbsp; Kisha jon\u00eb Orthodhokse n\u00eb Elbasan mori pjes\u00eb n\u00eb panairin triditor (12-14 mars 2014) t\u00eb organizuar nga Bashkia e qytetit. Ky panair kishte si q\u00ebllim shpalosjen dhe paraqitjen e veprimtarive t\u00eb organizmave sociale, edukues, kulturor\u00eb e tregtar\u00eb t\u00eb krahin\u00ebs. N\u00eb qytetin e Elbasanit prej shum\u00eb vitesh tashm\u00eb festohet n\u00eb 14 mars Dita e Ver\u00ebs, cila karakterizon largimin e dimri dhe ardhjen e pranver\u00ebs. P\u00ebr k\u00ebt\u00eb","og_url":"https:\/\/orthodoxalbania.org\/2020\/2014\/03\/16\/kisha-orthodhokse-e-shqiperise-merr-pjese-ne-panairin-e-dites-se-veres-elbasan-12-14-mars-2014\/","og_site_name":"Kisha Orthodh\u03bfkse Autoqefale e Shqip\u00ebris\u00eb","article_publisher":"https:\/\/www.facebook.com\/koash1991","article_published_time":"2014-03-16T18:04:34+00:00","article_modified_time":"2020-04-06T20:05:19+00:00","og_image":[{"width":640,"height":480,"url":"https:\/\/orthodoxalbania.org\/2020\/wp-content\/uploads\/2020\/04\/01---Edi-Rama.jpg","type":"image\/jpeg"}],"author":"Administrator3","twitter_card":"summary_large_image","twitter_misc":{"Written by":"Administrator3","Est. reading time":"2 minutes"},"schema":{"@context":"https:\/\/schema.org","@graph":[{"@type":"Article","@id":"https:\/\/orthodoxalbania.org\/2020\/2014\/03\/16\/kisha-orthodhokse-e-shqiperise-merr-pjese-ne-panairin-e-dites-se-veres-elbasan-12-14-mars-2014\/#article","isPartOf":{"@id":"https:\/\/orthodoxalbania.org\/2020\/2014\/03\/16\/kisha-orthodhokse-e-shqiperise-merr-pjese-ne-panairin-e-dites-se-veres-elbasan-12-14-mars-2014\/"},"author":{"name":"Administrator3","@id":"https:\/\/orthodoxalbania.org\/2020\/#\/schema\/person\/8f81792a8d818674e96c380e1085eb43"},"headline":"Kisha Orthodhokse e Shqip\u00ebris\u00eb merr pjes\u00eb n\u00eb Panairin e Dit\u00ebs s\u00eb Ver\u00ebs &#8211; Elbasan, 12-14 mars 2014.","datePublished":"2014-03-16T18:04:34+00:00","dateModified":"2020-04-06T20:05:19+00:00","mainEntityOfPage":{"@id":"https:\/\/orthodoxalbania.org\/2020\/2014\/03\/16\/kisha-orthodhokse-e-shqiperise-merr-pjese-ne-panairin-e-dites-se-veres-elbasan-12-14-mars-2014\/"},"wordCount":356,"commentCount":0,"publisher":{"@id":"https:\/\/orthodoxalbania.org\/2020\/#organization"},"image":{"@id":"https:\/\/orthodoxalbania.org\/2020\/2014\/03\/16\/kisha-orthodhokse-e-shqiperise-merr-pjese-ne-panairin-e-dites-se-veres-elbasan-12-14-mars-2014\/#primaryimage"},"thumbnailUrl":"https:\/\/orthodoxalbania.org\/2020\/wp-content\/uploads\/2020\/04\/01---Edi-Rama.jpg","keywords":["2014","Aktivitete","Kryepiskopata Tiran\u00eb","lajme"],"articleSection":["Lajme"],"inLanguage":"en-US"},{"@type":"WebPage","@id":"https:\/\/orthodoxalbania.org\/2020\/2014\/03\/16\/kisha-orthodhokse-e-shqiperise-merr-pjese-ne-panairin-e-dites-se-veres-elbasan-12-14-mars-2014\/","url":"https:\/\/orthodoxalbania.org\/2020\/2014\/03\/16\/kisha-orthodhokse-e-shqiperise-merr-pjese-ne-panairin-e-dites-se-veres-elbasan-12-14-mars-2014\/","name":"Kisha Orthodhokse e Shqip\u00ebris\u00eb merr pjes\u00eb n\u00eb Panairin e Dit\u00ebs s\u00eb Ver\u00ebs - Elbasan, 12-14 mars 2014. - Kisha Orthodh\u03bfkse Autoqefale e Shqip\u00ebris\u00eb","isPartOf":{"@id":"https:\/\/orthodoxalbania.org\/2020\/#website"},"primaryImageOfPage":{"@id":"https:\/\/orthodoxalbania.org\/2020\/2014\/03\/16\/kisha-orthodhokse-e-shqiperise-merr-pjese-ne-panairin-e-dites-se-veres-elbasan-12-14-mars-2014\/#primaryimage"},"image":{"@id":"https:\/\/orthodoxalbania.org\/2020\/2014\/03\/16\/kisha-orthodhokse-e-shqiperise-merr-pjese-ne-panairin-e-dites-se-veres-elbasan-12-14-mars-2014\/#primaryimage"},"thumbnailUrl":"https:\/\/orthodoxalbania.org\/2020\/wp-content\/uploads\/2020\/04\/01---Edi-Rama.jpg","datePublished":"2014-03-16T18:04:34+00:00","dateModified":"2020-04-06T20:05:19+00:00","breadcrumb":{"@id":"https:\/\/orthodoxalbania.org\/2020\/2014\/03\/16\/kisha-orthodhokse-e-shqiperise-merr-pjese-ne-panairin-e-dites-se-veres-elbasan-12-14-mars-2014\/#breadcrumb"},"inLanguage":"en-US","potentialAction":[{"@type":"ReadAction","target":["https:\/\/orthodoxalbania.org\/2020\/2014\/03\/16\/kisha-orthodhokse-e-shqiperise-merr-pjese-ne-panairin-e-dites-se-veres-elbasan-12-14-mars-2014\/"]}]},{"@type":"ImageObject","inLanguage":"en-US","@id":"https:\/\/orthodoxalbania.org\/2020\/2014\/03\/16\/kisha-orthodhokse-e-shqiperise-merr-pjese-ne-panairin-e-dites-se-veres-elbasan-12-14-mars-2014\/#primaryimage","url":"https:\/\/orthodoxalbania.org\/2020\/wp-content\/uploads\/2020\/04\/01---Edi-Rama.jpg","contentUrl":"https:\/\/orthodoxalbania.org\/2020\/wp-content\/uploads\/2020\/04\/01---Edi-Rama.jpg","width":640,"height":480},{"@type":"BreadcrumbList","@id":"https:\/\/orthodoxalbania.org\/2020\/2014\/03\/16\/kisha-orthodhokse-e-shqiperise-merr-pjese-ne-panairin-e-dites-se-veres-elbasan-12-14-mars-2014\/#breadcrumb","itemListElement":[{"@type":"ListItem","position":1,"name":"Home","item":"https:\/\/orthodoxalbania.org\/2020\/"},{"@type":"ListItem","position":2,"name":"Kisha Orthodhokse e Shqip\u00ebris\u00eb merr pjes\u00eb n\u00eb Panairin e Dit\u00ebs s\u00eb Ver\u00ebs &#8211; Elbasan, 12-14 mars 2014."}]},{"@type":"WebSite","@id":"https:\/\/orthodoxalbania.org\/2020\/#website","url":"https:\/\/orthodoxalbania.org\/2020\/","name":"Kisha Orthodh\u03bfkse Autoqefale e Shqip\u00ebris\u00eb","description":"Fqja Zyrtare e Kish\u00ebs Orthodhokse Autoqefale e Shqip\u00ebris\u00eb me lajmet edhe informacionet zyrtare p\u00ebr struktur\u00ebn edhe veprimtarin e saj.","publisher":{"@id":"https:\/\/orthodoxalbania.org\/2020\/#organization"},"potentialAction":[{"@type":"SearchAction","target":{"@type":"EntryPoint","urlTemplate":"https:\/\/orthodoxalbania.org\/2020\/?s={search_term_string}"},"query-input":{"@type":"PropertyValueSpecification","valueRequired":true,"valueName":"search_term_string"}}],"inLanguage":"en-US"},{"@type":"Organization","@id":"https:\/\/orthodoxalbania.org\/2020\/#organization","name":"Kisha Orthodhokse Autoqefale e Shqip\u00ebris\u00eb","url":"https:\/\/orthodoxalbania.org\/2020\/","logo":{"@type":"ImageObject","inLanguage":"en-US","@id":"https:\/\/orthodoxalbania.org\/2020\/#\/schema\/logo\/image\/","url":"https:\/\/orthodoxalbania.org\/2020\/wp-content\/uploads\/2020\/05\/albania.jpeg","contentUrl":"https:\/\/orthodoxalbania.org\/2020\/wp-content\/uploads\/2020\/05\/albania.jpeg","width":540,"height":540,"caption":"Kisha Orthodhokse Autoqefale e Shqip\u00ebris\u00eb"},"image":{"@id":"https:\/\/orthodoxalbania.org\/2020\/#\/schema\/logo\/image\/"},"sameAs":["https:\/\/www.facebook.com\/koash1991"]},{"@type":"Person","@id":"https:\/\/orthodoxalbania.org\/2020\/#\/schema\/person\/8f81792a8d818674e96c380e1085eb43","name":"Administrator3","image":{"@type":"ImageObject","inLanguage":"en-US","@id":"https:\/\/secure.gravatar.com\/avatar\/f6b85b21b3f9159ff2c0d0cf50724456629c45a3e9069c9124ecd8a6cb95f6ca?s=96&d=mm&r=g","url":"https:\/\/secure.gravatar.com\/avatar\/f6b85b21b3f9159ff2c0d0cf50724456629c45a3e9069c9124ecd8a6cb95f6ca?s=96&d=mm&r=g","contentUrl":"https:\/\/secure.gravatar.com\/avatar\/f6b85b21b3f9159ff2c0d0cf50724456629c45a3e9069c9124ecd8a6cb95f6ca?s=96&d=mm&r=g","caption":"Administrator3"}}]}},"_links":{"self":[{"href":"https:\/\/orthodoxalbania.org\/2020\/wp-json\/wp\/v2\/posts\/733","targetHints":{"allow":["GET"]}}],"collection":[{"href":"https:\/\/orthodoxalbania.org\/2020\/wp-json\/wp\/v2\/posts"}],"about":[{"href":"https:\/\/orthodoxalbania.org\/2020\/wp-json\/wp\/v2\/types\/post"}],"author":[{"embeddable":true,"href":"https:\/\/orthodoxalbania.org\/2020\/wp-json\/wp\/v2\/users\/5"}],"replies":[{"embeddable":true,"href":"https:\/\/orthodoxalbania.org\/2020\/wp-json\/wp\/v2\/comments?post=733"}],"version-history":[{"count":1,"href":"https:\/\/orthodoxalbania.org\/2020\/wp-json\/wp\/v2\/posts\/733\/revisions"}],"predecessor-version":[{"id":15117,"href":"https:\/\/orthodoxalbania.org\/2020\/wp-json\/wp\/v2\/posts\/733\/revisions\/15117"}],"wp:featuredmedia":[{"embeddable":true,"href":"https:\/\/orthodoxalbania.org\/2020\/wp-json\/wp\/v2\/media\/734"}],"wp:attachment":[{"href":"https:\/\/orthodoxalbania.org\/2020\/wp-json\/wp\/v2\/media?parent=733"}],"wp:term":[{"taxonomy":"category","embeddable":true,"href":"https:\/\/orthodoxalbania.org\/2020\/wp-json\/wp\/v2\/categories?post=733"},{"taxonomy":"post_tag","embeddable":true,"href":"https:\/\/orthodoxalbania.org\/2020\/wp-json\/wp\/v2\/tags?post=733"}],"curies":[{"name":"wp","href":"https:\/\/api.w.org\/{rel}","templated":true}]}}