{"id":732,"date":"2006-02-26T00:00:00","date_gmt":"2006-02-26T00:00:00","guid":{"rendered":""},"modified":"2020-04-06T22:36:01","modified_gmt":"2020-04-06T20:36:01","slug":"kisha-orthodhokse-e-shqiperise-kremtoi-14-vjetorin-e-fronezimit-te-kryepiskopit-anastas-gusht-06","status":"publish","type":"post","link":"https:\/\/orthodoxalbania.org\/2020\/2006\/02\/26\/kisha-orthodhokse-e-shqiperise-kremtoi-14-vjetorin-e-fronezimit-te-kryepiskopit-anastas-gusht-06\/","title":{"rendered":"Kisha Orthodhokse e Shqip\u00ebris\u00eb kremtoi 14 vjetorin e Fron\u00ebzimit t\u00eb Kryepiskopit Anastas (2 Gusht 2006)"},"content":{"rendered":"<div style=\"text-align: center;\"><span style=\"color: #b22222;\"><strong><span style=\"font-family: tahoma,geneva,sans-serif;\"><span style=\"font-size: 12px;\"><span>\u201cP\u00ebrparimi i Kish\u00ebs Orthodhokse \u00ebsht\u00eb p\u00ebrparim p\u00ebr mbar\u00eb vendin\u201d<\/span><\/span><\/span><\/strong><\/span><\/div>\n<div style=\"text-align: justify;\"><span style=\"color: #000000;\"><span style=\"font-family: tahoma,geneva,sans-serif;\"><span style=\"font-size: 12px;\"><span>&nbsp;<\/span><\/span><\/span><\/span><\/div>\n<div style=\"text-indent: 0.25in; line-height: 150%; text-align: justify;\">&nbsp;<\/div>\n<div style=\"text-indent: 0.25in; line-height: 150%; text-align: justify;\">&nbsp;<\/div>\n<div style=\"text-indent: 0.25in; line-height: 150%; text-align: justify;\"><span style=\"color: #000000;\"><span style=\"font-family: tahoma,geneva,sans-serif;\"><span style=\"font-size: 12px;\"><span><img decoding=\"async\" class=\"lazyload HAa Eha\" style=\"height: 200px; width: 300px; border-width: 1px; border-style: solid; margin: 10px; float: left;\" alt=\"\" src=\"data:image\/gif;base64,R0lGODlhAQABAAAAACH5BAEKAAEALAAAAAABAAEAAAICTAEAOw==\" data-orig-src=\"https:\/\/lh3.googleusercontent.com\/-3TohR9EdC2c\/VIf4h3AyFvI\/AAAAAAAAFmI\/kDcq7kiE1BM\/w400-h267-no\/untitled1.jpg\" \/><img decoding=\"async\" class=\"lazyload HAa Eha\" style=\"height: 167px; width: 250px; border-width: 1px; border-style: solid; margin: 10px; float: right;\" alt=\"\" src=\"data:image\/gif;base64,R0lGODlhAQABAAAAACH5BAEKAAEALAAAAAABAAEAAAICTAEAOw==\" data-orig-src=\"https:\/\/lh5.googleusercontent.com\/-bWGj6-JBPlM\/VIf4iQIi1cI\/AAAAAAAAFmE\/mcOFx2xc8VA\/w400-h267-no\/untitled4.jpg\" \/>Kisha Orthodhokse Autoqefale e Shqip\u00ebris\u00eb kremtoi t\u00eb m\u00ebrkur\u00ebn m\u00eb 2 gusht, 14 vjetorin e Fron\u00ebzimit t\u00eb Fortlumturis\u00eb s\u00eb Tij, Kryepiskopit t\u00eb Tiran\u00ebs, Durr\u00ebsit dhe gjith\u00eb Shqip\u00ebris\u00eb Prof. Dr. Anastas Janullatos dhe n\u00eb t\u00eb nj\u00ebjt\u00ebn koh\u00eb momentin e ringritjes kanonike t\u00eb Kish\u00ebs Orthodhokse pas regjimit komunist.<br \/> &nbsp;<\/span><\/span><\/span><\/span><\/div>\n<div style=\"text-indent: 0.25in; line-height: 150%; text-align: justify;\"><span style=\"color: #000000;\"><span style=\"font-family: tahoma,geneva,sans-serif;\"><span style=\"font-size: 12px;\"><span>N\u00eb kish\u00ebn \u201cUngjill\u00ebzimi i Hyjlind\u00ebses Mari\u201d, n\u00eb Tiran\u00eb, u zhvillua t\u00eb m\u00ebrkur\u00ebn paradite liturgjia hyjnore ku mori pjes\u00eb Sinodi i Shenjt\u00eb i Kish\u00ebs, klerik\u00eb dhe laik\u00eb, besimtar\u00eb nga Tirana dhe nga e gjith\u00eb Shqip\u00ebria.<br \/> &nbsp;<\/span><\/span><\/span><\/span><\/div>\n<div style=\"text-indent: 0.25in; line-height: 150%; text-align: justify;\"><span style=\"color: #000000;\"><span style=\"font-family: tahoma,geneva,sans-serif;\"><span style=\"font-size: 12px;\"><span>N\u00eb k\u00ebt\u00eb dit\u00eb t\u00eb ve\u00e7ant\u00eb dhe historike p\u00ebr Kish\u00ebn Orthodhokse Autoqefale t\u00eb Shqip\u00ebris\u00eb, Kryepiskopi Anastas p\u00ebrcolli urimin e tij p\u00ebr besimtar\u00ebt dhe mbar\u00eb shqiptar\u00ebt, duke theksuar se pas problemeve q\u00eb kaloi besimi n\u00eb Shqip\u00ebri n\u00eb k\u00ebta 14 vjet shikohet nj\u00eb prezenc\u00eb e ndjeshme e Kish\u00ebs Orthodhokse n\u00eb zhvillimin e shoq\u00ebris\u00eb. \u201c&#8230;Ne vazhdojm\u00eb me siguri rrug\u00ebtimin ton\u00eb dhe Per\u00ebndia nuk na ka braktisur. <img decoding=\"async\" class=\"lazyload HAa Eha\" style=\"height: 200px; width: 300px; border-width: 1px; border-style: solid; margin: 10px; float: right;\" alt=\"\" src=\"data:image\/gif;base64,R0lGODlhAQABAAAAACH5BAEKAAEALAAAAAABAAEAAAICTAEAOw==\" data-orig-src=\"https:\/\/lh5.googleusercontent.com\/-pMg78zkz00Q\/VIf4hrVBhbI\/AAAAAAAAFl0\/K0wrxpsD6Zw\/w400-h267-no\/untitled2.jpg\" \/>T\u00eb jemi njer\u00ebz entuziast n\u00eb Frym\u00eb, Shpirti i Shenjt\u00eb le t\u00eb na rrezatoj\u00eb n\u00eb \u00e7do moment e n\u00eb \u00e7do komunikim me njer\u00ebzit rreth nesh, t\u00eb jemi t\u00eb gatsh\u00ebm t\u00eb falim sepse zem\u00ebrgjer\u00ebsia dhe falja jan\u00eb karakteristika t\u00eb mbar\u00eb orthodhoks\u00ebve. P\u00ebrparimi i secilit prej nesh do t\u00eb jet\u00eb progres p\u00ebr Kish\u00ebn dhe p\u00ebr mbar\u00eb vendin. Zoti i shpres\u00ebs le t\u00eb na mbush\u00eb t\u00eb gjith\u00eb me g\u00ebzim dhe paqe&#8230;\u201d- theksoi gjat\u00eb fjal\u00ebs s\u00eb tij Kryepiskopi Anastas.<br \/> &nbsp;<\/span><\/span><\/span><\/span><\/div>\n<div style=\"text-indent: 0.25in; line-height: 150%; text-align: justify;\"><span style=\"color: #000000;\"><span style=\"font-family: tahoma,geneva,sans-serif;\"><span style=\"font-size: 12px;\"><span>N\u00eb k\u00ebt\u00eb p\u00ebrvjetor p\u00ebrsh\u00ebndet\u00ebn edhe Mitropoliti i Beratit, Imzot Ignati, i cili e vuri theksin n\u00eb misionarizmin e Kryepiskopit Anastas dhe shembullin q\u00eb jep ai p\u00ebr mbar\u00eb orthodhoks\u00ebt. Nd\u00ebrsa Mitropoliti i Kor\u00e7\u00ebs, Imzot Joani shprehu fal\u00ebnderimin e tij p\u00ebr vepr\u00ebn e madhe t\u00eb Kish\u00ebs dhe Kryepiskopit Anastas n\u00eb kontributin e gjithansh\u00ebm p\u00ebr zhvillimin e Kish\u00ebs dhe mbar\u00eb shoq\u00ebris\u00eb shqiptare.<\/span><\/span><\/span><\/span><\/div>\n<div style=\"text-indent: 0.25in; line-height: 150%; text-align: justify;\">&nbsp;<\/div>\n<div style=\"text-indent: 0.25in; line-height: 150%; text-align: justify;\"><span style=\"color: #000000;\"><span style=\"font-family: tahoma,geneva,sans-serif;\"><span style=\"font-size: 12px;\"><span><img decoding=\"async\" class=\"lazyload HAa Eha\" style=\"height: 200px; width: 300px; border-width: 1px; border-style: solid; margin: 10px; float: left;\" alt=\"\" src=\"data:image\/gif;base64,R0lGODlhAQABAAAAACH5BAEKAAEALAAAAAABAAEAAAICTAEAOw==\" data-orig-src=\"https:\/\/lh3.googleusercontent.com\/-j9vS-VMWCU8\/VIf4h1Mkd1I\/AAAAAAAAFl8\/gJYBbBmKW4A\/w400-h267-no\/untitled3.jpg\" \/>Ky festim rikujton dhe vler\u00ebson fron\u00ebzimin e Kryepiskopit Anastas n\u00eb krye t\u00eb Komunitetit Orthodhoks t\u00eb Shqip\u00ebris\u00eb si primat i Kish\u00ebs Orthodhokse Autoqefale t\u00eb Shqip\u00ebris\u00eb. Kjo ngjarje p\u00ebrb\u00ebn momentin e vendosjes s\u00eb gurit t\u00eb themelit t\u00eb organizimit dhe veprimtaris\u00eb kishtare n\u00eb vend pas regjimit komunist, ringritjen kanonike t\u00eb Kish\u00ebs Orthodhokse, fakt kanonik ky q\u00eb lidhet edhe me krijimin e Sinodit t\u00eb Shenjt\u00eb, si organi m\u00eb i lart\u00eb i Kish\u00ebs.<\/span><\/span><\/span><\/span><\/div>\n<div style=\"text-indent: 0.25in; line-height: 150%; text-align: justify;\"> <span style=\"color: #000000;\"><span style=\"font-family: tahoma,geneva,sans-serif;\"><span style=\"font-size: 12px;\"><span>&nbsp;&nbsp;&nbsp;&nbsp; Ky festim thekson krenarin\u00eb dhe vler\u00ebsimin p\u00ebr figur\u00ebn drejtuese t\u00eb Kish\u00ebs me frym\u00ebn e tij t\u00eb paqes, mir\u00ebkuptimit, t\u00eb men\u00e7uris\u00eb dhe respektit p\u00ebr \u00e7do qenie njer\u00ebzore. Ai e ka udh\u00ebhequr Kish\u00ebn n\u00eb koh\u00eb paqeje dhe n\u00eb koh\u00eb trazirash, gjithmon\u00eb me men\u00e7uri dhe urt\u00ebsi, aq sa Kisha Orthodhokse \u00ebsht\u00eb nj\u00eb faktor i r\u00ebnd\u00ebsish\u00ebm zhvillimi n\u00eb jet\u00ebn shoq\u00ebrore t\u00eb Shqip\u00ebris\u00eb dhe nj\u00eb institucion i nderuar dhe i njohur n\u00eb mbar\u00eb bot\u00ebn. <\/span> <\/span><\/span><\/span><\/div>\n<div style=\"text-indent: 14.2pt; line-height: 150%; text-align: justify;\"><span style=\"color: #000000;\"><span style=\"font-family: tahoma,geneva,sans-serif;\"><span style=\"font-size: 12px;\"><span>&nbsp;&nbsp;&nbsp;&nbsp;&nbsp;&nbsp;&nbsp;&nbsp;&nbsp;&nbsp;&nbsp;&nbsp;&nbsp;&nbsp;&nbsp;&nbsp;&nbsp;&nbsp;&nbsp;&nbsp;&nbsp;&nbsp;&nbsp;&nbsp;&nbsp;&nbsp;&nbsp;&nbsp;&nbsp;&nbsp;&nbsp;&nbsp;&nbsp;&nbsp;&nbsp;&nbsp;&nbsp;&nbsp;&nbsp;&nbsp;&nbsp;&nbsp;&nbsp;&nbsp;&nbsp;&nbsp;&nbsp;&nbsp;&nbsp;&nbsp;&nbsp; <\/span><\/span><\/span><\/span><br \/> &nbsp;<\/div>\n<div style=\"line-height: 150%; text-align: center;\"><span style=\"color: #b22222;\"><span style=\"font-family: tahoma,geneva,sans-serif;\"><span style=\"font-size: 12px;\"><b><span>Informacion rreth ringritjes s\u00eb Kish\u00ebs Orthodhokse t\u00eb Shqip\u00ebris\u00eb<\/span><\/b><\/span><\/span><\/span><\/div>\n<div style=\"line-height: 150%; text-align: justify;\"><span style=\"color: #000000;\"><span style=\"font-family: tahoma,geneva,sans-serif;\"><span style=\"font-size: 12px;\"><span>&nbsp;<\/span><\/span><\/span><\/span><\/div>\n<div style=\"line-height: 150%; text-align: justify;\"><span style=\"color: #000000;\"><span style=\"font-family: tahoma,geneva,sans-serif;\"><span style=\"font-size: 12px;\"><span>Gjat\u00eb viteve q\u00eb Kryepiskopi Anastas ka drejtuar Kish\u00ebn Orthodhokse Autoqefale t\u00eb Shqip\u00ebris\u00eb jan\u00eb sh\u00ebnuar zhvillime t\u00eb vazhdueshme e t\u00eb shumanshme kryesisht n\u00eb: <\/span><\/span><\/span><\/span><\/div>\n<div style=\"text-indent: 14.2pt; line-height: 150%; text-align: justify;\"><span style=\"color: #000000;\"><span style=\"font-family: tahoma,geneva,sans-serif;\"><span style=\"font-size: 12px;\"><span>&nbsp;<\/span><\/span><\/span><\/span><\/div>\n<div style=\"line-height: 150%; text-align: justify;\"><span style=\"color: #006400;\"><span style=\"font-family: tahoma,geneva,sans-serif;\"><span style=\"font-size: 12px;\"><b><span>\u2013&nbsp;&nbsp;&nbsp;&nbsp;&nbsp;&nbsp;&nbsp;&nbsp; <\/span><\/b><i><span>Organizimin kishtar:<\/span><\/i><\/span><\/span><\/span><\/div>\n<div style=\"line-height: 150%; margin-left: 0.5in; text-align: justify;\"><span style=\"color: #000000;\"><span style=\"font-family: tahoma,geneva,sans-serif;\"><span style=\"font-size: 12px;\"><span>\u2022 P\u00ebrgatitjen, arsimimin dhe dor\u00ebzimet n\u00eb klerik\u00eb t\u00eb 138 klerik\u00ebve t\u00eb rinj si dhe krijimin e Sinodit t\u00eb Shenjt\u00eb. <\/span> <\/span><\/span><\/span><\/div>\n<div style=\"line-height: 150%; margin-left: 0.5in; text-align: justify;\"><span style=\"color: #000000;\"><span style=\"font-family: tahoma,geneva,sans-serif;\"><span style=\"font-size: 12px;\"><span>\u2022 Nd\u00ebrtimin e m\u00eb shum\u00eb se 90 kishave t\u00eb reja nga themelet, riparimin e m\u00eb shum\u00eb se 140 kishave t\u00eb tjera, restaurimin e manastireve dhe kishave-monumente, Selive metropolitane, si dhe nd\u00ebrtimin e mjaft nd\u00ebrtesave t\u00eb tjera, p\u00ebr t\u00eb cilat u shpenzuan miliona dollar\u00eb.<\/span><\/span><\/span><\/span><\/div>\n<div style=\"line-height: 150%; margin-left: 0.5in; text-align: justify;\"><span style=\"color: #000000;\"><span style=\"font-family: tahoma,geneva,sans-serif;\"><span style=\"font-size: 12px;\"><span>\u2022 Gjithashtu, p\u00ebr nxjerrjen e kuadrove t\u00eb rinj t\u00eb Kish\u00ebs funksionojn\u00eb edhe dy shkollat kishtare: Akademia Teologjike \u201cNgjallja e Krishtit\u201d n\u00eb Sh\u00ebn Vlash t\u00eb Durr\u00ebsit si dhe shkolla e mesme \u201cKryqi i Nderuar\u201d n\u00eb Gjirokast\u00ebr.<\/span><\/span><\/span><\/span><\/div>\n<div style=\"line-height: 150%; margin-left: 0.5in; text-align: justify;\"><span style=\"color: #000000;\"><span style=\"font-family: tahoma,geneva,sans-serif;\"><span style=\"font-size: 12px;\"><span>\u2022 N\u00eb gjith\u00eb vendin u organizuan shoqatat e gruas, rinis\u00eb dhe intelektual\u00ebve t\u00eb cil\u00ebt ndihmojn\u00eb Kish\u00ebn n\u00eb veprimtarit\u00eb e saj.<\/span><\/span><\/span><\/span><\/div>\n<div style=\"line-height: 150%; text-align: justify;\"><span style=\"color: #000000;\"><span style=\"font-family: tahoma,geneva,sans-serif;\"><span style=\"font-size: 12px;\"><span>&nbsp;<\/span><\/span><\/span><\/span><\/div>\n<div style=\"text-indent: -0.5in; line-height: 150%; margin-left: 0.5in; text-align: justify;\"><span style=\"color: #006400;\"><span style=\"font-family: tahoma,geneva,sans-serif;\"><span style=\"font-size: 12px;\"><span>\u2013&nbsp;&nbsp;&nbsp;&nbsp;&nbsp;&nbsp;&nbsp;&nbsp;&nbsp; <i>Edukimin social dhe kontributin kulturor:<\/i><\/span><\/span><\/span><\/span><\/div>\n<div style=\"text-indent: 0.5in; line-height: 150%; text-align: justify;\"><span style=\"color: #000000;\"><span style=\"font-family: tahoma,geneva,sans-serif;\"><span style=\"font-size: 12px;\"><span>\u2022 U ngrit\u00ebn 14 kopshte ditore p\u00ebr f\u00ebmij\u00eb n\u00eb t\u00eb gjith\u00eb Shqip\u00ebrin\u00eb. <\/span><\/span><\/span><\/span><\/div>\n<div style=\"line-height: 150%; margin-left: 0.5in; text-align: justify;\"><span style=\"color: #000000;\"><span style=\"font-family: tahoma,geneva,sans-serif;\"><span style=\"font-size: 12px;\"><span>\u2022 N\u00eb Tiran\u00eb u ngrit e u hap Instituti i Formimit Profesional \u201cFrym\u00eb Dashurie\u201d me 6 deg\u00eb dhe filial i tij n\u00eb Dervi\u00e7an, si edhe shkolla fillore shqiptaro-amerikane \u201cProtagonist\u00ebt\u201d, n\u00eb Tiran\u00eb dhe nj\u00eb shkoll\u00eb fillore n\u00eb Durr\u00ebs.<\/span><\/span><\/span><\/span><\/div>\n<div style=\"line-height: 150%; margin-left: 0.5in; text-align: justify;\"><span style=\"color: #000000;\"><span style=\"font-family: tahoma,geneva,sans-serif;\"><span style=\"font-size: 12px;\"><span>\u2022 U \u00ebsht\u00eb dh\u00ebn\u00eb mb\u00ebshtetje teknike dhe materiale shkollave publike dhe jan\u00eb rikonstruktuar 10 shkolla e 6 kopshte si edhe sheshin sportiv t\u00eb Sht\u00ebpis\u00eb s\u00eb f\u00ebmij\u00ebs \u201cZyber Hallulli\u201d, Tiran\u00eb.<\/span><\/span><\/span><\/span><\/div>\n<div style=\"line-height: 150%; margin-left: 0.5in; text-align: justify;\"><span style=\"color: #000000;\"><span style=\"font-family: tahoma,geneva,sans-serif;\"><span style=\"font-size: 12px;\"><span>\u2022 N\u00eb vitin 1998 filloi transmetimet radioja kulturore \u201cNgjallja\u201d, n\u00eb frekuenc\u00ebn 88.5 MHz. <\/span><\/span><\/span><\/span><\/div>\n<div style=\"line-height: 150%; margin-left: 0.5in; text-align: justify;\"><span style=\"color: #000000;\"><span style=\"font-family: tahoma,geneva,sans-serif;\"><span style=\"font-size: 12px;\"><span>\u2022 N\u00eb botimin e shum\u00eb librave fetare, social\u00eb e kulturor\u00eb n\u00eb shtypshkronj\u00ebn e saj, n\u00eb Tiran\u00eb.<\/span><\/span><\/span><\/span><\/div>\n<div style=\"line-height: 150%; margin-left: 0.5in; text-align: justify;\"><span style=\"color: #000000;\"><span style=\"font-family: tahoma,geneva,sans-serif;\"><span style=\"font-size: 12px;\"><span>\u2022 Formimin e nj\u00eb B\u00ebrthame t\u00eb Trash\u00ebgimis\u00eb Kulturore p\u00ebr p\u00ebrgatitjen e nj\u00eb brezi t\u00eb ri artist\u00ebsh q\u00eb do t\u00eb rigjall\u00ebroj\u00eb tradit\u00ebn shum\u00eb t\u00eb pasur ikonografike e restauruese.<\/span><\/span><\/span><\/span><\/div>\n<div style=\"line-height: 150%; margin-left: 0.5in; text-align: justify;\"><span style=\"color: #000000;\"><span style=\"font-family: tahoma,geneva,sans-serif;\"><span style=\"font-size: 12px;\"><span>&nbsp; <\/span><\/span><\/span><\/span><\/div>\n<div style=\"line-height: 150%; text-align: justify;\"><span style=\"color: #006400;\"><span style=\"font-family: tahoma,geneva,sans-serif;\"><span style=\"font-size: 12px;\"><b><span>\u2013<\/span><\/b><span> &nbsp;&nbsp;&nbsp;&nbsp;&nbsp;&nbsp;&nbsp;&nbsp;<i>&nbsp;P\u00ebrkujdesjen sociale: <\/i><\/span><\/span><\/span><\/span><\/div>\n<div style=\"line-height: 150%; margin-left: 0.5in; text-align: justify;\"><span style=\"color: #000000;\"><span style=\"font-family: tahoma,geneva,sans-serif;\"><span style=\"font-size: 12px;\"><span>\u2022 U nd\u00ebrtua dhe funksionon Qendra Diagnostike \u201cUngjill\u00ebzimi\u201d, n\u00eb Tiran\u00eb, me 24 specialitete dhe laborator\u00eb bashk\u00ebkohor\u00eb, me mjek\u00ebt m\u00eb t\u00eb njohur t\u00eb vendit, ku vizitohen \u00e7do muaj m\u00eb shum\u00eb se 6000 pacient\u00eb. K\u00ebt\u00eb vit n\u00eb k\u00ebt\u00eb klinik\u00eb u p\u00ebrurua edhe skaneri m\u00eb modern n\u00eb Shqip\u00ebri, i vetmi n\u00eb vend dhe i dyti n\u00eb Ballkan me nj\u00eb investim prej 1 milion\u00eb dollar\u00ebsh.<\/span><\/span><\/span><\/span><\/div>\n<div style=\"line-height: 150%; margin-left: 0.5in; text-align: justify;\"><span style=\"color: #000000;\"><span style=\"font-family: tahoma,geneva,sans-serif;\"><span style=\"font-size: 12px;\"><span>\u2022 Poliklinika t\u00eb tjera mjek\u00ebsore funksionojn\u00eb edhe n\u00eb Kavaj\u00eb, Lushnje, Kor\u00e7\u00eb dhe Gjirokast\u00ebr.<\/span><\/span><\/span><\/span><\/div>\n<div style=\"line-height: 150%; margin-left: 0.5in; text-align: justify;\"><span style=\"color: #000000;\"><span style=\"font-family: tahoma,geneva,sans-serif;\"><span style=\"font-size: 12px;\"><span>\u2022 U nd\u00ebrtua dhe u hap Sht\u00ebpia e F\u00ebmij\u00ebs \u201cShpresa\u201d, n\u00eb Sh\u00ebn Vlash t\u00eb Durr\u00ebsit.<\/span><\/span><\/span><\/span><\/div>\n<div style=\"line-height: 150%; margin-left: 0.5in; text-align: justify;\"><span style=\"color: #000000;\"><span style=\"font-family: tahoma,geneva,sans-serif;\"><span style=\"font-size: 12px;\"><span>\u2022 Qendra Bamir\u00ebse \u201cShoq\u00ebria e Dashuris\u00eb\u201d, n\u00eb Tiran\u00eb, q\u00eb ushqen njer\u00ebz n\u00eb nevoj\u00eb dhe t\u00eb varf\u00ebr, tashm\u00eb punon me nj\u00eb kapacitet ditor prej 100 vetash.<\/span><\/span><\/span><\/span><\/div>\n<div style=\"line-height: 150%; margin-left: 0.5in; text-align: justify;\"><span style=\"color: #000000;\"><span style=\"font-family: tahoma,geneva,sans-serif;\"><span style=\"font-size: 12px;\"><span>\u2022 Projekte zhvillimi bujq\u00ebsor p\u00ebr zona t\u00eb thella malore, nd\u00ebrtime rrug\u00ebsh n\u00eb zona rurale; ndihma p\u00ebr shkolla, jetimore, spitale, institute, p\u00ebr persona me aft\u00ebsi t\u00eb kufizuara, azile, t\u00eb burgosur etj.<\/span><\/span><\/span><\/span><\/div>\n<div style=\"line-height: 150%; margin-left: 0.5in; text-align: justify;\"><span style=\"color: #000000;\"><span style=\"font-family: tahoma,geneva,sans-serif;\"><span style=\"font-size: 12px;\"><span>\u2022 Nj\u00eb kujdes i ve\u00e7ant\u00eb gjat\u00eb k\u00ebtyre viteve \u00ebsht\u00eb treguar p\u00ebr mjedisin. U realizuan projekte p\u00ebr mbrojtjen e ekosistemeve n\u00eb lumin e Vjos\u00ebs, n\u00eb Llogara e Zv\u00ebrnec.<\/span><\/span><\/span><\/span><\/div>\n<div style=\"line-height: 150%; margin-left: 0.5in; text-align: justify;\"><span style=\"color: #000000;\"><span style=\"font-family: tahoma,geneva,sans-serif;\"><span style=\"font-size: 12px;\"><span>&nbsp;<\/span><\/span><\/span><\/span><\/div>\n<div style=\"text-indent: -0.5in; line-height: 150%; margin-left: 0.5in; text-align: justify;\"><span style=\"color: #006400;\"><span style=\"font-family: tahoma,geneva,sans-serif;\"><span style=\"font-size: 12px;\"><b><span>\u2013<\/span><\/b><span> &nbsp;&nbsp;&nbsp;&nbsp;&nbsp;&nbsp;&nbsp;<i>&nbsp; Situata t\u00eb v\u00ebshtira t\u00eb vendit:<\/i><\/span><\/span><\/span><\/span><\/div>\n<div style=\"text-indent: -0.55pt; line-height: 150%; margin-left: 0.5in; text-align: justify;\"><span style=\"color: #000000;\"><span style=\"font-family: tahoma,geneva,sans-serif;\"><span style=\"font-size: 12px;\"><span>\u2022 N\u00eb vitin 1997 riparoi n\u00eb riparimin e nd\u00ebrtesave t\u00eb shkat\u00ebrruara universitare t\u00eb Tiran\u00ebs dhe Gjirokastr\u00ebs.&nbsp;&nbsp;&nbsp;&nbsp;&nbsp;&nbsp;&nbsp;&nbsp;&nbsp;&nbsp;&nbsp; <\/span><\/span><\/span><\/span><\/div>\n<div style=\"text-indent: -0.55pt; line-height: 150%; margin-left: 0.5in; text-align: justify;\"><span style=\"color: #000000;\"><span style=\"font-family: tahoma,geneva,sans-serif;\"><span style=\"font-size: 12px;\"><span>\u2022 Po n\u00eb 1997 kontribuoi s\u00eb bashku me kryetar\u00ebt e komuniteteve fetare n\u00eb stabilizimin e situat\u00ebs kaotike dhe shum\u00eb t\u00eb v\u00ebshtir\u00eb n\u00eb Tiran\u00eb e n\u00eb t\u00eb gjith\u00eb Shqip\u00ebrin\u00eb.<\/span><\/span><\/span><\/span><\/div>\n<div style=\"text-indent: -0.55pt; line-height: 150%; margin-left: 0.5in; text-align: justify;\"><span style=\"color: #000000;\"><span style=\"font-family: tahoma,geneva,sans-serif;\"><span style=\"font-size: 12px;\"><span>\u2022 N\u00eb vitin 1999 kur vendi yn\u00eb priti refugjat\u00ebt kosovar\u00eb, Kisha Orthodhokse Autoqefale e Shqip\u00ebris\u00eb organizoi nj\u00eb program t\u00eb gjer\u00eb ndihme prej m\u00eb shum\u00eb se 12 milion\u00eb dollar\u00eb n\u00eb bashk\u00ebpunim me donator\u00eb dhe organizma nd\u00ebrkomb\u00ebtar\u00eb, duke hapur dy kampe pritjeje e q\u00ebndrimi p\u00ebr ta, ku u b\u00eb e mundur t\u2019u q\u00ebndrohej af\u00ebr dhe t\u00eb ndihmoheshin rreth 33 mij\u00eb t\u00eb ardhurve nga Kosova. <\/span><\/span><\/span><\/span><\/div>\n<div style=\"text-indent: -0.55pt; line-height: 150%; margin-left: 0.5in; text-align: justify;\"><span style=\"color: #000000;\"><span style=\"font-family: tahoma,geneva,sans-serif;\"><span style=\"font-size: 12px;\"><span>\u2022 N\u00eb vitin 2004 ajo dhuroi 600 mij\u00eb dollar\u00eb p\u00ebr rind\u00ebrtimin e nj\u00eb xhamie dhe kishe, si nj\u00eb kontribut simbolik dhe parimor n\u00eb bashk\u00ebjetes\u00ebn e brisht\u00eb kosovare, pas shkat\u00ebrrimeve t\u00eb objekteve t\u00eb kultit n\u00eb Kosov\u00eb gjat\u00eb kriz\u00ebs s\u00eb marsit.&nbsp;<\/span><\/span><\/span><\/span><\/div>\n<div style=\"text-indent: -0.55pt; line-height: 150%; margin-left: 0.5in; text-align: justify;\">&nbsp;<\/div>\n<div style=\"text-indent: -0.5in; line-height: 150%; margin-left: 0.5in; text-align: justify;\"><span style=\"color: #006400;\"><span style=\"font-family: tahoma,geneva,sans-serif;\"><span style=\"font-size: 12px;\"><b><span>\u2013<\/span><\/b><span>&nbsp;&nbsp;&nbsp;&nbsp;&nbsp;&nbsp;&nbsp;&nbsp;&nbsp; <i> Marr\u00ebdh\u00ebniet nd\u00ebrkomb\u00ebtare: <\/i><\/span><\/span><\/span><\/span><\/div>\n<div style=\"line-height: 150%; margin-left: 0.5in; text-align: justify;\"><span style=\"color: #000000;\"><span style=\"font-family: tahoma,geneva,sans-serif;\"><span style=\"font-size: 12px;\"><span>\u2022 Nd\u00ebrkoh\u00eb Kisha Orthodhokse e Shqip\u00ebris\u00eb merr pjes\u00eb si e barabart\u00eb n\u00eb veprimtarit\u00eb e Kishave Orthodhokse t\u00eb bot\u00ebs. <\/span> <\/span><\/span><\/span><\/div>\n<div style=\"line-height: 150%; margin-left: 0.5in; text-align: justify;\"><span style=\"color: #000000;\"><span style=\"font-family: tahoma,geneva,sans-serif;\"><span style=\"font-size: 12px;\"><span>\u2022 Ajo \u00ebsht\u00eb an\u00ebtare e Konferenc\u00ebs Evropiane t\u00eb Kishave, ku Kryepiskopi Anastas \u00ebsht\u00eb zv\/president i saj, si dhe \u00ebsht\u00eb an\u00ebtare e K\u00ebshillit Bot\u00ebror t\u00eb Kishave ku Kryepiskopi \u00ebsht\u00eb zgjedhur president, duke kontribuar n\u00eb p\u00ebrpjekjet p\u00ebr bashk\u00ebpunim paq\u00ebsor dhe solidaritet n\u00eb rajon dhe m\u00eb gjer\u00eb.<\/span><b><span>&nbsp;<\/span><\/b><\/span><\/span><\/span><\/div>\n<div style=\"line-height: 150%; text-align: justify;\"><span style=\"color: #000000;\"><span style=\"font-family: tahoma,geneva,sans-serif;\"><span style=\"font-size: 12px;\"><span>Kryepiskopi Anastas gjat\u00eb 14 viteve n\u00eb krye t\u00eb Kish\u00ebs Orthodhokse Autoqefale t\u00eb Shqip\u00ebris\u00eb \u00ebsht\u00eb p\u00ebrpjekur t\u00eb jetoj\u00eb misionin e Kish\u00ebs brenda k\u00ebndv\u00ebshtrimit t\u00eb duhur universal. <\/span><\/span><\/span><\/span><\/div>\n","protected":false},"excerpt":{"rendered":"<p>\u201cP\u00ebrparimi i Kish\u00ebs Orthodhokse \u00ebsht\u00eb p\u00ebrparim p\u00ebr mbar\u00eb vendin\u201d &nbsp; &nbsp; &nbsp; Kisha Orthodhokse Autoqefale e Shqip\u00ebris\u00eb kremtoi t\u00eb m\u00ebrkur\u00ebn m\u00eb 2 gusht, 14 vjetorin e Fron\u00ebzimit t\u00eb Fortlumturis\u00eb s\u00eb Tij, Kryepiskopit t\u00eb Tiran\u00ebs, Durr\u00ebsit dhe gjith\u00eb Shqip\u00ebris\u00eb Prof. Dr. Anastas Janullatos dhe n\u00eb t\u00eb nj\u00ebjt\u00ebn koh\u00eb momentin e ringritjes kanonike t\u00eb Kish\u00ebs Orthodhokse pas regjimit komunist. &nbsp; N\u00eb kish\u00ebn \u201cUngjill\u00ebzimi i Hyjlind\u00ebses Mari\u201d, n\u00eb<\/p>\n","protected":false},"author":1,"featured_media":0,"comment_status":"open","ping_status":"open","sticky":false,"template":"","format":"standard","meta":{"_acf_changed":false,"pagelayer_contact_templates":[],"_pagelayer_content":"","inline_featured_image":false,"fifu_image_url":"","fifu_image_alt":"","footnotes":""},"categories":[108],"tags":[148,157,196,201,212],"class_list":["post-732","post","type-post","status-publish","format-standard","hentry","category-lajme","tag-148","tag-kremtime","tag-tirane","tag-kryepiskopi-anastas","tag-lajme-d27"],"acf":[],"yoast_head":"<!-- This site is optimized with the Yoast SEO plugin v27.2 - https:\/\/yoast.com\/product\/yoast-seo-wordpress\/ -->\n<title>Kisha Orthodhokse e Shqip\u00ebris\u00eb kremtoi 14 vjetorin e Fron\u00ebzimit t\u00eb Kryepiskopit Anastas (2 Gusht 2006) - Kisha Orthodh\u03bfkse Autoqefale e Shqip\u00ebris\u00eb<\/title>\n<meta name=\"robots\" content=\"index, follow, max-snippet:-1, max-image-preview:large, max-video-preview:-1\" \/>\n<link rel=\"canonical\" href=\"https:\/\/orthodoxalbania.org\/2020\/2006\/02\/26\/kisha-orthodhokse-e-shqiperise-kremtoi-14-vjetorin-e-fronezimit-te-kryepiskopit-anastas-gusht-06\/\" \/>\n<meta property=\"og:locale\" content=\"en_US\" \/>\n<meta property=\"og:type\" content=\"article\" \/>\n<meta property=\"og:title\" content=\"Kisha Orthodhokse e Shqip\u00ebris\u00eb kremtoi 14 vjetorin e Fron\u00ebzimit t\u00eb Kryepiskopit Anastas (2 Gusht 2006) - Kisha Orthodh\u03bfkse Autoqefale e Shqip\u00ebris\u00eb\" \/>\n<meta property=\"og:description\" content=\"\u201cP\u00ebrparimi i Kish\u00ebs Orthodhokse \u00ebsht\u00eb p\u00ebrparim p\u00ebr mbar\u00eb vendin\u201d &nbsp; &nbsp; &nbsp; Kisha Orthodhokse Autoqefale e Shqip\u00ebris\u00eb kremtoi t\u00eb m\u00ebrkur\u00ebn m\u00eb 2 gusht, 14 vjetorin e Fron\u00ebzimit t\u00eb Fortlumturis\u00eb s\u00eb Tij, Kryepiskopit t\u00eb Tiran\u00ebs, Durr\u00ebsit dhe gjith\u00eb Shqip\u00ebris\u00eb Prof. Dr. Anastas Janullatos dhe n\u00eb t\u00eb nj\u00ebjt\u00ebn koh\u00eb momentin e ringritjes kanonike t\u00eb Kish\u00ebs Orthodhokse pas regjimit komunist. &nbsp; N\u00eb kish\u00ebn \u201cUngjill\u00ebzimi i Hyjlind\u00ebses Mari\u201d, n\u00eb\" \/>\n<meta property=\"og:url\" content=\"https:\/\/orthodoxalbania.org\/2020\/2006\/02\/26\/kisha-orthodhokse-e-shqiperise-kremtoi-14-vjetorin-e-fronezimit-te-kryepiskopit-anastas-gusht-06\/\" \/>\n<meta property=\"og:site_name\" content=\"Kisha Orthodh\u03bfkse Autoqefale e Shqip\u00ebris\u00eb\" \/>\n<meta property=\"article:publisher\" content=\"https:\/\/www.facebook.com\/koash1991\" \/>\n<meta property=\"article:published_time\" content=\"2006-02-26T00:00:00+00:00\" \/>\n<meta property=\"article:modified_time\" content=\"2020-04-06T20:36:01+00:00\" \/>\n<meta property=\"og:image\" content=\"https:\/\/lh3.googleusercontent.com\/-3TohR9EdC2c\/VIf4h3AyFvI\/AAAAAAAAFmI\/kDcq7kiE1BM\/w400-h267-no\/untitled1.jpg\" \/>\n<meta name=\"author\" content=\"Kisha Orthodhokse\" \/>\n<meta name=\"twitter:card\" content=\"summary_large_image\" \/>\n<meta name=\"twitter:label1\" content=\"Written by\" \/>\n\t<meta name=\"twitter:data1\" content=\"Kisha Orthodhokse\" \/>\n\t<meta name=\"twitter:label2\" content=\"Est. reading time\" \/>\n\t<meta name=\"twitter:data2\" content=\"7 minutes\" \/>\n<script type=\"application\/ld+json\" class=\"yoast-schema-graph\">{\"@context\":\"https:\/\/schema.org\",\"@graph\":[{\"@type\":\"Article\",\"@id\":\"https:\/\/orthodoxalbania.org\/2020\/2006\/02\/26\/kisha-orthodhokse-e-shqiperise-kremtoi-14-vjetorin-e-fronezimit-te-kryepiskopit-anastas-gusht-06\/#article\",\"isPartOf\":{\"@id\":\"https:\/\/orthodoxalbania.org\/2020\/2006\/02\/26\/kisha-orthodhokse-e-shqiperise-kremtoi-14-vjetorin-e-fronezimit-te-kryepiskopit-anastas-gusht-06\/\"},\"author\":{\"name\":\"Kisha Orthodhokse\",\"@id\":\"https:\/\/orthodoxalbania.org\/2020\/#\/schema\/person\/0c387634a7063ac612d7ed9ce71c7e86\"},\"headline\":\"Kisha Orthodhokse e Shqip\u00ebris\u00eb kremtoi 14 vjetorin e Fron\u00ebzimit t\u00eb Kryepiskopit Anastas (2 Gusht 2006)\",\"datePublished\":\"2006-02-26T00:00:00+00:00\",\"dateModified\":\"2020-04-06T20:36:01+00:00\",\"mainEntityOfPage\":{\"@id\":\"https:\/\/orthodoxalbania.org\/2020\/2006\/02\/26\/kisha-orthodhokse-e-shqiperise-kremtoi-14-vjetorin-e-fronezimit-te-kryepiskopit-anastas-gusht-06\/\"},\"wordCount\":1433,\"commentCount\":0,\"publisher\":{\"@id\":\"https:\/\/orthodoxalbania.org\/2020\/#organization\"},\"image\":{\"@id\":\"https:\/\/orthodoxalbania.org\/2020\/2006\/02\/26\/kisha-orthodhokse-e-shqiperise-kremtoi-14-vjetorin-e-fronezimit-te-kryepiskopit-anastas-gusht-06\/#primaryimage\"},\"thumbnailUrl\":\"https:\/\/lh3.googleusercontent.com\/-3TohR9EdC2c\/VIf4h3AyFvI\/AAAAAAAAFmI\/kDcq7kiE1BM\/w400-h267-no\/untitled1.jpg\",\"keywords\":[\"2006\",\"Kremtime\",\"Kryepiskopata Tiran\u00eb\",\"Kryepiskopi Anastas\",\"lajme\"],\"articleSection\":[\"Lajme\"],\"inLanguage\":\"en-US\"},{\"@type\":\"WebPage\",\"@id\":\"https:\/\/orthodoxalbania.org\/2020\/2006\/02\/26\/kisha-orthodhokse-e-shqiperise-kremtoi-14-vjetorin-e-fronezimit-te-kryepiskopit-anastas-gusht-06\/\",\"url\":\"https:\/\/orthodoxalbania.org\/2020\/2006\/02\/26\/kisha-orthodhokse-e-shqiperise-kremtoi-14-vjetorin-e-fronezimit-te-kryepiskopit-anastas-gusht-06\/\",\"name\":\"Kisha Orthodhokse e Shqip\u00ebris\u00eb kremtoi 14 vjetorin e Fron\u00ebzimit t\u00eb Kryepiskopit Anastas (2 Gusht 2006) - Kisha Orthodh\u03bfkse Autoqefale e Shqip\u00ebris\u00eb\",\"isPartOf\":{\"@id\":\"https:\/\/orthodoxalbania.org\/2020\/#website\"},\"primaryImageOfPage\":{\"@id\":\"https:\/\/orthodoxalbania.org\/2020\/2006\/02\/26\/kisha-orthodhokse-e-shqiperise-kremtoi-14-vjetorin-e-fronezimit-te-kryepiskopit-anastas-gusht-06\/#primaryimage\"},\"image\":{\"@id\":\"https:\/\/orthodoxalbania.org\/2020\/2006\/02\/26\/kisha-orthodhokse-e-shqiperise-kremtoi-14-vjetorin-e-fronezimit-te-kryepiskopit-anastas-gusht-06\/#primaryimage\"},\"thumbnailUrl\":\"https:\/\/lh3.googleusercontent.com\/-3TohR9EdC2c\/VIf4h3AyFvI\/AAAAAAAAFmI\/kDcq7kiE1BM\/w400-h267-no\/untitled1.jpg\",\"datePublished\":\"2006-02-26T00:00:00+00:00\",\"dateModified\":\"2020-04-06T20:36:01+00:00\",\"breadcrumb\":{\"@id\":\"https:\/\/orthodoxalbania.org\/2020\/2006\/02\/26\/kisha-orthodhokse-e-shqiperise-kremtoi-14-vjetorin-e-fronezimit-te-kryepiskopit-anastas-gusht-06\/#breadcrumb\"},\"inLanguage\":\"en-US\",\"potentialAction\":[{\"@type\":\"ReadAction\",\"target\":[\"https:\/\/orthodoxalbania.org\/2020\/2006\/02\/26\/kisha-orthodhokse-e-shqiperise-kremtoi-14-vjetorin-e-fronezimit-te-kryepiskopit-anastas-gusht-06\/\"]}]},{\"@type\":\"ImageObject\",\"inLanguage\":\"en-US\",\"@id\":\"https:\/\/orthodoxalbania.org\/2020\/2006\/02\/26\/kisha-orthodhokse-e-shqiperise-kremtoi-14-vjetorin-e-fronezimit-te-kryepiskopit-anastas-gusht-06\/#primaryimage\",\"url\":\"https:\/\/lh3.googleusercontent.com\/-3TohR9EdC2c\/VIf4h3AyFvI\/AAAAAAAAFmI\/kDcq7kiE1BM\/w400-h267-no\/untitled1.jpg\",\"contentUrl\":\"https:\/\/lh3.googleusercontent.com\/-3TohR9EdC2c\/VIf4h3AyFvI\/AAAAAAAAFmI\/kDcq7kiE1BM\/w400-h267-no\/untitled1.jpg\"},{\"@type\":\"BreadcrumbList\",\"@id\":\"https:\/\/orthodoxalbania.org\/2020\/2006\/02\/26\/kisha-orthodhokse-e-shqiperise-kremtoi-14-vjetorin-e-fronezimit-te-kryepiskopit-anastas-gusht-06\/#breadcrumb\",\"itemListElement\":[{\"@type\":\"ListItem\",\"position\":1,\"name\":\"Home\",\"item\":\"https:\/\/orthodoxalbania.org\/2020\/\"},{\"@type\":\"ListItem\",\"position\":2,\"name\":\"Kisha Orthodhokse e Shqip\u00ebris\u00eb kremtoi 14 vjetorin e Fron\u00ebzimit t\u00eb Kryepiskopit Anastas (2 Gusht 2006)\"}]},{\"@type\":\"WebSite\",\"@id\":\"https:\/\/orthodoxalbania.org\/2020\/#website\",\"url\":\"https:\/\/orthodoxalbania.org\/2020\/\",\"name\":\"Kisha Orthodh\u03bfkse Autoqefale e Shqip\u00ebris\u00eb\",\"description\":\"Fqja Zyrtare e Kish\u00ebs Orthodhokse Autoqefale e Shqip\u00ebris\u00eb me lajmet edhe informacionet zyrtare p\u00ebr struktur\u00ebn edhe veprimtarin e saj.\",\"publisher\":{\"@id\":\"https:\/\/orthodoxalbania.org\/2020\/#organization\"},\"potentialAction\":[{\"@type\":\"SearchAction\",\"target\":{\"@type\":\"EntryPoint\",\"urlTemplate\":\"https:\/\/orthodoxalbania.org\/2020\/?s={search_term_string}\"},\"query-input\":{\"@type\":\"PropertyValueSpecification\",\"valueRequired\":true,\"valueName\":\"search_term_string\"}}],\"inLanguage\":\"en-US\"},{\"@type\":\"Organization\",\"@id\":\"https:\/\/orthodoxalbania.org\/2020\/#organization\",\"name\":\"Kisha Orthodhokse Autoqefale e Shqip\u00ebris\u00eb\",\"url\":\"https:\/\/orthodoxalbania.org\/2020\/\",\"logo\":{\"@type\":\"ImageObject\",\"inLanguage\":\"en-US\",\"@id\":\"https:\/\/orthodoxalbania.org\/2020\/#\/schema\/logo\/image\/\",\"url\":\"https:\/\/orthodoxalbania.org\/2020\/wp-content\/uploads\/2020\/05\/albania.jpeg\",\"contentUrl\":\"https:\/\/orthodoxalbania.org\/2020\/wp-content\/uploads\/2020\/05\/albania.jpeg\",\"width\":540,\"height\":540,\"caption\":\"Kisha Orthodhokse Autoqefale e Shqip\u00ebris\u00eb\"},\"image\":{\"@id\":\"https:\/\/orthodoxalbania.org\/2020\/#\/schema\/logo\/image\/\"},\"sameAs\":[\"https:\/\/www.facebook.com\/koash1991\"]},{\"@type\":\"Person\",\"@id\":\"https:\/\/orthodoxalbania.org\/2020\/#\/schema\/person\/0c387634a7063ac612d7ed9ce71c7e86\",\"name\":\"Kisha Orthodhokse\",\"image\":{\"@type\":\"ImageObject\",\"inLanguage\":\"en-US\",\"@id\":\"https:\/\/secure.gravatar.com\/avatar\/596e7c417251e30f2fbb9c00e026fce61a695a00e51c889caded71c96cbbdde5?s=96&d=mm&r=g\",\"url\":\"https:\/\/secure.gravatar.com\/avatar\/596e7c417251e30f2fbb9c00e026fce61a695a00e51c889caded71c96cbbdde5?s=96&d=mm&r=g\",\"contentUrl\":\"https:\/\/secure.gravatar.com\/avatar\/596e7c417251e30f2fbb9c00e026fce61a695a00e51c889caded71c96cbbdde5?s=96&d=mm&r=g\",\"caption\":\"Kisha Orthodhokse\"}}]}<\/script>\n<!-- \/ Yoast SEO plugin. -->","yoast_head_json":{"title":"Kisha Orthodhokse e Shqip\u00ebris\u00eb kremtoi 14 vjetorin e Fron\u00ebzimit t\u00eb Kryepiskopit Anastas (2 Gusht 2006) - Kisha Orthodh\u03bfkse Autoqefale e Shqip\u00ebris\u00eb","robots":{"index":"index","follow":"follow","max-snippet":"max-snippet:-1","max-image-preview":"max-image-preview:large","max-video-preview":"max-video-preview:-1"},"canonical":"https:\/\/orthodoxalbania.org\/2020\/2006\/02\/26\/kisha-orthodhokse-e-shqiperise-kremtoi-14-vjetorin-e-fronezimit-te-kryepiskopit-anastas-gusht-06\/","og_locale":"en_US","og_type":"article","og_title":"Kisha Orthodhokse e Shqip\u00ebris\u00eb kremtoi 14 vjetorin e Fron\u00ebzimit t\u00eb Kryepiskopit Anastas (2 Gusht 2006) - Kisha Orthodh\u03bfkse Autoqefale e Shqip\u00ebris\u00eb","og_description":"\u201cP\u00ebrparimi i Kish\u00ebs Orthodhokse \u00ebsht\u00eb p\u00ebrparim p\u00ebr mbar\u00eb vendin\u201d &nbsp; &nbsp; &nbsp; Kisha Orthodhokse Autoqefale e Shqip\u00ebris\u00eb kremtoi t\u00eb m\u00ebrkur\u00ebn m\u00eb 2 gusht, 14 vjetorin e Fron\u00ebzimit t\u00eb Fortlumturis\u00eb s\u00eb Tij, Kryepiskopit t\u00eb Tiran\u00ebs, Durr\u00ebsit dhe gjith\u00eb Shqip\u00ebris\u00eb Prof. Dr. Anastas Janullatos dhe n\u00eb t\u00eb nj\u00ebjt\u00ebn koh\u00eb momentin e ringritjes kanonike t\u00eb Kish\u00ebs Orthodhokse pas regjimit komunist. &nbsp; N\u00eb kish\u00ebn \u201cUngjill\u00ebzimi i Hyjlind\u00ebses Mari\u201d, n\u00eb","og_url":"https:\/\/orthodoxalbania.org\/2020\/2006\/02\/26\/kisha-orthodhokse-e-shqiperise-kremtoi-14-vjetorin-e-fronezimit-te-kryepiskopit-anastas-gusht-06\/","og_site_name":"Kisha Orthodh\u03bfkse Autoqefale e Shqip\u00ebris\u00eb","article_publisher":"https:\/\/www.facebook.com\/koash1991","article_published_time":"2006-02-26T00:00:00+00:00","article_modified_time":"2020-04-06T20:36:01+00:00","og_image":[{"url":"https:\/\/lh3.googleusercontent.com\/-3TohR9EdC2c\/VIf4h3AyFvI\/AAAAAAAAFmI\/kDcq7kiE1BM\/w400-h267-no\/untitled1.jpg","type":"","width":"","height":""}],"author":"Kisha Orthodhokse","twitter_card":"summary_large_image","twitter_misc":{"Written by":"Kisha Orthodhokse","Est. reading time":"7 minutes"},"schema":{"@context":"https:\/\/schema.org","@graph":[{"@type":"Article","@id":"https:\/\/orthodoxalbania.org\/2020\/2006\/02\/26\/kisha-orthodhokse-e-shqiperise-kremtoi-14-vjetorin-e-fronezimit-te-kryepiskopit-anastas-gusht-06\/#article","isPartOf":{"@id":"https:\/\/orthodoxalbania.org\/2020\/2006\/02\/26\/kisha-orthodhokse-e-shqiperise-kremtoi-14-vjetorin-e-fronezimit-te-kryepiskopit-anastas-gusht-06\/"},"author":{"name":"Kisha Orthodhokse","@id":"https:\/\/orthodoxalbania.org\/2020\/#\/schema\/person\/0c387634a7063ac612d7ed9ce71c7e86"},"headline":"Kisha Orthodhokse e Shqip\u00ebris\u00eb kremtoi 14 vjetorin e Fron\u00ebzimit t\u00eb Kryepiskopit Anastas (2 Gusht 2006)","datePublished":"2006-02-26T00:00:00+00:00","dateModified":"2020-04-06T20:36:01+00:00","mainEntityOfPage":{"@id":"https:\/\/orthodoxalbania.org\/2020\/2006\/02\/26\/kisha-orthodhokse-e-shqiperise-kremtoi-14-vjetorin-e-fronezimit-te-kryepiskopit-anastas-gusht-06\/"},"wordCount":1433,"commentCount":0,"publisher":{"@id":"https:\/\/orthodoxalbania.org\/2020\/#organization"},"image":{"@id":"https:\/\/orthodoxalbania.org\/2020\/2006\/02\/26\/kisha-orthodhokse-e-shqiperise-kremtoi-14-vjetorin-e-fronezimit-te-kryepiskopit-anastas-gusht-06\/#primaryimage"},"thumbnailUrl":"https:\/\/lh3.googleusercontent.com\/-3TohR9EdC2c\/VIf4h3AyFvI\/AAAAAAAAFmI\/kDcq7kiE1BM\/w400-h267-no\/untitled1.jpg","keywords":["2006","Kremtime","Kryepiskopata Tiran\u00eb","Kryepiskopi Anastas","lajme"],"articleSection":["Lajme"],"inLanguage":"en-US"},{"@type":"WebPage","@id":"https:\/\/orthodoxalbania.org\/2020\/2006\/02\/26\/kisha-orthodhokse-e-shqiperise-kremtoi-14-vjetorin-e-fronezimit-te-kryepiskopit-anastas-gusht-06\/","url":"https:\/\/orthodoxalbania.org\/2020\/2006\/02\/26\/kisha-orthodhokse-e-shqiperise-kremtoi-14-vjetorin-e-fronezimit-te-kryepiskopit-anastas-gusht-06\/","name":"Kisha Orthodhokse e Shqip\u00ebris\u00eb kremtoi 14 vjetorin e Fron\u00ebzimit t\u00eb Kryepiskopit Anastas (2 Gusht 2006) - Kisha Orthodh\u03bfkse Autoqefale e Shqip\u00ebris\u00eb","isPartOf":{"@id":"https:\/\/orthodoxalbania.org\/2020\/#website"},"primaryImageOfPage":{"@id":"https:\/\/orthodoxalbania.org\/2020\/2006\/02\/26\/kisha-orthodhokse-e-shqiperise-kremtoi-14-vjetorin-e-fronezimit-te-kryepiskopit-anastas-gusht-06\/#primaryimage"},"image":{"@id":"https:\/\/orthodoxalbania.org\/2020\/2006\/02\/26\/kisha-orthodhokse-e-shqiperise-kremtoi-14-vjetorin-e-fronezimit-te-kryepiskopit-anastas-gusht-06\/#primaryimage"},"thumbnailUrl":"https:\/\/lh3.googleusercontent.com\/-3TohR9EdC2c\/VIf4h3AyFvI\/AAAAAAAAFmI\/kDcq7kiE1BM\/w400-h267-no\/untitled1.jpg","datePublished":"2006-02-26T00:00:00+00:00","dateModified":"2020-04-06T20:36:01+00:00","breadcrumb":{"@id":"https:\/\/orthodoxalbania.org\/2020\/2006\/02\/26\/kisha-orthodhokse-e-shqiperise-kremtoi-14-vjetorin-e-fronezimit-te-kryepiskopit-anastas-gusht-06\/#breadcrumb"},"inLanguage":"en-US","potentialAction":[{"@type":"ReadAction","target":["https:\/\/orthodoxalbania.org\/2020\/2006\/02\/26\/kisha-orthodhokse-e-shqiperise-kremtoi-14-vjetorin-e-fronezimit-te-kryepiskopit-anastas-gusht-06\/"]}]},{"@type":"ImageObject","inLanguage":"en-US","@id":"https:\/\/orthodoxalbania.org\/2020\/2006\/02\/26\/kisha-orthodhokse-e-shqiperise-kremtoi-14-vjetorin-e-fronezimit-te-kryepiskopit-anastas-gusht-06\/#primaryimage","url":"https:\/\/lh3.googleusercontent.com\/-3TohR9EdC2c\/VIf4h3AyFvI\/AAAAAAAAFmI\/kDcq7kiE1BM\/w400-h267-no\/untitled1.jpg","contentUrl":"https:\/\/lh3.googleusercontent.com\/-3TohR9EdC2c\/VIf4h3AyFvI\/AAAAAAAAFmI\/kDcq7kiE1BM\/w400-h267-no\/untitled1.jpg"},{"@type":"BreadcrumbList","@id":"https:\/\/orthodoxalbania.org\/2020\/2006\/02\/26\/kisha-orthodhokse-e-shqiperise-kremtoi-14-vjetorin-e-fronezimit-te-kryepiskopit-anastas-gusht-06\/#breadcrumb","itemListElement":[{"@type":"ListItem","position":1,"name":"Home","item":"https:\/\/orthodoxalbania.org\/2020\/"},{"@type":"ListItem","position":2,"name":"Kisha Orthodhokse e Shqip\u00ebris\u00eb kremtoi 14 vjetorin e Fron\u00ebzimit t\u00eb Kryepiskopit Anastas (2 Gusht 2006)"}]},{"@type":"WebSite","@id":"https:\/\/orthodoxalbania.org\/2020\/#website","url":"https:\/\/orthodoxalbania.org\/2020\/","name":"Kisha Orthodh\u03bfkse Autoqefale e Shqip\u00ebris\u00eb","description":"Fqja Zyrtare e Kish\u00ebs Orthodhokse Autoqefale e Shqip\u00ebris\u00eb me lajmet edhe informacionet zyrtare p\u00ebr struktur\u00ebn edhe veprimtarin e saj.","publisher":{"@id":"https:\/\/orthodoxalbania.org\/2020\/#organization"},"potentialAction":[{"@type":"SearchAction","target":{"@type":"EntryPoint","urlTemplate":"https:\/\/orthodoxalbania.org\/2020\/?s={search_term_string}"},"query-input":{"@type":"PropertyValueSpecification","valueRequired":true,"valueName":"search_term_string"}}],"inLanguage":"en-US"},{"@type":"Organization","@id":"https:\/\/orthodoxalbania.org\/2020\/#organization","name":"Kisha Orthodhokse Autoqefale e Shqip\u00ebris\u00eb","url":"https:\/\/orthodoxalbania.org\/2020\/","logo":{"@type":"ImageObject","inLanguage":"en-US","@id":"https:\/\/orthodoxalbania.org\/2020\/#\/schema\/logo\/image\/","url":"https:\/\/orthodoxalbania.org\/2020\/wp-content\/uploads\/2020\/05\/albania.jpeg","contentUrl":"https:\/\/orthodoxalbania.org\/2020\/wp-content\/uploads\/2020\/05\/albania.jpeg","width":540,"height":540,"caption":"Kisha Orthodhokse Autoqefale e Shqip\u00ebris\u00eb"},"image":{"@id":"https:\/\/orthodoxalbania.org\/2020\/#\/schema\/logo\/image\/"},"sameAs":["https:\/\/www.facebook.com\/koash1991"]},{"@type":"Person","@id":"https:\/\/orthodoxalbania.org\/2020\/#\/schema\/person\/0c387634a7063ac612d7ed9ce71c7e86","name":"Kisha Orthodhokse","image":{"@type":"ImageObject","inLanguage":"en-US","@id":"https:\/\/secure.gravatar.com\/avatar\/596e7c417251e30f2fbb9c00e026fce61a695a00e51c889caded71c96cbbdde5?s=96&d=mm&r=g","url":"https:\/\/secure.gravatar.com\/avatar\/596e7c417251e30f2fbb9c00e026fce61a695a00e51c889caded71c96cbbdde5?s=96&d=mm&r=g","contentUrl":"https:\/\/secure.gravatar.com\/avatar\/596e7c417251e30f2fbb9c00e026fce61a695a00e51c889caded71c96cbbdde5?s=96&d=mm&r=g","caption":"Kisha Orthodhokse"}}]}},"_links":{"self":[{"href":"https:\/\/orthodoxalbania.org\/2020\/wp-json\/wp\/v2\/posts\/732","targetHints":{"allow":["GET"]}}],"collection":[{"href":"https:\/\/orthodoxalbania.org\/2020\/wp-json\/wp\/v2\/posts"}],"about":[{"href":"https:\/\/orthodoxalbania.org\/2020\/wp-json\/wp\/v2\/types\/post"}],"author":[{"embeddable":true,"href":"https:\/\/orthodoxalbania.org\/2020\/wp-json\/wp\/v2\/users\/1"}],"replies":[{"embeddable":true,"href":"https:\/\/orthodoxalbania.org\/2020\/wp-json\/wp\/v2\/comments?post=732"}],"version-history":[{"count":1,"href":"https:\/\/orthodoxalbania.org\/2020\/wp-json\/wp\/v2\/posts\/732\/revisions"}],"predecessor-version":[{"id":15823,"href":"https:\/\/orthodoxalbania.org\/2020\/wp-json\/wp\/v2\/posts\/732\/revisions\/15823"}],"wp:attachment":[{"href":"https:\/\/orthodoxalbania.org\/2020\/wp-json\/wp\/v2\/media?parent=732"}],"wp:term":[{"taxonomy":"category","embeddable":true,"href":"https:\/\/orthodoxalbania.org\/2020\/wp-json\/wp\/v2\/categories?post=732"},{"taxonomy":"post_tag","embeddable":true,"href":"https:\/\/orthodoxalbania.org\/2020\/wp-json\/wp\/v2\/tags?post=732"}],"curies":[{"name":"wp","href":"https:\/\/api.w.org\/{rel}","templated":true}]}}