{"id":731,"date":"2008-02-26T00:00:00","date_gmt":"2008-02-26T00:00:00","guid":{"rendered":""},"modified":"2020-04-06T22:35:17","modified_gmt":"2020-04-06T20:35:17","slug":"kisha-orthodhokse-e-shqiperise-dorezon-ndihma-te-reja-per-banoret-e-gerdecit-prill-2008","status":"publish","type":"post","link":"https:\/\/orthodoxalbania.org\/2020\/2008\/02\/26\/kisha-orthodhokse-e-shqiperise-dorezon-ndihma-te-reja-per-banoret-e-gerdecit-prill-2008\/","title":{"rendered":"Kisha Orthodhokse e Shqip\u00ebris\u00eb dor\u00ebzon ndihma t\u00eb reja p\u00ebr banor\u00ebt e G\u00ebrdecit. (Prill 2008)"},"content":{"rendered":"<p style=\"text-align: center;\"><strong><span style=\"color: #b22222;\"><span style=\"font-family: tahoma,geneva,sans-serif;\"><span style=\"font-size: 12px;\"><em>&#8211; 10.4 ton\u00eb ndihma u mblodh\u00ebn nga besimtar\u00eb orthodhoks\u00eb grek\u00eb &#8211;<\/em><\/span><\/span><\/span><\/strong><\/p>\n<table id=\"AutoNumber2\" border=\"0\">\n<tbody>\n<tr>\n<td style=\"width: 493px;\">\n<p><span style=\"color: #000000;\"><span style=\"font-family: tahoma,geneva,sans-serif;\"><span style=\"font-size: 12px;\"><img decoding=\"async\" class=\"lazyload HAa Eha\" style=\"border-width: 1px; border-style: solid; margin: 10px auto; display: block;\" alt=\"\" src=\"data:image\/gif;base64,R0lGODlhAQABAAAAACH5BAEKAAEALAAAAAABAAEAAAICTAEAOw==\" data-orig-src=\"https:\/\/lh5.googleusercontent.com\/-GJktjBulJgc\/VIwPolZgl4I\/AAAAAAAAHdE\/nkShSbWOg6w\/w400-h225-no\/Vora1.jpg\" \/><\/span><\/span><\/span><\/p>\n<\/td>\n<td style=\"width: 614px;\">\n<p style=\"text-align: justify;\"><span style=\"color: #000000;\"><span style=\"font-family: tahoma,geneva,sans-serif;\"><span style=\"font-size: 12px;\">&nbsp;&nbsp;&nbsp; Kisha Orthodhokse Autoqefale e Shqip\u00ebris\u00eb n\u00eb p\u00ebrpjekjet p\u00ebr t\u00eb ndihmuar banor\u00ebt q\u00eb iu shkat\u00ebrruan sht\u00ebpit\u00eb n\u00eb G\u00ebrdec, b\u00ebri edhe apele jasht\u00eb vendit, p\u00ebr t\u00eb siguruar ndihma dhe mb\u00ebshtetje p\u00ebr ta. Ky interesim i dha frytet e tij, ku mund t\u00eb p\u00ebrmendim ndihmat e mbledhura e d\u00ebrguara nga besimtar\u00eb orthodhoks\u00eb t\u00eb Greqis\u00eb apo interesimin e treguar nga IOCC, q\u00eb vepron si agjenci p\u00ebr emergjencat dhe ndihmat n\u00ebn Konferenc\u00ebn e Episkop\u00ebve Orthodhoks\u00eb Kanonik\u00eb t\u00eb SHBA etj.<\/span><\/span><\/span><\/p>\n<\/td>\n<\/tr>\n<tr>\n<td style=\"width: 493px;\">\n<p style=\"text-align: justify;\"><span style=\"color: #000000;\"><span style=\"font-family: tahoma,geneva,sans-serif;\"><span style=\"font-size: 12px;\">&nbsp;&nbsp;&nbsp; N\u00eb k\u00ebt\u00eb kuad\u00ebr, n\u00eb pjes\u00ebn e dyt\u00eb t\u00eb prillit, p\u00ebrfaq\u00ebsues nga Kisha jon\u00eb dor\u00ebzuan n\u00eb magazinat e emergjenc\u00ebs t\u00eb Bashkis\u00eb Vor\u00eb mbi 10 ton\u00eb ndihma p\u00ebr banor\u00ebt e prekur nga tragjedia e G\u00ebrdecit.<\/span><\/span><\/span><\/p>\n<\/td>\n<td style=\"width: 614px;\">\n<p><span style=\"color: #000000;\"><span style=\"font-family: tahoma,geneva,sans-serif;\"><span style=\"font-size: 12px;\"><img decoding=\"async\" class=\"lazyload HAa Eha\" style=\"border-width: 1px; border-style: solid; margin: 10px;\" alt=\"\" src=\"data:image\/gif;base64,R0lGODlhAQABAAAAACH5BAEKAAEALAAAAAABAAEAAAICTAEAOw==\" data-orig-src=\"https:\/\/lh5.googleusercontent.com\/-Ugylu91MXaI\/VIwPoaCL-9I\/AAAAAAAAHc4\/ljLQuKByAbM\/w400-h225-no\/Vora2.jpg\" \/><\/span><\/span><\/span><\/p>\n<\/td>\n<\/tr>\n<tr>\n<td style=\"width: 493px;\">\n<p><span style=\"color: #000000;\"><span style=\"font-family: tahoma,geneva,sans-serif;\"><span style=\"font-size: 12px;\"><img decoding=\"async\" class=\"lazyload HAa Eha\" style=\"border-width: 1px; border-style: solid; margin: 10px auto; display: block;\" alt=\"\" src=\"data:image\/gif;base64,R0lGODlhAQABAAAAACH5BAEKAAEALAAAAAABAAEAAAICTAEAOw==\" data-orig-src=\"https:\/\/lh4.googleusercontent.com\/-eglo1tI-iIo\/VIwPoqgN42I\/AAAAAAAAHdQ\/S-20pFNc3ls\/w400-h225-no\/Vora3.jpg\" \/><\/span><\/span><\/span><\/p>\n<\/td>\n<td style=\"width: 614px;\">\n<p><span style=\"color: #000000;\"><span style=\"font-family: tahoma,geneva,sans-serif;\"><span style=\"font-size: 12px;\">&nbsp;&nbsp;&nbsp;&nbsp;<\/span><\/span><\/span><\/p>\n<p><span style=\"color: #000000;\"><span style=\"font-family: tahoma,geneva,sans-serif;\"><span style=\"font-size: 12px;\">&nbsp;&nbsp;&nbsp; K\u00ebshtu, n\u00eb dat\u00ebn 17 prill, u dor\u00ebzuan 4.2 ton\u00eb ndihma t\u00eb mbledhura nga besimtar\u00eb t\u00eb Mitropolis\u00eb s\u00eb Larisas, q\u00eb p\u00ebrfshinin 1 ton miell, fasule, sheqer, vaj, makarona etj., si dhe 100 batanije dhe veshje t\u00eb ndryshme.<\/span><\/span><\/span><\/p>\n<p>&nbsp;<\/p>\n<\/td>\n<\/tr>\n<tr>\n<td style=\"width: 493px;\">\n<p><span style=\"color: #000000;\"><span style=\"font-family: tahoma,geneva,sans-serif;\"><span style=\"font-size: 12px;\">&nbsp;&nbsp;&nbsp;&nbsp;<\/span><\/span><\/span><\/p>\n<p style=\"text-align: justify;\"><span style=\"color: #000000;\"><span style=\"font-family: tahoma,geneva,sans-serif;\"><span style=\"font-size: 12px;\">&nbsp;&nbsp; N\u00eb dat\u00ebn 20 prill, nga p\u00ebrfaq\u00ebsuesit e Kish\u00ebs son\u00eb u dor\u00ebzua n\u00eb depo nj\u00eb tjet\u00ebr ngarkes\u00eb me ndihma, k\u00ebt\u00eb radh\u00eb t\u00eb mbledhura nga besimtar\u00eb t\u00eb Mitropolis\u00eb s\u00eb Follorin\u00ebs, me pesh\u00eb 6.2 ton\u00eb. Ajo p\u00ebrmbante rroba, k\u00ebpuc\u00eb, ushqime si: oriz, makarona etj.<\/span><\/span><\/span><\/p>\n<p>&nbsp;<\/p>\n<\/td>\n<td style=\"width: 614px;\">\n<p><span style=\"color: #000000;\"><span style=\"font-family: tahoma,geneva,sans-serif;\"><span style=\"font-size: 12px;\"><img decoding=\"async\" class=\"lazyload HAa Eha\" style=\"border-width: 1px; border-style: solid; margin: 10px auto; display: block;\" alt=\"\" src=\"data:image\/gif;base64,R0lGODlhAQABAAAAACH5BAEKAAEALAAAAAABAAEAAAICTAEAOw==\" data-orig-src=\"https:\/\/lh3.googleusercontent.com\/-IdSUhNu0fVo\/VIwPo8CldgI\/AAAAAAAAHc8\/L8KuTdLPmsY\/w400-h225-no\/Vora4.jpg\" \/><\/span><\/span><\/span><\/p>\n<\/td>\n<\/tr>\n<tr>\n<td style=\"width: 493px;\">\n<p><span style=\"color: #000000;\"><span style=\"font-family: tahoma,geneva,sans-serif;\"><span style=\"font-size: 12px;\"><img decoding=\"async\" class=\"lazyload HAa Eha\" style=\"border-width: 1px; border-style: solid; margin: 10px auto; display: block;\" alt=\"\" src=\"data:image\/gif;base64,R0lGODlhAQABAAAAACH5BAEKAAEALAAAAAABAAEAAAICTAEAOw==\" data-orig-src=\"https:\/\/lh4.googleusercontent.com\/-1XmsyBcI-IM\/VIwPpBFV_RI\/AAAAAAAAHdM\/Z3TNjSjgYAM\/w400-h225-no\/Vora5.jpg\" \/><\/span><\/span><\/span><\/p>\n<\/td>\n<td style=\"width: 614px;\">\n<p style=\"text-align: justify;\"><span style=\"color: #000000;\"><span style=\"font-family: tahoma,geneva,sans-serif;\"><span style=\"font-size: 12px;\">&nbsp;&nbsp;&nbsp; Pra, u dor\u00ebzuan 10.4 ton\u00eb ndihma, n\u00eb vazhdim\u00ebsi t\u00eb ndihm\u00ebs q\u00eb Kisha Orthodhokse Autoqefale e Shqip\u00ebris\u00eb, me kujdesin e ve\u00e7ant\u00eb t\u00eb Kryepiskopit Anastas, dha q\u00eb n\u00eb \u00e7astet e para p\u00ebr t\u00eb leht\u00ebsuar gjendjen e t\u00eb prekurve nga fatkeq\u00ebsia, ndihm\u00eb q\u00eb do vazhdoj\u00eb edhe m\u00eb tej duke p\u00ebrfshir\u00eb jo vet\u00ebm ndihmat emergjente n\u00eb ushqime e veshje, por edhe mb\u00ebshtetja q\u00eb iu dha atyre q\u00eb iu prishur sht\u00ebpit\u00eb nga student\u00ebt e t\u00eb rinjt\u00eb orthodhoks\u00eb e deri tek kontributi p\u00ebr rifillimin normal t\u00eb jet\u00ebs, duke kontribuar n\u00eb rifunksionimin e institucioneve arsimore.<\/span><\/span><\/span><\/p>\n<\/td>\n<\/tr>\n<tr>\n<td dir=\"ltr\" colspan=\"2\">\n<p style=\"text-align: justify;\"> <span style=\"color: #000000;\"><span style=\"font-family: tahoma,geneva,sans-serif;\"><span style=\"font-size: 12px;\">&nbsp;&nbsp;&nbsp; P\u00ebr k\u00ebto ndihma, Kisha jon\u00eb mori edhe fal\u00ebnderime zyrtare nga Bashkia e Vor\u00ebs, nga Kryetari i saj Fiqiri Ismaili, n\u00eb em\u00ebr t\u00eb gjith\u00eb komunitetit t\u00eb banor\u00ebve, p\u00ebr ndihmat dhe kujdesin e treguar. N\u00eb k\u00ebt\u00eb fal\u00ebnderim shkruhej:<\/span><\/span><\/span><\/p>\n<p style=\"text-align: justify;\"><span style=\"color: #000000;\"><span style=\"font-family: tahoma,geneva,sans-serif;\"><span style=\"font-size: 12px;\">&nbsp;&nbsp; \u201cI gjith\u00eb komuniteti i Bashkis\u00eb s\u00eb Vor\u00ebs ju fal\u00ebnderon n\u00eb kuad\u00ebr t\u00eb ndihm\u00ebs suaj n\u00eb veshmbathje dhe ushqime t\u00eb ndryshme, s\u00eb gjendur n\u00eb k\u00ebto momente t\u00eb v\u00ebshtira t\u00eb ndodhura nga shp\u00ebrthimi teknologjik i tragjedis\u00eb s\u00eb G\u00ebrdecit.<\/span><\/span><\/span><\/p>\n<p style=\"text-align: justify;\"><span style=\"color: #000000;\"><span style=\"font-family: tahoma,geneva,sans-serif;\"><span style=\"font-size: 12px;\">&nbsp;&nbsp;&nbsp; N\u00eb k\u00ebto momente, \u00e7do ndihm\u00eb, qoft\u00eb edhe morale, \u00ebsht\u00eb&nbsp; nevojshme p\u00ebr t\u00eb kaluar k\u00ebt\u00eb traum\u00eb t\u00eb r\u00ebnd\u00eb q\u00eb i ndodhi komunitetit t\u00eb Bashkis\u00eb Vor\u00eb.\u201d<\/span><\/span><\/span><\/p>\n<\/td>\n<\/tr>\n<tr>\n<td dir=\"ltr\" colspan=\"2\">\n<p><span style=\"color: #000000;\"><span style=\"font-family: tahoma,geneva,sans-serif;\"><span style=\"font-size: 12px;\">&nbsp;&nbsp;&nbsp;&nbsp;<\/span><\/span><\/span><\/p>\n<p><span style=\"color: #000000;\"><span style=\"font-family: tahoma,geneva,sans-serif;\"><span style=\"font-size: 12px;\"><strong>At\u00eb Vasil Skordileva<\/strong><\/span><\/span><\/span><\/p>\n<\/td>\n<\/tr>\n<\/tbody>\n<\/table>\n","protected":false},"excerpt":{"rendered":"<p>&#8211; 10.4 ton\u00eb ndihma u mblodh\u00ebn nga besimtar\u00eb orthodhoks\u00eb grek\u00eb &#8211; &nbsp;&nbsp;&nbsp; Kisha Orthodhokse Autoqefale e Shqip\u00ebris\u00eb n\u00eb p\u00ebrpjekjet p\u00ebr t\u00eb ndihmuar banor\u00ebt q\u00eb iu shkat\u00ebrruan sht\u00ebpit\u00eb n\u00eb G\u00ebrdec, b\u00ebri edhe apele jasht\u00eb vendit, p\u00ebr t\u00eb siguruar ndihma dhe mb\u00ebshtetje p\u00ebr ta. Ky interesim i dha frytet e tij, ku mund t\u00eb p\u00ebrmendim ndihmat e mbledhura e d\u00ebrguara nga besimtar\u00eb orthodhoks\u00eb t\u00eb Greqis\u00eb apo interesimin<\/p>\n","protected":false},"author":1,"featured_media":0,"comment_status":"open","ping_status":"open","sticky":false,"template":"","format":"standard","meta":{"_acf_changed":false,"pagelayer_contact_templates":[],"_pagelayer_content":"","inline_featured_image":false,"fifu_image_url":"","fifu_image_alt":"","footnotes":""},"categories":[108],"tags":[146,633,196,212],"class_list":["post-731","post","type-post","status-publish","format-standard","hentry","category-lajme","tag-146","tag-donacionendihma","tag-tirane","tag-lajme-d27"],"acf":[],"yoast_head":"<!-- This site is optimized with the Yoast SEO plugin v27.2 - https:\/\/yoast.com\/product\/yoast-seo-wordpress\/ -->\n<title>Kisha Orthodhokse e Shqip\u00ebris\u00eb dor\u00ebzon ndihma t\u00eb reja p\u00ebr banor\u00ebt e G\u00ebrdecit. (Prill 2008) - Kisha Orthodh\u03bfkse Autoqefale e Shqip\u00ebris\u00eb<\/title>\n<meta name=\"robots\" content=\"index, follow, max-snippet:-1, max-image-preview:large, max-video-preview:-1\" \/>\n<link rel=\"canonical\" href=\"https:\/\/orthodoxalbania.org\/2020\/2008\/02\/26\/kisha-orthodhokse-e-shqiperise-dorezon-ndihma-te-reja-per-banoret-e-gerdecit-prill-2008\/\" \/>\n<meta property=\"og:locale\" content=\"en_US\" \/>\n<meta property=\"og:type\" content=\"article\" \/>\n<meta property=\"og:title\" content=\"Kisha Orthodhokse e Shqip\u00ebris\u00eb dor\u00ebzon ndihma t\u00eb reja p\u00ebr banor\u00ebt e G\u00ebrdecit. (Prill 2008) - Kisha Orthodh\u03bfkse Autoqefale e Shqip\u00ebris\u00eb\" \/>\n<meta property=\"og:description\" content=\"&#8211; 10.4 ton\u00eb ndihma u mblodh\u00ebn nga besimtar\u00eb orthodhoks\u00eb grek\u00eb &#8211; &nbsp;&nbsp;&nbsp; Kisha Orthodhokse Autoqefale e Shqip\u00ebris\u00eb n\u00eb p\u00ebrpjekjet p\u00ebr t\u00eb ndihmuar banor\u00ebt q\u00eb iu shkat\u00ebrruan sht\u00ebpit\u00eb n\u00eb G\u00ebrdec, b\u00ebri edhe apele jasht\u00eb vendit, p\u00ebr t\u00eb siguruar ndihma dhe mb\u00ebshtetje p\u00ebr ta. Ky interesim i dha frytet e tij, ku mund t\u00eb p\u00ebrmendim ndihmat e mbledhura e d\u00ebrguara nga besimtar\u00eb orthodhoks\u00eb t\u00eb Greqis\u00eb apo interesimin\" \/>\n<meta property=\"og:url\" content=\"https:\/\/orthodoxalbania.org\/2020\/2008\/02\/26\/kisha-orthodhokse-e-shqiperise-dorezon-ndihma-te-reja-per-banoret-e-gerdecit-prill-2008\/\" \/>\n<meta property=\"og:site_name\" content=\"Kisha Orthodh\u03bfkse Autoqefale e Shqip\u00ebris\u00eb\" \/>\n<meta property=\"article:publisher\" content=\"https:\/\/www.facebook.com\/koash1991\" \/>\n<meta property=\"article:published_time\" content=\"2008-02-26T00:00:00+00:00\" \/>\n<meta property=\"article:modified_time\" content=\"2020-04-06T20:35:17+00:00\" \/>\n<meta property=\"og:image\" content=\"https:\/\/lh5.googleusercontent.com\/-GJktjBulJgc\/VIwPolZgl4I\/AAAAAAAAHdE\/nkShSbWOg6w\/w400-h225-no\/Vora1.jpg\" \/>\n<meta name=\"author\" content=\"Kisha Orthodhokse\" \/>\n<meta name=\"twitter:card\" content=\"summary_large_image\" \/>\n<meta name=\"twitter:label1\" content=\"Written by\" \/>\n\t<meta name=\"twitter:data1\" content=\"Kisha Orthodhokse\" \/>\n\t<meta name=\"twitter:label2\" content=\"Est. reading time\" \/>\n\t<meta name=\"twitter:data2\" content=\"2 minutes\" \/>\n<script type=\"application\/ld+json\" class=\"yoast-schema-graph\">{\"@context\":\"https:\/\/schema.org\",\"@graph\":[{\"@type\":\"Article\",\"@id\":\"https:\/\/orthodoxalbania.org\/2020\/2008\/02\/26\/kisha-orthodhokse-e-shqiperise-dorezon-ndihma-te-reja-per-banoret-e-gerdecit-prill-2008\/#article\",\"isPartOf\":{\"@id\":\"https:\/\/orthodoxalbania.org\/2020\/2008\/02\/26\/kisha-orthodhokse-e-shqiperise-dorezon-ndihma-te-reja-per-banoret-e-gerdecit-prill-2008\/\"},\"author\":{\"name\":\"Kisha Orthodhokse\",\"@id\":\"https:\/\/orthodoxalbania.org\/2020\/#\/schema\/person\/0c387634a7063ac612d7ed9ce71c7e86\"},\"headline\":\"Kisha Orthodhokse e Shqip\u00ebris\u00eb dor\u00ebzon ndihma t\u00eb reja p\u00ebr banor\u00ebt e G\u00ebrdecit. (Prill 2008)\",\"datePublished\":\"2008-02-26T00:00:00+00:00\",\"dateModified\":\"2020-04-06T20:35:17+00:00\",\"mainEntityOfPage\":{\"@id\":\"https:\/\/orthodoxalbania.org\/2020\/2008\/02\/26\/kisha-orthodhokse-e-shqiperise-dorezon-ndihma-te-reja-per-banoret-e-gerdecit-prill-2008\/\"},\"wordCount\":506,\"commentCount\":0,\"publisher\":{\"@id\":\"https:\/\/orthodoxalbania.org\/2020\/#organization\"},\"image\":{\"@id\":\"https:\/\/orthodoxalbania.org\/2020\/2008\/02\/26\/kisha-orthodhokse-e-shqiperise-dorezon-ndihma-te-reja-per-banoret-e-gerdecit-prill-2008\/#primaryimage\"},\"thumbnailUrl\":\"https:\/\/lh5.googleusercontent.com\/-GJktjBulJgc\/VIwPolZgl4I\/AAAAAAAAHdE\/nkShSbWOg6w\/w400-h225-no\/Vora1.jpg\",\"keywords\":[\"2008\",\"DonacioneNdihma\",\"Kryepiskopata Tiran\u00eb\",\"lajme\"],\"articleSection\":[\"Lajme\"],\"inLanguage\":\"en-US\"},{\"@type\":\"WebPage\",\"@id\":\"https:\/\/orthodoxalbania.org\/2020\/2008\/02\/26\/kisha-orthodhokse-e-shqiperise-dorezon-ndihma-te-reja-per-banoret-e-gerdecit-prill-2008\/\",\"url\":\"https:\/\/orthodoxalbania.org\/2020\/2008\/02\/26\/kisha-orthodhokse-e-shqiperise-dorezon-ndihma-te-reja-per-banoret-e-gerdecit-prill-2008\/\",\"name\":\"Kisha Orthodhokse e Shqip\u00ebris\u00eb dor\u00ebzon ndihma t\u00eb reja p\u00ebr banor\u00ebt e G\u00ebrdecit. (Prill 2008) - Kisha Orthodh\u03bfkse Autoqefale e Shqip\u00ebris\u00eb\",\"isPartOf\":{\"@id\":\"https:\/\/orthodoxalbania.org\/2020\/#website\"},\"primaryImageOfPage\":{\"@id\":\"https:\/\/orthodoxalbania.org\/2020\/2008\/02\/26\/kisha-orthodhokse-e-shqiperise-dorezon-ndihma-te-reja-per-banoret-e-gerdecit-prill-2008\/#primaryimage\"},\"image\":{\"@id\":\"https:\/\/orthodoxalbania.org\/2020\/2008\/02\/26\/kisha-orthodhokse-e-shqiperise-dorezon-ndihma-te-reja-per-banoret-e-gerdecit-prill-2008\/#primaryimage\"},\"thumbnailUrl\":\"https:\/\/lh5.googleusercontent.com\/-GJktjBulJgc\/VIwPolZgl4I\/AAAAAAAAHdE\/nkShSbWOg6w\/w400-h225-no\/Vora1.jpg\",\"datePublished\":\"2008-02-26T00:00:00+00:00\",\"dateModified\":\"2020-04-06T20:35:17+00:00\",\"breadcrumb\":{\"@id\":\"https:\/\/orthodoxalbania.org\/2020\/2008\/02\/26\/kisha-orthodhokse-e-shqiperise-dorezon-ndihma-te-reja-per-banoret-e-gerdecit-prill-2008\/#breadcrumb\"},\"inLanguage\":\"en-US\",\"potentialAction\":[{\"@type\":\"ReadAction\",\"target\":[\"https:\/\/orthodoxalbania.org\/2020\/2008\/02\/26\/kisha-orthodhokse-e-shqiperise-dorezon-ndihma-te-reja-per-banoret-e-gerdecit-prill-2008\/\"]}]},{\"@type\":\"ImageObject\",\"inLanguage\":\"en-US\",\"@id\":\"https:\/\/orthodoxalbania.org\/2020\/2008\/02\/26\/kisha-orthodhokse-e-shqiperise-dorezon-ndihma-te-reja-per-banoret-e-gerdecit-prill-2008\/#primaryimage\",\"url\":\"https:\/\/lh5.googleusercontent.com\/-GJktjBulJgc\/VIwPolZgl4I\/AAAAAAAAHdE\/nkShSbWOg6w\/w400-h225-no\/Vora1.jpg\",\"contentUrl\":\"https:\/\/lh5.googleusercontent.com\/-GJktjBulJgc\/VIwPolZgl4I\/AAAAAAAAHdE\/nkShSbWOg6w\/w400-h225-no\/Vora1.jpg\"},{\"@type\":\"BreadcrumbList\",\"@id\":\"https:\/\/orthodoxalbania.org\/2020\/2008\/02\/26\/kisha-orthodhokse-e-shqiperise-dorezon-ndihma-te-reja-per-banoret-e-gerdecit-prill-2008\/#breadcrumb\",\"itemListElement\":[{\"@type\":\"ListItem\",\"position\":1,\"name\":\"Home\",\"item\":\"https:\/\/orthodoxalbania.org\/2020\/\"},{\"@type\":\"ListItem\",\"position\":2,\"name\":\"Kisha Orthodhokse e Shqip\u00ebris\u00eb dor\u00ebzon ndihma t\u00eb reja p\u00ebr banor\u00ebt e G\u00ebrdecit. (Prill 2008)\"}]},{\"@type\":\"WebSite\",\"@id\":\"https:\/\/orthodoxalbania.org\/2020\/#website\",\"url\":\"https:\/\/orthodoxalbania.org\/2020\/\",\"name\":\"Kisha Orthodh\u03bfkse Autoqefale e Shqip\u00ebris\u00eb\",\"description\":\"Fqja Zyrtare e Kish\u00ebs Orthodhokse Autoqefale e Shqip\u00ebris\u00eb me lajmet edhe informacionet zyrtare p\u00ebr struktur\u00ebn edhe veprimtarin e saj.\",\"publisher\":{\"@id\":\"https:\/\/orthodoxalbania.org\/2020\/#organization\"},\"potentialAction\":[{\"@type\":\"SearchAction\",\"target\":{\"@type\":\"EntryPoint\",\"urlTemplate\":\"https:\/\/orthodoxalbania.org\/2020\/?s={search_term_string}\"},\"query-input\":{\"@type\":\"PropertyValueSpecification\",\"valueRequired\":true,\"valueName\":\"search_term_string\"}}],\"inLanguage\":\"en-US\"},{\"@type\":\"Organization\",\"@id\":\"https:\/\/orthodoxalbania.org\/2020\/#organization\",\"name\":\"Kisha Orthodhokse Autoqefale e Shqip\u00ebris\u00eb\",\"url\":\"https:\/\/orthodoxalbania.org\/2020\/\",\"logo\":{\"@type\":\"ImageObject\",\"inLanguage\":\"en-US\",\"@id\":\"https:\/\/orthodoxalbania.org\/2020\/#\/schema\/logo\/image\/\",\"url\":\"https:\/\/orthodoxalbania.org\/2020\/wp-content\/uploads\/2020\/05\/albania.jpeg\",\"contentUrl\":\"https:\/\/orthodoxalbania.org\/2020\/wp-content\/uploads\/2020\/05\/albania.jpeg\",\"width\":540,\"height\":540,\"caption\":\"Kisha Orthodhokse Autoqefale e Shqip\u00ebris\u00eb\"},\"image\":{\"@id\":\"https:\/\/orthodoxalbania.org\/2020\/#\/schema\/logo\/image\/\"},\"sameAs\":[\"https:\/\/www.facebook.com\/koash1991\"]},{\"@type\":\"Person\",\"@id\":\"https:\/\/orthodoxalbania.org\/2020\/#\/schema\/person\/0c387634a7063ac612d7ed9ce71c7e86\",\"name\":\"Kisha Orthodhokse\",\"image\":{\"@type\":\"ImageObject\",\"inLanguage\":\"en-US\",\"@id\":\"https:\/\/secure.gravatar.com\/avatar\/596e7c417251e30f2fbb9c00e026fce61a695a00e51c889caded71c96cbbdde5?s=96&d=mm&r=g\",\"url\":\"https:\/\/secure.gravatar.com\/avatar\/596e7c417251e30f2fbb9c00e026fce61a695a00e51c889caded71c96cbbdde5?s=96&d=mm&r=g\",\"contentUrl\":\"https:\/\/secure.gravatar.com\/avatar\/596e7c417251e30f2fbb9c00e026fce61a695a00e51c889caded71c96cbbdde5?s=96&d=mm&r=g\",\"caption\":\"Kisha Orthodhokse\"}}]}<\/script>\n<!-- \/ Yoast SEO plugin. -->","yoast_head_json":{"title":"Kisha Orthodhokse e Shqip\u00ebris\u00eb dor\u00ebzon ndihma t\u00eb reja p\u00ebr banor\u00ebt e G\u00ebrdecit. (Prill 2008) - Kisha Orthodh\u03bfkse Autoqefale e Shqip\u00ebris\u00eb","robots":{"index":"index","follow":"follow","max-snippet":"max-snippet:-1","max-image-preview":"max-image-preview:large","max-video-preview":"max-video-preview:-1"},"canonical":"https:\/\/orthodoxalbania.org\/2020\/2008\/02\/26\/kisha-orthodhokse-e-shqiperise-dorezon-ndihma-te-reja-per-banoret-e-gerdecit-prill-2008\/","og_locale":"en_US","og_type":"article","og_title":"Kisha Orthodhokse e Shqip\u00ebris\u00eb dor\u00ebzon ndihma t\u00eb reja p\u00ebr banor\u00ebt e G\u00ebrdecit. (Prill 2008) - Kisha Orthodh\u03bfkse Autoqefale e Shqip\u00ebris\u00eb","og_description":"&#8211; 10.4 ton\u00eb ndihma u mblodh\u00ebn nga besimtar\u00eb orthodhoks\u00eb grek\u00eb &#8211; &nbsp;&nbsp;&nbsp; Kisha Orthodhokse Autoqefale e Shqip\u00ebris\u00eb n\u00eb p\u00ebrpjekjet p\u00ebr t\u00eb ndihmuar banor\u00ebt q\u00eb iu shkat\u00ebrruan sht\u00ebpit\u00eb n\u00eb G\u00ebrdec, b\u00ebri edhe apele jasht\u00eb vendit, p\u00ebr t\u00eb siguruar ndihma dhe mb\u00ebshtetje p\u00ebr ta. Ky interesim i dha frytet e tij, ku mund t\u00eb p\u00ebrmendim ndihmat e mbledhura e d\u00ebrguara nga besimtar\u00eb orthodhoks\u00eb t\u00eb Greqis\u00eb apo interesimin","og_url":"https:\/\/orthodoxalbania.org\/2020\/2008\/02\/26\/kisha-orthodhokse-e-shqiperise-dorezon-ndihma-te-reja-per-banoret-e-gerdecit-prill-2008\/","og_site_name":"Kisha Orthodh\u03bfkse Autoqefale e Shqip\u00ebris\u00eb","article_publisher":"https:\/\/www.facebook.com\/koash1991","article_published_time":"2008-02-26T00:00:00+00:00","article_modified_time":"2020-04-06T20:35:17+00:00","og_image":[{"url":"https:\/\/lh5.googleusercontent.com\/-GJktjBulJgc\/VIwPolZgl4I\/AAAAAAAAHdE\/nkShSbWOg6w\/w400-h225-no\/Vora1.jpg","type":"","width":"","height":""}],"author":"Kisha Orthodhokse","twitter_card":"summary_large_image","twitter_misc":{"Written by":"Kisha Orthodhokse","Est. reading time":"2 minutes"},"schema":{"@context":"https:\/\/schema.org","@graph":[{"@type":"Article","@id":"https:\/\/orthodoxalbania.org\/2020\/2008\/02\/26\/kisha-orthodhokse-e-shqiperise-dorezon-ndihma-te-reja-per-banoret-e-gerdecit-prill-2008\/#article","isPartOf":{"@id":"https:\/\/orthodoxalbania.org\/2020\/2008\/02\/26\/kisha-orthodhokse-e-shqiperise-dorezon-ndihma-te-reja-per-banoret-e-gerdecit-prill-2008\/"},"author":{"name":"Kisha Orthodhokse","@id":"https:\/\/orthodoxalbania.org\/2020\/#\/schema\/person\/0c387634a7063ac612d7ed9ce71c7e86"},"headline":"Kisha Orthodhokse e Shqip\u00ebris\u00eb dor\u00ebzon ndihma t\u00eb reja p\u00ebr banor\u00ebt e G\u00ebrdecit. (Prill 2008)","datePublished":"2008-02-26T00:00:00+00:00","dateModified":"2020-04-06T20:35:17+00:00","mainEntityOfPage":{"@id":"https:\/\/orthodoxalbania.org\/2020\/2008\/02\/26\/kisha-orthodhokse-e-shqiperise-dorezon-ndihma-te-reja-per-banoret-e-gerdecit-prill-2008\/"},"wordCount":506,"commentCount":0,"publisher":{"@id":"https:\/\/orthodoxalbania.org\/2020\/#organization"},"image":{"@id":"https:\/\/orthodoxalbania.org\/2020\/2008\/02\/26\/kisha-orthodhokse-e-shqiperise-dorezon-ndihma-te-reja-per-banoret-e-gerdecit-prill-2008\/#primaryimage"},"thumbnailUrl":"https:\/\/lh5.googleusercontent.com\/-GJktjBulJgc\/VIwPolZgl4I\/AAAAAAAAHdE\/nkShSbWOg6w\/w400-h225-no\/Vora1.jpg","keywords":["2008","DonacioneNdihma","Kryepiskopata Tiran\u00eb","lajme"],"articleSection":["Lajme"],"inLanguage":"en-US"},{"@type":"WebPage","@id":"https:\/\/orthodoxalbania.org\/2020\/2008\/02\/26\/kisha-orthodhokse-e-shqiperise-dorezon-ndihma-te-reja-per-banoret-e-gerdecit-prill-2008\/","url":"https:\/\/orthodoxalbania.org\/2020\/2008\/02\/26\/kisha-orthodhokse-e-shqiperise-dorezon-ndihma-te-reja-per-banoret-e-gerdecit-prill-2008\/","name":"Kisha Orthodhokse e Shqip\u00ebris\u00eb dor\u00ebzon ndihma t\u00eb reja p\u00ebr banor\u00ebt e G\u00ebrdecit. (Prill 2008) - Kisha Orthodh\u03bfkse Autoqefale e Shqip\u00ebris\u00eb","isPartOf":{"@id":"https:\/\/orthodoxalbania.org\/2020\/#website"},"primaryImageOfPage":{"@id":"https:\/\/orthodoxalbania.org\/2020\/2008\/02\/26\/kisha-orthodhokse-e-shqiperise-dorezon-ndihma-te-reja-per-banoret-e-gerdecit-prill-2008\/#primaryimage"},"image":{"@id":"https:\/\/orthodoxalbania.org\/2020\/2008\/02\/26\/kisha-orthodhokse-e-shqiperise-dorezon-ndihma-te-reja-per-banoret-e-gerdecit-prill-2008\/#primaryimage"},"thumbnailUrl":"https:\/\/lh5.googleusercontent.com\/-GJktjBulJgc\/VIwPolZgl4I\/AAAAAAAAHdE\/nkShSbWOg6w\/w400-h225-no\/Vora1.jpg","datePublished":"2008-02-26T00:00:00+00:00","dateModified":"2020-04-06T20:35:17+00:00","breadcrumb":{"@id":"https:\/\/orthodoxalbania.org\/2020\/2008\/02\/26\/kisha-orthodhokse-e-shqiperise-dorezon-ndihma-te-reja-per-banoret-e-gerdecit-prill-2008\/#breadcrumb"},"inLanguage":"en-US","potentialAction":[{"@type":"ReadAction","target":["https:\/\/orthodoxalbania.org\/2020\/2008\/02\/26\/kisha-orthodhokse-e-shqiperise-dorezon-ndihma-te-reja-per-banoret-e-gerdecit-prill-2008\/"]}]},{"@type":"ImageObject","inLanguage":"en-US","@id":"https:\/\/orthodoxalbania.org\/2020\/2008\/02\/26\/kisha-orthodhokse-e-shqiperise-dorezon-ndihma-te-reja-per-banoret-e-gerdecit-prill-2008\/#primaryimage","url":"https:\/\/lh5.googleusercontent.com\/-GJktjBulJgc\/VIwPolZgl4I\/AAAAAAAAHdE\/nkShSbWOg6w\/w400-h225-no\/Vora1.jpg","contentUrl":"https:\/\/lh5.googleusercontent.com\/-GJktjBulJgc\/VIwPolZgl4I\/AAAAAAAAHdE\/nkShSbWOg6w\/w400-h225-no\/Vora1.jpg"},{"@type":"BreadcrumbList","@id":"https:\/\/orthodoxalbania.org\/2020\/2008\/02\/26\/kisha-orthodhokse-e-shqiperise-dorezon-ndihma-te-reja-per-banoret-e-gerdecit-prill-2008\/#breadcrumb","itemListElement":[{"@type":"ListItem","position":1,"name":"Home","item":"https:\/\/orthodoxalbania.org\/2020\/"},{"@type":"ListItem","position":2,"name":"Kisha Orthodhokse e Shqip\u00ebris\u00eb dor\u00ebzon ndihma t\u00eb reja p\u00ebr banor\u00ebt e G\u00ebrdecit. (Prill 2008)"}]},{"@type":"WebSite","@id":"https:\/\/orthodoxalbania.org\/2020\/#website","url":"https:\/\/orthodoxalbania.org\/2020\/","name":"Kisha Orthodh\u03bfkse Autoqefale e Shqip\u00ebris\u00eb","description":"Fqja Zyrtare e Kish\u00ebs Orthodhokse Autoqefale e Shqip\u00ebris\u00eb me lajmet edhe informacionet zyrtare p\u00ebr struktur\u00ebn edhe veprimtarin e saj.","publisher":{"@id":"https:\/\/orthodoxalbania.org\/2020\/#organization"},"potentialAction":[{"@type":"SearchAction","target":{"@type":"EntryPoint","urlTemplate":"https:\/\/orthodoxalbania.org\/2020\/?s={search_term_string}"},"query-input":{"@type":"PropertyValueSpecification","valueRequired":true,"valueName":"search_term_string"}}],"inLanguage":"en-US"},{"@type":"Organization","@id":"https:\/\/orthodoxalbania.org\/2020\/#organization","name":"Kisha Orthodhokse Autoqefale e Shqip\u00ebris\u00eb","url":"https:\/\/orthodoxalbania.org\/2020\/","logo":{"@type":"ImageObject","inLanguage":"en-US","@id":"https:\/\/orthodoxalbania.org\/2020\/#\/schema\/logo\/image\/","url":"https:\/\/orthodoxalbania.org\/2020\/wp-content\/uploads\/2020\/05\/albania.jpeg","contentUrl":"https:\/\/orthodoxalbania.org\/2020\/wp-content\/uploads\/2020\/05\/albania.jpeg","width":540,"height":540,"caption":"Kisha Orthodhokse Autoqefale e Shqip\u00ebris\u00eb"},"image":{"@id":"https:\/\/orthodoxalbania.org\/2020\/#\/schema\/logo\/image\/"},"sameAs":["https:\/\/www.facebook.com\/koash1991"]},{"@type":"Person","@id":"https:\/\/orthodoxalbania.org\/2020\/#\/schema\/person\/0c387634a7063ac612d7ed9ce71c7e86","name":"Kisha Orthodhokse","image":{"@type":"ImageObject","inLanguage":"en-US","@id":"https:\/\/secure.gravatar.com\/avatar\/596e7c417251e30f2fbb9c00e026fce61a695a00e51c889caded71c96cbbdde5?s=96&d=mm&r=g","url":"https:\/\/secure.gravatar.com\/avatar\/596e7c417251e30f2fbb9c00e026fce61a695a00e51c889caded71c96cbbdde5?s=96&d=mm&r=g","contentUrl":"https:\/\/secure.gravatar.com\/avatar\/596e7c417251e30f2fbb9c00e026fce61a695a00e51c889caded71c96cbbdde5?s=96&d=mm&r=g","caption":"Kisha Orthodhokse"}}]}},"_links":{"self":[{"href":"https:\/\/orthodoxalbania.org\/2020\/wp-json\/wp\/v2\/posts\/731","targetHints":{"allow":["GET"]}}],"collection":[{"href":"https:\/\/orthodoxalbania.org\/2020\/wp-json\/wp\/v2\/posts"}],"about":[{"href":"https:\/\/orthodoxalbania.org\/2020\/wp-json\/wp\/v2\/types\/post"}],"author":[{"embeddable":true,"href":"https:\/\/orthodoxalbania.org\/2020\/wp-json\/wp\/v2\/users\/1"}],"replies":[{"embeddable":true,"href":"https:\/\/orthodoxalbania.org\/2020\/wp-json\/wp\/v2\/comments?post=731"}],"version-history":[{"count":1,"href":"https:\/\/orthodoxalbania.org\/2020\/wp-json\/wp\/v2\/posts\/731\/revisions"}],"predecessor-version":[{"id":15640,"href":"https:\/\/orthodoxalbania.org\/2020\/wp-json\/wp\/v2\/posts\/731\/revisions\/15640"}],"wp:attachment":[{"href":"https:\/\/orthodoxalbania.org\/2020\/wp-json\/wp\/v2\/media?parent=731"}],"wp:term":[{"taxonomy":"category","embeddable":true,"href":"https:\/\/orthodoxalbania.org\/2020\/wp-json\/wp\/v2\/categories?post=731"},{"taxonomy":"post_tag","embeddable":true,"href":"https:\/\/orthodoxalbania.org\/2020\/wp-json\/wp\/v2\/tags?post=731"}],"curies":[{"name":"wp","href":"https:\/\/api.w.org\/{rel}","templated":true}]}}