{"id":729,"date":"2013-03-21T12:07:19","date_gmt":"2013-03-21T12:07:19","guid":{"rendered":""},"modified":"2020-04-06T22:06:03","modified_gmt":"2020-04-06T20:06:03","slug":"kisha-orthodhokse-autoqefale-e-shqiperise-zyra-e-shtypit","status":"publish","type":"post","link":"https:\/\/orthodoxalbania.org\/2020\/2013\/03\/21\/kisha-orthodhokse-autoqefale-e-shqiperise-zyra-e-shtypit\/","title":{"rendered":"KISHA ORTHODHOKSE AUTOQEFALE E SHQIP\u00cbRIS\u00cb ZYRA E SHTYPIT. (12 Korrik 2012)"},"content":{"rendered":"<div style=\"text-align: center;\"><span style=\"font-family: tahoma,geneva,sans-serif;\"><span style=\"font-size: 12px;\"><span style=\"color: #000000;\"><img class=\"lazyload\" decoding=\"async\" style=\"border-width: 1px; border-style: solid; margin: 10px; float: left;\" alt=\"\" src=\"data:image\/gif;base64,R0lGODlhAQABAAAAACH5BAEKAAEALAAAAAABAAEAAAICTAEAOw==\" data-orig-src=\"https:\/\/lh6.googleusercontent.com\/-0sh5tte9xjQ\/T_2mER-T47I\/AAAAAAAAAjw\/0kGMtZnXRbY\/s200\/logo4.jpg\" \/><\/span><br \/> <span style=\"color: #b22222;\"><strong> &nbsp;&nbsp;&nbsp; Veprimtari e Komisionit Evropian<\/strong><\/span><\/span><\/span><\/div>\n<div style=\"text-align: center;\"> <span style=\"color: #000000;\"><span style=\"font-family: tahoma,geneva,sans-serif;\"><span style=\"font-size: 12px;\">Solidaritet nd\u00ebrmjet brezave p\u00ebr kap\u00ebrcimin e kriz\u00ebs<\/span><\/span><\/span><\/div>\n<div style=\"text-align: center;\"> <span style=\"color: #000000;\"><span style=\"font-family: tahoma,geneva,sans-serif;\"><span style=\"font-size: 12px;\">&#8211; Merr pjes\u00eb Kryepiskopi Anastas, i Tiran\u00ebs dhe i gjith\u00eb Shqip\u00ebris\u00eb &#8211;<\/span><\/span><\/span><\/div>\n<div style=\"text-align: justify;\"> <span style=\"color: #000000;\"><span style=\"font-family: tahoma,geneva,sans-serif;\"><span style=\"font-size: 12px;\">&nbsp;&nbsp;&nbsp; T\u00eb enjten, 12 korrik, n\u00eb mjediset e Kryesis\u00eb s\u00eb Komisionit Evropian, n\u00eb Bruksel, do t\u00eb zhvillohet takimi \u201cSolidariteti nd\u00ebrmjet brezave: duke p\u00ebrcaktuar parametrat p\u00ebr Shoq\u00ebrin\u00eb Evropiane t\u00eb s\u00eb ardhmes\u201d.&nbsp; Komisioni Evropian e ka shpallur vitin 2012 \u201c Viti Evropian p\u00ebr nj\u00eb pleq\u00ebri aktive dhe solidaritetin midis brezave.\u201d<\/span><\/span><\/span><\/div>\n<div style=\"text-align: justify;\"> <span style=\"color: #000000;\"><span style=\"font-family: tahoma,geneva,sans-serif;\"><span style=\"font-size: 12px;\">&nbsp;&nbsp;&nbsp; N\u00eb k\u00ebt\u00eb kuad\u00ebr nj\u00eb rol shum\u00eb t\u00eb r\u00ebnd\u00ebsish\u00ebm kan\u00eb edhe besimet fetare, ndaj ky takim do t\u00eb bashkoj\u00eb disa nga udh\u00ebheq\u00ebsit m\u00eb t\u00eb shquar fetar\u00eb evropian\u00eb, orthodhoks\u00eb, katolik\u00eb, protestant\u00eb, mysliman\u00eb dhe hebrenj, me p\u00ebrfaq\u00ebsuesit e niveleve m\u00eb t\u00eb larta t\u00eb Bashkimit Evropian, si Herman van Rompui, President i K\u00ebshillit t\u00eb Evrop\u00ebs, Jose Manuel Barroso, President i Komisionit Evropian etj.<\/span><\/span><\/span><\/div>\n<div style=\"text-align: justify;\"> <span style=\"color: #000000;\"><span style=\"font-family: tahoma,geneva,sans-serif;\"><span style=\"font-size: 12px;\">&nbsp;&nbsp;&nbsp; Me ftes\u00eb t\u00eb ve\u00e7ant\u00eb nga Presidenti Barroso, n\u00eb k\u00ebt\u00eb takim \u00ebsht\u00eb ftuar t\u00eb marr\u00eb pjes\u00eb si nj\u00eb nd\u00ebr lektor\u00ebt kryesor\u00eb Kryepiskopi i Tiran\u00ebs dhe i gjith\u00eb Shqip\u00ebris\u00eb, Prof. Dr. Anastasi.<\/span><\/span><\/span><\/div>\n<div style=\"text-align: right;\">\n<p> <span style=\"color: #000000;\"><strong><span style=\"font-family: tahoma,geneva,sans-serif;\"><span style=\"font-size: 12px;\">Tiran\u00eb, 12 korrik, 2012&nbsp;<\/span><\/span><\/strong><\/span><\/div>\n","protected":false},"excerpt":{"rendered":"<p>&nbsp;&nbsp;&nbsp; Veprimtari e Komisionit Evropian Solidaritet nd\u00ebrmjet brezave p\u00ebr kap\u00ebrcimin e kriz\u00ebs &#8211; Merr pjes\u00eb Kryepiskopi Anastas, i Tiran\u00ebs dhe i gjith\u00eb Shqip\u00ebris\u00eb &#8211; &nbsp;&nbsp;&nbsp; T\u00eb enjten, 12 korrik, n\u00eb mjediset e Kryesis\u00eb s\u00eb Komisionit Evropian, n\u00eb Bruksel, do t\u00eb zhvillohet takimi \u201cSolidariteti nd\u00ebrmjet brezave: duke p\u00ebrcaktuar parametrat p\u00ebr Shoq\u00ebrin\u00eb Evropiane t\u00eb s\u00eb ardhmes\u201d.&nbsp; Komisioni Evropian e ka shpallur vitin 2012 \u201c Viti Evropian p\u00ebr<\/p>\n","protected":false},"author":1,"featured_media":0,"comment_status":"open","ping_status":"open","sticky":false,"template":"","format":"standard","meta":{"_acf_changed":false,"pagelayer_contact_templates":[],"_pagelayer_content":"","inline_featured_image":false,"fifu_image_url":"","fifu_image_alt":"","footnotes":""},"categories":[108],"tags":[142,153,196,212],"class_list":["post-729","post","type-post","status-publish","format-standard","hentry","category-lajme","tag-142","tag-deklarata-njoftime-zyrtare-d75","tag-tirane","tag-lajme-d27"],"acf":[],"yoast_head":"<!-- This site is optimized with the Yoast SEO plugin v27.2 - https:\/\/yoast.com\/product\/yoast-seo-wordpress\/ -->\n<title>KISHA ORTHODHOKSE AUTOQEFALE E SHQIP\u00cbRIS\u00cb ZYRA E SHTYPIT. (12 Korrik 2012) - Kisha Orthodh\u03bfkse Autoqefale e Shqip\u00ebris\u00eb<\/title>\n<meta name=\"robots\" content=\"index, follow, max-snippet:-1, max-image-preview:large, max-video-preview:-1\" \/>\n<link rel=\"canonical\" href=\"https:\/\/orthodoxalbania.org\/2020\/2013\/03\/21\/kisha-orthodhokse-autoqefale-e-shqiperise-zyra-e-shtypit\/\" \/>\n<meta property=\"og:locale\" content=\"en_US\" \/>\n<meta property=\"og:type\" content=\"article\" \/>\n<meta property=\"og:title\" content=\"KISHA ORTHODHOKSE AUTOQEFALE E SHQIP\u00cbRIS\u00cb ZYRA E SHTYPIT. (12 Korrik 2012) - Kisha Orthodh\u03bfkse Autoqefale e Shqip\u00ebris\u00eb\" \/>\n<meta property=\"og:description\" content=\"&nbsp;&nbsp;&nbsp; Veprimtari e Komisionit Evropian Solidaritet nd\u00ebrmjet brezave p\u00ebr kap\u00ebrcimin e kriz\u00ebs &#8211; Merr pjes\u00eb Kryepiskopi Anastas, i Tiran\u00ebs dhe i gjith\u00eb Shqip\u00ebris\u00eb &#8211; &nbsp;&nbsp;&nbsp; T\u00eb enjten, 12 korrik, n\u00eb mjediset e Kryesis\u00eb s\u00eb Komisionit Evropian, n\u00eb Bruksel, do t\u00eb zhvillohet takimi \u201cSolidariteti nd\u00ebrmjet brezave: duke p\u00ebrcaktuar parametrat p\u00ebr Shoq\u00ebrin\u00eb Evropiane t\u00eb s\u00eb ardhmes\u201d.&nbsp; Komisioni Evropian e ka shpallur vitin 2012 \u201c Viti Evropian p\u00ebr\" \/>\n<meta property=\"og:url\" content=\"https:\/\/orthodoxalbania.org\/2020\/2013\/03\/21\/kisha-orthodhokse-autoqefale-e-shqiperise-zyra-e-shtypit\/\" \/>\n<meta property=\"og:site_name\" content=\"Kisha Orthodh\u03bfkse Autoqefale e Shqip\u00ebris\u00eb\" \/>\n<meta property=\"article:publisher\" content=\"https:\/\/www.facebook.com\/koash1991\" \/>\n<meta property=\"article:published_time\" content=\"2013-03-21T12:07:19+00:00\" \/>\n<meta property=\"article:modified_time\" content=\"2020-04-06T20:06:03+00:00\" \/>\n<meta property=\"og:image\" content=\"https:\/\/lh6.googleusercontent.com\/-0sh5tte9xjQ\/T_2mER-T47I\/AAAAAAAAAjw\/0kGMtZnXRbY\/s200\/logo4.jpg\" \/>\n<meta name=\"author\" content=\"Kisha Orthodhokse\" \/>\n<meta name=\"twitter:card\" content=\"summary_large_image\" \/>\n<meta name=\"twitter:label1\" content=\"Written by\" \/>\n\t<meta name=\"twitter:data1\" content=\"Kisha Orthodhokse\" \/>\n\t<meta name=\"twitter:label2\" content=\"Est. reading time\" \/>\n\t<meta name=\"twitter:data2\" content=\"1 minute\" \/>\n<script type=\"application\/ld+json\" class=\"yoast-schema-graph\">{\"@context\":\"https:\/\/schema.org\",\"@graph\":[{\"@type\":\"Article\",\"@id\":\"https:\/\/orthodoxalbania.org\/2020\/2013\/03\/21\/kisha-orthodhokse-autoqefale-e-shqiperise-zyra-e-shtypit\/#article\",\"isPartOf\":{\"@id\":\"https:\/\/orthodoxalbania.org\/2020\/2013\/03\/21\/kisha-orthodhokse-autoqefale-e-shqiperise-zyra-e-shtypit\/\"},\"author\":{\"name\":\"Kisha Orthodhokse\",\"@id\":\"https:\/\/orthodoxalbania.org\/2020\/#\/schema\/person\/0c387634a7063ac612d7ed9ce71c7e86\"},\"headline\":\"KISHA ORTHODHOKSE AUTOQEFALE E SHQIP\u00cbRIS\u00cb ZYRA E SHTYPIT. (12 Korrik 2012)\",\"datePublished\":\"2013-03-21T12:07:19+00:00\",\"dateModified\":\"2020-04-06T20:06:03+00:00\",\"mainEntityOfPage\":{\"@id\":\"https:\/\/orthodoxalbania.org\/2020\/2013\/03\/21\/kisha-orthodhokse-autoqefale-e-shqiperise-zyra-e-shtypit\/\"},\"wordCount\":211,\"commentCount\":0,\"publisher\":{\"@id\":\"https:\/\/orthodoxalbania.org\/2020\/#organization\"},\"image\":{\"@id\":\"https:\/\/orthodoxalbania.org\/2020\/2013\/03\/21\/kisha-orthodhokse-autoqefale-e-shqiperise-zyra-e-shtypit\/#primaryimage\"},\"thumbnailUrl\":\"https:\/\/lh6.googleusercontent.com\/-0sh5tte9xjQ\/T_2mER-T47I\/AAAAAAAAAjw\/0kGMtZnXRbY\/s200\/logo4.jpg\",\"keywords\":[\"2012\",\"Deklarata - Njoftime Zyrtare\",\"Kryepiskopata Tiran\u00eb\",\"lajme\"],\"articleSection\":[\"Lajme\"],\"inLanguage\":\"en-US\"},{\"@type\":\"WebPage\",\"@id\":\"https:\/\/orthodoxalbania.org\/2020\/2013\/03\/21\/kisha-orthodhokse-autoqefale-e-shqiperise-zyra-e-shtypit\/\",\"url\":\"https:\/\/orthodoxalbania.org\/2020\/2013\/03\/21\/kisha-orthodhokse-autoqefale-e-shqiperise-zyra-e-shtypit\/\",\"name\":\"KISHA ORTHODHOKSE AUTOQEFALE E SHQIP\u00cbRIS\u00cb ZYRA E SHTYPIT. (12 Korrik 2012) - Kisha Orthodh\u03bfkse Autoqefale e Shqip\u00ebris\u00eb\",\"isPartOf\":{\"@id\":\"https:\/\/orthodoxalbania.org\/2020\/#website\"},\"primaryImageOfPage\":{\"@id\":\"https:\/\/orthodoxalbania.org\/2020\/2013\/03\/21\/kisha-orthodhokse-autoqefale-e-shqiperise-zyra-e-shtypit\/#primaryimage\"},\"image\":{\"@id\":\"https:\/\/orthodoxalbania.org\/2020\/2013\/03\/21\/kisha-orthodhokse-autoqefale-e-shqiperise-zyra-e-shtypit\/#primaryimage\"},\"thumbnailUrl\":\"https:\/\/lh6.googleusercontent.com\/-0sh5tte9xjQ\/T_2mER-T47I\/AAAAAAAAAjw\/0kGMtZnXRbY\/s200\/logo4.jpg\",\"datePublished\":\"2013-03-21T12:07:19+00:00\",\"dateModified\":\"2020-04-06T20:06:03+00:00\",\"breadcrumb\":{\"@id\":\"https:\/\/orthodoxalbania.org\/2020\/2013\/03\/21\/kisha-orthodhokse-autoqefale-e-shqiperise-zyra-e-shtypit\/#breadcrumb\"},\"inLanguage\":\"en-US\",\"potentialAction\":[{\"@type\":\"ReadAction\",\"target\":[\"https:\/\/orthodoxalbania.org\/2020\/2013\/03\/21\/kisha-orthodhokse-autoqefale-e-shqiperise-zyra-e-shtypit\/\"]}]},{\"@type\":\"ImageObject\",\"inLanguage\":\"en-US\",\"@id\":\"https:\/\/orthodoxalbania.org\/2020\/2013\/03\/21\/kisha-orthodhokse-autoqefale-e-shqiperise-zyra-e-shtypit\/#primaryimage\",\"url\":\"https:\/\/lh6.googleusercontent.com\/-0sh5tte9xjQ\/T_2mER-T47I\/AAAAAAAAAjw\/0kGMtZnXRbY\/s200\/logo4.jpg\",\"contentUrl\":\"https:\/\/lh6.googleusercontent.com\/-0sh5tte9xjQ\/T_2mER-T47I\/AAAAAAAAAjw\/0kGMtZnXRbY\/s200\/logo4.jpg\"},{\"@type\":\"BreadcrumbList\",\"@id\":\"https:\/\/orthodoxalbania.org\/2020\/2013\/03\/21\/kisha-orthodhokse-autoqefale-e-shqiperise-zyra-e-shtypit\/#breadcrumb\",\"itemListElement\":[{\"@type\":\"ListItem\",\"position\":1,\"name\":\"Home\",\"item\":\"https:\/\/orthodoxalbania.org\/2020\/\"},{\"@type\":\"ListItem\",\"position\":2,\"name\":\"KISHA ORTHODHOKSE AUTOQEFALE E SHQIP\u00cbRIS\u00cb ZYRA E SHTYPIT. (12 Korrik 2012)\"}]},{\"@type\":\"WebSite\",\"@id\":\"https:\/\/orthodoxalbania.org\/2020\/#website\",\"url\":\"https:\/\/orthodoxalbania.org\/2020\/\",\"name\":\"Kisha Orthodh\u03bfkse Autoqefale e Shqip\u00ebris\u00eb\",\"description\":\"Fqja Zyrtare e Kish\u00ebs Orthodhokse Autoqefale e Shqip\u00ebris\u00eb me lajmet edhe informacionet zyrtare p\u00ebr struktur\u00ebn edhe veprimtarin e saj.\",\"publisher\":{\"@id\":\"https:\/\/orthodoxalbania.org\/2020\/#organization\"},\"potentialAction\":[{\"@type\":\"SearchAction\",\"target\":{\"@type\":\"EntryPoint\",\"urlTemplate\":\"https:\/\/orthodoxalbania.org\/2020\/?s={search_term_string}\"},\"query-input\":{\"@type\":\"PropertyValueSpecification\",\"valueRequired\":true,\"valueName\":\"search_term_string\"}}],\"inLanguage\":\"en-US\"},{\"@type\":\"Organization\",\"@id\":\"https:\/\/orthodoxalbania.org\/2020\/#organization\",\"name\":\"Kisha Orthodhokse Autoqefale e Shqip\u00ebris\u00eb\",\"url\":\"https:\/\/orthodoxalbania.org\/2020\/\",\"logo\":{\"@type\":\"ImageObject\",\"inLanguage\":\"en-US\",\"@id\":\"https:\/\/orthodoxalbania.org\/2020\/#\/schema\/logo\/image\/\",\"url\":\"https:\/\/orthodoxalbania.org\/2020\/wp-content\/uploads\/2020\/05\/albania.jpeg\",\"contentUrl\":\"https:\/\/orthodoxalbania.org\/2020\/wp-content\/uploads\/2020\/05\/albania.jpeg\",\"width\":540,\"height\":540,\"caption\":\"Kisha Orthodhokse Autoqefale e Shqip\u00ebris\u00eb\"},\"image\":{\"@id\":\"https:\/\/orthodoxalbania.org\/2020\/#\/schema\/logo\/image\/\"},\"sameAs\":[\"https:\/\/www.facebook.com\/koash1991\"]},{\"@type\":\"Person\",\"@id\":\"https:\/\/orthodoxalbania.org\/2020\/#\/schema\/person\/0c387634a7063ac612d7ed9ce71c7e86\",\"name\":\"Kisha Orthodhokse\",\"image\":{\"@type\":\"ImageObject\",\"inLanguage\":\"en-US\",\"@id\":\"https:\/\/secure.gravatar.com\/avatar\/596e7c417251e30f2fbb9c00e026fce61a695a00e51c889caded71c96cbbdde5?s=96&d=mm&r=g\",\"url\":\"https:\/\/secure.gravatar.com\/avatar\/596e7c417251e30f2fbb9c00e026fce61a695a00e51c889caded71c96cbbdde5?s=96&d=mm&r=g\",\"contentUrl\":\"https:\/\/secure.gravatar.com\/avatar\/596e7c417251e30f2fbb9c00e026fce61a695a00e51c889caded71c96cbbdde5?s=96&d=mm&r=g\",\"caption\":\"Kisha Orthodhokse\"}}]}<\/script>\n<!-- \/ Yoast SEO plugin. -->","yoast_head_json":{"title":"KISHA ORTHODHOKSE AUTOQEFALE E SHQIP\u00cbRIS\u00cb ZYRA E SHTYPIT. (12 Korrik 2012) - Kisha Orthodh\u03bfkse Autoqefale e Shqip\u00ebris\u00eb","robots":{"index":"index","follow":"follow","max-snippet":"max-snippet:-1","max-image-preview":"max-image-preview:large","max-video-preview":"max-video-preview:-1"},"canonical":"https:\/\/orthodoxalbania.org\/2020\/2013\/03\/21\/kisha-orthodhokse-autoqefale-e-shqiperise-zyra-e-shtypit\/","og_locale":"en_US","og_type":"article","og_title":"KISHA ORTHODHOKSE AUTOQEFALE E SHQIP\u00cbRIS\u00cb ZYRA E SHTYPIT. (12 Korrik 2012) - Kisha Orthodh\u03bfkse Autoqefale e Shqip\u00ebris\u00eb","og_description":"&nbsp;&nbsp;&nbsp; Veprimtari e Komisionit Evropian Solidaritet nd\u00ebrmjet brezave p\u00ebr kap\u00ebrcimin e kriz\u00ebs &#8211; Merr pjes\u00eb Kryepiskopi Anastas, i Tiran\u00ebs dhe i gjith\u00eb Shqip\u00ebris\u00eb &#8211; &nbsp;&nbsp;&nbsp; T\u00eb enjten, 12 korrik, n\u00eb mjediset e Kryesis\u00eb s\u00eb Komisionit Evropian, n\u00eb Bruksel, do t\u00eb zhvillohet takimi \u201cSolidariteti nd\u00ebrmjet brezave: duke p\u00ebrcaktuar parametrat p\u00ebr Shoq\u00ebrin\u00eb Evropiane t\u00eb s\u00eb ardhmes\u201d.&nbsp; Komisioni Evropian e ka shpallur vitin 2012 \u201c Viti Evropian p\u00ebr","og_url":"https:\/\/orthodoxalbania.org\/2020\/2013\/03\/21\/kisha-orthodhokse-autoqefale-e-shqiperise-zyra-e-shtypit\/","og_site_name":"Kisha Orthodh\u03bfkse Autoqefale e Shqip\u00ebris\u00eb","article_publisher":"https:\/\/www.facebook.com\/koash1991","article_published_time":"2013-03-21T12:07:19+00:00","article_modified_time":"2020-04-06T20:06:03+00:00","og_image":[{"url":"https:\/\/lh6.googleusercontent.com\/-0sh5tte9xjQ\/T_2mER-T47I\/AAAAAAAAAjw\/0kGMtZnXRbY\/s200\/logo4.jpg","type":"","width":"","height":""}],"author":"Kisha Orthodhokse","twitter_card":"summary_large_image","twitter_misc":{"Written by":"Kisha Orthodhokse","Est. reading time":"1 minute"},"schema":{"@context":"https:\/\/schema.org","@graph":[{"@type":"Article","@id":"https:\/\/orthodoxalbania.org\/2020\/2013\/03\/21\/kisha-orthodhokse-autoqefale-e-shqiperise-zyra-e-shtypit\/#article","isPartOf":{"@id":"https:\/\/orthodoxalbania.org\/2020\/2013\/03\/21\/kisha-orthodhokse-autoqefale-e-shqiperise-zyra-e-shtypit\/"},"author":{"name":"Kisha Orthodhokse","@id":"https:\/\/orthodoxalbania.org\/2020\/#\/schema\/person\/0c387634a7063ac612d7ed9ce71c7e86"},"headline":"KISHA ORTHODHOKSE AUTOQEFALE E SHQIP\u00cbRIS\u00cb ZYRA E SHTYPIT. (12 Korrik 2012)","datePublished":"2013-03-21T12:07:19+00:00","dateModified":"2020-04-06T20:06:03+00:00","mainEntityOfPage":{"@id":"https:\/\/orthodoxalbania.org\/2020\/2013\/03\/21\/kisha-orthodhokse-autoqefale-e-shqiperise-zyra-e-shtypit\/"},"wordCount":211,"commentCount":0,"publisher":{"@id":"https:\/\/orthodoxalbania.org\/2020\/#organization"},"image":{"@id":"https:\/\/orthodoxalbania.org\/2020\/2013\/03\/21\/kisha-orthodhokse-autoqefale-e-shqiperise-zyra-e-shtypit\/#primaryimage"},"thumbnailUrl":"https:\/\/lh6.googleusercontent.com\/-0sh5tte9xjQ\/T_2mER-T47I\/AAAAAAAAAjw\/0kGMtZnXRbY\/s200\/logo4.jpg","keywords":["2012","Deklarata - Njoftime Zyrtare","Kryepiskopata Tiran\u00eb","lajme"],"articleSection":["Lajme"],"inLanguage":"en-US"},{"@type":"WebPage","@id":"https:\/\/orthodoxalbania.org\/2020\/2013\/03\/21\/kisha-orthodhokse-autoqefale-e-shqiperise-zyra-e-shtypit\/","url":"https:\/\/orthodoxalbania.org\/2020\/2013\/03\/21\/kisha-orthodhokse-autoqefale-e-shqiperise-zyra-e-shtypit\/","name":"KISHA ORTHODHOKSE AUTOQEFALE E SHQIP\u00cbRIS\u00cb ZYRA E SHTYPIT. (12 Korrik 2012) - Kisha Orthodh\u03bfkse Autoqefale e Shqip\u00ebris\u00eb","isPartOf":{"@id":"https:\/\/orthodoxalbania.org\/2020\/#website"},"primaryImageOfPage":{"@id":"https:\/\/orthodoxalbania.org\/2020\/2013\/03\/21\/kisha-orthodhokse-autoqefale-e-shqiperise-zyra-e-shtypit\/#primaryimage"},"image":{"@id":"https:\/\/orthodoxalbania.org\/2020\/2013\/03\/21\/kisha-orthodhokse-autoqefale-e-shqiperise-zyra-e-shtypit\/#primaryimage"},"thumbnailUrl":"https:\/\/lh6.googleusercontent.com\/-0sh5tte9xjQ\/T_2mER-T47I\/AAAAAAAAAjw\/0kGMtZnXRbY\/s200\/logo4.jpg","datePublished":"2013-03-21T12:07:19+00:00","dateModified":"2020-04-06T20:06:03+00:00","breadcrumb":{"@id":"https:\/\/orthodoxalbania.org\/2020\/2013\/03\/21\/kisha-orthodhokse-autoqefale-e-shqiperise-zyra-e-shtypit\/#breadcrumb"},"inLanguage":"en-US","potentialAction":[{"@type":"ReadAction","target":["https:\/\/orthodoxalbania.org\/2020\/2013\/03\/21\/kisha-orthodhokse-autoqefale-e-shqiperise-zyra-e-shtypit\/"]}]},{"@type":"ImageObject","inLanguage":"en-US","@id":"https:\/\/orthodoxalbania.org\/2020\/2013\/03\/21\/kisha-orthodhokse-autoqefale-e-shqiperise-zyra-e-shtypit\/#primaryimage","url":"https:\/\/lh6.googleusercontent.com\/-0sh5tte9xjQ\/T_2mER-T47I\/AAAAAAAAAjw\/0kGMtZnXRbY\/s200\/logo4.jpg","contentUrl":"https:\/\/lh6.googleusercontent.com\/-0sh5tte9xjQ\/T_2mER-T47I\/AAAAAAAAAjw\/0kGMtZnXRbY\/s200\/logo4.jpg"},{"@type":"BreadcrumbList","@id":"https:\/\/orthodoxalbania.org\/2020\/2013\/03\/21\/kisha-orthodhokse-autoqefale-e-shqiperise-zyra-e-shtypit\/#breadcrumb","itemListElement":[{"@type":"ListItem","position":1,"name":"Home","item":"https:\/\/orthodoxalbania.org\/2020\/"},{"@type":"ListItem","position":2,"name":"KISHA ORTHODHOKSE AUTOQEFALE E SHQIP\u00cbRIS\u00cb ZYRA E SHTYPIT. (12 Korrik 2012)"}]},{"@type":"WebSite","@id":"https:\/\/orthodoxalbania.org\/2020\/#website","url":"https:\/\/orthodoxalbania.org\/2020\/","name":"Kisha Orthodh\u03bfkse Autoqefale e Shqip\u00ebris\u00eb","description":"Fqja Zyrtare e Kish\u00ebs Orthodhokse Autoqefale e Shqip\u00ebris\u00eb me lajmet edhe informacionet zyrtare p\u00ebr struktur\u00ebn edhe veprimtarin e saj.","publisher":{"@id":"https:\/\/orthodoxalbania.org\/2020\/#organization"},"potentialAction":[{"@type":"SearchAction","target":{"@type":"EntryPoint","urlTemplate":"https:\/\/orthodoxalbania.org\/2020\/?s={search_term_string}"},"query-input":{"@type":"PropertyValueSpecification","valueRequired":true,"valueName":"search_term_string"}}],"inLanguage":"en-US"},{"@type":"Organization","@id":"https:\/\/orthodoxalbania.org\/2020\/#organization","name":"Kisha Orthodhokse Autoqefale e Shqip\u00ebris\u00eb","url":"https:\/\/orthodoxalbania.org\/2020\/","logo":{"@type":"ImageObject","inLanguage":"en-US","@id":"https:\/\/orthodoxalbania.org\/2020\/#\/schema\/logo\/image\/","url":"https:\/\/orthodoxalbania.org\/2020\/wp-content\/uploads\/2020\/05\/albania.jpeg","contentUrl":"https:\/\/orthodoxalbania.org\/2020\/wp-content\/uploads\/2020\/05\/albania.jpeg","width":540,"height":540,"caption":"Kisha Orthodhokse Autoqefale e Shqip\u00ebris\u00eb"},"image":{"@id":"https:\/\/orthodoxalbania.org\/2020\/#\/schema\/logo\/image\/"},"sameAs":["https:\/\/www.facebook.com\/koash1991"]},{"@type":"Person","@id":"https:\/\/orthodoxalbania.org\/2020\/#\/schema\/person\/0c387634a7063ac612d7ed9ce71c7e86","name":"Kisha Orthodhokse","image":{"@type":"ImageObject","inLanguage":"en-US","@id":"https:\/\/secure.gravatar.com\/avatar\/596e7c417251e30f2fbb9c00e026fce61a695a00e51c889caded71c96cbbdde5?s=96&d=mm&r=g","url":"https:\/\/secure.gravatar.com\/avatar\/596e7c417251e30f2fbb9c00e026fce61a695a00e51c889caded71c96cbbdde5?s=96&d=mm&r=g","contentUrl":"https:\/\/secure.gravatar.com\/avatar\/596e7c417251e30f2fbb9c00e026fce61a695a00e51c889caded71c96cbbdde5?s=96&d=mm&r=g","caption":"Kisha Orthodhokse"}}]}},"_links":{"self":[{"href":"https:\/\/orthodoxalbania.org\/2020\/wp-json\/wp\/v2\/posts\/729","targetHints":{"allow":["GET"]}}],"collection":[{"href":"https:\/\/orthodoxalbania.org\/2020\/wp-json\/wp\/v2\/posts"}],"about":[{"href":"https:\/\/orthodoxalbania.org\/2020\/wp-json\/wp\/v2\/types\/post"}],"author":[{"embeddable":true,"href":"https:\/\/orthodoxalbania.org\/2020\/wp-json\/wp\/v2\/users\/1"}],"replies":[{"embeddable":true,"href":"https:\/\/orthodoxalbania.org\/2020\/wp-json\/wp\/v2\/comments?post=729"}],"version-history":[{"count":1,"href":"https:\/\/orthodoxalbania.org\/2020\/wp-json\/wp\/v2\/posts\/729\/revisions"}],"predecessor-version":[{"id":15313,"href":"https:\/\/orthodoxalbania.org\/2020\/wp-json\/wp\/v2\/posts\/729\/revisions\/15313"}],"wp:attachment":[{"href":"https:\/\/orthodoxalbania.org\/2020\/wp-json\/wp\/v2\/media?parent=729"}],"wp:term":[{"taxonomy":"category","embeddable":true,"href":"https:\/\/orthodoxalbania.org\/2020\/wp-json\/wp\/v2\/categories?post=729"},{"taxonomy":"post_tag","embeddable":true,"href":"https:\/\/orthodoxalbania.org\/2020\/wp-json\/wp\/v2\/tags?post=729"}],"curies":[{"name":"wp","href":"https:\/\/api.w.org\/{rel}","templated":true}]}}