{"id":728,"date":"2009-03-13T10:05:47","date_gmt":"2009-03-13T10:05:47","guid":{"rendered":""},"modified":"2020-04-06T22:35:12","modified_gmt":"2020-04-06T20:35:12","slug":"kisha-orthodhokse-autoqefale-e-shqiperise-pret-ne-vizite-zyrtare-dhe-paqesore-papen-dhe-patriarkun","status":"publish","type":"post","link":"https:\/\/orthodoxalbania.org\/2020\/2009\/03\/13\/kisha-orthodhokse-autoqefale-e-shqiperise-pret-ne-vizite-zyrtare-dhe-paqesore-papen-dhe-patriarkun\/","title":{"rendered":"Kisha Orthodhokse Autoqefale e Shqip\u00ebris\u00eb pret n\u00eb vizit\u00eb zyrtare dhe paq\u00ebsore, Pap\u00ebn dhe Patriarkun. (31 Tetor &#8211; 5 N\u00ebntor 2009)"},"content":{"rendered":"<table border=\"0\">\n<tbody>\n<tr>\n<td>\n<p class=\"style3\" style=\"text-align: justify;\"><span style=\"color: #000000;\"><span style=\"font-family: tahoma,geneva,sans-serif;\"><span style=\"font-size: 12px;\"><img decoding=\"async\" class=\"lazyload HAa Eha\" style=\"border-width: 1px; border-style: solid; margin: 10px; float: left;\" alt=\"\" src=\"data:image\/svg+xml,%3Csvg%20xmlns%3D%27http%3A%2F%2Fwww.w3.org%2F2000%2Fsvg%27%20width%3D%27293%27%20height%3D%27386%27%20viewBox%3D%270%200%20293%20386%27%3E%3Crect%20width%3D%27293%27%20height%3D%27386%27%20fill-opacity%3D%220%22%2F%3E%3C%2Fsvg%3E\" data-orig-src=\"https:\/\/lh4.googleusercontent.com\/-LVXBWosnUOg\/VJP_4rg6T_I\/AAAAAAAAJAU\/zL0oM8Zw9uE\/w478-h633-no\/Patriarxis.JPG\" height=\"386\" width=\"293\" \/>&nbsp;&nbsp;&nbsp; Vizita historike e Pap\u00ebs dhe Patriarkut t\u00eb Aleksandris\u00eb, Fortlumturis\u00eb s\u00eb Tij, Theodhorit II do t\u00eb zhvillohet nga datat 31 tetor \u2013 5 n\u00ebntor 2009. Kjo vizit\u00eb zyrtare merr nj\u00eb r\u00ebnd\u00ebsi t\u00eb ve\u00e7ant\u00eb, pasi n\u00eb jet\u00ebn kishtare t\u00eb \u00e7do vendi, vizita t\u00eb tilla mbartin nj\u00eb jehon\u00eb t\u00eb fuqishme, p\u00ebr vet\u00eb karakterin e tyre t\u00eb ve\u00e7ant\u00eb eklisiologjik dhe historik.<\/span><\/span><\/span><\/p>\n<p class=\"style3\" style=\"text-align: justify;\"><span style=\"color: #000000;\"><span style=\"font-family: tahoma,geneva,sans-serif;\"><span style=\"font-size: 12px;\"><span>&nbsp;&nbsp;&nbsp; Patriarku i Aleksandris\u00eb, Theodhori II n\u00eb vizit\u00ebn e tij zyrtare dhe paq\u00ebsore do t\u00eb shoq\u00ebrohet nga Hir\u00ebsia e Tij, Mitropoliti i Kampal\u00ebs dhe Eksarku i gjith\u00eb Ugand\u00ebs, Imzot Jonai, nga Hir\u00ebsia e Tij, Mitropoliti i Muanzis\u00eb, Imzot Jeronimi dhe nga Hir\u00ebsia e Tij, Episkopi asistent, Imzot Nikodhimi i Nitris\u00eb. <\/span><\/span><\/span><\/span><\/p>\n<p class=\"style3\" style=\"text-align: justify;\"><span style=\"color: #000000;\"><span style=\"font-family: tahoma,geneva,sans-serif;\"><span style=\"font-size: 12px;\"><span>&nbsp;&nbsp;&nbsp; Delegacioni zyrtar i Patriarkan\u00ebs s\u00eb Aleksandris\u00eb do t\u00eb pritet m\u00ebngjesin e s\u00eb shtun\u00ebs n\u00eb Aeroportin \u201cN\u00ebn\u00eb Tereza\u201d nga Kryepiskopi i Tiran\u00ebs, Durr\u00ebsit dhe gjith\u00eb Shqip\u00ebris\u00eb, Fortlumturia e tij, Imzot Anastasi, i shoq\u00ebruar edhe nga an\u00ebtar\u00eb t\u00eb Sinodit t\u00eb Shenjt\u00eb, nga kleri dhe populli, besimtar\u00eb t\u00eb Kish\u00ebs Orthodhokse Autoqefale t\u00eb Shqip\u00ebris\u00eb. <\/span><\/span><\/span><\/span><\/p>\n<p class=\"style3\" style=\"text-align: justify;\"><span style=\"color: #000000;\"><span style=\"font-family: tahoma,geneva,sans-serif;\"><span style=\"font-size: 12px;\"><span>&nbsp;&nbsp;&nbsp; Pritja zyrtare e vizitor\u00ebve t\u00eb lart\u00eb do t\u00eb b\u00ebhet t\u00eb nj\u00ebjt\u00ebn dit\u00eb, t\u00eb shtun\u00ebn, dat\u00eb 31 tetor pran\u00eb Katedrales Orthodhokse, \u201cUngjill\u00ebzimi i Per\u00ebndilind\u00ebses\u201d n\u00eb Tiran\u00eb, ku do t\u00eb psalet edhe dhoksologjia dhe do t\u00eb shk\u00ebmbehen p\u00ebrsh\u00ebndetjet e mir\u00ebseardhjes mes dy Primat\u00ebve. M\u00eb pas Patriarku i Aleksandris\u00eb dhe delegacioni q\u00eb e shoq\u00ebron do t\u00eb vizitojn\u00eb Manastirin e sh\u00ebn Vlashit, ku do t\u00eb takojn\u00eb stafin pedagogjik dhe student\u00ebt e Akademis\u00eb Teologjike \u201cNgjallja e Krishtit\u201d si dhe m\u00ebsuesit dhe nx\u00ebn\u00ebsit e Liceut Kishtar \u201cKryqi i Nderuar\u201d. <\/span><\/span><\/span><\/span><\/p>\n<p class=\"style3\" style=\"text-align: justify;\"><span style=\"color: #000000;\"><span style=\"font-family: tahoma,geneva,sans-serif;\"><span style=\"font-size: 12px;\"><strong><span>&nbsp;<\/span><\/strong><span>&nbsp;&nbsp; Vizita pes\u00ebditore e Primatit t\u00eb Kish\u00ebs aleksandriane do t\u00eb jet\u00eb e pasur me aktivitete dhe takime t\u00eb shumta, nga t\u00eb cilat mund t\u00eb ve\u00e7ojm\u00eb bashk\u00ebmeshimin Patriarkal dhe Arkieratik t\u00eb dy Primat\u00ebve n\u00eb Katedralen Orthodhokse \u201cUngjill\u00ebzimi i Per\u00ebndilind\u00ebses\u201d, t\u00eb diel\u00ebn, dat\u00eb 1 n\u00ebntor. Paraditja e s\u00eb h\u00ebn\u00ebs, dat\u00eb 2 n\u00ebntor do t\u2019i rezervohet takimeve zyrtare me krer\u00ebt m\u00eb t\u00eb lart\u00eb t\u00eb shtetit, me Presidentin e Republik\u00ebs, z. Bamir Topi, me Kryeministrin, z. Sali Berisha, me Kryetarin e Bashkis\u00eb s\u00eb Tiran\u00ebs, z. Edi Rama si dhe me zyrtar\u00eb t\u00eb tjer\u00eb t\u00eb lart\u00eb t\u00eb shtetit shqiptar. <\/span><\/span><\/span><\/span><\/p>\n<p class=\"style3\" style=\"text-align: justify;\"><span style=\"color: #000000;\"><span style=\"font-family: tahoma,geneva,sans-serif;\"><span style=\"font-size: 12px;\"><span>&nbsp;&nbsp;&nbsp; Pasditen e s\u00eb h\u00ebn\u00ebs, Papa dhe Patriarku i Aleksandris\u00eb dhe i gjith\u00eb Afrik\u00ebs do t\u00eb takohet me personalitete t\u00eb fushave t\u00eb ndryshme, politikan\u00eb dhe p\u00ebrfaq\u00ebsues diplomatik\u00eb n\u00eb ambientet e Hotel \u201cTirana International\u201d, ku do t\u00eb organizohet nj\u00eb pritje zyrtare n\u00eb nderim t\u00eb vizit\u00ebs s\u00eb tij. <\/span><\/span><\/span><\/span><\/p>\n<p class=\"style3\" style=\"text-align: justify;\"><span style=\"color: #000000;\"><span style=\"font-family: tahoma,geneva,sans-serif;\"><span style=\"font-size: 12px;\"><span>&nbsp;&nbsp;&nbsp; Dit\u00ebn e mart\u00eb dat\u00eb 3 n\u00ebntor, Patriarku, Theodhor II do t\u00eb jet\u00eb i pranish\u00ebm n\u00eb aktivitetin jubilar me rastin e 10-vjetorit t\u00eb funksionimit t\u00eb Klinik\u00ebs Orthodhokse \u201cUngjill\u00ebzimi\u201d n\u00eb Tiran\u00eb. Dit\u00ebt n\u00eb vazhdim, ai do t\u00eb vizitoj\u00eb edhe Mitropolin\u00eb e Kor\u00e7\u00ebs, kisha dhe manastire dhe institucione t\u00eb ndryshme t\u00eb Kish\u00ebs, p\u00ebr t\u00eb par\u00eb nga af\u00ebr vepr\u00ebn misionare q\u00eb po kryhet n\u00eb Shqip\u00ebri n\u00ebn udh\u00ebheqjen e frym\u00ebzuar t\u00eb Kryepiskopit Anastas.<\/span><\/span><\/span><\/span><\/p>\n<p class=\"style3\" style=\"text-align: justify;\"><span style=\"color: #000000;\"><span style=\"font-family: tahoma,geneva,sans-serif;\"><span style=\"font-size: 12px;\"><span>&nbsp;&nbsp;&nbsp; Ngjarje t\u00eb tilla jan\u00eb sanksionuar prej shekujsh n\u00eb tradit\u00ebn kishtare orthodhokse dhe ato jan\u00eb aq sa t\u00eb rralla sa edhe t\u00eb gjalla dhe madh\u00ebshtore p\u00ebr vet\u00eb simbolet dhe mesazhet q\u00eb ato p\u00ebrcjellin. Mbas zgjedhjes dhe fron\u00ebzimit t\u00eb \u00e7do Patriarku apo Kryepiskopi, Primati t\u00eb Patriarkanave apo Kishave Autoqefale anek\u00ebnd bot\u00ebs, fillon edhe realizmi i nj\u00eb s\u00ebr\u00eb vizitash zyrtare t\u00eb quajtura \u201cpaq\u00ebsore\u201d n\u00eb gjuh\u00ebn kishtare. K\u00ebto vizita kryhen pran\u00eb Selive t\u00eb Kishave t\u00eb tjera Orthodhokse me q\u00ebllim njohjen nga af\u00ebr t\u00eb Krer\u00ebve t\u00eb Kishave Lokale, p\u00ebr t\u00eb ruajtur k\u00ebshtu lidhjen e unitetit kishtar q\u00eb p\u00ebrb\u00ebn edhe Institucionin e Kish\u00ebs n\u00eb t\u00ebr\u00ebsi. <\/span><\/span><\/span><\/span><\/p>\n<p class=\"style3\" style=\"text-align: justify;\"><span style=\"color: #000000;\"><span style=\"font-family: tahoma,geneva,sans-serif;\"><span style=\"font-size: 12px;\"><span>&nbsp;&nbsp;&nbsp; Patriarkana e Aleksandris\u00eb, me seli n\u00eb vendin e Nilit, Egjiptin, ka nj\u00eb histori t\u00eb lasht\u00eb dhe t\u00eb r\u00ebnd\u00ebsishme p\u00ebr vet\u00eb rolin&nbsp; q\u00eb ka luajtur n\u00eb jet\u00ebn e krisht\u00ebrimit. E themeluar q\u00eb n\u00eb shekullin e par\u00eb nga Apostulli i Krishtit, Marku, Kisha e Aleksandris\u00eb \u00ebsht\u00eb e njohur p\u00ebr shkoll\u00ebn e saj t\u00eb famshme teologjike nga ku kan\u00eb dal\u00eb personalitete q\u00eb kan\u00eb parashtruar fuqish\u00ebm tezat e tyre teologjike, q\u00eb m\u00eb von\u00eb do t\u00eb miratoheshin nga Sinodet Ekumenike, duke u pranuar si dogma t\u00eb p\u00ebrjetshme t\u00eb s\u00eb v\u00ebrtet\u00ebs orthodhokse. <\/span><\/span><\/span><\/span><\/p>\n<p class=\"style3\" style=\"text-align: justify;\"><span style=\"color: #000000;\"><span style=\"font-family: tahoma,geneva,sans-serif;\"><span style=\"font-size: 12px;\"><span>&nbsp;&nbsp;&nbsp; Edhe sot, Patriarkana e Aleksandris\u00eb udh\u00ebheq dhe zhvillon p\u00ebrpjekje t\u00eb m\u00ebdha misionare n\u00eb kontinentin e Afrik\u00ebs dhe simbolikisht lidhet edhe me Kish\u00ebn ton\u00eb, pasi Kryepiskopi Anastas para se t\u00eb merrte p\u00ebrsip\u00ebr udh\u00ebheqjen e ringritjes s\u00eb Kish\u00ebs t\u00eb Shqip\u00ebris\u00eb, mbante mbi supe eksperienc\u00ebn e suksesshme misionare, gjat\u00eb aktivitetit t\u00eb tij t\u00eb gjat\u00eb baritor si Mitropolit i Afrik\u00ebs Lindore, &nbsp;q\u00eb p\u00ebrfshinte n\u00ebn juridiksion shtetet e Kenias, Ugand\u00ebs dhe Tanzanis\u00eb. <\/span><\/span><\/span><\/span><\/p>\n<p class=\"style3\" style=\"text-align: justify;\"><span style=\"color: #000000;\"><span style=\"font-family: tahoma,geneva,sans-serif;\"><span style=\"font-size: 12px;\"><span>&nbsp;&nbsp;&nbsp; P\u00ebr t\u00eb ndjekur informacione m\u00eb t\u00eb zgjeruara, galeri fotografike si dhe lajme t\u00eb p\u00ebrditshme mbi \u00e7do aktivitet q\u00eb do t\u00eb karakterizoj\u00eb vizit\u00ebn zyrtare dhe paq\u00ebsore t\u00eb Pap\u00ebs dhe Patriarkut t\u00eb Aleksandris\u00eb dhe gjith\u00eb Afrik\u00ebs, Imzot Theodhorit II, si dhe p\u00ebr t\u2019u njohur me biografit\u00eb e an\u00ebtar\u00ebve t\u00eb delegacionit zyrtar, vizitoni websitin zyrtar t\u00eb Kish\u00ebs s\u00eb Shqip\u00ebris\u00eb <\/span><\/span><\/span><\/span><span style=\"font-family: tahoma,geneva,sans-serif;\"><span style=\"font-size: 12px;\"><span><a href=\"http:\/\/www.orthodoxalbania.org\/\" target=\"_blank\" rel=\"nofollow noopener noreferrer\"><span style=\"color: #000000;\">www.orthodoxalbania.org<\/span><\/a><span style=\"color: #000000;\"> dhe at\u00eb t\u00eb Patriarkan\u00ebs s\u00eb Aleksandris\u00eb&nbsp; <\/span><a href=\"http:\/\/www.patriarchateofalexandria.com\/\" target=\"_blank\" rel=\"nofollow noopener noreferrer\"><span style=\"color: #000000;\">www.patriarchateofalexandria.com<\/span><\/a><\/span><\/span><\/span><\/p>\n<p class=\"style3\" style=\"text-align: justify;\"><span style=\"color: #000000;\"><span style=\"font-family: tahoma,geneva,sans-serif;\"><span style=\"font-size: 12px;\"><span>&nbsp;&nbsp;&nbsp;&nbsp; \u00cbsht\u00eb n\u00eb nderin dhe krenarin\u00eb e \u00e7do Kishe dhe kombi pritja e vizitor\u00ebve, udh\u00ebheq\u00ebsve t\u00eb lart\u00eb fetar\u00eb t\u00eb Patriarkanave dhe Kishave Autoqefale, t\u00eb cil\u00ebt kudo n\u00eb bot\u00eb priten me nderet q\u00eb i takojn\u00eb kryetar\u00ebve t\u00eb shteteve. <\/span><\/span><\/span><\/span><\/p>\n<p class=\"style3\" style=\"text-align: right;\"><span style=\"color: #000000;\"><span style=\"font-family: tahoma,geneva,sans-serif;\"><span style=\"font-size: 12px;\"><span>Aleks Curi<\/span><\/span><\/span><\/span><\/p>\n<p class=\"style3\" style=\"text-align: justify;\">&nbsp;<\/p>\n<\/td>\n<\/tr>\n<\/tbody>\n<\/table>\n","protected":false},"excerpt":{"rendered":"<p>&nbsp;&nbsp;&nbsp; Vizita historike e Pap\u00ebs dhe Patriarkut t\u00eb Aleksandris\u00eb, Fortlumturis\u00eb s\u00eb Tij, Theodhorit II do t\u00eb zhvillohet nga datat 31 tetor \u2013 5 n\u00ebntor 2009. Kjo vizit\u00eb zyrtare merr nj\u00eb r\u00ebnd\u00ebsi t\u00eb ve\u00e7ant\u00eb, pasi n\u00eb jet\u00ebn kishtare t\u00eb \u00e7do vendi, vizita t\u00eb tilla mbartin nj\u00eb jehon\u00eb t\u00eb fuqishme, p\u00ebr vet\u00eb karakterin e tyre t\u00eb ve\u00e7ant\u00eb eklisiologjik dhe historik. &nbsp;&nbsp;&nbsp; Patriarku i Aleksandris\u00eb, Theodhori II n\u00eb<\/p>\n","protected":false},"author":1,"featured_media":0,"comment_status":"open","ping_status":"open","sticky":false,"template":"","format":"standard","meta":{"_acf_changed":false,"pagelayer_contact_templates":[],"_pagelayer_content":"","inline_featured_image":false,"fifu_image_url":"","fifu_image_alt":"","footnotes":""},"categories":[108],"tags":[145,153,196,201,212],"class_list":["post-728","post","type-post","status-publish","format-standard","hentry","category-lajme","tag-145","tag-deklarata-njoftime-zyrtare-d75","tag-tirane","tag-kryepiskopi-anastas","tag-lajme-d27"],"acf":[],"yoast_head":"<!-- This site is optimized with the Yoast SEO plugin v27.2 - https:\/\/yoast.com\/product\/yoast-seo-wordpress\/ -->\n<title>Kisha Orthodhokse Autoqefale e Shqip\u00ebris\u00eb pret n\u00eb vizit\u00eb zyrtare dhe paq\u00ebsore, Pap\u00ebn dhe Patriarkun. (31 Tetor - 5 N\u00ebntor 2009) - Kisha Orthodh\u03bfkse Autoqefale e Shqip\u00ebris\u00eb<\/title>\n<meta name=\"robots\" content=\"index, follow, max-snippet:-1, max-image-preview:large, max-video-preview:-1\" \/>\n<link rel=\"canonical\" href=\"https:\/\/orthodoxalbania.org\/2020\/2009\/03\/13\/kisha-orthodhokse-autoqefale-e-shqiperise-pret-ne-vizite-zyrtare-dhe-paqesore-papen-dhe-patriarkun\/\" \/>\n<meta property=\"og:locale\" content=\"en_US\" \/>\n<meta property=\"og:type\" content=\"article\" \/>\n<meta property=\"og:title\" content=\"Kisha Orthodhokse Autoqefale e Shqip\u00ebris\u00eb pret n\u00eb vizit\u00eb zyrtare dhe paq\u00ebsore, Pap\u00ebn dhe Patriarkun. (31 Tetor - 5 N\u00ebntor 2009) - Kisha Orthodh\u03bfkse Autoqefale e Shqip\u00ebris\u00eb\" \/>\n<meta property=\"og:description\" content=\"&nbsp;&nbsp;&nbsp; Vizita historike e Pap\u00ebs dhe Patriarkut t\u00eb Aleksandris\u00eb, Fortlumturis\u00eb s\u00eb Tij, Theodhorit II do t\u00eb zhvillohet nga datat 31 tetor \u2013 5 n\u00ebntor 2009. Kjo vizit\u00eb zyrtare merr nj\u00eb r\u00ebnd\u00ebsi t\u00eb ve\u00e7ant\u00eb, pasi n\u00eb jet\u00ebn kishtare t\u00eb \u00e7do vendi, vizita t\u00eb tilla mbartin nj\u00eb jehon\u00eb t\u00eb fuqishme, p\u00ebr vet\u00eb karakterin e tyre t\u00eb ve\u00e7ant\u00eb eklisiologjik dhe historik. &nbsp;&nbsp;&nbsp; Patriarku i Aleksandris\u00eb, Theodhori II n\u00eb\" \/>\n<meta property=\"og:url\" content=\"https:\/\/orthodoxalbania.org\/2020\/2009\/03\/13\/kisha-orthodhokse-autoqefale-e-shqiperise-pret-ne-vizite-zyrtare-dhe-paqesore-papen-dhe-patriarkun\/\" \/>\n<meta property=\"og:site_name\" content=\"Kisha Orthodh\u03bfkse Autoqefale e Shqip\u00ebris\u00eb\" \/>\n<meta property=\"article:publisher\" content=\"https:\/\/www.facebook.com\/koash1991\" \/>\n<meta property=\"article:published_time\" content=\"2009-03-13T10:05:47+00:00\" \/>\n<meta property=\"article:modified_time\" content=\"2020-04-06T20:35:12+00:00\" \/>\n<meta property=\"og:image\" content=\"https:\/\/lh4.googleusercontent.com\/-LVXBWosnUOg\/VJP_4rg6T_I\/AAAAAAAAJAU\/zL0oM8Zw9uE\/w478-h633-no\/Patriarxis.JPG\" \/>\n<meta name=\"author\" content=\"Kisha Orthodhokse\" \/>\n<meta name=\"twitter:card\" content=\"summary_large_image\" \/>\n<meta name=\"twitter:label1\" content=\"Written by\" \/>\n\t<meta name=\"twitter:data1\" content=\"Kisha Orthodhokse\" \/>\n\t<meta name=\"twitter:label2\" content=\"Est. reading time\" \/>\n\t<meta name=\"twitter:data2\" content=\"5 minutes\" \/>\n<script type=\"application\/ld+json\" class=\"yoast-schema-graph\">{\"@context\":\"https:\/\/schema.org\",\"@graph\":[{\"@type\":\"Article\",\"@id\":\"https:\/\/orthodoxalbania.org\/2020\/2009\/03\/13\/kisha-orthodhokse-autoqefale-e-shqiperise-pret-ne-vizite-zyrtare-dhe-paqesore-papen-dhe-patriarkun\/#article\",\"isPartOf\":{\"@id\":\"https:\/\/orthodoxalbania.org\/2020\/2009\/03\/13\/kisha-orthodhokse-autoqefale-e-shqiperise-pret-ne-vizite-zyrtare-dhe-paqesore-papen-dhe-patriarkun\/\"},\"author\":{\"name\":\"Kisha Orthodhokse\",\"@id\":\"https:\/\/orthodoxalbania.org\/2020\/#\/schema\/person\/0c387634a7063ac612d7ed9ce71c7e86\"},\"headline\":\"Kisha Orthodhokse Autoqefale e Shqip\u00ebris\u00eb pret n\u00eb vizit\u00eb zyrtare dhe paq\u00ebsore, Pap\u00ebn dhe Patriarkun. (31 Tetor &#8211; 5 N\u00ebntor 2009)\",\"datePublished\":\"2009-03-13T10:05:47+00:00\",\"dateModified\":\"2020-04-06T20:35:12+00:00\",\"mainEntityOfPage\":{\"@id\":\"https:\/\/orthodoxalbania.org\/2020\/2009\/03\/13\/kisha-orthodhokse-autoqefale-e-shqiperise-pret-ne-vizite-zyrtare-dhe-paqesore-papen-dhe-patriarkun\/\"},\"wordCount\":1006,\"commentCount\":0,\"publisher\":{\"@id\":\"https:\/\/orthodoxalbania.org\/2020\/#organization\"},\"image\":{\"@id\":\"https:\/\/orthodoxalbania.org\/2020\/2009\/03\/13\/kisha-orthodhokse-autoqefale-e-shqiperise-pret-ne-vizite-zyrtare-dhe-paqesore-papen-dhe-patriarkun\/#primaryimage\"},\"thumbnailUrl\":\"https:\/\/lh4.googleusercontent.com\/-LVXBWosnUOg\/VJP_4rg6T_I\/AAAAAAAAJAU\/zL0oM8Zw9uE\/w478-h633-no\/Patriarxis.JPG\",\"keywords\":[\"2009\",\"Deklarata - Njoftime Zyrtare\",\"Kryepiskopata Tiran\u00eb\",\"Kryepiskopi Anastas\",\"lajme\"],\"articleSection\":[\"Lajme\"],\"inLanguage\":\"en-US\"},{\"@type\":\"WebPage\",\"@id\":\"https:\/\/orthodoxalbania.org\/2020\/2009\/03\/13\/kisha-orthodhokse-autoqefale-e-shqiperise-pret-ne-vizite-zyrtare-dhe-paqesore-papen-dhe-patriarkun\/\",\"url\":\"https:\/\/orthodoxalbania.org\/2020\/2009\/03\/13\/kisha-orthodhokse-autoqefale-e-shqiperise-pret-ne-vizite-zyrtare-dhe-paqesore-papen-dhe-patriarkun\/\",\"name\":\"Kisha Orthodhokse Autoqefale e Shqip\u00ebris\u00eb pret n\u00eb vizit\u00eb zyrtare dhe paq\u00ebsore, Pap\u00ebn dhe Patriarkun. (31 Tetor - 5 N\u00ebntor 2009) - Kisha Orthodh\u03bfkse Autoqefale e Shqip\u00ebris\u00eb\",\"isPartOf\":{\"@id\":\"https:\/\/orthodoxalbania.org\/2020\/#website\"},\"primaryImageOfPage\":{\"@id\":\"https:\/\/orthodoxalbania.org\/2020\/2009\/03\/13\/kisha-orthodhokse-autoqefale-e-shqiperise-pret-ne-vizite-zyrtare-dhe-paqesore-papen-dhe-patriarkun\/#primaryimage\"},\"image\":{\"@id\":\"https:\/\/orthodoxalbania.org\/2020\/2009\/03\/13\/kisha-orthodhokse-autoqefale-e-shqiperise-pret-ne-vizite-zyrtare-dhe-paqesore-papen-dhe-patriarkun\/#primaryimage\"},\"thumbnailUrl\":\"https:\/\/lh4.googleusercontent.com\/-LVXBWosnUOg\/VJP_4rg6T_I\/AAAAAAAAJAU\/zL0oM8Zw9uE\/w478-h633-no\/Patriarxis.JPG\",\"datePublished\":\"2009-03-13T10:05:47+00:00\",\"dateModified\":\"2020-04-06T20:35:12+00:00\",\"breadcrumb\":{\"@id\":\"https:\/\/orthodoxalbania.org\/2020\/2009\/03\/13\/kisha-orthodhokse-autoqefale-e-shqiperise-pret-ne-vizite-zyrtare-dhe-paqesore-papen-dhe-patriarkun\/#breadcrumb\"},\"inLanguage\":\"en-US\",\"potentialAction\":[{\"@type\":\"ReadAction\",\"target\":[\"https:\/\/orthodoxalbania.org\/2020\/2009\/03\/13\/kisha-orthodhokse-autoqefale-e-shqiperise-pret-ne-vizite-zyrtare-dhe-paqesore-papen-dhe-patriarkun\/\"]}]},{\"@type\":\"ImageObject\",\"inLanguage\":\"en-US\",\"@id\":\"https:\/\/orthodoxalbania.org\/2020\/2009\/03\/13\/kisha-orthodhokse-autoqefale-e-shqiperise-pret-ne-vizite-zyrtare-dhe-paqesore-papen-dhe-patriarkun\/#primaryimage\",\"url\":\"https:\/\/lh4.googleusercontent.com\/-LVXBWosnUOg\/VJP_4rg6T_I\/AAAAAAAAJAU\/zL0oM8Zw9uE\/w478-h633-no\/Patriarxis.JPG\",\"contentUrl\":\"https:\/\/lh4.googleusercontent.com\/-LVXBWosnUOg\/VJP_4rg6T_I\/AAAAAAAAJAU\/zL0oM8Zw9uE\/w478-h633-no\/Patriarxis.JPG\"},{\"@type\":\"BreadcrumbList\",\"@id\":\"https:\/\/orthodoxalbania.org\/2020\/2009\/03\/13\/kisha-orthodhokse-autoqefale-e-shqiperise-pret-ne-vizite-zyrtare-dhe-paqesore-papen-dhe-patriarkun\/#breadcrumb\",\"itemListElement\":[{\"@type\":\"ListItem\",\"position\":1,\"name\":\"Home\",\"item\":\"https:\/\/orthodoxalbania.org\/2020\/\"},{\"@type\":\"ListItem\",\"position\":2,\"name\":\"Kisha Orthodhokse Autoqefale e Shqip\u00ebris\u00eb pret n\u00eb vizit\u00eb zyrtare dhe paq\u00ebsore, Pap\u00ebn dhe Patriarkun. (31 Tetor &#8211; 5 N\u00ebntor 2009)\"}]},{\"@type\":\"WebSite\",\"@id\":\"https:\/\/orthodoxalbania.org\/2020\/#website\",\"url\":\"https:\/\/orthodoxalbania.org\/2020\/\",\"name\":\"Kisha Orthodh\u03bfkse Autoqefale e Shqip\u00ebris\u00eb\",\"description\":\"Fqja Zyrtare e Kish\u00ebs Orthodhokse Autoqefale e Shqip\u00ebris\u00eb me lajmet edhe informacionet zyrtare p\u00ebr struktur\u00ebn edhe veprimtarin e saj.\",\"publisher\":{\"@id\":\"https:\/\/orthodoxalbania.org\/2020\/#organization\"},\"potentialAction\":[{\"@type\":\"SearchAction\",\"target\":{\"@type\":\"EntryPoint\",\"urlTemplate\":\"https:\/\/orthodoxalbania.org\/2020\/?s={search_term_string}\"},\"query-input\":{\"@type\":\"PropertyValueSpecification\",\"valueRequired\":true,\"valueName\":\"search_term_string\"}}],\"inLanguage\":\"en-US\"},{\"@type\":\"Organization\",\"@id\":\"https:\/\/orthodoxalbania.org\/2020\/#organization\",\"name\":\"Kisha Orthodhokse Autoqefale e Shqip\u00ebris\u00eb\",\"url\":\"https:\/\/orthodoxalbania.org\/2020\/\",\"logo\":{\"@type\":\"ImageObject\",\"inLanguage\":\"en-US\",\"@id\":\"https:\/\/orthodoxalbania.org\/2020\/#\/schema\/logo\/image\/\",\"url\":\"https:\/\/orthodoxalbania.org\/2020\/wp-content\/uploads\/2020\/05\/albania.jpeg\",\"contentUrl\":\"https:\/\/orthodoxalbania.org\/2020\/wp-content\/uploads\/2020\/05\/albania.jpeg\",\"width\":540,\"height\":540,\"caption\":\"Kisha Orthodhokse Autoqefale e Shqip\u00ebris\u00eb\"},\"image\":{\"@id\":\"https:\/\/orthodoxalbania.org\/2020\/#\/schema\/logo\/image\/\"},\"sameAs\":[\"https:\/\/www.facebook.com\/koash1991\"]},{\"@type\":\"Person\",\"@id\":\"https:\/\/orthodoxalbania.org\/2020\/#\/schema\/person\/0c387634a7063ac612d7ed9ce71c7e86\",\"name\":\"Kisha Orthodhokse\",\"image\":{\"@type\":\"ImageObject\",\"inLanguage\":\"en-US\",\"@id\":\"https:\/\/secure.gravatar.com\/avatar\/596e7c417251e30f2fbb9c00e026fce61a695a00e51c889caded71c96cbbdde5?s=96&d=mm&r=g\",\"url\":\"https:\/\/secure.gravatar.com\/avatar\/596e7c417251e30f2fbb9c00e026fce61a695a00e51c889caded71c96cbbdde5?s=96&d=mm&r=g\",\"contentUrl\":\"https:\/\/secure.gravatar.com\/avatar\/596e7c417251e30f2fbb9c00e026fce61a695a00e51c889caded71c96cbbdde5?s=96&d=mm&r=g\",\"caption\":\"Kisha Orthodhokse\"}}]}<\/script>\n<!-- \/ Yoast SEO plugin. -->","yoast_head_json":{"title":"Kisha Orthodhokse Autoqefale e Shqip\u00ebris\u00eb pret n\u00eb vizit\u00eb zyrtare dhe paq\u00ebsore, Pap\u00ebn dhe Patriarkun. (31 Tetor - 5 N\u00ebntor 2009) - Kisha Orthodh\u03bfkse Autoqefale e Shqip\u00ebris\u00eb","robots":{"index":"index","follow":"follow","max-snippet":"max-snippet:-1","max-image-preview":"max-image-preview:large","max-video-preview":"max-video-preview:-1"},"canonical":"https:\/\/orthodoxalbania.org\/2020\/2009\/03\/13\/kisha-orthodhokse-autoqefale-e-shqiperise-pret-ne-vizite-zyrtare-dhe-paqesore-papen-dhe-patriarkun\/","og_locale":"en_US","og_type":"article","og_title":"Kisha Orthodhokse Autoqefale e Shqip\u00ebris\u00eb pret n\u00eb vizit\u00eb zyrtare dhe paq\u00ebsore, Pap\u00ebn dhe Patriarkun. (31 Tetor - 5 N\u00ebntor 2009) - Kisha Orthodh\u03bfkse Autoqefale e Shqip\u00ebris\u00eb","og_description":"&nbsp;&nbsp;&nbsp; Vizita historike e Pap\u00ebs dhe Patriarkut t\u00eb Aleksandris\u00eb, Fortlumturis\u00eb s\u00eb Tij, Theodhorit II do t\u00eb zhvillohet nga datat 31 tetor \u2013 5 n\u00ebntor 2009. Kjo vizit\u00eb zyrtare merr nj\u00eb r\u00ebnd\u00ebsi t\u00eb ve\u00e7ant\u00eb, pasi n\u00eb jet\u00ebn kishtare t\u00eb \u00e7do vendi, vizita t\u00eb tilla mbartin nj\u00eb jehon\u00eb t\u00eb fuqishme, p\u00ebr vet\u00eb karakterin e tyre t\u00eb ve\u00e7ant\u00eb eklisiologjik dhe historik. &nbsp;&nbsp;&nbsp; Patriarku i Aleksandris\u00eb, Theodhori II n\u00eb","og_url":"https:\/\/orthodoxalbania.org\/2020\/2009\/03\/13\/kisha-orthodhokse-autoqefale-e-shqiperise-pret-ne-vizite-zyrtare-dhe-paqesore-papen-dhe-patriarkun\/","og_site_name":"Kisha Orthodh\u03bfkse Autoqefale e Shqip\u00ebris\u00eb","article_publisher":"https:\/\/www.facebook.com\/koash1991","article_published_time":"2009-03-13T10:05:47+00:00","article_modified_time":"2020-04-06T20:35:12+00:00","og_image":[{"url":"https:\/\/lh4.googleusercontent.com\/-LVXBWosnUOg\/VJP_4rg6T_I\/AAAAAAAAJAU\/zL0oM8Zw9uE\/w478-h633-no\/Patriarxis.JPG","type":"","width":"","height":""}],"author":"Kisha Orthodhokse","twitter_card":"summary_large_image","twitter_misc":{"Written by":"Kisha Orthodhokse","Est. reading time":"5 minutes"},"schema":{"@context":"https:\/\/schema.org","@graph":[{"@type":"Article","@id":"https:\/\/orthodoxalbania.org\/2020\/2009\/03\/13\/kisha-orthodhokse-autoqefale-e-shqiperise-pret-ne-vizite-zyrtare-dhe-paqesore-papen-dhe-patriarkun\/#article","isPartOf":{"@id":"https:\/\/orthodoxalbania.org\/2020\/2009\/03\/13\/kisha-orthodhokse-autoqefale-e-shqiperise-pret-ne-vizite-zyrtare-dhe-paqesore-papen-dhe-patriarkun\/"},"author":{"name":"Kisha Orthodhokse","@id":"https:\/\/orthodoxalbania.org\/2020\/#\/schema\/person\/0c387634a7063ac612d7ed9ce71c7e86"},"headline":"Kisha Orthodhokse Autoqefale e Shqip\u00ebris\u00eb pret n\u00eb vizit\u00eb zyrtare dhe paq\u00ebsore, Pap\u00ebn dhe Patriarkun. (31 Tetor &#8211; 5 N\u00ebntor 2009)","datePublished":"2009-03-13T10:05:47+00:00","dateModified":"2020-04-06T20:35:12+00:00","mainEntityOfPage":{"@id":"https:\/\/orthodoxalbania.org\/2020\/2009\/03\/13\/kisha-orthodhokse-autoqefale-e-shqiperise-pret-ne-vizite-zyrtare-dhe-paqesore-papen-dhe-patriarkun\/"},"wordCount":1006,"commentCount":0,"publisher":{"@id":"https:\/\/orthodoxalbania.org\/2020\/#organization"},"image":{"@id":"https:\/\/orthodoxalbania.org\/2020\/2009\/03\/13\/kisha-orthodhokse-autoqefale-e-shqiperise-pret-ne-vizite-zyrtare-dhe-paqesore-papen-dhe-patriarkun\/#primaryimage"},"thumbnailUrl":"https:\/\/lh4.googleusercontent.com\/-LVXBWosnUOg\/VJP_4rg6T_I\/AAAAAAAAJAU\/zL0oM8Zw9uE\/w478-h633-no\/Patriarxis.JPG","keywords":["2009","Deklarata - Njoftime Zyrtare","Kryepiskopata Tiran\u00eb","Kryepiskopi Anastas","lajme"],"articleSection":["Lajme"],"inLanguage":"en-US"},{"@type":"WebPage","@id":"https:\/\/orthodoxalbania.org\/2020\/2009\/03\/13\/kisha-orthodhokse-autoqefale-e-shqiperise-pret-ne-vizite-zyrtare-dhe-paqesore-papen-dhe-patriarkun\/","url":"https:\/\/orthodoxalbania.org\/2020\/2009\/03\/13\/kisha-orthodhokse-autoqefale-e-shqiperise-pret-ne-vizite-zyrtare-dhe-paqesore-papen-dhe-patriarkun\/","name":"Kisha Orthodhokse Autoqefale e Shqip\u00ebris\u00eb pret n\u00eb vizit\u00eb zyrtare dhe paq\u00ebsore, Pap\u00ebn dhe Patriarkun. (31 Tetor - 5 N\u00ebntor 2009) - Kisha Orthodh\u03bfkse Autoqefale e Shqip\u00ebris\u00eb","isPartOf":{"@id":"https:\/\/orthodoxalbania.org\/2020\/#website"},"primaryImageOfPage":{"@id":"https:\/\/orthodoxalbania.org\/2020\/2009\/03\/13\/kisha-orthodhokse-autoqefale-e-shqiperise-pret-ne-vizite-zyrtare-dhe-paqesore-papen-dhe-patriarkun\/#primaryimage"},"image":{"@id":"https:\/\/orthodoxalbania.org\/2020\/2009\/03\/13\/kisha-orthodhokse-autoqefale-e-shqiperise-pret-ne-vizite-zyrtare-dhe-paqesore-papen-dhe-patriarkun\/#primaryimage"},"thumbnailUrl":"https:\/\/lh4.googleusercontent.com\/-LVXBWosnUOg\/VJP_4rg6T_I\/AAAAAAAAJAU\/zL0oM8Zw9uE\/w478-h633-no\/Patriarxis.JPG","datePublished":"2009-03-13T10:05:47+00:00","dateModified":"2020-04-06T20:35:12+00:00","breadcrumb":{"@id":"https:\/\/orthodoxalbania.org\/2020\/2009\/03\/13\/kisha-orthodhokse-autoqefale-e-shqiperise-pret-ne-vizite-zyrtare-dhe-paqesore-papen-dhe-patriarkun\/#breadcrumb"},"inLanguage":"en-US","potentialAction":[{"@type":"ReadAction","target":["https:\/\/orthodoxalbania.org\/2020\/2009\/03\/13\/kisha-orthodhokse-autoqefale-e-shqiperise-pret-ne-vizite-zyrtare-dhe-paqesore-papen-dhe-patriarkun\/"]}]},{"@type":"ImageObject","inLanguage":"en-US","@id":"https:\/\/orthodoxalbania.org\/2020\/2009\/03\/13\/kisha-orthodhokse-autoqefale-e-shqiperise-pret-ne-vizite-zyrtare-dhe-paqesore-papen-dhe-patriarkun\/#primaryimage","url":"https:\/\/lh4.googleusercontent.com\/-LVXBWosnUOg\/VJP_4rg6T_I\/AAAAAAAAJAU\/zL0oM8Zw9uE\/w478-h633-no\/Patriarxis.JPG","contentUrl":"https:\/\/lh4.googleusercontent.com\/-LVXBWosnUOg\/VJP_4rg6T_I\/AAAAAAAAJAU\/zL0oM8Zw9uE\/w478-h633-no\/Patriarxis.JPG"},{"@type":"BreadcrumbList","@id":"https:\/\/orthodoxalbania.org\/2020\/2009\/03\/13\/kisha-orthodhokse-autoqefale-e-shqiperise-pret-ne-vizite-zyrtare-dhe-paqesore-papen-dhe-patriarkun\/#breadcrumb","itemListElement":[{"@type":"ListItem","position":1,"name":"Home","item":"https:\/\/orthodoxalbania.org\/2020\/"},{"@type":"ListItem","position":2,"name":"Kisha Orthodhokse Autoqefale e Shqip\u00ebris\u00eb pret n\u00eb vizit\u00eb zyrtare dhe paq\u00ebsore, Pap\u00ebn dhe Patriarkun. (31 Tetor &#8211; 5 N\u00ebntor 2009)"}]},{"@type":"WebSite","@id":"https:\/\/orthodoxalbania.org\/2020\/#website","url":"https:\/\/orthodoxalbania.org\/2020\/","name":"Kisha Orthodh\u03bfkse Autoqefale e Shqip\u00ebris\u00eb","description":"Fqja Zyrtare e Kish\u00ebs Orthodhokse Autoqefale e Shqip\u00ebris\u00eb me lajmet edhe informacionet zyrtare p\u00ebr struktur\u00ebn edhe veprimtarin e saj.","publisher":{"@id":"https:\/\/orthodoxalbania.org\/2020\/#organization"},"potentialAction":[{"@type":"SearchAction","target":{"@type":"EntryPoint","urlTemplate":"https:\/\/orthodoxalbania.org\/2020\/?s={search_term_string}"},"query-input":{"@type":"PropertyValueSpecification","valueRequired":true,"valueName":"search_term_string"}}],"inLanguage":"en-US"},{"@type":"Organization","@id":"https:\/\/orthodoxalbania.org\/2020\/#organization","name":"Kisha Orthodhokse Autoqefale e Shqip\u00ebris\u00eb","url":"https:\/\/orthodoxalbania.org\/2020\/","logo":{"@type":"ImageObject","inLanguage":"en-US","@id":"https:\/\/orthodoxalbania.org\/2020\/#\/schema\/logo\/image\/","url":"https:\/\/orthodoxalbania.org\/2020\/wp-content\/uploads\/2020\/05\/albania.jpeg","contentUrl":"https:\/\/orthodoxalbania.org\/2020\/wp-content\/uploads\/2020\/05\/albania.jpeg","width":540,"height":540,"caption":"Kisha Orthodhokse Autoqefale e Shqip\u00ebris\u00eb"},"image":{"@id":"https:\/\/orthodoxalbania.org\/2020\/#\/schema\/logo\/image\/"},"sameAs":["https:\/\/www.facebook.com\/koash1991"]},{"@type":"Person","@id":"https:\/\/orthodoxalbania.org\/2020\/#\/schema\/person\/0c387634a7063ac612d7ed9ce71c7e86","name":"Kisha Orthodhokse","image":{"@type":"ImageObject","inLanguage":"en-US","@id":"https:\/\/secure.gravatar.com\/avatar\/596e7c417251e30f2fbb9c00e026fce61a695a00e51c889caded71c96cbbdde5?s=96&d=mm&r=g","url":"https:\/\/secure.gravatar.com\/avatar\/596e7c417251e30f2fbb9c00e026fce61a695a00e51c889caded71c96cbbdde5?s=96&d=mm&r=g","contentUrl":"https:\/\/secure.gravatar.com\/avatar\/596e7c417251e30f2fbb9c00e026fce61a695a00e51c889caded71c96cbbdde5?s=96&d=mm&r=g","caption":"Kisha Orthodhokse"}}]}},"_links":{"self":[{"href":"https:\/\/orthodoxalbania.org\/2020\/wp-json\/wp\/v2\/posts\/728","targetHints":{"allow":["GET"]}}],"collection":[{"href":"https:\/\/orthodoxalbania.org\/2020\/wp-json\/wp\/v2\/posts"}],"about":[{"href":"https:\/\/orthodoxalbania.org\/2020\/wp-json\/wp\/v2\/types\/post"}],"author":[{"embeddable":true,"href":"https:\/\/orthodoxalbania.org\/2020\/wp-json\/wp\/v2\/users\/1"}],"replies":[{"embeddable":true,"href":"https:\/\/orthodoxalbania.org\/2020\/wp-json\/wp\/v2\/comments?post=728"}],"version-history":[{"count":1,"href":"https:\/\/orthodoxalbania.org\/2020\/wp-json\/wp\/v2\/posts\/728\/revisions"}],"predecessor-version":[{"id":15619,"href":"https:\/\/orthodoxalbania.org\/2020\/wp-json\/wp\/v2\/posts\/728\/revisions\/15619"}],"wp:attachment":[{"href":"https:\/\/orthodoxalbania.org\/2020\/wp-json\/wp\/v2\/media?parent=728"}],"wp:term":[{"taxonomy":"category","embeddable":true,"href":"https:\/\/orthodoxalbania.org\/2020\/wp-json\/wp\/v2\/categories?post=728"},{"taxonomy":"post_tag","embeddable":true,"href":"https:\/\/orthodoxalbania.org\/2020\/wp-json\/wp\/v2\/tags?post=728"}],"curies":[{"name":"wp","href":"https:\/\/api.w.org\/{rel}","templated":true}]}}