{"id":727,"date":"2013-10-08T11:06:02","date_gmt":"2013-10-08T11:06:02","guid":{"rendered":""},"modified":"2020-04-06T22:05:32","modified_gmt":"2020-04-06T20:05:32","slug":"kisha-orthodhokse-autoqefale-e-shqiperise-merr-pjese-ne-festimet-panagjirike-panorthodhokse-te-1700-vjetorin-e-shpalljes-se-ediktit-te-milanos-organizuar-nga-patriarkana-e-serbise","status":"publish","type":"post","link":"https:\/\/orthodoxalbania.org\/2020\/2013\/10\/08\/kisha-orthodhokse-autoqefale-e-shqiperise-merr-pjese-ne-festimet-panagjirike-panorthodhokse-te-1700-vjetorin-e-shpalljes-se-ediktit-te-milanos-organizuar-nga-patriarkana-e-serbise\/","title":{"rendered":"Kisha Orthodhokse Autoqefale e Shqip\u00ebris\u00eb merr pjes\u00eb n\u00eb festimet panagjirike panorthodhokse t\u00eb 1700 vjetorit t\u00eb shpalljes s\u00eb Ediktit t\u00eb Milanos organizuar nga Patriarkana e Serbis\u00eb. (5-7 Tetor 2013)"},"content":{"rendered":"<p style=\"text-align: justify;\">\n\t<img decoding=\"async\" class=\"lazyload uya LXa\" height=\"153\" src=\"data:image\/svg+xml,%3Csvg%20xmlns%3D%27http%3A%2F%2Fwww.w3.org%2F2000%2Fsvg%27%20width%3D%27363%27%20height%3D%27153%27%20viewBox%3D%270%200%20363%20153%27%3E%3Crect%20width%3D%27363%27%20height%3D%27153%27%20fill-opacity%3D%220%22%2F%3E%3C%2Fsvg%3E\" data-orig-src=\"https:\/\/lh5.googleusercontent.com\/-qam9f6ODtMo\/UlQwBlT5jMI\/AAAAAAAAGlY\/N8dSQl50lLA\/w958-h398-no\/img_3816.jpg\" style=\"border-width: 1px; border-style: solid; margin: 15px; float: left;\" width=\"363\" \/><\/p>\n<p style=\"text-align: justify;\">\n\t<span style=\"color:#000000;\"><span style=\"font-size: 12px;\"><span style=\"font-family: tahoma,geneva,sans-serif;\">&nbsp;&nbsp;&nbsp; Patriarkana e Serbis\u00eb kulmoi festimet e saj p\u00ebr 1700 vjetorin e shpalljes s\u00eb Ediktit t\u00eb Milanos (313) me nj\u00eb seri festimesh panagjirike panorthodhokse n\u00eb Beograd, n\u00eb Nish dhe n\u00eb Podgoric\u00eb nga dt. 5-7 tetor 2013.&nbsp; <\/span><\/span><\/span><\/p>\n<p style=\"text-align: justify;\">\n\t<span style=\"color:#000000;\"><span style=\"font-size: 12px;\"><span style=\"font-family: tahoma,geneva,sans-serif;\">&nbsp;&nbsp;&nbsp; Merrnin pjes\u00eb Patriarku Ekumenik T\u00ebr\u00ebshenjt\u00ebria e Tij Bartolomeu, Patriarku i Jerusalemit Fortlumturia e Tij z. Theofil, Patriarku i Mosk\u00ebs Fortlumturia e Tij z. Kirill, Kryepiskopi i Qipros Fortlumturia e Tij z. Krisostom,&nbsp; Kryepiskopi i Athin\u00ebs Fortlumturia e Tij z. Jeronim, Kryepiskopi i Varshav\u00ebs Fortlumturia e Tij z. Sava, <\/span><\/span><\/span><span style=\"color:#000000;\"><span style=\"font-size: 12px;\"><span style=\"font-family: tahoma,geneva,sans-serif;\">Kryepiskopi i Tiran\u00ebs Fortlumturia e Tij, z. Anastas<\/span><\/span><\/span><span style=\"color:#000000;\"><span style=\"font-size: 12px;\"><span style=\"font-family: tahoma,geneva,sans-serif;\"> dhe nj\u00eb num\u00ebr i madh hierark\u00ebsh p\u00ebrfaq\u00ebsues t\u00eb Patriarkanave dhe Kishave Autoqefale nga e gjith\u00eb bota orthodhokse, p\u00ebrfaq\u00ebsues t\u00eb lart\u00eb nga Selia e Shenjt\u00eb e Vatikanit, t\u00eb Kishave t\u00eb tjera t\u00eb krishtera, nga K\u00ebshilli i Bot\u00ebror dhe Evropian i Kishave, Kryemyftiu i Serbis\u00eb, nga trupat diplomatike t\u00eb Serbis\u00eb dhe i Malit t\u00eb Zi &nbsp;etj.<\/span><\/span><\/span><\/p>\n<p style=\"text-align: justify;\">\n\t<span style=\"color:#000000;\"><span style=\"font-size: 12px;\"><span style=\"font-family: tahoma,geneva,sans-serif;\">&nbsp;&nbsp;&nbsp; Delegacioni i <\/span><\/span><\/span><span style=\"color:#000000;\"><span style=\"font-size: 12px;\"><span style=\"font-family: tahoma,geneva,sans-serif;\">Kish\u00ebs Orthodhokse Autoqefale \u00eb Shqip\u00ebris\u00eb <\/span><\/span><\/span><span style=\"color:#000000;\"><span style=\"font-size: 12px;\"><span style=\"font-family: tahoma,geneva,sans-serif;\"> p\u00ebrb\u00ebhej nga Kryepiskopi i Tiran\u00ebs, Durr\u00ebsit dhe i gjith\u00eb Shqip\u00ebris\u00eb, Fortlumturia e Tij, z. Anastas, Episkopi i Bylis z. Asti dhe At\u00eb Anastas Bendo. <\/span><\/span><\/span><\/p>\n<p style=\"text-align: justify;\">\n\t<span style=\"color:#000000;\"><span style=\"font-size: 12px;\"><span style=\"font-family: tahoma,geneva,sans-serif;\">&nbsp;&nbsp;&nbsp; N\u00eb Beograd festimet filluan t\u00eb shtun\u00ebn dt.5 tetor me Dhoksologjin\u00eb panagjirike n\u00eb kish\u00ebn katedrale t\u00eb Kryeengj\u00ebllit Mihail me pjes\u00ebmarrjen e shumt\u00eb t\u00eb besimtar\u00ebve brenda e jasht\u00eb saj. M\u00eb pas programi vazhdoi me audienc\u00ebn n\u00eb Patriarkan\u00eb me Patriarkun e Serbis\u00eb Fortlumturin\u00eb e Tij z. Irineu, m\u00eb pas me audienc\u00ebn dhe drek\u00ebn me Presidentin e Republik\u00ebs s\u00eb Serbis\u00eb z. Tomislav Nikoli\u00e7.<\/span><\/span><\/span><\/p>\n<p style=\"text-align: justify;\">\n\t<span style=\"color:#000000;\"><span style=\"font-size: 12px;\"><span style=\"font-family: tahoma,geneva,sans-serif;\">&nbsp;&nbsp;&nbsp; T\u00eb nes\u00ebrmen dt. 6 tetor, dit\u00ebn e diel, n\u00eb kish\u00ebn e re t\u00eb Sh\u00ebn Konstandinit dhe Elen\u00ebs n\u00eb Nish (n\u00eb vendlindjen e perandorit Konstandin), n\u00eb pranin\u00eb e mij\u00ebra besimtar\u00ebve klerik\u00eb e laik\u00eb, u krye solemnisht Liturgjia Hyjnore me pjes\u00ebmarrjen e t\u00eb gjith\u00eb hierark\u00ebve. Merrnin pjes\u00eb t\u00eb gjith\u00eb autoritetet shtet\u00ebrore t\u00eb Republik\u00ebs s\u00eb Serbis\u00eb. N\u00eb fund Patriarku i Serbis\u00eb u ndau t\u00eb gjith\u00eb primat\u00ebve dhe p\u00ebrfaq\u00ebsive t\u00eb Kishave Orthodhokse medaljen \u201cPerandori Konstandin\u201d, medalja m\u00eb e lart\u00eb e Kish\u00ebs s\u00eb Serbis\u00eb, akorduar nga Sinodi i Shenjt\u00eb i Kish\u00ebs s\u00eb Serbis\u00eb p\u00ebr k\u00ebt\u00eb jubile.<\/span><\/span><\/span><\/p>\n<p style=\"text-align: justify;\">\n\t<span style=\"color:#000000;\"><span style=\"font-size: 12px;\"><span style=\"font-family: tahoma,geneva,sans-serif;\">&nbsp;&nbsp;&nbsp; T\u00eb h\u00ebn\u00ebn n\u00eb dt. 7 tetor, n\u00eb Podgoric\u00eb t\u00eb Malit t\u00eb Zi, n\u00eb kish\u00ebn e re t\u00eb sapop\u00ebrfunduar t\u00eb Ngjalljes s\u00eb Krishtit, u krye sh\u00ebrbesa e Shenjt\u00ebrimit t\u00eb saj bashk\u00eb me Liturgjin\u00eb hyjnore, me pjes\u00ebmarrjen e mij\u00ebra besimtar\u00ebve. Merrnin pjes\u00eb t\u00eb gjith\u00eb autoritetet shtet\u00ebrore t\u00eb vendit. M\u00eb pas programi vazhdoi me audienc\u00ebn me Presidentin dhe Kryeministrin e Republik\u00ebs s\u00eb Malit t\u00eb Zi.<\/span><\/span><\/span><\/p>\n<p style=\"text-align: justify;\">\n\t<span style=\"color:#000000;\"><span style=\"font-size: 12px;\"><span style=\"font-family: tahoma,geneva,sans-serif;\">&nbsp;&nbsp;&nbsp; \u00cbsht\u00eb p\u00ebr t\u2019u theksuar fakti se ishte hera e par\u00eb q\u00eb u d\u00ebgjuan n\u00eb shqip thirrjet liturgjike kryeprift\u00ebrore n\u00eb k\u00ebto tre kisha katedrale.<\/span><\/span><\/span><\/p>\n<p style=\"text-align: justify;\">\n\t&nbsp;<\/p>\n<p style=\"text-align: center;\">\n\t<span style=\"font-size:28px;\"><span style=\"color: rgb(128, 0, 0);\"><strong>BEOGRAD<\/strong><\/span><\/span><\/p>\n<p style=\"text-align: justify;\">\n\t<img decoding=\"async\" class=\"lazyload uya LXa\" src=\"data:image\/gif;base64,R0lGODlhAQABAAAAACH5BAEKAAEALAAAAAABAAEAAAICTAEAOw==\" data-orig-src=\"https:\/\/lh3.googleusercontent.com\/-Jh-2UTxrCwU\/UlQvhhDWJbI\/AAAAAAAAGkI\/7ttqyc0RdFg\/w1107-h738-no\/New+Picture+%2813%29.bmp\" style=\"height: 640px; width: 960px; border-width: 1px; border-style: solid; margin: 15px;\" \/><\/p>\n<p style=\"text-align: justify;\">\n\t<img decoding=\"async\" class=\"lazyload uya LXa\" src=\"data:image\/gif;base64,R0lGODlhAQABAAAAACH5BAEKAAEALAAAAAABAAEAAAICTAEAOw==\" data-orig-src=\"https:\/\/lh4.googleusercontent.com\/-5IPTnSYMavQ\/UlQvTWP8AxI\/AAAAAAAAGjw\/q4a_NIiFqn0\/w1107-h738-no\/New+Picture+%2812%29.bmp\" style=\"height: 640px; width: 960px; border-width: 1px; border-style: solid; margin: 15px;\" \/><\/p>\n<p style=\"text-align: justify;\">\n\t<img decoding=\"async\" class=\"lazyload uya LXa\" src=\"data:image\/gif;base64,R0lGODlhAQABAAAAACH5BAEKAAEALAAAAAABAAEAAAICTAEAOw==\" data-orig-src=\"https:\/\/lh6.googleusercontent.com\/-ZrpTmtZ8UOQ\/UlQwBufJUQI\/AAAAAAAAGlc\/huOJ713ZWVA\/w1107-h738-no\/img_3546.jpg\" style=\"height: 640px; width: 960px; border-width: 1px; border-style: solid; margin: 15px;\" \/><\/p>\n<p style=\"text-align: justify;\">\n\t<img decoding=\"async\" class=\"lazyload uya LXa\" src=\"data:image\/gif;base64,R0lGODlhAQABAAAAACH5BAEKAAEALAAAAAABAAEAAAICTAEAOw==\" data-orig-src=\"https:\/\/lh4.googleusercontent.com\/-qam9f6ODtMo\/UlQwBlT5jMI\/AAAAAAAAGlY\/N8dSQl50lLA\/w1107-h460-no\/img_3816.jpg\" style=\"height: 399px; width: 960px; border-width: 1px; border-style: solid; margin: 15px;\" \/><\/p>\n<p style=\"text-align: justify;\">\n\t&nbsp;<\/p>\n<p style=\"text-align: center;\">\n\t<span style=\"color:#800000;\"><span style=\"font-size: 28px;\"><strong>NISH<\/strong><\/span><\/span><\/p>\n<p style=\"text-align: justify;\">\n\t<img decoding=\"async\" class=\"lazyload uya LXa\" src=\"data:image\/gif;base64,R0lGODlhAQABAAAAACH5BAEKAAEALAAAAAABAAEAAAICTAEAOw==\" data-orig-src=\"https:\/\/lh5.googleusercontent.com\/-h0c4G3DL1Nc\/UlQu89PwHAI\/AAAAAAAAGi0\/p_fYhpQgUtE\/w1107-h739-no\/20131008VAR_1630-1200.jpg\" style=\"height: 641px; width: 960px; border-width: 1px; border-style: solid; margin: 15px;\" \/><\/p>\n<p style=\"text-align: justify;\">\n\t<img decoding=\"async\" class=\"lazyload uya LXa\" src=\"data:image\/gif;base64,R0lGODlhAQABAAAAACH5BAEKAAEALAAAAAABAAEAAAICTAEAOw==\" data-orig-src=\"https:\/\/lh3.googleusercontent.com\/-ZXmEsjAD568\/UlQu-g1f00I\/AAAAAAAAGjA\/yJQn_F_9XhM\/w1107-h739-no\/20131008VAR_1787-1200.jpg\" style=\"height: 641px; width: 960px; border-width: 1px; border-style: solid; margin: 15px;\" \/><\/p>\n<p style=\"text-align: justify;\">\n\t<img decoding=\"async\" class=\"lazyload uya LXa\" src=\"data:image\/gif;base64,R0lGODlhAQABAAAAACH5BAEKAAEALAAAAAABAAEAAAICTAEAOw==\" data-orig-src=\"https:\/\/lh4.googleusercontent.com\/-e_hhLGSYkA8\/UlQu_KtYg3I\/AAAAAAAAGjE\/Mhbpq9FTGMw\/w1107-h739-no\/20131008VAR_1725-1200.jpg\" style=\"height: 641px; width: 960px; border-width: 1px; border-style: solid; margin: 15px;\" \/><\/p>\n<p style=\"text-align: justify;\">\n\t<img decoding=\"async\" class=\"lazyload uya LXa\" src=\"data:image\/gif;base64,R0lGODlhAQABAAAAACH5BAEKAAEALAAAAAABAAEAAAICTAEAOw==\" data-orig-src=\"https:\/\/lh4.googleusercontent.com\/-ylwSigKGm2M\/UlQvB8gr8cI\/AAAAAAAAGjM\/62Jr0EKFvbc\/w1107-h739-no\/20131008VAR_1893-1200.jpg\" style=\"height: 641px; width: 960px; border-width: 1px; border-style: solid; margin: 15px;\" \/><\/p>\n<p style=\"text-align: justify;\">\n\t<img decoding=\"async\" class=\"lazyload uya LXa\" src=\"data:image\/gif;base64,R0lGODlhAQABAAAAACH5BAEKAAEALAAAAAABAAEAAAICTAEAOw==\" data-orig-src=\"https:\/\/lh5.googleusercontent.com\/-FTl3BcCrd2Y\/UlQ597j7knI\/AAAAAAAAGn0\/dt_w1h2rZXs\/w844-h559-no\/dsc_7617_copy.jpg\" style=\"height: 636px; width: 960px; border-width: 1px; border-style: solid; margin: 15px;\" \/><\/p>\n<p style=\"text-align: justify;\">\n\t<img decoding=\"async\" class=\"lazyload uya LXa\" src=\"data:image\/gif;base64,R0lGODlhAQABAAAAACH5BAEKAAEALAAAAAABAAEAAAICTAEAOw==\" data-orig-src=\"https:\/\/lh5.googleusercontent.com\/-OZiF-RWFfok\/UlQwAXmp-OI\/AAAAAAAAGlI\/cQme4izJF2s\/w844-h559-no\/dsc_8185_copy.jpg\" style=\"height: 636px; width: 960px; border-width: 1px; border-style: solid; margin: 15px;\" \/><\/p>\n<p style=\"text-align: justify;\">\n\t<img decoding=\"async\" class=\"lazyload uya LXa\" src=\"data:image\/gif;base64,R0lGODlhAQABAAAAACH5BAEKAAEALAAAAAABAAEAAAICTAEAOw==\" data-orig-src=\"https:\/\/lh3.googleusercontent.com\/-3Sbq5EE3jOo\/UlQwAQ0R9fI\/AAAAAAAAGlM\/TvVeVV6zW_w\/w844-h559-no\/dsc_7648_copy.jpg\" style=\"height: 636px; width: 960px; border-width: 1px; border-style: solid; margin: 15px;\" \/><\/p>\n<p style=\"text-align: justify;\">\n\t<img decoding=\"async\" class=\"lazyload uya LXa\" src=\"data:image\/gif;base64,R0lGODlhAQABAAAAACH5BAEKAAEALAAAAAABAAEAAAICTAEAOw==\" data-orig-src=\"https:\/\/lh4.googleusercontent.com\/-Gy9Y_4m68j8\/UlQvE2F5tsI\/AAAAAAAAGjU\/3skPaV2oT9Q\/w668-h857-no\/20131008VAR_1898-1200.jpg\" style=\"height: 960px; width: 748px; border-width: 1px; border-style: solid; margin: 15px;\" \/><\/p>\n<p style=\"text-align: justify;\">\n\t&nbsp;<\/p>\n<p style=\"text-align: center;\">\n\t<span style=\"color:#800000;\"><span style=\"font-size: 28px;\"><strong>PODGORIC\u00cb<\/strong><\/span><\/span><\/p>\n<p style=\"text-align: justify;\">\n\t<img decoding=\"async\" class=\"lazyload uya LXa\" src=\"data:image\/gif;base64,R0lGODlhAQABAAAAACH5BAEKAAEALAAAAAABAAEAAAICTAEAOw==\" data-orig-src=\"https:\/\/lh5.googleusercontent.com\/-yrv-eUu18CA\/UlQv4jZw9FI\/AAAAAAAAGkg\/gAxK4IrQc_c\/w895-h597-no\/New+Picture+%283%29.bmp\" style=\"height: 640px; width: 960px; border-width: 1px; border-style: solid; margin: 15px;\" \/><\/p>\n<p style=\"text-align: justify;\">\n\t<img decoding=\"async\" class=\"lazyload uya LXa\" src=\"data:image\/gif;base64,R0lGODlhAQABAAAAACH5BAEKAAEALAAAAAABAAEAAAICTAEAOw==\" data-orig-src=\"https:\/\/lh6.googleusercontent.com\/-6O4SWv6bh8I\/UlRDujFCS4I\/AAAAAAAAGog\/fTniprcW1bA\/w992-h653-no\/New+Picture+%2838%29.bmp\" style=\"height: 632px; width: 960px; border-width: 1px; border-style: solid; margin: 15px;\" \/><\/p>\n<p style=\"text-align: justify;\">\n\t<img decoding=\"async\" class=\"lazyload uya LXa\" src=\"data:image\/gif;base64,R0lGODlhAQABAAAAACH5BAEKAAEALAAAAAABAAEAAAICTAEAOw==\" data-orig-src=\"https:\/\/lh6.googleusercontent.com\/-VV8rPlhC7G4\/UlRH7LT3qnI\/AAAAAAAAGo0\/qcbfIq_vgxE\/w895-h597-no\/img_4819.jpg\" style=\"height: 640px; width: 960px; border-width: 1px; border-style: solid; margin: 15px;\" \/><\/p>\n<p style=\"text-align: justify;\">\n\t<img decoding=\"async\" class=\"lazyload uya LXa\" src=\"data:image\/gif;base64,R0lGODlhAQABAAAAACH5BAEKAAEALAAAAAABAAEAAAICTAEAOw==\" data-orig-src=\"https:\/\/lh5.googleusercontent.com\/-hMIDRW1OC4Y\/UlQvx-qvS1I\/AAAAAAAAGkY\/sDuomTet0Kw\/w992-h661-no\/New+Picture+%2823%29.bmp\" style=\"height: 640px; width: 960px; border-width: 1px; border-style: solid; margin: 15px;\" \/><\/p>\n<p style=\"text-align: justify;\">\n\t<img decoding=\"async\" class=\"lazyload uya LXa\" src=\"data:image\/gif;base64,R0lGODlhAQABAAAAACH5BAEKAAEALAAAAAABAAEAAAICTAEAOw==\" data-orig-src=\"https:\/\/lh5.googleusercontent.com\/-3Nu97Ot_va8\/UlRH4cQKZdI\/AAAAAAAAGos\/EAEwbdIi6F0\/w806-h536-no\/dsc_0820.jpg\" style=\"height: 638px; width: 960px; border-width: 1px; border-style: solid; margin: 15px;\" \/><\/p>\n<p style=\"text-align: justify;\">\n\t<img decoding=\"async\" class=\"lazyload uya LXa\" src=\"data:image\/gif;base64,R0lGODlhAQABAAAAACH5BAEKAAEALAAAAAABAAEAAAICTAEAOw==\" data-orig-src=\"https:\/\/lh4.googleusercontent.com\/-enI-CY43-6A\/UlQv_L2YwSI\/AAAAAAAAGk0\/Oi8ptK_vWVw\/w806-h536-no\/dsc_01951.jpg\" style=\"height: 638px; width: 960px; border-width: 1px; border-style: solid; margin: 15px;\" \/><\/p>\n<p style=\"text-align: justify;\">\n\t<span style=\"font-size:12px;\"><span style=\"color: rgb(0, 0, 0);\"><span style=\"font-family: tahoma,geneva,sans-serif;\">M\u00eb shum\u00eb informacion shikoni &nbsp;<\/span><\/span><span style=\"font-family: tahoma,geneva,sans-serif;\"><a href=\"http:\/\/www.spc.rs\/eng\/constantine_jubilee\"><span style=\"color: rgb(0, 0, 0);\">http:\/\/www.spc.rs\/eng\/constantine_jubilee<\/span><\/a><\/span><span style=\"color: rgb(0, 0, 0);\"><span style=\"font-family: tahoma,geneva,sans-serif;\"> <\/span><\/span><\/span><\/p>\n<p style=\"text-align: justify;\">\n\t&nbsp;<\/p>\n<p style=\"text-align: justify;\">\n\t&nbsp;<\/p>\n","protected":false},"excerpt":{"rendered":"<p>&nbsp;&nbsp;&nbsp; Patriarkana e Serbis\u00eb kulmoi festimet e saj p\u00ebr 1700 vjetorin e shpalljes s\u00eb Ediktit t\u00eb Milanos (313) me nj\u00eb seri festimesh panagjirike panorthodhokse n\u00eb Beograd, n\u00eb Nish dhe n\u00eb Podgoric\u00eb nga dt. 5-7 tetor 2013.&nbsp; &nbsp;&nbsp;&nbsp; Merrnin pjes\u00eb Patriarku Ekumenik T\u00ebr\u00ebshenjt\u00ebria e Tij Bartolomeu, Patriarku i Jerusalemit Fortlumturia e Tij z. Theofil, Patriarku i Mosk\u00ebs Fortlumturia e Tij z. Kirill, Kryepiskopi i Qipros Fortlumturia<\/p>\n","protected":false},"author":1,"featured_media":0,"comment_status":"open","ping_status":"open","sticky":false,"template":"","format":"standard","meta":{"_acf_changed":false,"pagelayer_contact_templates":[],"_pagelayer_content":"","inline_featured_image":false,"fifu_image_url":"","fifu_image_alt":"","footnotes":""},"categories":[108],"tags":[141,153,157,196,201,212],"class_list":["post-727","post","type-post","status-publish","format-standard","hentry","category-lajme","tag-141","tag-deklarata-njoftime-zyrtare-d75","tag-kremtime","tag-tirane","tag-kryepiskopi-anastas","tag-lajme-d27"],"acf":[],"yoast_head":"<!-- This site is optimized with the Yoast SEO plugin v27.2 - https:\/\/yoast.com\/product\/yoast-seo-wordpress\/ -->\n<title>Kisha Orthodhokse Autoqefale e Shqip\u00ebris\u00eb merr pjes\u00eb n\u00eb festimet panagjirike panorthodhokse t\u00eb 1700 vjetorit t\u00eb shpalljes s\u00eb Ediktit t\u00eb Milanos organizuar nga Patriarkana e Serbis\u00eb. (5-7 Tetor 2013) - Kisha Orthodh\u03bfkse Autoqefale e Shqip\u00ebris\u00eb<\/title>\n<meta name=\"robots\" content=\"index, follow, max-snippet:-1, max-image-preview:large, max-video-preview:-1\" \/>\n<link rel=\"canonical\" href=\"https:\/\/orthodoxalbania.org\/2020\/2013\/10\/08\/kisha-orthodhokse-autoqefale-e-shqiperise-merr-pjese-ne-festimet-panagjirike-panorthodhokse-te-1700-vjetorin-e-shpalljes-se-ediktit-te-milanos-organizuar-nga-patriarkana-e-serbise\/\" \/>\n<meta property=\"og:locale\" content=\"en_US\" \/>\n<meta property=\"og:type\" content=\"article\" \/>\n<meta property=\"og:title\" content=\"Kisha Orthodhokse Autoqefale e Shqip\u00ebris\u00eb merr pjes\u00eb n\u00eb festimet panagjirike panorthodhokse t\u00eb 1700 vjetorit t\u00eb shpalljes s\u00eb Ediktit t\u00eb Milanos organizuar nga Patriarkana e Serbis\u00eb. (5-7 Tetor 2013) - Kisha Orthodh\u03bfkse Autoqefale e Shqip\u00ebris\u00eb\" \/>\n<meta property=\"og:description\" content=\"&nbsp;&nbsp;&nbsp; Patriarkana e Serbis\u00eb kulmoi festimet e saj p\u00ebr 1700 vjetorin e shpalljes s\u00eb Ediktit t\u00eb Milanos (313) me nj\u00eb seri festimesh panagjirike panorthodhokse n\u00eb Beograd, n\u00eb Nish dhe n\u00eb Podgoric\u00eb nga dt. 5-7 tetor 2013.&nbsp; &nbsp;&nbsp;&nbsp; Merrnin pjes\u00eb Patriarku Ekumenik T\u00ebr\u00ebshenjt\u00ebria e Tij Bartolomeu, Patriarku i Jerusalemit Fortlumturia e Tij z. Theofil, Patriarku i Mosk\u00ebs Fortlumturia e Tij z. Kirill, Kryepiskopi i Qipros Fortlumturia\" \/>\n<meta property=\"og:url\" content=\"https:\/\/orthodoxalbania.org\/2020\/2013\/10\/08\/kisha-orthodhokse-autoqefale-e-shqiperise-merr-pjese-ne-festimet-panagjirike-panorthodhokse-te-1700-vjetorin-e-shpalljes-se-ediktit-te-milanos-organizuar-nga-patriarkana-e-serbise\/\" \/>\n<meta property=\"og:site_name\" content=\"Kisha Orthodh\u03bfkse Autoqefale e Shqip\u00ebris\u00eb\" \/>\n<meta property=\"article:publisher\" content=\"https:\/\/www.facebook.com\/koash1991\" \/>\n<meta property=\"article:published_time\" content=\"2013-10-08T11:06:02+00:00\" \/>\n<meta property=\"article:modified_time\" content=\"2020-04-06T20:05:32+00:00\" \/>\n<meta property=\"og:image\" content=\"https:\/\/lh5.googleusercontent.com\/-qam9f6ODtMo\/UlQwBlT5jMI\/AAAAAAAAGlY\/N8dSQl50lLA\/w958-h398-no\/img_3816.jpg\" \/>\n<meta name=\"author\" content=\"Kisha Orthodhokse\" \/>\n<meta name=\"twitter:card\" content=\"summary_large_image\" \/>\n<meta name=\"twitter:label1\" content=\"Written by\" \/>\n\t<meta name=\"twitter:data1\" content=\"Kisha Orthodhokse\" \/>\n\t<meta name=\"twitter:label2\" content=\"Est. reading time\" \/>\n\t<meta name=\"twitter:data2\" content=\"3 minutes\" \/>\n<script type=\"application\/ld+json\" class=\"yoast-schema-graph\">{\"@context\":\"https:\/\/schema.org\",\"@graph\":[{\"@type\":\"Article\",\"@id\":\"https:\/\/orthodoxalbania.org\/2020\/2013\/10\/08\/kisha-orthodhokse-autoqefale-e-shqiperise-merr-pjese-ne-festimet-panagjirike-panorthodhokse-te-1700-vjetorin-e-shpalljes-se-ediktit-te-milanos-organizuar-nga-patriarkana-e-serbise\/#article\",\"isPartOf\":{\"@id\":\"https:\/\/orthodoxalbania.org\/2020\/2013\/10\/08\/kisha-orthodhokse-autoqefale-e-shqiperise-merr-pjese-ne-festimet-panagjirike-panorthodhokse-te-1700-vjetorin-e-shpalljes-se-ediktit-te-milanos-organizuar-nga-patriarkana-e-serbise\/\"},\"author\":{\"name\":\"Kisha Orthodhokse\",\"@id\":\"https:\/\/orthodoxalbania.org\/2020\/#\/schema\/person\/0c387634a7063ac612d7ed9ce71c7e86\"},\"headline\":\"Kisha Orthodhokse Autoqefale e Shqip\u00ebris\u00eb merr pjes\u00eb n\u00eb festimet panagjirike panorthodhokse t\u00eb 1700 vjetorit t\u00eb shpalljes s\u00eb Ediktit t\u00eb Milanos organizuar nga Patriarkana e Serbis\u00eb. (5-7 Tetor 2013)\",\"datePublished\":\"2013-10-08T11:06:02+00:00\",\"dateModified\":\"2020-04-06T20:05:32+00:00\",\"mainEntityOfPage\":{\"@id\":\"https:\/\/orthodoxalbania.org\/2020\/2013\/10\/08\/kisha-orthodhokse-autoqefale-e-shqiperise-merr-pjese-ne-festimet-panagjirike-panorthodhokse-te-1700-vjetorin-e-shpalljes-se-ediktit-te-milanos-organizuar-nga-patriarkana-e-serbise\/\"},\"wordCount\":543,\"commentCount\":0,\"publisher\":{\"@id\":\"https:\/\/orthodoxalbania.org\/2020\/#organization\"},\"image\":{\"@id\":\"https:\/\/orthodoxalbania.org\/2020\/2013\/10\/08\/kisha-orthodhokse-autoqefale-e-shqiperise-merr-pjese-ne-festimet-panagjirike-panorthodhokse-te-1700-vjetorin-e-shpalljes-se-ediktit-te-milanos-organizuar-nga-patriarkana-e-serbise\/#primaryimage\"},\"thumbnailUrl\":\"https:\/\/lh5.googleusercontent.com\/-qam9f6ODtMo\/UlQwBlT5jMI\/AAAAAAAAGlY\/N8dSQl50lLA\/w958-h398-no\/img_3816.jpg\",\"keywords\":[\"2013\",\"Deklarata - Njoftime Zyrtare\",\"Kremtime\",\"Kryepiskopata Tiran\u00eb\",\"Kryepiskopi Anastas\",\"lajme\"],\"articleSection\":[\"Lajme\"],\"inLanguage\":\"en-US\"},{\"@type\":\"WebPage\",\"@id\":\"https:\/\/orthodoxalbania.org\/2020\/2013\/10\/08\/kisha-orthodhokse-autoqefale-e-shqiperise-merr-pjese-ne-festimet-panagjirike-panorthodhokse-te-1700-vjetorin-e-shpalljes-se-ediktit-te-milanos-organizuar-nga-patriarkana-e-serbise\/\",\"url\":\"https:\/\/orthodoxalbania.org\/2020\/2013\/10\/08\/kisha-orthodhokse-autoqefale-e-shqiperise-merr-pjese-ne-festimet-panagjirike-panorthodhokse-te-1700-vjetorin-e-shpalljes-se-ediktit-te-milanos-organizuar-nga-patriarkana-e-serbise\/\",\"name\":\"Kisha Orthodhokse Autoqefale e Shqip\u00ebris\u00eb merr pjes\u00eb n\u00eb festimet panagjirike panorthodhokse t\u00eb 1700 vjetorit t\u00eb shpalljes s\u00eb Ediktit t\u00eb Milanos organizuar nga Patriarkana e Serbis\u00eb. (5-7 Tetor 2013) - Kisha Orthodh\u03bfkse Autoqefale e Shqip\u00ebris\u00eb\",\"isPartOf\":{\"@id\":\"https:\/\/orthodoxalbania.org\/2020\/#website\"},\"primaryImageOfPage\":{\"@id\":\"https:\/\/orthodoxalbania.org\/2020\/2013\/10\/08\/kisha-orthodhokse-autoqefale-e-shqiperise-merr-pjese-ne-festimet-panagjirike-panorthodhokse-te-1700-vjetorin-e-shpalljes-se-ediktit-te-milanos-organizuar-nga-patriarkana-e-serbise\/#primaryimage\"},\"image\":{\"@id\":\"https:\/\/orthodoxalbania.org\/2020\/2013\/10\/08\/kisha-orthodhokse-autoqefale-e-shqiperise-merr-pjese-ne-festimet-panagjirike-panorthodhokse-te-1700-vjetorin-e-shpalljes-se-ediktit-te-milanos-organizuar-nga-patriarkana-e-serbise\/#primaryimage\"},\"thumbnailUrl\":\"https:\/\/lh5.googleusercontent.com\/-qam9f6ODtMo\/UlQwBlT5jMI\/AAAAAAAAGlY\/N8dSQl50lLA\/w958-h398-no\/img_3816.jpg\",\"datePublished\":\"2013-10-08T11:06:02+00:00\",\"dateModified\":\"2020-04-06T20:05:32+00:00\",\"breadcrumb\":{\"@id\":\"https:\/\/orthodoxalbania.org\/2020\/2013\/10\/08\/kisha-orthodhokse-autoqefale-e-shqiperise-merr-pjese-ne-festimet-panagjirike-panorthodhokse-te-1700-vjetorin-e-shpalljes-se-ediktit-te-milanos-organizuar-nga-patriarkana-e-serbise\/#breadcrumb\"},\"inLanguage\":\"en-US\",\"potentialAction\":[{\"@type\":\"ReadAction\",\"target\":[\"https:\/\/orthodoxalbania.org\/2020\/2013\/10\/08\/kisha-orthodhokse-autoqefale-e-shqiperise-merr-pjese-ne-festimet-panagjirike-panorthodhokse-te-1700-vjetorin-e-shpalljes-se-ediktit-te-milanos-organizuar-nga-patriarkana-e-serbise\/\"]}]},{\"@type\":\"ImageObject\",\"inLanguage\":\"en-US\",\"@id\":\"https:\/\/orthodoxalbania.org\/2020\/2013\/10\/08\/kisha-orthodhokse-autoqefale-e-shqiperise-merr-pjese-ne-festimet-panagjirike-panorthodhokse-te-1700-vjetorin-e-shpalljes-se-ediktit-te-milanos-organizuar-nga-patriarkana-e-serbise\/#primaryimage\",\"url\":\"https:\/\/lh5.googleusercontent.com\/-qam9f6ODtMo\/UlQwBlT5jMI\/AAAAAAAAGlY\/N8dSQl50lLA\/w958-h398-no\/img_3816.jpg\",\"contentUrl\":\"https:\/\/lh5.googleusercontent.com\/-qam9f6ODtMo\/UlQwBlT5jMI\/AAAAAAAAGlY\/N8dSQl50lLA\/w958-h398-no\/img_3816.jpg\"},{\"@type\":\"BreadcrumbList\",\"@id\":\"https:\/\/orthodoxalbania.org\/2020\/2013\/10\/08\/kisha-orthodhokse-autoqefale-e-shqiperise-merr-pjese-ne-festimet-panagjirike-panorthodhokse-te-1700-vjetorin-e-shpalljes-se-ediktit-te-milanos-organizuar-nga-patriarkana-e-serbise\/#breadcrumb\",\"itemListElement\":[{\"@type\":\"ListItem\",\"position\":1,\"name\":\"Home\",\"item\":\"https:\/\/orthodoxalbania.org\/2020\/\"},{\"@type\":\"ListItem\",\"position\":2,\"name\":\"Kisha Orthodhokse Autoqefale e Shqip\u00ebris\u00eb merr pjes\u00eb n\u00eb festimet panagjirike panorthodhokse t\u00eb 1700 vjetorit t\u00eb shpalljes s\u00eb Ediktit t\u00eb Milanos organizuar nga Patriarkana e Serbis\u00eb. (5-7 Tetor 2013)\"}]},{\"@type\":\"WebSite\",\"@id\":\"https:\/\/orthodoxalbania.org\/2020\/#website\",\"url\":\"https:\/\/orthodoxalbania.org\/2020\/\",\"name\":\"Kisha Orthodh\u03bfkse Autoqefale e Shqip\u00ebris\u00eb\",\"description\":\"Fqja Zyrtare e Kish\u00ebs Orthodhokse Autoqefale e Shqip\u00ebris\u00eb me lajmet edhe informacionet zyrtare p\u00ebr struktur\u00ebn edhe veprimtarin e saj.\",\"publisher\":{\"@id\":\"https:\/\/orthodoxalbania.org\/2020\/#organization\"},\"potentialAction\":[{\"@type\":\"SearchAction\",\"target\":{\"@type\":\"EntryPoint\",\"urlTemplate\":\"https:\/\/orthodoxalbania.org\/2020\/?s={search_term_string}\"},\"query-input\":{\"@type\":\"PropertyValueSpecification\",\"valueRequired\":true,\"valueName\":\"search_term_string\"}}],\"inLanguage\":\"en-US\"},{\"@type\":\"Organization\",\"@id\":\"https:\/\/orthodoxalbania.org\/2020\/#organization\",\"name\":\"Kisha Orthodhokse Autoqefale e Shqip\u00ebris\u00eb\",\"url\":\"https:\/\/orthodoxalbania.org\/2020\/\",\"logo\":{\"@type\":\"ImageObject\",\"inLanguage\":\"en-US\",\"@id\":\"https:\/\/orthodoxalbania.org\/2020\/#\/schema\/logo\/image\/\",\"url\":\"https:\/\/orthodoxalbania.org\/2020\/wp-content\/uploads\/2020\/05\/albania.jpeg\",\"contentUrl\":\"https:\/\/orthodoxalbania.org\/2020\/wp-content\/uploads\/2020\/05\/albania.jpeg\",\"width\":540,\"height\":540,\"caption\":\"Kisha Orthodhokse Autoqefale e Shqip\u00ebris\u00eb\"},\"image\":{\"@id\":\"https:\/\/orthodoxalbania.org\/2020\/#\/schema\/logo\/image\/\"},\"sameAs\":[\"https:\/\/www.facebook.com\/koash1991\"]},{\"@type\":\"Person\",\"@id\":\"https:\/\/orthodoxalbania.org\/2020\/#\/schema\/person\/0c387634a7063ac612d7ed9ce71c7e86\",\"name\":\"Kisha Orthodhokse\",\"image\":{\"@type\":\"ImageObject\",\"inLanguage\":\"en-US\",\"@id\":\"https:\/\/secure.gravatar.com\/avatar\/596e7c417251e30f2fbb9c00e026fce61a695a00e51c889caded71c96cbbdde5?s=96&d=mm&r=g\",\"url\":\"https:\/\/secure.gravatar.com\/avatar\/596e7c417251e30f2fbb9c00e026fce61a695a00e51c889caded71c96cbbdde5?s=96&d=mm&r=g\",\"contentUrl\":\"https:\/\/secure.gravatar.com\/avatar\/596e7c417251e30f2fbb9c00e026fce61a695a00e51c889caded71c96cbbdde5?s=96&d=mm&r=g\",\"caption\":\"Kisha Orthodhokse\"}}]}<\/script>\n<!-- \/ Yoast SEO plugin. -->","yoast_head_json":{"title":"Kisha Orthodhokse Autoqefale e Shqip\u00ebris\u00eb merr pjes\u00eb n\u00eb festimet panagjirike panorthodhokse t\u00eb 1700 vjetorit t\u00eb shpalljes s\u00eb Ediktit t\u00eb Milanos organizuar nga Patriarkana e Serbis\u00eb. (5-7 Tetor 2013) - Kisha Orthodh\u03bfkse Autoqefale e Shqip\u00ebris\u00eb","robots":{"index":"index","follow":"follow","max-snippet":"max-snippet:-1","max-image-preview":"max-image-preview:large","max-video-preview":"max-video-preview:-1"},"canonical":"https:\/\/orthodoxalbania.org\/2020\/2013\/10\/08\/kisha-orthodhokse-autoqefale-e-shqiperise-merr-pjese-ne-festimet-panagjirike-panorthodhokse-te-1700-vjetorin-e-shpalljes-se-ediktit-te-milanos-organizuar-nga-patriarkana-e-serbise\/","og_locale":"en_US","og_type":"article","og_title":"Kisha Orthodhokse Autoqefale e Shqip\u00ebris\u00eb merr pjes\u00eb n\u00eb festimet panagjirike panorthodhokse t\u00eb 1700 vjetorit t\u00eb shpalljes s\u00eb Ediktit t\u00eb Milanos organizuar nga Patriarkana e Serbis\u00eb. (5-7 Tetor 2013) - Kisha Orthodh\u03bfkse Autoqefale e Shqip\u00ebris\u00eb","og_description":"&nbsp;&nbsp;&nbsp; Patriarkana e Serbis\u00eb kulmoi festimet e saj p\u00ebr 1700 vjetorin e shpalljes s\u00eb Ediktit t\u00eb Milanos (313) me nj\u00eb seri festimesh panagjirike panorthodhokse n\u00eb Beograd, n\u00eb Nish dhe n\u00eb Podgoric\u00eb nga dt. 5-7 tetor 2013.&nbsp; &nbsp;&nbsp;&nbsp; Merrnin pjes\u00eb Patriarku Ekumenik T\u00ebr\u00ebshenjt\u00ebria e Tij Bartolomeu, Patriarku i Jerusalemit Fortlumturia e Tij z. Theofil, Patriarku i Mosk\u00ebs Fortlumturia e Tij z. Kirill, Kryepiskopi i Qipros Fortlumturia","og_url":"https:\/\/orthodoxalbania.org\/2020\/2013\/10\/08\/kisha-orthodhokse-autoqefale-e-shqiperise-merr-pjese-ne-festimet-panagjirike-panorthodhokse-te-1700-vjetorin-e-shpalljes-se-ediktit-te-milanos-organizuar-nga-patriarkana-e-serbise\/","og_site_name":"Kisha Orthodh\u03bfkse Autoqefale e Shqip\u00ebris\u00eb","article_publisher":"https:\/\/www.facebook.com\/koash1991","article_published_time":"2013-10-08T11:06:02+00:00","article_modified_time":"2020-04-06T20:05:32+00:00","og_image":[{"url":"https:\/\/lh5.googleusercontent.com\/-qam9f6ODtMo\/UlQwBlT5jMI\/AAAAAAAAGlY\/N8dSQl50lLA\/w958-h398-no\/img_3816.jpg","type":"","width":"","height":""}],"author":"Kisha Orthodhokse","twitter_card":"summary_large_image","twitter_misc":{"Written by":"Kisha Orthodhokse","Est. reading time":"3 minutes"},"schema":{"@context":"https:\/\/schema.org","@graph":[{"@type":"Article","@id":"https:\/\/orthodoxalbania.org\/2020\/2013\/10\/08\/kisha-orthodhokse-autoqefale-e-shqiperise-merr-pjese-ne-festimet-panagjirike-panorthodhokse-te-1700-vjetorin-e-shpalljes-se-ediktit-te-milanos-organizuar-nga-patriarkana-e-serbise\/#article","isPartOf":{"@id":"https:\/\/orthodoxalbania.org\/2020\/2013\/10\/08\/kisha-orthodhokse-autoqefale-e-shqiperise-merr-pjese-ne-festimet-panagjirike-panorthodhokse-te-1700-vjetorin-e-shpalljes-se-ediktit-te-milanos-organizuar-nga-patriarkana-e-serbise\/"},"author":{"name":"Kisha Orthodhokse","@id":"https:\/\/orthodoxalbania.org\/2020\/#\/schema\/person\/0c387634a7063ac612d7ed9ce71c7e86"},"headline":"Kisha Orthodhokse Autoqefale e Shqip\u00ebris\u00eb merr pjes\u00eb n\u00eb festimet panagjirike panorthodhokse t\u00eb 1700 vjetorit t\u00eb shpalljes s\u00eb Ediktit t\u00eb Milanos organizuar nga Patriarkana e Serbis\u00eb. (5-7 Tetor 2013)","datePublished":"2013-10-08T11:06:02+00:00","dateModified":"2020-04-06T20:05:32+00:00","mainEntityOfPage":{"@id":"https:\/\/orthodoxalbania.org\/2020\/2013\/10\/08\/kisha-orthodhokse-autoqefale-e-shqiperise-merr-pjese-ne-festimet-panagjirike-panorthodhokse-te-1700-vjetorin-e-shpalljes-se-ediktit-te-milanos-organizuar-nga-patriarkana-e-serbise\/"},"wordCount":543,"commentCount":0,"publisher":{"@id":"https:\/\/orthodoxalbania.org\/2020\/#organization"},"image":{"@id":"https:\/\/orthodoxalbania.org\/2020\/2013\/10\/08\/kisha-orthodhokse-autoqefale-e-shqiperise-merr-pjese-ne-festimet-panagjirike-panorthodhokse-te-1700-vjetorin-e-shpalljes-se-ediktit-te-milanos-organizuar-nga-patriarkana-e-serbise\/#primaryimage"},"thumbnailUrl":"https:\/\/lh5.googleusercontent.com\/-qam9f6ODtMo\/UlQwBlT5jMI\/AAAAAAAAGlY\/N8dSQl50lLA\/w958-h398-no\/img_3816.jpg","keywords":["2013","Deklarata - Njoftime Zyrtare","Kremtime","Kryepiskopata Tiran\u00eb","Kryepiskopi Anastas","lajme"],"articleSection":["Lajme"],"inLanguage":"en-US"},{"@type":"WebPage","@id":"https:\/\/orthodoxalbania.org\/2020\/2013\/10\/08\/kisha-orthodhokse-autoqefale-e-shqiperise-merr-pjese-ne-festimet-panagjirike-panorthodhokse-te-1700-vjetorin-e-shpalljes-se-ediktit-te-milanos-organizuar-nga-patriarkana-e-serbise\/","url":"https:\/\/orthodoxalbania.org\/2020\/2013\/10\/08\/kisha-orthodhokse-autoqefale-e-shqiperise-merr-pjese-ne-festimet-panagjirike-panorthodhokse-te-1700-vjetorin-e-shpalljes-se-ediktit-te-milanos-organizuar-nga-patriarkana-e-serbise\/","name":"Kisha Orthodhokse Autoqefale e Shqip\u00ebris\u00eb merr pjes\u00eb n\u00eb festimet panagjirike panorthodhokse t\u00eb 1700 vjetorit t\u00eb shpalljes s\u00eb Ediktit t\u00eb Milanos organizuar nga Patriarkana e Serbis\u00eb. (5-7 Tetor 2013) - Kisha Orthodh\u03bfkse Autoqefale e Shqip\u00ebris\u00eb","isPartOf":{"@id":"https:\/\/orthodoxalbania.org\/2020\/#website"},"primaryImageOfPage":{"@id":"https:\/\/orthodoxalbania.org\/2020\/2013\/10\/08\/kisha-orthodhokse-autoqefale-e-shqiperise-merr-pjese-ne-festimet-panagjirike-panorthodhokse-te-1700-vjetorin-e-shpalljes-se-ediktit-te-milanos-organizuar-nga-patriarkana-e-serbise\/#primaryimage"},"image":{"@id":"https:\/\/orthodoxalbania.org\/2020\/2013\/10\/08\/kisha-orthodhokse-autoqefale-e-shqiperise-merr-pjese-ne-festimet-panagjirike-panorthodhokse-te-1700-vjetorin-e-shpalljes-se-ediktit-te-milanos-organizuar-nga-patriarkana-e-serbise\/#primaryimage"},"thumbnailUrl":"https:\/\/lh5.googleusercontent.com\/-qam9f6ODtMo\/UlQwBlT5jMI\/AAAAAAAAGlY\/N8dSQl50lLA\/w958-h398-no\/img_3816.jpg","datePublished":"2013-10-08T11:06:02+00:00","dateModified":"2020-04-06T20:05:32+00:00","breadcrumb":{"@id":"https:\/\/orthodoxalbania.org\/2020\/2013\/10\/08\/kisha-orthodhokse-autoqefale-e-shqiperise-merr-pjese-ne-festimet-panagjirike-panorthodhokse-te-1700-vjetorin-e-shpalljes-se-ediktit-te-milanos-organizuar-nga-patriarkana-e-serbise\/#breadcrumb"},"inLanguage":"en-US","potentialAction":[{"@type":"ReadAction","target":["https:\/\/orthodoxalbania.org\/2020\/2013\/10\/08\/kisha-orthodhokse-autoqefale-e-shqiperise-merr-pjese-ne-festimet-panagjirike-panorthodhokse-te-1700-vjetorin-e-shpalljes-se-ediktit-te-milanos-organizuar-nga-patriarkana-e-serbise\/"]}]},{"@type":"ImageObject","inLanguage":"en-US","@id":"https:\/\/orthodoxalbania.org\/2020\/2013\/10\/08\/kisha-orthodhokse-autoqefale-e-shqiperise-merr-pjese-ne-festimet-panagjirike-panorthodhokse-te-1700-vjetorin-e-shpalljes-se-ediktit-te-milanos-organizuar-nga-patriarkana-e-serbise\/#primaryimage","url":"https:\/\/lh5.googleusercontent.com\/-qam9f6ODtMo\/UlQwBlT5jMI\/AAAAAAAAGlY\/N8dSQl50lLA\/w958-h398-no\/img_3816.jpg","contentUrl":"https:\/\/lh5.googleusercontent.com\/-qam9f6ODtMo\/UlQwBlT5jMI\/AAAAAAAAGlY\/N8dSQl50lLA\/w958-h398-no\/img_3816.jpg"},{"@type":"BreadcrumbList","@id":"https:\/\/orthodoxalbania.org\/2020\/2013\/10\/08\/kisha-orthodhokse-autoqefale-e-shqiperise-merr-pjese-ne-festimet-panagjirike-panorthodhokse-te-1700-vjetorin-e-shpalljes-se-ediktit-te-milanos-organizuar-nga-patriarkana-e-serbise\/#breadcrumb","itemListElement":[{"@type":"ListItem","position":1,"name":"Home","item":"https:\/\/orthodoxalbania.org\/2020\/"},{"@type":"ListItem","position":2,"name":"Kisha Orthodhokse Autoqefale e Shqip\u00ebris\u00eb merr pjes\u00eb n\u00eb festimet panagjirike panorthodhokse t\u00eb 1700 vjetorit t\u00eb shpalljes s\u00eb Ediktit t\u00eb Milanos organizuar nga Patriarkana e Serbis\u00eb. (5-7 Tetor 2013)"}]},{"@type":"WebSite","@id":"https:\/\/orthodoxalbania.org\/2020\/#website","url":"https:\/\/orthodoxalbania.org\/2020\/","name":"Kisha Orthodh\u03bfkse Autoqefale e Shqip\u00ebris\u00eb","description":"Fqja Zyrtare e Kish\u00ebs Orthodhokse Autoqefale e Shqip\u00ebris\u00eb me lajmet edhe informacionet zyrtare p\u00ebr struktur\u00ebn edhe veprimtarin e saj.","publisher":{"@id":"https:\/\/orthodoxalbania.org\/2020\/#organization"},"potentialAction":[{"@type":"SearchAction","target":{"@type":"EntryPoint","urlTemplate":"https:\/\/orthodoxalbania.org\/2020\/?s={search_term_string}"},"query-input":{"@type":"PropertyValueSpecification","valueRequired":true,"valueName":"search_term_string"}}],"inLanguage":"en-US"},{"@type":"Organization","@id":"https:\/\/orthodoxalbania.org\/2020\/#organization","name":"Kisha Orthodhokse Autoqefale e Shqip\u00ebris\u00eb","url":"https:\/\/orthodoxalbania.org\/2020\/","logo":{"@type":"ImageObject","inLanguage":"en-US","@id":"https:\/\/orthodoxalbania.org\/2020\/#\/schema\/logo\/image\/","url":"https:\/\/orthodoxalbania.org\/2020\/wp-content\/uploads\/2020\/05\/albania.jpeg","contentUrl":"https:\/\/orthodoxalbania.org\/2020\/wp-content\/uploads\/2020\/05\/albania.jpeg","width":540,"height":540,"caption":"Kisha Orthodhokse Autoqefale e Shqip\u00ebris\u00eb"},"image":{"@id":"https:\/\/orthodoxalbania.org\/2020\/#\/schema\/logo\/image\/"},"sameAs":["https:\/\/www.facebook.com\/koash1991"]},{"@type":"Person","@id":"https:\/\/orthodoxalbania.org\/2020\/#\/schema\/person\/0c387634a7063ac612d7ed9ce71c7e86","name":"Kisha Orthodhokse","image":{"@type":"ImageObject","inLanguage":"en-US","@id":"https:\/\/secure.gravatar.com\/avatar\/596e7c417251e30f2fbb9c00e026fce61a695a00e51c889caded71c96cbbdde5?s=96&d=mm&r=g","url":"https:\/\/secure.gravatar.com\/avatar\/596e7c417251e30f2fbb9c00e026fce61a695a00e51c889caded71c96cbbdde5?s=96&d=mm&r=g","contentUrl":"https:\/\/secure.gravatar.com\/avatar\/596e7c417251e30f2fbb9c00e026fce61a695a00e51c889caded71c96cbbdde5?s=96&d=mm&r=g","caption":"Kisha Orthodhokse"}}]}},"_links":{"self":[{"href":"https:\/\/orthodoxalbania.org\/2020\/wp-json\/wp\/v2\/posts\/727","targetHints":{"allow":["GET"]}}],"collection":[{"href":"https:\/\/orthodoxalbania.org\/2020\/wp-json\/wp\/v2\/posts"}],"about":[{"href":"https:\/\/orthodoxalbania.org\/2020\/wp-json\/wp\/v2\/types\/post"}],"author":[{"embeddable":true,"href":"https:\/\/orthodoxalbania.org\/2020\/wp-json\/wp\/v2\/users\/1"}],"replies":[{"embeddable":true,"href":"https:\/\/orthodoxalbania.org\/2020\/wp-json\/wp\/v2\/comments?post=727"}],"version-history":[{"count":1,"href":"https:\/\/orthodoxalbania.org\/2020\/wp-json\/wp\/v2\/posts\/727\/revisions"}],"predecessor-version":[{"id":15171,"href":"https:\/\/orthodoxalbania.org\/2020\/wp-json\/wp\/v2\/posts\/727\/revisions\/15171"}],"wp:attachment":[{"href":"https:\/\/orthodoxalbania.org\/2020\/wp-json\/wp\/v2\/media?parent=727"}],"wp:term":[{"taxonomy":"category","embeddable":true,"href":"https:\/\/orthodoxalbania.org\/2020\/wp-json\/wp\/v2\/categories?post=727"},{"taxonomy":"post_tag","embeddable":true,"href":"https:\/\/orthodoxalbania.org\/2020\/wp-json\/wp\/v2\/tags?post=727"}],"curies":[{"name":"wp","href":"https:\/\/api.w.org\/{rel}","templated":true}]}}