{"id":725,"date":"2009-03-13T10:17:57","date_gmt":"2009-03-13T10:17:57","guid":{"rendered":""},"modified":"2020-04-06T22:35:10","modified_gmt":"2020-04-06T20:35:10","slug":"kisha-jone-hap-dy-perkujdesje-ditore-te-reja-per-femije-kopshte-ne-cerrik-dhe-tepelene","status":"publish","type":"post","link":"https:\/\/orthodoxalbania.org\/2020\/2009\/03\/13\/kisha-jone-hap-dy-perkujdesje-ditore-te-reja-per-femije-kopshte-ne-cerrik-dhe-tepelene\/","title":{"rendered":"Kisha jon\u00eb hap dy p\u00ebrkujdesje ditore t\u00eb reja p\u00ebr f\u00ebmij\u00eb (kopshte)  n\u00eb C\u00ebrrik dhe Tepelen\u00eb. (N\u00ebntor 2009)"},"content":{"rendered":"<div style=\"text-align: justify;\"><span style=\"color: #000000;\"><span style=\"font-family: tahoma,geneva,sans-serif;\"><span style=\"font-size: 12px;\">&nbsp;&nbsp;&nbsp; N\u00eb kuadrin e veprave t\u00eb r\u00ebnd\u00ebsishme shpirt\u00ebrore dhe sociale, Kisha jon\u00eb ka \u00e7elur k\u00ebt\u00eb vit arsimor dy p\u00ebrkujdesje ditore t\u00eb reja p\u00ebr f\u00ebmij\u00eb (kopshte), duke e \u00e7uar n\u00eb 17 numrin e tyre n\u00eb mbar\u00eb vendin. Me bekimin e Kryepiskopit Anastas, bashk\u00eb me nd\u00ebrtimin e kishave t\u00eb reja n\u00eb C\u00ebrrik dhe Tepelen\u00eb, u nd\u00ebrtuan edhe ambiente t\u00eb ve\u00e7anta p\u00ebr p\u00ebrkujdesjet ditore p\u00ebr f\u00ebmij\u00eb, t\u00eb cilat vijn\u00eb n\u00eb ndihm\u00eb t\u00eb komunitetit, duke ofruar kushte bashk\u00ebkohore p\u00ebr f\u00ebmij\u00ebt dhe nj\u00eb ambient t\u00eb qet\u00eb e mikprit\u00ebs. Secila p\u00ebrkujdesje ka 25 f\u00ebmij\u00eb t\u00eb mosh\u00ebs 3-6 vje\u00e7, dy edukatore me arsimin p\u00ebrkat\u00ebs dhe nj\u00eb ndihm\u00ebsedukatore bashk\u00eb me nj\u00eb kuzhiniere.<\/span><\/span><\/span><\/div>\n<div style=\"text-align: justify;\"> <span style=\"color: #000000;\"><span style=\"font-family: tahoma,geneva,sans-serif;\"><span style=\"font-size: 12px;\">&nbsp;&nbsp;&nbsp; N\u00eb C\u00ebrrik ambienti \u00ebsht\u00eb shum\u00eb i p\u00ebrshtatsh\u00ebm, me dy salla m\u00ebsimi t\u00eb m\u00ebdha (40 m2 secila) t\u00eb standardeve bashk\u00ebkohore me shum\u00eb ndri\u00e7im dhe mjetet m\u00eb moderne t\u00eb q\u00ebndrimit. \u201cIshte k\u00ebrkesa e vazhdueshme e prind\u00ebrve t\u00eb C\u00ebrrikut q\u00eb kjo p\u00ebrkujdesje ditore u hap n\u00eb nj\u00eb koh\u00eb t\u00eb shpejt\u00eb, duke ofruar gjith\u00e7ka p\u00ebr f\u00ebmij\u00ebt e k\u00ebtij qyteti\u201d \u2013 tha znj. Nafsika Melo, p\u00ebrgjegj\u00ebse e Zyr\u00ebs s\u00eb P\u00ebrkujdesjeve ditore t\u00eb Kryepiskopat\u00ebs. \u201cPrind\u00ebrit jan\u00eb shum\u00eb t\u00eb k\u00ebnaqur. F\u00ebmij\u00ebt vijn\u00eb t\u00eb lumtur n\u00eb k\u00ebt\u00eb kopsht. Baza didaktike \u00ebsht\u00eb shum\u00eb e pasur. Tekstet jan\u00eb t\u00eb bazuara n\u00eb materialet e Ministris\u00eb s\u00eb Arsimit dhe mbi baz\u00ebn e kurrikulave t\u00eb dh\u00ebna nga Instituti i Studimeve Pedagogjike\u201d \u2013 shpjegon znj. Melo.<\/span><\/span><\/span><\/div>\n<div style=\"text-align: justify;\"> <span style=\"color: #000000;\"><span style=\"font-family: tahoma,geneva,sans-serif;\"><span style=\"font-size: 12px;\">&nbsp;&nbsp;&nbsp; Nj\u00eb p\u00ebrkujdesjen ditore t\u00eb Tepelen\u00ebs k\u00ebrkesat e larta t\u00eb prind\u00ebrve p\u00ebr t\u00eb regjistruar f\u00ebmij\u00ebt kan\u00eb b\u00ebr\u00eb q\u00eb t\u00eb pra<\/span><\/span><span style=\"font-family: tahoma,geneva,sans-serif;\"><span style=\"font-size: 12px;\">nohet nj\u00eb num\u00ebr i kufizuar. \u201cNe ofrojm\u00eb shum\u00eb cil\u00ebsi dhe kujdes t\u00eb ve\u00e7ant\u00eb, duke fituar reputacion n\u00eb mbar\u00eb komunitetin. N\u00eb raport me t\u00eb gjitha kopshtet e tjera publike, p\u00ebrkujdesja ditore q\u00eb ofron Mitropolia n\u00eb Gjirokast\u00ebr dallohen p\u00ebr standardin e lart\u00eb\u201d \u2013 tha p\u00ebrgjegj\u00ebsja e k\u00ebtij sektori n\u00eb Gjirokast\u00ebr, znj. Ollga Ka\u00e7i. Suksesi i programit \u00ebsht\u00eb evidentuar gjithashtu edhe n\u00eb rezultatet e larta q\u00eb japin f\u00ebmij\u00ebt n\u00ebp\u00ebr aktivitete t\u00eb ndryshme q\u00eb organizohen n\u00eb raste festash dhe ngjarje t\u00eb ve\u00e7anta si konkurse, festivale, shfaqje etj.<\/span><\/span><\/span><\/div>\n<div style=\"text-align: justify;\"> <span style=\"color: #000000;\"><span style=\"font-family: tahoma,geneva,sans-serif;\"><span style=\"font-size: 12px;\">&nbsp;&nbsp;&nbsp; Gjat\u00eb k\u00ebtyre viteve \u00ebsht\u00eb rritur ndjesh\u00ebm reputacioni i P\u00ebrkujdesjeve ditore, t\u00eb cilat i kan\u00eb ofruar sh\u00ebrbim m\u00eb shum\u00eb se 8100 f\u00ebmij\u00ebve t\u00eb moshave 3\u20136 vje\u00e7. P\u00ebrkujdesjet ditore t\u00eb Kish\u00ebs son\u00eb jan\u00eb t\u00eb licencuara nga Ministria e Arsimit dhe vizitohen rregullisht nga Drejtorit\u00eb Arsimore t\u00eb rretheve p\u00ebrkat\u00ebse, t\u00eb cilat i kan\u00eb vler\u00ebsuar si p\u00ebr programin ashtu edhe p\u00ebr ambientin dhe materialet edukuese dhe didaktike q\u00eb disponojn\u00eb.<\/span><\/span><\/span><\/div>\n<div class=\"style10\"><span style=\"color: #000000;\"><span style=\"font-family: tahoma,geneva,sans-serif;\"><span style=\"font-size: 12px;\"><strong>&nbsp;&nbsp;&nbsp;&nbsp;&nbsp;&nbsp;&nbsp;&nbsp;&nbsp;&nbsp;&nbsp;&nbsp;&nbsp;&nbsp;&nbsp;&nbsp;&nbsp;&nbsp;&nbsp;&nbsp;&nbsp;&nbsp;&nbsp;&nbsp;&nbsp;&nbsp;&nbsp;&nbsp;&nbsp;&nbsp;&nbsp;&nbsp;&nbsp;&nbsp;&nbsp;&nbsp;&nbsp;&nbsp;&nbsp;&nbsp;&nbsp;&nbsp;&nbsp;&nbsp;&nbsp;&nbsp;&nbsp;&nbsp;&nbsp;&nbsp;&nbsp;&nbsp;&nbsp;&nbsp;&nbsp;&nbsp;&nbsp;&nbsp;&nbsp;&nbsp;&nbsp;&nbsp;&nbsp;&nbsp;&nbsp;&nbsp;&nbsp;&nbsp;&nbsp;&nbsp; &nbsp;&nbsp;&nbsp;&nbsp;&nbsp;&nbsp;&nbsp;&nbsp;&nbsp;&nbsp;&nbsp;&nbsp;&nbsp;&nbsp;&nbsp;&nbsp;&nbsp;&nbsp;&nbsp;&nbsp;&nbsp;&nbsp;&nbsp;&nbsp;&nbsp;&nbsp;&nbsp;&nbsp;&nbsp;&nbsp;&nbsp;&nbsp;&nbsp;&nbsp;&nbsp;&nbsp;&nbsp;&nbsp;&nbsp;&nbsp;&nbsp;&nbsp;&nbsp;&nbsp;&nbsp;&nbsp;&nbsp;&nbsp;&nbsp;&nbsp;&nbsp;&nbsp;&nbsp;<\/strong><\/span><\/span><\/span><\/div>\n<div class=\"style10\">\n<div style=\"text-align: right;\"><span style=\"color: #000000;\"><span style=\"font-family: tahoma,geneva,sans-serif;\"><span style=\"font-size: 12px;\"><strong>Isidor Koti<\/strong><\/span><\/span><\/span><\/div>\n<\/div>\n","protected":false},"excerpt":{"rendered":"<p>&nbsp;&nbsp;&nbsp; N\u00eb kuadrin e veprave t\u00eb r\u00ebnd\u00ebsishme shpirt\u00ebrore dhe sociale, Kisha jon\u00eb ka \u00e7elur k\u00ebt\u00eb vit arsimor dy p\u00ebrkujdesje ditore t\u00eb reja p\u00ebr f\u00ebmij\u00eb (kopshte), duke e \u00e7uar n\u00eb 17 numrin e tyre n\u00eb mbar\u00eb vendin. Me bekimin e Kryepiskopit Anastas, bashk\u00eb me nd\u00ebrtimin e kishave t\u00eb reja n\u00eb C\u00ebrrik dhe Tepelen\u00eb, u nd\u00ebrtuan edhe ambiente t\u00eb ve\u00e7anta p\u00ebr p\u00ebrkujdesjet ditore p\u00ebr f\u00ebmij\u00eb, t\u00eb cilat<\/p>\n","protected":false},"author":1,"featured_media":0,"comment_status":"open","ping_status":"open","sticky":false,"template":"","format":"standard","meta":{"_acf_changed":false,"pagelayer_contact_templates":[],"_pagelayer_content":"","inline_featured_image":false,"fifu_image_url":"","fifu_image_alt":"","footnotes":""},"categories":[108],"tags":[145,175,196,212,198],"class_list":["post-725","post","type-post","status-publish","format-standard","hentry","category-lajme","tag-145","tag-institucione-parashkollore-te-kishes-orthodhokse","tag-tirane","tag-lajme-d27","tag-gjirokaster"],"acf":[],"yoast_head":"<!-- This site is optimized with the Yoast SEO plugin v27.2 - https:\/\/yoast.com\/product\/yoast-seo-wordpress\/ -->\n<title>Kisha jon\u00eb hap dy p\u00ebrkujdesje ditore t\u00eb reja p\u00ebr f\u00ebmij\u00eb (kopshte) n\u00eb C\u00ebrrik dhe Tepelen\u00eb. (N\u00ebntor 2009) - Kisha Orthodh\u03bfkse Autoqefale e Shqip\u00ebris\u00eb<\/title>\n<meta name=\"robots\" content=\"index, follow, max-snippet:-1, max-image-preview:large, max-video-preview:-1\" \/>\n<link rel=\"canonical\" href=\"https:\/\/orthodoxalbania.org\/2020\/2009\/03\/13\/kisha-jone-hap-dy-perkujdesje-ditore-te-reja-per-femije-kopshte-ne-cerrik-dhe-tepelene\/\" \/>\n<meta property=\"og:locale\" content=\"en_US\" \/>\n<meta property=\"og:type\" content=\"article\" \/>\n<meta property=\"og:title\" content=\"Kisha jon\u00eb hap dy p\u00ebrkujdesje ditore t\u00eb reja p\u00ebr f\u00ebmij\u00eb (kopshte) n\u00eb C\u00ebrrik dhe Tepelen\u00eb. (N\u00ebntor 2009) - Kisha Orthodh\u03bfkse Autoqefale e Shqip\u00ebris\u00eb\" \/>\n<meta property=\"og:description\" content=\"&nbsp;&nbsp;&nbsp; N\u00eb kuadrin e veprave t\u00eb r\u00ebnd\u00ebsishme shpirt\u00ebrore dhe sociale, Kisha jon\u00eb ka \u00e7elur k\u00ebt\u00eb vit arsimor dy p\u00ebrkujdesje ditore t\u00eb reja p\u00ebr f\u00ebmij\u00eb (kopshte), duke e \u00e7uar n\u00eb 17 numrin e tyre n\u00eb mbar\u00eb vendin. Me bekimin e Kryepiskopit Anastas, bashk\u00eb me nd\u00ebrtimin e kishave t\u00eb reja n\u00eb C\u00ebrrik dhe Tepelen\u00eb, u nd\u00ebrtuan edhe ambiente t\u00eb ve\u00e7anta p\u00ebr p\u00ebrkujdesjet ditore p\u00ebr f\u00ebmij\u00eb, t\u00eb cilat\" \/>\n<meta property=\"og:url\" content=\"https:\/\/orthodoxalbania.org\/2020\/2009\/03\/13\/kisha-jone-hap-dy-perkujdesje-ditore-te-reja-per-femije-kopshte-ne-cerrik-dhe-tepelene\/\" \/>\n<meta property=\"og:site_name\" content=\"Kisha Orthodh\u03bfkse Autoqefale e Shqip\u00ebris\u00eb\" \/>\n<meta property=\"article:publisher\" content=\"https:\/\/www.facebook.com\/koash1991\" \/>\n<meta property=\"article:published_time\" content=\"2009-03-13T10:17:57+00:00\" \/>\n<meta property=\"article:modified_time\" content=\"2020-04-06T20:35:10+00:00\" \/>\n<meta property=\"og:image\" content=\"https:\/\/orthodoxalbania.org\/2020\/wp-content\/uploads\/2021\/02\/LogoLastALb-200.png\" \/>\n\t<meta property=\"og:image:width\" content=\"200\" \/>\n\t<meta property=\"og:image:height\" content=\"172\" \/>\n\t<meta property=\"og:image:type\" content=\"image\/png\" \/>\n<meta name=\"author\" content=\"Kisha Orthodhokse\" \/>\n<meta name=\"twitter:card\" content=\"summary_large_image\" \/>\n<meta name=\"twitter:label1\" content=\"Written by\" \/>\n\t<meta name=\"twitter:data1\" content=\"Kisha Orthodhokse\" \/>\n\t<meta name=\"twitter:label2\" content=\"Est. reading time\" \/>\n\t<meta name=\"twitter:data2\" content=\"3 minutes\" \/>\n<script type=\"application\/ld+json\" class=\"yoast-schema-graph\">{\"@context\":\"https:\/\/schema.org\",\"@graph\":[{\"@type\":\"Article\",\"@id\":\"https:\/\/orthodoxalbania.org\/2020\/2009\/03\/13\/kisha-jone-hap-dy-perkujdesje-ditore-te-reja-per-femije-kopshte-ne-cerrik-dhe-tepelene\/#article\",\"isPartOf\":{\"@id\":\"https:\/\/orthodoxalbania.org\/2020\/2009\/03\/13\/kisha-jone-hap-dy-perkujdesje-ditore-te-reja-per-femije-kopshte-ne-cerrik-dhe-tepelene\/\"},\"author\":{\"name\":\"Kisha Orthodhokse\",\"@id\":\"https:\/\/orthodoxalbania.org\/2020\/#\/schema\/person\/0c387634a7063ac612d7ed9ce71c7e86\"},\"headline\":\"Kisha jon\u00eb hap dy p\u00ebrkujdesje ditore t\u00eb reja p\u00ebr f\u00ebmij\u00eb (kopshte) n\u00eb C\u00ebrrik dhe Tepelen\u00eb. (N\u00ebntor 2009)\",\"datePublished\":\"2009-03-13T10:17:57+00:00\",\"dateModified\":\"2020-04-06T20:35:10+00:00\",\"mainEntityOfPage\":{\"@id\":\"https:\/\/orthodoxalbania.org\/2020\/2009\/03\/13\/kisha-jone-hap-dy-perkujdesje-ditore-te-reja-per-femije-kopshte-ne-cerrik-dhe-tepelene\/\"},\"wordCount\":624,\"commentCount\":0,\"publisher\":{\"@id\":\"https:\/\/orthodoxalbania.org\/2020\/#organization\"},\"keywords\":[\"2009\",\"Institucione Parashkollore t\u00eb Kish\u00ebs Orthodhokse\",\"Kryepiskopata Tiran\u00eb\",\"lajme\",\"Mitropolia Gjirokast\u00ebr\"],\"articleSection\":[\"Lajme\"],\"inLanguage\":\"en-US\"},{\"@type\":\"WebPage\",\"@id\":\"https:\/\/orthodoxalbania.org\/2020\/2009\/03\/13\/kisha-jone-hap-dy-perkujdesje-ditore-te-reja-per-femije-kopshte-ne-cerrik-dhe-tepelene\/\",\"url\":\"https:\/\/orthodoxalbania.org\/2020\/2009\/03\/13\/kisha-jone-hap-dy-perkujdesje-ditore-te-reja-per-femije-kopshte-ne-cerrik-dhe-tepelene\/\",\"name\":\"Kisha jon\u00eb hap dy p\u00ebrkujdesje ditore t\u00eb reja p\u00ebr f\u00ebmij\u00eb (kopshte) n\u00eb C\u00ebrrik dhe Tepelen\u00eb. (N\u00ebntor 2009) - Kisha Orthodh\u03bfkse Autoqefale e Shqip\u00ebris\u00eb\",\"isPartOf\":{\"@id\":\"https:\/\/orthodoxalbania.org\/2020\/#website\"},\"datePublished\":\"2009-03-13T10:17:57+00:00\",\"dateModified\":\"2020-04-06T20:35:10+00:00\",\"breadcrumb\":{\"@id\":\"https:\/\/orthodoxalbania.org\/2020\/2009\/03\/13\/kisha-jone-hap-dy-perkujdesje-ditore-te-reja-per-femije-kopshte-ne-cerrik-dhe-tepelene\/#breadcrumb\"},\"inLanguage\":\"en-US\",\"potentialAction\":[{\"@type\":\"ReadAction\",\"target\":[\"https:\/\/orthodoxalbania.org\/2020\/2009\/03\/13\/kisha-jone-hap-dy-perkujdesje-ditore-te-reja-per-femije-kopshte-ne-cerrik-dhe-tepelene\/\"]}]},{\"@type\":\"BreadcrumbList\",\"@id\":\"https:\/\/orthodoxalbania.org\/2020\/2009\/03\/13\/kisha-jone-hap-dy-perkujdesje-ditore-te-reja-per-femije-kopshte-ne-cerrik-dhe-tepelene\/#breadcrumb\",\"itemListElement\":[{\"@type\":\"ListItem\",\"position\":1,\"name\":\"Home\",\"item\":\"https:\/\/orthodoxalbania.org\/2020\/\"},{\"@type\":\"ListItem\",\"position\":2,\"name\":\"Kisha jon\u00eb hap dy p\u00ebrkujdesje ditore t\u00eb reja p\u00ebr f\u00ebmij\u00eb (kopshte) n\u00eb C\u00ebrrik dhe Tepelen\u00eb. (N\u00ebntor 2009)\"}]},{\"@type\":\"WebSite\",\"@id\":\"https:\/\/orthodoxalbania.org\/2020\/#website\",\"url\":\"https:\/\/orthodoxalbania.org\/2020\/\",\"name\":\"Kisha Orthodh\u03bfkse Autoqefale e Shqip\u00ebris\u00eb\",\"description\":\"Fqja Zyrtare e Kish\u00ebs Orthodhokse Autoqefale e Shqip\u00ebris\u00eb me lajmet edhe informacionet zyrtare p\u00ebr struktur\u00ebn edhe veprimtarin e saj.\",\"publisher\":{\"@id\":\"https:\/\/orthodoxalbania.org\/2020\/#organization\"},\"potentialAction\":[{\"@type\":\"SearchAction\",\"target\":{\"@type\":\"EntryPoint\",\"urlTemplate\":\"https:\/\/orthodoxalbania.org\/2020\/?s={search_term_string}\"},\"query-input\":{\"@type\":\"PropertyValueSpecification\",\"valueRequired\":true,\"valueName\":\"search_term_string\"}}],\"inLanguage\":\"en-US\"},{\"@type\":\"Organization\",\"@id\":\"https:\/\/orthodoxalbania.org\/2020\/#organization\",\"name\":\"Kisha Orthodhokse Autoqefale e Shqip\u00ebris\u00eb\",\"url\":\"https:\/\/orthodoxalbania.org\/2020\/\",\"logo\":{\"@type\":\"ImageObject\",\"inLanguage\":\"en-US\",\"@id\":\"https:\/\/orthodoxalbania.org\/2020\/#\/schema\/logo\/image\/\",\"url\":\"https:\/\/orthodoxalbania.org\/2020\/wp-content\/uploads\/2020\/05\/albania.jpeg\",\"contentUrl\":\"https:\/\/orthodoxalbania.org\/2020\/wp-content\/uploads\/2020\/05\/albania.jpeg\",\"width\":540,\"height\":540,\"caption\":\"Kisha Orthodhokse Autoqefale e Shqip\u00ebris\u00eb\"},\"image\":{\"@id\":\"https:\/\/orthodoxalbania.org\/2020\/#\/schema\/logo\/image\/\"},\"sameAs\":[\"https:\/\/www.facebook.com\/koash1991\"]},{\"@type\":\"Person\",\"@id\":\"https:\/\/orthodoxalbania.org\/2020\/#\/schema\/person\/0c387634a7063ac612d7ed9ce71c7e86\",\"name\":\"Kisha Orthodhokse\",\"image\":{\"@type\":\"ImageObject\",\"inLanguage\":\"en-US\",\"@id\":\"https:\/\/secure.gravatar.com\/avatar\/596e7c417251e30f2fbb9c00e026fce61a695a00e51c889caded71c96cbbdde5?s=96&d=mm&r=g\",\"url\":\"https:\/\/secure.gravatar.com\/avatar\/596e7c417251e30f2fbb9c00e026fce61a695a00e51c889caded71c96cbbdde5?s=96&d=mm&r=g\",\"contentUrl\":\"https:\/\/secure.gravatar.com\/avatar\/596e7c417251e30f2fbb9c00e026fce61a695a00e51c889caded71c96cbbdde5?s=96&d=mm&r=g\",\"caption\":\"Kisha Orthodhokse\"}}]}<\/script>\n<!-- \/ Yoast SEO plugin. -->","yoast_head_json":{"title":"Kisha jon\u00eb hap dy p\u00ebrkujdesje ditore t\u00eb reja p\u00ebr f\u00ebmij\u00eb (kopshte) n\u00eb C\u00ebrrik dhe Tepelen\u00eb. (N\u00ebntor 2009) - Kisha Orthodh\u03bfkse Autoqefale e Shqip\u00ebris\u00eb","robots":{"index":"index","follow":"follow","max-snippet":"max-snippet:-1","max-image-preview":"max-image-preview:large","max-video-preview":"max-video-preview:-1"},"canonical":"https:\/\/orthodoxalbania.org\/2020\/2009\/03\/13\/kisha-jone-hap-dy-perkujdesje-ditore-te-reja-per-femije-kopshte-ne-cerrik-dhe-tepelene\/","og_locale":"en_US","og_type":"article","og_title":"Kisha jon\u00eb hap dy p\u00ebrkujdesje ditore t\u00eb reja p\u00ebr f\u00ebmij\u00eb (kopshte) n\u00eb C\u00ebrrik dhe Tepelen\u00eb. (N\u00ebntor 2009) - Kisha Orthodh\u03bfkse Autoqefale e Shqip\u00ebris\u00eb","og_description":"&nbsp;&nbsp;&nbsp; N\u00eb kuadrin e veprave t\u00eb r\u00ebnd\u00ebsishme shpirt\u00ebrore dhe sociale, Kisha jon\u00eb ka \u00e7elur k\u00ebt\u00eb vit arsimor dy p\u00ebrkujdesje ditore t\u00eb reja p\u00ebr f\u00ebmij\u00eb (kopshte), duke e \u00e7uar n\u00eb 17 numrin e tyre n\u00eb mbar\u00eb vendin. Me bekimin e Kryepiskopit Anastas, bashk\u00eb me nd\u00ebrtimin e kishave t\u00eb reja n\u00eb C\u00ebrrik dhe Tepelen\u00eb, u nd\u00ebrtuan edhe ambiente t\u00eb ve\u00e7anta p\u00ebr p\u00ebrkujdesjet ditore p\u00ebr f\u00ebmij\u00eb, t\u00eb cilat","og_url":"https:\/\/orthodoxalbania.org\/2020\/2009\/03\/13\/kisha-jone-hap-dy-perkujdesje-ditore-te-reja-per-femije-kopshte-ne-cerrik-dhe-tepelene\/","og_site_name":"Kisha Orthodh\u03bfkse Autoqefale e Shqip\u00ebris\u00eb","article_publisher":"https:\/\/www.facebook.com\/koash1991","article_published_time":"2009-03-13T10:17:57+00:00","article_modified_time":"2020-04-06T20:35:10+00:00","og_image":[{"width":200,"height":172,"url":"https:\/\/orthodoxalbania.org\/2020\/wp-content\/uploads\/2021\/02\/LogoLastALb-200.png","type":"image\/png"}],"author":"Kisha Orthodhokse","twitter_card":"summary_large_image","twitter_misc":{"Written by":"Kisha Orthodhokse","Est. reading time":"3 minutes"},"schema":{"@context":"https:\/\/schema.org","@graph":[{"@type":"Article","@id":"https:\/\/orthodoxalbania.org\/2020\/2009\/03\/13\/kisha-jone-hap-dy-perkujdesje-ditore-te-reja-per-femije-kopshte-ne-cerrik-dhe-tepelene\/#article","isPartOf":{"@id":"https:\/\/orthodoxalbania.org\/2020\/2009\/03\/13\/kisha-jone-hap-dy-perkujdesje-ditore-te-reja-per-femije-kopshte-ne-cerrik-dhe-tepelene\/"},"author":{"name":"Kisha Orthodhokse","@id":"https:\/\/orthodoxalbania.org\/2020\/#\/schema\/person\/0c387634a7063ac612d7ed9ce71c7e86"},"headline":"Kisha jon\u00eb hap dy p\u00ebrkujdesje ditore t\u00eb reja p\u00ebr f\u00ebmij\u00eb (kopshte) n\u00eb C\u00ebrrik dhe Tepelen\u00eb. (N\u00ebntor 2009)","datePublished":"2009-03-13T10:17:57+00:00","dateModified":"2020-04-06T20:35:10+00:00","mainEntityOfPage":{"@id":"https:\/\/orthodoxalbania.org\/2020\/2009\/03\/13\/kisha-jone-hap-dy-perkujdesje-ditore-te-reja-per-femije-kopshte-ne-cerrik-dhe-tepelene\/"},"wordCount":624,"commentCount":0,"publisher":{"@id":"https:\/\/orthodoxalbania.org\/2020\/#organization"},"keywords":["2009","Institucione Parashkollore t\u00eb Kish\u00ebs Orthodhokse","Kryepiskopata Tiran\u00eb","lajme","Mitropolia Gjirokast\u00ebr"],"articleSection":["Lajme"],"inLanguage":"en-US"},{"@type":"WebPage","@id":"https:\/\/orthodoxalbania.org\/2020\/2009\/03\/13\/kisha-jone-hap-dy-perkujdesje-ditore-te-reja-per-femije-kopshte-ne-cerrik-dhe-tepelene\/","url":"https:\/\/orthodoxalbania.org\/2020\/2009\/03\/13\/kisha-jone-hap-dy-perkujdesje-ditore-te-reja-per-femije-kopshte-ne-cerrik-dhe-tepelene\/","name":"Kisha jon\u00eb hap dy p\u00ebrkujdesje ditore t\u00eb reja p\u00ebr f\u00ebmij\u00eb (kopshte) n\u00eb C\u00ebrrik dhe Tepelen\u00eb. (N\u00ebntor 2009) - Kisha Orthodh\u03bfkse Autoqefale e Shqip\u00ebris\u00eb","isPartOf":{"@id":"https:\/\/orthodoxalbania.org\/2020\/#website"},"datePublished":"2009-03-13T10:17:57+00:00","dateModified":"2020-04-06T20:35:10+00:00","breadcrumb":{"@id":"https:\/\/orthodoxalbania.org\/2020\/2009\/03\/13\/kisha-jone-hap-dy-perkujdesje-ditore-te-reja-per-femije-kopshte-ne-cerrik-dhe-tepelene\/#breadcrumb"},"inLanguage":"en-US","potentialAction":[{"@type":"ReadAction","target":["https:\/\/orthodoxalbania.org\/2020\/2009\/03\/13\/kisha-jone-hap-dy-perkujdesje-ditore-te-reja-per-femije-kopshte-ne-cerrik-dhe-tepelene\/"]}]},{"@type":"BreadcrumbList","@id":"https:\/\/orthodoxalbania.org\/2020\/2009\/03\/13\/kisha-jone-hap-dy-perkujdesje-ditore-te-reja-per-femije-kopshte-ne-cerrik-dhe-tepelene\/#breadcrumb","itemListElement":[{"@type":"ListItem","position":1,"name":"Home","item":"https:\/\/orthodoxalbania.org\/2020\/"},{"@type":"ListItem","position":2,"name":"Kisha jon\u00eb hap dy p\u00ebrkujdesje ditore t\u00eb reja p\u00ebr f\u00ebmij\u00eb (kopshte) n\u00eb C\u00ebrrik dhe Tepelen\u00eb. (N\u00ebntor 2009)"}]},{"@type":"WebSite","@id":"https:\/\/orthodoxalbania.org\/2020\/#website","url":"https:\/\/orthodoxalbania.org\/2020\/","name":"Kisha Orthodh\u03bfkse Autoqefale e Shqip\u00ebris\u00eb","description":"Fqja Zyrtare e Kish\u00ebs Orthodhokse Autoqefale e Shqip\u00ebris\u00eb me lajmet edhe informacionet zyrtare p\u00ebr struktur\u00ebn edhe veprimtarin e saj.","publisher":{"@id":"https:\/\/orthodoxalbania.org\/2020\/#organization"},"potentialAction":[{"@type":"SearchAction","target":{"@type":"EntryPoint","urlTemplate":"https:\/\/orthodoxalbania.org\/2020\/?s={search_term_string}"},"query-input":{"@type":"PropertyValueSpecification","valueRequired":true,"valueName":"search_term_string"}}],"inLanguage":"en-US"},{"@type":"Organization","@id":"https:\/\/orthodoxalbania.org\/2020\/#organization","name":"Kisha Orthodhokse Autoqefale e Shqip\u00ebris\u00eb","url":"https:\/\/orthodoxalbania.org\/2020\/","logo":{"@type":"ImageObject","inLanguage":"en-US","@id":"https:\/\/orthodoxalbania.org\/2020\/#\/schema\/logo\/image\/","url":"https:\/\/orthodoxalbania.org\/2020\/wp-content\/uploads\/2020\/05\/albania.jpeg","contentUrl":"https:\/\/orthodoxalbania.org\/2020\/wp-content\/uploads\/2020\/05\/albania.jpeg","width":540,"height":540,"caption":"Kisha Orthodhokse Autoqefale e Shqip\u00ebris\u00eb"},"image":{"@id":"https:\/\/orthodoxalbania.org\/2020\/#\/schema\/logo\/image\/"},"sameAs":["https:\/\/www.facebook.com\/koash1991"]},{"@type":"Person","@id":"https:\/\/orthodoxalbania.org\/2020\/#\/schema\/person\/0c387634a7063ac612d7ed9ce71c7e86","name":"Kisha Orthodhokse","image":{"@type":"ImageObject","inLanguage":"en-US","@id":"https:\/\/secure.gravatar.com\/avatar\/596e7c417251e30f2fbb9c00e026fce61a695a00e51c889caded71c96cbbdde5?s=96&d=mm&r=g","url":"https:\/\/secure.gravatar.com\/avatar\/596e7c417251e30f2fbb9c00e026fce61a695a00e51c889caded71c96cbbdde5?s=96&d=mm&r=g","contentUrl":"https:\/\/secure.gravatar.com\/avatar\/596e7c417251e30f2fbb9c00e026fce61a695a00e51c889caded71c96cbbdde5?s=96&d=mm&r=g","caption":"Kisha Orthodhokse"}}]}},"_links":{"self":[{"href":"https:\/\/orthodoxalbania.org\/2020\/wp-json\/wp\/v2\/posts\/725","targetHints":{"allow":["GET"]}}],"collection":[{"href":"https:\/\/orthodoxalbania.org\/2020\/wp-json\/wp\/v2\/posts"}],"about":[{"href":"https:\/\/orthodoxalbania.org\/2020\/wp-json\/wp\/v2\/types\/post"}],"author":[{"embeddable":true,"href":"https:\/\/orthodoxalbania.org\/2020\/wp-json\/wp\/v2\/users\/1"}],"replies":[{"embeddable":true,"href":"https:\/\/orthodoxalbania.org\/2020\/wp-json\/wp\/v2\/comments?post=725"}],"version-history":[{"count":1,"href":"https:\/\/orthodoxalbania.org\/2020\/wp-json\/wp\/v2\/posts\/725\/revisions"}],"predecessor-version":[{"id":15610,"href":"https:\/\/orthodoxalbania.org\/2020\/wp-json\/wp\/v2\/posts\/725\/revisions\/15610"}],"wp:attachment":[{"href":"https:\/\/orthodoxalbania.org\/2020\/wp-json\/wp\/v2\/media?parent=725"}],"wp:term":[{"taxonomy":"category","embeddable":true,"href":"https:\/\/orthodoxalbania.org\/2020\/wp-json\/wp\/v2\/categories?post=725"},{"taxonomy":"post_tag","embeddable":true,"href":"https:\/\/orthodoxalbania.org\/2020\/wp-json\/wp\/v2\/tags?post=725"}],"curies":[{"name":"wp","href":"https:\/\/api.w.org\/{rel}","templated":true}]}}