{"id":724,"date":"2013-03-21T10:33:25","date_gmt":"2013-03-21T10:33:25","guid":{"rendered":""},"modified":"2020-04-06T22:31:52","modified_gmt":"2020-04-06T20:31:52","slug":"kisha-jone-e-shenjte-kremtoi-25-marsin-ngjarjen-e-madhe-dhe-te-mrekullueshme-te-ungjillezimit","status":"publish","type":"post","link":"https:\/\/orthodoxalbania.org\/2020\/2013\/03\/21\/kisha-jone-e-shenjte-kremtoi-25-marsin-ngjarjen-e-madhe-dhe-te-mrekullueshme-te-ungjillezimit\/","title":{"rendered":"Kisha jon\u00eb e shenjt\u00eb kremtoi 25 marsin 2012, ngjarjen  e madhe dhe t\u00eb mrekullueshme t\u00eb Ungjill\u00ebzimit."},"content":{"rendered":"<div style=\"text-align: justify;\"><span style=\"color: #000000;\"><span style=\"font-family: tahoma,geneva,sans-serif;\"><span style=\"font-size: 12px;\"><span style=\"background-color: #ffffff;\">&nbsp;&nbsp;<\/span>&nbsp; 25 marsi, festa e Ungjill\u00ebzimi t\u00eb Virgj\u00ebresh\u00ebs Mari, kujton si \u00e7do vit lajmin e g\u00ebzuar t\u00eb shp\u00ebtimit t\u00eb njer\u00ebzve. N\u00eb nj\u00eb atmosfer\u00eb festive, qindra besimtar\u00eb mor\u00ebn pjes\u00eb n\u00eb sh\u00ebrbesat tradicionale, n\u00eb kish\u00ebn katedrale \u201cUngjill\u00ebzimi i Per\u00ebndilind\u00ebses\u201d, e cila kremtonte edhe emrin e saj. Sh\u00ebrbesat u kryesuan nga Kryepiskopi Anastas, nd\u00ebrsa predikimi u mbajt nga Episkopi i Kruj\u00ebs, imzot Andoni, i cili theksoi kuptimin dhe r\u00ebnd\u00ebsin\u00eb e k\u00ebsaj feste n\u00eb jet\u00ebn e gjith\u00ebsecilit.<\/span><\/span><\/span><\/div>\n<div style=\"text-align: justify;\">&nbsp;<\/div>\n<table style=\"width: 938px; height: 1921px;\" border=\"0\">\n<tbody>\n<tr>\n<td><img decoding=\"async\" class=\"lazyload HAa Eha\" style=\"border-width: 1px; border-style: solid; margin: 10px auto; display: block;\" alt=\"\" src=\"data:image\/gif;base64,R0lGODlhAQABAAAAACH5BAEKAAEALAAAAAABAAEAAAICTAEAOw==\" data-orig-src=\"https:\/\/lh3.googleusercontent.com\/-hevqe7i6Mwo\/VKJWIfdu3cI\/AAAAAAAAJsI\/swLHOyqOe6s\/w336-h448-no\/CIMG0695.JPG\" \/><\/td>\n<td><img decoding=\"async\" class=\"lazyload HAa Eha\" style=\"border-width: 1px; border-style: solid; margin: 10px auto; display: block;\" alt=\"\" src=\"data:image\/gif;base64,R0lGODlhAQABAAAAACH5BAEKAAEALAAAAAABAAEAAAICTAEAOw==\" data-orig-src=\"https:\/\/lh5.googleusercontent.com\/-eezg-7OJ25c\/VKJWIfrs79I\/AAAAAAAAJr8\/YPPy-T7MXjg\/w448-h336-no\/CIMG0696.JPG\" \/><\/td>\n<\/tr>\n<tr>\n<td><img decoding=\"async\" class=\"lazyload HAa Eha\" style=\"border-width: 1px; border-style: solid; margin: 10px auto; display: block;\" alt=\"\" src=\"data:image\/gif;base64,R0lGODlhAQABAAAAACH5BAEKAAEALAAAAAABAAEAAAICTAEAOw==\" data-orig-src=\"https:\/\/lh5.googleusercontent.com\/-uuFuQOIo8PU\/VKJWInh34NI\/AAAAAAAAJrk\/OJ8KNtAlFPE\/w448-h336-no\/CIMG0698.JPG\" \/><\/td>\n<td><img decoding=\"async\" class=\"lazyload HAa Eha\" style=\"border-width: 1px; border-style: solid; margin: 10px auto; display: block;\" alt=\"\" src=\"data:image\/gif;base64,R0lGODlhAQABAAAAACH5BAEKAAEALAAAAAABAAEAAAICTAEAOw==\" data-orig-src=\"https:\/\/lh3.googleusercontent.com\/-MbEjmVrvXB0\/VKJWI8vkglI\/AAAAAAAAJsM\/3Dv8hC3IBmM\/w448-h336-no\/CIMG0701.JPG\" \/><\/td>\n<\/tr>\n<tr>\n<td><img decoding=\"async\" class=\"lazyload HAa Eha\" style=\"border-width: 1px; border-style: solid; margin: 10px auto; display: block;\" alt=\"\" src=\"data:image\/gif;base64,R0lGODlhAQABAAAAACH5BAEKAAEALAAAAAABAAEAAAICTAEAOw==\" data-orig-src=\"https:\/\/lh5.googleusercontent.com\/-sWBBiLJudw0\/VKJWJJ99AwI\/AAAAAAAAJrU\/jws0Z3qmaZ4\/w448-h336-no\/CIMG0703.JPG\" \/><\/td>\n<td><img decoding=\"async\" class=\"lazyload HAa Eha\" style=\"border-width: 1px; border-style: solid; margin: 10px auto; display: block;\" alt=\"\" src=\"data:image\/gif;base64,R0lGODlhAQABAAAAACH5BAEKAAEALAAAAAABAAEAAAICTAEAOw==\" data-orig-src=\"https:\/\/lh4.googleusercontent.com\/-p9PcSQHh8mw\/VKJWJSy3tkI\/AAAAAAAAJrg\/drUHEDWioF0\/w448-h336-no\/CIMG0706.JPG\" \/><\/td>\n<\/tr>\n<tr>\n<td><img decoding=\"async\" class=\"lazyload HAa Eha\" style=\"border-width: 1px; border-style: solid; margin: 10px auto; display: block;\" alt=\"\" src=\"data:image\/gif;base64,R0lGODlhAQABAAAAACH5BAEKAAEALAAAAAABAAEAAAICTAEAOw==\" data-orig-src=\"https:\/\/lh4.googleusercontent.com\/-Q6mFN4LMkv4\/VKJWJsXmMBI\/AAAAAAAAJr0\/643BvrzMKC8\/w448-h336-no\/CIMG0708.JPG\" \/><\/td>\n<td><img decoding=\"async\" class=\"lazyload HAa Eha\" style=\"border-width: 1px; border-style: solid; margin: 10px auto; display: block;\" alt=\"\" src=\"data:image\/gif;base64,R0lGODlhAQABAAAAACH5BAEKAAEALAAAAAABAAEAAAICTAEAOw==\" data-orig-src=\"https:\/\/lh5.googleusercontent.com\/-MNqaBUf6sQw\/VKJWJ2VeTdI\/AAAAAAAAJro\/Cr9QheDZJ38\/w448-h336-no\/CIMG0709.JPG\" \/><\/td>\n<\/tr>\n<tr>\n<td><img decoding=\"async\" class=\"lazyload HAa Eha\" style=\"border-width: 1px; border-style: solid; margin: 10px auto; display: block;\" alt=\"\" src=\"data:image\/gif;base64,R0lGODlhAQABAAAAACH5BAEKAAEALAAAAAABAAEAAAICTAEAOw==\" data-orig-src=\"https:\/\/lh6.googleusercontent.com\/-Sk2aMqkhc0I\/VKJWKdOBJRI\/AAAAAAAAJr4\/MTyl28RQwj8\/w448-h336-no\/CIMG0713.JPG\" \/><\/td>\n<td><img decoding=\"async\" class=\"lazyload HAa Eha\" style=\"border-width: 1px; border-style: solid; margin: 10px auto; display: block;\" alt=\"\" src=\"data:image\/gif;base64,R0lGODlhAQABAAAAACH5BAEKAAEALAAAAAABAAEAAAICTAEAOw==\" data-orig-src=\"https:\/\/lh5.googleusercontent.com\/-dXs0IHLUpzI\/VKJWKRCckiI\/AAAAAAAAJsA\/ANslDVk-WFM\/w448-h336-no\/CIMG0717.JPG\" \/><\/td>\n<\/tr>\n<\/tbody>\n<\/table>\n","protected":false},"excerpt":{"rendered":"<p>&nbsp;&nbsp;&nbsp; 25 marsi, festa e Ungjill\u00ebzimi t\u00eb Virgj\u00ebresh\u00ebs Mari, kujton si \u00e7do vit lajmin e g\u00ebzuar t\u00eb shp\u00ebtimit t\u00eb njer\u00ebzve. N\u00eb nj\u00eb atmosfer\u00eb festive, qindra besimtar\u00eb mor\u00ebn pjes\u00eb n\u00eb sh\u00ebrbesat tradicionale, n\u00eb kish\u00ebn katedrale \u201cUngjill\u00ebzimi i Per\u00ebndilind\u00ebses\u201d, e cila kremtonte edhe emrin e saj. Sh\u00ebrbesat u kryesuan nga Kryepiskopi Anastas, nd\u00ebrsa predikimi u mbajt nga Episkopi i Kruj\u00ebs, imzot Andoni, i cili theksoi kuptimin dhe<\/p>\n","protected":false},"author":1,"featured_media":0,"comment_status":"open","ping_status":"open","sticky":false,"template":"","format":"standard","meta":{"_acf_changed":false,"pagelayer_contact_templates":[],"_pagelayer_content":"","inline_featured_image":false,"fifu_image_url":"","fifu_image_alt":"","footnotes":""},"categories":[108],"tags":[142,157,196,201,212],"class_list":["post-724","post","type-post","status-publish","format-standard","hentry","category-lajme","tag-142","tag-kremtime","tag-tirane","tag-kryepiskopi-anastas","tag-lajme-d27"],"acf":[],"yoast_head":"<!-- This site is optimized with the Yoast SEO plugin v27.2 - https:\/\/yoast.com\/product\/yoast-seo-wordpress\/ -->\n<title>Kisha jon\u00eb e shenjt\u00eb kremtoi 25 marsin 2012, ngjarjen e madhe dhe t\u00eb mrekullueshme t\u00eb Ungjill\u00ebzimit. - Kisha Orthodh\u03bfkse Autoqefale e Shqip\u00ebris\u00eb<\/title>\n<meta name=\"robots\" content=\"index, follow, max-snippet:-1, max-image-preview:large, max-video-preview:-1\" \/>\n<link rel=\"canonical\" href=\"https:\/\/orthodoxalbania.org\/2020\/2013\/03\/21\/kisha-jone-e-shenjte-kremtoi-25-marsin-ngjarjen-e-madhe-dhe-te-mrekullueshme-te-ungjillezimit\/\" \/>\n<meta property=\"og:locale\" content=\"en_US\" \/>\n<meta property=\"og:type\" content=\"article\" \/>\n<meta property=\"og:title\" content=\"Kisha jon\u00eb e shenjt\u00eb kremtoi 25 marsin 2012, ngjarjen e madhe dhe t\u00eb mrekullueshme t\u00eb Ungjill\u00ebzimit. - Kisha Orthodh\u03bfkse Autoqefale e Shqip\u00ebris\u00eb\" \/>\n<meta property=\"og:description\" content=\"&nbsp;&nbsp;&nbsp; 25 marsi, festa e Ungjill\u00ebzimi t\u00eb Virgj\u00ebresh\u00ebs Mari, kujton si \u00e7do vit lajmin e g\u00ebzuar t\u00eb shp\u00ebtimit t\u00eb njer\u00ebzve. N\u00eb nj\u00eb atmosfer\u00eb festive, qindra besimtar\u00eb mor\u00ebn pjes\u00eb n\u00eb sh\u00ebrbesat tradicionale, n\u00eb kish\u00ebn katedrale \u201cUngjill\u00ebzimi i Per\u00ebndilind\u00ebses\u201d, e cila kremtonte edhe emrin e saj. Sh\u00ebrbesat u kryesuan nga Kryepiskopi Anastas, nd\u00ebrsa predikimi u mbajt nga Episkopi i Kruj\u00ebs, imzot Andoni, i cili theksoi kuptimin dhe\" \/>\n<meta property=\"og:url\" content=\"https:\/\/orthodoxalbania.org\/2020\/2013\/03\/21\/kisha-jone-e-shenjte-kremtoi-25-marsin-ngjarjen-e-madhe-dhe-te-mrekullueshme-te-ungjillezimit\/\" \/>\n<meta property=\"og:site_name\" content=\"Kisha Orthodh\u03bfkse Autoqefale e Shqip\u00ebris\u00eb\" \/>\n<meta property=\"article:publisher\" content=\"https:\/\/www.facebook.com\/koash1991\" \/>\n<meta property=\"article:published_time\" content=\"2013-03-21T10:33:25+00:00\" \/>\n<meta property=\"article:modified_time\" content=\"2020-04-06T20:31:52+00:00\" \/>\n<meta property=\"og:image\" content=\"https:\/\/lh3.googleusercontent.com\/-hevqe7i6Mwo\/VKJWIfdu3cI\/AAAAAAAAJsI\/swLHOyqOe6s\/w336-h448-no\/CIMG0695.JPG\" \/>\n<meta name=\"author\" content=\"Kisha Orthodhokse\" \/>\n<meta name=\"twitter:card\" content=\"summary_large_image\" \/>\n<meta name=\"twitter:label1\" content=\"Written by\" \/>\n\t<meta name=\"twitter:data1\" content=\"Kisha Orthodhokse\" \/>\n<script type=\"application\/ld+json\" class=\"yoast-schema-graph\">{\"@context\":\"https:\/\/schema.org\",\"@graph\":[{\"@type\":\"Article\",\"@id\":\"https:\/\/orthodoxalbania.org\/2020\/2013\/03\/21\/kisha-jone-e-shenjte-kremtoi-25-marsin-ngjarjen-e-madhe-dhe-te-mrekullueshme-te-ungjillezimit\/#article\",\"isPartOf\":{\"@id\":\"https:\/\/orthodoxalbania.org\/2020\/2013\/03\/21\/kisha-jone-e-shenjte-kremtoi-25-marsin-ngjarjen-e-madhe-dhe-te-mrekullueshme-te-ungjillezimit\/\"},\"author\":{\"name\":\"Kisha Orthodhokse\",\"@id\":\"https:\/\/orthodoxalbania.org\/2020\/#\/schema\/person\/0c387634a7063ac612d7ed9ce71c7e86\"},\"headline\":\"Kisha jon\u00eb e shenjt\u00eb kremtoi 25 marsin 2012, ngjarjen e madhe dhe t\u00eb mrekullueshme t\u00eb Ungjill\u00ebzimit.\",\"datePublished\":\"2013-03-21T10:33:25+00:00\",\"dateModified\":\"2020-04-06T20:31:52+00:00\",\"mainEntityOfPage\":{\"@id\":\"https:\/\/orthodoxalbania.org\/2020\/2013\/03\/21\/kisha-jone-e-shenjte-kremtoi-25-marsin-ngjarjen-e-madhe-dhe-te-mrekullueshme-te-ungjillezimit\/\"},\"wordCount\":110,\"commentCount\":0,\"publisher\":{\"@id\":\"https:\/\/orthodoxalbania.org\/2020\/#organization\"},\"image\":{\"@id\":\"https:\/\/orthodoxalbania.org\/2020\/2013\/03\/21\/kisha-jone-e-shenjte-kremtoi-25-marsin-ngjarjen-e-madhe-dhe-te-mrekullueshme-te-ungjillezimit\/#primaryimage\"},\"thumbnailUrl\":\"https:\/\/lh3.googleusercontent.com\/-hevqe7i6Mwo\/VKJWIfdu3cI\/AAAAAAAAJsI\/swLHOyqOe6s\/w336-h448-no\/CIMG0695.JPG\",\"keywords\":[\"2012\",\"Kremtime\",\"Kryepiskopata Tiran\u00eb\",\"Kryepiskopi Anastas\",\"lajme\"],\"articleSection\":[\"Lajme\"],\"inLanguage\":\"en-US\"},{\"@type\":\"WebPage\",\"@id\":\"https:\/\/orthodoxalbania.org\/2020\/2013\/03\/21\/kisha-jone-e-shenjte-kremtoi-25-marsin-ngjarjen-e-madhe-dhe-te-mrekullueshme-te-ungjillezimit\/\",\"url\":\"https:\/\/orthodoxalbania.org\/2020\/2013\/03\/21\/kisha-jone-e-shenjte-kremtoi-25-marsin-ngjarjen-e-madhe-dhe-te-mrekullueshme-te-ungjillezimit\/\",\"name\":\"Kisha jon\u00eb e shenjt\u00eb kremtoi 25 marsin 2012, ngjarjen e madhe dhe t\u00eb mrekullueshme t\u00eb Ungjill\u00ebzimit. - Kisha Orthodh\u03bfkse Autoqefale e Shqip\u00ebris\u00eb\",\"isPartOf\":{\"@id\":\"https:\/\/orthodoxalbania.org\/2020\/#website\"},\"primaryImageOfPage\":{\"@id\":\"https:\/\/orthodoxalbania.org\/2020\/2013\/03\/21\/kisha-jone-e-shenjte-kremtoi-25-marsin-ngjarjen-e-madhe-dhe-te-mrekullueshme-te-ungjillezimit\/#primaryimage\"},\"image\":{\"@id\":\"https:\/\/orthodoxalbania.org\/2020\/2013\/03\/21\/kisha-jone-e-shenjte-kremtoi-25-marsin-ngjarjen-e-madhe-dhe-te-mrekullueshme-te-ungjillezimit\/#primaryimage\"},\"thumbnailUrl\":\"https:\/\/lh3.googleusercontent.com\/-hevqe7i6Mwo\/VKJWIfdu3cI\/AAAAAAAAJsI\/swLHOyqOe6s\/w336-h448-no\/CIMG0695.JPG\",\"datePublished\":\"2013-03-21T10:33:25+00:00\",\"dateModified\":\"2020-04-06T20:31:52+00:00\",\"breadcrumb\":{\"@id\":\"https:\/\/orthodoxalbania.org\/2020\/2013\/03\/21\/kisha-jone-e-shenjte-kremtoi-25-marsin-ngjarjen-e-madhe-dhe-te-mrekullueshme-te-ungjillezimit\/#breadcrumb\"},\"inLanguage\":\"en-US\",\"potentialAction\":[{\"@type\":\"ReadAction\",\"target\":[\"https:\/\/orthodoxalbania.org\/2020\/2013\/03\/21\/kisha-jone-e-shenjte-kremtoi-25-marsin-ngjarjen-e-madhe-dhe-te-mrekullueshme-te-ungjillezimit\/\"]}]},{\"@type\":\"ImageObject\",\"inLanguage\":\"en-US\",\"@id\":\"https:\/\/orthodoxalbania.org\/2020\/2013\/03\/21\/kisha-jone-e-shenjte-kremtoi-25-marsin-ngjarjen-e-madhe-dhe-te-mrekullueshme-te-ungjillezimit\/#primaryimage\",\"url\":\"https:\/\/lh3.googleusercontent.com\/-hevqe7i6Mwo\/VKJWIfdu3cI\/AAAAAAAAJsI\/swLHOyqOe6s\/w336-h448-no\/CIMG0695.JPG\",\"contentUrl\":\"https:\/\/lh3.googleusercontent.com\/-hevqe7i6Mwo\/VKJWIfdu3cI\/AAAAAAAAJsI\/swLHOyqOe6s\/w336-h448-no\/CIMG0695.JPG\"},{\"@type\":\"BreadcrumbList\",\"@id\":\"https:\/\/orthodoxalbania.org\/2020\/2013\/03\/21\/kisha-jone-e-shenjte-kremtoi-25-marsin-ngjarjen-e-madhe-dhe-te-mrekullueshme-te-ungjillezimit\/#breadcrumb\",\"itemListElement\":[{\"@type\":\"ListItem\",\"position\":1,\"name\":\"Home\",\"item\":\"https:\/\/orthodoxalbania.org\/2020\/\"},{\"@type\":\"ListItem\",\"position\":2,\"name\":\"Kisha jon\u00eb e shenjt\u00eb kremtoi 25 marsin 2012, ngjarjen e madhe dhe t\u00eb mrekullueshme t\u00eb Ungjill\u00ebzimit.\"}]},{\"@type\":\"WebSite\",\"@id\":\"https:\/\/orthodoxalbania.org\/2020\/#website\",\"url\":\"https:\/\/orthodoxalbania.org\/2020\/\",\"name\":\"Kisha Orthodh\u03bfkse Autoqefale e Shqip\u00ebris\u00eb\",\"description\":\"Fqja Zyrtare e Kish\u00ebs Orthodhokse Autoqefale e Shqip\u00ebris\u00eb me lajmet edhe informacionet zyrtare p\u00ebr struktur\u00ebn edhe veprimtarin e saj.\",\"publisher\":{\"@id\":\"https:\/\/orthodoxalbania.org\/2020\/#organization\"},\"potentialAction\":[{\"@type\":\"SearchAction\",\"target\":{\"@type\":\"EntryPoint\",\"urlTemplate\":\"https:\/\/orthodoxalbania.org\/2020\/?s={search_term_string}\"},\"query-input\":{\"@type\":\"PropertyValueSpecification\",\"valueRequired\":true,\"valueName\":\"search_term_string\"}}],\"inLanguage\":\"en-US\"},{\"@type\":\"Organization\",\"@id\":\"https:\/\/orthodoxalbania.org\/2020\/#organization\",\"name\":\"Kisha Orthodhokse Autoqefale e Shqip\u00ebris\u00eb\",\"url\":\"https:\/\/orthodoxalbania.org\/2020\/\",\"logo\":{\"@type\":\"ImageObject\",\"inLanguage\":\"en-US\",\"@id\":\"https:\/\/orthodoxalbania.org\/2020\/#\/schema\/logo\/image\/\",\"url\":\"https:\/\/orthodoxalbania.org\/2020\/wp-content\/uploads\/2020\/05\/albania.jpeg\",\"contentUrl\":\"https:\/\/orthodoxalbania.org\/2020\/wp-content\/uploads\/2020\/05\/albania.jpeg\",\"width\":540,\"height\":540,\"caption\":\"Kisha Orthodhokse Autoqefale e Shqip\u00ebris\u00eb\"},\"image\":{\"@id\":\"https:\/\/orthodoxalbania.org\/2020\/#\/schema\/logo\/image\/\"},\"sameAs\":[\"https:\/\/www.facebook.com\/koash1991\"]},{\"@type\":\"Person\",\"@id\":\"https:\/\/orthodoxalbania.org\/2020\/#\/schema\/person\/0c387634a7063ac612d7ed9ce71c7e86\",\"name\":\"Kisha Orthodhokse\",\"image\":{\"@type\":\"ImageObject\",\"inLanguage\":\"en-US\",\"@id\":\"https:\/\/secure.gravatar.com\/avatar\/596e7c417251e30f2fbb9c00e026fce61a695a00e51c889caded71c96cbbdde5?s=96&d=mm&r=g\",\"url\":\"https:\/\/secure.gravatar.com\/avatar\/596e7c417251e30f2fbb9c00e026fce61a695a00e51c889caded71c96cbbdde5?s=96&d=mm&r=g\",\"contentUrl\":\"https:\/\/secure.gravatar.com\/avatar\/596e7c417251e30f2fbb9c00e026fce61a695a00e51c889caded71c96cbbdde5?s=96&d=mm&r=g\",\"caption\":\"Kisha Orthodhokse\"}}]}<\/script>\n<!-- \/ Yoast SEO plugin. -->","yoast_head_json":{"title":"Kisha jon\u00eb e shenjt\u00eb kremtoi 25 marsin 2012, ngjarjen e madhe dhe t\u00eb mrekullueshme t\u00eb Ungjill\u00ebzimit. - Kisha Orthodh\u03bfkse Autoqefale e Shqip\u00ebris\u00eb","robots":{"index":"index","follow":"follow","max-snippet":"max-snippet:-1","max-image-preview":"max-image-preview:large","max-video-preview":"max-video-preview:-1"},"canonical":"https:\/\/orthodoxalbania.org\/2020\/2013\/03\/21\/kisha-jone-e-shenjte-kremtoi-25-marsin-ngjarjen-e-madhe-dhe-te-mrekullueshme-te-ungjillezimit\/","og_locale":"en_US","og_type":"article","og_title":"Kisha jon\u00eb e shenjt\u00eb kremtoi 25 marsin 2012, ngjarjen e madhe dhe t\u00eb mrekullueshme t\u00eb Ungjill\u00ebzimit. - Kisha Orthodh\u03bfkse Autoqefale e Shqip\u00ebris\u00eb","og_description":"&nbsp;&nbsp;&nbsp; 25 marsi, festa e Ungjill\u00ebzimi t\u00eb Virgj\u00ebresh\u00ebs Mari, kujton si \u00e7do vit lajmin e g\u00ebzuar t\u00eb shp\u00ebtimit t\u00eb njer\u00ebzve. N\u00eb nj\u00eb atmosfer\u00eb festive, qindra besimtar\u00eb mor\u00ebn pjes\u00eb n\u00eb sh\u00ebrbesat tradicionale, n\u00eb kish\u00ebn katedrale \u201cUngjill\u00ebzimi i Per\u00ebndilind\u00ebses\u201d, e cila kremtonte edhe emrin e saj. Sh\u00ebrbesat u kryesuan nga Kryepiskopi Anastas, nd\u00ebrsa predikimi u mbajt nga Episkopi i Kruj\u00ebs, imzot Andoni, i cili theksoi kuptimin dhe","og_url":"https:\/\/orthodoxalbania.org\/2020\/2013\/03\/21\/kisha-jone-e-shenjte-kremtoi-25-marsin-ngjarjen-e-madhe-dhe-te-mrekullueshme-te-ungjillezimit\/","og_site_name":"Kisha Orthodh\u03bfkse Autoqefale e Shqip\u00ebris\u00eb","article_publisher":"https:\/\/www.facebook.com\/koash1991","article_published_time":"2013-03-21T10:33:25+00:00","article_modified_time":"2020-04-06T20:31:52+00:00","og_image":[{"url":"https:\/\/lh3.googleusercontent.com\/-hevqe7i6Mwo\/VKJWIfdu3cI\/AAAAAAAAJsI\/swLHOyqOe6s\/w336-h448-no\/CIMG0695.JPG","type":"","width":"","height":""}],"author":"Kisha Orthodhokse","twitter_card":"summary_large_image","twitter_misc":{"Written by":"Kisha Orthodhokse"},"schema":{"@context":"https:\/\/schema.org","@graph":[{"@type":"Article","@id":"https:\/\/orthodoxalbania.org\/2020\/2013\/03\/21\/kisha-jone-e-shenjte-kremtoi-25-marsin-ngjarjen-e-madhe-dhe-te-mrekullueshme-te-ungjillezimit\/#article","isPartOf":{"@id":"https:\/\/orthodoxalbania.org\/2020\/2013\/03\/21\/kisha-jone-e-shenjte-kremtoi-25-marsin-ngjarjen-e-madhe-dhe-te-mrekullueshme-te-ungjillezimit\/"},"author":{"name":"Kisha Orthodhokse","@id":"https:\/\/orthodoxalbania.org\/2020\/#\/schema\/person\/0c387634a7063ac612d7ed9ce71c7e86"},"headline":"Kisha jon\u00eb e shenjt\u00eb kremtoi 25 marsin 2012, ngjarjen e madhe dhe t\u00eb mrekullueshme t\u00eb Ungjill\u00ebzimit.","datePublished":"2013-03-21T10:33:25+00:00","dateModified":"2020-04-06T20:31:52+00:00","mainEntityOfPage":{"@id":"https:\/\/orthodoxalbania.org\/2020\/2013\/03\/21\/kisha-jone-e-shenjte-kremtoi-25-marsin-ngjarjen-e-madhe-dhe-te-mrekullueshme-te-ungjillezimit\/"},"wordCount":110,"commentCount":0,"publisher":{"@id":"https:\/\/orthodoxalbania.org\/2020\/#organization"},"image":{"@id":"https:\/\/orthodoxalbania.org\/2020\/2013\/03\/21\/kisha-jone-e-shenjte-kremtoi-25-marsin-ngjarjen-e-madhe-dhe-te-mrekullueshme-te-ungjillezimit\/#primaryimage"},"thumbnailUrl":"https:\/\/lh3.googleusercontent.com\/-hevqe7i6Mwo\/VKJWIfdu3cI\/AAAAAAAAJsI\/swLHOyqOe6s\/w336-h448-no\/CIMG0695.JPG","keywords":["2012","Kremtime","Kryepiskopata Tiran\u00eb","Kryepiskopi Anastas","lajme"],"articleSection":["Lajme"],"inLanguage":"en-US"},{"@type":"WebPage","@id":"https:\/\/orthodoxalbania.org\/2020\/2013\/03\/21\/kisha-jone-e-shenjte-kremtoi-25-marsin-ngjarjen-e-madhe-dhe-te-mrekullueshme-te-ungjillezimit\/","url":"https:\/\/orthodoxalbania.org\/2020\/2013\/03\/21\/kisha-jone-e-shenjte-kremtoi-25-marsin-ngjarjen-e-madhe-dhe-te-mrekullueshme-te-ungjillezimit\/","name":"Kisha jon\u00eb e shenjt\u00eb kremtoi 25 marsin 2012, ngjarjen e madhe dhe t\u00eb mrekullueshme t\u00eb Ungjill\u00ebzimit. - Kisha Orthodh\u03bfkse Autoqefale e Shqip\u00ebris\u00eb","isPartOf":{"@id":"https:\/\/orthodoxalbania.org\/2020\/#website"},"primaryImageOfPage":{"@id":"https:\/\/orthodoxalbania.org\/2020\/2013\/03\/21\/kisha-jone-e-shenjte-kremtoi-25-marsin-ngjarjen-e-madhe-dhe-te-mrekullueshme-te-ungjillezimit\/#primaryimage"},"image":{"@id":"https:\/\/orthodoxalbania.org\/2020\/2013\/03\/21\/kisha-jone-e-shenjte-kremtoi-25-marsin-ngjarjen-e-madhe-dhe-te-mrekullueshme-te-ungjillezimit\/#primaryimage"},"thumbnailUrl":"https:\/\/lh3.googleusercontent.com\/-hevqe7i6Mwo\/VKJWIfdu3cI\/AAAAAAAAJsI\/swLHOyqOe6s\/w336-h448-no\/CIMG0695.JPG","datePublished":"2013-03-21T10:33:25+00:00","dateModified":"2020-04-06T20:31:52+00:00","breadcrumb":{"@id":"https:\/\/orthodoxalbania.org\/2020\/2013\/03\/21\/kisha-jone-e-shenjte-kremtoi-25-marsin-ngjarjen-e-madhe-dhe-te-mrekullueshme-te-ungjillezimit\/#breadcrumb"},"inLanguage":"en-US","potentialAction":[{"@type":"ReadAction","target":["https:\/\/orthodoxalbania.org\/2020\/2013\/03\/21\/kisha-jone-e-shenjte-kremtoi-25-marsin-ngjarjen-e-madhe-dhe-te-mrekullueshme-te-ungjillezimit\/"]}]},{"@type":"ImageObject","inLanguage":"en-US","@id":"https:\/\/orthodoxalbania.org\/2020\/2013\/03\/21\/kisha-jone-e-shenjte-kremtoi-25-marsin-ngjarjen-e-madhe-dhe-te-mrekullueshme-te-ungjillezimit\/#primaryimage","url":"https:\/\/lh3.googleusercontent.com\/-hevqe7i6Mwo\/VKJWIfdu3cI\/AAAAAAAAJsI\/swLHOyqOe6s\/w336-h448-no\/CIMG0695.JPG","contentUrl":"https:\/\/lh3.googleusercontent.com\/-hevqe7i6Mwo\/VKJWIfdu3cI\/AAAAAAAAJsI\/swLHOyqOe6s\/w336-h448-no\/CIMG0695.JPG"},{"@type":"BreadcrumbList","@id":"https:\/\/orthodoxalbania.org\/2020\/2013\/03\/21\/kisha-jone-e-shenjte-kremtoi-25-marsin-ngjarjen-e-madhe-dhe-te-mrekullueshme-te-ungjillezimit\/#breadcrumb","itemListElement":[{"@type":"ListItem","position":1,"name":"Home","item":"https:\/\/orthodoxalbania.org\/2020\/"},{"@type":"ListItem","position":2,"name":"Kisha jon\u00eb e shenjt\u00eb kremtoi 25 marsin 2012, ngjarjen e madhe dhe t\u00eb mrekullueshme t\u00eb Ungjill\u00ebzimit."}]},{"@type":"WebSite","@id":"https:\/\/orthodoxalbania.org\/2020\/#website","url":"https:\/\/orthodoxalbania.org\/2020\/","name":"Kisha Orthodh\u03bfkse Autoqefale e Shqip\u00ebris\u00eb","description":"Fqja Zyrtare e Kish\u00ebs Orthodhokse Autoqefale e Shqip\u00ebris\u00eb me lajmet edhe informacionet zyrtare p\u00ebr struktur\u00ebn edhe veprimtarin e saj.","publisher":{"@id":"https:\/\/orthodoxalbania.org\/2020\/#organization"},"potentialAction":[{"@type":"SearchAction","target":{"@type":"EntryPoint","urlTemplate":"https:\/\/orthodoxalbania.org\/2020\/?s={search_term_string}"},"query-input":{"@type":"PropertyValueSpecification","valueRequired":true,"valueName":"search_term_string"}}],"inLanguage":"en-US"},{"@type":"Organization","@id":"https:\/\/orthodoxalbania.org\/2020\/#organization","name":"Kisha Orthodhokse Autoqefale e Shqip\u00ebris\u00eb","url":"https:\/\/orthodoxalbania.org\/2020\/","logo":{"@type":"ImageObject","inLanguage":"en-US","@id":"https:\/\/orthodoxalbania.org\/2020\/#\/schema\/logo\/image\/","url":"https:\/\/orthodoxalbania.org\/2020\/wp-content\/uploads\/2020\/05\/albania.jpeg","contentUrl":"https:\/\/orthodoxalbania.org\/2020\/wp-content\/uploads\/2020\/05\/albania.jpeg","width":540,"height":540,"caption":"Kisha Orthodhokse Autoqefale e Shqip\u00ebris\u00eb"},"image":{"@id":"https:\/\/orthodoxalbania.org\/2020\/#\/schema\/logo\/image\/"},"sameAs":["https:\/\/www.facebook.com\/koash1991"]},{"@type":"Person","@id":"https:\/\/orthodoxalbania.org\/2020\/#\/schema\/person\/0c387634a7063ac612d7ed9ce71c7e86","name":"Kisha Orthodhokse","image":{"@type":"ImageObject","inLanguage":"en-US","@id":"https:\/\/secure.gravatar.com\/avatar\/596e7c417251e30f2fbb9c00e026fce61a695a00e51c889caded71c96cbbdde5?s=96&d=mm&r=g","url":"https:\/\/secure.gravatar.com\/avatar\/596e7c417251e30f2fbb9c00e026fce61a695a00e51c889caded71c96cbbdde5?s=96&d=mm&r=g","contentUrl":"https:\/\/secure.gravatar.com\/avatar\/596e7c417251e30f2fbb9c00e026fce61a695a00e51c889caded71c96cbbdde5?s=96&d=mm&r=g","caption":"Kisha Orthodhokse"}}]}},"_links":{"self":[{"href":"https:\/\/orthodoxalbania.org\/2020\/wp-json\/wp\/v2\/posts\/724","targetHints":{"allow":["GET"]}}],"collection":[{"href":"https:\/\/orthodoxalbania.org\/2020\/wp-json\/wp\/v2\/posts"}],"about":[{"href":"https:\/\/orthodoxalbania.org\/2020\/wp-json\/wp\/v2\/types\/post"}],"author":[{"embeddable":true,"href":"https:\/\/orthodoxalbania.org\/2020\/wp-json\/wp\/v2\/users\/1"}],"replies":[{"embeddable":true,"href":"https:\/\/orthodoxalbania.org\/2020\/wp-json\/wp\/v2\/comments?post=724"}],"version-history":[{"count":1,"href":"https:\/\/orthodoxalbania.org\/2020\/wp-json\/wp\/v2\/posts\/724\/revisions"}],"predecessor-version":[{"id":15338,"href":"https:\/\/orthodoxalbania.org\/2020\/wp-json\/wp\/v2\/posts\/724\/revisions\/15338"}],"wp:attachment":[{"href":"https:\/\/orthodoxalbania.org\/2020\/wp-json\/wp\/v2\/media?parent=724"}],"wp:term":[{"taxonomy":"category","embeddable":true,"href":"https:\/\/orthodoxalbania.org\/2020\/wp-json\/wp\/v2\/categories?post=724"},{"taxonomy":"post_tag","embeddable":true,"href":"https:\/\/orthodoxalbania.org\/2020\/wp-json\/wp\/v2\/tags?post=724"}],"curies":[{"name":"wp","href":"https:\/\/api.w.org\/{rel}","templated":true}]}}