{"id":714,"date":"2014-01-15T11:20:27","date_gmt":"2014-01-15T11:20:27","guid":{"rendered":""},"modified":"2020-04-06T22:05:22","modified_gmt":"2020-04-06T20:05:22","slug":"kane-dale-ne-qarkullim-kalendaret-kishtare-2014","status":"publish","type":"post","link":"https:\/\/orthodoxalbania.org\/2020\/2014\/01\/15\/kane-dale-ne-qarkullim-kalendaret-kishtare-2014\/","title":{"rendered":"Kan\u00eb dal\u00eb n\u00eb qarkullim kalendar\u00ebt kishtar\u00eb 2014. (Janar 2014)"},"content":{"rendered":"<p style=\"text-align: justify;\"><span style=\"font-family: tahoma,geneva,sans-serif;\"><span style=\"font-size: 12px;\"><img decoding=\"async\" class=\"lazyload HAa Eha\" style=\"margin: 10px; float: left; border-width: 1px; border-style: solid; width: 212px; height: 297px;\" alt=\"\" src=\"data:image\/gif;base64,R0lGODlhAQABAAAAACH5BAEKAAEALAAAAAABAAEAAAICTAEAOw==\" data-orig-src=\"https:\/\/lh3.googleusercontent.com\/-g4s80SWwbS4\/UtZuUs9NN6I\/AAAAAAAAHXk\/by3ea_gSi5o\/w391-h548-no\/1601290_729461640397180_180701419_n.jpg\" \/>&nbsp;&nbsp;&nbsp;<span style=\"color: #000000; font-size: 12pt; font-family: helvetica;\"> Prej disa jav\u00ebsh kan\u00eb dal\u00eb n\u00eb shitje kalendar\u00ebt kishtar\u00eb 2014. N\u00eb kopertin\u00eb ato kan\u00eb afreskun e absid\u00ebs s\u00eb Katedrales s\u00eb re \u201cNgjallja e Krishtit\u201d n\u00eb Tiran\u00eb. &nbsp;<\/span><\/span> <\/span><\/p>\n<p style=\"text-align: justify;\"><span style=\"font-family: helvetica; font-size: 12pt;\"><span style=\"color: #000000;\">&nbsp;&nbsp;&nbsp; Kalendari i Madh shoq\u00ebrohet me tekstin e plot\u00ebsuar me t\u00eb dh\u00ebnat m\u00eb t\u00eb fundit \u201c22 vjet p\u00ebrpjekje krijuese\u201d, ku n\u00eb m\u00ebnyr\u00eb t\u00eb p\u00ebrmbledhur jepet rruga e mrekullueshme e ringritjes nga g\u00ebrmadhat e Kish\u00ebs son\u00eb, n\u00eb k\u00ebta 22 vjet t\u00eb zhvillimit kanonik, n\u00ebn drejtimin e Kryepiskopit t\u00eb Tiran\u00ebs, Durr\u00ebsit dhe t\u00eb Gjith\u00eb Shqip\u00ebris\u00eb, Prof. Dr. Anastasit. \u00c7do muaj ka fotografi me tematika t\u00eb ndryshme, nga jeta e Kish\u00ebs son\u00eb dhe nga trash\u00ebgimia shum\u00eb e pasur q\u00eb ajo ka krijuar n\u00eb shekuj.<\/span> <\/span><\/p>\n<p style=\"text-align: justify;\"><span style=\"font-family: helvetica; font-size: 12pt;\"><span style=\"color: #000000;\">&nbsp;&nbsp;&nbsp; Kalendari i vog\u00ebl, p\u00ebrve\u00e7 muajve dhe leximeve t\u00eb \u00e7do dite, shoq\u00ebrohet edhe m\u00eb nj\u00eb shpjegim t\u00eb Lum\u00ebrimeve, shk\u00ebputur nga libri \u201cUdh\u00ebtim shpirt\u00ebror\u201d, i Kryepiskopit Anastas. Ai p\u00ebrmban edhe informacionet e plota baz\u00eb p\u00ebr organizimin kishtar t\u00eb Kish\u00ebs Orthodhokse Autoqefale t\u00eb Shqip\u00ebris\u00eb.<\/span> <\/span><\/p>\n<div style=\"text-align: justify;\">&nbsp;<\/div>\n<div style=\"text-align: justify;\">&nbsp;<\/div>\n<div style=\"text-align: justify;\">&nbsp;<\/div>\n<div style=\"text-align: justify;\">&nbsp;<\/div>\n<p style=\"text-align: center;\"><span style=\"font-family: tahoma,geneva,sans-serif;\"><span style=\"font-size: 12px;\"><img decoding=\"async\" class=\"lazyload HAa Eha\" style=\"height: 450px; width: 600px; margin: 10px; border-width: 1px; border-style: solid;\" alt=\"\" src=\"data:image\/gif;base64,R0lGODlhAQABAAAAACH5BAEKAAEALAAAAAABAAEAAAICTAEAOw==\" data-orig-src=\"https:\/\/lh5.googleusercontent.com\/-LTyW61G2jJk\/UtZp6ZZKwII\/AAAAAAAAHXU\/5gSDs_byQY0\/w702-h526-no\/page-0.jpg\" \/><\/span><\/span><\/p>\n","protected":false},"excerpt":{"rendered":"<p>&nbsp;&nbsp;&nbsp; Prej disa jav\u00ebsh kan\u00eb dal\u00eb n\u00eb shitje kalendar\u00ebt kishtar\u00eb 2014. N\u00eb kopertin\u00eb ato kan\u00eb afreskun e absid\u00ebs s\u00eb Katedrales s\u00eb re \u201cNgjallja e Krishtit\u201d n\u00eb Tiran\u00eb. &nbsp; &nbsp;&nbsp;&nbsp; Kalendari i Madh shoq\u00ebrohet me tekstin e plot\u00ebsuar me t\u00eb dh\u00ebnat m\u00eb t\u00eb fundit \u201c22 vjet p\u00ebrpjekje krijuese\u201d, ku n\u00eb m\u00ebnyr\u00eb t\u00eb p\u00ebrmbledhur jepet rruga e mrekullueshme e ringritjes nga g\u00ebrmadhat e Kish\u00ebs son\u00eb, n\u00eb k\u00ebta<\/p>\n","protected":false},"author":1,"featured_media":715,"comment_status":"open","ping_status":"open","sticky":false,"template":"","format":"standard","meta":{"_acf_changed":false,"pagelayer_contact_templates":[],"_pagelayer_content":"","inline_featured_image":false,"fifu_image_url":"","fifu_image_alt":"","footnotes":""},"categories":[108],"tags":[140,196,212,607],"class_list":["post-714","post","type-post","status-publish","format-standard","has-post-thumbnail","hentry","category-lajme","tag-140","tag-tirane","tag-lajme-d27","tag-promovimepublikime"],"acf":[],"yoast_head":"<!-- This site is optimized with the Yoast SEO plugin v27.2 - https:\/\/yoast.com\/product\/yoast-seo-wordpress\/ -->\n<title>Kan\u00eb dal\u00eb n\u00eb qarkullim kalendar\u00ebt kishtar\u00eb 2014. (Janar 2014) - Kisha Orthodh\u03bfkse Autoqefale e Shqip\u00ebris\u00eb<\/title>\n<meta name=\"robots\" content=\"index, follow, max-snippet:-1, max-image-preview:large, max-video-preview:-1\" \/>\n<link rel=\"canonical\" href=\"https:\/\/orthodoxalbania.org\/2020\/2014\/01\/15\/kane-dale-ne-qarkullim-kalendaret-kishtare-2014\/\" \/>\n<meta property=\"og:locale\" content=\"en_US\" \/>\n<meta property=\"og:type\" content=\"article\" \/>\n<meta property=\"og:title\" content=\"Kan\u00eb dal\u00eb n\u00eb qarkullim kalendar\u00ebt kishtar\u00eb 2014. (Janar 2014) - Kisha Orthodh\u03bfkse Autoqefale e Shqip\u00ebris\u00eb\" \/>\n<meta property=\"og:description\" content=\"&nbsp;&nbsp;&nbsp; Prej disa jav\u00ebsh kan\u00eb dal\u00eb n\u00eb shitje kalendar\u00ebt kishtar\u00eb 2014. N\u00eb kopertin\u00eb ato kan\u00eb afreskun e absid\u00ebs s\u00eb Katedrales s\u00eb re \u201cNgjallja e Krishtit\u201d n\u00eb Tiran\u00eb. &nbsp; &nbsp;&nbsp;&nbsp; Kalendari i Madh shoq\u00ebrohet me tekstin e plot\u00ebsuar me t\u00eb dh\u00ebnat m\u00eb t\u00eb fundit \u201c22 vjet p\u00ebrpjekje krijuese\u201d, ku n\u00eb m\u00ebnyr\u00eb t\u00eb p\u00ebrmbledhur jepet rruga e mrekullueshme e ringritjes nga g\u00ebrmadhat e Kish\u00ebs son\u00eb, n\u00eb k\u00ebta\" \/>\n<meta property=\"og:url\" content=\"https:\/\/orthodoxalbania.org\/2020\/2014\/01\/15\/kane-dale-ne-qarkullim-kalendaret-kishtare-2014\/\" \/>\n<meta property=\"og:site_name\" content=\"Kisha Orthodh\u03bfkse Autoqefale e Shqip\u00ebris\u00eb\" \/>\n<meta property=\"article:publisher\" content=\"https:\/\/www.facebook.com\/koash1991\" \/>\n<meta property=\"article:published_time\" content=\"2014-01-15T11:20:27+00:00\" \/>\n<meta property=\"article:modified_time\" content=\"2020-04-06T20:05:22+00:00\" \/>\n<meta property=\"og:image\" content=\"https:\/\/orthodoxalbania.org\/2020\/wp-content\/uploads\/2020\/04\/page-0.jpg\" \/>\n\t<meta property=\"og:image:width\" content=\"702\" \/>\n\t<meta property=\"og:image:height\" content=\"526\" \/>\n\t<meta property=\"og:image:type\" content=\"image\/jpeg\" \/>\n<meta name=\"author\" content=\"Kisha Orthodhokse\" \/>\n<meta name=\"twitter:card\" content=\"summary_large_image\" \/>\n<meta name=\"twitter:label1\" content=\"Written by\" \/>\n\t<meta name=\"twitter:data1\" content=\"Kisha Orthodhokse\" \/>\n\t<meta name=\"twitter:label2\" content=\"Est. reading time\" \/>\n\t<meta name=\"twitter:data2\" content=\"1 minute\" \/>\n<script type=\"application\/ld+json\" class=\"yoast-schema-graph\">{\"@context\":\"https:\/\/schema.org\",\"@graph\":[{\"@type\":\"Article\",\"@id\":\"https:\/\/orthodoxalbania.org\/2020\/2014\/01\/15\/kane-dale-ne-qarkullim-kalendaret-kishtare-2014\/#article\",\"isPartOf\":{\"@id\":\"https:\/\/orthodoxalbania.org\/2020\/2014\/01\/15\/kane-dale-ne-qarkullim-kalendaret-kishtare-2014\/\"},\"author\":{\"name\":\"Kisha Orthodhokse\",\"@id\":\"https:\/\/orthodoxalbania.org\/2020\/#\/schema\/person\/0c387634a7063ac612d7ed9ce71c7e86\"},\"headline\":\"Kan\u00eb dal\u00eb n\u00eb qarkullim kalendar\u00ebt kishtar\u00eb 2014. (Janar 2014)\",\"datePublished\":\"2014-01-15T11:20:27+00:00\",\"dateModified\":\"2020-04-06T20:05:22+00:00\",\"mainEntityOfPage\":{\"@id\":\"https:\/\/orthodoxalbania.org\/2020\/2014\/01\/15\/kane-dale-ne-qarkullim-kalendaret-kishtare-2014\/\"},\"wordCount\":195,\"commentCount\":0,\"publisher\":{\"@id\":\"https:\/\/orthodoxalbania.org\/2020\/#organization\"},\"image\":{\"@id\":\"https:\/\/orthodoxalbania.org\/2020\/2014\/01\/15\/kane-dale-ne-qarkullim-kalendaret-kishtare-2014\/#primaryimage\"},\"thumbnailUrl\":\"https:\/\/orthodoxalbania.org\/2020\/wp-content\/uploads\/2020\/04\/page-0.jpg\",\"keywords\":[\"2014\",\"Kryepiskopata Tiran\u00eb\",\"lajme\",\"PromovimePublikime\"],\"articleSection\":[\"Lajme\"],\"inLanguage\":\"en-US\"},{\"@type\":\"WebPage\",\"@id\":\"https:\/\/orthodoxalbania.org\/2020\/2014\/01\/15\/kane-dale-ne-qarkullim-kalendaret-kishtare-2014\/\",\"url\":\"https:\/\/orthodoxalbania.org\/2020\/2014\/01\/15\/kane-dale-ne-qarkullim-kalendaret-kishtare-2014\/\",\"name\":\"Kan\u00eb dal\u00eb n\u00eb qarkullim kalendar\u00ebt kishtar\u00eb 2014. (Janar 2014) - Kisha Orthodh\u03bfkse Autoqefale e Shqip\u00ebris\u00eb\",\"isPartOf\":{\"@id\":\"https:\/\/orthodoxalbania.org\/2020\/#website\"},\"primaryImageOfPage\":{\"@id\":\"https:\/\/orthodoxalbania.org\/2020\/2014\/01\/15\/kane-dale-ne-qarkullim-kalendaret-kishtare-2014\/#primaryimage\"},\"image\":{\"@id\":\"https:\/\/orthodoxalbania.org\/2020\/2014\/01\/15\/kane-dale-ne-qarkullim-kalendaret-kishtare-2014\/#primaryimage\"},\"thumbnailUrl\":\"https:\/\/orthodoxalbania.org\/2020\/wp-content\/uploads\/2020\/04\/page-0.jpg\",\"datePublished\":\"2014-01-15T11:20:27+00:00\",\"dateModified\":\"2020-04-06T20:05:22+00:00\",\"breadcrumb\":{\"@id\":\"https:\/\/orthodoxalbania.org\/2020\/2014\/01\/15\/kane-dale-ne-qarkullim-kalendaret-kishtare-2014\/#breadcrumb\"},\"inLanguage\":\"en-US\",\"potentialAction\":[{\"@type\":\"ReadAction\",\"target\":[\"https:\/\/orthodoxalbania.org\/2020\/2014\/01\/15\/kane-dale-ne-qarkullim-kalendaret-kishtare-2014\/\"]}]},{\"@type\":\"ImageObject\",\"inLanguage\":\"en-US\",\"@id\":\"https:\/\/orthodoxalbania.org\/2020\/2014\/01\/15\/kane-dale-ne-qarkullim-kalendaret-kishtare-2014\/#primaryimage\",\"url\":\"https:\/\/orthodoxalbania.org\/2020\/wp-content\/uploads\/2020\/04\/page-0.jpg\",\"contentUrl\":\"https:\/\/orthodoxalbania.org\/2020\/wp-content\/uploads\/2020\/04\/page-0.jpg\",\"width\":702,\"height\":526},{\"@type\":\"BreadcrumbList\",\"@id\":\"https:\/\/orthodoxalbania.org\/2020\/2014\/01\/15\/kane-dale-ne-qarkullim-kalendaret-kishtare-2014\/#breadcrumb\",\"itemListElement\":[{\"@type\":\"ListItem\",\"position\":1,\"name\":\"Home\",\"item\":\"https:\/\/orthodoxalbania.org\/2020\/\"},{\"@type\":\"ListItem\",\"position\":2,\"name\":\"Kan\u00eb dal\u00eb n\u00eb qarkullim kalendar\u00ebt kishtar\u00eb 2014. (Janar 2014)\"}]},{\"@type\":\"WebSite\",\"@id\":\"https:\/\/orthodoxalbania.org\/2020\/#website\",\"url\":\"https:\/\/orthodoxalbania.org\/2020\/\",\"name\":\"Kisha Orthodh\u03bfkse Autoqefale e Shqip\u00ebris\u00eb\",\"description\":\"Fqja Zyrtare e Kish\u00ebs Orthodhokse Autoqefale e Shqip\u00ebris\u00eb me lajmet edhe informacionet zyrtare p\u00ebr struktur\u00ebn edhe veprimtarin e saj.\",\"publisher\":{\"@id\":\"https:\/\/orthodoxalbania.org\/2020\/#organization\"},\"potentialAction\":[{\"@type\":\"SearchAction\",\"target\":{\"@type\":\"EntryPoint\",\"urlTemplate\":\"https:\/\/orthodoxalbania.org\/2020\/?s={search_term_string}\"},\"query-input\":{\"@type\":\"PropertyValueSpecification\",\"valueRequired\":true,\"valueName\":\"search_term_string\"}}],\"inLanguage\":\"en-US\"},{\"@type\":\"Organization\",\"@id\":\"https:\/\/orthodoxalbania.org\/2020\/#organization\",\"name\":\"Kisha Orthodhokse Autoqefale e Shqip\u00ebris\u00eb\",\"url\":\"https:\/\/orthodoxalbania.org\/2020\/\",\"logo\":{\"@type\":\"ImageObject\",\"inLanguage\":\"en-US\",\"@id\":\"https:\/\/orthodoxalbania.org\/2020\/#\/schema\/logo\/image\/\",\"url\":\"https:\/\/orthodoxalbania.org\/2020\/wp-content\/uploads\/2020\/05\/albania.jpeg\",\"contentUrl\":\"https:\/\/orthodoxalbania.org\/2020\/wp-content\/uploads\/2020\/05\/albania.jpeg\",\"width\":540,\"height\":540,\"caption\":\"Kisha Orthodhokse Autoqefale e Shqip\u00ebris\u00eb\"},\"image\":{\"@id\":\"https:\/\/orthodoxalbania.org\/2020\/#\/schema\/logo\/image\/\"},\"sameAs\":[\"https:\/\/www.facebook.com\/koash1991\"]},{\"@type\":\"Person\",\"@id\":\"https:\/\/orthodoxalbania.org\/2020\/#\/schema\/person\/0c387634a7063ac612d7ed9ce71c7e86\",\"name\":\"Kisha Orthodhokse\",\"image\":{\"@type\":\"ImageObject\",\"inLanguage\":\"en-US\",\"@id\":\"https:\/\/secure.gravatar.com\/avatar\/596e7c417251e30f2fbb9c00e026fce61a695a00e51c889caded71c96cbbdde5?s=96&d=mm&r=g\",\"url\":\"https:\/\/secure.gravatar.com\/avatar\/596e7c417251e30f2fbb9c00e026fce61a695a00e51c889caded71c96cbbdde5?s=96&d=mm&r=g\",\"contentUrl\":\"https:\/\/secure.gravatar.com\/avatar\/596e7c417251e30f2fbb9c00e026fce61a695a00e51c889caded71c96cbbdde5?s=96&d=mm&r=g\",\"caption\":\"Kisha Orthodhokse\"}}]}<\/script>\n<!-- \/ Yoast SEO plugin. -->","yoast_head_json":{"title":"Kan\u00eb dal\u00eb n\u00eb qarkullim kalendar\u00ebt kishtar\u00eb 2014. (Janar 2014) - Kisha Orthodh\u03bfkse Autoqefale e Shqip\u00ebris\u00eb","robots":{"index":"index","follow":"follow","max-snippet":"max-snippet:-1","max-image-preview":"max-image-preview:large","max-video-preview":"max-video-preview:-1"},"canonical":"https:\/\/orthodoxalbania.org\/2020\/2014\/01\/15\/kane-dale-ne-qarkullim-kalendaret-kishtare-2014\/","og_locale":"en_US","og_type":"article","og_title":"Kan\u00eb dal\u00eb n\u00eb qarkullim kalendar\u00ebt kishtar\u00eb 2014. (Janar 2014) - Kisha Orthodh\u03bfkse Autoqefale e Shqip\u00ebris\u00eb","og_description":"&nbsp;&nbsp;&nbsp; Prej disa jav\u00ebsh kan\u00eb dal\u00eb n\u00eb shitje kalendar\u00ebt kishtar\u00eb 2014. N\u00eb kopertin\u00eb ato kan\u00eb afreskun e absid\u00ebs s\u00eb Katedrales s\u00eb re \u201cNgjallja e Krishtit\u201d n\u00eb Tiran\u00eb. &nbsp; &nbsp;&nbsp;&nbsp; Kalendari i Madh shoq\u00ebrohet me tekstin e plot\u00ebsuar me t\u00eb dh\u00ebnat m\u00eb t\u00eb fundit \u201c22 vjet p\u00ebrpjekje krijuese\u201d, ku n\u00eb m\u00ebnyr\u00eb t\u00eb p\u00ebrmbledhur jepet rruga e mrekullueshme e ringritjes nga g\u00ebrmadhat e Kish\u00ebs son\u00eb, n\u00eb k\u00ebta","og_url":"https:\/\/orthodoxalbania.org\/2020\/2014\/01\/15\/kane-dale-ne-qarkullim-kalendaret-kishtare-2014\/","og_site_name":"Kisha Orthodh\u03bfkse Autoqefale e Shqip\u00ebris\u00eb","article_publisher":"https:\/\/www.facebook.com\/koash1991","article_published_time":"2014-01-15T11:20:27+00:00","article_modified_time":"2020-04-06T20:05:22+00:00","og_image":[{"width":702,"height":526,"url":"https:\/\/orthodoxalbania.org\/2020\/wp-content\/uploads\/2020\/04\/page-0.jpg","type":"image\/jpeg"}],"author":"Kisha Orthodhokse","twitter_card":"summary_large_image","twitter_misc":{"Written by":"Kisha Orthodhokse","Est. reading time":"1 minute"},"schema":{"@context":"https:\/\/schema.org","@graph":[{"@type":"Article","@id":"https:\/\/orthodoxalbania.org\/2020\/2014\/01\/15\/kane-dale-ne-qarkullim-kalendaret-kishtare-2014\/#article","isPartOf":{"@id":"https:\/\/orthodoxalbania.org\/2020\/2014\/01\/15\/kane-dale-ne-qarkullim-kalendaret-kishtare-2014\/"},"author":{"name":"Kisha Orthodhokse","@id":"https:\/\/orthodoxalbania.org\/2020\/#\/schema\/person\/0c387634a7063ac612d7ed9ce71c7e86"},"headline":"Kan\u00eb dal\u00eb n\u00eb qarkullim kalendar\u00ebt kishtar\u00eb 2014. (Janar 2014)","datePublished":"2014-01-15T11:20:27+00:00","dateModified":"2020-04-06T20:05:22+00:00","mainEntityOfPage":{"@id":"https:\/\/orthodoxalbania.org\/2020\/2014\/01\/15\/kane-dale-ne-qarkullim-kalendaret-kishtare-2014\/"},"wordCount":195,"commentCount":0,"publisher":{"@id":"https:\/\/orthodoxalbania.org\/2020\/#organization"},"image":{"@id":"https:\/\/orthodoxalbania.org\/2020\/2014\/01\/15\/kane-dale-ne-qarkullim-kalendaret-kishtare-2014\/#primaryimage"},"thumbnailUrl":"https:\/\/orthodoxalbania.org\/2020\/wp-content\/uploads\/2020\/04\/page-0.jpg","keywords":["2014","Kryepiskopata Tiran\u00eb","lajme","PromovimePublikime"],"articleSection":["Lajme"],"inLanguage":"en-US"},{"@type":"WebPage","@id":"https:\/\/orthodoxalbania.org\/2020\/2014\/01\/15\/kane-dale-ne-qarkullim-kalendaret-kishtare-2014\/","url":"https:\/\/orthodoxalbania.org\/2020\/2014\/01\/15\/kane-dale-ne-qarkullim-kalendaret-kishtare-2014\/","name":"Kan\u00eb dal\u00eb n\u00eb qarkullim kalendar\u00ebt kishtar\u00eb 2014. (Janar 2014) - Kisha Orthodh\u03bfkse Autoqefale e Shqip\u00ebris\u00eb","isPartOf":{"@id":"https:\/\/orthodoxalbania.org\/2020\/#website"},"primaryImageOfPage":{"@id":"https:\/\/orthodoxalbania.org\/2020\/2014\/01\/15\/kane-dale-ne-qarkullim-kalendaret-kishtare-2014\/#primaryimage"},"image":{"@id":"https:\/\/orthodoxalbania.org\/2020\/2014\/01\/15\/kane-dale-ne-qarkullim-kalendaret-kishtare-2014\/#primaryimage"},"thumbnailUrl":"https:\/\/orthodoxalbania.org\/2020\/wp-content\/uploads\/2020\/04\/page-0.jpg","datePublished":"2014-01-15T11:20:27+00:00","dateModified":"2020-04-06T20:05:22+00:00","breadcrumb":{"@id":"https:\/\/orthodoxalbania.org\/2020\/2014\/01\/15\/kane-dale-ne-qarkullim-kalendaret-kishtare-2014\/#breadcrumb"},"inLanguage":"en-US","potentialAction":[{"@type":"ReadAction","target":["https:\/\/orthodoxalbania.org\/2020\/2014\/01\/15\/kane-dale-ne-qarkullim-kalendaret-kishtare-2014\/"]}]},{"@type":"ImageObject","inLanguage":"en-US","@id":"https:\/\/orthodoxalbania.org\/2020\/2014\/01\/15\/kane-dale-ne-qarkullim-kalendaret-kishtare-2014\/#primaryimage","url":"https:\/\/orthodoxalbania.org\/2020\/wp-content\/uploads\/2020\/04\/page-0.jpg","contentUrl":"https:\/\/orthodoxalbania.org\/2020\/wp-content\/uploads\/2020\/04\/page-0.jpg","width":702,"height":526},{"@type":"BreadcrumbList","@id":"https:\/\/orthodoxalbania.org\/2020\/2014\/01\/15\/kane-dale-ne-qarkullim-kalendaret-kishtare-2014\/#breadcrumb","itemListElement":[{"@type":"ListItem","position":1,"name":"Home","item":"https:\/\/orthodoxalbania.org\/2020\/"},{"@type":"ListItem","position":2,"name":"Kan\u00eb dal\u00eb n\u00eb qarkullim kalendar\u00ebt kishtar\u00eb 2014. (Janar 2014)"}]},{"@type":"WebSite","@id":"https:\/\/orthodoxalbania.org\/2020\/#website","url":"https:\/\/orthodoxalbania.org\/2020\/","name":"Kisha Orthodh\u03bfkse Autoqefale e Shqip\u00ebris\u00eb","description":"Fqja Zyrtare e Kish\u00ebs Orthodhokse Autoqefale e Shqip\u00ebris\u00eb me lajmet edhe informacionet zyrtare p\u00ebr struktur\u00ebn edhe veprimtarin e saj.","publisher":{"@id":"https:\/\/orthodoxalbania.org\/2020\/#organization"},"potentialAction":[{"@type":"SearchAction","target":{"@type":"EntryPoint","urlTemplate":"https:\/\/orthodoxalbania.org\/2020\/?s={search_term_string}"},"query-input":{"@type":"PropertyValueSpecification","valueRequired":true,"valueName":"search_term_string"}}],"inLanguage":"en-US"},{"@type":"Organization","@id":"https:\/\/orthodoxalbania.org\/2020\/#organization","name":"Kisha Orthodhokse Autoqefale e Shqip\u00ebris\u00eb","url":"https:\/\/orthodoxalbania.org\/2020\/","logo":{"@type":"ImageObject","inLanguage":"en-US","@id":"https:\/\/orthodoxalbania.org\/2020\/#\/schema\/logo\/image\/","url":"https:\/\/orthodoxalbania.org\/2020\/wp-content\/uploads\/2020\/05\/albania.jpeg","contentUrl":"https:\/\/orthodoxalbania.org\/2020\/wp-content\/uploads\/2020\/05\/albania.jpeg","width":540,"height":540,"caption":"Kisha Orthodhokse Autoqefale e Shqip\u00ebris\u00eb"},"image":{"@id":"https:\/\/orthodoxalbania.org\/2020\/#\/schema\/logo\/image\/"},"sameAs":["https:\/\/www.facebook.com\/koash1991"]},{"@type":"Person","@id":"https:\/\/orthodoxalbania.org\/2020\/#\/schema\/person\/0c387634a7063ac612d7ed9ce71c7e86","name":"Kisha Orthodhokse","image":{"@type":"ImageObject","inLanguage":"en-US","@id":"https:\/\/secure.gravatar.com\/avatar\/596e7c417251e30f2fbb9c00e026fce61a695a00e51c889caded71c96cbbdde5?s=96&d=mm&r=g","url":"https:\/\/secure.gravatar.com\/avatar\/596e7c417251e30f2fbb9c00e026fce61a695a00e51c889caded71c96cbbdde5?s=96&d=mm&r=g","contentUrl":"https:\/\/secure.gravatar.com\/avatar\/596e7c417251e30f2fbb9c00e026fce61a695a00e51c889caded71c96cbbdde5?s=96&d=mm&r=g","caption":"Kisha Orthodhokse"}}]}},"_links":{"self":[{"href":"https:\/\/orthodoxalbania.org\/2020\/wp-json\/wp\/v2\/posts\/714","targetHints":{"allow":["GET"]}}],"collection":[{"href":"https:\/\/orthodoxalbania.org\/2020\/wp-json\/wp\/v2\/posts"}],"about":[{"href":"https:\/\/orthodoxalbania.org\/2020\/wp-json\/wp\/v2\/types\/post"}],"author":[{"embeddable":true,"href":"https:\/\/orthodoxalbania.org\/2020\/wp-json\/wp\/v2\/users\/1"}],"replies":[{"embeddable":true,"href":"https:\/\/orthodoxalbania.org\/2020\/wp-json\/wp\/v2\/comments?post=714"}],"version-history":[{"count":1,"href":"https:\/\/orthodoxalbania.org\/2020\/wp-json\/wp\/v2\/posts\/714\/revisions"}],"predecessor-version":[{"id":15130,"href":"https:\/\/orthodoxalbania.org\/2020\/wp-json\/wp\/v2\/posts\/714\/revisions\/15130"}],"wp:featuredmedia":[{"embeddable":true,"href":"https:\/\/orthodoxalbania.org\/2020\/wp-json\/wp\/v2\/media\/715"}],"wp:attachment":[{"href":"https:\/\/orthodoxalbania.org\/2020\/wp-json\/wp\/v2\/media?parent=714"}],"wp:term":[{"taxonomy":"category","embeddable":true,"href":"https:\/\/orthodoxalbania.org\/2020\/wp-json\/wp\/v2\/categories?post=714"},{"taxonomy":"post_tag","embeddable":true,"href":"https:\/\/orthodoxalbania.org\/2020\/wp-json\/wp\/v2\/tags?post=714"}],"curies":[{"name":"wp","href":"https:\/\/api.w.org\/{rel}","templated":true}]}}