{"id":711,"date":"2009-03-19T00:00:00","date_gmt":"2009-03-19T00:00:00","guid":{"rendered":""},"modified":"2020-04-06T22:32:35","modified_gmt":"2020-04-06T20:32:35","slug":"kampi-veror-i-vajzave-bariu-i-mire-27-korrik-31-gusht-2009-2009","status":"publish","type":"post","link":"https:\/\/orthodoxalbania.org\/2020\/2009\/03\/19\/kampi-veror-i-vajzave-bariu-i-mire-27-korrik-31-gusht-2009-2009\/","title":{"rendered":"Kampi veror i vajzave \u201cBariu i Mir\u00eb&#8221;, 27 korrik &#8211; 31 gusht 2009. (2009)"},"content":{"rendered":"<div style=\"text-align: center;\"><span style=\"color: #006400;\"><strong><span style=\"font-family: tahoma,geneva,sans-serif;\"><span style=\"font-size: 12px;\"><span class=\"style24\">&#8211; \u201cMe drit\u00ebn T\u00ebnde, do t\u00eb shohim drit\u00eb\u201d &#8211;<br \/> <\/span><\/span><\/span><\/strong><\/span><\/div>\n<table border=\"0\">\n<tbody>\n<tr>\n<td style=\"text-align: justify;\">\n<div>&nbsp;<\/div>\n<\/td>\n<\/tr>\n<\/tbody>\n<\/table>\n<table border=\"0\">\n<tbody>\n<tr>\n<td>\n<div class=\"style23\" style=\"text-align: justify;\"><span style=\"font-family: tahoma,geneva,sans-serif;\"><span style=\"font-size: 12px;\"><span style=\"color: #000000;\">&nbsp;&nbsp;&nbsp;&nbsp;<\/span><\/span><\/span><\/div>\n<div class=\"style23\" style=\"text-align: justify;\"><span style=\"font-family: tahoma,geneva,sans-serif;\"><span style=\"font-size: 12px;\"><span style=\"color: #000000;\">&nbsp;&nbsp;&nbsp; Vera e sivjetshme sh\u00ebnoi vitin e 11- t\u00eb p\u00ebr kampin veror t\u00eb vajzave \u201cBariu i Mir\u00eb\u201d, t\u00eb zhvilluar n\u00eb ambientin e bukur t\u00eb Manastirit t\u00eb Hirsh\u00ebm t\u00eb Sh\u00ebn Joan Vladimirit n\u00eb Elbasan. Ky aktivitet u ofron vajzave pjes\u00ebmarr\u00ebse nga e gjith\u00eb Shqip\u00ebria mund\u00ebsi p\u00ebr njohje dhe p\u00ebrjetim t\u00eb besimit ton\u00eb, rritje &nbsp;shpirt\u00ebrore, miq\u00ebsi brenda komunitetit t\u00eb krishter\u00eb, arg\u00ebtim dhe krijueshm\u00ebri. K\u00ebto kampe zhvillohen me bekimin dhe mb\u00ebshtetjen financiare t\u00eb Kryebariut ton\u00eb Anastas. Teksti i m\u00ebposht\u00ebm tregon p\u00ebr zhvillimin e tre kampeve t\u00eb sivjetshme.<\/span><\/span><\/span><\/div>\n<div class=\"style23\" style=\"text-align: justify;\">&nbsp;<\/div>\n<div class=\"style23\" style=\"text-align: justify;\">&nbsp;<\/div>\n<div class=\"style23\" style=\"text-align: justify;\"><span style=\"font-family: tahoma,geneva,sans-serif;\"><span style=\"font-size: 12px;\"><span style=\"color: #000000;\"><strong>&nbsp;<\/strong><\/span><\/span><\/span><\/div>\n<div class=\"style23\" style=\"text-align: justify;\"><span style=\"color: #b22222;\"><span style=\"font-family: tahoma,geneva,sans-serif;\"><span style=\"font-size: 12px;\"><span class=\"style25\"><strong>&nbsp;&nbsp;&nbsp;&nbsp; Kampi I, <\/strong>27 korrik-5 gusht <\/span><\/span><\/span><\/span><\/div>\n<div class=\"style23\" style=\"text-align: justify;\">&nbsp;<\/div>\n<div class=\"style23\" style=\"text-align: center;\"><span style=\"color: #b22222;\"><span style=\"font-family: tahoma,geneva,sans-serif;\"><span style=\"font-size: 12px;\"><span class=\"style25\"><em>Ti o Krisht drita e bot\u00ebs<\/em><br \/> <em>p\u00ebr mua erdhe t\u00eb m\u00eb ndri\u00e7osh<\/em><br \/> <em>Kish\u00ebn, Misteret Ti m\u00eb dhurove<\/em><br \/> <em>N\u00ebp\u00ebrmjet tyre t\u00eb jetoj.<\/em><\/span><\/span><\/span><\/span><\/div>\n<div class=\"style23\" style=\"text-align: center;\">&nbsp;<\/div>\n<div class=\"style23\" style=\"text-align: center;\">&nbsp;<\/div>\n<div class=\"style23\" style=\"text-align: justify;\"><span style=\"font-family: tahoma,geneva,sans-serif;\"><span style=\"font-size: 12px;\"><span style=\"color: #000000;\">&nbsp;&nbsp;&nbsp; K\u00ebto vargje jan\u00eb shk\u00ebputur nga himni i Kampit t\u00eb vajzave \u201cBariu i Mir\u00eb\u201d i cili mikpriti 75 vajza, t\u00eb mosh\u00ebs 10-12 vje\u00e7, nga Dioqeza e Tiran\u00ebs, Beratit, Kor\u00e7\u00ebs, Gjirokastr\u00ebs nga data 27 korrik deri m\u00eb 5 gusht.<\/span><\/span><\/span><\/div>\n<div class=\"style23\" style=\"text-align: justify;\"> <span style=\"font-family: tahoma,geneva,sans-serif;\"><span style=\"font-size: 12px;\"><span style=\"color: #000000;\">&nbsp;&nbsp;&nbsp; Shpesh jeta na vendos n\u00eb udh\u00ebkryqe t\u00eb shumta dhe t\u00eb ndryshme ku nevojitet drit\u00eb p\u00ebr t\u00eb zgjedhur rrug\u00ebn n\u00eb t\u00eb cil\u00ebn duhet t\u00eb ecim. Drit\u00eb nga drita q\u00eb s\u2019per\u00ebndon, drit\u00eb q\u00eb ndri\u00e7on err\u00ebsir\u00ebn ton\u00eb, drit\u00eb q\u00eb po t\u2019i afrohemi nuk na lejon t\u00eb turp\u00ebrohemi. Kjo drit\u00eb \u00ebsht\u00eb Per\u00ebndia, i cili u mish\u00ebrua p\u00ebr ne dhe na fton q\u00eb t\u00eb b\u00ebhemi bij t\u00eb drit\u00ebs.&nbsp; \u201cMe drit\u00ebn e T\u00ebnde, do t\u00eb shohim drit\u00eb\u201d, ishte tema e kampit p\u00ebr k\u00ebt\u00eb vit, e cila na shoq\u00ebroi gjat\u00eb k\u00ebtyre dhjet\u00eb dit\u00ebve si nj\u00eb thirrje dhe lutje p\u00ebr ndri\u00e7im, q\u00eb duke qen\u00eb pran\u00eb drit\u00ebs t\u00eb mund t\u00eb b\u00ebhemi bijt\u00eb e t\u00eb Lartit.<\/span><\/span><\/span><\/div>\n<div class=\"style23\" style=\"text-align: justify;\"> <span style=\"font-family: tahoma,geneva,sans-serif;\"><span style=\"font-size: 12px;\"><span style=\"color: #000000;\">&nbsp;&nbsp;&nbsp; Gjat\u00eb dit\u00ebve t\u00eb kampit vajzat ndoq\u00ebn nj\u00eb program t\u00eb larmish\u00ebm. Dita fillonte me lutje dhe mbaronte me lutje. Lutjet t\u00eb cilat u kryen n\u00eb kamp ishin M\u00ebngjesore, Paraklis, Pasdark\u00eb, Tipiko, Lutja e Jisuit, Meditimi i mbr\u00ebmjes dhe i m\u00ebngjesit dhe meditime t\u00eb p\u00ebrgatitura nga drejtueset.<\/span><\/span><\/span><\/div>\n<div class=\"style23\" style=\"text-align: justify;\"> <span style=\"font-family: tahoma,geneva,sans-serif;\"><span style=\"font-size: 12px;\"><span style=\"color: #000000;\">&nbsp;&nbsp;&nbsp; Rritja shpirt\u00ebrore e vajzave vazhdonte me m\u00ebsimet e shk\u00ebputura nga libri \u201cKisha rritet\u201d, q\u00eb udh\u00ebzonte drejt q\u00ebllimit t\u00eb kampit, i cili ishte bashkimi yn\u00eb me Per\u00ebndin\u00eb, pjes\u00ebmarrja n\u00eb Misteret e Kish\u00ebs. K\u00ebt\u00eb vit familjes s\u00eb Krishtit iu bashkuan edhe 16 vajza me misterin e Pag\u00ebzimit.<\/span><\/span><\/span><\/div>\n<div class=\"style23\" style=\"text-align: justify;\"> <span style=\"font-family: tahoma,geneva,sans-serif;\"><span style=\"font-size: 12px;\"><span style=\"color: #000000;\">&nbsp;&nbsp;&nbsp; Kontribut t\u00eb ve\u00e7ant\u00eb n\u00eb k\u00ebt\u00eb udh\u00ebtim shpirt\u00ebror p\u00ebrgjat\u00eb dit\u00ebve t\u00eb kampit dhan\u00eb Hir\u00ebsi Nikolla me referatin e tij \u201cEjani tek Ai dhe ndri\u00e7ohuni dhe fytyrat tuaja nuk do t\u00eb turp\u00ebrohen\u201d, Hir\u00ebsi Andoni me tem\u00ebn \u201cLavdi ty q\u00eb na rr\u00ebfeve drit\u00ebn\u201d, At\u00eb Jani Trebicka si at shpirt\u00ebror, At\u00eb Viktori me tem\u00ebn \u201cVeshjet e klerikut dhe en\u00ebt e shenjta\u201d, i cili ishte dhe prifti i kampit si edhe Sonila Rr\u00ebmbeci me informacionet mbi kanalet mediatike t\u00eb Kish\u00ebs son\u00eb, si nj\u00eb informacion shpirt\u00ebror p\u00ebr\u00e7do besimtar.<\/span><\/span><\/span><\/div>\n<div class=\"style23\" style=\"text-align: justify;\"> <span style=\"font-family: tahoma,geneva,sans-serif;\"><span style=\"font-size: 12px;\"><span style=\"color: #000000;\">&nbsp;&nbsp;&nbsp; P\u00ebrve\u00e7 an\u00ebs shpirt\u00ebrore kampi p\u00ebrfshinte edhe an\u00ebn artistike, kulturore, sportive dhe arg\u00ebtuese.<\/span><\/span><\/span><\/div>\n<div class=\"style23\" style=\"text-align: justify;\"> <span style=\"font-family: tahoma,geneva,sans-serif;\"><span style=\"font-size: 12px;\"><span style=\"color: #000000;\">&nbsp;&nbsp;&nbsp; Nj\u00eb shije t\u00eb ve\u00e7ant\u00eb i dhan\u00eb kampit kuarteti i radios \u201cNgjallja\u201d, drejtuar nga Joli Nano, q\u00eb kishte p\u00ebrgatitur nj\u00eb program me k\u00ebng\u00eb tradicionale nga trevat e vendit ton\u00eb.<\/span><\/span><\/span><\/div>\n<div class=\"style23\" style=\"text-align: justify;\"> <span style=\"font-family: tahoma,geneva,sans-serif;\"><span style=\"font-size: 12px;\"><span style=\"color: #000000;\">&nbsp;&nbsp;&nbsp; Nj\u00eb pjes\u00eb tjet\u00ebr e ve\u00e7ant\u00eb e kampit ka qen\u00eb m\u00ebsimi i himneve t\u00eb kishtare edhe drama t\u00eb p\u00ebrgatitura nga vet\u00eb vajzat q\u00eb paraqisnin jet\u00ebt e apostujve, emrat e tet\u00eb prej t\u00eb cil\u00ebve mbanin edhe grupet n\u00eb kampin ton\u00eb.<\/span><\/span><\/span><\/div>\n<div class=\"style23\" style=\"text-align: justify;\"> <span style=\"font-family: tahoma,geneva,sans-serif;\"><span style=\"font-size: 12px;\"><span style=\"color: #000000;\">&nbsp;&nbsp;&nbsp; Nata shqiptare ishte nj\u00eb mbr\u00ebmje e ve\u00e7ant\u00eb ku t\u00eb gjitha grupet do t\u00eb paraqisnin tradit\u00ebn kishtare, artistike, kulturore t\u00eb nj\u00eb qyteti, si Kor\u00e7a, Berati, Elbasani, Tirana, Gjirokastra etj.<\/span><\/span><\/span><\/div>\n<div class=\"style23\" style=\"text-align: justify;\"> <span style=\"font-family: tahoma,geneva,sans-serif;\"><span style=\"font-size: 12px;\"><span style=\"color: #000000;\">&nbsp;&nbsp;&nbsp; Koh\u00eb t\u00ebrheq\u00ebse p\u00ebr vajzat ishte edhe puna e dor\u00ebs. Ato shpreh\u00ebn talentin e tyre duke b\u00ebr\u00eb kryqe me rruaza, kartolina t\u00eb ndryshme, bluza me logo lidhur me tem\u00ebn e kampit etj.<\/span><\/span><\/span><\/div>\n<div class=\"style23\" style=\"text-align: justify;\"> <span style=\"font-family: tahoma,geneva,sans-serif;\"><span style=\"font-size: 12px;\"><span style=\"color: #000000;\">&nbsp;&nbsp;&nbsp; N\u00eb k\u00ebt\u00eb kamp nuk munguan edhe loj\u00ebrat sportive t\u00eb cilat i fut\u00ebn vajzat n\u00eb nj\u00eb konkurrenc\u00eb arg\u00ebtimi dhe miq\u00ebsie, si volejboll, t\u00ebrheqje me litar, loj\u00ebra me tullumbace, loj\u00ebrat e pasditeve.<\/span><\/span><\/span><\/div>\n<div class=\"style23\" style=\"text-align: justify;\"> <span style=\"font-family: tahoma,geneva,sans-serif;\"><span style=\"font-size: 12px;\"><span style=\"color: #000000;\">&nbsp;&nbsp;&nbsp; Dit\u00eb e ve\u00e7ant\u00eb e k\u00ebtij kampi ishte pjes\u00ebmarrja n\u00eb Mesh\u00ebn Hyjnore t\u00eb 2 Gushtit, ku t\u00eb gjitha ne iu bashkuam komunitetit t\u00eb Tiran\u00ebs p\u00ebr t\u00eb kremtuar s\u00eb bashku 17 vjetorin e Fron\u00ebzimit t\u00eb Fortlumturis\u00eb s\u00eb tij, Kryepiskopit Anastas.<\/span><\/span><\/span><\/div>\n<div class=\"style23\" style=\"text-align: justify;\"> <span style=\"font-family: tahoma,geneva,sans-serif;\"><span style=\"font-size: 12px;\"><span style=\"color: #000000;\">&nbsp;&nbsp;&nbsp; Programi i kampit t\u00eb par\u00eb t\u00eb vajzave u mbyll me lutje fal\u00ebnderimi p\u00ebr Per\u00ebndin\u00eb p\u00ebr k\u00ebt\u00eb bekim q\u00eb na dha dhe p\u00ebr t\u00eb gjith\u00eb ata q\u00eb mund\u00ebsuan realizimin e tij.&nbsp; Fal\u00ebnderojm\u00eb p\u00ebrzem\u00ebrsisht kryebariun ton\u00eb Anastas, i cili financon edhe mb\u00ebshtet kampin e vajzave. Fal\u00ebnderojm\u00eb gjithashtu edhe grupin organizues t\u00eb p\u00ebrb\u00ebr\u00eb nga vajzat e Akademis\u00eb Teologjike \u201cNgjallja e Krishtit\u201d n\u00eb Durr\u00ebs, vajzat e Qendr\u00ebs Studentore t\u00eb Kish\u00ebs son\u00eb n\u00eb Tiran\u00eb si edhe t\u00eb Rinis\u00eb s\u00eb Tiran\u00ebs. Me nj\u00eb rip\u00ebrt\u00ebritje t\u00eb thell\u00eb shpirt\u00ebrore vajzat u larguan nga kampi me mir\u00ebnjohje dhe lot n\u00eb sy duke uruar nj\u00ebra-tjetr\u00ebn \u201cmir\u00eb u takofshim n\u00eb vitin tjet\u00ebr\u201d.<\/span><\/span><\/span><\/div>\n<div class=\"style23\" style=\"text-align: justify;\">&nbsp;<\/div>\n<div class=\"style23\" style=\"text-align: justify;\"><span style=\"font-family: tahoma,geneva,sans-serif;\"><span style=\"font-size: 12px;\"><span style=\"color: #000000;\">&nbsp;&nbsp;&nbsp; Drejtueset e kampit t\u00eb par\u00eb<br \/> &nbsp;&nbsp;&nbsp; <strong>Elisabeta Shqau<\/strong><br \/> &nbsp;&nbsp;&nbsp; <strong>Parashqevi Gega<\/strong><\/span><\/span><\/span><\/div>\n<div class=\"style23\" style=\"text-align: justify;\">&nbsp;<\/div>\n<div class=\"style23\" style=\"text-align: justify;\">&nbsp;<\/div>\n<div class=\"style23\" style=\"text-align: justify;\"><span style=\"color: #b22222;\"><span style=\"font-family: tahoma,geneva,sans-serif;\"><span style=\"font-size: 12px;\"><span class=\"style25\"><strong>&nbsp;&nbsp;&nbsp; Kampi II,&nbsp; <\/strong>7-18 Gusht 2009<\/span><\/span><\/span><\/span><\/div>\n<div class=\"style23\" style=\"text-align: justify;\">&nbsp;<\/div>\n<div class=\"style23\" style=\"text-align: justify;\"><span style=\"font-family: tahoma,geneva,sans-serif;\"><span style=\"font-size: 12px;\"><span style=\"color: #000000;\">&nbsp;&nbsp;&nbsp; N\u00eb kamp, nga data 7-18 gusht, mor\u00ebn pjes\u00eb rreth 70 vajza, t\u00eb mosh\u00ebs 13-15 vje\u00e7are, nga rrethe t\u00eb ndryshme t\u00eb Shqip\u00ebris\u00eb, t\u00eb cilat gjat\u00eb k\u00ebsaj periudhe u ndan\u00eb n\u00eb 7 grupe, q\u00eb em\u00ebrtoheshin me emrat e 7 prej 12 apostujve.<\/span><\/span><\/span><\/div>\n<div class=\"style23\" style=\"text-align: justify;\"> <span style=\"font-family: tahoma,geneva,sans-serif;\"><span style=\"font-size: 12px;\"><span style=\"color: #000000;\">&nbsp;&nbsp;&nbsp; \u00c7do dit\u00eb t\u00eb kampit vajzat i priste nj\u00eb program mjaft i larmish\u00ebm, i cili fillonte dhe mbaronte me lutje nga m\u00eb t\u00eb ndryshmet, si M\u00ebngjesore, Paraklis, Pasdark\u00eb, Lutje e Jisuit, kuror\u00ebzimi i t\u00eb cilave ishin Liturgjit\u00eb Hyjnore.<\/span><\/span><\/span><\/div>\n<div class=\"style23\" style=\"text-align: justify;\"> <span style=\"font-family: tahoma,geneva,sans-serif;\"><span style=\"font-size: 12px;\"><span style=\"color: #000000;\">&nbsp;&nbsp;&nbsp; Prej drejtueseve t\u00eb kampit u p\u00ebrgatit\u00ebn disa meditime dhe studime biblike, me tema t\u00eb marra nga Ungjilli ose Apostulli i dit\u00ebs, nga libri \u201cPajtimi yn\u00eb me Per\u00ebndin\u00eb\u201d etj. P\u00ebrve\u00e7 k\u00ebtyre n\u00eb kamp u mbajt\u00ebn edhe disa tema nga referues t\u00eb ve\u00e7ant\u00eb, q\u00eb erdh\u00ebn p\u00ebr t\u00eb na vizituar, nd\u00ebr ta mund t\u00eb p\u00ebrmendim Hir\u00ebsi Andonin, Hir\u00ebsi Nikoll\u00ebn, Pamela Barksdale, Sonila Rr\u00ebmbeci.<\/span><\/span><\/span><\/div>\n<div class=\"style23\" style=\"text-align: justify;\"> <span style=\"font-family: tahoma,geneva,sans-serif;\"><span style=\"font-size: 12px;\"><span style=\"color: #000000;\">&nbsp;&nbsp;&nbsp; R\u00ebnd\u00ebsi e ve\u00e7ant\u00eb iu kushtua dhe Misterit t\u00eb Rr\u00ebfimit, q\u00eb u krye nga At\u00eb Justini.<\/span><\/span><\/span><\/div>\n<div class=\"style23\" style=\"text-align: justify;\"> <span style=\"font-family: tahoma,geneva,sans-serif;\"><span style=\"font-size: 12px;\"><span style=\"color: #000000;\">&nbsp;&nbsp;&nbsp; Risi p\u00ebr kampin ishin temat sociale, si jeta n\u00eb familje, dhuna, trajtimi i personave me HIV\/Aids dhe martesa midis sekseve te nj\u00ebjta. Ato u zhvilluan nga vet\u00eb vajzat, n\u00eb form\u00eb dramash dhe diskutimi. Gjithashtu kemi dhe momentin e shfaqjes s\u00eb talenteve, ku t\u00eb gjitha vajzave iu dha mund\u00ebsia t\u00eb shfaqnin talentet e tyre, si p\u00ebr shembull n\u00eb muzik\u00eb dhe n\u00eb piktur\u00eb dhe disa prej tyre u mor\u00ebn me zbukurimin e ambienteve t\u00eb kampit.<\/span><\/span><\/span><\/div>\n<div class=\"style23\" style=\"text-align: justify;\"> <span style=\"font-family: tahoma,geneva,sans-serif;\"><span style=\"font-size: 12px;\"><span style=\"color: #000000;\">&nbsp;&nbsp;&nbsp; Ve\u00e7 k\u00ebtyre u zhvilluan edhe shum\u00eb aktivitete t\u00eb tjera, si pun\u00ebt rreth kampit, puna e dor\u00ebs, loj\u00ebra, kokteil, zjarri i mbr\u00ebmjes, u shfaq\u00ebn disa filma dhe dokumentar\u00eb, gjithashtu u zhvillua dhe Nata Shqiptare. Gjat\u00eb k\u00ebsaj nate secili nga grupet prezantoi nj\u00eb nga qytetet e Shqip\u00ebris\u00eb, nga ana historike, fetare e kulturore. Secili nga grupet prezantoi me drama jet\u00ebn e apostullit t\u00eb grupit t\u00eb tyre, duke paraqitur dhe troparin e secilit apostull.<\/span><\/span><\/span><\/div>\n<div class=\"style23\" style=\"text-align: justify;\"> <span style=\"font-family: tahoma,geneva,sans-serif;\"><span style=\"font-size: 12px;\"><span style=\"color: #000000;\">&nbsp;&nbsp;&nbsp; G\u00ebzim i madh p\u00ebr kampin ishte dhe Misteri i Pag\u00ebzimit, q\u00eb u krye nga At\u00eb Viktor B\u00ebrdufi. U pag\u00ebzuan 11 vajza.<\/span><\/span><\/span><\/div>\n<div class=\"style23\" style=\"text-align: justify;\"> <span style=\"font-family: tahoma,geneva,sans-serif;\"><span style=\"font-size: 12px;\"><span style=\"color: #000000;\">&nbsp;&nbsp;&nbsp; N\u00eb 15 Gusht t\u00eb gjitha s\u00eb bashku shkuam p\u00ebr t\u00eb vizituar Manastirin e hirsh\u00ebm t\u00eb Sh\u00ebn Vlashit. Aty mor\u00ebm pjes\u00eb n\u00eb Liturgjin\u00eb Hyjnore, t\u00eb drejtuar prej Hir\u00ebsi Nikoll\u00ebs. Pas Liturgjis\u00eb Hyjnore vizituam ambientet e Manastirit dhe t\u00eb Akademis\u00eb Teologjike \u201cNgjallja e Krishtit\u201d, pas k\u00ebtyre vizitave iu drejtuam plazhit dhe kaluam nj\u00eb pasdite t\u00eb k\u00ebndshme.<\/span><\/span><\/span><\/div>\n<div class=\"style23\" style=\"text-align: justify;\"> <span style=\"font-family: tahoma,geneva,sans-serif;\"><span style=\"font-size: 12px;\"><span style=\"color: #000000;\">&nbsp;&nbsp;&nbsp; Programi u mbyll n\u00eb mbr\u00ebmjen e 17 Gushtit, me nj\u00eb lutje t\u00eb ve\u00e7ant\u00eb, t\u00eb b\u00ebr\u00eb nga vet\u00eb vajzat, gjat\u00eb s\u00eb cil\u00ebs ato fal\u00ebnderuan Per\u00ebndin\u00eb p\u00ebr mund\u00ebsin\u00eb q\u00eb iu dha t\u00eb merrnin pjes\u00eb n\u00eb kampin e Kish\u00ebs Orthodhokse, p\u00ebr shoq\u00ebrin\u00eb e mrekullueshme q\u00eb njoh\u00ebn aty dhe jet\u00ebn s\u00eb bashku si nj\u00eb komunitet i krishter\u00eb.<\/span><\/span><\/span><\/div>\n<div class=\"style23\" style=\"text-align: justify;\"> <span style=\"font-family: tahoma,geneva,sans-serif;\"><span style=\"font-size: 12px;\"><span style=\"color: #000000;\">&nbsp;&nbsp;&nbsp; Edhe ne bashk\u00eb me vajzat fal\u00ebnderojm\u00eb Per\u00ebndin\u00eb, q\u00eb na bekoi n\u00eb k\u00ebto 12 dit\u00eb t\u00eb udh\u00ebtojm\u00eb s\u00eb bashku. Fal\u00ebnderim i ve\u00e7ant\u00eb dhe p\u00ebr Kryebariun ton\u00eb, Kryepiskopin Anastas, i cili na besoi k\u00ebt\u00eb sh\u00ebrbes\u00eb t\u00eb r\u00ebnd\u00ebsishme. Fal\u00ebnderojm\u00eb dhe t\u00eb gjith\u00eb ata q\u00eb mund\u00ebsuan realizimin e k\u00ebtij kampi, ve\u00e7an\u00ebrisht drejtueset t\u00eb ardhura nga Akademia Teologjike, Qendra Studentore Tiran\u00eb dhe Grupi Rinor i Durr\u00ebsit.<\/span><\/span><\/span><\/div>\n<div class=\"style23\" style=\"text-align: justify;\">&nbsp;<\/div>\n<div class=\"style23\" style=\"text-align: justify;\">&nbsp;<\/div>\n<div class=\"style23\" style=\"text-align: justify;\"><span style=\"font-family: tahoma,geneva,sans-serif;\"><span style=\"font-size: 12px;\"><span style=\"color: #000000;\">&nbsp;&nbsp;&nbsp; Drejtueset e kampit t\u00eb dyt\u00eb<br \/> &nbsp;&nbsp;&nbsp; <strong>Varvara Bo\u00e7o<\/strong><br \/> &nbsp;&nbsp;&nbsp; <strong>Nestilda Dangaj<\/strong><\/span><\/span><\/span><\/div>\n<div class=\"style23\" style=\"text-align: justify;\"><span style=\"font-family: tahoma,geneva,sans-serif;\"><span style=\"font-size: 12px;\"><span style=\"color: #000000;\"><strong>&nbsp;<\/strong><\/span><\/span><\/span><\/div>\n<div class=\"style23\" style=\"text-align: justify;\">&nbsp;<\/div>\n<div class=\"style23\" style=\"text-align: justify;\"><span style=\"color: #b22222;\"><span style=\"font-family: tahoma,geneva,sans-serif;\"><span style=\"font-size: 12px;\"><span class=\"style25\"><strong>&nbsp;&nbsp;&nbsp; Kampi III,&nbsp; <\/strong>20-31 Gusht 2009<\/span><\/span><\/span><\/span><\/div>\n<div class=\"style23\" style=\"text-align: justify;\">&nbsp;<\/div>\n<div class=\"style23\" style=\"text-align: justify;\"><span style=\"font-family: tahoma,geneva,sans-serif;\"><span style=\"font-size: 12px;\"><span style=\"color: #000000;\">&nbsp;&nbsp;&nbsp; Kampi i tret\u00eb i k\u00ebtij viti, i kryer nga 20-31 Gusht, sh\u00ebnoi dhe kampin e 33 t\u00eb organizuar n\u00eb k\u00ebt\u00eb ambient. K\u00ebt\u00eb vit ky kamp mblodhi brenda tij rreth 60 vajza nga vende t\u00eb ndryshme t\u00eb vendit ton\u00eb, si Kor\u00e7a, Delvina, Gjirokastra, Vlora, Elbasani, Fieri etj.<\/span><\/span><\/span><\/div>\n<div class=\"style23\" style=\"text-align: justify;\"> <span style=\"font-family: tahoma,geneva,sans-serif;\"><span style=\"font-size: 12px;\"><span style=\"color: #000000;\">&nbsp;&nbsp;&nbsp; Duke njohur nga af\u00ebr nevojat e t\u00eb rinjve kampi kishtar me bekimin e Kryebariut ton\u00eb Anastas ofron mund\u00ebsin\u00eb tek secila kampiste t\u00eb p\u00ebrvet\u00ebsoj\u00eb t\u00eb v\u00ebrtetat e besimit orthodhoks dhe t\u00eb jetoj\u00eb n\u00eb p\u00ebrputhje me to.<\/span><\/span><\/span><\/div>\n<div class=\"style23\" style=\"text-align: justify;\"> <span style=\"font-family: tahoma,geneva,sans-serif;\"><span style=\"font-size: 12px;\"><span style=\"color: #000000;\">&nbsp;&nbsp;&nbsp; Kampi i fton vajzat n\u00eb nj\u00eb bashk\u00ebpunim krijues t\u00eb Kish\u00ebs me brezin e ri. Ato ushtrohen n\u00eb nj\u00eb jet\u00eb t\u00eb p\u00ebrbashk\u00ebt me shoq\u00ebri dhe iniciativa t\u00eb reja drejt nj\u00eb jete me p\u00ebrgjegj\u00ebsi.<\/span><\/span><\/span><\/div>\n<div class=\"style23\" style=\"text-align: justify;\"> <span style=\"font-family: tahoma,geneva,sans-serif;\"><span style=\"font-size: 12px;\"><span style=\"color: #000000;\">&nbsp;&nbsp;&nbsp;&nbsp; Programi i kampit na ftonte t\u00eb jetonim, t\u00eb ecnim, t\u00eb vepronim dhe t\u00eb imitonim Krishtin si drit\u00ebn e v\u00ebrtet\u00eb t\u00eb bot\u00ebs. Prandaj i kushtuam nj\u00eb koh\u00eb t\u00eb ve\u00e7ant\u00eb lutjeve t\u00eb ndryshme, studimit biblik, liturgjis\u00eb hyjnore, pag\u00ebzimit, misterit t\u00eb rr\u00ebfimit, agripnis\u00eb si dhe referateve q\u00eb na m\u00ebsuan shum\u00eb mbi drit\u00ebn e Krishtit dhe t\u00eb qenit drit\u00eb n\u00eb k\u00ebt\u00eb bot\u00eb. K\u00ebto referate&nbsp; u mbajt\u00ebn nga, Hir\u00ebsi Nikolla, Hir\u00ebsi Andoni, Pamela Barksdale, Rozeta Baba, Ekaterina Papadhopuli etj.<\/span><\/span><\/span><\/div>\n<div class=\"style23\" style=\"text-align: justify;\"> <span style=\"font-family: tahoma,geneva,sans-serif;\"><span style=\"font-size: 12px;\"><span style=\"color: #000000;\">&nbsp;&nbsp;&nbsp;&nbsp; I frym\u00ebzuar nga m\u00ebsimi e Ungjillit tek Mattheu 25:31-46 dhe nga th\u00ebnia e Kryebariut ton\u00eb \u201cLiturgji pas Liturgjis\u00eb\u201d, kampi organizoi vizita baritore tek familjet n\u00eb nevoj\u00eb, tek njer\u00ebzit me aft\u00ebsi t\u00eb kufizuara, n\u00eb spitalin e f\u00ebmij\u00ebve, n\u00eb azil dhe n\u00eb qendr\u00ebn rehabilituese.<\/span><\/span><\/span><\/div>\n<div class=\"style23\" style=\"text-align: justify;\"> <span style=\"font-family: tahoma,geneva,sans-serif;\"><span style=\"font-size: 12px;\"><span style=\"color: #000000;\">&nbsp;&nbsp;&nbsp; \u00c7do pasdite n\u00eb koh\u00ebn e kokteilit vajzat paraqitnin drama dhe diskutonin p\u00ebr \u00e7\u00ebshtje sociale si: Dhuna n\u00eb familje, aborti, racizmi etj. Pas diskutimit mbi \u00e7\u00ebshtjet p\u00ebrkat\u00ebse, mbyllnim tem\u00ebn me ato \u00e7far\u00eb Zoti thot\u00eb rreth tyre, sepse t\u00eb gjitha ato q\u00eb ndodhin rreth nesh e kan\u00eb p\u00ebrgjigjen dhe zgjidhjen n\u00eb Shkrimin e Shenjt\u00eb.<\/span><\/span><\/span><\/div>\n<div class=\"style23\" style=\"text-align: justify;\"> <span style=\"font-family: tahoma,geneva,sans-serif;\"><span style=\"font-size: 12px;\"><span style=\"color: #000000;\">&nbsp;&nbsp;&nbsp; Ekskursioni i kryer n\u00eb Manastirin e Hirsh\u00ebm t\u00eb Sh\u00ebn Vlashit, ishte njohja dhe prekja e nj\u00eb mrekullie t\u00eb ringjalljes s\u00eb kish\u00ebs son\u00eb. Sh\u00ebtitja n\u00eb mal dhe n\u00eb lumin pran\u00eb Manastirit t\u00eb Sh\u00ebn Joan Vladimirit na ofroi n\u00eb kontakt me krijimin e mrekulluesh\u00ebm t\u00eb Per\u00ebndis\u00eb.<\/span><\/span><\/span><\/div>\n<div class=\"style23\" style=\"text-align: justify;\"> <span style=\"font-family: tahoma,geneva,sans-serif;\"><span style=\"font-size: 12px;\"><span style=\"color: #000000;\">&nbsp;&nbsp;&nbsp; Konkursi sportiv, konkursi Biblik, gara humoristike, dramat n\u00eb lidhje me jet\u00ebn e apostujve, emrat e t\u00eb cil\u00ebve mbanin grupet n\u00eb kamp, m\u00ebsimi i himneve kishtare, punimet e dor\u00ebs si: komboskini, byzylyk, q\u00ebndisje etj. ishin pjes\u00eb krijuese e programi t\u00eb kampit.<\/span><\/span><\/span><\/div>\n<div class=\"style23\" style=\"text-align: justify;\"> <span style=\"font-family: tahoma,geneva,sans-serif;\"><span style=\"font-size: 12px;\"><span style=\"color: #000000;\">&nbsp;&nbsp;&nbsp;&nbsp; T\u00eb gjitha vajzat pjes\u00ebmarr\u00ebse u pajis\u00ebn me dosje e cila p\u00ebrmbante: Shkrimin e Shenjt\u00eb, librin \u201cPajtimi yn\u00eb me Per\u00ebndin\u00eb\u201d, sh\u00ebrbesat e M\u00ebngjesores, Paraklisit t\u00eb vog\u00ebl t\u00eb s\u00eb T\u00ebr\u00ebshenjt\u00ebs Mari, Pasdark\u00ebs, Tipikos\u00eb, dhe broshura t\u00eb ndryshme n\u00eb lidhje me \u00e7\u00ebshtjet sociale e sh\u00ebndet\u00ebsore. Gjithashtu si kujtim mor\u00ebn me vete punimet e tyre t\u00eb dor\u00ebs si dhe fotografi nga kampi.<\/span><\/span><\/span><\/div>\n<div class=\"style23\" style=\"text-align: justify;\"> <span style=\"font-family: tahoma,geneva,sans-serif;\"><span style=\"font-size: 12px;\"><span style=\"color: #000000;\">&nbsp;&nbsp;&nbsp;&nbsp; Ky udh\u00ebtim 12 ditor kishte si q\u00ebllim rritjen shpirt\u00ebrore t\u00eb vajzave p\u00ebr&nbsp; nj\u00eb fillim t\u00eb ri n\u00eb Krishtin dhe p\u00ebrhapjen e Drit\u00ebs s\u00eb Tij.<\/span><\/span><\/span><\/div>\n<div class=\"style23\" style=\"text-align: justify;\">&nbsp;<\/div>\n<div class=\"style23\" style=\"text-align: justify;\"><span style=\"font-family: tahoma,geneva,sans-serif;\"><span style=\"font-size: 12px;\"><span style=\"color: #000000;\">&nbsp;&nbsp;&nbsp; Drejtuesja e kampit t\u00eb tret\u00eb<\/span><\/span><\/span><\/div>\n<div class=\"style23\" style=\"text-align: justify;\"> <span style=\"font-family: tahoma,geneva,sans-serif;\"><span style=\"font-size: 12px;\"><span style=\"color: #000000;\">&nbsp;&nbsp;&nbsp; <strong>Marina Baba<\/strong><\/span><\/span><\/span><\/div>\n<div class=\"style23\" style=\"text-align: justify;\">&nbsp;<\/div>\n<div class=\"style23\" style=\"text-align: justify;\">&nbsp;<\/div>\n<div class=\"style23\"><img decoding=\"async\" class=\"lazyload HAa Eha\" style=\"height: 225px; width: 300px; border-width: 1px; border-style: solid; margin: 10px auto; display: block;\" alt=\"\" src=\"data:image\/gif;base64,R0lGODlhAQABAAAAACH5BAEKAAEALAAAAAABAAEAAAICTAEAOw==\" data-orig-src=\"https:\/\/lh3.googleusercontent.com\/-LCUpQfgTRYE\/VJU42eD2xaI\/AAAAAAAAJVQ\/TGOIL9qo6SY\/w958-h719-no\/01.JPG\" \/><\/div>\n<div class=\"style23\" style=\"text-align: justify;\">&nbsp;<\/div>\n<div class=\"style23\"><img decoding=\"async\" class=\"lazyload HAa Eha\" style=\"height: 225px; width: 300px; border-width: 1px; border-style: solid; margin: 10px auto; display: block;\" alt=\"\" src=\"data:image\/gif;base64,R0lGODlhAQABAAAAACH5BAEKAAEALAAAAAABAAEAAAICTAEAOw==\" data-orig-src=\"https:\/\/lh3.googleusercontent.com\/-mU3965ByG6M\/VJU43FO4fEI\/AAAAAAAAJVU\/7HEDuKtv474\/w640-h480-no\/04.JPG\" \/><\/div>\n<div class=\"style23\" style=\"text-align: justify;\">&nbsp;<\/div>\n<div class=\"style23\"><img decoding=\"async\" class=\"lazyload HAa Eha\" style=\"height: 225px; width: 300px; border-width: 1px; border-style: solid; margin: 10px auto; display: block;\" alt=\"\" src=\"data:image\/gif;base64,R0lGODlhAQABAAAAACH5BAEKAAEALAAAAAABAAEAAAICTAEAOw==\" data-orig-src=\"https:\/\/lh4.googleusercontent.com\/-gjGTkIYeobA\/VJU48o62IhI\/AAAAAAAAJWU\/yR1USGoOt9Q\/w958-h719-no\/11.JPG\" \/><\/div>\n<div class=\"style23\" style=\"text-align: justify;\">&nbsp;<\/div>\n<div class=\"style23\"><img decoding=\"async\" class=\"lazyload HAa Eha\" style=\"height: 225px; width: 300px; border-width: 1px; border-style: solid; margin: 10px auto; display: block;\" alt=\"\" src=\"data:image\/gif;base64,R0lGODlhAQABAAAAACH5BAEKAAEALAAAAAABAAEAAAICTAEAOw==\" data-orig-src=\"https:\/\/lh3.googleusercontent.com\/-tewNPc9P5Bs\/VJU5AnVVSUI\/AAAAAAAAJW0\/PmScHKgo7nA\/w958-h719-no\/15.JPG\" \/><\/div>\n<div class=\"style23\" style=\"text-align: justify;\">&nbsp;<\/div>\n<div class=\"style23\"><img decoding=\"async\" class=\"lazyload HAa Eha\" style=\"height: 225px; width: 300px; border-width: 1px; border-style: solid; margin: 10px auto; display: block;\" alt=\"\" src=\"data:image\/gif;base64,R0lGODlhAQABAAAAACH5BAEKAAEALAAAAAABAAEAAAICTAEAOw==\" data-orig-src=\"https:\/\/lh4.googleusercontent.com\/--VBVSAAcVJY\/VJU5FYaXO-I\/AAAAAAAAJXY\/vr02ZPLsPhE\/w958-h719-no\/19.JPG\" \/><\/div>\n<div class=\"style23\" style=\"text-align: justify;\">&nbsp;<\/div>\n<div class=\"style23\"><img decoding=\"async\" class=\"lazyload HAa Eha\" style=\"height: 225px; width: 300px; border-width: 1px; border-style: solid; margin: 10px auto; display: block;\" alt=\"\" src=\"data:image\/gif;base64,R0lGODlhAQABAAAAACH5BAEKAAEALAAAAAABAAEAAAICTAEAOw==\" data-orig-src=\"https:\/\/lh4.googleusercontent.com\/-QABazvvv8t8\/VJU5I5HlDmI\/AAAAAAAAJX0\/JIibXX5UlME\/w958-h719-no\/23.JPG\" \/><\/div>\n<div class=\"style23\" style=\"text-align: justify;\">&nbsp;<\/div>\n<div class=\"style23\"><img decoding=\"async\" class=\"lazyload HAa Eha\" style=\"height: 225px; width: 300px; border-width: 1px; border-style: solid; margin: 10px auto; display: block;\" alt=\"\" src=\"data:image\/gif;base64,R0lGODlhAQABAAAAACH5BAEKAAEALAAAAAABAAEAAAICTAEAOw==\" data-orig-src=\"https:\/\/lh5.googleusercontent.com\/-F4IRBGKYNR8\/VJU5Ym7jDOI\/AAAAAAAAJZw\/eZQQioFMMuQ\/w958-h719-no\/38.JPG\" \/><\/div>\n<div class=\"style23\" style=\"text-align: justify;\">&nbsp;<\/div>\n<div class=\"style23\"><img decoding=\"async\" class=\"lazyload HAa Eha\" style=\"height: 225px; width: 300px; border-width: 1px; border-style: solid; margin: 10px auto; display: block;\" alt=\"\" src=\"data:image\/gif;base64,R0lGODlhAQABAAAAACH5BAEKAAEALAAAAAABAAEAAAICTAEAOw==\" data-orig-src=\"https:\/\/lh4.googleusercontent.com\/-ZQ1aNeMeIZE\/VJU5aXx36DI\/AAAAAAAAJZ8\/xKd8Aw2devQ\/w958-h719-no\/40.JPG\" \/><\/div>\n<div class=\"style23\" style=\"text-align: justify;\">&nbsp;<\/div>\n<div class=\"style23\"><img decoding=\"async\" class=\"lazyload HAa Eha\" style=\"height: 225px; width: 300px; border-width: 1px; border-style: solid; margin: 10px auto; display: block;\" alt=\"\" src=\"data:image\/gif;base64,R0lGODlhAQABAAAAACH5BAEKAAEALAAAAAABAAEAAAICTAEAOw==\" data-orig-src=\"https:\/\/lh5.googleusercontent.com\/-GLYFM_BqDrc\/VJU5gKbpFrI\/AAAAAAAAJas\/b8qKchan2Hg\/w958-h719-no\/46.JPG\" \/><\/div>\n<div class=\"style23\" style=\"text-align: justify;\">&nbsp;<\/div>\n<div class=\"style23\"><img decoding=\"async\" class=\"lazyload HAa Eha\" style=\"border-width: 1px; border-style: solid; margin: 10px auto; display: block;\" alt=\"\" src=\"data:image\/svg+xml,%3Csvg%20xmlns%3D%27http%3A%2F%2Fwww.w3.org%2F2000%2Fsvg%27%20width%3D%27326%27%20height%3D%27219%27%20viewBox%3D%270%200%20326%20219%27%3E%3Crect%20width%3D%27326%27%20height%3D%27219%27%20fill-opacity%3D%220%22%2F%3E%3C%2Fsvg%3E\" data-orig-src=\"https:\/\/lh5.googleusercontent.com\/-gHeyUNCzAGM\/VJU5iHb0z6I\/AAAAAAAAJa4\/mmKZ_VjyHn0\/w958-h639-no\/48.JPG\" height=\"219\" width=\"326\" \/><\/div>\n<div class=\"style23\" style=\"text-align: justify;\">&nbsp;<\/div>\n<div class=\"style23\" style=\"text-align: justify;\">&nbsp;<\/div>\n<\/td>\n<\/tr>\n<\/tbody>\n<\/table>\n","protected":false},"excerpt":{"rendered":"<p>&#8211; \u201cMe drit\u00ebn T\u00ebnde, do t\u00eb shohim drit\u00eb\u201d &#8211; &nbsp; &nbsp;&nbsp;&nbsp;&nbsp; &nbsp;&nbsp;&nbsp; Vera e sivjetshme sh\u00ebnoi vitin e 11- t\u00eb p\u00ebr kampin veror t\u00eb vajzave \u201cBariu i Mir\u00eb\u201d, t\u00eb zhvilluar n\u00eb ambientin e bukur t\u00eb Manastirit t\u00eb Hirsh\u00ebm t\u00eb Sh\u00ebn Joan Vladimirit n\u00eb Elbasan. Ky aktivitet u ofron vajzave pjes\u00ebmarr\u00ebse nga e gjith\u00eb Shqip\u00ebria mund\u00ebsi p\u00ebr njohje dhe p\u00ebrjetim t\u00eb besimit ton\u00eb, rritje &nbsp;shpirt\u00ebrore, miq\u00ebsi<\/p>\n","protected":false},"author":1,"featured_media":0,"comment_status":"open","ping_status":"open","sticky":false,"template":"","format":"standard","meta":{"_acf_changed":false,"pagelayer_contact_templates":[],"_pagelayer_content":"","inline_featured_image":false,"fifu_image_url":"","fifu_image_alt":"","footnotes":""},"categories":[108],"tags":[145,200,196,212,176],"class_list":["post-711","post","type-post","status-publish","format-standard","hentry","category-lajme","tag-145","tag-kampe-verore","tag-tirane","tag-lajme-d27","tag-rinia-orthodhokse"],"acf":[],"yoast_head":"<!-- This site is optimized with the Yoast SEO plugin v27.2 - https:\/\/yoast.com\/product\/yoast-seo-wordpress\/ -->\n<title>Kampi veror i vajzave \u201cBariu i Mir\u00eb&quot;, 27 korrik - 31 gusht 2009. (2009) - Kisha Orthodh\u03bfkse Autoqefale e Shqip\u00ebris\u00eb<\/title>\n<meta name=\"robots\" content=\"index, follow, max-snippet:-1, max-image-preview:large, max-video-preview:-1\" \/>\n<link rel=\"canonical\" href=\"https:\/\/orthodoxalbania.org\/2020\/2009\/03\/19\/kampi-veror-i-vajzave-bariu-i-mire-27-korrik-31-gusht-2009-2009\/\" \/>\n<meta property=\"og:locale\" content=\"en_US\" \/>\n<meta property=\"og:type\" content=\"article\" \/>\n<meta property=\"og:title\" content=\"Kampi veror i vajzave \u201cBariu i Mir\u00eb&quot;, 27 korrik - 31 gusht 2009. (2009) - Kisha Orthodh\u03bfkse Autoqefale e Shqip\u00ebris\u00eb\" \/>\n<meta property=\"og:description\" content=\"&#8211; \u201cMe drit\u00ebn T\u00ebnde, do t\u00eb shohim drit\u00eb\u201d &#8211; &nbsp; &nbsp;&nbsp;&nbsp;&nbsp; &nbsp;&nbsp;&nbsp; Vera e sivjetshme sh\u00ebnoi vitin e 11- t\u00eb p\u00ebr kampin veror t\u00eb vajzave \u201cBariu i Mir\u00eb\u201d, t\u00eb zhvilluar n\u00eb ambientin e bukur t\u00eb Manastirit t\u00eb Hirsh\u00ebm t\u00eb Sh\u00ebn Joan Vladimirit n\u00eb Elbasan. Ky aktivitet u ofron vajzave pjes\u00ebmarr\u00ebse nga e gjith\u00eb Shqip\u00ebria mund\u00ebsi p\u00ebr njohje dhe p\u00ebrjetim t\u00eb besimit ton\u00eb, rritje &nbsp;shpirt\u00ebrore, miq\u00ebsi\" \/>\n<meta property=\"og:url\" content=\"https:\/\/orthodoxalbania.org\/2020\/2009\/03\/19\/kampi-veror-i-vajzave-bariu-i-mire-27-korrik-31-gusht-2009-2009\/\" \/>\n<meta property=\"og:site_name\" content=\"Kisha Orthodh\u03bfkse Autoqefale e Shqip\u00ebris\u00eb\" \/>\n<meta property=\"article:publisher\" content=\"https:\/\/www.facebook.com\/koash1991\" \/>\n<meta property=\"article:published_time\" content=\"2009-03-19T00:00:00+00:00\" \/>\n<meta property=\"article:modified_time\" content=\"2020-04-06T20:32:35+00:00\" \/>\n<meta property=\"og:image\" content=\"https:\/\/lh3.googleusercontent.com\/-LCUpQfgTRYE\/VJU42eD2xaI\/AAAAAAAAJVQ\/TGOIL9qo6SY\/w958-h719-no\/01.JPG\" \/>\n<meta name=\"author\" content=\"Kisha Orthodhokse\" \/>\n<meta name=\"twitter:card\" content=\"summary_large_image\" \/>\n<meta name=\"twitter:label1\" content=\"Written by\" \/>\n\t<meta name=\"twitter:data1\" content=\"Kisha Orthodhokse\" \/>\n\t<meta name=\"twitter:label2\" content=\"Est. reading time\" \/>\n\t<meta name=\"twitter:data2\" content=\"11 minutes\" \/>\n<script type=\"application\/ld+json\" class=\"yoast-schema-graph\">{\"@context\":\"https:\/\/schema.org\",\"@graph\":[{\"@type\":\"Article\",\"@id\":\"https:\/\/orthodoxalbania.org\/2020\/2009\/03\/19\/kampi-veror-i-vajzave-bariu-i-mire-27-korrik-31-gusht-2009-2009\/#article\",\"isPartOf\":{\"@id\":\"https:\/\/orthodoxalbania.org\/2020\/2009\/03\/19\/kampi-veror-i-vajzave-bariu-i-mire-27-korrik-31-gusht-2009-2009\/\"},\"author\":{\"name\":\"Kisha Orthodhokse\",\"@id\":\"https:\/\/orthodoxalbania.org\/2020\/#\/schema\/person\/0c387634a7063ac612d7ed9ce71c7e86\"},\"headline\":\"Kampi veror i vajzave \u201cBariu i Mir\u00eb&#8221;, 27 korrik &#8211; 31 gusht 2009. (2009)\",\"datePublished\":\"2009-03-19T00:00:00+00:00\",\"dateModified\":\"2020-04-06T20:32:35+00:00\",\"mainEntityOfPage\":{\"@id\":\"https:\/\/orthodoxalbania.org\/2020\/2009\/03\/19\/kampi-veror-i-vajzave-bariu-i-mire-27-korrik-31-gusht-2009-2009\/\"},\"wordCount\":2208,\"commentCount\":0,\"publisher\":{\"@id\":\"https:\/\/orthodoxalbania.org\/2020\/#organization\"},\"image\":{\"@id\":\"https:\/\/orthodoxalbania.org\/2020\/2009\/03\/19\/kampi-veror-i-vajzave-bariu-i-mire-27-korrik-31-gusht-2009-2009\/#primaryimage\"},\"thumbnailUrl\":\"https:\/\/lh3.googleusercontent.com\/-LCUpQfgTRYE\/VJU42eD2xaI\/AAAAAAAAJVQ\/TGOIL9qo6SY\/w958-h719-no\/01.JPG\",\"keywords\":[\"2009\",\"Kampe verore\",\"Kryepiskopata Tiran\u00eb\",\"lajme\",\"Rinia Orthodhokse\"],\"articleSection\":[\"Lajme\"],\"inLanguage\":\"en-US\"},{\"@type\":\"WebPage\",\"@id\":\"https:\/\/orthodoxalbania.org\/2020\/2009\/03\/19\/kampi-veror-i-vajzave-bariu-i-mire-27-korrik-31-gusht-2009-2009\/\",\"url\":\"https:\/\/orthodoxalbania.org\/2020\/2009\/03\/19\/kampi-veror-i-vajzave-bariu-i-mire-27-korrik-31-gusht-2009-2009\/\",\"name\":\"Kampi veror i vajzave \u201cBariu i Mir\u00eb\\\", 27 korrik - 31 gusht 2009. (2009) - Kisha Orthodh\u03bfkse Autoqefale e Shqip\u00ebris\u00eb\",\"isPartOf\":{\"@id\":\"https:\/\/orthodoxalbania.org\/2020\/#website\"},\"primaryImageOfPage\":{\"@id\":\"https:\/\/orthodoxalbania.org\/2020\/2009\/03\/19\/kampi-veror-i-vajzave-bariu-i-mire-27-korrik-31-gusht-2009-2009\/#primaryimage\"},\"image\":{\"@id\":\"https:\/\/orthodoxalbania.org\/2020\/2009\/03\/19\/kampi-veror-i-vajzave-bariu-i-mire-27-korrik-31-gusht-2009-2009\/#primaryimage\"},\"thumbnailUrl\":\"https:\/\/lh3.googleusercontent.com\/-LCUpQfgTRYE\/VJU42eD2xaI\/AAAAAAAAJVQ\/TGOIL9qo6SY\/w958-h719-no\/01.JPG\",\"datePublished\":\"2009-03-19T00:00:00+00:00\",\"dateModified\":\"2020-04-06T20:32:35+00:00\",\"breadcrumb\":{\"@id\":\"https:\/\/orthodoxalbania.org\/2020\/2009\/03\/19\/kampi-veror-i-vajzave-bariu-i-mire-27-korrik-31-gusht-2009-2009\/#breadcrumb\"},\"inLanguage\":\"en-US\",\"potentialAction\":[{\"@type\":\"ReadAction\",\"target\":[\"https:\/\/orthodoxalbania.org\/2020\/2009\/03\/19\/kampi-veror-i-vajzave-bariu-i-mire-27-korrik-31-gusht-2009-2009\/\"]}]},{\"@type\":\"ImageObject\",\"inLanguage\":\"en-US\",\"@id\":\"https:\/\/orthodoxalbania.org\/2020\/2009\/03\/19\/kampi-veror-i-vajzave-bariu-i-mire-27-korrik-31-gusht-2009-2009\/#primaryimage\",\"url\":\"https:\/\/lh3.googleusercontent.com\/-LCUpQfgTRYE\/VJU42eD2xaI\/AAAAAAAAJVQ\/TGOIL9qo6SY\/w958-h719-no\/01.JPG\",\"contentUrl\":\"https:\/\/lh3.googleusercontent.com\/-LCUpQfgTRYE\/VJU42eD2xaI\/AAAAAAAAJVQ\/TGOIL9qo6SY\/w958-h719-no\/01.JPG\"},{\"@type\":\"BreadcrumbList\",\"@id\":\"https:\/\/orthodoxalbania.org\/2020\/2009\/03\/19\/kampi-veror-i-vajzave-bariu-i-mire-27-korrik-31-gusht-2009-2009\/#breadcrumb\",\"itemListElement\":[{\"@type\":\"ListItem\",\"position\":1,\"name\":\"Home\",\"item\":\"https:\/\/orthodoxalbania.org\/2020\/\"},{\"@type\":\"ListItem\",\"position\":2,\"name\":\"Kampi veror i vajzave \u201cBariu i Mir\u00eb&#8221;, 27 korrik &#8211; 31 gusht 2009. (2009)\"}]},{\"@type\":\"WebSite\",\"@id\":\"https:\/\/orthodoxalbania.org\/2020\/#website\",\"url\":\"https:\/\/orthodoxalbania.org\/2020\/\",\"name\":\"Kisha Orthodh\u03bfkse Autoqefale e Shqip\u00ebris\u00eb\",\"description\":\"Fqja Zyrtare e Kish\u00ebs Orthodhokse Autoqefale e Shqip\u00ebris\u00eb me lajmet edhe informacionet zyrtare p\u00ebr struktur\u00ebn edhe veprimtarin e saj.\",\"publisher\":{\"@id\":\"https:\/\/orthodoxalbania.org\/2020\/#organization\"},\"potentialAction\":[{\"@type\":\"SearchAction\",\"target\":{\"@type\":\"EntryPoint\",\"urlTemplate\":\"https:\/\/orthodoxalbania.org\/2020\/?s={search_term_string}\"},\"query-input\":{\"@type\":\"PropertyValueSpecification\",\"valueRequired\":true,\"valueName\":\"search_term_string\"}}],\"inLanguage\":\"en-US\"},{\"@type\":\"Organization\",\"@id\":\"https:\/\/orthodoxalbania.org\/2020\/#organization\",\"name\":\"Kisha Orthodhokse Autoqefale e Shqip\u00ebris\u00eb\",\"url\":\"https:\/\/orthodoxalbania.org\/2020\/\",\"logo\":{\"@type\":\"ImageObject\",\"inLanguage\":\"en-US\",\"@id\":\"https:\/\/orthodoxalbania.org\/2020\/#\/schema\/logo\/image\/\",\"url\":\"https:\/\/orthodoxalbania.org\/2020\/wp-content\/uploads\/2020\/05\/albania.jpeg\",\"contentUrl\":\"https:\/\/orthodoxalbania.org\/2020\/wp-content\/uploads\/2020\/05\/albania.jpeg\",\"width\":540,\"height\":540,\"caption\":\"Kisha Orthodhokse Autoqefale e Shqip\u00ebris\u00eb\"},\"image\":{\"@id\":\"https:\/\/orthodoxalbania.org\/2020\/#\/schema\/logo\/image\/\"},\"sameAs\":[\"https:\/\/www.facebook.com\/koash1991\"]},{\"@type\":\"Person\",\"@id\":\"https:\/\/orthodoxalbania.org\/2020\/#\/schema\/person\/0c387634a7063ac612d7ed9ce71c7e86\",\"name\":\"Kisha Orthodhokse\",\"image\":{\"@type\":\"ImageObject\",\"inLanguage\":\"en-US\",\"@id\":\"https:\/\/secure.gravatar.com\/avatar\/596e7c417251e30f2fbb9c00e026fce61a695a00e51c889caded71c96cbbdde5?s=96&d=mm&r=g\",\"url\":\"https:\/\/secure.gravatar.com\/avatar\/596e7c417251e30f2fbb9c00e026fce61a695a00e51c889caded71c96cbbdde5?s=96&d=mm&r=g\",\"contentUrl\":\"https:\/\/secure.gravatar.com\/avatar\/596e7c417251e30f2fbb9c00e026fce61a695a00e51c889caded71c96cbbdde5?s=96&d=mm&r=g\",\"caption\":\"Kisha Orthodhokse\"}}]}<\/script>\n<!-- \/ Yoast SEO plugin. -->","yoast_head_json":{"title":"Kampi veror i vajzave \u201cBariu i Mir\u00eb\", 27 korrik - 31 gusht 2009. (2009) - Kisha Orthodh\u03bfkse Autoqefale e Shqip\u00ebris\u00eb","robots":{"index":"index","follow":"follow","max-snippet":"max-snippet:-1","max-image-preview":"max-image-preview:large","max-video-preview":"max-video-preview:-1"},"canonical":"https:\/\/orthodoxalbania.org\/2020\/2009\/03\/19\/kampi-veror-i-vajzave-bariu-i-mire-27-korrik-31-gusht-2009-2009\/","og_locale":"en_US","og_type":"article","og_title":"Kampi veror i vajzave \u201cBariu i Mir\u00eb\", 27 korrik - 31 gusht 2009. (2009) - Kisha Orthodh\u03bfkse Autoqefale e Shqip\u00ebris\u00eb","og_description":"&#8211; \u201cMe drit\u00ebn T\u00ebnde, do t\u00eb shohim drit\u00eb\u201d &#8211; &nbsp; &nbsp;&nbsp;&nbsp;&nbsp; &nbsp;&nbsp;&nbsp; Vera e sivjetshme sh\u00ebnoi vitin e 11- t\u00eb p\u00ebr kampin veror t\u00eb vajzave \u201cBariu i Mir\u00eb\u201d, t\u00eb zhvilluar n\u00eb ambientin e bukur t\u00eb Manastirit t\u00eb Hirsh\u00ebm t\u00eb Sh\u00ebn Joan Vladimirit n\u00eb Elbasan. Ky aktivitet u ofron vajzave pjes\u00ebmarr\u00ebse nga e gjith\u00eb Shqip\u00ebria mund\u00ebsi p\u00ebr njohje dhe p\u00ebrjetim t\u00eb besimit ton\u00eb, rritje &nbsp;shpirt\u00ebrore, miq\u00ebsi","og_url":"https:\/\/orthodoxalbania.org\/2020\/2009\/03\/19\/kampi-veror-i-vajzave-bariu-i-mire-27-korrik-31-gusht-2009-2009\/","og_site_name":"Kisha Orthodh\u03bfkse Autoqefale e Shqip\u00ebris\u00eb","article_publisher":"https:\/\/www.facebook.com\/koash1991","article_published_time":"2009-03-19T00:00:00+00:00","article_modified_time":"2020-04-06T20:32:35+00:00","og_image":[{"url":"https:\/\/lh3.googleusercontent.com\/-LCUpQfgTRYE\/VJU42eD2xaI\/AAAAAAAAJVQ\/TGOIL9qo6SY\/w958-h719-no\/01.JPG","type":"","width":"","height":""}],"author":"Kisha Orthodhokse","twitter_card":"summary_large_image","twitter_misc":{"Written by":"Kisha Orthodhokse","Est. reading time":"11 minutes"},"schema":{"@context":"https:\/\/schema.org","@graph":[{"@type":"Article","@id":"https:\/\/orthodoxalbania.org\/2020\/2009\/03\/19\/kampi-veror-i-vajzave-bariu-i-mire-27-korrik-31-gusht-2009-2009\/#article","isPartOf":{"@id":"https:\/\/orthodoxalbania.org\/2020\/2009\/03\/19\/kampi-veror-i-vajzave-bariu-i-mire-27-korrik-31-gusht-2009-2009\/"},"author":{"name":"Kisha Orthodhokse","@id":"https:\/\/orthodoxalbania.org\/2020\/#\/schema\/person\/0c387634a7063ac612d7ed9ce71c7e86"},"headline":"Kampi veror i vajzave \u201cBariu i Mir\u00eb&#8221;, 27 korrik &#8211; 31 gusht 2009. (2009)","datePublished":"2009-03-19T00:00:00+00:00","dateModified":"2020-04-06T20:32:35+00:00","mainEntityOfPage":{"@id":"https:\/\/orthodoxalbania.org\/2020\/2009\/03\/19\/kampi-veror-i-vajzave-bariu-i-mire-27-korrik-31-gusht-2009-2009\/"},"wordCount":2208,"commentCount":0,"publisher":{"@id":"https:\/\/orthodoxalbania.org\/2020\/#organization"},"image":{"@id":"https:\/\/orthodoxalbania.org\/2020\/2009\/03\/19\/kampi-veror-i-vajzave-bariu-i-mire-27-korrik-31-gusht-2009-2009\/#primaryimage"},"thumbnailUrl":"https:\/\/lh3.googleusercontent.com\/-LCUpQfgTRYE\/VJU42eD2xaI\/AAAAAAAAJVQ\/TGOIL9qo6SY\/w958-h719-no\/01.JPG","keywords":["2009","Kampe verore","Kryepiskopata Tiran\u00eb","lajme","Rinia Orthodhokse"],"articleSection":["Lajme"],"inLanguage":"en-US"},{"@type":"WebPage","@id":"https:\/\/orthodoxalbania.org\/2020\/2009\/03\/19\/kampi-veror-i-vajzave-bariu-i-mire-27-korrik-31-gusht-2009-2009\/","url":"https:\/\/orthodoxalbania.org\/2020\/2009\/03\/19\/kampi-veror-i-vajzave-bariu-i-mire-27-korrik-31-gusht-2009-2009\/","name":"Kampi veror i vajzave \u201cBariu i Mir\u00eb\", 27 korrik - 31 gusht 2009. (2009) - Kisha Orthodh\u03bfkse Autoqefale e Shqip\u00ebris\u00eb","isPartOf":{"@id":"https:\/\/orthodoxalbania.org\/2020\/#website"},"primaryImageOfPage":{"@id":"https:\/\/orthodoxalbania.org\/2020\/2009\/03\/19\/kampi-veror-i-vajzave-bariu-i-mire-27-korrik-31-gusht-2009-2009\/#primaryimage"},"image":{"@id":"https:\/\/orthodoxalbania.org\/2020\/2009\/03\/19\/kampi-veror-i-vajzave-bariu-i-mire-27-korrik-31-gusht-2009-2009\/#primaryimage"},"thumbnailUrl":"https:\/\/lh3.googleusercontent.com\/-LCUpQfgTRYE\/VJU42eD2xaI\/AAAAAAAAJVQ\/TGOIL9qo6SY\/w958-h719-no\/01.JPG","datePublished":"2009-03-19T00:00:00+00:00","dateModified":"2020-04-06T20:32:35+00:00","breadcrumb":{"@id":"https:\/\/orthodoxalbania.org\/2020\/2009\/03\/19\/kampi-veror-i-vajzave-bariu-i-mire-27-korrik-31-gusht-2009-2009\/#breadcrumb"},"inLanguage":"en-US","potentialAction":[{"@type":"ReadAction","target":["https:\/\/orthodoxalbania.org\/2020\/2009\/03\/19\/kampi-veror-i-vajzave-bariu-i-mire-27-korrik-31-gusht-2009-2009\/"]}]},{"@type":"ImageObject","inLanguage":"en-US","@id":"https:\/\/orthodoxalbania.org\/2020\/2009\/03\/19\/kampi-veror-i-vajzave-bariu-i-mire-27-korrik-31-gusht-2009-2009\/#primaryimage","url":"https:\/\/lh3.googleusercontent.com\/-LCUpQfgTRYE\/VJU42eD2xaI\/AAAAAAAAJVQ\/TGOIL9qo6SY\/w958-h719-no\/01.JPG","contentUrl":"https:\/\/lh3.googleusercontent.com\/-LCUpQfgTRYE\/VJU42eD2xaI\/AAAAAAAAJVQ\/TGOIL9qo6SY\/w958-h719-no\/01.JPG"},{"@type":"BreadcrumbList","@id":"https:\/\/orthodoxalbania.org\/2020\/2009\/03\/19\/kampi-veror-i-vajzave-bariu-i-mire-27-korrik-31-gusht-2009-2009\/#breadcrumb","itemListElement":[{"@type":"ListItem","position":1,"name":"Home","item":"https:\/\/orthodoxalbania.org\/2020\/"},{"@type":"ListItem","position":2,"name":"Kampi veror i vajzave \u201cBariu i Mir\u00eb&#8221;, 27 korrik &#8211; 31 gusht 2009. (2009)"}]},{"@type":"WebSite","@id":"https:\/\/orthodoxalbania.org\/2020\/#website","url":"https:\/\/orthodoxalbania.org\/2020\/","name":"Kisha Orthodh\u03bfkse Autoqefale e Shqip\u00ebris\u00eb","description":"Fqja Zyrtare e Kish\u00ebs Orthodhokse Autoqefale e Shqip\u00ebris\u00eb me lajmet edhe informacionet zyrtare p\u00ebr struktur\u00ebn edhe veprimtarin e saj.","publisher":{"@id":"https:\/\/orthodoxalbania.org\/2020\/#organization"},"potentialAction":[{"@type":"SearchAction","target":{"@type":"EntryPoint","urlTemplate":"https:\/\/orthodoxalbania.org\/2020\/?s={search_term_string}"},"query-input":{"@type":"PropertyValueSpecification","valueRequired":true,"valueName":"search_term_string"}}],"inLanguage":"en-US"},{"@type":"Organization","@id":"https:\/\/orthodoxalbania.org\/2020\/#organization","name":"Kisha Orthodhokse Autoqefale e Shqip\u00ebris\u00eb","url":"https:\/\/orthodoxalbania.org\/2020\/","logo":{"@type":"ImageObject","inLanguage":"en-US","@id":"https:\/\/orthodoxalbania.org\/2020\/#\/schema\/logo\/image\/","url":"https:\/\/orthodoxalbania.org\/2020\/wp-content\/uploads\/2020\/05\/albania.jpeg","contentUrl":"https:\/\/orthodoxalbania.org\/2020\/wp-content\/uploads\/2020\/05\/albania.jpeg","width":540,"height":540,"caption":"Kisha Orthodhokse Autoqefale e Shqip\u00ebris\u00eb"},"image":{"@id":"https:\/\/orthodoxalbania.org\/2020\/#\/schema\/logo\/image\/"},"sameAs":["https:\/\/www.facebook.com\/koash1991"]},{"@type":"Person","@id":"https:\/\/orthodoxalbania.org\/2020\/#\/schema\/person\/0c387634a7063ac612d7ed9ce71c7e86","name":"Kisha Orthodhokse","image":{"@type":"ImageObject","inLanguage":"en-US","@id":"https:\/\/secure.gravatar.com\/avatar\/596e7c417251e30f2fbb9c00e026fce61a695a00e51c889caded71c96cbbdde5?s=96&d=mm&r=g","url":"https:\/\/secure.gravatar.com\/avatar\/596e7c417251e30f2fbb9c00e026fce61a695a00e51c889caded71c96cbbdde5?s=96&d=mm&r=g","contentUrl":"https:\/\/secure.gravatar.com\/avatar\/596e7c417251e30f2fbb9c00e026fce61a695a00e51c889caded71c96cbbdde5?s=96&d=mm&r=g","caption":"Kisha Orthodhokse"}}]}},"_links":{"self":[{"href":"https:\/\/orthodoxalbania.org\/2020\/wp-json\/wp\/v2\/posts\/711","targetHints":{"allow":["GET"]}}],"collection":[{"href":"https:\/\/orthodoxalbania.org\/2020\/wp-json\/wp\/v2\/posts"}],"about":[{"href":"https:\/\/orthodoxalbania.org\/2020\/wp-json\/wp\/v2\/types\/post"}],"author":[{"embeddable":true,"href":"https:\/\/orthodoxalbania.org\/2020\/wp-json\/wp\/v2\/users\/1"}],"replies":[{"embeddable":true,"href":"https:\/\/orthodoxalbania.org\/2020\/wp-json\/wp\/v2\/comments?post=711"}],"version-history":[{"count":1,"href":"https:\/\/orthodoxalbania.org\/2020\/wp-json\/wp\/v2\/posts\/711\/revisions"}],"predecessor-version":[{"id":15544,"href":"https:\/\/orthodoxalbania.org\/2020\/wp-json\/wp\/v2\/posts\/711\/revisions\/15544"}],"wp:attachment":[{"href":"https:\/\/orthodoxalbania.org\/2020\/wp-json\/wp\/v2\/media?parent=711"}],"wp:term":[{"taxonomy":"category","embeddable":true,"href":"https:\/\/orthodoxalbania.org\/2020\/wp-json\/wp\/v2\/categories?post=711"},{"taxonomy":"post_tag","embeddable":true,"href":"https:\/\/orthodoxalbania.org\/2020\/wp-json\/wp\/v2\/tags?post=711"}],"curies":[{"name":"wp","href":"https:\/\/api.w.org\/{rel}","templated":true}]}}