{"id":710,"date":"2008-02-26T00:00:00","date_gmt":"2008-02-26T00:00:00","guid":{"rendered":""},"modified":"2020-04-06T22:35:33","modified_gmt":"2020-04-06T20:35:33","slug":"kampi-veror-i-sarandes-ne-ambient-mahnites-mes-te-rinjve-qe-perjetuan-besim-dhe-shprese-2008","status":"publish","type":"post","link":"https:\/\/orthodoxalbania.org\/2020\/2008\/02\/26\/kampi-veror-i-sarandes-ne-ambient-mahnites-mes-te-rinjve-qe-perjetuan-besim-dhe-shprese-2008\/","title":{"rendered":"Kampi veror i Sarand\u00ebs n\u00eb ambient mahnit\u00ebs, mes t\u00eb rinjve q\u00eb p\u00ebrjetuan besim dhe shpres\u00eb. (2008)"},"content":{"rendered":"<table id=\"AutoNumber2\" style=\"width: 919px; height: 3048px;\" border=\"0\">\n<tbody>\n<tr>\n<td>\n<div><span style=\"font-family: tahoma,geneva,sans-serif;\"><span style=\"font-size: 12px;\"><span style=\"color: #000000;\"><img decoding=\"async\" class=\"lazyload HAa Eha\" style=\"border-width: 1px; border-style: solid; margin: 10px auto; display: block;\" alt=\"\" src=\"data:image\/gif;base64,R0lGODlhAQABAAAAACH5BAEKAAEALAAAAAABAAEAAAICTAEAOw==\" data-orig-src=\"https:\/\/lh5.googleusercontent.com\/-KJJTi_xgFt8\/VJFKkaYEm-I\/AAAAAAAAH38\/zNuwmjiKkVg\/w400-h294-no\/1.jpg\" \/><\/span><\/span><\/span><\/div>\n<\/td>\n<td>\n<div><span style=\"font-family: tahoma,geneva,sans-serif;\"><span style=\"font-size: 12px;\"><span style=\"color: #000000;\">&nbsp;&nbsp;&nbsp;<\/span><\/span><\/span><\/div>\n<div style=\"text-align: justify;\"><span style=\"font-family: tahoma,geneva,sans-serif;\"><span style=\"font-size: 12px;\"><span style=\"color: #000000;\">&nbsp;&nbsp;&nbsp; N\u00eb fillim askush nuk e mendonte se n\u00eb nj\u00eb vend t\u00eb braktisur do t\u00eb d\u00ebgjoheshin hapa njer\u00ebzish dhe mbi t\u00eb gjitha z\u00ebra rinor\u00eb. Me besim dhe shpres\u00eb, d\u00ebshira p\u00ebr ndryshim gjeti terren. Kan\u00eb kaluar kat\u00ebr vjet q\u00eb mrekullia n\u00eb syt\u00eb e t\u00eb gjith\u00ebve tashm\u00eb e ka nj\u00eb identitet. \u00cbsht\u00eb dora e Zotit q\u00eb vepron dhe jan\u00eb f\u00ebmij\u00ebt e t\u00eb rinjt\u00eb m\u00eb shum\u00eb se kushdo tjet\u00ebr, t\u00eb cil\u00ebt e p\u00ebrjetojn\u00eb besimin dhe shpres\u00ebn n\u00eb nj\u00eb ambient mahnit\u00ebs, pik\u00ebrisht n\u00eb kampin veror t\u00eb Manastirit t\u00eb Sh\u00ebn Gjergjit, pran\u00eb Sarand\u00ebs.<\/span><\/span><\/span><\/div>\n<\/td>\n<\/tr>\n<tr>\n<td>\n<div style=\"text-align: justify;\"><span style=\"font-family: tahoma,geneva,sans-serif;\"><span style=\"font-size: 12px;\"><span style=\"color: #000000;\">&nbsp;&nbsp;&nbsp; Ndon\u00ebse n\u00eb dit\u00eb t\u00eb nxehta vere, freskia e pem\u00ebve dhe gjelb\u00ebrimi rrotull Manastirit t\u00eb \u00e7lodhnin shpirtin. Lutjet dhe sh\u00ebrbesat n\u00eb kish\u00eb t\u00eb kridhnin n\u00eb meditim, qoft\u00eb edhe nj\u00eb v\u00ebshtrim n\u00eb thell\u00ebsit\u00eb e gur\u00ebve q\u00eb flasin p\u00ebr shekujt dhe njer\u00ebzit. Aty merr rrug\u00eb tradita dhe r\u00ebnd\u00ebsia e jet\u00ebs pran\u00eb Per\u00ebndis\u00eb.<\/span><\/span><\/span><\/div>\n<\/td>\n<td>\n<div><span style=\"font-family: tahoma,geneva,sans-serif;\"><span style=\"font-size: 12px;\"><span style=\"color: #000000;\"><img decoding=\"async\" class=\"lazyload HAa Eha\" style=\"border-width: 1px; border-style: solid; margin: 10px auto; display: block;\" alt=\"\" src=\"data:image\/gif;base64,R0lGODlhAQABAAAAACH5BAEKAAEALAAAAAABAAEAAAICTAEAOw==\" data-orig-src=\"https:\/\/lh3.googleusercontent.com\/-LUMrxM2_xOw\/VJFKkS9gELI\/AAAAAAAAH48\/cH8hnIgukY0\/w400-h300-no\/2.jpg\" \/><\/span><\/span><\/span><\/div>\n<\/td>\n<\/tr>\n<tr>\n<td>\n<div><span style=\"font-family: tahoma,geneva,sans-serif;\"><span style=\"font-size: 12px;\"><span style=\"color: #000000;\"><img decoding=\"async\" class=\"lazyload HAa Eha\" style=\"border-width: 1px; border-style: solid; margin: 10px auto; display: block;\" alt=\"\" src=\"data:image\/gif;base64,R0lGODlhAQABAAAAACH5BAEKAAEALAAAAAABAAEAAAICTAEAOw==\" data-orig-src=\"https:\/\/lh4.googleusercontent.com\/-gKXmaZ-hg0Q\/VJFKko5ag7I\/AAAAAAAAH4w\/ZCt4XT22VOM\/w400-h300-no\/3.jpg\" \/><\/span><\/span><\/span><\/div>\n<\/td>\n<td>\n<div style=\"text-align: justify;\"><span style=\"font-family: tahoma,geneva,sans-serif;\"><span style=\"font-size: 12px;\"><span style=\"color: #000000;\">&nbsp;&nbsp;&nbsp; Me bekimin e Kryepiskopit Anastas dhe mb\u00ebshtetjen e Mitropolitit t\u00eb Gjirokastr\u00ebs, Hir\u00ebsi Dhimitri, kampi rinor n\u00eb Manastirin e Sh\u00ebn Gjergjit u organizua k\u00ebt\u00eb vit n\u00eb datat 11-19 korrik, duke ndjekur programin tradicional, n\u00eb vazhdim\u00ebsi t\u00eb t\u00eb gjitha kampeve q\u00eb organizohen nga Kisha jon\u00eb n\u00eb mbar\u00eb vendin.<\/span><\/span><\/span><\/div>\n<\/td>\n<\/tr>\n<tr>\n<td>\n<div style=\"text-align: justify;\"><span style=\"font-family: tahoma,geneva,sans-serif;\"><span style=\"font-size: 12px;\"><span style=\"color: #000000;\">&nbsp;&nbsp;&nbsp; Por sigurisht nuk mund t\u00eb mungonin edhe risit\u00eb, t\u00eb cilat fillojn\u00eb q\u00eb nga emrat e rinj t\u00eb pjes\u00ebmarr\u00ebsve e deri te pag\u00ebzimet, si nj\u00eb moment kulmor i dit\u00ebve t\u00eb kampit, ku shum\u00eb prej katikumen\u00ebve u b\u00ebn\u00eb an\u00ebtar\u00eb t\u00eb Kish\u00ebs s\u00eb Krishtit.<\/span><\/span><\/span><\/div>\n<\/td>\n<td>\n<div><span style=\"font-family: tahoma,geneva,sans-serif;\"><span style=\"font-size: 12px;\"><span style=\"color: #000000;\"><img decoding=\"async\" class=\"lazyload HAa Eha\" style=\"border-width: 1px; border-style: solid; margin: 10px auto; display: block;\" alt=\"\" src=\"data:image\/gif;base64,R0lGODlhAQABAAAAACH5BAEKAAEALAAAAAABAAEAAAICTAEAOw==\" data-orig-src=\"https:\/\/lh4.googleusercontent.com\/-JNdWOInndwY\/VJFKlMZwxNI\/AAAAAAAAH4s\/6UNCDa5bcfM\/w400-h300-no\/4.jpg\" \/><\/span><\/span><\/span><\/div>\n<\/td>\n<\/tr>\n<tr>\n<td>\n<div><span style=\"font-family: tahoma,geneva,sans-serif;\"><span style=\"font-size: 12px;\"><span style=\"color: #000000;\"><img decoding=\"async\" class=\"lazyload HAa Eha\" style=\"border-width: 1px; border-style: solid; margin: 10px auto; display: block;\" alt=\"\" src=\"data:image\/gif;base64,R0lGODlhAQABAAAAACH5BAEKAAEALAAAAAABAAEAAAICTAEAOw==\" data-orig-src=\"https:\/\/lh4.googleusercontent.com\/-VAsdAwbhEmI\/VJFKlZZJBGI\/AAAAAAAAH4M\/_CMVaOf6gtQ\/w400-h300-no\/5.jpg\" \/><\/span><\/span><\/span><\/div>\n<\/td>\n<td>\n<div style=\"text-align: justify;\"><span style=\"font-family: tahoma,geneva,sans-serif;\"><span style=\"font-size: 12px;\"><span style=\"color: #000000;\">&nbsp;&nbsp;&nbsp; Kampet verore me t\u00eb rinjt\u00eb n\u00eb Mitropolin\u00eb e Gjirokastr\u00ebs jan\u00eb kthyer n\u00eb nj\u00eb ngjarje t\u00eb spikatur dhe nj\u00eb nd\u00ebr p\u00ebrfitimet m\u00eb t\u00eb r\u00ebnd\u00ebsishme \u00ebsht\u00eb m\u00ebsimi i Fjal\u00ebs s\u00eb Zotit. Sivjet tema kryesore e kampit ishte: \u201cKa shpres\u00eb\u201d, duke iu referuar Shkrimit t\u00eb Shenjt\u00eb (Rom. 15:12) dhe u realizua nga bashk\u00ebpunimi i Zyr\u00ebs s\u00eb Rinis\u00eb me Zyr\u00ebn e Katekizmit.<\/span><\/span><\/span><br \/> &nbsp;<\/div>\n<\/td>\n<\/tr>\n<tr>\n<td>\n<div style=\"text-align: justify;\"><span style=\"font-family: tahoma,geneva,sans-serif;\"><span style=\"font-size: 12px;\"><span style=\"color: #000000;\">&nbsp;&nbsp;&nbsp; Kampi p\u00ebrb\u00ebhej nga nx\u00ebn\u00ebs t\u00eb Liceut Kishtar \u201cKryqi i Nderuar\u201d n\u00eb Gjirokast\u00ebr dhe nx\u00ebn\u00ebs t\u00eb shkoll\u00ebs s\u00eb mesme profesionale \u201cFrym\u00eb Dashurie\u201d n\u00eb Mesopotam, si dhe t\u00eb rinj t\u00eb ardhur nga zona t\u00eb ndryshme t\u00eb Mitropolis\u00eb. Dita e kampit niste me sh\u00ebrbes\u00ebn e M\u00ebngjesores dhe m\u00eb pas t\u00eb rinjt\u00eb zhvillonin nj\u00eb bised\u00eb shpirt\u00ebrore, duke folur secili grup p\u00ebr shenjtin e grupit t\u00eb tyre.<\/span><\/span><\/span><\/div>\n<\/td>\n<td>\n<div><span style=\"font-family: tahoma,geneva,sans-serif;\"><span style=\"font-size: 12px;\"><span style=\"color: #000000;\"><img decoding=\"async\" class=\"lazyload HAa Eha\" style=\"border-width: 1px; border-style: solid; margin: 10px auto; display: block;\" alt=\"\" src=\"data:image\/gif;base64,R0lGODlhAQABAAAAACH5BAEKAAEALAAAAAABAAEAAAICTAEAOw==\" data-orig-src=\"https:\/\/lh6.googleusercontent.com\/-2FGDhVQuYEc\/VJFKlrY0h-I\/AAAAAAAAH4Q\/-m9QoK9ay1Y\/w400-h300-no\/6.jpg\" \/><\/span><\/span><\/span><\/div>\n<\/td>\n<\/tr>\n<tr>\n<td>\n<div><span style=\"font-family: tahoma,geneva,sans-serif;\"><span style=\"font-size: 12px;\"><span style=\"color: #000000;\"><img decoding=\"async\" class=\"lazyload HAa Eha\" style=\"border-width: 1px; border-style: solid; margin: 10px auto; display: block;\" alt=\"\" src=\"data:image\/gif;base64,R0lGODlhAQABAAAAACH5BAEKAAEALAAAAAABAAEAAAICTAEAOw==\" data-orig-src=\"https:\/\/lh4.googleusercontent.com\/-eT_7SosbS0s\/VJFKmCE-8uI\/AAAAAAAAH4g\/XHiPIqRArAI\/w400-h300-no\/7.jpg\" \/><\/span><\/span><\/span><\/div>\n<\/td>\n<td>\n<div style=\"text-align: justify;\"><span style=\"font-family: tahoma,geneva,sans-serif;\"><span style=\"font-size: 12px;\"><span style=\"color: #000000;\">&nbsp;&nbsp;&nbsp; Kishte histori interesante p\u00ebr jet\u00eb shenjtor\u00ebsh si Sh\u00ebn Gjergji, Sh\u00ebn Harallambi, Sh\u00ebn Dhimitri, me q\u00ebllim q\u00eb t\u00eb njiheshin me veprimtarin\u00eb e tyre dhe pse jo m\u00eb von\u00eb t\u2019i imitojn\u00eb n\u00eb jet\u00ebn e tyre shpirt\u00ebrore.<\/span><\/span><\/span><\/div>\n<\/td>\n<\/tr>\n<tr>\n<td>\n<div><span style=\"font-family: tahoma,geneva,sans-serif;\"><span style=\"font-size: 12px;\"><span style=\"color: #000000;\">&nbsp;&nbsp;&nbsp;&nbsp;<\/span><\/span><\/span><\/div>\n<div style=\"text-align: justify;\"><span style=\"font-family: tahoma,geneva,sans-serif;\"><span style=\"font-size: 12px;\"><span style=\"color: #000000;\">&nbsp;&nbsp;&nbsp; Programi ishte i pasur me aktivitete t\u00eb ndryshme sportive, koh\u00eb arg\u00ebtimi, plazh n\u00eb uj\u00ebrat e detit Jon dhe konkurse n\u00eb fushat e ndryshme t\u00eb dijes. Kampi i Kish\u00ebs son\u00eb \u00ebsht\u00eb nj\u00eb moment shum\u00eb i r\u00ebnd\u00ebsish\u00ebm n\u00eb jet\u00ebn e t\u00eb rinjve, sepse ata edhe arg\u00ebtohen, por edhe marrin m\u00ebsime t\u00eb vyera q\u00eb do t\u00eb sh\u00ebrbejn\u00eb shum\u00eb n\u00eb jet\u00ebn e tyre. Kujtimet e k\u00ebtij kampi u fiksuan n\u00eb celuloid, por m\u00eb shum\u00eb n\u00eb zemrat e pjes\u00ebmarr\u00ebsve, t\u00eb cil\u00ebt u kthyen n\u00eb sht\u00ebpit\u00eb e tyre me kujtimet m\u00eb t\u00eb bukura nga ky aktivitet brilant.<\/span><\/span><\/span><\/div>\n<\/td>\n<td>\n<div><span style=\"font-family: tahoma,geneva,sans-serif;\"><span style=\"font-size: 12px;\"><span style=\"color: #000000;\"><img decoding=\"async\" class=\"lazyload HAa Eha\" style=\"border-width: 1px; border-style: solid; margin: 10px auto; display: block;\" alt=\"\" src=\"data:image\/gif;base64,R0lGODlhAQABAAAAACH5BAEKAAEALAAAAAABAAEAAAICTAEAOw==\" data-orig-src=\"https:\/\/lh4.googleusercontent.com\/-7XN9P5guxoQ\/VJFKmrdw2RI\/AAAAAAAAH4o\/ndvxL3JTVuc\/w400-h300-no\/8.jpg\" \/><\/span><\/span><\/span><\/div>\n<\/td>\n<\/tr>\n<tr>\n<td>\n<div>&nbsp;<\/div>\n<\/td>\n<td>\n<div>&nbsp;<\/div>\n<\/td>\n<\/tr>\n<tr>\n<td>\n<div>&nbsp;<\/div>\n<\/td>\n<td>\n<div>&nbsp;<\/div>\n<\/td>\n<\/tr>\n<tr>\n<td>\n<div><span style=\"font-family: tahoma,geneva,sans-serif;\"><span style=\"font-size: 12px;\"><span style=\"color: #000000;\"><img decoding=\"async\" class=\"lazyload HAa Eha\" style=\"border-width: 1px; border-style: solid; margin: 10px auto; display: block;\" alt=\"\" src=\"data:image\/gif;base64,R0lGODlhAQABAAAAACH5BAEKAAEALAAAAAABAAEAAAICTAEAOw==\" data-orig-src=\"https:\/\/lh6.googleusercontent.com\/-Z3X0UJ5G9Kk\/VJFKnCVGFcI\/AAAAAAAAH4k\/z_u6XswJpco\/w400-h300-no\/9.jpg\" \/><\/span><\/span><\/span><\/div>\n<\/td>\n<td>\n<div><span style=\"font-family: tahoma,geneva,sans-serif;\"><span style=\"font-size: 12px;\"><span style=\"color: #000000;\"><img decoding=\"async\" class=\"lazyload HAa Eha\" style=\"border-width: 1px; border-style: solid; margin: 10px auto; display: block;\" alt=\"\" src=\"data:image\/gif;base64,R0lGODlhAQABAAAAACH5BAEKAAEALAAAAAABAAEAAAICTAEAOw==\" data-orig-src=\"https:\/\/lh4.googleusercontent.com\/-bLPDQAN9Mqk\/VJFKkZ5MvTI\/AAAAAAAAH40\/XzfGEXe1xFw\/w400-h291-no\/10.jpg\" \/><\/span><\/span><\/span><\/div>\n<\/td>\n<\/tr>\n<tr>\n<td dir=\"ltr\" colspan=\"2\">\n<div dir=\"ltr\">&nbsp;<\/div>\n<\/td>\n<\/tr>\n<tr>\n<td dir=\"ltr\">\n<div><span style=\"font-family: tahoma,geneva,sans-serif;\"><span style=\"font-size: 12px;\"><span style=\"color: #000000;\">&nbsp;&nbsp;&nbsp;&nbsp;<\/span><\/span><\/span><\/div>\n<\/td>\n<td dir=\"ltr\">\n<div>&nbsp;<\/div>\n<\/td>\n<\/tr>\n<tr>\n<td dir=\"ltr\" colspan=\"2\">\n<div>&nbsp;<\/div>\n<\/td>\n<\/tr>\n<tr>\n<td dir=\"ltr\" colspan=\"2\">\n<div><span style=\"font-family: tahoma,geneva,sans-serif;\"><span style=\"font-size: 12px;\"><span style=\"color: #000000;\"><strong>&nbsp;&nbsp;&nbsp;&nbsp;&nbsp; Isidor Koti<\/strong><\/span><\/span><\/span><\/div>\n<\/td>\n<\/tr>\n<\/tbody>\n<\/table>\n","protected":false},"excerpt":{"rendered":"<p>&nbsp;&nbsp;&nbsp; &nbsp;&nbsp;&nbsp; N\u00eb fillim askush nuk e mendonte se n\u00eb nj\u00eb vend t\u00eb braktisur do t\u00eb d\u00ebgjoheshin hapa njer\u00ebzish dhe mbi t\u00eb gjitha z\u00ebra rinor\u00eb. Me besim dhe shpres\u00eb, d\u00ebshira p\u00ebr ndryshim gjeti terren. Kan\u00eb kaluar kat\u00ebr vjet q\u00eb mrekullia n\u00eb syt\u00eb e t\u00eb gjith\u00ebve tashm\u00eb e ka nj\u00eb identitet. \u00cbsht\u00eb dora e Zotit q\u00eb vepron dhe jan\u00eb f\u00ebmij\u00ebt e t\u00eb rinjt\u00eb m\u00eb shum\u00eb se<\/p>\n","protected":false},"author":1,"featured_media":0,"comment_status":"open","ping_status":"open","sticky":false,"template":"","format":"standard","meta":{"_acf_changed":false,"pagelayer_contact_templates":[],"_pagelayer_content":"","inline_featured_image":false,"fifu_image_url":"","fifu_image_alt":"","footnotes":""},"categories":[108],"tags":[146,200,196,212,176],"class_list":["post-710","post","type-post","status-publish","format-standard","hentry","category-lajme","tag-146","tag-kampe-verore","tag-tirane","tag-lajme-d27","tag-rinia-orthodhokse"],"acf":[],"yoast_head":"<!-- This site is optimized with the Yoast SEO plugin v27.2 - https:\/\/yoast.com\/product\/yoast-seo-wordpress\/ -->\n<title>Kampi veror i Sarand\u00ebs n\u00eb ambient mahnit\u00ebs, mes t\u00eb rinjve q\u00eb p\u00ebrjetuan besim dhe shpres\u00eb. (2008) - Kisha Orthodh\u03bfkse Autoqefale e Shqip\u00ebris\u00eb<\/title>\n<meta name=\"robots\" content=\"index, follow, max-snippet:-1, max-image-preview:large, max-video-preview:-1\" \/>\n<link rel=\"canonical\" href=\"https:\/\/orthodoxalbania.org\/2020\/2008\/02\/26\/kampi-veror-i-sarandes-ne-ambient-mahnites-mes-te-rinjve-qe-perjetuan-besim-dhe-shprese-2008\/\" \/>\n<meta property=\"og:locale\" content=\"en_US\" \/>\n<meta property=\"og:type\" content=\"article\" \/>\n<meta property=\"og:title\" content=\"Kampi veror i Sarand\u00ebs n\u00eb ambient mahnit\u00ebs, mes t\u00eb rinjve q\u00eb p\u00ebrjetuan besim dhe shpres\u00eb. (2008) - Kisha Orthodh\u03bfkse Autoqefale e Shqip\u00ebris\u00eb\" \/>\n<meta property=\"og:description\" content=\"&nbsp;&nbsp;&nbsp; &nbsp;&nbsp;&nbsp; N\u00eb fillim askush nuk e mendonte se n\u00eb nj\u00eb vend t\u00eb braktisur do t\u00eb d\u00ebgjoheshin hapa njer\u00ebzish dhe mbi t\u00eb gjitha z\u00ebra rinor\u00eb. Me besim dhe shpres\u00eb, d\u00ebshira p\u00ebr ndryshim gjeti terren. Kan\u00eb kaluar kat\u00ebr vjet q\u00eb mrekullia n\u00eb syt\u00eb e t\u00eb gjith\u00ebve tashm\u00eb e ka nj\u00eb identitet. \u00cbsht\u00eb dora e Zotit q\u00eb vepron dhe jan\u00eb f\u00ebmij\u00ebt e t\u00eb rinjt\u00eb m\u00eb shum\u00eb se\" \/>\n<meta property=\"og:url\" content=\"https:\/\/orthodoxalbania.org\/2020\/2008\/02\/26\/kampi-veror-i-sarandes-ne-ambient-mahnites-mes-te-rinjve-qe-perjetuan-besim-dhe-shprese-2008\/\" \/>\n<meta property=\"og:site_name\" content=\"Kisha Orthodh\u03bfkse Autoqefale e Shqip\u00ebris\u00eb\" \/>\n<meta property=\"article:publisher\" content=\"https:\/\/www.facebook.com\/koash1991\" \/>\n<meta property=\"article:published_time\" content=\"2008-02-26T00:00:00+00:00\" \/>\n<meta property=\"article:modified_time\" content=\"2020-04-06T20:35:33+00:00\" \/>\n<meta property=\"og:image\" content=\"https:\/\/lh5.googleusercontent.com\/-KJJTi_xgFt8\/VJFKkaYEm-I\/AAAAAAAAH38\/zNuwmjiKkVg\/w400-h294-no\/1.jpg\" \/>\n<meta name=\"author\" content=\"Kisha Orthodhokse\" \/>\n<meta name=\"twitter:card\" content=\"summary_large_image\" \/>\n<meta name=\"twitter:label1\" content=\"Written by\" \/>\n\t<meta name=\"twitter:data1\" content=\"Kisha Orthodhokse\" \/>\n\t<meta name=\"twitter:label2\" content=\"Est. reading time\" \/>\n\t<meta name=\"twitter:data2\" content=\"3 minutes\" \/>\n<script type=\"application\/ld+json\" class=\"yoast-schema-graph\">{\"@context\":\"https:\/\/schema.org\",\"@graph\":[{\"@type\":\"Article\",\"@id\":\"https:\/\/orthodoxalbania.org\/2020\/2008\/02\/26\/kampi-veror-i-sarandes-ne-ambient-mahnites-mes-te-rinjve-qe-perjetuan-besim-dhe-shprese-2008\/#article\",\"isPartOf\":{\"@id\":\"https:\/\/orthodoxalbania.org\/2020\/2008\/02\/26\/kampi-veror-i-sarandes-ne-ambient-mahnites-mes-te-rinjve-qe-perjetuan-besim-dhe-shprese-2008\/\"},\"author\":{\"name\":\"Kisha Orthodhokse\",\"@id\":\"https:\/\/orthodoxalbania.org\/2020\/#\/schema\/person\/0c387634a7063ac612d7ed9ce71c7e86\"},\"headline\":\"Kampi veror i Sarand\u00ebs n\u00eb ambient mahnit\u00ebs, mes t\u00eb rinjve q\u00eb p\u00ebrjetuan besim dhe shpres\u00eb. (2008)\",\"datePublished\":\"2008-02-26T00:00:00+00:00\",\"dateModified\":\"2020-04-06T20:35:33+00:00\",\"mainEntityOfPage\":{\"@id\":\"https:\/\/orthodoxalbania.org\/2020\/2008\/02\/26\/kampi-veror-i-sarandes-ne-ambient-mahnites-mes-te-rinjve-qe-perjetuan-besim-dhe-shprese-2008\/\"},\"wordCount\":627,\"commentCount\":0,\"publisher\":{\"@id\":\"https:\/\/orthodoxalbania.org\/2020\/#organization\"},\"image\":{\"@id\":\"https:\/\/orthodoxalbania.org\/2020\/2008\/02\/26\/kampi-veror-i-sarandes-ne-ambient-mahnites-mes-te-rinjve-qe-perjetuan-besim-dhe-shprese-2008\/#primaryimage\"},\"thumbnailUrl\":\"https:\/\/lh5.googleusercontent.com\/-KJJTi_xgFt8\/VJFKkaYEm-I\/AAAAAAAAH38\/zNuwmjiKkVg\/w400-h294-no\/1.jpg\",\"keywords\":[\"2008\",\"Kampe verore\",\"Kryepiskopata Tiran\u00eb\",\"lajme\",\"Rinia Orthodhokse\"],\"articleSection\":[\"Lajme\"],\"inLanguage\":\"en-US\"},{\"@type\":\"WebPage\",\"@id\":\"https:\/\/orthodoxalbania.org\/2020\/2008\/02\/26\/kampi-veror-i-sarandes-ne-ambient-mahnites-mes-te-rinjve-qe-perjetuan-besim-dhe-shprese-2008\/\",\"url\":\"https:\/\/orthodoxalbania.org\/2020\/2008\/02\/26\/kampi-veror-i-sarandes-ne-ambient-mahnites-mes-te-rinjve-qe-perjetuan-besim-dhe-shprese-2008\/\",\"name\":\"Kampi veror i Sarand\u00ebs n\u00eb ambient mahnit\u00ebs, mes t\u00eb rinjve q\u00eb p\u00ebrjetuan besim dhe shpres\u00eb. (2008) - Kisha Orthodh\u03bfkse Autoqefale e Shqip\u00ebris\u00eb\",\"isPartOf\":{\"@id\":\"https:\/\/orthodoxalbania.org\/2020\/#website\"},\"primaryImageOfPage\":{\"@id\":\"https:\/\/orthodoxalbania.org\/2020\/2008\/02\/26\/kampi-veror-i-sarandes-ne-ambient-mahnites-mes-te-rinjve-qe-perjetuan-besim-dhe-shprese-2008\/#primaryimage\"},\"image\":{\"@id\":\"https:\/\/orthodoxalbania.org\/2020\/2008\/02\/26\/kampi-veror-i-sarandes-ne-ambient-mahnites-mes-te-rinjve-qe-perjetuan-besim-dhe-shprese-2008\/#primaryimage\"},\"thumbnailUrl\":\"https:\/\/lh5.googleusercontent.com\/-KJJTi_xgFt8\/VJFKkaYEm-I\/AAAAAAAAH38\/zNuwmjiKkVg\/w400-h294-no\/1.jpg\",\"datePublished\":\"2008-02-26T00:00:00+00:00\",\"dateModified\":\"2020-04-06T20:35:33+00:00\",\"breadcrumb\":{\"@id\":\"https:\/\/orthodoxalbania.org\/2020\/2008\/02\/26\/kampi-veror-i-sarandes-ne-ambient-mahnites-mes-te-rinjve-qe-perjetuan-besim-dhe-shprese-2008\/#breadcrumb\"},\"inLanguage\":\"en-US\",\"potentialAction\":[{\"@type\":\"ReadAction\",\"target\":[\"https:\/\/orthodoxalbania.org\/2020\/2008\/02\/26\/kampi-veror-i-sarandes-ne-ambient-mahnites-mes-te-rinjve-qe-perjetuan-besim-dhe-shprese-2008\/\"]}]},{\"@type\":\"ImageObject\",\"inLanguage\":\"en-US\",\"@id\":\"https:\/\/orthodoxalbania.org\/2020\/2008\/02\/26\/kampi-veror-i-sarandes-ne-ambient-mahnites-mes-te-rinjve-qe-perjetuan-besim-dhe-shprese-2008\/#primaryimage\",\"url\":\"https:\/\/lh5.googleusercontent.com\/-KJJTi_xgFt8\/VJFKkaYEm-I\/AAAAAAAAH38\/zNuwmjiKkVg\/w400-h294-no\/1.jpg\",\"contentUrl\":\"https:\/\/lh5.googleusercontent.com\/-KJJTi_xgFt8\/VJFKkaYEm-I\/AAAAAAAAH38\/zNuwmjiKkVg\/w400-h294-no\/1.jpg\"},{\"@type\":\"BreadcrumbList\",\"@id\":\"https:\/\/orthodoxalbania.org\/2020\/2008\/02\/26\/kampi-veror-i-sarandes-ne-ambient-mahnites-mes-te-rinjve-qe-perjetuan-besim-dhe-shprese-2008\/#breadcrumb\",\"itemListElement\":[{\"@type\":\"ListItem\",\"position\":1,\"name\":\"Home\",\"item\":\"https:\/\/orthodoxalbania.org\/2020\/\"},{\"@type\":\"ListItem\",\"position\":2,\"name\":\"Kampi veror i Sarand\u00ebs n\u00eb ambient mahnit\u00ebs, mes t\u00eb rinjve q\u00eb p\u00ebrjetuan besim dhe shpres\u00eb. (2008)\"}]},{\"@type\":\"WebSite\",\"@id\":\"https:\/\/orthodoxalbania.org\/2020\/#website\",\"url\":\"https:\/\/orthodoxalbania.org\/2020\/\",\"name\":\"Kisha Orthodh\u03bfkse Autoqefale e Shqip\u00ebris\u00eb\",\"description\":\"Fqja Zyrtare e Kish\u00ebs Orthodhokse Autoqefale e Shqip\u00ebris\u00eb me lajmet edhe informacionet zyrtare p\u00ebr struktur\u00ebn edhe veprimtarin e saj.\",\"publisher\":{\"@id\":\"https:\/\/orthodoxalbania.org\/2020\/#organization\"},\"potentialAction\":[{\"@type\":\"SearchAction\",\"target\":{\"@type\":\"EntryPoint\",\"urlTemplate\":\"https:\/\/orthodoxalbania.org\/2020\/?s={search_term_string}\"},\"query-input\":{\"@type\":\"PropertyValueSpecification\",\"valueRequired\":true,\"valueName\":\"search_term_string\"}}],\"inLanguage\":\"en-US\"},{\"@type\":\"Organization\",\"@id\":\"https:\/\/orthodoxalbania.org\/2020\/#organization\",\"name\":\"Kisha Orthodhokse Autoqefale e Shqip\u00ebris\u00eb\",\"url\":\"https:\/\/orthodoxalbania.org\/2020\/\",\"logo\":{\"@type\":\"ImageObject\",\"inLanguage\":\"en-US\",\"@id\":\"https:\/\/orthodoxalbania.org\/2020\/#\/schema\/logo\/image\/\",\"url\":\"https:\/\/orthodoxalbania.org\/2020\/wp-content\/uploads\/2020\/05\/albania.jpeg\",\"contentUrl\":\"https:\/\/orthodoxalbania.org\/2020\/wp-content\/uploads\/2020\/05\/albania.jpeg\",\"width\":540,\"height\":540,\"caption\":\"Kisha Orthodhokse Autoqefale e Shqip\u00ebris\u00eb\"},\"image\":{\"@id\":\"https:\/\/orthodoxalbania.org\/2020\/#\/schema\/logo\/image\/\"},\"sameAs\":[\"https:\/\/www.facebook.com\/koash1991\"]},{\"@type\":\"Person\",\"@id\":\"https:\/\/orthodoxalbania.org\/2020\/#\/schema\/person\/0c387634a7063ac612d7ed9ce71c7e86\",\"name\":\"Kisha Orthodhokse\",\"image\":{\"@type\":\"ImageObject\",\"inLanguage\":\"en-US\",\"@id\":\"https:\/\/secure.gravatar.com\/avatar\/596e7c417251e30f2fbb9c00e026fce61a695a00e51c889caded71c96cbbdde5?s=96&d=mm&r=g\",\"url\":\"https:\/\/secure.gravatar.com\/avatar\/596e7c417251e30f2fbb9c00e026fce61a695a00e51c889caded71c96cbbdde5?s=96&d=mm&r=g\",\"contentUrl\":\"https:\/\/secure.gravatar.com\/avatar\/596e7c417251e30f2fbb9c00e026fce61a695a00e51c889caded71c96cbbdde5?s=96&d=mm&r=g\",\"caption\":\"Kisha Orthodhokse\"}}]}<\/script>\n<!-- \/ Yoast SEO plugin. -->","yoast_head_json":{"title":"Kampi veror i Sarand\u00ebs n\u00eb ambient mahnit\u00ebs, mes t\u00eb rinjve q\u00eb p\u00ebrjetuan besim dhe shpres\u00eb. (2008) - Kisha Orthodh\u03bfkse Autoqefale e Shqip\u00ebris\u00eb","robots":{"index":"index","follow":"follow","max-snippet":"max-snippet:-1","max-image-preview":"max-image-preview:large","max-video-preview":"max-video-preview:-1"},"canonical":"https:\/\/orthodoxalbania.org\/2020\/2008\/02\/26\/kampi-veror-i-sarandes-ne-ambient-mahnites-mes-te-rinjve-qe-perjetuan-besim-dhe-shprese-2008\/","og_locale":"en_US","og_type":"article","og_title":"Kampi veror i Sarand\u00ebs n\u00eb ambient mahnit\u00ebs, mes t\u00eb rinjve q\u00eb p\u00ebrjetuan besim dhe shpres\u00eb. (2008) - Kisha Orthodh\u03bfkse Autoqefale e Shqip\u00ebris\u00eb","og_description":"&nbsp;&nbsp;&nbsp; &nbsp;&nbsp;&nbsp; N\u00eb fillim askush nuk e mendonte se n\u00eb nj\u00eb vend t\u00eb braktisur do t\u00eb d\u00ebgjoheshin hapa njer\u00ebzish dhe mbi t\u00eb gjitha z\u00ebra rinor\u00eb. Me besim dhe shpres\u00eb, d\u00ebshira p\u00ebr ndryshim gjeti terren. Kan\u00eb kaluar kat\u00ebr vjet q\u00eb mrekullia n\u00eb syt\u00eb e t\u00eb gjith\u00ebve tashm\u00eb e ka nj\u00eb identitet. \u00cbsht\u00eb dora e Zotit q\u00eb vepron dhe jan\u00eb f\u00ebmij\u00ebt e t\u00eb rinjt\u00eb m\u00eb shum\u00eb se","og_url":"https:\/\/orthodoxalbania.org\/2020\/2008\/02\/26\/kampi-veror-i-sarandes-ne-ambient-mahnites-mes-te-rinjve-qe-perjetuan-besim-dhe-shprese-2008\/","og_site_name":"Kisha Orthodh\u03bfkse Autoqefale e Shqip\u00ebris\u00eb","article_publisher":"https:\/\/www.facebook.com\/koash1991","article_published_time":"2008-02-26T00:00:00+00:00","article_modified_time":"2020-04-06T20:35:33+00:00","og_image":[{"url":"https:\/\/lh5.googleusercontent.com\/-KJJTi_xgFt8\/VJFKkaYEm-I\/AAAAAAAAH38\/zNuwmjiKkVg\/w400-h294-no\/1.jpg","type":"","width":"","height":""}],"author":"Kisha Orthodhokse","twitter_card":"summary_large_image","twitter_misc":{"Written by":"Kisha Orthodhokse","Est. reading time":"3 minutes"},"schema":{"@context":"https:\/\/schema.org","@graph":[{"@type":"Article","@id":"https:\/\/orthodoxalbania.org\/2020\/2008\/02\/26\/kampi-veror-i-sarandes-ne-ambient-mahnites-mes-te-rinjve-qe-perjetuan-besim-dhe-shprese-2008\/#article","isPartOf":{"@id":"https:\/\/orthodoxalbania.org\/2020\/2008\/02\/26\/kampi-veror-i-sarandes-ne-ambient-mahnites-mes-te-rinjve-qe-perjetuan-besim-dhe-shprese-2008\/"},"author":{"name":"Kisha Orthodhokse","@id":"https:\/\/orthodoxalbania.org\/2020\/#\/schema\/person\/0c387634a7063ac612d7ed9ce71c7e86"},"headline":"Kampi veror i Sarand\u00ebs n\u00eb ambient mahnit\u00ebs, mes t\u00eb rinjve q\u00eb p\u00ebrjetuan besim dhe shpres\u00eb. (2008)","datePublished":"2008-02-26T00:00:00+00:00","dateModified":"2020-04-06T20:35:33+00:00","mainEntityOfPage":{"@id":"https:\/\/orthodoxalbania.org\/2020\/2008\/02\/26\/kampi-veror-i-sarandes-ne-ambient-mahnites-mes-te-rinjve-qe-perjetuan-besim-dhe-shprese-2008\/"},"wordCount":627,"commentCount":0,"publisher":{"@id":"https:\/\/orthodoxalbania.org\/2020\/#organization"},"image":{"@id":"https:\/\/orthodoxalbania.org\/2020\/2008\/02\/26\/kampi-veror-i-sarandes-ne-ambient-mahnites-mes-te-rinjve-qe-perjetuan-besim-dhe-shprese-2008\/#primaryimage"},"thumbnailUrl":"https:\/\/lh5.googleusercontent.com\/-KJJTi_xgFt8\/VJFKkaYEm-I\/AAAAAAAAH38\/zNuwmjiKkVg\/w400-h294-no\/1.jpg","keywords":["2008","Kampe verore","Kryepiskopata Tiran\u00eb","lajme","Rinia Orthodhokse"],"articleSection":["Lajme"],"inLanguage":"en-US"},{"@type":"WebPage","@id":"https:\/\/orthodoxalbania.org\/2020\/2008\/02\/26\/kampi-veror-i-sarandes-ne-ambient-mahnites-mes-te-rinjve-qe-perjetuan-besim-dhe-shprese-2008\/","url":"https:\/\/orthodoxalbania.org\/2020\/2008\/02\/26\/kampi-veror-i-sarandes-ne-ambient-mahnites-mes-te-rinjve-qe-perjetuan-besim-dhe-shprese-2008\/","name":"Kampi veror i Sarand\u00ebs n\u00eb ambient mahnit\u00ebs, mes t\u00eb rinjve q\u00eb p\u00ebrjetuan besim dhe shpres\u00eb. (2008) - Kisha Orthodh\u03bfkse Autoqefale e Shqip\u00ebris\u00eb","isPartOf":{"@id":"https:\/\/orthodoxalbania.org\/2020\/#website"},"primaryImageOfPage":{"@id":"https:\/\/orthodoxalbania.org\/2020\/2008\/02\/26\/kampi-veror-i-sarandes-ne-ambient-mahnites-mes-te-rinjve-qe-perjetuan-besim-dhe-shprese-2008\/#primaryimage"},"image":{"@id":"https:\/\/orthodoxalbania.org\/2020\/2008\/02\/26\/kampi-veror-i-sarandes-ne-ambient-mahnites-mes-te-rinjve-qe-perjetuan-besim-dhe-shprese-2008\/#primaryimage"},"thumbnailUrl":"https:\/\/lh5.googleusercontent.com\/-KJJTi_xgFt8\/VJFKkaYEm-I\/AAAAAAAAH38\/zNuwmjiKkVg\/w400-h294-no\/1.jpg","datePublished":"2008-02-26T00:00:00+00:00","dateModified":"2020-04-06T20:35:33+00:00","breadcrumb":{"@id":"https:\/\/orthodoxalbania.org\/2020\/2008\/02\/26\/kampi-veror-i-sarandes-ne-ambient-mahnites-mes-te-rinjve-qe-perjetuan-besim-dhe-shprese-2008\/#breadcrumb"},"inLanguage":"en-US","potentialAction":[{"@type":"ReadAction","target":["https:\/\/orthodoxalbania.org\/2020\/2008\/02\/26\/kampi-veror-i-sarandes-ne-ambient-mahnites-mes-te-rinjve-qe-perjetuan-besim-dhe-shprese-2008\/"]}]},{"@type":"ImageObject","inLanguage":"en-US","@id":"https:\/\/orthodoxalbania.org\/2020\/2008\/02\/26\/kampi-veror-i-sarandes-ne-ambient-mahnites-mes-te-rinjve-qe-perjetuan-besim-dhe-shprese-2008\/#primaryimage","url":"https:\/\/lh5.googleusercontent.com\/-KJJTi_xgFt8\/VJFKkaYEm-I\/AAAAAAAAH38\/zNuwmjiKkVg\/w400-h294-no\/1.jpg","contentUrl":"https:\/\/lh5.googleusercontent.com\/-KJJTi_xgFt8\/VJFKkaYEm-I\/AAAAAAAAH38\/zNuwmjiKkVg\/w400-h294-no\/1.jpg"},{"@type":"BreadcrumbList","@id":"https:\/\/orthodoxalbania.org\/2020\/2008\/02\/26\/kampi-veror-i-sarandes-ne-ambient-mahnites-mes-te-rinjve-qe-perjetuan-besim-dhe-shprese-2008\/#breadcrumb","itemListElement":[{"@type":"ListItem","position":1,"name":"Home","item":"https:\/\/orthodoxalbania.org\/2020\/"},{"@type":"ListItem","position":2,"name":"Kampi veror i Sarand\u00ebs n\u00eb ambient mahnit\u00ebs, mes t\u00eb rinjve q\u00eb p\u00ebrjetuan besim dhe shpres\u00eb. (2008)"}]},{"@type":"WebSite","@id":"https:\/\/orthodoxalbania.org\/2020\/#website","url":"https:\/\/orthodoxalbania.org\/2020\/","name":"Kisha Orthodh\u03bfkse Autoqefale e Shqip\u00ebris\u00eb","description":"Fqja Zyrtare e Kish\u00ebs Orthodhokse Autoqefale e Shqip\u00ebris\u00eb me lajmet edhe informacionet zyrtare p\u00ebr struktur\u00ebn edhe veprimtarin e saj.","publisher":{"@id":"https:\/\/orthodoxalbania.org\/2020\/#organization"},"potentialAction":[{"@type":"SearchAction","target":{"@type":"EntryPoint","urlTemplate":"https:\/\/orthodoxalbania.org\/2020\/?s={search_term_string}"},"query-input":{"@type":"PropertyValueSpecification","valueRequired":true,"valueName":"search_term_string"}}],"inLanguage":"en-US"},{"@type":"Organization","@id":"https:\/\/orthodoxalbania.org\/2020\/#organization","name":"Kisha Orthodhokse Autoqefale e Shqip\u00ebris\u00eb","url":"https:\/\/orthodoxalbania.org\/2020\/","logo":{"@type":"ImageObject","inLanguage":"en-US","@id":"https:\/\/orthodoxalbania.org\/2020\/#\/schema\/logo\/image\/","url":"https:\/\/orthodoxalbania.org\/2020\/wp-content\/uploads\/2020\/05\/albania.jpeg","contentUrl":"https:\/\/orthodoxalbania.org\/2020\/wp-content\/uploads\/2020\/05\/albania.jpeg","width":540,"height":540,"caption":"Kisha Orthodhokse Autoqefale e Shqip\u00ebris\u00eb"},"image":{"@id":"https:\/\/orthodoxalbania.org\/2020\/#\/schema\/logo\/image\/"},"sameAs":["https:\/\/www.facebook.com\/koash1991"]},{"@type":"Person","@id":"https:\/\/orthodoxalbania.org\/2020\/#\/schema\/person\/0c387634a7063ac612d7ed9ce71c7e86","name":"Kisha Orthodhokse","image":{"@type":"ImageObject","inLanguage":"en-US","@id":"https:\/\/secure.gravatar.com\/avatar\/596e7c417251e30f2fbb9c00e026fce61a695a00e51c889caded71c96cbbdde5?s=96&d=mm&r=g","url":"https:\/\/secure.gravatar.com\/avatar\/596e7c417251e30f2fbb9c00e026fce61a695a00e51c889caded71c96cbbdde5?s=96&d=mm&r=g","contentUrl":"https:\/\/secure.gravatar.com\/avatar\/596e7c417251e30f2fbb9c00e026fce61a695a00e51c889caded71c96cbbdde5?s=96&d=mm&r=g","caption":"Kisha Orthodhokse"}}]}},"_links":{"self":[{"href":"https:\/\/orthodoxalbania.org\/2020\/wp-json\/wp\/v2\/posts\/710","targetHints":{"allow":["GET"]}}],"collection":[{"href":"https:\/\/orthodoxalbania.org\/2020\/wp-json\/wp\/v2\/posts"}],"about":[{"href":"https:\/\/orthodoxalbania.org\/2020\/wp-json\/wp\/v2\/types\/post"}],"author":[{"embeddable":true,"href":"https:\/\/orthodoxalbania.org\/2020\/wp-json\/wp\/v2\/users\/1"}],"replies":[{"embeddable":true,"href":"https:\/\/orthodoxalbania.org\/2020\/wp-json\/wp\/v2\/comments?post=710"}],"version-history":[{"count":1,"href":"https:\/\/orthodoxalbania.org\/2020\/wp-json\/wp\/v2\/posts\/710\/revisions"}],"predecessor-version":[{"id":15711,"href":"https:\/\/orthodoxalbania.org\/2020\/wp-json\/wp\/v2\/posts\/710\/revisions\/15711"}],"wp:attachment":[{"href":"https:\/\/orthodoxalbania.org\/2020\/wp-json\/wp\/v2\/media?parent=710"}],"wp:term":[{"taxonomy":"category","embeddable":true,"href":"https:\/\/orthodoxalbania.org\/2020\/wp-json\/wp\/v2\/categories?post=710"},{"taxonomy":"post_tag","embeddable":true,"href":"https:\/\/orthodoxalbania.org\/2020\/wp-json\/wp\/v2\/tags?post=710"}],"curies":[{"name":"wp","href":"https:\/\/api.w.org\/{rel}","templated":true}]}}