{"id":709,"date":"2009-03-19T00:00:00","date_gmt":"2009-03-19T00:00:00","guid":{"rendered":""},"modified":"2020-04-06T22:35:05","modified_gmt":"2020-04-06T20:35:05","slug":"kampi-veror-i-djemve-rilindja-16-qershor-5-gusht-2009-2009","status":"publish","type":"post","link":"https:\/\/orthodoxalbania.org\/2020\/2009\/03\/19\/kampi-veror-i-djemve-rilindja-16-qershor-5-gusht-2009-2009\/","title":{"rendered":"Kampi veror i djemve \u201cRilindja\u201d, 16 qershor &#8211; 5 gusht 2009. (2009)"},"content":{"rendered":"<div style=\"text-align: center;\"><span style=\"font-family: tahoma,geneva,sans-serif;\"><span style=\"font-size: 12px;\"><span style=\"color: #006400;\"><strong><span class=\"style24\">&#8211; \u201cT\u00eb lir\u00eb nga frika\u201d &#8211;<\/span><\/strong><\/span><\/span><\/span><\/div>\n<div style=\"text-align: center;\">&nbsp;<\/div>\n<div style=\"text-align: center;\"><span style=\"font-family: tahoma,geneva,sans-serif;\"><span style=\"font-size: 12px;\"><span style=\"color: #b22222;\"><span class=\"style25\"><strong><em>Kampet verore, i ndihmuan djemt\u00eb<br \/> <\/em><\/strong><strong><em>p\u00ebr t\u00eb jetuar brenda miq\u00ebsis\u00eb s\u00eb krishter\u00eb<\/em><\/strong><\/span><\/span><\/span><\/span><\/div>\n<div style=\"text-align: justify;\">&nbsp;<\/div>\n<div class=\"style23\" style=\"text-align: justify;\"><span style=\"color: #000000;\"><span style=\"font-family: tahoma,geneva,sans-serif;\"><span style=\"font-size: 12px;\">&nbsp;&nbsp;&nbsp; \u201cT\u00eb lir\u00eb nga frika\u201d. Kjo ishte tema e kampeve verore me djemt\u00eb, n\u00eb vazhd\u00ebn e tradit\u00ebs s\u00eb bukur q\u00eb ndjek vit pas viti aktivitetin m\u00eb t\u00eb r\u00ebnd\u00ebsish\u00ebm t\u00eb stin\u00ebs s\u00eb pushimeve, kur t\u00eb rinjt\u00eb gjejn\u00eb \u00e7lodhjen shpirt\u00ebrore dhe fizike n\u00eb ambientet e Kish\u00ebs son\u00eb. Tema e kampit ishte frym\u00ebzuar nga Mesazhi i Kryepiskopit Anastas gjat\u00eb Pashk\u00ebs 2009, nj\u00eb mesazh q\u00eb jehon fuqish\u00ebm edhe n\u00eb problematikat e shumta rinore. P\u00ebrmes k\u00ebsaj veprimtarie madhore, Kryepiskopi iu premton f\u00ebmij\u00ebve dhe t\u00eb rinjve se edhe n\u00eb t\u00eb ardhmen Kisha do t\u00eb q\u00ebndroj\u00eb gjithmon\u00eb pran\u00eb tyre, duke iu k\u00ebrkuar n\u00eb t\u00eb nj\u00ebjt\u00ebn koh\u00eb t\u00eb jen\u00eb aktiv\u00eb n\u00eb jet\u00ebn kishtare dhe n\u00eb t\u00eb gjitha veprimtarit\u00eb q\u00eb organizon Kisha Orthodhokse p\u00ebr t\u00eb njohur edhe m\u00eb shum\u00eb Krishtin dhe p\u00ebr t\u00eb jetuar brenda miq\u00ebsis\u00eb s\u00eb krishter\u00eb.<\/span><\/span><\/span><\/div>\n<div class=\"style23\" style=\"text-align: justify;\"> <span style=\"color: #000000;\"><span style=\"font-family: tahoma,geneva,sans-serif;\"><span style=\"font-size: 12px;\"><strong>&nbsp;&nbsp;&nbsp; Kampet u organizuan n\u00eb Manastirin \u201cFjetja e Hyjlind\u00ebses\u201d n\u00eb Zv\u00ebrnec t\u00eb Vlor\u00ebs dhe n\u00eb Manastirin \u201cSh\u00ebn Gjergji\u201d n\u00eb \u00c7uk\u00eb t\u00eb Sarand\u00eb.<\/strong> \u00c7do dit\u00eb zhvilloheshin sh\u00ebrbesa kishtare si dhe tema shpirt\u00ebrore q\u00eb referoheshin nga katekist\u00ebt ose nga klerik\u00eb e teolog\u00eb t\u00eb ftuar. Programi niste me sh\u00ebrbes\u00ebn e M\u00ebngjesores, duke u pasuar me ngr\u00ebnien e m\u00ebngjesit, vajtjen n\u00eb plazh, drek\u00ebn, koh\u00ebn e pushimit dhe m\u00eb pas me aktivitetet arg\u00ebtuese e sportive. Pasditeve aktiviteti ditor vazhdonte me ngr\u00ebnien e zemr\u00ebs (\u00ebmb\u00eblsira\/fruta) e m\u00eb pas me bisedat shpirt\u00ebrore, gjat\u00eb t\u00eb cilave f\u00ebmij\u00ebt dhe t\u00eb rinjt\u00eb b\u00ebnin shum\u00eb pyetje p\u00ebr t\u00eb m\u00ebsuar edhe m\u00eb shum\u00eb rreth besimit t\u00eb krishter\u00eb orthodhoks.<\/span><\/span><\/span><\/div>\n<div style=\"text-align: justify;\"><span style=\"font-family: tahoma,geneva,sans-serif;\"><span style=\"font-size: 12px;\"><strong>&nbsp;<\/strong><\/span><\/span><\/div>\n<div style=\"text-align: justify;\"><span style=\"font-family: tahoma,geneva,sans-serif;\"><span style=\"font-size: 12px;\"><span style=\"color: #b22222;\"><strong><span class=\"style26\">&nbsp;&nbsp;&nbsp; Kampi I, <\/span><span class=\"style27\">dt. 16-26 qershor<\/span><\/strong><\/span><\/span><\/span><\/div>\n<div style=\"text-align: justify;\">&nbsp;<\/div>\n<div class=\"style23\" style=\"text-align: justify;\"><span style=\"color: #000000;\"><span style=\"font-family: tahoma,geneva,sans-serif;\"><span style=\"font-size: 12px;\">&nbsp;&nbsp;&nbsp; N\u00eb kampin e par\u00eb me f\u00ebmij\u00ebt e mosh\u00ebs 6-13 vje\u00e7, i organizuar n\u00eb datat 16-26 qershor, n\u00eb Zv\u00ebrnec, ishin 180 pjes\u00ebmarr\u00ebs. Ky kamp u dha mund\u00ebsin\u00eb f\u00ebmij\u00ebve t\u00eb njiheshin edhe m\u00eb nga af\u00ebr me besimin ton\u00eb, por edhe me v\u00ebllez\u00ebr orthodhoks\u00eb t\u00eb mosh\u00ebs s\u00eb tyre nga e gjith\u00eb Shqip\u00ebria. Programi ishte rregulluar aq bukur q\u00eb f\u00ebmij\u00ebt t\u00eb pushonin, t\u00eb arg\u00ebtoheshin, t\u00eb njiheshin e t\u00eb miq\u00ebsoheshin me njeri-tjetrin, t\u00eb m\u00ebsonin dhe zhvillonin m\u00eb shum\u00eb p\u00ebrjetimin e tyre rreth besimit.<br \/> <\/span><\/span><\/span><\/div>\n<div class=\"style23\" style=\"text-align: justify;\">&nbsp;<\/div>\n<div class=\"style23\" style=\"text-align: justify;\"><span style=\"color: #000000;\"><span style=\"font-family: tahoma,geneva,sans-serif;\"><span style=\"font-size: 12px;\">&nbsp;&nbsp;&nbsp; Nj\u00eb prej aktiviteteve m\u00eb mbres\u00ebl\u00ebn\u00ebse ishte vizita e tyre m\u00eb 24 qershor n\u00eb Tiran\u00eb, ku u takuan me Kryepiskopin Anastas, duke e fal\u00ebnderuar at\u00eb p\u00ebr kontributin e gjithansh\u00ebm n\u00eb zhvillimin e Kish\u00ebs. Pag\u00ebzimi i shum\u00eb kampist\u00ebve t\u00eb ardhur p\u00ebr her\u00eb t\u00eb par\u00eb n\u00eb k\u00ebt\u00eb kamp ishte nj\u00eb g\u00ebzim i ve\u00e7ant\u00eb p\u00ebr t\u00eb gjith\u00eb. Edhe vizita e Mitropolitit t\u00eb Beratit, Hir\u00ebsi Ignatit, ishte nj\u00eb tjet\u00ebr dit\u00eb p\u00ebr t\u00eb mos u harruar.<\/span><\/span><\/span><\/div>\n<div class=\"style23\" style=\"text-align: justify;\">&nbsp;<\/div>\n<div class=\"style23\" style=\"text-align: justify;\"><span style=\"font-family: tahoma,geneva,sans-serif;\"><span style=\"font-size: 12px;\"><span style=\"color: #b22222;\"><span class=\"style25\"><strong>&nbsp;&nbsp;&nbsp; Kampi n\u00eb Sarand\u00eb<\/strong><\/span><\/span><\/span><\/span><\/div>\n<div class=\"style23\" style=\"text-align: justify;\"> <span style=\"color: #000000;\"><span style=\"font-family: tahoma,geneva,sans-serif;\"><span style=\"font-size: 12px;\">&nbsp;&nbsp;&nbsp; Pas kampit t\u00eb par\u00eb u realizua n\u00eb fillim t\u00eb muajit korrik edhe kampi i djemve n\u00eb \u00c7uk\u00eb t\u00eb Sarand\u00ebs, n\u00eb t\u00eb cilin mor\u00ebn pjes\u00eb rreth 50 djem,&nbsp; kryesisht nx\u00ebn\u00ebsit e shkoll\u00ebs \u201cKryqi i nderuar\u201d n\u00eb Gjirokast\u00ebr si dhe nx\u00ebn\u00ebsit e shkoll\u00ebs s\u00eb mesme teknike \u201cApostull Pavli\u201d n\u00eb Mesopotam, me disa bashk\u00ebmoshatar\u00eb t\u00eb ardhur edhe nga zonat e k\u00ebsaj Mitropolie.<br \/> <\/span><\/span><\/span><\/div>\n<div class=\"style23\" style=\"text-align: justify;\">&nbsp;<\/div>\n<div class=\"style23\" style=\"text-align: justify;\"><span style=\"color: #000000;\"><span style=\"font-family: tahoma,geneva,sans-serif;\"><span style=\"font-size: 12px;\">&nbsp;&nbsp;&nbsp; S\u00eb bashku me Mitropolitin e Gjirokastr\u00ebs, Hir\u00ebsi Dhimitrin, ata m\u00ebsuan m\u00eb shum\u00eb rreth liris\u00eb dhe frik\u00ebs, duke u orientuar n\u00eb m\u00ebsimet e Kish\u00ebs p\u00ebr besimin dhe zbatimin e porosive t\u00eb Zotit. Nj\u00eb dit\u00eb e ve\u00e7ant\u00eb ishte edhe vizita n\u00eb kish\u00ebn e \u201cSh\u00ebn Harallambit\u201d n\u00eb qytetin e Sarand\u00ebs, ku u organizua edhe ceremonia e diplomimit t\u00eb brezit t\u00eb par\u00eb t\u00eb nx\u00ebn\u00ebsve t\u00eb shkoll\u00ebs s\u00eb mesme teknike \u201cApostull Pavli\u201d n\u00eb Mesopotam, q\u00eb p\u00ebrfunduan k\u00ebt\u00eb vit shkollor.<\/span><\/span><\/span><\/div>\n<div class=\"style23\" style=\"text-align: justify;\">&nbsp;<\/div>\n<div style=\"text-align: justify;\"><span style=\"font-family: tahoma,geneva,sans-serif;\"><span style=\"font-size: 12px;\"><span style=\"color: #b22222;\"><strong><span class=\"style26\">&nbsp;&nbsp;&nbsp; Kampi II, <\/span><span class=\"style27\">dt. 11-21 korrik<\/span><\/strong><\/span><\/span><\/span><\/div>\n<div style=\"text-align: justify;\">&nbsp;<\/div>\n<div class=\"style23\" style=\"text-align: justify;\"><span style=\"color: #000000;\"><span style=\"font-family: tahoma,geneva,sans-serif;\"><span style=\"font-size: 12px;\">&nbsp;&nbsp;&nbsp; Kampi i dyt\u00eb i grupmosh\u00ebs 14-18 vje\u00e7 u organizua n\u00eb datat 11-21 korrik, n\u00eb Zv\u00ebrnec, ku mor\u00ebn pjes\u00eb rreth 80 djem. Vet\u00eb programi i k\u00ebtij aktiviteti 10 ditor ishte konceptuar i till\u00eb, p\u00ebr t\u00eb nd\u00ebrthurur veprimtarit\u00eb shpirt\u00ebrore me ato kulturore e arg\u00ebtuese. Thelb\u00ebsore ishin sh\u00ebrbesat kishtare t\u00eb p\u00ebrditshme dhe diskutimet rreth Shkrimit t\u00eb Shenjt\u00eb, rr\u00ebfimet tek At\u00eb Jani Trebicka si edhe pag\u00ebzimi i 20 djemve. Gjithashtu dit\u00ebt ishin t\u00eb mbushura edhe me veprimtari t\u00eb larmishme kulturore e sportive, kampionatet e shahut, ping-pongut, volejbollit, futbollit etj., ku nj\u00eb atmosfer\u00eb t\u00eb ve\u00e7ant\u00eb krijonte edhe radio e improvizuar e kampit.<\/span><\/span><\/span><\/div>\n<div class=\"style23\" style=\"text-align: justify;\"> <span style=\"color: #000000;\"><span style=\"font-family: tahoma,geneva,sans-serif;\"><span style=\"font-size: 12px;\">&nbsp;&nbsp;&nbsp; Drejtues i kampit ishte dhjakon Spiro Kostoli, pedagog i muzik\u00ebs bizantine n\u00eb Akademin\u00eb Teologjike \u201cNgjallja e Krishtit\u201d, n\u00eb Sh. Vlash, i cili ka patur edhe eksperienc\u00eb n\u00eb kampe t\u00eb m\u00ebparsh\u00ebm n\u00eb role t\u00eb ndryshme drejtuese. Nd\u00ebrsa drejtues grupesh ishin student\u00eb t\u00eb Akademis\u00eb Teologjike dhe t\u00eb sapodiplomuar n\u00eb k\u00ebt\u00eb akademi.<\/span><\/span><\/span><\/div>\n<div class=\"style23\" style=\"text-align: justify;\"> <span style=\"color: #000000;\"><span style=\"font-family: tahoma,geneva,sans-serif;\"><span style=\"font-size: 12px;\">&nbsp;&nbsp;&nbsp; Zelli me t\u00eb cilin punoi stafi i tij, si dhe energjit\u00eb e pashtershme t\u00eb t\u00eb rinjve q\u00eb shfaqeshin n\u00eb \u00e7do \u00e7ast t\u00eb kampit, n\u00eb loj\u00ebra, n\u00eb k\u00ebng\u00ebt e ndryshme, n\u00eb temat shpirt\u00ebrore, n\u00eb miq\u00ebsit\u00eb q\u00eb krijuan gjimnazist\u00ebt nd\u00ebrmjet nj\u00ebri-tjetrit, por edhe rritja e tyre shpirt\u00ebrore dhe shija e nj\u00eb bashk\u00ebsie v\u00ebllaz\u00ebrore e krishter\u00eb q\u00eb ata mor\u00ebn ishin nj\u00eb motiv edhe p\u00ebr t\u00eb shpresuar q\u00eb k\u00ebt\u00eb frym\u00eb ata ta vazhdojn\u00eb edhe n\u00eb enorit\u00eb e tyre.<\/span><\/span><\/span><\/div>\n<div class=\"style23\" style=\"text-align: justify;\">&nbsp;<\/div>\n<div style=\"text-align: justify;\"><span style=\"font-family: tahoma,geneva,sans-serif;\"><span style=\"font-size: 12px;\"><span style=\"color: #b22222;\"><strong><span class=\"style26\">&nbsp;&nbsp;&nbsp; Kampi III, <\/span><span class=\"style27\">dt. 25 korrik &#8211; 5 gusht<\/span><\/strong><\/span><\/span><\/span><\/div>\n<div style=\"text-align: justify;\">&nbsp;<\/div>\n<div class=\"style23\" style=\"text-align: justify;\"><span style=\"color: #000000;\"><span style=\"font-family: tahoma,geneva,sans-serif;\"><span style=\"font-size: 12px;\">&nbsp;&nbsp;&nbsp; Kampi i tret\u00eb dhe i fundit q\u00eb u organizua po n\u00eb Zv\u00ebrnec, ishte ai me t\u00eb rinjt\u00eb e mosh\u00ebs 18-25 vje\u00e7 n\u00eb datat 25 korrik deri n\u00eb 5 gusht. Vlen t\u00eb sh\u00ebnohen dy momente t\u00eb ve\u00e7anta; vizita n\u00eb kamp e Mitropolitit t\u00eb Kor\u00e7\u00ebs, Hir\u00ebsi Joanit, i cili foli p\u00ebr disa \u00e7\u00ebshtje t\u00eb besimit si dhe vizita e kampist\u00ebve n\u00eb Tiran\u00eb, n\u00eb kuad\u00ebr t\u00eb 17 vjetorit t\u00eb Fron\u00ebzimit t\u00eb Kryepiskopit Anastas.<br \/> <\/span><\/span><\/span><\/div>\n<div class=\"style23\" style=\"text-align: justify;\">&nbsp;<\/div>\n<div class=\"style23\" style=\"text-align: justify;\"><span style=\"color: #000000;\"><span style=\"font-family: tahoma,geneva,sans-serif;\"><span style=\"font-size: 12px;\">&nbsp; &nbsp; Vlen t\u00eb p\u00ebrmendet gjithashtu edhe pasuria e aktiviteteve brenda kampit q\u00eb ilustroheshin dhe merrnin jehon\u00eb n\u00ebrmjet radios s\u00eb improvizuar t\u00eb kampit. N\u00eb kuadrin shpirt\u00ebror, por jo t\u00eb p\u00ebrditsh\u00ebm, nuk l\u00ebm\u00eb pa p\u00ebrmendur edhe Liturgjin\u00eb Hyjnore t\u00eb s\u00eb diel\u00ebs dhe t\u00eb kremteve, si dhe nj\u00eb dit\u00eb ku kampist\u00ebt pat\u00ebn mund\u00ebsin\u00eb p\u00ebr t\u2019u rr\u00ebfyer tek ati shpirt\u00ebror, At\u00eb Justini, i cili erdhi n\u00eb kamp p\u00ebr t\u00eb ndihmuar n\u00eb rritjen shpirt\u00ebrore t\u00eb pjes\u00ebmarr\u00ebsve.<\/span><\/span><\/span><\/div>\n<div class=\"style23\" style=\"text-align: justify;\">&nbsp;<\/div>\n<div class=\"style23\" style=\"text-align: right;\"><span style=\"color: #000000;\"><span style=\"font-family: tahoma,geneva,sans-serif;\"><span style=\"font-size: 12px;\"><strong>Isidor Koti &amp; Joan Meni<\/strong><\/span><\/span><\/span><\/div>\n<div class=\"style23\" style=\"text-align: left;\">&nbsp;<\/div>\n<div class=\"style23\"><img decoding=\"async\" class=\"lazyload HAa Eha\" style=\"height: 300px; width: 400px; border-width: 1px; border-style: solid; margin: 10px auto; display: block;\" alt=\"\" src=\"data:image\/gif;base64,R0lGODlhAQABAAAAACH5BAEKAAEALAAAAAABAAEAAAICTAEAOw==\" data-orig-src=\"https:\/\/lh3.googleusercontent.com\/-P9iMlkYSDFs\/VJU60xFA7aI\/AAAAAAAAJbk\/FQuTL_c4k8k\/w958-h719-no\/01.JPG\" \/><\/div>\n<div class=\"style23\"><img decoding=\"async\" class=\"lazyload HAa Eha\" style=\"height: 300px; width: 400px; border-width: 1px; border-style: solid; margin: 10px auto; display: block;\" alt=\"\" src=\"data:image\/gif;base64,R0lGODlhAQABAAAAACH5BAEKAAEALAAAAAABAAEAAAICTAEAOw==\" data-orig-src=\"https:\/\/lh4.googleusercontent.com\/-u4pQAlBaHEw\/VJU7JNbAVFI\/AAAAAAAAJdo\/vazfjQr3LPk\/w958-h719-no\/18.JPG\" \/><\/div>\n<div class=\"style23\"><img decoding=\"async\" class=\"lazyload HAa Eha\" style=\"border-width: 1px; border-style: solid; height: 300px; width: 400px; margin: 10px auto; display: block;\" alt=\"\" src=\"data:image\/gif;base64,R0lGODlhAQABAAAAACH5BAEKAAEALAAAAAABAAEAAAICTAEAOw==\" data-orig-src=\"https:\/\/lh4.googleusercontent.com\/-rR1BEvBD0f4\/VJU8RNNE7HI\/AAAAAAAAJh8\/vI9H1XbZrDg\/w958-h719-no\/45.JPG\" \/><\/div>\n<div class=\"style23\"><img decoding=\"async\" class=\"lazyload HAa Eha\" style=\"height: 300px; width: 400px; border-width: 1px; border-style: solid; margin: 10px auto; display: block;\" alt=\"\" src=\"data:image\/gif;base64,R0lGODlhAQABAAAAACH5BAEKAAEALAAAAAABAAEAAAICTAEAOw==\" data-orig-src=\"https:\/\/lh5.googleusercontent.com\/-832GBBzF-TA\/VJU8Wh0_lRI\/AAAAAAAAJiU\/p9V4FsTQiF4\/w958-h719-no\/49.JPG\" \/><\/div>\n<div class=\"style23\"><img decoding=\"async\" class=\"lazyload HAa Eha\" style=\"height: 300px; width: 400px; border-width: 1px; border-style: solid; margin: 10px auto; display: block;\" alt=\"\" src=\"data:image\/gif;base64,R0lGODlhAQABAAAAACH5BAEKAAEALAAAAAABAAEAAAICTAEAOw==\" data-orig-src=\"https:\/\/lh3.googleusercontent.com\/-QxI_7dYIiuI\/VJU8K0Cs9WI\/AAAAAAAAJhg\/qRcpyv2Ugwk\/w958-h719-no\/43.JPG\" \/><\/div>\n<p><img decoding=\"async\" class=\"lazyload HAa Eha\" style=\"height: 300px; width: 400px; border-width: 1px; border-style: solid; margin: 10px auto; display: block;\" alt=\"\" src=\"data:image\/gif;base64,R0lGODlhAQABAAAAACH5BAEKAAEALAAAAAABAAEAAAICTAEAOw==\" data-orig-src=\"https:\/\/lh4.googleusercontent.com\/-syowP9QGVX8\/VJU8U7QBRYI\/AAAAAAAAJiI\/s6r2N1pj0Vo\/w958-h719-no\/47.JPG\" \/><\/p>\n<div class=\"style23\"><img decoding=\"async\" class=\"lazyload HAa Eha\" style=\"height: 299px; width: 400px; border-width: 1px; border-style: solid; margin: 10px auto; display: block;\" alt=\"\" src=\"data:image\/gif;base64,R0lGODlhAQABAAAAACH5BAEKAAEALAAAAAABAAEAAAICTAEAOw==\" data-orig-src=\"https:\/\/lh5.googleusercontent.com\/-VpbDEdNY3Lw\/VJU82AKjq5I\/AAAAAAAAJkI\/ijsti1QRe90\/w958-h717-no\/63.JPG\" \/><\/div>\n<div class=\"style23\"><img decoding=\"async\" class=\"lazyload HAa Eha\" style=\"height: 300px; width: 400px; border-width: 1px; border-style: solid; margin: 10px auto; display: block;\" alt=\"\" src=\"data:image\/gif;base64,R0lGODlhAQABAAAAACH5BAEKAAEALAAAAAABAAEAAAICTAEAOw==\" data-orig-src=\"https:\/\/lh5.googleusercontent.com\/-2K8CQlI_7bM\/VJU8vbZkJCI\/AAAAAAAAJjo\/bi_ASv1qesE\/w958-h719-no\/59.JPG\" \/><\/div>\n<div class=\"style23\"><img decoding=\"async\" class=\"lazyload HAa Eha\" style=\"height: 300px; width: 400px; border-width: 1px; border-style: solid; margin: 10px auto; display: block;\" alt=\"\" src=\"data:image\/gif;base64,R0lGODlhAQABAAAAACH5BAEKAAEALAAAAAABAAEAAAICTAEAOw==\" data-orig-src=\"https:\/\/lh5.googleusercontent.com\/-xBCKCLm5ooo\/VJU8xaWIasI\/AAAAAAAAJjs\/TcO-6FkG-uU\/w958-h719-no\/60.JPG\" \/><\/div>\n<div class=\"style23\"><img decoding=\"async\" class=\"lazyload HAa Eha\" style=\"height: 300px; width: 400px; border-width: 1px; border-style: solid; margin: 10px auto; display: block;\" alt=\"\" src=\"data:image\/gif;base64,R0lGODlhAQABAAAAACH5BAEKAAEALAAAAAABAAEAAAICTAEAOw==\" data-orig-src=\"https:\/\/lh5.googleusercontent.com\/-O_z8JMltG4g\/VJU81vmXp0I\/AAAAAAAAJj8\/G7C2YVDzeoI\/w958-h719-no\/62.JPG\" \/><\/div>\n<div class=\"style23\" style=\"text-align: right;\">&nbsp;<\/div>\n","protected":false},"excerpt":{"rendered":"<p>&#8211; \u201cT\u00eb lir\u00eb nga frika\u201d &#8211; &nbsp; Kampet verore, i ndihmuan djemt\u00eb p\u00ebr t\u00eb jetuar brenda miq\u00ebsis\u00eb s\u00eb krishter\u00eb &nbsp; &nbsp;&nbsp;&nbsp; \u201cT\u00eb lir\u00eb nga frika\u201d. Kjo ishte tema e kampeve verore me djemt\u00eb, n\u00eb vazhd\u00ebn e tradit\u00ebs s\u00eb bukur q\u00eb ndjek vit pas viti aktivitetin m\u00eb t\u00eb r\u00ebnd\u00ebsish\u00ebm t\u00eb stin\u00ebs s\u00eb pushimeve, kur t\u00eb rinjt\u00eb gjejn\u00eb \u00e7lodhjen shpirt\u00ebrore dhe fizike n\u00eb ambientet e Kish\u00ebs son\u00eb.<\/p>\n","protected":false},"author":1,"featured_media":0,"comment_status":"open","ping_status":"open","sticky":false,"template":"","format":"standard","meta":{"_acf_changed":false,"pagelayer_contact_templates":[],"_pagelayer_content":"","inline_featured_image":false,"fifu_image_url":"","fifu_image_alt":"","footnotes":""},"categories":[108],"tags":[145,200,196,212,176],"class_list":["post-709","post","type-post","status-publish","format-standard","hentry","category-lajme","tag-145","tag-kampe-verore","tag-tirane","tag-lajme-d27","tag-rinia-orthodhokse"],"acf":[],"yoast_head":"<!-- This site is optimized with the Yoast SEO plugin v27.2 - https:\/\/yoast.com\/product\/yoast-seo-wordpress\/ -->\n<title>Kampi veror i djemve \u201cRilindja\u201d, 16 qershor - 5 gusht 2009. (2009) - Kisha Orthodh\u03bfkse Autoqefale e Shqip\u00ebris\u00eb<\/title>\n<meta name=\"robots\" content=\"index, follow, max-snippet:-1, max-image-preview:large, max-video-preview:-1\" \/>\n<link rel=\"canonical\" href=\"https:\/\/orthodoxalbania.org\/2020\/2009\/03\/19\/kampi-veror-i-djemve-rilindja-16-qershor-5-gusht-2009-2009\/\" \/>\n<meta property=\"og:locale\" content=\"en_US\" \/>\n<meta property=\"og:type\" content=\"article\" \/>\n<meta property=\"og:title\" content=\"Kampi veror i djemve \u201cRilindja\u201d, 16 qershor - 5 gusht 2009. (2009) - Kisha Orthodh\u03bfkse Autoqefale e Shqip\u00ebris\u00eb\" \/>\n<meta property=\"og:description\" content=\"&#8211; \u201cT\u00eb lir\u00eb nga frika\u201d &#8211; &nbsp; Kampet verore, i ndihmuan djemt\u00eb p\u00ebr t\u00eb jetuar brenda miq\u00ebsis\u00eb s\u00eb krishter\u00eb &nbsp; &nbsp;&nbsp;&nbsp; \u201cT\u00eb lir\u00eb nga frika\u201d. Kjo ishte tema e kampeve verore me djemt\u00eb, n\u00eb vazhd\u00ebn e tradit\u00ebs s\u00eb bukur q\u00eb ndjek vit pas viti aktivitetin m\u00eb t\u00eb r\u00ebnd\u00ebsish\u00ebm t\u00eb stin\u00ebs s\u00eb pushimeve, kur t\u00eb rinjt\u00eb gjejn\u00eb \u00e7lodhjen shpirt\u00ebrore dhe fizike n\u00eb ambientet e Kish\u00ebs son\u00eb.\" \/>\n<meta property=\"og:url\" content=\"https:\/\/orthodoxalbania.org\/2020\/2009\/03\/19\/kampi-veror-i-djemve-rilindja-16-qershor-5-gusht-2009-2009\/\" \/>\n<meta property=\"og:site_name\" content=\"Kisha Orthodh\u03bfkse Autoqefale e Shqip\u00ebris\u00eb\" \/>\n<meta property=\"article:publisher\" content=\"https:\/\/www.facebook.com\/koash1991\" \/>\n<meta property=\"article:published_time\" content=\"2009-03-19T00:00:00+00:00\" \/>\n<meta property=\"article:modified_time\" content=\"2020-04-06T20:35:05+00:00\" \/>\n<meta property=\"og:image\" content=\"https:\/\/lh3.googleusercontent.com\/-P9iMlkYSDFs\/VJU60xFA7aI\/AAAAAAAAJbk\/FQuTL_c4k8k\/w958-h719-no\/01.JPG\" \/>\n<meta name=\"author\" content=\"Kisha Orthodhokse\" \/>\n<meta name=\"twitter:card\" content=\"summary_large_image\" \/>\n<meta name=\"twitter:label1\" content=\"Written by\" \/>\n\t<meta name=\"twitter:data1\" content=\"Kisha Orthodhokse\" \/>\n\t<meta name=\"twitter:label2\" content=\"Est. reading time\" \/>\n\t<meta name=\"twitter:data2\" content=\"6 minutes\" \/>\n<script type=\"application\/ld+json\" class=\"yoast-schema-graph\">{\"@context\":\"https:\/\/schema.org\",\"@graph\":[{\"@type\":\"Article\",\"@id\":\"https:\/\/orthodoxalbania.org\/2020\/2009\/03\/19\/kampi-veror-i-djemve-rilindja-16-qershor-5-gusht-2009-2009\/#article\",\"isPartOf\":{\"@id\":\"https:\/\/orthodoxalbania.org\/2020\/2009\/03\/19\/kampi-veror-i-djemve-rilindja-16-qershor-5-gusht-2009-2009\/\"},\"author\":{\"name\":\"Kisha Orthodhokse\",\"@id\":\"https:\/\/orthodoxalbania.org\/2020\/#\/schema\/person\/0c387634a7063ac612d7ed9ce71c7e86\"},\"headline\":\"Kampi veror i djemve \u201cRilindja\u201d, 16 qershor &#8211; 5 gusht 2009. (2009)\",\"datePublished\":\"2009-03-19T00:00:00+00:00\",\"dateModified\":\"2020-04-06T20:35:05+00:00\",\"mainEntityOfPage\":{\"@id\":\"https:\/\/orthodoxalbania.org\/2020\/2009\/03\/19\/kampi-veror-i-djemve-rilindja-16-qershor-5-gusht-2009-2009\/\"},\"wordCount\":1152,\"commentCount\":0,\"publisher\":{\"@id\":\"https:\/\/orthodoxalbania.org\/2020\/#organization\"},\"image\":{\"@id\":\"https:\/\/orthodoxalbania.org\/2020\/2009\/03\/19\/kampi-veror-i-djemve-rilindja-16-qershor-5-gusht-2009-2009\/#primaryimage\"},\"thumbnailUrl\":\"https:\/\/lh3.googleusercontent.com\/-P9iMlkYSDFs\/VJU60xFA7aI\/AAAAAAAAJbk\/FQuTL_c4k8k\/w958-h719-no\/01.JPG\",\"keywords\":[\"2009\",\"Kampe verore\",\"Kryepiskopata Tiran\u00eb\",\"lajme\",\"Rinia Orthodhokse\"],\"articleSection\":[\"Lajme\"],\"inLanguage\":\"en-US\"},{\"@type\":\"WebPage\",\"@id\":\"https:\/\/orthodoxalbania.org\/2020\/2009\/03\/19\/kampi-veror-i-djemve-rilindja-16-qershor-5-gusht-2009-2009\/\",\"url\":\"https:\/\/orthodoxalbania.org\/2020\/2009\/03\/19\/kampi-veror-i-djemve-rilindja-16-qershor-5-gusht-2009-2009\/\",\"name\":\"Kampi veror i djemve \u201cRilindja\u201d, 16 qershor - 5 gusht 2009. (2009) - Kisha Orthodh\u03bfkse Autoqefale e Shqip\u00ebris\u00eb\",\"isPartOf\":{\"@id\":\"https:\/\/orthodoxalbania.org\/2020\/#website\"},\"primaryImageOfPage\":{\"@id\":\"https:\/\/orthodoxalbania.org\/2020\/2009\/03\/19\/kampi-veror-i-djemve-rilindja-16-qershor-5-gusht-2009-2009\/#primaryimage\"},\"image\":{\"@id\":\"https:\/\/orthodoxalbania.org\/2020\/2009\/03\/19\/kampi-veror-i-djemve-rilindja-16-qershor-5-gusht-2009-2009\/#primaryimage\"},\"thumbnailUrl\":\"https:\/\/lh3.googleusercontent.com\/-P9iMlkYSDFs\/VJU60xFA7aI\/AAAAAAAAJbk\/FQuTL_c4k8k\/w958-h719-no\/01.JPG\",\"datePublished\":\"2009-03-19T00:00:00+00:00\",\"dateModified\":\"2020-04-06T20:35:05+00:00\",\"breadcrumb\":{\"@id\":\"https:\/\/orthodoxalbania.org\/2020\/2009\/03\/19\/kampi-veror-i-djemve-rilindja-16-qershor-5-gusht-2009-2009\/#breadcrumb\"},\"inLanguage\":\"en-US\",\"potentialAction\":[{\"@type\":\"ReadAction\",\"target\":[\"https:\/\/orthodoxalbania.org\/2020\/2009\/03\/19\/kampi-veror-i-djemve-rilindja-16-qershor-5-gusht-2009-2009\/\"]}]},{\"@type\":\"ImageObject\",\"inLanguage\":\"en-US\",\"@id\":\"https:\/\/orthodoxalbania.org\/2020\/2009\/03\/19\/kampi-veror-i-djemve-rilindja-16-qershor-5-gusht-2009-2009\/#primaryimage\",\"url\":\"https:\/\/lh3.googleusercontent.com\/-P9iMlkYSDFs\/VJU60xFA7aI\/AAAAAAAAJbk\/FQuTL_c4k8k\/w958-h719-no\/01.JPG\",\"contentUrl\":\"https:\/\/lh3.googleusercontent.com\/-P9iMlkYSDFs\/VJU60xFA7aI\/AAAAAAAAJbk\/FQuTL_c4k8k\/w958-h719-no\/01.JPG\"},{\"@type\":\"BreadcrumbList\",\"@id\":\"https:\/\/orthodoxalbania.org\/2020\/2009\/03\/19\/kampi-veror-i-djemve-rilindja-16-qershor-5-gusht-2009-2009\/#breadcrumb\",\"itemListElement\":[{\"@type\":\"ListItem\",\"position\":1,\"name\":\"Home\",\"item\":\"https:\/\/orthodoxalbania.org\/2020\/\"},{\"@type\":\"ListItem\",\"position\":2,\"name\":\"Kampi veror i djemve \u201cRilindja\u201d, 16 qershor &#8211; 5 gusht 2009. (2009)\"}]},{\"@type\":\"WebSite\",\"@id\":\"https:\/\/orthodoxalbania.org\/2020\/#website\",\"url\":\"https:\/\/orthodoxalbania.org\/2020\/\",\"name\":\"Kisha Orthodh\u03bfkse Autoqefale e Shqip\u00ebris\u00eb\",\"description\":\"Fqja Zyrtare e Kish\u00ebs Orthodhokse Autoqefale e Shqip\u00ebris\u00eb me lajmet edhe informacionet zyrtare p\u00ebr struktur\u00ebn edhe veprimtarin e saj.\",\"publisher\":{\"@id\":\"https:\/\/orthodoxalbania.org\/2020\/#organization\"},\"potentialAction\":[{\"@type\":\"SearchAction\",\"target\":{\"@type\":\"EntryPoint\",\"urlTemplate\":\"https:\/\/orthodoxalbania.org\/2020\/?s={search_term_string}\"},\"query-input\":{\"@type\":\"PropertyValueSpecification\",\"valueRequired\":true,\"valueName\":\"search_term_string\"}}],\"inLanguage\":\"en-US\"},{\"@type\":\"Organization\",\"@id\":\"https:\/\/orthodoxalbania.org\/2020\/#organization\",\"name\":\"Kisha Orthodhokse Autoqefale e Shqip\u00ebris\u00eb\",\"url\":\"https:\/\/orthodoxalbania.org\/2020\/\",\"logo\":{\"@type\":\"ImageObject\",\"inLanguage\":\"en-US\",\"@id\":\"https:\/\/orthodoxalbania.org\/2020\/#\/schema\/logo\/image\/\",\"url\":\"https:\/\/orthodoxalbania.org\/2020\/wp-content\/uploads\/2020\/05\/albania.jpeg\",\"contentUrl\":\"https:\/\/orthodoxalbania.org\/2020\/wp-content\/uploads\/2020\/05\/albania.jpeg\",\"width\":540,\"height\":540,\"caption\":\"Kisha Orthodhokse Autoqefale e Shqip\u00ebris\u00eb\"},\"image\":{\"@id\":\"https:\/\/orthodoxalbania.org\/2020\/#\/schema\/logo\/image\/\"},\"sameAs\":[\"https:\/\/www.facebook.com\/koash1991\"]},{\"@type\":\"Person\",\"@id\":\"https:\/\/orthodoxalbania.org\/2020\/#\/schema\/person\/0c387634a7063ac612d7ed9ce71c7e86\",\"name\":\"Kisha Orthodhokse\",\"image\":{\"@type\":\"ImageObject\",\"inLanguage\":\"en-US\",\"@id\":\"https:\/\/secure.gravatar.com\/avatar\/596e7c417251e30f2fbb9c00e026fce61a695a00e51c889caded71c96cbbdde5?s=96&d=mm&r=g\",\"url\":\"https:\/\/secure.gravatar.com\/avatar\/596e7c417251e30f2fbb9c00e026fce61a695a00e51c889caded71c96cbbdde5?s=96&d=mm&r=g\",\"contentUrl\":\"https:\/\/secure.gravatar.com\/avatar\/596e7c417251e30f2fbb9c00e026fce61a695a00e51c889caded71c96cbbdde5?s=96&d=mm&r=g\",\"caption\":\"Kisha Orthodhokse\"}}]}<\/script>\n<!-- \/ Yoast SEO plugin. -->","yoast_head_json":{"title":"Kampi veror i djemve \u201cRilindja\u201d, 16 qershor - 5 gusht 2009. (2009) - Kisha Orthodh\u03bfkse Autoqefale e Shqip\u00ebris\u00eb","robots":{"index":"index","follow":"follow","max-snippet":"max-snippet:-1","max-image-preview":"max-image-preview:large","max-video-preview":"max-video-preview:-1"},"canonical":"https:\/\/orthodoxalbania.org\/2020\/2009\/03\/19\/kampi-veror-i-djemve-rilindja-16-qershor-5-gusht-2009-2009\/","og_locale":"en_US","og_type":"article","og_title":"Kampi veror i djemve \u201cRilindja\u201d, 16 qershor - 5 gusht 2009. (2009) - Kisha Orthodh\u03bfkse Autoqefale e Shqip\u00ebris\u00eb","og_description":"&#8211; \u201cT\u00eb lir\u00eb nga frika\u201d &#8211; &nbsp; Kampet verore, i ndihmuan djemt\u00eb p\u00ebr t\u00eb jetuar brenda miq\u00ebsis\u00eb s\u00eb krishter\u00eb &nbsp; &nbsp;&nbsp;&nbsp; \u201cT\u00eb lir\u00eb nga frika\u201d. Kjo ishte tema e kampeve verore me djemt\u00eb, n\u00eb vazhd\u00ebn e tradit\u00ebs s\u00eb bukur q\u00eb ndjek vit pas viti aktivitetin m\u00eb t\u00eb r\u00ebnd\u00ebsish\u00ebm t\u00eb stin\u00ebs s\u00eb pushimeve, kur t\u00eb rinjt\u00eb gjejn\u00eb \u00e7lodhjen shpirt\u00ebrore dhe fizike n\u00eb ambientet e Kish\u00ebs son\u00eb.","og_url":"https:\/\/orthodoxalbania.org\/2020\/2009\/03\/19\/kampi-veror-i-djemve-rilindja-16-qershor-5-gusht-2009-2009\/","og_site_name":"Kisha Orthodh\u03bfkse Autoqefale e Shqip\u00ebris\u00eb","article_publisher":"https:\/\/www.facebook.com\/koash1991","article_published_time":"2009-03-19T00:00:00+00:00","article_modified_time":"2020-04-06T20:35:05+00:00","og_image":[{"url":"https:\/\/lh3.googleusercontent.com\/-P9iMlkYSDFs\/VJU60xFA7aI\/AAAAAAAAJbk\/FQuTL_c4k8k\/w958-h719-no\/01.JPG","type":"","width":"","height":""}],"author":"Kisha Orthodhokse","twitter_card":"summary_large_image","twitter_misc":{"Written by":"Kisha Orthodhokse","Est. reading time":"6 minutes"},"schema":{"@context":"https:\/\/schema.org","@graph":[{"@type":"Article","@id":"https:\/\/orthodoxalbania.org\/2020\/2009\/03\/19\/kampi-veror-i-djemve-rilindja-16-qershor-5-gusht-2009-2009\/#article","isPartOf":{"@id":"https:\/\/orthodoxalbania.org\/2020\/2009\/03\/19\/kampi-veror-i-djemve-rilindja-16-qershor-5-gusht-2009-2009\/"},"author":{"name":"Kisha Orthodhokse","@id":"https:\/\/orthodoxalbania.org\/2020\/#\/schema\/person\/0c387634a7063ac612d7ed9ce71c7e86"},"headline":"Kampi veror i djemve \u201cRilindja\u201d, 16 qershor &#8211; 5 gusht 2009. (2009)","datePublished":"2009-03-19T00:00:00+00:00","dateModified":"2020-04-06T20:35:05+00:00","mainEntityOfPage":{"@id":"https:\/\/orthodoxalbania.org\/2020\/2009\/03\/19\/kampi-veror-i-djemve-rilindja-16-qershor-5-gusht-2009-2009\/"},"wordCount":1152,"commentCount":0,"publisher":{"@id":"https:\/\/orthodoxalbania.org\/2020\/#organization"},"image":{"@id":"https:\/\/orthodoxalbania.org\/2020\/2009\/03\/19\/kampi-veror-i-djemve-rilindja-16-qershor-5-gusht-2009-2009\/#primaryimage"},"thumbnailUrl":"https:\/\/lh3.googleusercontent.com\/-P9iMlkYSDFs\/VJU60xFA7aI\/AAAAAAAAJbk\/FQuTL_c4k8k\/w958-h719-no\/01.JPG","keywords":["2009","Kampe verore","Kryepiskopata Tiran\u00eb","lajme","Rinia Orthodhokse"],"articleSection":["Lajme"],"inLanguage":"en-US"},{"@type":"WebPage","@id":"https:\/\/orthodoxalbania.org\/2020\/2009\/03\/19\/kampi-veror-i-djemve-rilindja-16-qershor-5-gusht-2009-2009\/","url":"https:\/\/orthodoxalbania.org\/2020\/2009\/03\/19\/kampi-veror-i-djemve-rilindja-16-qershor-5-gusht-2009-2009\/","name":"Kampi veror i djemve \u201cRilindja\u201d, 16 qershor - 5 gusht 2009. (2009) - Kisha Orthodh\u03bfkse Autoqefale e Shqip\u00ebris\u00eb","isPartOf":{"@id":"https:\/\/orthodoxalbania.org\/2020\/#website"},"primaryImageOfPage":{"@id":"https:\/\/orthodoxalbania.org\/2020\/2009\/03\/19\/kampi-veror-i-djemve-rilindja-16-qershor-5-gusht-2009-2009\/#primaryimage"},"image":{"@id":"https:\/\/orthodoxalbania.org\/2020\/2009\/03\/19\/kampi-veror-i-djemve-rilindja-16-qershor-5-gusht-2009-2009\/#primaryimage"},"thumbnailUrl":"https:\/\/lh3.googleusercontent.com\/-P9iMlkYSDFs\/VJU60xFA7aI\/AAAAAAAAJbk\/FQuTL_c4k8k\/w958-h719-no\/01.JPG","datePublished":"2009-03-19T00:00:00+00:00","dateModified":"2020-04-06T20:35:05+00:00","breadcrumb":{"@id":"https:\/\/orthodoxalbania.org\/2020\/2009\/03\/19\/kampi-veror-i-djemve-rilindja-16-qershor-5-gusht-2009-2009\/#breadcrumb"},"inLanguage":"en-US","potentialAction":[{"@type":"ReadAction","target":["https:\/\/orthodoxalbania.org\/2020\/2009\/03\/19\/kampi-veror-i-djemve-rilindja-16-qershor-5-gusht-2009-2009\/"]}]},{"@type":"ImageObject","inLanguage":"en-US","@id":"https:\/\/orthodoxalbania.org\/2020\/2009\/03\/19\/kampi-veror-i-djemve-rilindja-16-qershor-5-gusht-2009-2009\/#primaryimage","url":"https:\/\/lh3.googleusercontent.com\/-P9iMlkYSDFs\/VJU60xFA7aI\/AAAAAAAAJbk\/FQuTL_c4k8k\/w958-h719-no\/01.JPG","contentUrl":"https:\/\/lh3.googleusercontent.com\/-P9iMlkYSDFs\/VJU60xFA7aI\/AAAAAAAAJbk\/FQuTL_c4k8k\/w958-h719-no\/01.JPG"},{"@type":"BreadcrumbList","@id":"https:\/\/orthodoxalbania.org\/2020\/2009\/03\/19\/kampi-veror-i-djemve-rilindja-16-qershor-5-gusht-2009-2009\/#breadcrumb","itemListElement":[{"@type":"ListItem","position":1,"name":"Home","item":"https:\/\/orthodoxalbania.org\/2020\/"},{"@type":"ListItem","position":2,"name":"Kampi veror i djemve \u201cRilindja\u201d, 16 qershor &#8211; 5 gusht 2009. (2009)"}]},{"@type":"WebSite","@id":"https:\/\/orthodoxalbania.org\/2020\/#website","url":"https:\/\/orthodoxalbania.org\/2020\/","name":"Kisha Orthodh\u03bfkse Autoqefale e Shqip\u00ebris\u00eb","description":"Fqja Zyrtare e Kish\u00ebs Orthodhokse Autoqefale e Shqip\u00ebris\u00eb me lajmet edhe informacionet zyrtare p\u00ebr struktur\u00ebn edhe veprimtarin e saj.","publisher":{"@id":"https:\/\/orthodoxalbania.org\/2020\/#organization"},"potentialAction":[{"@type":"SearchAction","target":{"@type":"EntryPoint","urlTemplate":"https:\/\/orthodoxalbania.org\/2020\/?s={search_term_string}"},"query-input":{"@type":"PropertyValueSpecification","valueRequired":true,"valueName":"search_term_string"}}],"inLanguage":"en-US"},{"@type":"Organization","@id":"https:\/\/orthodoxalbania.org\/2020\/#organization","name":"Kisha Orthodhokse Autoqefale e Shqip\u00ebris\u00eb","url":"https:\/\/orthodoxalbania.org\/2020\/","logo":{"@type":"ImageObject","inLanguage":"en-US","@id":"https:\/\/orthodoxalbania.org\/2020\/#\/schema\/logo\/image\/","url":"https:\/\/orthodoxalbania.org\/2020\/wp-content\/uploads\/2020\/05\/albania.jpeg","contentUrl":"https:\/\/orthodoxalbania.org\/2020\/wp-content\/uploads\/2020\/05\/albania.jpeg","width":540,"height":540,"caption":"Kisha Orthodhokse Autoqefale e Shqip\u00ebris\u00eb"},"image":{"@id":"https:\/\/orthodoxalbania.org\/2020\/#\/schema\/logo\/image\/"},"sameAs":["https:\/\/www.facebook.com\/koash1991"]},{"@type":"Person","@id":"https:\/\/orthodoxalbania.org\/2020\/#\/schema\/person\/0c387634a7063ac612d7ed9ce71c7e86","name":"Kisha Orthodhokse","image":{"@type":"ImageObject","inLanguage":"en-US","@id":"https:\/\/secure.gravatar.com\/avatar\/596e7c417251e30f2fbb9c00e026fce61a695a00e51c889caded71c96cbbdde5?s=96&d=mm&r=g","url":"https:\/\/secure.gravatar.com\/avatar\/596e7c417251e30f2fbb9c00e026fce61a695a00e51c889caded71c96cbbdde5?s=96&d=mm&r=g","contentUrl":"https:\/\/secure.gravatar.com\/avatar\/596e7c417251e30f2fbb9c00e026fce61a695a00e51c889caded71c96cbbdde5?s=96&d=mm&r=g","caption":"Kisha Orthodhokse"}}]}},"_links":{"self":[{"href":"https:\/\/orthodoxalbania.org\/2020\/wp-json\/wp\/v2\/posts\/709","targetHints":{"allow":["GET"]}}],"collection":[{"href":"https:\/\/orthodoxalbania.org\/2020\/wp-json\/wp\/v2\/posts"}],"about":[{"href":"https:\/\/orthodoxalbania.org\/2020\/wp-json\/wp\/v2\/types\/post"}],"author":[{"embeddable":true,"href":"https:\/\/orthodoxalbania.org\/2020\/wp-json\/wp\/v2\/users\/1"}],"replies":[{"embeddable":true,"href":"https:\/\/orthodoxalbania.org\/2020\/wp-json\/wp\/v2\/comments?post=709"}],"version-history":[{"count":1,"href":"https:\/\/orthodoxalbania.org\/2020\/wp-json\/wp\/v2\/posts\/709\/revisions"}],"predecessor-version":[{"id":15590,"href":"https:\/\/orthodoxalbania.org\/2020\/wp-json\/wp\/v2\/posts\/709\/revisions\/15590"}],"wp:attachment":[{"href":"https:\/\/orthodoxalbania.org\/2020\/wp-json\/wp\/v2\/media?parent=709"}],"wp:term":[{"taxonomy":"category","embeddable":true,"href":"https:\/\/orthodoxalbania.org\/2020\/wp-json\/wp\/v2\/categories?post=709"},{"taxonomy":"post_tag","embeddable":true,"href":"https:\/\/orthodoxalbania.org\/2020\/wp-json\/wp\/v2\/tags?post=709"}],"curies":[{"name":"wp","href":"https:\/\/api.w.org\/{rel}","templated":true}]}}