{"id":708,"date":"2009-03-19T00:00:00","date_gmt":"2009-03-19T00:00:00","guid":{"rendered":""},"modified":"2020-04-06T22:35:05","modified_gmt":"2020-04-06T20:35:05","slug":"kampi-rinor-rikthim-per-ne-shtepine-aterore-nje-reflektim-me-shume-ne-udhetimin-drejt-zotit-2009","status":"publish","type":"post","link":"https:\/\/orthodoxalbania.org\/2020\/2009\/03\/19\/kampi-rinor-rikthim-per-ne-shtepine-aterore-nje-reflektim-me-shume-ne-udhetimin-drejt-zotit-2009\/","title":{"rendered":"Kampi rinor \u201cRikthim p\u00ebr n\u00eb sht\u00ebpin\u00eb At\u00ebrore\u201d nj\u00eb reflektim m\u00eb shum\u00eb n\u00eb udh\u00ebtimin drejt Zotit. (2009)"},"content":{"rendered":"<table style=\"width: 859px; height: 2197px;\" border=\"0\">\n<tbody>\n<tr>\n<td>\n<div><span style=\"color: #000000;\"><span style=\"font-family: tahoma,geneva,sans-serif;\"><span style=\"font-size: 12px;\"><img decoding=\"async\" class=\"lazyload HAa Eha\" style=\"border-width: 1px; border-style: solid; margin: 10px auto; display: block;\" alt=\"\" src=\"data:image\/gif;base64,R0lGODlhAQABAAAAACH5BAEKAAEALAAAAAABAAEAAAICTAEAOw==\" data-orig-src=\"https:\/\/lh3.googleusercontent.com\/-4HGuDKx6sRQ\/VJPSXi6ashI\/AAAAAAAAIwA\/QAp6QMjVnsw\/w448-h336-no\/1.JPG\" \/><\/span><\/span><\/span><\/div>\n<\/td>\n<td style=\"text-align: justify;\">\n<div><span style=\"color: #000000;\"><span style=\"font-family: tahoma,geneva,sans-serif;\"><span style=\"font-size: 12px;\"><span class=\"style4\">&nbsp;&nbsp;&nbsp; Me bekimin e Fortlumturis\u00eb s\u00eb Tij Imzot Anastasit, n\u00eb datat 3-5 Prill 2009, n\u00eb Qendr\u00ebn Thavor t\u00eb Kish\u00ebs son\u00eb u zhvillua kampi p\u00ebr vajza me tem\u00eb: \u201cRikthim p\u00ebr n\u00eb sht\u00ebpin\u00eb At\u00ebrore\u201d. Gjat\u00eb k\u00ebsaj fundjave, 70 vajza nga zona t\u00eb ndryshme t\u00eb Shqip\u00ebris\u00eb t\u00eb mosh\u00ebs 13-22 vje\u00e7e, ndoq\u00ebn programin e p\u00ebrgatitur n\u00eb p\u00ebrshtatje me periudh\u00ebn e Kreshm\u00ebs dhe Pashk\u00ebs s\u00eb Madhe.<\/span><\/span><\/span><\/span><\/div>\n<\/td>\n<\/tr>\n<tr>\n<td>\n<div class=\"style5\" style=\"text-align: justify;\"><span style=\"color: #000000;\"><span style=\"font-family: tahoma,geneva,sans-serif;\"><span style=\"font-size: 12px;\">&nbsp;&nbsp;&nbsp; Ky kamp u drejtua nga Elisabeta Shqau dhe Parashqevi Gega, studente t\u00eb vitit t\u00eb fundit n\u00eb Akademin\u00eb Teologjike \u201cNgjallja e Krishtit\u201d, sh\u00ebn Vlash, Durr\u00ebs. Nd\u00ebrsa pes\u00eb vajza t\u00eb tjera nga Akademia Teologjike ofruan ndihmes\u00ebn e tyre si drejtuese grupesh. T\u00eb gjitha vajzat pjes\u00ebmarr\u00ebse u pajis\u00ebn me materiale t\u00eb ndryshme si: libri \u201cPajtimi yn\u00eb me Per\u00ebndin\u00eb\u201d, Himni Akathist, bllok, stilolaps dhe nj\u00eb ikon\u00eb prej druri, t\u00eb cilat ndihmojn\u00eb n\u00eb rritjen m\u00eb Zotin.<\/span><\/span><\/span><\/div>\n<\/td>\n<td>\n<div><span style=\"color: #000000;\"><span style=\"font-family: tahoma,geneva,sans-serif;\"><span style=\"font-size: 12px;\"><img decoding=\"async\" class=\"lazyload HAa Eha\" style=\"border-width: 1px; border-style: solid; margin: 10px auto; display: block;\" alt=\"\" src=\"data:image\/gif;base64,R0lGODlhAQABAAAAACH5BAEKAAEALAAAAAABAAEAAAICTAEAOw==\" data-orig-src=\"https:\/\/lh4.googleusercontent.com\/-01vYeiWPJt8\/VJPSX4XSlmI\/AAAAAAAAIwM\/p18Ft3NrorM\/w448-h336-no\/2.JPG\" \/><\/span><\/span><\/span><\/div>\n<\/td>\n<\/tr>\n<tr>\n<td>\n<div><span style=\"color: #000000;\"><span style=\"font-family: tahoma,geneva,sans-serif;\"><span style=\"font-size: 12px;\"><img decoding=\"async\" class=\"lazyload HAa Eha\" style=\"border-width: 1px; border-style: solid; margin: 10px auto; display: block;\" alt=\"\" src=\"data:image\/gif;base64,R0lGODlhAQABAAAAACH5BAEKAAEALAAAAAABAAEAAAICTAEAOw==\" data-orig-src=\"https:\/\/lh6.googleusercontent.com\/-TdkMpUkdkH8\/VJPSXlLz8LI\/AAAAAAAAIwQ\/10BHc0towcY\/w448-h336-no\/3.JPG\" \/><\/span><\/span><\/span><\/div>\n<\/td>\n<td style=\"text-align: justify;\">\n<div><span style=\"color: #000000;\"><span style=\"font-family: tahoma,geneva,sans-serif;\"><span style=\"font-size: 12px;\"><span class=\"style6\">&nbsp;&nbsp;&nbsp; Programi p\u00ebrmbante sh\u00ebrbes\u00ebn e Himnit Akathist ku t\u00eb gjitha vajzat u bashkuan me komunitetin e Tiran\u00ebs n\u00eb Kish\u00ebn \u201cUngjill\u00ebzimi i Per\u00ebndilind\u00ebses\u201d, vizit\u00ebn n\u00eb Manastirin e Hirsh\u00ebm t\u00eb sh\u00ebn Vlashit dhe takimin me Hir\u00ebsi Nikoll\u00ebn, i cili drejtoi bised\u00ebn me tem\u00eb: \u201cT\u00eb jemi gjithmon\u00eb t\u00eb g\u00ebzuar me ato q\u00eb kemi \u2013 duke pasur n\u00eb zem\u00ebr vul\u00ebn e fal\u00ebnderimit dhe mir\u00ebnjohjes ndaj Zotit p\u00ebr t\u00eb gjitha\u201d, vizit\u00ebn n\u00eb Sht\u00ebpin\u00eb e F\u00ebmij\u00ebve t\u00eb Shpres\u00ebs, ku f\u00ebmij\u00ebt na p\u00ebrsh\u00ebndet\u00ebn me nj\u00eb program t\u00eb g\u00ebzuar me k\u00ebng\u00eb e vjersha, nd\u00ebrsa vajzat e kampit ofruan p\u00ebr ta dhurata t\u00eb ndryshme. <\/span><\/span><\/span><\/span><\/div>\n<\/td>\n<\/tr>\n<tr>\n<td>\n<div><span style=\"color: #000000;\"><span style=\"font-family: tahoma,geneva,sans-serif;\"><span style=\"font-size: 12px;\"><span class=\"style7\">&nbsp;&nbsp;&nbsp;<\/span><\/span><\/span><\/span><\/div>\n<div style=\"text-align: justify;\"><span style=\"color: #000000;\"><span style=\"font-family: tahoma,geneva,sans-serif;\"><span style=\"font-size: 12px;\">&nbsp;&nbsp;&nbsp; <span class=\"style10\">M\u00eb pas vizita vazhdoi n\u00eb Malin e Lum\u00ebrimeve, n\u00eb shkoll\u00ebn \u201cKryqi i nderuar\u201d n\u00eb Sukth.<br \/> <\/span><\/span><\/span><\/span><\/div>\n<div style=\"text-align: justify;\">&nbsp;<\/div>\n<div style=\"text-align: justify;\"><span style=\"color: #000000;\"><span style=\"font-family: tahoma,geneva,sans-serif;\"><span style=\"font-size: 12px;\"><span class=\"style10\">&nbsp;&nbsp;&nbsp; Takimet n\u00eb grupe dhe diskutimet mbi temat e p\u00ebrzgjedhura nga libri \u201cPajtimi yn\u00eb me Per\u00ebndin\u00eb\u201d ndihmoi q\u00eb t\u00eb m\u00ebsojm\u00eb m\u00eb shum\u00eb p\u00ebr periudh\u00ebn e Kreshm\u00ebs dhe thirrjen q\u00eb na b\u00ebn Kisha p\u00ebr kthim te Zoti q\u00eb s\u00eb shpejti do t\u2019i ofrohet p\u00ebsimeve t\u00eb m\u00ebdha p\u00ebr shp\u00ebtimin ton\u00eb.<\/span><\/span><\/span><\/span><\/div>\n<\/td>\n<td>\n<div><span style=\"color: #000000;\"><span style=\"font-family: tahoma,geneva,sans-serif;\"><span style=\"font-size: 12px;\"><img decoding=\"async\" class=\"lazyload HAa Eha\" style=\"border-width: 1px; border-style: solid; margin: 10px auto; display: block;\" alt=\"\" src=\"data:image\/gif;base64,R0lGODlhAQABAAAAACH5BAEKAAEALAAAAAABAAEAAAICTAEAOw==\" data-orig-src=\"https:\/\/lh3.googleusercontent.com\/-QgrHg8CDes4\/VJPSYGOeKAI\/AAAAAAAAIwE\/NW6cYV9CBNY\/w448-h336-no\/4.JPG\" \/><\/span><\/span><\/span><\/div>\n<\/td>\n<\/tr>\n<tr>\n<td>\n<div><span style=\"color: #000000;\"><span style=\"font-family: tahoma,geneva,sans-serif;\"><span style=\"font-size: 12px;\"><img decoding=\"async\" class=\"lazyload HAa Eha\" style=\"border-width: 1px; border-style: solid; margin: 10px auto; display: block;\" alt=\"\" src=\"data:image\/gif;base64,R0lGODlhAQABAAAAACH5BAEKAAEALAAAAAABAAEAAAICTAEAOw==\" data-orig-src=\"https:\/\/lh3.googleusercontent.com\/-lmHuf_wFdlw\/VJPTiJLyfUI\/AAAAAAAAIwg\/NH2kWfgDcqU\/w448-h336-no\/5.JPG\" \/><\/span><\/span><\/span><\/div>\n<\/td>\n<td style=\"text-align: justify;\">\n<div><span style=\"color: #000000;\"><span style=\"font-family: tahoma,geneva,sans-serif;\"><span style=\"font-size: 12px;\"><span class=\"style8\">&nbsp;&nbsp;&nbsp; Programi i mbr\u00ebmjes t\u00eb s\u00eb shtun\u00ebs p\u00ebrmbante prezantimin e secilit grup, i cili me drama, k\u00ebng\u00eb e poezi paraqiti para vajzave t\u00eb tjera ato q\u00eb m\u00ebsoi gjat\u00eb takimit n\u00eb grup n\u00eb lidhje me udh\u00ebtimin gjat\u00eb t\u00eb Dielave t\u00eb Kreshm\u00ebs dhe me P\u00ebsimet e Zotit.<\/span><\/span><\/span><\/span><\/div>\n<\/td>\n<\/tr>\n<tr>\n<td style=\"text-align: justify;\">\n<div><span style=\"color: #000000;\"><span style=\"font-family: tahoma,geneva,sans-serif;\"><span style=\"font-size: 12px;\"><span class=\"style11\">&nbsp;&nbsp;&nbsp; Lutja e fal\u00ebnderimit mbylli programin e dit\u00ebs s\u00eb shtun\u00eb. Kampi u kuror\u00ebzua me Liturgjin\u00eb Hyjnore t\u00eb dit\u00ebs s\u00eb diel, ku t\u00eb gjith\u00eb vajzat pjes\u00ebmarr\u00ebse u bashkuan edhe nj\u00eb her\u00eb me komunitetin e Tiran\u00ebs n\u00eb Kish\u00ebn e Ungjill\u00ebzimit. \u201cSa mir\u00eb kur v\u00ebllez\u00ebrit banojn\u00eb bashk\u00eb\u201d, dhe m\u00ebsojn\u00eb e kujtojn\u00eb ligjin e Zotit dhe t\u00ebr\u00eb mir\u00ebsit\u00eb e Tij. Kjo koh\u00eb e bekuar s\u00eb bashku na b\u00ebri t\u00eb reflektojm\u00eb m\u00eb shum\u00eb p\u00ebr udh\u00ebtimin ton\u00eb drejt Zotit t\u00eb Ngjallur dhe t\u00eb mendojm\u00eb si t\u00eb rikthehemi \u00e7do dit\u00eb e m\u00eb shum\u00eb te dashuria e tij e pafund p\u00ebr ne.<\/span><\/span><\/span><\/span><\/div>\n<\/td>\n<td>\n<div><span style=\"color: #000000;\"><span style=\"font-family: tahoma,geneva,sans-serif;\"><span style=\"font-size: 12px;\"><img decoding=\"async\" class=\"lazyload HAa Eha\" style=\"border-width: 1px; border-style: solid; margin: 10px auto; display: block;\" alt=\"\" src=\"data:image\/gif;base64,R0lGODlhAQABAAAAACH5BAEKAAEALAAAAAABAAEAAAICTAEAOw==\" data-orig-src=\"https:\/\/lh5.googleusercontent.com\/-Qr7OAcU5Ag0\/VJPSYXK5-NI\/AAAAAAAAIwI\/ON3TfGQAcp0\/w448-h336-no\/6.JPG\" \/><\/span><\/span><\/span><\/div>\n<\/td>\n<\/tr>\n<tr>\n<td style=\"text-align: right;\">\n<div>&nbsp;<\/div>\n<\/td>\n<\/tr>\n<\/tbody>\n<\/table>\n<div style=\"text-align: right;\"><span style=\"color: #000000;\"><span style=\"font-family: tahoma,geneva,sans-serif;\"><span style=\"font-size: 12px;\"><span class=\"style9\"><strong>Elisabeta Shqau<\/strong><\/span><\/span><\/span><\/span><\/div>\n<div style=\"text-align: right;\"><span style=\"color: #000000;\"><span style=\"font-family: tahoma,geneva,sans-serif;\"><span style=\"font-size: 12px;\"><span class=\"style12\">Studente n\u00eb Akademin\u00eb Teologjike<\/span><\/span><\/span><\/span><\/div>\n<div>&nbsp;<\/div>\n","protected":false},"excerpt":{"rendered":"<p>&nbsp;&nbsp;&nbsp; Me bekimin e Fortlumturis\u00eb s\u00eb Tij Imzot Anastasit, n\u00eb datat 3-5 Prill 2009, n\u00eb Qendr\u00ebn Thavor t\u00eb Kish\u00ebs son\u00eb u zhvillua kampi p\u00ebr vajza me tem\u00eb: \u201cRikthim p\u00ebr n\u00eb sht\u00ebpin\u00eb At\u00ebrore\u201d. Gjat\u00eb k\u00ebsaj fundjave, 70 vajza nga zona t\u00eb ndryshme t\u00eb Shqip\u00ebris\u00eb t\u00eb mosh\u00ebs 13-22 vje\u00e7e, ndoq\u00ebn programin e p\u00ebrgatitur n\u00eb p\u00ebrshtatje me periudh\u00ebn e Kreshm\u00ebs dhe Pashk\u00ebs s\u00eb Madhe. &nbsp;&nbsp;&nbsp; Ky kamp u<\/p>\n","protected":false},"author":1,"featured_media":0,"comment_status":"open","ping_status":"open","sticky":false,"template":"","format":"standard","meta":{"_acf_changed":false,"pagelayer_contact_templates":[],"_pagelayer_content":"","inline_featured_image":false,"fifu_image_url":"","fifu_image_alt":"","footnotes":""},"categories":[108],"tags":[145,200,196,212,176],"class_list":["post-708","post","type-post","status-publish","format-standard","hentry","category-lajme","tag-145","tag-kampe-verore","tag-tirane","tag-lajme-d27","tag-rinia-orthodhokse"],"acf":[],"yoast_head":"<!-- This site is optimized with the Yoast SEO plugin v27.2 - https:\/\/yoast.com\/product\/yoast-seo-wordpress\/ -->\n<title>Kampi rinor \u201cRikthim p\u00ebr n\u00eb sht\u00ebpin\u00eb At\u00ebrore\u201d nj\u00eb reflektim m\u00eb shum\u00eb n\u00eb udh\u00ebtimin drejt Zotit. (2009) - Kisha Orthodh\u03bfkse Autoqefale e Shqip\u00ebris\u00eb<\/title>\n<meta name=\"robots\" content=\"index, follow, max-snippet:-1, max-image-preview:large, max-video-preview:-1\" \/>\n<link rel=\"canonical\" href=\"https:\/\/orthodoxalbania.org\/2020\/2009\/03\/19\/kampi-rinor-rikthim-per-ne-shtepine-aterore-nje-reflektim-me-shume-ne-udhetimin-drejt-zotit-2009\/\" \/>\n<meta property=\"og:locale\" content=\"en_US\" \/>\n<meta property=\"og:type\" content=\"article\" \/>\n<meta property=\"og:title\" content=\"Kampi rinor \u201cRikthim p\u00ebr n\u00eb sht\u00ebpin\u00eb At\u00ebrore\u201d nj\u00eb reflektim m\u00eb shum\u00eb n\u00eb udh\u00ebtimin drejt Zotit. (2009) - Kisha Orthodh\u03bfkse Autoqefale e Shqip\u00ebris\u00eb\" \/>\n<meta property=\"og:description\" content=\"&nbsp;&nbsp;&nbsp; Me bekimin e Fortlumturis\u00eb s\u00eb Tij Imzot Anastasit, n\u00eb datat 3-5 Prill 2009, n\u00eb Qendr\u00ebn Thavor t\u00eb Kish\u00ebs son\u00eb u zhvillua kampi p\u00ebr vajza me tem\u00eb: \u201cRikthim p\u00ebr n\u00eb sht\u00ebpin\u00eb At\u00ebrore\u201d. Gjat\u00eb k\u00ebsaj fundjave, 70 vajza nga zona t\u00eb ndryshme t\u00eb Shqip\u00ebris\u00eb t\u00eb mosh\u00ebs 13-22 vje\u00e7e, ndoq\u00ebn programin e p\u00ebrgatitur n\u00eb p\u00ebrshtatje me periudh\u00ebn e Kreshm\u00ebs dhe Pashk\u00ebs s\u00eb Madhe. &nbsp;&nbsp;&nbsp; Ky kamp u\" \/>\n<meta property=\"og:url\" content=\"https:\/\/orthodoxalbania.org\/2020\/2009\/03\/19\/kampi-rinor-rikthim-per-ne-shtepine-aterore-nje-reflektim-me-shume-ne-udhetimin-drejt-zotit-2009\/\" \/>\n<meta property=\"og:site_name\" content=\"Kisha Orthodh\u03bfkse Autoqefale e Shqip\u00ebris\u00eb\" \/>\n<meta property=\"article:publisher\" content=\"https:\/\/www.facebook.com\/koash1991\" \/>\n<meta property=\"article:published_time\" content=\"2009-03-19T00:00:00+00:00\" \/>\n<meta property=\"article:modified_time\" content=\"2020-04-06T20:35:05+00:00\" \/>\n<meta property=\"og:image\" content=\"https:\/\/lh3.googleusercontent.com\/-4HGuDKx6sRQ\/VJPSXi6ashI\/AAAAAAAAIwA\/QAp6QMjVnsw\/w448-h336-no\/1.JPG\" \/>\n<meta name=\"author\" content=\"Kisha Orthodhokse\" \/>\n<meta name=\"twitter:card\" content=\"summary_large_image\" \/>\n<meta name=\"twitter:label1\" content=\"Written by\" \/>\n\t<meta name=\"twitter:data1\" content=\"Kisha Orthodhokse\" \/>\n\t<meta name=\"twitter:label2\" content=\"Est. reading time\" \/>\n\t<meta name=\"twitter:data2\" content=\"3 minutes\" \/>\n<script type=\"application\/ld+json\" class=\"yoast-schema-graph\">{\"@context\":\"https:\/\/schema.org\",\"@graph\":[{\"@type\":\"Article\",\"@id\":\"https:\/\/orthodoxalbania.org\/2020\/2009\/03\/19\/kampi-rinor-rikthim-per-ne-shtepine-aterore-nje-reflektim-me-shume-ne-udhetimin-drejt-zotit-2009\/#article\",\"isPartOf\":{\"@id\":\"https:\/\/orthodoxalbania.org\/2020\/2009\/03\/19\/kampi-rinor-rikthim-per-ne-shtepine-aterore-nje-reflektim-me-shume-ne-udhetimin-drejt-zotit-2009\/\"},\"author\":{\"name\":\"Kisha Orthodhokse\",\"@id\":\"https:\/\/orthodoxalbania.org\/2020\/#\/schema\/person\/0c387634a7063ac612d7ed9ce71c7e86\"},\"headline\":\"Kampi rinor \u201cRikthim p\u00ebr n\u00eb sht\u00ebpin\u00eb At\u00ebrore\u201d nj\u00eb reflektim m\u00eb shum\u00eb n\u00eb udh\u00ebtimin drejt Zotit. (2009)\",\"datePublished\":\"2009-03-19T00:00:00+00:00\",\"dateModified\":\"2020-04-06T20:35:05+00:00\",\"mainEntityOfPage\":{\"@id\":\"https:\/\/orthodoxalbania.org\/2020\/2009\/03\/19\/kampi-rinor-rikthim-per-ne-shtepine-aterore-nje-reflektim-me-shume-ne-udhetimin-drejt-zotit-2009\/\"},\"wordCount\":572,\"commentCount\":0,\"publisher\":{\"@id\":\"https:\/\/orthodoxalbania.org\/2020\/#organization\"},\"image\":{\"@id\":\"https:\/\/orthodoxalbania.org\/2020\/2009\/03\/19\/kampi-rinor-rikthim-per-ne-shtepine-aterore-nje-reflektim-me-shume-ne-udhetimin-drejt-zotit-2009\/#primaryimage\"},\"thumbnailUrl\":\"https:\/\/lh3.googleusercontent.com\/-4HGuDKx6sRQ\/VJPSXi6ashI\/AAAAAAAAIwA\/QAp6QMjVnsw\/w448-h336-no\/1.JPG\",\"keywords\":[\"2009\",\"Kampe verore\",\"Kryepiskopata Tiran\u00eb\",\"lajme\",\"Rinia Orthodhokse\"],\"articleSection\":[\"Lajme\"],\"inLanguage\":\"en-US\"},{\"@type\":\"WebPage\",\"@id\":\"https:\/\/orthodoxalbania.org\/2020\/2009\/03\/19\/kampi-rinor-rikthim-per-ne-shtepine-aterore-nje-reflektim-me-shume-ne-udhetimin-drejt-zotit-2009\/\",\"url\":\"https:\/\/orthodoxalbania.org\/2020\/2009\/03\/19\/kampi-rinor-rikthim-per-ne-shtepine-aterore-nje-reflektim-me-shume-ne-udhetimin-drejt-zotit-2009\/\",\"name\":\"Kampi rinor \u201cRikthim p\u00ebr n\u00eb sht\u00ebpin\u00eb At\u00ebrore\u201d nj\u00eb reflektim m\u00eb shum\u00eb n\u00eb udh\u00ebtimin drejt Zotit. (2009) - Kisha Orthodh\u03bfkse Autoqefale e Shqip\u00ebris\u00eb\",\"isPartOf\":{\"@id\":\"https:\/\/orthodoxalbania.org\/2020\/#website\"},\"primaryImageOfPage\":{\"@id\":\"https:\/\/orthodoxalbania.org\/2020\/2009\/03\/19\/kampi-rinor-rikthim-per-ne-shtepine-aterore-nje-reflektim-me-shume-ne-udhetimin-drejt-zotit-2009\/#primaryimage\"},\"image\":{\"@id\":\"https:\/\/orthodoxalbania.org\/2020\/2009\/03\/19\/kampi-rinor-rikthim-per-ne-shtepine-aterore-nje-reflektim-me-shume-ne-udhetimin-drejt-zotit-2009\/#primaryimage\"},\"thumbnailUrl\":\"https:\/\/lh3.googleusercontent.com\/-4HGuDKx6sRQ\/VJPSXi6ashI\/AAAAAAAAIwA\/QAp6QMjVnsw\/w448-h336-no\/1.JPG\",\"datePublished\":\"2009-03-19T00:00:00+00:00\",\"dateModified\":\"2020-04-06T20:35:05+00:00\",\"breadcrumb\":{\"@id\":\"https:\/\/orthodoxalbania.org\/2020\/2009\/03\/19\/kampi-rinor-rikthim-per-ne-shtepine-aterore-nje-reflektim-me-shume-ne-udhetimin-drejt-zotit-2009\/#breadcrumb\"},\"inLanguage\":\"en-US\",\"potentialAction\":[{\"@type\":\"ReadAction\",\"target\":[\"https:\/\/orthodoxalbania.org\/2020\/2009\/03\/19\/kampi-rinor-rikthim-per-ne-shtepine-aterore-nje-reflektim-me-shume-ne-udhetimin-drejt-zotit-2009\/\"]}]},{\"@type\":\"ImageObject\",\"inLanguage\":\"en-US\",\"@id\":\"https:\/\/orthodoxalbania.org\/2020\/2009\/03\/19\/kampi-rinor-rikthim-per-ne-shtepine-aterore-nje-reflektim-me-shume-ne-udhetimin-drejt-zotit-2009\/#primaryimage\",\"url\":\"https:\/\/lh3.googleusercontent.com\/-4HGuDKx6sRQ\/VJPSXi6ashI\/AAAAAAAAIwA\/QAp6QMjVnsw\/w448-h336-no\/1.JPG\",\"contentUrl\":\"https:\/\/lh3.googleusercontent.com\/-4HGuDKx6sRQ\/VJPSXi6ashI\/AAAAAAAAIwA\/QAp6QMjVnsw\/w448-h336-no\/1.JPG\"},{\"@type\":\"BreadcrumbList\",\"@id\":\"https:\/\/orthodoxalbania.org\/2020\/2009\/03\/19\/kampi-rinor-rikthim-per-ne-shtepine-aterore-nje-reflektim-me-shume-ne-udhetimin-drejt-zotit-2009\/#breadcrumb\",\"itemListElement\":[{\"@type\":\"ListItem\",\"position\":1,\"name\":\"Home\",\"item\":\"https:\/\/orthodoxalbania.org\/2020\/\"},{\"@type\":\"ListItem\",\"position\":2,\"name\":\"Kampi rinor \u201cRikthim p\u00ebr n\u00eb sht\u00ebpin\u00eb At\u00ebrore\u201d nj\u00eb reflektim m\u00eb shum\u00eb n\u00eb udh\u00ebtimin drejt Zotit. (2009)\"}]},{\"@type\":\"WebSite\",\"@id\":\"https:\/\/orthodoxalbania.org\/2020\/#website\",\"url\":\"https:\/\/orthodoxalbania.org\/2020\/\",\"name\":\"Kisha Orthodh\u03bfkse Autoqefale e Shqip\u00ebris\u00eb\",\"description\":\"Fqja Zyrtare e Kish\u00ebs Orthodhokse Autoqefale e Shqip\u00ebris\u00eb me lajmet edhe informacionet zyrtare p\u00ebr struktur\u00ebn edhe veprimtarin e saj.\",\"publisher\":{\"@id\":\"https:\/\/orthodoxalbania.org\/2020\/#organization\"},\"potentialAction\":[{\"@type\":\"SearchAction\",\"target\":{\"@type\":\"EntryPoint\",\"urlTemplate\":\"https:\/\/orthodoxalbania.org\/2020\/?s={search_term_string}\"},\"query-input\":{\"@type\":\"PropertyValueSpecification\",\"valueRequired\":true,\"valueName\":\"search_term_string\"}}],\"inLanguage\":\"en-US\"},{\"@type\":\"Organization\",\"@id\":\"https:\/\/orthodoxalbania.org\/2020\/#organization\",\"name\":\"Kisha Orthodhokse Autoqefale e Shqip\u00ebris\u00eb\",\"url\":\"https:\/\/orthodoxalbania.org\/2020\/\",\"logo\":{\"@type\":\"ImageObject\",\"inLanguage\":\"en-US\",\"@id\":\"https:\/\/orthodoxalbania.org\/2020\/#\/schema\/logo\/image\/\",\"url\":\"https:\/\/orthodoxalbania.org\/2020\/wp-content\/uploads\/2020\/05\/albania.jpeg\",\"contentUrl\":\"https:\/\/orthodoxalbania.org\/2020\/wp-content\/uploads\/2020\/05\/albania.jpeg\",\"width\":540,\"height\":540,\"caption\":\"Kisha Orthodhokse Autoqefale e Shqip\u00ebris\u00eb\"},\"image\":{\"@id\":\"https:\/\/orthodoxalbania.org\/2020\/#\/schema\/logo\/image\/\"},\"sameAs\":[\"https:\/\/www.facebook.com\/koash1991\"]},{\"@type\":\"Person\",\"@id\":\"https:\/\/orthodoxalbania.org\/2020\/#\/schema\/person\/0c387634a7063ac612d7ed9ce71c7e86\",\"name\":\"Kisha Orthodhokse\",\"image\":{\"@type\":\"ImageObject\",\"inLanguage\":\"en-US\",\"@id\":\"https:\/\/secure.gravatar.com\/avatar\/596e7c417251e30f2fbb9c00e026fce61a695a00e51c889caded71c96cbbdde5?s=96&d=mm&r=g\",\"url\":\"https:\/\/secure.gravatar.com\/avatar\/596e7c417251e30f2fbb9c00e026fce61a695a00e51c889caded71c96cbbdde5?s=96&d=mm&r=g\",\"contentUrl\":\"https:\/\/secure.gravatar.com\/avatar\/596e7c417251e30f2fbb9c00e026fce61a695a00e51c889caded71c96cbbdde5?s=96&d=mm&r=g\",\"caption\":\"Kisha Orthodhokse\"}}]}<\/script>\n<!-- \/ Yoast SEO plugin. -->","yoast_head_json":{"title":"Kampi rinor \u201cRikthim p\u00ebr n\u00eb sht\u00ebpin\u00eb At\u00ebrore\u201d nj\u00eb reflektim m\u00eb shum\u00eb n\u00eb udh\u00ebtimin drejt Zotit. (2009) - Kisha Orthodh\u03bfkse Autoqefale e Shqip\u00ebris\u00eb","robots":{"index":"index","follow":"follow","max-snippet":"max-snippet:-1","max-image-preview":"max-image-preview:large","max-video-preview":"max-video-preview:-1"},"canonical":"https:\/\/orthodoxalbania.org\/2020\/2009\/03\/19\/kampi-rinor-rikthim-per-ne-shtepine-aterore-nje-reflektim-me-shume-ne-udhetimin-drejt-zotit-2009\/","og_locale":"en_US","og_type":"article","og_title":"Kampi rinor \u201cRikthim p\u00ebr n\u00eb sht\u00ebpin\u00eb At\u00ebrore\u201d nj\u00eb reflektim m\u00eb shum\u00eb n\u00eb udh\u00ebtimin drejt Zotit. (2009) - Kisha Orthodh\u03bfkse Autoqefale e Shqip\u00ebris\u00eb","og_description":"&nbsp;&nbsp;&nbsp; Me bekimin e Fortlumturis\u00eb s\u00eb Tij Imzot Anastasit, n\u00eb datat 3-5 Prill 2009, n\u00eb Qendr\u00ebn Thavor t\u00eb Kish\u00ebs son\u00eb u zhvillua kampi p\u00ebr vajza me tem\u00eb: \u201cRikthim p\u00ebr n\u00eb sht\u00ebpin\u00eb At\u00ebrore\u201d. Gjat\u00eb k\u00ebsaj fundjave, 70 vajza nga zona t\u00eb ndryshme t\u00eb Shqip\u00ebris\u00eb t\u00eb mosh\u00ebs 13-22 vje\u00e7e, ndoq\u00ebn programin e p\u00ebrgatitur n\u00eb p\u00ebrshtatje me periudh\u00ebn e Kreshm\u00ebs dhe Pashk\u00ebs s\u00eb Madhe. &nbsp;&nbsp;&nbsp; Ky kamp u","og_url":"https:\/\/orthodoxalbania.org\/2020\/2009\/03\/19\/kampi-rinor-rikthim-per-ne-shtepine-aterore-nje-reflektim-me-shume-ne-udhetimin-drejt-zotit-2009\/","og_site_name":"Kisha Orthodh\u03bfkse Autoqefale e Shqip\u00ebris\u00eb","article_publisher":"https:\/\/www.facebook.com\/koash1991","article_published_time":"2009-03-19T00:00:00+00:00","article_modified_time":"2020-04-06T20:35:05+00:00","og_image":[{"url":"https:\/\/lh3.googleusercontent.com\/-4HGuDKx6sRQ\/VJPSXi6ashI\/AAAAAAAAIwA\/QAp6QMjVnsw\/w448-h336-no\/1.JPG","type":"","width":"","height":""}],"author":"Kisha Orthodhokse","twitter_card":"summary_large_image","twitter_misc":{"Written by":"Kisha Orthodhokse","Est. reading time":"3 minutes"},"schema":{"@context":"https:\/\/schema.org","@graph":[{"@type":"Article","@id":"https:\/\/orthodoxalbania.org\/2020\/2009\/03\/19\/kampi-rinor-rikthim-per-ne-shtepine-aterore-nje-reflektim-me-shume-ne-udhetimin-drejt-zotit-2009\/#article","isPartOf":{"@id":"https:\/\/orthodoxalbania.org\/2020\/2009\/03\/19\/kampi-rinor-rikthim-per-ne-shtepine-aterore-nje-reflektim-me-shume-ne-udhetimin-drejt-zotit-2009\/"},"author":{"name":"Kisha Orthodhokse","@id":"https:\/\/orthodoxalbania.org\/2020\/#\/schema\/person\/0c387634a7063ac612d7ed9ce71c7e86"},"headline":"Kampi rinor \u201cRikthim p\u00ebr n\u00eb sht\u00ebpin\u00eb At\u00ebrore\u201d nj\u00eb reflektim m\u00eb shum\u00eb n\u00eb udh\u00ebtimin drejt Zotit. (2009)","datePublished":"2009-03-19T00:00:00+00:00","dateModified":"2020-04-06T20:35:05+00:00","mainEntityOfPage":{"@id":"https:\/\/orthodoxalbania.org\/2020\/2009\/03\/19\/kampi-rinor-rikthim-per-ne-shtepine-aterore-nje-reflektim-me-shume-ne-udhetimin-drejt-zotit-2009\/"},"wordCount":572,"commentCount":0,"publisher":{"@id":"https:\/\/orthodoxalbania.org\/2020\/#organization"},"image":{"@id":"https:\/\/orthodoxalbania.org\/2020\/2009\/03\/19\/kampi-rinor-rikthim-per-ne-shtepine-aterore-nje-reflektim-me-shume-ne-udhetimin-drejt-zotit-2009\/#primaryimage"},"thumbnailUrl":"https:\/\/lh3.googleusercontent.com\/-4HGuDKx6sRQ\/VJPSXi6ashI\/AAAAAAAAIwA\/QAp6QMjVnsw\/w448-h336-no\/1.JPG","keywords":["2009","Kampe verore","Kryepiskopata Tiran\u00eb","lajme","Rinia Orthodhokse"],"articleSection":["Lajme"],"inLanguage":"en-US"},{"@type":"WebPage","@id":"https:\/\/orthodoxalbania.org\/2020\/2009\/03\/19\/kampi-rinor-rikthim-per-ne-shtepine-aterore-nje-reflektim-me-shume-ne-udhetimin-drejt-zotit-2009\/","url":"https:\/\/orthodoxalbania.org\/2020\/2009\/03\/19\/kampi-rinor-rikthim-per-ne-shtepine-aterore-nje-reflektim-me-shume-ne-udhetimin-drejt-zotit-2009\/","name":"Kampi rinor \u201cRikthim p\u00ebr n\u00eb sht\u00ebpin\u00eb At\u00ebrore\u201d nj\u00eb reflektim m\u00eb shum\u00eb n\u00eb udh\u00ebtimin drejt Zotit. (2009) - Kisha Orthodh\u03bfkse Autoqefale e Shqip\u00ebris\u00eb","isPartOf":{"@id":"https:\/\/orthodoxalbania.org\/2020\/#website"},"primaryImageOfPage":{"@id":"https:\/\/orthodoxalbania.org\/2020\/2009\/03\/19\/kampi-rinor-rikthim-per-ne-shtepine-aterore-nje-reflektim-me-shume-ne-udhetimin-drejt-zotit-2009\/#primaryimage"},"image":{"@id":"https:\/\/orthodoxalbania.org\/2020\/2009\/03\/19\/kampi-rinor-rikthim-per-ne-shtepine-aterore-nje-reflektim-me-shume-ne-udhetimin-drejt-zotit-2009\/#primaryimage"},"thumbnailUrl":"https:\/\/lh3.googleusercontent.com\/-4HGuDKx6sRQ\/VJPSXi6ashI\/AAAAAAAAIwA\/QAp6QMjVnsw\/w448-h336-no\/1.JPG","datePublished":"2009-03-19T00:00:00+00:00","dateModified":"2020-04-06T20:35:05+00:00","breadcrumb":{"@id":"https:\/\/orthodoxalbania.org\/2020\/2009\/03\/19\/kampi-rinor-rikthim-per-ne-shtepine-aterore-nje-reflektim-me-shume-ne-udhetimin-drejt-zotit-2009\/#breadcrumb"},"inLanguage":"en-US","potentialAction":[{"@type":"ReadAction","target":["https:\/\/orthodoxalbania.org\/2020\/2009\/03\/19\/kampi-rinor-rikthim-per-ne-shtepine-aterore-nje-reflektim-me-shume-ne-udhetimin-drejt-zotit-2009\/"]}]},{"@type":"ImageObject","inLanguage":"en-US","@id":"https:\/\/orthodoxalbania.org\/2020\/2009\/03\/19\/kampi-rinor-rikthim-per-ne-shtepine-aterore-nje-reflektim-me-shume-ne-udhetimin-drejt-zotit-2009\/#primaryimage","url":"https:\/\/lh3.googleusercontent.com\/-4HGuDKx6sRQ\/VJPSXi6ashI\/AAAAAAAAIwA\/QAp6QMjVnsw\/w448-h336-no\/1.JPG","contentUrl":"https:\/\/lh3.googleusercontent.com\/-4HGuDKx6sRQ\/VJPSXi6ashI\/AAAAAAAAIwA\/QAp6QMjVnsw\/w448-h336-no\/1.JPG"},{"@type":"BreadcrumbList","@id":"https:\/\/orthodoxalbania.org\/2020\/2009\/03\/19\/kampi-rinor-rikthim-per-ne-shtepine-aterore-nje-reflektim-me-shume-ne-udhetimin-drejt-zotit-2009\/#breadcrumb","itemListElement":[{"@type":"ListItem","position":1,"name":"Home","item":"https:\/\/orthodoxalbania.org\/2020\/"},{"@type":"ListItem","position":2,"name":"Kampi rinor \u201cRikthim p\u00ebr n\u00eb sht\u00ebpin\u00eb At\u00ebrore\u201d nj\u00eb reflektim m\u00eb shum\u00eb n\u00eb udh\u00ebtimin drejt Zotit. (2009)"}]},{"@type":"WebSite","@id":"https:\/\/orthodoxalbania.org\/2020\/#website","url":"https:\/\/orthodoxalbania.org\/2020\/","name":"Kisha Orthodh\u03bfkse Autoqefale e Shqip\u00ebris\u00eb","description":"Fqja Zyrtare e Kish\u00ebs Orthodhokse Autoqefale e Shqip\u00ebris\u00eb me lajmet edhe informacionet zyrtare p\u00ebr struktur\u00ebn edhe veprimtarin e saj.","publisher":{"@id":"https:\/\/orthodoxalbania.org\/2020\/#organization"},"potentialAction":[{"@type":"SearchAction","target":{"@type":"EntryPoint","urlTemplate":"https:\/\/orthodoxalbania.org\/2020\/?s={search_term_string}"},"query-input":{"@type":"PropertyValueSpecification","valueRequired":true,"valueName":"search_term_string"}}],"inLanguage":"en-US"},{"@type":"Organization","@id":"https:\/\/orthodoxalbania.org\/2020\/#organization","name":"Kisha Orthodhokse Autoqefale e Shqip\u00ebris\u00eb","url":"https:\/\/orthodoxalbania.org\/2020\/","logo":{"@type":"ImageObject","inLanguage":"en-US","@id":"https:\/\/orthodoxalbania.org\/2020\/#\/schema\/logo\/image\/","url":"https:\/\/orthodoxalbania.org\/2020\/wp-content\/uploads\/2020\/05\/albania.jpeg","contentUrl":"https:\/\/orthodoxalbania.org\/2020\/wp-content\/uploads\/2020\/05\/albania.jpeg","width":540,"height":540,"caption":"Kisha Orthodhokse Autoqefale e Shqip\u00ebris\u00eb"},"image":{"@id":"https:\/\/orthodoxalbania.org\/2020\/#\/schema\/logo\/image\/"},"sameAs":["https:\/\/www.facebook.com\/koash1991"]},{"@type":"Person","@id":"https:\/\/orthodoxalbania.org\/2020\/#\/schema\/person\/0c387634a7063ac612d7ed9ce71c7e86","name":"Kisha Orthodhokse","image":{"@type":"ImageObject","inLanguage":"en-US","@id":"https:\/\/secure.gravatar.com\/avatar\/596e7c417251e30f2fbb9c00e026fce61a695a00e51c889caded71c96cbbdde5?s=96&d=mm&r=g","url":"https:\/\/secure.gravatar.com\/avatar\/596e7c417251e30f2fbb9c00e026fce61a695a00e51c889caded71c96cbbdde5?s=96&d=mm&r=g","contentUrl":"https:\/\/secure.gravatar.com\/avatar\/596e7c417251e30f2fbb9c00e026fce61a695a00e51c889caded71c96cbbdde5?s=96&d=mm&r=g","caption":"Kisha Orthodhokse"}}]}},"_links":{"self":[{"href":"https:\/\/orthodoxalbania.org\/2020\/wp-json\/wp\/v2\/posts\/708","targetHints":{"allow":["GET"]}}],"collection":[{"href":"https:\/\/orthodoxalbania.org\/2020\/wp-json\/wp\/v2\/posts"}],"about":[{"href":"https:\/\/orthodoxalbania.org\/2020\/wp-json\/wp\/v2\/types\/post"}],"author":[{"embeddable":true,"href":"https:\/\/orthodoxalbania.org\/2020\/wp-json\/wp\/v2\/users\/1"}],"replies":[{"embeddable":true,"href":"https:\/\/orthodoxalbania.org\/2020\/wp-json\/wp\/v2\/comments?post=708"}],"version-history":[{"count":1,"href":"https:\/\/orthodoxalbania.org\/2020\/wp-json\/wp\/v2\/posts\/708\/revisions"}],"predecessor-version":[{"id":15587,"href":"https:\/\/orthodoxalbania.org\/2020\/wp-json\/wp\/v2\/posts\/708\/revisions\/15587"}],"wp:attachment":[{"href":"https:\/\/orthodoxalbania.org\/2020\/wp-json\/wp\/v2\/media?parent=708"}],"wp:term":[{"taxonomy":"category","embeddable":true,"href":"https:\/\/orthodoxalbania.org\/2020\/wp-json\/wp\/v2\/categories?post=708"},{"taxonomy":"post_tag","embeddable":true,"href":"https:\/\/orthodoxalbania.org\/2020\/wp-json\/wp\/v2\/tags?post=708"}],"curies":[{"name":"wp","href":"https:\/\/api.w.org\/{rel}","templated":true}]}}