{"id":706,"date":"2007-02-26T00:00:00","date_gmt":"2007-02-26T00:00:00","guid":{"rendered":""},"modified":"2020-04-06T22:35:50","modified_gmt":"2020-04-06T20:35:50","slug":"kampi-i-vajzave-dhe-i-djemve-ngjallja-e-krishtit-ne-voskopoje-te-korces-korrik-2007","status":"publish","type":"post","link":"https:\/\/orthodoxalbania.org\/2020\/2007\/02\/26\/kampi-i-vajzave-dhe-i-djemve-ngjallja-e-krishtit-ne-voskopoje-te-korces-korrik-2007\/","title":{"rendered":"Kampi i vajzave dhe i djemve &#8220;Ngjallja e Krishtit&#8221; n\u00eb Voskopoj\u00eb t\u00eb Kor\u00e7\u00ebs. (Korrik 2007)"},"content":{"rendered":"<div style=\"text-align: justify;\"><span style=\"color: #000000;\"><span style=\"font-family: tahoma,geneva,sans-serif;\"><span style=\"font-size: 12px;\"><img decoding=\"async\" class=\"lazyload HAa Eha\" style=\"height: 150px; width: 200px; border-width: 1px; border-style: solid; margin: 10px; float: left;\" alt=\"\" src=\"data:image\/gif;base64,R0lGODlhAQABAAAAACH5BAEKAAEALAAAAAABAAEAAAICTAEAOw==\" data-orig-src=\"https:\/\/lh6.googleusercontent.com\/-Y1AejbY1SAw\/VIqfQwZmYhI\/AAAAAAAAGpo\/rm9ycLAAYCI\/w400-h300-no\/pic1.jpg\" \/>&nbsp;&nbsp;&nbsp; <img decoding=\"async\" class=\"lazyload HAa Eha\" style=\"height: 150px; width: 200px; border-width: 1px; border-style: solid; margin: 10px; float: right;\" alt=\"\" src=\"data:image\/gif;base64,R0lGODlhAQABAAAAACH5BAEKAAEALAAAAAABAAEAAAICTAEAOw==\" data-orig-src=\"https:\/\/lh6.googleusercontent.com\/-s_50HA1X6f8\/VIqfQ3wik_I\/AAAAAAAAGps\/PARgDuTyVUM\/w400-h300-no\/pic2.jpg\" \/>P\u00ebr lavdi t\u00eb Per\u00ebndis\u00eb me bekimin e Mitropolitit t\u00eb Kor\u00e7\u00ebs Hir\u00ebsis\u00eb s\u00eb Tij Joanit, n\u00eb Mitropolin\u00eb e Shenjt\u00eb t\u00eb Kor\u00e7\u00ebs u zhvillua kampi rinor \u201cNgjallja e Krishtit\u201d, pran\u00eb Manastirit t\u00eb Sh\u00ebn Joan Prodhromit n\u00eb Voskopoj\u00eb.<\/span><\/span><\/span><\/div>\n<div style=\"text-align: justify;\">&nbsp;<\/div>\n<div style=\"text-align: justify;\"><span style=\"color: #000000;\"><span style=\"font-family: tahoma,geneva,sans-serif;\"><span style=\"font-size: 12px;\">&nbsp;&nbsp;&nbsp; Kamp, i cili \u00ebsht\u00eb b\u00ebr\u00eb tashm\u00eb nj\u00eb tradit\u00eb prej tet\u00eb vjet\u00ebsh dhe financohet nga Zyra Komb\u00ebtare e Rinis\u00eb n\u00eb bashk\u00ebpunim me Zyr\u00ebn e Rinis\u00eb pran\u00eb Mitropolis\u00eb s\u00eb Shenjt\u00eb Kor\u00e7\u00eb.<\/span><\/span><\/span><\/div>\n<div style=\"text-align: justify;\"><span style=\"color: #000000;\"><span style=\"font-family: tahoma,geneva,sans-serif;\"><span style=\"font-size: 12px;\">&nbsp;&nbsp;&nbsp;&nbsp;&nbsp;&nbsp;&nbsp;&nbsp;&nbsp;&nbsp;&nbsp;&nbsp;&nbsp;&nbsp;&nbsp;<\/span><\/span><\/span><\/div>\n<div style=\"text-align: justify;\"><span style=\"color: #000000;\"><span style=\"font-family: tahoma,geneva,sans-serif;\"><span style=\"font-size: 12px;\">&nbsp;&nbsp;&nbsp; Nga data 12 korrik deri n\u00eb 21 korrik 2007 u zhvillua kampi i vajzave me nj\u00eb pjes\u00ebmarrje prej 53 personash ku 42 ishin kampiste, pjesa m\u00eb e madhe e t\u00eb cilave merrnin pjes\u00eb p\u00ebr her\u00eb t\u00eb par\u00eb n\u00eb nj\u00eb kamp.<\/span><\/span><\/span><\/div>\n<div style=\"text-align: justify;\">&nbsp;<\/div>\n<div style=\"text-align: justify;\"><span style=\"color: #000000;\"><span style=\"font-family: tahoma,geneva,sans-serif;\"><span style=\"font-size: 12px;\">&nbsp;&nbsp;&nbsp; Drejtues shpirt\u00ebror ishte kleriku At\u00eb Ilia Kotmilo dhe drejtuese kampi Kalina Thimo. N\u00eb zhvillimin e k\u00ebtij kampi ndihmuan edhe dy studente t\u00eb Akademis\u00eb Teologjike, si edhe nj\u00eb grup i madh an\u00ebtar\u00ebsh t\u00eb Lidhjes s\u00eb Rinis\u00eb Orthodhokse n\u00eb Kor\u00e7\u00eb.<\/span><\/span><\/span><\/div>\n<div style=\"text-align: justify;\"><span style=\"color: #000000;\"><span style=\"font-family: tahoma,geneva,sans-serif;\"><span style=\"font-size: 12px;\">&nbsp;&nbsp;&nbsp;&nbsp;&nbsp;&nbsp;&nbsp;&nbsp;&nbsp; <\/span><\/span><\/span><\/div>\n<div style=\"text-align: justify;\"><span style=\"color: #000000;\"><span style=\"font-family: tahoma,geneva,sans-serif;\"><span style=\"font-size: 12px;\"><img decoding=\"async\" class=\"lazyload HAa Eha\" style=\"height: 150px; width: 200px; border-width: 1px; border-style: solid; margin: 10px; float: left;\" alt=\"\" src=\"data:image\/gif;base64,R0lGODlhAQABAAAAACH5BAEKAAEALAAAAAABAAEAAAICTAEAOw==\" data-orig-src=\"https:\/\/lh5.googleusercontent.com\/-wG9XgjBchMY\/VIqfRXTzMcI\/AAAAAAAAGp4\/wbMSYxELdzs\/w400-h300-no\/pic3.jpg\" \/>&nbsp;&nbsp;&nbsp; <img decoding=\"async\" class=\"lazyload HAa Eha\" style=\"height: 150px; width: 200px; border-width: 1px; border-style: solid; margin: 10px; float: right;\" alt=\"\" src=\"data:image\/gif;base64,R0lGODlhAQABAAAAACH5BAEKAAEALAAAAAABAAEAAAICTAEAOw==\" data-orig-src=\"https:\/\/lh5.googleusercontent.com\/-yxj1xxBSUYo\/VIqfRtRCF3I\/AAAAAAAAGpk\/s8WC0zvx3bw\/w400-h300-no\/pic4.jpg\" \/>Nd\u00ebrsa kampi i djemve u zhvillua nga data 21 korrik deri n\u00eb dat\u00ebn 30 korrik dhe pati nj\u00eb pjes\u00ebmarrje prej 53 personash gjithsej, 41 prej t\u00eb cil\u00ebve ishin kampist\u00eb t\u00eb mosh\u00ebs 13 deri 16 vje\u00e7. Drejtues shpirt\u00ebror i kampit ishte kleriku At\u00eb Konstandin Mujo dhe drejtuesit e rinis\u00eb: Mihal Sonellari dhe Vangjel Qazimllari.<\/span><\/span><\/span><\/div>\n<div style=\"text-align: justify;\">&nbsp;<\/div>\n<div style=\"text-align: justify;\"><span style=\"color: #000000;\"><span style=\"font-family: tahoma,geneva,sans-serif;\"><span style=\"font-size: 12px;\">&nbsp;&nbsp;&nbsp; Tema qendrore e k\u00ebtij kampi ishte: \u201cShkoni dhe b\u00ebni nx\u00ebn\u00ebs\u201d. Temat kryesore ishin t\u00eb p\u00ebrqendruara n\u00eb pjes\u00eb nga libri i Veprave t\u00eb Apostujve, nga Letrat e Apostujve dhe disa pjes\u00eb nga Ungjilli, t\u00eb cilat kan\u00eb t\u00eb b\u00ebjn\u00eb me vepr\u00ebn misionare t\u00eb Kish\u00ebs.&nbsp;&nbsp;&nbsp;&nbsp;&nbsp;&nbsp;&nbsp;&nbsp;&nbsp;&nbsp;&nbsp;&nbsp; <\/span><\/span><\/span><\/div>\n<div style=\"text-align: justify;\">&nbsp;<\/div>\n<div style=\"text-align: justify;\"><span style=\"color: #000000;\"><span style=\"font-family: tahoma,geneva,sans-serif;\"><span style=\"font-size: 12px;\">&nbsp;&nbsp;&nbsp; Gjithashtu p\u00ebr pjes\u00ebmarr\u00ebsit n\u00eb kamp u zhvillua nj\u00eb cik\u00ebl katekizmi, ku u fol mbi Simbolin e Besimit, kreshm\u00ebn, shenjtor\u00ebt, ikonat, lutjen dhe misteret. T\u00eb dy kampet, si i vajzave dhe ai i djemve, pat\u00ebn nj\u00eb program me aktivitete t\u00eb shumta e t\u00eb larmishme arg\u00ebtuese, loj\u00ebra, si edhe ekskursione n\u00eb vendet piktoreske t\u00eb zon\u00ebs.<\/span><\/span><\/span><\/div>\n<div style=\"text-align: justify;\">&nbsp;<\/div>\n<div style=\"text-align: justify;\"><span style=\"color: #000000;\"><span style=\"font-family: tahoma,geneva,sans-serif;\"><span style=\"font-size: 12px;\"><img decoding=\"async\" class=\"lazyload HAa Eha\" style=\"border-width: 1px; border-style: solid; margin: 10px; float: left; height: 150px; width: 200px;\" alt=\"\" src=\"data:image\/gif;base64,R0lGODlhAQABAAAAACH5BAEKAAEALAAAAAABAAEAAAICTAEAOw==\" data-orig-src=\"https:\/\/lh5.googleusercontent.com\/-B9uzh5d2o5c\/VIqfR2yd_5I\/AAAAAAAAGpE\/PwS5LP2C1KI\/w400-h300-no\/pic5.jpg\" \/>&nbsp;&nbsp;&nbsp; <img decoding=\"async\" class=\"lazyload HAa Eha\" style=\"height: 150px; width: 200px; border-width: 1px; border-style: solid; margin: 10px; float: right;\" alt=\"\" src=\"data:image\/gif;base64,R0lGODlhAQABAAAAACH5BAEKAAEALAAAAAABAAEAAAICTAEAOw==\" data-orig-src=\"https:\/\/lh3.googleusercontent.com\/-BiS4q1G3x9Q\/VIqfSY8ZXCI\/AAAAAAAAGpM\/BhqIWtudxfs\/w400-h300-no\/pic6.jpg\" \/>U vizituan dhe u prezantuan kishat e fshatit q\u00eb mbartin vlera t\u00eb shumta fetare dhe historike. Gjithashtu u zhvillua edhe nj\u00eb ekskursion n\u00eb fshatin Shipsk\u00eb. Nj\u00eb moment i bukur, tashm\u00eb tradicionale, n\u00eb programin e kampit ishte edhe mbledhja \u00e7do mbr\u00ebmje rreth zjarrit, ku zhvilloheshin biseda t\u00eb ndryshme.&nbsp;&nbsp;&nbsp;&nbsp;&nbsp;&nbsp;&nbsp;&nbsp;&nbsp;&nbsp;&nbsp;&nbsp;&nbsp;&nbsp;&nbsp;&nbsp;&nbsp;&nbsp;&nbsp;&nbsp;&nbsp;&nbsp;&nbsp;&nbsp;&nbsp;&nbsp;&nbsp;&nbsp;&nbsp; <\/span><\/span><\/span><\/div>\n<div style=\"text-align: justify;\">&nbsp;<\/div>\n<div style=\"text-align: justify;\"><span style=\"color: #000000;\"><span style=\"font-family: tahoma,geneva,sans-serif;\"><span style=\"font-size: 12px;\">&nbsp;&nbsp;&nbsp; Gjithashtu edhe sh\u00ebrbesat kishtare t\u00eb celebruara n\u00eb kish\u00ebn e Sh\u00ebn Joan Prodhromit pat\u00ebn edhe ato efektin e tyre dhe lan\u00eb gjurm\u00eb tek t\u00eb rinjt\u00eb, t\u00eb cil\u00ebt t\u00eb gjith\u00eb ishin pjes\u00ebmarr\u00ebs n\u00eb k\u00ebto sh\u00ebrbesa duke psalur t\u00eb gjith\u00eb s\u00eb bashku n\u00ebn drejtimin e kryetar\u00ebve t\u00eb grupeve.<\/span><\/span><\/span><\/div>\n<div style=\"text-align: justify;\">&nbsp;<\/div>\n<div style=\"text-align: justify;\"><span style=\"color: #000000;\"><span style=\"font-family: tahoma,geneva,sans-serif;\"><span style=\"font-size: 12px;\">&nbsp;&nbsp;&nbsp; P\u00ebrve\u00e7 garave sportive, n\u00eb kamp u zhvilluan dhe konkurse me krijime si poezi dhe vizatime. Gjithashtu n\u00eb koh\u00ebn pas drek\u00ebs dhe dark\u00ebs, t\u00eb gjith\u00eb s\u00eb bashku k\u00ebndonim k\u00ebng\u00eb t\u00eb ndryshme fetare dhe tradicionale.<\/span><\/span><\/span><\/div>\n<div style=\"text-align: justify;\">&nbsp;<\/div>\n<div style=\"text-align: justify;\"><span style=\"color: #000000;\"><span style=\"font-family: tahoma,geneva,sans-serif;\"><span style=\"font-size: 12px;\">&nbsp;&nbsp;&nbsp; Ky kamp mbetet shum\u00eb i preferuar p\u00ebr t\u00eb rinjt\u00eb e Dioqez\u00ebs s\u00eb Kor\u00e7\u00ebs dhe kontribuon ndjesh\u00ebm n\u00eb rritjen e tyre shpirt\u00ebrore, si edhe plot\u00ebson nj\u00eb pjes\u00eb t\u00eb nevojave shpirt\u00ebrore t\u00eb rinis\u00eb n\u00eb k\u00ebt\u00eb dioqez\u00eb. Ishte v\u00ebrtet e bukur t\u00eb shikoje ata t\u00eb rinj q\u00eb t\u00eb q\u00ebndronin si nj\u00eb familje e vetme. N\u00eb mes shoq\u00ebrish t\u00eb reja t\u00eb krijuara dhe t\u00eb bashkuara n\u00eb emrin e Krishtit u mbyll edhe ky kamp p\u00ebr lavdi t\u00eb Per\u00ebndis\u00eb.<\/span><\/span><\/span><\/div>\n<div style=\"text-align: justify;\"><span style=\"color: #000000;\"><span style=\"font-family: tahoma,geneva,sans-serif;\"><span style=\"font-size: 12px;\">&nbsp;&nbsp;&nbsp;&nbsp;&nbsp;&nbsp;&nbsp;&nbsp;&nbsp;&nbsp;&nbsp;&nbsp;&nbsp;&nbsp;&nbsp;<\/span><\/span><\/span><\/div>\n<div style=\"text-align: justify;\">&nbsp;<\/div>\n<div style=\"text-align: justify;\"><span style=\"color: #000000;\"><strong><span style=\"font-family: tahoma,geneva,sans-serif;\"><span style=\"font-size: 12px;\">Mihal Sonellari<\/span><\/span><\/strong><\/span><\/div>\n<div style=\"text-align: justify;\">&nbsp;<\/div>\n<div style=\"text-align: center;\"><span style=\"color: #000000;\"><img decoding=\"async\" class=\"lazyload HAa Eha\" style=\"border-width: 1px; border-style: solid; margin: 10px;\" alt=\"\" src=\"data:image\/gif;base64,R0lGODlhAQABAAAAACH5BAEKAAEALAAAAAABAAEAAAICTAEAOw==\" data-orig-src=\"https:\/\/lh3.googleusercontent.com\/-mHu7oGeG4Gg\/VIqfSuCE79I\/AAAAAAAAGpY\/Q5N6Hmk51Ys\/w400-h300-no\/pic7.jpg\" \/><\/span><\/div>\n<div style=\"text-align: center;\">&nbsp;<\/div>\n<div style=\"text-align: center;\"><span style=\"color: #000000;\"><img decoding=\"async\" class=\"lazyload HAa Eha\" style=\"border-width: 1px; border-style: solid; margin: 10px;\" alt=\"\" src=\"data:image\/gif;base64,R0lGODlhAQABAAAAACH5BAEKAAEALAAAAAABAAEAAAICTAEAOw==\" data-orig-src=\"https:\/\/lh3.googleusercontent.com\/-y2vvWuEQLYU\/VIqfS_n_6BI\/AAAAAAAAGpc\/Ia_0iMbHnyQ\/w400-h300-no\/pic8.jpg\" \/><\/span><\/div>\n<div style=\"text-align: center;\">&nbsp;<\/div>\n<div style=\"text-align: center;\"><span style=\"color: #000000;\"><img decoding=\"async\" class=\"lazyload HAa Eha\" alt=\"\" src=\"data:image\/gif;base64,R0lGODlhAQABAAAAACH5BAEKAAEALAAAAAABAAEAAAICTAEAOw==\" data-orig-src=\"https:\/\/lh4.googleusercontent.com\/-n-WgnNN8o-U\/VIqfTiCtRmI\/AAAAAAAAGpg\/lXnCoNLFXuY\/w400-h300-no\/pic9.jpg\" \/><\/span><\/div>\n<div style=\"text-align: center;\">&nbsp;<\/div>\n<div style=\"text-align: center;\"><span style=\"color: #000000;\"><img decoding=\"async\" class=\"lazyload HAa Eha\" style=\"border-width: 1px; border-style: solid; margin: 10px;\" alt=\"\" src=\"data:image\/gif;base64,R0lGODlhAQABAAAAACH5BAEKAAEALAAAAAABAAEAAAICTAEAOw==\" data-orig-src=\"https:\/\/lh6.googleusercontent.com\/-UlCDWh_Glo4\/VIqfQ2Ao_uI\/AAAAAAAAGp0\/Mezv9pap4Ro\/w400-h300-no\/pic10.jpg\" \/><\/span><\/div>\n","protected":false},"excerpt":{"rendered":"<p>&nbsp;&nbsp;&nbsp; P\u00ebr lavdi t\u00eb Per\u00ebndis\u00eb me bekimin e Mitropolitit t\u00eb Kor\u00e7\u00ebs Hir\u00ebsis\u00eb s\u00eb Tij Joanit, n\u00eb Mitropolin\u00eb e Shenjt\u00eb t\u00eb Kor\u00e7\u00ebs u zhvillua kampi rinor \u201cNgjallja e Krishtit\u201d, pran\u00eb Manastirit t\u00eb Sh\u00ebn Joan Prodhromit n\u00eb Voskopoj\u00eb. &nbsp; &nbsp;&nbsp;&nbsp; Kamp, i cili \u00ebsht\u00eb b\u00ebr\u00eb tashm\u00eb nj\u00eb tradit\u00eb prej tet\u00eb vjet\u00ebsh dhe financohet nga Zyra Komb\u00ebtare e Rinis\u00eb n\u00eb bashk\u00ebpunim me Zyr\u00ebn e Rinis\u00eb pran\u00eb Mitropolis\u00eb s\u00eb<\/p>\n","protected":false},"author":1,"featured_media":0,"comment_status":"open","ping_status":"open","sticky":false,"template":"","format":"standard","meta":{"_acf_changed":false,"pagelayer_contact_templates":[],"_pagelayer_content":"","inline_featured_image":false,"fifu_image_url":"","fifu_image_alt":"","footnotes":""},"categories":[108],"tags":[147,200,212,181,176],"class_list":["post-706","post","type-post","status-publish","format-standard","hentry","category-lajme","tag-147","tag-kampe-verore","tag-lajme-d27","tag-korce","tag-rinia-orthodhokse"],"acf":[],"yoast_head":"<!-- This site is optimized with the Yoast SEO plugin v27.2 - https:\/\/yoast.com\/product\/yoast-seo-wordpress\/ -->\n<title>Kampi i vajzave dhe i djemve &quot;Ngjallja e Krishtit&quot; n\u00eb Voskopoj\u00eb t\u00eb Kor\u00e7\u00ebs. (Korrik 2007) - Kisha Orthodh\u03bfkse Autoqefale e Shqip\u00ebris\u00eb<\/title>\n<meta name=\"robots\" content=\"index, follow, max-snippet:-1, max-image-preview:large, max-video-preview:-1\" \/>\n<link rel=\"canonical\" href=\"https:\/\/orthodoxalbania.org\/2020\/2007\/02\/26\/kampi-i-vajzave-dhe-i-djemve-ngjallja-e-krishtit-ne-voskopoje-te-korces-korrik-2007\/\" \/>\n<meta property=\"og:locale\" content=\"en_US\" \/>\n<meta property=\"og:type\" content=\"article\" \/>\n<meta property=\"og:title\" content=\"Kampi i vajzave dhe i djemve &quot;Ngjallja e Krishtit&quot; n\u00eb Voskopoj\u00eb t\u00eb Kor\u00e7\u00ebs. (Korrik 2007) - Kisha Orthodh\u03bfkse Autoqefale e Shqip\u00ebris\u00eb\" \/>\n<meta property=\"og:description\" content=\"&nbsp;&nbsp;&nbsp; P\u00ebr lavdi t\u00eb Per\u00ebndis\u00eb me bekimin e Mitropolitit t\u00eb Kor\u00e7\u00ebs Hir\u00ebsis\u00eb s\u00eb Tij Joanit, n\u00eb Mitropolin\u00eb e Shenjt\u00eb t\u00eb Kor\u00e7\u00ebs u zhvillua kampi rinor \u201cNgjallja e Krishtit\u201d, pran\u00eb Manastirit t\u00eb Sh\u00ebn Joan Prodhromit n\u00eb Voskopoj\u00eb. &nbsp; &nbsp;&nbsp;&nbsp; Kamp, i cili \u00ebsht\u00eb b\u00ebr\u00eb tashm\u00eb nj\u00eb tradit\u00eb prej tet\u00eb vjet\u00ebsh dhe financohet nga Zyra Komb\u00ebtare e Rinis\u00eb n\u00eb bashk\u00ebpunim me Zyr\u00ebn e Rinis\u00eb pran\u00eb Mitropolis\u00eb s\u00eb\" \/>\n<meta property=\"og:url\" content=\"https:\/\/orthodoxalbania.org\/2020\/2007\/02\/26\/kampi-i-vajzave-dhe-i-djemve-ngjallja-e-krishtit-ne-voskopoje-te-korces-korrik-2007\/\" \/>\n<meta property=\"og:site_name\" content=\"Kisha Orthodh\u03bfkse Autoqefale e Shqip\u00ebris\u00eb\" \/>\n<meta property=\"article:publisher\" content=\"https:\/\/www.facebook.com\/koash1991\" \/>\n<meta property=\"article:published_time\" content=\"2007-02-26T00:00:00+00:00\" \/>\n<meta property=\"article:modified_time\" content=\"2020-04-06T20:35:50+00:00\" \/>\n<meta property=\"og:image\" content=\"https:\/\/lh6.googleusercontent.com\/-Y1AejbY1SAw\/VIqfQwZmYhI\/AAAAAAAAGpo\/rm9ycLAAYCI\/w400-h300-no\/pic1.jpg\" \/>\n<meta name=\"author\" content=\"Kisha Orthodhokse\" \/>\n<meta name=\"twitter:card\" content=\"summary_large_image\" \/>\n<meta name=\"twitter:label1\" content=\"Written by\" \/>\n\t<meta name=\"twitter:data1\" content=\"Kisha Orthodhokse\" \/>\n\t<meta name=\"twitter:label2\" content=\"Est. reading time\" \/>\n\t<meta name=\"twitter:data2\" content=\"3 minutes\" \/>\n<script type=\"application\/ld+json\" class=\"yoast-schema-graph\">{\"@context\":\"https:\/\/schema.org\",\"@graph\":[{\"@type\":\"Article\",\"@id\":\"https:\/\/orthodoxalbania.org\/2020\/2007\/02\/26\/kampi-i-vajzave-dhe-i-djemve-ngjallja-e-krishtit-ne-voskopoje-te-korces-korrik-2007\/#article\",\"isPartOf\":{\"@id\":\"https:\/\/orthodoxalbania.org\/2020\/2007\/02\/26\/kampi-i-vajzave-dhe-i-djemve-ngjallja-e-krishtit-ne-voskopoje-te-korces-korrik-2007\/\"},\"author\":{\"name\":\"Kisha Orthodhokse\",\"@id\":\"https:\/\/orthodoxalbania.org\/2020\/#\/schema\/person\/0c387634a7063ac612d7ed9ce71c7e86\"},\"headline\":\"Kampi i vajzave dhe i djemve &#8220;Ngjallja e Krishtit&#8221; n\u00eb Voskopoj\u00eb t\u00eb Kor\u00e7\u00ebs. (Korrik 2007)\",\"datePublished\":\"2007-02-26T00:00:00+00:00\",\"dateModified\":\"2020-04-06T20:35:50+00:00\",\"mainEntityOfPage\":{\"@id\":\"https:\/\/orthodoxalbania.org\/2020\/2007\/02\/26\/kampi-i-vajzave-dhe-i-djemve-ngjallja-e-krishtit-ne-voskopoje-te-korces-korrik-2007\/\"},\"wordCount\":693,\"commentCount\":0,\"publisher\":{\"@id\":\"https:\/\/orthodoxalbania.org\/2020\/#organization\"},\"image\":{\"@id\":\"https:\/\/orthodoxalbania.org\/2020\/2007\/02\/26\/kampi-i-vajzave-dhe-i-djemve-ngjallja-e-krishtit-ne-voskopoje-te-korces-korrik-2007\/#primaryimage\"},\"thumbnailUrl\":\"https:\/\/lh6.googleusercontent.com\/-Y1AejbY1SAw\/VIqfQwZmYhI\/AAAAAAAAGpo\/rm9ycLAAYCI\/w400-h300-no\/pic1.jpg\",\"keywords\":[\"2007\",\"Kampe verore\",\"lajme\",\"Mitropolia Kor\u00e7\u00eb\",\"Rinia Orthodhokse\"],\"articleSection\":[\"Lajme\"],\"inLanguage\":\"en-US\"},{\"@type\":\"WebPage\",\"@id\":\"https:\/\/orthodoxalbania.org\/2020\/2007\/02\/26\/kampi-i-vajzave-dhe-i-djemve-ngjallja-e-krishtit-ne-voskopoje-te-korces-korrik-2007\/\",\"url\":\"https:\/\/orthodoxalbania.org\/2020\/2007\/02\/26\/kampi-i-vajzave-dhe-i-djemve-ngjallja-e-krishtit-ne-voskopoje-te-korces-korrik-2007\/\",\"name\":\"Kampi i vajzave dhe i djemve \\\"Ngjallja e Krishtit\\\" n\u00eb Voskopoj\u00eb t\u00eb Kor\u00e7\u00ebs. (Korrik 2007) - Kisha Orthodh\u03bfkse Autoqefale e Shqip\u00ebris\u00eb\",\"isPartOf\":{\"@id\":\"https:\/\/orthodoxalbania.org\/2020\/#website\"},\"primaryImageOfPage\":{\"@id\":\"https:\/\/orthodoxalbania.org\/2020\/2007\/02\/26\/kampi-i-vajzave-dhe-i-djemve-ngjallja-e-krishtit-ne-voskopoje-te-korces-korrik-2007\/#primaryimage\"},\"image\":{\"@id\":\"https:\/\/orthodoxalbania.org\/2020\/2007\/02\/26\/kampi-i-vajzave-dhe-i-djemve-ngjallja-e-krishtit-ne-voskopoje-te-korces-korrik-2007\/#primaryimage\"},\"thumbnailUrl\":\"https:\/\/lh6.googleusercontent.com\/-Y1AejbY1SAw\/VIqfQwZmYhI\/AAAAAAAAGpo\/rm9ycLAAYCI\/w400-h300-no\/pic1.jpg\",\"datePublished\":\"2007-02-26T00:00:00+00:00\",\"dateModified\":\"2020-04-06T20:35:50+00:00\",\"breadcrumb\":{\"@id\":\"https:\/\/orthodoxalbania.org\/2020\/2007\/02\/26\/kampi-i-vajzave-dhe-i-djemve-ngjallja-e-krishtit-ne-voskopoje-te-korces-korrik-2007\/#breadcrumb\"},\"inLanguage\":\"en-US\",\"potentialAction\":[{\"@type\":\"ReadAction\",\"target\":[\"https:\/\/orthodoxalbania.org\/2020\/2007\/02\/26\/kampi-i-vajzave-dhe-i-djemve-ngjallja-e-krishtit-ne-voskopoje-te-korces-korrik-2007\/\"]}]},{\"@type\":\"ImageObject\",\"inLanguage\":\"en-US\",\"@id\":\"https:\/\/orthodoxalbania.org\/2020\/2007\/02\/26\/kampi-i-vajzave-dhe-i-djemve-ngjallja-e-krishtit-ne-voskopoje-te-korces-korrik-2007\/#primaryimage\",\"url\":\"https:\/\/lh6.googleusercontent.com\/-Y1AejbY1SAw\/VIqfQwZmYhI\/AAAAAAAAGpo\/rm9ycLAAYCI\/w400-h300-no\/pic1.jpg\",\"contentUrl\":\"https:\/\/lh6.googleusercontent.com\/-Y1AejbY1SAw\/VIqfQwZmYhI\/AAAAAAAAGpo\/rm9ycLAAYCI\/w400-h300-no\/pic1.jpg\"},{\"@type\":\"BreadcrumbList\",\"@id\":\"https:\/\/orthodoxalbania.org\/2020\/2007\/02\/26\/kampi-i-vajzave-dhe-i-djemve-ngjallja-e-krishtit-ne-voskopoje-te-korces-korrik-2007\/#breadcrumb\",\"itemListElement\":[{\"@type\":\"ListItem\",\"position\":1,\"name\":\"Home\",\"item\":\"https:\/\/orthodoxalbania.org\/2020\/\"},{\"@type\":\"ListItem\",\"position\":2,\"name\":\"Kampi i vajzave dhe i djemve &#8220;Ngjallja e Krishtit&#8221; n\u00eb Voskopoj\u00eb t\u00eb Kor\u00e7\u00ebs. (Korrik 2007)\"}]},{\"@type\":\"WebSite\",\"@id\":\"https:\/\/orthodoxalbania.org\/2020\/#website\",\"url\":\"https:\/\/orthodoxalbania.org\/2020\/\",\"name\":\"Kisha Orthodh\u03bfkse Autoqefale e Shqip\u00ebris\u00eb\",\"description\":\"Fqja Zyrtare e Kish\u00ebs Orthodhokse Autoqefale e Shqip\u00ebris\u00eb me lajmet edhe informacionet zyrtare p\u00ebr struktur\u00ebn edhe veprimtarin e saj.\",\"publisher\":{\"@id\":\"https:\/\/orthodoxalbania.org\/2020\/#organization\"},\"potentialAction\":[{\"@type\":\"SearchAction\",\"target\":{\"@type\":\"EntryPoint\",\"urlTemplate\":\"https:\/\/orthodoxalbania.org\/2020\/?s={search_term_string}\"},\"query-input\":{\"@type\":\"PropertyValueSpecification\",\"valueRequired\":true,\"valueName\":\"search_term_string\"}}],\"inLanguage\":\"en-US\"},{\"@type\":\"Organization\",\"@id\":\"https:\/\/orthodoxalbania.org\/2020\/#organization\",\"name\":\"Kisha Orthodhokse Autoqefale e Shqip\u00ebris\u00eb\",\"url\":\"https:\/\/orthodoxalbania.org\/2020\/\",\"logo\":{\"@type\":\"ImageObject\",\"inLanguage\":\"en-US\",\"@id\":\"https:\/\/orthodoxalbania.org\/2020\/#\/schema\/logo\/image\/\",\"url\":\"https:\/\/orthodoxalbania.org\/2020\/wp-content\/uploads\/2020\/05\/albania.jpeg\",\"contentUrl\":\"https:\/\/orthodoxalbania.org\/2020\/wp-content\/uploads\/2020\/05\/albania.jpeg\",\"width\":540,\"height\":540,\"caption\":\"Kisha Orthodhokse Autoqefale e Shqip\u00ebris\u00eb\"},\"image\":{\"@id\":\"https:\/\/orthodoxalbania.org\/2020\/#\/schema\/logo\/image\/\"},\"sameAs\":[\"https:\/\/www.facebook.com\/koash1991\"]},{\"@type\":\"Person\",\"@id\":\"https:\/\/orthodoxalbania.org\/2020\/#\/schema\/person\/0c387634a7063ac612d7ed9ce71c7e86\",\"name\":\"Kisha Orthodhokse\",\"image\":{\"@type\":\"ImageObject\",\"inLanguage\":\"en-US\",\"@id\":\"https:\/\/secure.gravatar.com\/avatar\/596e7c417251e30f2fbb9c00e026fce61a695a00e51c889caded71c96cbbdde5?s=96&d=mm&r=g\",\"url\":\"https:\/\/secure.gravatar.com\/avatar\/596e7c417251e30f2fbb9c00e026fce61a695a00e51c889caded71c96cbbdde5?s=96&d=mm&r=g\",\"contentUrl\":\"https:\/\/secure.gravatar.com\/avatar\/596e7c417251e30f2fbb9c00e026fce61a695a00e51c889caded71c96cbbdde5?s=96&d=mm&r=g\",\"caption\":\"Kisha Orthodhokse\"}}]}<\/script>\n<!-- \/ Yoast SEO plugin. -->","yoast_head_json":{"title":"Kampi i vajzave dhe i djemve \"Ngjallja e Krishtit\" n\u00eb Voskopoj\u00eb t\u00eb Kor\u00e7\u00ebs. (Korrik 2007) - Kisha Orthodh\u03bfkse Autoqefale e Shqip\u00ebris\u00eb","robots":{"index":"index","follow":"follow","max-snippet":"max-snippet:-1","max-image-preview":"max-image-preview:large","max-video-preview":"max-video-preview:-1"},"canonical":"https:\/\/orthodoxalbania.org\/2020\/2007\/02\/26\/kampi-i-vajzave-dhe-i-djemve-ngjallja-e-krishtit-ne-voskopoje-te-korces-korrik-2007\/","og_locale":"en_US","og_type":"article","og_title":"Kampi i vajzave dhe i djemve \"Ngjallja e Krishtit\" n\u00eb Voskopoj\u00eb t\u00eb Kor\u00e7\u00ebs. (Korrik 2007) - Kisha Orthodh\u03bfkse Autoqefale e Shqip\u00ebris\u00eb","og_description":"&nbsp;&nbsp;&nbsp; P\u00ebr lavdi t\u00eb Per\u00ebndis\u00eb me bekimin e Mitropolitit t\u00eb Kor\u00e7\u00ebs Hir\u00ebsis\u00eb s\u00eb Tij Joanit, n\u00eb Mitropolin\u00eb e Shenjt\u00eb t\u00eb Kor\u00e7\u00ebs u zhvillua kampi rinor \u201cNgjallja e Krishtit\u201d, pran\u00eb Manastirit t\u00eb Sh\u00ebn Joan Prodhromit n\u00eb Voskopoj\u00eb. &nbsp; &nbsp;&nbsp;&nbsp; Kamp, i cili \u00ebsht\u00eb b\u00ebr\u00eb tashm\u00eb nj\u00eb tradit\u00eb prej tet\u00eb vjet\u00ebsh dhe financohet nga Zyra Komb\u00ebtare e Rinis\u00eb n\u00eb bashk\u00ebpunim me Zyr\u00ebn e Rinis\u00eb pran\u00eb Mitropolis\u00eb s\u00eb","og_url":"https:\/\/orthodoxalbania.org\/2020\/2007\/02\/26\/kampi-i-vajzave-dhe-i-djemve-ngjallja-e-krishtit-ne-voskopoje-te-korces-korrik-2007\/","og_site_name":"Kisha Orthodh\u03bfkse Autoqefale e Shqip\u00ebris\u00eb","article_publisher":"https:\/\/www.facebook.com\/koash1991","article_published_time":"2007-02-26T00:00:00+00:00","article_modified_time":"2020-04-06T20:35:50+00:00","og_image":[{"url":"https:\/\/lh6.googleusercontent.com\/-Y1AejbY1SAw\/VIqfQwZmYhI\/AAAAAAAAGpo\/rm9ycLAAYCI\/w400-h300-no\/pic1.jpg","type":"","width":"","height":""}],"author":"Kisha Orthodhokse","twitter_card":"summary_large_image","twitter_misc":{"Written by":"Kisha Orthodhokse","Est. reading time":"3 minutes"},"schema":{"@context":"https:\/\/schema.org","@graph":[{"@type":"Article","@id":"https:\/\/orthodoxalbania.org\/2020\/2007\/02\/26\/kampi-i-vajzave-dhe-i-djemve-ngjallja-e-krishtit-ne-voskopoje-te-korces-korrik-2007\/#article","isPartOf":{"@id":"https:\/\/orthodoxalbania.org\/2020\/2007\/02\/26\/kampi-i-vajzave-dhe-i-djemve-ngjallja-e-krishtit-ne-voskopoje-te-korces-korrik-2007\/"},"author":{"name":"Kisha Orthodhokse","@id":"https:\/\/orthodoxalbania.org\/2020\/#\/schema\/person\/0c387634a7063ac612d7ed9ce71c7e86"},"headline":"Kampi i vajzave dhe i djemve &#8220;Ngjallja e Krishtit&#8221; n\u00eb Voskopoj\u00eb t\u00eb Kor\u00e7\u00ebs. (Korrik 2007)","datePublished":"2007-02-26T00:00:00+00:00","dateModified":"2020-04-06T20:35:50+00:00","mainEntityOfPage":{"@id":"https:\/\/orthodoxalbania.org\/2020\/2007\/02\/26\/kampi-i-vajzave-dhe-i-djemve-ngjallja-e-krishtit-ne-voskopoje-te-korces-korrik-2007\/"},"wordCount":693,"commentCount":0,"publisher":{"@id":"https:\/\/orthodoxalbania.org\/2020\/#organization"},"image":{"@id":"https:\/\/orthodoxalbania.org\/2020\/2007\/02\/26\/kampi-i-vajzave-dhe-i-djemve-ngjallja-e-krishtit-ne-voskopoje-te-korces-korrik-2007\/#primaryimage"},"thumbnailUrl":"https:\/\/lh6.googleusercontent.com\/-Y1AejbY1SAw\/VIqfQwZmYhI\/AAAAAAAAGpo\/rm9ycLAAYCI\/w400-h300-no\/pic1.jpg","keywords":["2007","Kampe verore","lajme","Mitropolia Kor\u00e7\u00eb","Rinia Orthodhokse"],"articleSection":["Lajme"],"inLanguage":"en-US"},{"@type":"WebPage","@id":"https:\/\/orthodoxalbania.org\/2020\/2007\/02\/26\/kampi-i-vajzave-dhe-i-djemve-ngjallja-e-krishtit-ne-voskopoje-te-korces-korrik-2007\/","url":"https:\/\/orthodoxalbania.org\/2020\/2007\/02\/26\/kampi-i-vajzave-dhe-i-djemve-ngjallja-e-krishtit-ne-voskopoje-te-korces-korrik-2007\/","name":"Kampi i vajzave dhe i djemve \"Ngjallja e Krishtit\" n\u00eb Voskopoj\u00eb t\u00eb Kor\u00e7\u00ebs. (Korrik 2007) - Kisha Orthodh\u03bfkse Autoqefale e Shqip\u00ebris\u00eb","isPartOf":{"@id":"https:\/\/orthodoxalbania.org\/2020\/#website"},"primaryImageOfPage":{"@id":"https:\/\/orthodoxalbania.org\/2020\/2007\/02\/26\/kampi-i-vajzave-dhe-i-djemve-ngjallja-e-krishtit-ne-voskopoje-te-korces-korrik-2007\/#primaryimage"},"image":{"@id":"https:\/\/orthodoxalbania.org\/2020\/2007\/02\/26\/kampi-i-vajzave-dhe-i-djemve-ngjallja-e-krishtit-ne-voskopoje-te-korces-korrik-2007\/#primaryimage"},"thumbnailUrl":"https:\/\/lh6.googleusercontent.com\/-Y1AejbY1SAw\/VIqfQwZmYhI\/AAAAAAAAGpo\/rm9ycLAAYCI\/w400-h300-no\/pic1.jpg","datePublished":"2007-02-26T00:00:00+00:00","dateModified":"2020-04-06T20:35:50+00:00","breadcrumb":{"@id":"https:\/\/orthodoxalbania.org\/2020\/2007\/02\/26\/kampi-i-vajzave-dhe-i-djemve-ngjallja-e-krishtit-ne-voskopoje-te-korces-korrik-2007\/#breadcrumb"},"inLanguage":"en-US","potentialAction":[{"@type":"ReadAction","target":["https:\/\/orthodoxalbania.org\/2020\/2007\/02\/26\/kampi-i-vajzave-dhe-i-djemve-ngjallja-e-krishtit-ne-voskopoje-te-korces-korrik-2007\/"]}]},{"@type":"ImageObject","inLanguage":"en-US","@id":"https:\/\/orthodoxalbania.org\/2020\/2007\/02\/26\/kampi-i-vajzave-dhe-i-djemve-ngjallja-e-krishtit-ne-voskopoje-te-korces-korrik-2007\/#primaryimage","url":"https:\/\/lh6.googleusercontent.com\/-Y1AejbY1SAw\/VIqfQwZmYhI\/AAAAAAAAGpo\/rm9ycLAAYCI\/w400-h300-no\/pic1.jpg","contentUrl":"https:\/\/lh6.googleusercontent.com\/-Y1AejbY1SAw\/VIqfQwZmYhI\/AAAAAAAAGpo\/rm9ycLAAYCI\/w400-h300-no\/pic1.jpg"},{"@type":"BreadcrumbList","@id":"https:\/\/orthodoxalbania.org\/2020\/2007\/02\/26\/kampi-i-vajzave-dhe-i-djemve-ngjallja-e-krishtit-ne-voskopoje-te-korces-korrik-2007\/#breadcrumb","itemListElement":[{"@type":"ListItem","position":1,"name":"Home","item":"https:\/\/orthodoxalbania.org\/2020\/"},{"@type":"ListItem","position":2,"name":"Kampi i vajzave dhe i djemve &#8220;Ngjallja e Krishtit&#8221; n\u00eb Voskopoj\u00eb t\u00eb Kor\u00e7\u00ebs. (Korrik 2007)"}]},{"@type":"WebSite","@id":"https:\/\/orthodoxalbania.org\/2020\/#website","url":"https:\/\/orthodoxalbania.org\/2020\/","name":"Kisha Orthodh\u03bfkse Autoqefale e Shqip\u00ebris\u00eb","description":"Fqja Zyrtare e Kish\u00ebs Orthodhokse Autoqefale e Shqip\u00ebris\u00eb me lajmet edhe informacionet zyrtare p\u00ebr struktur\u00ebn edhe veprimtarin e saj.","publisher":{"@id":"https:\/\/orthodoxalbania.org\/2020\/#organization"},"potentialAction":[{"@type":"SearchAction","target":{"@type":"EntryPoint","urlTemplate":"https:\/\/orthodoxalbania.org\/2020\/?s={search_term_string}"},"query-input":{"@type":"PropertyValueSpecification","valueRequired":true,"valueName":"search_term_string"}}],"inLanguage":"en-US"},{"@type":"Organization","@id":"https:\/\/orthodoxalbania.org\/2020\/#organization","name":"Kisha Orthodhokse Autoqefale e Shqip\u00ebris\u00eb","url":"https:\/\/orthodoxalbania.org\/2020\/","logo":{"@type":"ImageObject","inLanguage":"en-US","@id":"https:\/\/orthodoxalbania.org\/2020\/#\/schema\/logo\/image\/","url":"https:\/\/orthodoxalbania.org\/2020\/wp-content\/uploads\/2020\/05\/albania.jpeg","contentUrl":"https:\/\/orthodoxalbania.org\/2020\/wp-content\/uploads\/2020\/05\/albania.jpeg","width":540,"height":540,"caption":"Kisha Orthodhokse Autoqefale e Shqip\u00ebris\u00eb"},"image":{"@id":"https:\/\/orthodoxalbania.org\/2020\/#\/schema\/logo\/image\/"},"sameAs":["https:\/\/www.facebook.com\/koash1991"]},{"@type":"Person","@id":"https:\/\/orthodoxalbania.org\/2020\/#\/schema\/person\/0c387634a7063ac612d7ed9ce71c7e86","name":"Kisha Orthodhokse","image":{"@type":"ImageObject","inLanguage":"en-US","@id":"https:\/\/secure.gravatar.com\/avatar\/596e7c417251e30f2fbb9c00e026fce61a695a00e51c889caded71c96cbbdde5?s=96&d=mm&r=g","url":"https:\/\/secure.gravatar.com\/avatar\/596e7c417251e30f2fbb9c00e026fce61a695a00e51c889caded71c96cbbdde5?s=96&d=mm&r=g","contentUrl":"https:\/\/secure.gravatar.com\/avatar\/596e7c417251e30f2fbb9c00e026fce61a695a00e51c889caded71c96cbbdde5?s=96&d=mm&r=g","caption":"Kisha Orthodhokse"}}]}},"_links":{"self":[{"href":"https:\/\/orthodoxalbania.org\/2020\/wp-json\/wp\/v2\/posts\/706","targetHints":{"allow":["GET"]}}],"collection":[{"href":"https:\/\/orthodoxalbania.org\/2020\/wp-json\/wp\/v2\/posts"}],"about":[{"href":"https:\/\/orthodoxalbania.org\/2020\/wp-json\/wp\/v2\/types\/post"}],"author":[{"embeddable":true,"href":"https:\/\/orthodoxalbania.org\/2020\/wp-json\/wp\/v2\/users\/1"}],"replies":[{"embeddable":true,"href":"https:\/\/orthodoxalbania.org\/2020\/wp-json\/wp\/v2\/comments?post=706"}],"version-history":[{"count":1,"href":"https:\/\/orthodoxalbania.org\/2020\/wp-json\/wp\/v2\/posts\/706\/revisions"}],"predecessor-version":[{"id":15776,"href":"https:\/\/orthodoxalbania.org\/2020\/wp-json\/wp\/v2\/posts\/706\/revisions\/15776"}],"wp:attachment":[{"href":"https:\/\/orthodoxalbania.org\/2020\/wp-json\/wp\/v2\/media?parent=706"}],"wp:term":[{"taxonomy":"category","embeddable":true,"href":"https:\/\/orthodoxalbania.org\/2020\/wp-json\/wp\/v2\/categories?post=706"},{"taxonomy":"post_tag","embeddable":true,"href":"https:\/\/orthodoxalbania.org\/2020\/wp-json\/wp\/v2\/tags?post=706"}],"curies":[{"name":"wp","href":"https:\/\/api.w.org\/{rel}","templated":true}]}}