{"id":705,"date":"2006-02-26T00:00:00","date_gmt":"2006-02-26T00:00:00","guid":{"rendered":""},"modified":"2020-04-06T22:41:51","modified_gmt":"2020-04-06T20:41:51","slug":"kampi-i-vajzave-dhe-i-djemve-ngjallja-e-krishtit-i-dioqezes-se-korces-gusht-06","status":"publish","type":"post","link":"https:\/\/orthodoxalbania.org\/2020\/2006\/02\/26\/kampi-i-vajzave-dhe-i-djemve-ngjallja-e-krishtit-i-dioqezes-se-korces-gusht-06\/","title":{"rendered":"Kampi i vajzave dhe i djemve &#8220;Ngjallja e Krishtit&#8221; i Dioqez\u00ebs s\u00eb Kor\u00e7\u00ebs. (13 &#8211; 31 Gusht 2006)"},"content":{"rendered":"<table id=\"AutoNumber4\" style=\"width: 781px; height: 2174px;\" border=\"0\">\n<tbody>\n<tr>\n<td>\n<div style=\"text-align: justify;\"><span style=\"color: #000000;\"><span style=\"font-family: tahoma,geneva,sans-serif;\"><span style=\"font-size: 12px;\">&nbsp;&nbsp; P\u00ebr lavdi t\u00eb Per\u00ebndis\u00eb me bekimin e Mitropolitit t\u00eb Kor\u00e7\u00ebs Hir\u00ebsis\u00eb s\u00eb Tij Joanit, n\u00eb Mitropolin\u00eb e Shenjt\u00eb t\u00eb Kor\u00e7\u00ebs u zhvillua kampingu rinor \u201cNgjallja e Krishtit\u201d, pran\u00eb Manastirit t\u00eb Sh\u00ebn Joan Prodhromit n\u00eb Voskopoj\u00eb. Ky Kamp \u00ebsht\u00eb b\u00ebr\u00eb tashm\u00eb nj\u00eb tradit\u00eb prej tet\u00eb vjet\u00ebsh dhe financohet nga Zyra Komb\u00ebtare e Rinis\u00eb n\u00eb bashk\u00ebpunim me Zyr\u00ebn e Rinis\u00eb pran\u00eb Mitropolis\u00eb s\u00eb Shenjt\u00eb, Kor\u00e7\u00eb.<br \/> <\/span><\/span><\/span><\/div>\n<div style=\"text-align: justify;\">&nbsp;<\/div>\n<div style=\"text-align: justify;\"><span style=\"color: #000000;\"><span style=\"font-family: tahoma,geneva,sans-serif;\"><span style=\"font-size: 12px;\">&nbsp;&nbsp; Nga data 13 korrik deri n\u00eb 22 korrik 2006 u zhvillua kampi i vajzave me nj\u00eb pjes\u00ebmarrje prej 54 personash ku 42 ishin kampiste, pjesa m\u00eb e madhe e t\u00eb cilave merrnin pjes\u00eb p\u00ebr her\u00eb t\u00eb par\u00eb n\u00eb nj\u00eb kamping.<\/span><\/span><\/span><\/div>\n<\/td>\n<td>\n<div><span style=\"color: #000000;\"><span style=\"font-family: tahoma,geneva,sans-serif;\"><span style=\"font-size: 12px;\">&nbsp;&nbsp;&nbsp; <img decoding=\"async\" class=\"lazyload HAa Eha\" style=\"border-width: 1px; border-style: solid; margin: 10px auto; display: block;\" alt=\"\" src=\"data:image\/gif;base64,R0lGODlhAQABAAAAACH5BAEKAAEALAAAAAABAAEAAAICTAEAOw==\" data-orig-src=\"https:\/\/lh3.googleusercontent.com\/-9SawGE6zJXk\/VIgC6CzFL3I\/AAAAAAAAFrg\/0XWzL_SiHPY\/w370-h277-no\/untitled1.jpg\" \/><\/span><\/span><\/span><\/div>\n<\/td>\n<\/tr>\n<tr>\n<td>\n<div><span style=\"color: #000000;\"><span style=\"font-family: tahoma,geneva,sans-serif;\"><span style=\"font-size: 12px;\">&nbsp;&nbsp;&nbsp; <img decoding=\"async\" class=\"lazyload HAa Eha\" style=\"border-width: 1px; border-style: solid; margin: 10px auto; display: block;\" alt=\"\" src=\"data:image\/gif;base64,R0lGODlhAQABAAAAACH5BAEKAAEALAAAAAABAAEAAAICTAEAOw==\" data-orig-src=\"https:\/\/lh3.googleusercontent.com\/-3rLWRnAKZLw\/VIgC6kspDKI\/AAAAAAAAFrU\/b2IpLE-QjsQ\/w370-h277-no\/untitled2.jpg\" \/>&nbsp; <\/span><\/span><\/span><\/div>\n<\/td>\n<td>\n<div style=\"text-align: justify;\"><span style=\"color: #000000;\"><span style=\"font-family: tahoma,geneva,sans-serif;\"><span style=\"font-size: 12px;\">&nbsp;&nbsp;&nbsp; Drejtues shpirt\u00ebror ishte kleriku at\u00eb Viktor Konomi dhe drejtuese kampi Varvara Bo\u00e7o dhe Anjeza Panolli.<br \/> <\/span><\/span><\/span><\/div>\n<div style=\"text-align: justify;\"><span style=\"color: #000000;\"><span style=\"font-family: tahoma,geneva,sans-serif;\"><span style=\"font-size: 12px;\">&nbsp;&nbsp;&nbsp; <\/span><\/span><\/span><\/div>\n<div style=\"text-align: justify;\"><span style=\"color: #000000;\"><span style=\"font-family: tahoma,geneva,sans-serif;\"><span style=\"font-size: 12px;\">&nbsp;&nbsp; Nd\u00ebrsa kampi i djemve u zhvillua nga data 22 korrik 2006 deri n\u00eb dat\u00ebn 31 korrik 2006 dhe pati nj\u00eb pjes\u00ebmarrje prej 58 personash gjithsej, 45 prej t\u00eb cil\u00ebve ishin kampist\u00eb t\u00eb mosh\u00ebs 13 deri 16 vje\u00e7. Drejtues shpirt\u00ebror i kampit ishte kleriku at\u00eb Konstandin Mujo dhe drejtues kampi Mihal Sonellari dhe Vangjel Qazimllari.<\/span><\/span><\/span><\/div>\n<\/td>\n<\/tr>\n<tr>\n<td>\n<div style=\"text-align: justify;\"><span style=\"color: #000000;\"><span style=\"font-family: tahoma,geneva,sans-serif;\"><span style=\"font-size: 12px;\">&nbsp;&nbsp; N\u00eb t\u00eb dy kampet ndihmuan student\u00ebt e Akademis\u00eb Teologjike \u201cNgjallja e Krishtit\u201d Sh\u00ebn Vlash si edhe vajza dhe djem an\u00ebtar\u00eb t\u00eb grupit t\u00eb Rinis\u00eb Orthodhokse t\u00eb Kor\u00e7\u00ebs.<br \/> <\/span><\/span><\/span><\/div>\n<div style=\"text-align: justify;\">&nbsp;<\/div>\n<div style=\"text-align: justify;\"><span style=\"color: #000000;\"><span style=\"font-family: tahoma,geneva,sans-serif;\"><span style=\"font-size: 12px;\">&nbsp; Tema qendrore e k\u00ebtij kampingu ishte: \u201cT\u00eb jetosh me Zotin\u201d. Temat kryesore ishin t\u00eb p\u00ebrqendruara n\u00eb paravoli t\u00eb marra nga Ungjilli. Gjithashtu p\u00ebr pjes\u00ebmarr\u00ebsit n\u00eb kamping u zhvillua nj\u00eb cik\u00ebl katekizmi, ku u fol mbi Simbolin e Besimit, kreshm\u00ebn, shenjtor\u00ebt, ikonat, lutjen dhe misteret.<\/span><\/span><\/span><\/div>\n<\/td>\n<td>\n<div><span style=\"color: #000000;\"><span style=\"font-family: tahoma,geneva,sans-serif;\"><span style=\"font-size: 12px;\">&nbsp;&nbsp;&nbsp; <img decoding=\"async\" class=\"lazyload HAa Eha\" style=\"border-width: 1px; border-style: solid; margin: 10px auto; display: block;\" alt=\"\" src=\"data:image\/gif;base64,R0lGODlhAQABAAAAACH5BAEKAAEALAAAAAABAAEAAAICTAEAOw==\" data-orig-src=\"https:\/\/lh4.googleusercontent.com\/-aSUygUi-Hfs\/VIgC67npEDI\/AAAAAAAAFrI\/PaS4D6sTO60\/w370-h277-no\/untitled3.jpg\" \/><\/span><\/span><\/span><\/div>\n<\/td>\n<\/tr>\n<tr>\n<td>\n<div><span style=\"color: #000000;\"><span style=\"font-family: tahoma,geneva,sans-serif;\"><span style=\"font-size: 12px;\">&nbsp;&nbsp;&nbsp;&nbsp;&nbsp; <img decoding=\"async\" class=\"lazyload HAa Eha\" style=\"border-width: 1px; border-style: solid; margin: 10px auto; display: block;\" alt=\"\" src=\"data:image\/gif;base64,R0lGODlhAQABAAAAACH5BAEKAAEALAAAAAABAAEAAAICTAEAOw==\" data-orig-src=\"https:\/\/lh4.googleusercontent.com\/-eoiZdmHU1hY\/VIgC6P9yVQI\/AAAAAAAAFq0\/b8ZJmqRhhBY\/w370-h222-no\/popio.jpg\" \/><\/span><\/span><\/span><\/div>\n<\/td>\n<td>\n<div style=\"text-align: justify;\"><span style=\"color: #000000;\"><span style=\"font-family: tahoma,geneva,sans-serif;\"><span style=\"font-size: 12px;\">&nbsp;&nbsp; T\u00eb dy kampingjet, si i vajzave dhe ai i djemve pat\u00ebn nj\u00eb program t\u00eb ngarkuar me loj\u00ebra dhe aktivitete te shumta dhe t\u00eb larmishme arg\u00ebtuese, si edhe ekskursione n\u00eb vendet piktoreske t\u00eb zon\u00ebs. U vizituan dhe u prezantuan kishat e fshatit, t\u00eb cilat mbartin vlera t\u00eb shumta fetare, historike dhe kulturore e komb\u00ebtare. Nj\u00eb tradit\u00eb e bukur ishte dhe mbledhja \u00e7do mbr\u00ebmje rreth zjarrit, ku zhvilloheshin biseda t\u00eb ndryshme.<\/span><\/span><\/span><\/div>\n<\/td>\n<\/tr>\n<tr>\n<td>\n<div style=\"text-align: justify;\"><span style=\"color: #000000;\"><span style=\"font-family: tahoma,geneva,sans-serif;\"><span style=\"font-size: 12px;\">&nbsp;&nbsp; N\u00eb dat\u00ebn 25 korrik, dit\u00ebn e kremtimit t\u00eb sh\u00ebn An\u00ebs, e cila korrespondon me dit\u00ebn e fron\u00ebzimit t\u00eb Mitropolitit t\u00eb Kor\u00e7\u00ebs, Hir\u00ebsis\u00eb s\u00eb Tij Imzot Joanit, nj\u00eb grup nga kampi i djemve mor\u00ebn pjes\u00eb n\u00eb ceremonin\u00eb e zhvilluar me rastin e tet\u00eb vjetorit t\u00eb fron\u00ebzimit t\u00eb Imzot Joanit. N\u00eb dat\u00ebn 26 korrik, dit\u00ebn e festimit t\u00eb Sh\u00ebn e Premtes n\u00eb Manastirin e Sh\u00ebn Joan Pag\u00ebzorit u p\u00ebrgatit nj\u00eb kryq i madh prej druri, i cili u vendos n\u00eb rr\u00ebnojat e kish\u00ebs s\u00eb Sh\u00ebn e Premtes dhe Sh\u00ebn Dhionisit n\u00eb fshatin Voskopoj\u00eb.<\/span><\/span><\/span><\/div>\n<\/td>\n<td>\n<div><span style=\"color: #000000;\"><span style=\"font-family: tahoma,geneva,sans-serif;\"><span style=\"font-size: 12px;\">&nbsp;&nbsp;&nbsp;&nbsp; <img decoding=\"async\" class=\"lazyload HAa Eha\" style=\"border-width: 1px; border-style: solid; margin: 10px auto; display: block;\" alt=\"\" src=\"data:image\/gif;base64,R0lGODlhAQABAAAAACH5BAEKAAEALAAAAAABAAEAAAICTAEAOw==\" data-orig-src=\"https:\/\/lh5.googleusercontent.com\/-Af8nAgshJDE\/VIgC6CUR_OI\/AAAAAAAAFrY\/24c_gdwrHFY\/w370-h277-no\/uky.jpg\" \/><\/span><\/span><\/span><\/div>\n<\/td>\n<\/tr>\n<tr>\n<td>\n<div><span style=\"color: #000000;\"><span style=\"font-family: tahoma,geneva,sans-serif;\"><span style=\"font-size: 12px;\">&nbsp;&nbsp;&nbsp; <img decoding=\"async\" class=\"lazyload HAa Eha\" style=\"border-width: 1px; border-style: solid; margin: 10px auto; display: block;\" alt=\"\" src=\"data:image\/gif;base64,R0lGODlhAQABAAAAACH5BAEKAAEALAAAAAABAAEAAAICTAEAOw==\" data-orig-src=\"https:\/\/lh5.googleusercontent.com\/-5q8Miuj7M8A\/VIgC7c7yQnI\/AAAAAAAAFrQ\/6WUS93B2wFc\/w370-h277-no\/untitled4kkkrr.jpg\" \/><\/span><\/span><\/span><\/div>\n<\/td>\n<td>\n<div style=\"text-align: justify;\"><span style=\"color: #000000;\"><span style=\"font-family: tahoma,geneva,sans-serif;\"><span style=\"font-size: 12px;\">&nbsp;&nbsp; Kryqi u nxor nga kisha me lutje dhe shoq\u00ebrohej nga ikona t\u00eb shumta q\u00eb ecnin para tij. Duke u lutur dhe duke psalur, i gjith\u00eb kampi mori rrug\u00ebn drejt kish\u00ebs s\u00eb Sh\u00ebn e Premtes ku t\u00eb gjith\u00eb s\u00eb bashku vendos\u00ebn kryqin n\u00eb nj\u00eb pik\u00eb t\u00eb dukshme p\u00ebrball\u00eb rrug\u00ebs. Nd\u00ebrsa n\u00eb dat\u00ebn 27 korrik, Mitropoliti i Kor\u00e7\u00ebs, Imzot Joani vizitoi kampingun e djemve. Gjat\u00eb vizit\u00ebs, ai zhvilloi nj\u00eb bised\u00eb t\u00eb ngroht\u00eb me kampist\u00ebt dhe m\u00eb pas q\u00ebndroi p\u00ebr drek\u00eb. Gjithashtu n\u00eb form\u00eb pelegrinazhi u zhvillua nj\u00eb ekskursion n\u00eb fshatin Shipsk\u00eb n\u00eb kish\u00ebn e Sh\u00ebn Nikoll\u00ebs. Po n\u00eb k\u00ebt\u00eb dit\u00eb u zhvillua dhe takimi i fundit rreth zjarrit gjat\u00eb t\u00eb cilit t\u00eb rinjt\u00eb dhan\u00eb p\u00ebrshtypjet e tyre p\u00ebr kampin.<\/span><\/span><\/span><\/div>\n<\/td>\n<\/tr>\n<tr>\n<td>\n<div>&nbsp;<\/div>\n<div style=\"text-align: justify;\"><span style=\"color: #000000;\"><span style=\"font-family: tahoma,geneva,sans-serif;\"><span style=\"font-size: 12px;\">&nbsp;&nbsp; Gjithashtu u b\u00ebn\u00eb edhe disa pag\u00ebzime. Shtat\u00eb djem edhe tre vajza, t\u00eb cil\u00ebt pasi ndoq\u00ebn programin e katekizmit u pag\u00ebzuan dhe mor\u00ebn Misteret e Shenjta t\u00eb Kish\u00ebs.<br \/> <\/span><\/span><\/span><\/div>\n<div style=\"text-align: justify;\">&nbsp;<\/div>\n<div style=\"text-align: justify;\"><span style=\"color: #000000;\"><span style=\"font-family: tahoma,geneva,sans-serif;\"><span style=\"font-size: 12px;\">&nbsp;&nbsp;&nbsp;&nbsp; Ky kamp mbetet p\u00ebrs\u00ebri i preferuar p\u00ebr t\u00eb rinjt\u00eb e Dioqez\u00ebs s\u00eb Kor\u00e7\u00ebs dhe kontribuon ndjesh\u00ebm n\u00eb rritjen shpirt\u00ebrore t\u00eb t\u00eb rinjve, si edhe plot\u00ebson nj\u00eb pjes\u00eb t\u00eb nevojave shpirt\u00ebrore t\u00eb rinis\u00eb n\u00eb k\u00ebt\u00eb dioqez\u00eb. Ndon\u00ebse ky kamp ka ende nevoj\u00eb p\u00ebr p\u00ebrmir\u00ebsim ishte nj\u00eb kamp i suksessh\u00ebm, i cili arriti q\u00ebllimin e tij. Ishte v\u00ebrtet shum\u00eb bukur t\u00eb shikoje ata t\u00eb rinj q\u00eb t\u00eb q\u00ebndronin si nj\u00eb familje e vetme. Tashm\u00eb n\u00eb mes shoq\u00ebrish t\u00eb reja t\u00eb krijuara dhe t\u00eb bashkuara n\u00eb emrin e Krishtit, u mbyll edhe ky kamping, i cili filloi dhe mbaroi p\u00ebr lavdi t\u00eb Per\u00ebndis\u00eb.<\/span><\/span><\/span><\/div>\n<\/td>\n<td>\n<div><span style=\"color: #000000;\"><span style=\"font-family: tahoma,geneva,sans-serif;\"><span style=\"font-size: 12px;\"><img decoding=\"async\" class=\"lazyload HAa Eha\" style=\"border-width: 1px; border-style: solid; margin: 10px auto; display: block;\" alt=\"\" src=\"data:image\/gif;base64,R0lGODlhAQABAAAAACH5BAEKAAEALAAAAAABAAEAAAICTAEAOw==\" data-orig-src=\"https:\/\/lh6.googleusercontent.com\/-RsqxSFpfX0Y\/VIgC7MJ0IUI\/AAAAAAAAFrM\/mQDtSrAcauA\/w370-h277-no\/untitled365r6y5e.jpg\" \/><\/span><\/span><\/span><\/div>\n<\/td>\n<\/tr>\n<\/tbody>\n<\/table>\n<div style=\"margin-left: 4.5in;\"><span style=\"color: #000000;\"><span style=\"font-family: tahoma,geneva,sans-serif;\"><span style=\"font-size: 12px;\">&nbsp;&nbsp;&nbsp;&nbsp;&nbsp;&nbsp;&nbsp;&nbsp;&nbsp;&nbsp;&nbsp;&nbsp;&nbsp;&nbsp;&nbsp;&nbsp;&nbsp;&nbsp;&nbsp;&nbsp;&nbsp;&nbsp;&nbsp;&nbsp;&nbsp;&nbsp;&nbsp;&nbsp;&nbsp;&nbsp;&nbsp;&nbsp;&nbsp;&nbsp;&nbsp;&nbsp;&nbsp;&nbsp;&nbsp;&nbsp;&nbsp;&nbsp;&nbsp;&nbsp;&nbsp;&nbsp;&nbsp;&nbsp;&nbsp;&nbsp;&nbsp;&nbsp;&nbsp;&nbsp;&nbsp;&nbsp;&nbsp;&nbsp;&nbsp;&nbsp;&nbsp;&nbsp;&nbsp;&nbsp;&nbsp;&nbsp;&nbsp;&nbsp;&nbsp;&nbsp;&nbsp;&nbsp;&nbsp;&nbsp;&nbsp;&nbsp;&nbsp;&nbsp;&nbsp;&nbsp;&nbsp;&nbsp;&nbsp;&nbsp;&nbsp;&nbsp; &nbsp;&nbsp;&nbsp;&nbsp;<\/span><\/span><\/span><\/div>\n<div style=\"margin-left: 3.5in;\">&nbsp;<\/div>\n<div><span style=\"color: #000000;\"><span style=\"font-family: tahoma,geneva,sans-serif;\"><span style=\"font-size: 12px;\"><strong>Mihal Sonellari<\/strong><\/span><\/span><\/span><\/div>\n","protected":false},"excerpt":{"rendered":"<p>&nbsp;&nbsp; P\u00ebr lavdi t\u00eb Per\u00ebndis\u00eb me bekimin e Mitropolitit t\u00eb Kor\u00e7\u00ebs Hir\u00ebsis\u00eb s\u00eb Tij Joanit, n\u00eb Mitropolin\u00eb e Shenjt\u00eb t\u00eb Kor\u00e7\u00ebs u zhvillua kampingu rinor \u201cNgjallja e Krishtit\u201d, pran\u00eb Manastirit t\u00eb Sh\u00ebn Joan Prodhromit n\u00eb Voskopoj\u00eb. Ky Kamp \u00ebsht\u00eb b\u00ebr\u00eb tashm\u00eb nj\u00eb tradit\u00eb prej tet\u00eb vjet\u00ebsh dhe financohet nga Zyra Komb\u00ebtare e Rinis\u00eb n\u00eb bashk\u00ebpunim me Zyr\u00ebn e Rinis\u00eb pran\u00eb Mitropolis\u00eb s\u00eb Shenjt\u00eb, Kor\u00e7\u00eb. &nbsp;<\/p>\n","protected":false},"author":1,"featured_media":0,"comment_status":"open","ping_status":"open","sticky":false,"template":"","format":"standard","meta":{"_acf_changed":false,"pagelayer_contact_templates":[],"_pagelayer_content":"","inline_featured_image":false,"fifu_image_url":"","fifu_image_alt":"","footnotes":""},"categories":[108],"tags":[148,200,212,181,176],"class_list":["post-705","post","type-post","status-publish","format-standard","hentry","category-lajme","tag-148","tag-kampe-verore","tag-lajme-d27","tag-korce","tag-rinia-orthodhokse"],"acf":[],"yoast_head":"<!-- This site is optimized with the Yoast SEO plugin v27.2 - https:\/\/yoast.com\/product\/yoast-seo-wordpress\/ -->\n<title>Kampi i vajzave dhe i djemve &quot;Ngjallja e Krishtit&quot; i Dioqez\u00ebs s\u00eb Kor\u00e7\u00ebs. (13 - 31 Gusht 2006) - Kisha Orthodh\u03bfkse Autoqefale e Shqip\u00ebris\u00eb<\/title>\n<meta name=\"robots\" content=\"index, follow, max-snippet:-1, max-image-preview:large, max-video-preview:-1\" \/>\n<link rel=\"canonical\" href=\"https:\/\/orthodoxalbania.org\/2020\/2006\/02\/26\/kampi-i-vajzave-dhe-i-djemve-ngjallja-e-krishtit-i-dioqezes-se-korces-gusht-06\/\" \/>\n<meta property=\"og:locale\" content=\"en_US\" \/>\n<meta property=\"og:type\" content=\"article\" \/>\n<meta property=\"og:title\" content=\"Kampi i vajzave dhe i djemve &quot;Ngjallja e Krishtit&quot; i Dioqez\u00ebs s\u00eb Kor\u00e7\u00ebs. (13 - 31 Gusht 2006) - Kisha Orthodh\u03bfkse Autoqefale e Shqip\u00ebris\u00eb\" \/>\n<meta property=\"og:description\" content=\"&nbsp;&nbsp; P\u00ebr lavdi t\u00eb Per\u00ebndis\u00eb me bekimin e Mitropolitit t\u00eb Kor\u00e7\u00ebs Hir\u00ebsis\u00eb s\u00eb Tij Joanit, n\u00eb Mitropolin\u00eb e Shenjt\u00eb t\u00eb Kor\u00e7\u00ebs u zhvillua kampingu rinor \u201cNgjallja e Krishtit\u201d, pran\u00eb Manastirit t\u00eb Sh\u00ebn Joan Prodhromit n\u00eb Voskopoj\u00eb. Ky Kamp \u00ebsht\u00eb b\u00ebr\u00eb tashm\u00eb nj\u00eb tradit\u00eb prej tet\u00eb vjet\u00ebsh dhe financohet nga Zyra Komb\u00ebtare e Rinis\u00eb n\u00eb bashk\u00ebpunim me Zyr\u00ebn e Rinis\u00eb pran\u00eb Mitropolis\u00eb s\u00eb Shenjt\u00eb, Kor\u00e7\u00eb. &nbsp;\" \/>\n<meta property=\"og:url\" content=\"https:\/\/orthodoxalbania.org\/2020\/2006\/02\/26\/kampi-i-vajzave-dhe-i-djemve-ngjallja-e-krishtit-i-dioqezes-se-korces-gusht-06\/\" \/>\n<meta property=\"og:site_name\" content=\"Kisha Orthodh\u03bfkse Autoqefale e Shqip\u00ebris\u00eb\" \/>\n<meta property=\"article:publisher\" content=\"https:\/\/www.facebook.com\/koash1991\" \/>\n<meta property=\"article:published_time\" content=\"2006-02-26T00:00:00+00:00\" \/>\n<meta property=\"article:modified_time\" content=\"2020-04-06T20:41:51+00:00\" \/>\n<meta property=\"og:image\" content=\"https:\/\/lh3.googleusercontent.com\/-9SawGE6zJXk\/VIgC6CzFL3I\/AAAAAAAAFrg\/0XWzL_SiHPY\/w370-h277-no\/untitled1.jpg\" \/>\n<meta name=\"author\" content=\"Kisha Orthodhokse\" \/>\n<meta name=\"twitter:card\" content=\"summary_large_image\" \/>\n<meta name=\"twitter:label1\" content=\"Written by\" \/>\n\t<meta name=\"twitter:data1\" content=\"Kisha Orthodhokse\" \/>\n\t<meta name=\"twitter:label2\" content=\"Est. reading time\" \/>\n\t<meta name=\"twitter:data2\" content=\"4 minutes\" \/>\n<script type=\"application\/ld+json\" class=\"yoast-schema-graph\">{\"@context\":\"https:\/\/schema.org\",\"@graph\":[{\"@type\":\"Article\",\"@id\":\"https:\/\/orthodoxalbania.org\/2020\/2006\/02\/26\/kampi-i-vajzave-dhe-i-djemve-ngjallja-e-krishtit-i-dioqezes-se-korces-gusht-06\/#article\",\"isPartOf\":{\"@id\":\"https:\/\/orthodoxalbania.org\/2020\/2006\/02\/26\/kampi-i-vajzave-dhe-i-djemve-ngjallja-e-krishtit-i-dioqezes-se-korces-gusht-06\/\"},\"author\":{\"name\":\"Kisha Orthodhokse\",\"@id\":\"https:\/\/orthodoxalbania.org\/2020\/#\/schema\/person\/0c387634a7063ac612d7ed9ce71c7e86\"},\"headline\":\"Kampi i vajzave dhe i djemve &#8220;Ngjallja e Krishtit&#8221; i Dioqez\u00ebs s\u00eb Kor\u00e7\u00ebs. (13 &#8211; 31 Gusht 2006)\",\"datePublished\":\"2006-02-26T00:00:00+00:00\",\"dateModified\":\"2020-04-06T20:41:51+00:00\",\"mainEntityOfPage\":{\"@id\":\"https:\/\/orthodoxalbania.org\/2020\/2006\/02\/26\/kampi-i-vajzave-dhe-i-djemve-ngjallja-e-krishtit-i-dioqezes-se-korces-gusht-06\/\"},\"wordCount\":901,\"commentCount\":0,\"publisher\":{\"@id\":\"https:\/\/orthodoxalbania.org\/2020\/#organization\"},\"image\":{\"@id\":\"https:\/\/orthodoxalbania.org\/2020\/2006\/02\/26\/kampi-i-vajzave-dhe-i-djemve-ngjallja-e-krishtit-i-dioqezes-se-korces-gusht-06\/#primaryimage\"},\"thumbnailUrl\":\"https:\/\/lh3.googleusercontent.com\/-9SawGE6zJXk\/VIgC6CzFL3I\/AAAAAAAAFrg\/0XWzL_SiHPY\/w370-h277-no\/untitled1.jpg\",\"keywords\":[\"2006\",\"Kampe verore\",\"lajme\",\"Mitropolia Kor\u00e7\u00eb\",\"Rinia Orthodhokse\"],\"articleSection\":[\"Lajme\"],\"inLanguage\":\"en-US\"},{\"@type\":\"WebPage\",\"@id\":\"https:\/\/orthodoxalbania.org\/2020\/2006\/02\/26\/kampi-i-vajzave-dhe-i-djemve-ngjallja-e-krishtit-i-dioqezes-se-korces-gusht-06\/\",\"url\":\"https:\/\/orthodoxalbania.org\/2020\/2006\/02\/26\/kampi-i-vajzave-dhe-i-djemve-ngjallja-e-krishtit-i-dioqezes-se-korces-gusht-06\/\",\"name\":\"Kampi i vajzave dhe i djemve \\\"Ngjallja e Krishtit\\\" i Dioqez\u00ebs s\u00eb Kor\u00e7\u00ebs. (13 - 31 Gusht 2006) - Kisha Orthodh\u03bfkse Autoqefale e Shqip\u00ebris\u00eb\",\"isPartOf\":{\"@id\":\"https:\/\/orthodoxalbania.org\/2020\/#website\"},\"primaryImageOfPage\":{\"@id\":\"https:\/\/orthodoxalbania.org\/2020\/2006\/02\/26\/kampi-i-vajzave-dhe-i-djemve-ngjallja-e-krishtit-i-dioqezes-se-korces-gusht-06\/#primaryimage\"},\"image\":{\"@id\":\"https:\/\/orthodoxalbania.org\/2020\/2006\/02\/26\/kampi-i-vajzave-dhe-i-djemve-ngjallja-e-krishtit-i-dioqezes-se-korces-gusht-06\/#primaryimage\"},\"thumbnailUrl\":\"https:\/\/lh3.googleusercontent.com\/-9SawGE6zJXk\/VIgC6CzFL3I\/AAAAAAAAFrg\/0XWzL_SiHPY\/w370-h277-no\/untitled1.jpg\",\"datePublished\":\"2006-02-26T00:00:00+00:00\",\"dateModified\":\"2020-04-06T20:41:51+00:00\",\"breadcrumb\":{\"@id\":\"https:\/\/orthodoxalbania.org\/2020\/2006\/02\/26\/kampi-i-vajzave-dhe-i-djemve-ngjallja-e-krishtit-i-dioqezes-se-korces-gusht-06\/#breadcrumb\"},\"inLanguage\":\"en-US\",\"potentialAction\":[{\"@type\":\"ReadAction\",\"target\":[\"https:\/\/orthodoxalbania.org\/2020\/2006\/02\/26\/kampi-i-vajzave-dhe-i-djemve-ngjallja-e-krishtit-i-dioqezes-se-korces-gusht-06\/\"]}]},{\"@type\":\"ImageObject\",\"inLanguage\":\"en-US\",\"@id\":\"https:\/\/orthodoxalbania.org\/2020\/2006\/02\/26\/kampi-i-vajzave-dhe-i-djemve-ngjallja-e-krishtit-i-dioqezes-se-korces-gusht-06\/#primaryimage\",\"url\":\"https:\/\/lh3.googleusercontent.com\/-9SawGE6zJXk\/VIgC6CzFL3I\/AAAAAAAAFrg\/0XWzL_SiHPY\/w370-h277-no\/untitled1.jpg\",\"contentUrl\":\"https:\/\/lh3.googleusercontent.com\/-9SawGE6zJXk\/VIgC6CzFL3I\/AAAAAAAAFrg\/0XWzL_SiHPY\/w370-h277-no\/untitled1.jpg\"},{\"@type\":\"BreadcrumbList\",\"@id\":\"https:\/\/orthodoxalbania.org\/2020\/2006\/02\/26\/kampi-i-vajzave-dhe-i-djemve-ngjallja-e-krishtit-i-dioqezes-se-korces-gusht-06\/#breadcrumb\",\"itemListElement\":[{\"@type\":\"ListItem\",\"position\":1,\"name\":\"Home\",\"item\":\"https:\/\/orthodoxalbania.org\/2020\/\"},{\"@type\":\"ListItem\",\"position\":2,\"name\":\"Kampi i vajzave dhe i djemve &#8220;Ngjallja e Krishtit&#8221; i Dioqez\u00ebs s\u00eb Kor\u00e7\u00ebs. (13 &#8211; 31 Gusht 2006)\"}]},{\"@type\":\"WebSite\",\"@id\":\"https:\/\/orthodoxalbania.org\/2020\/#website\",\"url\":\"https:\/\/orthodoxalbania.org\/2020\/\",\"name\":\"Kisha Orthodh\u03bfkse Autoqefale e Shqip\u00ebris\u00eb\",\"description\":\"Fqja Zyrtare e Kish\u00ebs Orthodhokse Autoqefale e Shqip\u00ebris\u00eb me lajmet edhe informacionet zyrtare p\u00ebr struktur\u00ebn edhe veprimtarin e saj.\",\"publisher\":{\"@id\":\"https:\/\/orthodoxalbania.org\/2020\/#organization\"},\"potentialAction\":[{\"@type\":\"SearchAction\",\"target\":{\"@type\":\"EntryPoint\",\"urlTemplate\":\"https:\/\/orthodoxalbania.org\/2020\/?s={search_term_string}\"},\"query-input\":{\"@type\":\"PropertyValueSpecification\",\"valueRequired\":true,\"valueName\":\"search_term_string\"}}],\"inLanguage\":\"en-US\"},{\"@type\":\"Organization\",\"@id\":\"https:\/\/orthodoxalbania.org\/2020\/#organization\",\"name\":\"Kisha Orthodhokse Autoqefale e Shqip\u00ebris\u00eb\",\"url\":\"https:\/\/orthodoxalbania.org\/2020\/\",\"logo\":{\"@type\":\"ImageObject\",\"inLanguage\":\"en-US\",\"@id\":\"https:\/\/orthodoxalbania.org\/2020\/#\/schema\/logo\/image\/\",\"url\":\"https:\/\/orthodoxalbania.org\/2020\/wp-content\/uploads\/2020\/05\/albania.jpeg\",\"contentUrl\":\"https:\/\/orthodoxalbania.org\/2020\/wp-content\/uploads\/2020\/05\/albania.jpeg\",\"width\":540,\"height\":540,\"caption\":\"Kisha Orthodhokse Autoqefale e Shqip\u00ebris\u00eb\"},\"image\":{\"@id\":\"https:\/\/orthodoxalbania.org\/2020\/#\/schema\/logo\/image\/\"},\"sameAs\":[\"https:\/\/www.facebook.com\/koash1991\"]},{\"@type\":\"Person\",\"@id\":\"https:\/\/orthodoxalbania.org\/2020\/#\/schema\/person\/0c387634a7063ac612d7ed9ce71c7e86\",\"name\":\"Kisha Orthodhokse\",\"image\":{\"@type\":\"ImageObject\",\"inLanguage\":\"en-US\",\"@id\":\"https:\/\/secure.gravatar.com\/avatar\/596e7c417251e30f2fbb9c00e026fce61a695a00e51c889caded71c96cbbdde5?s=96&d=mm&r=g\",\"url\":\"https:\/\/secure.gravatar.com\/avatar\/596e7c417251e30f2fbb9c00e026fce61a695a00e51c889caded71c96cbbdde5?s=96&d=mm&r=g\",\"contentUrl\":\"https:\/\/secure.gravatar.com\/avatar\/596e7c417251e30f2fbb9c00e026fce61a695a00e51c889caded71c96cbbdde5?s=96&d=mm&r=g\",\"caption\":\"Kisha Orthodhokse\"}}]}<\/script>\n<!-- \/ Yoast SEO plugin. -->","yoast_head_json":{"title":"Kampi i vajzave dhe i djemve \"Ngjallja e Krishtit\" i Dioqez\u00ebs s\u00eb Kor\u00e7\u00ebs. (13 - 31 Gusht 2006) - Kisha Orthodh\u03bfkse Autoqefale e Shqip\u00ebris\u00eb","robots":{"index":"index","follow":"follow","max-snippet":"max-snippet:-1","max-image-preview":"max-image-preview:large","max-video-preview":"max-video-preview:-1"},"canonical":"https:\/\/orthodoxalbania.org\/2020\/2006\/02\/26\/kampi-i-vajzave-dhe-i-djemve-ngjallja-e-krishtit-i-dioqezes-se-korces-gusht-06\/","og_locale":"en_US","og_type":"article","og_title":"Kampi i vajzave dhe i djemve \"Ngjallja e Krishtit\" i Dioqez\u00ebs s\u00eb Kor\u00e7\u00ebs. (13 - 31 Gusht 2006) - Kisha Orthodh\u03bfkse Autoqefale e Shqip\u00ebris\u00eb","og_description":"&nbsp;&nbsp; P\u00ebr lavdi t\u00eb Per\u00ebndis\u00eb me bekimin e Mitropolitit t\u00eb Kor\u00e7\u00ebs Hir\u00ebsis\u00eb s\u00eb Tij Joanit, n\u00eb Mitropolin\u00eb e Shenjt\u00eb t\u00eb Kor\u00e7\u00ebs u zhvillua kampingu rinor \u201cNgjallja e Krishtit\u201d, pran\u00eb Manastirit t\u00eb Sh\u00ebn Joan Prodhromit n\u00eb Voskopoj\u00eb. Ky Kamp \u00ebsht\u00eb b\u00ebr\u00eb tashm\u00eb nj\u00eb tradit\u00eb prej tet\u00eb vjet\u00ebsh dhe financohet nga Zyra Komb\u00ebtare e Rinis\u00eb n\u00eb bashk\u00ebpunim me Zyr\u00ebn e Rinis\u00eb pran\u00eb Mitropolis\u00eb s\u00eb Shenjt\u00eb, Kor\u00e7\u00eb. &nbsp;","og_url":"https:\/\/orthodoxalbania.org\/2020\/2006\/02\/26\/kampi-i-vajzave-dhe-i-djemve-ngjallja-e-krishtit-i-dioqezes-se-korces-gusht-06\/","og_site_name":"Kisha Orthodh\u03bfkse Autoqefale e Shqip\u00ebris\u00eb","article_publisher":"https:\/\/www.facebook.com\/koash1991","article_published_time":"2006-02-26T00:00:00+00:00","article_modified_time":"2020-04-06T20:41:51+00:00","og_image":[{"url":"https:\/\/lh3.googleusercontent.com\/-9SawGE6zJXk\/VIgC6CzFL3I\/AAAAAAAAFrg\/0XWzL_SiHPY\/w370-h277-no\/untitled1.jpg","type":"","width":"","height":""}],"author":"Kisha Orthodhokse","twitter_card":"summary_large_image","twitter_misc":{"Written by":"Kisha Orthodhokse","Est. reading time":"4 minutes"},"schema":{"@context":"https:\/\/schema.org","@graph":[{"@type":"Article","@id":"https:\/\/orthodoxalbania.org\/2020\/2006\/02\/26\/kampi-i-vajzave-dhe-i-djemve-ngjallja-e-krishtit-i-dioqezes-se-korces-gusht-06\/#article","isPartOf":{"@id":"https:\/\/orthodoxalbania.org\/2020\/2006\/02\/26\/kampi-i-vajzave-dhe-i-djemve-ngjallja-e-krishtit-i-dioqezes-se-korces-gusht-06\/"},"author":{"name":"Kisha Orthodhokse","@id":"https:\/\/orthodoxalbania.org\/2020\/#\/schema\/person\/0c387634a7063ac612d7ed9ce71c7e86"},"headline":"Kampi i vajzave dhe i djemve &#8220;Ngjallja e Krishtit&#8221; i Dioqez\u00ebs s\u00eb Kor\u00e7\u00ebs. (13 &#8211; 31 Gusht 2006)","datePublished":"2006-02-26T00:00:00+00:00","dateModified":"2020-04-06T20:41:51+00:00","mainEntityOfPage":{"@id":"https:\/\/orthodoxalbania.org\/2020\/2006\/02\/26\/kampi-i-vajzave-dhe-i-djemve-ngjallja-e-krishtit-i-dioqezes-se-korces-gusht-06\/"},"wordCount":901,"commentCount":0,"publisher":{"@id":"https:\/\/orthodoxalbania.org\/2020\/#organization"},"image":{"@id":"https:\/\/orthodoxalbania.org\/2020\/2006\/02\/26\/kampi-i-vajzave-dhe-i-djemve-ngjallja-e-krishtit-i-dioqezes-se-korces-gusht-06\/#primaryimage"},"thumbnailUrl":"https:\/\/lh3.googleusercontent.com\/-9SawGE6zJXk\/VIgC6CzFL3I\/AAAAAAAAFrg\/0XWzL_SiHPY\/w370-h277-no\/untitled1.jpg","keywords":["2006","Kampe verore","lajme","Mitropolia Kor\u00e7\u00eb","Rinia Orthodhokse"],"articleSection":["Lajme"],"inLanguage":"en-US"},{"@type":"WebPage","@id":"https:\/\/orthodoxalbania.org\/2020\/2006\/02\/26\/kampi-i-vajzave-dhe-i-djemve-ngjallja-e-krishtit-i-dioqezes-se-korces-gusht-06\/","url":"https:\/\/orthodoxalbania.org\/2020\/2006\/02\/26\/kampi-i-vajzave-dhe-i-djemve-ngjallja-e-krishtit-i-dioqezes-se-korces-gusht-06\/","name":"Kampi i vajzave dhe i djemve \"Ngjallja e Krishtit\" i Dioqez\u00ebs s\u00eb Kor\u00e7\u00ebs. (13 - 31 Gusht 2006) - Kisha Orthodh\u03bfkse Autoqefale e Shqip\u00ebris\u00eb","isPartOf":{"@id":"https:\/\/orthodoxalbania.org\/2020\/#website"},"primaryImageOfPage":{"@id":"https:\/\/orthodoxalbania.org\/2020\/2006\/02\/26\/kampi-i-vajzave-dhe-i-djemve-ngjallja-e-krishtit-i-dioqezes-se-korces-gusht-06\/#primaryimage"},"image":{"@id":"https:\/\/orthodoxalbania.org\/2020\/2006\/02\/26\/kampi-i-vajzave-dhe-i-djemve-ngjallja-e-krishtit-i-dioqezes-se-korces-gusht-06\/#primaryimage"},"thumbnailUrl":"https:\/\/lh3.googleusercontent.com\/-9SawGE6zJXk\/VIgC6CzFL3I\/AAAAAAAAFrg\/0XWzL_SiHPY\/w370-h277-no\/untitled1.jpg","datePublished":"2006-02-26T00:00:00+00:00","dateModified":"2020-04-06T20:41:51+00:00","breadcrumb":{"@id":"https:\/\/orthodoxalbania.org\/2020\/2006\/02\/26\/kampi-i-vajzave-dhe-i-djemve-ngjallja-e-krishtit-i-dioqezes-se-korces-gusht-06\/#breadcrumb"},"inLanguage":"en-US","potentialAction":[{"@type":"ReadAction","target":["https:\/\/orthodoxalbania.org\/2020\/2006\/02\/26\/kampi-i-vajzave-dhe-i-djemve-ngjallja-e-krishtit-i-dioqezes-se-korces-gusht-06\/"]}]},{"@type":"ImageObject","inLanguage":"en-US","@id":"https:\/\/orthodoxalbania.org\/2020\/2006\/02\/26\/kampi-i-vajzave-dhe-i-djemve-ngjallja-e-krishtit-i-dioqezes-se-korces-gusht-06\/#primaryimage","url":"https:\/\/lh3.googleusercontent.com\/-9SawGE6zJXk\/VIgC6CzFL3I\/AAAAAAAAFrg\/0XWzL_SiHPY\/w370-h277-no\/untitled1.jpg","contentUrl":"https:\/\/lh3.googleusercontent.com\/-9SawGE6zJXk\/VIgC6CzFL3I\/AAAAAAAAFrg\/0XWzL_SiHPY\/w370-h277-no\/untitled1.jpg"},{"@type":"BreadcrumbList","@id":"https:\/\/orthodoxalbania.org\/2020\/2006\/02\/26\/kampi-i-vajzave-dhe-i-djemve-ngjallja-e-krishtit-i-dioqezes-se-korces-gusht-06\/#breadcrumb","itemListElement":[{"@type":"ListItem","position":1,"name":"Home","item":"https:\/\/orthodoxalbania.org\/2020\/"},{"@type":"ListItem","position":2,"name":"Kampi i vajzave dhe i djemve &#8220;Ngjallja e Krishtit&#8221; i Dioqez\u00ebs s\u00eb Kor\u00e7\u00ebs. (13 &#8211; 31 Gusht 2006)"}]},{"@type":"WebSite","@id":"https:\/\/orthodoxalbania.org\/2020\/#website","url":"https:\/\/orthodoxalbania.org\/2020\/","name":"Kisha Orthodh\u03bfkse Autoqefale e Shqip\u00ebris\u00eb","description":"Fqja Zyrtare e Kish\u00ebs Orthodhokse Autoqefale e Shqip\u00ebris\u00eb me lajmet edhe informacionet zyrtare p\u00ebr struktur\u00ebn edhe veprimtarin e saj.","publisher":{"@id":"https:\/\/orthodoxalbania.org\/2020\/#organization"},"potentialAction":[{"@type":"SearchAction","target":{"@type":"EntryPoint","urlTemplate":"https:\/\/orthodoxalbania.org\/2020\/?s={search_term_string}"},"query-input":{"@type":"PropertyValueSpecification","valueRequired":true,"valueName":"search_term_string"}}],"inLanguage":"en-US"},{"@type":"Organization","@id":"https:\/\/orthodoxalbania.org\/2020\/#organization","name":"Kisha Orthodhokse Autoqefale e Shqip\u00ebris\u00eb","url":"https:\/\/orthodoxalbania.org\/2020\/","logo":{"@type":"ImageObject","inLanguage":"en-US","@id":"https:\/\/orthodoxalbania.org\/2020\/#\/schema\/logo\/image\/","url":"https:\/\/orthodoxalbania.org\/2020\/wp-content\/uploads\/2020\/05\/albania.jpeg","contentUrl":"https:\/\/orthodoxalbania.org\/2020\/wp-content\/uploads\/2020\/05\/albania.jpeg","width":540,"height":540,"caption":"Kisha Orthodhokse Autoqefale e Shqip\u00ebris\u00eb"},"image":{"@id":"https:\/\/orthodoxalbania.org\/2020\/#\/schema\/logo\/image\/"},"sameAs":["https:\/\/www.facebook.com\/koash1991"]},{"@type":"Person","@id":"https:\/\/orthodoxalbania.org\/2020\/#\/schema\/person\/0c387634a7063ac612d7ed9ce71c7e86","name":"Kisha Orthodhokse","image":{"@type":"ImageObject","inLanguage":"en-US","@id":"https:\/\/secure.gravatar.com\/avatar\/596e7c417251e30f2fbb9c00e026fce61a695a00e51c889caded71c96cbbdde5?s=96&d=mm&r=g","url":"https:\/\/secure.gravatar.com\/avatar\/596e7c417251e30f2fbb9c00e026fce61a695a00e51c889caded71c96cbbdde5?s=96&d=mm&r=g","contentUrl":"https:\/\/secure.gravatar.com\/avatar\/596e7c417251e30f2fbb9c00e026fce61a695a00e51c889caded71c96cbbdde5?s=96&d=mm&r=g","caption":"Kisha Orthodhokse"}}]}},"_links":{"self":[{"href":"https:\/\/orthodoxalbania.org\/2020\/wp-json\/wp\/v2\/posts\/705","targetHints":{"allow":["GET"]}}],"collection":[{"href":"https:\/\/orthodoxalbania.org\/2020\/wp-json\/wp\/v2\/posts"}],"about":[{"href":"https:\/\/orthodoxalbania.org\/2020\/wp-json\/wp\/v2\/types\/post"}],"author":[{"embeddable":true,"href":"https:\/\/orthodoxalbania.org\/2020\/wp-json\/wp\/v2\/users\/1"}],"replies":[{"embeddable":true,"href":"https:\/\/orthodoxalbania.org\/2020\/wp-json\/wp\/v2\/comments?post=705"}],"version-history":[{"count":1,"href":"https:\/\/orthodoxalbania.org\/2020\/wp-json\/wp\/v2\/posts\/705\/revisions"}],"predecessor-version":[{"id":15844,"href":"https:\/\/orthodoxalbania.org\/2020\/wp-json\/wp\/v2\/posts\/705\/revisions\/15844"}],"wp:attachment":[{"href":"https:\/\/orthodoxalbania.org\/2020\/wp-json\/wp\/v2\/media?parent=705"}],"wp:term":[{"taxonomy":"category","embeddable":true,"href":"https:\/\/orthodoxalbania.org\/2020\/wp-json\/wp\/v2\/categories?post=705"},{"taxonomy":"post_tag","embeddable":true,"href":"https:\/\/orthodoxalbania.org\/2020\/wp-json\/wp\/v2\/tags?post=705"}],"curies":[{"name":"wp","href":"https:\/\/api.w.org\/{rel}","templated":true}]}}