{"id":704,"date":"2008-02-26T00:00:00","date_gmt":"2008-02-26T00:00:00","guid":{"rendered":""},"modified":"2020-04-06T22:35:26","modified_gmt":"2020-04-06T20:35:26","slug":"kampi-i-trete-i-vajzave-bariu-i-mire-ne-shen-joan-vladimir-2008","status":"publish","type":"post","link":"https:\/\/orthodoxalbania.org\/2020\/2008\/02\/26\/kampi-i-trete-i-vajzave-bariu-i-mire-ne-shen-joan-vladimir-2008\/","title":{"rendered":"Kampi i tret\u00eb i vajzave \u201cBariu i mir\u00eb\u201d, n\u00eb Sh\u00ebn Joan Vladimir. (2008)"},"content":{"rendered":"<div style=\"text-align: center;\">&nbsp;<\/div>\n<div style=\"text-align: center;\"><span style=\"color: #b22222;\"><span style=\"font-family: tahoma,geneva,sans-serif;\"><span style=\"font-size: 12px;\"><strong>Kampi, p\u00ebrgatitje dhe p\u00ebrjetim i jet\u00ebs me Zotin<\/strong><\/span><\/span><\/span><\/div>\n<div style=\"text-align: center;\">&nbsp;<\/div>\n<div style=\"text-align: center;\">&nbsp;<\/div>\n<table style=\"width: 980px; height: 1811px; margin-right: auto; margin-left: auto;\">\n<tbody>\n<tr>\n<td style=\"text-align: center;\">\n<div><span style=\"color: #000000;\"><span style=\"font-family: tahoma,geneva,sans-serif;\"><span style=\"font-size: 12px;\"><img decoding=\"async\" class=\"lazyload HAa Eha\" style=\"border-width: 1px; border-style: solid; margin: 10px;\" alt=\"\" src=\"data:image\/gif;base64,R0lGODlhAQABAAAAACH5BAEKAAEALAAAAAABAAEAAAICTAEAOw==\" data-orig-src=\"https:\/\/lh4.googleusercontent.com\/-Wjx68brQf4s\/VJFBNR_qJmI\/AAAAAAAAHyE\/YX9cabuMDJ0\/w448-h336-no\/tekst%2B1.JPG\" \/><\/span><\/span><\/span><\/div>\n<\/td>\n<td>\n<div style=\"text-align: justify;\"><span style=\"color: #000000;\"><span style=\"font-family: tahoma,geneva,sans-serif;\"><span style=\"font-size: 12px;\">&nbsp;&nbsp;&nbsp; Lavdi Per\u00ebndis\u00eb q\u00eb me bekimin dhe mb\u00ebshtetjen financiare t\u00eb Kryepiskopit Anastas u krye edhe sivjet kampi veror i vajzave \u201cBariu i mir\u00eb\u201d n\u00eb ambientin e bukur t\u00eb manastirit t\u00eb Sh\u00ebn Joan Vladimirit n\u00eb Shijon t\u00eb Elbasanit. Data 26 korrik sh\u00ebnoi dit\u00ebn e fillimit t\u00eb kampit t\u00eb 3-t\u00eb vajzave me tem\u00eb: \u2019\u2019S\u2019ka jet\u00eb m\u00eb t\u00eb bukur se jeta me Zotin\u201d.<\/span><\/span><\/span><\/div>\n<div style=\"text-align: justify;\"> <span style=\"color: #000000;\"><span style=\"font-family: tahoma,geneva,sans-serif;\"><span style=\"font-size: 12px;\">&nbsp;&nbsp;&nbsp; P\u00ebr 10 dit\u00eb rresht, rreth 70 vajza t\u00eb ardhura nga zona t\u00eb ndryshme t\u00eb Shqip\u00ebris\u00eb si: Vlora, Berati, Gjirokastra, Tirana, Durr\u00ebsi, Fieri, Lushnja etj, si dhe 2 vajza t\u00eb ardhura nga Gjermania e Greqia do t\u00eb ndiqnin nj\u00eb program t\u00eb larmish\u00ebm q\u00eb p\u00ebrmbante:<\/span><\/span><\/span><\/div>\n<\/td>\n<\/tr>\n<tr>\n<td>\n<div style=\"text-align: justify;\"><span style=\"color: #000000;\"><span style=\"font-family: tahoma,geneva,sans-serif;\"><span style=\"font-size: 12px;\">&nbsp;&nbsp;&nbsp; Lutje drejtuar Zotit, t\u00eb T\u00ebr\u00ebshenjt\u00ebs Mari dhe shenjtor\u00ebve t\u00eb Kish\u00ebs son\u00eb si nj\u00eb nevoj\u00eb par\u00ebsore p\u00ebr fillimin e \u00e7do aktiviteti. N\u00eb k\u00ebt\u00eb lutje p\u00ebrfshiheshin: m\u00ebngjesorja, meditimi, mbr\u00ebm\u00ebsorja, paraklisi, pasdarka etj. Sh\u00ebrbesat drejtoheshin nga at\u00eb Viktor B\u00ebrdufi, i cili ishte dhe prifti i kampit t\u00eb vajzave. Nj\u00eb nga liturgjit\u00eb hyjnore u krye nga Mitropoliti i Beratit, Hir\u00ebsi Ignati. Vajzat pat\u00ebn bekimin t\u00eb merrnin pjes\u00eb n\u00eb Liturgjin\u00eb Kryeprift\u00ebrore.<\/span><\/span><\/span><\/div>\n<\/td>\n<td style=\"text-align: center;\">\n<div><span style=\"color: #000000;\"><span style=\"font-family: tahoma,geneva,sans-serif;\"><span style=\"font-size: 12px;\"><img decoding=\"async\" class=\"lazyload HAa Eha\" style=\"border-width: 1px; border-style: solid; margin: 10px;\" alt=\"\" src=\"data:image\/gif;base64,R0lGODlhAQABAAAAACH5BAEKAAEALAAAAAABAAEAAAICTAEAOw==\" data-orig-src=\"https:\/\/lh3.googleusercontent.com\/-zcHUT6dT9ps\/VJFBOMBEwzI\/AAAAAAAAHyI\/jiAHX583qIU\/w448-h336-no\/tekst%2B3.JPG\" \/><\/span><\/span><\/span><\/div>\n<\/td>\n<\/tr>\n<tr>\n<td style=\"text-align: center;\">\n<div><span style=\"color: #000000;\"><span style=\"font-family: tahoma,geneva,sans-serif;\"><span style=\"font-size: 12px;\"><img decoding=\"async\" class=\"lazyload HAa Eha\" style=\"border-width: 1px; border-style: solid; margin: 10px;\" alt=\"\" src=\"data:image\/gif;base64,R0lGODlhAQABAAAAACH5BAEKAAEALAAAAAABAAEAAAICTAEAOw==\" data-orig-src=\"https:\/\/lh3.googleusercontent.com\/-AWq4hxFpboQ\/VJFBOafBktI\/AAAAAAAAHyk\/FzX8plXU_2g\/w448-h336-no\/tekst%2B4.JPG\" \/><\/span><\/span><\/span><\/div>\n<\/td>\n<td>\n<div style=\"text-align: justify;\"><span style=\"color: #000000;\"><span style=\"font-family: tahoma,geneva,sans-serif;\"><span style=\"font-size: 12px;\">&nbsp;&nbsp;&nbsp; Drejtueset e kampit mor\u00ebn pjes\u00eb gjithashtu n\u00eb nj\u00eb takim shpirt\u00ebror me Hir\u00ebsin\u00eb. Nj\u00eb mbr\u00ebmje e ve\u00e7ant\u00eb iu kushtua agripnis\u00eb, e cila p\u00ebrmbante lutje gjat\u00eb nat\u00ebs si nj\u00eb sakrific\u00eb kushtuar Zotit, me k\u00ebrkes\u00ebn e vet\u00eb vajzave. Studimi biblik i ftonte t\u00eb gjith\u00eb t\u00eb njiheshin me Shkrimin e Shenjt\u00eb. Per\u00ebndia na zbulon se kush \u00ebsht\u00eb Ai n\u00eb nj\u00eb m\u00ebnyr\u00eb t\u00eb re, dinamike dhe duke e njohur At\u00eb fillojm\u00eb t\u00eb kuptojm\u00eb vullnetin e Tij p\u00ebr jet\u00ebn ton\u00eb. N\u00eb studimin biblik theksi u vu n\u00eb festat zot\u00ebrore si: Krishtlindja, Epifania, Ungjill\u00ebzimi, Pashka etj.<\/span><\/span><\/span><\/div>\n<\/td>\n<\/tr>\n<tr>\n<td>\n<div style=\"text-align: justify;\"><span style=\"color: #000000;\"><span style=\"font-family: tahoma,geneva,sans-serif;\"><span style=\"font-size: 12px;\">&nbsp;&nbsp;&nbsp; Referatet e ndryshme u mbajt\u00ebn nga Hir\u00ebsi Joani, Hir\u00ebsi Andoni, kryedhjakon Asti, mot\u00ebr Thekla etj. Temat e tyre ishin rreth mistereve t\u00eb Kish\u00ebs. Duke u b\u00ebr\u00eb t\u00eb vet\u00ebdijshme p\u00ebr misteret, vajzat shpall\u00ebn d\u00ebshir\u00ebn p\u00ebr praktikimin e tyre, e p\u00ebr k\u00ebt\u00eb na nderoi me ardhjen e tij n\u00eb kamp Arkimandrit Justini, i cili ishte Ati shpirt\u00ebror i kampit p\u00ebrsa i p\u00ebrket misterit t\u00eb Rr\u00ebfimit. N\u00eb k\u00ebt\u00eb kamp u pag\u00ebzuan shtat\u00eb vajza. Nj\u00eb koh\u00eb e ve\u00e7ant\u00eb iu kushtua prezantimit me power-point i Akademis\u00eb Teologjike, nga e cila kan\u00eb dal\u00eb shum\u00eb klerik\u00eb e teolog\u00eb t\u00eb Kish\u00ebs son\u00eb, si dhe prezantimi i vepr\u00ebs s\u00eb Kish\u00ebs nga Hir\u00ebsi Andoni.<\/span><\/span><\/span><\/div>\n<\/td>\n<td style=\"text-align: center;\">\n<div><span style=\"color: #000000;\"><span style=\"font-family: tahoma,geneva,sans-serif;\"><span style=\"font-size: 12px;\"><img decoding=\"async\" class=\"lazyload HAa Eha\" style=\"border-width: 1px; border-style: solid; margin: 10px;\" alt=\"\" src=\"data:image\/gif;base64,R0lGODlhAQABAAAAACH5BAEKAAEALAAAAAABAAEAAAICTAEAOw==\" data-orig-src=\"https:\/\/lh3.googleusercontent.com\/-T3xx41Zb524\/VJFBPQHZ6MI\/AAAAAAAAHyg\/4TOIzrjsuRk\/w448-h336-no\/tekst%2B5.JPG\" \/><\/span><\/span><\/span><\/div>\n<\/td>\n<\/tr>\n<tr>\n<td style=\"text-align: center;\">\n<div><span style=\"color: #000000;\"><span style=\"font-family: tahoma,geneva,sans-serif;\"><span style=\"font-size: 12px;\"><img decoding=\"async\" class=\"lazyload HAa Eha\" style=\"border-width: 1px; border-style: solid; margin: 10px;\" alt=\"\" src=\"data:image\/gif;base64,R0lGODlhAQABAAAAACH5BAEKAAEALAAAAAABAAEAAAICTAEAOw==\" data-orig-src=\"https:\/\/lh3.googleusercontent.com\/-gHWTlpNIJys\/VJFBNu1UWdI\/AAAAAAAAHyc\/PjR0vNtSeAY\/w448-h336-no\/tekst%2B2.JPG\" \/><\/span><\/span><\/span><\/div>\n<\/td>\n<td>\n<div style=\"text-align: justify;\"><span style=\"color: #000000;\"><span style=\"font-family: tahoma,geneva,sans-serif;\"><span style=\"font-size: 12px;\">&nbsp;&nbsp;&nbsp; Por gjat\u00eb k\u00ebtyre 10 dit\u00ebve nj\u00eb pjes\u00eb t\u00eb programit e zinte: m\u00ebsimi i k\u00ebng\u00ebve kishtare, iniciativa e re n\u00eb ndihm\u00eb t\u00eb t\u00eb varf\u00ebrve, vallet tradicionale, ske\u00e7et, puna e dor\u00ebs, e cila ishte b\u00ebrja e kryqit me rruaza e q\u00ebndisje, loj\u00ebrat sportive si dhe ofrimi falas i klinik\u00ebs dentare. P\u00ebrve\u00e7 m\u00ebsimeve dhe p\u00ebrjetimeve, secila pjes\u00ebmarr\u00ebse mori si dhurat\u00eb dhe kujtim nga kampi librat: \u201cDhiata e Re\u201d, \u201cViti liturgjikal\u201d, ku n\u00eb t\u00eb k\u00ebt\u00eb t\u00eb fundit shpjegoheshin festat e m\u00ebdha kishtare, \u201cT\u00eb doni nj\u00ebri-tjetrin si un\u00eb ju desha ju\u201d si dhe librat e sh\u00ebrbesave kishtare.<\/span><\/span><\/span><\/div>\n<\/td>\n<\/tr>\n<\/tbody>\n<\/table>\n<table style=\"width: 983px; height: 383px;\" border=\"0\">\n<tbody>\n<tr>\n<th scope=\"col\"><span style=\"color: #000000;\"><span style=\"font-family: tahoma,geneva,sans-serif;\"><span style=\"font-size: 12px;\">&nbsp;&nbsp;&nbsp; E gjith\u00eb kjo p\u00ebrpjekje e ky ofrim b\u00ebhet p\u00ebr nj\u00eb q\u00ebllim t\u00eb vet\u00ebm q\u00eb ne t\u00eb b\u00ebhemi an\u00ebtar\u00eb t\u00eb rregullt t\u00eb Kish\u00ebs kudo q\u00eb ndodhemi, duke prezantuar Zotin me fjal\u00eb e vepra, sepse vet\u00ebm k\u00ebshtu do t\u00eb kuptojm\u00eb q\u00eb s\u2019ka jet\u00eb m\u00eb t\u00eb bukur se jeta me Zotin.<\/span><\/span><\/span>&nbsp;<\/th>\n<\/tr>\n<tr>\n<th scope=\"col\"><span style=\"color: #000000;\"><span style=\"font-family: tahoma,geneva,sans-serif;\"><span style=\"font-size: 12px;\"><img decoding=\"async\" class=\"lazyload HAa Eha\" style=\"border-width: 1px; border-style: solid; margin: 10px auto; display: block;\" alt=\"\" src=\"data:image\/gif;base64,R0lGODlhAQABAAAAACH5BAEKAAEALAAAAAABAAEAAAICTAEAOw==\" data-orig-src=\"https:\/\/lh5.googleusercontent.com\/-sUstgGOimzU\/VJFBMCvOkDI\/AAAAAAAAHyU\/24OoIRMQc_M\/w448-h336-no\/galeri%2B1.JPG\" \/><\/span><\/span><\/span><\/th>\n<\/tr>\n<\/tbody>\n<\/table>\n<table style=\"width: 987px; height: 742px;\" border=\"0\">\n<tbody>\n<tr>\n<th scope=\"col\"><span style=\"color: #000000;\"><span style=\"font-family: tahoma,geneva,sans-serif;\"><span style=\"font-size: 12px;\"><img decoding=\"async\" class=\"lazyload HAa Eha\" style=\"border-width: 1px; border-style: solid; margin: 10px auto; display: block;\" alt=\"\" src=\"data:image\/gif;base64,R0lGODlhAQABAAAAACH5BAEKAAEALAAAAAABAAEAAAICTAEAOw==\" data-orig-src=\"https:\/\/lh6.googleusercontent.com\/-JLdKqlP9WoU\/VJFBMIynalI\/AAAAAAAAHyo\/_p69YG4bzvE\/w448-h336-no\/galeri%2B2.JPG\" \/><\/span><\/span><\/span><\/th>\n<th scope=\"col\"><span style=\"color: #000000;\"><span style=\"font-family: tahoma,geneva,sans-serif;\"><span style=\"font-size: 12px;\"><img decoding=\"async\" class=\"lazyload HAa Eha\" style=\"border-width: 1px; border-style: solid; margin: 10px auto; display: block;\" alt=\"\" src=\"data:image\/gif;base64,R0lGODlhAQABAAAAACH5BAEKAAEALAAAAAABAAEAAAICTAEAOw==\" data-orig-src=\"https:\/\/lh4.googleusercontent.com\/-KxGrP_B_uQk\/VJFBMOHZvlI\/AAAAAAAAHyw\/hX4aTGwoWhY\/w448-h336-no\/galeri%2B3.JPG\" \/><\/span><\/span><\/span><\/th>\n<\/tr>\n<tr>\n<th scope=\"col\"><span style=\"color: #000000;\"><span style=\"font-family: tahoma,geneva,sans-serif;\"><span style=\"font-size: 12px;\"><img decoding=\"async\" class=\"lazyload HAa Eha\" style=\"border-width: 1px; border-style: solid; margin: 10px auto; display: block;\" alt=\"\" src=\"data:image\/gif;base64,R0lGODlhAQABAAAAACH5BAEKAAEALAAAAAABAAEAAAICTAEAOw==\" data-orig-src=\"https:\/\/lh6.googleusercontent.com\/-0BEMKzBNW44\/VJFBMs65qHI\/AAAAAAAAHy0\/rLuaV29_fok\/w448-h336-no\/galeri%2B4.JPG\" \/><\/span><\/span><\/span><\/th>\n<th scope=\"col\"><span style=\"color: #000000;\"><span style=\"font-family: tahoma,geneva,sans-serif;\"><span style=\"font-size: 12px;\"><img decoding=\"async\" class=\"lazyload HAa Eha\" style=\"border-width: 1px; border-style: solid; margin: 10px auto; display: block;\" alt=\"\" src=\"data:image\/gif;base64,R0lGODlhAQABAAAAACH5BAEKAAEALAAAAAABAAEAAAICTAEAOw==\" data-orig-src=\"https:\/\/lh5.googleusercontent.com\/-4RQpJAZF1UU\/VJFBM_uLu4I\/AAAAAAAAHx8\/L_CqaPFNGuk\/w448-h336-no\/galeri%2B5.JPG\" \/><\/span><\/span><\/span><\/th>\n<\/tr>\n<\/tbody>\n<\/table>\n<div><span style=\"color: #000000;\"><span style=\"font-family: tahoma,geneva,sans-serif;\"><span style=\"font-size: 12px;\"><strong>Marina Baba<\/strong>.<\/span><\/span><\/span><\/div>\n","protected":false},"excerpt":{"rendered":"<p>&nbsp; Kampi, p\u00ebrgatitje dhe p\u00ebrjetim i jet\u00ebs me Zotin &nbsp; &nbsp; &nbsp;&nbsp;&nbsp; Lavdi Per\u00ebndis\u00eb q\u00eb me bekimin dhe mb\u00ebshtetjen financiare t\u00eb Kryepiskopit Anastas u krye edhe sivjet kampi veror i vajzave \u201cBariu i mir\u00eb\u201d n\u00eb ambientin e bukur t\u00eb manastirit t\u00eb Sh\u00ebn Joan Vladimirit n\u00eb Shijon t\u00eb Elbasanit. Data 26 korrik sh\u00ebnoi dit\u00ebn e fillimit t\u00eb kampit t\u00eb 3-t\u00eb vajzave me tem\u00eb: \u2019\u2019S\u2019ka jet\u00eb m\u00eb<\/p>\n","protected":false},"author":1,"featured_media":0,"comment_status":"open","ping_status":"open","sticky":false,"template":"","format":"standard","meta":{"_acf_changed":false,"pagelayer_contact_templates":[],"_pagelayer_content":"","inline_featured_image":false,"fifu_image_url":"","fifu_image_alt":"","footnotes":""},"categories":[108],"tags":[146,200,196,212,176],"class_list":["post-704","post","type-post","status-publish","format-standard","hentry","category-lajme","tag-146","tag-kampe-verore","tag-tirane","tag-lajme-d27","tag-rinia-orthodhokse"],"acf":[],"yoast_head":"<!-- This site is optimized with the Yoast SEO plugin v27.2 - https:\/\/yoast.com\/product\/yoast-seo-wordpress\/ -->\n<title>Kampi i tret\u00eb i vajzave \u201cBariu i mir\u00eb\u201d, n\u00eb Sh\u00ebn Joan Vladimir. (2008) - Kisha Orthodh\u03bfkse Autoqefale e Shqip\u00ebris\u00eb<\/title>\n<meta name=\"robots\" content=\"index, follow, max-snippet:-1, max-image-preview:large, max-video-preview:-1\" \/>\n<link rel=\"canonical\" href=\"https:\/\/orthodoxalbania.org\/2020\/2008\/02\/26\/kampi-i-trete-i-vajzave-bariu-i-mire-ne-shen-joan-vladimir-2008\/\" \/>\n<meta property=\"og:locale\" content=\"en_US\" \/>\n<meta property=\"og:type\" content=\"article\" \/>\n<meta property=\"og:title\" content=\"Kampi i tret\u00eb i vajzave \u201cBariu i mir\u00eb\u201d, n\u00eb Sh\u00ebn Joan Vladimir. (2008) - Kisha Orthodh\u03bfkse Autoqefale e Shqip\u00ebris\u00eb\" \/>\n<meta property=\"og:description\" content=\"&nbsp; Kampi, p\u00ebrgatitje dhe p\u00ebrjetim i jet\u00ebs me Zotin &nbsp; &nbsp; &nbsp;&nbsp;&nbsp; Lavdi Per\u00ebndis\u00eb q\u00eb me bekimin dhe mb\u00ebshtetjen financiare t\u00eb Kryepiskopit Anastas u krye edhe sivjet kampi veror i vajzave \u201cBariu i mir\u00eb\u201d n\u00eb ambientin e bukur t\u00eb manastirit t\u00eb Sh\u00ebn Joan Vladimirit n\u00eb Shijon t\u00eb Elbasanit. Data 26 korrik sh\u00ebnoi dit\u00ebn e fillimit t\u00eb kampit t\u00eb 3-t\u00eb vajzave me tem\u00eb: \u2019\u2019S\u2019ka jet\u00eb m\u00eb\" \/>\n<meta property=\"og:url\" content=\"https:\/\/orthodoxalbania.org\/2020\/2008\/02\/26\/kampi-i-trete-i-vajzave-bariu-i-mire-ne-shen-joan-vladimir-2008\/\" \/>\n<meta property=\"og:site_name\" content=\"Kisha Orthodh\u03bfkse Autoqefale e Shqip\u00ebris\u00eb\" \/>\n<meta property=\"article:publisher\" content=\"https:\/\/www.facebook.com\/koash1991\" \/>\n<meta property=\"article:published_time\" content=\"2008-02-26T00:00:00+00:00\" \/>\n<meta property=\"article:modified_time\" content=\"2020-04-06T20:35:26+00:00\" \/>\n<meta property=\"og:image\" content=\"https:\/\/lh4.googleusercontent.com\/-Wjx68brQf4s\/VJFBNR_qJmI\/AAAAAAAAHyE\/YX9cabuMDJ0\/w448-h336-no\/tekst%2B1.JPG\" \/>\n<meta name=\"author\" content=\"Kisha Orthodhokse\" \/>\n<meta name=\"twitter:card\" content=\"summary_large_image\" \/>\n<meta name=\"twitter:label1\" content=\"Written by\" \/>\n\t<meta name=\"twitter:data1\" content=\"Kisha Orthodhokse\" \/>\n\t<meta name=\"twitter:label2\" content=\"Est. reading time\" \/>\n\t<meta name=\"twitter:data2\" content=\"3 minutes\" \/>\n<script type=\"application\/ld+json\" class=\"yoast-schema-graph\">{\"@context\":\"https:\/\/schema.org\",\"@graph\":[{\"@type\":\"Article\",\"@id\":\"https:\/\/orthodoxalbania.org\/2020\/2008\/02\/26\/kampi-i-trete-i-vajzave-bariu-i-mire-ne-shen-joan-vladimir-2008\/#article\",\"isPartOf\":{\"@id\":\"https:\/\/orthodoxalbania.org\/2020\/2008\/02\/26\/kampi-i-trete-i-vajzave-bariu-i-mire-ne-shen-joan-vladimir-2008\/\"},\"author\":{\"name\":\"Kisha Orthodhokse\",\"@id\":\"https:\/\/orthodoxalbania.org\/2020\/#\/schema\/person\/0c387634a7063ac612d7ed9ce71c7e86\"},\"headline\":\"Kampi i tret\u00eb i vajzave \u201cBariu i mir\u00eb\u201d, n\u00eb Sh\u00ebn Joan Vladimir. (2008)\",\"datePublished\":\"2008-02-26T00:00:00+00:00\",\"dateModified\":\"2020-04-06T20:35:26+00:00\",\"mainEntityOfPage\":{\"@id\":\"https:\/\/orthodoxalbania.org\/2020\/2008\/02\/26\/kampi-i-trete-i-vajzave-bariu-i-mire-ne-shen-joan-vladimir-2008\/\"},\"wordCount\":647,\"commentCount\":0,\"publisher\":{\"@id\":\"https:\/\/orthodoxalbania.org\/2020\/#organization\"},\"image\":{\"@id\":\"https:\/\/orthodoxalbania.org\/2020\/2008\/02\/26\/kampi-i-trete-i-vajzave-bariu-i-mire-ne-shen-joan-vladimir-2008\/#primaryimage\"},\"thumbnailUrl\":\"https:\/\/lh4.googleusercontent.com\/-Wjx68brQf4s\/VJFBNR_qJmI\/AAAAAAAAHyE\/YX9cabuMDJ0\/w448-h336-no\/tekst%2B1.JPG\",\"keywords\":[\"2008\",\"Kampe verore\",\"Kryepiskopata Tiran\u00eb\",\"lajme\",\"Rinia Orthodhokse\"],\"articleSection\":[\"Lajme\"],\"inLanguage\":\"en-US\"},{\"@type\":\"WebPage\",\"@id\":\"https:\/\/orthodoxalbania.org\/2020\/2008\/02\/26\/kampi-i-trete-i-vajzave-bariu-i-mire-ne-shen-joan-vladimir-2008\/\",\"url\":\"https:\/\/orthodoxalbania.org\/2020\/2008\/02\/26\/kampi-i-trete-i-vajzave-bariu-i-mire-ne-shen-joan-vladimir-2008\/\",\"name\":\"Kampi i tret\u00eb i vajzave \u201cBariu i mir\u00eb\u201d, n\u00eb Sh\u00ebn Joan Vladimir. (2008) - Kisha Orthodh\u03bfkse Autoqefale e Shqip\u00ebris\u00eb\",\"isPartOf\":{\"@id\":\"https:\/\/orthodoxalbania.org\/2020\/#website\"},\"primaryImageOfPage\":{\"@id\":\"https:\/\/orthodoxalbania.org\/2020\/2008\/02\/26\/kampi-i-trete-i-vajzave-bariu-i-mire-ne-shen-joan-vladimir-2008\/#primaryimage\"},\"image\":{\"@id\":\"https:\/\/orthodoxalbania.org\/2020\/2008\/02\/26\/kampi-i-trete-i-vajzave-bariu-i-mire-ne-shen-joan-vladimir-2008\/#primaryimage\"},\"thumbnailUrl\":\"https:\/\/lh4.googleusercontent.com\/-Wjx68brQf4s\/VJFBNR_qJmI\/AAAAAAAAHyE\/YX9cabuMDJ0\/w448-h336-no\/tekst%2B1.JPG\",\"datePublished\":\"2008-02-26T00:00:00+00:00\",\"dateModified\":\"2020-04-06T20:35:26+00:00\",\"breadcrumb\":{\"@id\":\"https:\/\/orthodoxalbania.org\/2020\/2008\/02\/26\/kampi-i-trete-i-vajzave-bariu-i-mire-ne-shen-joan-vladimir-2008\/#breadcrumb\"},\"inLanguage\":\"en-US\",\"potentialAction\":[{\"@type\":\"ReadAction\",\"target\":[\"https:\/\/orthodoxalbania.org\/2020\/2008\/02\/26\/kampi-i-trete-i-vajzave-bariu-i-mire-ne-shen-joan-vladimir-2008\/\"]}]},{\"@type\":\"ImageObject\",\"inLanguage\":\"en-US\",\"@id\":\"https:\/\/orthodoxalbania.org\/2020\/2008\/02\/26\/kampi-i-trete-i-vajzave-bariu-i-mire-ne-shen-joan-vladimir-2008\/#primaryimage\",\"url\":\"https:\/\/lh4.googleusercontent.com\/-Wjx68brQf4s\/VJFBNR_qJmI\/AAAAAAAAHyE\/YX9cabuMDJ0\/w448-h336-no\/tekst%2B1.JPG\",\"contentUrl\":\"https:\/\/lh4.googleusercontent.com\/-Wjx68brQf4s\/VJFBNR_qJmI\/AAAAAAAAHyE\/YX9cabuMDJ0\/w448-h336-no\/tekst%2B1.JPG\"},{\"@type\":\"BreadcrumbList\",\"@id\":\"https:\/\/orthodoxalbania.org\/2020\/2008\/02\/26\/kampi-i-trete-i-vajzave-bariu-i-mire-ne-shen-joan-vladimir-2008\/#breadcrumb\",\"itemListElement\":[{\"@type\":\"ListItem\",\"position\":1,\"name\":\"Home\",\"item\":\"https:\/\/orthodoxalbania.org\/2020\/\"},{\"@type\":\"ListItem\",\"position\":2,\"name\":\"Kampi i tret\u00eb i vajzave \u201cBariu i mir\u00eb\u201d, n\u00eb Sh\u00ebn Joan Vladimir. (2008)\"}]},{\"@type\":\"WebSite\",\"@id\":\"https:\/\/orthodoxalbania.org\/2020\/#website\",\"url\":\"https:\/\/orthodoxalbania.org\/2020\/\",\"name\":\"Kisha Orthodh\u03bfkse Autoqefale e Shqip\u00ebris\u00eb\",\"description\":\"Fqja Zyrtare e Kish\u00ebs Orthodhokse Autoqefale e Shqip\u00ebris\u00eb me lajmet edhe informacionet zyrtare p\u00ebr struktur\u00ebn edhe veprimtarin e saj.\",\"publisher\":{\"@id\":\"https:\/\/orthodoxalbania.org\/2020\/#organization\"},\"potentialAction\":[{\"@type\":\"SearchAction\",\"target\":{\"@type\":\"EntryPoint\",\"urlTemplate\":\"https:\/\/orthodoxalbania.org\/2020\/?s={search_term_string}\"},\"query-input\":{\"@type\":\"PropertyValueSpecification\",\"valueRequired\":true,\"valueName\":\"search_term_string\"}}],\"inLanguage\":\"en-US\"},{\"@type\":\"Organization\",\"@id\":\"https:\/\/orthodoxalbania.org\/2020\/#organization\",\"name\":\"Kisha Orthodhokse Autoqefale e Shqip\u00ebris\u00eb\",\"url\":\"https:\/\/orthodoxalbania.org\/2020\/\",\"logo\":{\"@type\":\"ImageObject\",\"inLanguage\":\"en-US\",\"@id\":\"https:\/\/orthodoxalbania.org\/2020\/#\/schema\/logo\/image\/\",\"url\":\"https:\/\/orthodoxalbania.org\/2020\/wp-content\/uploads\/2020\/05\/albania.jpeg\",\"contentUrl\":\"https:\/\/orthodoxalbania.org\/2020\/wp-content\/uploads\/2020\/05\/albania.jpeg\",\"width\":540,\"height\":540,\"caption\":\"Kisha Orthodhokse Autoqefale e Shqip\u00ebris\u00eb\"},\"image\":{\"@id\":\"https:\/\/orthodoxalbania.org\/2020\/#\/schema\/logo\/image\/\"},\"sameAs\":[\"https:\/\/www.facebook.com\/koash1991\"]},{\"@type\":\"Person\",\"@id\":\"https:\/\/orthodoxalbania.org\/2020\/#\/schema\/person\/0c387634a7063ac612d7ed9ce71c7e86\",\"name\":\"Kisha Orthodhokse\",\"image\":{\"@type\":\"ImageObject\",\"inLanguage\":\"en-US\",\"@id\":\"https:\/\/secure.gravatar.com\/avatar\/596e7c417251e30f2fbb9c00e026fce61a695a00e51c889caded71c96cbbdde5?s=96&d=mm&r=g\",\"url\":\"https:\/\/secure.gravatar.com\/avatar\/596e7c417251e30f2fbb9c00e026fce61a695a00e51c889caded71c96cbbdde5?s=96&d=mm&r=g\",\"contentUrl\":\"https:\/\/secure.gravatar.com\/avatar\/596e7c417251e30f2fbb9c00e026fce61a695a00e51c889caded71c96cbbdde5?s=96&d=mm&r=g\",\"caption\":\"Kisha Orthodhokse\"}}]}<\/script>\n<!-- \/ Yoast SEO plugin. -->","yoast_head_json":{"title":"Kampi i tret\u00eb i vajzave \u201cBariu i mir\u00eb\u201d, n\u00eb Sh\u00ebn Joan Vladimir. (2008) - Kisha Orthodh\u03bfkse Autoqefale e Shqip\u00ebris\u00eb","robots":{"index":"index","follow":"follow","max-snippet":"max-snippet:-1","max-image-preview":"max-image-preview:large","max-video-preview":"max-video-preview:-1"},"canonical":"https:\/\/orthodoxalbania.org\/2020\/2008\/02\/26\/kampi-i-trete-i-vajzave-bariu-i-mire-ne-shen-joan-vladimir-2008\/","og_locale":"en_US","og_type":"article","og_title":"Kampi i tret\u00eb i vajzave \u201cBariu i mir\u00eb\u201d, n\u00eb Sh\u00ebn Joan Vladimir. (2008) - Kisha Orthodh\u03bfkse Autoqefale e Shqip\u00ebris\u00eb","og_description":"&nbsp; Kampi, p\u00ebrgatitje dhe p\u00ebrjetim i jet\u00ebs me Zotin &nbsp; &nbsp; &nbsp;&nbsp;&nbsp; Lavdi Per\u00ebndis\u00eb q\u00eb me bekimin dhe mb\u00ebshtetjen financiare t\u00eb Kryepiskopit Anastas u krye edhe sivjet kampi veror i vajzave \u201cBariu i mir\u00eb\u201d n\u00eb ambientin e bukur t\u00eb manastirit t\u00eb Sh\u00ebn Joan Vladimirit n\u00eb Shijon t\u00eb Elbasanit. Data 26 korrik sh\u00ebnoi dit\u00ebn e fillimit t\u00eb kampit t\u00eb 3-t\u00eb vajzave me tem\u00eb: \u2019\u2019S\u2019ka jet\u00eb m\u00eb","og_url":"https:\/\/orthodoxalbania.org\/2020\/2008\/02\/26\/kampi-i-trete-i-vajzave-bariu-i-mire-ne-shen-joan-vladimir-2008\/","og_site_name":"Kisha Orthodh\u03bfkse Autoqefale e Shqip\u00ebris\u00eb","article_publisher":"https:\/\/www.facebook.com\/koash1991","article_published_time":"2008-02-26T00:00:00+00:00","article_modified_time":"2020-04-06T20:35:26+00:00","og_image":[{"url":"https:\/\/lh4.googleusercontent.com\/-Wjx68brQf4s\/VJFBNR_qJmI\/AAAAAAAAHyE\/YX9cabuMDJ0\/w448-h336-no\/tekst%2B1.JPG","type":"","width":"","height":""}],"author":"Kisha Orthodhokse","twitter_card":"summary_large_image","twitter_misc":{"Written by":"Kisha Orthodhokse","Est. reading time":"3 minutes"},"schema":{"@context":"https:\/\/schema.org","@graph":[{"@type":"Article","@id":"https:\/\/orthodoxalbania.org\/2020\/2008\/02\/26\/kampi-i-trete-i-vajzave-bariu-i-mire-ne-shen-joan-vladimir-2008\/#article","isPartOf":{"@id":"https:\/\/orthodoxalbania.org\/2020\/2008\/02\/26\/kampi-i-trete-i-vajzave-bariu-i-mire-ne-shen-joan-vladimir-2008\/"},"author":{"name":"Kisha Orthodhokse","@id":"https:\/\/orthodoxalbania.org\/2020\/#\/schema\/person\/0c387634a7063ac612d7ed9ce71c7e86"},"headline":"Kampi i tret\u00eb i vajzave \u201cBariu i mir\u00eb\u201d, n\u00eb Sh\u00ebn Joan Vladimir. (2008)","datePublished":"2008-02-26T00:00:00+00:00","dateModified":"2020-04-06T20:35:26+00:00","mainEntityOfPage":{"@id":"https:\/\/orthodoxalbania.org\/2020\/2008\/02\/26\/kampi-i-trete-i-vajzave-bariu-i-mire-ne-shen-joan-vladimir-2008\/"},"wordCount":647,"commentCount":0,"publisher":{"@id":"https:\/\/orthodoxalbania.org\/2020\/#organization"},"image":{"@id":"https:\/\/orthodoxalbania.org\/2020\/2008\/02\/26\/kampi-i-trete-i-vajzave-bariu-i-mire-ne-shen-joan-vladimir-2008\/#primaryimage"},"thumbnailUrl":"https:\/\/lh4.googleusercontent.com\/-Wjx68brQf4s\/VJFBNR_qJmI\/AAAAAAAAHyE\/YX9cabuMDJ0\/w448-h336-no\/tekst%2B1.JPG","keywords":["2008","Kampe verore","Kryepiskopata Tiran\u00eb","lajme","Rinia Orthodhokse"],"articleSection":["Lajme"],"inLanguage":"en-US"},{"@type":"WebPage","@id":"https:\/\/orthodoxalbania.org\/2020\/2008\/02\/26\/kampi-i-trete-i-vajzave-bariu-i-mire-ne-shen-joan-vladimir-2008\/","url":"https:\/\/orthodoxalbania.org\/2020\/2008\/02\/26\/kampi-i-trete-i-vajzave-bariu-i-mire-ne-shen-joan-vladimir-2008\/","name":"Kampi i tret\u00eb i vajzave \u201cBariu i mir\u00eb\u201d, n\u00eb Sh\u00ebn Joan Vladimir. (2008) - Kisha Orthodh\u03bfkse Autoqefale e Shqip\u00ebris\u00eb","isPartOf":{"@id":"https:\/\/orthodoxalbania.org\/2020\/#website"},"primaryImageOfPage":{"@id":"https:\/\/orthodoxalbania.org\/2020\/2008\/02\/26\/kampi-i-trete-i-vajzave-bariu-i-mire-ne-shen-joan-vladimir-2008\/#primaryimage"},"image":{"@id":"https:\/\/orthodoxalbania.org\/2020\/2008\/02\/26\/kampi-i-trete-i-vajzave-bariu-i-mire-ne-shen-joan-vladimir-2008\/#primaryimage"},"thumbnailUrl":"https:\/\/lh4.googleusercontent.com\/-Wjx68brQf4s\/VJFBNR_qJmI\/AAAAAAAAHyE\/YX9cabuMDJ0\/w448-h336-no\/tekst%2B1.JPG","datePublished":"2008-02-26T00:00:00+00:00","dateModified":"2020-04-06T20:35:26+00:00","breadcrumb":{"@id":"https:\/\/orthodoxalbania.org\/2020\/2008\/02\/26\/kampi-i-trete-i-vajzave-bariu-i-mire-ne-shen-joan-vladimir-2008\/#breadcrumb"},"inLanguage":"en-US","potentialAction":[{"@type":"ReadAction","target":["https:\/\/orthodoxalbania.org\/2020\/2008\/02\/26\/kampi-i-trete-i-vajzave-bariu-i-mire-ne-shen-joan-vladimir-2008\/"]}]},{"@type":"ImageObject","inLanguage":"en-US","@id":"https:\/\/orthodoxalbania.org\/2020\/2008\/02\/26\/kampi-i-trete-i-vajzave-bariu-i-mire-ne-shen-joan-vladimir-2008\/#primaryimage","url":"https:\/\/lh4.googleusercontent.com\/-Wjx68brQf4s\/VJFBNR_qJmI\/AAAAAAAAHyE\/YX9cabuMDJ0\/w448-h336-no\/tekst%2B1.JPG","contentUrl":"https:\/\/lh4.googleusercontent.com\/-Wjx68brQf4s\/VJFBNR_qJmI\/AAAAAAAAHyE\/YX9cabuMDJ0\/w448-h336-no\/tekst%2B1.JPG"},{"@type":"BreadcrumbList","@id":"https:\/\/orthodoxalbania.org\/2020\/2008\/02\/26\/kampi-i-trete-i-vajzave-bariu-i-mire-ne-shen-joan-vladimir-2008\/#breadcrumb","itemListElement":[{"@type":"ListItem","position":1,"name":"Home","item":"https:\/\/orthodoxalbania.org\/2020\/"},{"@type":"ListItem","position":2,"name":"Kampi i tret\u00eb i vajzave \u201cBariu i mir\u00eb\u201d, n\u00eb Sh\u00ebn Joan Vladimir. (2008)"}]},{"@type":"WebSite","@id":"https:\/\/orthodoxalbania.org\/2020\/#website","url":"https:\/\/orthodoxalbania.org\/2020\/","name":"Kisha Orthodh\u03bfkse Autoqefale e Shqip\u00ebris\u00eb","description":"Fqja Zyrtare e Kish\u00ebs Orthodhokse Autoqefale e Shqip\u00ebris\u00eb me lajmet edhe informacionet zyrtare p\u00ebr struktur\u00ebn edhe veprimtarin e saj.","publisher":{"@id":"https:\/\/orthodoxalbania.org\/2020\/#organization"},"potentialAction":[{"@type":"SearchAction","target":{"@type":"EntryPoint","urlTemplate":"https:\/\/orthodoxalbania.org\/2020\/?s={search_term_string}"},"query-input":{"@type":"PropertyValueSpecification","valueRequired":true,"valueName":"search_term_string"}}],"inLanguage":"en-US"},{"@type":"Organization","@id":"https:\/\/orthodoxalbania.org\/2020\/#organization","name":"Kisha Orthodhokse Autoqefale e Shqip\u00ebris\u00eb","url":"https:\/\/orthodoxalbania.org\/2020\/","logo":{"@type":"ImageObject","inLanguage":"en-US","@id":"https:\/\/orthodoxalbania.org\/2020\/#\/schema\/logo\/image\/","url":"https:\/\/orthodoxalbania.org\/2020\/wp-content\/uploads\/2020\/05\/albania.jpeg","contentUrl":"https:\/\/orthodoxalbania.org\/2020\/wp-content\/uploads\/2020\/05\/albania.jpeg","width":540,"height":540,"caption":"Kisha Orthodhokse Autoqefale e Shqip\u00ebris\u00eb"},"image":{"@id":"https:\/\/orthodoxalbania.org\/2020\/#\/schema\/logo\/image\/"},"sameAs":["https:\/\/www.facebook.com\/koash1991"]},{"@type":"Person","@id":"https:\/\/orthodoxalbania.org\/2020\/#\/schema\/person\/0c387634a7063ac612d7ed9ce71c7e86","name":"Kisha Orthodhokse","image":{"@type":"ImageObject","inLanguage":"en-US","@id":"https:\/\/secure.gravatar.com\/avatar\/596e7c417251e30f2fbb9c00e026fce61a695a00e51c889caded71c96cbbdde5?s=96&d=mm&r=g","url":"https:\/\/secure.gravatar.com\/avatar\/596e7c417251e30f2fbb9c00e026fce61a695a00e51c889caded71c96cbbdde5?s=96&d=mm&r=g","contentUrl":"https:\/\/secure.gravatar.com\/avatar\/596e7c417251e30f2fbb9c00e026fce61a695a00e51c889caded71c96cbbdde5?s=96&d=mm&r=g","caption":"Kisha Orthodhokse"}}]}},"_links":{"self":[{"href":"https:\/\/orthodoxalbania.org\/2020\/wp-json\/wp\/v2\/posts\/704","targetHints":{"allow":["GET"]}}],"collection":[{"href":"https:\/\/orthodoxalbania.org\/2020\/wp-json\/wp\/v2\/posts"}],"about":[{"href":"https:\/\/orthodoxalbania.org\/2020\/wp-json\/wp\/v2\/types\/post"}],"author":[{"embeddable":true,"href":"https:\/\/orthodoxalbania.org\/2020\/wp-json\/wp\/v2\/users\/1"}],"replies":[{"embeddable":true,"href":"https:\/\/orthodoxalbania.org\/2020\/wp-json\/wp\/v2\/comments?post=704"}],"version-history":[{"count":1,"href":"https:\/\/orthodoxalbania.org\/2020\/wp-json\/wp\/v2\/posts\/704\/revisions"}],"predecessor-version":[{"id":15680,"href":"https:\/\/orthodoxalbania.org\/2020\/wp-json\/wp\/v2\/posts\/704\/revisions\/15680"}],"wp:attachment":[{"href":"https:\/\/orthodoxalbania.org\/2020\/wp-json\/wp\/v2\/media?parent=704"}],"wp:term":[{"taxonomy":"category","embeddable":true,"href":"https:\/\/orthodoxalbania.org\/2020\/wp-json\/wp\/v2\/categories?post=704"},{"taxonomy":"post_tag","embeddable":true,"href":"https:\/\/orthodoxalbania.org\/2020\/wp-json\/wp\/v2\/tags?post=704"}],"curies":[{"name":"wp","href":"https:\/\/api.w.org\/{rel}","templated":true}]}}