{"id":703,"date":"2008-02-26T00:00:00","date_gmt":"2008-02-26T00:00:00","guid":{"rendered":""},"modified":"2020-04-06T22:35:25","modified_gmt":"2020-04-06T20:35:25","slug":"kampi-i-trete-i-djemve-rilindja-ne-zvernec-korrik-gusht-2008","status":"publish","type":"post","link":"https:\/\/orthodoxalbania.org\/2020\/2008\/02\/26\/kampi-i-trete-i-djemve-rilindja-ne-zvernec-korrik-gusht-2008\/","title":{"rendered":"Kampi i tret\u00eb i djemve \u201cRilindja\u201d n\u00eb Zv\u00ebrnec. (Korrik &#8211; Gusht 2008)"},"content":{"rendered":"<p style=\"text-align: center;\"><span style=\"color: #b22222;\"><span style=\"font-family: tahoma,geneva,sans-serif;\"><span style=\"font-size: 12px;\"><strong>Emocione dhe g\u00ebzim n\u00eb kampin e fundit veror p\u00ebr k\u00ebt\u00eb vit<\/strong><\/span><\/span><\/span><\/p>\n<p style=\"text-align: center;\">&nbsp;<\/p>\n<table style=\"width: 946px; height: 1452px;\" border=\"0\">\n<tbody>\n<tr>\n<td><span style=\"color: #000000;\"><span style=\"font-family: tahoma,geneva,sans-serif;\"><span style=\"font-size: 12px;\"><img decoding=\"async\" class=\"lazyload HAa Eha\" style=\"border-width: 1px; border-style: solid; margin: 10px auto; display: block;\" alt=\"\" src=\"data:image\/svg+xml,%3Csvg%20xmlns%3D%27http%3A%2F%2Fwww.w3.org%2F2000%2Fsvg%27%20width%3D%27432%27%20height%3D%27324%27%20viewBox%3D%270%200%20432%20324%27%3E%3Crect%20width%3D%27432%27%20height%3D%27324%27%20fill-opacity%3D%220%22%2F%3E%3C%2Fsvg%3E\" data-orig-src=\"https:\/\/lh5.googleusercontent.com\/-6wzaLOB413A\/VI7OP-Q0BkI\/AAAAAAAAHw0\/Kabds1wd3Nk\/w448-h336-no\/tekst%2B1.jpg\" height=\"324\" width=\"432\" \/><\/span><\/span><\/span><\/td>\n<td>\n<div style=\"text-align: justify;\"><span style=\"color: #000000;\"><span style=\"font-family: tahoma,geneva,sans-serif;\"><span style=\"font-size: 12px;\">&nbsp;&nbsp;&nbsp; Rreth 100 t\u00eb rinj nga e gjith\u00eb Shqip\u00ebria mor\u00ebn pjes\u00eb n\u00eb kampin e tret\u00eb dhe t\u00eb fundit t\u00eb djemve p\u00ebr k\u00ebt\u00eb vit n\u00eb Manastirin \u201cFjetja e Hyjlind\u00ebses\u201d n\u00eb Zv\u00ebrnec t\u00eb Vlor\u00ebs, n\u00eb periudh\u00ebn 26 korrik-6 gusht 2008. Ashtu si n\u00eb dy kampet e m\u00ebparshme, edhe n\u00eb k\u00ebt\u00eb kamping tema ishte \u201cKa shpres\u00eb\u201d. Nj\u00eb pjes\u00eb e t\u00eb rinjve kishin njohuri rreth besimit t\u00eb krishter\u00eb orthodhoks, nd\u00ebrsa pjesa tjet\u00ebr ishte e painformuar. Me besimin e v\u00ebrtet\u00eb se nj\u00eb dit\u00eb ata do t\u00eb jen\u00eb apostuj t\u00eb Krishtit drejtuesit e kampit u angazhuan t\u00eb zhvillonin m\u00ebsime intensive katekizmi, duke ofruar m\u00eb shum\u00eb dashuri p\u00ebr nj\u00ebri-tjetrin, ashtu si Zoti tregoi p\u00ebr ne.<\/span><\/span><\/span><\/div>\n<\/td>\n<\/tr>\n<tr>\n<td>\n<div style=\"text-align: justify;\"><span style=\"color: #000000;\"><span style=\"font-family: tahoma,geneva,sans-serif;\"><span style=\"font-size: 12px;\">&nbsp;&nbsp; Sigurisht, edhe n\u00eb k\u00ebt\u00eb kamp nuk do t\u00eb mungonin loj\u00ebrat dhe aktivitetet kulturore, por n\u00eb mes t\u00eb k\u00ebtij g\u00ebzimi kishte edhe nga ata q\u00eb nuk ishin b\u00ebr\u00eb akoma an\u00ebtar\u00eb t\u00eb Kish\u00ebs, ende nuk ishin t\u00eb pag\u00ebzuar. Bisedat shpirt\u00ebrore i ndihmuan v\u00ebllez\u00ebrit m\u00eb Krishtin t\u00eb njiheshin m\u00eb shum\u00eb me Per\u00ebndin\u00eb. T\u00eb rinjt\u00eb filluan t\u00eb ishin shum\u00eb t\u00eb zellsh\u00ebm, duke k\u00ebrkuar t\u00eb dinin sa m\u00eb shum\u00eb p\u00ebr besimin dhe kjo vihej re n\u00eb pyetjet e tyre t\u00eb shumta. Por dhe lutja q\u00eb ata b\u00ebnin s\u00eb bashku n\u00eb Kish\u00eb ishte nj\u00eb e ve\u00e7ant\u00eb tjet\u00ebr dhe nj\u00eb emocion i pap\u00ebrshkruesh\u00ebm q\u00eb e karakterizoi k\u00ebt\u00eb kamp .<\/span><\/span><\/span><\/div>\n<\/td>\n<td><span style=\"color: #000000;\"><span style=\"font-family: tahoma,geneva,sans-serif;\"><span style=\"font-size: 12px;\"><img decoding=\"async\" class=\"lazyload HAa Eha\" style=\"border-width: 1px; border-style: solid; margin: 10px auto; display: block;\" alt=\"\" src=\"data:image\/gif;base64,R0lGODlhAQABAAAAACH5BAEKAAEALAAAAAABAAEAAAICTAEAOw==\" data-orig-src=\"https:\/\/lh5.googleusercontent.com\/-yPkJvuTsMpI\/VI7OQNuBVXI\/AAAAAAAAHwo\/aVyPuxE9Zyw\/w448-h336-no\/tekst%2B2.jpg\" \/><\/span><\/span><\/span><\/td>\n<\/tr>\n<tr>\n<td><span style=\"color: #000000;\"><span style=\"font-family: tahoma,geneva,sans-serif;\"><span style=\"font-size: 12px;\"><img decoding=\"async\" class=\"lazyload HAa Eha\" style=\"border-width: 1px; border-style: solid; margin: 10px auto; display: block;\" alt=\"\" src=\"data:image\/gif;base64,R0lGODlhAQABAAAAACH5BAEKAAEALAAAAAABAAEAAAICTAEAOw==\" data-orig-src=\"https:\/\/lh5.googleusercontent.com\/-WYnrVQOdtWg\/VI7OQfc-nYI\/AAAAAAAAHws\/m7QQCZT1Kig\/w448-h336-no\/tekst%2B3.jpg\" \/><\/span><\/span><\/span><\/td>\n<td>\n<div style=\"text-align: justify;\"><span style=\"color: #000000;\"><span style=\"font-family: tahoma,geneva,sans-serif;\"><span style=\"font-size: 12px;\">&nbsp;&nbsp;&nbsp; Tradit\u00eb e k\u00ebtij kampi \u00ebsht\u00eb edhe ekskursioni. U mendua se n\u00eb nj\u00eb vend t\u00eb ve\u00e7ant\u00eb si nga pozicioni ku ndodhej, por dhe nga bukuria natyrore q\u00eb e rrethonte, do t\u00eb ishte manastiri i Sh\u00ebn Theodhorit n\u00eb Dh\u00ebrmi. T\u00eb rinjt\u00eb shkuan aty p\u00ebr ta par\u00eb nga af\u00ebr k\u00ebt\u00eb vend t\u00eb shenjt\u00eb dhe p\u00ebr t\u00eb kryer sh\u00ebrbes\u00ebn e Paraklisit t\u00eb s\u00eb T\u00ebr\u00ebshenjt\u00ebs Mari. M\u00eb pas, ata shijuan bregdetin e bukur t\u00eb Jal\u00ebs. Dit\u00ebt e fundit do t\u00eb ishin m\u00eb t\u00eb bukura dhe m\u00eb t\u00eb bekuara sepse si \u00e7do her\u00eb me fjal\u00ebn e tij t\u00eb ngroht\u00eb, Mitropoliti i Beratit, Hir\u00ebsi Ignati do t\u00eb ishte p\u00ebrs\u00ebri pran\u00eb nesh.<\/span><\/span><\/span><\/div>\n<\/td>\n<\/tr>\n<tr>\n<td>\n<div style=\"text-align: justify;\"><span style=\"color: #000000;\"><span style=\"font-family: tahoma,geneva,sans-serif;\"><span style=\"font-size: 12px;\">&nbsp;&nbsp; Pas kryerjes s\u00eb Liturgjis\u00eb Hyjnore, Hir\u00ebsia mbajti nj\u00eb fjalim n\u00eb prani t\u00eb t\u00eb gjith\u00eb kampist\u00ebve, duke folur me fjal\u00eb t\u00eb thjeshta, por me nj\u00eb kuptim t\u00eb madh. Pas predikimit, Hir\u00ebsi Ignati drejtoi misterin e pag\u00ebzimit ku 17 t\u00eb rinj u b\u00ebn\u00eb pjes\u00eb e Kish\u00ebs son\u00eb t\u00eb Krishtit. Ndihm\u00eb shpirt\u00ebrore p\u00ebr k\u00ebt\u00eb kamp dha edhe At Justini, i cili me pun\u00ebn e tij t\u00eb palodhshme dhe k\u00ebshillat e vyera b\u00ebri t\u00eb mundur q\u00eb shum\u00eb t\u00eb rinj t\u00eb kryenin misterin e Pendim-Rr\u00ebfimit.<\/span><\/span><\/span><\/div>\n<\/td>\n<td><span style=\"color: #000000;\"><span style=\"font-family: tahoma,geneva,sans-serif;\"><span style=\"font-size: 12px;\"><img decoding=\"async\" class=\"lazyload HAa Eha\" style=\"border-width: 1px; border-style: solid; margin: 10px auto; display: block;\" alt=\"\" src=\"data:image\/gif;base64,R0lGODlhAQABAAAAACH5BAEKAAEALAAAAAABAAEAAAICTAEAOw==\" data-orig-src=\"https:\/\/lh4.googleusercontent.com\/-GYzW7rlRu_I\/VI7OQgsMrCI\/AAAAAAAAHw8\/Fy5jm7M3uiA\/w448-h336-no\/tekst%2B4.jpg\" \/><\/span><\/span><\/span><\/td>\n<\/tr>\n<\/tbody>\n<\/table>\n<table style=\"width: 949px; height: 29px;\" border=\"0\">\n<tbody>\n<tr>\n<th style=\"text-align: justify;\" scope=\"col\"><span style=\"color: #000000;\"><span style=\"font-family: tahoma,geneva,sans-serif;\"><span style=\"font-size: 12px;\">&nbsp;&nbsp;&nbsp; Fundi i kampit iu rezervua festivalit, ku \u00e7do grup do t\u00eb p\u00ebrgatiste nj\u00eb k\u00ebng\u00eb dhe nj\u00eb ske\u00e7. N\u00eb k\u00ebt\u00eb festival u vu re nj\u00eb p\u00ebrgatitje dinjitoze e t\u00eb gjitha grupeve dhe n\u00eb fund u p\u00ebrzgjodh k\u00ebnga dhe ske\u00e7i m\u00eb i mir\u00eb. N\u00eb nat\u00ebn e fundit u ndan\u00eb \u00e7mimet p\u00ebr t\u00eb gjith\u00eb fituesit si p\u00ebr loj\u00ebrat sportive ashtu dhe p\u00ebr k\u00ebng\u00ebn m\u00eb t\u00eb bukur. N\u00eb fund t\u00eb kampit, t\u00eb gjith\u00eb u larguan me besim dhe shpres\u00eb tek Per\u00ebndia, duke menduar p\u00ebr t\u2019u kthyer p\u00ebrs\u00ebri n\u00eb k\u00ebt\u00eb ishull t\u00eb bekuar.<\/span><\/span><\/span><\/th>\n<\/tr>\n<\/tbody>\n<\/table>\n<table style=\"width: 1003px; height: 739px;\" border=\"0\">\n<tbody>\n<tr>\n<th scope=\"col\"><span style=\"color: #000000;\"><span style=\"font-family: tahoma,geneva,sans-serif;\"><span style=\"font-size: 12px;\"><img decoding=\"async\" class=\"lazyload HAa Eha\" style=\"border-width: 1px; border-style: solid; margin: 10px auto; display: block;\" alt=\"\" src=\"data:image\/gif;base64,R0lGODlhAQABAAAAACH5BAEKAAEALAAAAAABAAEAAAICTAEAOw==\" data-orig-src=\"https:\/\/lh6.googleusercontent.com\/-kBVzT687c2o\/VI7OPb3d8eI\/AAAAAAAAHw4\/hQXq93QTT_Q\/w448-h336-no\/galeri%2B1.jpg\" \/><\/span><\/span><\/span><\/th>\n<th scope=\"col\"><span style=\"color: #000000;\"><span style=\"font-family: tahoma,geneva,sans-serif;\"><span style=\"font-size: 12px;\"><img decoding=\"async\" class=\"lazyload HAa Eha\" style=\"border-width: 1px; border-style: solid; margin: 10px auto; display: block;\" alt=\"\" src=\"data:image\/gif;base64,R0lGODlhAQABAAAAACH5BAEKAAEALAAAAAABAAEAAAICTAEAOw==\" data-orig-src=\"https:\/\/lh6.googleusercontent.com\/-pSWkPkcNEbc\/VI7OPQv9G9I\/AAAAAAAAHxA\/BxEEQaHlMVM\/w448-h336-no\/galeri%2B2.jpg\" \/><\/span><\/span><\/span><\/th>\n<\/tr>\n<tr>\n<th scope=\"col\"><span style=\"color: #000000;\"><span style=\"font-family: tahoma,geneva,sans-serif;\"><span style=\"font-size: 12px;\"><img decoding=\"async\" class=\"lazyload HAa Eha\" style=\"border-width: 1px; border-style: solid; margin: 10px auto; display: block;\" alt=\"\" src=\"data:image\/gif;base64,R0lGODlhAQABAAAAACH5BAEKAAEALAAAAAABAAEAAAICTAEAOw==\" data-orig-src=\"https:\/\/lh6.googleusercontent.com\/-ji8N4K5ZPss\/VI7OPWxVapI\/AAAAAAAAHxI\/56UGxEh2xew\/w448-h336-no\/galeri%2B3.jpg\" \/><\/span><\/span><\/span><\/th>\n<th scope=\"col\"><span style=\"color: #000000;\"><span style=\"font-family: tahoma,geneva,sans-serif;\"><span style=\"font-size: 12px;\"><img decoding=\"async\" class=\"lazyload HAa Eha\" style=\"border-width: 1px; border-style: solid; margin: 10px auto; display: block;\" alt=\"\" src=\"data:image\/gif;base64,R0lGODlhAQABAAAAACH5BAEKAAEALAAAAAABAAEAAAICTAEAOw==\" data-orig-src=\"https:\/\/lh3.googleusercontent.com\/-8uXgDGksIfA\/VI7OPoNxAuI\/AAAAAAAAHxM\/c-ypJ92dSn4\/w448-h336-no\/galeri%2B4.jpg\" \/><\/span><\/span><\/span><\/th>\n<\/tr>\n<\/tbody>\n<\/table>\n<div>&nbsp;<\/div>\n<div style=\"text-align: right;\"><span style=\"color: #000000;\"><span style=\"font-family: tahoma,geneva,sans-serif;\"><span style=\"font-size: 12px;\"><strong>Ilia Bragje\u00e7i<\/strong>.<\/span><\/span><\/span><\/div>\n","protected":false},"excerpt":{"rendered":"<p>Emocione dhe g\u00ebzim n\u00eb kampin e fundit veror p\u00ebr k\u00ebt\u00eb vit &nbsp; &nbsp;&nbsp;&nbsp; Rreth 100 t\u00eb rinj nga e gjith\u00eb Shqip\u00ebria mor\u00ebn pjes\u00eb n\u00eb kampin e tret\u00eb dhe t\u00eb fundit t\u00eb djemve p\u00ebr k\u00ebt\u00eb vit n\u00eb Manastirin \u201cFjetja e Hyjlind\u00ebses\u201d n\u00eb Zv\u00ebrnec t\u00eb Vlor\u00ebs, n\u00eb periudh\u00ebn 26 korrik-6 gusht 2008. Ashtu si n\u00eb dy kampet e m\u00ebparshme, edhe n\u00eb k\u00ebt\u00eb kamping tema ishte \u201cKa shpres\u00eb\u201d.<\/p>\n","protected":false},"author":1,"featured_media":0,"comment_status":"open","ping_status":"open","sticky":false,"template":"","format":"standard","meta":{"_acf_changed":false,"pagelayer_contact_templates":[],"_pagelayer_content":"","inline_featured_image":false,"fifu_image_url":"","fifu_image_alt":"","footnotes":""},"categories":[108],"tags":[146,200,196,212,176],"class_list":["post-703","post","type-post","status-publish","format-standard","hentry","category-lajme","tag-146","tag-kampe-verore","tag-tirane","tag-lajme-d27","tag-rinia-orthodhokse"],"acf":[],"yoast_head":"<!-- This site is optimized with the Yoast SEO plugin v27.2 - https:\/\/yoast.com\/product\/yoast-seo-wordpress\/ -->\n<title>Kampi i tret\u00eb i djemve \u201cRilindja\u201d n\u00eb Zv\u00ebrnec. (Korrik - Gusht 2008) - Kisha Orthodh\u03bfkse Autoqefale e Shqip\u00ebris\u00eb<\/title>\n<meta name=\"robots\" content=\"index, follow, max-snippet:-1, max-image-preview:large, max-video-preview:-1\" \/>\n<link rel=\"canonical\" href=\"https:\/\/orthodoxalbania.org\/2020\/2008\/02\/26\/kampi-i-trete-i-djemve-rilindja-ne-zvernec-korrik-gusht-2008\/\" \/>\n<meta property=\"og:locale\" content=\"en_US\" \/>\n<meta property=\"og:type\" content=\"article\" \/>\n<meta property=\"og:title\" content=\"Kampi i tret\u00eb i djemve \u201cRilindja\u201d n\u00eb Zv\u00ebrnec. (Korrik - Gusht 2008) - Kisha Orthodh\u03bfkse Autoqefale e Shqip\u00ebris\u00eb\" \/>\n<meta property=\"og:description\" content=\"Emocione dhe g\u00ebzim n\u00eb kampin e fundit veror p\u00ebr k\u00ebt\u00eb vit &nbsp; &nbsp;&nbsp;&nbsp; Rreth 100 t\u00eb rinj nga e gjith\u00eb Shqip\u00ebria mor\u00ebn pjes\u00eb n\u00eb kampin e tret\u00eb dhe t\u00eb fundit t\u00eb djemve p\u00ebr k\u00ebt\u00eb vit n\u00eb Manastirin \u201cFjetja e Hyjlind\u00ebses\u201d n\u00eb Zv\u00ebrnec t\u00eb Vlor\u00ebs, n\u00eb periudh\u00ebn 26 korrik-6 gusht 2008. Ashtu si n\u00eb dy kampet e m\u00ebparshme, edhe n\u00eb k\u00ebt\u00eb kamping tema ishte \u201cKa shpres\u00eb\u201d.\" \/>\n<meta property=\"og:url\" content=\"https:\/\/orthodoxalbania.org\/2020\/2008\/02\/26\/kampi-i-trete-i-djemve-rilindja-ne-zvernec-korrik-gusht-2008\/\" \/>\n<meta property=\"og:site_name\" content=\"Kisha Orthodh\u03bfkse Autoqefale e Shqip\u00ebris\u00eb\" \/>\n<meta property=\"article:publisher\" content=\"https:\/\/www.facebook.com\/koash1991\" \/>\n<meta property=\"article:published_time\" content=\"2008-02-26T00:00:00+00:00\" \/>\n<meta property=\"article:modified_time\" content=\"2020-04-06T20:35:25+00:00\" \/>\n<meta property=\"og:image\" content=\"https:\/\/lh5.googleusercontent.com\/-6wzaLOB413A\/VI7OP-Q0BkI\/AAAAAAAAHw0\/Kabds1wd3Nk\/w448-h336-no\/tekst%2B1.jpg\" \/>\n<meta name=\"author\" content=\"Kisha Orthodhokse\" \/>\n<meta name=\"twitter:card\" content=\"summary_large_image\" \/>\n<meta name=\"twitter:label1\" content=\"Written by\" \/>\n\t<meta name=\"twitter:data1\" content=\"Kisha Orthodhokse\" \/>\n\t<meta name=\"twitter:label2\" content=\"Est. reading time\" \/>\n\t<meta name=\"twitter:data2\" content=\"3 minutes\" \/>\n<script type=\"application\/ld+json\" class=\"yoast-schema-graph\">{\"@context\":\"https:\/\/schema.org\",\"@graph\":[{\"@type\":\"Article\",\"@id\":\"https:\/\/orthodoxalbania.org\/2020\/2008\/02\/26\/kampi-i-trete-i-djemve-rilindja-ne-zvernec-korrik-gusht-2008\/#article\",\"isPartOf\":{\"@id\":\"https:\/\/orthodoxalbania.org\/2020\/2008\/02\/26\/kampi-i-trete-i-djemve-rilindja-ne-zvernec-korrik-gusht-2008\/\"},\"author\":{\"name\":\"Kisha Orthodhokse\",\"@id\":\"https:\/\/orthodoxalbania.org\/2020\/#\/schema\/person\/0c387634a7063ac612d7ed9ce71c7e86\"},\"headline\":\"Kampi i tret\u00eb i djemve \u201cRilindja\u201d n\u00eb Zv\u00ebrnec. (Korrik &#8211; Gusht 2008)\",\"datePublished\":\"2008-02-26T00:00:00+00:00\",\"dateModified\":\"2020-04-06T20:35:25+00:00\",\"mainEntityOfPage\":{\"@id\":\"https:\/\/orthodoxalbania.org\/2020\/2008\/02\/26\/kampi-i-trete-i-djemve-rilindja-ne-zvernec-korrik-gusht-2008\/\"},\"wordCount\":610,\"commentCount\":0,\"publisher\":{\"@id\":\"https:\/\/orthodoxalbania.org\/2020\/#organization\"},\"image\":{\"@id\":\"https:\/\/orthodoxalbania.org\/2020\/2008\/02\/26\/kampi-i-trete-i-djemve-rilindja-ne-zvernec-korrik-gusht-2008\/#primaryimage\"},\"thumbnailUrl\":\"https:\/\/lh5.googleusercontent.com\/-6wzaLOB413A\/VI7OP-Q0BkI\/AAAAAAAAHw0\/Kabds1wd3Nk\/w448-h336-no\/tekst%2B1.jpg\",\"keywords\":[\"2008\",\"Kampe verore\",\"Kryepiskopata Tiran\u00eb\",\"lajme\",\"Rinia Orthodhokse\"],\"articleSection\":[\"Lajme\"],\"inLanguage\":\"en-US\"},{\"@type\":\"WebPage\",\"@id\":\"https:\/\/orthodoxalbania.org\/2020\/2008\/02\/26\/kampi-i-trete-i-djemve-rilindja-ne-zvernec-korrik-gusht-2008\/\",\"url\":\"https:\/\/orthodoxalbania.org\/2020\/2008\/02\/26\/kampi-i-trete-i-djemve-rilindja-ne-zvernec-korrik-gusht-2008\/\",\"name\":\"Kampi i tret\u00eb i djemve \u201cRilindja\u201d n\u00eb Zv\u00ebrnec. (Korrik - Gusht 2008) - Kisha Orthodh\u03bfkse Autoqefale e Shqip\u00ebris\u00eb\",\"isPartOf\":{\"@id\":\"https:\/\/orthodoxalbania.org\/2020\/#website\"},\"primaryImageOfPage\":{\"@id\":\"https:\/\/orthodoxalbania.org\/2020\/2008\/02\/26\/kampi-i-trete-i-djemve-rilindja-ne-zvernec-korrik-gusht-2008\/#primaryimage\"},\"image\":{\"@id\":\"https:\/\/orthodoxalbania.org\/2020\/2008\/02\/26\/kampi-i-trete-i-djemve-rilindja-ne-zvernec-korrik-gusht-2008\/#primaryimage\"},\"thumbnailUrl\":\"https:\/\/lh5.googleusercontent.com\/-6wzaLOB413A\/VI7OP-Q0BkI\/AAAAAAAAHw0\/Kabds1wd3Nk\/w448-h336-no\/tekst%2B1.jpg\",\"datePublished\":\"2008-02-26T00:00:00+00:00\",\"dateModified\":\"2020-04-06T20:35:25+00:00\",\"breadcrumb\":{\"@id\":\"https:\/\/orthodoxalbania.org\/2020\/2008\/02\/26\/kampi-i-trete-i-djemve-rilindja-ne-zvernec-korrik-gusht-2008\/#breadcrumb\"},\"inLanguage\":\"en-US\",\"potentialAction\":[{\"@type\":\"ReadAction\",\"target\":[\"https:\/\/orthodoxalbania.org\/2020\/2008\/02\/26\/kampi-i-trete-i-djemve-rilindja-ne-zvernec-korrik-gusht-2008\/\"]}]},{\"@type\":\"ImageObject\",\"inLanguage\":\"en-US\",\"@id\":\"https:\/\/orthodoxalbania.org\/2020\/2008\/02\/26\/kampi-i-trete-i-djemve-rilindja-ne-zvernec-korrik-gusht-2008\/#primaryimage\",\"url\":\"https:\/\/lh5.googleusercontent.com\/-6wzaLOB413A\/VI7OP-Q0BkI\/AAAAAAAAHw0\/Kabds1wd3Nk\/w448-h336-no\/tekst%2B1.jpg\",\"contentUrl\":\"https:\/\/lh5.googleusercontent.com\/-6wzaLOB413A\/VI7OP-Q0BkI\/AAAAAAAAHw0\/Kabds1wd3Nk\/w448-h336-no\/tekst%2B1.jpg\"},{\"@type\":\"BreadcrumbList\",\"@id\":\"https:\/\/orthodoxalbania.org\/2020\/2008\/02\/26\/kampi-i-trete-i-djemve-rilindja-ne-zvernec-korrik-gusht-2008\/#breadcrumb\",\"itemListElement\":[{\"@type\":\"ListItem\",\"position\":1,\"name\":\"Home\",\"item\":\"https:\/\/orthodoxalbania.org\/2020\/\"},{\"@type\":\"ListItem\",\"position\":2,\"name\":\"Kampi i tret\u00eb i djemve \u201cRilindja\u201d n\u00eb Zv\u00ebrnec. (Korrik &#8211; Gusht 2008)\"}]},{\"@type\":\"WebSite\",\"@id\":\"https:\/\/orthodoxalbania.org\/2020\/#website\",\"url\":\"https:\/\/orthodoxalbania.org\/2020\/\",\"name\":\"Kisha Orthodh\u03bfkse Autoqefale e Shqip\u00ebris\u00eb\",\"description\":\"Fqja Zyrtare e Kish\u00ebs Orthodhokse Autoqefale e Shqip\u00ebris\u00eb me lajmet edhe informacionet zyrtare p\u00ebr struktur\u00ebn edhe veprimtarin e saj.\",\"publisher\":{\"@id\":\"https:\/\/orthodoxalbania.org\/2020\/#organization\"},\"potentialAction\":[{\"@type\":\"SearchAction\",\"target\":{\"@type\":\"EntryPoint\",\"urlTemplate\":\"https:\/\/orthodoxalbania.org\/2020\/?s={search_term_string}\"},\"query-input\":{\"@type\":\"PropertyValueSpecification\",\"valueRequired\":true,\"valueName\":\"search_term_string\"}}],\"inLanguage\":\"en-US\"},{\"@type\":\"Organization\",\"@id\":\"https:\/\/orthodoxalbania.org\/2020\/#organization\",\"name\":\"Kisha Orthodhokse Autoqefale e Shqip\u00ebris\u00eb\",\"url\":\"https:\/\/orthodoxalbania.org\/2020\/\",\"logo\":{\"@type\":\"ImageObject\",\"inLanguage\":\"en-US\",\"@id\":\"https:\/\/orthodoxalbania.org\/2020\/#\/schema\/logo\/image\/\",\"url\":\"https:\/\/orthodoxalbania.org\/2020\/wp-content\/uploads\/2020\/05\/albania.jpeg\",\"contentUrl\":\"https:\/\/orthodoxalbania.org\/2020\/wp-content\/uploads\/2020\/05\/albania.jpeg\",\"width\":540,\"height\":540,\"caption\":\"Kisha Orthodhokse Autoqefale e Shqip\u00ebris\u00eb\"},\"image\":{\"@id\":\"https:\/\/orthodoxalbania.org\/2020\/#\/schema\/logo\/image\/\"},\"sameAs\":[\"https:\/\/www.facebook.com\/koash1991\"]},{\"@type\":\"Person\",\"@id\":\"https:\/\/orthodoxalbania.org\/2020\/#\/schema\/person\/0c387634a7063ac612d7ed9ce71c7e86\",\"name\":\"Kisha Orthodhokse\",\"image\":{\"@type\":\"ImageObject\",\"inLanguage\":\"en-US\",\"@id\":\"https:\/\/secure.gravatar.com\/avatar\/596e7c417251e30f2fbb9c00e026fce61a695a00e51c889caded71c96cbbdde5?s=96&d=mm&r=g\",\"url\":\"https:\/\/secure.gravatar.com\/avatar\/596e7c417251e30f2fbb9c00e026fce61a695a00e51c889caded71c96cbbdde5?s=96&d=mm&r=g\",\"contentUrl\":\"https:\/\/secure.gravatar.com\/avatar\/596e7c417251e30f2fbb9c00e026fce61a695a00e51c889caded71c96cbbdde5?s=96&d=mm&r=g\",\"caption\":\"Kisha Orthodhokse\"}}]}<\/script>\n<!-- \/ Yoast SEO plugin. -->","yoast_head_json":{"title":"Kampi i tret\u00eb i djemve \u201cRilindja\u201d n\u00eb Zv\u00ebrnec. (Korrik - Gusht 2008) - Kisha Orthodh\u03bfkse Autoqefale e Shqip\u00ebris\u00eb","robots":{"index":"index","follow":"follow","max-snippet":"max-snippet:-1","max-image-preview":"max-image-preview:large","max-video-preview":"max-video-preview:-1"},"canonical":"https:\/\/orthodoxalbania.org\/2020\/2008\/02\/26\/kampi-i-trete-i-djemve-rilindja-ne-zvernec-korrik-gusht-2008\/","og_locale":"en_US","og_type":"article","og_title":"Kampi i tret\u00eb i djemve \u201cRilindja\u201d n\u00eb Zv\u00ebrnec. (Korrik - Gusht 2008) - Kisha Orthodh\u03bfkse Autoqefale e Shqip\u00ebris\u00eb","og_description":"Emocione dhe g\u00ebzim n\u00eb kampin e fundit veror p\u00ebr k\u00ebt\u00eb vit &nbsp; &nbsp;&nbsp;&nbsp; Rreth 100 t\u00eb rinj nga e gjith\u00eb Shqip\u00ebria mor\u00ebn pjes\u00eb n\u00eb kampin e tret\u00eb dhe t\u00eb fundit t\u00eb djemve p\u00ebr k\u00ebt\u00eb vit n\u00eb Manastirin \u201cFjetja e Hyjlind\u00ebses\u201d n\u00eb Zv\u00ebrnec t\u00eb Vlor\u00ebs, n\u00eb periudh\u00ebn 26 korrik-6 gusht 2008. Ashtu si n\u00eb dy kampet e m\u00ebparshme, edhe n\u00eb k\u00ebt\u00eb kamping tema ishte \u201cKa shpres\u00eb\u201d.","og_url":"https:\/\/orthodoxalbania.org\/2020\/2008\/02\/26\/kampi-i-trete-i-djemve-rilindja-ne-zvernec-korrik-gusht-2008\/","og_site_name":"Kisha Orthodh\u03bfkse Autoqefale e Shqip\u00ebris\u00eb","article_publisher":"https:\/\/www.facebook.com\/koash1991","article_published_time":"2008-02-26T00:00:00+00:00","article_modified_time":"2020-04-06T20:35:25+00:00","og_image":[{"url":"https:\/\/lh5.googleusercontent.com\/-6wzaLOB413A\/VI7OP-Q0BkI\/AAAAAAAAHw0\/Kabds1wd3Nk\/w448-h336-no\/tekst%2B1.jpg","type":"","width":"","height":""}],"author":"Kisha Orthodhokse","twitter_card":"summary_large_image","twitter_misc":{"Written by":"Kisha Orthodhokse","Est. reading time":"3 minutes"},"schema":{"@context":"https:\/\/schema.org","@graph":[{"@type":"Article","@id":"https:\/\/orthodoxalbania.org\/2020\/2008\/02\/26\/kampi-i-trete-i-djemve-rilindja-ne-zvernec-korrik-gusht-2008\/#article","isPartOf":{"@id":"https:\/\/orthodoxalbania.org\/2020\/2008\/02\/26\/kampi-i-trete-i-djemve-rilindja-ne-zvernec-korrik-gusht-2008\/"},"author":{"name":"Kisha Orthodhokse","@id":"https:\/\/orthodoxalbania.org\/2020\/#\/schema\/person\/0c387634a7063ac612d7ed9ce71c7e86"},"headline":"Kampi i tret\u00eb i djemve \u201cRilindja\u201d n\u00eb Zv\u00ebrnec. (Korrik &#8211; Gusht 2008)","datePublished":"2008-02-26T00:00:00+00:00","dateModified":"2020-04-06T20:35:25+00:00","mainEntityOfPage":{"@id":"https:\/\/orthodoxalbania.org\/2020\/2008\/02\/26\/kampi-i-trete-i-djemve-rilindja-ne-zvernec-korrik-gusht-2008\/"},"wordCount":610,"commentCount":0,"publisher":{"@id":"https:\/\/orthodoxalbania.org\/2020\/#organization"},"image":{"@id":"https:\/\/orthodoxalbania.org\/2020\/2008\/02\/26\/kampi-i-trete-i-djemve-rilindja-ne-zvernec-korrik-gusht-2008\/#primaryimage"},"thumbnailUrl":"https:\/\/lh5.googleusercontent.com\/-6wzaLOB413A\/VI7OP-Q0BkI\/AAAAAAAAHw0\/Kabds1wd3Nk\/w448-h336-no\/tekst%2B1.jpg","keywords":["2008","Kampe verore","Kryepiskopata Tiran\u00eb","lajme","Rinia Orthodhokse"],"articleSection":["Lajme"],"inLanguage":"en-US"},{"@type":"WebPage","@id":"https:\/\/orthodoxalbania.org\/2020\/2008\/02\/26\/kampi-i-trete-i-djemve-rilindja-ne-zvernec-korrik-gusht-2008\/","url":"https:\/\/orthodoxalbania.org\/2020\/2008\/02\/26\/kampi-i-trete-i-djemve-rilindja-ne-zvernec-korrik-gusht-2008\/","name":"Kampi i tret\u00eb i djemve \u201cRilindja\u201d n\u00eb Zv\u00ebrnec. (Korrik - Gusht 2008) - Kisha Orthodh\u03bfkse Autoqefale e Shqip\u00ebris\u00eb","isPartOf":{"@id":"https:\/\/orthodoxalbania.org\/2020\/#website"},"primaryImageOfPage":{"@id":"https:\/\/orthodoxalbania.org\/2020\/2008\/02\/26\/kampi-i-trete-i-djemve-rilindja-ne-zvernec-korrik-gusht-2008\/#primaryimage"},"image":{"@id":"https:\/\/orthodoxalbania.org\/2020\/2008\/02\/26\/kampi-i-trete-i-djemve-rilindja-ne-zvernec-korrik-gusht-2008\/#primaryimage"},"thumbnailUrl":"https:\/\/lh5.googleusercontent.com\/-6wzaLOB413A\/VI7OP-Q0BkI\/AAAAAAAAHw0\/Kabds1wd3Nk\/w448-h336-no\/tekst%2B1.jpg","datePublished":"2008-02-26T00:00:00+00:00","dateModified":"2020-04-06T20:35:25+00:00","breadcrumb":{"@id":"https:\/\/orthodoxalbania.org\/2020\/2008\/02\/26\/kampi-i-trete-i-djemve-rilindja-ne-zvernec-korrik-gusht-2008\/#breadcrumb"},"inLanguage":"en-US","potentialAction":[{"@type":"ReadAction","target":["https:\/\/orthodoxalbania.org\/2020\/2008\/02\/26\/kampi-i-trete-i-djemve-rilindja-ne-zvernec-korrik-gusht-2008\/"]}]},{"@type":"ImageObject","inLanguage":"en-US","@id":"https:\/\/orthodoxalbania.org\/2020\/2008\/02\/26\/kampi-i-trete-i-djemve-rilindja-ne-zvernec-korrik-gusht-2008\/#primaryimage","url":"https:\/\/lh5.googleusercontent.com\/-6wzaLOB413A\/VI7OP-Q0BkI\/AAAAAAAAHw0\/Kabds1wd3Nk\/w448-h336-no\/tekst%2B1.jpg","contentUrl":"https:\/\/lh5.googleusercontent.com\/-6wzaLOB413A\/VI7OP-Q0BkI\/AAAAAAAAHw0\/Kabds1wd3Nk\/w448-h336-no\/tekst%2B1.jpg"},{"@type":"BreadcrumbList","@id":"https:\/\/orthodoxalbania.org\/2020\/2008\/02\/26\/kampi-i-trete-i-djemve-rilindja-ne-zvernec-korrik-gusht-2008\/#breadcrumb","itemListElement":[{"@type":"ListItem","position":1,"name":"Home","item":"https:\/\/orthodoxalbania.org\/2020\/"},{"@type":"ListItem","position":2,"name":"Kampi i tret\u00eb i djemve \u201cRilindja\u201d n\u00eb Zv\u00ebrnec. (Korrik &#8211; Gusht 2008)"}]},{"@type":"WebSite","@id":"https:\/\/orthodoxalbania.org\/2020\/#website","url":"https:\/\/orthodoxalbania.org\/2020\/","name":"Kisha Orthodh\u03bfkse Autoqefale e Shqip\u00ebris\u00eb","description":"Fqja Zyrtare e Kish\u00ebs Orthodhokse Autoqefale e Shqip\u00ebris\u00eb me lajmet edhe informacionet zyrtare p\u00ebr struktur\u00ebn edhe veprimtarin e saj.","publisher":{"@id":"https:\/\/orthodoxalbania.org\/2020\/#organization"},"potentialAction":[{"@type":"SearchAction","target":{"@type":"EntryPoint","urlTemplate":"https:\/\/orthodoxalbania.org\/2020\/?s={search_term_string}"},"query-input":{"@type":"PropertyValueSpecification","valueRequired":true,"valueName":"search_term_string"}}],"inLanguage":"en-US"},{"@type":"Organization","@id":"https:\/\/orthodoxalbania.org\/2020\/#organization","name":"Kisha Orthodhokse Autoqefale e Shqip\u00ebris\u00eb","url":"https:\/\/orthodoxalbania.org\/2020\/","logo":{"@type":"ImageObject","inLanguage":"en-US","@id":"https:\/\/orthodoxalbania.org\/2020\/#\/schema\/logo\/image\/","url":"https:\/\/orthodoxalbania.org\/2020\/wp-content\/uploads\/2020\/05\/albania.jpeg","contentUrl":"https:\/\/orthodoxalbania.org\/2020\/wp-content\/uploads\/2020\/05\/albania.jpeg","width":540,"height":540,"caption":"Kisha Orthodhokse Autoqefale e Shqip\u00ebris\u00eb"},"image":{"@id":"https:\/\/orthodoxalbania.org\/2020\/#\/schema\/logo\/image\/"},"sameAs":["https:\/\/www.facebook.com\/koash1991"]},{"@type":"Person","@id":"https:\/\/orthodoxalbania.org\/2020\/#\/schema\/person\/0c387634a7063ac612d7ed9ce71c7e86","name":"Kisha Orthodhokse","image":{"@type":"ImageObject","inLanguage":"en-US","@id":"https:\/\/secure.gravatar.com\/avatar\/596e7c417251e30f2fbb9c00e026fce61a695a00e51c889caded71c96cbbdde5?s=96&d=mm&r=g","url":"https:\/\/secure.gravatar.com\/avatar\/596e7c417251e30f2fbb9c00e026fce61a695a00e51c889caded71c96cbbdde5?s=96&d=mm&r=g","contentUrl":"https:\/\/secure.gravatar.com\/avatar\/596e7c417251e30f2fbb9c00e026fce61a695a00e51c889caded71c96cbbdde5?s=96&d=mm&r=g","caption":"Kisha Orthodhokse"}}]}},"_links":{"self":[{"href":"https:\/\/orthodoxalbania.org\/2020\/wp-json\/wp\/v2\/posts\/703","targetHints":{"allow":["GET"]}}],"collection":[{"href":"https:\/\/orthodoxalbania.org\/2020\/wp-json\/wp\/v2\/posts"}],"about":[{"href":"https:\/\/orthodoxalbania.org\/2020\/wp-json\/wp\/v2\/types\/post"}],"author":[{"embeddable":true,"href":"https:\/\/orthodoxalbania.org\/2020\/wp-json\/wp\/v2\/users\/1"}],"replies":[{"embeddable":true,"href":"https:\/\/orthodoxalbania.org\/2020\/wp-json\/wp\/v2\/comments?post=703"}],"version-history":[{"count":1,"href":"https:\/\/orthodoxalbania.org\/2020\/wp-json\/wp\/v2\/posts\/703\/revisions"}],"predecessor-version":[{"id":15675,"href":"https:\/\/orthodoxalbania.org\/2020\/wp-json\/wp\/v2\/posts\/703\/revisions\/15675"}],"wp:attachment":[{"href":"https:\/\/orthodoxalbania.org\/2020\/wp-json\/wp\/v2\/media?parent=703"}],"wp:term":[{"taxonomy":"category","embeddable":true,"href":"https:\/\/orthodoxalbania.org\/2020\/wp-json\/wp\/v2\/categories?post=703"},{"taxonomy":"post_tag","embeddable":true,"href":"https:\/\/orthodoxalbania.org\/2020\/wp-json\/wp\/v2\/tags?post=703"}],"curies":[{"name":"wp","href":"https:\/\/api.w.org\/{rel}","templated":true}]}}