{"id":701,"date":"2008-02-26T00:00:00","date_gmt":"2008-02-26T00:00:00","guid":{"rendered":""},"modified":"2020-04-06T22:35:22","modified_gmt":"2020-04-06T20:35:22","slug":"kampi-i-pare-i-vajzave-bariu-i-mire-ne-shen-joan-vladimir-2008","status":"publish","type":"post","link":"https:\/\/orthodoxalbania.org\/2020\/2008\/02\/26\/kampi-i-pare-i-vajzave-bariu-i-mire-ne-shen-joan-vladimir-2008\/","title":{"rendered":"Kampi i par\u00eb i vajzave \u201cBariu i mir\u00eb\u201d n\u00eb Sh\u00ebn Joan Vladimir. (2008)"},"content":{"rendered":"<div style=\"text-align: center;\"><span style=\"color: #b22222;\"><span style=\"font-family: tahoma,geneva,sans-serif;\"><span style=\"font-size: 12px;\"><strong>\u201cS\u2019ka jet\u00eb m\u00eb t\u00eb bukur, se jeta me Zotin\u201d<\/strong><\/span><\/span><\/span><\/div>\n<table style=\"width: 795px; height: 2203px; margin-right: auto; margin-left: auto;\">\n<tbody>\n<tr>\n<td>\n<div><span style=\"color: #000000;\"><span style=\"font-family: tahoma,geneva,sans-serif;\"><span style=\"font-size: 12px;\"><img decoding=\"async\" class=\"lazyload HAa Eha\" style=\"border-width: 1px; border-style: solid; margin: 10px auto; display: block;\" alt=\"\" src=\"data:image\/svg+xml,%3Csvg%20xmlns%3D%27http%3A%2F%2Fwww.w3.org%2F2000%2Fsvg%27%20width%3D%27347%27%20height%3D%27260%27%20viewBox%3D%270%200%20347%20260%27%3E%3Crect%20width%3D%27347%27%20height%3D%27260%27%20fill-opacity%3D%220%22%2F%3E%3C%2Fsvg%3E\" data-orig-src=\"https:\/\/lh3.googleusercontent.com\/-ae-ZqKV2ctw\/VJFI2CX42vI\/AAAAAAAAH20\/8qRJuRDcRGk\/w448-h336-no\/v1.JPG\" height=\"260\" width=\"347\" \/><\/span><\/span><\/span><\/div>\n<\/td>\n<td>\n<div style=\"text-align: justify;\"><span style=\"color: #000000;\"><span style=\"font-family: tahoma,geneva,sans-serif;\"><span style=\"font-size: 12px;\">&nbsp;&nbsp;&nbsp; Sezoni i aktiviteteve verore p\u00ebr vajzat e \u00e7eli siparin me kampin e par\u00eb t\u00eb vajzave n\u00eb periudh\u00ebn 1-10 korrik. <\/span><\/span><\/span><span style=\"color: #b22222;\"><span style=\"font-family: tahoma,geneva,sans-serif;\"><span style=\"font-size: 12px;\">\u201c<strong>S\u2019ka jet\u00eb m\u00eb t\u00eb bukur, se jeta me Zotin\u201d<\/strong><\/span><\/span><\/span><span style=\"color: #000000;\"><span style=\"font-family: tahoma,geneva,sans-serif;\"><span style=\"font-size: 12px;\">, ishte edhe tema qendrore e k\u00ebtij aktiviteti gjat\u00eb t\u00eb cilit 90 vajza t\u00eb mosh\u00ebs 7-14 vje\u00e7e nga zona t\u00eb ndryshme t\u00eb Shqip\u00ebris\u00eb u mblodh\u00ebn n\u00eb ambientet e Manastirit t\u00eb Sh\u00ebn Joan Vladimirit, n\u00eb Elbasan.<\/span><\/span><\/span><\/div>\n<\/td>\n<\/tr>\n<tr>\n<td>\n<div style=\"text-align: justify;\"><span style=\"color: #000000;\"><span style=\"font-family: tahoma,geneva,sans-serif;\"><span style=\"font-size: 12px;\">&nbsp;&nbsp;&nbsp; K\u00ebt\u00eb vit, programi ishte i larmish\u00ebm me plot aktivitete krijuese, edukative, sportive, etj. \u00c7do dit\u00eb fillonte me lutje, m\u00eb pas vazhdonte me meditimin, m\u00ebngjesin n\u00eb t\u00eb cilin t\u00eb gjitha vajzat m\u00ebsonin dhe k\u00ebndonin k\u00ebng\u00eb t\u00eb krishtera. Referatet u mbajt\u00ebn nga Mitropoliti i Beratit Hir\u00ebsi Ignati, Episkopi i Kruj\u00ebs Hir\u00ebsi Andoni, Ana K\u00ebr\u00e7yku dhe Sonila Dedja.<\/span><\/span><\/span><\/div>\n<\/td>\n<td>\n<div><span style=\"color: #000000;\"><span style=\"font-family: tahoma,geneva,sans-serif;\"><span style=\"font-size: 12px;\"><img decoding=\"async\" class=\"lazyload HAa Eha\" style=\"border-width: 1px; border-style: solid; margin: 10px auto; display: block;\" alt=\"\" src=\"data:image\/svg+xml,%3Csvg%20xmlns%3D%27http%3A%2F%2Fwww.w3.org%2F2000%2Fsvg%27%20width%3D%27347%27%20height%3D%27260%27%20viewBox%3D%270%200%20347%20260%27%3E%3Crect%20width%3D%27347%27%20height%3D%27260%27%20fill-opacity%3D%220%22%2F%3E%3C%2Fsvg%3E\" data-orig-src=\"https:\/\/lh3.googleusercontent.com\/-XvwPhjf9hnQ\/VJFI2HekTLI\/AAAAAAAAH3Q\/IQpuKxi64Po\/w448-h336-no\/v2.JPG\" height=\"260\" width=\"347\" \/><\/span><\/span><\/span><\/div>\n<\/td>\n<\/tr>\n<tr>\n<td>\n<div>&nbsp;<\/div>\n<p><span style=\"color: #000000;\"><img decoding=\"async\" class=\"lazyload HAa Eha\" style=\"border-width: 1px; border-style: solid; margin: 10px auto; display: block;\" alt=\"\" src=\"data:image\/svg+xml,%3Csvg%20xmlns%3D%27http%3A%2F%2Fwww.w3.org%2F2000%2Fsvg%27%20width%3D%27333%27%20height%3D%27250%27%20viewBox%3D%270%200%20333%20250%27%3E%3Crect%20width%3D%27333%27%20height%3D%27250%27%20fill-opacity%3D%220%22%2F%3E%3C%2Fsvg%3E\" data-orig-src=\"https:\/\/lh3.googleusercontent.com\/-rjxzuxRMTig\/VJFJp2f1bQI\/AAAAAAAAH3g\/8BO0UMN2NLg\/w448-h336-no\/v3.JPG\" height=\"250\" width=\"333\" \/><\/span><\/p>\n<\/td>\n<td>\n<div style=\"text-align: justify;\"><span style=\"color: #000000;\"><span style=\"font-family: tahoma,geneva,sans-serif;\"><span style=\"font-size: 12px;\">&nbsp;&nbsp;&nbsp; Programi ishte pasuruar dhe me m\u00ebsim n\u00eb grupe n\u00eb t\u00eb cilin studiohej libri \u201cKisha rritet\u201d nga ku ishin zgjedhur disa m\u00ebsime mbi festat e m\u00ebdha t\u00eb Kish\u00ebs si: Krishtlindja, Ngjitja n\u00eb qiell, Pentikostia etj. Programi nuk ishte statik, madje ndryshonte \u00e7do dit\u00eb pasi i shtoheshin dhe aktivitete t\u00eb tjera si: konkursi i poezis\u00eb, loja se p\u00ebrse kishin ardhur vajzat n\u00eb kamp dhe \u00e7far\u00eb prisnin prej tij, si dhe diskutimi mbi njohjen dhe p\u00ebrjetimin e jet\u00ebs me Zotin.<\/span><\/span><\/span><\/div>\n<\/td>\n<\/tr>\n<tr>\n<td>\n<div style=\"text-align: justify;\"><span style=\"color: #000000;\"><span style=\"font-family: tahoma,geneva,sans-serif;\"><span style=\"font-size: 12px;\">&nbsp;&nbsp;&nbsp; Programi shpirt\u00ebror kulmoi me Liturgjin\u00eb Hyjnore, t\u00eb cilat u kryen gjat\u00eb dy dit\u00ebve t\u00eb kampit. Gjithashtu n\u00eb nj\u00ebr\u00ebn prej dit\u00ebve u krye misteri i Pendim-Rr\u00ebfimit. Nj\u00eb dit\u00eb e ve\u00e7ant\u00eb ishte edhe pag\u00ebzimi i 22 vajzave, t\u00eb cilat u bashkuan me Trupin e Krishtit.<\/span><\/span><\/span><\/div>\n<div style=\"text-align: justify;\"> <span style=\"color: #000000;\"><span style=\"font-family: tahoma,geneva,sans-serif;\"><span style=\"font-size: 12px;\">&nbsp;&nbsp;&nbsp; Para se t\u00eb largoheshin, t\u00eb gjith\u00eb vajzat u mblodh\u00ebn n\u00eb kish\u00eb dhe kryen s\u00eb bashku sh\u00ebrbes\u00ebn e Lutjes s\u00eb Fal\u00ebnderimit ndaj Per\u00ebndis\u00eb dhe p\u00ebr t\u00eb gjith\u00eb ata q\u00eb mund\u00ebsuan k\u00ebt\u00eb kamp.<\/span><\/span><\/span><\/div>\n<\/td>\n<td>\n<div><span style=\"color: #000000;\"><span style=\"font-family: tahoma,geneva,sans-serif;\"><span style=\"font-size: 12px;\"><img decoding=\"async\" class=\"lazyload HAa Eha\" style=\"border-width: 1px; border-style: solid; margin: 10px auto; display: block;\" alt=\"\" src=\"data:image\/svg+xml,%3Csvg%20xmlns%3D%27http%3A%2F%2Fwww.w3.org%2F2000%2Fsvg%27%20width%3D%27352%27%20height%3D%27264%27%20viewBox%3D%270%200%20352%20264%27%3E%3Crect%20width%3D%27352%27%20height%3D%27264%27%20fill-opacity%3D%220%22%2F%3E%3C%2Fsvg%3E\" data-orig-src=\"https:\/\/lh4.googleusercontent.com\/-v9gugyKZvW4\/VJFI2jtPE9I\/AAAAAAAAH28\/19FbWQuXFU4\/w448-h336-no\/v6.JPG\" height=\"264\" width=\"352\" \/><\/span><\/span><\/span><\/div>\n<\/td>\n<\/tr>\n<tr>\n<td>\n<div><span style=\"color: #000000;\"><span style=\"font-family: tahoma,geneva,sans-serif;\"><span style=\"font-size: 12px;\"><img decoding=\"async\" class=\"lazyload HAa Eha\" style=\"border-width: 1px; border-style: solid; margin: 10px auto; display: block;\" alt=\"\" src=\"data:image\/svg+xml,%3Csvg%20xmlns%3D%27http%3A%2F%2Fwww.w3.org%2F2000%2Fsvg%27%20width%3D%27337%27%20height%3D%27253%27%20viewBox%3D%270%200%20337%20253%27%3E%3Crect%20width%3D%27337%27%20height%3D%27253%27%20fill-opacity%3D%220%22%2F%3E%3C%2Fsvg%3E\" data-orig-src=\"https:\/\/lh5.googleusercontent.com\/-cio517qVWi4\/VJFI2_N_CVI\/AAAAAAAAH3E\/fWu-3bLwvS4\/w448-h336-no\/v7.JPG\" height=\"253\" width=\"337\" \/><\/span><\/span><\/span><\/div>\n<\/td>\n<td>\n<div><span style=\"color: #000000;\"><span style=\"font-family: tahoma,geneva,sans-serif;\"><span style=\"font-size: 12px;\"><img decoding=\"async\" class=\"lazyload HAa Eha\" style=\"border-width: 1px; border-style: solid; margin: 10px auto; display: block;\" alt=\"\" src=\"data:image\/svg+xml,%3Csvg%20xmlns%3D%27http%3A%2F%2Fwww.w3.org%2F2000%2Fsvg%27%20width%3D%27343%27%20height%3D%27257%27%20viewBox%3D%270%200%20343%20257%27%3E%3Crect%20width%3D%27343%27%20height%3D%27257%27%20fill-opacity%3D%220%22%2F%3E%3C%2Fsvg%3E\" data-orig-src=\"https:\/\/lh4.googleusercontent.com\/-li36Ncqbpj8\/VJFI2V1steI\/AAAAAAAAH3A\/L-g3dE9k1AY\/w448-h336-no\/v5.JPG\" height=\"257\" width=\"343\" \/><\/span><\/span><\/span><\/div>\n<\/td>\n<\/tr>\n<tr>\n<td>\n<div><span style=\"color: #000000;\"><span style=\"font-family: tahoma,geneva,sans-serif;\"><span style=\"font-size: 12px;\"><strong>FALEMINDERIT<\/strong><\/span><\/span><\/span><\/div>\n<div> <span style=\"color: #000000;\"><span style=\"font-family: tahoma,geneva,sans-serif;\"><span style=\"font-size: 12px;\">I mora <\/span><\/span><\/span><span style=\"color: #b22222;\"><span style=\"font-family: tahoma,geneva,sans-serif;\"><span style=\"font-size: 12px;\"><strong>F<\/strong><\/span><\/span><\/span><span style=\"color: #000000;\"><span style=\"font-family: tahoma,geneva,sans-serif;\"><span style=\"font-size: 12px;\"> flutur\u00ebs dhe me krah\u00ebt e saj fluturova,<br \/> I mora <\/span><\/span><\/span><span style=\"color: #b22222;\"><span style=\"font-family: tahoma,geneva,sans-serif;\"><span style=\"font-size: 12px;\"><strong>A <\/strong><\/span><\/span><\/span><span style=\"color: #000000;\"><span style=\"font-family: tahoma,geneva,sans-serif;\"><span style=\"font-size: 12px;\">atdheut dhe n\u00eb t\u00eb jetova,<br \/> I mora <\/span><\/span><\/span><span style=\"color: #b22222;\"><span style=\"font-family: tahoma,geneva,sans-serif;\"><span style=\"font-size: 12px;\"><strong>L<\/strong><\/span><\/span><\/span><span style=\"color: #000000;\"><span style=\"font-family: tahoma,geneva,sans-serif;\"><span style=\"font-size: 12px;\"> librave dhe nga ata m\u00ebsova,<br \/> I mora <\/span><\/span><\/span><span style=\"color: #b22222;\"><span style=\"font-family: tahoma,geneva,sans-serif;\"><span style=\"font-size: 12px;\"><strong>E <\/strong><\/span><\/span><\/span><span style=\"color: #000000;\"><span style=\"font-family: tahoma,geneva,sans-serif;\"><span style=\"font-size: 12px;\">er\u00ebs dhe me at\u00eb udh\u00ebtova,<br \/> I mora <\/span><\/span><\/span><span style=\"color: #b22222;\"><span style=\"font-family: tahoma,geneva,sans-serif;\"><span style=\"font-size: 12px;\"><strong>M<\/strong><\/span><\/span><\/span><span style=\"color: #000000;\"><span style=\"font-family: tahoma,geneva,sans-serif;\"><span style=\"font-size: 12px;\"> mir\u00ebsis\u00eb dhe ajo mbeti brenda meje,<br \/> I mora <\/span><\/span><\/span><span style=\"color: #b22222;\"><span style=\"font-family: tahoma,geneva,sans-serif;\"><span style=\"font-size: 12px;\"><strong>I<\/strong><\/span><\/span><\/span><span style=\"color: #000000;\"><span style=\"font-family: tahoma,geneva,sans-serif;\"><span style=\"font-size: 12px;\"> inatit dhe at\u00eb e flaka tutje,<br \/> I mora <\/span><\/span><\/span><span style=\"color: #b22222;\"><span style=\"font-family: tahoma,geneva,sans-serif;\"><span style=\"font-size: 12px;\"><strong>N<\/strong><\/span><\/span><\/span><span style=\"color: #000000;\"><span style=\"font-family: tahoma,geneva,sans-serif;\"><span style=\"font-size: 12px;\"> n\u00ebn\u00ebs dhe nga ajo ngroht\u00ebsi mora,<br \/> I mora <\/span><\/span><\/span><span style=\"color: #b22222;\"><span style=\"font-family: tahoma,geneva,sans-serif;\"><span style=\"font-size: 12px;\"><strong>D<\/strong><\/span><\/span><\/span><span style=\"color: #000000;\"><span style=\"font-family: tahoma,geneva,sans-serif;\"><span style=\"font-size: 12px;\"> dashuris\u00eb dhe n\u00eb zem\u00ebr at\u00eb e gdhenda,<br \/> I mora <\/span><\/span><\/span><span style=\"color: #b22222;\"><span style=\"font-family: tahoma,geneva,sans-serif;\"><span style=\"font-size: 12px;\"><strong>E<\/strong><\/span><\/span><\/span><span style=\"color: #000000;\"><span style=\"font-family: tahoma,geneva,sans-serif;\"><span style=\"font-size: 12px;\"> err\u00ebsir\u00ebs dhe at\u00eb e ktheva n\u00eb drit\u00eb,<br \/> I mora <\/span><\/span><\/span><span style=\"color: #b22222;\"><span style=\"font-family: tahoma,geneva,sans-serif;\"><span style=\"font-size: 12px;\"><strong>R<\/strong><\/span><\/span><\/span><span style=\"color: #000000;\"><span style=\"font-family: tahoma,geneva,sans-serif;\"><span style=\"font-size: 12px;\"> r\u00ebr\u00ebs dhe mbi at\u00eb k\u00ebshtjell\u00eb nd\u00ebrtova,<br \/> I mora <\/span><\/span><\/span><span style=\"color: #b22222;\"><span style=\"font-family: tahoma,geneva,sans-serif;\"><span style=\"font-size: 12px;\"><strong>I<\/strong><\/span><\/span><\/span><span style=\"color: #000000;\"><span style=\"font-family: tahoma,geneva,sans-serif;\"><span style=\"font-size: 12px;\"> Irakut dhe luft\u00ebn e mbarova,<br \/> I mora<\/span><\/span><\/span><span style=\"color: #b22222;\"><span style=\"font-family: tahoma,geneva,sans-serif;\"><span style=\"font-size: 12px;\"><strong>T<\/strong><\/span><\/span><\/span><span style=\"color: #000000;\"><span style=\"font-family: tahoma,geneva,sans-serif;\"><span style=\"font-size: 12px;\"> telefonit dhe Zotit i telefonova.<br \/> Dhe me fjal\u00ebn <\/span><\/span><\/span><span style=\"color: #b22222;\"><span style=\"font-family: tahoma,geneva,sans-serif;\"><span style=\"font-size: 12px;\"><strong>\u201cFALEMINDERIT\u201d<\/strong><\/span><\/span><\/span><span style=\"color: #000000;\"><span style=\"font-family: tahoma,geneva,sans-serif;\"><span style=\"font-size: 12px;\"> q\u00eb formova<br \/> Zotin fal\u00ebnderova.<br \/> Faleminderit p\u00ebr gjith\u00e7ka ke b\u00ebr\u00eb p\u00ebr mua<br \/> Dhe un\u00eb shum\u00eb e m\u00eb shum\u00eb do t\u00eb t\u00eb dua.<\/span><\/span><\/span><\/div>\n<\/td>\n<td>\n<div><span style=\"color: #000000;\"><span style=\"font-family: tahoma,geneva,sans-serif;\"><span style=\"font-size: 12px;\"><img decoding=\"async\" class=\"lazyload HAa Eha\" style=\"border-width: 1px; border-style: solid; margin: 10px auto; display: block;\" alt=\"\" src=\"data:image\/svg+xml,%3Csvg%20xmlns%3D%27http%3A%2F%2Fwww.w3.org%2F2000%2Fsvg%27%20width%3D%27339%27%20height%3D%27254%27%20viewBox%3D%270%200%20339%20254%27%3E%3Crect%20width%3D%27339%27%20height%3D%27254%27%20fill-opacity%3D%220%22%2F%3E%3C%2Fsvg%3E\" data-orig-src=\"https:\/\/lh3.googleusercontent.com\/-TqnOch-IHdY\/VJFI2G6gMlI\/AAAAAAAAH3I\/sv8NOjDrUG8\/w448-h336-no\/v4.JPG\" height=\"254\" width=\"339\" \/><\/span><\/span><\/span><\/div>\n<\/td>\n<\/tr>\n<tr>\n<td>\n<div> <span style=\"color: #000000;\"><span style=\"font-family: tahoma,geneva,sans-serif;\"><span style=\"font-size: 12px;\"><strong>Sofia Bregu<\/strong><\/span><\/span><\/span><\/div>\n<\/td>\n<\/tr>\n<\/tbody>\n<\/table>\n","protected":false},"excerpt":{"rendered":"<p>\u201cS\u2019ka jet\u00eb m\u00eb t\u00eb bukur, se jeta me Zotin\u201d &nbsp;&nbsp;&nbsp; Sezoni i aktiviteteve verore p\u00ebr vajzat e \u00e7eli siparin me kampin e par\u00eb t\u00eb vajzave n\u00eb periudh\u00ebn 1-10 korrik. \u201cS\u2019ka jet\u00eb m\u00eb t\u00eb bukur, se jeta me Zotin\u201d, ishte edhe tema qendrore e k\u00ebtij aktiviteti gjat\u00eb t\u00eb cilit 90 vajza t\u00eb mosh\u00ebs 7-14 vje\u00e7e nga zona t\u00eb ndryshme t\u00eb Shqip\u00ebris\u00eb u mblodh\u00ebn n\u00eb ambientet e<\/p>\n","protected":false},"author":1,"featured_media":0,"comment_status":"open","ping_status":"open","sticky":false,"template":"","format":"standard","meta":{"_acf_changed":false,"pagelayer_contact_templates":[],"_pagelayer_content":"","inline_featured_image":false,"fifu_image_url":"","fifu_image_alt":"","footnotes":""},"categories":[108],"tags":[146,200,196,212,176],"class_list":["post-701","post","type-post","status-publish","format-standard","hentry","category-lajme","tag-146","tag-kampe-verore","tag-tirane","tag-lajme-d27","tag-rinia-orthodhokse"],"acf":[],"yoast_head":"<!-- This site is optimized with the Yoast SEO plugin v27.2 - https:\/\/yoast.com\/product\/yoast-seo-wordpress\/ -->\n<title>Kampi i par\u00eb i vajzave \u201cBariu i mir\u00eb\u201d n\u00eb Sh\u00ebn Joan Vladimir. (2008) - Kisha Orthodh\u03bfkse Autoqefale e Shqip\u00ebris\u00eb<\/title>\n<meta name=\"robots\" content=\"index, follow, max-snippet:-1, max-image-preview:large, max-video-preview:-1\" \/>\n<link rel=\"canonical\" href=\"https:\/\/orthodoxalbania.org\/2020\/2008\/02\/26\/kampi-i-pare-i-vajzave-bariu-i-mire-ne-shen-joan-vladimir-2008\/\" \/>\n<meta property=\"og:locale\" content=\"en_US\" \/>\n<meta property=\"og:type\" content=\"article\" \/>\n<meta property=\"og:title\" content=\"Kampi i par\u00eb i vajzave \u201cBariu i mir\u00eb\u201d n\u00eb Sh\u00ebn Joan Vladimir. (2008) - Kisha Orthodh\u03bfkse Autoqefale e Shqip\u00ebris\u00eb\" \/>\n<meta property=\"og:description\" content=\"\u201cS\u2019ka jet\u00eb m\u00eb t\u00eb bukur, se jeta me Zotin\u201d &nbsp;&nbsp;&nbsp; Sezoni i aktiviteteve verore p\u00ebr vajzat e \u00e7eli siparin me kampin e par\u00eb t\u00eb vajzave n\u00eb periudh\u00ebn 1-10 korrik. \u201cS\u2019ka jet\u00eb m\u00eb t\u00eb bukur, se jeta me Zotin\u201d, ishte edhe tema qendrore e k\u00ebtij aktiviteti gjat\u00eb t\u00eb cilit 90 vajza t\u00eb mosh\u00ebs 7-14 vje\u00e7e nga zona t\u00eb ndryshme t\u00eb Shqip\u00ebris\u00eb u mblodh\u00ebn n\u00eb ambientet e\" \/>\n<meta property=\"og:url\" content=\"https:\/\/orthodoxalbania.org\/2020\/2008\/02\/26\/kampi-i-pare-i-vajzave-bariu-i-mire-ne-shen-joan-vladimir-2008\/\" \/>\n<meta property=\"og:site_name\" content=\"Kisha Orthodh\u03bfkse Autoqefale e Shqip\u00ebris\u00eb\" \/>\n<meta property=\"article:publisher\" content=\"https:\/\/www.facebook.com\/koash1991\" \/>\n<meta property=\"article:published_time\" content=\"2008-02-26T00:00:00+00:00\" \/>\n<meta property=\"article:modified_time\" content=\"2020-04-06T20:35:22+00:00\" \/>\n<meta property=\"og:image\" content=\"https:\/\/lh3.googleusercontent.com\/-ae-ZqKV2ctw\/VJFI2CX42vI\/AAAAAAAAH20\/8qRJuRDcRGk\/w448-h336-no\/v1.JPG\" \/>\n<meta name=\"author\" content=\"Kisha Orthodhokse\" \/>\n<meta name=\"twitter:card\" content=\"summary_large_image\" \/>\n<meta name=\"twitter:label1\" content=\"Written by\" \/>\n\t<meta name=\"twitter:data1\" content=\"Kisha Orthodhokse\" \/>\n\t<meta name=\"twitter:label2\" content=\"Est. reading time\" \/>\n\t<meta name=\"twitter:data2\" content=\"2 minutes\" \/>\n<script type=\"application\/ld+json\" class=\"yoast-schema-graph\">{\"@context\":\"https:\/\/schema.org\",\"@graph\":[{\"@type\":\"Article\",\"@id\":\"https:\/\/orthodoxalbania.org\/2020\/2008\/02\/26\/kampi-i-pare-i-vajzave-bariu-i-mire-ne-shen-joan-vladimir-2008\/#article\",\"isPartOf\":{\"@id\":\"https:\/\/orthodoxalbania.org\/2020\/2008\/02\/26\/kampi-i-pare-i-vajzave-bariu-i-mire-ne-shen-joan-vladimir-2008\/\"},\"author\":{\"name\":\"Kisha Orthodhokse\",\"@id\":\"https:\/\/orthodoxalbania.org\/2020\/#\/schema\/person\/0c387634a7063ac612d7ed9ce71c7e86\"},\"headline\":\"Kampi i par\u00eb i vajzave \u201cBariu i mir\u00eb\u201d n\u00eb Sh\u00ebn Joan Vladimir. (2008)\",\"datePublished\":\"2008-02-26T00:00:00+00:00\",\"dateModified\":\"2020-04-06T20:35:22+00:00\",\"mainEntityOfPage\":{\"@id\":\"https:\/\/orthodoxalbania.org\/2020\/2008\/02\/26\/kampi-i-pare-i-vajzave-bariu-i-mire-ne-shen-joan-vladimir-2008\/\"},\"wordCount\":506,\"commentCount\":0,\"publisher\":{\"@id\":\"https:\/\/orthodoxalbania.org\/2020\/#organization\"},\"image\":{\"@id\":\"https:\/\/orthodoxalbania.org\/2020\/2008\/02\/26\/kampi-i-pare-i-vajzave-bariu-i-mire-ne-shen-joan-vladimir-2008\/#primaryimage\"},\"thumbnailUrl\":\"https:\/\/lh3.googleusercontent.com\/-ae-ZqKV2ctw\/VJFI2CX42vI\/AAAAAAAAH20\/8qRJuRDcRGk\/w448-h336-no\/v1.JPG\",\"keywords\":[\"2008\",\"Kampe verore\",\"Kryepiskopata Tiran\u00eb\",\"lajme\",\"Rinia Orthodhokse\"],\"articleSection\":[\"Lajme\"],\"inLanguage\":\"en-US\"},{\"@type\":\"WebPage\",\"@id\":\"https:\/\/orthodoxalbania.org\/2020\/2008\/02\/26\/kampi-i-pare-i-vajzave-bariu-i-mire-ne-shen-joan-vladimir-2008\/\",\"url\":\"https:\/\/orthodoxalbania.org\/2020\/2008\/02\/26\/kampi-i-pare-i-vajzave-bariu-i-mire-ne-shen-joan-vladimir-2008\/\",\"name\":\"Kampi i par\u00eb i vajzave \u201cBariu i mir\u00eb\u201d n\u00eb Sh\u00ebn Joan Vladimir. (2008) - Kisha Orthodh\u03bfkse Autoqefale e Shqip\u00ebris\u00eb\",\"isPartOf\":{\"@id\":\"https:\/\/orthodoxalbania.org\/2020\/#website\"},\"primaryImageOfPage\":{\"@id\":\"https:\/\/orthodoxalbania.org\/2020\/2008\/02\/26\/kampi-i-pare-i-vajzave-bariu-i-mire-ne-shen-joan-vladimir-2008\/#primaryimage\"},\"image\":{\"@id\":\"https:\/\/orthodoxalbania.org\/2020\/2008\/02\/26\/kampi-i-pare-i-vajzave-bariu-i-mire-ne-shen-joan-vladimir-2008\/#primaryimage\"},\"thumbnailUrl\":\"https:\/\/lh3.googleusercontent.com\/-ae-ZqKV2ctw\/VJFI2CX42vI\/AAAAAAAAH20\/8qRJuRDcRGk\/w448-h336-no\/v1.JPG\",\"datePublished\":\"2008-02-26T00:00:00+00:00\",\"dateModified\":\"2020-04-06T20:35:22+00:00\",\"breadcrumb\":{\"@id\":\"https:\/\/orthodoxalbania.org\/2020\/2008\/02\/26\/kampi-i-pare-i-vajzave-bariu-i-mire-ne-shen-joan-vladimir-2008\/#breadcrumb\"},\"inLanguage\":\"en-US\",\"potentialAction\":[{\"@type\":\"ReadAction\",\"target\":[\"https:\/\/orthodoxalbania.org\/2020\/2008\/02\/26\/kampi-i-pare-i-vajzave-bariu-i-mire-ne-shen-joan-vladimir-2008\/\"]}]},{\"@type\":\"ImageObject\",\"inLanguage\":\"en-US\",\"@id\":\"https:\/\/orthodoxalbania.org\/2020\/2008\/02\/26\/kampi-i-pare-i-vajzave-bariu-i-mire-ne-shen-joan-vladimir-2008\/#primaryimage\",\"url\":\"https:\/\/lh3.googleusercontent.com\/-ae-ZqKV2ctw\/VJFI2CX42vI\/AAAAAAAAH20\/8qRJuRDcRGk\/w448-h336-no\/v1.JPG\",\"contentUrl\":\"https:\/\/lh3.googleusercontent.com\/-ae-ZqKV2ctw\/VJFI2CX42vI\/AAAAAAAAH20\/8qRJuRDcRGk\/w448-h336-no\/v1.JPG\"},{\"@type\":\"BreadcrumbList\",\"@id\":\"https:\/\/orthodoxalbania.org\/2020\/2008\/02\/26\/kampi-i-pare-i-vajzave-bariu-i-mire-ne-shen-joan-vladimir-2008\/#breadcrumb\",\"itemListElement\":[{\"@type\":\"ListItem\",\"position\":1,\"name\":\"Home\",\"item\":\"https:\/\/orthodoxalbania.org\/2020\/\"},{\"@type\":\"ListItem\",\"position\":2,\"name\":\"Kampi i par\u00eb i vajzave \u201cBariu i mir\u00eb\u201d n\u00eb Sh\u00ebn Joan Vladimir. (2008)\"}]},{\"@type\":\"WebSite\",\"@id\":\"https:\/\/orthodoxalbania.org\/2020\/#website\",\"url\":\"https:\/\/orthodoxalbania.org\/2020\/\",\"name\":\"Kisha Orthodh\u03bfkse Autoqefale e Shqip\u00ebris\u00eb\",\"description\":\"Fqja Zyrtare e Kish\u00ebs Orthodhokse Autoqefale e Shqip\u00ebris\u00eb me lajmet edhe informacionet zyrtare p\u00ebr struktur\u00ebn edhe veprimtarin e saj.\",\"publisher\":{\"@id\":\"https:\/\/orthodoxalbania.org\/2020\/#organization\"},\"potentialAction\":[{\"@type\":\"SearchAction\",\"target\":{\"@type\":\"EntryPoint\",\"urlTemplate\":\"https:\/\/orthodoxalbania.org\/2020\/?s={search_term_string}\"},\"query-input\":{\"@type\":\"PropertyValueSpecification\",\"valueRequired\":true,\"valueName\":\"search_term_string\"}}],\"inLanguage\":\"en-US\"},{\"@type\":\"Organization\",\"@id\":\"https:\/\/orthodoxalbania.org\/2020\/#organization\",\"name\":\"Kisha Orthodhokse Autoqefale e Shqip\u00ebris\u00eb\",\"url\":\"https:\/\/orthodoxalbania.org\/2020\/\",\"logo\":{\"@type\":\"ImageObject\",\"inLanguage\":\"en-US\",\"@id\":\"https:\/\/orthodoxalbania.org\/2020\/#\/schema\/logo\/image\/\",\"url\":\"https:\/\/orthodoxalbania.org\/2020\/wp-content\/uploads\/2020\/05\/albania.jpeg\",\"contentUrl\":\"https:\/\/orthodoxalbania.org\/2020\/wp-content\/uploads\/2020\/05\/albania.jpeg\",\"width\":540,\"height\":540,\"caption\":\"Kisha Orthodhokse Autoqefale e Shqip\u00ebris\u00eb\"},\"image\":{\"@id\":\"https:\/\/orthodoxalbania.org\/2020\/#\/schema\/logo\/image\/\"},\"sameAs\":[\"https:\/\/www.facebook.com\/koash1991\"]},{\"@type\":\"Person\",\"@id\":\"https:\/\/orthodoxalbania.org\/2020\/#\/schema\/person\/0c387634a7063ac612d7ed9ce71c7e86\",\"name\":\"Kisha Orthodhokse\",\"image\":{\"@type\":\"ImageObject\",\"inLanguage\":\"en-US\",\"@id\":\"https:\/\/secure.gravatar.com\/avatar\/596e7c417251e30f2fbb9c00e026fce61a695a00e51c889caded71c96cbbdde5?s=96&d=mm&r=g\",\"url\":\"https:\/\/secure.gravatar.com\/avatar\/596e7c417251e30f2fbb9c00e026fce61a695a00e51c889caded71c96cbbdde5?s=96&d=mm&r=g\",\"contentUrl\":\"https:\/\/secure.gravatar.com\/avatar\/596e7c417251e30f2fbb9c00e026fce61a695a00e51c889caded71c96cbbdde5?s=96&d=mm&r=g\",\"caption\":\"Kisha Orthodhokse\"}}]}<\/script>\n<!-- \/ Yoast SEO plugin. -->","yoast_head_json":{"title":"Kampi i par\u00eb i vajzave \u201cBariu i mir\u00eb\u201d n\u00eb Sh\u00ebn Joan Vladimir. (2008) - Kisha Orthodh\u03bfkse Autoqefale e Shqip\u00ebris\u00eb","robots":{"index":"index","follow":"follow","max-snippet":"max-snippet:-1","max-image-preview":"max-image-preview:large","max-video-preview":"max-video-preview:-1"},"canonical":"https:\/\/orthodoxalbania.org\/2020\/2008\/02\/26\/kampi-i-pare-i-vajzave-bariu-i-mire-ne-shen-joan-vladimir-2008\/","og_locale":"en_US","og_type":"article","og_title":"Kampi i par\u00eb i vajzave \u201cBariu i mir\u00eb\u201d n\u00eb Sh\u00ebn Joan Vladimir. (2008) - Kisha Orthodh\u03bfkse Autoqefale e Shqip\u00ebris\u00eb","og_description":"\u201cS\u2019ka jet\u00eb m\u00eb t\u00eb bukur, se jeta me Zotin\u201d &nbsp;&nbsp;&nbsp; Sezoni i aktiviteteve verore p\u00ebr vajzat e \u00e7eli siparin me kampin e par\u00eb t\u00eb vajzave n\u00eb periudh\u00ebn 1-10 korrik. \u201cS\u2019ka jet\u00eb m\u00eb t\u00eb bukur, se jeta me Zotin\u201d, ishte edhe tema qendrore e k\u00ebtij aktiviteti gjat\u00eb t\u00eb cilit 90 vajza t\u00eb mosh\u00ebs 7-14 vje\u00e7e nga zona t\u00eb ndryshme t\u00eb Shqip\u00ebris\u00eb u mblodh\u00ebn n\u00eb ambientet e","og_url":"https:\/\/orthodoxalbania.org\/2020\/2008\/02\/26\/kampi-i-pare-i-vajzave-bariu-i-mire-ne-shen-joan-vladimir-2008\/","og_site_name":"Kisha Orthodh\u03bfkse Autoqefale e Shqip\u00ebris\u00eb","article_publisher":"https:\/\/www.facebook.com\/koash1991","article_published_time":"2008-02-26T00:00:00+00:00","article_modified_time":"2020-04-06T20:35:22+00:00","og_image":[{"url":"https:\/\/lh3.googleusercontent.com\/-ae-ZqKV2ctw\/VJFI2CX42vI\/AAAAAAAAH20\/8qRJuRDcRGk\/w448-h336-no\/v1.JPG","type":"","width":"","height":""}],"author":"Kisha Orthodhokse","twitter_card":"summary_large_image","twitter_misc":{"Written by":"Kisha Orthodhokse","Est. reading time":"2 minutes"},"schema":{"@context":"https:\/\/schema.org","@graph":[{"@type":"Article","@id":"https:\/\/orthodoxalbania.org\/2020\/2008\/02\/26\/kampi-i-pare-i-vajzave-bariu-i-mire-ne-shen-joan-vladimir-2008\/#article","isPartOf":{"@id":"https:\/\/orthodoxalbania.org\/2020\/2008\/02\/26\/kampi-i-pare-i-vajzave-bariu-i-mire-ne-shen-joan-vladimir-2008\/"},"author":{"name":"Kisha Orthodhokse","@id":"https:\/\/orthodoxalbania.org\/2020\/#\/schema\/person\/0c387634a7063ac612d7ed9ce71c7e86"},"headline":"Kampi i par\u00eb i vajzave \u201cBariu i mir\u00eb\u201d n\u00eb Sh\u00ebn Joan Vladimir. (2008)","datePublished":"2008-02-26T00:00:00+00:00","dateModified":"2020-04-06T20:35:22+00:00","mainEntityOfPage":{"@id":"https:\/\/orthodoxalbania.org\/2020\/2008\/02\/26\/kampi-i-pare-i-vajzave-bariu-i-mire-ne-shen-joan-vladimir-2008\/"},"wordCount":506,"commentCount":0,"publisher":{"@id":"https:\/\/orthodoxalbania.org\/2020\/#organization"},"image":{"@id":"https:\/\/orthodoxalbania.org\/2020\/2008\/02\/26\/kampi-i-pare-i-vajzave-bariu-i-mire-ne-shen-joan-vladimir-2008\/#primaryimage"},"thumbnailUrl":"https:\/\/lh3.googleusercontent.com\/-ae-ZqKV2ctw\/VJFI2CX42vI\/AAAAAAAAH20\/8qRJuRDcRGk\/w448-h336-no\/v1.JPG","keywords":["2008","Kampe verore","Kryepiskopata Tiran\u00eb","lajme","Rinia Orthodhokse"],"articleSection":["Lajme"],"inLanguage":"en-US"},{"@type":"WebPage","@id":"https:\/\/orthodoxalbania.org\/2020\/2008\/02\/26\/kampi-i-pare-i-vajzave-bariu-i-mire-ne-shen-joan-vladimir-2008\/","url":"https:\/\/orthodoxalbania.org\/2020\/2008\/02\/26\/kampi-i-pare-i-vajzave-bariu-i-mire-ne-shen-joan-vladimir-2008\/","name":"Kampi i par\u00eb i vajzave \u201cBariu i mir\u00eb\u201d n\u00eb Sh\u00ebn Joan Vladimir. (2008) - Kisha Orthodh\u03bfkse Autoqefale e Shqip\u00ebris\u00eb","isPartOf":{"@id":"https:\/\/orthodoxalbania.org\/2020\/#website"},"primaryImageOfPage":{"@id":"https:\/\/orthodoxalbania.org\/2020\/2008\/02\/26\/kampi-i-pare-i-vajzave-bariu-i-mire-ne-shen-joan-vladimir-2008\/#primaryimage"},"image":{"@id":"https:\/\/orthodoxalbania.org\/2020\/2008\/02\/26\/kampi-i-pare-i-vajzave-bariu-i-mire-ne-shen-joan-vladimir-2008\/#primaryimage"},"thumbnailUrl":"https:\/\/lh3.googleusercontent.com\/-ae-ZqKV2ctw\/VJFI2CX42vI\/AAAAAAAAH20\/8qRJuRDcRGk\/w448-h336-no\/v1.JPG","datePublished":"2008-02-26T00:00:00+00:00","dateModified":"2020-04-06T20:35:22+00:00","breadcrumb":{"@id":"https:\/\/orthodoxalbania.org\/2020\/2008\/02\/26\/kampi-i-pare-i-vajzave-bariu-i-mire-ne-shen-joan-vladimir-2008\/#breadcrumb"},"inLanguage":"en-US","potentialAction":[{"@type":"ReadAction","target":["https:\/\/orthodoxalbania.org\/2020\/2008\/02\/26\/kampi-i-pare-i-vajzave-bariu-i-mire-ne-shen-joan-vladimir-2008\/"]}]},{"@type":"ImageObject","inLanguage":"en-US","@id":"https:\/\/orthodoxalbania.org\/2020\/2008\/02\/26\/kampi-i-pare-i-vajzave-bariu-i-mire-ne-shen-joan-vladimir-2008\/#primaryimage","url":"https:\/\/lh3.googleusercontent.com\/-ae-ZqKV2ctw\/VJFI2CX42vI\/AAAAAAAAH20\/8qRJuRDcRGk\/w448-h336-no\/v1.JPG","contentUrl":"https:\/\/lh3.googleusercontent.com\/-ae-ZqKV2ctw\/VJFI2CX42vI\/AAAAAAAAH20\/8qRJuRDcRGk\/w448-h336-no\/v1.JPG"},{"@type":"BreadcrumbList","@id":"https:\/\/orthodoxalbania.org\/2020\/2008\/02\/26\/kampi-i-pare-i-vajzave-bariu-i-mire-ne-shen-joan-vladimir-2008\/#breadcrumb","itemListElement":[{"@type":"ListItem","position":1,"name":"Home","item":"https:\/\/orthodoxalbania.org\/2020\/"},{"@type":"ListItem","position":2,"name":"Kampi i par\u00eb i vajzave \u201cBariu i mir\u00eb\u201d n\u00eb Sh\u00ebn Joan Vladimir. (2008)"}]},{"@type":"WebSite","@id":"https:\/\/orthodoxalbania.org\/2020\/#website","url":"https:\/\/orthodoxalbania.org\/2020\/","name":"Kisha Orthodh\u03bfkse Autoqefale e Shqip\u00ebris\u00eb","description":"Fqja Zyrtare e Kish\u00ebs Orthodhokse Autoqefale e Shqip\u00ebris\u00eb me lajmet edhe informacionet zyrtare p\u00ebr struktur\u00ebn edhe veprimtarin e saj.","publisher":{"@id":"https:\/\/orthodoxalbania.org\/2020\/#organization"},"potentialAction":[{"@type":"SearchAction","target":{"@type":"EntryPoint","urlTemplate":"https:\/\/orthodoxalbania.org\/2020\/?s={search_term_string}"},"query-input":{"@type":"PropertyValueSpecification","valueRequired":true,"valueName":"search_term_string"}}],"inLanguage":"en-US"},{"@type":"Organization","@id":"https:\/\/orthodoxalbania.org\/2020\/#organization","name":"Kisha Orthodhokse Autoqefale e Shqip\u00ebris\u00eb","url":"https:\/\/orthodoxalbania.org\/2020\/","logo":{"@type":"ImageObject","inLanguage":"en-US","@id":"https:\/\/orthodoxalbania.org\/2020\/#\/schema\/logo\/image\/","url":"https:\/\/orthodoxalbania.org\/2020\/wp-content\/uploads\/2020\/05\/albania.jpeg","contentUrl":"https:\/\/orthodoxalbania.org\/2020\/wp-content\/uploads\/2020\/05\/albania.jpeg","width":540,"height":540,"caption":"Kisha Orthodhokse Autoqefale e Shqip\u00ebris\u00eb"},"image":{"@id":"https:\/\/orthodoxalbania.org\/2020\/#\/schema\/logo\/image\/"},"sameAs":["https:\/\/www.facebook.com\/koash1991"]},{"@type":"Person","@id":"https:\/\/orthodoxalbania.org\/2020\/#\/schema\/person\/0c387634a7063ac612d7ed9ce71c7e86","name":"Kisha Orthodhokse","image":{"@type":"ImageObject","inLanguage":"en-US","@id":"https:\/\/secure.gravatar.com\/avatar\/596e7c417251e30f2fbb9c00e026fce61a695a00e51c889caded71c96cbbdde5?s=96&d=mm&r=g","url":"https:\/\/secure.gravatar.com\/avatar\/596e7c417251e30f2fbb9c00e026fce61a695a00e51c889caded71c96cbbdde5?s=96&d=mm&r=g","contentUrl":"https:\/\/secure.gravatar.com\/avatar\/596e7c417251e30f2fbb9c00e026fce61a695a00e51c889caded71c96cbbdde5?s=96&d=mm&r=g","caption":"Kisha Orthodhokse"}}]}},"_links":{"self":[{"href":"https:\/\/orthodoxalbania.org\/2020\/wp-json\/wp\/v2\/posts\/701","targetHints":{"allow":["GET"]}}],"collection":[{"href":"https:\/\/orthodoxalbania.org\/2020\/wp-json\/wp\/v2\/posts"}],"about":[{"href":"https:\/\/orthodoxalbania.org\/2020\/wp-json\/wp\/v2\/types\/post"}],"author":[{"embeddable":true,"href":"https:\/\/orthodoxalbania.org\/2020\/wp-json\/wp\/v2\/users\/1"}],"replies":[{"embeddable":true,"href":"https:\/\/orthodoxalbania.org\/2020\/wp-json\/wp\/v2\/comments?post=701"}],"version-history":[{"count":1,"href":"https:\/\/orthodoxalbania.org\/2020\/wp-json\/wp\/v2\/posts\/701\/revisions"}],"predecessor-version":[{"id":15663,"href":"https:\/\/orthodoxalbania.org\/2020\/wp-json\/wp\/v2\/posts\/701\/revisions\/15663"}],"wp:attachment":[{"href":"https:\/\/orthodoxalbania.org\/2020\/wp-json\/wp\/v2\/media?parent=701"}],"wp:term":[{"taxonomy":"category","embeddable":true,"href":"https:\/\/orthodoxalbania.org\/2020\/wp-json\/wp\/v2\/categories?post=701"},{"taxonomy":"post_tag","embeddable":true,"href":"https:\/\/orthodoxalbania.org\/2020\/wp-json\/wp\/v2\/tags?post=701"}],"curies":[{"name":"wp","href":"https:\/\/api.w.org\/{rel}","templated":true}]}}