{"id":700,"date":"2006-02-26T00:00:00","date_gmt":"2006-02-26T00:00:00","guid":{"rendered":""},"modified":"2020-04-06T22:36:02","modified_gmt":"2020-04-06T20:36:02","slug":"kampi-i-pare-i-vajzave-bariu-i-mire-ne-shen-joan-vladimir-korrik-06","status":"publish","type":"post","link":"https:\/\/orthodoxalbania.org\/2020\/2006\/02\/26\/kampi-i-pare-i-vajzave-bariu-i-mire-ne-shen-joan-vladimir-korrik-06\/","title":{"rendered":"Kampi i Par\u00eb i vajzave &#8220;Bariu i Mir\u00eb&#8221; n\u00eb Sh\u00ebn Joan Vladimir (10 -19 Korrik 2006)"},"content":{"rendered":"<div style=\"text-align: justify;\"><span style=\"color: #000000;\"><span style=\"font-family: tahoma,geneva,sans-serif;\"><span style=\"font-size: 12px;\"><img decoding=\"async\" class=\"lazyload HAa Eha\" style=\"height: 188px; width: 250px; border-width: 1px; border-style: solid; margin: 10px; float: left;\" alt=\"\" src=\"data:image\/gif;base64,R0lGODlhAQABAAAAACH5BAEKAAEALAAAAAABAAEAAAICTAEAOw==\" data-orig-src=\"https:\/\/lh6.googleusercontent.com\/-t70Op_2PLmc\/VIfy9Ba61tI\/AAAAAAAAFjA\/EkEHaEUSvLs\/w350-h263-no\/untitled1.jpg\" \/>&nbsp; &nbsp;&nbsp; \u201cLavdi Per\u00ebndis\u00eb n\u00eb m\u00eb t\u00eb lartat\u201d, psal\u00ebn engj\u00ebjt, por me t\u00eb v\u00ebrtet\u00eb kjo ishte gjithashtu thirrja e vajzave n\u00eb kampin p\u00ebr gjith\u00e7ka t\u00eb bukur q\u00eb kaluan s\u00eb bashku.<br \/> <\/span><\/span><\/span><\/div>\n<div style=\"text-align: justify;\">&nbsp;<\/div>\n<div style=\"text-align: justify;\"><span style=\"color: #000000;\"><span style=\"font-family: tahoma,geneva,sans-serif;\"><span style=\"font-size: 12px;\">&nbsp;&nbsp;&nbsp; Edhe k\u00ebt\u00eb ver\u00eb si \u00e7do ver\u00eb tjet\u00ebr n\u00eb manastirin e bukur t\u00eb Sh\u00ebn Joan Vladimirit, n\u00eb Elbasan, filluan kampet verore t\u00eb vajzave. Kampi i par\u00eb u zhvillua n\u00eb datat 10.7.2006 \u2013 19.7.2006 dhe p\u00ebrfshinte vajza nga mosha 11-13 vje\u00e7e. Drejtuesit shpirt\u00ebror\u00eb n\u00eb k\u00ebt\u00eb kamp ishin at Gjerasim \u00c7akalli, znj. Lynette Hoppe, z. Nathan Hoppe. Koordinatore e p\u00ebrgjithshme e kampeve znj. Ana Baba dhe drejtueset e kampit t\u00eb par\u00eb ishin znj. Mikea Marku, znj. Gabriela Bezhani dhe znj. Ana K\u00ebr\u00e7yku.<br \/> <\/span><\/span><\/span><\/div>\n<div style=\"text-align: justify;\">&nbsp;<\/div>\n<div style=\"text-align: justify;\"><span style=\"color: #000000;\"><span style=\"font-family: tahoma,geneva,sans-serif;\"><span style=\"font-size: 12px;\">&nbsp;&nbsp;&nbsp; Kampi p\u00ebrb\u00ebhej nga 85 kampiste dhe nga 15 kryetare grupesh. Tema e sivjetshme e kampeve t\u00eb vajzave ishte: \u201cMos u mund nga e keqja por munde t\u00eb keqen me t\u00eb mir\u00eb\u201d (Rom 12: 21).&nbsp; N\u00ebntemat e k\u00ebtij kampi u mor\u00ebn po nga kjo let\u00ebr dhe pik\u00ebrisht nga kapitulli 12 i k\u00ebsaj letre e cila thot\u00eb:<br \/> <\/span><\/span><\/span><\/div>\n<div style=\"text-align: justify;\">&nbsp;<\/div>\n<div style=\"text-align: justify;\"><span style=\"color: #000000;\"><span style=\"font-family: tahoma,geneva,sans-serif;\"><span style=\"font-size: 12px;\">&nbsp;&nbsp;&nbsp; \u201cDashuria t\u00eb mos jet\u00eb me hipokrizi: urreni te keqen dhe ngjituni pas s\u00eb mir\u00ebs. Duani nj\u00ebri &#8211; tjetrin me dashuri v\u00ebllaz\u00ebrore: n\u00eb nderim tregoni kujdes nj\u00ebri me tjetrin. Mos u tregoni t\u00eb p\u00ebrtuar n\u00eb zell; jini t\u00eb zjarrt\u00eb n\u00eb frym\u00eb, sh\u00ebrbejini Per\u00ebndis\u00eb t\u00eb g\u00ebzuar n\u00eb shpres\u00eb, t\u00eb q\u00ebndruesh\u00ebm n\u00eb shtr\u00ebngime, k\u00ebmb\u00ebngul\u00ebs n\u00eb lutje; ndihmoni p\u00ebr nevojat e shenjtor\u00ebve, jini mikprit\u00ebs. Bekoni ata q\u00eb ju p\u00ebrndjekin, bekoni dhe mos mallkoni.<br \/> <\/span><\/span><\/span><\/div>\n<div style=\"text-align: justify;\">&nbsp;<\/div>\n<div style=\"text-align: justify;\">&nbsp;<\/div>\n<div style=\"text-align: justify;\"><span style=\"color: #000000;\"><span style=\"font-family: tahoma,geneva,sans-serif;\"><span style=\"font-size: 12px;\"><img decoding=\"async\" class=\"lazyload HAa Eha\" style=\"height: 188px; width: 250px; border-width: 1px; border-style: solid; margin: 10px; float: left;\" alt=\"\" src=\"data:image\/gif;base64,R0lGODlhAQABAAAAACH5BAEKAAEALAAAAAABAAEAAAICTAEAOw==\" data-orig-src=\"https:\/\/lh4.googleusercontent.com\/-2RuZdm1PJyA\/VIfy89r1SvI\/AAAAAAAAFkE\/01Yr4OrIpJ0\/w350-h263-no\/untitled2.jpg\" \/><\/span><\/span><\/span><\/div>\n<div style=\"text-align: justify;\">&nbsp;<\/div>\n<div style=\"text-align: justify;\"><span style=\"color: #000000;\"><span style=\"font-family: tahoma,geneva,sans-serif;\"><span style=\"font-size: 12px;\">&nbsp;&nbsp;&nbsp; G\u00ebzohuni me ata q\u00eb g\u00ebzohen, dhe qani me ata q\u00eb qajn\u00eb. Kini t\u00eb nj\u00ebjtat mendime nj\u00ebri me tjetrin; mos lakmoni p\u00ebr lart, por rrini me t\u00eb p\u00ebrunjurit; mos e mbani veten p\u00ebr t\u00eb men\u00e7ur. Mos ia ktheni k\u00ebrkujt t\u00eb keqen me t\u00eb keqe, k\u00ebrkoni t\u00eb b\u00ebni t\u00eb mir\u00ebn p\u00ebrpara gjith\u00eb njer\u00ebzve. Po t\u00eb jet\u00eb e munduar dhe aq sa varet nga ju, jetoni n\u00eb paqe me t\u00eb gjith\u00eb njer\u00ebzit. Mos u hakmerrni p\u00ebr veten tuaj, o t\u00eb dashur, por i jepni vend zem\u00ebrimit t\u00eb Per\u00ebndis\u00eb, sepse \u00ebsht\u00eb shkruar: \u201cMua m\u00eb p\u00ebrket hakmarrja, un\u00eb kam p\u00ebr t\u00eb shpaguar,- thot\u00eb Zoti\u201d. \u201cN\u00eb qoft\u00eb se armiku yt, pra, ka uri, jepi t\u00eb haj\u00eb; n\u00eb past\u00eb etje, jepi t\u00eb pij\u00eb; sepse duke b\u00ebr\u00eb k\u00ebt\u00eb, do t\u00eb grumbullosh mbi krye t\u00eb tij th\u00ebngjij t\u00eb ndezur\u201d. Mos u mund nga e keqja, por munde t\u00eb keqen me t\u00eb mir\u00eb. (Romak\u00ebt 12: 9-21)<br \/> <\/span><\/span><\/span><\/div>\n<div style=\"text-align: justify;\">&nbsp;<\/div>\n<div style=\"text-align: justify;\"><span style=\"color: #000000;\"><span style=\"font-family: tahoma,geneva,sans-serif;\"><span style=\"font-size: 12px;\">&nbsp;&nbsp;&nbsp; Disa nga vargjet e himnit q\u00eb lidheshin me tem\u00ebn ishin:<br \/> <\/span><\/span><\/span><\/div>\n<div style=\"text-align: justify;\">&nbsp;<\/div>\n<div style=\"text-align: justify;\"><span style=\"color: #000000;\"><span style=\"font-family: tahoma,geneva,sans-serif;\"><span style=\"font-size: 12px;\">&nbsp;&nbsp;&nbsp; Mir\u00eb gjithmon\u00eb, mir\u00eb gjithkujt, kjo \u00ebsht\u00eb thirrja jon\u00eb. Keq kurr\u00eb, kurr\u00eb askujt \u00ebsht\u00eb mesazhi yn\u00eb. Zoti k\u00ebshtu thot\u00eb: nga e keqja mos u mund, munde t\u00eb keqen me t\u00eb mir\u00eb, sado t\u00eb jet\u00eb v\u00ebshtir\u00eb. Programi i kampit ishte mjaft i larmish\u00ebm. Ai fillonte me lutjen e m\u00ebngjesit, koh\u00ebn e qet\u00eb, m\u00ebngjesin, duke vazhduar me pastrimin rreth kampit, pun\u00ebn e dor\u00ebs, drek\u00ebn, koh\u00ebn e pushimit, lojrat t\u00eb ndryshme, referatin e dit\u00ebs i lidhur me tem\u00ebn e kampit, koh\u00ebn e mbr\u00ebmjes dhe p\u00ebrgatijen p\u00ebr dark\u00eb, dark\u00ebn dhe programin e mbr\u00ebmjes e mbushur me k\u00ebng\u00eb, ske\u00e7e, poezi dhe pasdark\u00ebn. Ky ishte programi i nj\u00eb dite t\u00eb zakonshme, por nuk ishin t\u00eb pakta dit\u00ebt n\u00eb kamp kur kishte aktivitete t\u00eb ve\u00e7anta si p.sh. lojrat olimpike, darka e ve\u00e7ant\u00eb, ekskursioni n\u00eb Drilon, ecjet ne mal, kampionati i volejbollit etj. Gjat\u00eb dit\u00ebve t\u00eb k\u00ebtij kampi pati edhe referate n\u00eb lidhje me tem\u00ebn e p\u00ebrgjithshme. Fol\u00ebsit u bazuan tek pasazhi biblik q\u00eb lidhej me tem\u00ebn duke folur p\u00ebr problematik\u00ebn e shoq\u00ebris\u00eb son\u00eb dhe ndikimin e Kish\u00ebs n\u00eb zgjidhjen e tyre. Fol\u00ebsat e k\u00ebtij kampi ishin Episkopi i Diqez\u00ebs s\u00eb Beratit Imzot Ignati, At Justini, At Andoni, Hierodhjakon Asti, dhe Nathan Hoppe. &nbsp;<br \/> <\/span><\/span><\/span><\/div>\n<div style=\"text-align: justify;\">&nbsp;<\/div>\n<div style=\"text-align: justify;\"><span style=\"color: #000000;\"><span style=\"font-family: tahoma,geneva,sans-serif;\"><span style=\"font-size: 12px;\"><img decoding=\"async\" class=\"lazyload HAa Eha\" style=\"height: 168px; width: 250px; border-width: 1px; border-style: solid; margin: 10px; float: left;\" alt=\"\" src=\"data:image\/gif;base64,R0lGODlhAQABAAAAACH5BAEKAAEALAAAAAABAAEAAAICTAEAOw==\" data-orig-src=\"https:\/\/lh4.googleusercontent.com\/-ns8DqYfw_wE\/VIfy9x96lDI\/AAAAAAAAFjQ\/3a8NaltefBA\/w350-h235-no\/untitled3.jpg\" \/>&nbsp;&nbsp;&nbsp; Ashtu si \u00e7do kamp edhe sivjet 11 vajza u b\u00ebn\u00eb an\u00ebtare t\u00eb Kish\u00ebs Orthodhokse, duke e marr\u00eb pag\u00ebzimin e tyre n\u00eb kish\u00ebn e Sh\u00ebn Joan Vladimirit. \u00c7do dit\u00eb, jehona e k\u00ebng\u00ebve t\u00eb ndryshme t\u00eb krishtera mbushte kampin. Z\u00ebrat e g\u00ebzuesh\u00ebm t\u00eb shtonin g\u00ebzimin e mrekullis\u00eb s\u00eb liris\u00eb s\u00eb besimit. Fal\u00ebnderime te ve\u00e7anta i drejtohen Per\u00ebndis\u00eb p\u00ebr mund\u00ebsin\u00eb e t\u00eb paturit aktivitete t\u00eb ndryshme dhe p\u00ebr bekimet e shumta p\u00ebrgjat\u00eb tyre si edhe Kryepiskopit Anastas q\u00eb vazhdimisht \u00ebsht\u00eb i gatsh\u00ebm p\u00ebr t\u00eb zhvilluar aktivitete dhe programe t\u00eb ndryshme me t\u00eb rinjt\u00eb, duke i inkurajuar shum\u00eb njer\u00ebzit q\u00eb punojn\u00eb n\u00eb k\u00ebt\u00eb drejtim dhe duke b\u00ebr\u00eb p\u00ebrpjekje t\u00eb vazhdueshme p\u00ebr t\u00eb siguruar mb\u00ebshtetjen financiare p\u00ebr k\u00ebto aktivitete. Fal\u00ebnderimi shkon edhe drejt atyre njer\u00ebzve q\u00eb kan\u00eb punuar pa u lodhur n\u00eb m\u00ebnyr\u00eb q\u00eb kampet t\u00eb ishin t\u00eb suksesshme, duke futur k\u00ebtu p\u00ebrpjekjet fizike dhe mendore si edhe lutjet e t\u00eb gjith\u00ebve. Ajo q\u00eb i b\u00ebn t\u00eb bukura dit\u00ebt e kampit \u00ebsht\u00eb larmia dhe dashuria e krishter\u00eb midis vajzave.<\/span><\/span><\/span><\/div>\n<div style=\"text-align: center;\">&nbsp;<\/div>\n<div style=\"text-align: center;\">\n<p> <span style=\"color: #b22222;\"><strong><span style=\"font-family: tahoma,geneva,sans-serif;\"><span style=\"font-size: 12px;\">LAVDI PER\u00cbNDISE N\u00cb M\u00cb T\u00cb LARTAT, DHE MBI DHEN\u00cb PAQE DHE MBI NJER\u00cbZIT MIR\u00cbDASHJE.<\/p>\n<p> <\/span><\/span><\/strong><\/span><\/div>\n<div style=\"text-align: justify;\">&nbsp;<\/div>\n<div style=\"text-align: right;\"><span style=\"color: #000000;\"><span style=\"font-family: tahoma,geneva,sans-serif;\"><span style=\"font-size: 12px;\"><strong>Ana K\u00ebr\u00e7yku<\/strong><\/span><\/span><\/span><\/div>\n<div style=\"text-align: justify;\">&nbsp;<\/div>\n<div style=\"text-align: justify;\">&nbsp;<\/div>\n<div style=\"text-align: center;\">&nbsp;<\/div>\n<div style=\"text-align: center;\"><span style=\"color: #000000;\"><span style=\"font-family: tahoma,geneva,sans-serif;\"><span style=\"font-size: 12px;\"><img decoding=\"async\" class=\"lazyload HAa Eha\" style=\"height: 263px; width: 350px; border-width: 1px; border-style: solid; margin: 10px;\" alt=\"\" src=\"data:image\/gif;base64,R0lGODlhAQABAAAAACH5BAEKAAEALAAAAAABAAEAAAICTAEAOw==\" data-orig-src=\"https:\/\/lh3.googleusercontent.com\/-OFskccyX5fQ\/VIfy-Rv2Q0I\/AAAAAAAAFj8\/7v4s6_Tjl2w\/w350-h263-no\/untitled4.jpg\" \/><\/span><\/span><\/span><\/div>\n<div style=\"text-align: center;\"><span style=\"color: #000000;\"><span style=\"font-family: tahoma,geneva,sans-serif;\"><span style=\"font-size: 12px;\"><img decoding=\"async\" class=\"lazyload HAa Eha\" style=\"height: 263px; width: 350px; border-width: 1px; border-style: solid; margin: 10px;\" alt=\"\" src=\"data:image\/gif;base64,R0lGODlhAQABAAAAACH5BAEKAAEALAAAAAABAAEAAAICTAEAOw==\" data-orig-src=\"https:\/\/lh6.googleusercontent.com\/-DO7aOUGcN5Q\/VIfy_Wfls-I\/AAAAAAAAFjw\/s1xKFgzRXtA\/w350-h263-no\/untitled5.jpg\" \/><\/span><\/span><\/span><\/div>\n<div style=\"text-align: center;\">&nbsp;<\/div>\n<div style=\"text-align: center;\"><span style=\"color: #000000;\"><span style=\"font-family: tahoma,geneva,sans-serif;\"><span style=\"font-size: 12px;\"><img decoding=\"async\" class=\"lazyload HAa Eha\" style=\"height: 263px; width: 350px; border-width: 1px; border-style: solid; margin: 10px;\" alt=\"\" src=\"data:image\/gif;base64,R0lGODlhAQABAAAAACH5BAEKAAEALAAAAAABAAEAAAICTAEAOw==\" data-orig-src=\"https:\/\/lh5.googleusercontent.com\/-qEXdq5XSk2M\/VIfy_7AiwLI\/AAAAAAAAFj4\/dHfFqPcBVAE\/w350-h263-no\/untitled6.jpg\" \/><\/span><\/span><\/span><\/div>\n<div style=\"text-align: center;\"><span style=\"color: #000000;\"><span style=\"font-family: tahoma,geneva,sans-serif;\"><span style=\"font-size: 12px;\"><img decoding=\"async\" class=\"lazyload HAa Eha\" style=\"height: 263px; width: 350px; border-width: 1px; border-style: solid; margin: 10px;\" alt=\"\" src=\"data:image\/gif;base64,R0lGODlhAQABAAAAACH5BAEKAAEALAAAAAABAAEAAAICTAEAOw==\" data-orig-src=\"https:\/\/lh6.googleusercontent.com\/-s6tUmKlfomg\/VIfy86sCcMI\/AAAAAAAAFjM\/NjMkhup3OlA\/w448-h336-no\/jkju.jpg\" \/><\/span><\/span><\/span><\/div>\n<div style=\"text-align: center;\"><span style=\"color: #000000;\"><span style=\"font-family: tahoma,geneva,sans-serif;\"><span style=\"font-size: 12px;\"><img decoding=\"async\" class=\"lazyload HAa Eha\" style=\"height: 233px; width: 350px; border-width: 1px; border-style: solid; margin: 10px;\" alt=\"\" src=\"data:image\/gif;base64,R0lGODlhAQABAAAAACH5BAEKAAEALAAAAAABAAEAAAICTAEAOw==\" data-orig-src=\"https:\/\/lh5.googleusercontent.com\/-ZvQJXvOIQp4\/VIfy9gEjC_I\/AAAAAAAAFkI\/AQoxVBxOKfg\/w600-h399-no\/untitled2vbhhb.jpg\" \/><\/span><\/span><\/span><\/div>\n<div style=\"text-align: center;\"><span style=\"color: #000000;\"><span style=\"font-family: tahoma,geneva,sans-serif;\"><span style=\"font-size: 12px;\"><img decoding=\"async\" class=\"lazyload HAa Eha\" style=\"height: 263px; width: 350px; border-width: 1px; border-style: solid; margin: 10px;\" alt=\"\" src=\"data:image\/gif;base64,R0lGODlhAQABAAAAACH5BAEKAAEALAAAAAABAAEAAAICTAEAOw==\" data-orig-src=\"https:\/\/lh6.googleusercontent.com\/-pOLpkAO6uY4\/VIfy-Glsw_I\/AAAAAAAAFjY\/VRfoIOuQE8M\/w600-h450-no\/untitled3vgguyygu.jpg\" \/><\/span><\/span><\/span><\/div>\n<div style=\"text-align: center;\"><span style=\"color: #000000;\"><span style=\"font-family: tahoma,geneva,sans-serif;\"><span style=\"font-size: 12px;\"><img decoding=\"async\" class=\"lazyload HAa Eha\" style=\"height: 263px; width: 350px; border-width: 1px; border-style: solid; margin: 10px;\" alt=\"\" src=\"data:image\/gif;base64,R0lGODlhAQABAAAAACH5BAEKAAEALAAAAAABAAEAAAICTAEAOw==\" data-orig-src=\"https:\/\/lh4.googleusercontent.com\/--W7xh6edkb8\/VIfy-g9tJRI\/AAAAAAAAFjk\/QGTaQvSLgAw\/w448-h336-no\/untitled456487.jpg\" \/><\/span><\/span><\/span><\/div>\n<div style=\"text-align: center;\"><span style=\"color: #000000;\"><span style=\"font-family: tahoma,geneva,sans-serif;\"><span style=\"font-size: 12px;\"><img decoding=\"async\" class=\"lazyload HAa Eha\" style=\"height: 263px; width: 350px; border-width: 1px; border-style: solid; margin: 10px;\" alt=\"\" src=\"data:image\/gif;base64,R0lGODlhAQABAAAAACH5BAEKAAEALAAAAAABAAEAAAICTAEAOw==\" data-orig-src=\"https:\/\/lh3.googleusercontent.com\/-bccNsebeEbg\/VIfy_9ebwPI\/AAAAAAAAFj0\/IuBrOVDYbus\/w448-h336-no\/untitled5ezers.jpg\" \/><\/p>\n<p> &nbsp; <\/span><\/span><\/span><\/div>\n","protected":false},"excerpt":{"rendered":"<p>&nbsp; &nbsp;&nbsp; \u201cLavdi Per\u00ebndis\u00eb n\u00eb m\u00eb t\u00eb lartat\u201d, psal\u00ebn engj\u00ebjt, por me t\u00eb v\u00ebrtet\u00eb kjo ishte gjithashtu thirrja e vajzave n\u00eb kampin p\u00ebr gjith\u00e7ka t\u00eb bukur q\u00eb kaluan s\u00eb bashku. &nbsp; &nbsp;&nbsp;&nbsp; Edhe k\u00ebt\u00eb ver\u00eb si \u00e7do ver\u00eb tjet\u00ebr n\u00eb manastirin e bukur t\u00eb Sh\u00ebn Joan Vladimirit, n\u00eb Elbasan, filluan kampet verore t\u00eb vajzave. Kampi i par\u00eb u zhvillua n\u00eb datat 10.7.2006 \u2013 19.7.2006 dhe<\/p>\n","protected":false},"author":1,"featured_media":0,"comment_status":"open","ping_status":"open","sticky":false,"template":"","format":"standard","meta":{"_acf_changed":false,"pagelayer_contact_templates":[],"_pagelayer_content":"","inline_featured_image":false,"fifu_image_url":"","fifu_image_alt":"","footnotes":""},"categories":[108],"tags":[148,200,196,212,176],"class_list":["post-700","post","type-post","status-publish","format-standard","hentry","category-lajme","tag-148","tag-kampe-verore","tag-tirane","tag-lajme-d27","tag-rinia-orthodhokse"],"acf":[],"yoast_head":"<!-- This site is optimized with the Yoast SEO plugin v27.2 - https:\/\/yoast.com\/product\/yoast-seo-wordpress\/ -->\n<title>Kampi i Par\u00eb i vajzave &quot;Bariu i Mir\u00eb&quot; n\u00eb Sh\u00ebn Joan Vladimir (10 -19 Korrik 2006) - Kisha Orthodh\u03bfkse Autoqefale e Shqip\u00ebris\u00eb<\/title>\n<meta name=\"robots\" content=\"index, follow, max-snippet:-1, max-image-preview:large, max-video-preview:-1\" \/>\n<link rel=\"canonical\" href=\"https:\/\/orthodoxalbania.org\/2020\/2006\/02\/26\/kampi-i-pare-i-vajzave-bariu-i-mire-ne-shen-joan-vladimir-korrik-06\/\" \/>\n<meta property=\"og:locale\" content=\"en_US\" \/>\n<meta property=\"og:type\" content=\"article\" \/>\n<meta property=\"og:title\" content=\"Kampi i Par\u00eb i vajzave &quot;Bariu i Mir\u00eb&quot; n\u00eb Sh\u00ebn Joan Vladimir (10 -19 Korrik 2006) - Kisha Orthodh\u03bfkse Autoqefale e Shqip\u00ebris\u00eb\" \/>\n<meta property=\"og:description\" content=\"&nbsp; &nbsp;&nbsp; \u201cLavdi Per\u00ebndis\u00eb n\u00eb m\u00eb t\u00eb lartat\u201d, psal\u00ebn engj\u00ebjt, por me t\u00eb v\u00ebrtet\u00eb kjo ishte gjithashtu thirrja e vajzave n\u00eb kampin p\u00ebr gjith\u00e7ka t\u00eb bukur q\u00eb kaluan s\u00eb bashku. &nbsp; &nbsp;&nbsp;&nbsp; Edhe k\u00ebt\u00eb ver\u00eb si \u00e7do ver\u00eb tjet\u00ebr n\u00eb manastirin e bukur t\u00eb Sh\u00ebn Joan Vladimirit, n\u00eb Elbasan, filluan kampet verore t\u00eb vajzave. Kampi i par\u00eb u zhvillua n\u00eb datat 10.7.2006 \u2013 19.7.2006 dhe\" \/>\n<meta property=\"og:url\" content=\"https:\/\/orthodoxalbania.org\/2020\/2006\/02\/26\/kampi-i-pare-i-vajzave-bariu-i-mire-ne-shen-joan-vladimir-korrik-06\/\" \/>\n<meta property=\"og:site_name\" content=\"Kisha Orthodh\u03bfkse Autoqefale e Shqip\u00ebris\u00eb\" \/>\n<meta property=\"article:publisher\" content=\"https:\/\/www.facebook.com\/koash1991\" \/>\n<meta property=\"article:published_time\" content=\"2006-02-26T00:00:00+00:00\" \/>\n<meta property=\"article:modified_time\" content=\"2020-04-06T20:36:02+00:00\" \/>\n<meta property=\"og:image\" content=\"https:\/\/lh6.googleusercontent.com\/-t70Op_2PLmc\/VIfy9Ba61tI\/AAAAAAAAFjA\/EkEHaEUSvLs\/w350-h263-no\/untitled1.jpg\" \/>\n<meta name=\"author\" content=\"Kisha Orthodhokse\" \/>\n<meta name=\"twitter:card\" content=\"summary_large_image\" \/>\n<meta name=\"twitter:label1\" content=\"Written by\" \/>\n\t<meta name=\"twitter:data1\" content=\"Kisha Orthodhokse\" \/>\n\t<meta name=\"twitter:label2\" content=\"Est. reading time\" \/>\n\t<meta name=\"twitter:data2\" content=\"5 minutes\" \/>\n<script type=\"application\/ld+json\" class=\"yoast-schema-graph\">{\"@context\":\"https:\/\/schema.org\",\"@graph\":[{\"@type\":\"Article\",\"@id\":\"https:\/\/orthodoxalbania.org\/2020\/2006\/02\/26\/kampi-i-pare-i-vajzave-bariu-i-mire-ne-shen-joan-vladimir-korrik-06\/#article\",\"isPartOf\":{\"@id\":\"https:\/\/orthodoxalbania.org\/2020\/2006\/02\/26\/kampi-i-pare-i-vajzave-bariu-i-mire-ne-shen-joan-vladimir-korrik-06\/\"},\"author\":{\"name\":\"Kisha Orthodhokse\",\"@id\":\"https:\/\/orthodoxalbania.org\/2020\/#\/schema\/person\/0c387634a7063ac612d7ed9ce71c7e86\"},\"headline\":\"Kampi i Par\u00eb i vajzave &#8220;Bariu i Mir\u00eb&#8221; n\u00eb Sh\u00ebn Joan Vladimir (10 -19 Korrik 2006)\",\"datePublished\":\"2006-02-26T00:00:00+00:00\",\"dateModified\":\"2020-04-06T20:36:02+00:00\",\"mainEntityOfPage\":{\"@id\":\"https:\/\/orthodoxalbania.org\/2020\/2006\/02\/26\/kampi-i-pare-i-vajzave-bariu-i-mire-ne-shen-joan-vladimir-korrik-06\/\"},\"wordCount\":957,\"commentCount\":0,\"publisher\":{\"@id\":\"https:\/\/orthodoxalbania.org\/2020\/#organization\"},\"image\":{\"@id\":\"https:\/\/orthodoxalbania.org\/2020\/2006\/02\/26\/kampi-i-pare-i-vajzave-bariu-i-mire-ne-shen-joan-vladimir-korrik-06\/#primaryimage\"},\"thumbnailUrl\":\"https:\/\/lh6.googleusercontent.com\/-t70Op_2PLmc\/VIfy9Ba61tI\/AAAAAAAAFjA\/EkEHaEUSvLs\/w350-h263-no\/untitled1.jpg\",\"keywords\":[\"2006\",\"Kampe verore\",\"Kryepiskopata Tiran\u00eb\",\"lajme\",\"Rinia Orthodhokse\"],\"articleSection\":[\"Lajme\"],\"inLanguage\":\"en-US\"},{\"@type\":\"WebPage\",\"@id\":\"https:\/\/orthodoxalbania.org\/2020\/2006\/02\/26\/kampi-i-pare-i-vajzave-bariu-i-mire-ne-shen-joan-vladimir-korrik-06\/\",\"url\":\"https:\/\/orthodoxalbania.org\/2020\/2006\/02\/26\/kampi-i-pare-i-vajzave-bariu-i-mire-ne-shen-joan-vladimir-korrik-06\/\",\"name\":\"Kampi i Par\u00eb i vajzave \\\"Bariu i Mir\u00eb\\\" n\u00eb Sh\u00ebn Joan Vladimir (10 -19 Korrik 2006) - Kisha Orthodh\u03bfkse Autoqefale e Shqip\u00ebris\u00eb\",\"isPartOf\":{\"@id\":\"https:\/\/orthodoxalbania.org\/2020\/#website\"},\"primaryImageOfPage\":{\"@id\":\"https:\/\/orthodoxalbania.org\/2020\/2006\/02\/26\/kampi-i-pare-i-vajzave-bariu-i-mire-ne-shen-joan-vladimir-korrik-06\/#primaryimage\"},\"image\":{\"@id\":\"https:\/\/orthodoxalbania.org\/2020\/2006\/02\/26\/kampi-i-pare-i-vajzave-bariu-i-mire-ne-shen-joan-vladimir-korrik-06\/#primaryimage\"},\"thumbnailUrl\":\"https:\/\/lh6.googleusercontent.com\/-t70Op_2PLmc\/VIfy9Ba61tI\/AAAAAAAAFjA\/EkEHaEUSvLs\/w350-h263-no\/untitled1.jpg\",\"datePublished\":\"2006-02-26T00:00:00+00:00\",\"dateModified\":\"2020-04-06T20:36:02+00:00\",\"breadcrumb\":{\"@id\":\"https:\/\/orthodoxalbania.org\/2020\/2006\/02\/26\/kampi-i-pare-i-vajzave-bariu-i-mire-ne-shen-joan-vladimir-korrik-06\/#breadcrumb\"},\"inLanguage\":\"en-US\",\"potentialAction\":[{\"@type\":\"ReadAction\",\"target\":[\"https:\/\/orthodoxalbania.org\/2020\/2006\/02\/26\/kampi-i-pare-i-vajzave-bariu-i-mire-ne-shen-joan-vladimir-korrik-06\/\"]}]},{\"@type\":\"ImageObject\",\"inLanguage\":\"en-US\",\"@id\":\"https:\/\/orthodoxalbania.org\/2020\/2006\/02\/26\/kampi-i-pare-i-vajzave-bariu-i-mire-ne-shen-joan-vladimir-korrik-06\/#primaryimage\",\"url\":\"https:\/\/lh6.googleusercontent.com\/-t70Op_2PLmc\/VIfy9Ba61tI\/AAAAAAAAFjA\/EkEHaEUSvLs\/w350-h263-no\/untitled1.jpg\",\"contentUrl\":\"https:\/\/lh6.googleusercontent.com\/-t70Op_2PLmc\/VIfy9Ba61tI\/AAAAAAAAFjA\/EkEHaEUSvLs\/w350-h263-no\/untitled1.jpg\"},{\"@type\":\"BreadcrumbList\",\"@id\":\"https:\/\/orthodoxalbania.org\/2020\/2006\/02\/26\/kampi-i-pare-i-vajzave-bariu-i-mire-ne-shen-joan-vladimir-korrik-06\/#breadcrumb\",\"itemListElement\":[{\"@type\":\"ListItem\",\"position\":1,\"name\":\"Home\",\"item\":\"https:\/\/orthodoxalbania.org\/2020\/\"},{\"@type\":\"ListItem\",\"position\":2,\"name\":\"Kampi i Par\u00eb i vajzave &#8220;Bariu i Mir\u00eb&#8221; n\u00eb Sh\u00ebn Joan Vladimir (10 -19 Korrik 2006)\"}]},{\"@type\":\"WebSite\",\"@id\":\"https:\/\/orthodoxalbania.org\/2020\/#website\",\"url\":\"https:\/\/orthodoxalbania.org\/2020\/\",\"name\":\"Kisha Orthodh\u03bfkse Autoqefale e Shqip\u00ebris\u00eb\",\"description\":\"Fqja Zyrtare e Kish\u00ebs Orthodhokse Autoqefale e Shqip\u00ebris\u00eb me lajmet edhe informacionet zyrtare p\u00ebr struktur\u00ebn edhe veprimtarin e saj.\",\"publisher\":{\"@id\":\"https:\/\/orthodoxalbania.org\/2020\/#organization\"},\"potentialAction\":[{\"@type\":\"SearchAction\",\"target\":{\"@type\":\"EntryPoint\",\"urlTemplate\":\"https:\/\/orthodoxalbania.org\/2020\/?s={search_term_string}\"},\"query-input\":{\"@type\":\"PropertyValueSpecification\",\"valueRequired\":true,\"valueName\":\"search_term_string\"}}],\"inLanguage\":\"en-US\"},{\"@type\":\"Organization\",\"@id\":\"https:\/\/orthodoxalbania.org\/2020\/#organization\",\"name\":\"Kisha Orthodhokse Autoqefale e Shqip\u00ebris\u00eb\",\"url\":\"https:\/\/orthodoxalbania.org\/2020\/\",\"logo\":{\"@type\":\"ImageObject\",\"inLanguage\":\"en-US\",\"@id\":\"https:\/\/orthodoxalbania.org\/2020\/#\/schema\/logo\/image\/\",\"url\":\"https:\/\/orthodoxalbania.org\/2020\/wp-content\/uploads\/2020\/05\/albania.jpeg\",\"contentUrl\":\"https:\/\/orthodoxalbania.org\/2020\/wp-content\/uploads\/2020\/05\/albania.jpeg\",\"width\":540,\"height\":540,\"caption\":\"Kisha Orthodhokse Autoqefale e Shqip\u00ebris\u00eb\"},\"image\":{\"@id\":\"https:\/\/orthodoxalbania.org\/2020\/#\/schema\/logo\/image\/\"},\"sameAs\":[\"https:\/\/www.facebook.com\/koash1991\"]},{\"@type\":\"Person\",\"@id\":\"https:\/\/orthodoxalbania.org\/2020\/#\/schema\/person\/0c387634a7063ac612d7ed9ce71c7e86\",\"name\":\"Kisha Orthodhokse\",\"image\":{\"@type\":\"ImageObject\",\"inLanguage\":\"en-US\",\"@id\":\"https:\/\/secure.gravatar.com\/avatar\/596e7c417251e30f2fbb9c00e026fce61a695a00e51c889caded71c96cbbdde5?s=96&d=mm&r=g\",\"url\":\"https:\/\/secure.gravatar.com\/avatar\/596e7c417251e30f2fbb9c00e026fce61a695a00e51c889caded71c96cbbdde5?s=96&d=mm&r=g\",\"contentUrl\":\"https:\/\/secure.gravatar.com\/avatar\/596e7c417251e30f2fbb9c00e026fce61a695a00e51c889caded71c96cbbdde5?s=96&d=mm&r=g\",\"caption\":\"Kisha Orthodhokse\"}}]}<\/script>\n<!-- \/ Yoast SEO plugin. -->","yoast_head_json":{"title":"Kampi i Par\u00eb i vajzave \"Bariu i Mir\u00eb\" n\u00eb Sh\u00ebn Joan Vladimir (10 -19 Korrik 2006) - Kisha Orthodh\u03bfkse Autoqefale e Shqip\u00ebris\u00eb","robots":{"index":"index","follow":"follow","max-snippet":"max-snippet:-1","max-image-preview":"max-image-preview:large","max-video-preview":"max-video-preview:-1"},"canonical":"https:\/\/orthodoxalbania.org\/2020\/2006\/02\/26\/kampi-i-pare-i-vajzave-bariu-i-mire-ne-shen-joan-vladimir-korrik-06\/","og_locale":"en_US","og_type":"article","og_title":"Kampi i Par\u00eb i vajzave \"Bariu i Mir\u00eb\" n\u00eb Sh\u00ebn Joan Vladimir (10 -19 Korrik 2006) - Kisha Orthodh\u03bfkse Autoqefale e Shqip\u00ebris\u00eb","og_description":"&nbsp; &nbsp;&nbsp; \u201cLavdi Per\u00ebndis\u00eb n\u00eb m\u00eb t\u00eb lartat\u201d, psal\u00ebn engj\u00ebjt, por me t\u00eb v\u00ebrtet\u00eb kjo ishte gjithashtu thirrja e vajzave n\u00eb kampin p\u00ebr gjith\u00e7ka t\u00eb bukur q\u00eb kaluan s\u00eb bashku. &nbsp; &nbsp;&nbsp;&nbsp; Edhe k\u00ebt\u00eb ver\u00eb si \u00e7do ver\u00eb tjet\u00ebr n\u00eb manastirin e bukur t\u00eb Sh\u00ebn Joan Vladimirit, n\u00eb Elbasan, filluan kampet verore t\u00eb vajzave. Kampi i par\u00eb u zhvillua n\u00eb datat 10.7.2006 \u2013 19.7.2006 dhe","og_url":"https:\/\/orthodoxalbania.org\/2020\/2006\/02\/26\/kampi-i-pare-i-vajzave-bariu-i-mire-ne-shen-joan-vladimir-korrik-06\/","og_site_name":"Kisha Orthodh\u03bfkse Autoqefale e Shqip\u00ebris\u00eb","article_publisher":"https:\/\/www.facebook.com\/koash1991","article_published_time":"2006-02-26T00:00:00+00:00","article_modified_time":"2020-04-06T20:36:02+00:00","og_image":[{"url":"https:\/\/lh6.googleusercontent.com\/-t70Op_2PLmc\/VIfy9Ba61tI\/AAAAAAAAFjA\/EkEHaEUSvLs\/w350-h263-no\/untitled1.jpg","type":"","width":"","height":""}],"author":"Kisha Orthodhokse","twitter_card":"summary_large_image","twitter_misc":{"Written by":"Kisha Orthodhokse","Est. reading time":"5 minutes"},"schema":{"@context":"https:\/\/schema.org","@graph":[{"@type":"Article","@id":"https:\/\/orthodoxalbania.org\/2020\/2006\/02\/26\/kampi-i-pare-i-vajzave-bariu-i-mire-ne-shen-joan-vladimir-korrik-06\/#article","isPartOf":{"@id":"https:\/\/orthodoxalbania.org\/2020\/2006\/02\/26\/kampi-i-pare-i-vajzave-bariu-i-mire-ne-shen-joan-vladimir-korrik-06\/"},"author":{"name":"Kisha Orthodhokse","@id":"https:\/\/orthodoxalbania.org\/2020\/#\/schema\/person\/0c387634a7063ac612d7ed9ce71c7e86"},"headline":"Kampi i Par\u00eb i vajzave &#8220;Bariu i Mir\u00eb&#8221; n\u00eb Sh\u00ebn Joan Vladimir (10 -19 Korrik 2006)","datePublished":"2006-02-26T00:00:00+00:00","dateModified":"2020-04-06T20:36:02+00:00","mainEntityOfPage":{"@id":"https:\/\/orthodoxalbania.org\/2020\/2006\/02\/26\/kampi-i-pare-i-vajzave-bariu-i-mire-ne-shen-joan-vladimir-korrik-06\/"},"wordCount":957,"commentCount":0,"publisher":{"@id":"https:\/\/orthodoxalbania.org\/2020\/#organization"},"image":{"@id":"https:\/\/orthodoxalbania.org\/2020\/2006\/02\/26\/kampi-i-pare-i-vajzave-bariu-i-mire-ne-shen-joan-vladimir-korrik-06\/#primaryimage"},"thumbnailUrl":"https:\/\/lh6.googleusercontent.com\/-t70Op_2PLmc\/VIfy9Ba61tI\/AAAAAAAAFjA\/EkEHaEUSvLs\/w350-h263-no\/untitled1.jpg","keywords":["2006","Kampe verore","Kryepiskopata Tiran\u00eb","lajme","Rinia Orthodhokse"],"articleSection":["Lajme"],"inLanguage":"en-US"},{"@type":"WebPage","@id":"https:\/\/orthodoxalbania.org\/2020\/2006\/02\/26\/kampi-i-pare-i-vajzave-bariu-i-mire-ne-shen-joan-vladimir-korrik-06\/","url":"https:\/\/orthodoxalbania.org\/2020\/2006\/02\/26\/kampi-i-pare-i-vajzave-bariu-i-mire-ne-shen-joan-vladimir-korrik-06\/","name":"Kampi i Par\u00eb i vajzave \"Bariu i Mir\u00eb\" n\u00eb Sh\u00ebn Joan Vladimir (10 -19 Korrik 2006) - Kisha Orthodh\u03bfkse Autoqefale e Shqip\u00ebris\u00eb","isPartOf":{"@id":"https:\/\/orthodoxalbania.org\/2020\/#website"},"primaryImageOfPage":{"@id":"https:\/\/orthodoxalbania.org\/2020\/2006\/02\/26\/kampi-i-pare-i-vajzave-bariu-i-mire-ne-shen-joan-vladimir-korrik-06\/#primaryimage"},"image":{"@id":"https:\/\/orthodoxalbania.org\/2020\/2006\/02\/26\/kampi-i-pare-i-vajzave-bariu-i-mire-ne-shen-joan-vladimir-korrik-06\/#primaryimage"},"thumbnailUrl":"https:\/\/lh6.googleusercontent.com\/-t70Op_2PLmc\/VIfy9Ba61tI\/AAAAAAAAFjA\/EkEHaEUSvLs\/w350-h263-no\/untitled1.jpg","datePublished":"2006-02-26T00:00:00+00:00","dateModified":"2020-04-06T20:36:02+00:00","breadcrumb":{"@id":"https:\/\/orthodoxalbania.org\/2020\/2006\/02\/26\/kampi-i-pare-i-vajzave-bariu-i-mire-ne-shen-joan-vladimir-korrik-06\/#breadcrumb"},"inLanguage":"en-US","potentialAction":[{"@type":"ReadAction","target":["https:\/\/orthodoxalbania.org\/2020\/2006\/02\/26\/kampi-i-pare-i-vajzave-bariu-i-mire-ne-shen-joan-vladimir-korrik-06\/"]}]},{"@type":"ImageObject","inLanguage":"en-US","@id":"https:\/\/orthodoxalbania.org\/2020\/2006\/02\/26\/kampi-i-pare-i-vajzave-bariu-i-mire-ne-shen-joan-vladimir-korrik-06\/#primaryimage","url":"https:\/\/lh6.googleusercontent.com\/-t70Op_2PLmc\/VIfy9Ba61tI\/AAAAAAAAFjA\/EkEHaEUSvLs\/w350-h263-no\/untitled1.jpg","contentUrl":"https:\/\/lh6.googleusercontent.com\/-t70Op_2PLmc\/VIfy9Ba61tI\/AAAAAAAAFjA\/EkEHaEUSvLs\/w350-h263-no\/untitled1.jpg"},{"@type":"BreadcrumbList","@id":"https:\/\/orthodoxalbania.org\/2020\/2006\/02\/26\/kampi-i-pare-i-vajzave-bariu-i-mire-ne-shen-joan-vladimir-korrik-06\/#breadcrumb","itemListElement":[{"@type":"ListItem","position":1,"name":"Home","item":"https:\/\/orthodoxalbania.org\/2020\/"},{"@type":"ListItem","position":2,"name":"Kampi i Par\u00eb i vajzave &#8220;Bariu i Mir\u00eb&#8221; n\u00eb Sh\u00ebn Joan Vladimir (10 -19 Korrik 2006)"}]},{"@type":"WebSite","@id":"https:\/\/orthodoxalbania.org\/2020\/#website","url":"https:\/\/orthodoxalbania.org\/2020\/","name":"Kisha Orthodh\u03bfkse Autoqefale e Shqip\u00ebris\u00eb","description":"Fqja Zyrtare e Kish\u00ebs Orthodhokse Autoqefale e Shqip\u00ebris\u00eb me lajmet edhe informacionet zyrtare p\u00ebr struktur\u00ebn edhe veprimtarin e saj.","publisher":{"@id":"https:\/\/orthodoxalbania.org\/2020\/#organization"},"potentialAction":[{"@type":"SearchAction","target":{"@type":"EntryPoint","urlTemplate":"https:\/\/orthodoxalbania.org\/2020\/?s={search_term_string}"},"query-input":{"@type":"PropertyValueSpecification","valueRequired":true,"valueName":"search_term_string"}}],"inLanguage":"en-US"},{"@type":"Organization","@id":"https:\/\/orthodoxalbania.org\/2020\/#organization","name":"Kisha Orthodhokse Autoqefale e Shqip\u00ebris\u00eb","url":"https:\/\/orthodoxalbania.org\/2020\/","logo":{"@type":"ImageObject","inLanguage":"en-US","@id":"https:\/\/orthodoxalbania.org\/2020\/#\/schema\/logo\/image\/","url":"https:\/\/orthodoxalbania.org\/2020\/wp-content\/uploads\/2020\/05\/albania.jpeg","contentUrl":"https:\/\/orthodoxalbania.org\/2020\/wp-content\/uploads\/2020\/05\/albania.jpeg","width":540,"height":540,"caption":"Kisha Orthodhokse Autoqefale e Shqip\u00ebris\u00eb"},"image":{"@id":"https:\/\/orthodoxalbania.org\/2020\/#\/schema\/logo\/image\/"},"sameAs":["https:\/\/www.facebook.com\/koash1991"]},{"@type":"Person","@id":"https:\/\/orthodoxalbania.org\/2020\/#\/schema\/person\/0c387634a7063ac612d7ed9ce71c7e86","name":"Kisha Orthodhokse","image":{"@type":"ImageObject","inLanguage":"en-US","@id":"https:\/\/secure.gravatar.com\/avatar\/596e7c417251e30f2fbb9c00e026fce61a695a00e51c889caded71c96cbbdde5?s=96&d=mm&r=g","url":"https:\/\/secure.gravatar.com\/avatar\/596e7c417251e30f2fbb9c00e026fce61a695a00e51c889caded71c96cbbdde5?s=96&d=mm&r=g","contentUrl":"https:\/\/secure.gravatar.com\/avatar\/596e7c417251e30f2fbb9c00e026fce61a695a00e51c889caded71c96cbbdde5?s=96&d=mm&r=g","caption":"Kisha Orthodhokse"}}]}},"_links":{"self":[{"href":"https:\/\/orthodoxalbania.org\/2020\/wp-json\/wp\/v2\/posts\/700","targetHints":{"allow":["GET"]}}],"collection":[{"href":"https:\/\/orthodoxalbania.org\/2020\/wp-json\/wp\/v2\/posts"}],"about":[{"href":"https:\/\/orthodoxalbania.org\/2020\/wp-json\/wp\/v2\/types\/post"}],"author":[{"embeddable":true,"href":"https:\/\/orthodoxalbania.org\/2020\/wp-json\/wp\/v2\/users\/1"}],"replies":[{"embeddable":true,"href":"https:\/\/orthodoxalbania.org\/2020\/wp-json\/wp\/v2\/comments?post=700"}],"version-history":[{"count":1,"href":"https:\/\/orthodoxalbania.org\/2020\/wp-json\/wp\/v2\/posts\/700\/revisions"}],"predecessor-version":[{"id":15828,"href":"https:\/\/orthodoxalbania.org\/2020\/wp-json\/wp\/v2\/posts\/700\/revisions\/15828"}],"wp:attachment":[{"href":"https:\/\/orthodoxalbania.org\/2020\/wp-json\/wp\/v2\/media?parent=700"}],"wp:term":[{"taxonomy":"category","embeddable":true,"href":"https:\/\/orthodoxalbania.org\/2020\/wp-json\/wp\/v2\/categories?post=700"},{"taxonomy":"post_tag","embeddable":true,"href":"https:\/\/orthodoxalbania.org\/2020\/wp-json\/wp\/v2\/tags?post=700"}],"curies":[{"name":"wp","href":"https:\/\/api.w.org\/{rel}","templated":true}]}}