{"id":699,"date":"2008-02-26T00:00:00","date_gmt":"2008-02-26T00:00:00","guid":{"rendered":""},"modified":"2020-04-06T22:35:20","modified_gmt":"2020-04-06T20:35:20","slug":"kampi-i-pare-i-djemve-rilindja-ne-zvernec-2008","status":"publish","type":"post","link":"https:\/\/orthodoxalbania.org\/2020\/2008\/02\/26\/kampi-i-pare-i-djemve-rilindja-ne-zvernec-2008\/","title":{"rendered":"Kampi i par\u00eb i djemve \u201cRilindja\u201d n\u00eb Zv\u00ebrnec. (2008)"},"content":{"rendered":"<table id=\"AutoNumber2\" style=\"width: 899px; height: 3265px;\" border=\"0\">\n<tbody>\n<tr>\n<td>\n<p><span style=\"font-family: tahoma,geneva,sans-serif;\"><span style=\"font-size: 12px;\"><span style=\"color: #000000;\"><img decoding=\"async\" class=\"lazyload HAa Eha\" style=\"border-width: 1px; border-style: solid; margin: 10px auto; display: block;\" alt=\"\" src=\"data:image\/gif;base64,R0lGODlhAQABAAAAACH5BAEKAAEALAAAAAABAAEAAAICTAEAOw==\" data-orig-src=\"https:\/\/lh4.googleusercontent.com\/-RN0CUoP2ap0\/VJFMrG7iC7I\/AAAAAAAAH5k\/QRCJNbLAmPY\/w400-h300-no\/1.jpg\" \/><\/span><\/span><\/span><\/p>\n<\/td>\n<td>\n<p style=\"text-align: justify;\"><span style=\"font-family: tahoma,geneva,sans-serif;\"><span style=\"font-size: 12px;\"><span style=\"color: #000000;\">&nbsp;&nbsp;&nbsp; Me bekimin e Fortlumturis\u00eb s\u00eb tij Kryepiskopit Anastas edhe k\u00ebt\u00eb vit u zhvillua kampi p\u00ebr djem n\u00eb Manastirin e Hirsh\u00ebm t\u00eb Hyjlind\u00ebses Mari n\u00eb Zv\u00ebrnec t\u00eb Vlor\u00ebs. N\u00eb periudh\u00ebn e par\u00eb t\u00eb k\u00ebtij kampi n\u00eb datat 21 qershor \u2013 1 korrik 2008 merrnin pjes\u00eb f\u00ebmij\u00ebt e moshave 11-14 vje\u00e7. Rreth 150 f\u00ebmij\u00eb nga t\u00eb gjitha dioqezat e Shqip\u00ebris\u00eb mor\u00ebn pjes\u00eb n\u00eb k\u00ebt\u00eb kamp, t\u00eb cil\u00ebt u mblodh\u00ebn p\u00ebr t\u00eb d\u00ebgjuar fjal\u00ebn e Per\u00ebndis\u00eb dhe p\u00ebr t\u00eb kaluar nj\u00eb koh\u00eb t\u00eb k\u00ebndshme s\u00eb bashku<em>.<br \/> &nbsp;<\/em><\/span><\/span><\/span><\/p>\n<\/td>\n<\/tr>\n<tr>\n<td>\n<p style=\"text-align: justify;\"><span style=\"font-family: tahoma,geneva,sans-serif;\"><span style=\"font-size: 12px;\"><span style=\"color: #000000;\">&nbsp;&nbsp;&nbsp; Tema e k\u00ebtij kampi p\u00ebr t\u00eb tre periudhat ishte:<br \/> <em>&nbsp;&nbsp;&nbsp; \u201c<strong>Ka shpres\u00eb<\/strong>\u201d.<\/em> Interesimi i madh i tyre u shpreh n\u00eb bisedat shpirt\u00ebrore me pyetjet e shumta q\u00eb kishin rreth besimit. Por edhe programet arg\u00ebtuese zinin nj\u00eb pjes\u00eb t\u00eb mir\u00eb t\u00eb koh\u00ebs me loj\u00ebrat dhe aktivitetet sportive. &nbsp;<\/span><\/span><\/span><\/p>\n<\/td>\n<td>\n<p><span style=\"font-family: tahoma,geneva,sans-serif;\"><span style=\"font-size: 12px;\"><span style=\"color: #000000;\"><img decoding=\"async\" class=\"lazyload HAa Eha\" style=\"border-width: 1px; border-style: solid; margin: 10px auto; display: block;\" alt=\"\" src=\"data:image\/gif;base64,R0lGODlhAQABAAAAACH5BAEKAAEALAAAAAABAAEAAAICTAEAOw==\" data-orig-src=\"https:\/\/lh5.googleusercontent.com\/-RuZg1mdPGn8\/VJFMrMqnwLI\/AAAAAAAAH6U\/zMXsMbnQY4M\/w400-h300-no\/2.jpg\" \/><\/span><\/span><\/span><\/p>\n<\/td>\n<\/tr>\n<tr>\n<td>\n<p><span style=\"font-family: tahoma,geneva,sans-serif;\"><span style=\"font-size: 12px;\"><span style=\"color: #000000;\"><img decoding=\"async\" class=\"lazyload HAa Eha\" style=\"border-width: 1px; border-style: solid; margin: 10px auto; display: block;\" alt=\"\" src=\"data:image\/gif;base64,R0lGODlhAQABAAAAACH5BAEKAAEALAAAAAABAAEAAAICTAEAOw==\" data-orig-src=\"https:\/\/lh6.googleusercontent.com\/-c36d4WDio5o\/VJFMrv38HPI\/AAAAAAAAH5w\/prAZlPPBEZU\/w400-h300-no\/3.jpg\" \/><\/span><\/span><\/span><\/p>\n<\/td>\n<td>\n<p><span style=\"font-family: tahoma,geneva,sans-serif;\"><span style=\"font-size: 12px;\"><span style=\"color: #000000;\">&nbsp;&nbsp;&nbsp;&nbsp;<\/span><\/span><\/span><\/p>\n<p style=\"text-align: justify;\"><span style=\"font-family: tahoma,geneva,sans-serif;\"><span style=\"font-size: 12px;\"><span style=\"color: #000000;\">&nbsp;&nbsp;&nbsp; Nj\u00eb dit\u00eb e ve\u00e7ant\u00eb ishte marrja pjes\u00eb n\u00eb Liturgjin\u00eb Hyjnore, n\u00eb p\u00ebrvjetorin e&nbsp; zgjedhjes s\u00eb Kryepiskopit Anastas si Kryepiskop i Tiran\u00ebs dhe gjith\u00eb Shqip\u00ebris\u00eb, nga Patriarkana Ekumenike. P\u00ebr t\u00eb uruar dhe p\u00ebr t\u00eb fal\u00ebnderuar &nbsp;Kryepiskopin Anastas p\u00ebr t\u00eb gjith\u00eb mb\u00ebshtetjen dhe ndihm\u00ebn q\u00eb ka dh\u00ebn\u00eb dhe jep si nga ana financiare ashtu edhe nga ajo shpirt\u00ebrore, djemt\u00eb e kampit i dhuruan nj\u00eb piktur\u00eb t\u00eb Manastirit t\u00eb Sh\u00ebn Maris\u00eb n\u00eb Zv\u00ebrnec.<\/span><\/span><\/span><\/p>\n<p>&nbsp;<\/p>\n<\/td>\n<\/tr>\n<tr>\n<td>\n<p><span style=\"font-family: tahoma,geneva,sans-serif;\"><span style=\"font-size: 12px;\"><span style=\"color: #000000;\">&nbsp;&nbsp;&nbsp;&nbsp; <img decoding=\"async\" class=\"lazyload HAa Eha\" style=\"border-width: 1px; border-style: solid; margin: 10px auto; display: block;\" alt=\"\" src=\"data:image\/gif;base64,R0lGODlhAQABAAAAACH5BAEKAAEALAAAAAABAAEAAAICTAEAOw==\" data-orig-src=\"https:\/\/lh4.googleusercontent.com\/-q5xt6nUAXDY\/VJFMsfobzII\/AAAAAAAAH6I\/MSoCRmpJKbY\/w300-h400-no\/5.jpg\" \/><\/span><\/span><\/span><\/p>\n<\/td>\n<td>\n<p><span style=\"font-family: tahoma,geneva,sans-serif;\"><span style=\"font-size: 12px;\"><span style=\"color: #000000;\"><img decoding=\"async\" class=\"lazyload HAa Eha\" style=\"border-width: 1px; border-style: solid; margin: 10px auto; display: block;\" alt=\"\" src=\"data:image\/gif;base64,R0lGODlhAQABAAAAACH5BAEKAAEALAAAAAABAAEAAAICTAEAOw==\" data-orig-src=\"https:\/\/lh3.googleusercontent.com\/-UnX8deysRxg\/VJFMsKhHW6I\/AAAAAAAAH5s\/fshI54978xw\/w400-h300-no\/4.jpg\" \/><\/span><\/span><\/span><\/p>\n<\/td>\n<\/tr>\n<tr>\n<td colspan=\"2\">\n<p style=\"text-align: justify;\"><span style=\"font-family: tahoma,geneva,sans-serif;\"><span style=\"font-size: 12px;\"><span style=\"color: #000000;\">&nbsp;&nbsp;&nbsp; N\u00eb mes t\u00eb gjith\u00eb atyre f\u00ebmij\u00ebve kishte edhe nga ata t\u00eb cil\u00ebt merrnin pjes\u00eb p\u00ebr her\u00eb t\u00eb par\u00eb n\u00eb nj\u00eb aktivitet t\u00eb till\u00eb veror dhe d\u00ebshironin t\u00eb njiheshin sa m\u00eb shum\u00eb me besimin orthodhoks. M\u00ebsimet dhe d\u00ebshira e zjarrt\u00eb p\u00ebr t\u2019u bashkuar me Krishtin solli q\u00eb 30 nga k\u00ebta f\u00ebmij\u00eb t\u00eb pag\u00ebzoheshin dhe t\u00eb nisnin s\u00eb bashku me t\u00eb tjer\u00ebt rrug\u00ebn drejt shp\u00ebtimit.<\/span><\/span><\/span><\/p>\n<p style=\"text-align: justify;\"><span style=\"font-family: tahoma,geneva,sans-serif;\"><span style=\"font-size: 12px;\"><span style=\"color: #000000;\">&nbsp;&nbsp;&nbsp;&nbsp; Pas pag\u00ebzimit t\u00eb gjith\u00eb k\u00ebta v\u00ebllez\u00ebr m\u00eb Krishtin u kunguan p\u00ebr her\u00eb t\u00eb par\u00eb, duke marr\u00eb Trupin dhe Gjakun e Zotit ton\u00eb Jisu Krisht gjat\u00eb Liturgjis\u00eb Hyjnore e zhvilluar n\u00eb kish\u00ebn e manastirit.<\/span><\/span><\/span><\/p>\n<\/td>\n<\/tr>\n<tr>\n<td>\n<p><span style=\"font-family: tahoma,geneva,sans-serif;\"><span style=\"font-size: 12px;\"><span style=\"color: #000000;\">&nbsp;&nbsp;&nbsp; N\u00eb k\u00ebt\u00eb dit\u00eb t\u00eb r\u00ebnd\u00ebsishme akademike n\u00eb ambientet e Akademis\u00eb u organizua nj\u00eb program festiv me fjalime, meditime, himne dhe nj\u00eb drek\u00eb me t\u00eb gjith\u00eb t\u00eb pranishmit. Me t\u00eb v\u00ebrtet\u00eb Akademia dhe Kisha festonte kuror\u00ebzimin e studimeve t\u00eb k\u00ebtij brezi student\u00ebsh, duke i p\u00ebrgatitur k\u00ebshtu ata, si bashk\u00ebpun\u00ebtor\u00eb t\u00eb rinj dhe t\u00eb zellsh\u00ebm p\u00ebr vepr\u00ebn shpirt\u00ebrore e sociale t\u00eb Kish\u00ebs n\u00eb t\u00eb gjith\u00eb Shqip\u00ebrin\u00eb.<\/span><\/span><\/span><\/p>\n<\/td>\n<td>\n<p><span style=\"font-family: tahoma,geneva,sans-serif;\"><span style=\"font-size: 12px;\"><span style=\"color: #000000;\"><img decoding=\"async\" class=\"lazyload HAa Eha\" style=\"border-width: 1px; border-style: solid; margin: 10px auto; display: block;\" alt=\"\" src=\"data:image\/gif;base64,R0lGODlhAQABAAAAACH5BAEKAAEALAAAAAABAAEAAAICTAEAOw==\" data-orig-src=\"https:\/\/lh3.googleusercontent.com\/-6UsCrBJDNms\/VJFMsdBCmwI\/AAAAAAAAH54\/jLwYKdi6lOI\/w400-h300-no\/6.jpg\" \/><\/span><\/span><\/span><\/p>\n<\/td>\n<\/tr>\n<tr>\n<td>\n<p><span style=\"font-family: tahoma,geneva,sans-serif;\"><span style=\"font-size: 12px;\"><span style=\"color: #000000;\"><img decoding=\"async\" class=\"lazyload HAa Eha\" style=\"border-width: 1px; border-style: solid; margin: 10px auto; display: block;\" alt=\"\" src=\"data:image\/gif;base64,R0lGODlhAQABAAAAACH5BAEKAAEALAAAAAABAAEAAAICTAEAOw==\" data-orig-src=\"https:\/\/lh4.googleusercontent.com\/-DDuJcO2_-Sw\/VJFMsx5vYzI\/AAAAAAAAH6E\/uHKVgNf6KIQ\/w300-h400-no\/7.jpg\" \/><\/span><\/span><\/span><\/p>\n<\/td>\n<td>\n<p style=\"text-align: justify;\"><span style=\"font-family: tahoma,geneva,sans-serif;\"><span style=\"font-size: 12px;\"><span style=\"color: #000000;\">&nbsp;&nbsp;&nbsp; N\u00eb k\u00ebt\u00eb festim kishte ardhur edhe Fortlumturia e Tij, Kryepiskopi i Tiran\u00ebs, Durr\u00ebsit dhe gjith\u00eb Shqip\u00ebris\u00eb, Anastasi, Episkop Andoni (dikur student i k\u00ebsaj Akademie), klerik\u00eb dhe pedagog\u00eb etj.<\/span><\/span><\/span><\/p>\n<\/td>\n<\/tr>\n<tr>\n<td>\n<p style=\"text-align: justify;\"><span style=\"font-family: tahoma,geneva,sans-serif;\"><span style=\"font-size: 12px;\"><span style=\"color: #000000;\">&nbsp;&nbsp;&nbsp; E ve\u00e7ant\u00eb tjet\u00ebr e programit t\u00eb k\u00ebtij kampi ishte edhe shfaqja e dokumentar\u00ebve kushtuar jet\u00ebs s\u00eb shenjtor\u00ebve. K\u00ebta dokumentar\u00eb ishin t\u00eb dubluar n\u00eb gjuh\u00ebn shqipe gj\u00eb q\u00eb i ndihmoi t\u00eb rinjt\u00eb te njihen m\u00eb mir\u00eb me jet\u00ebt e shenjtor\u00ebve dhe m\u00ebsimet e tyre.<\/span><\/span><\/span><\/p>\n<\/td>\n<td>\n<p><span style=\"font-family: tahoma,geneva,sans-serif;\"><span style=\"font-size: 12px;\"><span style=\"color: #000000;\"><img decoding=\"async\" class=\"lazyload HAa Eha\" style=\"border-width: 1px; border-style: solid; margin: 10px auto; display: block;\" alt=\"\" src=\"data:image\/gif;base64,R0lGODlhAQABAAAAACH5BAEKAAEALAAAAAABAAEAAAICTAEAOw==\" data-orig-src=\"https:\/\/lh6.googleusercontent.com\/-f8G-BvWgPjg\/VJFMthCiC-I\/AAAAAAAAH6Y\/DdtqQ7PAJtM\/w400-h300-no\/8.jpg\" \/><\/span><\/span><\/span><\/p>\n<\/td>\n<\/tr>\n<tr>\n<td>\n<p><span style=\"font-family: tahoma,geneva,sans-serif;\"><span style=\"font-size: 12px;\"><span style=\"color: #000000;\"><img decoding=\"async\" class=\"lazyload HAa Eha\" style=\"border-width: 1px; border-style: solid; margin: 10px auto; display: block;\" alt=\"\" src=\"data:image\/gif;base64,R0lGODlhAQABAAAAACH5BAEKAAEALAAAAAABAAEAAAICTAEAOw==\" data-orig-src=\"https:\/\/lh6.googleusercontent.com\/-h82vWVnGx9k\/VJFMuYnx2pI\/AAAAAAAAH6c\/Mmjr_VgVNF0\/w400-h300-no\/9.jpg\" \/><\/span><\/span><\/span><\/p>\n<\/td>\n<td>\n<p><span style=\"font-family: tahoma,geneva,sans-serif;\"><span style=\"font-size: 12px;\"><span style=\"color: #000000;\">&nbsp;&nbsp;&nbsp; Nj\u00eb bekim i madh ishte edhe vizita n\u00eb kamp e Mitropolitit t\u00eb Beratit, Hir\u00ebsi Ignatit, i cili &nbsp;me fjal\u00ebn e tij t\u00eb urt\u00eb i nd\u00ebrgjegj\u00ebsoi t\u00eb gjith\u00eb pjes\u00ebmarr\u00ebsit se shpresa e vetme p\u00ebr t\u00eb gjith\u00eb \u00ebsht\u00eb Jisu Krishti.<\/span><\/span><\/span><\/p>\n<\/td>\n<\/tr>\n<tr>\n<td>\n<p style=\"text-align: justify;\"><span style=\"font-family: tahoma,geneva,sans-serif;\"><span style=\"font-size: 12px;\"><span style=\"color: #000000;\">&nbsp;&nbsp;&nbsp; N\u00eb fund t\u00eb periudh\u00ebs s\u00eb k\u00ebtij kampi u&nbsp; zhvillua&nbsp; festivali i k\u00ebng\u00ebs ku t\u00eb gjitha grupet u paraqit\u00ebn me nj\u00eb k\u00ebng\u00eb t\u00eb krijuar nga vet\u00eb ata.<\/span><\/span><\/span><\/p>\n<p style=\"text-align: justify;\"><span style=\"font-family: tahoma,geneva,sans-serif;\"><span style=\"font-size: 12px;\"><span style=\"color: #000000;\">&nbsp;&nbsp;&nbsp; T\u00eb gjith\u00eb u larguan me shpres\u00ebn dhe d\u00ebshir\u00ebn p\u00ebr t\u2019u kthyer s\u00ebrish n\u00eb k\u00ebt\u00eb ishull t\u00eb bekuar.<\/span><\/span><\/span><\/p>\n<\/td>\n<td>\n<p><span style=\"font-family: tahoma,geneva,sans-serif;\"><span style=\"font-size: 12px;\"><span style=\"color: #000000;\"><img decoding=\"async\" class=\"lazyload HAa Eha\" style=\"border-width: 1px; border-style: solid; margin: 10px auto; display: block;\" alt=\"\" src=\"data:image\/gif;base64,R0lGODlhAQABAAAAACH5BAEKAAEALAAAAAABAAEAAAICTAEAOw==\" data-orig-src=\"https:\/\/lh4.googleusercontent.com\/-f4nIuhY3D8A\/VJFMrAbsTHI\/AAAAAAAAH5Y\/i0eJrR5tqGs\/w400-h300-no\/10.jpg\" \/><\/span><\/span><\/span><\/p>\n<\/td>\n<\/tr>\n<tr>\n<td dir=\"ltr\" colspan=\"2\">\n<p>&nbsp;<\/p>\n<\/td>\n<\/tr>\n<tr>\n<td dir=\"ltr\" colspan=\"2\">\n<p><span style=\"font-family: tahoma,geneva,sans-serif;\"><span style=\"font-size: 12px;\"><span style=\"color: #000000;\"><strong>&nbsp;&nbsp;&nbsp; Nga Zyra Qendrore e Rinis\u00eb <\/strong><\/span><\/span><\/span><\/p>\n<\/td>\n<\/tr>\n<\/tbody>\n<\/table>\n","protected":false},"excerpt":{"rendered":"<p>&nbsp;&nbsp;&nbsp; Me bekimin e Fortlumturis\u00eb s\u00eb tij Kryepiskopit Anastas edhe k\u00ebt\u00eb vit u zhvillua kampi p\u00ebr djem n\u00eb Manastirin e Hirsh\u00ebm t\u00eb Hyjlind\u00ebses Mari n\u00eb Zv\u00ebrnec t\u00eb Vlor\u00ebs. N\u00eb periudh\u00ebn e par\u00eb t\u00eb k\u00ebtij kampi n\u00eb datat 21 qershor \u2013 1 korrik 2008 merrnin pjes\u00eb f\u00ebmij\u00ebt e moshave 11-14 vje\u00e7. Rreth 150 f\u00ebmij\u00eb nga t\u00eb gjitha dioqezat e Shqip\u00ebris\u00eb mor\u00ebn pjes\u00eb n\u00eb k\u00ebt\u00eb kamp, t\u00eb<\/p>\n","protected":false},"author":1,"featured_media":0,"comment_status":"open","ping_status":"open","sticky":false,"template":"","format":"standard","meta":{"_acf_changed":false,"pagelayer_contact_templates":[],"_pagelayer_content":"","inline_featured_image":false,"fifu_image_url":"","fifu_image_alt":"","footnotes":""},"categories":[108],"tags":[146,196,212,176],"class_list":["post-699","post","type-post","status-publish","format-standard","hentry","category-lajme","tag-146","tag-tirane","tag-lajme-d27","tag-rinia-orthodhokse"],"acf":[],"yoast_head":"<!-- This site is optimized with the Yoast SEO plugin v27.2 - https:\/\/yoast.com\/product\/yoast-seo-wordpress\/ -->\n<title>Kampi i par\u00eb i djemve \u201cRilindja\u201d n\u00eb Zv\u00ebrnec. (2008) - Kisha Orthodh\u03bfkse Autoqefale e Shqip\u00ebris\u00eb<\/title>\n<meta name=\"robots\" content=\"index, follow, max-snippet:-1, max-image-preview:large, max-video-preview:-1\" \/>\n<link rel=\"canonical\" href=\"https:\/\/orthodoxalbania.org\/2020\/2008\/02\/26\/kampi-i-pare-i-djemve-rilindja-ne-zvernec-2008\/\" \/>\n<meta property=\"og:locale\" content=\"en_US\" \/>\n<meta property=\"og:type\" content=\"article\" \/>\n<meta property=\"og:title\" content=\"Kampi i par\u00eb i djemve \u201cRilindja\u201d n\u00eb Zv\u00ebrnec. (2008) - Kisha Orthodh\u03bfkse Autoqefale e Shqip\u00ebris\u00eb\" \/>\n<meta property=\"og:description\" content=\"&nbsp;&nbsp;&nbsp; Me bekimin e Fortlumturis\u00eb s\u00eb tij Kryepiskopit Anastas edhe k\u00ebt\u00eb vit u zhvillua kampi p\u00ebr djem n\u00eb Manastirin e Hirsh\u00ebm t\u00eb Hyjlind\u00ebses Mari n\u00eb Zv\u00ebrnec t\u00eb Vlor\u00ebs. N\u00eb periudh\u00ebn e par\u00eb t\u00eb k\u00ebtij kampi n\u00eb datat 21 qershor \u2013 1 korrik 2008 merrnin pjes\u00eb f\u00ebmij\u00ebt e moshave 11-14 vje\u00e7. Rreth 150 f\u00ebmij\u00eb nga t\u00eb gjitha dioqezat e Shqip\u00ebris\u00eb mor\u00ebn pjes\u00eb n\u00eb k\u00ebt\u00eb kamp, t\u00eb\" \/>\n<meta property=\"og:url\" content=\"https:\/\/orthodoxalbania.org\/2020\/2008\/02\/26\/kampi-i-pare-i-djemve-rilindja-ne-zvernec-2008\/\" \/>\n<meta property=\"og:site_name\" content=\"Kisha Orthodh\u03bfkse Autoqefale e Shqip\u00ebris\u00eb\" \/>\n<meta property=\"article:publisher\" content=\"https:\/\/www.facebook.com\/koash1991\" \/>\n<meta property=\"article:published_time\" content=\"2008-02-26T00:00:00+00:00\" \/>\n<meta property=\"article:modified_time\" content=\"2020-04-06T20:35:20+00:00\" \/>\n<meta property=\"og:image\" content=\"https:\/\/lh4.googleusercontent.com\/-RN0CUoP2ap0\/VJFMrG7iC7I\/AAAAAAAAH5k\/QRCJNbLAmPY\/w400-h300-no\/1.jpg\" \/>\n<meta name=\"author\" content=\"Kisha Orthodhokse\" \/>\n<meta name=\"twitter:card\" content=\"summary_large_image\" \/>\n<meta name=\"twitter:label1\" content=\"Written by\" \/>\n\t<meta name=\"twitter:data1\" content=\"Kisha Orthodhokse\" \/>\n\t<meta name=\"twitter:label2\" content=\"Est. reading time\" \/>\n\t<meta name=\"twitter:data2\" content=\"3 minutes\" \/>\n<script type=\"application\/ld+json\" class=\"yoast-schema-graph\">{\"@context\":\"https:\/\/schema.org\",\"@graph\":[{\"@type\":\"Article\",\"@id\":\"https:\/\/orthodoxalbania.org\/2020\/2008\/02\/26\/kampi-i-pare-i-djemve-rilindja-ne-zvernec-2008\/#article\",\"isPartOf\":{\"@id\":\"https:\/\/orthodoxalbania.org\/2020\/2008\/02\/26\/kampi-i-pare-i-djemve-rilindja-ne-zvernec-2008\/\"},\"author\":{\"name\":\"Kisha Orthodhokse\",\"@id\":\"https:\/\/orthodoxalbania.org\/2020\/#\/schema\/person\/0c387634a7063ac612d7ed9ce71c7e86\"},\"headline\":\"Kampi i par\u00eb i djemve \u201cRilindja\u201d n\u00eb Zv\u00ebrnec. (2008)\",\"datePublished\":\"2008-02-26T00:00:00+00:00\",\"dateModified\":\"2020-04-06T20:35:20+00:00\",\"mainEntityOfPage\":{\"@id\":\"https:\/\/orthodoxalbania.org\/2020\/2008\/02\/26\/kampi-i-pare-i-djemve-rilindja-ne-zvernec-2008\/\"},\"wordCount\":691,\"commentCount\":0,\"publisher\":{\"@id\":\"https:\/\/orthodoxalbania.org\/2020\/#organization\"},\"image\":{\"@id\":\"https:\/\/orthodoxalbania.org\/2020\/2008\/02\/26\/kampi-i-pare-i-djemve-rilindja-ne-zvernec-2008\/#primaryimage\"},\"thumbnailUrl\":\"https:\/\/lh4.googleusercontent.com\/-RN0CUoP2ap0\/VJFMrG7iC7I\/AAAAAAAAH5k\/QRCJNbLAmPY\/w400-h300-no\/1.jpg\",\"keywords\":[\"2008\",\"Kryepiskopata Tiran\u00eb\",\"lajme\",\"Rinia Orthodhokse\"],\"articleSection\":[\"Lajme\"],\"inLanguage\":\"en-US\"},{\"@type\":\"WebPage\",\"@id\":\"https:\/\/orthodoxalbania.org\/2020\/2008\/02\/26\/kampi-i-pare-i-djemve-rilindja-ne-zvernec-2008\/\",\"url\":\"https:\/\/orthodoxalbania.org\/2020\/2008\/02\/26\/kampi-i-pare-i-djemve-rilindja-ne-zvernec-2008\/\",\"name\":\"Kampi i par\u00eb i djemve \u201cRilindja\u201d n\u00eb Zv\u00ebrnec. (2008) - Kisha Orthodh\u03bfkse Autoqefale e Shqip\u00ebris\u00eb\",\"isPartOf\":{\"@id\":\"https:\/\/orthodoxalbania.org\/2020\/#website\"},\"primaryImageOfPage\":{\"@id\":\"https:\/\/orthodoxalbania.org\/2020\/2008\/02\/26\/kampi-i-pare-i-djemve-rilindja-ne-zvernec-2008\/#primaryimage\"},\"image\":{\"@id\":\"https:\/\/orthodoxalbania.org\/2020\/2008\/02\/26\/kampi-i-pare-i-djemve-rilindja-ne-zvernec-2008\/#primaryimage\"},\"thumbnailUrl\":\"https:\/\/lh4.googleusercontent.com\/-RN0CUoP2ap0\/VJFMrG7iC7I\/AAAAAAAAH5k\/QRCJNbLAmPY\/w400-h300-no\/1.jpg\",\"datePublished\":\"2008-02-26T00:00:00+00:00\",\"dateModified\":\"2020-04-06T20:35:20+00:00\",\"breadcrumb\":{\"@id\":\"https:\/\/orthodoxalbania.org\/2020\/2008\/02\/26\/kampi-i-pare-i-djemve-rilindja-ne-zvernec-2008\/#breadcrumb\"},\"inLanguage\":\"en-US\",\"potentialAction\":[{\"@type\":\"ReadAction\",\"target\":[\"https:\/\/orthodoxalbania.org\/2020\/2008\/02\/26\/kampi-i-pare-i-djemve-rilindja-ne-zvernec-2008\/\"]}]},{\"@type\":\"ImageObject\",\"inLanguage\":\"en-US\",\"@id\":\"https:\/\/orthodoxalbania.org\/2020\/2008\/02\/26\/kampi-i-pare-i-djemve-rilindja-ne-zvernec-2008\/#primaryimage\",\"url\":\"https:\/\/lh4.googleusercontent.com\/-RN0CUoP2ap0\/VJFMrG7iC7I\/AAAAAAAAH5k\/QRCJNbLAmPY\/w400-h300-no\/1.jpg\",\"contentUrl\":\"https:\/\/lh4.googleusercontent.com\/-RN0CUoP2ap0\/VJFMrG7iC7I\/AAAAAAAAH5k\/QRCJNbLAmPY\/w400-h300-no\/1.jpg\"},{\"@type\":\"BreadcrumbList\",\"@id\":\"https:\/\/orthodoxalbania.org\/2020\/2008\/02\/26\/kampi-i-pare-i-djemve-rilindja-ne-zvernec-2008\/#breadcrumb\",\"itemListElement\":[{\"@type\":\"ListItem\",\"position\":1,\"name\":\"Home\",\"item\":\"https:\/\/orthodoxalbania.org\/2020\/\"},{\"@type\":\"ListItem\",\"position\":2,\"name\":\"Kampi i par\u00eb i djemve \u201cRilindja\u201d n\u00eb Zv\u00ebrnec. (2008)\"}]},{\"@type\":\"WebSite\",\"@id\":\"https:\/\/orthodoxalbania.org\/2020\/#website\",\"url\":\"https:\/\/orthodoxalbania.org\/2020\/\",\"name\":\"Kisha Orthodh\u03bfkse Autoqefale e Shqip\u00ebris\u00eb\",\"description\":\"Fqja Zyrtare e Kish\u00ebs Orthodhokse Autoqefale e Shqip\u00ebris\u00eb me lajmet edhe informacionet zyrtare p\u00ebr struktur\u00ebn edhe veprimtarin e saj.\",\"publisher\":{\"@id\":\"https:\/\/orthodoxalbania.org\/2020\/#organization\"},\"potentialAction\":[{\"@type\":\"SearchAction\",\"target\":{\"@type\":\"EntryPoint\",\"urlTemplate\":\"https:\/\/orthodoxalbania.org\/2020\/?s={search_term_string}\"},\"query-input\":{\"@type\":\"PropertyValueSpecification\",\"valueRequired\":true,\"valueName\":\"search_term_string\"}}],\"inLanguage\":\"en-US\"},{\"@type\":\"Organization\",\"@id\":\"https:\/\/orthodoxalbania.org\/2020\/#organization\",\"name\":\"Kisha Orthodhokse Autoqefale e Shqip\u00ebris\u00eb\",\"url\":\"https:\/\/orthodoxalbania.org\/2020\/\",\"logo\":{\"@type\":\"ImageObject\",\"inLanguage\":\"en-US\",\"@id\":\"https:\/\/orthodoxalbania.org\/2020\/#\/schema\/logo\/image\/\",\"url\":\"https:\/\/orthodoxalbania.org\/2020\/wp-content\/uploads\/2020\/05\/albania.jpeg\",\"contentUrl\":\"https:\/\/orthodoxalbania.org\/2020\/wp-content\/uploads\/2020\/05\/albania.jpeg\",\"width\":540,\"height\":540,\"caption\":\"Kisha Orthodhokse Autoqefale e Shqip\u00ebris\u00eb\"},\"image\":{\"@id\":\"https:\/\/orthodoxalbania.org\/2020\/#\/schema\/logo\/image\/\"},\"sameAs\":[\"https:\/\/www.facebook.com\/koash1991\"]},{\"@type\":\"Person\",\"@id\":\"https:\/\/orthodoxalbania.org\/2020\/#\/schema\/person\/0c387634a7063ac612d7ed9ce71c7e86\",\"name\":\"Kisha Orthodhokse\",\"image\":{\"@type\":\"ImageObject\",\"inLanguage\":\"en-US\",\"@id\":\"https:\/\/secure.gravatar.com\/avatar\/596e7c417251e30f2fbb9c00e026fce61a695a00e51c889caded71c96cbbdde5?s=96&d=mm&r=g\",\"url\":\"https:\/\/secure.gravatar.com\/avatar\/596e7c417251e30f2fbb9c00e026fce61a695a00e51c889caded71c96cbbdde5?s=96&d=mm&r=g\",\"contentUrl\":\"https:\/\/secure.gravatar.com\/avatar\/596e7c417251e30f2fbb9c00e026fce61a695a00e51c889caded71c96cbbdde5?s=96&d=mm&r=g\",\"caption\":\"Kisha Orthodhokse\"}}]}<\/script>\n<!-- \/ Yoast SEO plugin. -->","yoast_head_json":{"title":"Kampi i par\u00eb i djemve \u201cRilindja\u201d n\u00eb Zv\u00ebrnec. (2008) - Kisha Orthodh\u03bfkse Autoqefale e Shqip\u00ebris\u00eb","robots":{"index":"index","follow":"follow","max-snippet":"max-snippet:-1","max-image-preview":"max-image-preview:large","max-video-preview":"max-video-preview:-1"},"canonical":"https:\/\/orthodoxalbania.org\/2020\/2008\/02\/26\/kampi-i-pare-i-djemve-rilindja-ne-zvernec-2008\/","og_locale":"en_US","og_type":"article","og_title":"Kampi i par\u00eb i djemve \u201cRilindja\u201d n\u00eb Zv\u00ebrnec. (2008) - Kisha Orthodh\u03bfkse Autoqefale e Shqip\u00ebris\u00eb","og_description":"&nbsp;&nbsp;&nbsp; Me bekimin e Fortlumturis\u00eb s\u00eb tij Kryepiskopit Anastas edhe k\u00ebt\u00eb vit u zhvillua kampi p\u00ebr djem n\u00eb Manastirin e Hirsh\u00ebm t\u00eb Hyjlind\u00ebses Mari n\u00eb Zv\u00ebrnec t\u00eb Vlor\u00ebs. N\u00eb periudh\u00ebn e par\u00eb t\u00eb k\u00ebtij kampi n\u00eb datat 21 qershor \u2013 1 korrik 2008 merrnin pjes\u00eb f\u00ebmij\u00ebt e moshave 11-14 vje\u00e7. Rreth 150 f\u00ebmij\u00eb nga t\u00eb gjitha dioqezat e Shqip\u00ebris\u00eb mor\u00ebn pjes\u00eb n\u00eb k\u00ebt\u00eb kamp, t\u00eb","og_url":"https:\/\/orthodoxalbania.org\/2020\/2008\/02\/26\/kampi-i-pare-i-djemve-rilindja-ne-zvernec-2008\/","og_site_name":"Kisha Orthodh\u03bfkse Autoqefale e Shqip\u00ebris\u00eb","article_publisher":"https:\/\/www.facebook.com\/koash1991","article_published_time":"2008-02-26T00:00:00+00:00","article_modified_time":"2020-04-06T20:35:20+00:00","og_image":[{"url":"https:\/\/lh4.googleusercontent.com\/-RN0CUoP2ap0\/VJFMrG7iC7I\/AAAAAAAAH5k\/QRCJNbLAmPY\/w400-h300-no\/1.jpg","type":"","width":"","height":""}],"author":"Kisha Orthodhokse","twitter_card":"summary_large_image","twitter_misc":{"Written by":"Kisha Orthodhokse","Est. reading time":"3 minutes"},"schema":{"@context":"https:\/\/schema.org","@graph":[{"@type":"Article","@id":"https:\/\/orthodoxalbania.org\/2020\/2008\/02\/26\/kampi-i-pare-i-djemve-rilindja-ne-zvernec-2008\/#article","isPartOf":{"@id":"https:\/\/orthodoxalbania.org\/2020\/2008\/02\/26\/kampi-i-pare-i-djemve-rilindja-ne-zvernec-2008\/"},"author":{"name":"Kisha Orthodhokse","@id":"https:\/\/orthodoxalbania.org\/2020\/#\/schema\/person\/0c387634a7063ac612d7ed9ce71c7e86"},"headline":"Kampi i par\u00eb i djemve \u201cRilindja\u201d n\u00eb Zv\u00ebrnec. (2008)","datePublished":"2008-02-26T00:00:00+00:00","dateModified":"2020-04-06T20:35:20+00:00","mainEntityOfPage":{"@id":"https:\/\/orthodoxalbania.org\/2020\/2008\/02\/26\/kampi-i-pare-i-djemve-rilindja-ne-zvernec-2008\/"},"wordCount":691,"commentCount":0,"publisher":{"@id":"https:\/\/orthodoxalbania.org\/2020\/#organization"},"image":{"@id":"https:\/\/orthodoxalbania.org\/2020\/2008\/02\/26\/kampi-i-pare-i-djemve-rilindja-ne-zvernec-2008\/#primaryimage"},"thumbnailUrl":"https:\/\/lh4.googleusercontent.com\/-RN0CUoP2ap0\/VJFMrG7iC7I\/AAAAAAAAH5k\/QRCJNbLAmPY\/w400-h300-no\/1.jpg","keywords":["2008","Kryepiskopata Tiran\u00eb","lajme","Rinia Orthodhokse"],"articleSection":["Lajme"],"inLanguage":"en-US"},{"@type":"WebPage","@id":"https:\/\/orthodoxalbania.org\/2020\/2008\/02\/26\/kampi-i-pare-i-djemve-rilindja-ne-zvernec-2008\/","url":"https:\/\/orthodoxalbania.org\/2020\/2008\/02\/26\/kampi-i-pare-i-djemve-rilindja-ne-zvernec-2008\/","name":"Kampi i par\u00eb i djemve \u201cRilindja\u201d n\u00eb Zv\u00ebrnec. (2008) - Kisha Orthodh\u03bfkse Autoqefale e Shqip\u00ebris\u00eb","isPartOf":{"@id":"https:\/\/orthodoxalbania.org\/2020\/#website"},"primaryImageOfPage":{"@id":"https:\/\/orthodoxalbania.org\/2020\/2008\/02\/26\/kampi-i-pare-i-djemve-rilindja-ne-zvernec-2008\/#primaryimage"},"image":{"@id":"https:\/\/orthodoxalbania.org\/2020\/2008\/02\/26\/kampi-i-pare-i-djemve-rilindja-ne-zvernec-2008\/#primaryimage"},"thumbnailUrl":"https:\/\/lh4.googleusercontent.com\/-RN0CUoP2ap0\/VJFMrG7iC7I\/AAAAAAAAH5k\/QRCJNbLAmPY\/w400-h300-no\/1.jpg","datePublished":"2008-02-26T00:00:00+00:00","dateModified":"2020-04-06T20:35:20+00:00","breadcrumb":{"@id":"https:\/\/orthodoxalbania.org\/2020\/2008\/02\/26\/kampi-i-pare-i-djemve-rilindja-ne-zvernec-2008\/#breadcrumb"},"inLanguage":"en-US","potentialAction":[{"@type":"ReadAction","target":["https:\/\/orthodoxalbania.org\/2020\/2008\/02\/26\/kampi-i-pare-i-djemve-rilindja-ne-zvernec-2008\/"]}]},{"@type":"ImageObject","inLanguage":"en-US","@id":"https:\/\/orthodoxalbania.org\/2020\/2008\/02\/26\/kampi-i-pare-i-djemve-rilindja-ne-zvernec-2008\/#primaryimage","url":"https:\/\/lh4.googleusercontent.com\/-RN0CUoP2ap0\/VJFMrG7iC7I\/AAAAAAAAH5k\/QRCJNbLAmPY\/w400-h300-no\/1.jpg","contentUrl":"https:\/\/lh4.googleusercontent.com\/-RN0CUoP2ap0\/VJFMrG7iC7I\/AAAAAAAAH5k\/QRCJNbLAmPY\/w400-h300-no\/1.jpg"},{"@type":"BreadcrumbList","@id":"https:\/\/orthodoxalbania.org\/2020\/2008\/02\/26\/kampi-i-pare-i-djemve-rilindja-ne-zvernec-2008\/#breadcrumb","itemListElement":[{"@type":"ListItem","position":1,"name":"Home","item":"https:\/\/orthodoxalbania.org\/2020\/"},{"@type":"ListItem","position":2,"name":"Kampi i par\u00eb i djemve \u201cRilindja\u201d n\u00eb Zv\u00ebrnec. (2008)"}]},{"@type":"WebSite","@id":"https:\/\/orthodoxalbania.org\/2020\/#website","url":"https:\/\/orthodoxalbania.org\/2020\/","name":"Kisha Orthodh\u03bfkse Autoqefale e Shqip\u00ebris\u00eb","description":"Fqja Zyrtare e Kish\u00ebs Orthodhokse Autoqefale e Shqip\u00ebris\u00eb me lajmet edhe informacionet zyrtare p\u00ebr struktur\u00ebn edhe veprimtarin e saj.","publisher":{"@id":"https:\/\/orthodoxalbania.org\/2020\/#organization"},"potentialAction":[{"@type":"SearchAction","target":{"@type":"EntryPoint","urlTemplate":"https:\/\/orthodoxalbania.org\/2020\/?s={search_term_string}"},"query-input":{"@type":"PropertyValueSpecification","valueRequired":true,"valueName":"search_term_string"}}],"inLanguage":"en-US"},{"@type":"Organization","@id":"https:\/\/orthodoxalbania.org\/2020\/#organization","name":"Kisha Orthodhokse Autoqefale e Shqip\u00ebris\u00eb","url":"https:\/\/orthodoxalbania.org\/2020\/","logo":{"@type":"ImageObject","inLanguage":"en-US","@id":"https:\/\/orthodoxalbania.org\/2020\/#\/schema\/logo\/image\/","url":"https:\/\/orthodoxalbania.org\/2020\/wp-content\/uploads\/2020\/05\/albania.jpeg","contentUrl":"https:\/\/orthodoxalbania.org\/2020\/wp-content\/uploads\/2020\/05\/albania.jpeg","width":540,"height":540,"caption":"Kisha Orthodhokse Autoqefale e Shqip\u00ebris\u00eb"},"image":{"@id":"https:\/\/orthodoxalbania.org\/2020\/#\/schema\/logo\/image\/"},"sameAs":["https:\/\/www.facebook.com\/koash1991"]},{"@type":"Person","@id":"https:\/\/orthodoxalbania.org\/2020\/#\/schema\/person\/0c387634a7063ac612d7ed9ce71c7e86","name":"Kisha Orthodhokse","image":{"@type":"ImageObject","inLanguage":"en-US","@id":"https:\/\/secure.gravatar.com\/avatar\/596e7c417251e30f2fbb9c00e026fce61a695a00e51c889caded71c96cbbdde5?s=96&d=mm&r=g","url":"https:\/\/secure.gravatar.com\/avatar\/596e7c417251e30f2fbb9c00e026fce61a695a00e51c889caded71c96cbbdde5?s=96&d=mm&r=g","contentUrl":"https:\/\/secure.gravatar.com\/avatar\/596e7c417251e30f2fbb9c00e026fce61a695a00e51c889caded71c96cbbdde5?s=96&d=mm&r=g","caption":"Kisha Orthodhokse"}}]}},"_links":{"self":[{"href":"https:\/\/orthodoxalbania.org\/2020\/wp-json\/wp\/v2\/posts\/699","targetHints":{"allow":["GET"]}}],"collection":[{"href":"https:\/\/orthodoxalbania.org\/2020\/wp-json\/wp\/v2\/posts"}],"about":[{"href":"https:\/\/orthodoxalbania.org\/2020\/wp-json\/wp\/v2\/types\/post"}],"author":[{"embeddable":true,"href":"https:\/\/orthodoxalbania.org\/2020\/wp-json\/wp\/v2\/users\/1"}],"replies":[{"embeddable":true,"href":"https:\/\/orthodoxalbania.org\/2020\/wp-json\/wp\/v2\/comments?post=699"}],"version-history":[{"count":1,"href":"https:\/\/orthodoxalbania.org\/2020\/wp-json\/wp\/v2\/posts\/699\/revisions"}],"predecessor-version":[{"id":15653,"href":"https:\/\/orthodoxalbania.org\/2020\/wp-json\/wp\/v2\/posts\/699\/revisions\/15653"}],"wp:attachment":[{"href":"https:\/\/orthodoxalbania.org\/2020\/wp-json\/wp\/v2\/media?parent=699"}],"wp:term":[{"taxonomy":"category","embeddable":true,"href":"https:\/\/orthodoxalbania.org\/2020\/wp-json\/wp\/v2\/categories?post=699"},{"taxonomy":"post_tag","embeddable":true,"href":"https:\/\/orthodoxalbania.org\/2020\/wp-json\/wp\/v2\/tags?post=699"}],"curies":[{"name":"wp","href":"https:\/\/api.w.org\/{rel}","templated":true}]}}