{"id":698,"date":"2006-02-26T00:00:00","date_gmt":"2006-02-26T00:00:00","guid":{"rendered":""},"modified":"2020-04-06T22:36:00","modified_gmt":"2020-04-06T20:36:00","slug":"kampi-i-pare-i-djemve-rilindja-ne-shen-vlash-korrik-06","status":"publish","type":"post","link":"https:\/\/orthodoxalbania.org\/2020\/2006\/02\/26\/kampi-i-pare-i-djemve-rilindja-ne-shen-vlash-korrik-06\/","title":{"rendered":"Kampi i Par\u00eb i djemve &#8220;Rilindja&#8221; n\u00eb Sh\u00ebn Vlash. (26 Qershor &#8211; 6 Korrik 2006)"},"content":{"rendered":"<div style=\"text-align: justify;\"><span style=\"color: #000000;\"><span style=\"font-family: tahoma,geneva,sans-serif;\"><span style=\"font-size: 12px;\"><img decoding=\"async\" class=\"lazyload HAa Eha\" style=\"border-width: 1px; border-style: solid; margin: 10px; float: left;\" alt=\"\" src=\"data:image\/svg+xml,%3Csvg%20xmlns%3D%27http%3A%2F%2Fwww.w3.org%2F2000%2Fsvg%27%20width%3D%27231%27%20height%3D%27174%27%20viewBox%3D%270%200%20231%20174%27%3E%3Crect%20width%3D%27231%27%20height%3D%27174%27%20fill-opacity%3D%220%22%2F%3E%3C%2Fsvg%3E\" data-orig-src=\"https:\/\/lh5.googleusercontent.com\/hzaBJV8qclpeLQS82GY0rUpDfYXHp0VXOzFiXfeLkuk=w400-h300-no\" height=\"174\" width=\"231\" \/> &nbsp; &nbsp; Bashk\u00eb me stin\u00ebn e bukur t\u00eb ver\u00ebs dhe p\u00ebrfundimin e m\u00ebsimeve shkollore, f\u00ebmij\u00ebt prit\u00ebn me padurim kampin \u201cRilindja\u201d q\u00eb organizon \u00e7do vit n\u00eb k\u00ebt\u00eb sezon Kisha Orthodhokse e Shqip\u00ebris\u00eb. Ky kamp ndryshe nga vitet e tjera nuk u zhvillua n\u00eb manastirin e Zv\u00ebrnecit, por n\u00eb manastirin e Sh\u00ebn Vlashit, n\u00eb Durr\u00ebs, dhe ishte p\u00ebrshtatur p\u00ebr moshat 11-14 vje\u00e7. Kampi filloi n\u00eb dat\u00ebn 26 qershor dhe p\u00ebrfundoi n\u00eb 6 korrik. N\u00eb t\u00eb mor\u00ebn pjes\u00eb rreth 130 f\u00ebmij\u00eb nga i gjith\u00eb vendi.<\/span><\/span><\/span><\/div>\n<div style=\"text-align: justify;\">&nbsp;<\/div>\n<div style=\"text-align: justify;\"><span style=\"color: #000000;\"><span style=\"font-family: tahoma,geneva,sans-serif;\"><span style=\"font-size: 12px;\">&nbsp;&nbsp;&nbsp; Programi ishte rregulluar aq bukur q\u00eb f\u00ebmij\u00ebt t\u00eb pushonin, t\u00eb arg\u00ebtoheshin, t\u00eb njiheshin e t\u00eb miq\u00ebsoheshin me njeri-tjetrin, t\u00eb m\u00ebsonin dhe zhvillonin m\u00eb shum\u00eb p\u00ebrjetimin e tyre rreth besimit t\u00eb krishter\u00eb orthodhoks.<\/span><\/span><\/span><\/div>\n<div style=\"text-align: justify;\">&nbsp;<\/div>\n<div style=\"text-align: justify;\"><span style=\"color: #000000;\"><span style=\"font-family: tahoma,geneva,sans-serif;\"><span style=\"font-size: 12px;\">&nbsp;&nbsp;&nbsp; Tema e kampit t\u00eb sivjetsh\u00ebm ishte: \u201cLum\u00ebrimet\u201d, fragment nga predikimi n\u00eb mal i Jisu Krishtit, tem\u00eb q\u00eb referohej vazhdimisht me shembuj praktik\u00eb nga jeta e p\u00ebrditshme dhe f\u00ebminore. \u00c7do dit\u00eb zhvilloheshin sh\u00ebrbesa kishtare si dhe tema shpirt\u00ebrore q\u00eb referoheshin nga katekist\u00ebt q\u00eb ishin drejtues grupesh ose nga klerik\u00eb e teolog\u00eb t\u00eb ftuar.<\/span><\/span><\/span><\/div>\n<div style=\"text-align: justify;\"> <span style=\"color: #000000;\"><span style=\"font-family: tahoma,geneva,sans-serif;\"><span style=\"font-size: 12px;\">&nbsp;&nbsp;&nbsp; Programi niste me sh\u00ebrbes\u00ebn e M\u00ebngjesores duke u pasuar me ngr\u00ebnien e m\u00ebngjesit, vjatjen n\u00eb plazh, drek\u00ebn, koh\u00ebn e pushimit dhe m\u00eb pas me aktivitetet arg\u00ebtuese e sportive. Pasdite vazhdonte me ngr\u00ebnien e zemr\u00ebs (nj\u00eb \u00ebmb\u00eblsir\u00eb\/ fruta) e m\u00eb pas me bisedat shpirt\u00ebrore, gjat\u00eb t\u00eb cilave f\u00ebmij\u00ebt b\u00ebnin shum\u00eb pyetje p\u00ebr t\u00eb m\u00ebsuar edhe m\u00eb shum\u00eb rreth besimit t\u00eb krishter\u00eb orthodhoks. N\u00eb k\u00ebt\u00eb kamp pati edhe bekime t\u00eb ve\u00e7anta, nd\u00ebr t\u00eb cilat vlen t\u00eb p\u00ebrmendim pag\u00ebzimin e 28 f\u00ebmij\u00ebve katikumen\u00eb, t\u00eb cil\u00ebt u b\u00ebn\u00eb edhe ata an\u00ebtar\u00eb t\u00eb Kish\u00ebs.<\/span><\/span><\/span><\/div>\n<div style=\"text-align: justify;\">&nbsp;<\/div>\n<div style=\"text-align: justify;\"><span style=\"color: #000000;\"><span style=\"font-family: tahoma,geneva,sans-serif;\"><span style=\"font-size: 12px;\"><img decoding=\"async\" class=\"lazyload HAa Eha\" style=\"height: 216px; width: 300px; border-width: 1px; border-style: solid; margin: 10px; float: right;\" alt=\"\" src=\"data:image\/gif;base64,R0lGODlhAQABAAAAACH5BAEKAAEALAAAAAABAAEAAAICTAEAOw==\" data-orig-src=\"https:\/\/lh5.googleusercontent.com\/-MVjIlUM-Mkg\/VIbyGy3K77I\/AAAAAAAAFiU\/_kXT6c62XOg\/w400-h288-no\/untitled2.jpg\" \/> &nbsp; &nbsp; Gjithashtu nj\u00eb g\u00ebzim i ve\u00e7ant\u00eb p\u00ebr ta ishte takimi me Kryepiskopin Anastas, i cili kujdeset p\u00ebr mbar\u00ebvajtjen e kampeve dhe krijimin e kushteve t\u00eb mira n\u00eb to. N\u00eb nj\u00eb drek\u00eb me Kryepiskopin ata prezantuan nj\u00eb program me k\u00ebng\u00eb t\u00eb krishtera dhe recitime, duke e fal\u00ebnderuar at\u00eb p\u00ebr k\u00ebt\u00eb dhurat\u00eb t\u00eb bukur q\u00eb iu b\u00ebn \u00e7do ver\u00eb. Nga ana e tij, Kryepiskopi iu premtoi f\u00ebmij\u00ebve se edhe n\u00eb t\u00eb ardhmen Kisha do t\u00eb q\u00ebndroj\u00eb gjithmon\u00eb pran\u00eb tyre, duke iu k\u00ebrkuar n\u00eb t\u00eb nj\u00ebjt\u00ebn koh\u00eb t\u00eb jen\u00eb aktiv\u00eb n\u00eb jet\u00ebn kishtare dhe n\u00eb t\u00eb gjitha veprimtarit\u00eb q\u00eb organizon Kisha Orthodhokse p\u00ebr t\u00eb njohur edhe m\u00eb shum\u00eb Krishtin dhe p\u00ebr t\u00eb jetuar brenda miq\u00ebsis\u00eb s\u00eb krishter\u00eb.<\/span><\/span><\/span><\/div>\n<div style=\"text-align: justify;\">&nbsp;<\/div>\n<div style=\"text-align: justify;\"><span style=\"color: #000000;\"><span style=\"font-family: tahoma,geneva,sans-serif;\"><span style=\"font-size: 12px;\">&nbsp;&nbsp;&nbsp; Dita e fundit e kampit ishte 6 korriku. T\u00eb gjith\u00eb f\u00ebmij\u00ebt u larguan nga kampi me mbresat m\u00eb t\u00eb mira p\u00ebr t\u2019u rikthyer s\u00ebrish vitin tjet\u00ebr.<\/span><\/span><\/span><\/div>\n<div style=\"text-align: justify;\">&nbsp;<\/div>\n<div style=\"text-align: center;\"><img decoding=\"async\" class=\"lazyload HAa Eha\" style=\"height: 216px; width: 300px; border-width: 1px; border-style: solid; margin: 10px;\" alt=\"\" src=\"data:image\/gif;base64,R0lGODlhAQABAAAAACH5BAEKAAEALAAAAAABAAEAAAICTAEAOw==\" data-orig-src=\"https:\/\/lh5.googleusercontent.com\/-b0HrdY-hO9E\/VIbyGQUX4HI\/AAAAAAAAFiA\/BM77hDLTPpo\/w448-h322-no\/pic4.jpg\" \/><\/div>\n<div style=\"text-align: center;\">&nbsp;<\/div>\n<div style=\"text-align: center;\"><img decoding=\"async\" class=\"lazyload HAa Eha\" style=\"height: 225px; width: 300px; border-width: 1px; border-style: solid; margin: 10px;\" alt=\"\" src=\"data:image\/gif;base64,R0lGODlhAQABAAAAACH5BAEKAAEALAAAAAABAAEAAAICTAEAOw==\" data-orig-src=\"https:\/\/lh4.googleusercontent.com\/-wMvQ5ra0hyA\/VIbyHE0HmTI\/AAAAAAAAFiI\/2Q48eq9NM6o\/w400-h300-no\/untitled3.jpg\" \/><\/div>\n<div style=\"text-align: center;\">&nbsp;<\/div>\n<div style=\"text-align: center;\"><img decoding=\"async\" class=\"lazyload HAa Eha\" style=\"height: 225px; width: 300px; border-width: 1px; border-style: solid; margin: 10px;\" alt=\"\" src=\"data:image\/gif;base64,R0lGODlhAQABAAAAACH5BAEKAAEALAAAAAABAAEAAAICTAEAOw==\" data-orig-src=\"https:\/\/lh4.googleusercontent.com\/-UqNPPQFle4g\/VIbyHrCxVZI\/AAAAAAAAFiY\/b_y366aLwd4\/w400-h300-no\/untitled5.jpg\" \/><\/div>\n","protected":false},"excerpt":{"rendered":"<p>&nbsp; &nbsp; Bashk\u00eb me stin\u00ebn e bukur t\u00eb ver\u00ebs dhe p\u00ebrfundimin e m\u00ebsimeve shkollore, f\u00ebmij\u00ebt prit\u00ebn me padurim kampin \u201cRilindja\u201d q\u00eb organizon \u00e7do vit n\u00eb k\u00ebt\u00eb sezon Kisha Orthodhokse e Shqip\u00ebris\u00eb. Ky kamp ndryshe nga vitet e tjera nuk u zhvillua n\u00eb manastirin e Zv\u00ebrnecit, por n\u00eb manastirin e Sh\u00ebn Vlashit, n\u00eb Durr\u00ebs, dhe ishte p\u00ebrshtatur p\u00ebr moshat 11-14 vje\u00e7. Kampi filloi n\u00eb dat\u00ebn 26<\/p>\n","protected":false},"author":1,"featured_media":0,"comment_status":"open","ping_status":"open","sticky":false,"template":"","format":"standard","meta":{"_acf_changed":false,"pagelayer_contact_templates":[],"_pagelayer_content":"","inline_featured_image":false,"fifu_image_url":"","fifu_image_alt":"","footnotes":""},"categories":[108],"tags":[148,200,196,212,176],"class_list":["post-698","post","type-post","status-publish","format-standard","hentry","category-lajme","tag-148","tag-kampe-verore","tag-tirane","tag-lajme-d27","tag-rinia-orthodhokse"],"acf":[],"yoast_head":"<!-- This site is optimized with the Yoast SEO plugin v27.2 - https:\/\/yoast.com\/product\/yoast-seo-wordpress\/ -->\n<title>Kampi i Par\u00eb i djemve &quot;Rilindja&quot; n\u00eb Sh\u00ebn Vlash. (26 Qershor - 6 Korrik 2006) - Kisha Orthodh\u03bfkse Autoqefale e Shqip\u00ebris\u00eb<\/title>\n<meta name=\"robots\" content=\"index, follow, max-snippet:-1, max-image-preview:large, max-video-preview:-1\" \/>\n<link rel=\"canonical\" href=\"https:\/\/orthodoxalbania.org\/2020\/2006\/02\/26\/kampi-i-pare-i-djemve-rilindja-ne-shen-vlash-korrik-06\/\" \/>\n<meta property=\"og:locale\" content=\"en_US\" \/>\n<meta property=\"og:type\" content=\"article\" \/>\n<meta property=\"og:title\" content=\"Kampi i Par\u00eb i djemve &quot;Rilindja&quot; n\u00eb Sh\u00ebn Vlash. (26 Qershor - 6 Korrik 2006) - Kisha Orthodh\u03bfkse Autoqefale e Shqip\u00ebris\u00eb\" \/>\n<meta property=\"og:description\" content=\"&nbsp; &nbsp; Bashk\u00eb me stin\u00ebn e bukur t\u00eb ver\u00ebs dhe p\u00ebrfundimin e m\u00ebsimeve shkollore, f\u00ebmij\u00ebt prit\u00ebn me padurim kampin \u201cRilindja\u201d q\u00eb organizon \u00e7do vit n\u00eb k\u00ebt\u00eb sezon Kisha Orthodhokse e Shqip\u00ebris\u00eb. Ky kamp ndryshe nga vitet e tjera nuk u zhvillua n\u00eb manastirin e Zv\u00ebrnecit, por n\u00eb manastirin e Sh\u00ebn Vlashit, n\u00eb Durr\u00ebs, dhe ishte p\u00ebrshtatur p\u00ebr moshat 11-14 vje\u00e7. Kampi filloi n\u00eb dat\u00ebn 26\" \/>\n<meta property=\"og:url\" content=\"https:\/\/orthodoxalbania.org\/2020\/2006\/02\/26\/kampi-i-pare-i-djemve-rilindja-ne-shen-vlash-korrik-06\/\" \/>\n<meta property=\"og:site_name\" content=\"Kisha Orthodh\u03bfkse Autoqefale e Shqip\u00ebris\u00eb\" \/>\n<meta property=\"article:publisher\" content=\"https:\/\/www.facebook.com\/koash1991\" \/>\n<meta property=\"article:published_time\" content=\"2006-02-26T00:00:00+00:00\" \/>\n<meta property=\"article:modified_time\" content=\"2020-04-06T20:36:00+00:00\" \/>\n<meta property=\"og:image\" content=\"https:\/\/lh5.googleusercontent.com\/hzaBJV8qclpeLQS82GY0rUpDfYXHp0VXOzFiXfeLkuk=w400-h300-no\" \/>\n<meta name=\"author\" content=\"Kisha Orthodhokse\" \/>\n<meta name=\"twitter:card\" content=\"summary_large_image\" \/>\n<meta name=\"twitter:label1\" content=\"Written by\" \/>\n\t<meta name=\"twitter:data1\" content=\"Kisha Orthodhokse\" \/>\n\t<meta name=\"twitter:label2\" content=\"Est. reading time\" \/>\n\t<meta name=\"twitter:data2\" content=\"2 minutes\" \/>\n<script type=\"application\/ld+json\" class=\"yoast-schema-graph\">{\"@context\":\"https:\/\/schema.org\",\"@graph\":[{\"@type\":\"Article\",\"@id\":\"https:\/\/orthodoxalbania.org\/2020\/2006\/02\/26\/kampi-i-pare-i-djemve-rilindja-ne-shen-vlash-korrik-06\/#article\",\"isPartOf\":{\"@id\":\"https:\/\/orthodoxalbania.org\/2020\/2006\/02\/26\/kampi-i-pare-i-djemve-rilindja-ne-shen-vlash-korrik-06\/\"},\"author\":{\"name\":\"Kisha Orthodhokse\",\"@id\":\"https:\/\/orthodoxalbania.org\/2020\/#\/schema\/person\/0c387634a7063ac612d7ed9ce71c7e86\"},\"headline\":\"Kampi i Par\u00eb i djemve &#8220;Rilindja&#8221; n\u00eb Sh\u00ebn Vlash. (26 Qershor &#8211; 6 Korrik 2006)\",\"datePublished\":\"2006-02-26T00:00:00+00:00\",\"dateModified\":\"2020-04-06T20:36:00+00:00\",\"mainEntityOfPage\":{\"@id\":\"https:\/\/orthodoxalbania.org\/2020\/2006\/02\/26\/kampi-i-pare-i-djemve-rilindja-ne-shen-vlash-korrik-06\/\"},\"wordCount\":508,\"commentCount\":0,\"publisher\":{\"@id\":\"https:\/\/orthodoxalbania.org\/2020\/#organization\"},\"image\":{\"@id\":\"https:\/\/orthodoxalbania.org\/2020\/2006\/02\/26\/kampi-i-pare-i-djemve-rilindja-ne-shen-vlash-korrik-06\/#primaryimage\"},\"thumbnailUrl\":\"https:\/\/lh5.googleusercontent.com\/hzaBJV8qclpeLQS82GY0rUpDfYXHp0VXOzFiXfeLkuk=w400-h300-no\",\"keywords\":[\"2006\",\"Kampe verore\",\"Kryepiskopata Tiran\u00eb\",\"lajme\",\"Rinia Orthodhokse\"],\"articleSection\":[\"Lajme\"],\"inLanguage\":\"en-US\"},{\"@type\":\"WebPage\",\"@id\":\"https:\/\/orthodoxalbania.org\/2020\/2006\/02\/26\/kampi-i-pare-i-djemve-rilindja-ne-shen-vlash-korrik-06\/\",\"url\":\"https:\/\/orthodoxalbania.org\/2020\/2006\/02\/26\/kampi-i-pare-i-djemve-rilindja-ne-shen-vlash-korrik-06\/\",\"name\":\"Kampi i Par\u00eb i djemve \\\"Rilindja\\\" n\u00eb Sh\u00ebn Vlash. (26 Qershor - 6 Korrik 2006) - Kisha Orthodh\u03bfkse Autoqefale e Shqip\u00ebris\u00eb\",\"isPartOf\":{\"@id\":\"https:\/\/orthodoxalbania.org\/2020\/#website\"},\"primaryImageOfPage\":{\"@id\":\"https:\/\/orthodoxalbania.org\/2020\/2006\/02\/26\/kampi-i-pare-i-djemve-rilindja-ne-shen-vlash-korrik-06\/#primaryimage\"},\"image\":{\"@id\":\"https:\/\/orthodoxalbania.org\/2020\/2006\/02\/26\/kampi-i-pare-i-djemve-rilindja-ne-shen-vlash-korrik-06\/#primaryimage\"},\"thumbnailUrl\":\"https:\/\/lh5.googleusercontent.com\/hzaBJV8qclpeLQS82GY0rUpDfYXHp0VXOzFiXfeLkuk=w400-h300-no\",\"datePublished\":\"2006-02-26T00:00:00+00:00\",\"dateModified\":\"2020-04-06T20:36:00+00:00\",\"breadcrumb\":{\"@id\":\"https:\/\/orthodoxalbania.org\/2020\/2006\/02\/26\/kampi-i-pare-i-djemve-rilindja-ne-shen-vlash-korrik-06\/#breadcrumb\"},\"inLanguage\":\"en-US\",\"potentialAction\":[{\"@type\":\"ReadAction\",\"target\":[\"https:\/\/orthodoxalbania.org\/2020\/2006\/02\/26\/kampi-i-pare-i-djemve-rilindja-ne-shen-vlash-korrik-06\/\"]}]},{\"@type\":\"ImageObject\",\"inLanguage\":\"en-US\",\"@id\":\"https:\/\/orthodoxalbania.org\/2020\/2006\/02\/26\/kampi-i-pare-i-djemve-rilindja-ne-shen-vlash-korrik-06\/#primaryimage\",\"url\":\"https:\/\/lh5.googleusercontent.com\/hzaBJV8qclpeLQS82GY0rUpDfYXHp0VXOzFiXfeLkuk=w400-h300-no\",\"contentUrl\":\"https:\/\/lh5.googleusercontent.com\/hzaBJV8qclpeLQS82GY0rUpDfYXHp0VXOzFiXfeLkuk=w400-h300-no\"},{\"@type\":\"BreadcrumbList\",\"@id\":\"https:\/\/orthodoxalbania.org\/2020\/2006\/02\/26\/kampi-i-pare-i-djemve-rilindja-ne-shen-vlash-korrik-06\/#breadcrumb\",\"itemListElement\":[{\"@type\":\"ListItem\",\"position\":1,\"name\":\"Home\",\"item\":\"https:\/\/orthodoxalbania.org\/2020\/\"},{\"@type\":\"ListItem\",\"position\":2,\"name\":\"Kampi i Par\u00eb i djemve &#8220;Rilindja&#8221; n\u00eb Sh\u00ebn Vlash. (26 Qershor &#8211; 6 Korrik 2006)\"}]},{\"@type\":\"WebSite\",\"@id\":\"https:\/\/orthodoxalbania.org\/2020\/#website\",\"url\":\"https:\/\/orthodoxalbania.org\/2020\/\",\"name\":\"Kisha Orthodh\u03bfkse Autoqefale e Shqip\u00ebris\u00eb\",\"description\":\"Fqja Zyrtare e Kish\u00ebs Orthodhokse Autoqefale e Shqip\u00ebris\u00eb me lajmet edhe informacionet zyrtare p\u00ebr struktur\u00ebn edhe veprimtarin e saj.\",\"publisher\":{\"@id\":\"https:\/\/orthodoxalbania.org\/2020\/#organization\"},\"potentialAction\":[{\"@type\":\"SearchAction\",\"target\":{\"@type\":\"EntryPoint\",\"urlTemplate\":\"https:\/\/orthodoxalbania.org\/2020\/?s={search_term_string}\"},\"query-input\":{\"@type\":\"PropertyValueSpecification\",\"valueRequired\":true,\"valueName\":\"search_term_string\"}}],\"inLanguage\":\"en-US\"},{\"@type\":\"Organization\",\"@id\":\"https:\/\/orthodoxalbania.org\/2020\/#organization\",\"name\":\"Kisha Orthodhokse Autoqefale e Shqip\u00ebris\u00eb\",\"url\":\"https:\/\/orthodoxalbania.org\/2020\/\",\"logo\":{\"@type\":\"ImageObject\",\"inLanguage\":\"en-US\",\"@id\":\"https:\/\/orthodoxalbania.org\/2020\/#\/schema\/logo\/image\/\",\"url\":\"https:\/\/orthodoxalbania.org\/2020\/wp-content\/uploads\/2020\/05\/albania.jpeg\",\"contentUrl\":\"https:\/\/orthodoxalbania.org\/2020\/wp-content\/uploads\/2020\/05\/albania.jpeg\",\"width\":540,\"height\":540,\"caption\":\"Kisha Orthodhokse Autoqefale e Shqip\u00ebris\u00eb\"},\"image\":{\"@id\":\"https:\/\/orthodoxalbania.org\/2020\/#\/schema\/logo\/image\/\"},\"sameAs\":[\"https:\/\/www.facebook.com\/koash1991\"]},{\"@type\":\"Person\",\"@id\":\"https:\/\/orthodoxalbania.org\/2020\/#\/schema\/person\/0c387634a7063ac612d7ed9ce71c7e86\",\"name\":\"Kisha Orthodhokse\",\"image\":{\"@type\":\"ImageObject\",\"inLanguage\":\"en-US\",\"@id\":\"https:\/\/secure.gravatar.com\/avatar\/596e7c417251e30f2fbb9c00e026fce61a695a00e51c889caded71c96cbbdde5?s=96&d=mm&r=g\",\"url\":\"https:\/\/secure.gravatar.com\/avatar\/596e7c417251e30f2fbb9c00e026fce61a695a00e51c889caded71c96cbbdde5?s=96&d=mm&r=g\",\"contentUrl\":\"https:\/\/secure.gravatar.com\/avatar\/596e7c417251e30f2fbb9c00e026fce61a695a00e51c889caded71c96cbbdde5?s=96&d=mm&r=g\",\"caption\":\"Kisha Orthodhokse\"}}]}<\/script>\n<!-- \/ Yoast SEO plugin. -->","yoast_head_json":{"title":"Kampi i Par\u00eb i djemve \"Rilindja\" n\u00eb Sh\u00ebn Vlash. (26 Qershor - 6 Korrik 2006) - Kisha Orthodh\u03bfkse Autoqefale e Shqip\u00ebris\u00eb","robots":{"index":"index","follow":"follow","max-snippet":"max-snippet:-1","max-image-preview":"max-image-preview:large","max-video-preview":"max-video-preview:-1"},"canonical":"https:\/\/orthodoxalbania.org\/2020\/2006\/02\/26\/kampi-i-pare-i-djemve-rilindja-ne-shen-vlash-korrik-06\/","og_locale":"en_US","og_type":"article","og_title":"Kampi i Par\u00eb i djemve \"Rilindja\" n\u00eb Sh\u00ebn Vlash. (26 Qershor - 6 Korrik 2006) - Kisha Orthodh\u03bfkse Autoqefale e Shqip\u00ebris\u00eb","og_description":"&nbsp; &nbsp; Bashk\u00eb me stin\u00ebn e bukur t\u00eb ver\u00ebs dhe p\u00ebrfundimin e m\u00ebsimeve shkollore, f\u00ebmij\u00ebt prit\u00ebn me padurim kampin \u201cRilindja\u201d q\u00eb organizon \u00e7do vit n\u00eb k\u00ebt\u00eb sezon Kisha Orthodhokse e Shqip\u00ebris\u00eb. Ky kamp ndryshe nga vitet e tjera nuk u zhvillua n\u00eb manastirin e Zv\u00ebrnecit, por n\u00eb manastirin e Sh\u00ebn Vlashit, n\u00eb Durr\u00ebs, dhe ishte p\u00ebrshtatur p\u00ebr moshat 11-14 vje\u00e7. Kampi filloi n\u00eb dat\u00ebn 26","og_url":"https:\/\/orthodoxalbania.org\/2020\/2006\/02\/26\/kampi-i-pare-i-djemve-rilindja-ne-shen-vlash-korrik-06\/","og_site_name":"Kisha Orthodh\u03bfkse Autoqefale e Shqip\u00ebris\u00eb","article_publisher":"https:\/\/www.facebook.com\/koash1991","article_published_time":"2006-02-26T00:00:00+00:00","article_modified_time":"2020-04-06T20:36:00+00:00","og_image":[{"url":"https:\/\/lh5.googleusercontent.com\/hzaBJV8qclpeLQS82GY0rUpDfYXHp0VXOzFiXfeLkuk=w400-h300-no","type":"","width":"","height":""}],"author":"Kisha Orthodhokse","twitter_card":"summary_large_image","twitter_misc":{"Written by":"Kisha Orthodhokse","Est. reading time":"2 minutes"},"schema":{"@context":"https:\/\/schema.org","@graph":[{"@type":"Article","@id":"https:\/\/orthodoxalbania.org\/2020\/2006\/02\/26\/kampi-i-pare-i-djemve-rilindja-ne-shen-vlash-korrik-06\/#article","isPartOf":{"@id":"https:\/\/orthodoxalbania.org\/2020\/2006\/02\/26\/kampi-i-pare-i-djemve-rilindja-ne-shen-vlash-korrik-06\/"},"author":{"name":"Kisha Orthodhokse","@id":"https:\/\/orthodoxalbania.org\/2020\/#\/schema\/person\/0c387634a7063ac612d7ed9ce71c7e86"},"headline":"Kampi i Par\u00eb i djemve &#8220;Rilindja&#8221; n\u00eb Sh\u00ebn Vlash. (26 Qershor &#8211; 6 Korrik 2006)","datePublished":"2006-02-26T00:00:00+00:00","dateModified":"2020-04-06T20:36:00+00:00","mainEntityOfPage":{"@id":"https:\/\/orthodoxalbania.org\/2020\/2006\/02\/26\/kampi-i-pare-i-djemve-rilindja-ne-shen-vlash-korrik-06\/"},"wordCount":508,"commentCount":0,"publisher":{"@id":"https:\/\/orthodoxalbania.org\/2020\/#organization"},"image":{"@id":"https:\/\/orthodoxalbania.org\/2020\/2006\/02\/26\/kampi-i-pare-i-djemve-rilindja-ne-shen-vlash-korrik-06\/#primaryimage"},"thumbnailUrl":"https:\/\/lh5.googleusercontent.com\/hzaBJV8qclpeLQS82GY0rUpDfYXHp0VXOzFiXfeLkuk=w400-h300-no","keywords":["2006","Kampe verore","Kryepiskopata Tiran\u00eb","lajme","Rinia Orthodhokse"],"articleSection":["Lajme"],"inLanguage":"en-US"},{"@type":"WebPage","@id":"https:\/\/orthodoxalbania.org\/2020\/2006\/02\/26\/kampi-i-pare-i-djemve-rilindja-ne-shen-vlash-korrik-06\/","url":"https:\/\/orthodoxalbania.org\/2020\/2006\/02\/26\/kampi-i-pare-i-djemve-rilindja-ne-shen-vlash-korrik-06\/","name":"Kampi i Par\u00eb i djemve \"Rilindja\" n\u00eb Sh\u00ebn Vlash. (26 Qershor - 6 Korrik 2006) - Kisha Orthodh\u03bfkse Autoqefale e Shqip\u00ebris\u00eb","isPartOf":{"@id":"https:\/\/orthodoxalbania.org\/2020\/#website"},"primaryImageOfPage":{"@id":"https:\/\/orthodoxalbania.org\/2020\/2006\/02\/26\/kampi-i-pare-i-djemve-rilindja-ne-shen-vlash-korrik-06\/#primaryimage"},"image":{"@id":"https:\/\/orthodoxalbania.org\/2020\/2006\/02\/26\/kampi-i-pare-i-djemve-rilindja-ne-shen-vlash-korrik-06\/#primaryimage"},"thumbnailUrl":"https:\/\/lh5.googleusercontent.com\/hzaBJV8qclpeLQS82GY0rUpDfYXHp0VXOzFiXfeLkuk=w400-h300-no","datePublished":"2006-02-26T00:00:00+00:00","dateModified":"2020-04-06T20:36:00+00:00","breadcrumb":{"@id":"https:\/\/orthodoxalbania.org\/2020\/2006\/02\/26\/kampi-i-pare-i-djemve-rilindja-ne-shen-vlash-korrik-06\/#breadcrumb"},"inLanguage":"en-US","potentialAction":[{"@type":"ReadAction","target":["https:\/\/orthodoxalbania.org\/2020\/2006\/02\/26\/kampi-i-pare-i-djemve-rilindja-ne-shen-vlash-korrik-06\/"]}]},{"@type":"ImageObject","inLanguage":"en-US","@id":"https:\/\/orthodoxalbania.org\/2020\/2006\/02\/26\/kampi-i-pare-i-djemve-rilindja-ne-shen-vlash-korrik-06\/#primaryimage","url":"https:\/\/lh5.googleusercontent.com\/hzaBJV8qclpeLQS82GY0rUpDfYXHp0VXOzFiXfeLkuk=w400-h300-no","contentUrl":"https:\/\/lh5.googleusercontent.com\/hzaBJV8qclpeLQS82GY0rUpDfYXHp0VXOzFiXfeLkuk=w400-h300-no"},{"@type":"BreadcrumbList","@id":"https:\/\/orthodoxalbania.org\/2020\/2006\/02\/26\/kampi-i-pare-i-djemve-rilindja-ne-shen-vlash-korrik-06\/#breadcrumb","itemListElement":[{"@type":"ListItem","position":1,"name":"Home","item":"https:\/\/orthodoxalbania.org\/2020\/"},{"@type":"ListItem","position":2,"name":"Kampi i Par\u00eb i djemve &#8220;Rilindja&#8221; n\u00eb Sh\u00ebn Vlash. (26 Qershor &#8211; 6 Korrik 2006)"}]},{"@type":"WebSite","@id":"https:\/\/orthodoxalbania.org\/2020\/#website","url":"https:\/\/orthodoxalbania.org\/2020\/","name":"Kisha Orthodh\u03bfkse Autoqefale e Shqip\u00ebris\u00eb","description":"Fqja Zyrtare e Kish\u00ebs Orthodhokse Autoqefale e Shqip\u00ebris\u00eb me lajmet edhe informacionet zyrtare p\u00ebr struktur\u00ebn edhe veprimtarin e saj.","publisher":{"@id":"https:\/\/orthodoxalbania.org\/2020\/#organization"},"potentialAction":[{"@type":"SearchAction","target":{"@type":"EntryPoint","urlTemplate":"https:\/\/orthodoxalbania.org\/2020\/?s={search_term_string}"},"query-input":{"@type":"PropertyValueSpecification","valueRequired":true,"valueName":"search_term_string"}}],"inLanguage":"en-US"},{"@type":"Organization","@id":"https:\/\/orthodoxalbania.org\/2020\/#organization","name":"Kisha Orthodhokse Autoqefale e Shqip\u00ebris\u00eb","url":"https:\/\/orthodoxalbania.org\/2020\/","logo":{"@type":"ImageObject","inLanguage":"en-US","@id":"https:\/\/orthodoxalbania.org\/2020\/#\/schema\/logo\/image\/","url":"https:\/\/orthodoxalbania.org\/2020\/wp-content\/uploads\/2020\/05\/albania.jpeg","contentUrl":"https:\/\/orthodoxalbania.org\/2020\/wp-content\/uploads\/2020\/05\/albania.jpeg","width":540,"height":540,"caption":"Kisha Orthodhokse Autoqefale e Shqip\u00ebris\u00eb"},"image":{"@id":"https:\/\/orthodoxalbania.org\/2020\/#\/schema\/logo\/image\/"},"sameAs":["https:\/\/www.facebook.com\/koash1991"]},{"@type":"Person","@id":"https:\/\/orthodoxalbania.org\/2020\/#\/schema\/person\/0c387634a7063ac612d7ed9ce71c7e86","name":"Kisha Orthodhokse","image":{"@type":"ImageObject","inLanguage":"en-US","@id":"https:\/\/secure.gravatar.com\/avatar\/596e7c417251e30f2fbb9c00e026fce61a695a00e51c889caded71c96cbbdde5?s=96&d=mm&r=g","url":"https:\/\/secure.gravatar.com\/avatar\/596e7c417251e30f2fbb9c00e026fce61a695a00e51c889caded71c96cbbdde5?s=96&d=mm&r=g","contentUrl":"https:\/\/secure.gravatar.com\/avatar\/596e7c417251e30f2fbb9c00e026fce61a695a00e51c889caded71c96cbbdde5?s=96&d=mm&r=g","caption":"Kisha Orthodhokse"}}]}},"_links":{"self":[{"href":"https:\/\/orthodoxalbania.org\/2020\/wp-json\/wp\/v2\/posts\/698","targetHints":{"allow":["GET"]}}],"collection":[{"href":"https:\/\/orthodoxalbania.org\/2020\/wp-json\/wp\/v2\/posts"}],"about":[{"href":"https:\/\/orthodoxalbania.org\/2020\/wp-json\/wp\/v2\/types\/post"}],"author":[{"embeddable":true,"href":"https:\/\/orthodoxalbania.org\/2020\/wp-json\/wp\/v2\/users\/1"}],"replies":[{"embeddable":true,"href":"https:\/\/orthodoxalbania.org\/2020\/wp-json\/wp\/v2\/comments?post=698"}],"version-history":[{"count":1,"href":"https:\/\/orthodoxalbania.org\/2020\/wp-json\/wp\/v2\/posts\/698\/revisions"}],"predecessor-version":[{"id":15822,"href":"https:\/\/orthodoxalbania.org\/2020\/wp-json\/wp\/v2\/posts\/698\/revisions\/15822"}],"wp:attachment":[{"href":"https:\/\/orthodoxalbania.org\/2020\/wp-json\/wp\/v2\/media?parent=698"}],"wp:term":[{"taxonomy":"category","embeddable":true,"href":"https:\/\/orthodoxalbania.org\/2020\/wp-json\/wp\/v2\/categories?post=698"},{"taxonomy":"post_tag","embeddable":true,"href":"https:\/\/orthodoxalbania.org\/2020\/wp-json\/wp\/v2\/tags?post=698"}],"curies":[{"name":"wp","href":"https:\/\/api.w.org\/{rel}","templated":true}]}}