{"id":69729,"date":"2026-05-03T12:24:01","date_gmt":"2026-05-03T10:24:01","guid":{"rendered":"https:\/\/orthodoxalbania.org\/2020\/?p=69729"},"modified":"2026-05-03T12:41:29","modified_gmt":"2026-05-03T10:41:29","slug":"dorezimi-i-episkopit-te-ri-te-amantias-imzot-ignatit-ne-tirane","status":"publish","type":"post","link":"https:\/\/orthodoxalbania.org\/2020\/2026\/05\/03\/dorezimi-i-episkopit-te-ri-te-amantias-imzot-ignatit-ne-tirane\/","title":{"rendered":"Dor\u00ebzimi i Episkopit t\u00eb ri t\u00eb Amantias, Imzot Ignatit, n\u00eb Tiran\u00eb"},"content":{"rendered":"<p>Dor\u00ebzimi i Episkopit t\u00eb ri t\u00eb Amantias, Imzot Ignatit, n\u00eb Tiran<\/p>\n<p>N\u00eb Katedralen &#8220;Ngjallja e Krishtit&#8221;, plot besimtar\u00eb,\u00a0 n\u00eb Tiran\u00eb, u krye sot m\u00eb 3 maj 2026, t\u00eb Diel\u00ebn e t\u00eb Paralizuarit (e kat\u00ebrta pas Pashk\u00ebs), dor\u00ebzimi n\u00eb Episkop i Arkimandritit Ignat (Todrin), si Episkop Ndihm\u00ebs i Amantias pran\u00eb Fortlumturis\u00eb s\u00eb Tij, Kryepiskopit t\u00eb Tiran\u00ebs, Durr\u00ebsit dhe t\u00eb Gjith\u00eb Shqip\u00ebris\u00eb, Imzot Joanit.<br \/>\nDor\u00ebzimin e kreu Fortlumturia e Tij, Kryepiskopi i Tiran\u00ebs, Durr\u00ebsit dhe i Gjith\u00eb Shqip\u00ebris\u00eb, Imzot Joani, i rrethuar nga Hir\u00ebsit\u00eb, Mitropoliti i Apollonis\u00eb dhe Fierit; Mitropoliti i Elbasanit, Shpatit dhe Librazhdit; Mitropoliti i Gjirokastr\u00ebs; Mitropoliti i Beratit, Vlor\u00ebs dhe Kanin\u00ebs; dhe Mitropoliti i Kor\u00e7\u00ebs.<br \/>\nEpiskopi i sapodor\u00ebzuar, n\u00eb fjal\u00ebn e tij t\u00eb frym\u00ebzuar, e nisi homelin\u00eb me psalmin: &#8220;K\u00ebndojni Per\u00ebndis\u00eb o mbret\u00ebrit\u00eb e dheut, psalini Zotit!&#8221;, duke shprehur fal\u00ebnderim t\u00eb thell\u00eb ndaj Per\u00ebndis\u00eb me th\u00ebnien e Sh\u00ebn Joan Gojartit: &#8220;Lavdi Per\u00ebndis\u00eb p\u00ebr t\u00eb gjitha.&#8221;<br \/>\nMe p\u00ebrul\u00ebsi t\u00eb madhe, Episkopi i ri Ignat foli p\u00ebr pranimin e tij t\u00eb k\u00ebsaj detyre t\u00eb shenjt\u00eb &#8220;n\u00eb nj\u00eb mosh\u00eb kaq t\u00eb re&#8221;, duke iu drejtuar fjal\u00ebve t\u00eb Sh\u00ebn Dhositheut t\u00eb Gaz\u00ebs: &#8220;Kush i dor\u00ebzohet Per\u00ebndis\u00eb, nuk shqet\u00ebsohet m\u00eb p\u00ebr veten, sepse e di q\u00eb Per\u00ebndia kujdeset p\u00ebr t\u00eb, m\u00eb mir\u00eb se ai vet\u00eb.&#8221; Duke pranuar se &#8220;asgj\u00eb nuk vjen nga aft\u00ebsit\u00eb e mia, por gjith\u00e7ka \u00ebsht\u00eb nj\u00eb dhurat\u00eb nga i Shum\u00eblarti&#8221;, k\u00ebrkoi me p\u00ebrul\u00ebsi nga Sinodi i Shenjt\u00eb, kleri dhe populli i pranish\u00ebm lutje p\u00ebr t\u00eb, sipas porosis\u00eb s\u00eb Apostullit Pav\u00ebl: &#8220;Lutuni pa pushim&#8221; (1 Thes. 5:17).<br \/>\nMe p\u00ebrmallim t\u00eb ve\u00e7ant\u00eb, Episkopi i ri kujtoi dy figura q\u00eb e frym\u00ebzuan dhe i sh\u00ebrbyen si pik\u00eb reference shpirt\u00ebrore. T\u00eb parin, Kryepiskopin e ndjer\u00eb \u2020Anastas, t\u00eb cilin e quajti &#8220;Apostullin e koh\u00ebve moderne, njeriun q\u00eb ngjalli kish\u00ebn ton\u00eb t\u00eb Shqip\u00ebris\u00eb nga varri, buz\u00ebqeshja e t\u00eb cilit ngrohte \u00e7do zem\u00ebr njer\u00ebzore&#8221;. Dhe t\u00eb dytin, Mitropolitin e ndjer\u00eb t\u00eb Beratit, Vlor\u00ebs dhe Kanin\u00ebs, \u2020Imzot Ignat Triandis, atin e tij shpirt\u00ebror, &#8220;i p\u00ebrulur, i dashur, mik\u00ebprit\u00ebs, por mbi t\u00eb gjitha i shum\u00ebduruar, personi q\u00eb me durimin e tij m\u00eb tregoi se si nj\u00eb kryq mbahet burr\u00ebrisht&#8221;, fjal\u00ebn e t\u00eb cilit karakteristike \u2014 &#8220;Ka Zoti&#8221; \u2014 e mbart me vete si trash\u00ebgimi shpirt\u00ebrore.<br \/>\nEpiskopi i ri e mbylli homelin\u00eb me fjal\u00ebt e profetit Isaia: &#8220;Ja ku jam, m\u00eb d\u00ebrgo mua!&#8221; (Isaia 6:8).<br \/>\nN\u00eb fjal\u00ebn e Tij p\u00ebrgjegj\u00ebse, Fortlumturia e Tij, Kryepiskopi Joan, theksoi se sh\u00ebrbesa e Episkopit k\u00ebrkon mbi gjith\u00eb virtytet p\u00ebrul\u00ebsin\u00eb, durimin dhe dashurin\u00eb, pa t\u00eb cilat asnj\u00eb bari nuk mund t\u00eb udh\u00ebheq\u00eb grigj\u00ebn e Krishtit. Theksoi se vet\u00eb Episkopi i ri Ignat \u00ebsht\u00eb nj\u00eb d\u00ebshmi e gjall\u00eb e k\u00ebtyre virtyteve: njeri i sh\u00ebrbes\u00ebs dhe i sakrific\u00ebs, q\u00eb i sh\u00ebrbeu me p\u00ebrkushtim, vet\u00ebmohim dhe vet\u00ebflijim Mitropolitit t\u00eb ndjer\u00eb \u2020Imzot Ignatit t\u00eb Beratit deri n\u00eb fund t\u00eb jet\u00ebs s\u00eb tij, duke qen\u00eb i palodhur n\u00eb pun\u00eb dhe i p\u00ebrulur n\u00eb diakonin\u00eb e tij. Pik\u00ebrisht k\u00ebto virtyte, theksoi Kryepiskopi, jan\u00eb themeli mbi t\u00eb cilin do t\u00eb mb\u00ebshtetet sh\u00ebrbesa e tij e re episkopale, si Episkop Ndihm\u00ebs i Kryepiskopit, p\u00ebr lavdin\u00eb e Per\u00ebndis\u00eb dhe p\u00ebr mbar\u00ebvajtjen e Kish\u00ebs Orthodhokse Autoqefale t\u00eb Shqip\u00ebris\u00eb.<\/p>\n<p>Ceremonia e shenjt\u00eb u p\u00ebrmbyll me thirrjen entuziaste &#8220;\u0386\u03be\u03b9\u03bf\u03c2&#8221; \/ &#8220;I Denj\u00eb&#8221; n\u00eb gjuh\u00ebt shqipe dhe greke nga kleri dhe populli i pranish\u00ebm.<\/p>\n<p><strong>Jet\u00ebshkrim i shkurt\u00ebr<\/strong><br \/>\nEpiskopi i ri Ndihm\u00ebs i Amantias, Imzot Ignati, lindi m\u00eb 23 shkurt 1978 n\u00eb Gradisht\u00eb t\u00eb Divjak\u00ebs. Formimin e p\u00ebrgjithsh\u00ebm e kreu n\u00eb shkoll\u00ebn e Fier-Semanit. N\u00eb vitin 1998 ndoqi studimet n\u00eb Akademin\u00eb Teologjike &#8220;Ngjallja e Krishtit&#8221; n\u00eb Sh\u00ebn Vlash t\u00eb Durr\u00ebsit.<br \/>\nNga viti 2003 deri n\u00eb vitin 2017 sh\u00ebrbeu si katekist dhe predikues n\u00eb qytetet dhe fshatrat e Mitropolis\u00eb s\u00eb Shenjt\u00eb t\u00eb Beratit, Vlor\u00ebs dhe Kanin\u00ebs. N\u00eb prill t\u00eb vitit 2017 ndoqi thirrjen e p\u00ebrkushtimit t\u00eb plot\u00eb monastik dhe u dor\u00ebzua murg dhe hierodhjakon nga Mitropoliti i ndjer\u00eb i Beratit, Vlor\u00ebs dhe Kanin\u00ebs, Imzot Ignati, pran\u00eb t\u00eb cilit sh\u00ebrbeu me devotshm\u00ebri dhe p\u00ebrkushtim.<br \/>\nU dor\u00ebzua Hieromonak m\u00eb 12 dhjetor 2024, nga Mitropoliti i Beratit, Vlor\u00ebs dhe Kanin\u00ebs, Hir\u00ebsia e Tij Asti. M\u00eb 1 qershor 2025, Fortlumturia e Tij, Kryepiskopi Joan, i dha ofiqin e Arkimandritit.<br \/>\nGjat\u00eb gjith\u00eb k\u00ebsaj periudhe ka sh\u00ebrbyer n\u00eb detyra dhe p\u00ebrgjegj\u00ebsi t\u00eb larta n\u00eb Kish\u00ebn Orthodhokse Autoqefale t\u00eb Shqip\u00ebris\u00eb: si Kryesekretar i Sinodit t\u00eb Shenjt\u00eb, p\u00ebrgjegj\u00ebs i Akademis\u00eb Theologjike &#8220;Ngjallja e Krishtit&#8221; n\u00eb Manastirin e Sh\u00ebn Vlashit, si dhe p\u00ebrgjegj\u00ebs i Katedrales &#8220;Ngjallja e Krishtit&#8221; n\u00eb Tiran\u00eb.<br \/>\nP\u00ebrve\u00e7 gjuh\u00ebs amtare, flet anglisht, italisht, greqisht dhe gjermanisht.<br \/>\nSinodi i Shenjt\u00eb i Kish\u00ebs Orthodhokse Autoqefale t\u00eb Shqip\u00ebris\u00eb, n\u00ebn kryesin\u00eb e Fortlumturis\u00eb s\u00eb Tij, Kryepiskopit Joan, e zgjodhi Arkimandritin Ignat (Todrin) Episkop Ndihm\u00ebs t\u00eb Episkopat\u00ebs s\u00eb Shenjt\u00eb t\u00eb Amantias me vota unanime, n\u00eb mbledhjen e tij t\u00eb dat\u00ebs 28 prill 2026.<br \/>\n<!--\/data\/user\/0\/com.samsung.android.app.notes\/files\/clipdata\/clipdata_bodytext_260503_120707_776.sdocx--><\/p>\n<p><img decoding=\"async\" class=\"lazyload alignnone size-medium wp-image-69730\" src=\"https:\/\/orthodoxalbania.org\/2020\/wp-content\/uploads\/2026\/05\/IMG-20260503-WA0045-225x300.jpg\" data-orig-src=\"https:\/\/orthodoxalbania.org\/2020\/wp-content\/uploads\/2026\/05\/IMG-20260503-WA0045-225x300.jpg\" alt=\"\" width=\"225\" height=\"300\" srcset=\"data:image\/svg+xml,%3Csvg%20xmlns%3D%27http%3A%2F%2Fwww.w3.org%2F2000%2Fsvg%27%20width%3D%27225%27%20height%3D%27300%27%20viewBox%3D%270%200%20225%20300%27%3E%3Crect%20width%3D%27225%27%20height%3D%27300%27%20fill-opacity%3D%220%22%2F%3E%3C%2Fsvg%3E\" data-srcset=\"https:\/\/orthodoxalbania.org\/2020\/wp-content\/uploads\/2026\/05\/IMG-20260503-WA0045-200x267.jpg 200w, https:\/\/orthodoxalbania.org\/2020\/wp-content\/uploads\/2026\/05\/IMG-20260503-WA0045-225x300.jpg 225w, https:\/\/orthodoxalbania.org\/2020\/wp-content\/uploads\/2026\/05\/IMG-20260503-WA0045-400x533.jpg 400w, https:\/\/orthodoxalbania.org\/2020\/wp-content\/uploads\/2026\/05\/IMG-20260503-WA0045-600x800.jpg 600w, https:\/\/orthodoxalbania.org\/2020\/wp-content\/uploads\/2026\/05\/IMG-20260503-WA0045-768x1024.jpg 768w, https:\/\/orthodoxalbania.org\/2020\/wp-content\/uploads\/2026\/05\/IMG-20260503-WA0045-800x1067.jpg 800w, https:\/\/orthodoxalbania.org\/2020\/wp-content\/uploads\/2026\/05\/IMG-20260503-WA0045.jpg 960w\" data-sizes=\"auto\" data-orig-sizes=\"(max-width: 225px) 100vw, 225px\" \/> <img decoding=\"async\" class=\"lazyload alignnone size-medium wp-image-69731\" src=\"https:\/\/orthodoxalbania.org\/2020\/wp-content\/uploads\/2026\/05\/1777803651360-300x300.jpg\" data-orig-src=\"https:\/\/orthodoxalbania.org\/2020\/wp-content\/uploads\/2026\/05\/1777803651360-300x300.jpg\" alt=\"\" width=\"300\" height=\"300\" srcset=\"data:image\/svg+xml,%3Csvg%20xmlns%3D%27http%3A%2F%2Fwww.w3.org%2F2000%2Fsvg%27%20width%3D%27300%27%20height%3D%27300%27%20viewBox%3D%270%200%20300%20300%27%3E%3Crect%20width%3D%27300%27%20height%3D%27300%27%20fill-opacity%3D%220%22%2F%3E%3C%2Fsvg%3E\" data-srcset=\"https:\/\/orthodoxalbania.org\/2020\/wp-content\/uploads\/2026\/05\/1777803651360-60x60.jpg 60w, https:\/\/orthodoxalbania.org\/2020\/wp-content\/uploads\/2026\/05\/1777803651360-66x66.jpg 66w, https:\/\/orthodoxalbania.org\/2020\/wp-content\/uploads\/2026\/05\/1777803651360-150x150.jpg 150w, https:\/\/orthodoxalbania.org\/2020\/wp-content\/uploads\/2026\/05\/1777803651360-200x200.jpg 200w, https:\/\/orthodoxalbania.org\/2020\/wp-content\/uploads\/2026\/05\/1777803651360-300x300.jpg 300w, https:\/\/orthodoxalbania.org\/2020\/wp-content\/uploads\/2026\/05\/1777803651360-400x400.jpg 400w, https:\/\/orthodoxalbania.org\/2020\/wp-content\/uploads\/2026\/05\/1777803651360-600x600.jpg 600w, https:\/\/orthodoxalbania.org\/2020\/wp-content\/uploads\/2026\/05\/1777803651360-768x768.jpg 768w, https:\/\/orthodoxalbania.org\/2020\/wp-content\/uploads\/2026\/05\/1777803651360-800x800.jpg 800w, https:\/\/orthodoxalbania.org\/2020\/wp-content\/uploads\/2026\/05\/1777803651360.jpg 1024w\" data-sizes=\"auto\" data-orig-sizes=\"(max-width: 300px) 100vw, 300px\" \/><\/p>\n","protected":false},"excerpt":{"rendered":"<p>Dor\u00ebzimi i Episkopit t\u00eb ri t\u00eb Amantias, Imzot Ignatit, n\u00eb Tiran N\u00eb Katedralen &#8220;Ngjallja e Krishtit&#8221;, plot besimtar\u00eb,\u00a0 n\u00eb Tiran\u00eb, u krye sot m\u00eb 3 maj 2026, t\u00eb Diel\u00ebn e t\u00eb Paralizuarit (e kat\u00ebrta pas Pashk\u00ebs), dor\u00ebzimi n\u00eb Episkop i Arkimandritit Ignat (Todrin), si Episkop Ndihm\u00ebs i Amantias pran\u00eb Fortlumturis\u00eb s\u00eb Tij, Kryepiskopit t\u00eb Tiran\u00ebs, Durr\u00ebsit dhe t\u00eb Gjith\u00eb Shqip\u00ebris\u00eb, Imzot Joanit. Dor\u00ebzimin e kreu<\/p>\n","protected":false},"author":14,"featured_media":69733,"comment_status":"closed","ping_status":"closed","sticky":false,"template":"","format":"standard","meta":{"_acf_changed":false,"pagelayer_contact_templates":[],"_pagelayer_content":"","inline_featured_image":false,"fifu_image_url":"","fifu_image_alt":"","footnotes":""},"categories":[1935,3998],"tags":[4841],"class_list":["post-69729","post","type-post","status-publish","format-standard","has-post-thumbnail","hentry","category-news-sq","category-2015-03-20-20-04-11-sq","tag-4841"],"acf":[],"yoast_head":"<!-- This site is optimized with the Yoast SEO plugin v27.2 - https:\/\/yoast.com\/product\/yoast-seo-wordpress\/ -->\n<title>Dor\u00ebzimi i Episkopit t\u00eb ri t\u00eb Amantias, Imzot Ignatit, n\u00eb Tiran\u00eb - Kisha Orthodh\u03bfkse Autoqefale e Shqip\u00ebris\u00eb<\/title>\n<meta name=\"robots\" content=\"index, follow, max-snippet:-1, max-image-preview:large, max-video-preview:-1\" \/>\n<link rel=\"canonical\" href=\"https:\/\/orthodoxalbania.org\/2020\/2026\/05\/03\/dorezimi-i-episkopit-te-ri-te-amantias-imzot-ignatit-ne-tirane\/\" \/>\n<meta property=\"og:locale\" content=\"en_US\" \/>\n<meta property=\"og:type\" content=\"article\" \/>\n<meta property=\"og:title\" content=\"Dor\u00ebzimi i Episkopit t\u00eb ri t\u00eb Amantias, Imzot Ignatit, n\u00eb Tiran\u00eb - Kisha Orthodh\u03bfkse Autoqefale e Shqip\u00ebris\u00eb\" \/>\n<meta property=\"og:description\" content=\"Dor\u00ebzimi i Episkopit t\u00eb ri t\u00eb Amantias, Imzot Ignatit, n\u00eb Tiran N\u00eb Katedralen &#8220;Ngjallja e Krishtit&#8221;, plot besimtar\u00eb,\u00a0 n\u00eb Tiran\u00eb, u krye sot m\u00eb 3 maj 2026, t\u00eb Diel\u00ebn e t\u00eb Paralizuarit (e kat\u00ebrta pas Pashk\u00ebs), dor\u00ebzimi n\u00eb Episkop i Arkimandritit Ignat (Todrin), si Episkop Ndihm\u00ebs i Amantias pran\u00eb Fortlumturis\u00eb s\u00eb Tij, Kryepiskopit t\u00eb Tiran\u00ebs, Durr\u00ebsit dhe t\u00eb Gjith\u00eb Shqip\u00ebris\u00eb, Imzot Joanit. Dor\u00ebzimin e kreu\" \/>\n<meta property=\"og:url\" content=\"https:\/\/orthodoxalbania.org\/2020\/2026\/05\/03\/dorezimi-i-episkopit-te-ri-te-amantias-imzot-ignatit-ne-tirane\/\" \/>\n<meta property=\"og:site_name\" content=\"Kisha Orthodh\u03bfkse Autoqefale e Shqip\u00ebris\u00eb\" \/>\n<meta property=\"article:publisher\" content=\"https:\/\/www.facebook.com\/koash1991\" \/>\n<meta property=\"article:published_time\" content=\"2026-05-03T10:24:01+00:00\" \/>\n<meta property=\"article:modified_time\" content=\"2026-05-03T10:41:29+00:00\" \/>\n<meta property=\"og:image\" content=\"https:\/\/orthodoxalbania.org\/2020\/wp-content\/uploads\/2026\/05\/1777804214537.jpg\" \/>\n\t<meta property=\"og:image:width\" content=\"1024\" \/>\n\t<meta property=\"og:image:height\" content=\"1024\" \/>\n\t<meta property=\"og:image:type\" content=\"image\/jpeg\" \/>\n<meta name=\"author\" content=\"neo_admin\" \/>\n<meta name=\"twitter:card\" content=\"summary_large_image\" \/>\n<meta name=\"twitter:label1\" content=\"Written by\" \/>\n\t<meta name=\"twitter:data1\" content=\"neo_admin\" \/>\n\t<meta name=\"twitter:label2\" content=\"Est. reading time\" \/>\n\t<meta name=\"twitter:data2\" content=\"4 minutes\" \/>\n<script type=\"application\/ld+json\" class=\"yoast-schema-graph\">{\"@context\":\"https:\/\/schema.org\",\"@graph\":[{\"@type\":\"Article\",\"@id\":\"https:\/\/orthodoxalbania.org\/2020\/2026\/05\/03\/dorezimi-i-episkopit-te-ri-te-amantias-imzot-ignatit-ne-tirane\/#article\",\"isPartOf\":{\"@id\":\"https:\/\/orthodoxalbania.org\/2020\/2026\/05\/03\/dorezimi-i-episkopit-te-ri-te-amantias-imzot-ignatit-ne-tirane\/\"},\"author\":{\"name\":\"neo_admin\",\"@id\":\"https:\/\/orthodoxalbania.org\/2020\/#\/schema\/person\/dd2bdc135b53c60d45b8bb329565cf6d\"},\"headline\":\"Dor\u00ebzimi i Episkopit t\u00eb ri t\u00eb Amantias, Imzot Ignatit, n\u00eb Tiran\u00eb\",\"datePublished\":\"2026-05-03T10:24:01+00:00\",\"dateModified\":\"2026-05-03T10:41:29+00:00\",\"mainEntityOfPage\":{\"@id\":\"https:\/\/orthodoxalbania.org\/2020\/2026\/05\/03\/dorezimi-i-episkopit-te-ri-te-amantias-imzot-ignatit-ne-tirane\/\"},\"wordCount\":905,\"publisher\":{\"@id\":\"https:\/\/orthodoxalbania.org\/2020\/#organization\"},\"image\":{\"@id\":\"https:\/\/orthodoxalbania.org\/2020\/2026\/05\/03\/dorezimi-i-episkopit-te-ri-te-amantias-imzot-ignatit-ne-tirane\/#primaryimage\"},\"thumbnailUrl\":\"https:\/\/orthodoxalbania.org\/2020\/wp-content\/uploads\/2026\/05\/1777804214537.jpg\",\"keywords\":[\"2026\"],\"articleSection\":[\"Lajme AL\",\"\u0395\u03b9\u03b4\u03ae\u03c3\u03b5\u03b9\u03c2\"],\"inLanguage\":\"en-US\"},{\"@type\":\"WebPage\",\"@id\":\"https:\/\/orthodoxalbania.org\/2020\/2026\/05\/03\/dorezimi-i-episkopit-te-ri-te-amantias-imzot-ignatit-ne-tirane\/\",\"url\":\"https:\/\/orthodoxalbania.org\/2020\/2026\/05\/03\/dorezimi-i-episkopit-te-ri-te-amantias-imzot-ignatit-ne-tirane\/\",\"name\":\"Dor\u00ebzimi i Episkopit t\u00eb ri t\u00eb Amantias, Imzot Ignatit, n\u00eb Tiran\u00eb - Kisha Orthodh\u03bfkse Autoqefale e Shqip\u00ebris\u00eb\",\"isPartOf\":{\"@id\":\"https:\/\/orthodoxalbania.org\/2020\/#website\"},\"primaryImageOfPage\":{\"@id\":\"https:\/\/orthodoxalbania.org\/2020\/2026\/05\/03\/dorezimi-i-episkopit-te-ri-te-amantias-imzot-ignatit-ne-tirane\/#primaryimage\"},\"image\":{\"@id\":\"https:\/\/orthodoxalbania.org\/2020\/2026\/05\/03\/dorezimi-i-episkopit-te-ri-te-amantias-imzot-ignatit-ne-tirane\/#primaryimage\"},\"thumbnailUrl\":\"https:\/\/orthodoxalbania.org\/2020\/wp-content\/uploads\/2026\/05\/1777804214537.jpg\",\"datePublished\":\"2026-05-03T10:24:01+00:00\",\"dateModified\":\"2026-05-03T10:41:29+00:00\",\"breadcrumb\":{\"@id\":\"https:\/\/orthodoxalbania.org\/2020\/2026\/05\/03\/dorezimi-i-episkopit-te-ri-te-amantias-imzot-ignatit-ne-tirane\/#breadcrumb\"},\"inLanguage\":\"en-US\",\"potentialAction\":[{\"@type\":\"ReadAction\",\"target\":[\"https:\/\/orthodoxalbania.org\/2020\/2026\/05\/03\/dorezimi-i-episkopit-te-ri-te-amantias-imzot-ignatit-ne-tirane\/\"]}]},{\"@type\":\"ImageObject\",\"inLanguage\":\"en-US\",\"@id\":\"https:\/\/orthodoxalbania.org\/2020\/2026\/05\/03\/dorezimi-i-episkopit-te-ri-te-amantias-imzot-ignatit-ne-tirane\/#primaryimage\",\"url\":\"https:\/\/orthodoxalbania.org\/2020\/wp-content\/uploads\/2026\/05\/1777804214537.jpg\",\"contentUrl\":\"https:\/\/orthodoxalbania.org\/2020\/wp-content\/uploads\/2026\/05\/1777804214537.jpg\",\"width\":1024,\"height\":1024},{\"@type\":\"BreadcrumbList\",\"@id\":\"https:\/\/orthodoxalbania.org\/2020\/2026\/05\/03\/dorezimi-i-episkopit-te-ri-te-amantias-imzot-ignatit-ne-tirane\/#breadcrumb\",\"itemListElement\":[{\"@type\":\"ListItem\",\"position\":1,\"name\":\"Home\",\"item\":\"https:\/\/orthodoxalbania.org\/2020\/\"},{\"@type\":\"ListItem\",\"position\":2,\"name\":\"Dor\u00ebzimi i Episkopit t\u00eb ri t\u00eb Amantias, Imzot Ignatit, n\u00eb Tiran\u00eb\"}]},{\"@type\":\"WebSite\",\"@id\":\"https:\/\/orthodoxalbania.org\/2020\/#website\",\"url\":\"https:\/\/orthodoxalbania.org\/2020\/\",\"name\":\"Kisha Orthodh\u03bfkse Autoqefale e Shqip\u00ebris\u00eb\",\"description\":\"Fqja Zyrtare e Kish\u00ebs Orthodhokse Autoqefale e Shqip\u00ebris\u00eb me lajmet edhe informacionet zyrtare p\u00ebr struktur\u00ebn edhe veprimtarin e saj.\",\"publisher\":{\"@id\":\"https:\/\/orthodoxalbania.org\/2020\/#organization\"},\"potentialAction\":[{\"@type\":\"SearchAction\",\"target\":{\"@type\":\"EntryPoint\",\"urlTemplate\":\"https:\/\/orthodoxalbania.org\/2020\/?s={search_term_string}\"},\"query-input\":{\"@type\":\"PropertyValueSpecification\",\"valueRequired\":true,\"valueName\":\"search_term_string\"}}],\"inLanguage\":\"en-US\"},{\"@type\":\"Organization\",\"@id\":\"https:\/\/orthodoxalbania.org\/2020\/#organization\",\"name\":\"Kisha Orthodhokse Autoqefale e Shqip\u00ebris\u00eb\",\"url\":\"https:\/\/orthodoxalbania.org\/2020\/\",\"logo\":{\"@type\":\"ImageObject\",\"inLanguage\":\"en-US\",\"@id\":\"https:\/\/orthodoxalbania.org\/2020\/#\/schema\/logo\/image\/\",\"url\":\"https:\/\/orthodoxalbania.org\/2020\/wp-content\/uploads\/2020\/05\/albania.jpeg\",\"contentUrl\":\"https:\/\/orthodoxalbania.org\/2020\/wp-content\/uploads\/2020\/05\/albania.jpeg\",\"width\":540,\"height\":540,\"caption\":\"Kisha Orthodhokse Autoqefale e Shqip\u00ebris\u00eb\"},\"image\":{\"@id\":\"https:\/\/orthodoxalbania.org\/2020\/#\/schema\/logo\/image\/\"},\"sameAs\":[\"https:\/\/www.facebook.com\/koash1991\"]},{\"@type\":\"Person\",\"@id\":\"https:\/\/orthodoxalbania.org\/2020\/#\/schema\/person\/dd2bdc135b53c60d45b8bb329565cf6d\",\"name\":\"neo_admin\",\"image\":{\"@type\":\"ImageObject\",\"inLanguage\":\"en-US\",\"@id\":\"https:\/\/secure.gravatar.com\/avatar\/53e6cdc30765aade0129f85e5aeb50124b1d3f5bb9a70373be31e4eb328371e0?s=96&d=mm&r=g\",\"url\":\"https:\/\/secure.gravatar.com\/avatar\/53e6cdc30765aade0129f85e5aeb50124b1d3f5bb9a70373be31e4eb328371e0?s=96&d=mm&r=g\",\"contentUrl\":\"https:\/\/secure.gravatar.com\/avatar\/53e6cdc30765aade0129f85e5aeb50124b1d3f5bb9a70373be31e4eb328371e0?s=96&d=mm&r=g\",\"caption\":\"neo_admin\"}}]}<\/script>\n<!-- \/ Yoast SEO plugin. -->","yoast_head_json":{"title":"Dor\u00ebzimi i Episkopit t\u00eb ri t\u00eb Amantias, Imzot Ignatit, n\u00eb Tiran\u00eb - Kisha Orthodh\u03bfkse Autoqefale e Shqip\u00ebris\u00eb","robots":{"index":"index","follow":"follow","max-snippet":"max-snippet:-1","max-image-preview":"max-image-preview:large","max-video-preview":"max-video-preview:-1"},"canonical":"https:\/\/orthodoxalbania.org\/2020\/2026\/05\/03\/dorezimi-i-episkopit-te-ri-te-amantias-imzot-ignatit-ne-tirane\/","og_locale":"en_US","og_type":"article","og_title":"Dor\u00ebzimi i Episkopit t\u00eb ri t\u00eb Amantias, Imzot Ignatit, n\u00eb Tiran\u00eb - Kisha Orthodh\u03bfkse Autoqefale e Shqip\u00ebris\u00eb","og_description":"Dor\u00ebzimi i Episkopit t\u00eb ri t\u00eb Amantias, Imzot Ignatit, n\u00eb Tiran N\u00eb Katedralen &#8220;Ngjallja e Krishtit&#8221;, plot besimtar\u00eb,\u00a0 n\u00eb Tiran\u00eb, u krye sot m\u00eb 3 maj 2026, t\u00eb Diel\u00ebn e t\u00eb Paralizuarit (e kat\u00ebrta pas Pashk\u00ebs), dor\u00ebzimi n\u00eb Episkop i Arkimandritit Ignat (Todrin), si Episkop Ndihm\u00ebs i Amantias pran\u00eb Fortlumturis\u00eb s\u00eb Tij, Kryepiskopit t\u00eb Tiran\u00ebs, Durr\u00ebsit dhe t\u00eb Gjith\u00eb Shqip\u00ebris\u00eb, Imzot Joanit. Dor\u00ebzimin e kreu","og_url":"https:\/\/orthodoxalbania.org\/2020\/2026\/05\/03\/dorezimi-i-episkopit-te-ri-te-amantias-imzot-ignatit-ne-tirane\/","og_site_name":"Kisha Orthodh\u03bfkse Autoqefale e Shqip\u00ebris\u00eb","article_publisher":"https:\/\/www.facebook.com\/koash1991","article_published_time":"2026-05-03T10:24:01+00:00","article_modified_time":"2026-05-03T10:41:29+00:00","og_image":[{"width":1024,"height":1024,"url":"https:\/\/orthodoxalbania.org\/2020\/wp-content\/uploads\/2026\/05\/1777804214537.jpg","type":"image\/jpeg"}],"author":"neo_admin","twitter_card":"summary_large_image","twitter_misc":{"Written by":"neo_admin","Est. reading time":"4 minutes"},"schema":{"@context":"https:\/\/schema.org","@graph":[{"@type":"Article","@id":"https:\/\/orthodoxalbania.org\/2020\/2026\/05\/03\/dorezimi-i-episkopit-te-ri-te-amantias-imzot-ignatit-ne-tirane\/#article","isPartOf":{"@id":"https:\/\/orthodoxalbania.org\/2020\/2026\/05\/03\/dorezimi-i-episkopit-te-ri-te-amantias-imzot-ignatit-ne-tirane\/"},"author":{"name":"neo_admin","@id":"https:\/\/orthodoxalbania.org\/2020\/#\/schema\/person\/dd2bdc135b53c60d45b8bb329565cf6d"},"headline":"Dor\u00ebzimi i Episkopit t\u00eb ri t\u00eb Amantias, Imzot Ignatit, n\u00eb Tiran\u00eb","datePublished":"2026-05-03T10:24:01+00:00","dateModified":"2026-05-03T10:41:29+00:00","mainEntityOfPage":{"@id":"https:\/\/orthodoxalbania.org\/2020\/2026\/05\/03\/dorezimi-i-episkopit-te-ri-te-amantias-imzot-ignatit-ne-tirane\/"},"wordCount":905,"publisher":{"@id":"https:\/\/orthodoxalbania.org\/2020\/#organization"},"image":{"@id":"https:\/\/orthodoxalbania.org\/2020\/2026\/05\/03\/dorezimi-i-episkopit-te-ri-te-amantias-imzot-ignatit-ne-tirane\/#primaryimage"},"thumbnailUrl":"https:\/\/orthodoxalbania.org\/2020\/wp-content\/uploads\/2026\/05\/1777804214537.jpg","keywords":["2026"],"articleSection":["Lajme AL","\u0395\u03b9\u03b4\u03ae\u03c3\u03b5\u03b9\u03c2"],"inLanguage":"en-US"},{"@type":"WebPage","@id":"https:\/\/orthodoxalbania.org\/2020\/2026\/05\/03\/dorezimi-i-episkopit-te-ri-te-amantias-imzot-ignatit-ne-tirane\/","url":"https:\/\/orthodoxalbania.org\/2020\/2026\/05\/03\/dorezimi-i-episkopit-te-ri-te-amantias-imzot-ignatit-ne-tirane\/","name":"Dor\u00ebzimi i Episkopit t\u00eb ri t\u00eb Amantias, Imzot Ignatit, n\u00eb Tiran\u00eb - Kisha Orthodh\u03bfkse Autoqefale e Shqip\u00ebris\u00eb","isPartOf":{"@id":"https:\/\/orthodoxalbania.org\/2020\/#website"},"primaryImageOfPage":{"@id":"https:\/\/orthodoxalbania.org\/2020\/2026\/05\/03\/dorezimi-i-episkopit-te-ri-te-amantias-imzot-ignatit-ne-tirane\/#primaryimage"},"image":{"@id":"https:\/\/orthodoxalbania.org\/2020\/2026\/05\/03\/dorezimi-i-episkopit-te-ri-te-amantias-imzot-ignatit-ne-tirane\/#primaryimage"},"thumbnailUrl":"https:\/\/orthodoxalbania.org\/2020\/wp-content\/uploads\/2026\/05\/1777804214537.jpg","datePublished":"2026-05-03T10:24:01+00:00","dateModified":"2026-05-03T10:41:29+00:00","breadcrumb":{"@id":"https:\/\/orthodoxalbania.org\/2020\/2026\/05\/03\/dorezimi-i-episkopit-te-ri-te-amantias-imzot-ignatit-ne-tirane\/#breadcrumb"},"inLanguage":"en-US","potentialAction":[{"@type":"ReadAction","target":["https:\/\/orthodoxalbania.org\/2020\/2026\/05\/03\/dorezimi-i-episkopit-te-ri-te-amantias-imzot-ignatit-ne-tirane\/"]}]},{"@type":"ImageObject","inLanguage":"en-US","@id":"https:\/\/orthodoxalbania.org\/2020\/2026\/05\/03\/dorezimi-i-episkopit-te-ri-te-amantias-imzot-ignatit-ne-tirane\/#primaryimage","url":"https:\/\/orthodoxalbania.org\/2020\/wp-content\/uploads\/2026\/05\/1777804214537.jpg","contentUrl":"https:\/\/orthodoxalbania.org\/2020\/wp-content\/uploads\/2026\/05\/1777804214537.jpg","width":1024,"height":1024},{"@type":"BreadcrumbList","@id":"https:\/\/orthodoxalbania.org\/2020\/2026\/05\/03\/dorezimi-i-episkopit-te-ri-te-amantias-imzot-ignatit-ne-tirane\/#breadcrumb","itemListElement":[{"@type":"ListItem","position":1,"name":"Home","item":"https:\/\/orthodoxalbania.org\/2020\/"},{"@type":"ListItem","position":2,"name":"Dor\u00ebzimi i Episkopit t\u00eb ri t\u00eb Amantias, Imzot Ignatit, n\u00eb Tiran\u00eb"}]},{"@type":"WebSite","@id":"https:\/\/orthodoxalbania.org\/2020\/#website","url":"https:\/\/orthodoxalbania.org\/2020\/","name":"Kisha Orthodh\u03bfkse Autoqefale e Shqip\u00ebris\u00eb","description":"Fqja Zyrtare e Kish\u00ebs Orthodhokse Autoqefale e Shqip\u00ebris\u00eb me lajmet edhe informacionet zyrtare p\u00ebr struktur\u00ebn edhe veprimtarin e saj.","publisher":{"@id":"https:\/\/orthodoxalbania.org\/2020\/#organization"},"potentialAction":[{"@type":"SearchAction","target":{"@type":"EntryPoint","urlTemplate":"https:\/\/orthodoxalbania.org\/2020\/?s={search_term_string}"},"query-input":{"@type":"PropertyValueSpecification","valueRequired":true,"valueName":"search_term_string"}}],"inLanguage":"en-US"},{"@type":"Organization","@id":"https:\/\/orthodoxalbania.org\/2020\/#organization","name":"Kisha Orthodhokse Autoqefale e Shqip\u00ebris\u00eb","url":"https:\/\/orthodoxalbania.org\/2020\/","logo":{"@type":"ImageObject","inLanguage":"en-US","@id":"https:\/\/orthodoxalbania.org\/2020\/#\/schema\/logo\/image\/","url":"https:\/\/orthodoxalbania.org\/2020\/wp-content\/uploads\/2020\/05\/albania.jpeg","contentUrl":"https:\/\/orthodoxalbania.org\/2020\/wp-content\/uploads\/2020\/05\/albania.jpeg","width":540,"height":540,"caption":"Kisha Orthodhokse Autoqefale e Shqip\u00ebris\u00eb"},"image":{"@id":"https:\/\/orthodoxalbania.org\/2020\/#\/schema\/logo\/image\/"},"sameAs":["https:\/\/www.facebook.com\/koash1991"]},{"@type":"Person","@id":"https:\/\/orthodoxalbania.org\/2020\/#\/schema\/person\/dd2bdc135b53c60d45b8bb329565cf6d","name":"neo_admin","image":{"@type":"ImageObject","inLanguage":"en-US","@id":"https:\/\/secure.gravatar.com\/avatar\/53e6cdc30765aade0129f85e5aeb50124b1d3f5bb9a70373be31e4eb328371e0?s=96&d=mm&r=g","url":"https:\/\/secure.gravatar.com\/avatar\/53e6cdc30765aade0129f85e5aeb50124b1d3f5bb9a70373be31e4eb328371e0?s=96&d=mm&r=g","contentUrl":"https:\/\/secure.gravatar.com\/avatar\/53e6cdc30765aade0129f85e5aeb50124b1d3f5bb9a70373be31e4eb328371e0?s=96&d=mm&r=g","caption":"neo_admin"}}]}},"_links":{"self":[{"href":"https:\/\/orthodoxalbania.org\/2020\/wp-json\/wp\/v2\/posts\/69729","targetHints":{"allow":["GET"]}}],"collection":[{"href":"https:\/\/orthodoxalbania.org\/2020\/wp-json\/wp\/v2\/posts"}],"about":[{"href":"https:\/\/orthodoxalbania.org\/2020\/wp-json\/wp\/v2\/types\/post"}],"author":[{"embeddable":true,"href":"https:\/\/orthodoxalbania.org\/2020\/wp-json\/wp\/v2\/users\/14"}],"replies":[{"embeddable":true,"href":"https:\/\/orthodoxalbania.org\/2020\/wp-json\/wp\/v2\/comments?post=69729"}],"version-history":[{"count":3,"href":"https:\/\/orthodoxalbania.org\/2020\/wp-json\/wp\/v2\/posts\/69729\/revisions"}],"predecessor-version":[{"id":69737,"href":"https:\/\/orthodoxalbania.org\/2020\/wp-json\/wp\/v2\/posts\/69729\/revisions\/69737"}],"wp:featuredmedia":[{"embeddable":true,"href":"https:\/\/orthodoxalbania.org\/2020\/wp-json\/wp\/v2\/media\/69733"}],"wp:attachment":[{"href":"https:\/\/orthodoxalbania.org\/2020\/wp-json\/wp\/v2\/media?parent=69729"}],"wp:term":[{"taxonomy":"category","embeddable":true,"href":"https:\/\/orthodoxalbania.org\/2020\/wp-json\/wp\/v2\/categories?post=69729"},{"taxonomy":"post_tag","embeddable":true,"href":"https:\/\/orthodoxalbania.org\/2020\/wp-json\/wp\/v2\/tags?post=69729"}],"curies":[{"name":"wp","href":"https:\/\/api.w.org\/{rel}","templated":true}]}}