{"id":69668,"date":"2026-04-23T14:37:46","date_gmt":"2026-04-23T12:37:46","guid":{"rendered":"https:\/\/orthodoxalbania.org\/2020\/?p=69668"},"modified":"2026-04-28T12:33:29","modified_gmt":"2026-04-28T10:33:29","slug":"predikimi-i-fortlumturise-se-tij-joani-kryepiskop-i-tiranes-durresit-dhe-i-gjithe-shqiperise-kisha-e-shen-gjergjit-durres-23-04-2026-tekst","status":"publish","type":"post","link":"https:\/\/orthodoxalbania.org\/2020\/2026\/04\/23\/predikimi-i-fortlumturise-se-tij-joani-kryepiskop-i-tiranes-durresit-dhe-i-gjithe-shqiperise-kisha-e-shen-gjergjit-durres-23-04-2026-tekst\/","title":{"rendered":"Predikimi i Fortlumturis\u00eb s\u00eb Tij, Joani Kryepiskop i Tiran\u00ebs, Durr\u00ebsit dhe i Gjith\u00eb Shqip\u00ebris\u00eb Kisha e Sh\u00ebn Gjergjit, Durr\u00ebs 23.04.2026 (Tekst)"},"content":{"rendered":"<h4 style=\"text-align: center;\"><strong>Predikimi i Fortlumturis\u00eb s\u00eb Tij, Joani <\/strong><br \/>\n<strong>Kryepiskop i Tiran\u00ebs, Durr\u00ebsit dhe i Gjith\u00eb Shqip\u00ebris\u00eb <\/strong><br \/>\n<strong>Kisha e Sh\u00ebn Gjergjit, Durr\u00ebs<\/strong><br \/>\n<strong>23 prill 2026<\/strong><\/h4>\n<p style=\"text-align: justify;\">\nSot, n\u00eb fest\u00ebn e madhe t\u00eb sh\u00ebn Gjergj Trofeprur\u00ebsit, erdha me g\u00ebzim p\u00ebr t\u00eb meshuar k\u00ebtu pas gati tre dekadash. Shenjtori i madh q\u00eb p\u00ebrkujtojm\u00eb sot ka jet\u00eb dhe d\u00ebshmi t\u00eb jasht\u00ebzakonshme. Ai lindi n\u00eb Kapadoki dhe u rrit n\u00eb m\u00ebnyr\u00eb t\u00eb devotshme nga prind\u00ebr t\u00eb krishter\u00eb. I ati i tij vdiq si martir kur ai ishte shum\u00eb i vog\u00ebl dhe e \u00ebma e tij, q\u00eb ishte nga Palestina, e mori dhe shkuan n\u00eb qytetin e vjet\u00ebr Lidas, Lodi i sot\u00ebm n\u00eb Palestin\u00eb. Ai u rrit me frym\u00ebn e krishter\u00eb dhe ishte f\u00ebmij\u00eb jasht\u00ebzakonisht i zgjuar, i sjellsh\u00ebm dhe i pash\u00ebm. Kur arriti n\u00eb mosh\u00ebn 20 vje\u00e7are, ngaq\u00eb vinte nga familje e d\u00ebgjuar fisnik\u00ebsh, u fut n\u00eb sh\u00ebrbimin ushtarak, dhe dal\u00ebngadal\u00eb filloi t\u00eb merrte gradat m\u00eb t\u00eb larta, aq sa u b\u00eb kont dhe gjeneral i madh i ushtris\u00eb romake t\u00eb asaj kohe. Perandori Dioklician, nj\u00eb tiran i madh, i cili ishte idhujtar dhe filloi persekutim t\u00eb tmerrsh\u00ebm kund\u00ebr t\u00eb krishter\u00ebve, dha urdh\u00ebr q\u00eb n\u00eb t\u00eb gjith\u00eb perandorin\u00eb t\u00eb krishter\u00ebt jo vet\u00ebm t\u00eb d\u00ebnoheshin, ose t\u2019u merrej pasuria, por t\u00eb torturoheshin edhe t\u00eb vriteshin. Gjergji i ri, 20 vje\u00e7ar, i frym\u00ebzuar nga m\u00ebsimet e Zotit dhe nga besimi i madh q\u00eb kishte, mendoi q\u00eb tani kishte ardhur ora q\u00eb ai t\u00eb jepte d\u00ebshmin\u00eb e v\u00ebrtet\u00eb edhe me jet\u00ebn e tij. Kur perandori kishte thirrur t\u00eb gjith\u00eb senatin dhe guvernator\u00ebt e perandoris\u00eb, sh\u00ebn Gjergji u fut n\u00eb sall\u00ebn ku ishte perandori dhe iu drejtua atij, duke i th\u00ebn\u00eb q\u00eb nuk \u00ebsht\u00eb mir\u00eb t\u00eb vras\u00ebsh njer\u00ebz t\u00eb pafajsh\u00ebm, njer\u00ebz q\u00eb nuk kan\u00eb b\u00ebr\u00eb asgj\u00eb, ose njer\u00ebz q\u00eb adhurojn\u00eb Per\u00ebndin\u00eb e tyre t\u00eb v\u00ebrtet\u00eb. Kur d\u00ebgjoi k\u00ebto fjal\u00eb perandori u shtang, sepse nuk e priste q\u00eb nga ky gjeneral, t\u00eb cilin e donte aq shum\u00eb, t\u00eb vinin ato fjal\u00eb. Madje as nuk po e kuptonte pse Gjergji po e kund\u00ebrshtonte at\u00eb.<\/p>\n<p style=\"text-align: justify;\">\nAi e pyeti: \u00c7far\u00eb besimi ke ti?<br \/>\nGjergji iu p\u00ebrgjigj: Un\u00eb besoj Krishtin e Kryq\u00ebzuar dhe t\u00eb Ngjallur.<br \/>\nPerandori u t\u00ebrbua nga zem\u00ebrimi dhe urdh\u00ebroi ushtar\u00ebt e tij q\u00eb ta godisnin.<br \/>\nN\u00eb jet\u00ebn e sh\u00ebn Gjergjit kan\u00eb ndodhur mrekulli t\u00eb jasht\u00ebzakonshme, si d\u00ebshmi e madhe e besimit t\u00eb tij.<br \/>\n\u00c7far\u00eb jan\u00eb jet\u00ebt e shenjtor\u00ebve?<\/p>\n<p style=\"text-align: justify;\">\nJet\u00ebt e shenjtor\u00ebve jan\u00eb vazhdim i Akteve t\u00eb Apostujve. N\u00eb Dhiat\u00ebn e Re kemi Aktet e Apostujve, (Veprat e Apostujve) q\u00eb tregojn\u00eb \u00e7far\u00eb b\u00ebn\u00eb apostujt pas Ngjalljes s\u00eb Krishtit. Jet\u00ebt e shenjtor\u00ebve jan\u00eb vazhdim i veprave t\u00eb apostujve. Ne nuk i lexojm\u00eb jet\u00ebt e tyre thjesht si biografi, por i lexojm\u00eb si ushqim shpirt\u00ebror. Ashtu si ikona, nuk \u00ebsht\u00eb thjesht portret, por \u00ebsht\u00eb dritare p\u00ebr t\u00eb par\u00eb bot\u00ebn e p\u00ebrtejme, \u00ebsht\u00eb lidhje me jet\u00ebn e thell\u00eb shpirt\u00ebrore. Prandaj, k\u00ebto tekste i kemi si ushqim shpirt\u00ebror dhe duhet t\u2019i lexojm\u00eb vazhdimisht, sepse duke i lexuar ato, mund t\u00eb fillojm\u00eb t\u00eb modelohemi sipas tyre. Si\u00e7 na thot\u00eb edhe sh\u00ebn Pavli: &#8220;B\u00ebhuni imituesit e mi, ashtu si\u00e7 un\u00eb jam imituesi i Krishtit&#8221; (1 Kor.11:1). Duke lexuar jet\u00ebt e shenjtor\u00ebve, mund t\u00eb ndizet n\u00eb shpirtin ton\u00eb drita e besimit. N\u00ebse nuk e kemi mendjen te Librat e shenjt\u00eb dhe tek jet\u00ebt e shenjtor\u00ebve, at\u00ebher\u00eb \u00ebsht\u00eb shum\u00eb e v\u00ebshtir\u00eb t\u00eb mbajn\u00eb besimin e v\u00ebrtet\u00eb. Njer\u00ebzit mund t\u00eb ken\u00eb nj\u00eb besim nga jasht\u00eb: vijn\u00eb n\u00eb kish\u00eb p\u00ebr Pashk\u00eb, vijn\u00eb ndonj\u00ebher\u00eb p\u00ebr t\u2019u kunguar, por nuk kan\u00eb jet\u00eb t\u00eb thell\u00eb shpirt\u00ebrore. Leximet na ndihmojn\u00eb.<\/p>\n<p style=\"text-align: justify;\">\nK\u00ebshtu perandori urdh\u00ebroi q\u00eb t\u00eb torturohet Gjergji. Ndoshta e keni d\u00ebgjuar shpeshher\u00eb jet\u00ebn e tij, por disa nga torturat q\u00eb i b\u00ebn\u00eb atij ishin t\u00eb tmerrshme: E lidh\u00ebn n\u00eb pranga, e shtrin\u00eb, i vun\u00eb nj\u00eb gur\u00eb shum\u00eb t\u00eb madh n\u00eb gjoks. \u00c7dokush tjet\u00ebr do t\u00eb kishte vdekur nga k\u00ebto, por ai, duke pasur nj\u00eb fizik t\u00eb fort\u00eb, nuk p\u00ebsoi asgj\u00eb.<\/p>\n<p style=\"text-align: justify;\">\nDit\u00ebn tjet\u00ebr e thirr\u00ebn p\u00ebrs\u00ebri n\u00eb pallatin e perandorit, ku ai filloi t\u2019i fliste p\u00ebrs\u00ebri duke th\u00ebn\u00eb q\u00eb n\u00ebse i b\u00ebn fli per\u00ebndive tona do t\u00eb t\u00eb jap gjith\u00e7ka q\u00eb do t\u00eb d\u00ebshirosh. Ai iu p\u00ebrgjigj p\u00ebrs\u00ebri me guxim, duke i th\u00ebn\u00eb q\u00eb ato besime q\u00eb ju keni jan\u00eb qesharake. Ju nuk mund t\u00eb besoni tek gur\u00ebt, drur\u00ebt, edhe tek njer\u00ebzit q\u00eb nuk kan\u00eb asnj\u00eb lidhje me Per\u00ebndin\u00eb e v\u00ebrtet\u00eb. Pastaj filloi t\u2019i fliste p\u00ebr besimin e tij t\u00eb krishter\u00eb. Perandori urdh\u00ebroi q\u00eb t\u00eb torturohej p\u00ebrs\u00ebri. Pasi e zhvesh\u00ebn e lidh\u00ebn n\u00eb nj\u00eb rrot\u00eb t\u00eb madhe, posht\u00eb s\u00eb cil\u00ebs kishte tehe shpatash, gozhdash dhe e rrotullonin.<\/p>\n<p style=\"text-align: justify;\">\nN\u00eb fillim, ai filloi t\u00eb lutej me z\u00eb shum\u00eb t\u00eb lart\u00eb, pastaj heshti. Perandori mendoi se kishte vdekur dhe shkoi t\u00eb lavd\u00ebronte per\u00ebndit\u00eb pagane n\u00eb tempullin e Apollonit, duke kujtuar q\u00eb e mundi shenjtorin. Por ndodhi nj\u00eb mrekulli tjet\u00ebr. Ai jo vet\u00ebm q\u00eb nuk vdiq, por Per\u00ebndia i sh\u00ebroi atij \u00e7do plag\u00eb. Kur i than\u00eb perandorit q\u00eb Gjergji q\u00eb menduam se vdiq \u00ebsht\u00eb sh\u00ebruar, ai erdhi i zem\u00ebruar, duke menduar q\u00eb ai b\u00ebn magji, prandaj ndodhin k\u00ebto gj\u00ebra. Dhe i tha t\u00eb largohet nga magjit\u00eb dhe do t\u00eb t\u00eb jap gradat m\u00eb t\u00eb m\u00ebdha; madje n\u00ebse i flijon per\u00ebndive pagane, do t\u00eb t\u00eb b\u00ebj t\u00eb dytin n\u00eb perandori, pas meje. Dhe sh\u00ebn Gjergji iu p\u00ebrgjigj p\u00ebrs\u00ebri me guxim dhe me qet\u00ebsi: Gjith\u00e7ka q\u00eb mund t\u00eb m\u00eb jap\u00ebsh ti n\u00eb bot\u00eb, mua nuk m\u00eb duhet. Ajo q\u00eb \u00ebsht\u00eb kryesorja \u00ebsht\u00eb t\u00eb shp\u00ebtohet shpirti i njeriut. Si\u00e7 thot\u00eb Krishti n\u00eb Ungjill q\u00eb \u00e7far\u00eb dobie do t\u00eb ket\u00eb njeriu n\u00eb fitoft\u00eb t\u00eb gjith\u00eb bot\u00ebn, dhe t\u00eb humbas\u00eb shpirtin e tij? (Mt.16:26).<\/p>\n<p style=\"text-align: justify;\">\nSot k\u00ebto fjal\u00eb mund t\u00eb duken t\u00eb habitshme p\u00ebr njer\u00ebzit, sepse jetojm\u00eb n\u00eb nj\u00eb koh\u00eb kur njer\u00ebzit jan\u00eb materialist\u00eb, mendojn\u00eb vet\u00ebm p\u00ebr pasuri, p\u00ebr t\u00eb grumbulluar gj\u00ebra, dhe harrojm\u00eb q\u00eb shum\u00eb shpejt nj\u00eb dit\u00eb do t\u2019i l\u00ebm\u00eb t\u00eb gjitha k\u00ebto. Por \u00e7far\u00eb do t\u00eb japin n\u00eb k\u00ebmbim t\u00eb shpirtit t\u00eb tyre?<\/p>\n<p style=\"text-align: justify;\">\nI suksessh\u00ebm nuk \u00ebsht\u00eb ai njeri q\u00eb b\u00ebhet i pasur, as ai q\u00eb b\u00ebhet i pushtetsh\u00ebm. Le t\u00eb jesh m\u00eb i pasuri i bot\u00ebs, p\u00ebrs\u00ebri nuk je i suksessh\u00ebm. I suksessh\u00ebm je, n\u00ebse do t\u00eb shp\u00ebtosh shpirtin t\u00ebnd.<br \/>\n\u00c7far\u00eb do t\u00eb japim n\u00eb k\u00ebmbim t\u00eb shpirtit kur t\u00eb paraqitemi para Zotit?<br \/>\nSuksesi i bot\u00ebs \u00ebsht\u00eb i p\u00ebrkohsh\u00ebm, suksesi n\u00eb jet\u00ebn shpirt\u00ebrore dhe n\u00eb lidhje me Per\u00ebndin\u00eb \u00ebsht\u00eb i p\u00ebrjetsh\u00ebm. Duke pasur k\u00ebt\u00eb besim t\u00eb madh, ai pati edhe guxim t\u00eb madh.<\/p>\n<p style=\"text-align: justify;\">\nPastaj perandori urdh\u00ebroi ta hidhnin n\u00eb nj\u00eb grop\u00eb me g\u00eblqere t\u00eb pashuar, q\u00eb t\u00eb digjej dhe t\u2019i shkrihej i gjith\u00eb trupi. Sh\u00ebn Gjergji iu lut p\u00ebrs\u00ebri Per\u00ebndis\u00eb me lot dhe shum\u00eb fort. Kur erdh\u00ebn pas tre dit\u00ebsh p\u00ebr t\u00eb marr\u00eb kockat q\u00eb t\u2019ja hidhnin, u habit\u00ebn q\u00eb trupi ishte i plot\u00eb, pa asnj\u00eb lloj d\u00ebmtimi. Duke par\u00eb k\u00ebto mrekulli, shum\u00eb njer\u00ebz besonin dhe b\u00ebheshin t\u00eb krishter\u00eb. Dhe perandori, atyre q\u00eb thoshnin di\u00e7ka p\u00ebr Jisu Krishtin, pa u b\u00ebr\u00eb asnj\u00eb gjyq, ua priste kok\u00ebn, Dhe duke menduar q\u00eb k\u00ebto q\u00eb b\u00ebn Gjergji jan\u00eb magji, thirri Athanasin, nj\u00eb magjistar shum\u00eb i madh i perandoris\u00eb. Ai solli dy l\u00ebngje: nj\u00eb q\u00eb ishte si drog\u00eb e tjetri ishte helm i madh q\u00eb shenjtori t\u00eb vdiste menj\u00ebher\u00eb. Ia dhan\u00eb perandorit dhe i than\u00eb t&#8217;ia jepte shenjtorit dhe e siguruan q\u00eb ai do t\u00eb vdes\u00eb. Perandori ia dha Gjergjit dhe ai e piu me qet\u00ebsi got\u00ebn e par\u00eb, por nuk i ndodhi gj\u00eb. Piu t\u00eb dyt\u00ebn, po p\u00ebrs\u00ebri nuk i ndodhi gj\u00eb. Edhe vet\u00eb magjistari u mahnit nga kjo gj\u00eb, duke menduar q\u00eb si ka mund\u00ebsi q\u00eb ky njeri nuk vdes nga helmi. Zoti n\u00eb Ungjill na e ka th\u00ebn\u00eb q\u00eb n\u00ebse kemi besimin e v\u00ebrtet\u00eb, edhe helm t\u2019ju japin nuk do t\u00eb helmoheni (shih Mt.16:18). Fuqia dhe mrekullia e besimit \u00ebsht\u00eb jasht\u00ebzakonisht e madhe, por duhet t\u00eb kemi parasysh q\u00eb nuk duhet ta tundojm\u00eb Zotin. Ka njer\u00ebz q\u00eb e tundojn\u00eb Zotin, t\u00eb cil\u00ebt mund t\u00eb kthehen sot n\u00eb sht\u00ebpi dhe t\u00eb pin\u00eb helm, duke menduar q\u00eb do t&#8217;i shp\u00ebtoj\u00eb Zoti. N\u00ebse do t\u00eb pini helm, do t\u00eb vdisni!<\/p>\n<p style=\"text-align: justify;\">\nZoti nuk plot\u00ebson teka, Ai plot\u00ebson nevoja. Si\u00e7 e dini, nj\u00eb i ri n\u00eb Rusi shkoi te guva e luan\u00ebve n\u00eb kopshtin zoologjik dhe mendoi t\u00eb futej atje, duke menduar q\u00eb Zoti do ta shp\u00ebtonte. Kur u fut atje, e shqyen luan\u00ebt. Zoti ka shp\u00ebtuar shpeshher\u00eb njer\u00ebz t\u00eb till\u00eb, por jo ata q\u00eb e kan\u00eb tunduar At\u00eb, jo ata q\u00eb kan\u00eb teka. Kur t\u00eb jemi n\u00eb nj\u00eb nevoj\u00eb t\u00eb madhe dhe t\u00eb kemi besim, Zoti do t\u00eb na ndodhet pran\u00eb. Zoti nuk plot\u00ebson teka, se nuk na p\u00ebrk\u00ebdhel, Ai plot\u00ebson nevoja. Po ashtu edhe prind\u00ebrit, nuk duhet t\u00eb plot\u00ebsojn\u00eb tekat e f\u00ebmij\u00ebve, por vet\u00ebm nevojat, vet\u00ebm ato q\u00eb u duhen atyre.<\/p>\n<p style=\"text-align: justify;\">\nPrandaj edhe Per\u00ebndia nuk na i plot\u00ebson d\u00ebshirat e kota, sepse e di q\u00eb nuk jan\u00eb p\u00ebr t\u00eb mir\u00ebn ton\u00eb.<br \/>\nDuke par\u00eb k\u00ebto mrekulli, edhe magjistari u kthye dhe thirri me z\u00eb t\u00eb madh q\u00eb Per\u00ebndia i Gjergjit \u00ebsht\u00eb Per\u00ebndia i v\u00ebrtet\u00eb.<br \/>\nSi magjistarit edhe nj\u00eb t\u00eb vdekuri q\u00eb u ngjall nga fuqia e besimit dhe nga lutja e sh\u00ebn Gjergjit, perandori t\u00eb dyve ua preu kok\u00ebn. Pastaj urdh\u00ebroi q\u00eb edhe Gjergjit t\u2019i pritet koka. N\u00eb 23 prill, kur festojm\u00eb edhe dit\u00ebn e tij, perandori e ekzekutoi at\u00eb. Po ashtu ekzekutoi edhe gruan e tij, sepse edhe ajo u b\u00eb e krishter\u00eb.<\/p>\n<p style=\"text-align: justify;\">\nJeta e sh\u00ebn Gjergjit nuk \u00ebsht\u00eb jet\u00eb e nj\u00eb heroi tragjik. Ai e dinte q\u00eb Zoti e kishte mundur vdekjen. Prandaj, apostujt dhe shenjtor\u00ebt kishin fuqi kaq t\u00eb madhe, sepse e dinin q\u00eb Krishti e kishte mundur vdekjen, armikun e p\u00ebrbashk\u00ebt t\u00eb t\u00eb gjith\u00eb njer\u00ebzve.<\/p>\n<p style=\"text-align: justify;\">\nN\u00eb Ngjalljen e Krishtit duhet t\u00eb g\u00ebzohemi t\u00eb gjith\u00eb. Fitoret e tjera jan\u00eb gjysmake: fiton nj\u00eb parti, hidh\u00ebrohet partia tjet\u00ebr, fiton nj\u00eb skuad\u00ebr, hidh\u00ebrohet skuadra tjet\u00ebr, fiton nj\u00eb komb, hidh\u00ebrohet kombi tjet\u00ebr. Vet\u00ebm me fitoren e Krishtit mbi vdekjen, duhet t\u00eb g\u00ebzohen t\u00eb gjith\u00eb njer\u00ebzit, sepse Zoti mundi armikun e p\u00ebrbashk\u00ebt t\u00eb t\u00eb gjith\u00eb njer\u00ebzve: vdekjen. T\u00eb gjith\u00eb njer\u00ebzit, pa p\u00ebrjashtim, do t\u00eb vdesin. Vdekja \u00ebsht\u00eb armiku i p\u00ebrbashk\u00ebt i t\u00eb gjith\u00eb njer\u00ebzve, dhe festa e Pashk\u00ebs \u00ebsht\u00eb pik\u00ebrisht kjo: Mundja e vdekjes.<\/p>\n<p style=\"text-align: justify;\">\nNgjallja e Krishtit i fuqizoi apostujt dhe t\u00eb gjith\u00eb shenjtor\u00ebt, p\u00ebr t\u00eb p\u00ebrhapur besimin. Shenjtor\u00ebt jan\u00eb martir\u00eb, sepse d\u00ebshmojn\u00eb. Fjala &#8216;martir&#8217; ka t\u00eb b\u00ebj\u00eb me d\u00ebshmuesin. Ky \u00ebsht\u00eb kuptimi i par\u00eb i fjal\u00ebs martir: ai q\u00eb d\u00ebshmonte n\u00eb gjyq. Edhe fjala shqipe &#8216;d\u00ebshmor&#8217; vjen nga ai q\u00eb jep d\u00ebshmi. Martir\u00ebt jan\u00eb njer\u00ebz q\u00eb d\u00ebshmuan, edhe kur jeta e tyre ishte n\u00eb rrezik. Nd\u00ebrsa sot besimi \u00ebsht\u00eb vakur dhe \u00ebsht\u00eb ftohur. Njer\u00ebzit kan\u00eb turp t\u00eb b\u00ebjn\u00eb edhe shenj\u00ebn e kryqit n\u00eb sy t\u00eb njer\u00ebzve t\u00eb tjer\u00eb, sepse nuk e kan\u00eb besimin e fort\u00eb. Askush nuk do t\u00eb d\u00ebnohet se b\u00ebn shenj\u00ebn e kryqit, askush nuk do t\u2019i thot\u00eb gj\u00eb atij. N\u00ebse e kemi besimin t\u00eb fort\u00eb, do ta d\u00ebshmojm\u00eb at\u00eb. Besimi m\u00eb i madh nuk \u00ebsht\u00eb nga jasht\u00eb, se mund ta b\u00ebjm\u00eb edhe shenj\u00ebn e kryqit, por d\u00ebshmia jon\u00eb nuk ka shum\u00eb fuqi. Besimi m\u00eb i madh \u00ebsht\u00eb me veprat tona, me ndryshimin ton\u00eb shpirt\u00ebror. Njeriu nuk ndryshohet nga jasht\u00eb, as se ndryshon xhaket\u00ebn, edhe pse njer\u00ebzit mund t\u00eb b\u00ebjn\u00eb reforma pafund. N\u00eb fakt, asgj\u00eb nuk ndryshohet nga jasht\u00eb.<\/p>\n<p style=\"text-align: justify;\">\nI vetmi ndryshim \u00ebsht\u00eb ndryshimi nga brenda, ku njeriu fillon t\u00eb pastroj\u00eb zemr\u00ebn e tij nga smira, lig\u00ebsia, xhelozia, inatet, m\u00ebria, lakmia. K\u00ebto jan\u00eb ato q\u00eb e shkat\u00ebrrojn\u00eb njeriun. Dhe jo vet\u00ebm at\u00eb, por edhe ata q\u00eb jan\u00eb rrotull tij.<\/p>\n<p style=\"text-align: justify;\">\nPrandaj modeli i shenjtor\u00ebve \u00ebsht\u00eb kaq i r\u00ebnd\u00ebsish\u00ebm p\u00ebr ne, dhe modeli i nj\u00eb shenjtori t\u00eb madh si sh\u00ebn Gjergji, i cili ka b\u00ebr\u00eb mrekulli jo vet\u00ebm kur jetonte, por gjat\u00eb gjith\u00eb shekujve. Prandaj, edhe fama e tij u p\u00ebrhap n\u00eb t\u00eb gjith\u00eb bot\u00ebn. Ai \u00ebsht\u00eb nj\u00eb nga shenjtor\u00ebt m\u00eb popullor. Nuk ka vend ku ai t\u00eb mos nderohet; mij\u00ebra kisha i jan\u00eb kushtuar emrit t\u00eb tij; shum\u00eb kombe e kan\u00eb zgjedhur si shenjtorin mbrojt\u00ebs si Anglia, Gjeorgjia, etj. Edhe n\u00eb vendin ton\u00eb kulti i sh\u00ebn Gjergjit ishte shum\u00eb i p\u00ebrhapur. Prandaj ka mbetur edhe n\u00eb memorje q\u00eb festohet n\u00eb 6 maj me kalendarin e vjet\u00ebr q\u00eb p\u00ebrdorte at\u00ebher\u00eb kisha, sepse kulti i tij ishte shum\u00eb p\u00ebrhapur. Mrekullit\u00eb e tij t\u00eb shumta ndodhnin p\u00ebrher\u00eb, ndaj kemi edhe shum\u00eb kisha q\u00eb i kushtohen atij. \u00c7do dit\u00eb q\u00eb festojm\u00eb k\u00ebt\u00eb shenjtor t\u00eb madh, le t\u00eb kujtojm\u00eb jet\u00ebn e tij dhe d\u00ebshmin\u00eb tij t\u00eb madhe, s\u00eb bashku me t\u00eb gjitha sakrificat q\u00eb ai b\u00ebri p\u00ebr ta p\u00ebrhapur besimin e krishter\u00eb. D\u00ebshmor\u00ebt dhe martir\u00ebt jo vet\u00ebm q\u00eb shp\u00ebtojn\u00eb veten e tyre, por shp\u00ebtojn\u00eb edhe qindra njer\u00ebz rrotull. Sepse kur njer\u00ebzit shohin realisht dik\u00eb q\u00eb d\u00ebshmon p\u00ebr t\u00eb v\u00ebrtet\u00ebn, pa dyshim q\u00eb do t\u00eb tronditen prej saj dhe do t\u00eb kthehen. Dhe kthimi i tyre do t\u00eb thot\u00eb q\u00eb jeta e tyre do t\u00eb ndryshoj\u00eb, do t\u00eb largohen nga e keqja dhe do t\u00eb p\u00ebrqafojn\u00eb t\u00eb mir\u00ebn, paqen dhe qet\u00ebsin\u00eb.<\/p>\n<p style=\"text-align: justify;\">\nG\u00ebzuar dhe p\u00ebr shum\u00eb vjet t\u00eb gjith\u00eb ata q\u00eb festojn\u00eb dit\u00ebn e sotme.<\/p>\n","protected":false},"excerpt":{"rendered":"<p>Predikimi i Fortlumturis\u00eb s\u00eb Tij, Joani Kryepiskop i Tiran\u00ebs, Durr\u00ebsit dhe i Gjith\u00eb Shqip\u00ebris\u00eb Kisha e Sh\u00ebn Gjergjit, Durr\u00ebs 23 prill 2026 Sot, n\u00eb fest\u00ebn e madhe t\u00eb sh\u00ebn Gjergj Trofeprur\u00ebsit, erdha me g\u00ebzim p\u00ebr t\u00eb meshuar k\u00ebtu pas gati tre dekadash. Shenjtori i madh q\u00eb p\u00ebrkujtojm\u00eb sot ka jet\u00eb dhe d\u00ebshmi t\u00eb jasht\u00ebzakonshme. Ai lindi n\u00eb Kapadoki dhe u rrit n\u00eb m\u00ebnyr\u00eb t\u00eb devotshme<\/p>\n","protected":false},"author":7,"featured_media":69669,"comment_status":"closed","ping_status":"closed","sticky":false,"template":"","format":"standard","meta":{"_acf_changed":false,"pagelayer_contact_templates":[],"_pagelayer_content":"","inline_featured_image":false,"fifu_image_url":"","fifu_image_alt":"","footnotes":""},"categories":[5441,2777],"tags":[5445,2779],"class_list":["post-69668","post","type-post","status-publish","format-standard","has-post-thumbnail","hentry","category-predikime-te-kryepiskopit-joan","category-predikimet-e-se-dieles-festive","tag-predikime-te-kryepiskopit-joan","tag-predikimet-e-se-dieles-festive"],"acf":[],"yoast_head":"<!-- This site is optimized with the Yoast SEO plugin v27.2 - https:\/\/yoast.com\/product\/yoast-seo-wordpress\/ -->\n<title>Predikimi i Fortlumturis\u00eb s\u00eb Tij, Joani Kryepiskop i Tiran\u00ebs, Durr\u00ebsit dhe i Gjith\u00eb Shqip\u00ebris\u00eb Kisha e Sh\u00ebn Gjergjit, Durr\u00ebs 23.04.2026 (Tekst) - Kisha Orthodh\u03bfkse Autoqefale e Shqip\u00ebris\u00eb<\/title>\n<meta name=\"robots\" content=\"index, follow, max-snippet:-1, max-image-preview:large, max-video-preview:-1\" \/>\n<link rel=\"canonical\" href=\"https:\/\/orthodoxalbania.org\/2020\/2026\/04\/23\/predikimi-i-fortlumturise-se-tij-joani-kryepiskop-i-tiranes-durresit-dhe-i-gjithe-shqiperise-kisha-e-shen-gjergjit-durres-23-04-2026-tekst\/\" \/>\n<meta property=\"og:locale\" content=\"en_US\" \/>\n<meta property=\"og:type\" content=\"article\" \/>\n<meta property=\"og:title\" content=\"Predikimi i Fortlumturis\u00eb s\u00eb Tij, Joani Kryepiskop i Tiran\u00ebs, Durr\u00ebsit dhe i Gjith\u00eb Shqip\u00ebris\u00eb Kisha e Sh\u00ebn Gjergjit, Durr\u00ebs 23.04.2026 (Tekst) - Kisha Orthodh\u03bfkse Autoqefale e Shqip\u00ebris\u00eb\" \/>\n<meta property=\"og:description\" content=\"Predikimi i Fortlumturis\u00eb s\u00eb Tij, Joani Kryepiskop i Tiran\u00ebs, Durr\u00ebsit dhe i Gjith\u00eb Shqip\u00ebris\u00eb Kisha e Sh\u00ebn Gjergjit, Durr\u00ebs 23 prill 2026 Sot, n\u00eb fest\u00ebn e madhe t\u00eb sh\u00ebn Gjergj Trofeprur\u00ebsit, erdha me g\u00ebzim p\u00ebr t\u00eb meshuar k\u00ebtu pas gati tre dekadash. Shenjtori i madh q\u00eb p\u00ebrkujtojm\u00eb sot ka jet\u00eb dhe d\u00ebshmi t\u00eb jasht\u00ebzakonshme. Ai lindi n\u00eb Kapadoki dhe u rrit n\u00eb m\u00ebnyr\u00eb t\u00eb devotshme\" \/>\n<meta property=\"og:url\" content=\"https:\/\/orthodoxalbania.org\/2020\/2026\/04\/23\/predikimi-i-fortlumturise-se-tij-joani-kryepiskop-i-tiranes-durresit-dhe-i-gjithe-shqiperise-kisha-e-shen-gjergjit-durres-23-04-2026-tekst\/\" \/>\n<meta property=\"og:site_name\" content=\"Kisha Orthodh\u03bfkse Autoqefale e Shqip\u00ebris\u00eb\" \/>\n<meta property=\"article:publisher\" content=\"https:\/\/www.facebook.com\/koash1991\" \/>\n<meta property=\"article:published_time\" content=\"2026-04-23T12:37:46+00:00\" \/>\n<meta property=\"article:modified_time\" content=\"2026-04-28T10:33:29+00:00\" \/>\n<meta property=\"og:image\" content=\"https:\/\/orthodoxalbania.org\/2020\/wp-content\/uploads\/2026\/04\/Shen-Gjergji-Durres-23.04.2026.jpg\" \/>\n\t<meta property=\"og:image:width\" content=\"2048\" \/>\n\t<meta property=\"og:image:height\" content=\"1152\" \/>\n\t<meta property=\"og:image:type\" content=\"image\/jpeg\" \/>\n<meta name=\"author\" content=\"Kisha Orthodhokse\" \/>\n<meta name=\"twitter:card\" content=\"summary_large_image\" \/>\n<meta name=\"twitter:label1\" content=\"Written by\" \/>\n\t<meta name=\"twitter:data1\" content=\"Kisha Orthodhokse\" \/>\n\t<meta name=\"twitter:label2\" content=\"Est. reading time\" \/>\n\t<meta name=\"twitter:data2\" content=\"1 minute\" \/>\n<script type=\"application\/ld+json\" class=\"yoast-schema-graph\">{\"@context\":\"https:\/\/schema.org\",\"@graph\":[{\"@type\":\"Article\",\"@id\":\"https:\/\/orthodoxalbania.org\/2020\/2026\/04\/23\/predikimi-i-fortlumturise-se-tij-joani-kryepiskop-i-tiranes-durresit-dhe-i-gjithe-shqiperise-kisha-e-shen-gjergjit-durres-23-04-2026-tekst\/#article\",\"isPartOf\":{\"@id\":\"https:\/\/orthodoxalbania.org\/2020\/2026\/04\/23\/predikimi-i-fortlumturise-se-tij-joani-kryepiskop-i-tiranes-durresit-dhe-i-gjithe-shqiperise-kisha-e-shen-gjergjit-durres-23-04-2026-tekst\/\"},\"author\":{\"name\":\"Kisha Orthodhokse\",\"@id\":\"https:\/\/orthodoxalbania.org\/2020\/#\/schema\/person\/df745f942b70e045b3dc05a30211f0de\"},\"headline\":\"Predikimi i Fortlumturis\u00eb s\u00eb Tij, Joani Kryepiskop i Tiran\u00ebs, Durr\u00ebsit dhe i Gjith\u00eb Shqip\u00ebris\u00eb Kisha e Sh\u00ebn Gjergjit, Durr\u00ebs 23.04.2026 (Tekst)\",\"datePublished\":\"2026-04-23T12:37:46+00:00\",\"dateModified\":\"2026-04-28T10:33:29+00:00\",\"mainEntityOfPage\":{\"@id\":\"https:\/\/orthodoxalbania.org\/2020\/2026\/04\/23\/predikimi-i-fortlumturise-se-tij-joani-kryepiskop-i-tiranes-durresit-dhe-i-gjithe-shqiperise-kisha-e-shen-gjergjit-durres-23-04-2026-tekst\/\"},\"wordCount\":2505,\"publisher\":{\"@id\":\"https:\/\/orthodoxalbania.org\/2020\/#organization\"},\"image\":{\"@id\":\"https:\/\/orthodoxalbania.org\/2020\/2026\/04\/23\/predikimi-i-fortlumturise-se-tij-joani-kryepiskop-i-tiranes-durresit-dhe-i-gjithe-shqiperise-kisha-e-shen-gjergjit-durres-23-04-2026-tekst\/#primaryimage\"},\"thumbnailUrl\":\"https:\/\/orthodoxalbania.org\/2020\/wp-content\/uploads\/2026\/04\/Shen-Gjergji-Durres-23.04.2026.jpg\",\"keywords\":[\"Predikime t\u00eb Kryepiskopit Joan\",\"Predikimet e se Dieles &amp; Festive\"],\"articleSection\":[\"Predikime t\u00eb Kryepiskopit Joan\",\"Predikimet e se Dieles &amp; Festive\"],\"inLanguage\":\"en-US\"},{\"@type\":\"WebPage\",\"@id\":\"https:\/\/orthodoxalbania.org\/2020\/2026\/04\/23\/predikimi-i-fortlumturise-se-tij-joani-kryepiskop-i-tiranes-durresit-dhe-i-gjithe-shqiperise-kisha-e-shen-gjergjit-durres-23-04-2026-tekst\/\",\"url\":\"https:\/\/orthodoxalbania.org\/2020\/2026\/04\/23\/predikimi-i-fortlumturise-se-tij-joani-kryepiskop-i-tiranes-durresit-dhe-i-gjithe-shqiperise-kisha-e-shen-gjergjit-durres-23-04-2026-tekst\/\",\"name\":\"Predikimi i Fortlumturis\u00eb s\u00eb Tij, Joani Kryepiskop i Tiran\u00ebs, Durr\u00ebsit dhe i Gjith\u00eb Shqip\u00ebris\u00eb Kisha e Sh\u00ebn Gjergjit, Durr\u00ebs 23.04.2026 (Tekst) - Kisha Orthodh\u03bfkse Autoqefale e Shqip\u00ebris\u00eb\",\"isPartOf\":{\"@id\":\"https:\/\/orthodoxalbania.org\/2020\/#website\"},\"primaryImageOfPage\":{\"@id\":\"https:\/\/orthodoxalbania.org\/2020\/2026\/04\/23\/predikimi-i-fortlumturise-se-tij-joani-kryepiskop-i-tiranes-durresit-dhe-i-gjithe-shqiperise-kisha-e-shen-gjergjit-durres-23-04-2026-tekst\/#primaryimage\"},\"image\":{\"@id\":\"https:\/\/orthodoxalbania.org\/2020\/2026\/04\/23\/predikimi-i-fortlumturise-se-tij-joani-kryepiskop-i-tiranes-durresit-dhe-i-gjithe-shqiperise-kisha-e-shen-gjergjit-durres-23-04-2026-tekst\/#primaryimage\"},\"thumbnailUrl\":\"https:\/\/orthodoxalbania.org\/2020\/wp-content\/uploads\/2026\/04\/Shen-Gjergji-Durres-23.04.2026.jpg\",\"datePublished\":\"2026-04-23T12:37:46+00:00\",\"dateModified\":\"2026-04-28T10:33:29+00:00\",\"breadcrumb\":{\"@id\":\"https:\/\/orthodoxalbania.org\/2020\/2026\/04\/23\/predikimi-i-fortlumturise-se-tij-joani-kryepiskop-i-tiranes-durresit-dhe-i-gjithe-shqiperise-kisha-e-shen-gjergjit-durres-23-04-2026-tekst\/#breadcrumb\"},\"inLanguage\":\"en-US\",\"potentialAction\":[{\"@type\":\"ReadAction\",\"target\":[\"https:\/\/orthodoxalbania.org\/2020\/2026\/04\/23\/predikimi-i-fortlumturise-se-tij-joani-kryepiskop-i-tiranes-durresit-dhe-i-gjithe-shqiperise-kisha-e-shen-gjergjit-durres-23-04-2026-tekst\/\"]}]},{\"@type\":\"ImageObject\",\"inLanguage\":\"en-US\",\"@id\":\"https:\/\/orthodoxalbania.org\/2020\/2026\/04\/23\/predikimi-i-fortlumturise-se-tij-joani-kryepiskop-i-tiranes-durresit-dhe-i-gjithe-shqiperise-kisha-e-shen-gjergjit-durres-23-04-2026-tekst\/#primaryimage\",\"url\":\"https:\/\/orthodoxalbania.org\/2020\/wp-content\/uploads\/2026\/04\/Shen-Gjergji-Durres-23.04.2026.jpg\",\"contentUrl\":\"https:\/\/orthodoxalbania.org\/2020\/wp-content\/uploads\/2026\/04\/Shen-Gjergji-Durres-23.04.2026.jpg\",\"width\":2048,\"height\":1152},{\"@type\":\"BreadcrumbList\",\"@id\":\"https:\/\/orthodoxalbania.org\/2020\/2026\/04\/23\/predikimi-i-fortlumturise-se-tij-joani-kryepiskop-i-tiranes-durresit-dhe-i-gjithe-shqiperise-kisha-e-shen-gjergjit-durres-23-04-2026-tekst\/#breadcrumb\",\"itemListElement\":[{\"@type\":\"ListItem\",\"position\":1,\"name\":\"Home\",\"item\":\"https:\/\/orthodoxalbania.org\/2020\/\"},{\"@type\":\"ListItem\",\"position\":2,\"name\":\"Predikimi i Fortlumturis\u00eb s\u00eb Tij, Joani Kryepiskop i Tiran\u00ebs, Durr\u00ebsit dhe i Gjith\u00eb Shqip\u00ebris\u00eb Kisha e Sh\u00ebn Gjergjit, Durr\u00ebs 23.04.2026 (Tekst)\"}]},{\"@type\":\"WebSite\",\"@id\":\"https:\/\/orthodoxalbania.org\/2020\/#website\",\"url\":\"https:\/\/orthodoxalbania.org\/2020\/\",\"name\":\"Kisha Orthodh\u03bfkse Autoqefale e Shqip\u00ebris\u00eb\",\"description\":\"Fqja Zyrtare e Kish\u00ebs Orthodhokse Autoqefale e Shqip\u00ebris\u00eb me lajmet edhe informacionet zyrtare p\u00ebr struktur\u00ebn edhe veprimtarin e saj.\",\"publisher\":{\"@id\":\"https:\/\/orthodoxalbania.org\/2020\/#organization\"},\"potentialAction\":[{\"@type\":\"SearchAction\",\"target\":{\"@type\":\"EntryPoint\",\"urlTemplate\":\"https:\/\/orthodoxalbania.org\/2020\/?s={search_term_string}\"},\"query-input\":{\"@type\":\"PropertyValueSpecification\",\"valueRequired\":true,\"valueName\":\"search_term_string\"}}],\"inLanguage\":\"en-US\"},{\"@type\":\"Organization\",\"@id\":\"https:\/\/orthodoxalbania.org\/2020\/#organization\",\"name\":\"Kisha Orthodhokse Autoqefale e Shqip\u00ebris\u00eb\",\"url\":\"https:\/\/orthodoxalbania.org\/2020\/\",\"logo\":{\"@type\":\"ImageObject\",\"inLanguage\":\"en-US\",\"@id\":\"https:\/\/orthodoxalbania.org\/2020\/#\/schema\/logo\/image\/\",\"url\":\"https:\/\/orthodoxalbania.org\/2020\/wp-content\/uploads\/2020\/05\/albania.jpeg\",\"contentUrl\":\"https:\/\/orthodoxalbania.org\/2020\/wp-content\/uploads\/2020\/05\/albania.jpeg\",\"width\":540,\"height\":540,\"caption\":\"Kisha Orthodhokse Autoqefale e Shqip\u00ebris\u00eb\"},\"image\":{\"@id\":\"https:\/\/orthodoxalbania.org\/2020\/#\/schema\/logo\/image\/\"},\"sameAs\":[\"https:\/\/www.facebook.com\/koash1991\"]},{\"@type\":\"Person\",\"@id\":\"https:\/\/orthodoxalbania.org\/2020\/#\/schema\/person\/df745f942b70e045b3dc05a30211f0de\",\"name\":\"Kisha Orthodhokse\",\"image\":{\"@type\":\"ImageObject\",\"inLanguage\":\"en-US\",\"@id\":\"https:\/\/secure.gravatar.com\/avatar\/2676eb8d97178435c9f691a7871595a1da6c33542dec218bce40885573150e28?s=96&d=mm&r=g\",\"url\":\"https:\/\/secure.gravatar.com\/avatar\/2676eb8d97178435c9f691a7871595a1da6c33542dec218bce40885573150e28?s=96&d=mm&r=g\",\"contentUrl\":\"https:\/\/secure.gravatar.com\/avatar\/2676eb8d97178435c9f691a7871595a1da6c33542dec218bce40885573150e28?s=96&d=mm&r=g\",\"caption\":\"Kisha Orthodhokse\"}}]}<\/script>\n<!-- \/ Yoast SEO plugin. -->","yoast_head_json":{"title":"Predikimi i Fortlumturis\u00eb s\u00eb Tij, Joani Kryepiskop i Tiran\u00ebs, Durr\u00ebsit dhe i Gjith\u00eb Shqip\u00ebris\u00eb Kisha e Sh\u00ebn Gjergjit, Durr\u00ebs 23.04.2026 (Tekst) - Kisha Orthodh\u03bfkse Autoqefale e Shqip\u00ebris\u00eb","robots":{"index":"index","follow":"follow","max-snippet":"max-snippet:-1","max-image-preview":"max-image-preview:large","max-video-preview":"max-video-preview:-1"},"canonical":"https:\/\/orthodoxalbania.org\/2020\/2026\/04\/23\/predikimi-i-fortlumturise-se-tij-joani-kryepiskop-i-tiranes-durresit-dhe-i-gjithe-shqiperise-kisha-e-shen-gjergjit-durres-23-04-2026-tekst\/","og_locale":"en_US","og_type":"article","og_title":"Predikimi i Fortlumturis\u00eb s\u00eb Tij, Joani Kryepiskop i Tiran\u00ebs, Durr\u00ebsit dhe i Gjith\u00eb Shqip\u00ebris\u00eb Kisha e Sh\u00ebn Gjergjit, Durr\u00ebs 23.04.2026 (Tekst) - Kisha Orthodh\u03bfkse Autoqefale e Shqip\u00ebris\u00eb","og_description":"Predikimi i Fortlumturis\u00eb s\u00eb Tij, Joani Kryepiskop i Tiran\u00ebs, Durr\u00ebsit dhe i Gjith\u00eb Shqip\u00ebris\u00eb Kisha e Sh\u00ebn Gjergjit, Durr\u00ebs 23 prill 2026 Sot, n\u00eb fest\u00ebn e madhe t\u00eb sh\u00ebn Gjergj Trofeprur\u00ebsit, erdha me g\u00ebzim p\u00ebr t\u00eb meshuar k\u00ebtu pas gati tre dekadash. Shenjtori i madh q\u00eb p\u00ebrkujtojm\u00eb sot ka jet\u00eb dhe d\u00ebshmi t\u00eb jasht\u00ebzakonshme. Ai lindi n\u00eb Kapadoki dhe u rrit n\u00eb m\u00ebnyr\u00eb t\u00eb devotshme","og_url":"https:\/\/orthodoxalbania.org\/2020\/2026\/04\/23\/predikimi-i-fortlumturise-se-tij-joani-kryepiskop-i-tiranes-durresit-dhe-i-gjithe-shqiperise-kisha-e-shen-gjergjit-durres-23-04-2026-tekst\/","og_site_name":"Kisha Orthodh\u03bfkse Autoqefale e Shqip\u00ebris\u00eb","article_publisher":"https:\/\/www.facebook.com\/koash1991","article_published_time":"2026-04-23T12:37:46+00:00","article_modified_time":"2026-04-28T10:33:29+00:00","og_image":[{"width":2048,"height":1152,"url":"https:\/\/orthodoxalbania.org\/2020\/wp-content\/uploads\/2026\/04\/Shen-Gjergji-Durres-23.04.2026.jpg","type":"image\/jpeg"}],"author":"Kisha Orthodhokse","twitter_card":"summary_large_image","twitter_misc":{"Written by":"Kisha Orthodhokse","Est. reading time":"1 minute"},"schema":{"@context":"https:\/\/schema.org","@graph":[{"@type":"Article","@id":"https:\/\/orthodoxalbania.org\/2020\/2026\/04\/23\/predikimi-i-fortlumturise-se-tij-joani-kryepiskop-i-tiranes-durresit-dhe-i-gjithe-shqiperise-kisha-e-shen-gjergjit-durres-23-04-2026-tekst\/#article","isPartOf":{"@id":"https:\/\/orthodoxalbania.org\/2020\/2026\/04\/23\/predikimi-i-fortlumturise-se-tij-joani-kryepiskop-i-tiranes-durresit-dhe-i-gjithe-shqiperise-kisha-e-shen-gjergjit-durres-23-04-2026-tekst\/"},"author":{"name":"Kisha Orthodhokse","@id":"https:\/\/orthodoxalbania.org\/2020\/#\/schema\/person\/df745f942b70e045b3dc05a30211f0de"},"headline":"Predikimi i Fortlumturis\u00eb s\u00eb Tij, Joani Kryepiskop i Tiran\u00ebs, Durr\u00ebsit dhe i Gjith\u00eb Shqip\u00ebris\u00eb Kisha e Sh\u00ebn Gjergjit, Durr\u00ebs 23.04.2026 (Tekst)","datePublished":"2026-04-23T12:37:46+00:00","dateModified":"2026-04-28T10:33:29+00:00","mainEntityOfPage":{"@id":"https:\/\/orthodoxalbania.org\/2020\/2026\/04\/23\/predikimi-i-fortlumturise-se-tij-joani-kryepiskop-i-tiranes-durresit-dhe-i-gjithe-shqiperise-kisha-e-shen-gjergjit-durres-23-04-2026-tekst\/"},"wordCount":2505,"publisher":{"@id":"https:\/\/orthodoxalbania.org\/2020\/#organization"},"image":{"@id":"https:\/\/orthodoxalbania.org\/2020\/2026\/04\/23\/predikimi-i-fortlumturise-se-tij-joani-kryepiskop-i-tiranes-durresit-dhe-i-gjithe-shqiperise-kisha-e-shen-gjergjit-durres-23-04-2026-tekst\/#primaryimage"},"thumbnailUrl":"https:\/\/orthodoxalbania.org\/2020\/wp-content\/uploads\/2026\/04\/Shen-Gjergji-Durres-23.04.2026.jpg","keywords":["Predikime t\u00eb Kryepiskopit Joan","Predikimet e se Dieles &amp; Festive"],"articleSection":["Predikime t\u00eb Kryepiskopit Joan","Predikimet e se Dieles &amp; Festive"],"inLanguage":"en-US"},{"@type":"WebPage","@id":"https:\/\/orthodoxalbania.org\/2020\/2026\/04\/23\/predikimi-i-fortlumturise-se-tij-joani-kryepiskop-i-tiranes-durresit-dhe-i-gjithe-shqiperise-kisha-e-shen-gjergjit-durres-23-04-2026-tekst\/","url":"https:\/\/orthodoxalbania.org\/2020\/2026\/04\/23\/predikimi-i-fortlumturise-se-tij-joani-kryepiskop-i-tiranes-durresit-dhe-i-gjithe-shqiperise-kisha-e-shen-gjergjit-durres-23-04-2026-tekst\/","name":"Predikimi i Fortlumturis\u00eb s\u00eb Tij, Joani Kryepiskop i Tiran\u00ebs, Durr\u00ebsit dhe i Gjith\u00eb Shqip\u00ebris\u00eb Kisha e Sh\u00ebn Gjergjit, Durr\u00ebs 23.04.2026 (Tekst) - Kisha Orthodh\u03bfkse Autoqefale e Shqip\u00ebris\u00eb","isPartOf":{"@id":"https:\/\/orthodoxalbania.org\/2020\/#website"},"primaryImageOfPage":{"@id":"https:\/\/orthodoxalbania.org\/2020\/2026\/04\/23\/predikimi-i-fortlumturise-se-tij-joani-kryepiskop-i-tiranes-durresit-dhe-i-gjithe-shqiperise-kisha-e-shen-gjergjit-durres-23-04-2026-tekst\/#primaryimage"},"image":{"@id":"https:\/\/orthodoxalbania.org\/2020\/2026\/04\/23\/predikimi-i-fortlumturise-se-tij-joani-kryepiskop-i-tiranes-durresit-dhe-i-gjithe-shqiperise-kisha-e-shen-gjergjit-durres-23-04-2026-tekst\/#primaryimage"},"thumbnailUrl":"https:\/\/orthodoxalbania.org\/2020\/wp-content\/uploads\/2026\/04\/Shen-Gjergji-Durres-23.04.2026.jpg","datePublished":"2026-04-23T12:37:46+00:00","dateModified":"2026-04-28T10:33:29+00:00","breadcrumb":{"@id":"https:\/\/orthodoxalbania.org\/2020\/2026\/04\/23\/predikimi-i-fortlumturise-se-tij-joani-kryepiskop-i-tiranes-durresit-dhe-i-gjithe-shqiperise-kisha-e-shen-gjergjit-durres-23-04-2026-tekst\/#breadcrumb"},"inLanguage":"en-US","potentialAction":[{"@type":"ReadAction","target":["https:\/\/orthodoxalbania.org\/2020\/2026\/04\/23\/predikimi-i-fortlumturise-se-tij-joani-kryepiskop-i-tiranes-durresit-dhe-i-gjithe-shqiperise-kisha-e-shen-gjergjit-durres-23-04-2026-tekst\/"]}]},{"@type":"ImageObject","inLanguage":"en-US","@id":"https:\/\/orthodoxalbania.org\/2020\/2026\/04\/23\/predikimi-i-fortlumturise-se-tij-joani-kryepiskop-i-tiranes-durresit-dhe-i-gjithe-shqiperise-kisha-e-shen-gjergjit-durres-23-04-2026-tekst\/#primaryimage","url":"https:\/\/orthodoxalbania.org\/2020\/wp-content\/uploads\/2026\/04\/Shen-Gjergji-Durres-23.04.2026.jpg","contentUrl":"https:\/\/orthodoxalbania.org\/2020\/wp-content\/uploads\/2026\/04\/Shen-Gjergji-Durres-23.04.2026.jpg","width":2048,"height":1152},{"@type":"BreadcrumbList","@id":"https:\/\/orthodoxalbania.org\/2020\/2026\/04\/23\/predikimi-i-fortlumturise-se-tij-joani-kryepiskop-i-tiranes-durresit-dhe-i-gjithe-shqiperise-kisha-e-shen-gjergjit-durres-23-04-2026-tekst\/#breadcrumb","itemListElement":[{"@type":"ListItem","position":1,"name":"Home","item":"https:\/\/orthodoxalbania.org\/2020\/"},{"@type":"ListItem","position":2,"name":"Predikimi i Fortlumturis\u00eb s\u00eb Tij, Joani Kryepiskop i Tiran\u00ebs, Durr\u00ebsit dhe i Gjith\u00eb Shqip\u00ebris\u00eb Kisha e Sh\u00ebn Gjergjit, Durr\u00ebs 23.04.2026 (Tekst)"}]},{"@type":"WebSite","@id":"https:\/\/orthodoxalbania.org\/2020\/#website","url":"https:\/\/orthodoxalbania.org\/2020\/","name":"Kisha Orthodh\u03bfkse Autoqefale e Shqip\u00ebris\u00eb","description":"Fqja Zyrtare e Kish\u00ebs Orthodhokse Autoqefale e Shqip\u00ebris\u00eb me lajmet edhe informacionet zyrtare p\u00ebr struktur\u00ebn edhe veprimtarin e saj.","publisher":{"@id":"https:\/\/orthodoxalbania.org\/2020\/#organization"},"potentialAction":[{"@type":"SearchAction","target":{"@type":"EntryPoint","urlTemplate":"https:\/\/orthodoxalbania.org\/2020\/?s={search_term_string}"},"query-input":{"@type":"PropertyValueSpecification","valueRequired":true,"valueName":"search_term_string"}}],"inLanguage":"en-US"},{"@type":"Organization","@id":"https:\/\/orthodoxalbania.org\/2020\/#organization","name":"Kisha Orthodhokse Autoqefale e Shqip\u00ebris\u00eb","url":"https:\/\/orthodoxalbania.org\/2020\/","logo":{"@type":"ImageObject","inLanguage":"en-US","@id":"https:\/\/orthodoxalbania.org\/2020\/#\/schema\/logo\/image\/","url":"https:\/\/orthodoxalbania.org\/2020\/wp-content\/uploads\/2020\/05\/albania.jpeg","contentUrl":"https:\/\/orthodoxalbania.org\/2020\/wp-content\/uploads\/2020\/05\/albania.jpeg","width":540,"height":540,"caption":"Kisha Orthodhokse Autoqefale e Shqip\u00ebris\u00eb"},"image":{"@id":"https:\/\/orthodoxalbania.org\/2020\/#\/schema\/logo\/image\/"},"sameAs":["https:\/\/www.facebook.com\/koash1991"]},{"@type":"Person","@id":"https:\/\/orthodoxalbania.org\/2020\/#\/schema\/person\/df745f942b70e045b3dc05a30211f0de","name":"Kisha Orthodhokse","image":{"@type":"ImageObject","inLanguage":"en-US","@id":"https:\/\/secure.gravatar.com\/avatar\/2676eb8d97178435c9f691a7871595a1da6c33542dec218bce40885573150e28?s=96&d=mm&r=g","url":"https:\/\/secure.gravatar.com\/avatar\/2676eb8d97178435c9f691a7871595a1da6c33542dec218bce40885573150e28?s=96&d=mm&r=g","contentUrl":"https:\/\/secure.gravatar.com\/avatar\/2676eb8d97178435c9f691a7871595a1da6c33542dec218bce40885573150e28?s=96&d=mm&r=g","caption":"Kisha Orthodhokse"}}]}},"_links":{"self":[{"href":"https:\/\/orthodoxalbania.org\/2020\/wp-json\/wp\/v2\/posts\/69668","targetHints":{"allow":["GET"]}}],"collection":[{"href":"https:\/\/orthodoxalbania.org\/2020\/wp-json\/wp\/v2\/posts"}],"about":[{"href":"https:\/\/orthodoxalbania.org\/2020\/wp-json\/wp\/v2\/types\/post"}],"author":[{"embeddable":true,"href":"https:\/\/orthodoxalbania.org\/2020\/wp-json\/wp\/v2\/users\/7"}],"replies":[{"embeddable":true,"href":"https:\/\/orthodoxalbania.org\/2020\/wp-json\/wp\/v2\/comments?post=69668"}],"version-history":[{"count":1,"href":"https:\/\/orthodoxalbania.org\/2020\/wp-json\/wp\/v2\/posts\/69668\/revisions"}],"predecessor-version":[{"id":69670,"href":"https:\/\/orthodoxalbania.org\/2020\/wp-json\/wp\/v2\/posts\/69668\/revisions\/69670"}],"wp:featuredmedia":[{"embeddable":true,"href":"https:\/\/orthodoxalbania.org\/2020\/wp-json\/wp\/v2\/media\/69669"}],"wp:attachment":[{"href":"https:\/\/orthodoxalbania.org\/2020\/wp-json\/wp\/v2\/media?parent=69668"}],"wp:term":[{"taxonomy":"category","embeddable":true,"href":"https:\/\/orthodoxalbania.org\/2020\/wp-json\/wp\/v2\/categories?post=69668"},{"taxonomy":"post_tag","embeddable":true,"href":"https:\/\/orthodoxalbania.org\/2020\/wp-json\/wp\/v2\/tags?post=69668"}],"curies":[{"name":"wp","href":"https:\/\/api.w.org\/{rel}","templated":true}]}}